{"id":33799,"date":"2022-01-18T11:35:25","date_gmt":"2022-01-18T14:35:25","guid":{"rendered":"https:\/\/www.cidademarketing.com.br\/marketing\/?p=33799"},"modified":"2022-01-18T11:35:25","modified_gmt":"2022-01-18T14:35:25","slug":"sebrae-apresenta-curta-de-animacao-para-comemorar-os-50-anos-e-homenagear-os-empreendedores-brasileiros","status":"publish","type":"post","link":"https:\/\/www.cidademarketing.com.br\/marketing\/2022\/01\/18\/sebrae-apresenta-curta-de-animacao-para-comemorar-os-50-anos-e-homenagear-os-empreendedores-brasileiros\/","title":{"rendered":"Sebrae apresenta curta de anima\u00e7\u00e3o para comemorar os 50 anos e homenagear os empreendedores brasileiros"},"content":{"rendered":"<p><iframe src=\"https:\/\/open.spotify.com\/embed\/show\/4khMKzP3FgFRWVwb73xicc\" width=\"100%\" height=\"232\" frameborder=\"0\"><\/iframe><br \/>\nO caminho percorrido por quem tem um pequeno neg\u00f3cio \u00e9 desafiador. Obst\u00e1culos, inseguran\u00e7a e indecis\u00f5es s\u00e3o sentimentos presentes nessa jornada. Isso faz com que o empreendedor seja, antes de tudo, uma pessoa que acredita no seu sonho e segue em frente. O Sebrae, h\u00e1 50 anos, exerce o papel de apoiar esse sonho e dar suporte para que ele se mantenha. Para marcar essas cinco d\u00e9cadas de atua\u00e7\u00e3o, a Artplan criou a campanha\u00a0\u201cCoragem\u201d.<\/p>\n<p>Com in\u00edcio em 18 de janeiro, a campanha ter\u00e1 como pe\u00e7a principal um curta de anima\u00e7\u00e3o que retrata, de maneira l\u00fadica, o esp\u00edrito do empreendedor, a batalha di\u00e1ria de quem tem ou pretende ter um neg\u00f3cio. A narrativa do filme \u00e9 personificada na figura de um jovem que, desde crian\u00e7a, inquieta-se pelas idas e vindas de pessoas que tentam atravessar uma ponte \u2013 uma analogia ao processo de empreender \u2013 e decide, mais tarde, percorrer, ele pr\u00f3prio, essa mesma ponte, sentindo na pele os percal\u00e7os do caminho, mas mostrando que \u00e9 poss\u00edvel conquistar o seu t\u00e3o sonhado objetivo. Complementando o filme, ser\u00e1 lan\u00e7ado um livro digital que poder\u00e1 ser baixado por todos e tem como objetivo fazer com que a mensagem chegue tamb\u00e9m \u00e0s novas gera\u00e7\u00f5es.<\/p>\n\r\n                <style type=\"text\/css\">\r\n                    \r\n                    #tdi_1  .td-doubleSlider-2 .td-item1 {\r\n                        background: url(https:\/\/www.cidademarketing.com.br\/marketing\/wp-content\/uploads\/2022\/01\/Campanha-Artplan-Sebrae1-80x60.jpg) 0 0 no-repeat;\r\n                    }\r\n                    #tdi_1  .td-doubleSlider-2 .td-item2 {\r\n                        background: url(https:\/\/www.cidademarketing.com.br\/marketing\/wp-content\/uploads\/2022\/01\/Campanha-Artplan-Sebrae2-80x60.jpg) 0 0 no-repeat;\r\n                    }\r\n                    #tdi_1  .td-doubleSlider-2 .td-item3 {\r\n                        background: url(https:\/\/www.cidademarketing.com.br\/marketing\/wp-content\/uploads\/2022\/01\/Campanha-Artplan-Sebrae3-80x60.jpg) 0 0 no-repeat;\r\n                    }\r\n                    #tdi_1  .td-doubleSlider-2 .td-item4 {\r\n                        background: url(https:\/\/www.cidademarketing.com.br\/marketing\/wp-content\/uploads\/2022\/01\/Campanha-Artplan-Sebrae4-80x60.jpg) 0 0 no-repeat;\r\n                    }\r\n                    #tdi_1  .td-doubleSlider-2 .td-item5 {\r\n                        background: url(https:\/\/www.cidademarketing.com.br\/marketing\/wp-content\/uploads\/2022\/01\/Campanha-Artplan-Sebrae5-80x60.jpg) 0 0 no-repeat;\r\n                    }\r\n                    #tdi_1  .td-doubleSlider-2 .td-item6 {\r\n                        background: url(https:\/\/www.cidademarketing.com.br\/marketing\/wp-content\/uploads\/2022\/01\/Campanha-Artplan-Sebrae6-80x60.jpg) 0 0 no-repeat;\r\n                    }\r\n                    #tdi_1  .td-doubleSlider-2 .td-item7 {\r\n                        background: url(https:\/\/www.cidademarketing.com.br\/marketing\/wp-content\/uploads\/2022\/01\/Campanha-Artplan-Sebrae7-80x60.jpg) 0 0 no-repeat;\r\n                    }\r\n                    #tdi_1  .td-doubleSlider-2 .td-item8 {\r\n                        background: url(https:\/\/www.cidademarketing.com.br\/marketing\/wp-content\/uploads\/2022\/01\/Campanha-Artplan-Sebrae8-80x60.jpg) 0 0 no-repeat;\r\n                    }\r\n                    #tdi_1  .td-doubleSlider-2 .td-item9 {\r\n                        background: url(https:\/\/www.cidademarketing.com.br\/marketing\/wp-content\/uploads\/2022\/01\/Campanha-Artplan-Sebrae9-80x60.jpg) 0 0 no-repeat;\r\n                    }\r\n                    #tdi_1  .td-doubleSlider-2 .td-item10 {\r\n                        background: url(https:\/\/www.cidademarketing.com.br\/marketing\/wp-content\/uploads\/2022\/01\/Campanha-Artplan-Sebrae10-80x60.jpg) 0 0 no-repeat;\r\n                    }\r\n                <\/style>\r\n\r\n                <div id=\"tdi_1\" class=\"td-gallery td-slide-on-2-columns\">\r\n                    <div class=\"post_td_gallery\">\r\n                        <div class=\"td-gallery-slide-top\">\r\n                           <div class=\"td-gallery-title\"><\/div>\r\n\r\n                            <div class=\"td-gallery-controls-wrapper\">\r\n                                <div class=\"td-gallery-slide-count\"><span class=\"td-gallery-slide-item-focus\">1<\/span> de 10<\/div>\r\n                                <div class=\"td-gallery-slide-prev-next-but\">\r\n                                    <i class = \"td-icon-left doubleSliderPrevButton\"><\/i>\r\n                                    <i class = \"td-icon-right doubleSliderNextButton\"><\/i>\r\n                                <\/div>\r\n                            <\/div>\r\n                        <\/div>\r\n\r\n                        <div class = \"td-doubleSlider-1 \">\r\n                            <div class = \"td-slider\">\r\n                                \r\n                    <div class = \"td-slide-item td-item1\">\r\n                        <figure class=\"td-slide-galery-figure td-slide-popup-gallery\">\r\n                            <a class=\"slide-gallery-image-link\" href=\"https:\/\/www.cidademarketing.com.br\/marketing\/wp-content\/uploads\/2022\/01\/Campanha-Artplan-Sebrae1-scaled.jpg\" title=\"Campanha Artplan Sebrae1\"  data-caption=\"\"  data-description=\"\">\r\n                                <img decoding=\"async\" src=\"https:\/\/www.cidademarketing.com.br\/marketing\/wp-content\/uploads\/2022\/01\/Campanha-Artplan-Sebrae1-783x420.jpg\" srcset=\"https:\/\/www.cidademarketing.com.br\/marketing\/wp-content\/uploads\/2022\/01\/Campanha-Artplan-Sebrae1-783x420.jpg 783w, https:\/\/www.cidademarketing.com.br\/marketing\/wp-content\/uploads\/2022\/01\/Campanha-Artplan-Sebrae1-300x160.jpg 300w, https:\/\/www.cidademarketing.com.br\/marketing\/wp-content\/uploads\/2022\/01\/Campanha-Artplan-Sebrae1-1024x550.jpg 1024w, https:\/\/www.cidademarketing.com.br\/marketing\/wp-content\/uploads\/2022\/01\/Campanha-Artplan-Sebrae1-768x412.jpg 768w, https:\/\/www.cidademarketing.com.br\/marketing\/wp-content\/uploads\/2022\/01\/Campanha-Artplan-Sebrae1-1536x824.jpg 1536w, https:\/\/www.cidademarketing.com.br\/marketing\/wp-content\/uploads\/2022\/01\/Campanha-Artplan-Sebrae1-2048x1099.jpg 2048w, https:\/\/www.cidademarketing.com.br\/marketing\/wp-content\/uploads\/2022\/01\/Campanha-Artplan-Sebrae1-640x344.jpg 640w, https:\/\/www.cidademarketing.com.br\/marketing\/wp-content\/uploads\/2022\/01\/Campanha-Artplan-Sebrae1-681x366.jpg 681w\" sizes=\"(max-width: 783px) 100vw, 783px\" alt=\"\">\r\n                            <\/a>\r\n                            \r\n                        <\/figure>\r\n                    <\/div>\r\n                    <div class = \"td-slide-item td-item2\">\r\n                        <figure class=\"td-slide-galery-figure td-slide-popup-gallery\">\r\n                            <a class=\"slide-gallery-image-link\" href=\"https:\/\/www.cidademarketing.com.br\/marketing\/wp-content\/uploads\/2022\/01\/Campanha-Artplan-Sebrae2-scaled.jpg\" title=\"Campanha Artplan Sebrae2\"  data-caption=\"\"  data-description=\"\">\r\n                                <img decoding=\"async\" src=\"https:\/\/www.cidademarketing.com.br\/marketing\/wp-content\/uploads\/2022\/01\/Campanha-Artplan-Sebrae2-776x420.jpg\" srcset=\"https:\/\/www.cidademarketing.com.br\/marketing\/wp-content\/uploads\/2022\/01\/Campanha-Artplan-Sebrae2-776x420.jpg 776w, https:\/\/www.cidademarketing.com.br\/marketing\/wp-content\/uploads\/2022\/01\/Campanha-Artplan-Sebrae2-300x162.jpg 300w, https:\/\/www.cidademarketing.com.br\/marketing\/wp-content\/uploads\/2022\/01\/Campanha-Artplan-Sebrae2-1024x554.jpg 1024w, https:\/\/www.cidademarketing.com.br\/marketing\/wp-content\/uploads\/2022\/01\/Campanha-Artplan-Sebrae2-768x416.jpg 768w, https:\/\/www.cidademarketing.com.br\/marketing\/wp-content\/uploads\/2022\/01\/Campanha-Artplan-Sebrae2-1536x832.jpg 1536w, https:\/\/www.cidademarketing.com.br\/marketing\/wp-content\/uploads\/2022\/01\/Campanha-Artplan-Sebrae2-2048x1109.jpg 2048w, https:\/\/www.cidademarketing.com.br\/marketing\/wp-content\/uploads\/2022\/01\/Campanha-Artplan-Sebrae2-640x347.jpg 640w, https:\/\/www.cidademarketing.com.br\/marketing\/wp-content\/uploads\/2022\/01\/Campanha-Artplan-Sebrae2-681x369.jpg 681w\" sizes=\"(max-width: 776px) 100vw, 776px\" alt=\"\">\r\n                            <\/a>\r\n                            \r\n                        <\/figure>\r\n                    <\/div>\r\n                    <div class = \"td-slide-item td-item3\">\r\n                        <figure class=\"td-slide-galery-figure td-slide-popup-gallery\">\r\n                            <a class=\"slide-gallery-image-link\" href=\"https:\/\/www.cidademarketing.com.br\/marketing\/wp-content\/uploads\/2022\/01\/Campanha-Artplan-Sebrae3-scaled.jpg\" title=\"Campanha Artplan Sebrae3\"  data-caption=\"\"  data-description=\"\">\r\n                                <img decoding=\"async\" src=\"https:\/\/www.cidademarketing.com.br\/marketing\/wp-content\/uploads\/2022\/01\/Campanha-Artplan-Sebrae3-772x420.jpg\" srcset=\"https:\/\/www.cidademarketing.com.br\/marketing\/wp-content\/uploads\/2022\/01\/Campanha-Artplan-Sebrae3-772x420.jpg 772w, https:\/\/www.cidademarketing.com.br\/marketing\/wp-content\/uploads\/2022\/01\/Campanha-Artplan-Sebrae3-300x163.jpg 300w, https:\/\/www.cidademarketing.com.br\/marketing\/wp-content\/uploads\/2022\/01\/Campanha-Artplan-Sebrae3-1024x557.jpg 1024w, https:\/\/www.cidademarketing.com.br\/marketing\/wp-content\/uploads\/2022\/01\/Campanha-Artplan-Sebrae3-768x418.jpg 768w, https:\/\/www.cidademarketing.com.br\/marketing\/wp-content\/uploads\/2022\/01\/Campanha-Artplan-Sebrae3-1536x835.jpg 1536w, https:\/\/www.cidademarketing.com.br\/marketing\/wp-content\/uploads\/2022\/01\/Campanha-Artplan-Sebrae3-2048x1114.jpg 2048w, https:\/\/www.cidademarketing.com.br\/marketing\/wp-content\/uploads\/2022\/01\/Campanha-Artplan-Sebrae3-640x348.jpg 640w, https:\/\/www.cidademarketing.com.br\/marketing\/wp-content\/uploads\/2022\/01\/Campanha-Artplan-Sebrae3-681x370.jpg 681w\" sizes=\"(max-width: 772px) 100vw, 772px\" alt=\"\">\r\n                            <\/a>\r\n                            \r\n                        <\/figure>\r\n                    <\/div>\r\n                    <div class = \"td-slide-item td-item4\">\r\n                        <figure class=\"td-slide-galery-figure td-slide-popup-gallery\">\r\n                            <a class=\"slide-gallery-image-link\" href=\"https:\/\/www.cidademarketing.com.br\/marketing\/wp-content\/uploads\/2022\/01\/Campanha-Artplan-Sebrae4-scaled.jpg\" title=\"Campanha Artplan Sebrae4\"  data-caption=\"\"  data-description=\"\">\r\n                                <img decoding=\"async\" src=\"https:\/\/www.cidademarketing.com.br\/marketing\/wp-content\/uploads\/2022\/01\/Campanha-Artplan-Sebrae4-774x420.jpg\" srcset=\"https:\/\/www.cidademarketing.com.br\/marketing\/wp-content\/uploads\/2022\/01\/Campanha-Artplan-Sebrae4-774x420.jpg 774w, https:\/\/www.cidademarketing.com.br\/marketing\/wp-content\/uploads\/2022\/01\/Campanha-Artplan-Sebrae4-300x163.jpg 300w, https:\/\/www.cidademarketing.com.br\/marketing\/wp-content\/uploads\/2022\/01\/Campanha-Artplan-Sebrae4-1024x556.jpg 1024w, https:\/\/www.cidademarketing.com.br\/marketing\/wp-content\/uploads\/2022\/01\/Campanha-Artplan-Sebrae4-768x417.jpg 768w, https:\/\/www.cidademarketing.com.br\/marketing\/wp-content\/uploads\/2022\/01\/Campanha-Artplan-Sebrae4-1536x833.jpg 1536w, https:\/\/www.cidademarketing.com.br\/marketing\/wp-content\/uploads\/2022\/01\/Campanha-Artplan-Sebrae4-2048x1111.jpg 2048w, https:\/\/www.cidademarketing.com.br\/marketing\/wp-content\/uploads\/2022\/01\/Campanha-Artplan-Sebrae4-640x347.jpg 640w, https:\/\/www.cidademarketing.com.br\/marketing\/wp-content\/uploads\/2022\/01\/Campanha-Artplan-Sebrae4-681x369.jpg 681w\" sizes=\"(max-width: 774px) 100vw, 774px\" alt=\"\">\r\n                            <\/a>\r\n                            \r\n                        <\/figure>\r\n                    <\/div>\r\n                    <div class = \"td-slide-item td-item5\">\r\n                        <figure class=\"td-slide-galery-figure td-slide-popup-gallery\">\r\n                            <a class=\"slide-gallery-image-link\" href=\"https:\/\/www.cidademarketing.com.br\/marketing\/wp-content\/uploads\/2022\/01\/Campanha-Artplan-Sebrae5-scaled.jpg\" title=\"Campanha Artplan Sebrae5\"  data-caption=\"\"  data-description=\"\">\r\n                                <img decoding=\"async\" src=\"https:\/\/www.cidademarketing.com.br\/marketing\/wp-content\/uploads\/2022\/01\/Campanha-Artplan-Sebrae5-772x420.jpg\" srcset=\"https:\/\/www.cidademarketing.com.br\/marketing\/wp-content\/uploads\/2022\/01\/Campanha-Artplan-Sebrae5-772x420.jpg 772w, https:\/\/www.cidademarketing.com.br\/marketing\/wp-content\/uploads\/2022\/01\/Campanha-Artplan-Sebrae5-300x163.jpg 300w, https:\/\/www.cidademarketing.com.br\/marketing\/wp-content\/uploads\/2022\/01\/Campanha-Artplan-Sebrae5-1024x557.jpg 1024w, https:\/\/www.cidademarketing.com.br\/marketing\/wp-content\/uploads\/2022\/01\/Campanha-Artplan-Sebrae5-768x418.jpg 768w, https:\/\/www.cidademarketing.com.br\/marketing\/wp-content\/uploads\/2022\/01\/Campanha-Artplan-Sebrae5-1536x835.jpg 1536w, https:\/\/www.cidademarketing.com.br\/marketing\/wp-content\/uploads\/2022\/01\/Campanha-Artplan-Sebrae5-2048x1114.jpg 2048w, https:\/\/www.cidademarketing.com.br\/marketing\/wp-content\/uploads\/2022\/01\/Campanha-Artplan-Sebrae5-640x348.jpg 640w, https:\/\/www.cidademarketing.com.br\/marketing\/wp-content\/uploads\/2022\/01\/Campanha-Artplan-Sebrae5-681x370.jpg 681w\" sizes=\"(max-width: 772px) 100vw, 772px\" alt=\"\">\r\n                            <\/a>\r\n                            \r\n                        <\/figure>\r\n                    <\/div>\r\n                    <div class = \"td-slide-item td-item6\">\r\n                        <figure class=\"td-slide-galery-figure td-slide-popup-gallery\">\r\n                            <a class=\"slide-gallery-image-link\" href=\"https:\/\/www.cidademarketing.com.br\/marketing\/wp-content\/uploads\/2022\/01\/Campanha-Artplan-Sebrae6-scaled.jpg\" title=\"Campanha Artplan Sebrae6\"  data-caption=\"\"  data-description=\"\">\r\n                                <img decoding=\"async\" src=\"https:\/\/www.cidademarketing.com.br\/marketing\/wp-content\/uploads\/2022\/01\/Campanha-Artplan-Sebrae6-772x420.jpg\" srcset=\"https:\/\/www.cidademarketing.com.br\/marketing\/wp-content\/uploads\/2022\/01\/Campanha-Artplan-Sebrae6-772x420.jpg 772w, https:\/\/www.cidademarketing.com.br\/marketing\/wp-content\/uploads\/2022\/01\/Campanha-Artplan-Sebrae6-300x163.jpg 300w, https:\/\/www.cidademarketing.com.br\/marketing\/wp-content\/uploads\/2022\/01\/Campanha-Artplan-Sebrae6-1024x557.jpg 1024w, https:\/\/www.cidademarketing.com.br\/marketing\/wp-content\/uploads\/2022\/01\/Campanha-Artplan-Sebrae6-768x418.jpg 768w, https:\/\/www.cidademarketing.com.br\/marketing\/wp-content\/uploads\/2022\/01\/Campanha-Artplan-Sebrae6-1536x835.jpg 1536w, https:\/\/www.cidademarketing.com.br\/marketing\/wp-content\/uploads\/2022\/01\/Campanha-Artplan-Sebrae6-2048x1114.jpg 2048w, https:\/\/www.cidademarketing.com.br\/marketing\/wp-content\/uploads\/2022\/01\/Campanha-Artplan-Sebrae6-640x348.jpg 640w, https:\/\/www.cidademarketing.com.br\/marketing\/wp-content\/uploads\/2022\/01\/Campanha-Artplan-Sebrae6-681x370.jpg 681w\" sizes=\"(max-width: 772px) 100vw, 772px\" alt=\"\">\r\n                            <\/a>\r\n                            \r\n                        <\/figure>\r\n                    <\/div>\r\n                    <div class = \"td-slide-item td-item7\">\r\n                        <figure class=\"td-slide-galery-figure td-slide-popup-gallery\">\r\n                            <a class=\"slide-gallery-image-link\" href=\"https:\/\/www.cidademarketing.com.br\/marketing\/wp-content\/uploads\/2022\/01\/Campanha-Artplan-Sebrae7-scaled.jpg\" title=\"Campanha Artplan Sebrae7\"  data-caption=\"\"  data-description=\"\">\r\n                                <img decoding=\"async\" src=\"https:\/\/www.cidademarketing.com.br\/marketing\/wp-content\/uploads\/2022\/01\/Campanha-Artplan-Sebrae7-774x420.jpg\" srcset=\"https:\/\/www.cidademarketing.com.br\/marketing\/wp-content\/uploads\/2022\/01\/Campanha-Artplan-Sebrae7-774x420.jpg 774w, https:\/\/www.cidademarketing.com.br\/marketing\/wp-content\/uploads\/2022\/01\/Campanha-Artplan-Sebrae7-300x163.jpg 300w, https:\/\/www.cidademarketing.com.br\/marketing\/wp-content\/uploads\/2022\/01\/Campanha-Artplan-Sebrae7-1024x556.jpg 1024w, https:\/\/www.cidademarketing.com.br\/marketing\/wp-content\/uploads\/2022\/01\/Campanha-Artplan-Sebrae7-768x417.jpg 768w, https:\/\/www.cidademarketing.com.br\/marketing\/wp-content\/uploads\/2022\/01\/Campanha-Artplan-Sebrae7-1536x833.jpg 1536w, https:\/\/www.cidademarketing.com.br\/marketing\/wp-content\/uploads\/2022\/01\/Campanha-Artplan-Sebrae7-2048x1111.jpg 2048w, https:\/\/www.cidademarketing.com.br\/marketing\/wp-content\/uploads\/2022\/01\/Campanha-Artplan-Sebrae7-640x347.jpg 640w, https:\/\/www.cidademarketing.com.br\/marketing\/wp-content\/uploads\/2022\/01\/Campanha-Artplan-Sebrae7-681x369.jpg 681w\" sizes=\"(max-width: 774px) 100vw, 774px\" alt=\"\">\r\n                            <\/a>\r\n                            \r\n                        <\/figure>\r\n                    <\/div>\r\n                    <div class = \"td-slide-item td-item8\">\r\n                        <figure class=\"td-slide-galery-figure td-slide-popup-gallery\">\r\n                            <a class=\"slide-gallery-image-link\" href=\"https:\/\/www.cidademarketing.com.br\/marketing\/wp-content\/uploads\/2022\/01\/Campanha-Artplan-Sebrae8-scaled.jpg\" title=\"Campanha Artplan Sebrae8\"  data-caption=\"\"  data-description=\"\">\r\n                                <img decoding=\"async\" src=\"https:\/\/www.cidademarketing.com.br\/marketing\/wp-content\/uploads\/2022\/01\/Campanha-Artplan-Sebrae8-774x420.jpg\" srcset=\"https:\/\/www.cidademarketing.com.br\/marketing\/wp-content\/uploads\/2022\/01\/Campanha-Artplan-Sebrae8-774x420.jpg 774w, https:\/\/www.cidademarketing.com.br\/marketing\/wp-content\/uploads\/2022\/01\/Campanha-Artplan-Sebrae8-300x163.jpg 300w, https:\/\/www.cidademarketing.com.br\/marketing\/wp-content\/uploads\/2022\/01\/Campanha-Artplan-Sebrae8-1024x556.jpg 1024w, https:\/\/www.cidademarketing.com.br\/marketing\/wp-content\/uploads\/2022\/01\/Campanha-Artplan-Sebrae8-768x417.jpg 768w, https:\/\/www.cidademarketing.com.br\/marketing\/wp-content\/uploads\/2022\/01\/Campanha-Artplan-Sebrae8-1536x833.jpg 1536w, https:\/\/www.cidademarketing.com.br\/marketing\/wp-content\/uploads\/2022\/01\/Campanha-Artplan-Sebrae8-2048x1111.jpg 2048w, https:\/\/www.cidademarketing.com.br\/marketing\/wp-content\/uploads\/2022\/01\/Campanha-Artplan-Sebrae8-640x347.jpg 640w, https:\/\/www.cidademarketing.com.br\/marketing\/wp-content\/uploads\/2022\/01\/Campanha-Artplan-Sebrae8-681x369.jpg 681w\" sizes=\"(max-width: 774px) 100vw, 774px\" alt=\"\">\r\n                            <\/a>\r\n                            \r\n                        <\/figure>\r\n                    <\/div>\r\n                    <div class = \"td-slide-item td-item9\">\r\n                        <figure class=\"td-slide-galery-figure td-slide-popup-gallery\">\r\n                            <a class=\"slide-gallery-image-link\" href=\"https:\/\/www.cidademarketing.com.br\/marketing\/wp-content\/uploads\/2022\/01\/Campanha-Artplan-Sebrae9-scaled.jpg\" title=\"Campanha Artplan Sebrae9\"  data-caption=\"\"  data-description=\"\">\r\n                                <img decoding=\"async\" src=\"https:\/\/www.cidademarketing.com.br\/marketing\/wp-content\/uploads\/2022\/01\/Campanha-Artplan-Sebrae9-771x420.jpg\" srcset=\"https:\/\/www.cidademarketing.com.br\/marketing\/wp-content\/uploads\/2022\/01\/Campanha-Artplan-Sebrae9-771x420.jpg 771w, https:\/\/www.cidademarketing.com.br\/marketing\/wp-content\/uploads\/2022\/01\/Campanha-Artplan-Sebrae9-300x163.jpg 300w, https:\/\/www.cidademarketing.com.br\/marketing\/wp-content\/uploads\/2022\/01\/Campanha-Artplan-Sebrae9-1024x558.jpg 1024w, https:\/\/www.cidademarketing.com.br\/marketing\/wp-content\/uploads\/2022\/01\/Campanha-Artplan-Sebrae9-768x419.jpg 768w, https:\/\/www.cidademarketing.com.br\/marketing\/wp-content\/uploads\/2022\/01\/Campanha-Artplan-Sebrae9-1536x837.jpg 1536w, https:\/\/www.cidademarketing.com.br\/marketing\/wp-content\/uploads\/2022\/01\/Campanha-Artplan-Sebrae9-2048x1116.jpg 2048w, https:\/\/www.cidademarketing.com.br\/marketing\/wp-content\/uploads\/2022\/01\/Campanha-Artplan-Sebrae9-640x350.jpg 640w, https:\/\/www.cidademarketing.com.br\/marketing\/wp-content\/uploads\/2022\/01\/Campanha-Artplan-Sebrae9-681x371.jpg 681w\" sizes=\"(max-width: 771px) 100vw, 771px\" alt=\"\">\r\n                            <\/a>\r\n                            \r\n                        <\/figure>\r\n                    <\/div>\r\n                    <div class = \"td-slide-item td-item10\">\r\n                        <figure class=\"td-slide-galery-figure td-slide-popup-gallery\">\r\n                            <a class=\"slide-gallery-image-link\" href=\"https:\/\/www.cidademarketing.com.br\/marketing\/wp-content\/uploads\/2022\/01\/Campanha-Artplan-Sebrae10-scaled.jpg\" title=\"Campanha Artplan Sebrae10\"  data-caption=\"\"  data-description=\"\">\r\n                                <img decoding=\"async\" src=\"https:\/\/www.cidademarketing.com.br\/marketing\/wp-content\/uploads\/2022\/01\/Campanha-Artplan-Sebrae10-774x420.jpg\" srcset=\"https:\/\/www.cidademarketing.com.br\/marketing\/wp-content\/uploads\/2022\/01\/Campanha-Artplan-Sebrae10-774x420.jpg 774w, https:\/\/www.cidademarketing.com.br\/marketing\/wp-content\/uploads\/2022\/01\/Campanha-Artplan-Sebrae10-300x163.jpg 300w, https:\/\/www.cidademarketing.com.br\/marketing\/wp-content\/uploads\/2022\/01\/Campanha-Artplan-Sebrae10-1024x556.jpg 1024w, https:\/\/www.cidademarketing.com.br\/marketing\/wp-content\/uploads\/2022\/01\/Campanha-Artplan-Sebrae10-768x417.jpg 768w, https:\/\/www.cidademarketing.com.br\/marketing\/wp-content\/uploads\/2022\/01\/Campanha-Artplan-Sebrae10-1536x833.jpg 1536w, https:\/\/www.cidademarketing.com.br\/marketing\/wp-content\/uploads\/2022\/01\/Campanha-Artplan-Sebrae10-2048x1111.jpg 2048w, https:\/\/www.cidademarketing.com.br\/marketing\/wp-content\/uploads\/2022\/01\/Campanha-Artplan-Sebrae10-640x347.jpg 640w, https:\/\/www.cidademarketing.com.br\/marketing\/wp-content\/uploads\/2022\/01\/Campanha-Artplan-Sebrae10-681x369.jpg 681w\" sizes=\"(max-width: 774px) 100vw, 774px\" alt=\"\">\r\n                            <\/a>\r\n                            \r\n                        <\/figure>\r\n                    <\/div>\r\n                            <\/div>\r\n                        <\/div>\r\n\r\n                        <div class = \"td-doubleSlider-2\">\r\n                            <div class = \"td-slider\">\r\n                                \r\n                    <div class = \"td-button td-item1\">\r\n                        <div class = \"td-border\"><\/div>\r\n                    <\/div>\r\n                    <div class = \"td-button td-item2\">\r\n                        <div class = \"td-border\"><\/div>\r\n                    <\/div>\r\n                    <div class = \"td-button td-item3\">\r\n                        <div class = \"td-border\"><\/div>\r\n                    <\/div>\r\n                    <div class = \"td-button td-item4\">\r\n                        <div class = \"td-border\"><\/div>\r\n                    <\/div>\r\n                    <div class = \"td-button td-item5\">\r\n                        <div class = \"td-border\"><\/div>\r\n                    <\/div>\r\n                    <div class = \"td-button td-item6\">\r\n                        <div class = \"td-border\"><\/div>\r\n                    <\/div>\r\n                    <div class = \"td-button td-item7\">\r\n                        <div class = \"td-border\"><\/div>\r\n                    <\/div>\r\n                    <div class = \"td-button td-item8\">\r\n                        <div class = \"td-border\"><\/div>\r\n                    <\/div>\r\n                    <div class = \"td-button td-item9\">\r\n                        <div class = \"td-border\"><\/div>\r\n                    <\/div>\r\n                    <div class = \"td-button td-item10\">\r\n                        <div class = \"td-border\"><\/div>\r\n                    <\/div>\r\n                            <\/div>\r\n                        <\/div>\r\n\r\n                    <\/div>\r\n\r\n                <\/div>\r\n                \n<p>&nbsp;<\/p>\n<p>A ideia abre espa\u00e7o para as pr\u00f3ximas a\u00e7\u00f5es comemorativas do Sebrae e tem o objetivo de reconhecer os esfor\u00e7os dos empreendedores brasileiros e evidenciar o compromisso da entidade na promo\u00e7\u00e3o da competitividade e no desenvolvimento sustent\u00e1vel de micro e pequenas empresas.<\/p>\n<p>\u201cNesses \u00faltimos anos, o empreendedor precisou, mais do que nunca, usar sua for\u00e7a e sua determina\u00e7\u00e3o para seguir em frente. Essa campanha \u00e9 uma homenagem a todos eles e s\u00f3 poderia ser feita pelo Sebrae, que est\u00e1 presente e conhece como ningu\u00e9m o dia a dia dos pequenos neg\u00f3cios\u201d, avalia\u00a0Duda Moncalvo<strong>, <\/strong>Diretor-geral\u00a0da Artplan Bras\u00edlia.<\/p>\n<p>A campanha ser\u00e1 veiculada em TV aberta e fechada e em m\u00eddias digitais.<\/p>\n<div class=\"youtube-embed\" data-video_id=\"MGgrYMmcRE8\"><iframe title=\"O menino no meio da ponte | Filme completo\" width=\"640\" height=\"360\" src=\"https:\/\/www.youtube.com\/embed\/MGgrYMmcRE8?feature=oembed&#038;enablejsapi=1\" frameborder=\"0\" allow=\"accelerometer; autoplay; clipboard-write; encrypted-media; gyroscope; picture-in-picture; web-share\" referrerpolicy=\"strict-origin-when-cross-origin\" allowfullscreen><\/iframe><\/div>\n<p>&nbsp;<\/p>\n<p>&nbsp;<\/p>\n<p><strong>Ficha T\u00e9cnica<\/strong><\/p>\n<p><strong>\u00a0<\/strong><strong>Ag\u00eancia:<\/strong> Artplan Comunica\u00e7\u00e3o<\/p>\n<p><strong>Cliente: <\/strong>Sebrae<\/p>\n<p><strong>Campanha:<\/strong> O Menino No Meio da Ponte<\/p>\n<p><strong>Aprova\u00e7\u00e3o do Cliente: <\/strong>Luiz Aur\u00e9lio Alzamora, Marcelo Porlan, Fernando Bandeira, Henrique Nabuco e Eduardo Duarte<\/p>\n<p><strong>Diretor Geral:\u00a0<\/strong>Duda Moncalvo<\/p>\n<p><strong>Diretor de Cria\u00e7\u00e3o:\u00a0<\/strong>Gustavo Tirre<\/p>\n<p><strong>Cria\u00e7\u00e3o:<\/strong> Thiago Diniz e Gustavo Viana<\/p>\n<p><strong>Diretora de Atendimento:<\/strong> Cac\u00e1 Malta<\/p>\n<p><strong>Equipe de Atendimento:<\/strong> Clara Bianchi e Gabriel Moura<\/p>\n<p><strong>Diretor de Planejamento:\u00a0<\/strong>Fernando Torres<\/p>\n<p><strong>Equipe de Planejamento:<\/strong>\u00a0Lucas Garbulha e Gabriel Veras<\/p>\n<p><strong>Diretora de M\u00eddia:\u00a0<\/strong>Maira Orempuller<\/p>\n<p><strong>Equipe de M\u00eddia:\u00a0<\/strong>Thayse Arruda,<strong>\u00a0<\/strong>Camila Rodrigues, Fellipe Freitas\u00a0e Filipe Braga<\/p>\n<p><strong>Conte\u00fado e Engajamento:\u00a0<\/strong>Vanberg Ferreira<strong>\u00a0<\/strong><\/p>\n<p><strong>Diretor de Creative Data:\u00a0<\/strong>Diogo Bobsin<\/p>\n<p><strong>Equipe de BI:\u00a0<\/strong>Jardel Oliveira e Larissa Alves<\/p>\n<p><strong>Diretora de Produ\u00e7\u00e3o:<\/strong><strong>\u00a0<\/strong>Rosa Estrella<\/p>\n<p><strong>Produ\u00e7\u00e3o e RTV:\u00a0<\/strong>Fernanda Mesquita<strong>, <\/strong>Andreia Lima, Rafael Toscano e Amanda Sampaio<\/p>\n<p><strong>Produtora de V\u00eddeo:\u00a0<\/strong>Zombie Studio LTDA<\/p>\n<p><strong>Diretor do Filme:<\/strong><strong>\u00a0<\/strong>Paulo Garcia<\/p>\n<p><strong>Produtora de \u00c1udio:<\/strong><strong>\u00a0<\/strong>Satelite Audio<\/p>\n<p><strong>Maestro<\/strong>: Roberto Coelho<\/p>\n<p><iframe style=\"width: 100%; max-width: 660px; overflow: hidden; background: transparent;\" src=\"https:\/\/embed.podcasts.apple.com\/br\/podcast\/podcast-cidademarketing\/id1371923283\" height=\"450\" frameborder=\"0\" sandbox=\"allow-forms allow-popups allow-same-origin allow-scripts allow-storage-access-by-user-activation allow-top-navigation-by-user-activation\"><\/iframe><\/p>\n","protected":false},"excerpt":{"rendered":"<p>O caminho percorrido por quem tem um pequeno neg\u00f3cio \u00e9 desafiador. Obst\u00e1culos, inseguran\u00e7a e indecis\u00f5es s\u00e3o sentimentos presentes nessa jornada. Isso faz com que o empreendedor seja, antes de tudo, uma pessoa que acredita no seu sonho e segue em frente. O Sebrae, h\u00e1 50 anos, exerce o papel de apoiar esse sonho e dar [&hellip;]<\/p>\n","protected":false},"author":1,"featured_media":33807,"comment_status":"open","ping_status":"open","sticky":false,"template":"","format":"standard","meta":{"tdm_status":"","tdm_grid_status":"","footnotes":""},"categories":[14],"tags":[147,27,33,28,1293,260],"class_list":["post-33799","post","type-post","status-publish","format-standard","has-post-thumbnail","hentry","category-videos","tag-brasil","tag-empreendedorismo","tag-estrategia","tag-marketing","tag-negocio","tag-sebrae"],"yoast_head":"<!-- This site is optimized with the Yoast SEO plugin v27.5 - https:\/\/yoast.com\/product\/yoast-seo-wordpress\/ -->\n<title>Sebrae apresenta curta de anima\u00e7\u00e3o para comemorar os 50 anos e homenagear os empreendedores brasileiros - CidadeMarketing<\/title>\n<meta name=\"robots\" content=\"index, follow, max-snippet:-1, max-image-preview:large, max-video-preview:-1\" \/>\n<link rel=\"canonical\" href=\"https:\/\/www.cidademarketing.com.br\/marketing\/2022\/01\/18\/sebrae-apresenta-curta-de-animacao-para-comemorar-os-50-anos-e-homenagear-os-empreendedores-brasileiros\/\" \/>\n<meta property=\"og:locale\" content=\"pt_BR\" \/>\n<meta property=\"og:type\" content=\"article\" \/>\n<meta property=\"og:title\" content=\"Sebrae apresenta curta de anima\u00e7\u00e3o para comemorar os 50 anos e homenagear os empreendedores brasileiros - CidadeMarketing\" \/>\n<meta property=\"og:description\" content=\"O caminho percorrido por quem tem um pequeno neg\u00f3cio \u00e9 desafiador. Obst\u00e1culos, inseguran\u00e7a e indecis\u00f5es s\u00e3o sentimentos presentes nessa jornada. Isso faz com que o empreendedor seja, antes de tudo, uma pessoa que acredita no seu sonho e segue em frente. O Sebrae, h\u00e1 50 anos, exerce o papel de apoiar esse sonho e dar [&hellip;]\" \/>\n<meta property=\"og:url\" content=\"https:\/\/www.cidademarketing.com.br\/marketing\/2022\/01\/18\/sebrae-apresenta-curta-de-animacao-para-comemorar-os-50-anos-e-homenagear-os-empreendedores-brasileiros\/\" \/>\n<meta property=\"og:site_name\" content=\"CidadeMarketing\" \/>\n<meta property=\"article:publisher\" content=\"https:\/\/www.facebook.com\/portalcidademarketing\" \/>\n<meta property=\"article:author\" content=\"https:\/\/www.facebook.com\/thalesbrandao\" \/>\n<meta property=\"article:published_time\" content=\"2022-01-18T14:35:25+00:00\" \/>\n<meta property=\"og:image\" content=\"https:\/\/www.cidademarketing.com.br\/marketing\/wp-content\/uploads\/2022\/01\/Campanha-Artplan-Sebrae8-scaled.jpg\" \/>\n\t<meta property=\"og:image:width\" content=\"2560\" \/>\n\t<meta property=\"og:image:height\" content=\"1389\" \/>\n\t<meta property=\"og:image:type\" content=\"image\/jpeg\" \/>\n<meta name=\"author\" content=\"Thales Brand\u00e3o\" \/>\n<meta name=\"twitter:card\" content=\"summary_large_image\" \/>\n<meta name=\"twitter:creator\" content=\"@http:\/\/www.twitter.com\/thalesbrandao\" \/>\n<meta name=\"twitter:site\" content=\"@CidadeMarketing\" \/>\n<meta name=\"twitter:label1\" content=\"Escrito por\" \/>\n\t<meta name=\"twitter:data1\" content=\"Thales Brand\u00e3o\" \/>\n\t<meta name=\"twitter:label2\" content=\"Est. tempo de leitura\" \/>\n\t<meta name=\"twitter:data2\" content=\"3 minutos\" \/>\n<script type=\"application\/ld+json\" class=\"yoast-schema-graph\">{\"@context\":\"https:\\\/\\\/schema.org\",\"@graph\":[{\"@type\":\"Article\",\"@id\":\"https:\\\/\\\/www.cidademarketing.com.br\\\/marketing\\\/2022\\\/01\\\/18\\\/sebrae-apresenta-curta-de-animacao-para-comemorar-os-50-anos-e-homenagear-os-empreendedores-brasileiros\\\/#article\",\"isPartOf\":{\"@id\":\"https:\\\/\\\/www.cidademarketing.com.br\\\/marketing\\\/2022\\\/01\\\/18\\\/sebrae-apresenta-curta-de-animacao-para-comemorar-os-50-anos-e-homenagear-os-empreendedores-brasileiros\\\/\"},\"author\":{\"name\":\"Thales Brand\u00e3o\",\"@id\":\"https:\\\/\\\/www.cidademarketing.com.br\\\/marketing\\\/#\\\/schema\\\/person\\\/02daff9f18bd9378c9e01eb6b2db155f\"},\"headline\":\"Sebrae apresenta curta de anima\u00e7\u00e3o para comemorar os 50 anos e homenagear os empreendedores brasileiros\",\"datePublished\":\"2022-01-18T14:35:25+00:00\",\"mainEntityOfPage\":{\"@id\":\"https:\\\/\\\/www.cidademarketing.com.br\\\/marketing\\\/2022\\\/01\\\/18\\\/sebrae-apresenta-curta-de-animacao-para-comemorar-os-50-anos-e-homenagear-os-empreendedores-brasileiros\\\/\"},\"wordCount\":525,\"commentCount\":0,\"publisher\":{\"@id\":\"https:\\\/\\\/www.cidademarketing.com.br\\\/marketing\\\/#organization\"},\"image\":{\"@id\":\"https:\\\/\\\/www.cidademarketing.com.br\\\/marketing\\\/2022\\\/01\\\/18\\\/sebrae-apresenta-curta-de-animacao-para-comemorar-os-50-anos-e-homenagear-os-empreendedores-brasileiros\\\/#primaryimage\"},\"thumbnailUrl\":\"https:\\\/\\\/www.cidademarketing.com.br\\\/marketing\\\/wp-content\\\/uploads\\\/2022\\\/01\\\/Campanha-Artplan-Sebrae8-scaled.jpg\",\"keywords\":[\"Brasil\",\"empreendedorismo\",\"estrat\u00e9gia\",\"marketing\",\"neg\u00f3cio\",\"SEBRAE\"],\"articleSection\":[\"Videos\"],\"inLanguage\":\"pt-BR\",\"potentialAction\":[{\"@type\":\"CommentAction\",\"name\":\"Comment\",\"target\":[\"https:\\\/\\\/www.cidademarketing.com.br\\\/marketing\\\/2022\\\/01\\\/18\\\/sebrae-apresenta-curta-de-animacao-para-comemorar-os-50-anos-e-homenagear-os-empreendedores-brasileiros\\\/#respond\"]}]},{\"@type\":\"WebPage\",\"@id\":\"https:\\\/\\\/www.cidademarketing.com.br\\\/marketing\\\/2022\\\/01\\\/18\\\/sebrae-apresenta-curta-de-animacao-para-comemorar-os-50-anos-e-homenagear-os-empreendedores-brasileiros\\\/\",\"url\":\"https:\\\/\\\/www.cidademarketing.com.br\\\/marketing\\\/2022\\\/01\\\/18\\\/sebrae-apresenta-curta-de-animacao-para-comemorar-os-50-anos-e-homenagear-os-empreendedores-brasileiros\\\/\",\"name\":\"Sebrae apresenta curta de anima\u00e7\u00e3o para comemorar os 50 anos e homenagear os empreendedores brasileiros - CidadeMarketing\",\"isPartOf\":{\"@id\":\"https:\\\/\\\/www.cidademarketing.com.br\\\/marketing\\\/#website\"},\"primaryImageOfPage\":{\"@id\":\"https:\\\/\\\/www.cidademarketing.com.br\\\/marketing\\\/2022\\\/01\\\/18\\\/sebrae-apresenta-curta-de-animacao-para-comemorar-os-50-anos-e-homenagear-os-empreendedores-brasileiros\\\/#primaryimage\"},\"image\":{\"@id\":\"https:\\\/\\\/www.cidademarketing.com.br\\\/marketing\\\/2022\\\/01\\\/18\\\/sebrae-apresenta-curta-de-animacao-para-comemorar-os-50-anos-e-homenagear-os-empreendedores-brasileiros\\\/#primaryimage\"},\"thumbnailUrl\":\"https:\\\/\\\/www.cidademarketing.com.br\\\/marketing\\\/wp-content\\\/uploads\\\/2022\\\/01\\\/Campanha-Artplan-Sebrae8-scaled.jpg\",\"datePublished\":\"2022-01-18T14:35:25+00:00\",\"breadcrumb\":{\"@id\":\"https:\\\/\\\/www.cidademarketing.com.br\\\/marketing\\\/2022\\\/01\\\/18\\\/sebrae-apresenta-curta-de-animacao-para-comemorar-os-50-anos-e-homenagear-os-empreendedores-brasileiros\\\/#breadcrumb\"},\"inLanguage\":\"pt-BR\",\"potentialAction\":[{\"@type\":\"ReadAction\",\"target\":[\"https:\\\/\\\/www.cidademarketing.com.br\\\/marketing\\\/2022\\\/01\\\/18\\\/sebrae-apresenta-curta-de-animacao-para-comemorar-os-50-anos-e-homenagear-os-empreendedores-brasileiros\\\/\"]}]},{\"@type\":\"ImageObject\",\"inLanguage\":\"pt-BR\",\"@id\":\"https:\\\/\\\/www.cidademarketing.com.br\\\/marketing\\\/2022\\\/01\\\/18\\\/sebrae-apresenta-curta-de-animacao-para-comemorar-os-50-anos-e-homenagear-os-empreendedores-brasileiros\\\/#primaryimage\",\"url\":\"https:\\\/\\\/www.cidademarketing.com.br\\\/marketing\\\/wp-content\\\/uploads\\\/2022\\\/01\\\/Campanha-Artplan-Sebrae8-scaled.jpg\",\"contentUrl\":\"https:\\\/\\\/www.cidademarketing.com.br\\\/marketing\\\/wp-content\\\/uploads\\\/2022\\\/01\\\/Campanha-Artplan-Sebrae8-scaled.jpg\",\"width\":2560,\"height\":1389},{\"@type\":\"BreadcrumbList\",\"@id\":\"https:\\\/\\\/www.cidademarketing.com.br\\\/marketing\\\/2022\\\/01\\\/18\\\/sebrae-apresenta-curta-de-animacao-para-comemorar-os-50-anos-e-homenagear-os-empreendedores-brasileiros\\\/#breadcrumb\",\"itemListElement\":[{\"@type\":\"ListItem\",\"position\":1,\"name\":\"In\u00edcio\",\"item\":\"https:\\\/\\\/www.cidademarketing.com.br\\\/marketing\\\/\"},{\"@type\":\"ListItem\",\"position\":2,\"name\":\"Sebrae apresenta curta de anima\u00e7\u00e3o para comemorar os 50 anos e homenagear os empreendedores brasileiros\"}]},{\"@type\":\"WebSite\",\"@id\":\"https:\\\/\\\/www.cidademarketing.com.br\\\/marketing\\\/#website\",\"url\":\"https:\\\/\\\/www.cidademarketing.com.br\\\/marketing\\\/\",\"name\":\"CidadeMarketing\",\"description\":\"Somos um ve\u00edculo de comunica\u00e7\u00e3o de destaque no Brasil, reconhecido por conte\u00fados nos segmentos de marketing, empreendedorismo e inova\u00e7\u00e3o.\",\"publisher\":{\"@id\":\"https:\\\/\\\/www.cidademarketing.com.br\\\/marketing\\\/#organization\"},\"alternateName\":\"CidadeMarketing\",\"potentialAction\":[{\"@type\":\"SearchAction\",\"target\":{\"@type\":\"EntryPoint\",\"urlTemplate\":\"https:\\\/\\\/www.cidademarketing.com.br\\\/marketing\\\/?s={search_term_string}\"},\"query-input\":{\"@type\":\"PropertyValueSpecification\",\"valueRequired\":true,\"valueName\":\"search_term_string\"}}],\"inLanguage\":\"pt-BR\"},{\"@type\":\"Organization\",\"@id\":\"https:\\\/\\\/www.cidademarketing.com.br\\\/marketing\\\/#organization\",\"name\":\"CidadeMarketing\",\"alternateName\":\"CidadeMarketing\",\"url\":\"https:\\\/\\\/www.cidademarketing.com.br\\\/marketing\\\/\",\"logo\":{\"@type\":\"ImageObject\",\"inLanguage\":\"pt-BR\",\"@id\":\"https:\\\/\\\/www.cidademarketing.com.br\\\/marketing\\\/#\\\/schema\\\/logo\\\/image\\\/\",\"url\":\"https:\\\/\\\/www.cidademarketing.com.br\\\/marketing\\\/wp-content\\\/uploads\\\/2020\\\/01\\\/cidademarketing_marca_mobile.png\",\"contentUrl\":\"https:\\\/\\\/www.cidademarketing.com.br\\\/marketing\\\/wp-content\\\/uploads\\\/2020\\\/01\\\/cidademarketing_marca_mobile.png\",\"width\":230,\"height\":92,\"caption\":\"CidadeMarketing\"},\"image\":{\"@id\":\"https:\\\/\\\/www.cidademarketing.com.br\\\/marketing\\\/#\\\/schema\\\/logo\\\/image\\\/\"},\"sameAs\":[\"https:\\\/\\\/www.facebook.com\\\/portalcidademarketing\",\"https:\\\/\\\/x.com\\\/CidadeMarketing\",\"https:\\\/\\\/www.instagram.com\\\/cidademarketing\\\/\"]},{\"@type\":\"Person\",\"@id\":\"https:\\\/\\\/www.cidademarketing.com.br\\\/marketing\\\/#\\\/schema\\\/person\\\/02daff9f18bd9378c9e01eb6b2db155f\",\"name\":\"Thales Brand\u00e3o\",\"image\":{\"@type\":\"ImageObject\",\"inLanguage\":\"pt-BR\",\"@id\":\"https:\\\/\\\/secure.gravatar.com\\\/avatar\\\/7ca3206950207cc3cb48feec56a8a7898741ab725c368d99d5d7a5a50aab80c6?s=96&d=mm&r=g\",\"url\":\"https:\\\/\\\/secure.gravatar.com\\\/avatar\\\/7ca3206950207cc3cb48feec56a8a7898741ab725c368d99d5d7a5a50aab80c6?s=96&d=mm&r=g\",\"contentUrl\":\"https:\\\/\\\/secure.gravatar.com\\\/avatar\\\/7ca3206950207cc3cb48feec56a8a7898741ab725c368d99d5d7a5a50aab80c6?s=96&d=mm&r=g\",\"caption\":\"Thales Brand\u00e3o\"},\"description\":\"Editor Executivo do Portal CidadeMarketing.com.br &gt; Mestre em Comunica\u00e7\u00e3o e Sociedade pela Universidade Federal de Sergipe. Possui MBA Executivo em Administra\u00e7\u00e3o com \u00eanfase em Marketing pela Funda\u00e7\u00e3o Get\u00falio Vargas - Rio de Janeiro. Consultor, Palestrante e Pesquisador sobre Empreendedorismo, Marketing, Redes Sociais e Neg\u00f3cios Digitais. Professor, Palestrante TedxTalks e Campus Party. Twitter: @ThalesBrandao\",\"sameAs\":[\"http:\\\/\\\/www.mandacaru.com.br\",\"https:\\\/\\\/www.facebook.com\\\/thalesbrandao\",\"http:\\\/\\\/www.instagram.com.br\\\/thalesbrandaoferreira\",\"https:\\\/\\\/www.linkedin.com\\\/in\\\/thales-brand\u00e3o-3948609\\\/\",\"https:\\\/\\\/x.com\\\/http:\\\/\\\/www.twitter.com\\\/thalesbrandao\"],\"url\":\"https:\\\/\\\/www.cidademarketing.com.br\\\/marketing\\\/author\\\/thalesbrandao\\\/\"}]}<\/script>\n<!-- \/ Yoast SEO plugin. -->","yoast_head_json":{"title":"Sebrae apresenta curta de anima\u00e7\u00e3o para comemorar os 50 anos e homenagear os empreendedores brasileiros - CidadeMarketing","robots":{"index":"index","follow":"follow","max-snippet":"max-snippet:-1","max-image-preview":"max-image-preview:large","max-video-preview":"max-video-preview:-1"},"canonical":"https:\/\/www.cidademarketing.com.br\/marketing\/2022\/01\/18\/sebrae-apresenta-curta-de-animacao-para-comemorar-os-50-anos-e-homenagear-os-empreendedores-brasileiros\/","og_locale":"pt_BR","og_type":"article","og_title":"Sebrae apresenta curta de anima\u00e7\u00e3o para comemorar os 50 anos e homenagear os empreendedores brasileiros - CidadeMarketing","og_description":"O caminho percorrido por quem tem um pequeno neg\u00f3cio \u00e9 desafiador. Obst\u00e1culos, inseguran\u00e7a e indecis\u00f5es s\u00e3o sentimentos presentes nessa jornada. Isso faz com que o empreendedor seja, antes de tudo, uma pessoa que acredita no seu sonho e segue em frente. O Sebrae, h\u00e1 50 anos, exerce o papel de apoiar esse sonho e dar [&hellip;]","og_url":"https:\/\/www.cidademarketing.com.br\/marketing\/2022\/01\/18\/sebrae-apresenta-curta-de-animacao-para-comemorar-os-50-anos-e-homenagear-os-empreendedores-brasileiros\/","og_site_name":"CidadeMarketing","article_publisher":"https:\/\/www.facebook.com\/portalcidademarketing","article_author":"https:\/\/www.facebook.com\/thalesbrandao","article_published_time":"2022-01-18T14:35:25+00:00","og_image":[{"width":2560,"height":1389,"url":"https:\/\/www.cidademarketing.com.br\/marketing\/wp-content\/uploads\/2022\/01\/Campanha-Artplan-Sebrae8-scaled.jpg","type":"image\/jpeg"}],"author":"Thales Brand\u00e3o","twitter_card":"summary_large_image","twitter_creator":"@http:\/\/www.twitter.com\/thalesbrandao","twitter_site":"@CidadeMarketing","twitter_misc":{"Escrito por":"Thales Brand\u00e3o","Est. tempo de leitura":"3 minutos"},"schema":{"@context":"https:\/\/schema.org","@graph":[{"@type":"Article","@id":"https:\/\/www.cidademarketing.com.br\/marketing\/2022\/01\/18\/sebrae-apresenta-curta-de-animacao-para-comemorar-os-50-anos-e-homenagear-os-empreendedores-brasileiros\/#article","isPartOf":{"@id":"https:\/\/www.cidademarketing.com.br\/marketing\/2022\/01\/18\/sebrae-apresenta-curta-de-animacao-para-comemorar-os-50-anos-e-homenagear-os-empreendedores-brasileiros\/"},"author":{"name":"Thales Brand\u00e3o","@id":"https:\/\/www.cidademarketing.com.br\/marketing\/#\/schema\/person\/02daff9f18bd9378c9e01eb6b2db155f"},"headline":"Sebrae apresenta curta de anima\u00e7\u00e3o para comemorar os 50 anos e homenagear os empreendedores brasileiros","datePublished":"2022-01-18T14:35:25+00:00","mainEntityOfPage":{"@id":"https:\/\/www.cidademarketing.com.br\/marketing\/2022\/01\/18\/sebrae-apresenta-curta-de-animacao-para-comemorar-os-50-anos-e-homenagear-os-empreendedores-brasileiros\/"},"wordCount":525,"commentCount":0,"publisher":{"@id":"https:\/\/www.cidademarketing.com.br\/marketing\/#organization"},"image":{"@id":"https:\/\/www.cidademarketing.com.br\/marketing\/2022\/01\/18\/sebrae-apresenta-curta-de-animacao-para-comemorar-os-50-anos-e-homenagear-os-empreendedores-brasileiros\/#primaryimage"},"thumbnailUrl":"https:\/\/www.cidademarketing.com.br\/marketing\/wp-content\/uploads\/2022\/01\/Campanha-Artplan-Sebrae8-scaled.jpg","keywords":["Brasil","empreendedorismo","estrat\u00e9gia","marketing","neg\u00f3cio","SEBRAE"],"articleSection":["Videos"],"inLanguage":"pt-BR","potentialAction":[{"@type":"CommentAction","name":"Comment","target":["https:\/\/www.cidademarketing.com.br\/marketing\/2022\/01\/18\/sebrae-apresenta-curta-de-animacao-para-comemorar-os-50-anos-e-homenagear-os-empreendedores-brasileiros\/#respond"]}]},{"@type":"WebPage","@id":"https:\/\/www.cidademarketing.com.br\/marketing\/2022\/01\/18\/sebrae-apresenta-curta-de-animacao-para-comemorar-os-50-anos-e-homenagear-os-empreendedores-brasileiros\/","url":"https:\/\/www.cidademarketing.com.br\/marketing\/2022\/01\/18\/sebrae-apresenta-curta-de-animacao-para-comemorar-os-50-anos-e-homenagear-os-empreendedores-brasileiros\/","name":"Sebrae apresenta curta de anima\u00e7\u00e3o para comemorar os 50 anos e homenagear os empreendedores brasileiros - CidadeMarketing","isPartOf":{"@id":"https:\/\/www.cidademarketing.com.br\/marketing\/#website"},"primaryImageOfPage":{"@id":"https:\/\/www.cidademarketing.com.br\/marketing\/2022\/01\/18\/sebrae-apresenta-curta-de-animacao-para-comemorar-os-50-anos-e-homenagear-os-empreendedores-brasileiros\/#primaryimage"},"image":{"@id":"https:\/\/www.cidademarketing.com.br\/marketing\/2022\/01\/18\/sebrae-apresenta-curta-de-animacao-para-comemorar-os-50-anos-e-homenagear-os-empreendedores-brasileiros\/#primaryimage"},"thumbnailUrl":"https:\/\/www.cidademarketing.com.br\/marketing\/wp-content\/uploads\/2022\/01\/Campanha-Artplan-Sebrae8-scaled.jpg","datePublished":"2022-01-18T14:35:25+00:00","breadcrumb":{"@id":"https:\/\/www.cidademarketing.com.br\/marketing\/2022\/01\/18\/sebrae-apresenta-curta-de-animacao-para-comemorar-os-50-anos-e-homenagear-os-empreendedores-brasileiros\/#breadcrumb"},"inLanguage":"pt-BR","potentialAction":[{"@type":"ReadAction","target":["https:\/\/www.cidademarketing.com.br\/marketing\/2022\/01\/18\/sebrae-apresenta-curta-de-animacao-para-comemorar-os-50-anos-e-homenagear-os-empreendedores-brasileiros\/"]}]},{"@type":"ImageObject","inLanguage":"pt-BR","@id":"https:\/\/www.cidademarketing.com.br\/marketing\/2022\/01\/18\/sebrae-apresenta-curta-de-animacao-para-comemorar-os-50-anos-e-homenagear-os-empreendedores-brasileiros\/#primaryimage","url":"https:\/\/www.cidademarketing.com.br\/marketing\/wp-content\/uploads\/2022\/01\/Campanha-Artplan-Sebrae8-scaled.jpg","contentUrl":"https:\/\/www.cidademarketing.com.br\/marketing\/wp-content\/uploads\/2022\/01\/Campanha-Artplan-Sebrae8-scaled.jpg","width":2560,"height":1389},{"@type":"BreadcrumbList","@id":"https:\/\/www.cidademarketing.com.br\/marketing\/2022\/01\/18\/sebrae-apresenta-curta-de-animacao-para-comemorar-os-50-anos-e-homenagear-os-empreendedores-brasileiros\/#breadcrumb","itemListElement":[{"@type":"ListItem","position":1,"name":"In\u00edcio","item":"https:\/\/www.cidademarketing.com.br\/marketing\/"},{"@type":"ListItem","position":2,"name":"Sebrae apresenta curta de anima\u00e7\u00e3o para comemorar os 50 anos e homenagear os empreendedores brasileiros"}]},{"@type":"WebSite","@id":"https:\/\/www.cidademarketing.com.br\/marketing\/#website","url":"https:\/\/www.cidademarketing.com.br\/marketing\/","name":"CidadeMarketing","description":"Somos um ve\u00edculo de comunica\u00e7\u00e3o de destaque no Brasil, reconhecido por conte\u00fados nos segmentos de marketing, empreendedorismo e inova\u00e7\u00e3o.","publisher":{"@id":"https:\/\/www.cidademarketing.com.br\/marketing\/#organization"},"alternateName":"CidadeMarketing","potentialAction":[{"@type":"SearchAction","target":{"@type":"EntryPoint","urlTemplate":"https:\/\/www.cidademarketing.com.br\/marketing\/?s={search_term_string}"},"query-input":{"@type":"PropertyValueSpecification","valueRequired":true,"valueName":"search_term_string"}}],"inLanguage":"pt-BR"},{"@type":"Organization","@id":"https:\/\/www.cidademarketing.com.br\/marketing\/#organization","name":"CidadeMarketing","alternateName":"CidadeMarketing","url":"https:\/\/www.cidademarketing.com.br\/marketing\/","logo":{"@type":"ImageObject","inLanguage":"pt-BR","@id":"https:\/\/www.cidademarketing.com.br\/marketing\/#\/schema\/logo\/image\/","url":"https:\/\/www.cidademarketing.com.br\/marketing\/wp-content\/uploads\/2020\/01\/cidademarketing_marca_mobile.png","contentUrl":"https:\/\/www.cidademarketing.com.br\/marketing\/wp-content\/uploads\/2020\/01\/cidademarketing_marca_mobile.png","width":230,"height":92,"caption":"CidadeMarketing"},"image":{"@id":"https:\/\/www.cidademarketing.com.br\/marketing\/#\/schema\/logo\/image\/"},"sameAs":["https:\/\/www.facebook.com\/portalcidademarketing","https:\/\/x.com\/CidadeMarketing","https:\/\/www.instagram.com\/cidademarketing\/"]},{"@type":"Person","@id":"https:\/\/www.cidademarketing.com.br\/marketing\/#\/schema\/person\/02daff9f18bd9378c9e01eb6b2db155f","name":"Thales Brand\u00e3o","image":{"@type":"ImageObject","inLanguage":"pt-BR","@id":"https:\/\/secure.gravatar.com\/avatar\/7ca3206950207cc3cb48feec56a8a7898741ab725c368d99d5d7a5a50aab80c6?s=96&d=mm&r=g","url":"https:\/\/secure.gravatar.com\/avatar\/7ca3206950207cc3cb48feec56a8a7898741ab725c368d99d5d7a5a50aab80c6?s=96&d=mm&r=g","contentUrl":"https:\/\/secure.gravatar.com\/avatar\/7ca3206950207cc3cb48feec56a8a7898741ab725c368d99d5d7a5a50aab80c6?s=96&d=mm&r=g","caption":"Thales Brand\u00e3o"},"description":"Editor Executivo do Portal CidadeMarketing.com.br &gt; Mestre em Comunica\u00e7\u00e3o e Sociedade pela Universidade Federal de Sergipe. Possui MBA Executivo em Administra\u00e7\u00e3o com \u00eanfase em Marketing pela Funda\u00e7\u00e3o Get\u00falio Vargas - Rio de Janeiro. Consultor, Palestrante e Pesquisador sobre Empreendedorismo, Marketing, Redes Sociais e Neg\u00f3cios Digitais. Professor, Palestrante TedxTalks e Campus Party. Twitter: @ThalesBrandao","sameAs":["http:\/\/www.mandacaru.com.br","https:\/\/www.facebook.com\/thalesbrandao","http:\/\/www.instagram.com.br\/thalesbrandaoferreira","https:\/\/www.linkedin.com\/in\/thales-brand\u00e3o-3948609\/","https:\/\/x.com\/http:\/\/www.twitter.com\/thalesbrandao"],"url":"https:\/\/www.cidademarketing.com.br\/marketing\/author\/thalesbrandao\/"}]}},"amp_enabled":true,"_links":{"self":[{"href":"https:\/\/www.cidademarketing.com.br\/marketing\/wp-json\/wp\/v2\/posts\/33799","targetHints":{"allow":["GET"]}}],"collection":[{"href":"https:\/\/www.cidademarketing.com.br\/marketing\/wp-json\/wp\/v2\/posts"}],"about":[{"href":"https:\/\/www.cidademarketing.com.br\/marketing\/wp-json\/wp\/v2\/types\/post"}],"author":[{"embeddable":true,"href":"https:\/\/www.cidademarketing.com.br\/marketing\/wp-json\/wp\/v2\/users\/1"}],"replies":[{"embeddable":true,"href":"https:\/\/www.cidademarketing.com.br\/marketing\/wp-json\/wp\/v2\/comments?post=33799"}],"version-history":[{"count":1,"href":"https:\/\/www.cidademarketing.com.br\/marketing\/wp-json\/wp\/v2\/posts\/33799\/revisions"}],"predecessor-version":[{"id":33810,"href":"https:\/\/www.cidademarketing.com.br\/marketing\/wp-json\/wp\/v2\/posts\/33799\/revisions\/33810"}],"wp:featuredmedia":[{"embeddable":true,"href":"https:\/\/www.cidademarketing.com.br\/marketing\/wp-json\/wp\/v2\/media\/33807"}],"wp:attachment":[{"href":"https:\/\/www.cidademarketing.com.br\/marketing\/wp-json\/wp\/v2\/media?parent=33799"}],"wp:term":[{"taxonomy":"category","embeddable":true,"href":"https:\/\/www.cidademarketing.com.br\/marketing\/wp-json\/wp\/v2\/categories?post=33799"},{"taxonomy":"post_tag","embeddable":true,"href":"https:\/\/www.cidademarketing.com.br\/marketing\/wp-json\/wp\/v2\/tags?post=33799"}],"curies":[{"name":"wp","href":"https:\/\/api.w.org\/{rel}","templated":true}]}}