{"id":3375,"date":"2018-11-30T14:44:36","date_gmt":"2018-11-30T16:44:36","guid":{"rendered":"http:\/\/www.cidademarketing.com.br\/marketing\/?p=3375"},"modified":"2018-11-30T14:44:36","modified_gmt":"2018-11-30T16:44:36","slug":"ans-suspende-venda-de-17-planos-de-saude","status":"publish","type":"post","link":"https:\/\/www.cidademarketing.com.br\/marketing\/2018\/11\/30\/ans-suspende-venda-de-17-planos-de-saude\/","title":{"rendered":"ANS suspende venda de 17 planos de sa\u00fade"},"content":{"rendered":"<p>A Ag\u00eancia Nacional de Sa\u00fade Suplementar (ANS) divulga nesta sexta-feira (30\/11) os resultados trimestrais do Programa de Monitoramento da Garantia de Atendimento. Neste ciclo, a reguladora determinou a suspens\u00e3o tempor\u00e1ria da comercializa\u00e7\u00e3o de 17 planos de sa\u00fade de tr\u00eas operadoras em fun\u00e7\u00e3o de reclama\u00e7\u00f5es relacionadas a cobertura assistencial. A medida come\u00e7a a valer na pr\u00f3xima sexta-feira (7\/12). Juntos, os planos possuem 156,6 mil benefici\u00e1rios, que ficam protegidos com a medida e com a assist\u00eancia regular a que t\u00eam direito garantida.<\/p>\n<p>O Monitoramento da Garantia de Atendimento avalia as operadoras a partir das reclama\u00e7\u00f5es registradas pelos benefici\u00e1rios nos canais da ANS. O objetivo do programa \u00e9 estimular as empresas a qualificarem o atendimento prestado aos consumidores, raz\u00e3o pela qual os planos suspensos s\u00f3 podem voltar a ser comercializados quando forem comprovadas melhorias. \u201cDessa forma, o benefici\u00e1rio fica mais protegido, j\u00e1 que n\u00e3o haver\u00e1 ingresso de novos contratantes. Por outro lado, novos consumidores n\u00e3o correm o risco de contratar um produto que n\u00e3o estiver atendendo adequadamente\u201d, explica o diretor de Normas e Habilita\u00e7\u00e3o dos Produtos, Rog\u00e9rio Scarabel.<\/p>\n<p>Paralelamente \u00e0 suspens\u00e3o, a ANS liberou a comercializa\u00e7\u00e3o de 19 planos de sa\u00fade de oito operadoras. Esses produtos poder\u00e3o voltar a ser vendidos para novos clientes a partir do dia 7\/12.<\/p>\n<p>Reclama\u00e7\u00f5es<br \/>\nNesse ciclo, foram consideradas as reclama\u00e7\u00f5es (como negativas de cobertura e demora no atendimento) recebidas no 3\u00ba trimestre de 2018. Entre 1\u00ba de julho e 30 de setembro, foram registradas 17.314 reclama\u00e7\u00f5es de natureza assistencial nos canais de atendimento da ANS. Dessas, 16.442 foram consideradas para an\u00e1lise pelo Programa de Monitoramento.<\/p>\n<p>No per\u00edodo, 95,62% das queixas foram resolvidas pela media\u00e7\u00e3o feita pela ANS via Notifica\u00e7\u00e3o de Intermedia\u00e7\u00e3o Preliminar (NIP), um aumento em rela\u00e7\u00e3o ao ciclo anterior (93,2%), garantindo resposta ao problema dos consumidores.<\/p>\n<p>Perfil das reclama\u00e7\u00f5es assistenciais no per\u00edodo analisado<\/p>\n<p>&nbsp;<\/p>\n<p><img fetchpriority=\"high\" decoding=\"async\" class=\"aligncenter size-full wp-image-3376\" src=\"http:\/\/www.cidademarketing.com.br\/marketing\/wp-content\/uploads\/2018\/11\/ans_planodesaude.png\" alt=\"\" width=\"1450\" height=\"826\" srcset=\"https:\/\/www.cidademarketing.com.br\/marketing\/wp-content\/uploads\/2018\/11\/ans_planodesaude.png 1450w, https:\/\/www.cidademarketing.com.br\/marketing\/wp-content\/uploads\/2018\/11\/ans_planodesaude-300x171.png 300w, https:\/\/www.cidademarketing.com.br\/marketing\/wp-content\/uploads\/2018\/11\/ans_planodesaude-768x437.png 768w, https:\/\/www.cidademarketing.com.br\/marketing\/wp-content\/uploads\/2018\/11\/ans_planodesaude-1024x583.png 1024w, https:\/\/www.cidademarketing.com.br\/marketing\/wp-content\/uploads\/2018\/11\/ans_planodesaude-737x420.png 737w, https:\/\/www.cidademarketing.com.br\/marketing\/wp-content\/uploads\/2018\/11\/ans_planodesaude-640x365.png 640w, https:\/\/www.cidademarketing.com.br\/marketing\/wp-content\/uploads\/2018\/11\/ans_planodesaude-681x388.png 681w\" sizes=\"(max-width: 1450px) 100vw, 1450px\" \/><\/p>\n<p>&nbsp;<\/p>\n<p>Resumo dos resultados do Programa de Monitoramento &#8211; 3\u00ba trimestre\/2018<br \/>\n17 planos com comercializa\u00e7\u00e3o suspensa<br \/>\n3 operadoras com planos suspensos<br \/>\n156.617 consumidores protegidos<br \/>\n19 planos reativados<br \/>\n7 operadoras com reativa\u00e7\u00e3o total de planos (16 produtos)<br \/>\n1 operadora com reativa\u00e7\u00e3o parcial de planos (3 produtos)<br \/>\n<a href=\"http:\/\/www.ans.gov.br\/planos-de-saude-e-operadoras\/contratacao-e-troca-de-plano\/planos-de-saude-com-comercializacao-suspensa\/operadoras-com-planos-suspensos\" target=\"_blank\" rel=\"noopener\">Acesse aqui a lista de planos com comercializa\u00e7\u00e3o suspensa\u00a0\u00a0<\/a><\/p>\n<p><a href=\"http:\/\/www.ans.gov.br\/planos-de-saude-e-operadoras\/contratacao-e-troca-de-plano\/planos-de-saude-com-comercializacao-suspensa\/operadoras-liberadas-totalmente-para-comercializacao\" target=\"_blank\" rel=\"noopener\">Acesse aqui a lista de operadoras com planos totalmente reativados\u00a0\u00a0<\/a><\/p>\n<p><a href=\"http:\/\/www.ans.gov.br\/planos-de-saude-e-operadoras\/contratacao-e-troca-de-plano\/planos-de-saude-com-comercializacao-suspensa\/operadoras-liberadas-parcialmente-para-comercializacao\" target=\"_blank\" rel=\"noopener\">Acesse aqui a lista de operadoras com planos parcialmente reativados\u00a0\u00a0<\/a><\/p>\n<p><a href=\"http:\/\/www.ans.gov.br\/planos-de-saude-e-operadoras\/informacoes-e-avaliacoes-de-operadoras\/monitoramento-de-garantia-de-atendimento\" target=\"_blank\" rel=\"noopener\">Veja a classifica\u00e7\u00e3o de todas as operadoras\u00a0\u00a0<\/a><\/p>\n<p><a href=\"http:\/\/www.ans.gov.br\/images\/stories\/PPT_3_2018.pdf\" target=\"_blank\" rel=\"noopener\">Veja a apresenta\u00e7\u00e3o com os resultados<\/a><\/p>\n<p>Informa\u00e7\u00f5es detalhadas por operadora e por faixa de classifica\u00e7\u00e3o<br \/>\nOs benefici\u00e1rios tamb\u00e9m podem consultar informa\u00e7\u00f5es do monitoramento por operadora, conferindo o hist\u00f3rico das empresas e verificando, em cada ciclo, se ela teve planos suspensos ou reativados.<\/p>\n<p>Para dar mais transpar\u00eancia e possibilitar a compara\u00e7\u00e3o pelos consumidores, a ANS disponibiliza ainda um panorama geral com a situa\u00e7\u00e3o de todas as operadoras, com a classifica\u00e7\u00e3o das empresas nas quatro faixas existentes (que v\u00e3o de 0 a 3).<\/p>\n<p><a href=\"http:\/\/www.ans.gov.br\/planos-de-saude-e-operadoras\/informacoes-e-avaliacoes-de-operadoras\/monitoramento-de-garantia-de-atendimento\" target=\"_blank\" rel=\"noopener\">Clique aqui e fa\u00e7a a consulta por operadora de plano de sa\u00fade.<\/a><\/p>\n","protected":false},"excerpt":{"rendered":"<p>A Ag\u00eancia Nacional de Sa\u00fade Suplementar (ANS) divulga nesta sexta-feira (30\/11) os resultados trimestrais do Programa de Monitoramento da Garantia de Atendimento. Neste ciclo, a reguladora determinou a suspens\u00e3o tempor\u00e1ria da comercializa\u00e7\u00e3o de 17 planos de sa\u00fade de tr\u00eas operadoras em fun\u00e7\u00e3o de reclama\u00e7\u00f5es relacionadas a cobertura assistencial. A medida come\u00e7a a valer na pr\u00f3xima [&hellip;]<\/p>\n","protected":false},"author":1,"featured_media":3377,"comment_status":"open","ping_status":"open","sticky":false,"template":"","format":"standard","meta":{"tdm_status":"","tdm_grid_status":"","footnotes":""},"categories":[9,6],"tags":[50,51,28,52],"class_list":["post-3375","post","type-post","status-publish","format-standard","has-post-thumbnail","hentry","category-consumidor","category-noticias","tag-ans","tag-consumidor","tag-marketing","tag-plano-de-saude"],"yoast_head":"<!-- This site is optimized with the Yoast SEO plugin v27.5 - https:\/\/yoast.com\/product\/yoast-seo-wordpress\/ -->\n<title>ANS suspende venda de 17 planos de sa\u00fade - CidadeMarketing<\/title>\n<meta name=\"robots\" content=\"index, follow, max-snippet:-1, max-image-preview:large, max-video-preview:-1\" \/>\n<link rel=\"canonical\" href=\"https:\/\/www.cidademarketing.com.br\/marketing\/2018\/11\/30\/ans-suspende-venda-de-17-planos-de-saude\/\" \/>\n<meta property=\"og:locale\" content=\"pt_BR\" \/>\n<meta property=\"og:type\" content=\"article\" \/>\n<meta property=\"og:title\" content=\"ANS suspende venda de 17 planos de sa\u00fade - CidadeMarketing\" \/>\n<meta property=\"og:description\" content=\"A Ag\u00eancia Nacional de Sa\u00fade Suplementar (ANS) divulga nesta sexta-feira (30\/11) os resultados trimestrais do Programa de Monitoramento da Garantia de Atendimento. Neste ciclo, a reguladora determinou a suspens\u00e3o tempor\u00e1ria da comercializa\u00e7\u00e3o de 17 planos de sa\u00fade de tr\u00eas operadoras em fun\u00e7\u00e3o de reclama\u00e7\u00f5es relacionadas a cobertura assistencial. A medida come\u00e7a a valer na pr\u00f3xima [&hellip;]\" \/>\n<meta property=\"og:url\" content=\"https:\/\/www.cidademarketing.com.br\/marketing\/2018\/11\/30\/ans-suspende-venda-de-17-planos-de-saude\/\" \/>\n<meta property=\"og:site_name\" content=\"CidadeMarketing\" \/>\n<meta property=\"article:publisher\" content=\"https:\/\/www.facebook.com\/portalcidademarketing\" \/>\n<meta property=\"article:author\" content=\"https:\/\/www.facebook.com\/thalesbrandao\" \/>\n<meta property=\"article:published_time\" content=\"2018-11-30T16:44:36+00:00\" \/>\n<meta property=\"og:image\" content=\"https:\/\/www.cidademarketing.com.br\/marketing\/wp-content\/uploads\/2018\/11\/planodesaude.png\" \/>\n\t<meta property=\"og:image:width\" content=\"400\" \/>\n\t<meta property=\"og:image:height\" content=\"409\" \/>\n\t<meta property=\"og:image:type\" content=\"image\/png\" \/>\n<meta name=\"author\" content=\"Thales Brand\u00e3o\" \/>\n<meta name=\"twitter:card\" content=\"summary_large_image\" \/>\n<meta name=\"twitter:creator\" content=\"@http:\/\/www.twitter.com\/thalesbrandao\" \/>\n<meta name=\"twitter:site\" content=\"@CidadeMarketing\" \/>\n<meta name=\"twitter:label1\" content=\"Escrito por\" \/>\n\t<meta name=\"twitter:data1\" content=\"Thales Brand\u00e3o\" \/>\n\t<meta name=\"twitter:label2\" content=\"Est. tempo de leitura\" \/>\n\t<meta name=\"twitter:data2\" content=\"3 minutos\" \/>\n<script type=\"application\/ld+json\" class=\"yoast-schema-graph\">{\"@context\":\"https:\\\/\\\/schema.org\",\"@graph\":[{\"@type\":\"Article\",\"@id\":\"https:\\\/\\\/www.cidademarketing.com.br\\\/marketing\\\/2018\\\/11\\\/30\\\/ans-suspende-venda-de-17-planos-de-saude\\\/#article\",\"isPartOf\":{\"@id\":\"https:\\\/\\\/www.cidademarketing.com.br\\\/marketing\\\/2018\\\/11\\\/30\\\/ans-suspende-venda-de-17-planos-de-saude\\\/\"},\"author\":{\"name\":\"Thales Brand\u00e3o\",\"@id\":\"https:\\\/\\\/www.cidademarketing.com.br\\\/marketing\\\/#\\\/schema\\\/person\\\/02daff9f18bd9378c9e01eb6b2db155f\"},\"headline\":\"ANS suspende venda de 17 planos de sa\u00fade\",\"datePublished\":\"2018-11-30T16:44:36+00:00\",\"mainEntityOfPage\":{\"@id\":\"https:\\\/\\\/www.cidademarketing.com.br\\\/marketing\\\/2018\\\/11\\\/30\\\/ans-suspende-venda-de-17-planos-de-saude\\\/\"},\"wordCount\":510,\"commentCount\":0,\"publisher\":{\"@id\":\"https:\\\/\\\/www.cidademarketing.com.br\\\/marketing\\\/#organization\"},\"image\":{\"@id\":\"https:\\\/\\\/www.cidademarketing.com.br\\\/marketing\\\/2018\\\/11\\\/30\\\/ans-suspende-venda-de-17-planos-de-saude\\\/#primaryimage\"},\"thumbnailUrl\":\"https:\\\/\\\/www.cidademarketing.com.br\\\/marketing\\\/wp-content\\\/uploads\\\/2018\\\/11\\\/planodesaude.png\",\"keywords\":[\"ANS\",\"consumidor\",\"marketing\",\"plano de sa\u00fade\"],\"articleSection\":[\"Consumidor\",\"Not\u00edcias\"],\"inLanguage\":\"pt-BR\",\"potentialAction\":[{\"@type\":\"CommentAction\",\"name\":\"Comment\",\"target\":[\"https:\\\/\\\/www.cidademarketing.com.br\\\/marketing\\\/2018\\\/11\\\/30\\\/ans-suspende-venda-de-17-planos-de-saude\\\/#respond\"]}]},{\"@type\":\"WebPage\",\"@id\":\"https:\\\/\\\/www.cidademarketing.com.br\\\/marketing\\\/2018\\\/11\\\/30\\\/ans-suspende-venda-de-17-planos-de-saude\\\/\",\"url\":\"https:\\\/\\\/www.cidademarketing.com.br\\\/marketing\\\/2018\\\/11\\\/30\\\/ans-suspende-venda-de-17-planos-de-saude\\\/\",\"name\":\"ANS suspende venda de 17 planos de sa\u00fade - CidadeMarketing\",\"isPartOf\":{\"@id\":\"https:\\\/\\\/www.cidademarketing.com.br\\\/marketing\\\/#website\"},\"primaryImageOfPage\":{\"@id\":\"https:\\\/\\\/www.cidademarketing.com.br\\\/marketing\\\/2018\\\/11\\\/30\\\/ans-suspende-venda-de-17-planos-de-saude\\\/#primaryimage\"},\"image\":{\"@id\":\"https:\\\/\\\/www.cidademarketing.com.br\\\/marketing\\\/2018\\\/11\\\/30\\\/ans-suspende-venda-de-17-planos-de-saude\\\/#primaryimage\"},\"thumbnailUrl\":\"https:\\\/\\\/www.cidademarketing.com.br\\\/marketing\\\/wp-content\\\/uploads\\\/2018\\\/11\\\/planodesaude.png\",\"datePublished\":\"2018-11-30T16:44:36+00:00\",\"breadcrumb\":{\"@id\":\"https:\\\/\\\/www.cidademarketing.com.br\\\/marketing\\\/2018\\\/11\\\/30\\\/ans-suspende-venda-de-17-planos-de-saude\\\/#breadcrumb\"},\"inLanguage\":\"pt-BR\",\"potentialAction\":[{\"@type\":\"ReadAction\",\"target\":[\"https:\\\/\\\/www.cidademarketing.com.br\\\/marketing\\\/2018\\\/11\\\/30\\\/ans-suspende-venda-de-17-planos-de-saude\\\/\"]}]},{\"@type\":\"ImageObject\",\"inLanguage\":\"pt-BR\",\"@id\":\"https:\\\/\\\/www.cidademarketing.com.br\\\/marketing\\\/2018\\\/11\\\/30\\\/ans-suspende-venda-de-17-planos-de-saude\\\/#primaryimage\",\"url\":\"https:\\\/\\\/www.cidademarketing.com.br\\\/marketing\\\/wp-content\\\/uploads\\\/2018\\\/11\\\/planodesaude.png\",\"contentUrl\":\"https:\\\/\\\/www.cidademarketing.com.br\\\/marketing\\\/wp-content\\\/uploads\\\/2018\\\/11\\\/planodesaude.png\",\"width\":400,\"height\":409},{\"@type\":\"BreadcrumbList\",\"@id\":\"https:\\\/\\\/www.cidademarketing.com.br\\\/marketing\\\/2018\\\/11\\\/30\\\/ans-suspende-venda-de-17-planos-de-saude\\\/#breadcrumb\",\"itemListElement\":[{\"@type\":\"ListItem\",\"position\":1,\"name\":\"In\u00edcio\",\"item\":\"https:\\\/\\\/www.cidademarketing.com.br\\\/marketing\\\/\"},{\"@type\":\"ListItem\",\"position\":2,\"name\":\"ANS suspende venda de 17 planos de sa\u00fade\"}]},{\"@type\":\"WebSite\",\"@id\":\"https:\\\/\\\/www.cidademarketing.com.br\\\/marketing\\\/#website\",\"url\":\"https:\\\/\\\/www.cidademarketing.com.br\\\/marketing\\\/\",\"name\":\"CidadeMarketing\",\"description\":\"Somos um ve\u00edculo de comunica\u00e7\u00e3o de destaque no Brasil, reconhecido por conte\u00fados nos segmentos de marketing, empreendedorismo e inova\u00e7\u00e3o.\",\"publisher\":{\"@id\":\"https:\\\/\\\/www.cidademarketing.com.br\\\/marketing\\\/#organization\"},\"alternateName\":\"CidadeMarketing\",\"potentialAction\":[{\"@type\":\"SearchAction\",\"target\":{\"@type\":\"EntryPoint\",\"urlTemplate\":\"https:\\\/\\\/www.cidademarketing.com.br\\\/marketing\\\/?s={search_term_string}\"},\"query-input\":{\"@type\":\"PropertyValueSpecification\",\"valueRequired\":true,\"valueName\":\"search_term_string\"}}],\"inLanguage\":\"pt-BR\"},{\"@type\":\"Organization\",\"@id\":\"https:\\\/\\\/www.cidademarketing.com.br\\\/marketing\\\/#organization\",\"name\":\"CidadeMarketing\",\"alternateName\":\"CidadeMarketing\",\"url\":\"https:\\\/\\\/www.cidademarketing.com.br\\\/marketing\\\/\",\"logo\":{\"@type\":\"ImageObject\",\"inLanguage\":\"pt-BR\",\"@id\":\"https:\\\/\\\/www.cidademarketing.com.br\\\/marketing\\\/#\\\/schema\\\/logo\\\/image\\\/\",\"url\":\"https:\\\/\\\/www.cidademarketing.com.br\\\/marketing\\\/wp-content\\\/uploads\\\/2020\\\/01\\\/cidademarketing_marca_mobile.png\",\"contentUrl\":\"https:\\\/\\\/www.cidademarketing.com.br\\\/marketing\\\/wp-content\\\/uploads\\\/2020\\\/01\\\/cidademarketing_marca_mobile.png\",\"width\":230,\"height\":92,\"caption\":\"CidadeMarketing\"},\"image\":{\"@id\":\"https:\\\/\\\/www.cidademarketing.com.br\\\/marketing\\\/#\\\/schema\\\/logo\\\/image\\\/\"},\"sameAs\":[\"https:\\\/\\\/www.facebook.com\\\/portalcidademarketing\",\"https:\\\/\\\/x.com\\\/CidadeMarketing\",\"https:\\\/\\\/www.instagram.com\\\/cidademarketing\\\/\"]},{\"@type\":\"Person\",\"@id\":\"https:\\\/\\\/www.cidademarketing.com.br\\\/marketing\\\/#\\\/schema\\\/person\\\/02daff9f18bd9378c9e01eb6b2db155f\",\"name\":\"Thales Brand\u00e3o\",\"image\":{\"@type\":\"ImageObject\",\"inLanguage\":\"pt-BR\",\"@id\":\"https:\\\/\\\/secure.gravatar.com\\\/avatar\\\/7ca3206950207cc3cb48feec56a8a7898741ab725c368d99d5d7a5a50aab80c6?s=96&d=mm&r=g\",\"url\":\"https:\\\/\\\/secure.gravatar.com\\\/avatar\\\/7ca3206950207cc3cb48feec56a8a7898741ab725c368d99d5d7a5a50aab80c6?s=96&d=mm&r=g\",\"contentUrl\":\"https:\\\/\\\/secure.gravatar.com\\\/avatar\\\/7ca3206950207cc3cb48feec56a8a7898741ab725c368d99d5d7a5a50aab80c6?s=96&d=mm&r=g\",\"caption\":\"Thales Brand\u00e3o\"},\"description\":\"Editor Executivo do Portal CidadeMarketing.com.br &gt; Mestre em Comunica\u00e7\u00e3o e Sociedade pela Universidade Federal de Sergipe. Possui MBA Executivo em Administra\u00e7\u00e3o com \u00eanfase em Marketing pela Funda\u00e7\u00e3o Get\u00falio Vargas - Rio de Janeiro. Consultor, Palestrante e Pesquisador sobre Empreendedorismo, Marketing, Redes Sociais e Neg\u00f3cios Digitais. Professor, Palestrante TedxTalks e Campus Party. Twitter: @ThalesBrandao\",\"sameAs\":[\"http:\\\/\\\/www.mandacaru.com.br\",\"https:\\\/\\\/www.facebook.com\\\/thalesbrandao\",\"http:\\\/\\\/www.instagram.com.br\\\/thalesbrandaoferreira\",\"https:\\\/\\\/www.linkedin.com\\\/in\\\/thales-brand\u00e3o-3948609\\\/\",\"https:\\\/\\\/x.com\\\/http:\\\/\\\/www.twitter.com\\\/thalesbrandao\"],\"url\":\"https:\\\/\\\/www.cidademarketing.com.br\\\/marketing\\\/author\\\/thalesbrandao\\\/\"}]}<\/script>\n<!-- \/ Yoast SEO plugin. -->","yoast_head_json":{"title":"ANS suspende venda de 17 planos de sa\u00fade - CidadeMarketing","robots":{"index":"index","follow":"follow","max-snippet":"max-snippet:-1","max-image-preview":"max-image-preview:large","max-video-preview":"max-video-preview:-1"},"canonical":"https:\/\/www.cidademarketing.com.br\/marketing\/2018\/11\/30\/ans-suspende-venda-de-17-planos-de-saude\/","og_locale":"pt_BR","og_type":"article","og_title":"ANS suspende venda de 17 planos de sa\u00fade - CidadeMarketing","og_description":"A Ag\u00eancia Nacional de Sa\u00fade Suplementar (ANS) divulga nesta sexta-feira (30\/11) os resultados trimestrais do Programa de Monitoramento da Garantia de Atendimento. Neste ciclo, a reguladora determinou a suspens\u00e3o tempor\u00e1ria da comercializa\u00e7\u00e3o de 17 planos de sa\u00fade de tr\u00eas operadoras em fun\u00e7\u00e3o de reclama\u00e7\u00f5es relacionadas a cobertura assistencial. A medida come\u00e7a a valer na pr\u00f3xima [&hellip;]","og_url":"https:\/\/www.cidademarketing.com.br\/marketing\/2018\/11\/30\/ans-suspende-venda-de-17-planos-de-saude\/","og_site_name":"CidadeMarketing","article_publisher":"https:\/\/www.facebook.com\/portalcidademarketing","article_author":"https:\/\/www.facebook.com\/thalesbrandao","article_published_time":"2018-11-30T16:44:36+00:00","og_image":[{"width":400,"height":409,"url":"https:\/\/www.cidademarketing.com.br\/marketing\/wp-content\/uploads\/2018\/11\/planodesaude.png","type":"image\/png"}],"author":"Thales Brand\u00e3o","twitter_card":"summary_large_image","twitter_creator":"@http:\/\/www.twitter.com\/thalesbrandao","twitter_site":"@CidadeMarketing","twitter_misc":{"Escrito por":"Thales Brand\u00e3o","Est. tempo de leitura":"3 minutos"},"schema":{"@context":"https:\/\/schema.org","@graph":[{"@type":"Article","@id":"https:\/\/www.cidademarketing.com.br\/marketing\/2018\/11\/30\/ans-suspende-venda-de-17-planos-de-saude\/#article","isPartOf":{"@id":"https:\/\/www.cidademarketing.com.br\/marketing\/2018\/11\/30\/ans-suspende-venda-de-17-planos-de-saude\/"},"author":{"name":"Thales Brand\u00e3o","@id":"https:\/\/www.cidademarketing.com.br\/marketing\/#\/schema\/person\/02daff9f18bd9378c9e01eb6b2db155f"},"headline":"ANS suspende venda de 17 planos de sa\u00fade","datePublished":"2018-11-30T16:44:36+00:00","mainEntityOfPage":{"@id":"https:\/\/www.cidademarketing.com.br\/marketing\/2018\/11\/30\/ans-suspende-venda-de-17-planos-de-saude\/"},"wordCount":510,"commentCount":0,"publisher":{"@id":"https:\/\/www.cidademarketing.com.br\/marketing\/#organization"},"image":{"@id":"https:\/\/www.cidademarketing.com.br\/marketing\/2018\/11\/30\/ans-suspende-venda-de-17-planos-de-saude\/#primaryimage"},"thumbnailUrl":"https:\/\/www.cidademarketing.com.br\/marketing\/wp-content\/uploads\/2018\/11\/planodesaude.png","keywords":["ANS","consumidor","marketing","plano de sa\u00fade"],"articleSection":["Consumidor","Not\u00edcias"],"inLanguage":"pt-BR","potentialAction":[{"@type":"CommentAction","name":"Comment","target":["https:\/\/www.cidademarketing.com.br\/marketing\/2018\/11\/30\/ans-suspende-venda-de-17-planos-de-saude\/#respond"]}]},{"@type":"WebPage","@id":"https:\/\/www.cidademarketing.com.br\/marketing\/2018\/11\/30\/ans-suspende-venda-de-17-planos-de-saude\/","url":"https:\/\/www.cidademarketing.com.br\/marketing\/2018\/11\/30\/ans-suspende-venda-de-17-planos-de-saude\/","name":"ANS suspende venda de 17 planos de sa\u00fade - CidadeMarketing","isPartOf":{"@id":"https:\/\/www.cidademarketing.com.br\/marketing\/#website"},"primaryImageOfPage":{"@id":"https:\/\/www.cidademarketing.com.br\/marketing\/2018\/11\/30\/ans-suspende-venda-de-17-planos-de-saude\/#primaryimage"},"image":{"@id":"https:\/\/www.cidademarketing.com.br\/marketing\/2018\/11\/30\/ans-suspende-venda-de-17-planos-de-saude\/#primaryimage"},"thumbnailUrl":"https:\/\/www.cidademarketing.com.br\/marketing\/wp-content\/uploads\/2018\/11\/planodesaude.png","datePublished":"2018-11-30T16:44:36+00:00","breadcrumb":{"@id":"https:\/\/www.cidademarketing.com.br\/marketing\/2018\/11\/30\/ans-suspende-venda-de-17-planos-de-saude\/#breadcrumb"},"inLanguage":"pt-BR","potentialAction":[{"@type":"ReadAction","target":["https:\/\/www.cidademarketing.com.br\/marketing\/2018\/11\/30\/ans-suspende-venda-de-17-planos-de-saude\/"]}]},{"@type":"ImageObject","inLanguage":"pt-BR","@id":"https:\/\/www.cidademarketing.com.br\/marketing\/2018\/11\/30\/ans-suspende-venda-de-17-planos-de-saude\/#primaryimage","url":"https:\/\/www.cidademarketing.com.br\/marketing\/wp-content\/uploads\/2018\/11\/planodesaude.png","contentUrl":"https:\/\/www.cidademarketing.com.br\/marketing\/wp-content\/uploads\/2018\/11\/planodesaude.png","width":400,"height":409},{"@type":"BreadcrumbList","@id":"https:\/\/www.cidademarketing.com.br\/marketing\/2018\/11\/30\/ans-suspende-venda-de-17-planos-de-saude\/#breadcrumb","itemListElement":[{"@type":"ListItem","position":1,"name":"In\u00edcio","item":"https:\/\/www.cidademarketing.com.br\/marketing\/"},{"@type":"ListItem","position":2,"name":"ANS suspende venda de 17 planos de sa\u00fade"}]},{"@type":"WebSite","@id":"https:\/\/www.cidademarketing.com.br\/marketing\/#website","url":"https:\/\/www.cidademarketing.com.br\/marketing\/","name":"CidadeMarketing","description":"Somos um ve\u00edculo de comunica\u00e7\u00e3o de destaque no Brasil, reconhecido por conte\u00fados nos segmentos de marketing, empreendedorismo e inova\u00e7\u00e3o.","publisher":{"@id":"https:\/\/www.cidademarketing.com.br\/marketing\/#organization"},"alternateName":"CidadeMarketing","potentialAction":[{"@type":"SearchAction","target":{"@type":"EntryPoint","urlTemplate":"https:\/\/www.cidademarketing.com.br\/marketing\/?s={search_term_string}"},"query-input":{"@type":"PropertyValueSpecification","valueRequired":true,"valueName":"search_term_string"}}],"inLanguage":"pt-BR"},{"@type":"Organization","@id":"https:\/\/www.cidademarketing.com.br\/marketing\/#organization","name":"CidadeMarketing","alternateName":"CidadeMarketing","url":"https:\/\/www.cidademarketing.com.br\/marketing\/","logo":{"@type":"ImageObject","inLanguage":"pt-BR","@id":"https:\/\/www.cidademarketing.com.br\/marketing\/#\/schema\/logo\/image\/","url":"https:\/\/www.cidademarketing.com.br\/marketing\/wp-content\/uploads\/2020\/01\/cidademarketing_marca_mobile.png","contentUrl":"https:\/\/www.cidademarketing.com.br\/marketing\/wp-content\/uploads\/2020\/01\/cidademarketing_marca_mobile.png","width":230,"height":92,"caption":"CidadeMarketing"},"image":{"@id":"https:\/\/www.cidademarketing.com.br\/marketing\/#\/schema\/logo\/image\/"},"sameAs":["https:\/\/www.facebook.com\/portalcidademarketing","https:\/\/x.com\/CidadeMarketing","https:\/\/www.instagram.com\/cidademarketing\/"]},{"@type":"Person","@id":"https:\/\/www.cidademarketing.com.br\/marketing\/#\/schema\/person\/02daff9f18bd9378c9e01eb6b2db155f","name":"Thales Brand\u00e3o","image":{"@type":"ImageObject","inLanguage":"pt-BR","@id":"https:\/\/secure.gravatar.com\/avatar\/7ca3206950207cc3cb48feec56a8a7898741ab725c368d99d5d7a5a50aab80c6?s=96&d=mm&r=g","url":"https:\/\/secure.gravatar.com\/avatar\/7ca3206950207cc3cb48feec56a8a7898741ab725c368d99d5d7a5a50aab80c6?s=96&d=mm&r=g","contentUrl":"https:\/\/secure.gravatar.com\/avatar\/7ca3206950207cc3cb48feec56a8a7898741ab725c368d99d5d7a5a50aab80c6?s=96&d=mm&r=g","caption":"Thales Brand\u00e3o"},"description":"Editor Executivo do Portal CidadeMarketing.com.br &gt; Mestre em Comunica\u00e7\u00e3o e Sociedade pela Universidade Federal de Sergipe. Possui MBA Executivo em Administra\u00e7\u00e3o com \u00eanfase em Marketing pela Funda\u00e7\u00e3o Get\u00falio Vargas - Rio de Janeiro. Consultor, Palestrante e Pesquisador sobre Empreendedorismo, Marketing, Redes Sociais e Neg\u00f3cios Digitais. Professor, Palestrante TedxTalks e Campus Party. Twitter: @ThalesBrandao","sameAs":["http:\/\/www.mandacaru.com.br","https:\/\/www.facebook.com\/thalesbrandao","http:\/\/www.instagram.com.br\/thalesbrandaoferreira","https:\/\/www.linkedin.com\/in\/thales-brand\u00e3o-3948609\/","https:\/\/x.com\/http:\/\/www.twitter.com\/thalesbrandao"],"url":"https:\/\/www.cidademarketing.com.br\/marketing\/author\/thalesbrandao\/"}]}},"amp_enabled":true,"_links":{"self":[{"href":"https:\/\/www.cidademarketing.com.br\/marketing\/wp-json\/wp\/v2\/posts\/3375","targetHints":{"allow":["GET"]}}],"collection":[{"href":"https:\/\/www.cidademarketing.com.br\/marketing\/wp-json\/wp\/v2\/posts"}],"about":[{"href":"https:\/\/www.cidademarketing.com.br\/marketing\/wp-json\/wp\/v2\/types\/post"}],"author":[{"embeddable":true,"href":"https:\/\/www.cidademarketing.com.br\/marketing\/wp-json\/wp\/v2\/users\/1"}],"replies":[{"embeddable":true,"href":"https:\/\/www.cidademarketing.com.br\/marketing\/wp-json\/wp\/v2\/comments?post=3375"}],"version-history":[{"count":1,"href":"https:\/\/www.cidademarketing.com.br\/marketing\/wp-json\/wp\/v2\/posts\/3375\/revisions"}],"predecessor-version":[{"id":3378,"href":"https:\/\/www.cidademarketing.com.br\/marketing\/wp-json\/wp\/v2\/posts\/3375\/revisions\/3378"}],"wp:featuredmedia":[{"embeddable":true,"href":"https:\/\/www.cidademarketing.com.br\/marketing\/wp-json\/wp\/v2\/media\/3377"}],"wp:attachment":[{"href":"https:\/\/www.cidademarketing.com.br\/marketing\/wp-json\/wp\/v2\/media?parent=3375"}],"wp:term":[{"taxonomy":"category","embeddable":true,"href":"https:\/\/www.cidademarketing.com.br\/marketing\/wp-json\/wp\/v2\/categories?post=3375"},{"taxonomy":"post_tag","embeddable":true,"href":"https:\/\/www.cidademarketing.com.br\/marketing\/wp-json\/wp\/v2\/tags?post=3375"}],"curies":[{"name":"wp","href":"https:\/\/api.w.org\/{rel}","templated":true}]}}