{"id":33705,"date":"2022-01-11T09:25:43","date_gmt":"2022-01-11T12:25:43","guid":{"rendered":"https:\/\/www.cidademarketing.com.br\/marketing\/?p=33705"},"modified":"2022-01-11T09:25:43","modified_gmt":"2022-01-11T12:25:43","slug":"procon-sp-notifica-empresas-aereas","status":"publish","type":"post","link":"https:\/\/www.cidademarketing.com.br\/marketing\/2022\/01\/11\/procon-sp-notifica-empresas-aereas\/","title":{"rendered":"Procon-SP notifica empresas a\u00e9reas"},"content":{"rendered":"<p class=\"western\" align=\"justify\">O Procon-SP notificou ontem (10\/1) as companhias a\u00e9reas Azul, Gol e Latam pedindo explica\u00e7\u00f5es sobre os cancelamentos de voos ocorridos nos \u00faltimos dias tendo em vista o aumento de casos de covid e influenza nas tripula\u00e7\u00f5es. As empresas dever\u00e3o informar at\u00e9 a pr\u00f3xima quarta-feira quantos voos foram cancelados, quantos passageiros foram afetados, a previs\u00e3o para os pr\u00f3ximos quinze dias e qual o plano de conting\u00eancia para minimizar os danos sofridos pelos consumidores.<\/p>\n<p class=\"western\" align=\"justify\">As a\u00e9reas tamb\u00e9m dever\u00e3o explicar como, e com qual anteced\u00eancia, os consumidores est\u00e3o sendo informados, se est\u00e3o recebendo assist\u00eancia material e quantos passageiros optaram pelo reembolso ou pela reacomoda\u00e7\u00e3o em outro voo. No caso de reembolso, o Procon-SP quer saber em que prazo ser\u00e1 feito pelas empresas.<\/p>\n<div class=\"youtube-embed\" data-video_id=\"MZqGnZr-OT8\"><iframe title=\"CANCELAMENTO DE VOOS\" width=\"640\" height=\"360\" src=\"https:\/\/www.youtube.com\/embed\/MZqGnZr-OT8?feature=oembed&#038;enablejsapi=1\" frameborder=\"0\" allow=\"accelerometer; autoplay; clipboard-write; encrypted-media; gyroscope; picture-in-picture; web-share\" referrerpolicy=\"strict-origin-when-cross-origin\" allowfullscreen><\/iframe><\/div>\n<p align=\"justify\">\n<p class=\"western\" align=\"justify\">\u201c<i>Estamos vivendo um novo surto de pandemia, que tem provocado uma s\u00e9rie de consequ\u00eancias, como os cancelamentos de voos. Mesmo n\u00e3o sendo respons\u00e1vel por esses cancelamentos, a empresa a\u00e9rea tem o dever de devolver o dinheiro ao consumidor ou, se ele preferir, remarcar a data do voo sem qualquer despesa adicional\u201d<\/i>, explica o diretor executivo do Procon-SP, Fernando Capez.\u00a0<i>\u201cComo a lei 14.034, que beneficiava as companhias a\u00e9reas, n\u00e3o est\u00e1 mais em vigor esse reembolso deve ser feito em at\u00e9 sete dias a partir da solicita\u00e7\u00e3o\u201d<\/i>, conclui.<\/p>\n<p align=\"justify\">\n<p class=\"western\" align=\"justify\"><b>Tripula\u00e7\u00e3o<\/b><\/p>\n<p class=\"western\" align=\"justify\">O Procon-SP tamb\u00e9m questiona as empresas sobre quantos funcion\u00e1rios est\u00e3o com covid e com influenza no momento, se foi exigida vacina\u00e7\u00e3o para ambas as doen\u00e7as, se existe testagem cont\u00ednua dos funcion\u00e1rios e se \u00e9 adotada escala subsidi\u00e1ria para a tripula\u00e7\u00e3o (reserva de seguran\u00e7a para a manuten\u00e7\u00e3o dos servi\u00e7os).<\/p>\n<p class=\"western\" align=\"justify\"><b>Mudan\u00e7a das regras \u2013 reembolso em sete dias<\/b><\/p>\n<p class=\"western\" align=\"justify\">Desde o in\u00edcio deste ano, a Lei n\u00ba 14.034\/2020, que determinava medidas emergenciais para a avia\u00e7\u00e3o civil brasileira em raz\u00e3o da pandemia da covid-19 e dava o prazo de at\u00e9 12 meses para reembolsar o consumidor em caso de cancelamento de voo, deixou de valer.<\/p>\n<p class=\"western\" align=\"justify\">Atualmente, est\u00e3o valendo as regras do C\u00f3digo de Defesa do Consumidor e da Resolu\u00e7\u00e3o 400 de 2016 da Anac. Cancelamentos de voo, ainda que por motivo de for\u00e7a maior e que n\u00e3o sejam por culpa da companhia a\u00e9rea, como casos de covid, por exemplo, d\u00e3o ao consumidor o direito a reacomoda\u00e7\u00e3o em outro voo ou ao reembolso integral dos valores pagos dentro de um prazo de at\u00e9 sete dias. O consumidor tamb\u00e9m pode optar pela remarca\u00e7\u00e3o da passagem sem qualquer custo.<\/p>\n<p class=\"western\" align=\"justify\">Ainda de acordo com a resolu\u00e7\u00e3o, no caso de o cancelamento partir do passageiro, a empresa pode cobrar as multas previstas no contrato para o reembolso, por\u00e9m para o Procon-SP essas multas n\u00e3o podem ser abusivas e os valores devem ser condizentes com o valor pago pela passagem. Em qualquer caso, a empresa tem 7 dias para fazer o reembolso, contados a partir do pedido do passageiro.<\/p>\n<p class=\"western\" align=\"justify\">Al\u00e9m disso, as outras regras referentes a cancelamento ou atraso de voos continuam valendo, tais como: para atraso de uma hora o consumidor tem direito \u00e0 utiliza\u00e7\u00e3o de canais de comunica\u00e7\u00e3o, como internet e telefone; para atraso de duas horas, a empresa deve oferecer alimenta\u00e7\u00e3o adequada e para atraso superior a quatro horas, o consumidor tem direito a servi\u00e7o de hospedagem, em caso de pernoite e traslado.<\/p>\n<p class=\"western\" align=\"justify\">A Lei n\u00ba 14.034\/2020 (alterada posteriormente pela Lei n\u00ba 14.174\/2021), que era v\u00e1lida para voos entre 19 de mar\u00e7o de 2020 e 31 de dezembro de 2021, determinava que os passageiros que cancelassem a viagem tinham duas op\u00e7\u00f5es: receber valor pago na passagem como cr\u00e9dito para utiliza\u00e7\u00e3o futura e ficar isento de cobran\u00e7a de multa contratual ou ser reembolsado dentro de 12 meses, a contar da data do voo cancelado, por\u00e9m sujeito \u00e0s regras contratuais da tarifa adquirida.<\/p>\n<p class=\"western\" align=\"justify\"><b>Reclame no Procon-SP<\/b><\/p>\n<p class=\"western\" align=\"justify\">Caso a empresa n\u00e3o respeite a escolha do consumidor e n\u00e3o fa\u00e7a a devolu\u00e7\u00e3o de valores (ou a remarca\u00e7\u00e3o), ele deve registrar uma reclama\u00e7\u00e3o no Procon-SP (<span lang=\"zxx\"><u><a href=\"http:\/\/www.procon.sp.gov.br\/\" target=\"_blank\" rel=\"noopener\">www.procon.sp.gov.br<\/a><\/u><\/span>). A empresa que n\u00e3o cumprir o estabelecido na lei fica sujeita \u00e0 multa de at\u00e9 11 milh\u00f5es de reais.<\/p>\n","protected":false},"excerpt":{"rendered":"<p>O Procon-SP notificou ontem (10\/1) as companhias a\u00e9reas Azul, Gol e Latam pedindo explica\u00e7\u00f5es sobre os cancelamentos de voos ocorridos nos \u00faltimos dias tendo em vista o aumento de casos de covid e influenza nas tripula\u00e7\u00f5es. As empresas dever\u00e3o informar at\u00e9 a pr\u00f3xima quarta-feira quantos voos foram cancelados, quantos passageiros foram afetados, a previs\u00e3o para [&hellip;]<\/p>\n","protected":false},"author":1,"featured_media":14509,"comment_status":"open","ping_status":"open","sticky":false,"template":"","format":"standard","meta":{"tdm_status":"","tdm_grid_status":"","footnotes":""},"categories":[9,6],"tags":[308,51,33,28,1692],"class_list":["post-33705","post","type-post","status-publish","format-standard","has-post-thumbnail","hentry","category-consumidor","category-noticias","tag-comunicacao","tag-consumidor","tag-estrategia","tag-marketing","tag-procon-sp-2"],"yoast_head":"<!-- This site is optimized with the Yoast SEO plugin v27.4 - https:\/\/yoast.com\/product\/yoast-seo-wordpress\/ -->\n<title>Procon-SP notifica empresas a\u00e9reas - CidadeMarketing<\/title>\n<meta name=\"robots\" content=\"index, follow, max-snippet:-1, max-image-preview:large, max-video-preview:-1\" \/>\n<link rel=\"canonical\" href=\"https:\/\/www.cidademarketing.com.br\/marketing\/2022\/01\/11\/procon-sp-notifica-empresas-aereas\/\" \/>\n<meta property=\"og:locale\" content=\"pt_BR\" \/>\n<meta property=\"og:type\" content=\"article\" \/>\n<meta property=\"og:title\" content=\"Procon-SP notifica empresas a\u00e9reas - CidadeMarketing\" \/>\n<meta property=\"og:description\" content=\"O Procon-SP notificou ontem (10\/1) as companhias a\u00e9reas Azul, Gol e Latam pedindo explica\u00e7\u00f5es sobre os cancelamentos de voos ocorridos nos \u00faltimos dias tendo em vista o aumento de casos de covid e influenza nas tripula\u00e7\u00f5es. As empresas dever\u00e3o informar at\u00e9 a pr\u00f3xima quarta-feira quantos voos foram cancelados, quantos passageiros foram afetados, a previs\u00e3o para [&hellip;]\" \/>\n<meta property=\"og:url\" content=\"https:\/\/www.cidademarketing.com.br\/marketing\/2022\/01\/11\/procon-sp-notifica-empresas-aereas\/\" \/>\n<meta property=\"og:site_name\" content=\"CidadeMarketing\" \/>\n<meta property=\"article:publisher\" content=\"https:\/\/www.facebook.com\/portalcidademarketing\" \/>\n<meta property=\"article:author\" content=\"https:\/\/www.facebook.com\/thalesbrandao\" \/>\n<meta property=\"article:published_time\" content=\"2022-01-11T12:25:43+00:00\" \/>\n<meta property=\"og:image\" content=\"https:\/\/www.cidademarketing.com.br\/marketing\/wp-content\/uploads\/2020\/02\/aeroporto_thalesbrandao.png\" \/>\n\t<meta property=\"og:image:width\" content=\"665\" \/>\n\t<meta property=\"og:image:height\" content=\"660\" \/>\n\t<meta property=\"og:image:type\" content=\"image\/png\" \/>\n<meta name=\"author\" content=\"Thales Brand\u00e3o\" \/>\n<meta name=\"twitter:card\" content=\"summary_large_image\" \/>\n<meta name=\"twitter:creator\" content=\"@http:\/\/www.twitter.com\/thalesbrandao\" \/>\n<meta name=\"twitter:site\" content=\"@CidadeMarketing\" \/>\n<meta name=\"twitter:label1\" content=\"Escrito por\" \/>\n\t<meta name=\"twitter:data1\" content=\"Thales Brand\u00e3o\" \/>\n\t<meta name=\"twitter:label2\" content=\"Est. tempo de leitura\" \/>\n\t<meta name=\"twitter:data2\" content=\"4 minutos\" \/>\n<script type=\"application\/ld+json\" class=\"yoast-schema-graph\">{\"@context\":\"https:\\\/\\\/schema.org\",\"@graph\":[{\"@type\":\"Article\",\"@id\":\"https:\\\/\\\/www.cidademarketing.com.br\\\/marketing\\\/2022\\\/01\\\/11\\\/procon-sp-notifica-empresas-aereas\\\/#article\",\"isPartOf\":{\"@id\":\"https:\\\/\\\/www.cidademarketing.com.br\\\/marketing\\\/2022\\\/01\\\/11\\\/procon-sp-notifica-empresas-aereas\\\/\"},\"author\":{\"name\":\"Thales Brand\u00e3o\",\"@id\":\"https:\\\/\\\/www.cidademarketing.com.br\\\/marketing\\\/#\\\/schema\\\/person\\\/02daff9f18bd9378c9e01eb6b2db155f\"},\"headline\":\"Procon-SP notifica empresas a\u00e9reas\",\"datePublished\":\"2022-01-11T12:25:43+00:00\",\"mainEntityOfPage\":{\"@id\":\"https:\\\/\\\/www.cidademarketing.com.br\\\/marketing\\\/2022\\\/01\\\/11\\\/procon-sp-notifica-empresas-aereas\\\/\"},\"wordCount\":726,\"commentCount\":0,\"publisher\":{\"@id\":\"https:\\\/\\\/www.cidademarketing.com.br\\\/marketing\\\/#organization\"},\"image\":{\"@id\":\"https:\\\/\\\/www.cidademarketing.com.br\\\/marketing\\\/2022\\\/01\\\/11\\\/procon-sp-notifica-empresas-aereas\\\/#primaryimage\"},\"thumbnailUrl\":\"https:\\\/\\\/www.cidademarketing.com.br\\\/marketing\\\/wp-content\\\/uploads\\\/2020\\\/02\\\/aeroporto_thalesbrandao.png\",\"keywords\":[\"comunica\u00e7\u00e3o\",\"consumidor\",\"estrat\u00e9gia\",\"marketing\",\"Procon-SP\"],\"articleSection\":[\"Consumidor\",\"Not\u00edcias\"],\"inLanguage\":\"pt-BR\",\"potentialAction\":[{\"@type\":\"CommentAction\",\"name\":\"Comment\",\"target\":[\"https:\\\/\\\/www.cidademarketing.com.br\\\/marketing\\\/2022\\\/01\\\/11\\\/procon-sp-notifica-empresas-aereas\\\/#respond\"]}]},{\"@type\":\"WebPage\",\"@id\":\"https:\\\/\\\/www.cidademarketing.com.br\\\/marketing\\\/2022\\\/01\\\/11\\\/procon-sp-notifica-empresas-aereas\\\/\",\"url\":\"https:\\\/\\\/www.cidademarketing.com.br\\\/marketing\\\/2022\\\/01\\\/11\\\/procon-sp-notifica-empresas-aereas\\\/\",\"name\":\"Procon-SP notifica empresas a\u00e9reas - CidadeMarketing\",\"isPartOf\":{\"@id\":\"https:\\\/\\\/www.cidademarketing.com.br\\\/marketing\\\/#website\"},\"primaryImageOfPage\":{\"@id\":\"https:\\\/\\\/www.cidademarketing.com.br\\\/marketing\\\/2022\\\/01\\\/11\\\/procon-sp-notifica-empresas-aereas\\\/#primaryimage\"},\"image\":{\"@id\":\"https:\\\/\\\/www.cidademarketing.com.br\\\/marketing\\\/2022\\\/01\\\/11\\\/procon-sp-notifica-empresas-aereas\\\/#primaryimage\"},\"thumbnailUrl\":\"https:\\\/\\\/www.cidademarketing.com.br\\\/marketing\\\/wp-content\\\/uploads\\\/2020\\\/02\\\/aeroporto_thalesbrandao.png\",\"datePublished\":\"2022-01-11T12:25:43+00:00\",\"breadcrumb\":{\"@id\":\"https:\\\/\\\/www.cidademarketing.com.br\\\/marketing\\\/2022\\\/01\\\/11\\\/procon-sp-notifica-empresas-aereas\\\/#breadcrumb\"},\"inLanguage\":\"pt-BR\",\"potentialAction\":[{\"@type\":\"ReadAction\",\"target\":[\"https:\\\/\\\/www.cidademarketing.com.br\\\/marketing\\\/2022\\\/01\\\/11\\\/procon-sp-notifica-empresas-aereas\\\/\"]}]},{\"@type\":\"ImageObject\",\"inLanguage\":\"pt-BR\",\"@id\":\"https:\\\/\\\/www.cidademarketing.com.br\\\/marketing\\\/2022\\\/01\\\/11\\\/procon-sp-notifica-empresas-aereas\\\/#primaryimage\",\"url\":\"https:\\\/\\\/www.cidademarketing.com.br\\\/marketing\\\/wp-content\\\/uploads\\\/2020\\\/02\\\/aeroporto_thalesbrandao.png\",\"contentUrl\":\"https:\\\/\\\/www.cidademarketing.com.br\\\/marketing\\\/wp-content\\\/uploads\\\/2020\\\/02\\\/aeroporto_thalesbrandao.png\",\"width\":665,\"height\":660,\"caption\":\"Aeroporto de Guarulhos\\\/SP - Foto: Thales Brand\u00e3o\"},{\"@type\":\"BreadcrumbList\",\"@id\":\"https:\\\/\\\/www.cidademarketing.com.br\\\/marketing\\\/2022\\\/01\\\/11\\\/procon-sp-notifica-empresas-aereas\\\/#breadcrumb\",\"itemListElement\":[{\"@type\":\"ListItem\",\"position\":1,\"name\":\"In\u00edcio\",\"item\":\"https:\\\/\\\/www.cidademarketing.com.br\\\/marketing\\\/\"},{\"@type\":\"ListItem\",\"position\":2,\"name\":\"Procon-SP notifica empresas a\u00e9reas\"}]},{\"@type\":\"WebSite\",\"@id\":\"https:\\\/\\\/www.cidademarketing.com.br\\\/marketing\\\/#website\",\"url\":\"https:\\\/\\\/www.cidademarketing.com.br\\\/marketing\\\/\",\"name\":\"CidadeMarketing\",\"description\":\"Somos um ve\u00edculo de comunica\u00e7\u00e3o de destaque no Brasil, reconhecido por conte\u00fados nos segmentos de marketing, empreendedorismo e inova\u00e7\u00e3o.\",\"publisher\":{\"@id\":\"https:\\\/\\\/www.cidademarketing.com.br\\\/marketing\\\/#organization\"},\"alternateName\":\"CidadeMarketing\",\"potentialAction\":[{\"@type\":\"SearchAction\",\"target\":{\"@type\":\"EntryPoint\",\"urlTemplate\":\"https:\\\/\\\/www.cidademarketing.com.br\\\/marketing\\\/?s={search_term_string}\"},\"query-input\":{\"@type\":\"PropertyValueSpecification\",\"valueRequired\":true,\"valueName\":\"search_term_string\"}}],\"inLanguage\":\"pt-BR\"},{\"@type\":\"Organization\",\"@id\":\"https:\\\/\\\/www.cidademarketing.com.br\\\/marketing\\\/#organization\",\"name\":\"CidadeMarketing\",\"alternateName\":\"CidadeMarketing\",\"url\":\"https:\\\/\\\/www.cidademarketing.com.br\\\/marketing\\\/\",\"logo\":{\"@type\":\"ImageObject\",\"inLanguage\":\"pt-BR\",\"@id\":\"https:\\\/\\\/www.cidademarketing.com.br\\\/marketing\\\/#\\\/schema\\\/logo\\\/image\\\/\",\"url\":\"https:\\\/\\\/www.cidademarketing.com.br\\\/marketing\\\/wp-content\\\/uploads\\\/2020\\\/01\\\/cidademarketing_marca_mobile.png\",\"contentUrl\":\"https:\\\/\\\/www.cidademarketing.com.br\\\/marketing\\\/wp-content\\\/uploads\\\/2020\\\/01\\\/cidademarketing_marca_mobile.png\",\"width\":230,\"height\":92,\"caption\":\"CidadeMarketing\"},\"image\":{\"@id\":\"https:\\\/\\\/www.cidademarketing.com.br\\\/marketing\\\/#\\\/schema\\\/logo\\\/image\\\/\"},\"sameAs\":[\"https:\\\/\\\/www.facebook.com\\\/portalcidademarketing\",\"https:\\\/\\\/x.com\\\/CidadeMarketing\",\"https:\\\/\\\/www.instagram.com\\\/cidademarketing\\\/\"]},{\"@type\":\"Person\",\"@id\":\"https:\\\/\\\/www.cidademarketing.com.br\\\/marketing\\\/#\\\/schema\\\/person\\\/02daff9f18bd9378c9e01eb6b2db155f\",\"name\":\"Thales Brand\u00e3o\",\"image\":{\"@type\":\"ImageObject\",\"inLanguage\":\"pt-BR\",\"@id\":\"https:\\\/\\\/secure.gravatar.com\\\/avatar\\\/7ca3206950207cc3cb48feec56a8a7898741ab725c368d99d5d7a5a50aab80c6?s=96&d=mm&r=g\",\"url\":\"https:\\\/\\\/secure.gravatar.com\\\/avatar\\\/7ca3206950207cc3cb48feec56a8a7898741ab725c368d99d5d7a5a50aab80c6?s=96&d=mm&r=g\",\"contentUrl\":\"https:\\\/\\\/secure.gravatar.com\\\/avatar\\\/7ca3206950207cc3cb48feec56a8a7898741ab725c368d99d5d7a5a50aab80c6?s=96&d=mm&r=g\",\"caption\":\"Thales Brand\u00e3o\"},\"description\":\"Editor Executivo do Portal CidadeMarketing.com.br &gt; Mestre em Comunica\u00e7\u00e3o e Sociedade pela Universidade Federal de Sergipe. Possui MBA Executivo em Administra\u00e7\u00e3o com \u00eanfase em Marketing pela Funda\u00e7\u00e3o Get\u00falio Vargas - Rio de Janeiro. Consultor, Palestrante e Pesquisador sobre Empreendedorismo, Marketing, Redes Sociais e Neg\u00f3cios Digitais. Professor, Palestrante TedxTalks e Campus Party. Twitter: @ThalesBrandao\",\"sameAs\":[\"http:\\\/\\\/www.mandacaru.com.br\",\"https:\\\/\\\/www.facebook.com\\\/thalesbrandao\",\"http:\\\/\\\/www.instagram.com.br\\\/thalesbrandaoferreira\",\"https:\\\/\\\/www.linkedin.com\\\/in\\\/thales-brand\u00e3o-3948609\\\/\",\"https:\\\/\\\/x.com\\\/http:\\\/\\\/www.twitter.com\\\/thalesbrandao\"],\"url\":\"https:\\\/\\\/www.cidademarketing.com.br\\\/marketing\\\/author\\\/thalesbrandao\\\/\"}]}<\/script>\n<!-- \/ Yoast SEO plugin. -->","yoast_head_json":{"title":"Procon-SP notifica empresas a\u00e9reas - CidadeMarketing","robots":{"index":"index","follow":"follow","max-snippet":"max-snippet:-1","max-image-preview":"max-image-preview:large","max-video-preview":"max-video-preview:-1"},"canonical":"https:\/\/www.cidademarketing.com.br\/marketing\/2022\/01\/11\/procon-sp-notifica-empresas-aereas\/","og_locale":"pt_BR","og_type":"article","og_title":"Procon-SP notifica empresas a\u00e9reas - CidadeMarketing","og_description":"O Procon-SP notificou ontem (10\/1) as companhias a\u00e9reas Azul, Gol e Latam pedindo explica\u00e7\u00f5es sobre os cancelamentos de voos ocorridos nos \u00faltimos dias tendo em vista o aumento de casos de covid e influenza nas tripula\u00e7\u00f5es. As empresas dever\u00e3o informar at\u00e9 a pr\u00f3xima quarta-feira quantos voos foram cancelados, quantos passageiros foram afetados, a previs\u00e3o para [&hellip;]","og_url":"https:\/\/www.cidademarketing.com.br\/marketing\/2022\/01\/11\/procon-sp-notifica-empresas-aereas\/","og_site_name":"CidadeMarketing","article_publisher":"https:\/\/www.facebook.com\/portalcidademarketing","article_author":"https:\/\/www.facebook.com\/thalesbrandao","article_published_time":"2022-01-11T12:25:43+00:00","og_image":[{"width":665,"height":660,"url":"https:\/\/www.cidademarketing.com.br\/marketing\/wp-content\/uploads\/2020\/02\/aeroporto_thalesbrandao.png","type":"image\/png"}],"author":"Thales Brand\u00e3o","twitter_card":"summary_large_image","twitter_creator":"@http:\/\/www.twitter.com\/thalesbrandao","twitter_site":"@CidadeMarketing","twitter_misc":{"Escrito por":"Thales Brand\u00e3o","Est. tempo de leitura":"4 minutos"},"schema":{"@context":"https:\/\/schema.org","@graph":[{"@type":"Article","@id":"https:\/\/www.cidademarketing.com.br\/marketing\/2022\/01\/11\/procon-sp-notifica-empresas-aereas\/#article","isPartOf":{"@id":"https:\/\/www.cidademarketing.com.br\/marketing\/2022\/01\/11\/procon-sp-notifica-empresas-aereas\/"},"author":{"name":"Thales Brand\u00e3o","@id":"https:\/\/www.cidademarketing.com.br\/marketing\/#\/schema\/person\/02daff9f18bd9378c9e01eb6b2db155f"},"headline":"Procon-SP notifica empresas a\u00e9reas","datePublished":"2022-01-11T12:25:43+00:00","mainEntityOfPage":{"@id":"https:\/\/www.cidademarketing.com.br\/marketing\/2022\/01\/11\/procon-sp-notifica-empresas-aereas\/"},"wordCount":726,"commentCount":0,"publisher":{"@id":"https:\/\/www.cidademarketing.com.br\/marketing\/#organization"},"image":{"@id":"https:\/\/www.cidademarketing.com.br\/marketing\/2022\/01\/11\/procon-sp-notifica-empresas-aereas\/#primaryimage"},"thumbnailUrl":"https:\/\/www.cidademarketing.com.br\/marketing\/wp-content\/uploads\/2020\/02\/aeroporto_thalesbrandao.png","keywords":["comunica\u00e7\u00e3o","consumidor","estrat\u00e9gia","marketing","Procon-SP"],"articleSection":["Consumidor","Not\u00edcias"],"inLanguage":"pt-BR","potentialAction":[{"@type":"CommentAction","name":"Comment","target":["https:\/\/www.cidademarketing.com.br\/marketing\/2022\/01\/11\/procon-sp-notifica-empresas-aereas\/#respond"]}]},{"@type":"WebPage","@id":"https:\/\/www.cidademarketing.com.br\/marketing\/2022\/01\/11\/procon-sp-notifica-empresas-aereas\/","url":"https:\/\/www.cidademarketing.com.br\/marketing\/2022\/01\/11\/procon-sp-notifica-empresas-aereas\/","name":"Procon-SP notifica empresas a\u00e9reas - CidadeMarketing","isPartOf":{"@id":"https:\/\/www.cidademarketing.com.br\/marketing\/#website"},"primaryImageOfPage":{"@id":"https:\/\/www.cidademarketing.com.br\/marketing\/2022\/01\/11\/procon-sp-notifica-empresas-aereas\/#primaryimage"},"image":{"@id":"https:\/\/www.cidademarketing.com.br\/marketing\/2022\/01\/11\/procon-sp-notifica-empresas-aereas\/#primaryimage"},"thumbnailUrl":"https:\/\/www.cidademarketing.com.br\/marketing\/wp-content\/uploads\/2020\/02\/aeroporto_thalesbrandao.png","datePublished":"2022-01-11T12:25:43+00:00","breadcrumb":{"@id":"https:\/\/www.cidademarketing.com.br\/marketing\/2022\/01\/11\/procon-sp-notifica-empresas-aereas\/#breadcrumb"},"inLanguage":"pt-BR","potentialAction":[{"@type":"ReadAction","target":["https:\/\/www.cidademarketing.com.br\/marketing\/2022\/01\/11\/procon-sp-notifica-empresas-aereas\/"]}]},{"@type":"ImageObject","inLanguage":"pt-BR","@id":"https:\/\/www.cidademarketing.com.br\/marketing\/2022\/01\/11\/procon-sp-notifica-empresas-aereas\/#primaryimage","url":"https:\/\/www.cidademarketing.com.br\/marketing\/wp-content\/uploads\/2020\/02\/aeroporto_thalesbrandao.png","contentUrl":"https:\/\/www.cidademarketing.com.br\/marketing\/wp-content\/uploads\/2020\/02\/aeroporto_thalesbrandao.png","width":665,"height":660,"caption":"Aeroporto de Guarulhos\/SP - Foto: Thales Brand\u00e3o"},{"@type":"BreadcrumbList","@id":"https:\/\/www.cidademarketing.com.br\/marketing\/2022\/01\/11\/procon-sp-notifica-empresas-aereas\/#breadcrumb","itemListElement":[{"@type":"ListItem","position":1,"name":"In\u00edcio","item":"https:\/\/www.cidademarketing.com.br\/marketing\/"},{"@type":"ListItem","position":2,"name":"Procon-SP notifica empresas a\u00e9reas"}]},{"@type":"WebSite","@id":"https:\/\/www.cidademarketing.com.br\/marketing\/#website","url":"https:\/\/www.cidademarketing.com.br\/marketing\/","name":"CidadeMarketing","description":"Somos um ve\u00edculo de comunica\u00e7\u00e3o de destaque no Brasil, reconhecido por conte\u00fados nos segmentos de marketing, empreendedorismo e inova\u00e7\u00e3o.","publisher":{"@id":"https:\/\/www.cidademarketing.com.br\/marketing\/#organization"},"alternateName":"CidadeMarketing","potentialAction":[{"@type":"SearchAction","target":{"@type":"EntryPoint","urlTemplate":"https:\/\/www.cidademarketing.com.br\/marketing\/?s={search_term_string}"},"query-input":{"@type":"PropertyValueSpecification","valueRequired":true,"valueName":"search_term_string"}}],"inLanguage":"pt-BR"},{"@type":"Organization","@id":"https:\/\/www.cidademarketing.com.br\/marketing\/#organization","name":"CidadeMarketing","alternateName":"CidadeMarketing","url":"https:\/\/www.cidademarketing.com.br\/marketing\/","logo":{"@type":"ImageObject","inLanguage":"pt-BR","@id":"https:\/\/www.cidademarketing.com.br\/marketing\/#\/schema\/logo\/image\/","url":"https:\/\/www.cidademarketing.com.br\/marketing\/wp-content\/uploads\/2020\/01\/cidademarketing_marca_mobile.png","contentUrl":"https:\/\/www.cidademarketing.com.br\/marketing\/wp-content\/uploads\/2020\/01\/cidademarketing_marca_mobile.png","width":230,"height":92,"caption":"CidadeMarketing"},"image":{"@id":"https:\/\/www.cidademarketing.com.br\/marketing\/#\/schema\/logo\/image\/"},"sameAs":["https:\/\/www.facebook.com\/portalcidademarketing","https:\/\/x.com\/CidadeMarketing","https:\/\/www.instagram.com\/cidademarketing\/"]},{"@type":"Person","@id":"https:\/\/www.cidademarketing.com.br\/marketing\/#\/schema\/person\/02daff9f18bd9378c9e01eb6b2db155f","name":"Thales Brand\u00e3o","image":{"@type":"ImageObject","inLanguage":"pt-BR","@id":"https:\/\/secure.gravatar.com\/avatar\/7ca3206950207cc3cb48feec56a8a7898741ab725c368d99d5d7a5a50aab80c6?s=96&d=mm&r=g","url":"https:\/\/secure.gravatar.com\/avatar\/7ca3206950207cc3cb48feec56a8a7898741ab725c368d99d5d7a5a50aab80c6?s=96&d=mm&r=g","contentUrl":"https:\/\/secure.gravatar.com\/avatar\/7ca3206950207cc3cb48feec56a8a7898741ab725c368d99d5d7a5a50aab80c6?s=96&d=mm&r=g","caption":"Thales Brand\u00e3o"},"description":"Editor Executivo do Portal CidadeMarketing.com.br &gt; Mestre em Comunica\u00e7\u00e3o e Sociedade pela Universidade Federal de Sergipe. Possui MBA Executivo em Administra\u00e7\u00e3o com \u00eanfase em Marketing pela Funda\u00e7\u00e3o Get\u00falio Vargas - Rio de Janeiro. Consultor, Palestrante e Pesquisador sobre Empreendedorismo, Marketing, Redes Sociais e Neg\u00f3cios Digitais. Professor, Palestrante TedxTalks e Campus Party. Twitter: @ThalesBrandao","sameAs":["http:\/\/www.mandacaru.com.br","https:\/\/www.facebook.com\/thalesbrandao","http:\/\/www.instagram.com.br\/thalesbrandaoferreira","https:\/\/www.linkedin.com\/in\/thales-brand\u00e3o-3948609\/","https:\/\/x.com\/http:\/\/www.twitter.com\/thalesbrandao"],"url":"https:\/\/www.cidademarketing.com.br\/marketing\/author\/thalesbrandao\/"}]}},"amp_enabled":true,"_links":{"self":[{"href":"https:\/\/www.cidademarketing.com.br\/marketing\/wp-json\/wp\/v2\/posts\/33705","targetHints":{"allow":["GET"]}}],"collection":[{"href":"https:\/\/www.cidademarketing.com.br\/marketing\/wp-json\/wp\/v2\/posts"}],"about":[{"href":"https:\/\/www.cidademarketing.com.br\/marketing\/wp-json\/wp\/v2\/types\/post"}],"author":[{"embeddable":true,"href":"https:\/\/www.cidademarketing.com.br\/marketing\/wp-json\/wp\/v2\/users\/1"}],"replies":[{"embeddable":true,"href":"https:\/\/www.cidademarketing.com.br\/marketing\/wp-json\/wp\/v2\/comments?post=33705"}],"version-history":[{"count":1,"href":"https:\/\/www.cidademarketing.com.br\/marketing\/wp-json\/wp\/v2\/posts\/33705\/revisions"}],"predecessor-version":[{"id":33706,"href":"https:\/\/www.cidademarketing.com.br\/marketing\/wp-json\/wp\/v2\/posts\/33705\/revisions\/33706"}],"wp:featuredmedia":[{"embeddable":true,"href":"https:\/\/www.cidademarketing.com.br\/marketing\/wp-json\/wp\/v2\/media\/14509"}],"wp:attachment":[{"href":"https:\/\/www.cidademarketing.com.br\/marketing\/wp-json\/wp\/v2\/media?parent=33705"}],"wp:term":[{"taxonomy":"category","embeddable":true,"href":"https:\/\/www.cidademarketing.com.br\/marketing\/wp-json\/wp\/v2\/categories?post=33705"},{"taxonomy":"post_tag","embeddable":true,"href":"https:\/\/www.cidademarketing.com.br\/marketing\/wp-json\/wp\/v2\/tags?post=33705"}],"curies":[{"name":"wp","href":"https:\/\/api.w.org\/{rel}","templated":true}]}}