{"id":33691,"date":"2022-01-10T15:45:22","date_gmt":"2022-01-10T18:45:22","guid":{"rendered":"https:\/\/www.cidademarketing.com.br\/marketing\/?p=33691"},"modified":"2022-01-10T15:45:22","modified_gmt":"2022-01-10T18:45:22","slug":"carrefour-anuncia-nova-campanha","status":"publish","type":"post","link":"https:\/\/www.cidademarketing.com.br\/marketing\/2022\/01\/10\/carrefour-anuncia-nova-campanha\/","title":{"rendered":"Carrefour anuncia nova campanha"},"content":{"rendered":"<p>O Carrefour anuncia a sua nova campanha \u201cVem fazer Carrefour\u201d, desenvolvida pela Publicis. Inspirada pelo cl\u00e1ssico mote \u201cFaz Carrefour\u201d, a marca convida novos consumidores a conhecerem suas lojas e ofertas. A atriz Claudia Quintino, que ficou conhecida por estrelar campanhas de outra rede de varejo, \u00e9 a protagonista da comunica\u00e7\u00e3o.<\/p>\n<p>A campanha mostra duas vizinhas curiosas para saber como uma m\u00e3e que lidera uma grande fam\u00edlia na casa ao lado faz supermercado. A resposta: ela faz Carrefour.<\/p>\n<p>\u201cQuer fazer economia? Fa\u00e7a como eu: vem fazer Carrefour\u201d, diz Claudia Quintino numa das cenas do comercial.<\/p>\n<p>A comunica\u00e7\u00e3o destaca os principais atributos do Carrefour frente \u00e0 concorr\u00eancia, tais como pre\u00e7os baixos, economia, qualidade, produtos frescos, variedade e ofertas exclusivas.<\/p>\n<p>De acordo com Daniel Milagres, diretor de marketing do Carrefour, com o fechamento de lojas da concorr\u00eancia, essa \u00e9 uma grande oportunidade de apresentar a marca e conquistar novos clientes. &#8220;O novo momento da marca Carrefour com a retomada do \u2018Faz Carrefour\u2019 vem num contexto muito importante para os brasileiros onde economia e qualidade se fazem ainda mais necess\u00e1rios. \u00c9 uma marca que se posiciona, que est\u00e1 ao lado dos brasileiros e que mostra isso por meio dessa campanha na qual ressalta os atributos da nossa marca e convida o cliente por meio da Cl\u00e1udia a conhecer e se encantar pela qualidade do Carrefour.&#8221;<\/p>\n<p><strong>A\u00e7\u00e3o no Encontro<\/strong><\/p>\n<p>A fim de potencializar a comunica\u00e7\u00e3o, nesta segunda-feira (10), o Carrefour apostou em uma a\u00e7\u00e3o \u2018\u2019teaser\u201d da campanha que ser\u00e1 lan\u00e7ada oficialmente na pr\u00f3xima ter\u00e7a-feira (11). Durante a apresenta\u00e7\u00e3o do programa \u201cEncontro\u201d, da TV Globo, a marca falou de economia e trouxe uma entrevista com uma consumidora \u201ccomum\u201d do Carrefour, que no final das contas \u00e9 a pr\u00f3pria Cl\u00e1udia Quintino.<\/p>\n<p>Al\u00e9m de falar sobre os principais diferenciais de economia da marca, o apresentador Manoel Soares, que j\u00e1 \u00e9 parceiro da marca Carrefour, nota uma familiaridade com a consumidora entrevistada, mas n\u00e3o revela que se trata da nova garota propaganda da marca, fato que ser\u00e1 explorado atrav\u00e9s da atua\u00e7\u00e3o de influenciadores, provocando o p\u00fablico a fazer a associa\u00e7\u00e3o da entrevistada com a experi\u00eancia da atriz em propagandas de varejo anteriores.<\/p>\n<p>\u201cO objetivo do merchan \u00e9 complementar o impacto e a abrang\u00eancia da campanha, iniciando uma conversa com o p\u00fablico para despertar curiosidade sobre quem \u00e9 a nossa atriz. Pensamos em uma comunica\u00e7\u00e3o completa, capaz de atingir o p\u00fablico esperado de forma assertiva e eficiente\u201d, explica Ana Claudia Torrens, diretora de contas da Publicis.<\/p>\n<p>Al\u00e9m da a\u00e7\u00e3o de merchandising, a campanha ser\u00e1 veiculada no digital, em r\u00e1dios e TV aberta.<\/p>\n<p>&nbsp;<\/p>\n<div class=\"youtube-embed\" data-video_id=\"POx_VKfiaVs\"><iframe title=\"Quer fazer economia? Vem fazer Carrefour.\" width=\"640\" height=\"360\" src=\"https:\/\/www.youtube.com\/embed\/POx_VKfiaVs?feature=oembed&#038;enablejsapi=1\" frameborder=\"0\" allow=\"accelerometer; autoplay; clipboard-write; encrypted-media; gyroscope; picture-in-picture; web-share\" referrerpolicy=\"strict-origin-when-cross-origin\" allowfullscreen><\/iframe><\/div>\n<p>&nbsp;<\/p>\n<p><strong><u>Ficha t\u00e9cnica<\/u><\/strong><\/p>\n<p>AG\u00caNCIA: PUBLICIS BRASIL<\/p>\n<p>CLIENTE: CARREFOUR BRASIL<\/p>\n<p>PRODUTO: INSTITUCIONAL<\/p>\n<p>T\u00cdTULO: FAZ CARREFOUR<\/p>\n<p>DURA\u00c7\u00c3O: 30&#8243; e 15&#8243;<\/p>\n<p>CCO: Domenico Massareto<\/p>\n<p>ECD: Dani Ribeiro e Fabio Astolpho<\/p>\n<p>ASSOCIATE CREATIVE DIRECTOR: Daniel Bensusan<\/p>\n<p>DIRE\u00c7\u00c3O DE ARTE: Carolina Weber e Mariana Piano<\/p>\n<p>REDATOR: Bruno Dias<\/p>\n<p>HEAD DE PRODU\u00c7\u00c3O: Renata Say\u00e3o<\/p>\n<p>RTV: Giuliano Springhetti e Caio Lobo<\/p>\n<p>VP DE M\u00cdDIA: Mauricio Almeida<\/p>\n<p>M\u00cdDIA: Aline Brazolotto, Gabriela Nose, Bruna Albuquerque, Cristina Maria, Leideane Diniz, Samantha Schuenher, Any Santos<\/p>\n<p>VP DE ATENDIMENTO: Gabriela Borges<\/p>\n<p>ATENDIMENTO: Ana Claudia Torrens, Camilla Steiman, Luan Campos<\/p>\n<p>HEAD DE PLANEJAMENTO: Juliana Elia<\/p>\n<p>PLANEJAMENTO: Rita Braga, Barbara Rolim, Danilo Moura<\/p>\n<p>APROVA\u00c7\u00c3O CLIENTE: Daniel Milagres, Renata Grahl, Andreia Marcolino e Isabella Viana<\/p>\n<p>&nbsp;<\/p>\n<p>PRODU\u00c7\u00c3O FILME<\/p>\n<p>PRODUTORA FILME: MONOCINE<\/p>\n<p>DIRE\u00c7\u00c3O: \u00a0Bruno Miguel<\/p>\n<p>DIRE\u00c7\u00c3O DE FOTOGRAFIA: Rhebling<\/p>\n<p>DIRETOR DE PRODU\u00c7\u00c3O: Mayra Pereira<\/p>\n<p>ASS. DIRE\u00c7\u00c3O: Lua Oliveira<\/p>\n<p>PRODU\u00c7\u00c3O EXECUTIVA: Thiago Oliveira<\/p>\n<p>ATENDIMENTO: Sabrina Val<\/p>\n<p>P\u00d3S PRODU\u00c7\u00c3O, COLOR E FINALIZA\u00c7\u00c3O: \u00a0Ari Marins<\/p>\n<p>MONTADOR: Isabella Jannotti<\/p>\n<p>DIRETOR DE ARTE: Mano Moura<\/p>\n<p>FIGURINISTA: Ana Lima<\/p>\n<p>&nbsp;<\/p>\n<p>PRODU\u00c7\u00c3O \u00c1UDIO<\/p>\n<p>PRODUTORA SOM: COMANDO S<\/p>\n<p>PRODUTOR: Equipe Comando S<\/p>\n<p>FINALIZADOR: Equipe Comando S<\/p>\n<p>PRODU\u00c7\u00c3O EXECUTIVA: Serginho Rezende<\/p>\n<p>DIRE\u00c7\u00c3O MUSICAL: Serginho Rezende<\/p>\n<p>ATENDIMENTO: Elis Pedroso e Juliana Marchetti<\/p>\n<p><strong>\u00a0<\/strong><\/p>\n<p>FOT\u00d3GRAFO: THIAGO POMPEIA<\/p>\n<p>PRODU\u00c7\u00c3O EXECUTIVA: PATRICIA SALTARA<\/p>\n<p>ASSISTENTE DE FOTOGRAFIA: PEDRO SAAD<\/p>\n<p>ASSISTENTE DE FOTOGRAFIA: ROBERTA TUCANDUVA<\/p>\n","protected":false},"excerpt":{"rendered":"<p>O Carrefour anuncia a sua nova campanha \u201cVem fazer Carrefour\u201d, desenvolvida pela Publicis. Inspirada pelo cl\u00e1ssico mote \u201cFaz Carrefour\u201d, a marca convida novos consumidores a conhecerem suas lojas e ofertas. A atriz Claudia Quintino, que ficou conhecida por estrelar campanhas de outra rede de varejo, \u00e9 a protagonista da comunica\u00e7\u00e3o. A campanha mostra duas vizinhas [&hellip;]<\/p>\n","protected":false},"author":1,"featured_media":33692,"comment_status":"open","ping_status":"open","sticky":false,"template":"","format":"standard","meta":{"tdm_status":"","tdm_grid_status":"","footnotes":""},"categories":[14],"tags":[746,308,33,28,408],"class_list":["post-33691","post","type-post","status-publish","format-standard","has-post-thumbnail","hentry","category-videos","tag-carrefour","tag-comunicacao","tag-estrategia","tag-marketing","tag-tv"],"yoast_head":"<!-- This site is optimized with the Yoast SEO plugin v27.4 - https:\/\/yoast.com\/product\/yoast-seo-wordpress\/ -->\n<title>Carrefour anuncia nova campanha - CidadeMarketing<\/title>\n<meta name=\"robots\" content=\"index, follow, max-snippet:-1, max-image-preview:large, max-video-preview:-1\" \/>\n<link rel=\"canonical\" href=\"https:\/\/www.cidademarketing.com.br\/marketing\/2022\/01\/10\/carrefour-anuncia-nova-campanha\/\" \/>\n<meta property=\"og:locale\" content=\"pt_BR\" \/>\n<meta property=\"og:type\" content=\"article\" \/>\n<meta property=\"og:title\" content=\"Carrefour anuncia nova campanha - CidadeMarketing\" \/>\n<meta property=\"og:description\" content=\"O Carrefour anuncia a sua nova campanha \u201cVem fazer Carrefour\u201d, desenvolvida pela Publicis. Inspirada pelo cl\u00e1ssico mote \u201cFaz Carrefour\u201d, a marca convida novos consumidores a conhecerem suas lojas e ofertas. A atriz Claudia Quintino, que ficou conhecida por estrelar campanhas de outra rede de varejo, \u00e9 a protagonista da comunica\u00e7\u00e3o. A campanha mostra duas vizinhas [&hellip;]\" \/>\n<meta property=\"og:url\" content=\"https:\/\/www.cidademarketing.com.br\/marketing\/2022\/01\/10\/carrefour-anuncia-nova-campanha\/\" \/>\n<meta property=\"og:site_name\" content=\"CidadeMarketing\" \/>\n<meta property=\"article:publisher\" content=\"https:\/\/www.facebook.com\/portalcidademarketing\" \/>\n<meta property=\"article:author\" content=\"https:\/\/www.facebook.com\/thalesbrandao\" \/>\n<meta property=\"article:published_time\" content=\"2022-01-10T18:45:22+00:00\" \/>\n<meta property=\"og:image\" content=\"https:\/\/www.cidademarketing.com.br\/marketing\/wp-content\/uploads\/2022\/01\/carrefour_campanha.jpg\" \/>\n\t<meta property=\"og:image:width\" content=\"1920\" \/>\n\t<meta property=\"og:image:height\" content=\"1080\" \/>\n\t<meta property=\"og:image:type\" content=\"image\/jpeg\" \/>\n<meta name=\"author\" content=\"Thales Brand\u00e3o\" \/>\n<meta name=\"twitter:card\" content=\"summary_large_image\" \/>\n<meta name=\"twitter:creator\" content=\"@http:\/\/www.twitter.com\/thalesbrandao\" \/>\n<meta name=\"twitter:site\" content=\"@CidadeMarketing\" \/>\n<meta name=\"twitter:label1\" content=\"Escrito por\" \/>\n\t<meta name=\"twitter:data1\" content=\"Thales Brand\u00e3o\" \/>\n\t<meta name=\"twitter:label2\" content=\"Est. tempo de leitura\" \/>\n\t<meta name=\"twitter:data2\" content=\"3 minutos\" \/>\n<script type=\"application\/ld+json\" class=\"yoast-schema-graph\">{\"@context\":\"https:\\\/\\\/schema.org\",\"@graph\":[{\"@type\":\"Article\",\"@id\":\"https:\\\/\\\/www.cidademarketing.com.br\\\/marketing\\\/2022\\\/01\\\/10\\\/carrefour-anuncia-nova-campanha\\\/#article\",\"isPartOf\":{\"@id\":\"https:\\\/\\\/www.cidademarketing.com.br\\\/marketing\\\/2022\\\/01\\\/10\\\/carrefour-anuncia-nova-campanha\\\/\"},\"author\":{\"name\":\"Thales Brand\u00e3o\",\"@id\":\"https:\\\/\\\/www.cidademarketing.com.br\\\/marketing\\\/#\\\/schema\\\/person\\\/02daff9f18bd9378c9e01eb6b2db155f\"},\"headline\":\"Carrefour anuncia nova campanha\",\"datePublished\":\"2022-01-10T18:45:22+00:00\",\"mainEntityOfPage\":{\"@id\":\"https:\\\/\\\/www.cidademarketing.com.br\\\/marketing\\\/2022\\\/01\\\/10\\\/carrefour-anuncia-nova-campanha\\\/\"},\"wordCount\":686,\"commentCount\":0,\"publisher\":{\"@id\":\"https:\\\/\\\/www.cidademarketing.com.br\\\/marketing\\\/#organization\"},\"image\":{\"@id\":\"https:\\\/\\\/www.cidademarketing.com.br\\\/marketing\\\/2022\\\/01\\\/10\\\/carrefour-anuncia-nova-campanha\\\/#primaryimage\"},\"thumbnailUrl\":\"https:\\\/\\\/www.cidademarketing.com.br\\\/marketing\\\/wp-content\\\/uploads\\\/2022\\\/01\\\/carrefour_campanha.jpg\",\"keywords\":[\"Carrefour\",\"comunica\u00e7\u00e3o\",\"estrat\u00e9gia\",\"marketing\",\"TV\"],\"articleSection\":[\"Videos\"],\"inLanguage\":\"pt-BR\",\"potentialAction\":[{\"@type\":\"CommentAction\",\"name\":\"Comment\",\"target\":[\"https:\\\/\\\/www.cidademarketing.com.br\\\/marketing\\\/2022\\\/01\\\/10\\\/carrefour-anuncia-nova-campanha\\\/#respond\"]}]},{\"@type\":\"WebPage\",\"@id\":\"https:\\\/\\\/www.cidademarketing.com.br\\\/marketing\\\/2022\\\/01\\\/10\\\/carrefour-anuncia-nova-campanha\\\/\",\"url\":\"https:\\\/\\\/www.cidademarketing.com.br\\\/marketing\\\/2022\\\/01\\\/10\\\/carrefour-anuncia-nova-campanha\\\/\",\"name\":\"Carrefour anuncia nova campanha - CidadeMarketing\",\"isPartOf\":{\"@id\":\"https:\\\/\\\/www.cidademarketing.com.br\\\/marketing\\\/#website\"},\"primaryImageOfPage\":{\"@id\":\"https:\\\/\\\/www.cidademarketing.com.br\\\/marketing\\\/2022\\\/01\\\/10\\\/carrefour-anuncia-nova-campanha\\\/#primaryimage\"},\"image\":{\"@id\":\"https:\\\/\\\/www.cidademarketing.com.br\\\/marketing\\\/2022\\\/01\\\/10\\\/carrefour-anuncia-nova-campanha\\\/#primaryimage\"},\"thumbnailUrl\":\"https:\\\/\\\/www.cidademarketing.com.br\\\/marketing\\\/wp-content\\\/uploads\\\/2022\\\/01\\\/carrefour_campanha.jpg\",\"datePublished\":\"2022-01-10T18:45:22+00:00\",\"breadcrumb\":{\"@id\":\"https:\\\/\\\/www.cidademarketing.com.br\\\/marketing\\\/2022\\\/01\\\/10\\\/carrefour-anuncia-nova-campanha\\\/#breadcrumb\"},\"inLanguage\":\"pt-BR\",\"potentialAction\":[{\"@type\":\"ReadAction\",\"target\":[\"https:\\\/\\\/www.cidademarketing.com.br\\\/marketing\\\/2022\\\/01\\\/10\\\/carrefour-anuncia-nova-campanha\\\/\"]}]},{\"@type\":\"ImageObject\",\"inLanguage\":\"pt-BR\",\"@id\":\"https:\\\/\\\/www.cidademarketing.com.br\\\/marketing\\\/2022\\\/01\\\/10\\\/carrefour-anuncia-nova-campanha\\\/#primaryimage\",\"url\":\"https:\\\/\\\/www.cidademarketing.com.br\\\/marketing\\\/wp-content\\\/uploads\\\/2022\\\/01\\\/carrefour_campanha.jpg\",\"contentUrl\":\"https:\\\/\\\/www.cidademarketing.com.br\\\/marketing\\\/wp-content\\\/uploads\\\/2022\\\/01\\\/carrefour_campanha.jpg\",\"width\":1920,\"height\":1080,\"caption\":\"Reprodu\u00e7\u00e3o\"},{\"@type\":\"BreadcrumbList\",\"@id\":\"https:\\\/\\\/www.cidademarketing.com.br\\\/marketing\\\/2022\\\/01\\\/10\\\/carrefour-anuncia-nova-campanha\\\/#breadcrumb\",\"itemListElement\":[{\"@type\":\"ListItem\",\"position\":1,\"name\":\"In\u00edcio\",\"item\":\"https:\\\/\\\/www.cidademarketing.com.br\\\/marketing\\\/\"},{\"@type\":\"ListItem\",\"position\":2,\"name\":\"Carrefour anuncia nova campanha\"}]},{\"@type\":\"WebSite\",\"@id\":\"https:\\\/\\\/www.cidademarketing.com.br\\\/marketing\\\/#website\",\"url\":\"https:\\\/\\\/www.cidademarketing.com.br\\\/marketing\\\/\",\"name\":\"CidadeMarketing\",\"description\":\"Somos um ve\u00edculo de comunica\u00e7\u00e3o de destaque no Brasil, reconhecido por conte\u00fados nos segmentos de marketing, empreendedorismo e inova\u00e7\u00e3o.\",\"publisher\":{\"@id\":\"https:\\\/\\\/www.cidademarketing.com.br\\\/marketing\\\/#organization\"},\"alternateName\":\"CidadeMarketing\",\"potentialAction\":[{\"@type\":\"SearchAction\",\"target\":{\"@type\":\"EntryPoint\",\"urlTemplate\":\"https:\\\/\\\/www.cidademarketing.com.br\\\/marketing\\\/?s={search_term_string}\"},\"query-input\":{\"@type\":\"PropertyValueSpecification\",\"valueRequired\":true,\"valueName\":\"search_term_string\"}}],\"inLanguage\":\"pt-BR\"},{\"@type\":\"Organization\",\"@id\":\"https:\\\/\\\/www.cidademarketing.com.br\\\/marketing\\\/#organization\",\"name\":\"CidadeMarketing\",\"alternateName\":\"CidadeMarketing\",\"url\":\"https:\\\/\\\/www.cidademarketing.com.br\\\/marketing\\\/\",\"logo\":{\"@type\":\"ImageObject\",\"inLanguage\":\"pt-BR\",\"@id\":\"https:\\\/\\\/www.cidademarketing.com.br\\\/marketing\\\/#\\\/schema\\\/logo\\\/image\\\/\",\"url\":\"https:\\\/\\\/www.cidademarketing.com.br\\\/marketing\\\/wp-content\\\/uploads\\\/2020\\\/01\\\/cidademarketing_marca_mobile.png\",\"contentUrl\":\"https:\\\/\\\/www.cidademarketing.com.br\\\/marketing\\\/wp-content\\\/uploads\\\/2020\\\/01\\\/cidademarketing_marca_mobile.png\",\"width\":230,\"height\":92,\"caption\":\"CidadeMarketing\"},\"image\":{\"@id\":\"https:\\\/\\\/www.cidademarketing.com.br\\\/marketing\\\/#\\\/schema\\\/logo\\\/image\\\/\"},\"sameAs\":[\"https:\\\/\\\/www.facebook.com\\\/portalcidademarketing\",\"https:\\\/\\\/x.com\\\/CidadeMarketing\",\"https:\\\/\\\/www.instagram.com\\\/cidademarketing\\\/\"]},{\"@type\":\"Person\",\"@id\":\"https:\\\/\\\/www.cidademarketing.com.br\\\/marketing\\\/#\\\/schema\\\/person\\\/02daff9f18bd9378c9e01eb6b2db155f\",\"name\":\"Thales Brand\u00e3o\",\"image\":{\"@type\":\"ImageObject\",\"inLanguage\":\"pt-BR\",\"@id\":\"https:\\\/\\\/secure.gravatar.com\\\/avatar\\\/7ca3206950207cc3cb48feec56a8a7898741ab725c368d99d5d7a5a50aab80c6?s=96&d=mm&r=g\",\"url\":\"https:\\\/\\\/secure.gravatar.com\\\/avatar\\\/7ca3206950207cc3cb48feec56a8a7898741ab725c368d99d5d7a5a50aab80c6?s=96&d=mm&r=g\",\"contentUrl\":\"https:\\\/\\\/secure.gravatar.com\\\/avatar\\\/7ca3206950207cc3cb48feec56a8a7898741ab725c368d99d5d7a5a50aab80c6?s=96&d=mm&r=g\",\"caption\":\"Thales Brand\u00e3o\"},\"description\":\"Editor Executivo do Portal CidadeMarketing.com.br &gt; Mestre em Comunica\u00e7\u00e3o e Sociedade pela Universidade Federal de Sergipe. Possui MBA Executivo em Administra\u00e7\u00e3o com \u00eanfase em Marketing pela Funda\u00e7\u00e3o Get\u00falio Vargas - Rio de Janeiro. Consultor, Palestrante e Pesquisador sobre Empreendedorismo, Marketing, Redes Sociais e Neg\u00f3cios Digitais. Professor, Palestrante TedxTalks e Campus Party. Twitter: @ThalesBrandao\",\"sameAs\":[\"http:\\\/\\\/www.mandacaru.com.br\",\"https:\\\/\\\/www.facebook.com\\\/thalesbrandao\",\"http:\\\/\\\/www.instagram.com.br\\\/thalesbrandaoferreira\",\"https:\\\/\\\/www.linkedin.com\\\/in\\\/thales-brand\u00e3o-3948609\\\/\",\"https:\\\/\\\/x.com\\\/http:\\\/\\\/www.twitter.com\\\/thalesbrandao\"],\"url\":\"https:\\\/\\\/www.cidademarketing.com.br\\\/marketing\\\/author\\\/thalesbrandao\\\/\"}]}<\/script>\n<!-- \/ Yoast SEO plugin. -->","yoast_head_json":{"title":"Carrefour anuncia nova campanha - CidadeMarketing","robots":{"index":"index","follow":"follow","max-snippet":"max-snippet:-1","max-image-preview":"max-image-preview:large","max-video-preview":"max-video-preview:-1"},"canonical":"https:\/\/www.cidademarketing.com.br\/marketing\/2022\/01\/10\/carrefour-anuncia-nova-campanha\/","og_locale":"pt_BR","og_type":"article","og_title":"Carrefour anuncia nova campanha - CidadeMarketing","og_description":"O Carrefour anuncia a sua nova campanha \u201cVem fazer Carrefour\u201d, desenvolvida pela Publicis. Inspirada pelo cl\u00e1ssico mote \u201cFaz Carrefour\u201d, a marca convida novos consumidores a conhecerem suas lojas e ofertas. A atriz Claudia Quintino, que ficou conhecida por estrelar campanhas de outra rede de varejo, \u00e9 a protagonista da comunica\u00e7\u00e3o. A campanha mostra duas vizinhas [&hellip;]","og_url":"https:\/\/www.cidademarketing.com.br\/marketing\/2022\/01\/10\/carrefour-anuncia-nova-campanha\/","og_site_name":"CidadeMarketing","article_publisher":"https:\/\/www.facebook.com\/portalcidademarketing","article_author":"https:\/\/www.facebook.com\/thalesbrandao","article_published_time":"2022-01-10T18:45:22+00:00","og_image":[{"width":1920,"height":1080,"url":"https:\/\/www.cidademarketing.com.br\/marketing\/wp-content\/uploads\/2022\/01\/carrefour_campanha.jpg","type":"image\/jpeg"}],"author":"Thales Brand\u00e3o","twitter_card":"summary_large_image","twitter_creator":"@http:\/\/www.twitter.com\/thalesbrandao","twitter_site":"@CidadeMarketing","twitter_misc":{"Escrito por":"Thales Brand\u00e3o","Est. tempo de leitura":"3 minutos"},"schema":{"@context":"https:\/\/schema.org","@graph":[{"@type":"Article","@id":"https:\/\/www.cidademarketing.com.br\/marketing\/2022\/01\/10\/carrefour-anuncia-nova-campanha\/#article","isPartOf":{"@id":"https:\/\/www.cidademarketing.com.br\/marketing\/2022\/01\/10\/carrefour-anuncia-nova-campanha\/"},"author":{"name":"Thales Brand\u00e3o","@id":"https:\/\/www.cidademarketing.com.br\/marketing\/#\/schema\/person\/02daff9f18bd9378c9e01eb6b2db155f"},"headline":"Carrefour anuncia nova campanha","datePublished":"2022-01-10T18:45:22+00:00","mainEntityOfPage":{"@id":"https:\/\/www.cidademarketing.com.br\/marketing\/2022\/01\/10\/carrefour-anuncia-nova-campanha\/"},"wordCount":686,"commentCount":0,"publisher":{"@id":"https:\/\/www.cidademarketing.com.br\/marketing\/#organization"},"image":{"@id":"https:\/\/www.cidademarketing.com.br\/marketing\/2022\/01\/10\/carrefour-anuncia-nova-campanha\/#primaryimage"},"thumbnailUrl":"https:\/\/www.cidademarketing.com.br\/marketing\/wp-content\/uploads\/2022\/01\/carrefour_campanha.jpg","keywords":["Carrefour","comunica\u00e7\u00e3o","estrat\u00e9gia","marketing","TV"],"articleSection":["Videos"],"inLanguage":"pt-BR","potentialAction":[{"@type":"CommentAction","name":"Comment","target":["https:\/\/www.cidademarketing.com.br\/marketing\/2022\/01\/10\/carrefour-anuncia-nova-campanha\/#respond"]}]},{"@type":"WebPage","@id":"https:\/\/www.cidademarketing.com.br\/marketing\/2022\/01\/10\/carrefour-anuncia-nova-campanha\/","url":"https:\/\/www.cidademarketing.com.br\/marketing\/2022\/01\/10\/carrefour-anuncia-nova-campanha\/","name":"Carrefour anuncia nova campanha - CidadeMarketing","isPartOf":{"@id":"https:\/\/www.cidademarketing.com.br\/marketing\/#website"},"primaryImageOfPage":{"@id":"https:\/\/www.cidademarketing.com.br\/marketing\/2022\/01\/10\/carrefour-anuncia-nova-campanha\/#primaryimage"},"image":{"@id":"https:\/\/www.cidademarketing.com.br\/marketing\/2022\/01\/10\/carrefour-anuncia-nova-campanha\/#primaryimage"},"thumbnailUrl":"https:\/\/www.cidademarketing.com.br\/marketing\/wp-content\/uploads\/2022\/01\/carrefour_campanha.jpg","datePublished":"2022-01-10T18:45:22+00:00","breadcrumb":{"@id":"https:\/\/www.cidademarketing.com.br\/marketing\/2022\/01\/10\/carrefour-anuncia-nova-campanha\/#breadcrumb"},"inLanguage":"pt-BR","potentialAction":[{"@type":"ReadAction","target":["https:\/\/www.cidademarketing.com.br\/marketing\/2022\/01\/10\/carrefour-anuncia-nova-campanha\/"]}]},{"@type":"ImageObject","inLanguage":"pt-BR","@id":"https:\/\/www.cidademarketing.com.br\/marketing\/2022\/01\/10\/carrefour-anuncia-nova-campanha\/#primaryimage","url":"https:\/\/www.cidademarketing.com.br\/marketing\/wp-content\/uploads\/2022\/01\/carrefour_campanha.jpg","contentUrl":"https:\/\/www.cidademarketing.com.br\/marketing\/wp-content\/uploads\/2022\/01\/carrefour_campanha.jpg","width":1920,"height":1080,"caption":"Reprodu\u00e7\u00e3o"},{"@type":"BreadcrumbList","@id":"https:\/\/www.cidademarketing.com.br\/marketing\/2022\/01\/10\/carrefour-anuncia-nova-campanha\/#breadcrumb","itemListElement":[{"@type":"ListItem","position":1,"name":"In\u00edcio","item":"https:\/\/www.cidademarketing.com.br\/marketing\/"},{"@type":"ListItem","position":2,"name":"Carrefour anuncia nova campanha"}]},{"@type":"WebSite","@id":"https:\/\/www.cidademarketing.com.br\/marketing\/#website","url":"https:\/\/www.cidademarketing.com.br\/marketing\/","name":"CidadeMarketing","description":"Somos um ve\u00edculo de comunica\u00e7\u00e3o de destaque no Brasil, reconhecido por conte\u00fados nos segmentos de marketing, empreendedorismo e inova\u00e7\u00e3o.","publisher":{"@id":"https:\/\/www.cidademarketing.com.br\/marketing\/#organization"},"alternateName":"CidadeMarketing","potentialAction":[{"@type":"SearchAction","target":{"@type":"EntryPoint","urlTemplate":"https:\/\/www.cidademarketing.com.br\/marketing\/?s={search_term_string}"},"query-input":{"@type":"PropertyValueSpecification","valueRequired":true,"valueName":"search_term_string"}}],"inLanguage":"pt-BR"},{"@type":"Organization","@id":"https:\/\/www.cidademarketing.com.br\/marketing\/#organization","name":"CidadeMarketing","alternateName":"CidadeMarketing","url":"https:\/\/www.cidademarketing.com.br\/marketing\/","logo":{"@type":"ImageObject","inLanguage":"pt-BR","@id":"https:\/\/www.cidademarketing.com.br\/marketing\/#\/schema\/logo\/image\/","url":"https:\/\/www.cidademarketing.com.br\/marketing\/wp-content\/uploads\/2020\/01\/cidademarketing_marca_mobile.png","contentUrl":"https:\/\/www.cidademarketing.com.br\/marketing\/wp-content\/uploads\/2020\/01\/cidademarketing_marca_mobile.png","width":230,"height":92,"caption":"CidadeMarketing"},"image":{"@id":"https:\/\/www.cidademarketing.com.br\/marketing\/#\/schema\/logo\/image\/"},"sameAs":["https:\/\/www.facebook.com\/portalcidademarketing","https:\/\/x.com\/CidadeMarketing","https:\/\/www.instagram.com\/cidademarketing\/"]},{"@type":"Person","@id":"https:\/\/www.cidademarketing.com.br\/marketing\/#\/schema\/person\/02daff9f18bd9378c9e01eb6b2db155f","name":"Thales Brand\u00e3o","image":{"@type":"ImageObject","inLanguage":"pt-BR","@id":"https:\/\/secure.gravatar.com\/avatar\/7ca3206950207cc3cb48feec56a8a7898741ab725c368d99d5d7a5a50aab80c6?s=96&d=mm&r=g","url":"https:\/\/secure.gravatar.com\/avatar\/7ca3206950207cc3cb48feec56a8a7898741ab725c368d99d5d7a5a50aab80c6?s=96&d=mm&r=g","contentUrl":"https:\/\/secure.gravatar.com\/avatar\/7ca3206950207cc3cb48feec56a8a7898741ab725c368d99d5d7a5a50aab80c6?s=96&d=mm&r=g","caption":"Thales Brand\u00e3o"},"description":"Editor Executivo do Portal CidadeMarketing.com.br &gt; Mestre em Comunica\u00e7\u00e3o e Sociedade pela Universidade Federal de Sergipe. Possui MBA Executivo em Administra\u00e7\u00e3o com \u00eanfase em Marketing pela Funda\u00e7\u00e3o Get\u00falio Vargas - Rio de Janeiro. Consultor, Palestrante e Pesquisador sobre Empreendedorismo, Marketing, Redes Sociais e Neg\u00f3cios Digitais. Professor, Palestrante TedxTalks e Campus Party. Twitter: @ThalesBrandao","sameAs":["http:\/\/www.mandacaru.com.br","https:\/\/www.facebook.com\/thalesbrandao","http:\/\/www.instagram.com.br\/thalesbrandaoferreira","https:\/\/www.linkedin.com\/in\/thales-brand\u00e3o-3948609\/","https:\/\/x.com\/http:\/\/www.twitter.com\/thalesbrandao"],"url":"https:\/\/www.cidademarketing.com.br\/marketing\/author\/thalesbrandao\/"}]}},"amp_enabled":true,"_links":{"self":[{"href":"https:\/\/www.cidademarketing.com.br\/marketing\/wp-json\/wp\/v2\/posts\/33691","targetHints":{"allow":["GET"]}}],"collection":[{"href":"https:\/\/www.cidademarketing.com.br\/marketing\/wp-json\/wp\/v2\/posts"}],"about":[{"href":"https:\/\/www.cidademarketing.com.br\/marketing\/wp-json\/wp\/v2\/types\/post"}],"author":[{"embeddable":true,"href":"https:\/\/www.cidademarketing.com.br\/marketing\/wp-json\/wp\/v2\/users\/1"}],"replies":[{"embeddable":true,"href":"https:\/\/www.cidademarketing.com.br\/marketing\/wp-json\/wp\/v2\/comments?post=33691"}],"version-history":[{"count":1,"href":"https:\/\/www.cidademarketing.com.br\/marketing\/wp-json\/wp\/v2\/posts\/33691\/revisions"}],"predecessor-version":[{"id":33693,"href":"https:\/\/www.cidademarketing.com.br\/marketing\/wp-json\/wp\/v2\/posts\/33691\/revisions\/33693"}],"wp:featuredmedia":[{"embeddable":true,"href":"https:\/\/www.cidademarketing.com.br\/marketing\/wp-json\/wp\/v2\/media\/33692"}],"wp:attachment":[{"href":"https:\/\/www.cidademarketing.com.br\/marketing\/wp-json\/wp\/v2\/media?parent=33691"}],"wp:term":[{"taxonomy":"category","embeddable":true,"href":"https:\/\/www.cidademarketing.com.br\/marketing\/wp-json\/wp\/v2\/categories?post=33691"},{"taxonomy":"post_tag","embeddable":true,"href":"https:\/\/www.cidademarketing.com.br\/marketing\/wp-json\/wp\/v2\/tags?post=33691"}],"curies":[{"name":"wp","href":"https:\/\/api.w.org\/{rel}","templated":true}]}}