{"id":33592,"date":"2022-01-03T15:41:58","date_gmt":"2022-01-03T18:41:58","guid":{"rendered":"https:\/\/www.cidademarketing.com.br\/marketing\/?p=33592"},"modified":"2022-01-03T15:41:58","modified_gmt":"2022-01-03T18:41:58","slug":"stella-artois-promove-circuito-gastronomico-de-verao-em-paraty","status":"publish","type":"post","link":"https:\/\/www.cidademarketing.com.br\/marketing\/2022\/01\/03\/stella-artois-promove-circuito-gastronomico-de-verao-em-paraty\/","title":{"rendered":"Stella Artois promove circuito gastron\u00f4mico de ver\u00e3o em Paraty"},"content":{"rendered":"<p><iframe src=\"https:\/\/open.spotify.com\/embed\/show\/4khMKzP3FgFRWVwb73xicc\" width=\"100%\" height=\"232\" frameborder=\"0\"><\/iframe><br \/>\nPara abrir o ver\u00e3o em grande estilo, Stella Artois promove um circuito gastron\u00f4mico em Paraty, dos dias 3 a 16 de janeiro de 2022. A iniciativa contar\u00e1 com 15 restaurantes do Polo Gastron\u00f4mico da cidade, que v\u00e3o preparar pratos especiais para os visitantes no in\u00edcio de ano. Pedindo qualquer op\u00e7\u00e3o especial e uma Stella, o consumidor ganha outra Stella para curtir ainda o momento e se refrescar no calor da ilha. Confira abaixo os restaurantes participantes e os pratos especiais preparados pelos chefs para o circuito:<\/p>\n\r\n                <style type=\"text\/css\">\r\n                    \r\n                    #tdi_1  .td-doubleSlider-2 .td-item1 {\r\n                        background: url(https:\/\/www.cidademarketing.com.br\/marketing\/wp-content\/uploads\/2022\/01\/Canto-do-Engenho--80x60.jpg) 0 0 no-repeat;\r\n                    }\r\n                    #tdi_1  .td-doubleSlider-2 .td-item2 {\r\n                        background: url(https:\/\/www.cidademarketing.com.br\/marketing\/wp-content\/uploads\/2022\/01\/O-Mercador-Linguicinha-Sauerkraut-80x60.jpg) 0 0 no-repeat;\r\n                    }\r\n                    #tdi_1  .td-doubleSlider-2 .td-item3 {\r\n                        background: url(https:\/\/www.cidademarketing.com.br\/marketing\/wp-content\/uploads\/2022\/01\/Restaurante-A-Casa-prato-Praia-da-Casa-80x60.jpg) 0 0 no-repeat;\r\n                    }\r\n                <\/style>\r\n\r\n                <div id=\"tdi_1\" class=\"td-gallery td-slide-on-2-columns\">\r\n                    <div class=\"post_td_gallery\">\r\n                        <div class=\"td-gallery-slide-top\">\r\n                           <div class=\"td-gallery-title\"><\/div>\r\n\r\n                            <div class=\"td-gallery-controls-wrapper\">\r\n                                <div class=\"td-gallery-slide-count\"><span class=\"td-gallery-slide-item-focus\">1<\/span> de 3<\/div>\r\n                                <div class=\"td-gallery-slide-prev-next-but\">\r\n                                    <i class = \"td-icon-left doubleSliderPrevButton\"><\/i>\r\n                                    <i class = \"td-icon-right doubleSliderNextButton\"><\/i>\r\n                                <\/div>\r\n                            <\/div>\r\n                        <\/div>\r\n\r\n                        <div class = \"td-doubleSlider-1 \">\r\n                            <div class = \"td-slider\">\r\n                                \r\n                    <div class = \"td-slide-item td-item1\">\r\n                        <figure class=\"td-slide-galery-figure td-slide-popup-gallery\">\r\n                            <a class=\"slide-gallery-image-link\" href=\"https:\/\/www.cidademarketing.com.br\/marketing\/wp-content\/uploads\/2022\/01\/Canto-do-Engenho-.jpg\" title=\"Canto do Engenho\"  data-caption=\"\"  data-description=\"\">\r\n                                <img decoding=\"async\" src=\"https:\/\/www.cidademarketing.com.br\/marketing\/wp-content\/uploads\/2022\/01\/Canto-do-Engenho--630x420.jpg\" srcset=\"https:\/\/www.cidademarketing.com.br\/marketing\/wp-content\/uploads\/2022\/01\/Canto-do-Engenho--630x420.jpg 630w, https:\/\/www.cidademarketing.com.br\/marketing\/wp-content\/uploads\/2022\/01\/Canto-do-Engenho--300x200.jpg 300w, https:\/\/www.cidademarketing.com.br\/marketing\/wp-content\/uploads\/2022\/01\/Canto-do-Engenho--1024x683.jpg 1024w, https:\/\/www.cidademarketing.com.br\/marketing\/wp-content\/uploads\/2022\/01\/Canto-do-Engenho--768x512.jpg 768w, https:\/\/www.cidademarketing.com.br\/marketing\/wp-content\/uploads\/2022\/01\/Canto-do-Engenho--1536x1024.jpg 1536w, https:\/\/www.cidademarketing.com.br\/marketing\/wp-content\/uploads\/2022\/01\/Canto-do-Engenho--640x427.jpg 640w, https:\/\/www.cidademarketing.com.br\/marketing\/wp-content\/uploads\/2022\/01\/Canto-do-Engenho--681x454.jpg 681w, https:\/\/www.cidademarketing.com.br\/marketing\/wp-content\/uploads\/2022\/01\/Canto-do-Engenho-.jpg 1620w\" sizes=\"(max-width: 630px) 100vw, 630px\" alt=\"\">\r\n                            <\/a>\r\n                            \r\n                        <\/figure>\r\n                    <\/div>\r\n                    <div class = \"td-slide-item td-item2\">\r\n                        <figure class=\"td-slide-galery-figure td-slide-popup-gallery\">\r\n                            <a class=\"slide-gallery-image-link\" href=\"https:\/\/www.cidademarketing.com.br\/marketing\/wp-content\/uploads\/2022\/01\/O-Mercador-Linguicinha-Sauerkraut.jpg\" title=\"O Mercador - Linguicinha Sauerkraut\"  data-caption=\"\"  data-description=\"\">\r\n                                <img decoding=\"async\" src=\"https:\/\/www.cidademarketing.com.br\/marketing\/wp-content\/uploads\/2022\/01\/O-Mercador-Linguicinha-Sauerkraut-280x420.jpg\" srcset=\"https:\/\/www.cidademarketing.com.br\/marketing\/wp-content\/uploads\/2022\/01\/O-Mercador-Linguicinha-Sauerkraut-280x420.jpg 280w, https:\/\/www.cidademarketing.com.br\/marketing\/wp-content\/uploads\/2022\/01\/O-Mercador-Linguicinha-Sauerkraut-200x300.jpg 200w, https:\/\/www.cidademarketing.com.br\/marketing\/wp-content\/uploads\/2022\/01\/O-Mercador-Linguicinha-Sauerkraut-683x1024.jpg 683w, https:\/\/www.cidademarketing.com.br\/marketing\/wp-content\/uploads\/2022\/01\/O-Mercador-Linguicinha-Sauerkraut-768x1152.jpg 768w, https:\/\/www.cidademarketing.com.br\/marketing\/wp-content\/uploads\/2022\/01\/O-Mercador-Linguicinha-Sauerkraut-1024x1536.jpg 1024w, https:\/\/www.cidademarketing.com.br\/marketing\/wp-content\/uploads\/2022\/01\/O-Mercador-Linguicinha-Sauerkraut-640x960.jpg 640w, https:\/\/www.cidademarketing.com.br\/marketing\/wp-content\/uploads\/2022\/01\/O-Mercador-Linguicinha-Sauerkraut-681x1022.jpg 681w, https:\/\/www.cidademarketing.com.br\/marketing\/wp-content\/uploads\/2022\/01\/O-Mercador-Linguicinha-Sauerkraut.jpg 1080w\" sizes=\"(max-width: 280px) 100vw, 280px\" alt=\"\">\r\n                            <\/a>\r\n                            \r\n                        <\/figure>\r\n                    <\/div>\r\n                    <div class = \"td-slide-item td-item3\">\r\n                        <figure class=\"td-slide-galery-figure td-slide-popup-gallery\">\r\n                            <a class=\"slide-gallery-image-link\" href=\"https:\/\/www.cidademarketing.com.br\/marketing\/wp-content\/uploads\/2022\/01\/Restaurante-A-Casa-prato-Praia-da-Casa.jpg\" title=\"Restaurante A Casa - prato Praia da Casa\"  data-caption=\"\"  data-description=\"\">\r\n                                <img decoding=\"async\" src=\"https:\/\/www.cidademarketing.com.br\/marketing\/wp-content\/uploads\/2022\/01\/Restaurante-A-Casa-prato-Praia-da-Casa-630x420.jpg\" srcset=\"https:\/\/www.cidademarketing.com.br\/marketing\/wp-content\/uploads\/2022\/01\/Restaurante-A-Casa-prato-Praia-da-Casa-630x420.jpg 630w, https:\/\/www.cidademarketing.com.br\/marketing\/wp-content\/uploads\/2022\/01\/Restaurante-A-Casa-prato-Praia-da-Casa-300x200.jpg 300w, https:\/\/www.cidademarketing.com.br\/marketing\/wp-content\/uploads\/2022\/01\/Restaurante-A-Casa-prato-Praia-da-Casa-1024x683.jpg 1024w, https:\/\/www.cidademarketing.com.br\/marketing\/wp-content\/uploads\/2022\/01\/Restaurante-A-Casa-prato-Praia-da-Casa-768x512.jpg 768w, https:\/\/www.cidademarketing.com.br\/marketing\/wp-content\/uploads\/2022\/01\/Restaurante-A-Casa-prato-Praia-da-Casa-1536x1024.jpg 1536w, https:\/\/www.cidademarketing.com.br\/marketing\/wp-content\/uploads\/2022\/01\/Restaurante-A-Casa-prato-Praia-da-Casa-640x427.jpg 640w, https:\/\/www.cidademarketing.com.br\/marketing\/wp-content\/uploads\/2022\/01\/Restaurante-A-Casa-prato-Praia-da-Casa-681x454.jpg 681w, https:\/\/www.cidademarketing.com.br\/marketing\/wp-content\/uploads\/2022\/01\/Restaurante-A-Casa-prato-Praia-da-Casa.jpg 1620w\" sizes=\"(max-width: 630px) 100vw, 630px\" alt=\"\">\r\n                            <\/a>\r\n                            \r\n                        <\/figure>\r\n                    <\/div>\r\n                            <\/div>\r\n                        <\/div>\r\n\r\n                        <div class = \"td-doubleSlider-2\">\r\n                            <div class = \"td-slider\">\r\n                                \r\n                    <div class = \"td-button td-item1\">\r\n                        <div class = \"td-border\"><\/div>\r\n                    <\/div>\r\n                    <div class = \"td-button td-item2\">\r\n                        <div class = \"td-border\"><\/div>\r\n                    <\/div>\r\n                    <div class = \"td-button td-item3\">\r\n                        <div class = \"td-border\"><\/div>\r\n                    <\/div>\r\n                            <\/div>\r\n                        <\/div>\r\n\r\n                    <\/div>\r\n\r\n                <\/div>\r\n                \n<p>&nbsp;<\/p>\n<ul>\n<li><strong>Armaz\u00e9m Mar\u00a0<\/strong><\/li>\n<\/ul>\n<p>Chef Fabricio Tofono prepara Lula na Chapa: Lula cai\u00e7ara grelhada na chapa com.um toque de cerveja Stella Artois e variedade de vegetais frescos do dia.<\/p>\n<p>&nbsp;<\/p>\n<ul>\n<li><strong>Bambu Bar Bistr\u00f4\u00a0<\/strong><\/li>\n<\/ul>\n<p>Camilla Carvalho prepara past\u00e9is de siri: Mini pastel de Siri, com molho especial reduzido na cerveja Stella Artois.<\/p>\n<p>&nbsp;<\/p>\n<ul>\n<li><strong>Bistr\u00f4 Alquimia dos Sabores<\/strong><\/li>\n<\/ul>\n<p>Luciana Marinho prepara o prato Pandora: Pastelzinho de Massa folhada feta com um toque de cerveja Stella Artois, com recheio de creme de queijos e taioba. Servido com gel\u00e9ia de pimenta biquinho.<\/p>\n<p>&nbsp;<\/p>\n<ul>\n<li><strong>Casa Coup\u00ea\u00a0<\/strong><\/li>\n<\/ul>\n<p>Chef Leo prepara Porco Marinado: Panceta de porco marinado na cerveja Stella Artois,acompanha mandioca crocante e vinagrete de azeitonas.<\/p>\n<p>&nbsp;<\/p>\n<ul>\n<li><strong>Restaurante Jajigo\u00a0<\/strong><\/li>\n<\/ul>\n<p>Chef Bruno\u00a0 Spenassatto prepara Lula Cai\u00e7ara: Lula cai\u00e7ara \u00e0 dor\u00ea, acompanha geleia de pimenta dedo de mo\u00e7a e molho t\u00e1rtaro com um toque de cerveja Stella artois.<\/p>\n<p>&nbsp;<\/p>\n<ul>\n<li><strong>Restaurante La Dolce Vita\u00a0\u00a0<\/strong><\/li>\n<\/ul>\n<p>Danillo Soares prepara Formaggi e Affettati a Stella Artois: Mix de queijos e embutidos italianos com molho \u00e0 base de cerveja Stella Artois.<\/p>\n<p>&nbsp;<\/p>\n<ul>\n<li><strong>Margarida Caf\u00e9 Paraty\u00a0<\/strong><\/li>\n<\/ul>\n<p>Chef Paulo prepara o Combinado Margarida: Trouxinhas wantan, croquete de ossobuco, tapas de presunto de parma, mini pastel de camar\u00e3o, bolinho de mandioca e molho de mostarda reduzido na cerveja Stella Artois.<\/p>\n<p>&nbsp;<\/p>\n<ul>\n<li><strong>Moura Emp\u00f3rio\u00a0<\/strong><\/li>\n<\/ul>\n<p>Chef Ariane prepara Trio de Bruschettas: Bruschettas de parma, caponata com brie e gorgonzola com mel e nozes. Acompanha molho a base de cerveja Stella Artois.<\/p>\n<p>&nbsp;<\/p>\n<ul>\n<li><strong>O Mercador\u00a0<\/strong><\/li>\n<\/ul>\n<p>Chef Kadu Castro prepara Linguicinha Sauerkraut: Inspirado no Cl\u00e1ssico alem\u00e3o, saborosa lingui\u00e7a calabresa, flambada na cerveja Stella Artois, salteada com mel e p\u00e1prica.Acompanhada de Sauerkraut artesanal e aioli de mostarda dijon.<\/p>\n<p>&nbsp;<\/p>\n<ul>\n<li><strong>Oui Paraty\u00a0<\/strong><\/li>\n<\/ul>\n<p>Chef Gustavo Veroni prepara Salade Tropicale: Uma salada com a cara do ver\u00e3o, super leve e refrescante.Composta de mix de alfaces (crespa, roxa e americana), cenoura, gr\u00e3o de bico, nozes, gorgonzola e um molho rose especial. O prato \u00e9 servido com tiras de massa de sarraceno feita com a cerveja Stella artois<\/p>\n<p>&nbsp;<\/p>\n<ul>\n<li><strong>Restaurante Canto do Engenho\u00a0<\/strong><\/li>\n<\/ul>\n<p>Chef Vinicius de Souza prepara Camar\u00e3o na farinha Panko: Camar\u00e3o flambado na cerveja Stella, empanado na farinha panko. Acompanha gel\u00e9ia de pimenta.<\/p>\n<p>&nbsp;<\/p>\n<ul>\n<li><strong>Via Marine Restaurante\u00a0<\/strong><\/li>\n<\/ul>\n<p>Chef Mar\u00eda Licia Schiappa prepara Salada Stella: Mini alfaces de Cunha, r\u00facula,\u00a0radicchio, migalhas de gorgonzola, l\u00e2minas de pera e brotos de beterraba com adere\u00e7o de mel de manda\u00e7aia e redu\u00e7\u00e3o da cerveja Stella Artois sem gl\u00faten.<\/p>\n<p>&nbsp;<\/p>\n<ul>\n<li><strong>Vila Margarida Paraty<\/strong><\/li>\n<\/ul>\n<p>Chef Geh Santos prepara Isca de peixe na farinha panko: Isca de ca\u00e7\u00e3o deliciosamente temperada com alho, pimenta, lim\u00e3o e caldo de frutos do mar com um toque da cerveja Stella Artois. Empanada na farinha panko.<\/p>\n<p>&nbsp;<\/p>\n<ul>\n<li><strong>Restaurante A Casa<\/strong><\/li>\n<\/ul>\n<p>Chef Thatiana prepara o prato Praia da casa: Lula cai\u00e7ara flambada na cerveja Stella, com molho de melado e gengibre.<\/p>\n<p><iframe style=\"width: 100%; max-width: 660px; overflow: hidden; background: transparent;\" src=\"https:\/\/embed.podcasts.apple.com\/br\/podcast\/podcast-cidademarketing\/id1371923283\" height=\"450\" frameborder=\"0\" sandbox=\"allow-forms allow-popups allow-same-origin allow-scripts allow-storage-access-by-user-activation allow-top-navigation-by-user-activation\"><\/iframe><\/p>\n","protected":false},"excerpt":{"rendered":"<p>Para abrir o ver\u00e3o em grande estilo, Stella Artois promove um circuito gastron\u00f4mico em Paraty, dos dias 3 a 16 de janeiro de 2022. A iniciativa contar\u00e1 com 15 restaurantes do Polo Gastron\u00f4mico da cidade, que v\u00e3o preparar pratos especiais para os visitantes no in\u00edcio de ano. Pedindo qualquer op\u00e7\u00e3o especial e uma Stella, o [&hellip;]<\/p>\n","protected":false},"author":1,"featured_media":33593,"comment_status":"open","ping_status":"open","sticky":false,"template":"","format":"standard","meta":{"tdm_status":"","tdm_grid_status":"","footnotes":""},"categories":[6],"tags":[33,2023,28,2103,909],"class_list":["post-33592","post","type-post","status-publish","format-standard","has-post-thumbnail","hentry","category-noticias","tag-estrategia","tag-gastronomia","tag-marketing","tag-paraty","tag-stella-artois"],"yoast_head":"<!-- This site is optimized with the Yoast SEO plugin v27.5 - https:\/\/yoast.com\/product\/yoast-seo-wordpress\/ -->\n<title>Stella Artois promove circuito gastron\u00f4mico de ver\u00e3o em Paraty - CidadeMarketing<\/title>\n<meta name=\"robots\" content=\"index, follow, max-snippet:-1, max-image-preview:large, max-video-preview:-1\" \/>\n<link rel=\"canonical\" href=\"https:\/\/www.cidademarketing.com.br\/marketing\/2022\/01\/03\/stella-artois-promove-circuito-gastronomico-de-verao-em-paraty\/\" \/>\n<meta property=\"og:locale\" content=\"pt_BR\" \/>\n<meta property=\"og:type\" content=\"article\" \/>\n<meta property=\"og:title\" content=\"Stella Artois promove circuito gastron\u00f4mico de ver\u00e3o em Paraty - CidadeMarketing\" \/>\n<meta property=\"og:description\" content=\"Para abrir o ver\u00e3o em grande estilo, Stella Artois promove um circuito gastron\u00f4mico em Paraty, dos dias 3 a 16 de janeiro de 2022. A iniciativa contar\u00e1 com 15 restaurantes do Polo Gastron\u00f4mico da cidade, que v\u00e3o preparar pratos especiais para os visitantes no in\u00edcio de ano. Pedindo qualquer op\u00e7\u00e3o especial e uma Stella, o [&hellip;]\" \/>\n<meta property=\"og:url\" content=\"https:\/\/www.cidademarketing.com.br\/marketing\/2022\/01\/03\/stella-artois-promove-circuito-gastronomico-de-verao-em-paraty\/\" \/>\n<meta property=\"og:site_name\" content=\"CidadeMarketing\" \/>\n<meta property=\"article:publisher\" content=\"https:\/\/www.facebook.com\/portalcidademarketing\" \/>\n<meta property=\"article:author\" content=\"https:\/\/www.facebook.com\/thalesbrandao\" \/>\n<meta property=\"article:published_time\" content=\"2022-01-03T18:41:58+00:00\" \/>\n<meta property=\"og:image\" content=\"https:\/\/www.cidademarketing.com.br\/marketing\/wp-content\/uploads\/2022\/01\/Canto-do-Engenho-.jpg\" \/>\n\t<meta property=\"og:image:width\" content=\"1620\" \/>\n\t<meta property=\"og:image:height\" content=\"1080\" \/>\n\t<meta property=\"og:image:type\" content=\"image\/jpeg\" \/>\n<meta name=\"author\" content=\"Thales Brand\u00e3o\" \/>\n<meta name=\"twitter:card\" content=\"summary_large_image\" \/>\n<meta name=\"twitter:creator\" content=\"@http:\/\/www.twitter.com\/thalesbrandao\" \/>\n<meta name=\"twitter:site\" content=\"@CidadeMarketing\" \/>\n<meta name=\"twitter:label1\" content=\"Escrito por\" \/>\n\t<meta name=\"twitter:data1\" content=\"Thales Brand\u00e3o\" \/>\n\t<meta name=\"twitter:label2\" content=\"Est. tempo de leitura\" \/>\n\t<meta name=\"twitter:data2\" content=\"3 minutos\" \/>\n<script type=\"application\/ld+json\" class=\"yoast-schema-graph\">{\"@context\":\"https:\\\/\\\/schema.org\",\"@graph\":[{\"@type\":\"Article\",\"@id\":\"https:\\\/\\\/www.cidademarketing.com.br\\\/marketing\\\/2022\\\/01\\\/03\\\/stella-artois-promove-circuito-gastronomico-de-verao-em-paraty\\\/#article\",\"isPartOf\":{\"@id\":\"https:\\\/\\\/www.cidademarketing.com.br\\\/marketing\\\/2022\\\/01\\\/03\\\/stella-artois-promove-circuito-gastronomico-de-verao-em-paraty\\\/\"},\"author\":{\"name\":\"Thales Brand\u00e3o\",\"@id\":\"https:\\\/\\\/www.cidademarketing.com.br\\\/marketing\\\/#\\\/schema\\\/person\\\/02daff9f18bd9378c9e01eb6b2db155f\"},\"headline\":\"Stella Artois promove circuito gastron\u00f4mico de ver\u00e3o em Paraty\",\"datePublished\":\"2022-01-03T18:41:58+00:00\",\"mainEntityOfPage\":{\"@id\":\"https:\\\/\\\/www.cidademarketing.com.br\\\/marketing\\\/2022\\\/01\\\/03\\\/stella-artois-promove-circuito-gastronomico-de-verao-em-paraty\\\/\"},\"wordCount\":589,\"commentCount\":0,\"publisher\":{\"@id\":\"https:\\\/\\\/www.cidademarketing.com.br\\\/marketing\\\/#organization\"},\"image\":{\"@id\":\"https:\\\/\\\/www.cidademarketing.com.br\\\/marketing\\\/2022\\\/01\\\/03\\\/stella-artois-promove-circuito-gastronomico-de-verao-em-paraty\\\/#primaryimage\"},\"thumbnailUrl\":\"https:\\\/\\\/www.cidademarketing.com.br\\\/marketing\\\/wp-content\\\/uploads\\\/2022\\\/01\\\/Canto-do-Engenho-.jpg\",\"keywords\":[\"estrat\u00e9gia\",\"gastronomia\",\"marketing\",\"Paraty\",\"Stella Artois\"],\"articleSection\":[\"Not\u00edcias\"],\"inLanguage\":\"pt-BR\",\"potentialAction\":[{\"@type\":\"CommentAction\",\"name\":\"Comment\",\"target\":[\"https:\\\/\\\/www.cidademarketing.com.br\\\/marketing\\\/2022\\\/01\\\/03\\\/stella-artois-promove-circuito-gastronomico-de-verao-em-paraty\\\/#respond\"]}]},{\"@type\":\"WebPage\",\"@id\":\"https:\\\/\\\/www.cidademarketing.com.br\\\/marketing\\\/2022\\\/01\\\/03\\\/stella-artois-promove-circuito-gastronomico-de-verao-em-paraty\\\/\",\"url\":\"https:\\\/\\\/www.cidademarketing.com.br\\\/marketing\\\/2022\\\/01\\\/03\\\/stella-artois-promove-circuito-gastronomico-de-verao-em-paraty\\\/\",\"name\":\"Stella Artois promove circuito gastron\u00f4mico de ver\u00e3o em Paraty - CidadeMarketing\",\"isPartOf\":{\"@id\":\"https:\\\/\\\/www.cidademarketing.com.br\\\/marketing\\\/#website\"},\"primaryImageOfPage\":{\"@id\":\"https:\\\/\\\/www.cidademarketing.com.br\\\/marketing\\\/2022\\\/01\\\/03\\\/stella-artois-promove-circuito-gastronomico-de-verao-em-paraty\\\/#primaryimage\"},\"image\":{\"@id\":\"https:\\\/\\\/www.cidademarketing.com.br\\\/marketing\\\/2022\\\/01\\\/03\\\/stella-artois-promove-circuito-gastronomico-de-verao-em-paraty\\\/#primaryimage\"},\"thumbnailUrl\":\"https:\\\/\\\/www.cidademarketing.com.br\\\/marketing\\\/wp-content\\\/uploads\\\/2022\\\/01\\\/Canto-do-Engenho-.jpg\",\"datePublished\":\"2022-01-03T18:41:58+00:00\",\"breadcrumb\":{\"@id\":\"https:\\\/\\\/www.cidademarketing.com.br\\\/marketing\\\/2022\\\/01\\\/03\\\/stella-artois-promove-circuito-gastronomico-de-verao-em-paraty\\\/#breadcrumb\"},\"inLanguage\":\"pt-BR\",\"potentialAction\":[{\"@type\":\"ReadAction\",\"target\":[\"https:\\\/\\\/www.cidademarketing.com.br\\\/marketing\\\/2022\\\/01\\\/03\\\/stella-artois-promove-circuito-gastronomico-de-verao-em-paraty\\\/\"]}]},{\"@type\":\"ImageObject\",\"inLanguage\":\"pt-BR\",\"@id\":\"https:\\\/\\\/www.cidademarketing.com.br\\\/marketing\\\/2022\\\/01\\\/03\\\/stella-artois-promove-circuito-gastronomico-de-verao-em-paraty\\\/#primaryimage\",\"url\":\"https:\\\/\\\/www.cidademarketing.com.br\\\/marketing\\\/wp-content\\\/uploads\\\/2022\\\/01\\\/Canto-do-Engenho-.jpg\",\"contentUrl\":\"https:\\\/\\\/www.cidademarketing.com.br\\\/marketing\\\/wp-content\\\/uploads\\\/2022\\\/01\\\/Canto-do-Engenho-.jpg\",\"width\":1620,\"height\":1080},{\"@type\":\"BreadcrumbList\",\"@id\":\"https:\\\/\\\/www.cidademarketing.com.br\\\/marketing\\\/2022\\\/01\\\/03\\\/stella-artois-promove-circuito-gastronomico-de-verao-em-paraty\\\/#breadcrumb\",\"itemListElement\":[{\"@type\":\"ListItem\",\"position\":1,\"name\":\"In\u00edcio\",\"item\":\"https:\\\/\\\/www.cidademarketing.com.br\\\/marketing\\\/\"},{\"@type\":\"ListItem\",\"position\":2,\"name\":\"Stella Artois promove circuito gastron\u00f4mico de ver\u00e3o em Paraty\"}]},{\"@type\":\"WebSite\",\"@id\":\"https:\\\/\\\/www.cidademarketing.com.br\\\/marketing\\\/#website\",\"url\":\"https:\\\/\\\/www.cidademarketing.com.br\\\/marketing\\\/\",\"name\":\"CidadeMarketing\",\"description\":\"Somos um ve\u00edculo de comunica\u00e7\u00e3o de destaque no Brasil, reconhecido por conte\u00fados nos segmentos de marketing, empreendedorismo e inova\u00e7\u00e3o.\",\"publisher\":{\"@id\":\"https:\\\/\\\/www.cidademarketing.com.br\\\/marketing\\\/#organization\"},\"alternateName\":\"CidadeMarketing\",\"potentialAction\":[{\"@type\":\"SearchAction\",\"target\":{\"@type\":\"EntryPoint\",\"urlTemplate\":\"https:\\\/\\\/www.cidademarketing.com.br\\\/marketing\\\/?s={search_term_string}\"},\"query-input\":{\"@type\":\"PropertyValueSpecification\",\"valueRequired\":true,\"valueName\":\"search_term_string\"}}],\"inLanguage\":\"pt-BR\"},{\"@type\":\"Organization\",\"@id\":\"https:\\\/\\\/www.cidademarketing.com.br\\\/marketing\\\/#organization\",\"name\":\"CidadeMarketing\",\"alternateName\":\"CidadeMarketing\",\"url\":\"https:\\\/\\\/www.cidademarketing.com.br\\\/marketing\\\/\",\"logo\":{\"@type\":\"ImageObject\",\"inLanguage\":\"pt-BR\",\"@id\":\"https:\\\/\\\/www.cidademarketing.com.br\\\/marketing\\\/#\\\/schema\\\/logo\\\/image\\\/\",\"url\":\"https:\\\/\\\/www.cidademarketing.com.br\\\/marketing\\\/wp-content\\\/uploads\\\/2020\\\/01\\\/cidademarketing_marca_mobile.png\",\"contentUrl\":\"https:\\\/\\\/www.cidademarketing.com.br\\\/marketing\\\/wp-content\\\/uploads\\\/2020\\\/01\\\/cidademarketing_marca_mobile.png\",\"width\":230,\"height\":92,\"caption\":\"CidadeMarketing\"},\"image\":{\"@id\":\"https:\\\/\\\/www.cidademarketing.com.br\\\/marketing\\\/#\\\/schema\\\/logo\\\/image\\\/\"},\"sameAs\":[\"https:\\\/\\\/www.facebook.com\\\/portalcidademarketing\",\"https:\\\/\\\/x.com\\\/CidadeMarketing\",\"https:\\\/\\\/www.instagram.com\\\/cidademarketing\\\/\"]},{\"@type\":\"Person\",\"@id\":\"https:\\\/\\\/www.cidademarketing.com.br\\\/marketing\\\/#\\\/schema\\\/person\\\/02daff9f18bd9378c9e01eb6b2db155f\",\"name\":\"Thales Brand\u00e3o\",\"image\":{\"@type\":\"ImageObject\",\"inLanguage\":\"pt-BR\",\"@id\":\"https:\\\/\\\/secure.gravatar.com\\\/avatar\\\/7ca3206950207cc3cb48feec56a8a7898741ab725c368d99d5d7a5a50aab80c6?s=96&d=mm&r=g\",\"url\":\"https:\\\/\\\/secure.gravatar.com\\\/avatar\\\/7ca3206950207cc3cb48feec56a8a7898741ab725c368d99d5d7a5a50aab80c6?s=96&d=mm&r=g\",\"contentUrl\":\"https:\\\/\\\/secure.gravatar.com\\\/avatar\\\/7ca3206950207cc3cb48feec56a8a7898741ab725c368d99d5d7a5a50aab80c6?s=96&d=mm&r=g\",\"caption\":\"Thales Brand\u00e3o\"},\"description\":\"Editor Executivo do Portal CidadeMarketing.com.br &gt; Mestre em Comunica\u00e7\u00e3o e Sociedade pela Universidade Federal de Sergipe. Possui MBA Executivo em Administra\u00e7\u00e3o com \u00eanfase em Marketing pela Funda\u00e7\u00e3o Get\u00falio Vargas - Rio de Janeiro. Consultor, Palestrante e Pesquisador sobre Empreendedorismo, Marketing, Redes Sociais e Neg\u00f3cios Digitais. Professor, Palestrante TedxTalks e Campus Party. Twitter: @ThalesBrandao\",\"sameAs\":[\"http:\\\/\\\/www.mandacaru.com.br\",\"https:\\\/\\\/www.facebook.com\\\/thalesbrandao\",\"http:\\\/\\\/www.instagram.com.br\\\/thalesbrandaoferreira\",\"https:\\\/\\\/www.linkedin.com\\\/in\\\/thales-brand\u00e3o-3948609\\\/\",\"https:\\\/\\\/x.com\\\/http:\\\/\\\/www.twitter.com\\\/thalesbrandao\"],\"url\":\"https:\\\/\\\/www.cidademarketing.com.br\\\/marketing\\\/author\\\/thalesbrandao\\\/\"}]}<\/script>\n<!-- \/ Yoast SEO plugin. -->","yoast_head_json":{"title":"Stella Artois promove circuito gastron\u00f4mico de ver\u00e3o em Paraty - CidadeMarketing","robots":{"index":"index","follow":"follow","max-snippet":"max-snippet:-1","max-image-preview":"max-image-preview:large","max-video-preview":"max-video-preview:-1"},"canonical":"https:\/\/www.cidademarketing.com.br\/marketing\/2022\/01\/03\/stella-artois-promove-circuito-gastronomico-de-verao-em-paraty\/","og_locale":"pt_BR","og_type":"article","og_title":"Stella Artois promove circuito gastron\u00f4mico de ver\u00e3o em Paraty - CidadeMarketing","og_description":"Para abrir o ver\u00e3o em grande estilo, Stella Artois promove um circuito gastron\u00f4mico em Paraty, dos dias 3 a 16 de janeiro de 2022. A iniciativa contar\u00e1 com 15 restaurantes do Polo Gastron\u00f4mico da cidade, que v\u00e3o preparar pratos especiais para os visitantes no in\u00edcio de ano. Pedindo qualquer op\u00e7\u00e3o especial e uma Stella, o [&hellip;]","og_url":"https:\/\/www.cidademarketing.com.br\/marketing\/2022\/01\/03\/stella-artois-promove-circuito-gastronomico-de-verao-em-paraty\/","og_site_name":"CidadeMarketing","article_publisher":"https:\/\/www.facebook.com\/portalcidademarketing","article_author":"https:\/\/www.facebook.com\/thalesbrandao","article_published_time":"2022-01-03T18:41:58+00:00","og_image":[{"width":1620,"height":1080,"url":"https:\/\/www.cidademarketing.com.br\/marketing\/wp-content\/uploads\/2022\/01\/Canto-do-Engenho-.jpg","type":"image\/jpeg"}],"author":"Thales Brand\u00e3o","twitter_card":"summary_large_image","twitter_creator":"@http:\/\/www.twitter.com\/thalesbrandao","twitter_site":"@CidadeMarketing","twitter_misc":{"Escrito por":"Thales Brand\u00e3o","Est. tempo de leitura":"3 minutos"},"schema":{"@context":"https:\/\/schema.org","@graph":[{"@type":"Article","@id":"https:\/\/www.cidademarketing.com.br\/marketing\/2022\/01\/03\/stella-artois-promove-circuito-gastronomico-de-verao-em-paraty\/#article","isPartOf":{"@id":"https:\/\/www.cidademarketing.com.br\/marketing\/2022\/01\/03\/stella-artois-promove-circuito-gastronomico-de-verao-em-paraty\/"},"author":{"name":"Thales Brand\u00e3o","@id":"https:\/\/www.cidademarketing.com.br\/marketing\/#\/schema\/person\/02daff9f18bd9378c9e01eb6b2db155f"},"headline":"Stella Artois promove circuito gastron\u00f4mico de ver\u00e3o em Paraty","datePublished":"2022-01-03T18:41:58+00:00","mainEntityOfPage":{"@id":"https:\/\/www.cidademarketing.com.br\/marketing\/2022\/01\/03\/stella-artois-promove-circuito-gastronomico-de-verao-em-paraty\/"},"wordCount":589,"commentCount":0,"publisher":{"@id":"https:\/\/www.cidademarketing.com.br\/marketing\/#organization"},"image":{"@id":"https:\/\/www.cidademarketing.com.br\/marketing\/2022\/01\/03\/stella-artois-promove-circuito-gastronomico-de-verao-em-paraty\/#primaryimage"},"thumbnailUrl":"https:\/\/www.cidademarketing.com.br\/marketing\/wp-content\/uploads\/2022\/01\/Canto-do-Engenho-.jpg","keywords":["estrat\u00e9gia","gastronomia","marketing","Paraty","Stella Artois"],"articleSection":["Not\u00edcias"],"inLanguage":"pt-BR","potentialAction":[{"@type":"CommentAction","name":"Comment","target":["https:\/\/www.cidademarketing.com.br\/marketing\/2022\/01\/03\/stella-artois-promove-circuito-gastronomico-de-verao-em-paraty\/#respond"]}]},{"@type":"WebPage","@id":"https:\/\/www.cidademarketing.com.br\/marketing\/2022\/01\/03\/stella-artois-promove-circuito-gastronomico-de-verao-em-paraty\/","url":"https:\/\/www.cidademarketing.com.br\/marketing\/2022\/01\/03\/stella-artois-promove-circuito-gastronomico-de-verao-em-paraty\/","name":"Stella Artois promove circuito gastron\u00f4mico de ver\u00e3o em Paraty - CidadeMarketing","isPartOf":{"@id":"https:\/\/www.cidademarketing.com.br\/marketing\/#website"},"primaryImageOfPage":{"@id":"https:\/\/www.cidademarketing.com.br\/marketing\/2022\/01\/03\/stella-artois-promove-circuito-gastronomico-de-verao-em-paraty\/#primaryimage"},"image":{"@id":"https:\/\/www.cidademarketing.com.br\/marketing\/2022\/01\/03\/stella-artois-promove-circuito-gastronomico-de-verao-em-paraty\/#primaryimage"},"thumbnailUrl":"https:\/\/www.cidademarketing.com.br\/marketing\/wp-content\/uploads\/2022\/01\/Canto-do-Engenho-.jpg","datePublished":"2022-01-03T18:41:58+00:00","breadcrumb":{"@id":"https:\/\/www.cidademarketing.com.br\/marketing\/2022\/01\/03\/stella-artois-promove-circuito-gastronomico-de-verao-em-paraty\/#breadcrumb"},"inLanguage":"pt-BR","potentialAction":[{"@type":"ReadAction","target":["https:\/\/www.cidademarketing.com.br\/marketing\/2022\/01\/03\/stella-artois-promove-circuito-gastronomico-de-verao-em-paraty\/"]}]},{"@type":"ImageObject","inLanguage":"pt-BR","@id":"https:\/\/www.cidademarketing.com.br\/marketing\/2022\/01\/03\/stella-artois-promove-circuito-gastronomico-de-verao-em-paraty\/#primaryimage","url":"https:\/\/www.cidademarketing.com.br\/marketing\/wp-content\/uploads\/2022\/01\/Canto-do-Engenho-.jpg","contentUrl":"https:\/\/www.cidademarketing.com.br\/marketing\/wp-content\/uploads\/2022\/01\/Canto-do-Engenho-.jpg","width":1620,"height":1080},{"@type":"BreadcrumbList","@id":"https:\/\/www.cidademarketing.com.br\/marketing\/2022\/01\/03\/stella-artois-promove-circuito-gastronomico-de-verao-em-paraty\/#breadcrumb","itemListElement":[{"@type":"ListItem","position":1,"name":"In\u00edcio","item":"https:\/\/www.cidademarketing.com.br\/marketing\/"},{"@type":"ListItem","position":2,"name":"Stella Artois promove circuito gastron\u00f4mico de ver\u00e3o em Paraty"}]},{"@type":"WebSite","@id":"https:\/\/www.cidademarketing.com.br\/marketing\/#website","url":"https:\/\/www.cidademarketing.com.br\/marketing\/","name":"CidadeMarketing","description":"Somos um ve\u00edculo de comunica\u00e7\u00e3o de destaque no Brasil, reconhecido por conte\u00fados nos segmentos de marketing, empreendedorismo e inova\u00e7\u00e3o.","publisher":{"@id":"https:\/\/www.cidademarketing.com.br\/marketing\/#organization"},"alternateName":"CidadeMarketing","potentialAction":[{"@type":"SearchAction","target":{"@type":"EntryPoint","urlTemplate":"https:\/\/www.cidademarketing.com.br\/marketing\/?s={search_term_string}"},"query-input":{"@type":"PropertyValueSpecification","valueRequired":true,"valueName":"search_term_string"}}],"inLanguage":"pt-BR"},{"@type":"Organization","@id":"https:\/\/www.cidademarketing.com.br\/marketing\/#organization","name":"CidadeMarketing","alternateName":"CidadeMarketing","url":"https:\/\/www.cidademarketing.com.br\/marketing\/","logo":{"@type":"ImageObject","inLanguage":"pt-BR","@id":"https:\/\/www.cidademarketing.com.br\/marketing\/#\/schema\/logo\/image\/","url":"https:\/\/www.cidademarketing.com.br\/marketing\/wp-content\/uploads\/2020\/01\/cidademarketing_marca_mobile.png","contentUrl":"https:\/\/www.cidademarketing.com.br\/marketing\/wp-content\/uploads\/2020\/01\/cidademarketing_marca_mobile.png","width":230,"height":92,"caption":"CidadeMarketing"},"image":{"@id":"https:\/\/www.cidademarketing.com.br\/marketing\/#\/schema\/logo\/image\/"},"sameAs":["https:\/\/www.facebook.com\/portalcidademarketing","https:\/\/x.com\/CidadeMarketing","https:\/\/www.instagram.com\/cidademarketing\/"]},{"@type":"Person","@id":"https:\/\/www.cidademarketing.com.br\/marketing\/#\/schema\/person\/02daff9f18bd9378c9e01eb6b2db155f","name":"Thales Brand\u00e3o","image":{"@type":"ImageObject","inLanguage":"pt-BR","@id":"https:\/\/secure.gravatar.com\/avatar\/7ca3206950207cc3cb48feec56a8a7898741ab725c368d99d5d7a5a50aab80c6?s=96&d=mm&r=g","url":"https:\/\/secure.gravatar.com\/avatar\/7ca3206950207cc3cb48feec56a8a7898741ab725c368d99d5d7a5a50aab80c6?s=96&d=mm&r=g","contentUrl":"https:\/\/secure.gravatar.com\/avatar\/7ca3206950207cc3cb48feec56a8a7898741ab725c368d99d5d7a5a50aab80c6?s=96&d=mm&r=g","caption":"Thales Brand\u00e3o"},"description":"Editor Executivo do Portal CidadeMarketing.com.br &gt; Mestre em Comunica\u00e7\u00e3o e Sociedade pela Universidade Federal de Sergipe. Possui MBA Executivo em Administra\u00e7\u00e3o com \u00eanfase em Marketing pela Funda\u00e7\u00e3o Get\u00falio Vargas - Rio de Janeiro. Consultor, Palestrante e Pesquisador sobre Empreendedorismo, Marketing, Redes Sociais e Neg\u00f3cios Digitais. Professor, Palestrante TedxTalks e Campus Party. Twitter: @ThalesBrandao","sameAs":["http:\/\/www.mandacaru.com.br","https:\/\/www.facebook.com\/thalesbrandao","http:\/\/www.instagram.com.br\/thalesbrandaoferreira","https:\/\/www.linkedin.com\/in\/thales-brand\u00e3o-3948609\/","https:\/\/x.com\/http:\/\/www.twitter.com\/thalesbrandao"],"url":"https:\/\/www.cidademarketing.com.br\/marketing\/author\/thalesbrandao\/"}]}},"amp_enabled":true,"_links":{"self":[{"href":"https:\/\/www.cidademarketing.com.br\/marketing\/wp-json\/wp\/v2\/posts\/33592","targetHints":{"allow":["GET"]}}],"collection":[{"href":"https:\/\/www.cidademarketing.com.br\/marketing\/wp-json\/wp\/v2\/posts"}],"about":[{"href":"https:\/\/www.cidademarketing.com.br\/marketing\/wp-json\/wp\/v2\/types\/post"}],"author":[{"embeddable":true,"href":"https:\/\/www.cidademarketing.com.br\/marketing\/wp-json\/wp\/v2\/users\/1"}],"replies":[{"embeddable":true,"href":"https:\/\/www.cidademarketing.com.br\/marketing\/wp-json\/wp\/v2\/comments?post=33592"}],"version-history":[{"count":1,"href":"https:\/\/www.cidademarketing.com.br\/marketing\/wp-json\/wp\/v2\/posts\/33592\/revisions"}],"predecessor-version":[{"id":33597,"href":"https:\/\/www.cidademarketing.com.br\/marketing\/wp-json\/wp\/v2\/posts\/33592\/revisions\/33597"}],"wp:featuredmedia":[{"embeddable":true,"href":"https:\/\/www.cidademarketing.com.br\/marketing\/wp-json\/wp\/v2\/media\/33593"}],"wp:attachment":[{"href":"https:\/\/www.cidademarketing.com.br\/marketing\/wp-json\/wp\/v2\/media?parent=33592"}],"wp:term":[{"taxonomy":"category","embeddable":true,"href":"https:\/\/www.cidademarketing.com.br\/marketing\/wp-json\/wp\/v2\/categories?post=33592"},{"taxonomy":"post_tag","embeddable":true,"href":"https:\/\/www.cidademarketing.com.br\/marketing\/wp-json\/wp\/v2\/tags?post=33592"}],"curies":[{"name":"wp","href":"https:\/\/api.w.org\/{rel}","templated":true}]}}