{"id":33531,"date":"2021-12-30T22:05:21","date_gmt":"2021-12-31T01:05:21","guid":{"rendered":"https:\/\/www.cidademarketing.com.br\/marketing\/?p=33531"},"modified":"2021-12-30T22:05:21","modified_gmt":"2021-12-31T01:05:21","slug":"curta-homenageia-escritora-lya-luft-com-exibicao-de-episodio-da-serie-impressoes-do-brasil","status":"publish","type":"post","link":"https:\/\/www.cidademarketing.com.br\/marketing\/2021\/12\/30\/curta-homenageia-escritora-lya-luft-com-exibicao-de-episodio-da-serie-impressoes-do-brasil\/","title":{"rendered":"Curta! homenageia escritora Lya Luft com exibi\u00e7\u00e3o de epis\u00f3dio da s\u00e9rie \u2018Impress\u00f5es do Brasil\u2019"},"content":{"rendered":"<p><iframe src=\"https:\/\/open.spotify.com\/embed\/show\/4khMKzP3FgFRWVwb73xicc\" width=\"100%\" height=\"232\" frameborder=\"0\"><\/iframe><br \/>\nEm homenagem \u00e0 escritora ga\u00facha Lya Luft, falecida nesta quinta-feira, 30, aos 83 anos, o canal Curta! reexibe epis\u00f3dio da s\u00e9rie <strong>&#8220;Impress\u00f5es do Brasil<\/strong>&#8221; em que a autora fala sobre a sua obra, seus m\u00e9todos de trabalho, sua vis\u00e3o sobre a literatura e sua pr\u00f3pria vida. A produ\u00e7\u00e3o da Mercado Cultural, dirigida por Ronaldo Duque, poder\u00e1 ser vista <strong>amanh\u00e3, sexta-feira, 31, \u00e0s 18h; s\u00e1bado, 1, \u00e0s 21h10 e domingo, 2, \u00e0s 12h30<\/strong>.<\/p>\n<div class=\"youtube-embed\" data-video_id=\"gmhYBoRzWRo\"><iframe title=\"Homenagem a Lya Luft\" width=\"640\" height=\"360\" src=\"https:\/\/www.youtube.com\/embed\/gmhYBoRzWRo?feature=oembed&#038;enablejsapi=1\" frameborder=\"0\" allow=\"accelerometer; autoplay; clipboard-write; encrypted-media; gyroscope; picture-in-picture; web-share\" referrerpolicy=\"strict-origin-when-cross-origin\" allowfullscreen><\/iframe><\/div>\n<p>&nbsp;<\/p>\n<p>O Curta!On \u2014 streaming do Curta! no NOW da Claro\/NET e em <a href=\"http:\/\/www.curtaon.com.br\" target=\"_blank\" rel=\"noopener\">www.curtaon.com.br<\/a> \u2014 e a plataforma Tamandua.TV tamb\u00e9m disponibilizam o epis\u00f3dio. E ainda na degusta\u00e7\u00e3o do Curta!On outras duas s\u00e9ries trazem entrevistas com a escritora: \u201cImortais da Academia\u201d e \u201cEsse Neg\u00f3cio de Livro\u201d.<\/p>\n<p>Autora de 31 t\u00edtulos, entre poesias, contos, cr\u00f4nicas, ensaios e livros infantis, Lya era tamb\u00e9m tradutora, colunista e foi professora universit\u00e1ria. Entre suas obras est\u00e3o \u201cO quarto fechado&#8221;, &#8220;As parceiras&#8221; e &#8220;O rio do meio&#8221; e tradu\u00e7\u00f5es de grandes autores das letras anglo-germ\u00e2nicas, como Virginia Woolf, Rainer Maria Hilke, Hermann Hesse e Doris Lessing.<\/p>\n<p>&#8220;Tudo que eu aprendi sobre teoria liter\u00e1ria nos meus mestrados, eu tratei de esquecer bem ligeiro quando eu comecei a escrever&#8221;, disse Lya na s\u00e9rie \u201cImpress\u00f5es do Brasil\u201d.<\/p>\n<p>Produzida em 2011, a s\u00e9rie <strong>&#8220;Impress\u00f5es do Brasil&#8221;<\/strong> traz entrevistas com 30 escritores contempor\u00e2neos \u2013 selecionados \u00e0 \u00e9poca \u2013 entre eles, Luis Fernando Verissimo, Affonso Romano de Sant&#8217;Anna, Carlos Heitor Cony, N\u00e9lida Pi\u00f1on, Luiz Rufatto, Thiago de Mello e Ziraldo &#8211; formando um painel representativo da produ\u00e7\u00e3o contempor\u00e2nea brasileira e da diversidade de origens, g\u00eaneros e estilos dos principais criadores. Eles abordam seus trabalhos em g\u00eaneros como romance, poesia, conto, cr\u00f4nica e mem\u00f3ria.<\/p>\n<p><strong>\u201cImpress\u00f5es do Brasil &#8211; Epis\u00f3dio Lya Luft\u201d (s\u00e9rie) &#8211; Sexta, 31, \u00e0s 18h<\/strong><\/p>\n<p>Escritora, tradutora, colunista e professora universit\u00e1ria aposentada, Lya Luft lan\u00e7ou livros de poesias, contos, cr\u00f4nicas, ensaios e livros infantis.\u00a0Traduziu mais de 100 livros, muitos deles, obras-primas de grandes autores das letras anglo-germ\u00e2nicas, como Virginia Woolf, Rainer Maria Hilke, Hermann Hesse, Doris Lessing, G\u00fcnther.\u00a0<strong>Dire\u00e7\u00e3o:<\/strong>\u00a0Ronaldo Duque\u00a0<strong>Dura\u00e7\u00e3o:<\/strong>\u00a026 min.\u00a0<strong>Classifica\u00e7\u00e3o:<\/strong>\u00a0Livre.\u00a0<strong>Hor\u00e1rios alternativos:<\/strong>\u00a01 de janeiro, s\u00e1bado, \u00e0s 21h10; 2 de janeiro, domingo, \u00e0s 12h30.<\/p>\n<p><iframe style=\"width: 100%; max-width: 660px; overflow: hidden; background: transparent;\" src=\"https:\/\/embed.podcasts.apple.com\/br\/podcast\/podcast-cidademarketing\/id1371923283\" height=\"450\" frameborder=\"0\" sandbox=\"allow-forms allow-popups allow-same-origin allow-scripts allow-storage-access-by-user-activation allow-top-navigation-by-user-activation\"><\/iframe><\/p>\n","protected":false},"excerpt":{"rendered":"<p>Em homenagem \u00e0 escritora ga\u00facha Lya Luft, falecida nesta quinta-feira, 30, aos 83 anos, o canal Curta! reexibe epis\u00f3dio da s\u00e9rie &#8220;Impress\u00f5es do Brasil&#8221; em que a autora fala sobre a sua obra, seus m\u00e9todos de trabalho, sua vis\u00e3o sobre a literatura e sua pr\u00f3pria vida. A produ\u00e7\u00e3o da Mercado Cultural, dirigida por Ronaldo Duque, [&hellip;]<\/p>\n","protected":false},"author":1,"featured_media":33532,"comment_status":"open","ping_status":"open","sticky":false,"template":"","format":"standard","meta":{"tdm_status":"","tdm_grid_status":"","footnotes":""},"categories":[6],"tags":[3320,33,4107,852,5100,28,381],"class_list":["post-33531","post","type-post","status-publish","format-standard","has-post-thumbnail","hentry","category-noticias","tag-curta-2","tag-estrategia","tag-literatura","tag-livros","tag-lya-luft","tag-marketing","tag-televisao"],"yoast_head":"<!-- This site is optimized with the Yoast SEO plugin v27.5 - https:\/\/yoast.com\/product\/yoast-seo-wordpress\/ -->\n<title>Curta! homenageia escritora Lya Luft com exibi\u00e7\u00e3o de epis\u00f3dio da s\u00e9rie \u2018Impress\u00f5es do Brasil\u2019 - CidadeMarketing<\/title>\n<meta name=\"robots\" content=\"index, follow, max-snippet:-1, max-image-preview:large, max-video-preview:-1\" \/>\n<link rel=\"canonical\" href=\"https:\/\/www.cidademarketing.com.br\/marketing\/2021\/12\/30\/curta-homenageia-escritora-lya-luft-com-exibicao-de-episodio-da-serie-impressoes-do-brasil\/\" \/>\n<meta property=\"og:locale\" content=\"pt_BR\" \/>\n<meta property=\"og:type\" content=\"article\" \/>\n<meta property=\"og:title\" content=\"Curta! homenageia escritora Lya Luft com exibi\u00e7\u00e3o de epis\u00f3dio da s\u00e9rie \u2018Impress\u00f5es do Brasil\u2019 - CidadeMarketing\" \/>\n<meta property=\"og:description\" content=\"Em homenagem \u00e0 escritora ga\u00facha Lya Luft, falecida nesta quinta-feira, 30, aos 83 anos, o canal Curta! reexibe epis\u00f3dio da s\u00e9rie &#8220;Impress\u00f5es do Brasil&#8221; em que a autora fala sobre a sua obra, seus m\u00e9todos de trabalho, sua vis\u00e3o sobre a literatura e sua pr\u00f3pria vida. A produ\u00e7\u00e3o da Mercado Cultural, dirigida por Ronaldo Duque, [&hellip;]\" \/>\n<meta property=\"og:url\" content=\"https:\/\/www.cidademarketing.com.br\/marketing\/2021\/12\/30\/curta-homenageia-escritora-lya-luft-com-exibicao-de-episodio-da-serie-impressoes-do-brasil\/\" \/>\n<meta property=\"og:site_name\" content=\"CidadeMarketing\" \/>\n<meta property=\"article:publisher\" content=\"https:\/\/www.facebook.com\/portalcidademarketing\" \/>\n<meta property=\"article:author\" content=\"https:\/\/www.facebook.com\/thalesbrandao\" \/>\n<meta property=\"article:published_time\" content=\"2021-12-31T01:05:21+00:00\" \/>\n<meta property=\"og:image\" content=\"https:\/\/www.cidademarketing.com.br\/marketing\/wp-content\/uploads\/2021\/12\/Lya-Luft-Impressoes-do-Brasil-4-1.jpg\" \/>\n\t<meta property=\"og:image:width\" content=\"1872\" \/>\n\t<meta property=\"og:image:height\" content=\"1080\" \/>\n\t<meta property=\"og:image:type\" content=\"image\/jpeg\" \/>\n<meta name=\"author\" content=\"Thales Brand\u00e3o\" \/>\n<meta name=\"twitter:card\" content=\"summary_large_image\" \/>\n<meta name=\"twitter:creator\" content=\"@http:\/\/www.twitter.com\/thalesbrandao\" \/>\n<meta name=\"twitter:site\" content=\"@CidadeMarketing\" \/>\n<meta name=\"twitter:label1\" content=\"Escrito por\" \/>\n\t<meta name=\"twitter:data1\" content=\"Thales Brand\u00e3o\" \/>\n\t<meta name=\"twitter:label2\" content=\"Est. tempo de leitura\" \/>\n\t<meta name=\"twitter:data2\" content=\"2 minutos\" \/>\n<script type=\"application\/ld+json\" class=\"yoast-schema-graph\">{\"@context\":\"https:\\\/\\\/schema.org\",\"@graph\":[{\"@type\":\"Article\",\"@id\":\"https:\\\/\\\/www.cidademarketing.com.br\\\/marketing\\\/2021\\\/12\\\/30\\\/curta-homenageia-escritora-lya-luft-com-exibicao-de-episodio-da-serie-impressoes-do-brasil\\\/#article\",\"isPartOf\":{\"@id\":\"https:\\\/\\\/www.cidademarketing.com.br\\\/marketing\\\/2021\\\/12\\\/30\\\/curta-homenageia-escritora-lya-luft-com-exibicao-de-episodio-da-serie-impressoes-do-brasil\\\/\"},\"author\":{\"name\":\"Thales Brand\u00e3o\",\"@id\":\"https:\\\/\\\/www.cidademarketing.com.br\\\/marketing\\\/#\\\/schema\\\/person\\\/02daff9f18bd9378c9e01eb6b2db155f\"},\"headline\":\"Curta! homenageia escritora Lya Luft com exibi\u00e7\u00e3o de epis\u00f3dio da s\u00e9rie \u2018Impress\u00f5es do Brasil\u2019\",\"datePublished\":\"2021-12-31T01:05:21+00:00\",\"mainEntityOfPage\":{\"@id\":\"https:\\\/\\\/www.cidademarketing.com.br\\\/marketing\\\/2021\\\/12\\\/30\\\/curta-homenageia-escritora-lya-luft-com-exibicao-de-episodio-da-serie-impressoes-do-brasil\\\/\"},\"wordCount\":418,\"commentCount\":0,\"publisher\":{\"@id\":\"https:\\\/\\\/www.cidademarketing.com.br\\\/marketing\\\/#organization\"},\"image\":{\"@id\":\"https:\\\/\\\/www.cidademarketing.com.br\\\/marketing\\\/2021\\\/12\\\/30\\\/curta-homenageia-escritora-lya-luft-com-exibicao-de-episodio-da-serie-impressoes-do-brasil\\\/#primaryimage\"},\"thumbnailUrl\":\"https:\\\/\\\/www.cidademarketing.com.br\\\/marketing\\\/wp-content\\\/uploads\\\/2021\\\/12\\\/Lya-Luft-Impressoes-do-Brasil-4-1.jpg\",\"keywords\":[\"Curta!\",\"estrat\u00e9gia\",\"literatura\",\"livros\",\"Lya Luft\",\"marketing\",\"televis\u00e3o\"],\"articleSection\":[\"Not\u00edcias\"],\"inLanguage\":\"pt-BR\",\"potentialAction\":[{\"@type\":\"CommentAction\",\"name\":\"Comment\",\"target\":[\"https:\\\/\\\/www.cidademarketing.com.br\\\/marketing\\\/2021\\\/12\\\/30\\\/curta-homenageia-escritora-lya-luft-com-exibicao-de-episodio-da-serie-impressoes-do-brasil\\\/#respond\"]}]},{\"@type\":\"WebPage\",\"@id\":\"https:\\\/\\\/www.cidademarketing.com.br\\\/marketing\\\/2021\\\/12\\\/30\\\/curta-homenageia-escritora-lya-luft-com-exibicao-de-episodio-da-serie-impressoes-do-brasil\\\/\",\"url\":\"https:\\\/\\\/www.cidademarketing.com.br\\\/marketing\\\/2021\\\/12\\\/30\\\/curta-homenageia-escritora-lya-luft-com-exibicao-de-episodio-da-serie-impressoes-do-brasil\\\/\",\"name\":\"Curta! homenageia escritora Lya Luft com exibi\u00e7\u00e3o de epis\u00f3dio da s\u00e9rie \u2018Impress\u00f5es do Brasil\u2019 - CidadeMarketing\",\"isPartOf\":{\"@id\":\"https:\\\/\\\/www.cidademarketing.com.br\\\/marketing\\\/#website\"},\"primaryImageOfPage\":{\"@id\":\"https:\\\/\\\/www.cidademarketing.com.br\\\/marketing\\\/2021\\\/12\\\/30\\\/curta-homenageia-escritora-lya-luft-com-exibicao-de-episodio-da-serie-impressoes-do-brasil\\\/#primaryimage\"},\"image\":{\"@id\":\"https:\\\/\\\/www.cidademarketing.com.br\\\/marketing\\\/2021\\\/12\\\/30\\\/curta-homenageia-escritora-lya-luft-com-exibicao-de-episodio-da-serie-impressoes-do-brasil\\\/#primaryimage\"},\"thumbnailUrl\":\"https:\\\/\\\/www.cidademarketing.com.br\\\/marketing\\\/wp-content\\\/uploads\\\/2021\\\/12\\\/Lya-Luft-Impressoes-do-Brasil-4-1.jpg\",\"datePublished\":\"2021-12-31T01:05:21+00:00\",\"breadcrumb\":{\"@id\":\"https:\\\/\\\/www.cidademarketing.com.br\\\/marketing\\\/2021\\\/12\\\/30\\\/curta-homenageia-escritora-lya-luft-com-exibicao-de-episodio-da-serie-impressoes-do-brasil\\\/#breadcrumb\"},\"inLanguage\":\"pt-BR\",\"potentialAction\":[{\"@type\":\"ReadAction\",\"target\":[\"https:\\\/\\\/www.cidademarketing.com.br\\\/marketing\\\/2021\\\/12\\\/30\\\/curta-homenageia-escritora-lya-luft-com-exibicao-de-episodio-da-serie-impressoes-do-brasil\\\/\"]}]},{\"@type\":\"ImageObject\",\"inLanguage\":\"pt-BR\",\"@id\":\"https:\\\/\\\/www.cidademarketing.com.br\\\/marketing\\\/2021\\\/12\\\/30\\\/curta-homenageia-escritora-lya-luft-com-exibicao-de-episodio-da-serie-impressoes-do-brasil\\\/#primaryimage\",\"url\":\"https:\\\/\\\/www.cidademarketing.com.br\\\/marketing\\\/wp-content\\\/uploads\\\/2021\\\/12\\\/Lya-Luft-Impressoes-do-Brasil-4-1.jpg\",\"contentUrl\":\"https:\\\/\\\/www.cidademarketing.com.br\\\/marketing\\\/wp-content\\\/uploads\\\/2021\\\/12\\\/Lya-Luft-Impressoes-do-Brasil-4-1.jpg\",\"width\":1872,\"height\":1080,\"caption\":\"Divulga\u00e7\u00e3o\"},{\"@type\":\"BreadcrumbList\",\"@id\":\"https:\\\/\\\/www.cidademarketing.com.br\\\/marketing\\\/2021\\\/12\\\/30\\\/curta-homenageia-escritora-lya-luft-com-exibicao-de-episodio-da-serie-impressoes-do-brasil\\\/#breadcrumb\",\"itemListElement\":[{\"@type\":\"ListItem\",\"position\":1,\"name\":\"In\u00edcio\",\"item\":\"https:\\\/\\\/www.cidademarketing.com.br\\\/marketing\\\/\"},{\"@type\":\"ListItem\",\"position\":2,\"name\":\"Curta! homenageia escritora Lya Luft com exibi\u00e7\u00e3o de epis\u00f3dio da s\u00e9rie \u2018Impress\u00f5es do Brasil\u2019\"}]},{\"@type\":\"WebSite\",\"@id\":\"https:\\\/\\\/www.cidademarketing.com.br\\\/marketing\\\/#website\",\"url\":\"https:\\\/\\\/www.cidademarketing.com.br\\\/marketing\\\/\",\"name\":\"CidadeMarketing\",\"description\":\"Somos um ve\u00edculo de comunica\u00e7\u00e3o de destaque no Brasil, reconhecido por conte\u00fados nos segmentos de marketing, empreendedorismo e inova\u00e7\u00e3o.\",\"publisher\":{\"@id\":\"https:\\\/\\\/www.cidademarketing.com.br\\\/marketing\\\/#organization\"},\"alternateName\":\"CidadeMarketing\",\"potentialAction\":[{\"@type\":\"SearchAction\",\"target\":{\"@type\":\"EntryPoint\",\"urlTemplate\":\"https:\\\/\\\/www.cidademarketing.com.br\\\/marketing\\\/?s={search_term_string}\"},\"query-input\":{\"@type\":\"PropertyValueSpecification\",\"valueRequired\":true,\"valueName\":\"search_term_string\"}}],\"inLanguage\":\"pt-BR\"},{\"@type\":\"Organization\",\"@id\":\"https:\\\/\\\/www.cidademarketing.com.br\\\/marketing\\\/#organization\",\"name\":\"CidadeMarketing\",\"alternateName\":\"CidadeMarketing\",\"url\":\"https:\\\/\\\/www.cidademarketing.com.br\\\/marketing\\\/\",\"logo\":{\"@type\":\"ImageObject\",\"inLanguage\":\"pt-BR\",\"@id\":\"https:\\\/\\\/www.cidademarketing.com.br\\\/marketing\\\/#\\\/schema\\\/logo\\\/image\\\/\",\"url\":\"https:\\\/\\\/www.cidademarketing.com.br\\\/marketing\\\/wp-content\\\/uploads\\\/2020\\\/01\\\/cidademarketing_marca_mobile.png\",\"contentUrl\":\"https:\\\/\\\/www.cidademarketing.com.br\\\/marketing\\\/wp-content\\\/uploads\\\/2020\\\/01\\\/cidademarketing_marca_mobile.png\",\"width\":230,\"height\":92,\"caption\":\"CidadeMarketing\"},\"image\":{\"@id\":\"https:\\\/\\\/www.cidademarketing.com.br\\\/marketing\\\/#\\\/schema\\\/logo\\\/image\\\/\"},\"sameAs\":[\"https:\\\/\\\/www.facebook.com\\\/portalcidademarketing\",\"https:\\\/\\\/x.com\\\/CidadeMarketing\",\"https:\\\/\\\/www.instagram.com\\\/cidademarketing\\\/\"]},{\"@type\":\"Person\",\"@id\":\"https:\\\/\\\/www.cidademarketing.com.br\\\/marketing\\\/#\\\/schema\\\/person\\\/02daff9f18bd9378c9e01eb6b2db155f\",\"name\":\"Thales Brand\u00e3o\",\"image\":{\"@type\":\"ImageObject\",\"inLanguage\":\"pt-BR\",\"@id\":\"https:\\\/\\\/secure.gravatar.com\\\/avatar\\\/7ca3206950207cc3cb48feec56a8a7898741ab725c368d99d5d7a5a50aab80c6?s=96&d=mm&r=g\",\"url\":\"https:\\\/\\\/secure.gravatar.com\\\/avatar\\\/7ca3206950207cc3cb48feec56a8a7898741ab725c368d99d5d7a5a50aab80c6?s=96&d=mm&r=g\",\"contentUrl\":\"https:\\\/\\\/secure.gravatar.com\\\/avatar\\\/7ca3206950207cc3cb48feec56a8a7898741ab725c368d99d5d7a5a50aab80c6?s=96&d=mm&r=g\",\"caption\":\"Thales Brand\u00e3o\"},\"description\":\"Editor Executivo do Portal CidadeMarketing.com.br &gt; Mestre em Comunica\u00e7\u00e3o e Sociedade pela Universidade Federal de Sergipe. Possui MBA Executivo em Administra\u00e7\u00e3o com \u00eanfase em Marketing pela Funda\u00e7\u00e3o Get\u00falio Vargas - Rio de Janeiro. Consultor, Palestrante e Pesquisador sobre Empreendedorismo, Marketing, Redes Sociais e Neg\u00f3cios Digitais. Professor, Palestrante TedxTalks e Campus Party. Twitter: @ThalesBrandao\",\"sameAs\":[\"http:\\\/\\\/www.mandacaru.com.br\",\"https:\\\/\\\/www.facebook.com\\\/thalesbrandao\",\"http:\\\/\\\/www.instagram.com.br\\\/thalesbrandaoferreira\",\"https:\\\/\\\/www.linkedin.com\\\/in\\\/thales-brand\u00e3o-3948609\\\/\",\"https:\\\/\\\/x.com\\\/http:\\\/\\\/www.twitter.com\\\/thalesbrandao\"],\"url\":\"https:\\\/\\\/www.cidademarketing.com.br\\\/marketing\\\/author\\\/thalesbrandao\\\/\"}]}<\/script>\n<!-- \/ Yoast SEO plugin. -->","yoast_head_json":{"title":"Curta! homenageia escritora Lya Luft com exibi\u00e7\u00e3o de epis\u00f3dio da s\u00e9rie \u2018Impress\u00f5es do Brasil\u2019 - CidadeMarketing","robots":{"index":"index","follow":"follow","max-snippet":"max-snippet:-1","max-image-preview":"max-image-preview:large","max-video-preview":"max-video-preview:-1"},"canonical":"https:\/\/www.cidademarketing.com.br\/marketing\/2021\/12\/30\/curta-homenageia-escritora-lya-luft-com-exibicao-de-episodio-da-serie-impressoes-do-brasil\/","og_locale":"pt_BR","og_type":"article","og_title":"Curta! homenageia escritora Lya Luft com exibi\u00e7\u00e3o de epis\u00f3dio da s\u00e9rie \u2018Impress\u00f5es do Brasil\u2019 - CidadeMarketing","og_description":"Em homenagem \u00e0 escritora ga\u00facha Lya Luft, falecida nesta quinta-feira, 30, aos 83 anos, o canal Curta! reexibe epis\u00f3dio da s\u00e9rie &#8220;Impress\u00f5es do Brasil&#8221; em que a autora fala sobre a sua obra, seus m\u00e9todos de trabalho, sua vis\u00e3o sobre a literatura e sua pr\u00f3pria vida. A produ\u00e7\u00e3o da Mercado Cultural, dirigida por Ronaldo Duque, [&hellip;]","og_url":"https:\/\/www.cidademarketing.com.br\/marketing\/2021\/12\/30\/curta-homenageia-escritora-lya-luft-com-exibicao-de-episodio-da-serie-impressoes-do-brasil\/","og_site_name":"CidadeMarketing","article_publisher":"https:\/\/www.facebook.com\/portalcidademarketing","article_author":"https:\/\/www.facebook.com\/thalesbrandao","article_published_time":"2021-12-31T01:05:21+00:00","og_image":[{"width":1872,"height":1080,"url":"https:\/\/www.cidademarketing.com.br\/marketing\/wp-content\/uploads\/2021\/12\/Lya-Luft-Impressoes-do-Brasil-4-1.jpg","type":"image\/jpeg"}],"author":"Thales Brand\u00e3o","twitter_card":"summary_large_image","twitter_creator":"@http:\/\/www.twitter.com\/thalesbrandao","twitter_site":"@CidadeMarketing","twitter_misc":{"Escrito por":"Thales Brand\u00e3o","Est. tempo de leitura":"2 minutos"},"schema":{"@context":"https:\/\/schema.org","@graph":[{"@type":"Article","@id":"https:\/\/www.cidademarketing.com.br\/marketing\/2021\/12\/30\/curta-homenageia-escritora-lya-luft-com-exibicao-de-episodio-da-serie-impressoes-do-brasil\/#article","isPartOf":{"@id":"https:\/\/www.cidademarketing.com.br\/marketing\/2021\/12\/30\/curta-homenageia-escritora-lya-luft-com-exibicao-de-episodio-da-serie-impressoes-do-brasil\/"},"author":{"name":"Thales Brand\u00e3o","@id":"https:\/\/www.cidademarketing.com.br\/marketing\/#\/schema\/person\/02daff9f18bd9378c9e01eb6b2db155f"},"headline":"Curta! homenageia escritora Lya Luft com exibi\u00e7\u00e3o de epis\u00f3dio da s\u00e9rie \u2018Impress\u00f5es do Brasil\u2019","datePublished":"2021-12-31T01:05:21+00:00","mainEntityOfPage":{"@id":"https:\/\/www.cidademarketing.com.br\/marketing\/2021\/12\/30\/curta-homenageia-escritora-lya-luft-com-exibicao-de-episodio-da-serie-impressoes-do-brasil\/"},"wordCount":418,"commentCount":0,"publisher":{"@id":"https:\/\/www.cidademarketing.com.br\/marketing\/#organization"},"image":{"@id":"https:\/\/www.cidademarketing.com.br\/marketing\/2021\/12\/30\/curta-homenageia-escritora-lya-luft-com-exibicao-de-episodio-da-serie-impressoes-do-brasil\/#primaryimage"},"thumbnailUrl":"https:\/\/www.cidademarketing.com.br\/marketing\/wp-content\/uploads\/2021\/12\/Lya-Luft-Impressoes-do-Brasil-4-1.jpg","keywords":["Curta!","estrat\u00e9gia","literatura","livros","Lya Luft","marketing","televis\u00e3o"],"articleSection":["Not\u00edcias"],"inLanguage":"pt-BR","potentialAction":[{"@type":"CommentAction","name":"Comment","target":["https:\/\/www.cidademarketing.com.br\/marketing\/2021\/12\/30\/curta-homenageia-escritora-lya-luft-com-exibicao-de-episodio-da-serie-impressoes-do-brasil\/#respond"]}]},{"@type":"WebPage","@id":"https:\/\/www.cidademarketing.com.br\/marketing\/2021\/12\/30\/curta-homenageia-escritora-lya-luft-com-exibicao-de-episodio-da-serie-impressoes-do-brasil\/","url":"https:\/\/www.cidademarketing.com.br\/marketing\/2021\/12\/30\/curta-homenageia-escritora-lya-luft-com-exibicao-de-episodio-da-serie-impressoes-do-brasil\/","name":"Curta! homenageia escritora Lya Luft com exibi\u00e7\u00e3o de epis\u00f3dio da s\u00e9rie \u2018Impress\u00f5es do Brasil\u2019 - CidadeMarketing","isPartOf":{"@id":"https:\/\/www.cidademarketing.com.br\/marketing\/#website"},"primaryImageOfPage":{"@id":"https:\/\/www.cidademarketing.com.br\/marketing\/2021\/12\/30\/curta-homenageia-escritora-lya-luft-com-exibicao-de-episodio-da-serie-impressoes-do-brasil\/#primaryimage"},"image":{"@id":"https:\/\/www.cidademarketing.com.br\/marketing\/2021\/12\/30\/curta-homenageia-escritora-lya-luft-com-exibicao-de-episodio-da-serie-impressoes-do-brasil\/#primaryimage"},"thumbnailUrl":"https:\/\/www.cidademarketing.com.br\/marketing\/wp-content\/uploads\/2021\/12\/Lya-Luft-Impressoes-do-Brasil-4-1.jpg","datePublished":"2021-12-31T01:05:21+00:00","breadcrumb":{"@id":"https:\/\/www.cidademarketing.com.br\/marketing\/2021\/12\/30\/curta-homenageia-escritora-lya-luft-com-exibicao-de-episodio-da-serie-impressoes-do-brasil\/#breadcrumb"},"inLanguage":"pt-BR","potentialAction":[{"@type":"ReadAction","target":["https:\/\/www.cidademarketing.com.br\/marketing\/2021\/12\/30\/curta-homenageia-escritora-lya-luft-com-exibicao-de-episodio-da-serie-impressoes-do-brasil\/"]}]},{"@type":"ImageObject","inLanguage":"pt-BR","@id":"https:\/\/www.cidademarketing.com.br\/marketing\/2021\/12\/30\/curta-homenageia-escritora-lya-luft-com-exibicao-de-episodio-da-serie-impressoes-do-brasil\/#primaryimage","url":"https:\/\/www.cidademarketing.com.br\/marketing\/wp-content\/uploads\/2021\/12\/Lya-Luft-Impressoes-do-Brasil-4-1.jpg","contentUrl":"https:\/\/www.cidademarketing.com.br\/marketing\/wp-content\/uploads\/2021\/12\/Lya-Luft-Impressoes-do-Brasil-4-1.jpg","width":1872,"height":1080,"caption":"Divulga\u00e7\u00e3o"},{"@type":"BreadcrumbList","@id":"https:\/\/www.cidademarketing.com.br\/marketing\/2021\/12\/30\/curta-homenageia-escritora-lya-luft-com-exibicao-de-episodio-da-serie-impressoes-do-brasil\/#breadcrumb","itemListElement":[{"@type":"ListItem","position":1,"name":"In\u00edcio","item":"https:\/\/www.cidademarketing.com.br\/marketing\/"},{"@type":"ListItem","position":2,"name":"Curta! homenageia escritora Lya Luft com exibi\u00e7\u00e3o de epis\u00f3dio da s\u00e9rie \u2018Impress\u00f5es do Brasil\u2019"}]},{"@type":"WebSite","@id":"https:\/\/www.cidademarketing.com.br\/marketing\/#website","url":"https:\/\/www.cidademarketing.com.br\/marketing\/","name":"CidadeMarketing","description":"Somos um ve\u00edculo de comunica\u00e7\u00e3o de destaque no Brasil, reconhecido por conte\u00fados nos segmentos de marketing, empreendedorismo e inova\u00e7\u00e3o.","publisher":{"@id":"https:\/\/www.cidademarketing.com.br\/marketing\/#organization"},"alternateName":"CidadeMarketing","potentialAction":[{"@type":"SearchAction","target":{"@type":"EntryPoint","urlTemplate":"https:\/\/www.cidademarketing.com.br\/marketing\/?s={search_term_string}"},"query-input":{"@type":"PropertyValueSpecification","valueRequired":true,"valueName":"search_term_string"}}],"inLanguage":"pt-BR"},{"@type":"Organization","@id":"https:\/\/www.cidademarketing.com.br\/marketing\/#organization","name":"CidadeMarketing","alternateName":"CidadeMarketing","url":"https:\/\/www.cidademarketing.com.br\/marketing\/","logo":{"@type":"ImageObject","inLanguage":"pt-BR","@id":"https:\/\/www.cidademarketing.com.br\/marketing\/#\/schema\/logo\/image\/","url":"https:\/\/www.cidademarketing.com.br\/marketing\/wp-content\/uploads\/2020\/01\/cidademarketing_marca_mobile.png","contentUrl":"https:\/\/www.cidademarketing.com.br\/marketing\/wp-content\/uploads\/2020\/01\/cidademarketing_marca_mobile.png","width":230,"height":92,"caption":"CidadeMarketing"},"image":{"@id":"https:\/\/www.cidademarketing.com.br\/marketing\/#\/schema\/logo\/image\/"},"sameAs":["https:\/\/www.facebook.com\/portalcidademarketing","https:\/\/x.com\/CidadeMarketing","https:\/\/www.instagram.com\/cidademarketing\/"]},{"@type":"Person","@id":"https:\/\/www.cidademarketing.com.br\/marketing\/#\/schema\/person\/02daff9f18bd9378c9e01eb6b2db155f","name":"Thales Brand\u00e3o","image":{"@type":"ImageObject","inLanguage":"pt-BR","@id":"https:\/\/secure.gravatar.com\/avatar\/7ca3206950207cc3cb48feec56a8a7898741ab725c368d99d5d7a5a50aab80c6?s=96&d=mm&r=g","url":"https:\/\/secure.gravatar.com\/avatar\/7ca3206950207cc3cb48feec56a8a7898741ab725c368d99d5d7a5a50aab80c6?s=96&d=mm&r=g","contentUrl":"https:\/\/secure.gravatar.com\/avatar\/7ca3206950207cc3cb48feec56a8a7898741ab725c368d99d5d7a5a50aab80c6?s=96&d=mm&r=g","caption":"Thales Brand\u00e3o"},"description":"Editor Executivo do Portal CidadeMarketing.com.br &gt; Mestre em Comunica\u00e7\u00e3o e Sociedade pela Universidade Federal de Sergipe. Possui MBA Executivo em Administra\u00e7\u00e3o com \u00eanfase em Marketing pela Funda\u00e7\u00e3o Get\u00falio Vargas - Rio de Janeiro. Consultor, Palestrante e Pesquisador sobre Empreendedorismo, Marketing, Redes Sociais e Neg\u00f3cios Digitais. Professor, Palestrante TedxTalks e Campus Party. Twitter: @ThalesBrandao","sameAs":["http:\/\/www.mandacaru.com.br","https:\/\/www.facebook.com\/thalesbrandao","http:\/\/www.instagram.com.br\/thalesbrandaoferreira","https:\/\/www.linkedin.com\/in\/thales-brand\u00e3o-3948609\/","https:\/\/x.com\/http:\/\/www.twitter.com\/thalesbrandao"],"url":"https:\/\/www.cidademarketing.com.br\/marketing\/author\/thalesbrandao\/"}]}},"amp_enabled":true,"_links":{"self":[{"href":"https:\/\/www.cidademarketing.com.br\/marketing\/wp-json\/wp\/v2\/posts\/33531","targetHints":{"allow":["GET"]}}],"collection":[{"href":"https:\/\/www.cidademarketing.com.br\/marketing\/wp-json\/wp\/v2\/posts"}],"about":[{"href":"https:\/\/www.cidademarketing.com.br\/marketing\/wp-json\/wp\/v2\/types\/post"}],"author":[{"embeddable":true,"href":"https:\/\/www.cidademarketing.com.br\/marketing\/wp-json\/wp\/v2\/users\/1"}],"replies":[{"embeddable":true,"href":"https:\/\/www.cidademarketing.com.br\/marketing\/wp-json\/wp\/v2\/comments?post=33531"}],"version-history":[{"count":1,"href":"https:\/\/www.cidademarketing.com.br\/marketing\/wp-json\/wp\/v2\/posts\/33531\/revisions"}],"predecessor-version":[{"id":33533,"href":"https:\/\/www.cidademarketing.com.br\/marketing\/wp-json\/wp\/v2\/posts\/33531\/revisions\/33533"}],"wp:featuredmedia":[{"embeddable":true,"href":"https:\/\/www.cidademarketing.com.br\/marketing\/wp-json\/wp\/v2\/media\/33532"}],"wp:attachment":[{"href":"https:\/\/www.cidademarketing.com.br\/marketing\/wp-json\/wp\/v2\/media?parent=33531"}],"wp:term":[{"taxonomy":"category","embeddable":true,"href":"https:\/\/www.cidademarketing.com.br\/marketing\/wp-json\/wp\/v2\/categories?post=33531"},{"taxonomy":"post_tag","embeddable":true,"href":"https:\/\/www.cidademarketing.com.br\/marketing\/wp-json\/wp\/v2\/tags?post=33531"}],"curies":[{"name":"wp","href":"https:\/\/api.w.org\/{rel}","templated":true}]}}