{"id":33529,"date":"2021-12-30T21:40:33","date_gmt":"2021-12-31T00:40:33","guid":{"rendered":"https:\/\/www.cidademarketing.com.br\/marketing\/?p=33529"},"modified":"2021-12-30T21:40:33","modified_gmt":"2021-12-31T00:40:33","slug":"m-dias-branco-dona-da-marca-vitarella-faz-doacao-emergencial-as-vitimas-das-enchentes-na-bahia","status":"publish","type":"post","link":"https:\/\/www.cidademarketing.com.br\/marketing\/2021\/12\/30\/m-dias-branco-dona-da-marca-vitarella-faz-doacao-emergencial-as-vitimas-das-enchentes-na-bahia\/","title":{"rendered":"M. Dias Branco, dona da marca Vitarella, faz doa\u00e7\u00e3o emergencial \u00e0s v\u00edtimas das enchentes na Bahia"},"content":{"rendered":"<p><iframe src=\"https:\/\/open.spotify.com\/embed\/show\/4khMKzP3FgFRWVwb73xicc\" width=\"100%\" height=\"232\" frameborder=\"0\"><\/iframe><\/p>\n<p style=\"text-align: justify;\"><span style=\"font-family: 'Arial',sans-serif;\">L\u00edder nacional em massas e biscoitos e dona da marca Vitarella, a M. Dias Branco realizou, esta semana, a primeira doa\u00e7\u00e3o emergencial de alimentos para as v\u00edtimas das chuvas no Sul da Bahia. No total, 11,1 toneladas de massas e biscoitos, sendo 5,5 toneladas para a Central \u00danica das Favelas (CUFA) foram entregues ontem, 29 de dezembro. A CUFA lidera uma campanha nacional de aux\u00edlio aos desabrigados.<\/span><\/p>\n<p style=\"text-align: justify;\"><span style=\"font-family: 'Arial',sans-serif;\">\u201cConseguimos enviar rapidamente esta primeira doa\u00e7\u00e3o emergencial, com a ajuda das entidades sociais j\u00e1 cadastradas para receber doa\u00e7\u00f5es da Companhia\u201d, explica Tiago Timb\u00f3, Gerente de Comunica\u00e7\u00e3o, Cultura e Sustentabilidade da M. Dias Branco. De acordo com Timb\u00f3, as demais entidades beneficiadas tamb\u00e9m est\u00e3o realizando campanhas de arrecada\u00e7\u00e3o destinadas ao Sul da Bahia. S\u00e3o elas: Casa Pia (Salvador), Hospital S\u00e3o Vicente de Paula (Vit\u00f3ria da Conquista) e Federa\u00e7\u00e3o das Ind\u00fastrias do Estado da Bahia, que receber\u00e1 nesta quinta-feira, 31 de dezembro, a carga de massas e biscoitos doada pela companhia.<\/span><\/p>\n<p style=\"text-align: justify;\"><span style=\"font-family: 'Arial',sans-serif;\">O executivo ressalta que a Companhia tem um programa cont\u00ednuo de doa\u00e7\u00f5es para entidades sociais em todo o pa\u00eds, sendo que as doa\u00e7\u00f5es foram intensificadas ao longo da pandemia. \u00a0Desde o in\u00edcio de 2020, a M. Dias Branco doou mais de 7 mil toneladas de alimentos, com valor que ultrapassa R$ 40 milh\u00f5es. As doa\u00e7\u00f5es da companhia envolvem as marcas Fortaleza, Vitarella, Piraqu\u00ea, Isabela e Adria, em suas respectivas regi\u00f5es.<\/span><\/p>\n<p><iframe style=\"width: 100%; max-width: 660px; overflow: hidden; background: transparent;\" src=\"https:\/\/embed.podcasts.apple.com\/br\/podcast\/podcast-cidademarketing\/id1371923283\" height=\"450\" frameborder=\"0\" sandbox=\"allow-forms allow-popups allow-same-origin allow-scripts allow-storage-access-by-user-activation allow-top-navigation-by-user-activation\"><\/iframe><\/p>\n","protected":false},"excerpt":{"rendered":"<p>L\u00edder nacional em massas e biscoitos e dona da marca Vitarella, a M. Dias Branco realizou, esta semana, a primeira doa\u00e7\u00e3o emergencial de alimentos para as v\u00edtimas das chuvas no Sul da Bahia. No total, 11,1 toneladas de massas e biscoitos, sendo 5,5 toneladas para a Central \u00danica das Favelas (CUFA) foram entregues ontem, 29 [&hellip;]<\/p>\n","protected":false},"author":1,"featured_media":26575,"comment_status":"open","ping_status":"open","sticky":false,"template":"","format":"standard","meta":{"tdm_status":"","tdm_grid_status":"","footnotes":""},"categories":[6],"tags":[573,33,39,396,28,177],"class_list":["post-33529","post","type-post","status-publish","format-standard","has-post-thumbnail","hentry","category-noticias","tag-bahia","tag-estrategia","tag-investimento","tag-m-dias-branco","tag-marketing","tag-marketing-social"],"yoast_head":"<!-- This site is optimized with the Yoast SEO plugin v27.4 - https:\/\/yoast.com\/product\/yoast-seo-wordpress\/ -->\n<title>M. Dias Branco, dona da marca Vitarella, faz doa\u00e7\u00e3o emergencial \u00e0s v\u00edtimas das enchentes na Bahia - CidadeMarketing<\/title>\n<meta name=\"robots\" content=\"index, follow, max-snippet:-1, max-image-preview:large, max-video-preview:-1\" \/>\n<link rel=\"canonical\" href=\"https:\/\/www.cidademarketing.com.br\/marketing\/2021\/12\/30\/m-dias-branco-dona-da-marca-vitarella-faz-doacao-emergencial-as-vitimas-das-enchentes-na-bahia\/\" \/>\n<meta property=\"og:locale\" content=\"pt_BR\" \/>\n<meta property=\"og:type\" content=\"article\" \/>\n<meta property=\"og:title\" content=\"M. Dias Branco, dona da marca Vitarella, faz doa\u00e7\u00e3o emergencial \u00e0s v\u00edtimas das enchentes na Bahia - CidadeMarketing\" \/>\n<meta property=\"og:description\" content=\"L\u00edder nacional em massas e biscoitos e dona da marca Vitarella, a M. Dias Branco realizou, esta semana, a primeira doa\u00e7\u00e3o emergencial de alimentos para as v\u00edtimas das chuvas no Sul da Bahia. No total, 11,1 toneladas de massas e biscoitos, sendo 5,5 toneladas para a Central \u00danica das Favelas (CUFA) foram entregues ontem, 29 [&hellip;]\" \/>\n<meta property=\"og:url\" content=\"https:\/\/www.cidademarketing.com.br\/marketing\/2021\/12\/30\/m-dias-branco-dona-da-marca-vitarella-faz-doacao-emergencial-as-vitimas-das-enchentes-na-bahia\/\" \/>\n<meta property=\"og:site_name\" content=\"CidadeMarketing\" \/>\n<meta property=\"article:publisher\" content=\"https:\/\/www.facebook.com\/portalcidademarketing\" \/>\n<meta property=\"article:author\" content=\"https:\/\/www.facebook.com\/thalesbrandao\" \/>\n<meta property=\"article:published_time\" content=\"2021-12-31T00:40:33+00:00\" \/>\n<meta property=\"og:image\" content=\"https:\/\/www.cidademarketing.com.br\/marketing\/wp-content\/uploads\/2021\/08\/mdiasbranco_marca.jpg\" \/>\n\t<meta property=\"og:image:width\" content=\"1000\" \/>\n\t<meta property=\"og:image:height\" content=\"1000\" \/>\n\t<meta property=\"og:image:type\" content=\"image\/jpeg\" \/>\n<meta name=\"author\" content=\"Thales Brand\u00e3o\" \/>\n<meta name=\"twitter:card\" content=\"summary_large_image\" \/>\n<meta name=\"twitter:creator\" content=\"@http:\/\/www.twitter.com\/thalesbrandao\" \/>\n<meta name=\"twitter:site\" content=\"@CidadeMarketing\" \/>\n<meta name=\"twitter:label1\" content=\"Escrito por\" \/>\n\t<meta name=\"twitter:data1\" content=\"Thales Brand\u00e3o\" \/>\n\t<meta name=\"twitter:label2\" content=\"Est. tempo de leitura\" \/>\n\t<meta name=\"twitter:data2\" content=\"1 minuto\" \/>\n<script type=\"application\/ld+json\" class=\"yoast-schema-graph\">{\"@context\":\"https:\\\/\\\/schema.org\",\"@graph\":[{\"@type\":\"Article\",\"@id\":\"https:\\\/\\\/www.cidademarketing.com.br\\\/marketing\\\/2021\\\/12\\\/30\\\/m-dias-branco-dona-da-marca-vitarella-faz-doacao-emergencial-as-vitimas-das-enchentes-na-bahia\\\/#article\",\"isPartOf\":{\"@id\":\"https:\\\/\\\/www.cidademarketing.com.br\\\/marketing\\\/2021\\\/12\\\/30\\\/m-dias-branco-dona-da-marca-vitarella-faz-doacao-emergencial-as-vitimas-das-enchentes-na-bahia\\\/\"},\"author\":{\"name\":\"Thales Brand\u00e3o\",\"@id\":\"https:\\\/\\\/www.cidademarketing.com.br\\\/marketing\\\/#\\\/schema\\\/person\\\/02daff9f18bd9378c9e01eb6b2db155f\"},\"headline\":\"M. Dias Branco, dona da marca Vitarella, faz doa\u00e7\u00e3o emergencial \u00e0s v\u00edtimas das enchentes na Bahia\",\"datePublished\":\"2021-12-31T00:40:33+00:00\",\"mainEntityOfPage\":{\"@id\":\"https:\\\/\\\/www.cidademarketing.com.br\\\/marketing\\\/2021\\\/12\\\/30\\\/m-dias-branco-dona-da-marca-vitarella-faz-doacao-emergencial-as-vitimas-das-enchentes-na-bahia\\\/\"},\"wordCount\":260,\"commentCount\":0,\"publisher\":{\"@id\":\"https:\\\/\\\/www.cidademarketing.com.br\\\/marketing\\\/#organization\"},\"image\":{\"@id\":\"https:\\\/\\\/www.cidademarketing.com.br\\\/marketing\\\/2021\\\/12\\\/30\\\/m-dias-branco-dona-da-marca-vitarella-faz-doacao-emergencial-as-vitimas-das-enchentes-na-bahia\\\/#primaryimage\"},\"thumbnailUrl\":\"https:\\\/\\\/www.cidademarketing.com.br\\\/marketing\\\/wp-content\\\/uploads\\\/2021\\\/08\\\/mdiasbranco_marca.jpg\",\"keywords\":[\"Bahia\",\"estrat\u00e9gia\",\"investimento\",\"M. Dias Branco\",\"marketing\",\"marketing social\"],\"articleSection\":[\"Not\u00edcias\"],\"inLanguage\":\"pt-BR\",\"potentialAction\":[{\"@type\":\"CommentAction\",\"name\":\"Comment\",\"target\":[\"https:\\\/\\\/www.cidademarketing.com.br\\\/marketing\\\/2021\\\/12\\\/30\\\/m-dias-branco-dona-da-marca-vitarella-faz-doacao-emergencial-as-vitimas-das-enchentes-na-bahia\\\/#respond\"]}]},{\"@type\":\"WebPage\",\"@id\":\"https:\\\/\\\/www.cidademarketing.com.br\\\/marketing\\\/2021\\\/12\\\/30\\\/m-dias-branco-dona-da-marca-vitarella-faz-doacao-emergencial-as-vitimas-das-enchentes-na-bahia\\\/\",\"url\":\"https:\\\/\\\/www.cidademarketing.com.br\\\/marketing\\\/2021\\\/12\\\/30\\\/m-dias-branco-dona-da-marca-vitarella-faz-doacao-emergencial-as-vitimas-das-enchentes-na-bahia\\\/\",\"name\":\"M. Dias Branco, dona da marca Vitarella, faz doa\u00e7\u00e3o emergencial \u00e0s v\u00edtimas das enchentes na Bahia - CidadeMarketing\",\"isPartOf\":{\"@id\":\"https:\\\/\\\/www.cidademarketing.com.br\\\/marketing\\\/#website\"},\"primaryImageOfPage\":{\"@id\":\"https:\\\/\\\/www.cidademarketing.com.br\\\/marketing\\\/2021\\\/12\\\/30\\\/m-dias-branco-dona-da-marca-vitarella-faz-doacao-emergencial-as-vitimas-das-enchentes-na-bahia\\\/#primaryimage\"},\"image\":{\"@id\":\"https:\\\/\\\/www.cidademarketing.com.br\\\/marketing\\\/2021\\\/12\\\/30\\\/m-dias-branco-dona-da-marca-vitarella-faz-doacao-emergencial-as-vitimas-das-enchentes-na-bahia\\\/#primaryimage\"},\"thumbnailUrl\":\"https:\\\/\\\/www.cidademarketing.com.br\\\/marketing\\\/wp-content\\\/uploads\\\/2021\\\/08\\\/mdiasbranco_marca.jpg\",\"datePublished\":\"2021-12-31T00:40:33+00:00\",\"breadcrumb\":{\"@id\":\"https:\\\/\\\/www.cidademarketing.com.br\\\/marketing\\\/2021\\\/12\\\/30\\\/m-dias-branco-dona-da-marca-vitarella-faz-doacao-emergencial-as-vitimas-das-enchentes-na-bahia\\\/#breadcrumb\"},\"inLanguage\":\"pt-BR\",\"potentialAction\":[{\"@type\":\"ReadAction\",\"target\":[\"https:\\\/\\\/www.cidademarketing.com.br\\\/marketing\\\/2021\\\/12\\\/30\\\/m-dias-branco-dona-da-marca-vitarella-faz-doacao-emergencial-as-vitimas-das-enchentes-na-bahia\\\/\"]}]},{\"@type\":\"ImageObject\",\"inLanguage\":\"pt-BR\",\"@id\":\"https:\\\/\\\/www.cidademarketing.com.br\\\/marketing\\\/2021\\\/12\\\/30\\\/m-dias-branco-dona-da-marca-vitarella-faz-doacao-emergencial-as-vitimas-das-enchentes-na-bahia\\\/#primaryimage\",\"url\":\"https:\\\/\\\/www.cidademarketing.com.br\\\/marketing\\\/wp-content\\\/uploads\\\/2021\\\/08\\\/mdiasbranco_marca.jpg\",\"contentUrl\":\"https:\\\/\\\/www.cidademarketing.com.br\\\/marketing\\\/wp-content\\\/uploads\\\/2021\\\/08\\\/mdiasbranco_marca.jpg\",\"width\":1000,\"height\":1000},{\"@type\":\"BreadcrumbList\",\"@id\":\"https:\\\/\\\/www.cidademarketing.com.br\\\/marketing\\\/2021\\\/12\\\/30\\\/m-dias-branco-dona-da-marca-vitarella-faz-doacao-emergencial-as-vitimas-das-enchentes-na-bahia\\\/#breadcrumb\",\"itemListElement\":[{\"@type\":\"ListItem\",\"position\":1,\"name\":\"In\u00edcio\",\"item\":\"https:\\\/\\\/www.cidademarketing.com.br\\\/marketing\\\/\"},{\"@type\":\"ListItem\",\"position\":2,\"name\":\"M. Dias Branco, dona da marca Vitarella, faz doa\u00e7\u00e3o emergencial \u00e0s v\u00edtimas das enchentes na Bahia\"}]},{\"@type\":\"WebSite\",\"@id\":\"https:\\\/\\\/www.cidademarketing.com.br\\\/marketing\\\/#website\",\"url\":\"https:\\\/\\\/www.cidademarketing.com.br\\\/marketing\\\/\",\"name\":\"CidadeMarketing\",\"description\":\"Somos um ve\u00edculo de comunica\u00e7\u00e3o de destaque no Brasil, reconhecido por conte\u00fados nos segmentos de marketing, empreendedorismo e inova\u00e7\u00e3o.\",\"publisher\":{\"@id\":\"https:\\\/\\\/www.cidademarketing.com.br\\\/marketing\\\/#organization\"},\"alternateName\":\"CidadeMarketing\",\"potentialAction\":[{\"@type\":\"SearchAction\",\"target\":{\"@type\":\"EntryPoint\",\"urlTemplate\":\"https:\\\/\\\/www.cidademarketing.com.br\\\/marketing\\\/?s={search_term_string}\"},\"query-input\":{\"@type\":\"PropertyValueSpecification\",\"valueRequired\":true,\"valueName\":\"search_term_string\"}}],\"inLanguage\":\"pt-BR\"},{\"@type\":\"Organization\",\"@id\":\"https:\\\/\\\/www.cidademarketing.com.br\\\/marketing\\\/#organization\",\"name\":\"CidadeMarketing\",\"alternateName\":\"CidadeMarketing\",\"url\":\"https:\\\/\\\/www.cidademarketing.com.br\\\/marketing\\\/\",\"logo\":{\"@type\":\"ImageObject\",\"inLanguage\":\"pt-BR\",\"@id\":\"https:\\\/\\\/www.cidademarketing.com.br\\\/marketing\\\/#\\\/schema\\\/logo\\\/image\\\/\",\"url\":\"https:\\\/\\\/www.cidademarketing.com.br\\\/marketing\\\/wp-content\\\/uploads\\\/2020\\\/01\\\/cidademarketing_marca_mobile.png\",\"contentUrl\":\"https:\\\/\\\/www.cidademarketing.com.br\\\/marketing\\\/wp-content\\\/uploads\\\/2020\\\/01\\\/cidademarketing_marca_mobile.png\",\"width\":230,\"height\":92,\"caption\":\"CidadeMarketing\"},\"image\":{\"@id\":\"https:\\\/\\\/www.cidademarketing.com.br\\\/marketing\\\/#\\\/schema\\\/logo\\\/image\\\/\"},\"sameAs\":[\"https:\\\/\\\/www.facebook.com\\\/portalcidademarketing\",\"https:\\\/\\\/x.com\\\/CidadeMarketing\",\"https:\\\/\\\/www.instagram.com\\\/cidademarketing\\\/\"]},{\"@type\":\"Person\",\"@id\":\"https:\\\/\\\/www.cidademarketing.com.br\\\/marketing\\\/#\\\/schema\\\/person\\\/02daff9f18bd9378c9e01eb6b2db155f\",\"name\":\"Thales Brand\u00e3o\",\"image\":{\"@type\":\"ImageObject\",\"inLanguage\":\"pt-BR\",\"@id\":\"https:\\\/\\\/secure.gravatar.com\\\/avatar\\\/7ca3206950207cc3cb48feec56a8a7898741ab725c368d99d5d7a5a50aab80c6?s=96&d=mm&r=g\",\"url\":\"https:\\\/\\\/secure.gravatar.com\\\/avatar\\\/7ca3206950207cc3cb48feec56a8a7898741ab725c368d99d5d7a5a50aab80c6?s=96&d=mm&r=g\",\"contentUrl\":\"https:\\\/\\\/secure.gravatar.com\\\/avatar\\\/7ca3206950207cc3cb48feec56a8a7898741ab725c368d99d5d7a5a50aab80c6?s=96&d=mm&r=g\",\"caption\":\"Thales Brand\u00e3o\"},\"description\":\"Editor Executivo do Portal CidadeMarketing.com.br &gt; Mestre em Comunica\u00e7\u00e3o e Sociedade pela Universidade Federal de Sergipe. Possui MBA Executivo em Administra\u00e7\u00e3o com \u00eanfase em Marketing pela Funda\u00e7\u00e3o Get\u00falio Vargas - Rio de Janeiro. Consultor, Palestrante e Pesquisador sobre Empreendedorismo, Marketing, Redes Sociais e Neg\u00f3cios Digitais. Professor, Palestrante TedxTalks e Campus Party. Twitter: @ThalesBrandao\",\"sameAs\":[\"http:\\\/\\\/www.mandacaru.com.br\",\"https:\\\/\\\/www.facebook.com\\\/thalesbrandao\",\"http:\\\/\\\/www.instagram.com.br\\\/thalesbrandaoferreira\",\"https:\\\/\\\/www.linkedin.com\\\/in\\\/thales-brand\u00e3o-3948609\\\/\",\"https:\\\/\\\/x.com\\\/http:\\\/\\\/www.twitter.com\\\/thalesbrandao\"],\"url\":\"https:\\\/\\\/www.cidademarketing.com.br\\\/marketing\\\/author\\\/thalesbrandao\\\/\"}]}<\/script>\n<!-- \/ Yoast SEO plugin. -->","yoast_head_json":{"title":"M. Dias Branco, dona da marca Vitarella, faz doa\u00e7\u00e3o emergencial \u00e0s v\u00edtimas das enchentes na Bahia - CidadeMarketing","robots":{"index":"index","follow":"follow","max-snippet":"max-snippet:-1","max-image-preview":"max-image-preview:large","max-video-preview":"max-video-preview:-1"},"canonical":"https:\/\/www.cidademarketing.com.br\/marketing\/2021\/12\/30\/m-dias-branco-dona-da-marca-vitarella-faz-doacao-emergencial-as-vitimas-das-enchentes-na-bahia\/","og_locale":"pt_BR","og_type":"article","og_title":"M. Dias Branco, dona da marca Vitarella, faz doa\u00e7\u00e3o emergencial \u00e0s v\u00edtimas das enchentes na Bahia - CidadeMarketing","og_description":"L\u00edder nacional em massas e biscoitos e dona da marca Vitarella, a M. Dias Branco realizou, esta semana, a primeira doa\u00e7\u00e3o emergencial de alimentos para as v\u00edtimas das chuvas no Sul da Bahia. No total, 11,1 toneladas de massas e biscoitos, sendo 5,5 toneladas para a Central \u00danica das Favelas (CUFA) foram entregues ontem, 29 [&hellip;]","og_url":"https:\/\/www.cidademarketing.com.br\/marketing\/2021\/12\/30\/m-dias-branco-dona-da-marca-vitarella-faz-doacao-emergencial-as-vitimas-das-enchentes-na-bahia\/","og_site_name":"CidadeMarketing","article_publisher":"https:\/\/www.facebook.com\/portalcidademarketing","article_author":"https:\/\/www.facebook.com\/thalesbrandao","article_published_time":"2021-12-31T00:40:33+00:00","og_image":[{"width":1000,"height":1000,"url":"https:\/\/www.cidademarketing.com.br\/marketing\/wp-content\/uploads\/2021\/08\/mdiasbranco_marca.jpg","type":"image\/jpeg"}],"author":"Thales Brand\u00e3o","twitter_card":"summary_large_image","twitter_creator":"@http:\/\/www.twitter.com\/thalesbrandao","twitter_site":"@CidadeMarketing","twitter_misc":{"Escrito por":"Thales Brand\u00e3o","Est. tempo de leitura":"1 minuto"},"schema":{"@context":"https:\/\/schema.org","@graph":[{"@type":"Article","@id":"https:\/\/www.cidademarketing.com.br\/marketing\/2021\/12\/30\/m-dias-branco-dona-da-marca-vitarella-faz-doacao-emergencial-as-vitimas-das-enchentes-na-bahia\/#article","isPartOf":{"@id":"https:\/\/www.cidademarketing.com.br\/marketing\/2021\/12\/30\/m-dias-branco-dona-da-marca-vitarella-faz-doacao-emergencial-as-vitimas-das-enchentes-na-bahia\/"},"author":{"name":"Thales Brand\u00e3o","@id":"https:\/\/www.cidademarketing.com.br\/marketing\/#\/schema\/person\/02daff9f18bd9378c9e01eb6b2db155f"},"headline":"M. Dias Branco, dona da marca Vitarella, faz doa\u00e7\u00e3o emergencial \u00e0s v\u00edtimas das enchentes na Bahia","datePublished":"2021-12-31T00:40:33+00:00","mainEntityOfPage":{"@id":"https:\/\/www.cidademarketing.com.br\/marketing\/2021\/12\/30\/m-dias-branco-dona-da-marca-vitarella-faz-doacao-emergencial-as-vitimas-das-enchentes-na-bahia\/"},"wordCount":260,"commentCount":0,"publisher":{"@id":"https:\/\/www.cidademarketing.com.br\/marketing\/#organization"},"image":{"@id":"https:\/\/www.cidademarketing.com.br\/marketing\/2021\/12\/30\/m-dias-branco-dona-da-marca-vitarella-faz-doacao-emergencial-as-vitimas-das-enchentes-na-bahia\/#primaryimage"},"thumbnailUrl":"https:\/\/www.cidademarketing.com.br\/marketing\/wp-content\/uploads\/2021\/08\/mdiasbranco_marca.jpg","keywords":["Bahia","estrat\u00e9gia","investimento","M. Dias Branco","marketing","marketing social"],"articleSection":["Not\u00edcias"],"inLanguage":"pt-BR","potentialAction":[{"@type":"CommentAction","name":"Comment","target":["https:\/\/www.cidademarketing.com.br\/marketing\/2021\/12\/30\/m-dias-branco-dona-da-marca-vitarella-faz-doacao-emergencial-as-vitimas-das-enchentes-na-bahia\/#respond"]}]},{"@type":"WebPage","@id":"https:\/\/www.cidademarketing.com.br\/marketing\/2021\/12\/30\/m-dias-branco-dona-da-marca-vitarella-faz-doacao-emergencial-as-vitimas-das-enchentes-na-bahia\/","url":"https:\/\/www.cidademarketing.com.br\/marketing\/2021\/12\/30\/m-dias-branco-dona-da-marca-vitarella-faz-doacao-emergencial-as-vitimas-das-enchentes-na-bahia\/","name":"M. Dias Branco, dona da marca Vitarella, faz doa\u00e7\u00e3o emergencial \u00e0s v\u00edtimas das enchentes na Bahia - CidadeMarketing","isPartOf":{"@id":"https:\/\/www.cidademarketing.com.br\/marketing\/#website"},"primaryImageOfPage":{"@id":"https:\/\/www.cidademarketing.com.br\/marketing\/2021\/12\/30\/m-dias-branco-dona-da-marca-vitarella-faz-doacao-emergencial-as-vitimas-das-enchentes-na-bahia\/#primaryimage"},"image":{"@id":"https:\/\/www.cidademarketing.com.br\/marketing\/2021\/12\/30\/m-dias-branco-dona-da-marca-vitarella-faz-doacao-emergencial-as-vitimas-das-enchentes-na-bahia\/#primaryimage"},"thumbnailUrl":"https:\/\/www.cidademarketing.com.br\/marketing\/wp-content\/uploads\/2021\/08\/mdiasbranco_marca.jpg","datePublished":"2021-12-31T00:40:33+00:00","breadcrumb":{"@id":"https:\/\/www.cidademarketing.com.br\/marketing\/2021\/12\/30\/m-dias-branco-dona-da-marca-vitarella-faz-doacao-emergencial-as-vitimas-das-enchentes-na-bahia\/#breadcrumb"},"inLanguage":"pt-BR","potentialAction":[{"@type":"ReadAction","target":["https:\/\/www.cidademarketing.com.br\/marketing\/2021\/12\/30\/m-dias-branco-dona-da-marca-vitarella-faz-doacao-emergencial-as-vitimas-das-enchentes-na-bahia\/"]}]},{"@type":"ImageObject","inLanguage":"pt-BR","@id":"https:\/\/www.cidademarketing.com.br\/marketing\/2021\/12\/30\/m-dias-branco-dona-da-marca-vitarella-faz-doacao-emergencial-as-vitimas-das-enchentes-na-bahia\/#primaryimage","url":"https:\/\/www.cidademarketing.com.br\/marketing\/wp-content\/uploads\/2021\/08\/mdiasbranco_marca.jpg","contentUrl":"https:\/\/www.cidademarketing.com.br\/marketing\/wp-content\/uploads\/2021\/08\/mdiasbranco_marca.jpg","width":1000,"height":1000},{"@type":"BreadcrumbList","@id":"https:\/\/www.cidademarketing.com.br\/marketing\/2021\/12\/30\/m-dias-branco-dona-da-marca-vitarella-faz-doacao-emergencial-as-vitimas-das-enchentes-na-bahia\/#breadcrumb","itemListElement":[{"@type":"ListItem","position":1,"name":"In\u00edcio","item":"https:\/\/www.cidademarketing.com.br\/marketing\/"},{"@type":"ListItem","position":2,"name":"M. Dias Branco, dona da marca Vitarella, faz doa\u00e7\u00e3o emergencial \u00e0s v\u00edtimas das enchentes na Bahia"}]},{"@type":"WebSite","@id":"https:\/\/www.cidademarketing.com.br\/marketing\/#website","url":"https:\/\/www.cidademarketing.com.br\/marketing\/","name":"CidadeMarketing","description":"Somos um ve\u00edculo de comunica\u00e7\u00e3o de destaque no Brasil, reconhecido por conte\u00fados nos segmentos de marketing, empreendedorismo e inova\u00e7\u00e3o.","publisher":{"@id":"https:\/\/www.cidademarketing.com.br\/marketing\/#organization"},"alternateName":"CidadeMarketing","potentialAction":[{"@type":"SearchAction","target":{"@type":"EntryPoint","urlTemplate":"https:\/\/www.cidademarketing.com.br\/marketing\/?s={search_term_string}"},"query-input":{"@type":"PropertyValueSpecification","valueRequired":true,"valueName":"search_term_string"}}],"inLanguage":"pt-BR"},{"@type":"Organization","@id":"https:\/\/www.cidademarketing.com.br\/marketing\/#organization","name":"CidadeMarketing","alternateName":"CidadeMarketing","url":"https:\/\/www.cidademarketing.com.br\/marketing\/","logo":{"@type":"ImageObject","inLanguage":"pt-BR","@id":"https:\/\/www.cidademarketing.com.br\/marketing\/#\/schema\/logo\/image\/","url":"https:\/\/www.cidademarketing.com.br\/marketing\/wp-content\/uploads\/2020\/01\/cidademarketing_marca_mobile.png","contentUrl":"https:\/\/www.cidademarketing.com.br\/marketing\/wp-content\/uploads\/2020\/01\/cidademarketing_marca_mobile.png","width":230,"height":92,"caption":"CidadeMarketing"},"image":{"@id":"https:\/\/www.cidademarketing.com.br\/marketing\/#\/schema\/logo\/image\/"},"sameAs":["https:\/\/www.facebook.com\/portalcidademarketing","https:\/\/x.com\/CidadeMarketing","https:\/\/www.instagram.com\/cidademarketing\/"]},{"@type":"Person","@id":"https:\/\/www.cidademarketing.com.br\/marketing\/#\/schema\/person\/02daff9f18bd9378c9e01eb6b2db155f","name":"Thales Brand\u00e3o","image":{"@type":"ImageObject","inLanguage":"pt-BR","@id":"https:\/\/secure.gravatar.com\/avatar\/7ca3206950207cc3cb48feec56a8a7898741ab725c368d99d5d7a5a50aab80c6?s=96&d=mm&r=g","url":"https:\/\/secure.gravatar.com\/avatar\/7ca3206950207cc3cb48feec56a8a7898741ab725c368d99d5d7a5a50aab80c6?s=96&d=mm&r=g","contentUrl":"https:\/\/secure.gravatar.com\/avatar\/7ca3206950207cc3cb48feec56a8a7898741ab725c368d99d5d7a5a50aab80c6?s=96&d=mm&r=g","caption":"Thales Brand\u00e3o"},"description":"Editor Executivo do Portal CidadeMarketing.com.br &gt; Mestre em Comunica\u00e7\u00e3o e Sociedade pela Universidade Federal de Sergipe. Possui MBA Executivo em Administra\u00e7\u00e3o com \u00eanfase em Marketing pela Funda\u00e7\u00e3o Get\u00falio Vargas - Rio de Janeiro. Consultor, Palestrante e Pesquisador sobre Empreendedorismo, Marketing, Redes Sociais e Neg\u00f3cios Digitais. Professor, Palestrante TedxTalks e Campus Party. Twitter: @ThalesBrandao","sameAs":["http:\/\/www.mandacaru.com.br","https:\/\/www.facebook.com\/thalesbrandao","http:\/\/www.instagram.com.br\/thalesbrandaoferreira","https:\/\/www.linkedin.com\/in\/thales-brand\u00e3o-3948609\/","https:\/\/x.com\/http:\/\/www.twitter.com\/thalesbrandao"],"url":"https:\/\/www.cidademarketing.com.br\/marketing\/author\/thalesbrandao\/"}]}},"amp_enabled":true,"_links":{"self":[{"href":"https:\/\/www.cidademarketing.com.br\/marketing\/wp-json\/wp\/v2\/posts\/33529","targetHints":{"allow":["GET"]}}],"collection":[{"href":"https:\/\/www.cidademarketing.com.br\/marketing\/wp-json\/wp\/v2\/posts"}],"about":[{"href":"https:\/\/www.cidademarketing.com.br\/marketing\/wp-json\/wp\/v2\/types\/post"}],"author":[{"embeddable":true,"href":"https:\/\/www.cidademarketing.com.br\/marketing\/wp-json\/wp\/v2\/users\/1"}],"replies":[{"embeddable":true,"href":"https:\/\/www.cidademarketing.com.br\/marketing\/wp-json\/wp\/v2\/comments?post=33529"}],"version-history":[{"count":1,"href":"https:\/\/www.cidademarketing.com.br\/marketing\/wp-json\/wp\/v2\/posts\/33529\/revisions"}],"predecessor-version":[{"id":33530,"href":"https:\/\/www.cidademarketing.com.br\/marketing\/wp-json\/wp\/v2\/posts\/33529\/revisions\/33530"}],"wp:featuredmedia":[{"embeddable":true,"href":"https:\/\/www.cidademarketing.com.br\/marketing\/wp-json\/wp\/v2\/media\/26575"}],"wp:attachment":[{"href":"https:\/\/www.cidademarketing.com.br\/marketing\/wp-json\/wp\/v2\/media?parent=33529"}],"wp:term":[{"taxonomy":"category","embeddable":true,"href":"https:\/\/www.cidademarketing.com.br\/marketing\/wp-json\/wp\/v2\/categories?post=33529"},{"taxonomy":"post_tag","embeddable":true,"href":"https:\/\/www.cidademarketing.com.br\/marketing\/wp-json\/wp\/v2\/tags?post=33529"}],"curies":[{"name":"wp","href":"https:\/\/api.w.org\/{rel}","templated":true}]}}