{"id":33479,"date":"2021-12-28T10:56:58","date_gmt":"2021-12-28T13:56:58","guid":{"rendered":"https:\/\/www.cidademarketing.com.br\/marketing\/?p=33479"},"modified":"2021-12-28T10:56:58","modified_gmt":"2021-12-28T13:56:58","slug":"em-campanha-sebrae-transmite-mensagem-de-otimismo-e-perseveranca-em-sua-campanha-de-fim-de-ano","status":"publish","type":"post","link":"https:\/\/www.cidademarketing.com.br\/marketing\/2021\/12\/28\/em-campanha-sebrae-transmite-mensagem-de-otimismo-e-perseveranca-em-sua-campanha-de-fim-de-ano\/","title":{"rendered":"Em campanha, Sebrae transmite mensagem de otimismo e perseveran\u00e7a em sua campanha de fim de ano"},"content":{"rendered":"<p><iframe src=\"https:\/\/open.spotify.com\/embed\/show\/4khMKzP3FgFRWVwb73xicc\" width=\"100%\" height=\"232\" frameborder=\"0\"><\/iframe><br \/>\nAp\u00f3s um 2021 cheio de dificuldades e desafios, uma emocionante mensagem de otimismo, for\u00e7a e perseveran\u00e7a \u00e9 transmitida pelo Sebrae em sua campanha de fim de ano, que come\u00e7ou a ser veiculada nesse \u00faltimo domingo (26).<\/p>\n<p>Criada pela nova\/sb, a campanha conta com um filme de um minuto, com vers\u00e3o de 30 segundos, e tem o objetivo de refor\u00e7ar o conceito <strong>\u201cA for\u00e7a do empreendedor brasileiro\u201d<\/strong>.<\/p>\n<p>O filme come\u00e7a com cenas de um nascer do sol \u00e0 beira-mar, em uma praia vazia. Na sequ\u00eancia, v\u00ea-se um homem, que admira a paisagem do amanhecer. Paralelamente, a locu\u00e7\u00e3o apresenta um texto que descreve o contexto da realidade de todos os trabalhadores, com os problemas e oportunidades que surgem no dia a dia, os altos e baixos nos<em> \u201cdias em que tudo d\u00e1 certo e nos outros em que nada se encaixa\u201d ou \u201cos dias em que tudo funciona ou o dia que a gente s\u00f3 quer que termine\u201d<\/em>.<\/p>\n<p>\u201cO desafio do diretor de cena Kiko Lomba foi traduzir a palavra <em>esperan\u00e7a <\/em>em imagens, trazer uma sensa\u00e7\u00e3o de positividade para o cora\u00e7\u00e3o das pessoas. A cena do empreendedor olhando para o horizonte representa milh\u00f5es em nosso pa\u00eds e a esperan\u00e7a de que dias melhores vir\u00e3o\u201d, afirma Telma Reis, s\u00f3cia e diretora comercial da Madre Mia Filmes.<\/p>\n<p>Ao final, um <em>lettering<\/em> com <em>close<\/em> no rosto de um homem sorrindo ressalta a mensagem de otimismo com as frases <em>\u201cTem 365 dias novinhos chegando. Em cada um deles, a gente vai continuar ao seu lado.\u201d<\/em><\/p>\n<p>\u201cDepois de um ano de tantos desafios para os donos de micro e pequenas empresas, a marca Sebrae quer refor\u00e7ar o seu prop\u00f3sito de transformar os pequenos neg\u00f3cios em protagonistas do desenvolvimento sustent\u00e1vel do Brasil. Essa \u00e9 uma mensagem de esperan\u00e7a, for\u00e7a e de que \u00e9 preciso acreditar sempre. E n\u00f3s do Sebrae estamos aqui para acreditar junto com o empreendedor brasileiro de que dias melhores vir\u00e3o\u201d, diz Luiz Aur\u00e9lio Alzamora, gerente de comunica\u00e7\u00e3o do Sebrae Nacional.<\/p>\n<p>Ao refor\u00e7ar o conceito <strong>\u201cA for\u00e7a do empreendedor brasileiro\u201d<\/strong> em sua campanha de fim de ano, al\u00e9m de transmitir uma mensagem de esperan\u00e7a, o Sebrae tamb\u00e9m refor\u00e7a sua miss\u00e3o de estar sempre ao lado do empreendedor brasileiro, mostrando parceria, uni\u00e3o e apoio tanto nos momentos de dificuldades quanto na celebra\u00e7\u00e3o de conquistas.<\/p>\n<p>&nbsp;<\/p>\n<div class=\"youtube-embed\" data-video_id=\"kHkgS093e4E\"><iframe title=\"nova\/sb - Portf\u00f3lio - Sebrae - Dias e Dias\" width=\"640\" height=\"360\" src=\"https:\/\/www.youtube.com\/embed\/kHkgS093e4E?feature=oembed&#038;enablejsapi=1\" frameborder=\"0\" allow=\"accelerometer; autoplay; clipboard-write; encrypted-media; gyroscope; picture-in-picture; web-share\" referrerpolicy=\"strict-origin-when-cross-origin\" allowfullscreen><\/iframe><\/div>\n<p><strong>\u00a0<\/strong><\/p>\n<p><strong>FICHA T\u00c9CNICA:<\/strong><\/p>\n<p>Anunciante: Sebrae<\/p>\n<p>T\u00edtulo: Dias e Dias<\/p>\n<p>Produto: Institucional<\/p>\n<p>Campanha: Final de Ano<\/p>\n<p>Ag\u00eancia: Nova\/SB<\/p>\n<p>CEO: Nelson Vilalva<\/p>\n<p>Diretora-Geral: Cristina Gutemberg<\/p>\n<p>Diretor de Cria\u00e7\u00e3o: Thomaz Munster<\/p>\n<p>Cria\u00e7\u00e3o: Ygor Morato e Claudio Leite<\/p>\n<p>Diretora de Atendimento: Ana Paula Pedrosa<\/p>\n<p>Atendimento: Jana\u00edna Cavalcante<\/p>\n<p>Planejamento: Pedro Moreth<\/p>\n<p>Diretor de M\u00eddia: Estanley Cunha<\/p>\n<p>Equipe de M\u00eddia: \u00c9rica Castro, Roberta Almeida e Fernanda Tonelli<\/p>\n<p>Produ\u00e7\u00e3o Gr\u00e1fica: Magali Amorim e Jadson Douglas<\/p>\n<p>RTV: Sayuri Hirako, Rafael Sousa e Vando Oliveira<\/p>\n<p>Digital: Sayuri Hirako, Amanda Nobre e Duda Azevedo<\/p>\n<p>Aprova\u00e7\u00e3o no Cliente:\u202fLuiz Aur\u00e9lio Alzamora, Henrique Nabuco, Fernando Bandeira e Eduardo Duarte<\/p>\n<p>&nbsp;<\/p>\n<p>Produtora: Madre Mia Filmes<\/p>\n<p>Produ\u00e7\u00e3o Executiva: Telma Reis<\/p>\n<p>Atendimento Produtora: Claudia Caldeira, Gabriela Silva e Giulia Napoli<\/p>\n<p>Dire\u00e7\u00e3o: Kiko Lomba<\/p>\n<p>Assistente de Dire\u00e7\u00e3o I: Nicoly Silva Cruvibel<\/p>\n<p>Dire\u00e7\u00e3o de Fotografia: Leonardo Kawabe<\/p>\n<p>Assistente de C\u00e2mera I: Tiago Caetano Alves<\/p>\n<p>Assistente de C\u00e2mera II: Thiago Borba Figueiredo<\/p>\n<p>Assistente de C\u00e2mera III: Lourinaldo de Siqueira Junior<\/p>\n<p><em>Video Assist<\/em>: Edvaldo Monteiro Assis Junior<\/p>\n<p><em>Logger<\/em>: Suellen Carolina Barbalho de Santana Barbosa<\/p>\n<p>Assistente de El\u00e9trica I: Jos\u00e9 Gleidson Oliveira da Cunha<\/p>\n<p>Assistente de El\u00e9trica II: Leandro Nunes da Silva<\/p>\n<p>Assistente de Maquinaria I: Leonardo Nunes da Silva<\/p>\n<p>Assistente de Maquinaria II: Ernande Aquilino da Silva<\/p>\n<p>Dire\u00e7\u00e3o de Produ\u00e7\u00e3o: Antonio Manuel Gomes<\/p>\n<p>Produ\u00e7\u00e3o: Luciana Teixeira Vieira de Melo e Ana Claudia Pereira Santoro<\/p>\n<p>Ajudante de Produ\u00e7\u00e3o: Jhonny Izidro da Silva e Rodrigo Jos\u00e9 Serafim Idelfonso<\/p>\n<p>Produ\u00e7\u00e3o de Objetos: Cinthia Fernanda Gomes<\/p>\n<p>Kombi Objeto: Fernando Marinho Ramos<\/p>\n<p>Maquiagem: Annelise Pires Ferreira de Oliveira<\/p>\n<p>Figurino: Iana Merisse de Miranda Henriques<\/p>\n<p>Produ\u00e7\u00e3o de Loca\u00e7\u00e3o: Patr\u00edcia Castro Mitidiero<\/p>\n<p>Produ\u00e7\u00e3o de Elenco: Ninive Cavalcanti Caldas<\/p>\n<p>Elenco: Jorge Bispo Cerqueira<\/p>\n<p>Figura\u00e7\u00e3o: Julio Cesar Barbosa da Silva, Maiara do Nascimento Cavalcanti, Wellington Sergio Lino Moreira e Lucilea Cipriano da Silva<\/p>\n<p>Motorista Caminh\u00e3o: Iranildo Jos\u00e9 da Silva<\/p>\n<p>Van C\u00e2mera I: Jos\u00e9 Eduardo Bento<\/p>\n<p>Van Equipe I: M\u00e1rcio Magno Rodrigues da Silva<\/p>\n<p>Van Equipe II: Luiz Herminio Ribeiro Filho<\/p>\n<p>Van Cliente: Alberes Silva do Vale<\/p>\n<p>Carro Produ\u00e7\u00e3o: Daniel Mario Freira de Carvalho<\/p>\n<p>Coordena\u00e7\u00e3o de P\u00f3s: Alexandre Fernandes<\/p>\n<p>Assistente em Coordena\u00e7\u00e3o de P\u00f3s: Lucas Sakai<\/p>\n<p>Montagem: Raylane\u00a0 Caldas dos Santos<\/p>\n<p>P\u00f3s: ColorBar &#8211; Danielle Menezes e Umberto Nassif<\/p>\n<p>Color: Psycho + Marcinho (colorista)<\/p>\n<p>Finalizador: Liberato<\/p>\n<p>Produtora de \u00c1udio: Canja Produ\u00e7\u00f5es Musicais<\/p>\n<p>\u00c1udio: Luba Freitas<\/p>\n<p><iframe style=\"width: 100%; max-width: 660px; overflow: hidden; background: transparent;\" src=\"https:\/\/embed.podcasts.apple.com\/br\/podcast\/podcast-cidademarketing\/id1371923283\" height=\"450\" frameborder=\"0\" sandbox=\"allow-forms allow-popups allow-same-origin allow-scripts allow-storage-access-by-user-activation allow-top-navigation-by-user-activation\"><\/iframe><\/p>\n","protected":false},"excerpt":{"rendered":"<p>Ap\u00f3s um 2021 cheio de dificuldades e desafios, uma emocionante mensagem de otimismo, for\u00e7a e perseveran\u00e7a \u00e9 transmitida pelo Sebrae em sua campanha de fim de ano, que come\u00e7ou a ser veiculada nesse \u00faltimo domingo (26). Criada pela nova\/sb, a campanha conta com um filme de um minuto, com vers\u00e3o de 30 segundos, e tem [&hellip;]<\/p>\n","protected":false},"author":1,"featured_media":33480,"comment_status":"open","ping_status":"open","sticky":false,"template":"","format":"standard","meta":{"tdm_status":"","tdm_grid_status":"","footnotes":""},"categories":[14],"tags":[1796,27,33,39,28,260],"class_list":["post-33479","post","type-post","status-publish","format-standard","has-post-thumbnail","hentry","category-videos","tag-comunciacao","tag-empreendedorismo","tag-estrategia","tag-investimento","tag-marketing","tag-sebrae"],"yoast_head":"<!-- This site is optimized with the Yoast SEO plugin v27.5 - https:\/\/yoast.com\/product\/yoast-seo-wordpress\/ -->\n<title>Em campanha, Sebrae transmite mensagem de otimismo e perseveran\u00e7a em sua campanha de fim de ano - CidadeMarketing<\/title>\n<meta name=\"robots\" content=\"index, follow, max-snippet:-1, max-image-preview:large, max-video-preview:-1\" \/>\n<link rel=\"canonical\" href=\"https:\/\/www.cidademarketing.com.br\/marketing\/2021\/12\/28\/em-campanha-sebrae-transmite-mensagem-de-otimismo-e-perseveranca-em-sua-campanha-de-fim-de-ano\/\" \/>\n<meta property=\"og:locale\" content=\"pt_BR\" \/>\n<meta property=\"og:type\" content=\"article\" \/>\n<meta property=\"og:title\" content=\"Em campanha, Sebrae transmite mensagem de otimismo e perseveran\u00e7a em sua campanha de fim de ano - CidadeMarketing\" \/>\n<meta property=\"og:description\" content=\"Ap\u00f3s um 2021 cheio de dificuldades e desafios, uma emocionante mensagem de otimismo, for\u00e7a e perseveran\u00e7a \u00e9 transmitida pelo Sebrae em sua campanha de fim de ano, que come\u00e7ou a ser veiculada nesse \u00faltimo domingo (26). Criada pela nova\/sb, a campanha conta com um filme de um minuto, com vers\u00e3o de 30 segundos, e tem [&hellip;]\" \/>\n<meta property=\"og:url\" content=\"https:\/\/www.cidademarketing.com.br\/marketing\/2021\/12\/28\/em-campanha-sebrae-transmite-mensagem-de-otimismo-e-perseveranca-em-sua-campanha-de-fim-de-ano\/\" \/>\n<meta property=\"og:site_name\" content=\"CidadeMarketing\" \/>\n<meta property=\"article:publisher\" content=\"https:\/\/www.facebook.com\/portalcidademarketing\" \/>\n<meta property=\"article:author\" content=\"https:\/\/www.facebook.com\/thalesbrandao\" \/>\n<meta property=\"article:published_time\" content=\"2021-12-28T13:56:58+00:00\" \/>\n<meta property=\"og:image\" content=\"https:\/\/www.cidademarketing.com.br\/marketing\/wp-content\/uploads\/2021\/12\/Sebrae_Dias-e-Dias_Fim-de-Ano-5.jpeg\" \/>\n\t<meta property=\"og:image:width\" content=\"1280\" \/>\n\t<meta property=\"og:image:height\" content=\"720\" \/>\n\t<meta property=\"og:image:type\" content=\"image\/jpeg\" \/>\n<meta name=\"author\" content=\"Thales Brand\u00e3o\" \/>\n<meta name=\"twitter:card\" content=\"summary_large_image\" \/>\n<meta name=\"twitter:creator\" content=\"@http:\/\/www.twitter.com\/thalesbrandao\" \/>\n<meta name=\"twitter:site\" content=\"@CidadeMarketing\" \/>\n<meta name=\"twitter:label1\" content=\"Escrito por\" \/>\n\t<meta name=\"twitter:data1\" content=\"Thales Brand\u00e3o\" \/>\n\t<meta name=\"twitter:label2\" content=\"Est. tempo de leitura\" \/>\n\t<meta name=\"twitter:data2\" content=\"4 minutos\" \/>\n<script type=\"application\/ld+json\" class=\"yoast-schema-graph\">{\"@context\":\"https:\\\/\\\/schema.org\",\"@graph\":[{\"@type\":\"Article\",\"@id\":\"https:\\\/\\\/www.cidademarketing.com.br\\\/marketing\\\/2021\\\/12\\\/28\\\/em-campanha-sebrae-transmite-mensagem-de-otimismo-e-perseveranca-em-sua-campanha-de-fim-de-ano\\\/#article\",\"isPartOf\":{\"@id\":\"https:\\\/\\\/www.cidademarketing.com.br\\\/marketing\\\/2021\\\/12\\\/28\\\/em-campanha-sebrae-transmite-mensagem-de-otimismo-e-perseveranca-em-sua-campanha-de-fim-de-ano\\\/\"},\"author\":{\"name\":\"Thales Brand\u00e3o\",\"@id\":\"https:\\\/\\\/www.cidademarketing.com.br\\\/marketing\\\/#\\\/schema\\\/person\\\/02daff9f18bd9378c9e01eb6b2db155f\"},\"headline\":\"Em campanha, Sebrae transmite mensagem de otimismo e perseveran\u00e7a em sua campanha de fim de ano\",\"datePublished\":\"2021-12-28T13:56:58+00:00\",\"mainEntityOfPage\":{\"@id\":\"https:\\\/\\\/www.cidademarketing.com.br\\\/marketing\\\/2021\\\/12\\\/28\\\/em-campanha-sebrae-transmite-mensagem-de-otimismo-e-perseveranca-em-sua-campanha-de-fim-de-ano\\\/\"},\"wordCount\":844,\"commentCount\":0,\"publisher\":{\"@id\":\"https:\\\/\\\/www.cidademarketing.com.br\\\/marketing\\\/#organization\"},\"image\":{\"@id\":\"https:\\\/\\\/www.cidademarketing.com.br\\\/marketing\\\/2021\\\/12\\\/28\\\/em-campanha-sebrae-transmite-mensagem-de-otimismo-e-perseveranca-em-sua-campanha-de-fim-de-ano\\\/#primaryimage\"},\"thumbnailUrl\":\"https:\\\/\\\/www.cidademarketing.com.br\\\/marketing\\\/wp-content\\\/uploads\\\/2021\\\/12\\\/Sebrae_Dias-e-Dias_Fim-de-Ano-5.jpeg\",\"keywords\":[\"comuncia\u00e7\u00e3o\",\"empreendedorismo\",\"estrat\u00e9gia\",\"investimento\",\"marketing\",\"SEBRAE\"],\"articleSection\":[\"Videos\"],\"inLanguage\":\"pt-BR\",\"potentialAction\":[{\"@type\":\"CommentAction\",\"name\":\"Comment\",\"target\":[\"https:\\\/\\\/www.cidademarketing.com.br\\\/marketing\\\/2021\\\/12\\\/28\\\/em-campanha-sebrae-transmite-mensagem-de-otimismo-e-perseveranca-em-sua-campanha-de-fim-de-ano\\\/#respond\"]}]},{\"@type\":\"WebPage\",\"@id\":\"https:\\\/\\\/www.cidademarketing.com.br\\\/marketing\\\/2021\\\/12\\\/28\\\/em-campanha-sebrae-transmite-mensagem-de-otimismo-e-perseveranca-em-sua-campanha-de-fim-de-ano\\\/\",\"url\":\"https:\\\/\\\/www.cidademarketing.com.br\\\/marketing\\\/2021\\\/12\\\/28\\\/em-campanha-sebrae-transmite-mensagem-de-otimismo-e-perseveranca-em-sua-campanha-de-fim-de-ano\\\/\",\"name\":\"Em campanha, Sebrae transmite mensagem de otimismo e perseveran\u00e7a em sua campanha de fim de ano - CidadeMarketing\",\"isPartOf\":{\"@id\":\"https:\\\/\\\/www.cidademarketing.com.br\\\/marketing\\\/#website\"},\"primaryImageOfPage\":{\"@id\":\"https:\\\/\\\/www.cidademarketing.com.br\\\/marketing\\\/2021\\\/12\\\/28\\\/em-campanha-sebrae-transmite-mensagem-de-otimismo-e-perseveranca-em-sua-campanha-de-fim-de-ano\\\/#primaryimage\"},\"image\":{\"@id\":\"https:\\\/\\\/www.cidademarketing.com.br\\\/marketing\\\/2021\\\/12\\\/28\\\/em-campanha-sebrae-transmite-mensagem-de-otimismo-e-perseveranca-em-sua-campanha-de-fim-de-ano\\\/#primaryimage\"},\"thumbnailUrl\":\"https:\\\/\\\/www.cidademarketing.com.br\\\/marketing\\\/wp-content\\\/uploads\\\/2021\\\/12\\\/Sebrae_Dias-e-Dias_Fim-de-Ano-5.jpeg\",\"datePublished\":\"2021-12-28T13:56:58+00:00\",\"breadcrumb\":{\"@id\":\"https:\\\/\\\/www.cidademarketing.com.br\\\/marketing\\\/2021\\\/12\\\/28\\\/em-campanha-sebrae-transmite-mensagem-de-otimismo-e-perseveranca-em-sua-campanha-de-fim-de-ano\\\/#breadcrumb\"},\"inLanguage\":\"pt-BR\",\"potentialAction\":[{\"@type\":\"ReadAction\",\"target\":[\"https:\\\/\\\/www.cidademarketing.com.br\\\/marketing\\\/2021\\\/12\\\/28\\\/em-campanha-sebrae-transmite-mensagem-de-otimismo-e-perseveranca-em-sua-campanha-de-fim-de-ano\\\/\"]}]},{\"@type\":\"ImageObject\",\"inLanguage\":\"pt-BR\",\"@id\":\"https:\\\/\\\/www.cidademarketing.com.br\\\/marketing\\\/2021\\\/12\\\/28\\\/em-campanha-sebrae-transmite-mensagem-de-otimismo-e-perseveranca-em-sua-campanha-de-fim-de-ano\\\/#primaryimage\",\"url\":\"https:\\\/\\\/www.cidademarketing.com.br\\\/marketing\\\/wp-content\\\/uploads\\\/2021\\\/12\\\/Sebrae_Dias-e-Dias_Fim-de-Ano-5.jpeg\",\"contentUrl\":\"https:\\\/\\\/www.cidademarketing.com.br\\\/marketing\\\/wp-content\\\/uploads\\\/2021\\\/12\\\/Sebrae_Dias-e-Dias_Fim-de-Ano-5.jpeg\",\"width\":1280,\"height\":720,\"caption\":\"Reprodu\u00e7\u00e3o\"},{\"@type\":\"BreadcrumbList\",\"@id\":\"https:\\\/\\\/www.cidademarketing.com.br\\\/marketing\\\/2021\\\/12\\\/28\\\/em-campanha-sebrae-transmite-mensagem-de-otimismo-e-perseveranca-em-sua-campanha-de-fim-de-ano\\\/#breadcrumb\",\"itemListElement\":[{\"@type\":\"ListItem\",\"position\":1,\"name\":\"In\u00edcio\",\"item\":\"https:\\\/\\\/www.cidademarketing.com.br\\\/marketing\\\/\"},{\"@type\":\"ListItem\",\"position\":2,\"name\":\"Em campanha, Sebrae transmite mensagem de otimismo e perseveran\u00e7a em sua campanha de fim de ano\"}]},{\"@type\":\"WebSite\",\"@id\":\"https:\\\/\\\/www.cidademarketing.com.br\\\/marketing\\\/#website\",\"url\":\"https:\\\/\\\/www.cidademarketing.com.br\\\/marketing\\\/\",\"name\":\"CidadeMarketing\",\"description\":\"Somos um ve\u00edculo de comunica\u00e7\u00e3o de destaque no Brasil, reconhecido por conte\u00fados nos segmentos de marketing, empreendedorismo e inova\u00e7\u00e3o.\",\"publisher\":{\"@id\":\"https:\\\/\\\/www.cidademarketing.com.br\\\/marketing\\\/#organization\"},\"alternateName\":\"CidadeMarketing\",\"potentialAction\":[{\"@type\":\"SearchAction\",\"target\":{\"@type\":\"EntryPoint\",\"urlTemplate\":\"https:\\\/\\\/www.cidademarketing.com.br\\\/marketing\\\/?s={search_term_string}\"},\"query-input\":{\"@type\":\"PropertyValueSpecification\",\"valueRequired\":true,\"valueName\":\"search_term_string\"}}],\"inLanguage\":\"pt-BR\"},{\"@type\":\"Organization\",\"@id\":\"https:\\\/\\\/www.cidademarketing.com.br\\\/marketing\\\/#organization\",\"name\":\"CidadeMarketing\",\"alternateName\":\"CidadeMarketing\",\"url\":\"https:\\\/\\\/www.cidademarketing.com.br\\\/marketing\\\/\",\"logo\":{\"@type\":\"ImageObject\",\"inLanguage\":\"pt-BR\",\"@id\":\"https:\\\/\\\/www.cidademarketing.com.br\\\/marketing\\\/#\\\/schema\\\/logo\\\/image\\\/\",\"url\":\"https:\\\/\\\/www.cidademarketing.com.br\\\/marketing\\\/wp-content\\\/uploads\\\/2020\\\/01\\\/cidademarketing_marca_mobile.png\",\"contentUrl\":\"https:\\\/\\\/www.cidademarketing.com.br\\\/marketing\\\/wp-content\\\/uploads\\\/2020\\\/01\\\/cidademarketing_marca_mobile.png\",\"width\":230,\"height\":92,\"caption\":\"CidadeMarketing\"},\"image\":{\"@id\":\"https:\\\/\\\/www.cidademarketing.com.br\\\/marketing\\\/#\\\/schema\\\/logo\\\/image\\\/\"},\"sameAs\":[\"https:\\\/\\\/www.facebook.com\\\/portalcidademarketing\",\"https:\\\/\\\/x.com\\\/CidadeMarketing\",\"https:\\\/\\\/www.instagram.com\\\/cidademarketing\\\/\"]},{\"@type\":\"Person\",\"@id\":\"https:\\\/\\\/www.cidademarketing.com.br\\\/marketing\\\/#\\\/schema\\\/person\\\/02daff9f18bd9378c9e01eb6b2db155f\",\"name\":\"Thales Brand\u00e3o\",\"image\":{\"@type\":\"ImageObject\",\"inLanguage\":\"pt-BR\",\"@id\":\"https:\\\/\\\/secure.gravatar.com\\\/avatar\\\/7ca3206950207cc3cb48feec56a8a7898741ab725c368d99d5d7a5a50aab80c6?s=96&d=mm&r=g\",\"url\":\"https:\\\/\\\/secure.gravatar.com\\\/avatar\\\/7ca3206950207cc3cb48feec56a8a7898741ab725c368d99d5d7a5a50aab80c6?s=96&d=mm&r=g\",\"contentUrl\":\"https:\\\/\\\/secure.gravatar.com\\\/avatar\\\/7ca3206950207cc3cb48feec56a8a7898741ab725c368d99d5d7a5a50aab80c6?s=96&d=mm&r=g\",\"caption\":\"Thales Brand\u00e3o\"},\"description\":\"Editor Executivo do Portal CidadeMarketing.com.br &gt; Mestre em Comunica\u00e7\u00e3o e Sociedade pela Universidade Federal de Sergipe. Possui MBA Executivo em Administra\u00e7\u00e3o com \u00eanfase em Marketing pela Funda\u00e7\u00e3o Get\u00falio Vargas - Rio de Janeiro. Consultor, Palestrante e Pesquisador sobre Empreendedorismo, Marketing, Redes Sociais e Neg\u00f3cios Digitais. Professor, Palestrante TedxTalks e Campus Party. Twitter: @ThalesBrandao\",\"sameAs\":[\"http:\\\/\\\/www.mandacaru.com.br\",\"https:\\\/\\\/www.facebook.com\\\/thalesbrandao\",\"http:\\\/\\\/www.instagram.com.br\\\/thalesbrandaoferreira\",\"https:\\\/\\\/www.linkedin.com\\\/in\\\/thales-brand\u00e3o-3948609\\\/\",\"https:\\\/\\\/x.com\\\/http:\\\/\\\/www.twitter.com\\\/thalesbrandao\"],\"url\":\"https:\\\/\\\/www.cidademarketing.com.br\\\/marketing\\\/author\\\/thalesbrandao\\\/\"}]}<\/script>\n<!-- \/ Yoast SEO plugin. -->","yoast_head_json":{"title":"Em campanha, Sebrae transmite mensagem de otimismo e perseveran\u00e7a em sua campanha de fim de ano - CidadeMarketing","robots":{"index":"index","follow":"follow","max-snippet":"max-snippet:-1","max-image-preview":"max-image-preview:large","max-video-preview":"max-video-preview:-1"},"canonical":"https:\/\/www.cidademarketing.com.br\/marketing\/2021\/12\/28\/em-campanha-sebrae-transmite-mensagem-de-otimismo-e-perseveranca-em-sua-campanha-de-fim-de-ano\/","og_locale":"pt_BR","og_type":"article","og_title":"Em campanha, Sebrae transmite mensagem de otimismo e perseveran\u00e7a em sua campanha de fim de ano - CidadeMarketing","og_description":"Ap\u00f3s um 2021 cheio de dificuldades e desafios, uma emocionante mensagem de otimismo, for\u00e7a e perseveran\u00e7a \u00e9 transmitida pelo Sebrae em sua campanha de fim de ano, que come\u00e7ou a ser veiculada nesse \u00faltimo domingo (26). Criada pela nova\/sb, a campanha conta com um filme de um minuto, com vers\u00e3o de 30 segundos, e tem [&hellip;]","og_url":"https:\/\/www.cidademarketing.com.br\/marketing\/2021\/12\/28\/em-campanha-sebrae-transmite-mensagem-de-otimismo-e-perseveranca-em-sua-campanha-de-fim-de-ano\/","og_site_name":"CidadeMarketing","article_publisher":"https:\/\/www.facebook.com\/portalcidademarketing","article_author":"https:\/\/www.facebook.com\/thalesbrandao","article_published_time":"2021-12-28T13:56:58+00:00","og_image":[{"width":1280,"height":720,"url":"https:\/\/www.cidademarketing.com.br\/marketing\/wp-content\/uploads\/2021\/12\/Sebrae_Dias-e-Dias_Fim-de-Ano-5.jpeg","type":"image\/jpeg"}],"author":"Thales Brand\u00e3o","twitter_card":"summary_large_image","twitter_creator":"@http:\/\/www.twitter.com\/thalesbrandao","twitter_site":"@CidadeMarketing","twitter_misc":{"Escrito por":"Thales Brand\u00e3o","Est. tempo de leitura":"4 minutos"},"schema":{"@context":"https:\/\/schema.org","@graph":[{"@type":"Article","@id":"https:\/\/www.cidademarketing.com.br\/marketing\/2021\/12\/28\/em-campanha-sebrae-transmite-mensagem-de-otimismo-e-perseveranca-em-sua-campanha-de-fim-de-ano\/#article","isPartOf":{"@id":"https:\/\/www.cidademarketing.com.br\/marketing\/2021\/12\/28\/em-campanha-sebrae-transmite-mensagem-de-otimismo-e-perseveranca-em-sua-campanha-de-fim-de-ano\/"},"author":{"name":"Thales Brand\u00e3o","@id":"https:\/\/www.cidademarketing.com.br\/marketing\/#\/schema\/person\/02daff9f18bd9378c9e01eb6b2db155f"},"headline":"Em campanha, Sebrae transmite mensagem de otimismo e perseveran\u00e7a em sua campanha de fim de ano","datePublished":"2021-12-28T13:56:58+00:00","mainEntityOfPage":{"@id":"https:\/\/www.cidademarketing.com.br\/marketing\/2021\/12\/28\/em-campanha-sebrae-transmite-mensagem-de-otimismo-e-perseveranca-em-sua-campanha-de-fim-de-ano\/"},"wordCount":844,"commentCount":0,"publisher":{"@id":"https:\/\/www.cidademarketing.com.br\/marketing\/#organization"},"image":{"@id":"https:\/\/www.cidademarketing.com.br\/marketing\/2021\/12\/28\/em-campanha-sebrae-transmite-mensagem-de-otimismo-e-perseveranca-em-sua-campanha-de-fim-de-ano\/#primaryimage"},"thumbnailUrl":"https:\/\/www.cidademarketing.com.br\/marketing\/wp-content\/uploads\/2021\/12\/Sebrae_Dias-e-Dias_Fim-de-Ano-5.jpeg","keywords":["comuncia\u00e7\u00e3o","empreendedorismo","estrat\u00e9gia","investimento","marketing","SEBRAE"],"articleSection":["Videos"],"inLanguage":"pt-BR","potentialAction":[{"@type":"CommentAction","name":"Comment","target":["https:\/\/www.cidademarketing.com.br\/marketing\/2021\/12\/28\/em-campanha-sebrae-transmite-mensagem-de-otimismo-e-perseveranca-em-sua-campanha-de-fim-de-ano\/#respond"]}]},{"@type":"WebPage","@id":"https:\/\/www.cidademarketing.com.br\/marketing\/2021\/12\/28\/em-campanha-sebrae-transmite-mensagem-de-otimismo-e-perseveranca-em-sua-campanha-de-fim-de-ano\/","url":"https:\/\/www.cidademarketing.com.br\/marketing\/2021\/12\/28\/em-campanha-sebrae-transmite-mensagem-de-otimismo-e-perseveranca-em-sua-campanha-de-fim-de-ano\/","name":"Em campanha, Sebrae transmite mensagem de otimismo e perseveran\u00e7a em sua campanha de fim de ano - CidadeMarketing","isPartOf":{"@id":"https:\/\/www.cidademarketing.com.br\/marketing\/#website"},"primaryImageOfPage":{"@id":"https:\/\/www.cidademarketing.com.br\/marketing\/2021\/12\/28\/em-campanha-sebrae-transmite-mensagem-de-otimismo-e-perseveranca-em-sua-campanha-de-fim-de-ano\/#primaryimage"},"image":{"@id":"https:\/\/www.cidademarketing.com.br\/marketing\/2021\/12\/28\/em-campanha-sebrae-transmite-mensagem-de-otimismo-e-perseveranca-em-sua-campanha-de-fim-de-ano\/#primaryimage"},"thumbnailUrl":"https:\/\/www.cidademarketing.com.br\/marketing\/wp-content\/uploads\/2021\/12\/Sebrae_Dias-e-Dias_Fim-de-Ano-5.jpeg","datePublished":"2021-12-28T13:56:58+00:00","breadcrumb":{"@id":"https:\/\/www.cidademarketing.com.br\/marketing\/2021\/12\/28\/em-campanha-sebrae-transmite-mensagem-de-otimismo-e-perseveranca-em-sua-campanha-de-fim-de-ano\/#breadcrumb"},"inLanguage":"pt-BR","potentialAction":[{"@type":"ReadAction","target":["https:\/\/www.cidademarketing.com.br\/marketing\/2021\/12\/28\/em-campanha-sebrae-transmite-mensagem-de-otimismo-e-perseveranca-em-sua-campanha-de-fim-de-ano\/"]}]},{"@type":"ImageObject","inLanguage":"pt-BR","@id":"https:\/\/www.cidademarketing.com.br\/marketing\/2021\/12\/28\/em-campanha-sebrae-transmite-mensagem-de-otimismo-e-perseveranca-em-sua-campanha-de-fim-de-ano\/#primaryimage","url":"https:\/\/www.cidademarketing.com.br\/marketing\/wp-content\/uploads\/2021\/12\/Sebrae_Dias-e-Dias_Fim-de-Ano-5.jpeg","contentUrl":"https:\/\/www.cidademarketing.com.br\/marketing\/wp-content\/uploads\/2021\/12\/Sebrae_Dias-e-Dias_Fim-de-Ano-5.jpeg","width":1280,"height":720,"caption":"Reprodu\u00e7\u00e3o"},{"@type":"BreadcrumbList","@id":"https:\/\/www.cidademarketing.com.br\/marketing\/2021\/12\/28\/em-campanha-sebrae-transmite-mensagem-de-otimismo-e-perseveranca-em-sua-campanha-de-fim-de-ano\/#breadcrumb","itemListElement":[{"@type":"ListItem","position":1,"name":"In\u00edcio","item":"https:\/\/www.cidademarketing.com.br\/marketing\/"},{"@type":"ListItem","position":2,"name":"Em campanha, Sebrae transmite mensagem de otimismo e perseveran\u00e7a em sua campanha de fim de ano"}]},{"@type":"WebSite","@id":"https:\/\/www.cidademarketing.com.br\/marketing\/#website","url":"https:\/\/www.cidademarketing.com.br\/marketing\/","name":"CidadeMarketing","description":"Somos um ve\u00edculo de comunica\u00e7\u00e3o de destaque no Brasil, reconhecido por conte\u00fados nos segmentos de marketing, empreendedorismo e inova\u00e7\u00e3o.","publisher":{"@id":"https:\/\/www.cidademarketing.com.br\/marketing\/#organization"},"alternateName":"CidadeMarketing","potentialAction":[{"@type":"SearchAction","target":{"@type":"EntryPoint","urlTemplate":"https:\/\/www.cidademarketing.com.br\/marketing\/?s={search_term_string}"},"query-input":{"@type":"PropertyValueSpecification","valueRequired":true,"valueName":"search_term_string"}}],"inLanguage":"pt-BR"},{"@type":"Organization","@id":"https:\/\/www.cidademarketing.com.br\/marketing\/#organization","name":"CidadeMarketing","alternateName":"CidadeMarketing","url":"https:\/\/www.cidademarketing.com.br\/marketing\/","logo":{"@type":"ImageObject","inLanguage":"pt-BR","@id":"https:\/\/www.cidademarketing.com.br\/marketing\/#\/schema\/logo\/image\/","url":"https:\/\/www.cidademarketing.com.br\/marketing\/wp-content\/uploads\/2020\/01\/cidademarketing_marca_mobile.png","contentUrl":"https:\/\/www.cidademarketing.com.br\/marketing\/wp-content\/uploads\/2020\/01\/cidademarketing_marca_mobile.png","width":230,"height":92,"caption":"CidadeMarketing"},"image":{"@id":"https:\/\/www.cidademarketing.com.br\/marketing\/#\/schema\/logo\/image\/"},"sameAs":["https:\/\/www.facebook.com\/portalcidademarketing","https:\/\/x.com\/CidadeMarketing","https:\/\/www.instagram.com\/cidademarketing\/"]},{"@type":"Person","@id":"https:\/\/www.cidademarketing.com.br\/marketing\/#\/schema\/person\/02daff9f18bd9378c9e01eb6b2db155f","name":"Thales Brand\u00e3o","image":{"@type":"ImageObject","inLanguage":"pt-BR","@id":"https:\/\/secure.gravatar.com\/avatar\/7ca3206950207cc3cb48feec56a8a7898741ab725c368d99d5d7a5a50aab80c6?s=96&d=mm&r=g","url":"https:\/\/secure.gravatar.com\/avatar\/7ca3206950207cc3cb48feec56a8a7898741ab725c368d99d5d7a5a50aab80c6?s=96&d=mm&r=g","contentUrl":"https:\/\/secure.gravatar.com\/avatar\/7ca3206950207cc3cb48feec56a8a7898741ab725c368d99d5d7a5a50aab80c6?s=96&d=mm&r=g","caption":"Thales Brand\u00e3o"},"description":"Editor Executivo do Portal CidadeMarketing.com.br &gt; Mestre em Comunica\u00e7\u00e3o e Sociedade pela Universidade Federal de Sergipe. Possui MBA Executivo em Administra\u00e7\u00e3o com \u00eanfase em Marketing pela Funda\u00e7\u00e3o Get\u00falio Vargas - Rio de Janeiro. Consultor, Palestrante e Pesquisador sobre Empreendedorismo, Marketing, Redes Sociais e Neg\u00f3cios Digitais. Professor, Palestrante TedxTalks e Campus Party. Twitter: @ThalesBrandao","sameAs":["http:\/\/www.mandacaru.com.br","https:\/\/www.facebook.com\/thalesbrandao","http:\/\/www.instagram.com.br\/thalesbrandaoferreira","https:\/\/www.linkedin.com\/in\/thales-brand\u00e3o-3948609\/","https:\/\/x.com\/http:\/\/www.twitter.com\/thalesbrandao"],"url":"https:\/\/www.cidademarketing.com.br\/marketing\/author\/thalesbrandao\/"}]}},"amp_enabled":true,"_links":{"self":[{"href":"https:\/\/www.cidademarketing.com.br\/marketing\/wp-json\/wp\/v2\/posts\/33479","targetHints":{"allow":["GET"]}}],"collection":[{"href":"https:\/\/www.cidademarketing.com.br\/marketing\/wp-json\/wp\/v2\/posts"}],"about":[{"href":"https:\/\/www.cidademarketing.com.br\/marketing\/wp-json\/wp\/v2\/types\/post"}],"author":[{"embeddable":true,"href":"https:\/\/www.cidademarketing.com.br\/marketing\/wp-json\/wp\/v2\/users\/1"}],"replies":[{"embeddable":true,"href":"https:\/\/www.cidademarketing.com.br\/marketing\/wp-json\/wp\/v2\/comments?post=33479"}],"version-history":[{"count":1,"href":"https:\/\/www.cidademarketing.com.br\/marketing\/wp-json\/wp\/v2\/posts\/33479\/revisions"}],"predecessor-version":[{"id":33481,"href":"https:\/\/www.cidademarketing.com.br\/marketing\/wp-json\/wp\/v2\/posts\/33479\/revisions\/33481"}],"wp:featuredmedia":[{"embeddable":true,"href":"https:\/\/www.cidademarketing.com.br\/marketing\/wp-json\/wp\/v2\/media\/33480"}],"wp:attachment":[{"href":"https:\/\/www.cidademarketing.com.br\/marketing\/wp-json\/wp\/v2\/media?parent=33479"}],"wp:term":[{"taxonomy":"category","embeddable":true,"href":"https:\/\/www.cidademarketing.com.br\/marketing\/wp-json\/wp\/v2\/categories?post=33479"},{"taxonomy":"post_tag","embeddable":true,"href":"https:\/\/www.cidademarketing.com.br\/marketing\/wp-json\/wp\/v2\/tags?post=33479"}],"curies":[{"name":"wp","href":"https:\/\/api.w.org\/{rel}","templated":true}]}}