{"id":33476,"date":"2021-12-28T10:53:31","date_gmt":"2021-12-28T13:53:31","guid":{"rendered":"https:\/\/www.cidademarketing.com.br\/marketing\/?p=33476"},"modified":"2021-12-28T10:53:31","modified_gmt":"2021-12-28T13:53:31","slug":"honda-cria-webserie-sobre-50-anos-no-brasil","status":"publish","type":"post","link":"https:\/\/www.cidademarketing.com.br\/marketing\/2021\/12\/28\/honda-cria-webserie-sobre-50-anos-no-brasil\/","title":{"rendered":"Honda cria webs\u00e9rie sobre 50 anos no Brasil"},"content":{"rendered":"<p>&nbsp;<\/p>\n<p><iframe src=\"https:\/\/open.spotify.com\/embed\/show\/4khMKzP3FgFRWVwb73xicc\" width=\"100%\" height=\"232\" frameborder=\"0\"><\/iframe><br \/>\nOs apaixonados por duas rodas e boas hist\u00f3rias j\u00e1 possuem programa\u00e7\u00e3o garantida neste fim de ano. A Honda Motos resgata sua trajet\u00f3ria de 50 anos no Brasil por meio da webs\u00e9rie \u201cCada Sonho, Uma Hist\u00f3ria\u201d, lan\u00e7ada hoje nos canais oficiais da marca no Youtube e nas redes sociais (Facebook e Instagram).<\/p>\n<p>Constru\u00edda em cinco epis\u00f3dios, de aproximadamente 6 minutos cada, a webs\u00e9rie passar\u00e1 pelos principais acontecimentos da marca nas \u00faltimas cinco d\u00e9cadas, de forma leve, din\u00e2mica e informativa.<\/p>\n<p>\u201cA webs\u00e9rie que produzimos busca trazer curiosidades e hist\u00f3rias que muitas pessoas n\u00e3o conhecem sobre o legado da Honda Motos, ao longo dos 50 anos em que estamos presentes no Brasil. Contamos hist\u00f3rias de diferentes gera\u00e7\u00f5es e, dentre todas elas, pudemos\u00a0 perceber o quanto as motocicletas est\u00e3o presentes na vida das pessoas e contribuem para a mobilidade de milhares de brasileiros.\u201d, afirma Pedro Rezende, Gerente Geral de Comunica\u00e7\u00e3o e Brand da Honda.<\/p>\n<p>A produ\u00e7\u00e3o, assinada pela ag\u00eancia Publicis e pela produtora Big Bonsai, traz \u00e0 tona hist\u00f3rias surpreendentes na voz de clientes, jornalistas e profissionais do setor duas rodas nacional que, juntos, d\u00e3o voz \u00e0 hist\u00f3ria da marca em solo nacional.<\/p>\n<p>\u201cA Honda \u00e9 uma marca que faz parte da hist\u00f3ria do Brasil dos \u00faltimos 50 anos. Seus produtos participaram da vida de gera\u00e7\u00f5es de brasileiros e, por isso, pensamos em uma forma de mostrar os principais marcos da empresa de forma leve, orgulhosa e com muitos bons personagens\u201d, explica F\u00e1bio Astolpho, diretor executivo de cria\u00e7\u00e3o da Publicis.<\/p>\n<p>No primeiro epis\u00f3dio da s\u00e9rie, o p\u00fablico confere a hist\u00f3ria por tr\u00e1s da primeira corrida da Honda fora do Jap\u00e3o, que aconteceu na cidade de S\u00e3o Paulo, em 1954. No cap\u00edtulo seguinte, entram em cena os desafios da constru\u00e7\u00e3o da f\u00e1brica de Manaus, nos anos 70, e uma inusitada viagem de Manaus a S\u00e3o Paulo a bordo da ent\u00e3o rec\u00e9m-lan\u00e7ada CG 125.<\/p>\n<p>O terceiro cap\u00edtulo da webs\u00e9rie \u00e9 dedicado \u00e0 lend\u00e1ria CBX 750F, carinhosamente apelidada de 7Galo. A produ\u00e7\u00e3o recupera o in\u00edcio dessa febre, com depoimentos de aficionados que viveram esse per\u00edodo.<\/p>\n<p>Nestes 50 anos \u00e9 dif\u00edcil transitar pelas ruas do pa\u00eds e n\u00e3o notar o nome Honda. O quarto epis\u00f3dio traz hist\u00f3rias de pessoas que concretizam o sonho da democratiza\u00e7\u00e3o da motocicleta nos mais variados aspectos da nossa sociedade.<\/p>\n<p>E, para fechar a s\u00e9rie, o quinto epis\u00f3dio revela as hist\u00f3rias por tr\u00e1s da pista de testes da Honda, em Manaus, e como esse completo campo de provas convive com 802 hectares de cultivo de esp\u00e9cies amea\u00e7adas de extin\u00e7\u00e3o. Uma abordagem sobre a preocupa\u00e7\u00e3o da empresa com a qualidade de seus produtos e tamb\u00e9m com o meio ambiente.<\/p>\n<div class=\"youtube-embed\" data-video_id=\"IRm2I2C9Vc0\"><iframe title=\"Epis\u00f3dio 1: O sonho da velocidade\" width=\"640\" height=\"360\" src=\"https:\/\/www.youtube.com\/embed\/IRm2I2C9Vc0?feature=oembed&#038;enablejsapi=1\" frameborder=\"0\" allow=\"accelerometer; autoplay; clipboard-write; encrypted-media; gyroscope; picture-in-picture; web-share\" referrerpolicy=\"strict-origin-when-cross-origin\" allowfullscreen><\/iframe><\/div>\n<p>&nbsp;<\/p>\n<p><strong>FICHA T\u00c9CNICA<\/strong><\/p>\n<p>&nbsp;<\/p>\n<p><strong>Anunciante:\u00a0<\/strong>Honda<\/p>\n<p><strong>Filme:\u00a0<\/strong>Document\u00e1rio Honda Motos<\/p>\n<p><strong>Cliente:<\/strong>\u00a0Pedro Rezende, Odair Dedica\u00e7\u00e3o Jr., Tassia Nascimento Rodrigues, Aline Cerri<\/p>\n<p><strong>CCO: <\/strong>Domenico Massareto<\/p>\n<p><strong>Diretor de Cria\u00e7\u00e3o Executivo: <\/strong>Fabio Astolpho e Dani Ribeiro<\/p>\n<p><strong>Diretor de Cria\u00e7\u00e3o: <\/strong>Luis Figueiredo<\/p>\n<p><strong>Diretores de Cria\u00e7\u00e3o Associados:<\/strong> Ricardo Sarno, Vitor Medrado<\/p>\n<p><strong>Cria\u00e7\u00e3o:\u00a0<\/strong> Ricardo Sarno, Vitor Medrado, Luiz Fonseca, Luis Figueiredo e Fabio Astolpho<\/p>\n<p><strong>Atendimento:\u00a0<\/strong>Gabriela Borges, Maria Fernanda Laudisio, Pedro Yoshida, Kamila Miyazato<\/p>\n<p><strong>Planejamento:\u00a0<\/strong>Juliana Elia, Rita Braga, Pedro Rangel<\/p>\n<p><strong>M\u00eddia:<\/strong> Maur\u00edcio Almeida, Luca Lima, Felipe Reis, Henrique Dammenhain<\/p>\n<p><strong>Conte\u00fado:\u00a0<\/strong>Cl\u00e1udia Cec\u00edlia, Carla Said, Carolina Oliveira<\/p>\n<p><strong>RTV: <\/strong>Renata Say\u00e3o, Val\u00e9ria Andrighetti, Carolina Godoy<\/p>\n<p><strong>\u00a0<\/strong><\/p>\n<p><strong>Produtora de Imagem: <\/strong>Big Bonsai<\/p>\n<p><strong>Produ\u00e7\u00e3o Executiva: <\/strong>Gilberto Topczewski, Murilo Prado<\/p>\n<p><strong>Diretor: <\/strong>Felipe Briso<\/p>\n<p><strong>Roteiro: <\/strong>Duda Hernandez, Henrique Melhado<\/p>\n<p><strong>Assist\u00eancia de Dire\u00e7\u00e3o: <\/strong>Rachel Viana<\/p>\n<p><strong>Dire\u00e7\u00e3o de Fotografia: <\/strong>Tomas Viola<\/p>\n<p><strong>Prospec\u00e7\u00e3o e Gerenciamento: O Bir\u00f4 \u2013<\/strong> Dani Harriz, Cris Marquesi e Carol Pops<\/p>\n<p><strong>Produ\u00e7\u00e3o Executiva e Atendimento: <\/strong>Murilo Prado<\/p>\n<p><strong>Story Production<\/strong>: Rachel Viana, Cicero Lima<\/p>\n<p><strong>Coordena\u00e7\u00e3o de Produ\u00e7\u00e3o: <\/strong>Deyse Matias<\/p>\n<p><strong>Dire\u00e7\u00e3o de Produ\u00e7\u00e3o: <\/strong>Val Carvalho<\/p>\n<p><strong>Coordena\u00e7\u00e3o de Produ\u00e7\u00e3o: <\/strong>Andre Cox<\/p>\n<p><strong>Assistencia de Coordena\u00e7\u00e3o de P\u00f3s Produ\u00e7\u00e3o: <\/strong>Filipe Pestre<\/p>\n<p><strong>Pesquisa e Libera\u00e7\u00e3o de Imagem: <\/strong>Raquel Viana e Filipe Pestre<\/p>\n<p><strong>Dire\u00e7\u00e3o de Arte: <\/strong>Casinha VXF<\/p>\n<p><strong>Motion Design e Composi\u00e7\u00e3o de Imagem:<\/strong> Casinha VXF<\/p>\n<p><strong>Finaliza\u00e7\u00e3o: <\/strong>Uriel Arakilian<\/p>\n<p><strong>Color: <\/strong>Felipe Ino<\/p>\n<p><strong>PRODUTORA SOM: <\/strong>Cordel \u00c1udio<\/p>\n<p><strong>PRODUTOR: <\/strong>Andr\u00e9 Caccia Bava<\/p>\n<p><strong>Sound design: <\/strong>Cezar Brand\u00e3o<\/p>\n<p><strong>ATENDIMENTO: <\/strong>Andr\u00e9 Caccia Bava<strong>\u00a0<\/strong><\/p>\n<p><strong>Locutor:<\/strong> Eduardo Muniz<\/p>\n<p><iframe style=\"width: 100%; max-width: 660px; overflow: hidden; background: transparent;\" src=\"https:\/\/embed.podcasts.apple.com\/br\/podcast\/podcast-cidademarketing\/id1371923283\" height=\"450\" frameborder=\"0\" sandbox=\"allow-forms allow-popups allow-same-origin allow-scripts allow-storage-access-by-user-activation allow-top-navigation-by-user-activation\"><\/iframe><\/p>\n","protected":false},"excerpt":{"rendered":"<p>&nbsp; Os apaixonados por duas rodas e boas hist\u00f3rias j\u00e1 possuem programa\u00e7\u00e3o garantida neste fim de ano. A Honda Motos resgata sua trajet\u00f3ria de 50 anos no Brasil por meio da webs\u00e9rie \u201cCada Sonho, Uma Hist\u00f3ria\u201d, lan\u00e7ada hoje nos canais oficiais da marca no Youtube e nas redes sociais (Facebook e Instagram). Constru\u00edda em cinco [&hellip;]<\/p>\n","protected":false},"author":1,"featured_media":33477,"comment_status":"open","ping_status":"open","sticky":false,"template":"","format":"standard","meta":{"tdm_status":"","tdm_grid_status":"","footnotes":""},"categories":[6],"tags":[175,33,780,37,28,540],"class_list":["post-33476","post","type-post","status-publish","format-standard","has-post-thumbnail","hentry","category-noticias","tag-branding","tag-estrategia","tag-honda","tag-marca","tag-marketing","tag-webserie"],"yoast_head":"<!-- This site is optimized with the Yoast SEO plugin v27.5 - https:\/\/yoast.com\/product\/yoast-seo-wordpress\/ -->\n<title>Honda cria webs\u00e9rie sobre 50 anos no Brasil - CidadeMarketing<\/title>\n<meta name=\"robots\" content=\"index, follow, max-snippet:-1, max-image-preview:large, max-video-preview:-1\" \/>\n<link rel=\"canonical\" href=\"https:\/\/www.cidademarketing.com.br\/marketing\/2021\/12\/28\/honda-cria-webserie-sobre-50-anos-no-brasil\/\" \/>\n<meta property=\"og:locale\" content=\"pt_BR\" \/>\n<meta property=\"og:type\" content=\"article\" \/>\n<meta property=\"og:title\" content=\"Honda cria webs\u00e9rie sobre 50 anos no Brasil - CidadeMarketing\" \/>\n<meta property=\"og:description\" content=\"&nbsp; Os apaixonados por duas rodas e boas hist\u00f3rias j\u00e1 possuem programa\u00e7\u00e3o garantida neste fim de ano. A Honda Motos resgata sua trajet\u00f3ria de 50 anos no Brasil por meio da webs\u00e9rie \u201cCada Sonho, Uma Hist\u00f3ria\u201d, lan\u00e7ada hoje nos canais oficiais da marca no Youtube e nas redes sociais (Facebook e Instagram). Constru\u00edda em cinco [&hellip;]\" \/>\n<meta property=\"og:url\" content=\"https:\/\/www.cidademarketing.com.br\/marketing\/2021\/12\/28\/honda-cria-webserie-sobre-50-anos-no-brasil\/\" \/>\n<meta property=\"og:site_name\" content=\"CidadeMarketing\" \/>\n<meta property=\"article:publisher\" content=\"https:\/\/www.facebook.com\/portalcidademarketing\" \/>\n<meta property=\"article:author\" content=\"https:\/\/www.facebook.com\/thalesbrandao\" \/>\n<meta property=\"article:published_time\" content=\"2021-12-28T13:53:31+00:00\" \/>\n<meta property=\"og:image\" content=\"https:\/\/www.cidademarketing.com.br\/marketing\/wp-content\/uploads\/2021\/12\/Honda_50anos.png\" \/>\n\t<meta property=\"og:image:width\" content=\"1607\" \/>\n\t<meta property=\"og:image:height\" content=\"901\" \/>\n\t<meta property=\"og:image:type\" content=\"image\/png\" \/>\n<meta name=\"author\" content=\"Thales Brand\u00e3o\" \/>\n<meta name=\"twitter:card\" content=\"summary_large_image\" \/>\n<meta name=\"twitter:creator\" content=\"@http:\/\/www.twitter.com\/thalesbrandao\" \/>\n<meta name=\"twitter:site\" content=\"@CidadeMarketing\" \/>\n<meta name=\"twitter:label1\" content=\"Escrito por\" \/>\n\t<meta name=\"twitter:data1\" content=\"Thales Brand\u00e3o\" \/>\n\t<meta name=\"twitter:label2\" content=\"Est. tempo de leitura\" \/>\n\t<meta name=\"twitter:data2\" content=\"4 minutos\" \/>\n<script type=\"application\/ld+json\" class=\"yoast-schema-graph\">{\"@context\":\"https:\\\/\\\/schema.org\",\"@graph\":[{\"@type\":\"Article\",\"@id\":\"https:\\\/\\\/www.cidademarketing.com.br\\\/marketing\\\/2021\\\/12\\\/28\\\/honda-cria-webserie-sobre-50-anos-no-brasil\\\/#article\",\"isPartOf\":{\"@id\":\"https:\\\/\\\/www.cidademarketing.com.br\\\/marketing\\\/2021\\\/12\\\/28\\\/honda-cria-webserie-sobre-50-anos-no-brasil\\\/\"},\"author\":{\"name\":\"Thales Brand\u00e3o\",\"@id\":\"https:\\\/\\\/www.cidademarketing.com.br\\\/marketing\\\/#\\\/schema\\\/person\\\/02daff9f18bd9378c9e01eb6b2db155f\"},\"headline\":\"Honda cria webs\u00e9rie sobre 50 anos no Brasil\",\"datePublished\":\"2021-12-28T13:53:31+00:00\",\"mainEntityOfPage\":{\"@id\":\"https:\\\/\\\/www.cidademarketing.com.br\\\/marketing\\\/2021\\\/12\\\/28\\\/honda-cria-webserie-sobre-50-anos-no-brasil\\\/\"},\"wordCount\":758,\"commentCount\":0,\"publisher\":{\"@id\":\"https:\\\/\\\/www.cidademarketing.com.br\\\/marketing\\\/#organization\"},\"image\":{\"@id\":\"https:\\\/\\\/www.cidademarketing.com.br\\\/marketing\\\/2021\\\/12\\\/28\\\/honda-cria-webserie-sobre-50-anos-no-brasil\\\/#primaryimage\"},\"thumbnailUrl\":\"https:\\\/\\\/www.cidademarketing.com.br\\\/marketing\\\/wp-content\\\/uploads\\\/2021\\\/12\\\/Honda_50anos.png\",\"keywords\":[\"branding\",\"estrat\u00e9gia\",\"Honda\",\"marca\",\"marketing\",\"webs\u00e9rie\"],\"articleSection\":[\"Not\u00edcias\"],\"inLanguage\":\"pt-BR\",\"potentialAction\":[{\"@type\":\"CommentAction\",\"name\":\"Comment\",\"target\":[\"https:\\\/\\\/www.cidademarketing.com.br\\\/marketing\\\/2021\\\/12\\\/28\\\/honda-cria-webserie-sobre-50-anos-no-brasil\\\/#respond\"]}]},{\"@type\":\"WebPage\",\"@id\":\"https:\\\/\\\/www.cidademarketing.com.br\\\/marketing\\\/2021\\\/12\\\/28\\\/honda-cria-webserie-sobre-50-anos-no-brasil\\\/\",\"url\":\"https:\\\/\\\/www.cidademarketing.com.br\\\/marketing\\\/2021\\\/12\\\/28\\\/honda-cria-webserie-sobre-50-anos-no-brasil\\\/\",\"name\":\"Honda cria webs\u00e9rie sobre 50 anos no Brasil - CidadeMarketing\",\"isPartOf\":{\"@id\":\"https:\\\/\\\/www.cidademarketing.com.br\\\/marketing\\\/#website\"},\"primaryImageOfPage\":{\"@id\":\"https:\\\/\\\/www.cidademarketing.com.br\\\/marketing\\\/2021\\\/12\\\/28\\\/honda-cria-webserie-sobre-50-anos-no-brasil\\\/#primaryimage\"},\"image\":{\"@id\":\"https:\\\/\\\/www.cidademarketing.com.br\\\/marketing\\\/2021\\\/12\\\/28\\\/honda-cria-webserie-sobre-50-anos-no-brasil\\\/#primaryimage\"},\"thumbnailUrl\":\"https:\\\/\\\/www.cidademarketing.com.br\\\/marketing\\\/wp-content\\\/uploads\\\/2021\\\/12\\\/Honda_50anos.png\",\"datePublished\":\"2021-12-28T13:53:31+00:00\",\"breadcrumb\":{\"@id\":\"https:\\\/\\\/www.cidademarketing.com.br\\\/marketing\\\/2021\\\/12\\\/28\\\/honda-cria-webserie-sobre-50-anos-no-brasil\\\/#breadcrumb\"},\"inLanguage\":\"pt-BR\",\"potentialAction\":[{\"@type\":\"ReadAction\",\"target\":[\"https:\\\/\\\/www.cidademarketing.com.br\\\/marketing\\\/2021\\\/12\\\/28\\\/honda-cria-webserie-sobre-50-anos-no-brasil\\\/\"]}]},{\"@type\":\"ImageObject\",\"inLanguage\":\"pt-BR\",\"@id\":\"https:\\\/\\\/www.cidademarketing.com.br\\\/marketing\\\/2021\\\/12\\\/28\\\/honda-cria-webserie-sobre-50-anos-no-brasil\\\/#primaryimage\",\"url\":\"https:\\\/\\\/www.cidademarketing.com.br\\\/marketing\\\/wp-content\\\/uploads\\\/2021\\\/12\\\/Honda_50anos.png\",\"contentUrl\":\"https:\\\/\\\/www.cidademarketing.com.br\\\/marketing\\\/wp-content\\\/uploads\\\/2021\\\/12\\\/Honda_50anos.png\",\"width\":1607,\"height\":901,\"caption\":\"Reprodu\u00e7\u00e3o\"},{\"@type\":\"BreadcrumbList\",\"@id\":\"https:\\\/\\\/www.cidademarketing.com.br\\\/marketing\\\/2021\\\/12\\\/28\\\/honda-cria-webserie-sobre-50-anos-no-brasil\\\/#breadcrumb\",\"itemListElement\":[{\"@type\":\"ListItem\",\"position\":1,\"name\":\"In\u00edcio\",\"item\":\"https:\\\/\\\/www.cidademarketing.com.br\\\/marketing\\\/\"},{\"@type\":\"ListItem\",\"position\":2,\"name\":\"Honda cria webs\u00e9rie sobre 50 anos no Brasil\"}]},{\"@type\":\"WebSite\",\"@id\":\"https:\\\/\\\/www.cidademarketing.com.br\\\/marketing\\\/#website\",\"url\":\"https:\\\/\\\/www.cidademarketing.com.br\\\/marketing\\\/\",\"name\":\"CidadeMarketing\",\"description\":\"Somos um ve\u00edculo de comunica\u00e7\u00e3o de destaque no Brasil, reconhecido por conte\u00fados nos segmentos de marketing, empreendedorismo e inova\u00e7\u00e3o.\",\"publisher\":{\"@id\":\"https:\\\/\\\/www.cidademarketing.com.br\\\/marketing\\\/#organization\"},\"alternateName\":\"CidadeMarketing\",\"potentialAction\":[{\"@type\":\"SearchAction\",\"target\":{\"@type\":\"EntryPoint\",\"urlTemplate\":\"https:\\\/\\\/www.cidademarketing.com.br\\\/marketing\\\/?s={search_term_string}\"},\"query-input\":{\"@type\":\"PropertyValueSpecification\",\"valueRequired\":true,\"valueName\":\"search_term_string\"}}],\"inLanguage\":\"pt-BR\"},{\"@type\":\"Organization\",\"@id\":\"https:\\\/\\\/www.cidademarketing.com.br\\\/marketing\\\/#organization\",\"name\":\"CidadeMarketing\",\"alternateName\":\"CidadeMarketing\",\"url\":\"https:\\\/\\\/www.cidademarketing.com.br\\\/marketing\\\/\",\"logo\":{\"@type\":\"ImageObject\",\"inLanguage\":\"pt-BR\",\"@id\":\"https:\\\/\\\/www.cidademarketing.com.br\\\/marketing\\\/#\\\/schema\\\/logo\\\/image\\\/\",\"url\":\"https:\\\/\\\/www.cidademarketing.com.br\\\/marketing\\\/wp-content\\\/uploads\\\/2020\\\/01\\\/cidademarketing_marca_mobile.png\",\"contentUrl\":\"https:\\\/\\\/www.cidademarketing.com.br\\\/marketing\\\/wp-content\\\/uploads\\\/2020\\\/01\\\/cidademarketing_marca_mobile.png\",\"width\":230,\"height\":92,\"caption\":\"CidadeMarketing\"},\"image\":{\"@id\":\"https:\\\/\\\/www.cidademarketing.com.br\\\/marketing\\\/#\\\/schema\\\/logo\\\/image\\\/\"},\"sameAs\":[\"https:\\\/\\\/www.facebook.com\\\/portalcidademarketing\",\"https:\\\/\\\/x.com\\\/CidadeMarketing\",\"https:\\\/\\\/www.instagram.com\\\/cidademarketing\\\/\"]},{\"@type\":\"Person\",\"@id\":\"https:\\\/\\\/www.cidademarketing.com.br\\\/marketing\\\/#\\\/schema\\\/person\\\/02daff9f18bd9378c9e01eb6b2db155f\",\"name\":\"Thales Brand\u00e3o\",\"image\":{\"@type\":\"ImageObject\",\"inLanguage\":\"pt-BR\",\"@id\":\"https:\\\/\\\/secure.gravatar.com\\\/avatar\\\/7ca3206950207cc3cb48feec56a8a7898741ab725c368d99d5d7a5a50aab80c6?s=96&d=mm&r=g\",\"url\":\"https:\\\/\\\/secure.gravatar.com\\\/avatar\\\/7ca3206950207cc3cb48feec56a8a7898741ab725c368d99d5d7a5a50aab80c6?s=96&d=mm&r=g\",\"contentUrl\":\"https:\\\/\\\/secure.gravatar.com\\\/avatar\\\/7ca3206950207cc3cb48feec56a8a7898741ab725c368d99d5d7a5a50aab80c6?s=96&d=mm&r=g\",\"caption\":\"Thales Brand\u00e3o\"},\"description\":\"Editor Executivo do Portal CidadeMarketing.com.br &gt; Mestre em Comunica\u00e7\u00e3o e Sociedade pela Universidade Federal de Sergipe. Possui MBA Executivo em Administra\u00e7\u00e3o com \u00eanfase em Marketing pela Funda\u00e7\u00e3o Get\u00falio Vargas - Rio de Janeiro. Consultor, Palestrante e Pesquisador sobre Empreendedorismo, Marketing, Redes Sociais e Neg\u00f3cios Digitais. Professor, Palestrante TedxTalks e Campus Party. Twitter: @ThalesBrandao\",\"sameAs\":[\"http:\\\/\\\/www.mandacaru.com.br\",\"https:\\\/\\\/www.facebook.com\\\/thalesbrandao\",\"http:\\\/\\\/www.instagram.com.br\\\/thalesbrandaoferreira\",\"https:\\\/\\\/www.linkedin.com\\\/in\\\/thales-brand\u00e3o-3948609\\\/\",\"https:\\\/\\\/x.com\\\/http:\\\/\\\/www.twitter.com\\\/thalesbrandao\"],\"url\":\"https:\\\/\\\/www.cidademarketing.com.br\\\/marketing\\\/author\\\/thalesbrandao\\\/\"}]}<\/script>\n<!-- \/ Yoast SEO plugin. -->","yoast_head_json":{"title":"Honda cria webs\u00e9rie sobre 50 anos no Brasil - CidadeMarketing","robots":{"index":"index","follow":"follow","max-snippet":"max-snippet:-1","max-image-preview":"max-image-preview:large","max-video-preview":"max-video-preview:-1"},"canonical":"https:\/\/www.cidademarketing.com.br\/marketing\/2021\/12\/28\/honda-cria-webserie-sobre-50-anos-no-brasil\/","og_locale":"pt_BR","og_type":"article","og_title":"Honda cria webs\u00e9rie sobre 50 anos no Brasil - CidadeMarketing","og_description":"&nbsp; Os apaixonados por duas rodas e boas hist\u00f3rias j\u00e1 possuem programa\u00e7\u00e3o garantida neste fim de ano. A Honda Motos resgata sua trajet\u00f3ria de 50 anos no Brasil por meio da webs\u00e9rie \u201cCada Sonho, Uma Hist\u00f3ria\u201d, lan\u00e7ada hoje nos canais oficiais da marca no Youtube e nas redes sociais (Facebook e Instagram). Constru\u00edda em cinco [&hellip;]","og_url":"https:\/\/www.cidademarketing.com.br\/marketing\/2021\/12\/28\/honda-cria-webserie-sobre-50-anos-no-brasil\/","og_site_name":"CidadeMarketing","article_publisher":"https:\/\/www.facebook.com\/portalcidademarketing","article_author":"https:\/\/www.facebook.com\/thalesbrandao","article_published_time":"2021-12-28T13:53:31+00:00","og_image":[{"width":1607,"height":901,"url":"https:\/\/www.cidademarketing.com.br\/marketing\/wp-content\/uploads\/2021\/12\/Honda_50anos.png","type":"image\/png"}],"author":"Thales Brand\u00e3o","twitter_card":"summary_large_image","twitter_creator":"@http:\/\/www.twitter.com\/thalesbrandao","twitter_site":"@CidadeMarketing","twitter_misc":{"Escrito por":"Thales Brand\u00e3o","Est. tempo de leitura":"4 minutos"},"schema":{"@context":"https:\/\/schema.org","@graph":[{"@type":"Article","@id":"https:\/\/www.cidademarketing.com.br\/marketing\/2021\/12\/28\/honda-cria-webserie-sobre-50-anos-no-brasil\/#article","isPartOf":{"@id":"https:\/\/www.cidademarketing.com.br\/marketing\/2021\/12\/28\/honda-cria-webserie-sobre-50-anos-no-brasil\/"},"author":{"name":"Thales Brand\u00e3o","@id":"https:\/\/www.cidademarketing.com.br\/marketing\/#\/schema\/person\/02daff9f18bd9378c9e01eb6b2db155f"},"headline":"Honda cria webs\u00e9rie sobre 50 anos no Brasil","datePublished":"2021-12-28T13:53:31+00:00","mainEntityOfPage":{"@id":"https:\/\/www.cidademarketing.com.br\/marketing\/2021\/12\/28\/honda-cria-webserie-sobre-50-anos-no-brasil\/"},"wordCount":758,"commentCount":0,"publisher":{"@id":"https:\/\/www.cidademarketing.com.br\/marketing\/#organization"},"image":{"@id":"https:\/\/www.cidademarketing.com.br\/marketing\/2021\/12\/28\/honda-cria-webserie-sobre-50-anos-no-brasil\/#primaryimage"},"thumbnailUrl":"https:\/\/www.cidademarketing.com.br\/marketing\/wp-content\/uploads\/2021\/12\/Honda_50anos.png","keywords":["branding","estrat\u00e9gia","Honda","marca","marketing","webs\u00e9rie"],"articleSection":["Not\u00edcias"],"inLanguage":"pt-BR","potentialAction":[{"@type":"CommentAction","name":"Comment","target":["https:\/\/www.cidademarketing.com.br\/marketing\/2021\/12\/28\/honda-cria-webserie-sobre-50-anos-no-brasil\/#respond"]}]},{"@type":"WebPage","@id":"https:\/\/www.cidademarketing.com.br\/marketing\/2021\/12\/28\/honda-cria-webserie-sobre-50-anos-no-brasil\/","url":"https:\/\/www.cidademarketing.com.br\/marketing\/2021\/12\/28\/honda-cria-webserie-sobre-50-anos-no-brasil\/","name":"Honda cria webs\u00e9rie sobre 50 anos no Brasil - CidadeMarketing","isPartOf":{"@id":"https:\/\/www.cidademarketing.com.br\/marketing\/#website"},"primaryImageOfPage":{"@id":"https:\/\/www.cidademarketing.com.br\/marketing\/2021\/12\/28\/honda-cria-webserie-sobre-50-anos-no-brasil\/#primaryimage"},"image":{"@id":"https:\/\/www.cidademarketing.com.br\/marketing\/2021\/12\/28\/honda-cria-webserie-sobre-50-anos-no-brasil\/#primaryimage"},"thumbnailUrl":"https:\/\/www.cidademarketing.com.br\/marketing\/wp-content\/uploads\/2021\/12\/Honda_50anos.png","datePublished":"2021-12-28T13:53:31+00:00","breadcrumb":{"@id":"https:\/\/www.cidademarketing.com.br\/marketing\/2021\/12\/28\/honda-cria-webserie-sobre-50-anos-no-brasil\/#breadcrumb"},"inLanguage":"pt-BR","potentialAction":[{"@type":"ReadAction","target":["https:\/\/www.cidademarketing.com.br\/marketing\/2021\/12\/28\/honda-cria-webserie-sobre-50-anos-no-brasil\/"]}]},{"@type":"ImageObject","inLanguage":"pt-BR","@id":"https:\/\/www.cidademarketing.com.br\/marketing\/2021\/12\/28\/honda-cria-webserie-sobre-50-anos-no-brasil\/#primaryimage","url":"https:\/\/www.cidademarketing.com.br\/marketing\/wp-content\/uploads\/2021\/12\/Honda_50anos.png","contentUrl":"https:\/\/www.cidademarketing.com.br\/marketing\/wp-content\/uploads\/2021\/12\/Honda_50anos.png","width":1607,"height":901,"caption":"Reprodu\u00e7\u00e3o"},{"@type":"BreadcrumbList","@id":"https:\/\/www.cidademarketing.com.br\/marketing\/2021\/12\/28\/honda-cria-webserie-sobre-50-anos-no-brasil\/#breadcrumb","itemListElement":[{"@type":"ListItem","position":1,"name":"In\u00edcio","item":"https:\/\/www.cidademarketing.com.br\/marketing\/"},{"@type":"ListItem","position":2,"name":"Honda cria webs\u00e9rie sobre 50 anos no Brasil"}]},{"@type":"WebSite","@id":"https:\/\/www.cidademarketing.com.br\/marketing\/#website","url":"https:\/\/www.cidademarketing.com.br\/marketing\/","name":"CidadeMarketing","description":"Somos um ve\u00edculo de comunica\u00e7\u00e3o de destaque no Brasil, reconhecido por conte\u00fados nos segmentos de marketing, empreendedorismo e inova\u00e7\u00e3o.","publisher":{"@id":"https:\/\/www.cidademarketing.com.br\/marketing\/#organization"},"alternateName":"CidadeMarketing","potentialAction":[{"@type":"SearchAction","target":{"@type":"EntryPoint","urlTemplate":"https:\/\/www.cidademarketing.com.br\/marketing\/?s={search_term_string}"},"query-input":{"@type":"PropertyValueSpecification","valueRequired":true,"valueName":"search_term_string"}}],"inLanguage":"pt-BR"},{"@type":"Organization","@id":"https:\/\/www.cidademarketing.com.br\/marketing\/#organization","name":"CidadeMarketing","alternateName":"CidadeMarketing","url":"https:\/\/www.cidademarketing.com.br\/marketing\/","logo":{"@type":"ImageObject","inLanguage":"pt-BR","@id":"https:\/\/www.cidademarketing.com.br\/marketing\/#\/schema\/logo\/image\/","url":"https:\/\/www.cidademarketing.com.br\/marketing\/wp-content\/uploads\/2020\/01\/cidademarketing_marca_mobile.png","contentUrl":"https:\/\/www.cidademarketing.com.br\/marketing\/wp-content\/uploads\/2020\/01\/cidademarketing_marca_mobile.png","width":230,"height":92,"caption":"CidadeMarketing"},"image":{"@id":"https:\/\/www.cidademarketing.com.br\/marketing\/#\/schema\/logo\/image\/"},"sameAs":["https:\/\/www.facebook.com\/portalcidademarketing","https:\/\/x.com\/CidadeMarketing","https:\/\/www.instagram.com\/cidademarketing\/"]},{"@type":"Person","@id":"https:\/\/www.cidademarketing.com.br\/marketing\/#\/schema\/person\/02daff9f18bd9378c9e01eb6b2db155f","name":"Thales Brand\u00e3o","image":{"@type":"ImageObject","inLanguage":"pt-BR","@id":"https:\/\/secure.gravatar.com\/avatar\/7ca3206950207cc3cb48feec56a8a7898741ab725c368d99d5d7a5a50aab80c6?s=96&d=mm&r=g","url":"https:\/\/secure.gravatar.com\/avatar\/7ca3206950207cc3cb48feec56a8a7898741ab725c368d99d5d7a5a50aab80c6?s=96&d=mm&r=g","contentUrl":"https:\/\/secure.gravatar.com\/avatar\/7ca3206950207cc3cb48feec56a8a7898741ab725c368d99d5d7a5a50aab80c6?s=96&d=mm&r=g","caption":"Thales Brand\u00e3o"},"description":"Editor Executivo do Portal CidadeMarketing.com.br &gt; Mestre em Comunica\u00e7\u00e3o e Sociedade pela Universidade Federal de Sergipe. Possui MBA Executivo em Administra\u00e7\u00e3o com \u00eanfase em Marketing pela Funda\u00e7\u00e3o Get\u00falio Vargas - Rio de Janeiro. Consultor, Palestrante e Pesquisador sobre Empreendedorismo, Marketing, Redes Sociais e Neg\u00f3cios Digitais. Professor, Palestrante TedxTalks e Campus Party. Twitter: @ThalesBrandao","sameAs":["http:\/\/www.mandacaru.com.br","https:\/\/www.facebook.com\/thalesbrandao","http:\/\/www.instagram.com.br\/thalesbrandaoferreira","https:\/\/www.linkedin.com\/in\/thales-brand\u00e3o-3948609\/","https:\/\/x.com\/http:\/\/www.twitter.com\/thalesbrandao"],"url":"https:\/\/www.cidademarketing.com.br\/marketing\/author\/thalesbrandao\/"}]}},"amp_enabled":true,"_links":{"self":[{"href":"https:\/\/www.cidademarketing.com.br\/marketing\/wp-json\/wp\/v2\/posts\/33476","targetHints":{"allow":["GET"]}}],"collection":[{"href":"https:\/\/www.cidademarketing.com.br\/marketing\/wp-json\/wp\/v2\/posts"}],"about":[{"href":"https:\/\/www.cidademarketing.com.br\/marketing\/wp-json\/wp\/v2\/types\/post"}],"author":[{"embeddable":true,"href":"https:\/\/www.cidademarketing.com.br\/marketing\/wp-json\/wp\/v2\/users\/1"}],"replies":[{"embeddable":true,"href":"https:\/\/www.cidademarketing.com.br\/marketing\/wp-json\/wp\/v2\/comments?post=33476"}],"version-history":[{"count":1,"href":"https:\/\/www.cidademarketing.com.br\/marketing\/wp-json\/wp\/v2\/posts\/33476\/revisions"}],"predecessor-version":[{"id":33478,"href":"https:\/\/www.cidademarketing.com.br\/marketing\/wp-json\/wp\/v2\/posts\/33476\/revisions\/33478"}],"wp:featuredmedia":[{"embeddable":true,"href":"https:\/\/www.cidademarketing.com.br\/marketing\/wp-json\/wp\/v2\/media\/33477"}],"wp:attachment":[{"href":"https:\/\/www.cidademarketing.com.br\/marketing\/wp-json\/wp\/v2\/media?parent=33476"}],"wp:term":[{"taxonomy":"category","embeddable":true,"href":"https:\/\/www.cidademarketing.com.br\/marketing\/wp-json\/wp\/v2\/categories?post=33476"},{"taxonomy":"post_tag","embeddable":true,"href":"https:\/\/www.cidademarketing.com.br\/marketing\/wp-json\/wp\/v2\/tags?post=33476"}],"curies":[{"name":"wp","href":"https:\/\/api.w.org\/{rel}","templated":true}]}}