{"id":33347,"date":"2021-12-22T18:04:32","date_gmt":"2021-12-22T21:04:32","guid":{"rendered":"https:\/\/www.cidademarketing.com.br\/marketing\/?p=33347"},"modified":"2021-12-22T18:04:32","modified_gmt":"2021-12-22T21:04:32","slug":"detran-sp-lanca-campanha-de-veraoas-ferias-estao-de-volta-com-dicas-de-seguranca-viaria","status":"publish","type":"post","link":"https:\/\/www.cidademarketing.com.br\/marketing\/2021\/12\/22\/detran-sp-lanca-campanha-de-veraoas-ferias-estao-de-volta-com-dicas-de-seguranca-viaria\/","title":{"rendered":"Detran.SP lan\u00e7a campanha de ver\u00e3o\u201cas f\u00e9rias est\u00e3o de volta\u201d com dicas de seguran\u00e7a vi\u00e1ria"},"content":{"rendered":"<p><iframe src=\"https:\/\/open.spotify.com\/embed\/show\/4khMKzP3FgFRWVwb73xicc\" width=\"100%\" height=\"232\" frameborder=\"0\"><\/iframe><br \/>\nEle est\u00e1 de volta! O ator\u00a0Wandi\u00a0Doratiotto, conhecido por mostrar de forma simples e did\u00e1tica as facilidades dos servi\u00e7os digitais do Detran.SP, \u00e9 o personagem principal da nova campanha publicit\u00e1ria do Departamento de Tr\u00e2nsito de S\u00e3o Paulo (Detran.SP). Com dicas de seguran\u00e7a vi\u00e1ria para uma viagem tranquila, o lan\u00e7amento de \u201cas f\u00e9rias est\u00e3o de volta\u201d acontecer\u00e1 nesta quinta-feira (23) na TV, redes sociais e no canal do Detran Digital.<\/p>\n<p><a href=\"https:\/\/www.youtube.com\/watch?v=d1DRw2ObhXY&#038;feature=youtu.be\">https:\/\/www.youtube.com\/watch?v=d1DRw2ObhXY&amp;feature=youtu.be<\/a><\/p>\n<p>Com o foco nas viagens de fim ano e f\u00e9rias, o objetivo da a\u00e7\u00e3o \u00e9 reduzir o n\u00famero de acidentes de tr\u00e2nsito nas vias, o Detran.SP destaca a import\u00e2ncia de lan\u00e7ar a campanha como um alerta importante, para que todos aproveitem suas viagens e se divirtam, sem tirar a aten\u00e7\u00e3o do trajeto.<\/p>\n<p>\u201cA proposta da campanha \u00e9 mostrar, em detalhes, o conceito de ir e voltar as f\u00e9rias com seguran\u00e7a para casa. Contamos mais uma vez com o carisma do Wandi, que passa as mensagens de seguran\u00e7a de forma muito did\u00e1tica e leve\u201d,\u00a0afirma Neto Mascellani, diretor-presidente do Detran.SP.<\/p>\n<p>A pe\u00e7a, criada pela Ag\u00eancia Babel-Azza, traz pontos de alerta como revisar o carro, respeitar o limite de velocidade, jamais beber e dirigir, utilizar o cinto de seguran\u00e7a inclusive no banco de tr\u00e1s e colocar crian\u00e7as pequenas e beb\u00eas em cadeirinhas.<\/p>\n<p>O s\u00f3cio e diretor de cria\u00e7\u00e3o da ag\u00eancia Babel-Azza, Danilo Moraes, destacou o conceito da a\u00e7\u00e3o: \u201cA campanha adota um tom positivo, para engajar a todos sem assustar. E coloca a \u00eanfase em todas as atitudes de seguran\u00e7a que precisam ser adotadas e seguidas para viagens seguras com as fam\u00edlias.\u201d<\/p>\n<p><iframe style=\"width: 100%; max-width: 660px; overflow: hidden; background: transparent;\" src=\"https:\/\/embed.podcasts.apple.com\/br\/podcast\/podcast-cidademarketing\/id1371923283\" height=\"450\" frameborder=\"0\" sandbox=\"allow-forms allow-popups allow-same-origin allow-scripts allow-storage-access-by-user-activation allow-top-navigation-by-user-activation\"><\/iframe><\/p>\n","protected":false},"excerpt":{"rendered":"<p>Ele est\u00e1 de volta! O ator\u00a0Wandi\u00a0Doratiotto, conhecido por mostrar de forma simples e did\u00e1tica as facilidades dos servi\u00e7os digitais do Detran.SP, \u00e9 o personagem principal da nova campanha publicit\u00e1ria do Departamento de Tr\u00e2nsito de S\u00e3o Paulo (Detran.SP). Com dicas de seguran\u00e7a vi\u00e1ria para uma viagem tranquila, o lan\u00e7amento de \u201cas f\u00e9rias est\u00e3o de volta\u201d acontecer\u00e1 [&hellip;]<\/p>\n","protected":false},"author":1,"featured_media":33348,"comment_status":"open","ping_status":"open","sticky":false,"template":"","format":"standard","meta":{"tdm_status":"","tdm_grid_status":"","footnotes":""},"categories":[6],"tags":[65,5090,33,28],"class_list":["post-33347","post","type-post","status-publish","format-standard","has-post-thumbnail","hentry","category-noticias","tag-campanha","tag-detransp","tag-estrategia","tag-marketing"],"yoast_head":"<!-- This site is optimized with the Yoast SEO plugin v27.5 - https:\/\/yoast.com\/product\/yoast-seo-wordpress\/ -->\n<title>Detran.SP lan\u00e7a campanha de ver\u00e3o\u201cas f\u00e9rias est\u00e3o de volta\u201d com dicas de seguran\u00e7a vi\u00e1ria - CidadeMarketing<\/title>\n<meta name=\"robots\" content=\"index, follow, max-snippet:-1, max-image-preview:large, max-video-preview:-1\" \/>\n<link rel=\"canonical\" href=\"https:\/\/www.cidademarketing.com.br\/marketing\/2021\/12\/22\/detran-sp-lanca-campanha-de-veraoas-ferias-estao-de-volta-com-dicas-de-seguranca-viaria\/\" \/>\n<meta property=\"og:locale\" content=\"pt_BR\" \/>\n<meta property=\"og:type\" content=\"article\" \/>\n<meta property=\"og:title\" content=\"Detran.SP lan\u00e7a campanha de ver\u00e3o\u201cas f\u00e9rias est\u00e3o de volta\u201d com dicas de seguran\u00e7a vi\u00e1ria - CidadeMarketing\" \/>\n<meta property=\"og:description\" content=\"Ele est\u00e1 de volta! O ator\u00a0Wandi\u00a0Doratiotto, conhecido por mostrar de forma simples e did\u00e1tica as facilidades dos servi\u00e7os digitais do Detran.SP, \u00e9 o personagem principal da nova campanha publicit\u00e1ria do Departamento de Tr\u00e2nsito de S\u00e3o Paulo (Detran.SP). Com dicas de seguran\u00e7a vi\u00e1ria para uma viagem tranquila, o lan\u00e7amento de \u201cas f\u00e9rias est\u00e3o de volta\u201d acontecer\u00e1 [&hellip;]\" \/>\n<meta property=\"og:url\" content=\"https:\/\/www.cidademarketing.com.br\/marketing\/2021\/12\/22\/detran-sp-lanca-campanha-de-veraoas-ferias-estao-de-volta-com-dicas-de-seguranca-viaria\/\" \/>\n<meta property=\"og:site_name\" content=\"CidadeMarketing\" \/>\n<meta property=\"article:publisher\" content=\"https:\/\/www.facebook.com\/portalcidademarketing\" \/>\n<meta property=\"article:author\" content=\"https:\/\/www.facebook.com\/thalesbrandao\" \/>\n<meta property=\"article:published_time\" content=\"2021-12-22T21:04:32+00:00\" \/>\n<meta property=\"og:image\" content=\"https:\/\/www.cidademarketing.com.br\/marketing\/wp-content\/uploads\/2021\/12\/detransp.jpg\" \/>\n\t<meta property=\"og:image:width\" content=\"1280\" \/>\n\t<meta property=\"og:image:height\" content=\"852\" \/>\n\t<meta property=\"og:image:type\" content=\"image\/jpeg\" \/>\n<meta name=\"author\" content=\"Thales Brand\u00e3o\" \/>\n<meta name=\"twitter:card\" content=\"summary_large_image\" \/>\n<meta name=\"twitter:creator\" content=\"@http:\/\/www.twitter.com\/thalesbrandao\" \/>\n<meta name=\"twitter:site\" content=\"@CidadeMarketing\" \/>\n<meta name=\"twitter:label1\" content=\"Escrito por\" \/>\n\t<meta name=\"twitter:data1\" content=\"Thales Brand\u00e3o\" \/>\n\t<meta name=\"twitter:label2\" content=\"Est. tempo de leitura\" \/>\n\t<meta name=\"twitter:data2\" content=\"2 minutos\" \/>\n<script type=\"application\/ld+json\" class=\"yoast-schema-graph\">{\"@context\":\"https:\\\/\\\/schema.org\",\"@graph\":[{\"@type\":\"Article\",\"@id\":\"https:\\\/\\\/www.cidademarketing.com.br\\\/marketing\\\/2021\\\/12\\\/22\\\/detran-sp-lanca-campanha-de-veraoas-ferias-estao-de-volta-com-dicas-de-seguranca-viaria\\\/#article\",\"isPartOf\":{\"@id\":\"https:\\\/\\\/www.cidademarketing.com.br\\\/marketing\\\/2021\\\/12\\\/22\\\/detran-sp-lanca-campanha-de-veraoas-ferias-estao-de-volta-com-dicas-de-seguranca-viaria\\\/\"},\"author\":{\"name\":\"Thales Brand\u00e3o\",\"@id\":\"https:\\\/\\\/www.cidademarketing.com.br\\\/marketing\\\/#\\\/schema\\\/person\\\/02daff9f18bd9378c9e01eb6b2db155f\"},\"headline\":\"Detran.SP lan\u00e7a campanha de ver\u00e3o\u201cas f\u00e9rias est\u00e3o de volta\u201d com dicas de seguran\u00e7a vi\u00e1ria\",\"datePublished\":\"2021-12-22T21:04:32+00:00\",\"mainEntityOfPage\":{\"@id\":\"https:\\\/\\\/www.cidademarketing.com.br\\\/marketing\\\/2021\\\/12\\\/22\\\/detran-sp-lanca-campanha-de-veraoas-ferias-estao-de-volta-com-dicas-de-seguranca-viaria\\\/\"},\"wordCount\":329,\"commentCount\":0,\"publisher\":{\"@id\":\"https:\\\/\\\/www.cidademarketing.com.br\\\/marketing\\\/#organization\"},\"image\":{\"@id\":\"https:\\\/\\\/www.cidademarketing.com.br\\\/marketing\\\/2021\\\/12\\\/22\\\/detran-sp-lanca-campanha-de-veraoas-ferias-estao-de-volta-com-dicas-de-seguranca-viaria\\\/#primaryimage\"},\"thumbnailUrl\":\"https:\\\/\\\/www.cidademarketing.com.br\\\/marketing\\\/wp-content\\\/uploads\\\/2021\\\/12\\\/detransp.jpg\",\"keywords\":[\"campanha\",\"DetranSP\",\"estrat\u00e9gia\",\"marketing\"],\"articleSection\":[\"Not\u00edcias\"],\"inLanguage\":\"pt-BR\",\"potentialAction\":[{\"@type\":\"CommentAction\",\"name\":\"Comment\",\"target\":[\"https:\\\/\\\/www.cidademarketing.com.br\\\/marketing\\\/2021\\\/12\\\/22\\\/detran-sp-lanca-campanha-de-veraoas-ferias-estao-de-volta-com-dicas-de-seguranca-viaria\\\/#respond\"]}]},{\"@type\":\"WebPage\",\"@id\":\"https:\\\/\\\/www.cidademarketing.com.br\\\/marketing\\\/2021\\\/12\\\/22\\\/detran-sp-lanca-campanha-de-veraoas-ferias-estao-de-volta-com-dicas-de-seguranca-viaria\\\/\",\"url\":\"https:\\\/\\\/www.cidademarketing.com.br\\\/marketing\\\/2021\\\/12\\\/22\\\/detran-sp-lanca-campanha-de-veraoas-ferias-estao-de-volta-com-dicas-de-seguranca-viaria\\\/\",\"name\":\"Detran.SP lan\u00e7a campanha de ver\u00e3o\u201cas f\u00e9rias est\u00e3o de volta\u201d com dicas de seguran\u00e7a vi\u00e1ria - CidadeMarketing\",\"isPartOf\":{\"@id\":\"https:\\\/\\\/www.cidademarketing.com.br\\\/marketing\\\/#website\"},\"primaryImageOfPage\":{\"@id\":\"https:\\\/\\\/www.cidademarketing.com.br\\\/marketing\\\/2021\\\/12\\\/22\\\/detran-sp-lanca-campanha-de-veraoas-ferias-estao-de-volta-com-dicas-de-seguranca-viaria\\\/#primaryimage\"},\"image\":{\"@id\":\"https:\\\/\\\/www.cidademarketing.com.br\\\/marketing\\\/2021\\\/12\\\/22\\\/detran-sp-lanca-campanha-de-veraoas-ferias-estao-de-volta-com-dicas-de-seguranca-viaria\\\/#primaryimage\"},\"thumbnailUrl\":\"https:\\\/\\\/www.cidademarketing.com.br\\\/marketing\\\/wp-content\\\/uploads\\\/2021\\\/12\\\/detransp.jpg\",\"datePublished\":\"2021-12-22T21:04:32+00:00\",\"breadcrumb\":{\"@id\":\"https:\\\/\\\/www.cidademarketing.com.br\\\/marketing\\\/2021\\\/12\\\/22\\\/detran-sp-lanca-campanha-de-veraoas-ferias-estao-de-volta-com-dicas-de-seguranca-viaria\\\/#breadcrumb\"},\"inLanguage\":\"pt-BR\",\"potentialAction\":[{\"@type\":\"ReadAction\",\"target\":[\"https:\\\/\\\/www.cidademarketing.com.br\\\/marketing\\\/2021\\\/12\\\/22\\\/detran-sp-lanca-campanha-de-veraoas-ferias-estao-de-volta-com-dicas-de-seguranca-viaria\\\/\"]}]},{\"@type\":\"ImageObject\",\"inLanguage\":\"pt-BR\",\"@id\":\"https:\\\/\\\/www.cidademarketing.com.br\\\/marketing\\\/2021\\\/12\\\/22\\\/detran-sp-lanca-campanha-de-veraoas-ferias-estao-de-volta-com-dicas-de-seguranca-viaria\\\/#primaryimage\",\"url\":\"https:\\\/\\\/www.cidademarketing.com.br\\\/marketing\\\/wp-content\\\/uploads\\\/2021\\\/12\\\/detransp.jpg\",\"contentUrl\":\"https:\\\/\\\/www.cidademarketing.com.br\\\/marketing\\\/wp-content\\\/uploads\\\/2021\\\/12\\\/detransp.jpg\",\"width\":1280,\"height\":852,\"caption\":\"Divulga\u00e7\u00e3o\"},{\"@type\":\"BreadcrumbList\",\"@id\":\"https:\\\/\\\/www.cidademarketing.com.br\\\/marketing\\\/2021\\\/12\\\/22\\\/detran-sp-lanca-campanha-de-veraoas-ferias-estao-de-volta-com-dicas-de-seguranca-viaria\\\/#breadcrumb\",\"itemListElement\":[{\"@type\":\"ListItem\",\"position\":1,\"name\":\"In\u00edcio\",\"item\":\"https:\\\/\\\/www.cidademarketing.com.br\\\/marketing\\\/\"},{\"@type\":\"ListItem\",\"position\":2,\"name\":\"Detran.SP lan\u00e7a campanha de ver\u00e3o\u201cas f\u00e9rias est\u00e3o de volta\u201d com dicas de seguran\u00e7a vi\u00e1ria\"}]},{\"@type\":\"WebSite\",\"@id\":\"https:\\\/\\\/www.cidademarketing.com.br\\\/marketing\\\/#website\",\"url\":\"https:\\\/\\\/www.cidademarketing.com.br\\\/marketing\\\/\",\"name\":\"CidadeMarketing\",\"description\":\"Somos um ve\u00edculo de comunica\u00e7\u00e3o de destaque no Brasil, reconhecido por conte\u00fados nos segmentos de marketing, empreendedorismo e inova\u00e7\u00e3o.\",\"publisher\":{\"@id\":\"https:\\\/\\\/www.cidademarketing.com.br\\\/marketing\\\/#organization\"},\"alternateName\":\"CidadeMarketing\",\"potentialAction\":[{\"@type\":\"SearchAction\",\"target\":{\"@type\":\"EntryPoint\",\"urlTemplate\":\"https:\\\/\\\/www.cidademarketing.com.br\\\/marketing\\\/?s={search_term_string}\"},\"query-input\":{\"@type\":\"PropertyValueSpecification\",\"valueRequired\":true,\"valueName\":\"search_term_string\"}}],\"inLanguage\":\"pt-BR\"},{\"@type\":\"Organization\",\"@id\":\"https:\\\/\\\/www.cidademarketing.com.br\\\/marketing\\\/#organization\",\"name\":\"CidadeMarketing\",\"alternateName\":\"CidadeMarketing\",\"url\":\"https:\\\/\\\/www.cidademarketing.com.br\\\/marketing\\\/\",\"logo\":{\"@type\":\"ImageObject\",\"inLanguage\":\"pt-BR\",\"@id\":\"https:\\\/\\\/www.cidademarketing.com.br\\\/marketing\\\/#\\\/schema\\\/logo\\\/image\\\/\",\"url\":\"https:\\\/\\\/www.cidademarketing.com.br\\\/marketing\\\/wp-content\\\/uploads\\\/2020\\\/01\\\/cidademarketing_marca_mobile.png\",\"contentUrl\":\"https:\\\/\\\/www.cidademarketing.com.br\\\/marketing\\\/wp-content\\\/uploads\\\/2020\\\/01\\\/cidademarketing_marca_mobile.png\",\"width\":230,\"height\":92,\"caption\":\"CidadeMarketing\"},\"image\":{\"@id\":\"https:\\\/\\\/www.cidademarketing.com.br\\\/marketing\\\/#\\\/schema\\\/logo\\\/image\\\/\"},\"sameAs\":[\"https:\\\/\\\/www.facebook.com\\\/portalcidademarketing\",\"https:\\\/\\\/x.com\\\/CidadeMarketing\",\"https:\\\/\\\/www.instagram.com\\\/cidademarketing\\\/\"]},{\"@type\":\"Person\",\"@id\":\"https:\\\/\\\/www.cidademarketing.com.br\\\/marketing\\\/#\\\/schema\\\/person\\\/02daff9f18bd9378c9e01eb6b2db155f\",\"name\":\"Thales Brand\u00e3o\",\"image\":{\"@type\":\"ImageObject\",\"inLanguage\":\"pt-BR\",\"@id\":\"https:\\\/\\\/secure.gravatar.com\\\/avatar\\\/7ca3206950207cc3cb48feec56a8a7898741ab725c368d99d5d7a5a50aab80c6?s=96&d=mm&r=g\",\"url\":\"https:\\\/\\\/secure.gravatar.com\\\/avatar\\\/7ca3206950207cc3cb48feec56a8a7898741ab725c368d99d5d7a5a50aab80c6?s=96&d=mm&r=g\",\"contentUrl\":\"https:\\\/\\\/secure.gravatar.com\\\/avatar\\\/7ca3206950207cc3cb48feec56a8a7898741ab725c368d99d5d7a5a50aab80c6?s=96&d=mm&r=g\",\"caption\":\"Thales Brand\u00e3o\"},\"description\":\"Editor Executivo do Portal CidadeMarketing.com.br &gt; Mestre em Comunica\u00e7\u00e3o e Sociedade pela Universidade Federal de Sergipe. Possui MBA Executivo em Administra\u00e7\u00e3o com \u00eanfase em Marketing pela Funda\u00e7\u00e3o Get\u00falio Vargas - Rio de Janeiro. Consultor, Palestrante e Pesquisador sobre Empreendedorismo, Marketing, Redes Sociais e Neg\u00f3cios Digitais. Professor, Palestrante TedxTalks e Campus Party. Twitter: @ThalesBrandao\",\"sameAs\":[\"http:\\\/\\\/www.mandacaru.com.br\",\"https:\\\/\\\/www.facebook.com\\\/thalesbrandao\",\"http:\\\/\\\/www.instagram.com.br\\\/thalesbrandaoferreira\",\"https:\\\/\\\/www.linkedin.com\\\/in\\\/thales-brand\u00e3o-3948609\\\/\",\"https:\\\/\\\/x.com\\\/http:\\\/\\\/www.twitter.com\\\/thalesbrandao\"],\"url\":\"https:\\\/\\\/www.cidademarketing.com.br\\\/marketing\\\/author\\\/thalesbrandao\\\/\"}]}<\/script>\n<!-- \/ Yoast SEO plugin. -->","yoast_head_json":{"title":"Detran.SP lan\u00e7a campanha de ver\u00e3o\u201cas f\u00e9rias est\u00e3o de volta\u201d com dicas de seguran\u00e7a vi\u00e1ria - CidadeMarketing","robots":{"index":"index","follow":"follow","max-snippet":"max-snippet:-1","max-image-preview":"max-image-preview:large","max-video-preview":"max-video-preview:-1"},"canonical":"https:\/\/www.cidademarketing.com.br\/marketing\/2021\/12\/22\/detran-sp-lanca-campanha-de-veraoas-ferias-estao-de-volta-com-dicas-de-seguranca-viaria\/","og_locale":"pt_BR","og_type":"article","og_title":"Detran.SP lan\u00e7a campanha de ver\u00e3o\u201cas f\u00e9rias est\u00e3o de volta\u201d com dicas de seguran\u00e7a vi\u00e1ria - CidadeMarketing","og_description":"Ele est\u00e1 de volta! O ator\u00a0Wandi\u00a0Doratiotto, conhecido por mostrar de forma simples e did\u00e1tica as facilidades dos servi\u00e7os digitais do Detran.SP, \u00e9 o personagem principal da nova campanha publicit\u00e1ria do Departamento de Tr\u00e2nsito de S\u00e3o Paulo (Detran.SP). Com dicas de seguran\u00e7a vi\u00e1ria para uma viagem tranquila, o lan\u00e7amento de \u201cas f\u00e9rias est\u00e3o de volta\u201d acontecer\u00e1 [&hellip;]","og_url":"https:\/\/www.cidademarketing.com.br\/marketing\/2021\/12\/22\/detran-sp-lanca-campanha-de-veraoas-ferias-estao-de-volta-com-dicas-de-seguranca-viaria\/","og_site_name":"CidadeMarketing","article_publisher":"https:\/\/www.facebook.com\/portalcidademarketing","article_author":"https:\/\/www.facebook.com\/thalesbrandao","article_published_time":"2021-12-22T21:04:32+00:00","og_image":[{"width":1280,"height":852,"url":"https:\/\/www.cidademarketing.com.br\/marketing\/wp-content\/uploads\/2021\/12\/detransp.jpg","type":"image\/jpeg"}],"author":"Thales Brand\u00e3o","twitter_card":"summary_large_image","twitter_creator":"@http:\/\/www.twitter.com\/thalesbrandao","twitter_site":"@CidadeMarketing","twitter_misc":{"Escrito por":"Thales Brand\u00e3o","Est. tempo de leitura":"2 minutos"},"schema":{"@context":"https:\/\/schema.org","@graph":[{"@type":"Article","@id":"https:\/\/www.cidademarketing.com.br\/marketing\/2021\/12\/22\/detran-sp-lanca-campanha-de-veraoas-ferias-estao-de-volta-com-dicas-de-seguranca-viaria\/#article","isPartOf":{"@id":"https:\/\/www.cidademarketing.com.br\/marketing\/2021\/12\/22\/detran-sp-lanca-campanha-de-veraoas-ferias-estao-de-volta-com-dicas-de-seguranca-viaria\/"},"author":{"name":"Thales Brand\u00e3o","@id":"https:\/\/www.cidademarketing.com.br\/marketing\/#\/schema\/person\/02daff9f18bd9378c9e01eb6b2db155f"},"headline":"Detran.SP lan\u00e7a campanha de ver\u00e3o\u201cas f\u00e9rias est\u00e3o de volta\u201d com dicas de seguran\u00e7a vi\u00e1ria","datePublished":"2021-12-22T21:04:32+00:00","mainEntityOfPage":{"@id":"https:\/\/www.cidademarketing.com.br\/marketing\/2021\/12\/22\/detran-sp-lanca-campanha-de-veraoas-ferias-estao-de-volta-com-dicas-de-seguranca-viaria\/"},"wordCount":329,"commentCount":0,"publisher":{"@id":"https:\/\/www.cidademarketing.com.br\/marketing\/#organization"},"image":{"@id":"https:\/\/www.cidademarketing.com.br\/marketing\/2021\/12\/22\/detran-sp-lanca-campanha-de-veraoas-ferias-estao-de-volta-com-dicas-de-seguranca-viaria\/#primaryimage"},"thumbnailUrl":"https:\/\/www.cidademarketing.com.br\/marketing\/wp-content\/uploads\/2021\/12\/detransp.jpg","keywords":["campanha","DetranSP","estrat\u00e9gia","marketing"],"articleSection":["Not\u00edcias"],"inLanguage":"pt-BR","potentialAction":[{"@type":"CommentAction","name":"Comment","target":["https:\/\/www.cidademarketing.com.br\/marketing\/2021\/12\/22\/detran-sp-lanca-campanha-de-veraoas-ferias-estao-de-volta-com-dicas-de-seguranca-viaria\/#respond"]}]},{"@type":"WebPage","@id":"https:\/\/www.cidademarketing.com.br\/marketing\/2021\/12\/22\/detran-sp-lanca-campanha-de-veraoas-ferias-estao-de-volta-com-dicas-de-seguranca-viaria\/","url":"https:\/\/www.cidademarketing.com.br\/marketing\/2021\/12\/22\/detran-sp-lanca-campanha-de-veraoas-ferias-estao-de-volta-com-dicas-de-seguranca-viaria\/","name":"Detran.SP lan\u00e7a campanha de ver\u00e3o\u201cas f\u00e9rias est\u00e3o de volta\u201d com dicas de seguran\u00e7a vi\u00e1ria - CidadeMarketing","isPartOf":{"@id":"https:\/\/www.cidademarketing.com.br\/marketing\/#website"},"primaryImageOfPage":{"@id":"https:\/\/www.cidademarketing.com.br\/marketing\/2021\/12\/22\/detran-sp-lanca-campanha-de-veraoas-ferias-estao-de-volta-com-dicas-de-seguranca-viaria\/#primaryimage"},"image":{"@id":"https:\/\/www.cidademarketing.com.br\/marketing\/2021\/12\/22\/detran-sp-lanca-campanha-de-veraoas-ferias-estao-de-volta-com-dicas-de-seguranca-viaria\/#primaryimage"},"thumbnailUrl":"https:\/\/www.cidademarketing.com.br\/marketing\/wp-content\/uploads\/2021\/12\/detransp.jpg","datePublished":"2021-12-22T21:04:32+00:00","breadcrumb":{"@id":"https:\/\/www.cidademarketing.com.br\/marketing\/2021\/12\/22\/detran-sp-lanca-campanha-de-veraoas-ferias-estao-de-volta-com-dicas-de-seguranca-viaria\/#breadcrumb"},"inLanguage":"pt-BR","potentialAction":[{"@type":"ReadAction","target":["https:\/\/www.cidademarketing.com.br\/marketing\/2021\/12\/22\/detran-sp-lanca-campanha-de-veraoas-ferias-estao-de-volta-com-dicas-de-seguranca-viaria\/"]}]},{"@type":"ImageObject","inLanguage":"pt-BR","@id":"https:\/\/www.cidademarketing.com.br\/marketing\/2021\/12\/22\/detran-sp-lanca-campanha-de-veraoas-ferias-estao-de-volta-com-dicas-de-seguranca-viaria\/#primaryimage","url":"https:\/\/www.cidademarketing.com.br\/marketing\/wp-content\/uploads\/2021\/12\/detransp.jpg","contentUrl":"https:\/\/www.cidademarketing.com.br\/marketing\/wp-content\/uploads\/2021\/12\/detransp.jpg","width":1280,"height":852,"caption":"Divulga\u00e7\u00e3o"},{"@type":"BreadcrumbList","@id":"https:\/\/www.cidademarketing.com.br\/marketing\/2021\/12\/22\/detran-sp-lanca-campanha-de-veraoas-ferias-estao-de-volta-com-dicas-de-seguranca-viaria\/#breadcrumb","itemListElement":[{"@type":"ListItem","position":1,"name":"In\u00edcio","item":"https:\/\/www.cidademarketing.com.br\/marketing\/"},{"@type":"ListItem","position":2,"name":"Detran.SP lan\u00e7a campanha de ver\u00e3o\u201cas f\u00e9rias est\u00e3o de volta\u201d com dicas de seguran\u00e7a vi\u00e1ria"}]},{"@type":"WebSite","@id":"https:\/\/www.cidademarketing.com.br\/marketing\/#website","url":"https:\/\/www.cidademarketing.com.br\/marketing\/","name":"CidadeMarketing","description":"Somos um ve\u00edculo de comunica\u00e7\u00e3o de destaque no Brasil, reconhecido por conte\u00fados nos segmentos de marketing, empreendedorismo e inova\u00e7\u00e3o.","publisher":{"@id":"https:\/\/www.cidademarketing.com.br\/marketing\/#organization"},"alternateName":"CidadeMarketing","potentialAction":[{"@type":"SearchAction","target":{"@type":"EntryPoint","urlTemplate":"https:\/\/www.cidademarketing.com.br\/marketing\/?s={search_term_string}"},"query-input":{"@type":"PropertyValueSpecification","valueRequired":true,"valueName":"search_term_string"}}],"inLanguage":"pt-BR"},{"@type":"Organization","@id":"https:\/\/www.cidademarketing.com.br\/marketing\/#organization","name":"CidadeMarketing","alternateName":"CidadeMarketing","url":"https:\/\/www.cidademarketing.com.br\/marketing\/","logo":{"@type":"ImageObject","inLanguage":"pt-BR","@id":"https:\/\/www.cidademarketing.com.br\/marketing\/#\/schema\/logo\/image\/","url":"https:\/\/www.cidademarketing.com.br\/marketing\/wp-content\/uploads\/2020\/01\/cidademarketing_marca_mobile.png","contentUrl":"https:\/\/www.cidademarketing.com.br\/marketing\/wp-content\/uploads\/2020\/01\/cidademarketing_marca_mobile.png","width":230,"height":92,"caption":"CidadeMarketing"},"image":{"@id":"https:\/\/www.cidademarketing.com.br\/marketing\/#\/schema\/logo\/image\/"},"sameAs":["https:\/\/www.facebook.com\/portalcidademarketing","https:\/\/x.com\/CidadeMarketing","https:\/\/www.instagram.com\/cidademarketing\/"]},{"@type":"Person","@id":"https:\/\/www.cidademarketing.com.br\/marketing\/#\/schema\/person\/02daff9f18bd9378c9e01eb6b2db155f","name":"Thales Brand\u00e3o","image":{"@type":"ImageObject","inLanguage":"pt-BR","@id":"https:\/\/secure.gravatar.com\/avatar\/7ca3206950207cc3cb48feec56a8a7898741ab725c368d99d5d7a5a50aab80c6?s=96&d=mm&r=g","url":"https:\/\/secure.gravatar.com\/avatar\/7ca3206950207cc3cb48feec56a8a7898741ab725c368d99d5d7a5a50aab80c6?s=96&d=mm&r=g","contentUrl":"https:\/\/secure.gravatar.com\/avatar\/7ca3206950207cc3cb48feec56a8a7898741ab725c368d99d5d7a5a50aab80c6?s=96&d=mm&r=g","caption":"Thales Brand\u00e3o"},"description":"Editor Executivo do Portal CidadeMarketing.com.br &gt; Mestre em Comunica\u00e7\u00e3o e Sociedade pela Universidade Federal de Sergipe. Possui MBA Executivo em Administra\u00e7\u00e3o com \u00eanfase em Marketing pela Funda\u00e7\u00e3o Get\u00falio Vargas - Rio de Janeiro. Consultor, Palestrante e Pesquisador sobre Empreendedorismo, Marketing, Redes Sociais e Neg\u00f3cios Digitais. Professor, Palestrante TedxTalks e Campus Party. Twitter: @ThalesBrandao","sameAs":["http:\/\/www.mandacaru.com.br","https:\/\/www.facebook.com\/thalesbrandao","http:\/\/www.instagram.com.br\/thalesbrandaoferreira","https:\/\/www.linkedin.com\/in\/thales-brand\u00e3o-3948609\/","https:\/\/x.com\/http:\/\/www.twitter.com\/thalesbrandao"],"url":"https:\/\/www.cidademarketing.com.br\/marketing\/author\/thalesbrandao\/"}]}},"amp_enabled":true,"_links":{"self":[{"href":"https:\/\/www.cidademarketing.com.br\/marketing\/wp-json\/wp\/v2\/posts\/33347","targetHints":{"allow":["GET"]}}],"collection":[{"href":"https:\/\/www.cidademarketing.com.br\/marketing\/wp-json\/wp\/v2\/posts"}],"about":[{"href":"https:\/\/www.cidademarketing.com.br\/marketing\/wp-json\/wp\/v2\/types\/post"}],"author":[{"embeddable":true,"href":"https:\/\/www.cidademarketing.com.br\/marketing\/wp-json\/wp\/v2\/users\/1"}],"replies":[{"embeddable":true,"href":"https:\/\/www.cidademarketing.com.br\/marketing\/wp-json\/wp\/v2\/comments?post=33347"}],"version-history":[{"count":1,"href":"https:\/\/www.cidademarketing.com.br\/marketing\/wp-json\/wp\/v2\/posts\/33347\/revisions"}],"predecessor-version":[{"id":33349,"href":"https:\/\/www.cidademarketing.com.br\/marketing\/wp-json\/wp\/v2\/posts\/33347\/revisions\/33349"}],"wp:featuredmedia":[{"embeddable":true,"href":"https:\/\/www.cidademarketing.com.br\/marketing\/wp-json\/wp\/v2\/media\/33348"}],"wp:attachment":[{"href":"https:\/\/www.cidademarketing.com.br\/marketing\/wp-json\/wp\/v2\/media?parent=33347"}],"wp:term":[{"taxonomy":"category","embeddable":true,"href":"https:\/\/www.cidademarketing.com.br\/marketing\/wp-json\/wp\/v2\/categories?post=33347"},{"taxonomy":"post_tag","embeddable":true,"href":"https:\/\/www.cidademarketing.com.br\/marketing\/wp-json\/wp\/v2\/tags?post=33347"}],"curies":[{"name":"wp","href":"https:\/\/api.w.org\/{rel}","templated":true}]}}