{"id":33338,"date":"2021-12-22T17:33:12","date_gmt":"2021-12-22T20:33:12","guid":{"rendered":"https:\/\/www.cidademarketing.com.br\/marketing\/?p=33338"},"modified":"2021-12-22T17:33:12","modified_gmt":"2021-12-22T20:33:12","slug":"acao-de-perdigao-e-destaque-com-ivete-sangalo-no-domingao-com-huck","status":"publish","type":"post","link":"https:\/\/www.cidademarketing.com.br\/marketing\/2021\/12\/22\/acao-de-perdigao-e-destaque-com-ivete-sangalo-no-domingao-com-huck\/","title":{"rendered":"A\u00e7\u00e3o de Perdig\u00e3o \u00e9 destaque com Ivete Sangalo no \u2018Doming\u00e3o com Huck\u2019"},"content":{"rendered":"<p><iframe src=\"https:\/\/open.spotify.com\/embed\/show\/4khMKzP3FgFRWVwb73xicc\" width=\"100%\" height=\"232\" frameborder=\"0\"><\/iframe><br \/>\nA campanha \u201cChester Perdig\u00e3o tem o poder de fazer o Natal acontecer\u201d ganhou um novo desdobramento durante a \u00faltima edi\u00e7\u00e3o do \u2018Doming\u00e3o com Huck\u2019 (19\/12). Na a\u00e7\u00e3o desenvolvida pela ag\u00eancia DPZ&amp;T, o apresentador destacou um v\u00eddeo com a embaixadora da marca, Ivete Sangalo, refor\u00e7ando a mensagem de que n\u00e3o h\u00e1 Natal sem Chester Perdig\u00e3o e que n\u00e3o existe nada melhor do que comer junto das pessoas que amamos.<\/p>\n<p>Huck e Ivete tamb\u00e9m comentaram sobre a sexta edi\u00e7\u00e3o anual da doa\u00e7\u00e3o de Chester em todo o Brasil, que busca beneficiar fam\u00edlias cadastradas nas institui\u00e7\u00f5es atendidas pelo Mesa Brasil Sesc \u2013 programa de combate \u00e0 fome e ao desperd\u00edcio do Servi\u00e7o Social do Com\u00e9rcio (Sesc). Na sequ\u00eancia, todos na plateia receberam Chester Perdig\u00e3o. No dia seguinte, Ivete ainda postou sobre a a\u00e7\u00e3o em suas redes sociais.<\/p>\n<p>\u201cEstamos empenhados em trazer diferentes ativa\u00e7\u00f5es para nossa campanha nesse que \u00e9 um dos Natais mais esperados pelo p\u00fablico. Por isso, criamos essa iniciativa em um dos programas mais cl\u00e1ssicos da televis\u00e3o junto com a nossa embaixadora para mostrar o quanto as doa\u00e7\u00f5es podem transformar uma das \u00e9pocas mais queridas e solid\u00e1rias do ano. Afinal, se tem Chester, tem Natal\u201d, comenta Luciana Bulau, gerente executiva da Perdig\u00e3o.<\/p>\n<p>A campanha tamb\u00e9m conta com quatro filmes que j\u00e1 est\u00e3o no ar desde o in\u00edcio do m\u00eas. Nele, Ivete Sangalo est\u00e1 reunida com sua fam\u00edlia na noite da v\u00e9spera de Natal. A ativa\u00e7\u00e3o tem desdobramentos na TV aberta e no online. Para completar a celebra\u00e7\u00e3o, Perdig\u00e3o traz os lan\u00e7amentos Lasanha Chester e Chester Na Brasa \u00e0 sua linha de comemorativos.<\/p>\n<p><iframe title=\"Chester tem o poder de fazer o Natal acontecer\" width=\"640\" height=\"360\" src=\"https:\/\/www.youtube.com\/embed\/7xd_TaFwfFw?feature=oembed\" frameborder=\"0\" allow=\"accelerometer; autoplay; clipboard-write; encrypted-media; gyroscope; picture-in-picture; web-share\" referrerpolicy=\"strict-origin-when-cross-origin\" allowfullscreen><\/iframe><\/p>\n<p>&nbsp;<\/p>\n<p>Toda a produ\u00e7\u00e3o da campanha \u201cChester Perdig\u00e3o tem o poder de fazer o Natal acontecer\u201d respeitou os devidos protocolos de seguran\u00e7a estipulados pelos \u00f3rg\u00e3os de sa\u00fade. Todos os cuidados foram refor\u00e7ados ao longo da grava\u00e7\u00e3o contra a Covid-19.<\/p>\n<p><iframe style=\"width: 100%; max-width: 660px; overflow: hidden; background: transparent;\" src=\"https:\/\/embed.podcasts.apple.com\/br\/podcast\/podcast-cidademarketing\/id1371923283\" height=\"450\" frameborder=\"0\" sandbox=\"allow-forms allow-popups allow-same-origin allow-scripts allow-storage-access-by-user-activation allow-top-navigation-by-user-activation\"><\/iframe><\/p>\n","protected":false},"excerpt":{"rendered":"<p>A campanha \u201cChester Perdig\u00e3o tem o poder de fazer o Natal acontecer\u201d ganhou um novo desdobramento durante a \u00faltima edi\u00e7\u00e3o do \u2018Doming\u00e3o com Huck\u2019 (19\/12). Na a\u00e7\u00e3o desenvolvida pela ag\u00eancia DPZ&amp;T, o apresentador destacou um v\u00eddeo com a embaixadora da marca, Ivete Sangalo, refor\u00e7ando a mensagem de que n\u00e3o h\u00e1 Natal sem Chester Perdig\u00e3o e [&hellip;]<\/p>\n","protected":false},"author":1,"featured_media":33339,"comment_status":"open","ping_status":"open","sticky":false,"template":"","format":"standard","meta":{"tdm_status":"","tdm_grid_status":"","footnotes":""},"categories":[6],"tags":[112,33,5089,246,28,711],"class_list":["post-33338","post","type-post","status-publish","format-standard","has-post-thumbnail","hentry","category-noticias","tag-brf","tag-estrategia","tag-huck","tag-ivete-sangalo","tag-marketing","tag-perdigao"],"yoast_head":"<!-- This site is optimized with the Yoast SEO plugin v27.5 - https:\/\/yoast.com\/product\/yoast-seo-wordpress\/ -->\n<title>A\u00e7\u00e3o de Perdig\u00e3o \u00e9 destaque com Ivete Sangalo no \u2018Doming\u00e3o com Huck\u2019 - CidadeMarketing<\/title>\n<meta name=\"robots\" content=\"index, follow, max-snippet:-1, max-image-preview:large, max-video-preview:-1\" \/>\n<link rel=\"canonical\" href=\"https:\/\/www.cidademarketing.com.br\/marketing\/2021\/12\/22\/acao-de-perdigao-e-destaque-com-ivete-sangalo-no-domingao-com-huck\/\" \/>\n<meta property=\"og:locale\" content=\"pt_BR\" \/>\n<meta property=\"og:type\" content=\"article\" \/>\n<meta property=\"og:title\" content=\"A\u00e7\u00e3o de Perdig\u00e3o \u00e9 destaque com Ivete Sangalo no \u2018Doming\u00e3o com Huck\u2019 - CidadeMarketing\" \/>\n<meta property=\"og:description\" content=\"A campanha \u201cChester Perdig\u00e3o tem o poder de fazer o Natal acontecer\u201d ganhou um novo desdobramento durante a \u00faltima edi\u00e7\u00e3o do \u2018Doming\u00e3o com Huck\u2019 (19\/12). Na a\u00e7\u00e3o desenvolvida pela ag\u00eancia DPZ&amp;T, o apresentador destacou um v\u00eddeo com a embaixadora da marca, Ivete Sangalo, refor\u00e7ando a mensagem de que n\u00e3o h\u00e1 Natal sem Chester Perdig\u00e3o e [&hellip;]\" \/>\n<meta property=\"og:url\" content=\"https:\/\/www.cidademarketing.com.br\/marketing\/2021\/12\/22\/acao-de-perdigao-e-destaque-com-ivete-sangalo-no-domingao-com-huck\/\" \/>\n<meta property=\"og:site_name\" content=\"CidadeMarketing\" \/>\n<meta property=\"article:publisher\" content=\"https:\/\/www.facebook.com\/portalcidademarketing\" \/>\n<meta property=\"article:author\" content=\"https:\/\/www.facebook.com\/thalesbrandao\" \/>\n<meta property=\"article:published_time\" content=\"2021-12-22T20:33:12+00:00\" \/>\n<meta property=\"og:image\" content=\"https:\/\/www.cidademarketing.com.br\/marketing\/wp-content\/uploads\/2021\/12\/perdigao_ivete.jpg\" \/>\n\t<meta property=\"og:image:width\" content=\"1160\" \/>\n\t<meta property=\"og:image:height\" content=\"583\" \/>\n\t<meta property=\"og:image:type\" content=\"image\/jpeg\" \/>\n<meta name=\"author\" content=\"Thales Brand\u00e3o\" \/>\n<meta name=\"twitter:card\" content=\"summary_large_image\" \/>\n<meta name=\"twitter:creator\" content=\"@http:\/\/www.twitter.com\/thalesbrandao\" \/>\n<meta name=\"twitter:site\" content=\"@CidadeMarketing\" \/>\n<meta name=\"twitter:label1\" content=\"Escrito por\" \/>\n\t<meta name=\"twitter:data1\" content=\"Thales Brand\u00e3o\" \/>\n\t<meta name=\"twitter:label2\" content=\"Est. tempo de leitura\" \/>\n\t<meta name=\"twitter:data2\" content=\"2 minutos\" \/>\n<script type=\"application\/ld+json\" class=\"yoast-schema-graph\">{\"@context\":\"https:\\\/\\\/schema.org\",\"@graph\":[{\"@type\":\"Article\",\"@id\":\"https:\\\/\\\/www.cidademarketing.com.br\\\/marketing\\\/2021\\\/12\\\/22\\\/acao-de-perdigao-e-destaque-com-ivete-sangalo-no-domingao-com-huck\\\/#article\",\"isPartOf\":{\"@id\":\"https:\\\/\\\/www.cidademarketing.com.br\\\/marketing\\\/2021\\\/12\\\/22\\\/acao-de-perdigao-e-destaque-com-ivete-sangalo-no-domingao-com-huck\\\/\"},\"author\":{\"name\":\"Thales Brand\u00e3o\",\"@id\":\"https:\\\/\\\/www.cidademarketing.com.br\\\/marketing\\\/#\\\/schema\\\/person\\\/02daff9f18bd9378c9e01eb6b2db155f\"},\"headline\":\"A\u00e7\u00e3o de Perdig\u00e3o \u00e9 destaque com Ivete Sangalo no \u2018Doming\u00e3o com Huck\u2019\",\"datePublished\":\"2021-12-22T20:33:12+00:00\",\"mainEntityOfPage\":{\"@id\":\"https:\\\/\\\/www.cidademarketing.com.br\\\/marketing\\\/2021\\\/12\\\/22\\\/acao-de-perdigao-e-destaque-com-ivete-sangalo-no-domingao-com-huck\\\/\"},\"wordCount\":363,\"commentCount\":0,\"publisher\":{\"@id\":\"https:\\\/\\\/www.cidademarketing.com.br\\\/marketing\\\/#organization\"},\"image\":{\"@id\":\"https:\\\/\\\/www.cidademarketing.com.br\\\/marketing\\\/2021\\\/12\\\/22\\\/acao-de-perdigao-e-destaque-com-ivete-sangalo-no-domingao-com-huck\\\/#primaryimage\"},\"thumbnailUrl\":\"https:\\\/\\\/www.cidademarketing.com.br\\\/marketing\\\/wp-content\\\/uploads\\\/2021\\\/12\\\/perdigao_ivete.jpg\",\"keywords\":[\"BRF\",\"estrat\u00e9gia\",\"Huck\",\"Ivete Sangalo\",\"marketing\",\"Perdig\u00e3o\"],\"articleSection\":[\"Not\u00edcias\"],\"inLanguage\":\"pt-BR\",\"potentialAction\":[{\"@type\":\"CommentAction\",\"name\":\"Comment\",\"target\":[\"https:\\\/\\\/www.cidademarketing.com.br\\\/marketing\\\/2021\\\/12\\\/22\\\/acao-de-perdigao-e-destaque-com-ivete-sangalo-no-domingao-com-huck\\\/#respond\"]}]},{\"@type\":\"WebPage\",\"@id\":\"https:\\\/\\\/www.cidademarketing.com.br\\\/marketing\\\/2021\\\/12\\\/22\\\/acao-de-perdigao-e-destaque-com-ivete-sangalo-no-domingao-com-huck\\\/\",\"url\":\"https:\\\/\\\/www.cidademarketing.com.br\\\/marketing\\\/2021\\\/12\\\/22\\\/acao-de-perdigao-e-destaque-com-ivete-sangalo-no-domingao-com-huck\\\/\",\"name\":\"A\u00e7\u00e3o de Perdig\u00e3o \u00e9 destaque com Ivete Sangalo no \u2018Doming\u00e3o com Huck\u2019 - CidadeMarketing\",\"isPartOf\":{\"@id\":\"https:\\\/\\\/www.cidademarketing.com.br\\\/marketing\\\/#website\"},\"primaryImageOfPage\":{\"@id\":\"https:\\\/\\\/www.cidademarketing.com.br\\\/marketing\\\/2021\\\/12\\\/22\\\/acao-de-perdigao-e-destaque-com-ivete-sangalo-no-domingao-com-huck\\\/#primaryimage\"},\"image\":{\"@id\":\"https:\\\/\\\/www.cidademarketing.com.br\\\/marketing\\\/2021\\\/12\\\/22\\\/acao-de-perdigao-e-destaque-com-ivete-sangalo-no-domingao-com-huck\\\/#primaryimage\"},\"thumbnailUrl\":\"https:\\\/\\\/www.cidademarketing.com.br\\\/marketing\\\/wp-content\\\/uploads\\\/2021\\\/12\\\/perdigao_ivete.jpg\",\"datePublished\":\"2021-12-22T20:33:12+00:00\",\"breadcrumb\":{\"@id\":\"https:\\\/\\\/www.cidademarketing.com.br\\\/marketing\\\/2021\\\/12\\\/22\\\/acao-de-perdigao-e-destaque-com-ivete-sangalo-no-domingao-com-huck\\\/#breadcrumb\"},\"inLanguage\":\"pt-BR\",\"potentialAction\":[{\"@type\":\"ReadAction\",\"target\":[\"https:\\\/\\\/www.cidademarketing.com.br\\\/marketing\\\/2021\\\/12\\\/22\\\/acao-de-perdigao-e-destaque-com-ivete-sangalo-no-domingao-com-huck\\\/\"]}]},{\"@type\":\"ImageObject\",\"inLanguage\":\"pt-BR\",\"@id\":\"https:\\\/\\\/www.cidademarketing.com.br\\\/marketing\\\/2021\\\/12\\\/22\\\/acao-de-perdigao-e-destaque-com-ivete-sangalo-no-domingao-com-huck\\\/#primaryimage\",\"url\":\"https:\\\/\\\/www.cidademarketing.com.br\\\/marketing\\\/wp-content\\\/uploads\\\/2021\\\/12\\\/perdigao_ivete.jpg\",\"contentUrl\":\"https:\\\/\\\/www.cidademarketing.com.br\\\/marketing\\\/wp-content\\\/uploads\\\/2021\\\/12\\\/perdigao_ivete.jpg\",\"width\":1160,\"height\":583,\"caption\":\"Reprodu\u00e7\u00e3o\"},{\"@type\":\"BreadcrumbList\",\"@id\":\"https:\\\/\\\/www.cidademarketing.com.br\\\/marketing\\\/2021\\\/12\\\/22\\\/acao-de-perdigao-e-destaque-com-ivete-sangalo-no-domingao-com-huck\\\/#breadcrumb\",\"itemListElement\":[{\"@type\":\"ListItem\",\"position\":1,\"name\":\"In\u00edcio\",\"item\":\"https:\\\/\\\/www.cidademarketing.com.br\\\/marketing\\\/\"},{\"@type\":\"ListItem\",\"position\":2,\"name\":\"A\u00e7\u00e3o de Perdig\u00e3o \u00e9 destaque com Ivete Sangalo no \u2018Doming\u00e3o com Huck\u2019\"}]},{\"@type\":\"WebSite\",\"@id\":\"https:\\\/\\\/www.cidademarketing.com.br\\\/marketing\\\/#website\",\"url\":\"https:\\\/\\\/www.cidademarketing.com.br\\\/marketing\\\/\",\"name\":\"CidadeMarketing\",\"description\":\"Somos um ve\u00edculo de comunica\u00e7\u00e3o de destaque no Brasil, reconhecido por conte\u00fados nos segmentos de marketing, empreendedorismo e inova\u00e7\u00e3o.\",\"publisher\":{\"@id\":\"https:\\\/\\\/www.cidademarketing.com.br\\\/marketing\\\/#organization\"},\"alternateName\":\"CidadeMarketing\",\"potentialAction\":[{\"@type\":\"SearchAction\",\"target\":{\"@type\":\"EntryPoint\",\"urlTemplate\":\"https:\\\/\\\/www.cidademarketing.com.br\\\/marketing\\\/?s={search_term_string}\"},\"query-input\":{\"@type\":\"PropertyValueSpecification\",\"valueRequired\":true,\"valueName\":\"search_term_string\"}}],\"inLanguage\":\"pt-BR\"},{\"@type\":\"Organization\",\"@id\":\"https:\\\/\\\/www.cidademarketing.com.br\\\/marketing\\\/#organization\",\"name\":\"CidadeMarketing\",\"alternateName\":\"CidadeMarketing\",\"url\":\"https:\\\/\\\/www.cidademarketing.com.br\\\/marketing\\\/\",\"logo\":{\"@type\":\"ImageObject\",\"inLanguage\":\"pt-BR\",\"@id\":\"https:\\\/\\\/www.cidademarketing.com.br\\\/marketing\\\/#\\\/schema\\\/logo\\\/image\\\/\",\"url\":\"https:\\\/\\\/www.cidademarketing.com.br\\\/marketing\\\/wp-content\\\/uploads\\\/2020\\\/01\\\/cidademarketing_marca_mobile.png\",\"contentUrl\":\"https:\\\/\\\/www.cidademarketing.com.br\\\/marketing\\\/wp-content\\\/uploads\\\/2020\\\/01\\\/cidademarketing_marca_mobile.png\",\"width\":230,\"height\":92,\"caption\":\"CidadeMarketing\"},\"image\":{\"@id\":\"https:\\\/\\\/www.cidademarketing.com.br\\\/marketing\\\/#\\\/schema\\\/logo\\\/image\\\/\"},\"sameAs\":[\"https:\\\/\\\/www.facebook.com\\\/portalcidademarketing\",\"https:\\\/\\\/x.com\\\/CidadeMarketing\",\"https:\\\/\\\/www.instagram.com\\\/cidademarketing\\\/\"]},{\"@type\":\"Person\",\"@id\":\"https:\\\/\\\/www.cidademarketing.com.br\\\/marketing\\\/#\\\/schema\\\/person\\\/02daff9f18bd9378c9e01eb6b2db155f\",\"name\":\"Thales Brand\u00e3o\",\"image\":{\"@type\":\"ImageObject\",\"inLanguage\":\"pt-BR\",\"@id\":\"https:\\\/\\\/secure.gravatar.com\\\/avatar\\\/7ca3206950207cc3cb48feec56a8a7898741ab725c368d99d5d7a5a50aab80c6?s=96&d=mm&r=g\",\"url\":\"https:\\\/\\\/secure.gravatar.com\\\/avatar\\\/7ca3206950207cc3cb48feec56a8a7898741ab725c368d99d5d7a5a50aab80c6?s=96&d=mm&r=g\",\"contentUrl\":\"https:\\\/\\\/secure.gravatar.com\\\/avatar\\\/7ca3206950207cc3cb48feec56a8a7898741ab725c368d99d5d7a5a50aab80c6?s=96&d=mm&r=g\",\"caption\":\"Thales Brand\u00e3o\"},\"description\":\"Editor Executivo do Portal CidadeMarketing.com.br &gt; Mestre em Comunica\u00e7\u00e3o e Sociedade pela Universidade Federal de Sergipe. Possui MBA Executivo em Administra\u00e7\u00e3o com \u00eanfase em Marketing pela Funda\u00e7\u00e3o Get\u00falio Vargas - Rio de Janeiro. Consultor, Palestrante e Pesquisador sobre Empreendedorismo, Marketing, Redes Sociais e Neg\u00f3cios Digitais. Professor, Palestrante TedxTalks e Campus Party. Twitter: @ThalesBrandao\",\"sameAs\":[\"http:\\\/\\\/www.mandacaru.com.br\",\"https:\\\/\\\/www.facebook.com\\\/thalesbrandao\",\"http:\\\/\\\/www.instagram.com.br\\\/thalesbrandaoferreira\",\"https:\\\/\\\/www.linkedin.com\\\/in\\\/thales-brand\u00e3o-3948609\\\/\",\"https:\\\/\\\/x.com\\\/http:\\\/\\\/www.twitter.com\\\/thalesbrandao\"],\"url\":\"https:\\\/\\\/www.cidademarketing.com.br\\\/marketing\\\/author\\\/thalesbrandao\\\/\"}]}<\/script>\n<!-- \/ Yoast SEO plugin. -->","yoast_head_json":{"title":"A\u00e7\u00e3o de Perdig\u00e3o \u00e9 destaque com Ivete Sangalo no \u2018Doming\u00e3o com Huck\u2019 - CidadeMarketing","robots":{"index":"index","follow":"follow","max-snippet":"max-snippet:-1","max-image-preview":"max-image-preview:large","max-video-preview":"max-video-preview:-1"},"canonical":"https:\/\/www.cidademarketing.com.br\/marketing\/2021\/12\/22\/acao-de-perdigao-e-destaque-com-ivete-sangalo-no-domingao-com-huck\/","og_locale":"pt_BR","og_type":"article","og_title":"A\u00e7\u00e3o de Perdig\u00e3o \u00e9 destaque com Ivete Sangalo no \u2018Doming\u00e3o com Huck\u2019 - CidadeMarketing","og_description":"A campanha \u201cChester Perdig\u00e3o tem o poder de fazer o Natal acontecer\u201d ganhou um novo desdobramento durante a \u00faltima edi\u00e7\u00e3o do \u2018Doming\u00e3o com Huck\u2019 (19\/12). Na a\u00e7\u00e3o desenvolvida pela ag\u00eancia DPZ&amp;T, o apresentador destacou um v\u00eddeo com a embaixadora da marca, Ivete Sangalo, refor\u00e7ando a mensagem de que n\u00e3o h\u00e1 Natal sem Chester Perdig\u00e3o e [&hellip;]","og_url":"https:\/\/www.cidademarketing.com.br\/marketing\/2021\/12\/22\/acao-de-perdigao-e-destaque-com-ivete-sangalo-no-domingao-com-huck\/","og_site_name":"CidadeMarketing","article_publisher":"https:\/\/www.facebook.com\/portalcidademarketing","article_author":"https:\/\/www.facebook.com\/thalesbrandao","article_published_time":"2021-12-22T20:33:12+00:00","og_image":[{"width":1160,"height":583,"url":"https:\/\/www.cidademarketing.com.br\/marketing\/wp-content\/uploads\/2021\/12\/perdigao_ivete.jpg","type":"image\/jpeg"}],"author":"Thales Brand\u00e3o","twitter_card":"summary_large_image","twitter_creator":"@http:\/\/www.twitter.com\/thalesbrandao","twitter_site":"@CidadeMarketing","twitter_misc":{"Escrito por":"Thales Brand\u00e3o","Est. tempo de leitura":"2 minutos"},"schema":{"@context":"https:\/\/schema.org","@graph":[{"@type":"Article","@id":"https:\/\/www.cidademarketing.com.br\/marketing\/2021\/12\/22\/acao-de-perdigao-e-destaque-com-ivete-sangalo-no-domingao-com-huck\/#article","isPartOf":{"@id":"https:\/\/www.cidademarketing.com.br\/marketing\/2021\/12\/22\/acao-de-perdigao-e-destaque-com-ivete-sangalo-no-domingao-com-huck\/"},"author":{"name":"Thales Brand\u00e3o","@id":"https:\/\/www.cidademarketing.com.br\/marketing\/#\/schema\/person\/02daff9f18bd9378c9e01eb6b2db155f"},"headline":"A\u00e7\u00e3o de Perdig\u00e3o \u00e9 destaque com Ivete Sangalo no \u2018Doming\u00e3o com Huck\u2019","datePublished":"2021-12-22T20:33:12+00:00","mainEntityOfPage":{"@id":"https:\/\/www.cidademarketing.com.br\/marketing\/2021\/12\/22\/acao-de-perdigao-e-destaque-com-ivete-sangalo-no-domingao-com-huck\/"},"wordCount":363,"commentCount":0,"publisher":{"@id":"https:\/\/www.cidademarketing.com.br\/marketing\/#organization"},"image":{"@id":"https:\/\/www.cidademarketing.com.br\/marketing\/2021\/12\/22\/acao-de-perdigao-e-destaque-com-ivete-sangalo-no-domingao-com-huck\/#primaryimage"},"thumbnailUrl":"https:\/\/www.cidademarketing.com.br\/marketing\/wp-content\/uploads\/2021\/12\/perdigao_ivete.jpg","keywords":["BRF","estrat\u00e9gia","Huck","Ivete Sangalo","marketing","Perdig\u00e3o"],"articleSection":["Not\u00edcias"],"inLanguage":"pt-BR","potentialAction":[{"@type":"CommentAction","name":"Comment","target":["https:\/\/www.cidademarketing.com.br\/marketing\/2021\/12\/22\/acao-de-perdigao-e-destaque-com-ivete-sangalo-no-domingao-com-huck\/#respond"]}]},{"@type":"WebPage","@id":"https:\/\/www.cidademarketing.com.br\/marketing\/2021\/12\/22\/acao-de-perdigao-e-destaque-com-ivete-sangalo-no-domingao-com-huck\/","url":"https:\/\/www.cidademarketing.com.br\/marketing\/2021\/12\/22\/acao-de-perdigao-e-destaque-com-ivete-sangalo-no-domingao-com-huck\/","name":"A\u00e7\u00e3o de Perdig\u00e3o \u00e9 destaque com Ivete Sangalo no \u2018Doming\u00e3o com Huck\u2019 - CidadeMarketing","isPartOf":{"@id":"https:\/\/www.cidademarketing.com.br\/marketing\/#website"},"primaryImageOfPage":{"@id":"https:\/\/www.cidademarketing.com.br\/marketing\/2021\/12\/22\/acao-de-perdigao-e-destaque-com-ivete-sangalo-no-domingao-com-huck\/#primaryimage"},"image":{"@id":"https:\/\/www.cidademarketing.com.br\/marketing\/2021\/12\/22\/acao-de-perdigao-e-destaque-com-ivete-sangalo-no-domingao-com-huck\/#primaryimage"},"thumbnailUrl":"https:\/\/www.cidademarketing.com.br\/marketing\/wp-content\/uploads\/2021\/12\/perdigao_ivete.jpg","datePublished":"2021-12-22T20:33:12+00:00","breadcrumb":{"@id":"https:\/\/www.cidademarketing.com.br\/marketing\/2021\/12\/22\/acao-de-perdigao-e-destaque-com-ivete-sangalo-no-domingao-com-huck\/#breadcrumb"},"inLanguage":"pt-BR","potentialAction":[{"@type":"ReadAction","target":["https:\/\/www.cidademarketing.com.br\/marketing\/2021\/12\/22\/acao-de-perdigao-e-destaque-com-ivete-sangalo-no-domingao-com-huck\/"]}]},{"@type":"ImageObject","inLanguage":"pt-BR","@id":"https:\/\/www.cidademarketing.com.br\/marketing\/2021\/12\/22\/acao-de-perdigao-e-destaque-com-ivete-sangalo-no-domingao-com-huck\/#primaryimage","url":"https:\/\/www.cidademarketing.com.br\/marketing\/wp-content\/uploads\/2021\/12\/perdigao_ivete.jpg","contentUrl":"https:\/\/www.cidademarketing.com.br\/marketing\/wp-content\/uploads\/2021\/12\/perdigao_ivete.jpg","width":1160,"height":583,"caption":"Reprodu\u00e7\u00e3o"},{"@type":"BreadcrumbList","@id":"https:\/\/www.cidademarketing.com.br\/marketing\/2021\/12\/22\/acao-de-perdigao-e-destaque-com-ivete-sangalo-no-domingao-com-huck\/#breadcrumb","itemListElement":[{"@type":"ListItem","position":1,"name":"In\u00edcio","item":"https:\/\/www.cidademarketing.com.br\/marketing\/"},{"@type":"ListItem","position":2,"name":"A\u00e7\u00e3o de Perdig\u00e3o \u00e9 destaque com Ivete Sangalo no \u2018Doming\u00e3o com Huck\u2019"}]},{"@type":"WebSite","@id":"https:\/\/www.cidademarketing.com.br\/marketing\/#website","url":"https:\/\/www.cidademarketing.com.br\/marketing\/","name":"CidadeMarketing","description":"Somos um ve\u00edculo de comunica\u00e7\u00e3o de destaque no Brasil, reconhecido por conte\u00fados nos segmentos de marketing, empreendedorismo e inova\u00e7\u00e3o.","publisher":{"@id":"https:\/\/www.cidademarketing.com.br\/marketing\/#organization"},"alternateName":"CidadeMarketing","potentialAction":[{"@type":"SearchAction","target":{"@type":"EntryPoint","urlTemplate":"https:\/\/www.cidademarketing.com.br\/marketing\/?s={search_term_string}"},"query-input":{"@type":"PropertyValueSpecification","valueRequired":true,"valueName":"search_term_string"}}],"inLanguage":"pt-BR"},{"@type":"Organization","@id":"https:\/\/www.cidademarketing.com.br\/marketing\/#organization","name":"CidadeMarketing","alternateName":"CidadeMarketing","url":"https:\/\/www.cidademarketing.com.br\/marketing\/","logo":{"@type":"ImageObject","inLanguage":"pt-BR","@id":"https:\/\/www.cidademarketing.com.br\/marketing\/#\/schema\/logo\/image\/","url":"https:\/\/www.cidademarketing.com.br\/marketing\/wp-content\/uploads\/2020\/01\/cidademarketing_marca_mobile.png","contentUrl":"https:\/\/www.cidademarketing.com.br\/marketing\/wp-content\/uploads\/2020\/01\/cidademarketing_marca_mobile.png","width":230,"height":92,"caption":"CidadeMarketing"},"image":{"@id":"https:\/\/www.cidademarketing.com.br\/marketing\/#\/schema\/logo\/image\/"},"sameAs":["https:\/\/www.facebook.com\/portalcidademarketing","https:\/\/x.com\/CidadeMarketing","https:\/\/www.instagram.com\/cidademarketing\/"]},{"@type":"Person","@id":"https:\/\/www.cidademarketing.com.br\/marketing\/#\/schema\/person\/02daff9f18bd9378c9e01eb6b2db155f","name":"Thales Brand\u00e3o","image":{"@type":"ImageObject","inLanguage":"pt-BR","@id":"https:\/\/secure.gravatar.com\/avatar\/7ca3206950207cc3cb48feec56a8a7898741ab725c368d99d5d7a5a50aab80c6?s=96&d=mm&r=g","url":"https:\/\/secure.gravatar.com\/avatar\/7ca3206950207cc3cb48feec56a8a7898741ab725c368d99d5d7a5a50aab80c6?s=96&d=mm&r=g","contentUrl":"https:\/\/secure.gravatar.com\/avatar\/7ca3206950207cc3cb48feec56a8a7898741ab725c368d99d5d7a5a50aab80c6?s=96&d=mm&r=g","caption":"Thales Brand\u00e3o"},"description":"Editor Executivo do Portal CidadeMarketing.com.br &gt; Mestre em Comunica\u00e7\u00e3o e Sociedade pela Universidade Federal de Sergipe. Possui MBA Executivo em Administra\u00e7\u00e3o com \u00eanfase em Marketing pela Funda\u00e7\u00e3o Get\u00falio Vargas - Rio de Janeiro. Consultor, Palestrante e Pesquisador sobre Empreendedorismo, Marketing, Redes Sociais e Neg\u00f3cios Digitais. Professor, Palestrante TedxTalks e Campus Party. Twitter: @ThalesBrandao","sameAs":["http:\/\/www.mandacaru.com.br","https:\/\/www.facebook.com\/thalesbrandao","http:\/\/www.instagram.com.br\/thalesbrandaoferreira","https:\/\/www.linkedin.com\/in\/thales-brand\u00e3o-3948609\/","https:\/\/x.com\/http:\/\/www.twitter.com\/thalesbrandao"],"url":"https:\/\/www.cidademarketing.com.br\/marketing\/author\/thalesbrandao\/"}]}},"amp_enabled":true,"_links":{"self":[{"href":"https:\/\/www.cidademarketing.com.br\/marketing\/wp-json\/wp\/v2\/posts\/33338","targetHints":{"allow":["GET"]}}],"collection":[{"href":"https:\/\/www.cidademarketing.com.br\/marketing\/wp-json\/wp\/v2\/posts"}],"about":[{"href":"https:\/\/www.cidademarketing.com.br\/marketing\/wp-json\/wp\/v2\/types\/post"}],"author":[{"embeddable":true,"href":"https:\/\/www.cidademarketing.com.br\/marketing\/wp-json\/wp\/v2\/users\/1"}],"replies":[{"embeddable":true,"href":"https:\/\/www.cidademarketing.com.br\/marketing\/wp-json\/wp\/v2\/comments?post=33338"}],"version-history":[{"count":1,"href":"https:\/\/www.cidademarketing.com.br\/marketing\/wp-json\/wp\/v2\/posts\/33338\/revisions"}],"predecessor-version":[{"id":33340,"href":"https:\/\/www.cidademarketing.com.br\/marketing\/wp-json\/wp\/v2\/posts\/33338\/revisions\/33340"}],"wp:featuredmedia":[{"embeddable":true,"href":"https:\/\/www.cidademarketing.com.br\/marketing\/wp-json\/wp\/v2\/media\/33339"}],"wp:attachment":[{"href":"https:\/\/www.cidademarketing.com.br\/marketing\/wp-json\/wp\/v2\/media?parent=33338"}],"wp:term":[{"taxonomy":"category","embeddable":true,"href":"https:\/\/www.cidademarketing.com.br\/marketing\/wp-json\/wp\/v2\/categories?post=33338"},{"taxonomy":"post_tag","embeddable":true,"href":"https:\/\/www.cidademarketing.com.br\/marketing\/wp-json\/wp\/v2\/tags?post=33338"}],"curies":[{"name":"wp","href":"https:\/\/api.w.org\/{rel}","templated":true}]}}