{"id":33308,"date":"2021-12-21T16:17:16","date_gmt":"2021-12-21T19:17:16","guid":{"rendered":"https:\/\/www.cidademarketing.com.br\/marketing\/?p=33308"},"modified":"2021-12-21T16:17:16","modified_gmt":"2021-12-21T19:17:16","slug":"f1-santander-fecha-patrocinio-com-a-scuderia-ferrari","status":"publish","type":"post","link":"https:\/\/www.cidademarketing.com.br\/marketing\/2021\/12\/21\/f1-santander-fecha-patrocinio-com-a-scuderia-ferrari\/","title":{"rendered":"F1: Santander fecha patroc\u00ednio com a Scuderia Ferrari"},"content":{"rendered":"<p><iframe src=\"https:\/\/open.spotify.com\/embed\/show\/4khMKzP3FgFRWVwb73xicc\" width=\"100%\" height=\"232\" frameborder=\"0\"><\/iframe><\/p>\n<p class=\"v1MsoNormal\">O Banco Santander anunciou hoje que se tornou patrocinador oficial da Scuderia Ferrari, em parceria que levar\u00e1 o logo da institui\u00e7\u00e3o financeira para locais de destaque no carro, kit de corrida e bon\u00e9 da equipe. Como parte do acordo, o Santander oferecer\u00e1 \u00e0 Scuderia Ferrari solu\u00e7\u00f5es para apoiar seus planos de ser neutra em carbono at\u00e9 2030.<\/p>\n<p class=\"v1MsoNormal\">A F\u00f3rmula 1 \u00e9 um dos esportes com o maior n\u00famero de f\u00e3s no mundo, atingindo uma audi\u00eancia de 1,5 bilh\u00e3o de telespectadores em 2021, segundo a Nielsen Sports. Para a temporada de 2022, j\u00e1 est\u00e1 confirmada a realiza\u00e7\u00e3o de 23 Grandes Pr\u00eamios, alguns deles nos principais mercados de atua\u00e7\u00e3o do Banco.<\/p>\n\r\n                <style type=\"text\/css\">\r\n                    \r\n                    #tdi_1  .td-doubleSlider-2 .td-item1 {\r\n                        background: url(https:\/\/www.cidademarketing.com.br\/marketing\/wp-content\/uploads\/2021\/12\/2010-german-grand-prix_51758478647_o-80x60.jpg) 0 0 no-repeat;\r\n                    }\r\n                    #tdi_1  .td-doubleSlider-2 .td-item2 {\r\n                        background: url(https:\/\/www.cidademarketing.com.br\/marketing\/wp-content\/uploads\/2021\/12\/f1_51759961194_o-80x60.jpg) 0 0 no-repeat;\r\n                    }\r\n                    #tdi_1  .td-doubleSlider-2 .td-item3 {\r\n                        background: url(https:\/\/www.cidademarketing.com.br\/marketing\/wp-content\/uploads\/2021\/12\/2010-german-grand-prix_51759961274_o-80x60.jpg) 0 0 no-repeat;\r\n                    }\r\n                    #tdi_1  .td-doubleSlider-2 .td-item4 {\r\n                        background: url(https:\/\/www.cidademarketing.com.br\/marketing\/wp-content\/uploads\/2021\/12\/f1_51758478702_o-80x60.jpg) 0 0 no-repeat;\r\n                    }\r\n                    #tdi_1  .td-doubleSlider-2 .td-item5 {\r\n                        background: url(https:\/\/www.cidademarketing.com.br\/marketing\/wp-content\/uploads\/2021\/12\/f1_51759549848_o-80x60.jpg) 0 0 no-repeat;\r\n                    }\r\n                    #tdi_1  .td-doubleSlider-2 .td-item6 {\r\n                        background: url(https:\/\/www.cidademarketing.com.br\/marketing\/wp-content\/uploads\/2021\/12\/f1_51760173370_o-80x60.jpg) 0 0 no-repeat;\r\n                    }\r\n                    #tdi_1  .td-doubleSlider-2 .td-item7 {\r\n                        background: url(https:\/\/www.cidademarketing.com.br\/marketing\/wp-content\/uploads\/2021\/12\/f1_51759549783_o-80x60.jpg) 0 0 no-repeat;\r\n                    }\r\n                    #tdi_1  .td-doubleSlider-2 .td-item8 {\r\n                        background: url(https:\/\/www.cidademarketing.com.br\/marketing\/wp-content\/uploads\/2021\/12\/f1_51759549808_o-80x60.jpg) 0 0 no-repeat;\r\n                    }\r\n                    #tdi_1  .td-doubleSlider-2 .td-item9 {\r\n                        background: url(https:\/\/www.cidademarketing.com.br\/marketing\/wp-content\/uploads\/2021\/12\/ana-botn-presidenta-de-banco-santander-en-el-gran-premio-de-gran-bretaa-de-2011_51760173480_o-80x60.jpg) 0 0 no-repeat;\r\n                    }\r\n                <\/style>\r\n\r\n                <div id=\"tdi_1\" class=\"td-gallery td-slide-on-2-columns\">\r\n                    <div class=\"post_td_gallery\">\r\n                        <div class=\"td-gallery-slide-top\">\r\n                           <div class=\"td-gallery-title\"><\/div>\r\n\r\n                            <div class=\"td-gallery-controls-wrapper\">\r\n                                <div class=\"td-gallery-slide-count\"><span class=\"td-gallery-slide-item-focus\">1<\/span> de 9<\/div>\r\n                                <div class=\"td-gallery-slide-prev-next-but\">\r\n                                    <i class = \"td-icon-left doubleSliderPrevButton\"><\/i>\r\n                                    <i class = \"td-icon-right doubleSliderNextButton\"><\/i>\r\n                                <\/div>\r\n                            <\/div>\r\n                        <\/div>\r\n\r\n                        <div class = \"td-doubleSlider-1 \">\r\n                            <div class = \"td-slider\">\r\n                                \r\n                    <div class = \"td-slide-item td-item1\">\r\n                        <figure class=\"td-slide-galery-figure td-slide-popup-gallery\">\r\n                            <a class=\"slide-gallery-image-link\" href=\"https:\/\/www.cidademarketing.com.br\/marketing\/wp-content\/uploads\/2021\/12\/2010-german-grand-prix_51758478647_o-scaled.jpg\" title=\"2010 German Grand Prix\"  data-caption=\"2010 German Grand Prix - Sunday.Hockenheimring, Hockenheim, Germany.25th July 2010.The Ferrari team cheer Fernando Alonso, Ferrari F10, 1st position, across the line. Action. Finish..Photo: Lorenzo Bellanca \/ LAT Photographic.ref: Digital Image _O3Q6334\"  data-description=\"\">\r\n                                <img decoding=\"async\" src=\"https:\/\/www.cidademarketing.com.br\/marketing\/wp-content\/uploads\/2021\/12\/2010-german-grand-prix_51758478647_o-630x420.jpg\" srcset=\"https:\/\/www.cidademarketing.com.br\/marketing\/wp-content\/uploads\/2021\/12\/2010-german-grand-prix_51758478647_o-630x420.jpg 630w, https:\/\/www.cidademarketing.com.br\/marketing\/wp-content\/uploads\/2021\/12\/2010-german-grand-prix_51758478647_o-300x200.jpg 300w, https:\/\/www.cidademarketing.com.br\/marketing\/wp-content\/uploads\/2021\/12\/2010-german-grand-prix_51758478647_o-1024x683.jpg 1024w, https:\/\/www.cidademarketing.com.br\/marketing\/wp-content\/uploads\/2021\/12\/2010-german-grand-prix_51758478647_o-768x512.jpg 768w, https:\/\/www.cidademarketing.com.br\/marketing\/wp-content\/uploads\/2021\/12\/2010-german-grand-prix_51758478647_o-1536x1024.jpg 1536w, https:\/\/www.cidademarketing.com.br\/marketing\/wp-content\/uploads\/2021\/12\/2010-german-grand-prix_51758478647_o-2048x1365.jpg 2048w, https:\/\/www.cidademarketing.com.br\/marketing\/wp-content\/uploads\/2021\/12\/2010-german-grand-prix_51758478647_o-640x427.jpg 640w, https:\/\/www.cidademarketing.com.br\/marketing\/wp-content\/uploads\/2021\/12\/2010-german-grand-prix_51758478647_o-681x454.jpg 681w\" sizes=\"(max-width: 630px) 100vw, 630px\" alt=\"\">\r\n                            <\/a>\r\n                            <figcaption class = \"td-slide-caption td-gallery-slide-content\"><div class = \"td-gallery-slide-copywrite\">2010 German Grand Prix - Sunday.Hockenheimring, Hockenheim, Germany.25th July 2010.The Ferrari team cheer Fernando Alonso, Ferrari F10, 1st position, across the line. Action. Finish..Photo: Lorenzo Bellanca \/ LAT Photographic.ref: Digital Image _O3Q6334<\/div><\/figcaption>\r\n                        <\/figure>\r\n                    <\/div>\r\n                    <div class = \"td-slide-item td-item2\">\r\n                        <figure class=\"td-slide-galery-figure td-slide-popup-gallery\">\r\n                            <a class=\"slide-gallery-image-link\" href=\"https:\/\/www.cidademarketing.com.br\/marketing\/wp-content\/uploads\/2021\/12\/f1_51759961194_o-scaled.jpg\" title=\"F1\"  data-caption=\"Kimi Raikkonen (FIN) Ferrari SFT15  en el primer d\u00eda de pruebas en Montmelo el jueves 19 de febrero de 2015 *** Local Caption *** RUBIO\"  data-description=\"\">\r\n                                <img decoding=\"async\" src=\"https:\/\/www.cidademarketing.com.br\/marketing\/wp-content\/uploads\/2021\/12\/f1_51759961194_o-631x420.jpg\" srcset=\"https:\/\/www.cidademarketing.com.br\/marketing\/wp-content\/uploads\/2021\/12\/f1_51759961194_o-631x420.jpg 631w, https:\/\/www.cidademarketing.com.br\/marketing\/wp-content\/uploads\/2021\/12\/f1_51759961194_o-300x200.jpg 300w, https:\/\/www.cidademarketing.com.br\/marketing\/wp-content\/uploads\/2021\/12\/f1_51759961194_o-1024x681.jpg 1024w, https:\/\/www.cidademarketing.com.br\/marketing\/wp-content\/uploads\/2021\/12\/f1_51759961194_o-768x511.jpg 768w, https:\/\/www.cidademarketing.com.br\/marketing\/wp-content\/uploads\/2021\/12\/f1_51759961194_o-1536x1022.jpg 1536w, https:\/\/www.cidademarketing.com.br\/marketing\/wp-content\/uploads\/2021\/12\/f1_51759961194_o-2048x1363.jpg 2048w, https:\/\/www.cidademarketing.com.br\/marketing\/wp-content\/uploads\/2021\/12\/f1_51759961194_o-640x426.jpg 640w, https:\/\/www.cidademarketing.com.br\/marketing\/wp-content\/uploads\/2021\/12\/f1_51759961194_o-681x453.jpg 681w\" sizes=\"(max-width: 631px) 100vw, 631px\" alt=\"\">\r\n                            <\/a>\r\n                            <figcaption class = \"td-slide-caption td-gallery-slide-content\"><div class = \"td-gallery-slide-copywrite\">Kimi Raikkonen (FIN) Ferrari SFT15  en el primer d\u00eda de pruebas en Montmelo el jueves 19 de febrero de 2015 *** Local Caption *** RUBIO<\/div><\/figcaption>\r\n                        <\/figure>\r\n                    <\/div>\r\n                    <div class = \"td-slide-item td-item3\">\r\n                        <figure class=\"td-slide-galery-figure td-slide-popup-gallery\">\r\n                            <a class=\"slide-gallery-image-link\" href=\"https:\/\/www.cidademarketing.com.br\/marketing\/wp-content\/uploads\/2021\/12\/2010-german-grand-prix_51759961274_o-scaled.jpg\" title=\"2010 German Grand Prix\"  data-caption=\"2010 German Grand Prix - Sunday.Hockenheimring, Hockenheim, Germany.25th July 2010.Felipe Massa, Ferrari F10, 2nd position, leads Fernando Alonso, Ferrari F10, 1st position. Action. .Photo: Glenn Dunbar \/ LAT Photographic.ref: Digital Image _G7C2341\"  data-description=\"\">\r\n                                <img decoding=\"async\" src=\"https:\/\/www.cidademarketing.com.br\/marketing\/wp-content\/uploads\/2021\/12\/2010-german-grand-prix_51759961274_o-630x420.jpg\" srcset=\"https:\/\/www.cidademarketing.com.br\/marketing\/wp-content\/uploads\/2021\/12\/2010-german-grand-prix_51759961274_o-630x420.jpg 630w, https:\/\/www.cidademarketing.com.br\/marketing\/wp-content\/uploads\/2021\/12\/2010-german-grand-prix_51759961274_o-300x200.jpg 300w, https:\/\/www.cidademarketing.com.br\/marketing\/wp-content\/uploads\/2021\/12\/2010-german-grand-prix_51759961274_o-1024x683.jpg 1024w, https:\/\/www.cidademarketing.com.br\/marketing\/wp-content\/uploads\/2021\/12\/2010-german-grand-prix_51759961274_o-768x512.jpg 768w, https:\/\/www.cidademarketing.com.br\/marketing\/wp-content\/uploads\/2021\/12\/2010-german-grand-prix_51759961274_o-1536x1024.jpg 1536w, https:\/\/www.cidademarketing.com.br\/marketing\/wp-content\/uploads\/2021\/12\/2010-german-grand-prix_51759961274_o-2048x1365.jpg 2048w, https:\/\/www.cidademarketing.com.br\/marketing\/wp-content\/uploads\/2021\/12\/2010-german-grand-prix_51759961274_o-640x427.jpg 640w, https:\/\/www.cidademarketing.com.br\/marketing\/wp-content\/uploads\/2021\/12\/2010-german-grand-prix_51759961274_o-681x454.jpg 681w\" sizes=\"(max-width: 630px) 100vw, 630px\" alt=\"\">\r\n                            <\/a>\r\n                            <figcaption class = \"td-slide-caption td-gallery-slide-content\"><div class = \"td-gallery-slide-copywrite\">2010 German Grand Prix - Sunday.Hockenheimring, Hockenheim, Germany.25th July 2010.Felipe Massa, Ferrari F10, 2nd position, leads Fernando Alonso, Ferrari F10, 1st position. Action. .Photo: Glenn Dunbar \/ LAT Photographic.ref: Digital Image _G7C2341<\/div><\/figcaption>\r\n                        <\/figure>\r\n                    <\/div>\r\n                    <div class = \"td-slide-item td-item4\">\r\n                        <figure class=\"td-slide-galery-figure td-slide-popup-gallery\">\r\n                            <a class=\"slide-gallery-image-link\" href=\"https:\/\/www.cidademarketing.com.br\/marketing\/wp-content\/uploads\/2021\/12\/f1_51758478702_o-scaled.jpg\" title=\"F1\"  data-caption=\"Fernando Alonso (ESP) Ferrari F-138  19a prueba del Mundial, en el circuito Interlagos (Sao Paulo) el domingo  24 de noviembre de 2013 *** Local Caption *** RUBIO\"  data-description=\"\">\r\n                                <img decoding=\"async\" src=\"https:\/\/www.cidademarketing.com.br\/marketing\/wp-content\/uploads\/2021\/12\/f1_51758478702_o-631x420.jpg\" srcset=\"https:\/\/www.cidademarketing.com.br\/marketing\/wp-content\/uploads\/2021\/12\/f1_51758478702_o-631x420.jpg 631w, https:\/\/www.cidademarketing.com.br\/marketing\/wp-content\/uploads\/2021\/12\/f1_51758478702_o-300x200.jpg 300w, https:\/\/www.cidademarketing.com.br\/marketing\/wp-content\/uploads\/2021\/12\/f1_51758478702_o-1024x682.jpg 1024w, https:\/\/www.cidademarketing.com.br\/marketing\/wp-content\/uploads\/2021\/12\/f1_51758478702_o-768x511.jpg 768w, https:\/\/www.cidademarketing.com.br\/marketing\/wp-content\/uploads\/2021\/12\/f1_51758478702_o-1536x1022.jpg 1536w, https:\/\/www.cidademarketing.com.br\/marketing\/wp-content\/uploads\/2021\/12\/f1_51758478702_o-2048x1363.jpg 2048w, https:\/\/www.cidademarketing.com.br\/marketing\/wp-content\/uploads\/2021\/12\/f1_51758478702_o-640x426.jpg 640w, https:\/\/www.cidademarketing.com.br\/marketing\/wp-content\/uploads\/2021\/12\/f1_51758478702_o-681x453.jpg 681w\" sizes=\"(max-width: 631px) 100vw, 631px\" alt=\"\">\r\n                            <\/a>\r\n                            <figcaption class = \"td-slide-caption td-gallery-slide-content\"><div class = \"td-gallery-slide-copywrite\">Fernando Alonso (ESP) Ferrari F-138  19a prueba del Mundial, en el circuito Interlagos (Sao Paulo) el domingo  24 de noviembre de 2013 *** Local Caption *** RUBIO<\/div><\/figcaption>\r\n                        <\/figure>\r\n                    <\/div>\r\n                    <div class = \"td-slide-item td-item5\">\r\n                        <figure class=\"td-slide-galery-figure td-slide-popup-gallery\">\r\n                            <a class=\"slide-gallery-image-link\" href=\"https:\/\/www.cidademarketing.com.br\/marketing\/wp-content\/uploads\/2021\/12\/f1_51759549848_o-scaled.jpg\" title=\"F1\"  data-caption=\"Fernando Alonso (ESP) Ferrari F-138 , en el circuito Interlagos (Sao Paulo) el sabado  23 de noviembre de 2013 *** Local Caption *** RUBIO\"  data-description=\"\">\r\n                                <img decoding=\"async\" src=\"https:\/\/www.cidademarketing.com.br\/marketing\/wp-content\/uploads\/2021\/12\/f1_51759549848_o-631x420.jpg\" srcset=\"https:\/\/www.cidademarketing.com.br\/marketing\/wp-content\/uploads\/2021\/12\/f1_51759549848_o-631x420.jpg 631w, https:\/\/www.cidademarketing.com.br\/marketing\/wp-content\/uploads\/2021\/12\/f1_51759549848_o-300x200.jpg 300w, https:\/\/www.cidademarketing.com.br\/marketing\/wp-content\/uploads\/2021\/12\/f1_51759549848_o-1024x681.jpg 1024w, https:\/\/www.cidademarketing.com.br\/marketing\/wp-content\/uploads\/2021\/12\/f1_51759549848_o-768x511.jpg 768w, https:\/\/www.cidademarketing.com.br\/marketing\/wp-content\/uploads\/2021\/12\/f1_51759549848_o-1536x1022.jpg 1536w, https:\/\/www.cidademarketing.com.br\/marketing\/wp-content\/uploads\/2021\/12\/f1_51759549848_o-2048x1363.jpg 2048w, https:\/\/www.cidademarketing.com.br\/marketing\/wp-content\/uploads\/2021\/12\/f1_51759549848_o-640x426.jpg 640w, https:\/\/www.cidademarketing.com.br\/marketing\/wp-content\/uploads\/2021\/12\/f1_51759549848_o-681x453.jpg 681w\" sizes=\"(max-width: 631px) 100vw, 631px\" alt=\"\">\r\n                            <\/a>\r\n                            <figcaption class = \"td-slide-caption td-gallery-slide-content\"><div class = \"td-gallery-slide-copywrite\">Fernando Alonso (ESP) Ferrari F-138 , en el circuito Interlagos (Sao Paulo) el sabado  23 de noviembre de 2013 *** Local Caption *** RUBIO<\/div><\/figcaption>\r\n                        <\/figure>\r\n                    <\/div>\r\n                    <div class = \"td-slide-item td-item6\">\r\n                        <figure class=\"td-slide-galery-figure td-slide-popup-gallery\">\r\n                            <a class=\"slide-gallery-image-link\" href=\"https:\/\/www.cidademarketing.com.br\/marketing\/wp-content\/uploads\/2021\/12\/f1_51760173370_o-scaled.jpg\" title=\"F1\"  data-caption=\"Fernando Alonso (ES) Ferrari F138\nG.P. de Brasil, 19a prueba del Mundial, en el circuito Interlagos (Sao Paulo) el sabado 24 de noviembre de 2013 *** Local Caption *** RUBIO\"  data-description=\"\">\r\n                                <img decoding=\"async\" src=\"https:\/\/www.cidademarketing.com.br\/marketing\/wp-content\/uploads\/2021\/12\/f1_51760173370_o-630x420.jpg\" srcset=\"https:\/\/www.cidademarketing.com.br\/marketing\/wp-content\/uploads\/2021\/12\/f1_51760173370_o-630x420.jpg 630w, https:\/\/www.cidademarketing.com.br\/marketing\/wp-content\/uploads\/2021\/12\/f1_51760173370_o-300x200.jpg 300w, https:\/\/www.cidademarketing.com.br\/marketing\/wp-content\/uploads\/2021\/12\/f1_51760173370_o-1024x683.jpg 1024w, https:\/\/www.cidademarketing.com.br\/marketing\/wp-content\/uploads\/2021\/12\/f1_51760173370_o-768x512.jpg 768w, https:\/\/www.cidademarketing.com.br\/marketing\/wp-content\/uploads\/2021\/12\/f1_51760173370_o-1536x1024.jpg 1536w, https:\/\/www.cidademarketing.com.br\/marketing\/wp-content\/uploads\/2021\/12\/f1_51760173370_o-2048x1365.jpg 2048w, https:\/\/www.cidademarketing.com.br\/marketing\/wp-content\/uploads\/2021\/12\/f1_51760173370_o-640x427.jpg 640w, https:\/\/www.cidademarketing.com.br\/marketing\/wp-content\/uploads\/2021\/12\/f1_51760173370_o-681x454.jpg 681w\" sizes=\"(max-width: 630px) 100vw, 630px\" alt=\"\">\r\n                            <\/a>\r\n                            <figcaption class = \"td-slide-caption td-gallery-slide-content\"><div class = \"td-gallery-slide-copywrite\">Fernando Alonso (ES) Ferrari F138\nG.P. de Brasil, 19a prueba del Mundial, en el circuito Interlagos (Sao Paulo) el sabado 24 de noviembre de 2013 *** Local Caption *** RUBIO<\/div><\/figcaption>\r\n                        <\/figure>\r\n                    <\/div>\r\n                    <div class = \"td-slide-item td-item7\">\r\n                        <figure class=\"td-slide-galery-figure td-slide-popup-gallery\">\r\n                            <a class=\"slide-gallery-image-link\" href=\"https:\/\/www.cidademarketing.com.br\/marketing\/wp-content\/uploads\/2021\/12\/f1_51759549783_o-scaled.jpg\" title=\"F1\"  data-caption=\"Kimi Raikkonen. Ferrari.\nTest en Barcelona, D\u00eda 1, Circuito de Catalu\u00f1a, Espa\u00f1a. Jueves 19\/2\/2015\"  data-description=\"\">\r\n                                <img decoding=\"async\" src=\"https:\/\/www.cidademarketing.com.br\/marketing\/wp-content\/uploads\/2021\/12\/f1_51759549783_o-630x420.jpg\" srcset=\"https:\/\/www.cidademarketing.com.br\/marketing\/wp-content\/uploads\/2021\/12\/f1_51759549783_o-630x420.jpg 630w, https:\/\/www.cidademarketing.com.br\/marketing\/wp-content\/uploads\/2021\/12\/f1_51759549783_o-300x200.jpg 300w, https:\/\/www.cidademarketing.com.br\/marketing\/wp-content\/uploads\/2021\/12\/f1_51759549783_o-1024x683.jpg 1024w, https:\/\/www.cidademarketing.com.br\/marketing\/wp-content\/uploads\/2021\/12\/f1_51759549783_o-768x512.jpg 768w, https:\/\/www.cidademarketing.com.br\/marketing\/wp-content\/uploads\/2021\/12\/f1_51759549783_o-1536x1024.jpg 1536w, https:\/\/www.cidademarketing.com.br\/marketing\/wp-content\/uploads\/2021\/12\/f1_51759549783_o-2048x1365.jpg 2048w, https:\/\/www.cidademarketing.com.br\/marketing\/wp-content\/uploads\/2021\/12\/f1_51759549783_o-640x427.jpg 640w, https:\/\/www.cidademarketing.com.br\/marketing\/wp-content\/uploads\/2021\/12\/f1_51759549783_o-681x454.jpg 681w\" sizes=\"(max-width: 630px) 100vw, 630px\" alt=\"\">\r\n                            <\/a>\r\n                            <figcaption class = \"td-slide-caption td-gallery-slide-content\"><div class = \"td-gallery-slide-copywrite\">Kimi Raikkonen. Ferrari.\nTest en Barcelona, D\u00eda 1, Circuito de Catalu\u00f1a, Espa\u00f1a. Jueves 19\/2\/2015<\/div><\/figcaption>\r\n                        <\/figure>\r\n                    <\/div>\r\n                    <div class = \"td-slide-item td-item8\">\r\n                        <figure class=\"td-slide-galery-figure td-slide-popup-gallery\">\r\n                            <a class=\"slide-gallery-image-link\" href=\"https:\/\/www.cidademarketing.com.br\/marketing\/wp-content\/uploads\/2021\/12\/f1_51759549808_o-scaled.jpg\" title=\"F1\"  data-caption=\"Kimi Raikkonen. Ferrari.\nTest en Barcelona, D\u00eda 1, Circuito de Catalu\u00f1a, Espa\u00f1a. Jueves 19\/2\/2015\"  data-description=\"\">\r\n                                <img decoding=\"async\" src=\"https:\/\/www.cidademarketing.com.br\/marketing\/wp-content\/uploads\/2021\/12\/f1_51759549808_o-631x420.jpg\" srcset=\"https:\/\/www.cidademarketing.com.br\/marketing\/wp-content\/uploads\/2021\/12\/f1_51759549808_o-631x420.jpg 631w, https:\/\/www.cidademarketing.com.br\/marketing\/wp-content\/uploads\/2021\/12\/f1_51759549808_o-300x200.jpg 300w, https:\/\/www.cidademarketing.com.br\/marketing\/wp-content\/uploads\/2021\/12\/f1_51759549808_o-1024x682.jpg 1024w, https:\/\/www.cidademarketing.com.br\/marketing\/wp-content\/uploads\/2021\/12\/f1_51759549808_o-768x511.jpg 768w, https:\/\/www.cidademarketing.com.br\/marketing\/wp-content\/uploads\/2021\/12\/f1_51759549808_o-1536x1022.jpg 1536w, https:\/\/www.cidademarketing.com.br\/marketing\/wp-content\/uploads\/2021\/12\/f1_51759549808_o-2048x1363.jpg 2048w, https:\/\/www.cidademarketing.com.br\/marketing\/wp-content\/uploads\/2021\/12\/f1_51759549808_o-640x426.jpg 640w, https:\/\/www.cidademarketing.com.br\/marketing\/wp-content\/uploads\/2021\/12\/f1_51759549808_o-681x453.jpg 681w\" sizes=\"(max-width: 631px) 100vw, 631px\" alt=\"\">\r\n                            <\/a>\r\n                            <figcaption class = \"td-slide-caption td-gallery-slide-content\"><div class = \"td-gallery-slide-copywrite\">Kimi Raikkonen. Ferrari.\nTest en Barcelona, D\u00eda 1, Circuito de Catalu\u00f1a, Espa\u00f1a. Jueves 19\/2\/2015<\/div><\/figcaption>\r\n                        <\/figure>\r\n                    <\/div>\r\n                    <div class = \"td-slide-item td-item9\">\r\n                        <figure class=\"td-slide-galery-figure td-slide-popup-gallery\">\r\n                            <a class=\"slide-gallery-image-link\" href=\"https:\/\/www.cidademarketing.com.br\/marketing\/wp-content\/uploads\/2021\/12\/ana-botn-presidenta-de-banco-santander-en-el-gran-premio-de-gran-bretaa-de-2011_51760173480_o-scaled.jpg\" title=\"ana-botn-presidenta-de-banco-santander-en-el-gran-premio-de-gran-bretaa-de-2011_51760173480_o\"  data-caption=\"\"  data-description=\"\">\r\n                                <img decoding=\"async\" src=\"https:\/\/www.cidademarketing.com.br\/marketing\/wp-content\/uploads\/2021\/12\/ana-botn-presidenta-de-banco-santander-en-el-gran-premio-de-gran-bretaa-de-2011_51760173480_o-433x420.jpg\" srcset=\"https:\/\/www.cidademarketing.com.br\/marketing\/wp-content\/uploads\/2021\/12\/ana-botn-presidenta-de-banco-santander-en-el-gran-premio-de-gran-bretaa-de-2011_51760173480_o-433x420.jpg 433w, https:\/\/www.cidademarketing.com.br\/marketing\/wp-content\/uploads\/2021\/12\/ana-botn-presidenta-de-banco-santander-en-el-gran-premio-de-gran-bretaa-de-2011_51760173480_o-300x291.jpg 300w, https:\/\/www.cidademarketing.com.br\/marketing\/wp-content\/uploads\/2021\/12\/ana-botn-presidenta-de-banco-santander-en-el-gran-premio-de-gran-bretaa-de-2011_51760173480_o-1024x992.jpg 1024w, https:\/\/www.cidademarketing.com.br\/marketing\/wp-content\/uploads\/2021\/12\/ana-botn-presidenta-de-banco-santander-en-el-gran-premio-de-gran-bretaa-de-2011_51760173480_o-768x744.jpg 768w, https:\/\/www.cidademarketing.com.br\/marketing\/wp-content\/uploads\/2021\/12\/ana-botn-presidenta-de-banco-santander-en-el-gran-premio-de-gran-bretaa-de-2011_51760173480_o-1536x1489.jpg 1536w, https:\/\/www.cidademarketing.com.br\/marketing\/wp-content\/uploads\/2021\/12\/ana-botn-presidenta-de-banco-santander-en-el-gran-premio-de-gran-bretaa-de-2011_51760173480_o-2048x1985.jpg 2048w, https:\/\/www.cidademarketing.com.br\/marketing\/wp-content\/uploads\/2021\/12\/ana-botn-presidenta-de-banco-santander-en-el-gran-premio-de-gran-bretaa-de-2011_51760173480_o-640x620.jpg 640w, https:\/\/www.cidademarketing.com.br\/marketing\/wp-content\/uploads\/2021\/12\/ana-botn-presidenta-de-banco-santander-en-el-gran-premio-de-gran-bretaa-de-2011_51760173480_o-681x660.jpg 681w\" sizes=\"(max-width: 433px) 100vw, 433px\" alt=\"\">\r\n                            <\/a>\r\n                            \r\n                        <\/figure>\r\n                    <\/div>\r\n                            <\/div>\r\n                        <\/div>\r\n\r\n                        <div class = \"td-doubleSlider-2\">\r\n                            <div class = \"td-slider\">\r\n                                \r\n                    <div class = \"td-button td-item1\">\r\n                        <div class = \"td-border\"><\/div>\r\n                    <\/div>\r\n                    <div class = \"td-button td-item2\">\r\n                        <div class = \"td-border\"><\/div>\r\n                    <\/div>\r\n                    <div class = \"td-button td-item3\">\r\n                        <div class = \"td-border\"><\/div>\r\n                    <\/div>\r\n                    <div class = \"td-button td-item4\">\r\n                        <div class = \"td-border\"><\/div>\r\n                    <\/div>\r\n                    <div class = \"td-button td-item5\">\r\n                        <div class = \"td-border\"><\/div>\r\n                    <\/div>\r\n                    <div class = \"td-button td-item6\">\r\n                        <div class = \"td-border\"><\/div>\r\n                    <\/div>\r\n                    <div class = \"td-button td-item7\">\r\n                        <div class = \"td-border\"><\/div>\r\n                    <\/div>\r\n                    <div class = \"td-button td-item8\">\r\n                        <div class = \"td-border\"><\/div>\r\n                    <\/div>\r\n                    <div class = \"td-button td-item9\">\r\n                        <div class = \"td-border\"><\/div>\r\n                    <\/div>\r\n                            <\/div>\r\n                        <\/div>\r\n\r\n                    <\/div>\r\n\r\n                <\/div>\r\n                \n<p>&nbsp;<\/p>\n<p class=\"v1MsoNormal\">&#8220;Estamos muito entusiasmados por trabalhar com a Ferrari novamente e apoi\u00e1-la em sua transi\u00e7\u00e3o verde. O Santander est\u00e1 comprometido com a luta contra as mudan\u00e7as clim\u00e1ticas e, como a empresa l\u00edder de financiamento de autom\u00f3veis na Europa, chegamos para ajudar com a constru\u00e7\u00e3o de uma ind\u00fastria automotiva sustent\u00e1vel&#8221;, declara Ana Bot\u00edn, presidente do Banco Santander. &#8220;Esta alian\u00e7a com a Ferrari vai acelerar o desenvolvimento das duas empresas nessa \u00e1rea&#8221;, conclui.<\/p>\n<p class=\"v1MsoNormal\">Desde 2020, o Santander \u00e9 carbono neutro em suas pr\u00f3prias atividades e, at\u00e9 2050, tem a ambi\u00e7\u00e3o de alcan\u00e7ar emiss\u00e3o l\u00edquida zero para todas as emiss\u00f5es dos seus clientes derivadas de qualquer servi\u00e7o financeiro, assessoramento ou investimento que o banco oferece. Em 2020, o Santander foi considerado o banco l\u00edder global no financiamento de energia renov\u00e1vel e o Santander CIB possui equipes especializadas em assessorar grandes empresas em realizar sua transi\u00e7\u00e3o verde. Al\u00e9m disso, os neg\u00f3cios relacionados ao financiamento de ve\u00edculos na Europa (Santander Consumer Finance), nos Estados Unidos (Santander Consumer USA) e em outros mercados apoiam o desenvolvimento de solu\u00e7\u00f5es de mobilidade sustent\u00e1vel.<\/p>\n<p class=\"v1MsoNormal\">John Elkann, presidente da Ferrari, disse: &#8220;\u00c9 uma honra ter como parceiro um l\u00edder financeiro global como o Banco Santander, que tamb\u00e9m se destaca por sua responsabilidade, sua lideran\u00e7a global no financiamento de energias renov\u00e1veis \u200b\u200be na assessoria em projetos ESG (fatores ambientais, sociais e de governan\u00e7a corporativa). Agradecemos ao Banco por seu apoio em alcan\u00e7ar nossa meta priorit\u00e1ria de alcan\u00e7ar a neutralidade de carbono at\u00e9 2030. As grandes inova\u00e7\u00f5es e avan\u00e7os tecnol\u00f3gicos da F1 s\u00e3o transportados para toda a ind\u00fastria, beneficiando a sociedade como um todo.&#8221;<\/p>\n<p><iframe title=\"SANTANDER y FERRARI, JUNTOS por un MUNDO m\u00e1s VERDE | Banco Santander\" width=\"640\" height=\"360\" src=\"https:\/\/www.youtube.com\/embed\/JcnQn1hpEYY?feature=oembed\" frameborder=\"0\" allow=\"accelerometer; autoplay; clipboard-write; encrypted-media; gyroscope; picture-in-picture; web-share\" referrerpolicy=\"strict-origin-when-cross-origin\" allowfullscreen><\/iframe><\/p>\n<p>&nbsp;<\/p>\n<p class=\"v1MsoNormal\">H\u00e1 70 anos, o investimento da F1 e das equipes t\u00eam servido de banco de ensaio para alguns avan\u00e7os tecnol\u00f3gicos, que v\u00e3o desde aspectos da aerodin\u00e2mica at\u00e9 o design dos freios, o que tem permitido ao setor automotivo combater as emiss\u00f5es de carbono. Desde 2014, a efici\u00eancia de combust\u00edvel dos carros de F1 melhorou 50%. Em 2026, a F1 planeja apresentar o novo motor de F\u00f3rmula 1 \u2013 h\u00edbrido de segunda gera\u00e7\u00e3o \u2013 que ser\u00e1 neutro em carbono e utilizar\u00e1 combust\u00edvel sustent\u00e1vel. Tudo isso para atingir a meta de ser uma competi\u00e7\u00e3o l\u00edquida zero at\u00e9 2030.<\/p>\n<p class=\"v1MsoNormal\">A Ferrari est\u00e1 racionalizando as opera\u00e7\u00f5es log\u00edsticas das corridas com o transporte de menos peso e elimina\u00e7\u00e3o de pl\u00e1sticos de uso \u00fanico, entre outras medidas. Em 2021, a Scuderia Ferrari conquistou a Acredita\u00e7\u00e3o Ambiental de tr\u00eas estrelas da FIA.<\/p>\n<p class=\"v1MsoNormal\">O Banco Santander fez parte da F\u00f3rmula 1 de 2007 a 2017 e mantinha uma alian\u00e7a de sucesso com a Scuderia Ferrari desde 2010. Al\u00e9m da F1, o Santander tamb\u00e9m \u00e9 um dos principais patrocinadores do futebol na Europa e na Am\u00e9rica Latina. Atualmente, o Banco \u00e9 o principal patrocinador da LaLiga Santander na Espanha e patrocinador da Conmebol Libertadores. O Santander tamb\u00e9m colabora com diversos esportes populares na Europa e na Am\u00e9rica.<\/p>\n<p><iframe style=\"width: 100%; max-width: 660px; overflow: hidden; background: transparent;\" src=\"https:\/\/embed.podcasts.apple.com\/br\/podcast\/podcast-cidademarketing\/id1371923283\" height=\"450\" frameborder=\"0\" sandbox=\"allow-forms allow-popups allow-same-origin allow-scripts allow-storage-access-by-user-activation allow-top-navigation-by-user-activation\"><\/iframe><\/p>\n","protected":false},"excerpt":{"rendered":"<p>O Banco Santander anunciou hoje que se tornou patrocinador oficial da Scuderia Ferrari, em parceria que levar\u00e1 o logo da institui\u00e7\u00e3o financeira para locais de destaque no carro, kit de corrida e bon\u00e9 da equipe. Como parte do acordo, o Santander oferecer\u00e1 \u00e0 Scuderia Ferrari solu\u00e7\u00f5es para apoiar seus planos de ser neutra em carbono [&hellip;]<\/p>\n","protected":false},"author":1,"featured_media":33311,"comment_status":"open","ping_status":"open","sticky":false,"template":"","format":"standard","meta":{"tdm_status":"","tdm_grid_status":"","footnotes":""},"categories":[6],"tags":[33,405,28,447,441,5087],"class_list":["post-33308","post","type-post","status-publish","format-standard","has-post-thumbnail","hentry","category-noticias","tag-estrategia","tag-f1","tag-marketing","tag-patrocinio","tag-santander","tag-scuderia-ferrari"],"yoast_head":"<!-- This site is optimized with the Yoast SEO plugin v27.5 - https:\/\/yoast.com\/product\/yoast-seo-wordpress\/ -->\n<title>F1: Santander fecha patroc\u00ednio com a Scuderia Ferrari - CidadeMarketing<\/title>\n<meta name=\"robots\" content=\"index, follow, max-snippet:-1, max-image-preview:large, max-video-preview:-1\" \/>\n<link rel=\"canonical\" href=\"https:\/\/www.cidademarketing.com.br\/marketing\/2021\/12\/21\/f1-santander-fecha-patrocinio-com-a-scuderia-ferrari\/\" \/>\n<meta property=\"og:locale\" content=\"pt_BR\" \/>\n<meta property=\"og:type\" content=\"article\" \/>\n<meta property=\"og:title\" content=\"F1: Santander fecha patroc\u00ednio com a Scuderia Ferrari - CidadeMarketing\" \/>\n<meta property=\"og:description\" content=\"O Banco Santander anunciou hoje que se tornou patrocinador oficial da Scuderia Ferrari, em parceria que levar\u00e1 o logo da institui\u00e7\u00e3o financeira para locais de destaque no carro, kit de corrida e bon\u00e9 da equipe. Como parte do acordo, o Santander oferecer\u00e1 \u00e0 Scuderia Ferrari solu\u00e7\u00f5es para apoiar seus planos de ser neutra em carbono [&hellip;]\" \/>\n<meta property=\"og:url\" content=\"https:\/\/www.cidademarketing.com.br\/marketing\/2021\/12\/21\/f1-santander-fecha-patrocinio-com-a-scuderia-ferrari\/\" \/>\n<meta property=\"og:site_name\" content=\"CidadeMarketing\" \/>\n<meta property=\"article:publisher\" content=\"https:\/\/www.facebook.com\/portalcidademarketing\" \/>\n<meta property=\"article:author\" content=\"https:\/\/www.facebook.com\/thalesbrandao\" \/>\n<meta property=\"article:published_time\" content=\"2021-12-21T19:17:16+00:00\" \/>\n<meta property=\"og:image\" content=\"https:\/\/www.cidademarketing.com.br\/marketing\/wp-content\/uploads\/2021\/12\/2010-german-grand-prix_51759961274_o-scaled.jpg\" \/>\n\t<meta property=\"og:image:width\" content=\"2560\" \/>\n\t<meta property=\"og:image:height\" content=\"1707\" \/>\n\t<meta property=\"og:image:type\" content=\"image\/jpeg\" \/>\n<meta name=\"author\" content=\"Thales Brand\u00e3o\" \/>\n<meta name=\"twitter:card\" content=\"summary_large_image\" \/>\n<meta name=\"twitter:creator\" content=\"@http:\/\/www.twitter.com\/thalesbrandao\" \/>\n<meta name=\"twitter:site\" content=\"@CidadeMarketing\" \/>\n<meta name=\"twitter:label1\" content=\"Escrito por\" \/>\n\t<meta name=\"twitter:data1\" content=\"Thales Brand\u00e3o\" \/>\n\t<meta name=\"twitter:label2\" content=\"Est. tempo de leitura\" \/>\n\t<meta name=\"twitter:data2\" content=\"3 minutos\" \/>\n<script type=\"application\/ld+json\" class=\"yoast-schema-graph\">{\"@context\":\"https:\\\/\\\/schema.org\",\"@graph\":[{\"@type\":\"Article\",\"@id\":\"https:\\\/\\\/www.cidademarketing.com.br\\\/marketing\\\/2021\\\/12\\\/21\\\/f1-santander-fecha-patrocinio-com-a-scuderia-ferrari\\\/#article\",\"isPartOf\":{\"@id\":\"https:\\\/\\\/www.cidademarketing.com.br\\\/marketing\\\/2021\\\/12\\\/21\\\/f1-santander-fecha-patrocinio-com-a-scuderia-ferrari\\\/\"},\"author\":{\"name\":\"Thales Brand\u00e3o\",\"@id\":\"https:\\\/\\\/www.cidademarketing.com.br\\\/marketing\\\/#\\\/schema\\\/person\\\/02daff9f18bd9378c9e01eb6b2db155f\"},\"headline\":\"F1: Santander fecha patroc\u00ednio com a Scuderia Ferrari\",\"datePublished\":\"2021-12-21T19:17:16+00:00\",\"mainEntityOfPage\":{\"@id\":\"https:\\\/\\\/www.cidademarketing.com.br\\\/marketing\\\/2021\\\/12\\\/21\\\/f1-santander-fecha-patrocinio-com-a-scuderia-ferrari\\\/\"},\"wordCount\":651,\"commentCount\":0,\"publisher\":{\"@id\":\"https:\\\/\\\/www.cidademarketing.com.br\\\/marketing\\\/#organization\"},\"image\":{\"@id\":\"https:\\\/\\\/www.cidademarketing.com.br\\\/marketing\\\/2021\\\/12\\\/21\\\/f1-santander-fecha-patrocinio-com-a-scuderia-ferrari\\\/#primaryimage\"},\"thumbnailUrl\":\"https:\\\/\\\/www.cidademarketing.com.br\\\/marketing\\\/wp-content\\\/uploads\\\/2021\\\/12\\\/2010-german-grand-prix_51759961274_o-scaled.jpg\",\"keywords\":[\"estrat\u00e9gia\",\"F1\",\"marketing\",\"patroc\u00ednio\",\"Santander\",\"Scuderia Ferrari\"],\"articleSection\":[\"Not\u00edcias\"],\"inLanguage\":\"pt-BR\",\"potentialAction\":[{\"@type\":\"CommentAction\",\"name\":\"Comment\",\"target\":[\"https:\\\/\\\/www.cidademarketing.com.br\\\/marketing\\\/2021\\\/12\\\/21\\\/f1-santander-fecha-patrocinio-com-a-scuderia-ferrari\\\/#respond\"]}]},{\"@type\":\"WebPage\",\"@id\":\"https:\\\/\\\/www.cidademarketing.com.br\\\/marketing\\\/2021\\\/12\\\/21\\\/f1-santander-fecha-patrocinio-com-a-scuderia-ferrari\\\/\",\"url\":\"https:\\\/\\\/www.cidademarketing.com.br\\\/marketing\\\/2021\\\/12\\\/21\\\/f1-santander-fecha-patrocinio-com-a-scuderia-ferrari\\\/\",\"name\":\"F1: Santander fecha patroc\u00ednio com a Scuderia Ferrari - CidadeMarketing\",\"isPartOf\":{\"@id\":\"https:\\\/\\\/www.cidademarketing.com.br\\\/marketing\\\/#website\"},\"primaryImageOfPage\":{\"@id\":\"https:\\\/\\\/www.cidademarketing.com.br\\\/marketing\\\/2021\\\/12\\\/21\\\/f1-santander-fecha-patrocinio-com-a-scuderia-ferrari\\\/#primaryimage\"},\"image\":{\"@id\":\"https:\\\/\\\/www.cidademarketing.com.br\\\/marketing\\\/2021\\\/12\\\/21\\\/f1-santander-fecha-patrocinio-com-a-scuderia-ferrari\\\/#primaryimage\"},\"thumbnailUrl\":\"https:\\\/\\\/www.cidademarketing.com.br\\\/marketing\\\/wp-content\\\/uploads\\\/2021\\\/12\\\/2010-german-grand-prix_51759961274_o-scaled.jpg\",\"datePublished\":\"2021-12-21T19:17:16+00:00\",\"breadcrumb\":{\"@id\":\"https:\\\/\\\/www.cidademarketing.com.br\\\/marketing\\\/2021\\\/12\\\/21\\\/f1-santander-fecha-patrocinio-com-a-scuderia-ferrari\\\/#breadcrumb\"},\"inLanguage\":\"pt-BR\",\"potentialAction\":[{\"@type\":\"ReadAction\",\"target\":[\"https:\\\/\\\/www.cidademarketing.com.br\\\/marketing\\\/2021\\\/12\\\/21\\\/f1-santander-fecha-patrocinio-com-a-scuderia-ferrari\\\/\"]}]},{\"@type\":\"ImageObject\",\"inLanguage\":\"pt-BR\",\"@id\":\"https:\\\/\\\/www.cidademarketing.com.br\\\/marketing\\\/2021\\\/12\\\/21\\\/f1-santander-fecha-patrocinio-com-a-scuderia-ferrari\\\/#primaryimage\",\"url\":\"https:\\\/\\\/www.cidademarketing.com.br\\\/marketing\\\/wp-content\\\/uploads\\\/2021\\\/12\\\/2010-german-grand-prix_51759961274_o-scaled.jpg\",\"contentUrl\":\"https:\\\/\\\/www.cidademarketing.com.br\\\/marketing\\\/wp-content\\\/uploads\\\/2021\\\/12\\\/2010-german-grand-prix_51759961274_o-scaled.jpg\",\"width\":2560,\"height\":1707,\"caption\":\"2010 German Grand Prix - Sunday.Hockenheimring, Hockenheim, Germany.25th July 2010.Felipe Massa, Ferrari F10, 2nd position, leads Fernando Alonso, Ferrari F10, 1st position. Action. .Photo: Glenn Dunbar \\\/ LAT Photographic.ref: Digital Image _G7C2341\"},{\"@type\":\"BreadcrumbList\",\"@id\":\"https:\\\/\\\/www.cidademarketing.com.br\\\/marketing\\\/2021\\\/12\\\/21\\\/f1-santander-fecha-patrocinio-com-a-scuderia-ferrari\\\/#breadcrumb\",\"itemListElement\":[{\"@type\":\"ListItem\",\"position\":1,\"name\":\"In\u00edcio\",\"item\":\"https:\\\/\\\/www.cidademarketing.com.br\\\/marketing\\\/\"},{\"@type\":\"ListItem\",\"position\":2,\"name\":\"F1: Santander fecha patroc\u00ednio com a Scuderia Ferrari\"}]},{\"@type\":\"WebSite\",\"@id\":\"https:\\\/\\\/www.cidademarketing.com.br\\\/marketing\\\/#website\",\"url\":\"https:\\\/\\\/www.cidademarketing.com.br\\\/marketing\\\/\",\"name\":\"CidadeMarketing\",\"description\":\"Somos um ve\u00edculo de comunica\u00e7\u00e3o de destaque no Brasil, reconhecido por conte\u00fados nos segmentos de marketing, empreendedorismo e inova\u00e7\u00e3o.\",\"publisher\":{\"@id\":\"https:\\\/\\\/www.cidademarketing.com.br\\\/marketing\\\/#organization\"},\"alternateName\":\"CidadeMarketing\",\"potentialAction\":[{\"@type\":\"SearchAction\",\"target\":{\"@type\":\"EntryPoint\",\"urlTemplate\":\"https:\\\/\\\/www.cidademarketing.com.br\\\/marketing\\\/?s={search_term_string}\"},\"query-input\":{\"@type\":\"PropertyValueSpecification\",\"valueRequired\":true,\"valueName\":\"search_term_string\"}}],\"inLanguage\":\"pt-BR\"},{\"@type\":\"Organization\",\"@id\":\"https:\\\/\\\/www.cidademarketing.com.br\\\/marketing\\\/#organization\",\"name\":\"CidadeMarketing\",\"alternateName\":\"CidadeMarketing\",\"url\":\"https:\\\/\\\/www.cidademarketing.com.br\\\/marketing\\\/\",\"logo\":{\"@type\":\"ImageObject\",\"inLanguage\":\"pt-BR\",\"@id\":\"https:\\\/\\\/www.cidademarketing.com.br\\\/marketing\\\/#\\\/schema\\\/logo\\\/image\\\/\",\"url\":\"https:\\\/\\\/www.cidademarketing.com.br\\\/marketing\\\/wp-content\\\/uploads\\\/2020\\\/01\\\/cidademarketing_marca_mobile.png\",\"contentUrl\":\"https:\\\/\\\/www.cidademarketing.com.br\\\/marketing\\\/wp-content\\\/uploads\\\/2020\\\/01\\\/cidademarketing_marca_mobile.png\",\"width\":230,\"height\":92,\"caption\":\"CidadeMarketing\"},\"image\":{\"@id\":\"https:\\\/\\\/www.cidademarketing.com.br\\\/marketing\\\/#\\\/schema\\\/logo\\\/image\\\/\"},\"sameAs\":[\"https:\\\/\\\/www.facebook.com\\\/portalcidademarketing\",\"https:\\\/\\\/x.com\\\/CidadeMarketing\",\"https:\\\/\\\/www.instagram.com\\\/cidademarketing\\\/\"]},{\"@type\":\"Person\",\"@id\":\"https:\\\/\\\/www.cidademarketing.com.br\\\/marketing\\\/#\\\/schema\\\/person\\\/02daff9f18bd9378c9e01eb6b2db155f\",\"name\":\"Thales Brand\u00e3o\",\"image\":{\"@type\":\"ImageObject\",\"inLanguage\":\"pt-BR\",\"@id\":\"https:\\\/\\\/secure.gravatar.com\\\/avatar\\\/7ca3206950207cc3cb48feec56a8a7898741ab725c368d99d5d7a5a50aab80c6?s=96&d=mm&r=g\",\"url\":\"https:\\\/\\\/secure.gravatar.com\\\/avatar\\\/7ca3206950207cc3cb48feec56a8a7898741ab725c368d99d5d7a5a50aab80c6?s=96&d=mm&r=g\",\"contentUrl\":\"https:\\\/\\\/secure.gravatar.com\\\/avatar\\\/7ca3206950207cc3cb48feec56a8a7898741ab725c368d99d5d7a5a50aab80c6?s=96&d=mm&r=g\",\"caption\":\"Thales Brand\u00e3o\"},\"description\":\"Editor Executivo do Portal CidadeMarketing.com.br &gt; Mestre em Comunica\u00e7\u00e3o e Sociedade pela Universidade Federal de Sergipe. Possui MBA Executivo em Administra\u00e7\u00e3o com \u00eanfase em Marketing pela Funda\u00e7\u00e3o Get\u00falio Vargas - Rio de Janeiro. Consultor, Palestrante e Pesquisador sobre Empreendedorismo, Marketing, Redes Sociais e Neg\u00f3cios Digitais. Professor, Palestrante TedxTalks e Campus Party. Twitter: @ThalesBrandao\",\"sameAs\":[\"http:\\\/\\\/www.mandacaru.com.br\",\"https:\\\/\\\/www.facebook.com\\\/thalesbrandao\",\"http:\\\/\\\/www.instagram.com.br\\\/thalesbrandaoferreira\",\"https:\\\/\\\/www.linkedin.com\\\/in\\\/thales-brand\u00e3o-3948609\\\/\",\"https:\\\/\\\/x.com\\\/http:\\\/\\\/www.twitter.com\\\/thalesbrandao\"],\"url\":\"https:\\\/\\\/www.cidademarketing.com.br\\\/marketing\\\/author\\\/thalesbrandao\\\/\"}]}<\/script>\n<!-- \/ Yoast SEO plugin. -->","yoast_head_json":{"title":"F1: Santander fecha patroc\u00ednio com a Scuderia Ferrari - CidadeMarketing","robots":{"index":"index","follow":"follow","max-snippet":"max-snippet:-1","max-image-preview":"max-image-preview:large","max-video-preview":"max-video-preview:-1"},"canonical":"https:\/\/www.cidademarketing.com.br\/marketing\/2021\/12\/21\/f1-santander-fecha-patrocinio-com-a-scuderia-ferrari\/","og_locale":"pt_BR","og_type":"article","og_title":"F1: Santander fecha patroc\u00ednio com a Scuderia Ferrari - CidadeMarketing","og_description":"O Banco Santander anunciou hoje que se tornou patrocinador oficial da Scuderia Ferrari, em parceria que levar\u00e1 o logo da institui\u00e7\u00e3o financeira para locais de destaque no carro, kit de corrida e bon\u00e9 da equipe. Como parte do acordo, o Santander oferecer\u00e1 \u00e0 Scuderia Ferrari solu\u00e7\u00f5es para apoiar seus planos de ser neutra em carbono [&hellip;]","og_url":"https:\/\/www.cidademarketing.com.br\/marketing\/2021\/12\/21\/f1-santander-fecha-patrocinio-com-a-scuderia-ferrari\/","og_site_name":"CidadeMarketing","article_publisher":"https:\/\/www.facebook.com\/portalcidademarketing","article_author":"https:\/\/www.facebook.com\/thalesbrandao","article_published_time":"2021-12-21T19:17:16+00:00","og_image":[{"width":2560,"height":1707,"url":"https:\/\/www.cidademarketing.com.br\/marketing\/wp-content\/uploads\/2021\/12\/2010-german-grand-prix_51759961274_o-scaled.jpg","type":"image\/jpeg"}],"author":"Thales Brand\u00e3o","twitter_card":"summary_large_image","twitter_creator":"@http:\/\/www.twitter.com\/thalesbrandao","twitter_site":"@CidadeMarketing","twitter_misc":{"Escrito por":"Thales Brand\u00e3o","Est. tempo de leitura":"3 minutos"},"schema":{"@context":"https:\/\/schema.org","@graph":[{"@type":"Article","@id":"https:\/\/www.cidademarketing.com.br\/marketing\/2021\/12\/21\/f1-santander-fecha-patrocinio-com-a-scuderia-ferrari\/#article","isPartOf":{"@id":"https:\/\/www.cidademarketing.com.br\/marketing\/2021\/12\/21\/f1-santander-fecha-patrocinio-com-a-scuderia-ferrari\/"},"author":{"name":"Thales Brand\u00e3o","@id":"https:\/\/www.cidademarketing.com.br\/marketing\/#\/schema\/person\/02daff9f18bd9378c9e01eb6b2db155f"},"headline":"F1: Santander fecha patroc\u00ednio com a Scuderia Ferrari","datePublished":"2021-12-21T19:17:16+00:00","mainEntityOfPage":{"@id":"https:\/\/www.cidademarketing.com.br\/marketing\/2021\/12\/21\/f1-santander-fecha-patrocinio-com-a-scuderia-ferrari\/"},"wordCount":651,"commentCount":0,"publisher":{"@id":"https:\/\/www.cidademarketing.com.br\/marketing\/#organization"},"image":{"@id":"https:\/\/www.cidademarketing.com.br\/marketing\/2021\/12\/21\/f1-santander-fecha-patrocinio-com-a-scuderia-ferrari\/#primaryimage"},"thumbnailUrl":"https:\/\/www.cidademarketing.com.br\/marketing\/wp-content\/uploads\/2021\/12\/2010-german-grand-prix_51759961274_o-scaled.jpg","keywords":["estrat\u00e9gia","F1","marketing","patroc\u00ednio","Santander","Scuderia Ferrari"],"articleSection":["Not\u00edcias"],"inLanguage":"pt-BR","potentialAction":[{"@type":"CommentAction","name":"Comment","target":["https:\/\/www.cidademarketing.com.br\/marketing\/2021\/12\/21\/f1-santander-fecha-patrocinio-com-a-scuderia-ferrari\/#respond"]}]},{"@type":"WebPage","@id":"https:\/\/www.cidademarketing.com.br\/marketing\/2021\/12\/21\/f1-santander-fecha-patrocinio-com-a-scuderia-ferrari\/","url":"https:\/\/www.cidademarketing.com.br\/marketing\/2021\/12\/21\/f1-santander-fecha-patrocinio-com-a-scuderia-ferrari\/","name":"F1: Santander fecha patroc\u00ednio com a Scuderia Ferrari - CidadeMarketing","isPartOf":{"@id":"https:\/\/www.cidademarketing.com.br\/marketing\/#website"},"primaryImageOfPage":{"@id":"https:\/\/www.cidademarketing.com.br\/marketing\/2021\/12\/21\/f1-santander-fecha-patrocinio-com-a-scuderia-ferrari\/#primaryimage"},"image":{"@id":"https:\/\/www.cidademarketing.com.br\/marketing\/2021\/12\/21\/f1-santander-fecha-patrocinio-com-a-scuderia-ferrari\/#primaryimage"},"thumbnailUrl":"https:\/\/www.cidademarketing.com.br\/marketing\/wp-content\/uploads\/2021\/12\/2010-german-grand-prix_51759961274_o-scaled.jpg","datePublished":"2021-12-21T19:17:16+00:00","breadcrumb":{"@id":"https:\/\/www.cidademarketing.com.br\/marketing\/2021\/12\/21\/f1-santander-fecha-patrocinio-com-a-scuderia-ferrari\/#breadcrumb"},"inLanguage":"pt-BR","potentialAction":[{"@type":"ReadAction","target":["https:\/\/www.cidademarketing.com.br\/marketing\/2021\/12\/21\/f1-santander-fecha-patrocinio-com-a-scuderia-ferrari\/"]}]},{"@type":"ImageObject","inLanguage":"pt-BR","@id":"https:\/\/www.cidademarketing.com.br\/marketing\/2021\/12\/21\/f1-santander-fecha-patrocinio-com-a-scuderia-ferrari\/#primaryimage","url":"https:\/\/www.cidademarketing.com.br\/marketing\/wp-content\/uploads\/2021\/12\/2010-german-grand-prix_51759961274_o-scaled.jpg","contentUrl":"https:\/\/www.cidademarketing.com.br\/marketing\/wp-content\/uploads\/2021\/12\/2010-german-grand-prix_51759961274_o-scaled.jpg","width":2560,"height":1707,"caption":"2010 German Grand Prix - Sunday.Hockenheimring, Hockenheim, Germany.25th July 2010.Felipe Massa, Ferrari F10, 2nd position, leads Fernando Alonso, Ferrari F10, 1st position. Action. .Photo: Glenn Dunbar \/ LAT Photographic.ref: Digital Image _G7C2341"},{"@type":"BreadcrumbList","@id":"https:\/\/www.cidademarketing.com.br\/marketing\/2021\/12\/21\/f1-santander-fecha-patrocinio-com-a-scuderia-ferrari\/#breadcrumb","itemListElement":[{"@type":"ListItem","position":1,"name":"In\u00edcio","item":"https:\/\/www.cidademarketing.com.br\/marketing\/"},{"@type":"ListItem","position":2,"name":"F1: Santander fecha patroc\u00ednio com a Scuderia Ferrari"}]},{"@type":"WebSite","@id":"https:\/\/www.cidademarketing.com.br\/marketing\/#website","url":"https:\/\/www.cidademarketing.com.br\/marketing\/","name":"CidadeMarketing","description":"Somos um ve\u00edculo de comunica\u00e7\u00e3o de destaque no Brasil, reconhecido por conte\u00fados nos segmentos de marketing, empreendedorismo e inova\u00e7\u00e3o.","publisher":{"@id":"https:\/\/www.cidademarketing.com.br\/marketing\/#organization"},"alternateName":"CidadeMarketing","potentialAction":[{"@type":"SearchAction","target":{"@type":"EntryPoint","urlTemplate":"https:\/\/www.cidademarketing.com.br\/marketing\/?s={search_term_string}"},"query-input":{"@type":"PropertyValueSpecification","valueRequired":true,"valueName":"search_term_string"}}],"inLanguage":"pt-BR"},{"@type":"Organization","@id":"https:\/\/www.cidademarketing.com.br\/marketing\/#organization","name":"CidadeMarketing","alternateName":"CidadeMarketing","url":"https:\/\/www.cidademarketing.com.br\/marketing\/","logo":{"@type":"ImageObject","inLanguage":"pt-BR","@id":"https:\/\/www.cidademarketing.com.br\/marketing\/#\/schema\/logo\/image\/","url":"https:\/\/www.cidademarketing.com.br\/marketing\/wp-content\/uploads\/2020\/01\/cidademarketing_marca_mobile.png","contentUrl":"https:\/\/www.cidademarketing.com.br\/marketing\/wp-content\/uploads\/2020\/01\/cidademarketing_marca_mobile.png","width":230,"height":92,"caption":"CidadeMarketing"},"image":{"@id":"https:\/\/www.cidademarketing.com.br\/marketing\/#\/schema\/logo\/image\/"},"sameAs":["https:\/\/www.facebook.com\/portalcidademarketing","https:\/\/x.com\/CidadeMarketing","https:\/\/www.instagram.com\/cidademarketing\/"]},{"@type":"Person","@id":"https:\/\/www.cidademarketing.com.br\/marketing\/#\/schema\/person\/02daff9f18bd9378c9e01eb6b2db155f","name":"Thales Brand\u00e3o","image":{"@type":"ImageObject","inLanguage":"pt-BR","@id":"https:\/\/secure.gravatar.com\/avatar\/7ca3206950207cc3cb48feec56a8a7898741ab725c368d99d5d7a5a50aab80c6?s=96&d=mm&r=g","url":"https:\/\/secure.gravatar.com\/avatar\/7ca3206950207cc3cb48feec56a8a7898741ab725c368d99d5d7a5a50aab80c6?s=96&d=mm&r=g","contentUrl":"https:\/\/secure.gravatar.com\/avatar\/7ca3206950207cc3cb48feec56a8a7898741ab725c368d99d5d7a5a50aab80c6?s=96&d=mm&r=g","caption":"Thales Brand\u00e3o"},"description":"Editor Executivo do Portal CidadeMarketing.com.br &gt; Mestre em Comunica\u00e7\u00e3o e Sociedade pela Universidade Federal de Sergipe. Possui MBA Executivo em Administra\u00e7\u00e3o com \u00eanfase em Marketing pela Funda\u00e7\u00e3o Get\u00falio Vargas - Rio de Janeiro. Consultor, Palestrante e Pesquisador sobre Empreendedorismo, Marketing, Redes Sociais e Neg\u00f3cios Digitais. Professor, Palestrante TedxTalks e Campus Party. Twitter: @ThalesBrandao","sameAs":["http:\/\/www.mandacaru.com.br","https:\/\/www.facebook.com\/thalesbrandao","http:\/\/www.instagram.com.br\/thalesbrandaoferreira","https:\/\/www.linkedin.com\/in\/thales-brand\u00e3o-3948609\/","https:\/\/x.com\/http:\/\/www.twitter.com\/thalesbrandao"],"url":"https:\/\/www.cidademarketing.com.br\/marketing\/author\/thalesbrandao\/"}]}},"amp_enabled":true,"_links":{"self":[{"href":"https:\/\/www.cidademarketing.com.br\/marketing\/wp-json\/wp\/v2\/posts\/33308","targetHints":{"allow":["GET"]}}],"collection":[{"href":"https:\/\/www.cidademarketing.com.br\/marketing\/wp-json\/wp\/v2\/posts"}],"about":[{"href":"https:\/\/www.cidademarketing.com.br\/marketing\/wp-json\/wp\/v2\/types\/post"}],"author":[{"embeddable":true,"href":"https:\/\/www.cidademarketing.com.br\/marketing\/wp-json\/wp\/v2\/users\/1"}],"replies":[{"embeddable":true,"href":"https:\/\/www.cidademarketing.com.br\/marketing\/wp-json\/wp\/v2\/comments?post=33308"}],"version-history":[{"count":1,"href":"https:\/\/www.cidademarketing.com.br\/marketing\/wp-json\/wp\/v2\/posts\/33308\/revisions"}],"predecessor-version":[{"id":33318,"href":"https:\/\/www.cidademarketing.com.br\/marketing\/wp-json\/wp\/v2\/posts\/33308\/revisions\/33318"}],"wp:featuredmedia":[{"embeddable":true,"href":"https:\/\/www.cidademarketing.com.br\/marketing\/wp-json\/wp\/v2\/media\/33311"}],"wp:attachment":[{"href":"https:\/\/www.cidademarketing.com.br\/marketing\/wp-json\/wp\/v2\/media?parent=33308"}],"wp:term":[{"taxonomy":"category","embeddable":true,"href":"https:\/\/www.cidademarketing.com.br\/marketing\/wp-json\/wp\/v2\/categories?post=33308"},{"taxonomy":"post_tag","embeddable":true,"href":"https:\/\/www.cidademarketing.com.br\/marketing\/wp-json\/wp\/v2\/tags?post=33308"}],"curies":[{"name":"wp","href":"https:\/\/api.w.org\/{rel}","templated":true}]}}