{"id":33289,"date":"2021-12-20T17:32:52","date_gmt":"2021-12-20T20:32:52","guid":{"rendered":"https:\/\/www.cidademarketing.com.br\/marketing\/?p=33289"},"modified":"2021-12-20T17:32:52","modified_gmt":"2021-12-20T20:32:52","slug":"com-37-anos-de-historia-fiat-uno-ciao-marca-a-despedida-de-um-icone","status":"publish","type":"post","link":"https:\/\/www.cidademarketing.com.br\/marketing\/2021\/12\/20\/com-37-anos-de-historia-fiat-uno-ciao-marca-a-despedida-de-um-icone\/","title":{"rendered":"Com 37 anos de hist\u00f3ria, Fiat Uno Ciao marca a despedida de um \u00edcone"},"content":{"rendered":"<p><iframe src=\"https:\/\/open.spotify.com\/embed\/show\/4khMKzP3FgFRWVwb73xicc\" width=\"100%\" height=\"232\" frameborder=\"0\"><\/iframe><br \/>\nA palavra Ciao, em italiano, \u00e9 uma sauda\u00e7\u00e3o com dois sentidos: pode ser usada tanto para cumprimentar algu\u00e9m, quanto para se despedir. Por isso mesmo a Fiat entendeu que n\u00e3o havia melhor forma para batizar a s\u00e9rie especial de despedida do Fiat Uno, cuja produ\u00e7\u00e3o se encerra depois de 37 anos de hist\u00f3ria.<\/p>\n<p>O Uno Ciao \u00e9 uma s\u00e9rie especial limitada de 250 unidades em homenagem a um \u00edcone da ind\u00fastria automotiva brasileira. Fabricado de forma ininterrupta desde agosto de 1984 no Polo Automotivo de Betim (MG), o Fiat Uno acumula 4.379.356 milh\u00f5es de unidades produzidas.<\/p>\n<p>&#8220;Ao longo dos seus 37 anos de mercado, o Uno se tornou um \u00edcone e marcou a vida de milh\u00f5es de brasileiros. Por tudo que ele representa para a marca e para a hist\u00f3ria da ind\u00fastria automotiva, a sua despedida teria que ser \u00e0 altura, mas em clima de celebra\u00e7\u00e3o. O Uno foi o ve\u00edculo mais vendido da Fiat na Am\u00e9rica do Sul, al\u00e9m de ter sido pioneiro em muitos quesitos durante toda a sua trajet\u00f3ria. \u00c9 justamente essa voca\u00e7\u00e3o de inova\u00e7\u00e3o e modernidade que vamos manter viva na gama atual e futura da Fiat, sem d\u00favidas, iremos honrar o legado deste \u00edcone. Por isso n\u00e3o damos &#8216;Adeus&#8217;, mas sim &#8216;Ciao'&#8221;, refor\u00e7a Herlander Zola, diretor do Brand Fiat Am\u00e9rica do Sul e Opera\u00e7\u00f5es Comerciais Brasil.<\/p>\n<p>A s\u00e9rie especial \u00e9 numerada com um emblema que identifica a unidade e marca a despedida do carro mais querido dos brasileiros. A configura\u00e7\u00e3o \u00e9 exclusiva, para honrar f\u00e3s e colecionadores.<\/p>\n<p>Todas as unidades s\u00e3o pintadas exclusivamente de Cinza Silverstone, com teto, retrovisores externos e spoiler traseiro pintados de preto. As portas t\u00eam ma\u00e7anetas na cor do ve\u00edculo e um adesivo lateral com o nome Uno Ciao acompanhado da frase \u201c<em>LA STORIA DI UNA LEGGENDA\u201d<\/em> \u2014 \u201ca hist\u00f3ria de uma lenda\u201d em italiano. O visual marcante \u00e9 complementado por exclusivas rodas de liga leve escuras de 14 polegadas e o logo UNO nas cores da It\u00e1lia \u00e0 esquerda da tampa do porta-malas.<\/p>\n<p>Por dentro, o Uno Ciao adota um padr\u00e3o mais escurecido e acabamento bicolor em tons claros nas portas e na faixa central que cruza o painel. Nela fica a plaqueta numerada, de 001 a 250, aferindo ainda mais exclusividade. Destaque tamb\u00e9m para os bancos com acabamento \u00fanico e apoio de bra\u00e7o para o banco do motorista. O Uno Ciao \u00e9 um presente para todos que, de alguma maneira, tiveram o Uno participando de sua vida.<\/p>\n<p>A lista de equipamentos, um dos atributos hist\u00f3ricos do modelo, segue longa. H\u00e1 ar-condicionado, dire\u00e7\u00e3o hidr\u00e1ulica, quadro de instrumentos com tela de LCD, computador de bordo, sistema de som com r\u00e1dio bluetooth e entrada USB, airbag duplo, travas e vidros el\u00e9tricos dianteiros com <em>one touch<\/em> e antiesmagamento, gancho universal para fixa\u00e7\u00e3o cadeira infantil (Isofix), limpador, lavador e desemba\u00e7ador do vidro traseiro, freios ABS com EBD, cinto de tr\u00eas pontos e encosto de cabe\u00e7a para todos os ocupantes, bancos traseiros bipartidos e rebat\u00edveis. No teto o Uno Ciao leva o exclusivo porta-objetos superior com retrovisor central adicional, ideal para monitorar crian\u00e7as e pets no banco traseiro.<\/p>\n<p>&nbsp;<\/p>\n<p>Nestes 37 anos o Uno desempenhou um papel crucial para os neg\u00f3cios da Fiat no pa\u00eds. Ele rapidamente se tornou sin\u00f4nimo de robustez, versatilidade, efici\u00eancia e confian\u00e7a, conquistando gera\u00e7\u00f5es de clientes e consolidando seu lugar na hist\u00f3ria.<\/p>\n<p><strong>Todos somos Uno<\/strong><\/p>\n<p>Coube ao Uno o pioneirismo de diversas tecnologias na ind\u00fastria. Sua carroceria sempre aliou design com versatilidade, sendo capaz de entregar espa\u00e7o interno, visibilidade e conforto inigual\u00e1veis que revolucionaram o segmento. Tanto que, na sua chegada (1984), o modelo inaugurou o conceito \u201cPequeno por fora, Grande por dentro\u201d.<\/p>\n<p>Em 1987 chegou o Uno 1.5 R, o Fiat mais r\u00e1pido da marca, que fazia de 0 a 100 km\/h em 12 segundos. O papel do Uno na democratiza\u00e7\u00e3o da mobilidade \u00e9 indiscut\u00edvel. Em 1990, ele foi o primeiro carro do Brasil com motor 1,0 litro, mais um ineditismo da marca. Compacto, leve e espa\u00e7oso, ele permitiu que milh\u00f5es de brasileiros pudessem ter um ve\u00edculo zero-quil\u00f4metro moderno em suas garagens.<\/p>\n<p>Em 1994, o Mille ELX se tornou o primeiro carro popular a disponibilizar ar-condicionado. No mesmo ano, e em uma \u00e9poca em que ningu\u00e9m falava em <em>downsizing<\/em>, a Fiat surpreendeu o mercado ao lan\u00e7ar o Uno Turbo, que aliava performance e efici\u00eancia em um modelo que rapidamente se tornou o sonho de consumo dos brasileiros.<\/p>\n<p>As inova\u00e7\u00f5es n\u00e3o pararam a\u00ed. Em 2010, sua segunda gera\u00e7\u00e3o, 100% desenvolvida no Brasil, desafiou o <em>establishment <\/em>com uma proposta surpreendente: arredondar o quadrado, criando uma nova leitura em torno da ess\u00eancia que sempre foi atrelada ao modelo, apresentando o Novo Uno. Mais moderno do que nunca, ele foi a plataforma de sonhos e conceitos, como o Uno Ecology, com pe\u00e7as feitas a partir da cana de a\u00e7\u00facar e teto com c\u00e9lulas fotovoltaicas capazes de aproveitar a luz do sol para gerar eletricidade.<\/p>\n<p>Em 2013 chegava ao fim a primeira gera\u00e7\u00e3o do modelo, marcada pela s\u00e9rie especial Grazie Mille. Em 2015, o Uno Evolution estreou no pa\u00eds a tecnologia Start-Stop. O pequeno da Fiat, respons\u00e1vel por estrear diversos motores marcantes na gama, incluiu em seu vasto curr\u00edculo os modernos propulsores da fam\u00edlia Firefly, nas configura\u00e7\u00f5es 1.0 de tr\u00eas cilindros e 1.3.<\/p>\n<p>N\u00e3o \u00e9 poss\u00edvel falar da ind\u00fastria nacional e da Fiat no Brasil sem citar o Uno. Ele se despede da linha de montagem, mas seguir\u00e1 mais vivo do que nunca por muitas d\u00e9cadas, ajudando a movimentar o pa\u00eds e a criar novas hist\u00f3rias. Por isso, nosso adeus tamb\u00e9m \u00e9 tamb\u00e9m um ol\u00e1: Ciao, Uno!<\/p>\n<p><iframe style=\"width: 100%; max-width: 660px; overflow: hidden; background: transparent;\" src=\"https:\/\/embed.podcasts.apple.com\/br\/podcast\/podcast-cidademarketing\/id1371923283\" height=\"450\" frameborder=\"0\" sandbox=\"allow-forms allow-popups allow-same-origin allow-scripts allow-storage-access-by-user-activation allow-top-navigation-by-user-activation\"><\/iframe><\/p>\n","protected":false},"excerpt":{"rendered":"<p>A palavra Ciao, em italiano, \u00e9 uma sauda\u00e7\u00e3o com dois sentidos: pode ser usada tanto para cumprimentar algu\u00e9m, quanto para se despedir. Por isso mesmo a Fiat entendeu que n\u00e3o havia melhor forma para batizar a s\u00e9rie especial de despedida do Fiat Uno, cuja produ\u00e7\u00e3o se encerra depois de 37 anos de hist\u00f3ria. O Uno [&hellip;]<\/p>\n","protected":false},"author":1,"featured_media":33290,"comment_status":"open","ping_status":"open","sticky":false,"template":"","format":"standard","meta":{"tdm_status":"","tdm_grid_status":"","footnotes":""},"categories":[6],"tags":[4664,33,356,28,5085],"class_list":["post-33289","post","type-post","status-publish","format-standard","has-post-thumbnail","hentry","category-noticias","tag-edicao-limitada","tag-estrategia","tag-fiat","tag-marketing","tag-uno"],"yoast_head":"<!-- This site is optimized with the Yoast SEO plugin v27.5 - https:\/\/yoast.com\/product\/yoast-seo-wordpress\/ -->\n<title>Com 37 anos de hist\u00f3ria, Fiat Uno Ciao marca a despedida de um \u00edcone - CidadeMarketing<\/title>\n<meta name=\"robots\" content=\"index, follow, max-snippet:-1, max-image-preview:large, max-video-preview:-1\" \/>\n<link rel=\"canonical\" href=\"https:\/\/www.cidademarketing.com.br\/marketing\/2021\/12\/20\/com-37-anos-de-historia-fiat-uno-ciao-marca-a-despedida-de-um-icone\/\" \/>\n<meta property=\"og:locale\" content=\"pt_BR\" \/>\n<meta property=\"og:type\" content=\"article\" \/>\n<meta property=\"og:title\" content=\"Com 37 anos de hist\u00f3ria, Fiat Uno Ciao marca a despedida de um \u00edcone - CidadeMarketing\" \/>\n<meta property=\"og:description\" content=\"A palavra Ciao, em italiano, \u00e9 uma sauda\u00e7\u00e3o com dois sentidos: pode ser usada tanto para cumprimentar algu\u00e9m, quanto para se despedir. Por isso mesmo a Fiat entendeu que n\u00e3o havia melhor forma para batizar a s\u00e9rie especial de despedida do Fiat Uno, cuja produ\u00e7\u00e3o se encerra depois de 37 anos de hist\u00f3ria. O Uno [&hellip;]\" \/>\n<meta property=\"og:url\" content=\"https:\/\/www.cidademarketing.com.br\/marketing\/2021\/12\/20\/com-37-anos-de-historia-fiat-uno-ciao-marca-a-despedida-de-um-icone\/\" \/>\n<meta property=\"og:site_name\" content=\"CidadeMarketing\" \/>\n<meta property=\"article:publisher\" content=\"https:\/\/www.facebook.com\/portalcidademarketing\" \/>\n<meta property=\"article:author\" content=\"https:\/\/www.facebook.com\/thalesbrandao\" \/>\n<meta property=\"article:published_time\" content=\"2021-12-20T20:32:52+00:00\" \/>\n<meta property=\"og:image\" content=\"https:\/\/www.cidademarketing.com.br\/marketing\/wp-content\/uploads\/2021\/12\/fiat_uno_ciao.jpg\" \/>\n\t<meta property=\"og:image:width\" content=\"1668\" \/>\n\t<meta property=\"og:image:height\" content=\"900\" \/>\n\t<meta property=\"og:image:type\" content=\"image\/jpeg\" \/>\n<meta name=\"author\" content=\"Thales Brand\u00e3o\" \/>\n<meta name=\"twitter:card\" content=\"summary_large_image\" \/>\n<meta name=\"twitter:creator\" content=\"@http:\/\/www.twitter.com\/thalesbrandao\" \/>\n<meta name=\"twitter:site\" content=\"@CidadeMarketing\" \/>\n<meta name=\"twitter:label1\" content=\"Escrito por\" \/>\n\t<meta name=\"twitter:data1\" content=\"Thales Brand\u00e3o\" \/>\n\t<meta name=\"twitter:label2\" content=\"Est. tempo de leitura\" \/>\n\t<meta name=\"twitter:data2\" content=\"5 minutos\" \/>\n<script type=\"application\/ld+json\" class=\"yoast-schema-graph\">{\"@context\":\"https:\\\/\\\/schema.org\",\"@graph\":[{\"@type\":\"Article\",\"@id\":\"https:\\\/\\\/www.cidademarketing.com.br\\\/marketing\\\/2021\\\/12\\\/20\\\/com-37-anos-de-historia-fiat-uno-ciao-marca-a-despedida-de-um-icone\\\/#article\",\"isPartOf\":{\"@id\":\"https:\\\/\\\/www.cidademarketing.com.br\\\/marketing\\\/2021\\\/12\\\/20\\\/com-37-anos-de-historia-fiat-uno-ciao-marca-a-despedida-de-um-icone\\\/\"},\"author\":{\"name\":\"Thales Brand\u00e3o\",\"@id\":\"https:\\\/\\\/www.cidademarketing.com.br\\\/marketing\\\/#\\\/schema\\\/person\\\/02daff9f18bd9378c9e01eb6b2db155f\"},\"headline\":\"Com 37 anos de hist\u00f3ria, Fiat Uno Ciao marca a despedida de um \u00edcone\",\"datePublished\":\"2021-12-20T20:32:52+00:00\",\"mainEntityOfPage\":{\"@id\":\"https:\\\/\\\/www.cidademarketing.com.br\\\/marketing\\\/2021\\\/12\\\/20\\\/com-37-anos-de-historia-fiat-uno-ciao-marca-a-despedida-de-um-icone\\\/\"},\"wordCount\":990,\"commentCount\":0,\"publisher\":{\"@id\":\"https:\\\/\\\/www.cidademarketing.com.br\\\/marketing\\\/#organization\"},\"image\":{\"@id\":\"https:\\\/\\\/www.cidademarketing.com.br\\\/marketing\\\/2021\\\/12\\\/20\\\/com-37-anos-de-historia-fiat-uno-ciao-marca-a-despedida-de-um-icone\\\/#primaryimage\"},\"thumbnailUrl\":\"https:\\\/\\\/www.cidademarketing.com.br\\\/marketing\\\/wp-content\\\/uploads\\\/2021\\\/12\\\/fiat_uno_ciao.jpg\",\"keywords\":[\"edi\u00e7\u00e3o limitada\",\"estrat\u00e9gia\",\"Fiat\",\"marketing\",\"Uno\"],\"articleSection\":[\"Not\u00edcias\"],\"inLanguage\":\"pt-BR\",\"potentialAction\":[{\"@type\":\"CommentAction\",\"name\":\"Comment\",\"target\":[\"https:\\\/\\\/www.cidademarketing.com.br\\\/marketing\\\/2021\\\/12\\\/20\\\/com-37-anos-de-historia-fiat-uno-ciao-marca-a-despedida-de-um-icone\\\/#respond\"]}]},{\"@type\":\"WebPage\",\"@id\":\"https:\\\/\\\/www.cidademarketing.com.br\\\/marketing\\\/2021\\\/12\\\/20\\\/com-37-anos-de-historia-fiat-uno-ciao-marca-a-despedida-de-um-icone\\\/\",\"url\":\"https:\\\/\\\/www.cidademarketing.com.br\\\/marketing\\\/2021\\\/12\\\/20\\\/com-37-anos-de-historia-fiat-uno-ciao-marca-a-despedida-de-um-icone\\\/\",\"name\":\"Com 37 anos de hist\u00f3ria, Fiat Uno Ciao marca a despedida de um \u00edcone - CidadeMarketing\",\"isPartOf\":{\"@id\":\"https:\\\/\\\/www.cidademarketing.com.br\\\/marketing\\\/#website\"},\"primaryImageOfPage\":{\"@id\":\"https:\\\/\\\/www.cidademarketing.com.br\\\/marketing\\\/2021\\\/12\\\/20\\\/com-37-anos-de-historia-fiat-uno-ciao-marca-a-despedida-de-um-icone\\\/#primaryimage\"},\"image\":{\"@id\":\"https:\\\/\\\/www.cidademarketing.com.br\\\/marketing\\\/2021\\\/12\\\/20\\\/com-37-anos-de-historia-fiat-uno-ciao-marca-a-despedida-de-um-icone\\\/#primaryimage\"},\"thumbnailUrl\":\"https:\\\/\\\/www.cidademarketing.com.br\\\/marketing\\\/wp-content\\\/uploads\\\/2021\\\/12\\\/fiat_uno_ciao.jpg\",\"datePublished\":\"2021-12-20T20:32:52+00:00\",\"breadcrumb\":{\"@id\":\"https:\\\/\\\/www.cidademarketing.com.br\\\/marketing\\\/2021\\\/12\\\/20\\\/com-37-anos-de-historia-fiat-uno-ciao-marca-a-despedida-de-um-icone\\\/#breadcrumb\"},\"inLanguage\":\"pt-BR\",\"potentialAction\":[{\"@type\":\"ReadAction\",\"target\":[\"https:\\\/\\\/www.cidademarketing.com.br\\\/marketing\\\/2021\\\/12\\\/20\\\/com-37-anos-de-historia-fiat-uno-ciao-marca-a-despedida-de-um-icone\\\/\"]}]},{\"@type\":\"ImageObject\",\"inLanguage\":\"pt-BR\",\"@id\":\"https:\\\/\\\/www.cidademarketing.com.br\\\/marketing\\\/2021\\\/12\\\/20\\\/com-37-anos-de-historia-fiat-uno-ciao-marca-a-despedida-de-um-icone\\\/#primaryimage\",\"url\":\"https:\\\/\\\/www.cidademarketing.com.br\\\/marketing\\\/wp-content\\\/uploads\\\/2021\\\/12\\\/fiat_uno_ciao.jpg\",\"contentUrl\":\"https:\\\/\\\/www.cidademarketing.com.br\\\/marketing\\\/wp-content\\\/uploads\\\/2021\\\/12\\\/fiat_uno_ciao.jpg\",\"width\":1668,\"height\":900,\"caption\":\"Reprodu\u00e7\u00e3o\"},{\"@type\":\"BreadcrumbList\",\"@id\":\"https:\\\/\\\/www.cidademarketing.com.br\\\/marketing\\\/2021\\\/12\\\/20\\\/com-37-anos-de-historia-fiat-uno-ciao-marca-a-despedida-de-um-icone\\\/#breadcrumb\",\"itemListElement\":[{\"@type\":\"ListItem\",\"position\":1,\"name\":\"In\u00edcio\",\"item\":\"https:\\\/\\\/www.cidademarketing.com.br\\\/marketing\\\/\"},{\"@type\":\"ListItem\",\"position\":2,\"name\":\"Com 37 anos de hist\u00f3ria, Fiat Uno Ciao marca a despedida de um \u00edcone\"}]},{\"@type\":\"WebSite\",\"@id\":\"https:\\\/\\\/www.cidademarketing.com.br\\\/marketing\\\/#website\",\"url\":\"https:\\\/\\\/www.cidademarketing.com.br\\\/marketing\\\/\",\"name\":\"CidadeMarketing\",\"description\":\"Somos um ve\u00edculo de comunica\u00e7\u00e3o de destaque no Brasil, reconhecido por conte\u00fados nos segmentos de marketing, empreendedorismo e inova\u00e7\u00e3o.\",\"publisher\":{\"@id\":\"https:\\\/\\\/www.cidademarketing.com.br\\\/marketing\\\/#organization\"},\"alternateName\":\"CidadeMarketing\",\"potentialAction\":[{\"@type\":\"SearchAction\",\"target\":{\"@type\":\"EntryPoint\",\"urlTemplate\":\"https:\\\/\\\/www.cidademarketing.com.br\\\/marketing\\\/?s={search_term_string}\"},\"query-input\":{\"@type\":\"PropertyValueSpecification\",\"valueRequired\":true,\"valueName\":\"search_term_string\"}}],\"inLanguage\":\"pt-BR\"},{\"@type\":\"Organization\",\"@id\":\"https:\\\/\\\/www.cidademarketing.com.br\\\/marketing\\\/#organization\",\"name\":\"CidadeMarketing\",\"alternateName\":\"CidadeMarketing\",\"url\":\"https:\\\/\\\/www.cidademarketing.com.br\\\/marketing\\\/\",\"logo\":{\"@type\":\"ImageObject\",\"inLanguage\":\"pt-BR\",\"@id\":\"https:\\\/\\\/www.cidademarketing.com.br\\\/marketing\\\/#\\\/schema\\\/logo\\\/image\\\/\",\"url\":\"https:\\\/\\\/www.cidademarketing.com.br\\\/marketing\\\/wp-content\\\/uploads\\\/2020\\\/01\\\/cidademarketing_marca_mobile.png\",\"contentUrl\":\"https:\\\/\\\/www.cidademarketing.com.br\\\/marketing\\\/wp-content\\\/uploads\\\/2020\\\/01\\\/cidademarketing_marca_mobile.png\",\"width\":230,\"height\":92,\"caption\":\"CidadeMarketing\"},\"image\":{\"@id\":\"https:\\\/\\\/www.cidademarketing.com.br\\\/marketing\\\/#\\\/schema\\\/logo\\\/image\\\/\"},\"sameAs\":[\"https:\\\/\\\/www.facebook.com\\\/portalcidademarketing\",\"https:\\\/\\\/x.com\\\/CidadeMarketing\",\"https:\\\/\\\/www.instagram.com\\\/cidademarketing\\\/\"]},{\"@type\":\"Person\",\"@id\":\"https:\\\/\\\/www.cidademarketing.com.br\\\/marketing\\\/#\\\/schema\\\/person\\\/02daff9f18bd9378c9e01eb6b2db155f\",\"name\":\"Thales Brand\u00e3o\",\"image\":{\"@type\":\"ImageObject\",\"inLanguage\":\"pt-BR\",\"@id\":\"https:\\\/\\\/secure.gravatar.com\\\/avatar\\\/7ca3206950207cc3cb48feec56a8a7898741ab725c368d99d5d7a5a50aab80c6?s=96&d=mm&r=g\",\"url\":\"https:\\\/\\\/secure.gravatar.com\\\/avatar\\\/7ca3206950207cc3cb48feec56a8a7898741ab725c368d99d5d7a5a50aab80c6?s=96&d=mm&r=g\",\"contentUrl\":\"https:\\\/\\\/secure.gravatar.com\\\/avatar\\\/7ca3206950207cc3cb48feec56a8a7898741ab725c368d99d5d7a5a50aab80c6?s=96&d=mm&r=g\",\"caption\":\"Thales Brand\u00e3o\"},\"description\":\"Editor Executivo do Portal CidadeMarketing.com.br &gt; Mestre em Comunica\u00e7\u00e3o e Sociedade pela Universidade Federal de Sergipe. Possui MBA Executivo em Administra\u00e7\u00e3o com \u00eanfase em Marketing pela Funda\u00e7\u00e3o Get\u00falio Vargas - Rio de Janeiro. Consultor, Palestrante e Pesquisador sobre Empreendedorismo, Marketing, Redes Sociais e Neg\u00f3cios Digitais. Professor, Palestrante TedxTalks e Campus Party. Twitter: @ThalesBrandao\",\"sameAs\":[\"http:\\\/\\\/www.mandacaru.com.br\",\"https:\\\/\\\/www.facebook.com\\\/thalesbrandao\",\"http:\\\/\\\/www.instagram.com.br\\\/thalesbrandaoferreira\",\"https:\\\/\\\/www.linkedin.com\\\/in\\\/thales-brand\u00e3o-3948609\\\/\",\"https:\\\/\\\/x.com\\\/http:\\\/\\\/www.twitter.com\\\/thalesbrandao\"],\"url\":\"https:\\\/\\\/www.cidademarketing.com.br\\\/marketing\\\/author\\\/thalesbrandao\\\/\"}]}<\/script>\n<!-- \/ Yoast SEO plugin. -->","yoast_head_json":{"title":"Com 37 anos de hist\u00f3ria, Fiat Uno Ciao marca a despedida de um \u00edcone - CidadeMarketing","robots":{"index":"index","follow":"follow","max-snippet":"max-snippet:-1","max-image-preview":"max-image-preview:large","max-video-preview":"max-video-preview:-1"},"canonical":"https:\/\/www.cidademarketing.com.br\/marketing\/2021\/12\/20\/com-37-anos-de-historia-fiat-uno-ciao-marca-a-despedida-de-um-icone\/","og_locale":"pt_BR","og_type":"article","og_title":"Com 37 anos de hist\u00f3ria, Fiat Uno Ciao marca a despedida de um \u00edcone - CidadeMarketing","og_description":"A palavra Ciao, em italiano, \u00e9 uma sauda\u00e7\u00e3o com dois sentidos: pode ser usada tanto para cumprimentar algu\u00e9m, quanto para se despedir. Por isso mesmo a Fiat entendeu que n\u00e3o havia melhor forma para batizar a s\u00e9rie especial de despedida do Fiat Uno, cuja produ\u00e7\u00e3o se encerra depois de 37 anos de hist\u00f3ria. O Uno [&hellip;]","og_url":"https:\/\/www.cidademarketing.com.br\/marketing\/2021\/12\/20\/com-37-anos-de-historia-fiat-uno-ciao-marca-a-despedida-de-um-icone\/","og_site_name":"CidadeMarketing","article_publisher":"https:\/\/www.facebook.com\/portalcidademarketing","article_author":"https:\/\/www.facebook.com\/thalesbrandao","article_published_time":"2021-12-20T20:32:52+00:00","og_image":[{"width":1668,"height":900,"url":"https:\/\/www.cidademarketing.com.br\/marketing\/wp-content\/uploads\/2021\/12\/fiat_uno_ciao.jpg","type":"image\/jpeg"}],"author":"Thales Brand\u00e3o","twitter_card":"summary_large_image","twitter_creator":"@http:\/\/www.twitter.com\/thalesbrandao","twitter_site":"@CidadeMarketing","twitter_misc":{"Escrito por":"Thales Brand\u00e3o","Est. tempo de leitura":"5 minutos"},"schema":{"@context":"https:\/\/schema.org","@graph":[{"@type":"Article","@id":"https:\/\/www.cidademarketing.com.br\/marketing\/2021\/12\/20\/com-37-anos-de-historia-fiat-uno-ciao-marca-a-despedida-de-um-icone\/#article","isPartOf":{"@id":"https:\/\/www.cidademarketing.com.br\/marketing\/2021\/12\/20\/com-37-anos-de-historia-fiat-uno-ciao-marca-a-despedida-de-um-icone\/"},"author":{"name":"Thales Brand\u00e3o","@id":"https:\/\/www.cidademarketing.com.br\/marketing\/#\/schema\/person\/02daff9f18bd9378c9e01eb6b2db155f"},"headline":"Com 37 anos de hist\u00f3ria, Fiat Uno Ciao marca a despedida de um \u00edcone","datePublished":"2021-12-20T20:32:52+00:00","mainEntityOfPage":{"@id":"https:\/\/www.cidademarketing.com.br\/marketing\/2021\/12\/20\/com-37-anos-de-historia-fiat-uno-ciao-marca-a-despedida-de-um-icone\/"},"wordCount":990,"commentCount":0,"publisher":{"@id":"https:\/\/www.cidademarketing.com.br\/marketing\/#organization"},"image":{"@id":"https:\/\/www.cidademarketing.com.br\/marketing\/2021\/12\/20\/com-37-anos-de-historia-fiat-uno-ciao-marca-a-despedida-de-um-icone\/#primaryimage"},"thumbnailUrl":"https:\/\/www.cidademarketing.com.br\/marketing\/wp-content\/uploads\/2021\/12\/fiat_uno_ciao.jpg","keywords":["edi\u00e7\u00e3o limitada","estrat\u00e9gia","Fiat","marketing","Uno"],"articleSection":["Not\u00edcias"],"inLanguage":"pt-BR","potentialAction":[{"@type":"CommentAction","name":"Comment","target":["https:\/\/www.cidademarketing.com.br\/marketing\/2021\/12\/20\/com-37-anos-de-historia-fiat-uno-ciao-marca-a-despedida-de-um-icone\/#respond"]}]},{"@type":"WebPage","@id":"https:\/\/www.cidademarketing.com.br\/marketing\/2021\/12\/20\/com-37-anos-de-historia-fiat-uno-ciao-marca-a-despedida-de-um-icone\/","url":"https:\/\/www.cidademarketing.com.br\/marketing\/2021\/12\/20\/com-37-anos-de-historia-fiat-uno-ciao-marca-a-despedida-de-um-icone\/","name":"Com 37 anos de hist\u00f3ria, Fiat Uno Ciao marca a despedida de um \u00edcone - CidadeMarketing","isPartOf":{"@id":"https:\/\/www.cidademarketing.com.br\/marketing\/#website"},"primaryImageOfPage":{"@id":"https:\/\/www.cidademarketing.com.br\/marketing\/2021\/12\/20\/com-37-anos-de-historia-fiat-uno-ciao-marca-a-despedida-de-um-icone\/#primaryimage"},"image":{"@id":"https:\/\/www.cidademarketing.com.br\/marketing\/2021\/12\/20\/com-37-anos-de-historia-fiat-uno-ciao-marca-a-despedida-de-um-icone\/#primaryimage"},"thumbnailUrl":"https:\/\/www.cidademarketing.com.br\/marketing\/wp-content\/uploads\/2021\/12\/fiat_uno_ciao.jpg","datePublished":"2021-12-20T20:32:52+00:00","breadcrumb":{"@id":"https:\/\/www.cidademarketing.com.br\/marketing\/2021\/12\/20\/com-37-anos-de-historia-fiat-uno-ciao-marca-a-despedida-de-um-icone\/#breadcrumb"},"inLanguage":"pt-BR","potentialAction":[{"@type":"ReadAction","target":["https:\/\/www.cidademarketing.com.br\/marketing\/2021\/12\/20\/com-37-anos-de-historia-fiat-uno-ciao-marca-a-despedida-de-um-icone\/"]}]},{"@type":"ImageObject","inLanguage":"pt-BR","@id":"https:\/\/www.cidademarketing.com.br\/marketing\/2021\/12\/20\/com-37-anos-de-historia-fiat-uno-ciao-marca-a-despedida-de-um-icone\/#primaryimage","url":"https:\/\/www.cidademarketing.com.br\/marketing\/wp-content\/uploads\/2021\/12\/fiat_uno_ciao.jpg","contentUrl":"https:\/\/www.cidademarketing.com.br\/marketing\/wp-content\/uploads\/2021\/12\/fiat_uno_ciao.jpg","width":1668,"height":900,"caption":"Reprodu\u00e7\u00e3o"},{"@type":"BreadcrumbList","@id":"https:\/\/www.cidademarketing.com.br\/marketing\/2021\/12\/20\/com-37-anos-de-historia-fiat-uno-ciao-marca-a-despedida-de-um-icone\/#breadcrumb","itemListElement":[{"@type":"ListItem","position":1,"name":"In\u00edcio","item":"https:\/\/www.cidademarketing.com.br\/marketing\/"},{"@type":"ListItem","position":2,"name":"Com 37 anos de hist\u00f3ria, Fiat Uno Ciao marca a despedida de um \u00edcone"}]},{"@type":"WebSite","@id":"https:\/\/www.cidademarketing.com.br\/marketing\/#website","url":"https:\/\/www.cidademarketing.com.br\/marketing\/","name":"CidadeMarketing","description":"Somos um ve\u00edculo de comunica\u00e7\u00e3o de destaque no Brasil, reconhecido por conte\u00fados nos segmentos de marketing, empreendedorismo e inova\u00e7\u00e3o.","publisher":{"@id":"https:\/\/www.cidademarketing.com.br\/marketing\/#organization"},"alternateName":"CidadeMarketing","potentialAction":[{"@type":"SearchAction","target":{"@type":"EntryPoint","urlTemplate":"https:\/\/www.cidademarketing.com.br\/marketing\/?s={search_term_string}"},"query-input":{"@type":"PropertyValueSpecification","valueRequired":true,"valueName":"search_term_string"}}],"inLanguage":"pt-BR"},{"@type":"Organization","@id":"https:\/\/www.cidademarketing.com.br\/marketing\/#organization","name":"CidadeMarketing","alternateName":"CidadeMarketing","url":"https:\/\/www.cidademarketing.com.br\/marketing\/","logo":{"@type":"ImageObject","inLanguage":"pt-BR","@id":"https:\/\/www.cidademarketing.com.br\/marketing\/#\/schema\/logo\/image\/","url":"https:\/\/www.cidademarketing.com.br\/marketing\/wp-content\/uploads\/2020\/01\/cidademarketing_marca_mobile.png","contentUrl":"https:\/\/www.cidademarketing.com.br\/marketing\/wp-content\/uploads\/2020\/01\/cidademarketing_marca_mobile.png","width":230,"height":92,"caption":"CidadeMarketing"},"image":{"@id":"https:\/\/www.cidademarketing.com.br\/marketing\/#\/schema\/logo\/image\/"},"sameAs":["https:\/\/www.facebook.com\/portalcidademarketing","https:\/\/x.com\/CidadeMarketing","https:\/\/www.instagram.com\/cidademarketing\/"]},{"@type":"Person","@id":"https:\/\/www.cidademarketing.com.br\/marketing\/#\/schema\/person\/02daff9f18bd9378c9e01eb6b2db155f","name":"Thales Brand\u00e3o","image":{"@type":"ImageObject","inLanguage":"pt-BR","@id":"https:\/\/secure.gravatar.com\/avatar\/7ca3206950207cc3cb48feec56a8a7898741ab725c368d99d5d7a5a50aab80c6?s=96&d=mm&r=g","url":"https:\/\/secure.gravatar.com\/avatar\/7ca3206950207cc3cb48feec56a8a7898741ab725c368d99d5d7a5a50aab80c6?s=96&d=mm&r=g","contentUrl":"https:\/\/secure.gravatar.com\/avatar\/7ca3206950207cc3cb48feec56a8a7898741ab725c368d99d5d7a5a50aab80c6?s=96&d=mm&r=g","caption":"Thales Brand\u00e3o"},"description":"Editor Executivo do Portal CidadeMarketing.com.br &gt; Mestre em Comunica\u00e7\u00e3o e Sociedade pela Universidade Federal de Sergipe. Possui MBA Executivo em Administra\u00e7\u00e3o com \u00eanfase em Marketing pela Funda\u00e7\u00e3o Get\u00falio Vargas - Rio de Janeiro. Consultor, Palestrante e Pesquisador sobre Empreendedorismo, Marketing, Redes Sociais e Neg\u00f3cios Digitais. Professor, Palestrante TedxTalks e Campus Party. Twitter: @ThalesBrandao","sameAs":["http:\/\/www.mandacaru.com.br","https:\/\/www.facebook.com\/thalesbrandao","http:\/\/www.instagram.com.br\/thalesbrandaoferreira","https:\/\/www.linkedin.com\/in\/thales-brand\u00e3o-3948609\/","https:\/\/x.com\/http:\/\/www.twitter.com\/thalesbrandao"],"url":"https:\/\/www.cidademarketing.com.br\/marketing\/author\/thalesbrandao\/"}]}},"amp_enabled":true,"_links":{"self":[{"href":"https:\/\/www.cidademarketing.com.br\/marketing\/wp-json\/wp\/v2\/posts\/33289","targetHints":{"allow":["GET"]}}],"collection":[{"href":"https:\/\/www.cidademarketing.com.br\/marketing\/wp-json\/wp\/v2\/posts"}],"about":[{"href":"https:\/\/www.cidademarketing.com.br\/marketing\/wp-json\/wp\/v2\/types\/post"}],"author":[{"embeddable":true,"href":"https:\/\/www.cidademarketing.com.br\/marketing\/wp-json\/wp\/v2\/users\/1"}],"replies":[{"embeddable":true,"href":"https:\/\/www.cidademarketing.com.br\/marketing\/wp-json\/wp\/v2\/comments?post=33289"}],"version-history":[{"count":1,"href":"https:\/\/www.cidademarketing.com.br\/marketing\/wp-json\/wp\/v2\/posts\/33289\/revisions"}],"predecessor-version":[{"id":33291,"href":"https:\/\/www.cidademarketing.com.br\/marketing\/wp-json\/wp\/v2\/posts\/33289\/revisions\/33291"}],"wp:featuredmedia":[{"embeddable":true,"href":"https:\/\/www.cidademarketing.com.br\/marketing\/wp-json\/wp\/v2\/media\/33290"}],"wp:attachment":[{"href":"https:\/\/www.cidademarketing.com.br\/marketing\/wp-json\/wp\/v2\/media?parent=33289"}],"wp:term":[{"taxonomy":"category","embeddable":true,"href":"https:\/\/www.cidademarketing.com.br\/marketing\/wp-json\/wp\/v2\/categories?post=33289"},{"taxonomy":"post_tag","embeddable":true,"href":"https:\/\/www.cidademarketing.com.br\/marketing\/wp-json\/wp\/v2\/tags?post=33289"}],"curies":[{"name":"wp","href":"https:\/\/api.w.org\/{rel}","templated":true}]}}