{"id":33139,"date":"2021-12-13T00:51:05","date_gmt":"2021-12-13T03:51:05","guid":{"rendered":"https:\/\/www.cidademarketing.com.br\/marketing\/?p=33139"},"modified":"2021-12-13T00:51:05","modified_gmt":"2021-12-13T03:51:05","slug":"com-demanda-aquecida-ford-e-senai-cimatec-lancam-curso-de-desenvolvimento-de-software-para-formacao-de-talentos","status":"publish","type":"post","link":"https:\/\/www.cidademarketing.com.br\/marketing\/2021\/12\/13\/com-demanda-aquecida-ford-e-senai-cimatec-lancam-curso-de-desenvolvimento-de-software-para-formacao-de-talentos\/","title":{"rendered":"Com demanda aquecida, Ford e SENAI CIMATEC lan\u00e7am &#8220;Curso De Desenvolvimento de Software para Forma\u00e7\u00e3o de Talentos&#8221;"},"content":{"rendered":"<p><iframe src=\"https:\/\/open.spotify.com\/embed\/show\/4khMKzP3FgFRWVwb73xicc\" width=\"100%\" height=\"232\" frameborder=\"0\"><\/iframe><br \/>\nQuem deseja trabalhar com programa\u00e7\u00e3o de software \u2013 uma das \u00e1reas mais aquecidas do mercado, com grande demanda e disputa de profissionais em todo o mundo \u2013 agora tem a oportunidade de fazer um curso de extens\u00e3o gratuito. A Ford e o Centro Universit\u00e1rio SENAI CIMATEC est\u00e3o lan\u00e7ando o Programa de Forma\u00e7\u00e3o em TI (Tecnologia da Informa\u00e7\u00e3o). A iniciativa tamb\u00e9m contar\u00e1 com o apoio da Alura, maior plataforma brasileira de cursos de tecnologia, da Udemy, plataforma de educa\u00e7\u00e3o \u00e0 dist\u00e2ncia, e da Prefeitura Municipal de Salvador.<\/p>\n<p>O projeto-piloto ser\u00e1 destinado inicialmente aos residentes do estado da Bahia, que poder\u00e3o assistir \u00e0s aulas online, remotamente, ou nas depend\u00eancias do SENAI CIMATEC, em Salvador, com hor\u00e1rios flex\u00edveis. No total, ser\u00e3o oferecidas 100 vagas, sendo 80 delas com bolsa integral, destinadas a pessoas de baixa renda. Para se candidatar, basta ser brasileiro, ter mais de 18 anos e ensino m\u00e9dio completo. O programa abrange um p\u00fablico amplo e est\u00e1 direcionado a jovens e adultos de at\u00e9 60 anos. Aposentados ou profissionais que desejem fazer mudan\u00e7a na carreira tamb\u00e9m est\u00e3o aptos a concorrer a uma vaga. No caso de gratuidade, haver\u00e1 necessidade de comprova\u00e7\u00e3o da situa\u00e7\u00e3o socioecon\u00f4mica do candidato.<\/p>\n<p>O programa oferece dois cursos de extens\u00e3o. O primeiro, chamado \u201cTrilha Front-End\u201d, \u00e9 para quem n\u00e3o tem conhecimento pr\u00e9vio na \u00e1rea de software. O outro, \u201cTrilha Fullstack\u201d, \u00e9 para aqueles j\u00e1 possuem conhecimentos em ingl\u00eas t\u00e9cnico, l\u00f3gica de programa\u00e7\u00e3o e linguagens HTML e CSS.<\/p>\n<p>Ambos os cursos s\u00e3o online, com dura\u00e7\u00e3o de tr\u00eas a seis meses e carga hor\u00e1ria de cerca de 240 horas. As inscri\u00e7\u00f5es podem ser feitas pelo site\u00a0<a href=\"http:\/\/www.formacaoti.senaicimatec.com.br\/\" target=\"_blank\" rel=\"noopener\">www.formacaoti.senaicimatec.com.br<\/a>, de 13 de dezembro a 9 de janeiro de 2022.<\/p>\n<p>\u201cCom a expans\u00e3o do nosso Centro de Desenvolvimento de Produto, na busca por solu\u00e7\u00f5es locais e globais de alta tecnologia, percebemos que falta m\u00e3o de obra qualificada no mercado e, por meio de parcerias de valor, decidimos lan\u00e7ar este programa\u201d, afirma Gustavo Schiavotelo, engenheiro-chefe de Software e Eletr\u00f4nica Veicular da Ford Am\u00e9rica do Sul. \u201cO objetivo \u00e9 formar e aprimorar talentos para trabalhar com desenvolvimento de software, \u00e1rea que oferece grande perspectiva de crescimento, dando oportunidade para pessoas de baixa renda ingressarem nesse campo de atua\u00e7\u00e3o promissor.\u201d<\/p>\n<p>Para o SENAI CIMATEC, a import\u00e2ncia da oferta de bolsas est\u00e1 no impacto direto que causa na trajet\u00f3ria profissional de pessoas que n\u00e3o tiveram oportunidade de pagar por um curso, sobretudo com a qualidade t\u00e9cnica e pedag\u00f3gica do programa e com parceiros de alto n\u00edvel, como a Ford.<\/p>\n<p><iframe style=\"width: 100%; max-width: 660px; overflow: hidden; background: transparent;\" src=\"https:\/\/embed.podcasts.apple.com\/br\/podcast\/podcast-cidademarketing\/id1371923283\" height=\"450\" frameborder=\"0\" sandbox=\"allow-forms allow-popups allow-same-origin allow-scripts allow-storage-access-by-user-activation allow-top-navigation-by-user-activation\"><\/iframe><\/p>\n","protected":false},"excerpt":{"rendered":"<p>Quem deseja trabalhar com programa\u00e7\u00e3o de software \u2013 uma das \u00e1reas mais aquecidas do mercado, com grande demanda e disputa de profissionais em todo o mundo \u2013 agora tem a oportunidade de fazer um curso de extens\u00e3o gratuito. A Ford e o Centro Universit\u00e1rio SENAI CIMATEC est\u00e3o lan\u00e7ando o Programa de Forma\u00e7\u00e3o em TI (Tecnologia [&hellip;]<\/p>\n","protected":false},"author":1,"featured_media":33140,"comment_status":"open","ping_status":"open","sticky":false,"template":"","format":"standard","meta":{"tdm_status":"","tdm_grid_status":"","footnotes":""},"categories":[6],"tags":[648,36,293,28,55,892,185],"class_list":["post-33139","post","type-post","status-publish","format-standard","has-post-thumbnail","hentry","category-noticias","tag-curso","tag-ford","tag-inovacao","tag-marketing","tag-relacionamento","tag-senai","tag-tecnologia"],"yoast_head":"<!-- This site is optimized with the Yoast SEO plugin v27.5 - https:\/\/yoast.com\/product\/yoast-seo-wordpress\/ -->\n<title>Com demanda aquecida, Ford e SENAI CIMATEC lan\u00e7am &quot;Curso De Desenvolvimento de Software para Forma\u00e7\u00e3o de Talentos&quot; - CidadeMarketing<\/title>\n<meta name=\"robots\" content=\"index, follow, max-snippet:-1, max-image-preview:large, max-video-preview:-1\" \/>\n<link rel=\"canonical\" href=\"https:\/\/www.cidademarketing.com.br\/marketing\/2021\/12\/13\/com-demanda-aquecida-ford-e-senai-cimatec-lancam-curso-de-desenvolvimento-de-software-para-formacao-de-talentos\/\" \/>\n<meta property=\"og:locale\" content=\"pt_BR\" \/>\n<meta property=\"og:type\" content=\"article\" \/>\n<meta property=\"og:title\" content=\"Com demanda aquecida, Ford e SENAI CIMATEC lan\u00e7am &quot;Curso De Desenvolvimento de Software para Forma\u00e7\u00e3o de Talentos&quot; - CidadeMarketing\" \/>\n<meta property=\"og:description\" content=\"Quem deseja trabalhar com programa\u00e7\u00e3o de software \u2013 uma das \u00e1reas mais aquecidas do mercado, com grande demanda e disputa de profissionais em todo o mundo \u2013 agora tem a oportunidade de fazer um curso de extens\u00e3o gratuito. A Ford e o Centro Universit\u00e1rio SENAI CIMATEC est\u00e3o lan\u00e7ando o Programa de Forma\u00e7\u00e3o em TI (Tecnologia [&hellip;]\" \/>\n<meta property=\"og:url\" content=\"https:\/\/www.cidademarketing.com.br\/marketing\/2021\/12\/13\/com-demanda-aquecida-ford-e-senai-cimatec-lancam-curso-de-desenvolvimento-de-software-para-formacao-de-talentos\/\" \/>\n<meta property=\"og:site_name\" content=\"CidadeMarketing\" \/>\n<meta property=\"article:publisher\" content=\"https:\/\/www.facebook.com\/portalcidademarketing\" \/>\n<meta property=\"article:author\" content=\"https:\/\/www.facebook.com\/thalesbrandao\" \/>\n<meta property=\"article:published_time\" content=\"2021-12-13T03:51:05+00:00\" \/>\n<meta property=\"og:image\" content=\"https:\/\/www.cidademarketing.com.br\/marketing\/wp-content\/uploads\/2021\/12\/ford_marca_.jpg\" \/>\n\t<meta property=\"og:image:width\" content=\"881\" \/>\n\t<meta property=\"og:image:height\" content=\"495\" \/>\n\t<meta property=\"og:image:type\" content=\"image\/jpeg\" \/>\n<meta name=\"author\" content=\"Thales Brand\u00e3o\" \/>\n<meta name=\"twitter:card\" content=\"summary_large_image\" \/>\n<meta name=\"twitter:creator\" content=\"@http:\/\/www.twitter.com\/thalesbrandao\" \/>\n<meta name=\"twitter:site\" content=\"@CidadeMarketing\" \/>\n<meta name=\"twitter:label1\" content=\"Escrito por\" \/>\n\t<meta name=\"twitter:data1\" content=\"Thales Brand\u00e3o\" \/>\n\t<meta name=\"twitter:label2\" content=\"Est. tempo de leitura\" \/>\n\t<meta name=\"twitter:data2\" content=\"2 minutos\" \/>\n<script type=\"application\/ld+json\" class=\"yoast-schema-graph\">{\"@context\":\"https:\\\/\\\/schema.org\",\"@graph\":[{\"@type\":\"Article\",\"@id\":\"https:\\\/\\\/www.cidademarketing.com.br\\\/marketing\\\/2021\\\/12\\\/13\\\/com-demanda-aquecida-ford-e-senai-cimatec-lancam-curso-de-desenvolvimento-de-software-para-formacao-de-talentos\\\/#article\",\"isPartOf\":{\"@id\":\"https:\\\/\\\/www.cidademarketing.com.br\\\/marketing\\\/2021\\\/12\\\/13\\\/com-demanda-aquecida-ford-e-senai-cimatec-lancam-curso-de-desenvolvimento-de-software-para-formacao-de-talentos\\\/\"},\"author\":{\"name\":\"Thales Brand\u00e3o\",\"@id\":\"https:\\\/\\\/www.cidademarketing.com.br\\\/marketing\\\/#\\\/schema\\\/person\\\/02daff9f18bd9378c9e01eb6b2db155f\"},\"headline\":\"Com demanda aquecida, Ford e SENAI CIMATEC lan\u00e7am &#8220;Curso De Desenvolvimento de Software para Forma\u00e7\u00e3o de Talentos&#8221;\",\"datePublished\":\"2021-12-13T03:51:05+00:00\",\"mainEntityOfPage\":{\"@id\":\"https:\\\/\\\/www.cidademarketing.com.br\\\/marketing\\\/2021\\\/12\\\/13\\\/com-demanda-aquecida-ford-e-senai-cimatec-lancam-curso-de-desenvolvimento-de-software-para-formacao-de-talentos\\\/\"},\"wordCount\":469,\"commentCount\":0,\"publisher\":{\"@id\":\"https:\\\/\\\/www.cidademarketing.com.br\\\/marketing\\\/#organization\"},\"image\":{\"@id\":\"https:\\\/\\\/www.cidademarketing.com.br\\\/marketing\\\/2021\\\/12\\\/13\\\/com-demanda-aquecida-ford-e-senai-cimatec-lancam-curso-de-desenvolvimento-de-software-para-formacao-de-talentos\\\/#primaryimage\"},\"thumbnailUrl\":\"https:\\\/\\\/www.cidademarketing.com.br\\\/marketing\\\/wp-content\\\/uploads\\\/2021\\\/12\\\/ford_marca_.jpg\",\"keywords\":[\"curso\",\"Ford\",\"inova\u00e7\u00e3o\",\"marketing\",\"relacionamento\",\"Senai\",\"tecnologia\"],\"articleSection\":[\"Not\u00edcias\"],\"inLanguage\":\"pt-BR\",\"potentialAction\":[{\"@type\":\"CommentAction\",\"name\":\"Comment\",\"target\":[\"https:\\\/\\\/www.cidademarketing.com.br\\\/marketing\\\/2021\\\/12\\\/13\\\/com-demanda-aquecida-ford-e-senai-cimatec-lancam-curso-de-desenvolvimento-de-software-para-formacao-de-talentos\\\/#respond\"]}]},{\"@type\":\"WebPage\",\"@id\":\"https:\\\/\\\/www.cidademarketing.com.br\\\/marketing\\\/2021\\\/12\\\/13\\\/com-demanda-aquecida-ford-e-senai-cimatec-lancam-curso-de-desenvolvimento-de-software-para-formacao-de-talentos\\\/\",\"url\":\"https:\\\/\\\/www.cidademarketing.com.br\\\/marketing\\\/2021\\\/12\\\/13\\\/com-demanda-aquecida-ford-e-senai-cimatec-lancam-curso-de-desenvolvimento-de-software-para-formacao-de-talentos\\\/\",\"name\":\"Com demanda aquecida, Ford e SENAI CIMATEC lan\u00e7am \\\"Curso De Desenvolvimento de Software para Forma\u00e7\u00e3o de Talentos\\\" - CidadeMarketing\",\"isPartOf\":{\"@id\":\"https:\\\/\\\/www.cidademarketing.com.br\\\/marketing\\\/#website\"},\"primaryImageOfPage\":{\"@id\":\"https:\\\/\\\/www.cidademarketing.com.br\\\/marketing\\\/2021\\\/12\\\/13\\\/com-demanda-aquecida-ford-e-senai-cimatec-lancam-curso-de-desenvolvimento-de-software-para-formacao-de-talentos\\\/#primaryimage\"},\"image\":{\"@id\":\"https:\\\/\\\/www.cidademarketing.com.br\\\/marketing\\\/2021\\\/12\\\/13\\\/com-demanda-aquecida-ford-e-senai-cimatec-lancam-curso-de-desenvolvimento-de-software-para-formacao-de-talentos\\\/#primaryimage\"},\"thumbnailUrl\":\"https:\\\/\\\/www.cidademarketing.com.br\\\/marketing\\\/wp-content\\\/uploads\\\/2021\\\/12\\\/ford_marca_.jpg\",\"datePublished\":\"2021-12-13T03:51:05+00:00\",\"breadcrumb\":{\"@id\":\"https:\\\/\\\/www.cidademarketing.com.br\\\/marketing\\\/2021\\\/12\\\/13\\\/com-demanda-aquecida-ford-e-senai-cimatec-lancam-curso-de-desenvolvimento-de-software-para-formacao-de-talentos\\\/#breadcrumb\"},\"inLanguage\":\"pt-BR\",\"potentialAction\":[{\"@type\":\"ReadAction\",\"target\":[\"https:\\\/\\\/www.cidademarketing.com.br\\\/marketing\\\/2021\\\/12\\\/13\\\/com-demanda-aquecida-ford-e-senai-cimatec-lancam-curso-de-desenvolvimento-de-software-para-formacao-de-talentos\\\/\"]}]},{\"@type\":\"ImageObject\",\"inLanguage\":\"pt-BR\",\"@id\":\"https:\\\/\\\/www.cidademarketing.com.br\\\/marketing\\\/2021\\\/12\\\/13\\\/com-demanda-aquecida-ford-e-senai-cimatec-lancam-curso-de-desenvolvimento-de-software-para-formacao-de-talentos\\\/#primaryimage\",\"url\":\"https:\\\/\\\/www.cidademarketing.com.br\\\/marketing\\\/wp-content\\\/uploads\\\/2021\\\/12\\\/ford_marca_.jpg\",\"contentUrl\":\"https:\\\/\\\/www.cidademarketing.com.br\\\/marketing\\\/wp-content\\\/uploads\\\/2021\\\/12\\\/ford_marca_.jpg\",\"width\":881,\"height\":495},{\"@type\":\"BreadcrumbList\",\"@id\":\"https:\\\/\\\/www.cidademarketing.com.br\\\/marketing\\\/2021\\\/12\\\/13\\\/com-demanda-aquecida-ford-e-senai-cimatec-lancam-curso-de-desenvolvimento-de-software-para-formacao-de-talentos\\\/#breadcrumb\",\"itemListElement\":[{\"@type\":\"ListItem\",\"position\":1,\"name\":\"In\u00edcio\",\"item\":\"https:\\\/\\\/www.cidademarketing.com.br\\\/marketing\\\/\"},{\"@type\":\"ListItem\",\"position\":2,\"name\":\"Com demanda aquecida, Ford e SENAI CIMATEC lan\u00e7am &#8220;Curso De Desenvolvimento de Software para Forma\u00e7\u00e3o de Talentos&#8221;\"}]},{\"@type\":\"WebSite\",\"@id\":\"https:\\\/\\\/www.cidademarketing.com.br\\\/marketing\\\/#website\",\"url\":\"https:\\\/\\\/www.cidademarketing.com.br\\\/marketing\\\/\",\"name\":\"CidadeMarketing\",\"description\":\"Somos um ve\u00edculo de comunica\u00e7\u00e3o de destaque no Brasil, reconhecido por conte\u00fados nos segmentos de marketing, empreendedorismo e inova\u00e7\u00e3o.\",\"publisher\":{\"@id\":\"https:\\\/\\\/www.cidademarketing.com.br\\\/marketing\\\/#organization\"},\"alternateName\":\"CidadeMarketing\",\"potentialAction\":[{\"@type\":\"SearchAction\",\"target\":{\"@type\":\"EntryPoint\",\"urlTemplate\":\"https:\\\/\\\/www.cidademarketing.com.br\\\/marketing\\\/?s={search_term_string}\"},\"query-input\":{\"@type\":\"PropertyValueSpecification\",\"valueRequired\":true,\"valueName\":\"search_term_string\"}}],\"inLanguage\":\"pt-BR\"},{\"@type\":\"Organization\",\"@id\":\"https:\\\/\\\/www.cidademarketing.com.br\\\/marketing\\\/#organization\",\"name\":\"CidadeMarketing\",\"alternateName\":\"CidadeMarketing\",\"url\":\"https:\\\/\\\/www.cidademarketing.com.br\\\/marketing\\\/\",\"logo\":{\"@type\":\"ImageObject\",\"inLanguage\":\"pt-BR\",\"@id\":\"https:\\\/\\\/www.cidademarketing.com.br\\\/marketing\\\/#\\\/schema\\\/logo\\\/image\\\/\",\"url\":\"https:\\\/\\\/www.cidademarketing.com.br\\\/marketing\\\/wp-content\\\/uploads\\\/2020\\\/01\\\/cidademarketing_marca_mobile.png\",\"contentUrl\":\"https:\\\/\\\/www.cidademarketing.com.br\\\/marketing\\\/wp-content\\\/uploads\\\/2020\\\/01\\\/cidademarketing_marca_mobile.png\",\"width\":230,\"height\":92,\"caption\":\"CidadeMarketing\"},\"image\":{\"@id\":\"https:\\\/\\\/www.cidademarketing.com.br\\\/marketing\\\/#\\\/schema\\\/logo\\\/image\\\/\"},\"sameAs\":[\"https:\\\/\\\/www.facebook.com\\\/portalcidademarketing\",\"https:\\\/\\\/x.com\\\/CidadeMarketing\",\"https:\\\/\\\/www.instagram.com\\\/cidademarketing\\\/\"]},{\"@type\":\"Person\",\"@id\":\"https:\\\/\\\/www.cidademarketing.com.br\\\/marketing\\\/#\\\/schema\\\/person\\\/02daff9f18bd9378c9e01eb6b2db155f\",\"name\":\"Thales Brand\u00e3o\",\"image\":{\"@type\":\"ImageObject\",\"inLanguage\":\"pt-BR\",\"@id\":\"https:\\\/\\\/secure.gravatar.com\\\/avatar\\\/7ca3206950207cc3cb48feec56a8a7898741ab725c368d99d5d7a5a50aab80c6?s=96&d=mm&r=g\",\"url\":\"https:\\\/\\\/secure.gravatar.com\\\/avatar\\\/7ca3206950207cc3cb48feec56a8a7898741ab725c368d99d5d7a5a50aab80c6?s=96&d=mm&r=g\",\"contentUrl\":\"https:\\\/\\\/secure.gravatar.com\\\/avatar\\\/7ca3206950207cc3cb48feec56a8a7898741ab725c368d99d5d7a5a50aab80c6?s=96&d=mm&r=g\",\"caption\":\"Thales Brand\u00e3o\"},\"description\":\"Editor Executivo do Portal CidadeMarketing.com.br &gt; Mestre em Comunica\u00e7\u00e3o e Sociedade pela Universidade Federal de Sergipe. Possui MBA Executivo em Administra\u00e7\u00e3o com \u00eanfase em Marketing pela Funda\u00e7\u00e3o Get\u00falio Vargas - Rio de Janeiro. Consultor, Palestrante e Pesquisador sobre Empreendedorismo, Marketing, Redes Sociais e Neg\u00f3cios Digitais. Professor, Palestrante TedxTalks e Campus Party. Twitter: @ThalesBrandao\",\"sameAs\":[\"http:\\\/\\\/www.mandacaru.com.br\",\"https:\\\/\\\/www.facebook.com\\\/thalesbrandao\",\"http:\\\/\\\/www.instagram.com.br\\\/thalesbrandaoferreira\",\"https:\\\/\\\/www.linkedin.com\\\/in\\\/thales-brand\u00e3o-3948609\\\/\",\"https:\\\/\\\/x.com\\\/http:\\\/\\\/www.twitter.com\\\/thalesbrandao\"],\"url\":\"https:\\\/\\\/www.cidademarketing.com.br\\\/marketing\\\/author\\\/thalesbrandao\\\/\"}]}<\/script>\n<!-- \/ Yoast SEO plugin. -->","yoast_head_json":{"title":"Com demanda aquecida, Ford e SENAI CIMATEC lan\u00e7am \"Curso De Desenvolvimento de Software para Forma\u00e7\u00e3o de Talentos\" - CidadeMarketing","robots":{"index":"index","follow":"follow","max-snippet":"max-snippet:-1","max-image-preview":"max-image-preview:large","max-video-preview":"max-video-preview:-1"},"canonical":"https:\/\/www.cidademarketing.com.br\/marketing\/2021\/12\/13\/com-demanda-aquecida-ford-e-senai-cimatec-lancam-curso-de-desenvolvimento-de-software-para-formacao-de-talentos\/","og_locale":"pt_BR","og_type":"article","og_title":"Com demanda aquecida, Ford e SENAI CIMATEC lan\u00e7am \"Curso De Desenvolvimento de Software para Forma\u00e7\u00e3o de Talentos\" - CidadeMarketing","og_description":"Quem deseja trabalhar com programa\u00e7\u00e3o de software \u2013 uma das \u00e1reas mais aquecidas do mercado, com grande demanda e disputa de profissionais em todo o mundo \u2013 agora tem a oportunidade de fazer um curso de extens\u00e3o gratuito. A Ford e o Centro Universit\u00e1rio SENAI CIMATEC est\u00e3o lan\u00e7ando o Programa de Forma\u00e7\u00e3o em TI (Tecnologia [&hellip;]","og_url":"https:\/\/www.cidademarketing.com.br\/marketing\/2021\/12\/13\/com-demanda-aquecida-ford-e-senai-cimatec-lancam-curso-de-desenvolvimento-de-software-para-formacao-de-talentos\/","og_site_name":"CidadeMarketing","article_publisher":"https:\/\/www.facebook.com\/portalcidademarketing","article_author":"https:\/\/www.facebook.com\/thalesbrandao","article_published_time":"2021-12-13T03:51:05+00:00","og_image":[{"width":881,"height":495,"url":"https:\/\/www.cidademarketing.com.br\/marketing\/wp-content\/uploads\/2021\/12\/ford_marca_.jpg","type":"image\/jpeg"}],"author":"Thales Brand\u00e3o","twitter_card":"summary_large_image","twitter_creator":"@http:\/\/www.twitter.com\/thalesbrandao","twitter_site":"@CidadeMarketing","twitter_misc":{"Escrito por":"Thales Brand\u00e3o","Est. tempo de leitura":"2 minutos"},"schema":{"@context":"https:\/\/schema.org","@graph":[{"@type":"Article","@id":"https:\/\/www.cidademarketing.com.br\/marketing\/2021\/12\/13\/com-demanda-aquecida-ford-e-senai-cimatec-lancam-curso-de-desenvolvimento-de-software-para-formacao-de-talentos\/#article","isPartOf":{"@id":"https:\/\/www.cidademarketing.com.br\/marketing\/2021\/12\/13\/com-demanda-aquecida-ford-e-senai-cimatec-lancam-curso-de-desenvolvimento-de-software-para-formacao-de-talentos\/"},"author":{"name":"Thales Brand\u00e3o","@id":"https:\/\/www.cidademarketing.com.br\/marketing\/#\/schema\/person\/02daff9f18bd9378c9e01eb6b2db155f"},"headline":"Com demanda aquecida, Ford e SENAI CIMATEC lan\u00e7am &#8220;Curso De Desenvolvimento de Software para Forma\u00e7\u00e3o de Talentos&#8221;","datePublished":"2021-12-13T03:51:05+00:00","mainEntityOfPage":{"@id":"https:\/\/www.cidademarketing.com.br\/marketing\/2021\/12\/13\/com-demanda-aquecida-ford-e-senai-cimatec-lancam-curso-de-desenvolvimento-de-software-para-formacao-de-talentos\/"},"wordCount":469,"commentCount":0,"publisher":{"@id":"https:\/\/www.cidademarketing.com.br\/marketing\/#organization"},"image":{"@id":"https:\/\/www.cidademarketing.com.br\/marketing\/2021\/12\/13\/com-demanda-aquecida-ford-e-senai-cimatec-lancam-curso-de-desenvolvimento-de-software-para-formacao-de-talentos\/#primaryimage"},"thumbnailUrl":"https:\/\/www.cidademarketing.com.br\/marketing\/wp-content\/uploads\/2021\/12\/ford_marca_.jpg","keywords":["curso","Ford","inova\u00e7\u00e3o","marketing","relacionamento","Senai","tecnologia"],"articleSection":["Not\u00edcias"],"inLanguage":"pt-BR","potentialAction":[{"@type":"CommentAction","name":"Comment","target":["https:\/\/www.cidademarketing.com.br\/marketing\/2021\/12\/13\/com-demanda-aquecida-ford-e-senai-cimatec-lancam-curso-de-desenvolvimento-de-software-para-formacao-de-talentos\/#respond"]}]},{"@type":"WebPage","@id":"https:\/\/www.cidademarketing.com.br\/marketing\/2021\/12\/13\/com-demanda-aquecida-ford-e-senai-cimatec-lancam-curso-de-desenvolvimento-de-software-para-formacao-de-talentos\/","url":"https:\/\/www.cidademarketing.com.br\/marketing\/2021\/12\/13\/com-demanda-aquecida-ford-e-senai-cimatec-lancam-curso-de-desenvolvimento-de-software-para-formacao-de-talentos\/","name":"Com demanda aquecida, Ford e SENAI CIMATEC lan\u00e7am \"Curso De Desenvolvimento de Software para Forma\u00e7\u00e3o de Talentos\" - CidadeMarketing","isPartOf":{"@id":"https:\/\/www.cidademarketing.com.br\/marketing\/#website"},"primaryImageOfPage":{"@id":"https:\/\/www.cidademarketing.com.br\/marketing\/2021\/12\/13\/com-demanda-aquecida-ford-e-senai-cimatec-lancam-curso-de-desenvolvimento-de-software-para-formacao-de-talentos\/#primaryimage"},"image":{"@id":"https:\/\/www.cidademarketing.com.br\/marketing\/2021\/12\/13\/com-demanda-aquecida-ford-e-senai-cimatec-lancam-curso-de-desenvolvimento-de-software-para-formacao-de-talentos\/#primaryimage"},"thumbnailUrl":"https:\/\/www.cidademarketing.com.br\/marketing\/wp-content\/uploads\/2021\/12\/ford_marca_.jpg","datePublished":"2021-12-13T03:51:05+00:00","breadcrumb":{"@id":"https:\/\/www.cidademarketing.com.br\/marketing\/2021\/12\/13\/com-demanda-aquecida-ford-e-senai-cimatec-lancam-curso-de-desenvolvimento-de-software-para-formacao-de-talentos\/#breadcrumb"},"inLanguage":"pt-BR","potentialAction":[{"@type":"ReadAction","target":["https:\/\/www.cidademarketing.com.br\/marketing\/2021\/12\/13\/com-demanda-aquecida-ford-e-senai-cimatec-lancam-curso-de-desenvolvimento-de-software-para-formacao-de-talentos\/"]}]},{"@type":"ImageObject","inLanguage":"pt-BR","@id":"https:\/\/www.cidademarketing.com.br\/marketing\/2021\/12\/13\/com-demanda-aquecida-ford-e-senai-cimatec-lancam-curso-de-desenvolvimento-de-software-para-formacao-de-talentos\/#primaryimage","url":"https:\/\/www.cidademarketing.com.br\/marketing\/wp-content\/uploads\/2021\/12\/ford_marca_.jpg","contentUrl":"https:\/\/www.cidademarketing.com.br\/marketing\/wp-content\/uploads\/2021\/12\/ford_marca_.jpg","width":881,"height":495},{"@type":"BreadcrumbList","@id":"https:\/\/www.cidademarketing.com.br\/marketing\/2021\/12\/13\/com-demanda-aquecida-ford-e-senai-cimatec-lancam-curso-de-desenvolvimento-de-software-para-formacao-de-talentos\/#breadcrumb","itemListElement":[{"@type":"ListItem","position":1,"name":"In\u00edcio","item":"https:\/\/www.cidademarketing.com.br\/marketing\/"},{"@type":"ListItem","position":2,"name":"Com demanda aquecida, Ford e SENAI CIMATEC lan\u00e7am &#8220;Curso De Desenvolvimento de Software para Forma\u00e7\u00e3o de Talentos&#8221;"}]},{"@type":"WebSite","@id":"https:\/\/www.cidademarketing.com.br\/marketing\/#website","url":"https:\/\/www.cidademarketing.com.br\/marketing\/","name":"CidadeMarketing","description":"Somos um ve\u00edculo de comunica\u00e7\u00e3o de destaque no Brasil, reconhecido por conte\u00fados nos segmentos de marketing, empreendedorismo e inova\u00e7\u00e3o.","publisher":{"@id":"https:\/\/www.cidademarketing.com.br\/marketing\/#organization"},"alternateName":"CidadeMarketing","potentialAction":[{"@type":"SearchAction","target":{"@type":"EntryPoint","urlTemplate":"https:\/\/www.cidademarketing.com.br\/marketing\/?s={search_term_string}"},"query-input":{"@type":"PropertyValueSpecification","valueRequired":true,"valueName":"search_term_string"}}],"inLanguage":"pt-BR"},{"@type":"Organization","@id":"https:\/\/www.cidademarketing.com.br\/marketing\/#organization","name":"CidadeMarketing","alternateName":"CidadeMarketing","url":"https:\/\/www.cidademarketing.com.br\/marketing\/","logo":{"@type":"ImageObject","inLanguage":"pt-BR","@id":"https:\/\/www.cidademarketing.com.br\/marketing\/#\/schema\/logo\/image\/","url":"https:\/\/www.cidademarketing.com.br\/marketing\/wp-content\/uploads\/2020\/01\/cidademarketing_marca_mobile.png","contentUrl":"https:\/\/www.cidademarketing.com.br\/marketing\/wp-content\/uploads\/2020\/01\/cidademarketing_marca_mobile.png","width":230,"height":92,"caption":"CidadeMarketing"},"image":{"@id":"https:\/\/www.cidademarketing.com.br\/marketing\/#\/schema\/logo\/image\/"},"sameAs":["https:\/\/www.facebook.com\/portalcidademarketing","https:\/\/x.com\/CidadeMarketing","https:\/\/www.instagram.com\/cidademarketing\/"]},{"@type":"Person","@id":"https:\/\/www.cidademarketing.com.br\/marketing\/#\/schema\/person\/02daff9f18bd9378c9e01eb6b2db155f","name":"Thales Brand\u00e3o","image":{"@type":"ImageObject","inLanguage":"pt-BR","@id":"https:\/\/secure.gravatar.com\/avatar\/7ca3206950207cc3cb48feec56a8a7898741ab725c368d99d5d7a5a50aab80c6?s=96&d=mm&r=g","url":"https:\/\/secure.gravatar.com\/avatar\/7ca3206950207cc3cb48feec56a8a7898741ab725c368d99d5d7a5a50aab80c6?s=96&d=mm&r=g","contentUrl":"https:\/\/secure.gravatar.com\/avatar\/7ca3206950207cc3cb48feec56a8a7898741ab725c368d99d5d7a5a50aab80c6?s=96&d=mm&r=g","caption":"Thales Brand\u00e3o"},"description":"Editor Executivo do Portal CidadeMarketing.com.br &gt; Mestre em Comunica\u00e7\u00e3o e Sociedade pela Universidade Federal de Sergipe. Possui MBA Executivo em Administra\u00e7\u00e3o com \u00eanfase em Marketing pela Funda\u00e7\u00e3o Get\u00falio Vargas - Rio de Janeiro. Consultor, Palestrante e Pesquisador sobre Empreendedorismo, Marketing, Redes Sociais e Neg\u00f3cios Digitais. Professor, Palestrante TedxTalks e Campus Party. Twitter: @ThalesBrandao","sameAs":["http:\/\/www.mandacaru.com.br","https:\/\/www.facebook.com\/thalesbrandao","http:\/\/www.instagram.com.br\/thalesbrandaoferreira","https:\/\/www.linkedin.com\/in\/thales-brand\u00e3o-3948609\/","https:\/\/x.com\/http:\/\/www.twitter.com\/thalesbrandao"],"url":"https:\/\/www.cidademarketing.com.br\/marketing\/author\/thalesbrandao\/"}]}},"amp_enabled":true,"_links":{"self":[{"href":"https:\/\/www.cidademarketing.com.br\/marketing\/wp-json\/wp\/v2\/posts\/33139","targetHints":{"allow":["GET"]}}],"collection":[{"href":"https:\/\/www.cidademarketing.com.br\/marketing\/wp-json\/wp\/v2\/posts"}],"about":[{"href":"https:\/\/www.cidademarketing.com.br\/marketing\/wp-json\/wp\/v2\/types\/post"}],"author":[{"embeddable":true,"href":"https:\/\/www.cidademarketing.com.br\/marketing\/wp-json\/wp\/v2\/users\/1"}],"replies":[{"embeddable":true,"href":"https:\/\/www.cidademarketing.com.br\/marketing\/wp-json\/wp\/v2\/comments?post=33139"}],"version-history":[{"count":1,"href":"https:\/\/www.cidademarketing.com.br\/marketing\/wp-json\/wp\/v2\/posts\/33139\/revisions"}],"predecessor-version":[{"id":33141,"href":"https:\/\/www.cidademarketing.com.br\/marketing\/wp-json\/wp\/v2\/posts\/33139\/revisions\/33141"}],"wp:featuredmedia":[{"embeddable":true,"href":"https:\/\/www.cidademarketing.com.br\/marketing\/wp-json\/wp\/v2\/media\/33140"}],"wp:attachment":[{"href":"https:\/\/www.cidademarketing.com.br\/marketing\/wp-json\/wp\/v2\/media?parent=33139"}],"wp:term":[{"taxonomy":"category","embeddable":true,"href":"https:\/\/www.cidademarketing.com.br\/marketing\/wp-json\/wp\/v2\/categories?post=33139"},{"taxonomy":"post_tag","embeddable":true,"href":"https:\/\/www.cidademarketing.com.br\/marketing\/wp-json\/wp\/v2\/tags?post=33139"}],"curies":[{"name":"wp","href":"https:\/\/api.w.org\/{rel}","templated":true}]}}