{"id":33035,"date":"2021-12-10T15:55:50","date_gmt":"2021-12-10T18:55:50","guid":{"rendered":"https:\/\/www.cidademarketing.com.br\/marketing\/?p=33035"},"modified":"2021-12-10T15:55:50","modified_gmt":"2021-12-10T18:55:50","slug":"instituto-renault-realiza-formatura-da-quarta-turma-do-programa-geracao-futuro","status":"publish","type":"post","link":"https:\/\/www.cidademarketing.com.br\/marketing\/2021\/12\/10\/instituto-renault-realiza-formatura-da-quarta-turma-do-programa-geracao-futuro\/","title":{"rendered":"Instituto Renault realiza formatura da quarta turma do programa gera\u00e7\u00e3o futuro"},"content":{"rendered":"<p><iframe src=\"https:\/\/open.spotify.com\/embed\/show\/4khMKzP3FgFRWVwb73xicc\" width=\"100%\" height=\"232\" frameborder=\"0\"><\/iframe><\/p>\n<p>A Renault do Brasil, por meio do Instituto Renault concluiu a quarta turma do programa de educa\u00e7\u00e3o profissional Gera\u00e7\u00e3o Futuro, que teve in\u00edcio em 2019 e j\u00e1 resultou na forma\u00e7\u00e3o profissional de 128 alunos da Borda do Campo, bairro no entorno das quatro f\u00e1bricas do Complexo Ayrton Senna, em S\u00e3o Jos\u00e9 dos Pinhais (PR). Nesta quarta edi\u00e7\u00e3o do Gera\u00e7\u00e3o Futuro, mais de 300 jovens participaram da sele\u00e7\u00e3o, resultando em 33 formandos.<\/p>\n<p>&#8220;Preparar os jovens para ingressar no mercado de trabalho por meio da educa\u00e7\u00e3o \u00e9 um caminho para a transforma\u00e7\u00e3o social de nosso pa\u00eds. Dos 128 participantes do programa, 71% j\u00e1 est\u00e3o no mercado de trabalho, o que permite uma melhora na qualidade de vida de suas fam\u00edlias&#8221;, afirma Caique Ferreira, vice-presidente do Instituto Renault e diretor de Comunica\u00e7\u00e3o da Renault do Brasil.<\/p>\n<p>O curso de forma\u00e7\u00e3o visa a qualifica\u00e7\u00e3o e capacita\u00e7\u00e3o para o mercado de trabalho de jovens da comunidade da Borda do Campo. O curso \u00e9 gratuito e direcionado para jovens estudantes entre 15 a 24 anos que estejam cursando ou que tenham conclu\u00eddo o Ensino M\u00e9dio e inclui conceitos administrativos com aulas de inform\u00e1tica, regras de neg\u00f3cio, comportamento e cidadania, al\u00e9m de comunica\u00e7\u00e3o, c\u00e1lculo matem\u00e1tico e um m\u00f3dulo de Compliance que \u00e9 aplicado pelos colaboradores da Renault. Tamb\u00e9m participaram do projeto 33 colaboradores de 14 \u00e1reas diferentes da empresa que atuaram como mentores dos alunos.<\/p>\n<p>O Gera\u00e7\u00e3o Futuro foi desenvolvido pelo Instituto Renault em parceria com a Unilehu (Universidade Livre para a Efici\u00eancia Humana), e conta com o apoio da prefeitura de S\u00e3o Jos\u00e9 dos Pinhais.<\/p>\n<p>&#8220;\u00c9 vis\u00edvel a transforma\u00e7\u00e3o que o Instituto Renault fez na Borda do Campo e na vida das pessoas da regi\u00e3o nos \u00faltimos onze anos. Parcerias\u00a0p\u00fablico-privadas, como essa, s\u00e3o fundamentais para melhorarmos a qualidade de vida de nossa popula\u00e7\u00e3o&#8221;, explica Nina Singer, prefeita de S\u00e3o Jos\u00e9 dos Pinhais, presente no evento, que contou ainda com a participa\u00e7\u00e3o da Secretaria de assist\u00eancia social de S\u00e3o Jos\u00e9 dos Pinhais Juliana Saraiva<\/p>\n<p>&#8220;Foi uma experi\u00eancia muito boa, muito incr\u00edvel, um bom componente para o curr\u00edculo. Al\u00e9m do conhecimento em inform\u00e1tica, eu gostei da parte de administra\u00e7\u00e3o, ensinamentos de como se comportar em uma empresa. E as pessoas que d\u00e3o o curso tem uma energia muito boa&#8221;, conta Amanda Carvalho de 16 anos, aluna da quarta turma do Gera\u00e7\u00e3o Futuro.<\/p>\n<p>O Gera\u00e7\u00e3o Futuro \u00e9 ligado ao eixo Inclus\u00e3o, do Instituto Renault, e \u00e9 mais um dos projetos da institui\u00e7\u00e3o na comunidade Borda do Campo, com o objetivo de aumentar o alcance da educa\u00e7\u00e3o, gera\u00e7\u00e3o de renda e oportunidades para jovens em vulnerabilidade social. A iniciativa foi criada a partir da an\u00e1lise dos dados levantados no Mapa Social da Borda do Campo, relat\u00f3rio desenvolvido pelo Instituto Renault em 2018 com objetivo de identificar o n\u00edvel de desenvolvimento do territ\u00f3rio, suas demandas, rede de servi\u00e7os, tend\u00eancias e oportunidades de investimento.<\/p>\n<p><iframe style=\"width: 100%; max-width: 660px; overflow: hidden; background: transparent;\" src=\"https:\/\/embed.podcasts.apple.com\/br\/podcast\/podcast-cidademarketing\/id1371923283\" height=\"450\" frameborder=\"0\" sandbox=\"allow-forms allow-popups allow-same-origin allow-scripts allow-storage-access-by-user-activation allow-top-navigation-by-user-activation\"><\/iframe><\/p>\n","protected":false},"excerpt":{"rendered":"<p>A Renault do Brasil, por meio do Instituto Renault concluiu a quarta turma do programa de educa\u00e7\u00e3o profissional Gera\u00e7\u00e3o Futuro, que teve in\u00edcio em 2019 e j\u00e1 resultou na forma\u00e7\u00e3o profissional de 128 alunos da Borda do Campo, bairro no entorno das quatro f\u00e1bricas do Complexo Ayrton Senna, em S\u00e3o Jos\u00e9 dos Pinhais (PR). Nesta [&hellip;]<\/p>\n","protected":false},"author":1,"featured_media":33036,"comment_status":"open","ping_status":"open","sticky":false,"template":"","format":"standard","meta":{"tdm_status":"","tdm_grid_status":"","footnotes":""},"categories":[6],"tags":[33,478,28,177,134],"class_list":["post-33035","post","type-post","status-publish","format-standard","has-post-thumbnail","hentry","category-noticias","tag-estrategia","tag-instituto-renault","tag-marketing","tag-marketing-social","tag-renault"],"yoast_head":"<!-- This site is optimized with the Yoast SEO plugin v27.5 - https:\/\/yoast.com\/product\/yoast-seo-wordpress\/ -->\n<title>Instituto Renault realiza formatura da quarta turma do programa gera\u00e7\u00e3o futuro - CidadeMarketing<\/title>\n<meta name=\"robots\" content=\"index, follow, max-snippet:-1, max-image-preview:large, max-video-preview:-1\" \/>\n<link rel=\"canonical\" href=\"https:\/\/www.cidademarketing.com.br\/marketing\/2021\/12\/10\/instituto-renault-realiza-formatura-da-quarta-turma-do-programa-geracao-futuro\/\" \/>\n<meta property=\"og:locale\" content=\"pt_BR\" \/>\n<meta property=\"og:type\" content=\"article\" \/>\n<meta property=\"og:title\" content=\"Instituto Renault realiza formatura da quarta turma do programa gera\u00e7\u00e3o futuro - CidadeMarketing\" \/>\n<meta property=\"og:description\" content=\"A Renault do Brasil, por meio do Instituto Renault concluiu a quarta turma do programa de educa\u00e7\u00e3o profissional Gera\u00e7\u00e3o Futuro, que teve in\u00edcio em 2019 e j\u00e1 resultou na forma\u00e7\u00e3o profissional de 128 alunos da Borda do Campo, bairro no entorno das quatro f\u00e1bricas do Complexo Ayrton Senna, em S\u00e3o Jos\u00e9 dos Pinhais (PR). Nesta [&hellip;]\" \/>\n<meta property=\"og:url\" content=\"https:\/\/www.cidademarketing.com.br\/marketing\/2021\/12\/10\/instituto-renault-realiza-formatura-da-quarta-turma-do-programa-geracao-futuro\/\" \/>\n<meta property=\"og:site_name\" content=\"CidadeMarketing\" \/>\n<meta property=\"article:publisher\" content=\"https:\/\/www.facebook.com\/portalcidademarketing\" \/>\n<meta property=\"article:author\" content=\"https:\/\/www.facebook.com\/thalesbrandao\" \/>\n<meta property=\"article:published_time\" content=\"2021-12-10T18:55:50+00:00\" \/>\n<meta property=\"og:image\" content=\"https:\/\/www.cidademarketing.com.br\/marketing\/wp-content\/uploads\/2021\/12\/1785fbbc3b5353a97dcdbeb516eee8f4_918x516.375.jpg\" \/>\n\t<meta property=\"og:image:width\" content=\"918\" \/>\n\t<meta property=\"og:image:height\" content=\"516\" \/>\n\t<meta property=\"og:image:type\" content=\"image\/jpeg\" \/>\n<meta name=\"author\" content=\"Thales Brand\u00e3o\" \/>\n<meta name=\"twitter:card\" content=\"summary_large_image\" \/>\n<meta name=\"twitter:creator\" content=\"@http:\/\/www.twitter.com\/thalesbrandao\" \/>\n<meta name=\"twitter:site\" content=\"@CidadeMarketing\" \/>\n<meta name=\"twitter:label1\" content=\"Escrito por\" \/>\n\t<meta name=\"twitter:data1\" content=\"Thales Brand\u00e3o\" \/>\n\t<meta name=\"twitter:label2\" content=\"Est. tempo de leitura\" \/>\n\t<meta name=\"twitter:data2\" content=\"3 minutos\" \/>\n<script type=\"application\/ld+json\" class=\"yoast-schema-graph\">{\"@context\":\"https:\\\/\\\/schema.org\",\"@graph\":[{\"@type\":\"Article\",\"@id\":\"https:\\\/\\\/www.cidademarketing.com.br\\\/marketing\\\/2021\\\/12\\\/10\\\/instituto-renault-realiza-formatura-da-quarta-turma-do-programa-geracao-futuro\\\/#article\",\"isPartOf\":{\"@id\":\"https:\\\/\\\/www.cidademarketing.com.br\\\/marketing\\\/2021\\\/12\\\/10\\\/instituto-renault-realiza-formatura-da-quarta-turma-do-programa-geracao-futuro\\\/\"},\"author\":{\"name\":\"Thales Brand\u00e3o\",\"@id\":\"https:\\\/\\\/www.cidademarketing.com.br\\\/marketing\\\/#\\\/schema\\\/person\\\/02daff9f18bd9378c9e01eb6b2db155f\"},\"headline\":\"Instituto Renault realiza formatura da quarta turma do programa gera\u00e7\u00e3o futuro\",\"datePublished\":\"2021-12-10T18:55:50+00:00\",\"mainEntityOfPage\":{\"@id\":\"https:\\\/\\\/www.cidademarketing.com.br\\\/marketing\\\/2021\\\/12\\\/10\\\/instituto-renault-realiza-formatura-da-quarta-turma-do-programa-geracao-futuro\\\/\"},\"wordCount\":527,\"commentCount\":0,\"publisher\":{\"@id\":\"https:\\\/\\\/www.cidademarketing.com.br\\\/marketing\\\/#organization\"},\"image\":{\"@id\":\"https:\\\/\\\/www.cidademarketing.com.br\\\/marketing\\\/2021\\\/12\\\/10\\\/instituto-renault-realiza-formatura-da-quarta-turma-do-programa-geracao-futuro\\\/#primaryimage\"},\"thumbnailUrl\":\"https:\\\/\\\/www.cidademarketing.com.br\\\/marketing\\\/wp-content\\\/uploads\\\/2021\\\/12\\\/1785fbbc3b5353a97dcdbeb516eee8f4_918x516.375.jpg\",\"keywords\":[\"estrat\u00e9gia\",\"Instituto Renault\",\"marketing\",\"marketing social\",\"Renault\"],\"articleSection\":[\"Not\u00edcias\"],\"inLanguage\":\"pt-BR\",\"potentialAction\":[{\"@type\":\"CommentAction\",\"name\":\"Comment\",\"target\":[\"https:\\\/\\\/www.cidademarketing.com.br\\\/marketing\\\/2021\\\/12\\\/10\\\/instituto-renault-realiza-formatura-da-quarta-turma-do-programa-geracao-futuro\\\/#respond\"]}]},{\"@type\":\"WebPage\",\"@id\":\"https:\\\/\\\/www.cidademarketing.com.br\\\/marketing\\\/2021\\\/12\\\/10\\\/instituto-renault-realiza-formatura-da-quarta-turma-do-programa-geracao-futuro\\\/\",\"url\":\"https:\\\/\\\/www.cidademarketing.com.br\\\/marketing\\\/2021\\\/12\\\/10\\\/instituto-renault-realiza-formatura-da-quarta-turma-do-programa-geracao-futuro\\\/\",\"name\":\"Instituto Renault realiza formatura da quarta turma do programa gera\u00e7\u00e3o futuro - CidadeMarketing\",\"isPartOf\":{\"@id\":\"https:\\\/\\\/www.cidademarketing.com.br\\\/marketing\\\/#website\"},\"primaryImageOfPage\":{\"@id\":\"https:\\\/\\\/www.cidademarketing.com.br\\\/marketing\\\/2021\\\/12\\\/10\\\/instituto-renault-realiza-formatura-da-quarta-turma-do-programa-geracao-futuro\\\/#primaryimage\"},\"image\":{\"@id\":\"https:\\\/\\\/www.cidademarketing.com.br\\\/marketing\\\/2021\\\/12\\\/10\\\/instituto-renault-realiza-formatura-da-quarta-turma-do-programa-geracao-futuro\\\/#primaryimage\"},\"thumbnailUrl\":\"https:\\\/\\\/www.cidademarketing.com.br\\\/marketing\\\/wp-content\\\/uploads\\\/2021\\\/12\\\/1785fbbc3b5353a97dcdbeb516eee8f4_918x516.375.jpg\",\"datePublished\":\"2021-12-10T18:55:50+00:00\",\"breadcrumb\":{\"@id\":\"https:\\\/\\\/www.cidademarketing.com.br\\\/marketing\\\/2021\\\/12\\\/10\\\/instituto-renault-realiza-formatura-da-quarta-turma-do-programa-geracao-futuro\\\/#breadcrumb\"},\"inLanguage\":\"pt-BR\",\"potentialAction\":[{\"@type\":\"ReadAction\",\"target\":[\"https:\\\/\\\/www.cidademarketing.com.br\\\/marketing\\\/2021\\\/12\\\/10\\\/instituto-renault-realiza-formatura-da-quarta-turma-do-programa-geracao-futuro\\\/\"]}]},{\"@type\":\"ImageObject\",\"inLanguage\":\"pt-BR\",\"@id\":\"https:\\\/\\\/www.cidademarketing.com.br\\\/marketing\\\/2021\\\/12\\\/10\\\/instituto-renault-realiza-formatura-da-quarta-turma-do-programa-geracao-futuro\\\/#primaryimage\",\"url\":\"https:\\\/\\\/www.cidademarketing.com.br\\\/marketing\\\/wp-content\\\/uploads\\\/2021\\\/12\\\/1785fbbc3b5353a97dcdbeb516eee8f4_918x516.375.jpg\",\"contentUrl\":\"https:\\\/\\\/www.cidademarketing.com.br\\\/marketing\\\/wp-content\\\/uploads\\\/2021\\\/12\\\/1785fbbc3b5353a97dcdbeb516eee8f4_918x516.375.jpg\",\"width\":918,\"height\":516},{\"@type\":\"BreadcrumbList\",\"@id\":\"https:\\\/\\\/www.cidademarketing.com.br\\\/marketing\\\/2021\\\/12\\\/10\\\/instituto-renault-realiza-formatura-da-quarta-turma-do-programa-geracao-futuro\\\/#breadcrumb\",\"itemListElement\":[{\"@type\":\"ListItem\",\"position\":1,\"name\":\"In\u00edcio\",\"item\":\"https:\\\/\\\/www.cidademarketing.com.br\\\/marketing\\\/\"},{\"@type\":\"ListItem\",\"position\":2,\"name\":\"Instituto Renault realiza formatura da quarta turma do programa gera\u00e7\u00e3o futuro\"}]},{\"@type\":\"WebSite\",\"@id\":\"https:\\\/\\\/www.cidademarketing.com.br\\\/marketing\\\/#website\",\"url\":\"https:\\\/\\\/www.cidademarketing.com.br\\\/marketing\\\/\",\"name\":\"CidadeMarketing\",\"description\":\"Somos um ve\u00edculo de comunica\u00e7\u00e3o de destaque no Brasil, reconhecido por conte\u00fados nos segmentos de marketing, empreendedorismo e inova\u00e7\u00e3o.\",\"publisher\":{\"@id\":\"https:\\\/\\\/www.cidademarketing.com.br\\\/marketing\\\/#organization\"},\"alternateName\":\"CidadeMarketing\",\"potentialAction\":[{\"@type\":\"SearchAction\",\"target\":{\"@type\":\"EntryPoint\",\"urlTemplate\":\"https:\\\/\\\/www.cidademarketing.com.br\\\/marketing\\\/?s={search_term_string}\"},\"query-input\":{\"@type\":\"PropertyValueSpecification\",\"valueRequired\":true,\"valueName\":\"search_term_string\"}}],\"inLanguage\":\"pt-BR\"},{\"@type\":\"Organization\",\"@id\":\"https:\\\/\\\/www.cidademarketing.com.br\\\/marketing\\\/#organization\",\"name\":\"CidadeMarketing\",\"alternateName\":\"CidadeMarketing\",\"url\":\"https:\\\/\\\/www.cidademarketing.com.br\\\/marketing\\\/\",\"logo\":{\"@type\":\"ImageObject\",\"inLanguage\":\"pt-BR\",\"@id\":\"https:\\\/\\\/www.cidademarketing.com.br\\\/marketing\\\/#\\\/schema\\\/logo\\\/image\\\/\",\"url\":\"https:\\\/\\\/www.cidademarketing.com.br\\\/marketing\\\/wp-content\\\/uploads\\\/2020\\\/01\\\/cidademarketing_marca_mobile.png\",\"contentUrl\":\"https:\\\/\\\/www.cidademarketing.com.br\\\/marketing\\\/wp-content\\\/uploads\\\/2020\\\/01\\\/cidademarketing_marca_mobile.png\",\"width\":230,\"height\":92,\"caption\":\"CidadeMarketing\"},\"image\":{\"@id\":\"https:\\\/\\\/www.cidademarketing.com.br\\\/marketing\\\/#\\\/schema\\\/logo\\\/image\\\/\"},\"sameAs\":[\"https:\\\/\\\/www.facebook.com\\\/portalcidademarketing\",\"https:\\\/\\\/x.com\\\/CidadeMarketing\",\"https:\\\/\\\/www.instagram.com\\\/cidademarketing\\\/\"]},{\"@type\":\"Person\",\"@id\":\"https:\\\/\\\/www.cidademarketing.com.br\\\/marketing\\\/#\\\/schema\\\/person\\\/02daff9f18bd9378c9e01eb6b2db155f\",\"name\":\"Thales Brand\u00e3o\",\"image\":{\"@type\":\"ImageObject\",\"inLanguage\":\"pt-BR\",\"@id\":\"https:\\\/\\\/secure.gravatar.com\\\/avatar\\\/7ca3206950207cc3cb48feec56a8a7898741ab725c368d99d5d7a5a50aab80c6?s=96&d=mm&r=g\",\"url\":\"https:\\\/\\\/secure.gravatar.com\\\/avatar\\\/7ca3206950207cc3cb48feec56a8a7898741ab725c368d99d5d7a5a50aab80c6?s=96&d=mm&r=g\",\"contentUrl\":\"https:\\\/\\\/secure.gravatar.com\\\/avatar\\\/7ca3206950207cc3cb48feec56a8a7898741ab725c368d99d5d7a5a50aab80c6?s=96&d=mm&r=g\",\"caption\":\"Thales Brand\u00e3o\"},\"description\":\"Editor Executivo do Portal CidadeMarketing.com.br &gt; Mestre em Comunica\u00e7\u00e3o e Sociedade pela Universidade Federal de Sergipe. Possui MBA Executivo em Administra\u00e7\u00e3o com \u00eanfase em Marketing pela Funda\u00e7\u00e3o Get\u00falio Vargas - Rio de Janeiro. Consultor, Palestrante e Pesquisador sobre Empreendedorismo, Marketing, Redes Sociais e Neg\u00f3cios Digitais. Professor, Palestrante TedxTalks e Campus Party. Twitter: @ThalesBrandao\",\"sameAs\":[\"http:\\\/\\\/www.mandacaru.com.br\",\"https:\\\/\\\/www.facebook.com\\\/thalesbrandao\",\"http:\\\/\\\/www.instagram.com.br\\\/thalesbrandaoferreira\",\"https:\\\/\\\/www.linkedin.com\\\/in\\\/thales-brand\u00e3o-3948609\\\/\",\"https:\\\/\\\/x.com\\\/http:\\\/\\\/www.twitter.com\\\/thalesbrandao\"],\"url\":\"https:\\\/\\\/www.cidademarketing.com.br\\\/marketing\\\/author\\\/thalesbrandao\\\/\"}]}<\/script>\n<!-- \/ Yoast SEO plugin. -->","yoast_head_json":{"title":"Instituto Renault realiza formatura da quarta turma do programa gera\u00e7\u00e3o futuro - CidadeMarketing","robots":{"index":"index","follow":"follow","max-snippet":"max-snippet:-1","max-image-preview":"max-image-preview:large","max-video-preview":"max-video-preview:-1"},"canonical":"https:\/\/www.cidademarketing.com.br\/marketing\/2021\/12\/10\/instituto-renault-realiza-formatura-da-quarta-turma-do-programa-geracao-futuro\/","og_locale":"pt_BR","og_type":"article","og_title":"Instituto Renault realiza formatura da quarta turma do programa gera\u00e7\u00e3o futuro - CidadeMarketing","og_description":"A Renault do Brasil, por meio do Instituto Renault concluiu a quarta turma do programa de educa\u00e7\u00e3o profissional Gera\u00e7\u00e3o Futuro, que teve in\u00edcio em 2019 e j\u00e1 resultou na forma\u00e7\u00e3o profissional de 128 alunos da Borda do Campo, bairro no entorno das quatro f\u00e1bricas do Complexo Ayrton Senna, em S\u00e3o Jos\u00e9 dos Pinhais (PR). Nesta [&hellip;]","og_url":"https:\/\/www.cidademarketing.com.br\/marketing\/2021\/12\/10\/instituto-renault-realiza-formatura-da-quarta-turma-do-programa-geracao-futuro\/","og_site_name":"CidadeMarketing","article_publisher":"https:\/\/www.facebook.com\/portalcidademarketing","article_author":"https:\/\/www.facebook.com\/thalesbrandao","article_published_time":"2021-12-10T18:55:50+00:00","og_image":[{"width":918,"height":516,"url":"https:\/\/www.cidademarketing.com.br\/marketing\/wp-content\/uploads\/2021\/12\/1785fbbc3b5353a97dcdbeb516eee8f4_918x516.375.jpg","type":"image\/jpeg"}],"author":"Thales Brand\u00e3o","twitter_card":"summary_large_image","twitter_creator":"@http:\/\/www.twitter.com\/thalesbrandao","twitter_site":"@CidadeMarketing","twitter_misc":{"Escrito por":"Thales Brand\u00e3o","Est. tempo de leitura":"3 minutos"},"schema":{"@context":"https:\/\/schema.org","@graph":[{"@type":"Article","@id":"https:\/\/www.cidademarketing.com.br\/marketing\/2021\/12\/10\/instituto-renault-realiza-formatura-da-quarta-turma-do-programa-geracao-futuro\/#article","isPartOf":{"@id":"https:\/\/www.cidademarketing.com.br\/marketing\/2021\/12\/10\/instituto-renault-realiza-formatura-da-quarta-turma-do-programa-geracao-futuro\/"},"author":{"name":"Thales Brand\u00e3o","@id":"https:\/\/www.cidademarketing.com.br\/marketing\/#\/schema\/person\/02daff9f18bd9378c9e01eb6b2db155f"},"headline":"Instituto Renault realiza formatura da quarta turma do programa gera\u00e7\u00e3o futuro","datePublished":"2021-12-10T18:55:50+00:00","mainEntityOfPage":{"@id":"https:\/\/www.cidademarketing.com.br\/marketing\/2021\/12\/10\/instituto-renault-realiza-formatura-da-quarta-turma-do-programa-geracao-futuro\/"},"wordCount":527,"commentCount":0,"publisher":{"@id":"https:\/\/www.cidademarketing.com.br\/marketing\/#organization"},"image":{"@id":"https:\/\/www.cidademarketing.com.br\/marketing\/2021\/12\/10\/instituto-renault-realiza-formatura-da-quarta-turma-do-programa-geracao-futuro\/#primaryimage"},"thumbnailUrl":"https:\/\/www.cidademarketing.com.br\/marketing\/wp-content\/uploads\/2021\/12\/1785fbbc3b5353a97dcdbeb516eee8f4_918x516.375.jpg","keywords":["estrat\u00e9gia","Instituto Renault","marketing","marketing social","Renault"],"articleSection":["Not\u00edcias"],"inLanguage":"pt-BR","potentialAction":[{"@type":"CommentAction","name":"Comment","target":["https:\/\/www.cidademarketing.com.br\/marketing\/2021\/12\/10\/instituto-renault-realiza-formatura-da-quarta-turma-do-programa-geracao-futuro\/#respond"]}]},{"@type":"WebPage","@id":"https:\/\/www.cidademarketing.com.br\/marketing\/2021\/12\/10\/instituto-renault-realiza-formatura-da-quarta-turma-do-programa-geracao-futuro\/","url":"https:\/\/www.cidademarketing.com.br\/marketing\/2021\/12\/10\/instituto-renault-realiza-formatura-da-quarta-turma-do-programa-geracao-futuro\/","name":"Instituto Renault realiza formatura da quarta turma do programa gera\u00e7\u00e3o futuro - CidadeMarketing","isPartOf":{"@id":"https:\/\/www.cidademarketing.com.br\/marketing\/#website"},"primaryImageOfPage":{"@id":"https:\/\/www.cidademarketing.com.br\/marketing\/2021\/12\/10\/instituto-renault-realiza-formatura-da-quarta-turma-do-programa-geracao-futuro\/#primaryimage"},"image":{"@id":"https:\/\/www.cidademarketing.com.br\/marketing\/2021\/12\/10\/instituto-renault-realiza-formatura-da-quarta-turma-do-programa-geracao-futuro\/#primaryimage"},"thumbnailUrl":"https:\/\/www.cidademarketing.com.br\/marketing\/wp-content\/uploads\/2021\/12\/1785fbbc3b5353a97dcdbeb516eee8f4_918x516.375.jpg","datePublished":"2021-12-10T18:55:50+00:00","breadcrumb":{"@id":"https:\/\/www.cidademarketing.com.br\/marketing\/2021\/12\/10\/instituto-renault-realiza-formatura-da-quarta-turma-do-programa-geracao-futuro\/#breadcrumb"},"inLanguage":"pt-BR","potentialAction":[{"@type":"ReadAction","target":["https:\/\/www.cidademarketing.com.br\/marketing\/2021\/12\/10\/instituto-renault-realiza-formatura-da-quarta-turma-do-programa-geracao-futuro\/"]}]},{"@type":"ImageObject","inLanguage":"pt-BR","@id":"https:\/\/www.cidademarketing.com.br\/marketing\/2021\/12\/10\/instituto-renault-realiza-formatura-da-quarta-turma-do-programa-geracao-futuro\/#primaryimage","url":"https:\/\/www.cidademarketing.com.br\/marketing\/wp-content\/uploads\/2021\/12\/1785fbbc3b5353a97dcdbeb516eee8f4_918x516.375.jpg","contentUrl":"https:\/\/www.cidademarketing.com.br\/marketing\/wp-content\/uploads\/2021\/12\/1785fbbc3b5353a97dcdbeb516eee8f4_918x516.375.jpg","width":918,"height":516},{"@type":"BreadcrumbList","@id":"https:\/\/www.cidademarketing.com.br\/marketing\/2021\/12\/10\/instituto-renault-realiza-formatura-da-quarta-turma-do-programa-geracao-futuro\/#breadcrumb","itemListElement":[{"@type":"ListItem","position":1,"name":"In\u00edcio","item":"https:\/\/www.cidademarketing.com.br\/marketing\/"},{"@type":"ListItem","position":2,"name":"Instituto Renault realiza formatura da quarta turma do programa gera\u00e7\u00e3o futuro"}]},{"@type":"WebSite","@id":"https:\/\/www.cidademarketing.com.br\/marketing\/#website","url":"https:\/\/www.cidademarketing.com.br\/marketing\/","name":"CidadeMarketing","description":"Somos um ve\u00edculo de comunica\u00e7\u00e3o de destaque no Brasil, reconhecido por conte\u00fados nos segmentos de marketing, empreendedorismo e inova\u00e7\u00e3o.","publisher":{"@id":"https:\/\/www.cidademarketing.com.br\/marketing\/#organization"},"alternateName":"CidadeMarketing","potentialAction":[{"@type":"SearchAction","target":{"@type":"EntryPoint","urlTemplate":"https:\/\/www.cidademarketing.com.br\/marketing\/?s={search_term_string}"},"query-input":{"@type":"PropertyValueSpecification","valueRequired":true,"valueName":"search_term_string"}}],"inLanguage":"pt-BR"},{"@type":"Organization","@id":"https:\/\/www.cidademarketing.com.br\/marketing\/#organization","name":"CidadeMarketing","alternateName":"CidadeMarketing","url":"https:\/\/www.cidademarketing.com.br\/marketing\/","logo":{"@type":"ImageObject","inLanguage":"pt-BR","@id":"https:\/\/www.cidademarketing.com.br\/marketing\/#\/schema\/logo\/image\/","url":"https:\/\/www.cidademarketing.com.br\/marketing\/wp-content\/uploads\/2020\/01\/cidademarketing_marca_mobile.png","contentUrl":"https:\/\/www.cidademarketing.com.br\/marketing\/wp-content\/uploads\/2020\/01\/cidademarketing_marca_mobile.png","width":230,"height":92,"caption":"CidadeMarketing"},"image":{"@id":"https:\/\/www.cidademarketing.com.br\/marketing\/#\/schema\/logo\/image\/"},"sameAs":["https:\/\/www.facebook.com\/portalcidademarketing","https:\/\/x.com\/CidadeMarketing","https:\/\/www.instagram.com\/cidademarketing\/"]},{"@type":"Person","@id":"https:\/\/www.cidademarketing.com.br\/marketing\/#\/schema\/person\/02daff9f18bd9378c9e01eb6b2db155f","name":"Thales Brand\u00e3o","image":{"@type":"ImageObject","inLanguage":"pt-BR","@id":"https:\/\/secure.gravatar.com\/avatar\/7ca3206950207cc3cb48feec56a8a7898741ab725c368d99d5d7a5a50aab80c6?s=96&d=mm&r=g","url":"https:\/\/secure.gravatar.com\/avatar\/7ca3206950207cc3cb48feec56a8a7898741ab725c368d99d5d7a5a50aab80c6?s=96&d=mm&r=g","contentUrl":"https:\/\/secure.gravatar.com\/avatar\/7ca3206950207cc3cb48feec56a8a7898741ab725c368d99d5d7a5a50aab80c6?s=96&d=mm&r=g","caption":"Thales Brand\u00e3o"},"description":"Editor Executivo do Portal CidadeMarketing.com.br &gt; Mestre em Comunica\u00e7\u00e3o e Sociedade pela Universidade Federal de Sergipe. Possui MBA Executivo em Administra\u00e7\u00e3o com \u00eanfase em Marketing pela Funda\u00e7\u00e3o Get\u00falio Vargas - Rio de Janeiro. Consultor, Palestrante e Pesquisador sobre Empreendedorismo, Marketing, Redes Sociais e Neg\u00f3cios Digitais. Professor, Palestrante TedxTalks e Campus Party. Twitter: @ThalesBrandao","sameAs":["http:\/\/www.mandacaru.com.br","https:\/\/www.facebook.com\/thalesbrandao","http:\/\/www.instagram.com.br\/thalesbrandaoferreira","https:\/\/www.linkedin.com\/in\/thales-brand\u00e3o-3948609\/","https:\/\/x.com\/http:\/\/www.twitter.com\/thalesbrandao"],"url":"https:\/\/www.cidademarketing.com.br\/marketing\/author\/thalesbrandao\/"}]}},"amp_enabled":true,"_links":{"self":[{"href":"https:\/\/www.cidademarketing.com.br\/marketing\/wp-json\/wp\/v2\/posts\/33035","targetHints":{"allow":["GET"]}}],"collection":[{"href":"https:\/\/www.cidademarketing.com.br\/marketing\/wp-json\/wp\/v2\/posts"}],"about":[{"href":"https:\/\/www.cidademarketing.com.br\/marketing\/wp-json\/wp\/v2\/types\/post"}],"author":[{"embeddable":true,"href":"https:\/\/www.cidademarketing.com.br\/marketing\/wp-json\/wp\/v2\/users\/1"}],"replies":[{"embeddable":true,"href":"https:\/\/www.cidademarketing.com.br\/marketing\/wp-json\/wp\/v2\/comments?post=33035"}],"version-history":[{"count":1,"href":"https:\/\/www.cidademarketing.com.br\/marketing\/wp-json\/wp\/v2\/posts\/33035\/revisions"}],"predecessor-version":[{"id":33037,"href":"https:\/\/www.cidademarketing.com.br\/marketing\/wp-json\/wp\/v2\/posts\/33035\/revisions\/33037"}],"wp:featuredmedia":[{"embeddable":true,"href":"https:\/\/www.cidademarketing.com.br\/marketing\/wp-json\/wp\/v2\/media\/33036"}],"wp:attachment":[{"href":"https:\/\/www.cidademarketing.com.br\/marketing\/wp-json\/wp\/v2\/media?parent=33035"}],"wp:term":[{"taxonomy":"category","embeddable":true,"href":"https:\/\/www.cidademarketing.com.br\/marketing\/wp-json\/wp\/v2\/categories?post=33035"},{"taxonomy":"post_tag","embeddable":true,"href":"https:\/\/www.cidademarketing.com.br\/marketing\/wp-json\/wp\/v2\/tags?post=33035"}],"curies":[{"name":"wp","href":"https:\/\/api.w.org\/{rel}","templated":true}]}}