{"id":32983,"date":"2021-12-09T12:17:59","date_gmt":"2021-12-09T15:17:59","guid":{"rendered":"https:\/\/www.cidademarketing.com.br\/marketing\/?p=32983"},"modified":"2021-12-09T12:17:59","modified_gmt":"2021-12-09T15:17:59","slug":"marisa-celebra-o-brilho-da-mulher-em-campanha-de-natal","status":"publish","type":"post","link":"https:\/\/www.cidademarketing.com.br\/marketing\/2021\/12\/09\/marisa-celebra-o-brilho-da-mulher-em-campanha-de-natal\/","title":{"rendered":"Marisa celebra o brilho da mulher em campanha de Natal"},"content":{"rendered":"<p><iframe src=\"https:\/\/open.spotify.com\/embed\/show\/4khMKzP3FgFRWVwb73xicc\" width=\"100%\" height=\"232\" frameborder=\"0\"><\/iframe><br \/>\nA <strong>Marisa<\/strong>, maior rede de moda feminina e lingerie do Brasil, lan\u00e7a a partir desta semana sua campanha de Natal. As pe\u00e7as criadas pela ag\u00eancia Africa trazem o conceito \u201c\u00c9 <em>Hora de Brilhar\u201d <\/em>e ser\u00e3o divididas em dois per\u00edodos. O primeiro filme ser\u00e1 divulgado nesta segunda-feira (6) e convida as consumidoras a vestirem um look novo, se divertirem e brilharem <em>#BemJuntas<\/em> com cores e s\u00edmbolos que retratam o clima de festas. O segundo, revelado na pr\u00f3xima quarta-feira (8), destaca o clima descontra\u00eddo de presentear as amigas, fam\u00edlia e todos que elas amam com itens incr\u00edveis selecionados pela marca.<\/p>\n<div class=\"youtube-embed\" data-video_id=\"Nk7dzlY6LTQ\"><iframe title=\"Chegou a hora de brilhar #BemJuntas\" width=\"640\" height=\"360\" src=\"https:\/\/www.youtube.com\/embed\/Nk7dzlY6LTQ?feature=oembed&#038;enablejsapi=1\" frameborder=\"0\" allow=\"accelerometer; autoplay; clipboard-write; encrypted-media; gyroscope; picture-in-picture; web-share\" referrerpolicy=\"strict-origin-when-cross-origin\" allowfullscreen><\/iframe><\/div>\n<p>&nbsp;<\/p>\n<p>\u201c<em>2021 foi um ano cheio de desafios e chegar at\u00e9 aqui levando como inspira\u00e7\u00e3o a for\u00e7a e o brilho de outras mulheres fez toda a diferen\u00e7a nessa caminhada. Foi pensando nisso que a nova campanha da <strong>Marisa<\/strong> nasceu, para encorajar e reconhecer o corre de cada uma delas, neste momento t\u00e3o especial de encerramento de ano<\/em>\u201d, afirma Paula Martins de Oliveira, head de marketing da <strong>Marisa<\/strong>.<\/p>\n<p><em>&#8220;A Marisa \u00e9 uma marca que entende a mulher e a tem no centro de tudo. Trouxemos essa intimidade e esses la\u00e7os para o filme, mostrando que nosso reencontro multiplica nosso brilho e somos muito melhores quando estamos juntas<\/em>&#8220;, comenta Carol Patroc\u00ednio, Diretora de Cria\u00e7\u00e3o da Africa.<\/p>\n<p>O segundo filme ser\u00e1 divulgado a partir da pr\u00f3xima quinta-feira (8)<\/p>\n<p>Todo o conte\u00fado da campanha ser\u00e1 exibido em TV aberta, fechada, lojas da rede e plataformas digitais da marca at\u00e9 o dia 26 de dezembro. As novidades j\u00e1 est\u00e3o dispon\u00edveis nas 344 lojas f\u00edsicas da <strong>Marisa<\/strong> espalhadas pelo Brasil, site e no aplicativo dispon\u00edvel para os sistemas Android e IOS.<\/p>\n<p><strong>FICHA T\u00c9CNICA<\/strong><\/p>\n<p><strong>T\u00edtulo:<\/strong> Festas \u2013 2021<\/p>\n<p><strong>Ag\u00eancia:<\/strong> Africa<\/p>\n<p><strong>Anunciante:<\/strong> Marisa<\/p>\n<p><strong>Produto:<\/strong> Institucional<\/p>\n<p><strong>CCO: <\/strong>Sergio Gordilho<\/p>\n<p><strong>Dire\u00e7\u00e3o Executiva de Cria\u00e7\u00e3o:<\/strong> Rodrigo Marangoni \/ Erico Braga<\/p>\n<p><strong>Dire\u00e7\u00e3o de Cria\u00e7\u00e3o: <\/strong>Carolina Patroc\u00ednio<\/p>\n<p><strong>Cria\u00e7\u00e3o:<\/strong> Fernando Fregate \/ Vit\u00f3ria Ferrari<\/p>\n<p>&nbsp;<\/p>\n<p><strong>Atendimento:<\/strong> Cl\u00e1udia Almeida \/ Fl\u00e1via Mesquita \/ L\u00edvia Meyer<\/p>\n<p><strong>M\u00eddia:<\/strong> Agnieszka Halina Porada \/ Helo\u00edsa Lima \/ Fabr\u00edcio Nascimento \/ Ana Paula Zanette e Uiza Souza<br \/>\n<strong>Planejamento<\/strong>:\u00a0 Aldo Pini \/ Gisele Sakamoto Vanessa Patino<\/p>\n<p><strong>RTV:<\/strong> Rodrigo Ferrari \/ Juarez Lima<\/p>\n<p><strong>Produtora de Filme:\u00a0<\/strong><\/p>\n<p>Dire\u00e7\u00e3o: Figas<\/p>\n<p>Produtor Executivo: Marcella Feo<\/p>\n<p>Atendimento: Carol Pivato | Mary Lacoleta | Babi Kosloff<\/p>\n<p>Coordena\u00e7\u00e3o de Produ\u00e7\u00e3o: Marcella Feo | Rafaela Muniz | Julia Fontes | Juliana Salviano<\/p>\n<p>Assistente de Dire\u00e7\u00e3o: Olivia Alves<\/p>\n<p>Diretor de Fotografia: Pedro Moscalcoff<\/p>\n<p>Diretor de Arte: Marilia Franco<\/p>\n<p>Diretor de Produ\u00e7\u00e3o: Anderson Boscari<\/p>\n<p>Figurinista\/Stylist: Kiara Bianca<\/p>\n<p>Make &amp; Hair: Christian Mourelle<\/p>\n<p>&nbsp;<\/p>\n<p><strong>P\u00f3s-produ\u00e7\u00e3o:<\/strong><br \/>\nProdu\u00e7\u00e3o Executiva: Patricia Gaglioni e Paulo Geraissate<\/p>\n<p>Coordena\u00e7\u00e3o: Ana Tereza Fonseca<br \/>\nEditor: Jo\u00e3o Macfarland<\/p>\n<p>Colorista: Clandestino\/ Alexandre Crist\u00f3fato<br \/>\nFinalizador: Gustavo Miniccuci<\/p>\n<p><strong>Produtora de \u00c1udio:\u00a0<\/strong><\/p>\n<p>Produtora de \u00e1udio &#8211; AUDIOINK<\/p>\n<p>Produ\u00e7\u00e3o musical &#8211; Filipe Derado<\/p>\n<p>Cantora &#8211; Gavi<\/p>\n<p>Efeitos sonoros &#8211; P\u00e9lico<\/p>\n<p>Mixagem &#8211; Filipe Derado e Rodrigo Meszaros<\/p>\n<p>Produ\u00e7\u00e3o executiva &#8211; Anna Di Giacomo<\/p>\n<p>Atendimento &#8211; Paula Zakia<\/p>\n<p><strong>Aprova\u00e7\u00e3o cliente: <\/strong>Christianne Toledo \/ Paula Oliveira \/ Adriana Teixeira \/ Kelly S\u00e1 \/ Juliane Ribeiro<\/p>\n<p><iframe style=\"width: 100%; max-width: 660px; overflow: hidden; background: transparent;\" src=\"https:\/\/embed.podcasts.apple.com\/br\/podcast\/podcast-cidademarketing\/id1371923283\" height=\"450\" frameborder=\"0\" sandbox=\"allow-forms allow-popups allow-same-origin allow-scripts allow-storage-access-by-user-activation allow-top-navigation-by-user-activation\"><\/iframe><\/p>\n","protected":false},"excerpt":{"rendered":"<p>A Marisa, maior rede de moda feminina e lingerie do Brasil, lan\u00e7a a partir desta semana sua campanha de Natal. As pe\u00e7as criadas pela ag\u00eancia Africa trazem o conceito \u201c\u00c9 Hora de Brilhar\u201d e ser\u00e3o divididas em dois per\u00edodos. O primeiro filme ser\u00e1 divulgado nesta segunda-feira (6) e convida as consumidoras a vestirem um look [&hellip;]<\/p>\n","protected":false},"author":1,"featured_media":32984,"comment_status":"open","ping_status":"open","sticky":false,"template":"","format":"standard","meta":{"tdm_status":"","tdm_grid_status":"","footnotes":""},"categories":[14],"tags":[65,33,836,2306,28],"class_list":["post-32983","post","type-post","status-publish","format-standard","has-post-thumbnail","hentry","category-videos","tag-campanha","tag-estrategia","tag-filme","tag-marisa","tag-marketing"],"yoast_head":"<!-- This site is optimized with the Yoast SEO plugin v27.5 - https:\/\/yoast.com\/product\/yoast-seo-wordpress\/ -->\n<title>Marisa celebra o brilho da mulher em campanha de Natal - CidadeMarketing<\/title>\n<meta name=\"robots\" content=\"index, follow, max-snippet:-1, max-image-preview:large, max-video-preview:-1\" \/>\n<link rel=\"canonical\" href=\"https:\/\/www.cidademarketing.com.br\/marketing\/2021\/12\/09\/marisa-celebra-o-brilho-da-mulher-em-campanha-de-natal\/\" \/>\n<meta property=\"og:locale\" content=\"pt_BR\" \/>\n<meta property=\"og:type\" content=\"article\" \/>\n<meta property=\"og:title\" content=\"Marisa celebra o brilho da mulher em campanha de Natal - CidadeMarketing\" \/>\n<meta property=\"og:description\" content=\"A Marisa, maior rede de moda feminina e lingerie do Brasil, lan\u00e7a a partir desta semana sua campanha de Natal. As pe\u00e7as criadas pela ag\u00eancia Africa trazem o conceito \u201c\u00c9 Hora de Brilhar\u201d e ser\u00e3o divididas em dois per\u00edodos. O primeiro filme ser\u00e1 divulgado nesta segunda-feira (6) e convida as consumidoras a vestirem um look [&hellip;]\" \/>\n<meta property=\"og:url\" content=\"https:\/\/www.cidademarketing.com.br\/marketing\/2021\/12\/09\/marisa-celebra-o-brilho-da-mulher-em-campanha-de-natal\/\" \/>\n<meta property=\"og:site_name\" content=\"CidadeMarketing\" \/>\n<meta property=\"article:publisher\" content=\"https:\/\/www.facebook.com\/portalcidademarketing\" \/>\n<meta property=\"article:author\" content=\"https:\/\/www.facebook.com\/thalesbrandao\" \/>\n<meta property=\"article:published_time\" content=\"2021-12-09T15:17:59+00:00\" \/>\n<meta property=\"og:image\" content=\"https:\/\/www.cidademarketing.com.br\/marketing\/wp-content\/uploads\/2021\/12\/marisamulhernatal.png\" \/>\n\t<meta property=\"og:image:width\" content=\"1366\" \/>\n\t<meta property=\"og:image:height\" content=\"768\" \/>\n\t<meta property=\"og:image:type\" content=\"image\/png\" \/>\n<meta name=\"author\" content=\"Thales Brand\u00e3o\" \/>\n<meta name=\"twitter:card\" content=\"summary_large_image\" \/>\n<meta name=\"twitter:creator\" content=\"@http:\/\/www.twitter.com\/thalesbrandao\" \/>\n<meta name=\"twitter:site\" content=\"@CidadeMarketing\" \/>\n<meta name=\"twitter:label1\" content=\"Escrito por\" \/>\n\t<meta name=\"twitter:data1\" content=\"Thales Brand\u00e3o\" \/>\n\t<meta name=\"twitter:label2\" content=\"Est. tempo de leitura\" \/>\n\t<meta name=\"twitter:data2\" content=\"3 minutos\" \/>\n<script type=\"application\/ld+json\" class=\"yoast-schema-graph\">{\"@context\":\"https:\\\/\\\/schema.org\",\"@graph\":[{\"@type\":\"Article\",\"@id\":\"https:\\\/\\\/www.cidademarketing.com.br\\\/marketing\\\/2021\\\/12\\\/09\\\/marisa-celebra-o-brilho-da-mulher-em-campanha-de-natal\\\/#article\",\"isPartOf\":{\"@id\":\"https:\\\/\\\/www.cidademarketing.com.br\\\/marketing\\\/2021\\\/12\\\/09\\\/marisa-celebra-o-brilho-da-mulher-em-campanha-de-natal\\\/\"},\"author\":{\"name\":\"Thales Brand\u00e3o\",\"@id\":\"https:\\\/\\\/www.cidademarketing.com.br\\\/marketing\\\/#\\\/schema\\\/person\\\/02daff9f18bd9378c9e01eb6b2db155f\"},\"headline\":\"Marisa celebra o brilho da mulher em campanha de Natal\",\"datePublished\":\"2021-12-09T15:17:59+00:00\",\"mainEntityOfPage\":{\"@id\":\"https:\\\/\\\/www.cidademarketing.com.br\\\/marketing\\\/2021\\\/12\\\/09\\\/marisa-celebra-o-brilho-da-mulher-em-campanha-de-natal\\\/\"},\"wordCount\":533,\"commentCount\":0,\"publisher\":{\"@id\":\"https:\\\/\\\/www.cidademarketing.com.br\\\/marketing\\\/#organization\"},\"image\":{\"@id\":\"https:\\\/\\\/www.cidademarketing.com.br\\\/marketing\\\/2021\\\/12\\\/09\\\/marisa-celebra-o-brilho-da-mulher-em-campanha-de-natal\\\/#primaryimage\"},\"thumbnailUrl\":\"https:\\\/\\\/www.cidademarketing.com.br\\\/marketing\\\/wp-content\\\/uploads\\\/2021\\\/12\\\/marisamulhernatal.png\",\"keywords\":[\"campanha\",\"estrat\u00e9gia\",\"filme\",\"Marisa\",\"marketing\"],\"articleSection\":[\"Videos\"],\"inLanguage\":\"pt-BR\",\"potentialAction\":[{\"@type\":\"CommentAction\",\"name\":\"Comment\",\"target\":[\"https:\\\/\\\/www.cidademarketing.com.br\\\/marketing\\\/2021\\\/12\\\/09\\\/marisa-celebra-o-brilho-da-mulher-em-campanha-de-natal\\\/#respond\"]}]},{\"@type\":\"WebPage\",\"@id\":\"https:\\\/\\\/www.cidademarketing.com.br\\\/marketing\\\/2021\\\/12\\\/09\\\/marisa-celebra-o-brilho-da-mulher-em-campanha-de-natal\\\/\",\"url\":\"https:\\\/\\\/www.cidademarketing.com.br\\\/marketing\\\/2021\\\/12\\\/09\\\/marisa-celebra-o-brilho-da-mulher-em-campanha-de-natal\\\/\",\"name\":\"Marisa celebra o brilho da mulher em campanha de Natal - CidadeMarketing\",\"isPartOf\":{\"@id\":\"https:\\\/\\\/www.cidademarketing.com.br\\\/marketing\\\/#website\"},\"primaryImageOfPage\":{\"@id\":\"https:\\\/\\\/www.cidademarketing.com.br\\\/marketing\\\/2021\\\/12\\\/09\\\/marisa-celebra-o-brilho-da-mulher-em-campanha-de-natal\\\/#primaryimage\"},\"image\":{\"@id\":\"https:\\\/\\\/www.cidademarketing.com.br\\\/marketing\\\/2021\\\/12\\\/09\\\/marisa-celebra-o-brilho-da-mulher-em-campanha-de-natal\\\/#primaryimage\"},\"thumbnailUrl\":\"https:\\\/\\\/www.cidademarketing.com.br\\\/marketing\\\/wp-content\\\/uploads\\\/2021\\\/12\\\/marisamulhernatal.png\",\"datePublished\":\"2021-12-09T15:17:59+00:00\",\"breadcrumb\":{\"@id\":\"https:\\\/\\\/www.cidademarketing.com.br\\\/marketing\\\/2021\\\/12\\\/09\\\/marisa-celebra-o-brilho-da-mulher-em-campanha-de-natal\\\/#breadcrumb\"},\"inLanguage\":\"pt-BR\",\"potentialAction\":[{\"@type\":\"ReadAction\",\"target\":[\"https:\\\/\\\/www.cidademarketing.com.br\\\/marketing\\\/2021\\\/12\\\/09\\\/marisa-celebra-o-brilho-da-mulher-em-campanha-de-natal\\\/\"]}]},{\"@type\":\"ImageObject\",\"inLanguage\":\"pt-BR\",\"@id\":\"https:\\\/\\\/www.cidademarketing.com.br\\\/marketing\\\/2021\\\/12\\\/09\\\/marisa-celebra-o-brilho-da-mulher-em-campanha-de-natal\\\/#primaryimage\",\"url\":\"https:\\\/\\\/www.cidademarketing.com.br\\\/marketing\\\/wp-content\\\/uploads\\\/2021\\\/12\\\/marisamulhernatal.png\",\"contentUrl\":\"https:\\\/\\\/www.cidademarketing.com.br\\\/marketing\\\/wp-content\\\/uploads\\\/2021\\\/12\\\/marisamulhernatal.png\",\"width\":1366,\"height\":768,\"caption\":\"Reprodu\u00e7\u00e3o\"},{\"@type\":\"BreadcrumbList\",\"@id\":\"https:\\\/\\\/www.cidademarketing.com.br\\\/marketing\\\/2021\\\/12\\\/09\\\/marisa-celebra-o-brilho-da-mulher-em-campanha-de-natal\\\/#breadcrumb\",\"itemListElement\":[{\"@type\":\"ListItem\",\"position\":1,\"name\":\"In\u00edcio\",\"item\":\"https:\\\/\\\/www.cidademarketing.com.br\\\/marketing\\\/\"},{\"@type\":\"ListItem\",\"position\":2,\"name\":\"Marisa celebra o brilho da mulher em campanha de Natal\"}]},{\"@type\":\"WebSite\",\"@id\":\"https:\\\/\\\/www.cidademarketing.com.br\\\/marketing\\\/#website\",\"url\":\"https:\\\/\\\/www.cidademarketing.com.br\\\/marketing\\\/\",\"name\":\"CidadeMarketing\",\"description\":\"Somos um ve\u00edculo de comunica\u00e7\u00e3o de destaque no Brasil, reconhecido por conte\u00fados nos segmentos de marketing, empreendedorismo e inova\u00e7\u00e3o.\",\"publisher\":{\"@id\":\"https:\\\/\\\/www.cidademarketing.com.br\\\/marketing\\\/#organization\"},\"alternateName\":\"CidadeMarketing\",\"potentialAction\":[{\"@type\":\"SearchAction\",\"target\":{\"@type\":\"EntryPoint\",\"urlTemplate\":\"https:\\\/\\\/www.cidademarketing.com.br\\\/marketing\\\/?s={search_term_string}\"},\"query-input\":{\"@type\":\"PropertyValueSpecification\",\"valueRequired\":true,\"valueName\":\"search_term_string\"}}],\"inLanguage\":\"pt-BR\"},{\"@type\":\"Organization\",\"@id\":\"https:\\\/\\\/www.cidademarketing.com.br\\\/marketing\\\/#organization\",\"name\":\"CidadeMarketing\",\"alternateName\":\"CidadeMarketing\",\"url\":\"https:\\\/\\\/www.cidademarketing.com.br\\\/marketing\\\/\",\"logo\":{\"@type\":\"ImageObject\",\"inLanguage\":\"pt-BR\",\"@id\":\"https:\\\/\\\/www.cidademarketing.com.br\\\/marketing\\\/#\\\/schema\\\/logo\\\/image\\\/\",\"url\":\"https:\\\/\\\/www.cidademarketing.com.br\\\/marketing\\\/wp-content\\\/uploads\\\/2020\\\/01\\\/cidademarketing_marca_mobile.png\",\"contentUrl\":\"https:\\\/\\\/www.cidademarketing.com.br\\\/marketing\\\/wp-content\\\/uploads\\\/2020\\\/01\\\/cidademarketing_marca_mobile.png\",\"width\":230,\"height\":92,\"caption\":\"CidadeMarketing\"},\"image\":{\"@id\":\"https:\\\/\\\/www.cidademarketing.com.br\\\/marketing\\\/#\\\/schema\\\/logo\\\/image\\\/\"},\"sameAs\":[\"https:\\\/\\\/www.facebook.com\\\/portalcidademarketing\",\"https:\\\/\\\/x.com\\\/CidadeMarketing\",\"https:\\\/\\\/www.instagram.com\\\/cidademarketing\\\/\"]},{\"@type\":\"Person\",\"@id\":\"https:\\\/\\\/www.cidademarketing.com.br\\\/marketing\\\/#\\\/schema\\\/person\\\/02daff9f18bd9378c9e01eb6b2db155f\",\"name\":\"Thales Brand\u00e3o\",\"image\":{\"@type\":\"ImageObject\",\"inLanguage\":\"pt-BR\",\"@id\":\"https:\\\/\\\/secure.gravatar.com\\\/avatar\\\/7ca3206950207cc3cb48feec56a8a7898741ab725c368d99d5d7a5a50aab80c6?s=96&d=mm&r=g\",\"url\":\"https:\\\/\\\/secure.gravatar.com\\\/avatar\\\/7ca3206950207cc3cb48feec56a8a7898741ab725c368d99d5d7a5a50aab80c6?s=96&d=mm&r=g\",\"contentUrl\":\"https:\\\/\\\/secure.gravatar.com\\\/avatar\\\/7ca3206950207cc3cb48feec56a8a7898741ab725c368d99d5d7a5a50aab80c6?s=96&d=mm&r=g\",\"caption\":\"Thales Brand\u00e3o\"},\"description\":\"Editor Executivo do Portal CidadeMarketing.com.br &gt; Mestre em Comunica\u00e7\u00e3o e Sociedade pela Universidade Federal de Sergipe. Possui MBA Executivo em Administra\u00e7\u00e3o com \u00eanfase em Marketing pela Funda\u00e7\u00e3o Get\u00falio Vargas - Rio de Janeiro. Consultor, Palestrante e Pesquisador sobre Empreendedorismo, Marketing, Redes Sociais e Neg\u00f3cios Digitais. Professor, Palestrante TedxTalks e Campus Party. Twitter: @ThalesBrandao\",\"sameAs\":[\"http:\\\/\\\/www.mandacaru.com.br\",\"https:\\\/\\\/www.facebook.com\\\/thalesbrandao\",\"http:\\\/\\\/www.instagram.com.br\\\/thalesbrandaoferreira\",\"https:\\\/\\\/www.linkedin.com\\\/in\\\/thales-brand\u00e3o-3948609\\\/\",\"https:\\\/\\\/x.com\\\/http:\\\/\\\/www.twitter.com\\\/thalesbrandao\"],\"url\":\"https:\\\/\\\/www.cidademarketing.com.br\\\/marketing\\\/author\\\/thalesbrandao\\\/\"}]}<\/script>\n<!-- \/ Yoast SEO plugin. -->","yoast_head_json":{"title":"Marisa celebra o brilho da mulher em campanha de Natal - CidadeMarketing","robots":{"index":"index","follow":"follow","max-snippet":"max-snippet:-1","max-image-preview":"max-image-preview:large","max-video-preview":"max-video-preview:-1"},"canonical":"https:\/\/www.cidademarketing.com.br\/marketing\/2021\/12\/09\/marisa-celebra-o-brilho-da-mulher-em-campanha-de-natal\/","og_locale":"pt_BR","og_type":"article","og_title":"Marisa celebra o brilho da mulher em campanha de Natal - CidadeMarketing","og_description":"A Marisa, maior rede de moda feminina e lingerie do Brasil, lan\u00e7a a partir desta semana sua campanha de Natal. As pe\u00e7as criadas pela ag\u00eancia Africa trazem o conceito \u201c\u00c9 Hora de Brilhar\u201d e ser\u00e3o divididas em dois per\u00edodos. O primeiro filme ser\u00e1 divulgado nesta segunda-feira (6) e convida as consumidoras a vestirem um look [&hellip;]","og_url":"https:\/\/www.cidademarketing.com.br\/marketing\/2021\/12\/09\/marisa-celebra-o-brilho-da-mulher-em-campanha-de-natal\/","og_site_name":"CidadeMarketing","article_publisher":"https:\/\/www.facebook.com\/portalcidademarketing","article_author":"https:\/\/www.facebook.com\/thalesbrandao","article_published_time":"2021-12-09T15:17:59+00:00","og_image":[{"width":1366,"height":768,"url":"https:\/\/www.cidademarketing.com.br\/marketing\/wp-content\/uploads\/2021\/12\/marisamulhernatal.png","type":"image\/png"}],"author":"Thales Brand\u00e3o","twitter_card":"summary_large_image","twitter_creator":"@http:\/\/www.twitter.com\/thalesbrandao","twitter_site":"@CidadeMarketing","twitter_misc":{"Escrito por":"Thales Brand\u00e3o","Est. tempo de leitura":"3 minutos"},"schema":{"@context":"https:\/\/schema.org","@graph":[{"@type":"Article","@id":"https:\/\/www.cidademarketing.com.br\/marketing\/2021\/12\/09\/marisa-celebra-o-brilho-da-mulher-em-campanha-de-natal\/#article","isPartOf":{"@id":"https:\/\/www.cidademarketing.com.br\/marketing\/2021\/12\/09\/marisa-celebra-o-brilho-da-mulher-em-campanha-de-natal\/"},"author":{"name":"Thales Brand\u00e3o","@id":"https:\/\/www.cidademarketing.com.br\/marketing\/#\/schema\/person\/02daff9f18bd9378c9e01eb6b2db155f"},"headline":"Marisa celebra o brilho da mulher em campanha de Natal","datePublished":"2021-12-09T15:17:59+00:00","mainEntityOfPage":{"@id":"https:\/\/www.cidademarketing.com.br\/marketing\/2021\/12\/09\/marisa-celebra-o-brilho-da-mulher-em-campanha-de-natal\/"},"wordCount":533,"commentCount":0,"publisher":{"@id":"https:\/\/www.cidademarketing.com.br\/marketing\/#organization"},"image":{"@id":"https:\/\/www.cidademarketing.com.br\/marketing\/2021\/12\/09\/marisa-celebra-o-brilho-da-mulher-em-campanha-de-natal\/#primaryimage"},"thumbnailUrl":"https:\/\/www.cidademarketing.com.br\/marketing\/wp-content\/uploads\/2021\/12\/marisamulhernatal.png","keywords":["campanha","estrat\u00e9gia","filme","Marisa","marketing"],"articleSection":["Videos"],"inLanguage":"pt-BR","potentialAction":[{"@type":"CommentAction","name":"Comment","target":["https:\/\/www.cidademarketing.com.br\/marketing\/2021\/12\/09\/marisa-celebra-o-brilho-da-mulher-em-campanha-de-natal\/#respond"]}]},{"@type":"WebPage","@id":"https:\/\/www.cidademarketing.com.br\/marketing\/2021\/12\/09\/marisa-celebra-o-brilho-da-mulher-em-campanha-de-natal\/","url":"https:\/\/www.cidademarketing.com.br\/marketing\/2021\/12\/09\/marisa-celebra-o-brilho-da-mulher-em-campanha-de-natal\/","name":"Marisa celebra o brilho da mulher em campanha de Natal - CidadeMarketing","isPartOf":{"@id":"https:\/\/www.cidademarketing.com.br\/marketing\/#website"},"primaryImageOfPage":{"@id":"https:\/\/www.cidademarketing.com.br\/marketing\/2021\/12\/09\/marisa-celebra-o-brilho-da-mulher-em-campanha-de-natal\/#primaryimage"},"image":{"@id":"https:\/\/www.cidademarketing.com.br\/marketing\/2021\/12\/09\/marisa-celebra-o-brilho-da-mulher-em-campanha-de-natal\/#primaryimage"},"thumbnailUrl":"https:\/\/www.cidademarketing.com.br\/marketing\/wp-content\/uploads\/2021\/12\/marisamulhernatal.png","datePublished":"2021-12-09T15:17:59+00:00","breadcrumb":{"@id":"https:\/\/www.cidademarketing.com.br\/marketing\/2021\/12\/09\/marisa-celebra-o-brilho-da-mulher-em-campanha-de-natal\/#breadcrumb"},"inLanguage":"pt-BR","potentialAction":[{"@type":"ReadAction","target":["https:\/\/www.cidademarketing.com.br\/marketing\/2021\/12\/09\/marisa-celebra-o-brilho-da-mulher-em-campanha-de-natal\/"]}]},{"@type":"ImageObject","inLanguage":"pt-BR","@id":"https:\/\/www.cidademarketing.com.br\/marketing\/2021\/12\/09\/marisa-celebra-o-brilho-da-mulher-em-campanha-de-natal\/#primaryimage","url":"https:\/\/www.cidademarketing.com.br\/marketing\/wp-content\/uploads\/2021\/12\/marisamulhernatal.png","contentUrl":"https:\/\/www.cidademarketing.com.br\/marketing\/wp-content\/uploads\/2021\/12\/marisamulhernatal.png","width":1366,"height":768,"caption":"Reprodu\u00e7\u00e3o"},{"@type":"BreadcrumbList","@id":"https:\/\/www.cidademarketing.com.br\/marketing\/2021\/12\/09\/marisa-celebra-o-brilho-da-mulher-em-campanha-de-natal\/#breadcrumb","itemListElement":[{"@type":"ListItem","position":1,"name":"In\u00edcio","item":"https:\/\/www.cidademarketing.com.br\/marketing\/"},{"@type":"ListItem","position":2,"name":"Marisa celebra o brilho da mulher em campanha de Natal"}]},{"@type":"WebSite","@id":"https:\/\/www.cidademarketing.com.br\/marketing\/#website","url":"https:\/\/www.cidademarketing.com.br\/marketing\/","name":"CidadeMarketing","description":"Somos um ve\u00edculo de comunica\u00e7\u00e3o de destaque no Brasil, reconhecido por conte\u00fados nos segmentos de marketing, empreendedorismo e inova\u00e7\u00e3o.","publisher":{"@id":"https:\/\/www.cidademarketing.com.br\/marketing\/#organization"},"alternateName":"CidadeMarketing","potentialAction":[{"@type":"SearchAction","target":{"@type":"EntryPoint","urlTemplate":"https:\/\/www.cidademarketing.com.br\/marketing\/?s={search_term_string}"},"query-input":{"@type":"PropertyValueSpecification","valueRequired":true,"valueName":"search_term_string"}}],"inLanguage":"pt-BR"},{"@type":"Organization","@id":"https:\/\/www.cidademarketing.com.br\/marketing\/#organization","name":"CidadeMarketing","alternateName":"CidadeMarketing","url":"https:\/\/www.cidademarketing.com.br\/marketing\/","logo":{"@type":"ImageObject","inLanguage":"pt-BR","@id":"https:\/\/www.cidademarketing.com.br\/marketing\/#\/schema\/logo\/image\/","url":"https:\/\/www.cidademarketing.com.br\/marketing\/wp-content\/uploads\/2020\/01\/cidademarketing_marca_mobile.png","contentUrl":"https:\/\/www.cidademarketing.com.br\/marketing\/wp-content\/uploads\/2020\/01\/cidademarketing_marca_mobile.png","width":230,"height":92,"caption":"CidadeMarketing"},"image":{"@id":"https:\/\/www.cidademarketing.com.br\/marketing\/#\/schema\/logo\/image\/"},"sameAs":["https:\/\/www.facebook.com\/portalcidademarketing","https:\/\/x.com\/CidadeMarketing","https:\/\/www.instagram.com\/cidademarketing\/"]},{"@type":"Person","@id":"https:\/\/www.cidademarketing.com.br\/marketing\/#\/schema\/person\/02daff9f18bd9378c9e01eb6b2db155f","name":"Thales Brand\u00e3o","image":{"@type":"ImageObject","inLanguage":"pt-BR","@id":"https:\/\/secure.gravatar.com\/avatar\/7ca3206950207cc3cb48feec56a8a7898741ab725c368d99d5d7a5a50aab80c6?s=96&d=mm&r=g","url":"https:\/\/secure.gravatar.com\/avatar\/7ca3206950207cc3cb48feec56a8a7898741ab725c368d99d5d7a5a50aab80c6?s=96&d=mm&r=g","contentUrl":"https:\/\/secure.gravatar.com\/avatar\/7ca3206950207cc3cb48feec56a8a7898741ab725c368d99d5d7a5a50aab80c6?s=96&d=mm&r=g","caption":"Thales Brand\u00e3o"},"description":"Editor Executivo do Portal CidadeMarketing.com.br &gt; Mestre em Comunica\u00e7\u00e3o e Sociedade pela Universidade Federal de Sergipe. Possui MBA Executivo em Administra\u00e7\u00e3o com \u00eanfase em Marketing pela Funda\u00e7\u00e3o Get\u00falio Vargas - Rio de Janeiro. Consultor, Palestrante e Pesquisador sobre Empreendedorismo, Marketing, Redes Sociais e Neg\u00f3cios Digitais. Professor, Palestrante TedxTalks e Campus Party. Twitter: @ThalesBrandao","sameAs":["http:\/\/www.mandacaru.com.br","https:\/\/www.facebook.com\/thalesbrandao","http:\/\/www.instagram.com.br\/thalesbrandaoferreira","https:\/\/www.linkedin.com\/in\/thales-brand\u00e3o-3948609\/","https:\/\/x.com\/http:\/\/www.twitter.com\/thalesbrandao"],"url":"https:\/\/www.cidademarketing.com.br\/marketing\/author\/thalesbrandao\/"}]}},"amp_enabled":true,"_links":{"self":[{"href":"https:\/\/www.cidademarketing.com.br\/marketing\/wp-json\/wp\/v2\/posts\/32983","targetHints":{"allow":["GET"]}}],"collection":[{"href":"https:\/\/www.cidademarketing.com.br\/marketing\/wp-json\/wp\/v2\/posts"}],"about":[{"href":"https:\/\/www.cidademarketing.com.br\/marketing\/wp-json\/wp\/v2\/types\/post"}],"author":[{"embeddable":true,"href":"https:\/\/www.cidademarketing.com.br\/marketing\/wp-json\/wp\/v2\/users\/1"}],"replies":[{"embeddable":true,"href":"https:\/\/www.cidademarketing.com.br\/marketing\/wp-json\/wp\/v2\/comments?post=32983"}],"version-history":[{"count":1,"href":"https:\/\/www.cidademarketing.com.br\/marketing\/wp-json\/wp\/v2\/posts\/32983\/revisions"}],"predecessor-version":[{"id":32985,"href":"https:\/\/www.cidademarketing.com.br\/marketing\/wp-json\/wp\/v2\/posts\/32983\/revisions\/32985"}],"wp:featuredmedia":[{"embeddable":true,"href":"https:\/\/www.cidademarketing.com.br\/marketing\/wp-json\/wp\/v2\/media\/32984"}],"wp:attachment":[{"href":"https:\/\/www.cidademarketing.com.br\/marketing\/wp-json\/wp\/v2\/media?parent=32983"}],"wp:term":[{"taxonomy":"category","embeddable":true,"href":"https:\/\/www.cidademarketing.com.br\/marketing\/wp-json\/wp\/v2\/categories?post=32983"},{"taxonomy":"post_tag","embeddable":true,"href":"https:\/\/www.cidademarketing.com.br\/marketing\/wp-json\/wp\/v2\/tags?post=32983"}],"curies":[{"name":"wp","href":"https:\/\/api.w.org\/{rel}","templated":true}]}}