{"id":32980,"date":"2021-12-09T11:52:19","date_gmt":"2021-12-09T14:52:19","guid":{"rendered":"https:\/\/www.cidademarketing.com.br\/marketing\/?p=32980"},"modified":"2021-12-09T11:52:19","modified_gmt":"2021-12-09T14:52:19","slug":"gerdau-promove-show-de-projecao-mapeada-na-fachada-do-museu-mm-gerdau","status":"publish","type":"post","link":"https:\/\/www.cidademarketing.com.br\/marketing\/2021\/12\/09\/gerdau-promove-show-de-projecao-mapeada-na-fachada-do-museu-mm-gerdau\/","title":{"rendered":"Gerdau promove show de proje\u00e7\u00e3o mapeada na fachada do museu MM Gerdau"},"content":{"rendered":"<p><iframe src=\"https:\/\/open.spotify.com\/embed\/show\/4khMKzP3FgFRWVwb73xicc\" width=\"100%\" height=\"232\" frameborder=\"0\"><\/iframe><br \/>\nQuem passar em frente ao <strong>MM Gerdau &#8211; Museu das Minas e do Metal<\/strong>, na pra\u00e7a da Liberdade, em Belo Horizonte, entre os dias 7 e 14 de dezembro, das 19 \u00e0s 23 horas, ir\u00e1 se surpreender com o espet\u00e1culo de luzes e sons de uma proje\u00e7\u00e3o assinada pelos artistas de reconhecimento \u00a0internacional, Rafael e Ricardo Can\u00e7ado. A a\u00e7\u00e3o, promovida pela <strong>Gerdau<\/strong>, faz parte da programa\u00e7\u00e3o do <strong>Festival Luzes da Liberdade 2021<\/strong>, que ser\u00e1 realizado de 7 a 26 de dezembro, com mais de 35 mil metros quadrados de \u00e1rea iluminada. E entre os dias 15 deste m\u00eas e 06 de janeiro, o pr\u00e9dio rosa tamb\u00e9m receber\u00e1 uma ilumina\u00e7\u00e3o c\u00eanica especial.<\/p>\n<p>Rafael e o irm\u00e3o Ricardo Can\u00e7ado s\u00e3o reconhecidos internacionalmente pelas proje\u00e7\u00f5es mapeadas que criam. Eles foram os autores dos mappings no Cristo Redentor nos r\u00e9veillons de 2019 e 2020, no Rio de Janeiro. Segundo Rafael Can\u00e7ado, a ideia do video mapping para o Museu das Minas e do Metal foi casar os 120 anos da Gerdau e o olhar de conex\u00e3o e harmonia entre a natureza e os minerais. \u201cNo mapping, falamos desde o surgimento da gal\u00e1xia, dos vulc\u00f5es e dos minerais, dialogando com a forma\u00e7\u00e3o da Terra at\u00e9 a jun\u00e7\u00e3o dos minerais e da tecnologia\u201d, explica o artista.<\/p>\n<p>Em janeiro de 2021, a Gerdau completou 120 anos de uma hist\u00f3ria de solidez, contribui\u00e7\u00e3o para o desenvolvimento e legado para uma sociedade em evolu\u00e7\u00e3o constante. \u201cPensando nisso que queremos celebrar essa data no Festival Luzes da Liberdade 2021 e com a sociedade mineira\u201d, comemora Wendel Gomes, diretor executivo da Gerdau. A proje\u00e7\u00e3o mapeada no MM Gerdau &#8211; Museu das Minas e do Metal tem dire\u00e7\u00e3o art\u00edstica de Rafael Can\u00e7ado &#8211; aka Homem Gaiola, da Darklight Studios -, de Barcelona na Espanha, e da produtora Danusa Carvalho, da Casulo Cultura, com produ\u00e7\u00e3o da Full Produ\u00e7\u00f5es, al\u00e9m da trilha sonora de Kiko Klaus.<\/p>\n<p>Dentro do projeto, o Museu tamb\u00e9m receber\u00e1 apresenta\u00e7\u00f5es musicais especiais, que trar\u00e1 a magia do encontro entre o Coral Canarinhos de Itabirito e a Orquestra de C\u00e2mara de Ouro Branco, assim como a voz potente de Manu Dias e toda o mito do Clube da Esquina com Telo Borges e Fl\u00e1vio Venturini.<\/p>\n<p><strong>\u00a0<\/strong><\/p>\n<p><strong>Servi\u00e7o:<\/strong><\/p>\n<p><strong>MM Gerdau &#8211; Museu das Minas e do Metal recebe proje\u00e7\u00e3o mapeada dos artistas Rafael e Ricardo Can\u00e7ado<\/strong><\/p>\n<p><strong>De: <\/strong>07 a 14\/12<\/p>\n<p><strong>Sess\u00f5es: <\/strong>das 19 \u00e0s 23 horas, de 15 em 15 minutos.<\/p>\n<p>&nbsp;<\/p>\n<p><strong>MM Gerdau &#8211; Museu das Minas e do Metal recebe apresenta\u00e7\u00f5es musicais especiais de natal<\/strong><\/p>\n<p>11\/12 &#8211; Manu Dias &#8211; 20h<\/p>\n<p>16 e 17\/12 &#8211; Canarinhos de Itabirito e Orquestra de C\u00e2mara de\u00a0 Ouro Branco &#8211; 19h<\/p>\n<p>18\/12 &#8211; Telo Borges e Fl\u00e1vio Venturini &#8211; 19h<\/p>\n<p><strong>Local:<\/strong> MM Gerdau &#8211; Museu das Minas e do Metal, na Pra\u00e7a da Liberdade, em Belo Horizonte (MG)<\/p>\n<p>A\u00e7\u00e3o integra o Festival Luzes da Liberdade 2021.<\/p>\n<p>Informa\u00e7\u00f5es pelo site <a href=\"https:\/\/luzesdaliberdade.com.br\/\" target=\"_blank\" rel=\"noopener\">luzesdaliberdade.com.br\u00a0\u00a0 <\/a><\/p>\n<p><iframe style=\"width: 100%; max-width: 660px; overflow: hidden; background: transparent;\" src=\"https:\/\/embed.podcasts.apple.com\/br\/podcast\/podcast-cidademarketing\/id1371923283\" height=\"450\" frameborder=\"0\" sandbox=\"allow-forms allow-popups allow-same-origin allow-scripts allow-storage-access-by-user-activation allow-top-navigation-by-user-activation\"><\/iframe><\/p>\n","protected":false},"excerpt":{"rendered":"<p>Quem passar em frente ao MM Gerdau &#8211; Museu das Minas e do Metal, na pra\u00e7a da Liberdade, em Belo Horizonte, entre os dias 7 e 14 de dezembro, das 19 \u00e0s 23 horas, ir\u00e1 se surpreender com o espet\u00e1culo de luzes e sons de uma proje\u00e7\u00e3o assinada pelos artistas de reconhecimento \u00a0internacional, Rafael e [&hellip;]<\/p>\n","protected":false},"author":1,"featured_media":32981,"comment_status":"open","ping_status":"open","sticky":false,"template":"","format":"standard","meta":{"tdm_status":"","tdm_grid_status":"","footnotes":""},"categories":[6],"tags":[1187,33,2894,28,177,5055,669],"class_list":["post-32980","post","type-post","status-publish","format-standard","has-post-thumbnail","hentry","category-noticias","tag-bh","tag-estrategia","tag-gerdau","tag-marketing","tag-marketing-social","tag-mm-gerdau","tag-natal"],"yoast_head":"<!-- This site is optimized with the Yoast SEO plugin v27.5 - https:\/\/yoast.com\/product\/yoast-seo-wordpress\/ -->\n<title>Gerdau promove show de proje\u00e7\u00e3o mapeada na fachada do museu MM Gerdau - CidadeMarketing<\/title>\n<meta name=\"robots\" content=\"index, follow, max-snippet:-1, max-image-preview:large, max-video-preview:-1\" \/>\n<link rel=\"canonical\" href=\"https:\/\/www.cidademarketing.com.br\/marketing\/2021\/12\/09\/gerdau-promove-show-de-projecao-mapeada-na-fachada-do-museu-mm-gerdau\/\" \/>\n<meta property=\"og:locale\" content=\"pt_BR\" \/>\n<meta property=\"og:type\" content=\"article\" \/>\n<meta property=\"og:title\" content=\"Gerdau promove show de proje\u00e7\u00e3o mapeada na fachada do museu MM Gerdau - CidadeMarketing\" \/>\n<meta property=\"og:description\" content=\"Quem passar em frente ao MM Gerdau &#8211; Museu das Minas e do Metal, na pra\u00e7a da Liberdade, em Belo Horizonte, entre os dias 7 e 14 de dezembro, das 19 \u00e0s 23 horas, ir\u00e1 se surpreender com o espet\u00e1culo de luzes e sons de uma proje\u00e7\u00e3o assinada pelos artistas de reconhecimento \u00a0internacional, Rafael e [&hellip;]\" \/>\n<meta property=\"og:url\" content=\"https:\/\/www.cidademarketing.com.br\/marketing\/2021\/12\/09\/gerdau-promove-show-de-projecao-mapeada-na-fachada-do-museu-mm-gerdau\/\" \/>\n<meta property=\"og:site_name\" content=\"CidadeMarketing\" \/>\n<meta property=\"article:publisher\" content=\"https:\/\/www.facebook.com\/portalcidademarketing\" \/>\n<meta property=\"article:author\" content=\"https:\/\/www.facebook.com\/thalesbrandao\" \/>\n<meta property=\"article:published_time\" content=\"2021-12-09T14:52:19+00:00\" \/>\n<meta property=\"og:image\" content=\"https:\/\/www.cidademarketing.com.br\/marketing\/wp-content\/uploads\/2021\/12\/Museu-MM-Gerdau-Francisco-Fancischelli-1024x733.jpg\" \/>\n\t<meta property=\"og:image:width\" content=\"1024\" \/>\n\t<meta property=\"og:image:height\" content=\"733\" \/>\n\t<meta property=\"og:image:type\" content=\"image\/jpeg\" \/>\n<meta name=\"author\" content=\"Thales Brand\u00e3o\" \/>\n<meta name=\"twitter:card\" content=\"summary_large_image\" \/>\n<meta name=\"twitter:creator\" content=\"@http:\/\/www.twitter.com\/thalesbrandao\" \/>\n<meta name=\"twitter:site\" content=\"@CidadeMarketing\" \/>\n<meta name=\"twitter:label1\" content=\"Escrito por\" \/>\n\t<meta name=\"twitter:data1\" content=\"Thales Brand\u00e3o\" \/>\n\t<meta name=\"twitter:label2\" content=\"Est. tempo de leitura\" \/>\n\t<meta name=\"twitter:data2\" content=\"2 minutos\" \/>\n<script type=\"application\/ld+json\" class=\"yoast-schema-graph\">{\"@context\":\"https:\\\/\\\/schema.org\",\"@graph\":[{\"@type\":\"Article\",\"@id\":\"https:\\\/\\\/www.cidademarketing.com.br\\\/marketing\\\/2021\\\/12\\\/09\\\/gerdau-promove-show-de-projecao-mapeada-na-fachada-do-museu-mm-gerdau\\\/#article\",\"isPartOf\":{\"@id\":\"https:\\\/\\\/www.cidademarketing.com.br\\\/marketing\\\/2021\\\/12\\\/09\\\/gerdau-promove-show-de-projecao-mapeada-na-fachada-do-museu-mm-gerdau\\\/\"},\"author\":{\"name\":\"Thales Brand\u00e3o\",\"@id\":\"https:\\\/\\\/www.cidademarketing.com.br\\\/marketing\\\/#\\\/schema\\\/person\\\/02daff9f18bd9378c9e01eb6b2db155f\"},\"headline\":\"Gerdau promove show de proje\u00e7\u00e3o mapeada na fachada do museu MM Gerdau\",\"datePublished\":\"2021-12-09T14:52:19+00:00\",\"mainEntityOfPage\":{\"@id\":\"https:\\\/\\\/www.cidademarketing.com.br\\\/marketing\\\/2021\\\/12\\\/09\\\/gerdau-promove-show-de-projecao-mapeada-na-fachada-do-museu-mm-gerdau\\\/\"},\"wordCount\":509,\"commentCount\":0,\"publisher\":{\"@id\":\"https:\\\/\\\/www.cidademarketing.com.br\\\/marketing\\\/#organization\"},\"image\":{\"@id\":\"https:\\\/\\\/www.cidademarketing.com.br\\\/marketing\\\/2021\\\/12\\\/09\\\/gerdau-promove-show-de-projecao-mapeada-na-fachada-do-museu-mm-gerdau\\\/#primaryimage\"},\"thumbnailUrl\":\"https:\\\/\\\/www.cidademarketing.com.br\\\/marketing\\\/wp-content\\\/uploads\\\/2021\\\/12\\\/Museu-MM-Gerdau-Francisco-Fancischelli.jpg\",\"keywords\":[\"BH\",\"estrat\u00e9gia\",\"Gerdau\",\"marketing\",\"marketing social\",\"MM Gerdau\",\"Natal\"],\"articleSection\":[\"Not\u00edcias\"],\"inLanguage\":\"pt-BR\",\"potentialAction\":[{\"@type\":\"CommentAction\",\"name\":\"Comment\",\"target\":[\"https:\\\/\\\/www.cidademarketing.com.br\\\/marketing\\\/2021\\\/12\\\/09\\\/gerdau-promove-show-de-projecao-mapeada-na-fachada-do-museu-mm-gerdau\\\/#respond\"]}]},{\"@type\":\"WebPage\",\"@id\":\"https:\\\/\\\/www.cidademarketing.com.br\\\/marketing\\\/2021\\\/12\\\/09\\\/gerdau-promove-show-de-projecao-mapeada-na-fachada-do-museu-mm-gerdau\\\/\",\"url\":\"https:\\\/\\\/www.cidademarketing.com.br\\\/marketing\\\/2021\\\/12\\\/09\\\/gerdau-promove-show-de-projecao-mapeada-na-fachada-do-museu-mm-gerdau\\\/\",\"name\":\"Gerdau promove show de proje\u00e7\u00e3o mapeada na fachada do museu MM Gerdau - CidadeMarketing\",\"isPartOf\":{\"@id\":\"https:\\\/\\\/www.cidademarketing.com.br\\\/marketing\\\/#website\"},\"primaryImageOfPage\":{\"@id\":\"https:\\\/\\\/www.cidademarketing.com.br\\\/marketing\\\/2021\\\/12\\\/09\\\/gerdau-promove-show-de-projecao-mapeada-na-fachada-do-museu-mm-gerdau\\\/#primaryimage\"},\"image\":{\"@id\":\"https:\\\/\\\/www.cidademarketing.com.br\\\/marketing\\\/2021\\\/12\\\/09\\\/gerdau-promove-show-de-projecao-mapeada-na-fachada-do-museu-mm-gerdau\\\/#primaryimage\"},\"thumbnailUrl\":\"https:\\\/\\\/www.cidademarketing.com.br\\\/marketing\\\/wp-content\\\/uploads\\\/2021\\\/12\\\/Museu-MM-Gerdau-Francisco-Fancischelli.jpg\",\"datePublished\":\"2021-12-09T14:52:19+00:00\",\"breadcrumb\":{\"@id\":\"https:\\\/\\\/www.cidademarketing.com.br\\\/marketing\\\/2021\\\/12\\\/09\\\/gerdau-promove-show-de-projecao-mapeada-na-fachada-do-museu-mm-gerdau\\\/#breadcrumb\"},\"inLanguage\":\"pt-BR\",\"potentialAction\":[{\"@type\":\"ReadAction\",\"target\":[\"https:\\\/\\\/www.cidademarketing.com.br\\\/marketing\\\/2021\\\/12\\\/09\\\/gerdau-promove-show-de-projecao-mapeada-na-fachada-do-museu-mm-gerdau\\\/\"]}]},{\"@type\":\"ImageObject\",\"inLanguage\":\"pt-BR\",\"@id\":\"https:\\\/\\\/www.cidademarketing.com.br\\\/marketing\\\/2021\\\/12\\\/09\\\/gerdau-promove-show-de-projecao-mapeada-na-fachada-do-museu-mm-gerdau\\\/#primaryimage\",\"url\":\"https:\\\/\\\/www.cidademarketing.com.br\\\/marketing\\\/wp-content\\\/uploads\\\/2021\\\/12\\\/Museu-MM-Gerdau-Francisco-Fancischelli.jpg\",\"contentUrl\":\"https:\\\/\\\/www.cidademarketing.com.br\\\/marketing\\\/wp-content\\\/uploads\\\/2021\\\/12\\\/Museu-MM-Gerdau-Francisco-Fancischelli.jpg\",\"width\":1861,\"height\":1333,\"caption\":\"Francisco Fancischelli Museu MM Gerdau\"},{\"@type\":\"BreadcrumbList\",\"@id\":\"https:\\\/\\\/www.cidademarketing.com.br\\\/marketing\\\/2021\\\/12\\\/09\\\/gerdau-promove-show-de-projecao-mapeada-na-fachada-do-museu-mm-gerdau\\\/#breadcrumb\",\"itemListElement\":[{\"@type\":\"ListItem\",\"position\":1,\"name\":\"In\u00edcio\",\"item\":\"https:\\\/\\\/www.cidademarketing.com.br\\\/marketing\\\/\"},{\"@type\":\"ListItem\",\"position\":2,\"name\":\"Gerdau promove show de proje\u00e7\u00e3o mapeada na fachada do museu MM Gerdau\"}]},{\"@type\":\"WebSite\",\"@id\":\"https:\\\/\\\/www.cidademarketing.com.br\\\/marketing\\\/#website\",\"url\":\"https:\\\/\\\/www.cidademarketing.com.br\\\/marketing\\\/\",\"name\":\"CidadeMarketing\",\"description\":\"Somos um ve\u00edculo de comunica\u00e7\u00e3o de destaque no Brasil, reconhecido por conte\u00fados nos segmentos de marketing, empreendedorismo e inova\u00e7\u00e3o.\",\"publisher\":{\"@id\":\"https:\\\/\\\/www.cidademarketing.com.br\\\/marketing\\\/#organization\"},\"alternateName\":\"CidadeMarketing\",\"potentialAction\":[{\"@type\":\"SearchAction\",\"target\":{\"@type\":\"EntryPoint\",\"urlTemplate\":\"https:\\\/\\\/www.cidademarketing.com.br\\\/marketing\\\/?s={search_term_string}\"},\"query-input\":{\"@type\":\"PropertyValueSpecification\",\"valueRequired\":true,\"valueName\":\"search_term_string\"}}],\"inLanguage\":\"pt-BR\"},{\"@type\":\"Organization\",\"@id\":\"https:\\\/\\\/www.cidademarketing.com.br\\\/marketing\\\/#organization\",\"name\":\"CidadeMarketing\",\"alternateName\":\"CidadeMarketing\",\"url\":\"https:\\\/\\\/www.cidademarketing.com.br\\\/marketing\\\/\",\"logo\":{\"@type\":\"ImageObject\",\"inLanguage\":\"pt-BR\",\"@id\":\"https:\\\/\\\/www.cidademarketing.com.br\\\/marketing\\\/#\\\/schema\\\/logo\\\/image\\\/\",\"url\":\"https:\\\/\\\/www.cidademarketing.com.br\\\/marketing\\\/wp-content\\\/uploads\\\/2020\\\/01\\\/cidademarketing_marca_mobile.png\",\"contentUrl\":\"https:\\\/\\\/www.cidademarketing.com.br\\\/marketing\\\/wp-content\\\/uploads\\\/2020\\\/01\\\/cidademarketing_marca_mobile.png\",\"width\":230,\"height\":92,\"caption\":\"CidadeMarketing\"},\"image\":{\"@id\":\"https:\\\/\\\/www.cidademarketing.com.br\\\/marketing\\\/#\\\/schema\\\/logo\\\/image\\\/\"},\"sameAs\":[\"https:\\\/\\\/www.facebook.com\\\/portalcidademarketing\",\"https:\\\/\\\/x.com\\\/CidadeMarketing\",\"https:\\\/\\\/www.instagram.com\\\/cidademarketing\\\/\"]},{\"@type\":\"Person\",\"@id\":\"https:\\\/\\\/www.cidademarketing.com.br\\\/marketing\\\/#\\\/schema\\\/person\\\/02daff9f18bd9378c9e01eb6b2db155f\",\"name\":\"Thales Brand\u00e3o\",\"image\":{\"@type\":\"ImageObject\",\"inLanguage\":\"pt-BR\",\"@id\":\"https:\\\/\\\/secure.gravatar.com\\\/avatar\\\/7ca3206950207cc3cb48feec56a8a7898741ab725c368d99d5d7a5a50aab80c6?s=96&d=mm&r=g\",\"url\":\"https:\\\/\\\/secure.gravatar.com\\\/avatar\\\/7ca3206950207cc3cb48feec56a8a7898741ab725c368d99d5d7a5a50aab80c6?s=96&d=mm&r=g\",\"contentUrl\":\"https:\\\/\\\/secure.gravatar.com\\\/avatar\\\/7ca3206950207cc3cb48feec56a8a7898741ab725c368d99d5d7a5a50aab80c6?s=96&d=mm&r=g\",\"caption\":\"Thales Brand\u00e3o\"},\"description\":\"Editor Executivo do Portal CidadeMarketing.com.br &gt; Mestre em Comunica\u00e7\u00e3o e Sociedade pela Universidade Federal de Sergipe. Possui MBA Executivo em Administra\u00e7\u00e3o com \u00eanfase em Marketing pela Funda\u00e7\u00e3o Get\u00falio Vargas - Rio de Janeiro. Consultor, Palestrante e Pesquisador sobre Empreendedorismo, Marketing, Redes Sociais e Neg\u00f3cios Digitais. Professor, Palestrante TedxTalks e Campus Party. Twitter: @ThalesBrandao\",\"sameAs\":[\"http:\\\/\\\/www.mandacaru.com.br\",\"https:\\\/\\\/www.facebook.com\\\/thalesbrandao\",\"http:\\\/\\\/www.instagram.com.br\\\/thalesbrandaoferreira\",\"https:\\\/\\\/www.linkedin.com\\\/in\\\/thales-brand\u00e3o-3948609\\\/\",\"https:\\\/\\\/x.com\\\/http:\\\/\\\/www.twitter.com\\\/thalesbrandao\"],\"url\":\"https:\\\/\\\/www.cidademarketing.com.br\\\/marketing\\\/author\\\/thalesbrandao\\\/\"}]}<\/script>\n<!-- \/ Yoast SEO plugin. -->","yoast_head_json":{"title":"Gerdau promove show de proje\u00e7\u00e3o mapeada na fachada do museu MM Gerdau - CidadeMarketing","robots":{"index":"index","follow":"follow","max-snippet":"max-snippet:-1","max-image-preview":"max-image-preview:large","max-video-preview":"max-video-preview:-1"},"canonical":"https:\/\/www.cidademarketing.com.br\/marketing\/2021\/12\/09\/gerdau-promove-show-de-projecao-mapeada-na-fachada-do-museu-mm-gerdau\/","og_locale":"pt_BR","og_type":"article","og_title":"Gerdau promove show de proje\u00e7\u00e3o mapeada na fachada do museu MM Gerdau - CidadeMarketing","og_description":"Quem passar em frente ao MM Gerdau &#8211; Museu das Minas e do Metal, na pra\u00e7a da Liberdade, em Belo Horizonte, entre os dias 7 e 14 de dezembro, das 19 \u00e0s 23 horas, ir\u00e1 se surpreender com o espet\u00e1culo de luzes e sons de uma proje\u00e7\u00e3o assinada pelos artistas de reconhecimento \u00a0internacional, Rafael e [&hellip;]","og_url":"https:\/\/www.cidademarketing.com.br\/marketing\/2021\/12\/09\/gerdau-promove-show-de-projecao-mapeada-na-fachada-do-museu-mm-gerdau\/","og_site_name":"CidadeMarketing","article_publisher":"https:\/\/www.facebook.com\/portalcidademarketing","article_author":"https:\/\/www.facebook.com\/thalesbrandao","article_published_time":"2021-12-09T14:52:19+00:00","og_image":[{"width":1024,"height":733,"url":"https:\/\/www.cidademarketing.com.br\/marketing\/wp-content\/uploads\/2021\/12\/Museu-MM-Gerdau-Francisco-Fancischelli-1024x733.jpg","type":"image\/jpeg"}],"author":"Thales Brand\u00e3o","twitter_card":"summary_large_image","twitter_creator":"@http:\/\/www.twitter.com\/thalesbrandao","twitter_site":"@CidadeMarketing","twitter_misc":{"Escrito por":"Thales Brand\u00e3o","Est. tempo de leitura":"2 minutos"},"schema":{"@context":"https:\/\/schema.org","@graph":[{"@type":"Article","@id":"https:\/\/www.cidademarketing.com.br\/marketing\/2021\/12\/09\/gerdau-promove-show-de-projecao-mapeada-na-fachada-do-museu-mm-gerdau\/#article","isPartOf":{"@id":"https:\/\/www.cidademarketing.com.br\/marketing\/2021\/12\/09\/gerdau-promove-show-de-projecao-mapeada-na-fachada-do-museu-mm-gerdau\/"},"author":{"name":"Thales Brand\u00e3o","@id":"https:\/\/www.cidademarketing.com.br\/marketing\/#\/schema\/person\/02daff9f18bd9378c9e01eb6b2db155f"},"headline":"Gerdau promove show de proje\u00e7\u00e3o mapeada na fachada do museu MM Gerdau","datePublished":"2021-12-09T14:52:19+00:00","mainEntityOfPage":{"@id":"https:\/\/www.cidademarketing.com.br\/marketing\/2021\/12\/09\/gerdau-promove-show-de-projecao-mapeada-na-fachada-do-museu-mm-gerdau\/"},"wordCount":509,"commentCount":0,"publisher":{"@id":"https:\/\/www.cidademarketing.com.br\/marketing\/#organization"},"image":{"@id":"https:\/\/www.cidademarketing.com.br\/marketing\/2021\/12\/09\/gerdau-promove-show-de-projecao-mapeada-na-fachada-do-museu-mm-gerdau\/#primaryimage"},"thumbnailUrl":"https:\/\/www.cidademarketing.com.br\/marketing\/wp-content\/uploads\/2021\/12\/Museu-MM-Gerdau-Francisco-Fancischelli.jpg","keywords":["BH","estrat\u00e9gia","Gerdau","marketing","marketing social","MM Gerdau","Natal"],"articleSection":["Not\u00edcias"],"inLanguage":"pt-BR","potentialAction":[{"@type":"CommentAction","name":"Comment","target":["https:\/\/www.cidademarketing.com.br\/marketing\/2021\/12\/09\/gerdau-promove-show-de-projecao-mapeada-na-fachada-do-museu-mm-gerdau\/#respond"]}]},{"@type":"WebPage","@id":"https:\/\/www.cidademarketing.com.br\/marketing\/2021\/12\/09\/gerdau-promove-show-de-projecao-mapeada-na-fachada-do-museu-mm-gerdau\/","url":"https:\/\/www.cidademarketing.com.br\/marketing\/2021\/12\/09\/gerdau-promove-show-de-projecao-mapeada-na-fachada-do-museu-mm-gerdau\/","name":"Gerdau promove show de proje\u00e7\u00e3o mapeada na fachada do museu MM Gerdau - CidadeMarketing","isPartOf":{"@id":"https:\/\/www.cidademarketing.com.br\/marketing\/#website"},"primaryImageOfPage":{"@id":"https:\/\/www.cidademarketing.com.br\/marketing\/2021\/12\/09\/gerdau-promove-show-de-projecao-mapeada-na-fachada-do-museu-mm-gerdau\/#primaryimage"},"image":{"@id":"https:\/\/www.cidademarketing.com.br\/marketing\/2021\/12\/09\/gerdau-promove-show-de-projecao-mapeada-na-fachada-do-museu-mm-gerdau\/#primaryimage"},"thumbnailUrl":"https:\/\/www.cidademarketing.com.br\/marketing\/wp-content\/uploads\/2021\/12\/Museu-MM-Gerdau-Francisco-Fancischelli.jpg","datePublished":"2021-12-09T14:52:19+00:00","breadcrumb":{"@id":"https:\/\/www.cidademarketing.com.br\/marketing\/2021\/12\/09\/gerdau-promove-show-de-projecao-mapeada-na-fachada-do-museu-mm-gerdau\/#breadcrumb"},"inLanguage":"pt-BR","potentialAction":[{"@type":"ReadAction","target":["https:\/\/www.cidademarketing.com.br\/marketing\/2021\/12\/09\/gerdau-promove-show-de-projecao-mapeada-na-fachada-do-museu-mm-gerdau\/"]}]},{"@type":"ImageObject","inLanguage":"pt-BR","@id":"https:\/\/www.cidademarketing.com.br\/marketing\/2021\/12\/09\/gerdau-promove-show-de-projecao-mapeada-na-fachada-do-museu-mm-gerdau\/#primaryimage","url":"https:\/\/www.cidademarketing.com.br\/marketing\/wp-content\/uploads\/2021\/12\/Museu-MM-Gerdau-Francisco-Fancischelli.jpg","contentUrl":"https:\/\/www.cidademarketing.com.br\/marketing\/wp-content\/uploads\/2021\/12\/Museu-MM-Gerdau-Francisco-Fancischelli.jpg","width":1861,"height":1333,"caption":"Francisco Fancischelli Museu MM Gerdau"},{"@type":"BreadcrumbList","@id":"https:\/\/www.cidademarketing.com.br\/marketing\/2021\/12\/09\/gerdau-promove-show-de-projecao-mapeada-na-fachada-do-museu-mm-gerdau\/#breadcrumb","itemListElement":[{"@type":"ListItem","position":1,"name":"In\u00edcio","item":"https:\/\/www.cidademarketing.com.br\/marketing\/"},{"@type":"ListItem","position":2,"name":"Gerdau promove show de proje\u00e7\u00e3o mapeada na fachada do museu MM Gerdau"}]},{"@type":"WebSite","@id":"https:\/\/www.cidademarketing.com.br\/marketing\/#website","url":"https:\/\/www.cidademarketing.com.br\/marketing\/","name":"CidadeMarketing","description":"Somos um ve\u00edculo de comunica\u00e7\u00e3o de destaque no Brasil, reconhecido por conte\u00fados nos segmentos de marketing, empreendedorismo e inova\u00e7\u00e3o.","publisher":{"@id":"https:\/\/www.cidademarketing.com.br\/marketing\/#organization"},"alternateName":"CidadeMarketing","potentialAction":[{"@type":"SearchAction","target":{"@type":"EntryPoint","urlTemplate":"https:\/\/www.cidademarketing.com.br\/marketing\/?s={search_term_string}"},"query-input":{"@type":"PropertyValueSpecification","valueRequired":true,"valueName":"search_term_string"}}],"inLanguage":"pt-BR"},{"@type":"Organization","@id":"https:\/\/www.cidademarketing.com.br\/marketing\/#organization","name":"CidadeMarketing","alternateName":"CidadeMarketing","url":"https:\/\/www.cidademarketing.com.br\/marketing\/","logo":{"@type":"ImageObject","inLanguage":"pt-BR","@id":"https:\/\/www.cidademarketing.com.br\/marketing\/#\/schema\/logo\/image\/","url":"https:\/\/www.cidademarketing.com.br\/marketing\/wp-content\/uploads\/2020\/01\/cidademarketing_marca_mobile.png","contentUrl":"https:\/\/www.cidademarketing.com.br\/marketing\/wp-content\/uploads\/2020\/01\/cidademarketing_marca_mobile.png","width":230,"height":92,"caption":"CidadeMarketing"},"image":{"@id":"https:\/\/www.cidademarketing.com.br\/marketing\/#\/schema\/logo\/image\/"},"sameAs":["https:\/\/www.facebook.com\/portalcidademarketing","https:\/\/x.com\/CidadeMarketing","https:\/\/www.instagram.com\/cidademarketing\/"]},{"@type":"Person","@id":"https:\/\/www.cidademarketing.com.br\/marketing\/#\/schema\/person\/02daff9f18bd9378c9e01eb6b2db155f","name":"Thales Brand\u00e3o","image":{"@type":"ImageObject","inLanguage":"pt-BR","@id":"https:\/\/secure.gravatar.com\/avatar\/7ca3206950207cc3cb48feec56a8a7898741ab725c368d99d5d7a5a50aab80c6?s=96&d=mm&r=g","url":"https:\/\/secure.gravatar.com\/avatar\/7ca3206950207cc3cb48feec56a8a7898741ab725c368d99d5d7a5a50aab80c6?s=96&d=mm&r=g","contentUrl":"https:\/\/secure.gravatar.com\/avatar\/7ca3206950207cc3cb48feec56a8a7898741ab725c368d99d5d7a5a50aab80c6?s=96&d=mm&r=g","caption":"Thales Brand\u00e3o"},"description":"Editor Executivo do Portal CidadeMarketing.com.br &gt; Mestre em Comunica\u00e7\u00e3o e Sociedade pela Universidade Federal de Sergipe. Possui MBA Executivo em Administra\u00e7\u00e3o com \u00eanfase em Marketing pela Funda\u00e7\u00e3o Get\u00falio Vargas - Rio de Janeiro. Consultor, Palestrante e Pesquisador sobre Empreendedorismo, Marketing, Redes Sociais e Neg\u00f3cios Digitais. Professor, Palestrante TedxTalks e Campus Party. Twitter: @ThalesBrandao","sameAs":["http:\/\/www.mandacaru.com.br","https:\/\/www.facebook.com\/thalesbrandao","http:\/\/www.instagram.com.br\/thalesbrandaoferreira","https:\/\/www.linkedin.com\/in\/thales-brand\u00e3o-3948609\/","https:\/\/x.com\/http:\/\/www.twitter.com\/thalesbrandao"],"url":"https:\/\/www.cidademarketing.com.br\/marketing\/author\/thalesbrandao\/"}]}},"amp_enabled":true,"_links":{"self":[{"href":"https:\/\/www.cidademarketing.com.br\/marketing\/wp-json\/wp\/v2\/posts\/32980","targetHints":{"allow":["GET"]}}],"collection":[{"href":"https:\/\/www.cidademarketing.com.br\/marketing\/wp-json\/wp\/v2\/posts"}],"about":[{"href":"https:\/\/www.cidademarketing.com.br\/marketing\/wp-json\/wp\/v2\/types\/post"}],"author":[{"embeddable":true,"href":"https:\/\/www.cidademarketing.com.br\/marketing\/wp-json\/wp\/v2\/users\/1"}],"replies":[{"embeddable":true,"href":"https:\/\/www.cidademarketing.com.br\/marketing\/wp-json\/wp\/v2\/comments?post=32980"}],"version-history":[{"count":1,"href":"https:\/\/www.cidademarketing.com.br\/marketing\/wp-json\/wp\/v2\/posts\/32980\/revisions"}],"predecessor-version":[{"id":32982,"href":"https:\/\/www.cidademarketing.com.br\/marketing\/wp-json\/wp\/v2\/posts\/32980\/revisions\/32982"}],"wp:featuredmedia":[{"embeddable":true,"href":"https:\/\/www.cidademarketing.com.br\/marketing\/wp-json\/wp\/v2\/media\/32981"}],"wp:attachment":[{"href":"https:\/\/www.cidademarketing.com.br\/marketing\/wp-json\/wp\/v2\/media?parent=32980"}],"wp:term":[{"taxonomy":"category","embeddable":true,"href":"https:\/\/www.cidademarketing.com.br\/marketing\/wp-json\/wp\/v2\/categories?post=32980"},{"taxonomy":"post_tag","embeddable":true,"href":"https:\/\/www.cidademarketing.com.br\/marketing\/wp-json\/wp\/v2\/tags?post=32980"}],"curies":[{"name":"wp","href":"https:\/\/api.w.org\/{rel}","templated":true}]}}