{"id":32972,"date":"2021-12-09T11:37:11","date_gmt":"2021-12-09T14:37:11","guid":{"rendered":"https:\/\/www.cidademarketing.com.br\/marketing\/?p=32972"},"modified":"2021-12-09T11:37:11","modified_gmt":"2021-12-09T14:37:11","slug":"massey-ferguson-lanca-nova-marca-e-identidade-visual-para-celebrar-175-anos-de-historia","status":"publish","type":"post","link":"https:\/\/www.cidademarketing.com.br\/marketing\/2021\/12\/09\/massey-ferguson-lanca-nova-marca-e-identidade-visual-para-celebrar-175-anos-de-historia\/","title":{"rendered":"Massey Ferguson lan\u00e7a nova marca e identidade visual para celebrar 175 anos de hist\u00f3ria"},"content":{"rendered":"<p><iframe src=\"https:\/\/open.spotify.com\/embed\/show\/4khMKzP3FgFRWVwb73xicc\" width=\"100%\" height=\"232\" frameborder=\"0\"><\/iframe><br \/>\nA Massey Ferguson, marca mundial da AGCO (NYSE: AGCO), est\u00e1 com um novo visual para\u00a0seu ic\u00f4nico logotipo do Tri\u00e2ngulo Triplo\u00a0e\u00a0nova\u00a0identidade de marca, a &#8220;Born\u00a0to\u00a0Farm&#8221;, para celebrar o seu anivers\u00e1rio de 175 anos em\u00a02022.<\/p>\n<p>\u201cMassey Ferguson tem oferecido aos agricultores de todo o mundo m\u00e1quinas\u00a0simples\u00a0e confi\u00e1veis \u200b\u200bdesde seu in\u00edcio, h\u00e1 quase 175 anos.\u00a0Poucas marcas ao redor do mundo podem reivindicar um impacto t\u00e3o duradouro na ind\u00fastria\u00a0agr\u00edcola. Massey Ferguson\u00a0\u00e9\u00a0verdadeiramente \u2018Born\u00a0to\u00a0Farm&#8217; \u201d, disse Eric Hansotia,\u00a0Chairman, Presidente e CEO da AGCO Corporation.<\/p>\n<p>Luis Felli, Vice-presidente S\u00eanior e Gerente Geral da Massey Ferguson, complementa,\u00a0\u201cA Massey Ferguson\u00a0est\u00e1 deixando\u00a0de ser\u00a0puramente\u00a0fabricante de maquin\u00e1rio agr\u00edcola\u00a0para\u00a0fornecer\u00a0<strong>experi\u00eancias\u00a0simples\u00a0e confi\u00e1veis\u00a0que\u00a0entregam\u00a0o\u00a0melhor valor\u00a0para os agricultores<\/strong>\u00a0e\u00a0tornam\u00a0seus neg\u00f3cios mais lucrativos e sustent\u00e1veis\u201d.<\/p>\n<p>\u201cEssa\u00a0<strong>abordagem\u00a0global de colocar o agricultor em primeiro lugar (farmer-first)\u00a0<\/strong>permite que os clientes experimentem a transforma\u00e7\u00e3o da marca de uma forma \u00fanica em todo o mundo.\u00a0As a\u00e7\u00f5es v\u00eam\u00a0sendo conduzidas de forma global e sincronizada, era\u00a0natural lan\u00e7ar um novo logotipo durante este momento sem precedentes em nossa hist\u00f3ria.\u201d<\/p>\n<p>\u201cO ano de\u00a02022 ser\u00e1 o ano da nova marca global Massey Ferguson\u201d, afirma Francesco Murro, Vice-presidente de Marketing Global, Capacita\u00e7\u00e3o e Parcerias de Vendas da Massey Ferguson.\u00a0\u201cEstamos pensando em um novo logo desde\u00a0que\u00a0apresentamos\u00a0o MF NEXT\u00a0Concept,\u00a0na feira\u00a0Agritechnica\u00a02019. A Nova Era MF come\u00e7ou a ganhar\u00a0vida com o lan\u00e7amento do MF 8S,\u00a0em julho de 2020, seguido pelo lan\u00e7amento de uma linha completa de produtos, nos \u00faltimos 18 meses, incluindo nosso evento Born\u00a0to\u00a0Farm\u00a0Digital,\u00a0realizado em\u00a0setembro de 2021.\u00a0Novembro \u00e9\u00a0um m\u00eas emblem\u00e1tico para a marca. H\u00e1\u00a0exatamente 63 anos,\u00a0no mesmo m\u00eas,\u00a0a\u00a0marca e\u00a0o\u00a0seu logotipo ic\u00f4nico\u00a0foram criados. Enquanto celebramos, em 2022, os 175 anos da\u00a0funda\u00e7\u00e3o da\u00a0primeira oficina de equipamentos agr\u00edcolas por Daniel Massey, sentimos que era o momento perfeito para renovar o nosso logo e, ao mesmo\u00a0tempo,\u00a0apresentar um novo slogan cheio de significado\u201d.<\/p>\n<p><strong>Tri\u00e2ngulo Triplo Massey Ferguson &#8211; O \u00edcone mais reconhecido de 1958<\/strong><\/p>\n<p>\u201cA forma do tri\u00e2ngulo triplo \u00e9 um \u00edcone forte que personifica a Massey Ferguson desde 1958. Nosso novo logo \u00e9 uma mistura entre nossa forte heran\u00e7a e novos valores de marca. Os tr\u00eas tri\u00e2ngulos sobrepostos representam uma rela\u00e7\u00e3o mutuamente ben\u00e9fica e de confian\u00e7a entre os\u00a0agricultores, concession\u00e1rios e a marca\u201d, afirma Francesco Murro.<\/p>\n<p>\u201cTrabalhando como uma equipe global da Massey Ferguson, nosso objetivo \u00e9 tornar as opera\u00e7\u00f5es agr\u00edcolas mais f\u00e1ceis, mais lucrativas e\u00a0mais\u00a0sustent\u00e1veis em todo o mundo\u201d,\u00a0afirma\u00a0Alfredo Jobke, Diretor de Marketing Global da Massey Ferguson. \u201cQueremos usar\u00a0esse novo logo\u00a0para convidar os produtores rurais, mais do que nunca, a se unirem \u00e0 fam\u00edlia Born\u00a0to\u00a0Farm\u00a0Massey Ferguson.\u00a0Tamb\u00e9m aproveitamos a oportunidade para\u00a0fazer a transi\u00e7\u00e3o para\u00a0um design\u00a0moderno,\u00a0plano e elegante,\u00a0dando vida ao logotipo por meio\u00a0da intera\u00e7\u00e3o de\u00a0tr\u00eas\u00a0tri\u00e2ngulos entrela\u00e7ados\u00a0um no outro, desenhados com um\u00a0\u00fanico\u00a0gesto, s\u00f3lido e\u00a0direto,\u00a0criando\u00a0a ideia de movimento. O design plano reflete muito o nosso mundo digital atual, permitindo-nos manipular o logotipo para traz\u00ea-lo \u00e0\u00a0vida em nossos sites, aplicativos de smartphones e\u00a0smartwatches\u00a0ou mesmo nas telas das pr\u00f3prias m\u00e1quinas\u201d.<\/p>\n<p>\u201cNosso evento Born to Farm, realizado em setembro de 2021, foi a primeira express\u00e3o desse novo logotipo e seu slogan \u201cBorn to Farm\u201d. O \u00f3timo feedback que recebemos e o incr\u00edvel entusiasmo de todos os envolvidos nos impulsionou a seguir em frente. O novo slogan transmite nossa proposta de valor de marca \u00fanica e diferencia no mercado e nas comunidades onde atuamos\u201d, concluiu Murro.<\/p>\n<p><a href=\"https:\/\/www.cidademarketing.com.br\/marketing\/wp-content\/uploads\/2021\/12\/massey_ferguson_marca.png\"><img fetchpriority=\"high\" decoding=\"async\" class=\"wp-image-32974 aligncenter\" src=\"https:\/\/www.cidademarketing.com.br\/marketing\/wp-content\/uploads\/2021\/12\/massey_ferguson_marca.png\" alt=\"\" width=\"352\" height=\"352\" srcset=\"https:\/\/www.cidademarketing.com.br\/marketing\/wp-content\/uploads\/2021\/12\/massey_ferguson_marca.png 1810w, https:\/\/www.cidademarketing.com.br\/marketing\/wp-content\/uploads\/2021\/12\/massey_ferguson_marca-300x300.png 300w, https:\/\/www.cidademarketing.com.br\/marketing\/wp-content\/uploads\/2021\/12\/massey_ferguson_marca-1024x1024.png 1024w, https:\/\/www.cidademarketing.com.br\/marketing\/wp-content\/uploads\/2021\/12\/massey_ferguson_marca-150x150.png 150w, https:\/\/www.cidademarketing.com.br\/marketing\/wp-content\/uploads\/2021\/12\/massey_ferguson_marca-768x768.png 768w, https:\/\/www.cidademarketing.com.br\/marketing\/wp-content\/uploads\/2021\/12\/massey_ferguson_marca-1536x1536.png 1536w, https:\/\/www.cidademarketing.com.br\/marketing\/wp-content\/uploads\/2021\/12\/massey_ferguson_marca-420x420.png 420w, https:\/\/www.cidademarketing.com.br\/marketing\/wp-content\/uploads\/2021\/12\/massey_ferguson_marca-640x640.png 640w, https:\/\/www.cidademarketing.com.br\/marketing\/wp-content\/uploads\/2021\/12\/massey_ferguson_marca-681x681.png 681w\" sizes=\"(max-width: 352px) 100vw, 352px\" \/><\/a><\/p>\n<p>&nbsp;<\/p>\n<p><strong>Nova identidade de marca global Massey Ferguson lan\u00e7ada em 2022<\/strong><\/p>\n<p>O novo logo, que ser\u00e1 implementado progressivamente em todo o mundo, j\u00e1 come\u00e7ou a ser veiculado\u00a0nos\u00a0canais digitais\u00a0da\u00a0Massey Ferguson\u00a0e ser\u00e1 atualizado\u00a0nos\u00a0materiais\u00a0de marketing daqui para frente.\u00a0Essa\u00a0mudan\u00e7a constr\u00f3i o momento que preparamos para comemorar o anivers\u00e1rio de 175 anos a partir de janeiro 2022.<\/p>\n<p>O logo da Massey Ferguson e a atualiza\u00e7\u00e3o do slogan\u00a0nos\u00a0d\u00e3o a oportunidade \u00fanica de realinhar as mensagens principais da marca para focar na\u00a0<strong>abordagem\u00a0farmer-first\u00a0<\/strong>e\u00a0nas diretrizes de marca\u00a0<strong>simples,<\/strong>\u00a0<strong>confi\u00e1vel, acess\u00edvel e sustent\u00e1vel<\/strong>.\u00a0Agricultores de todo o mundo\u00a0poder\u00e3o conhecer melhor a nova identidade da marca Massey Ferguson\u00a0pela primeira vez\u00a0a partir do final do primeiro trimestre de 2022. Tamb\u00e9m\u00a0ser\u00e1 implementado\u00a0um passo a passo para a apresenta\u00e7\u00e3o da nova identidade de marca\u00a0nas\u00a0instala\u00e7\u00f5es, f\u00e1bricas e\u00a0escrit\u00f3rios em todo o mundo, bem como na sinaliza\u00e7\u00e3o da Rede de Concession\u00e1rios Massey Ferguson, a partir de 2022.<\/p>\n<p><iframe style=\"width: 100%; max-width: 660px; overflow: hidden; background: transparent;\" src=\"https:\/\/embed.podcasts.apple.com\/br\/podcast\/podcast-cidademarketing\/id1371923283\" height=\"450\" frameborder=\"0\" sandbox=\"allow-forms allow-popups allow-same-origin allow-scripts allow-storage-access-by-user-activation allow-top-navigation-by-user-activation\"><\/iframe><\/p>\n","protected":false},"excerpt":{"rendered":"<p>A Massey Ferguson, marca mundial da AGCO (NYSE: AGCO), est\u00e1 com um novo visual para\u00a0seu ic\u00f4nico logotipo do Tri\u00e2ngulo Triplo\u00a0e\u00a0nova\u00a0identidade de marca, a &#8220;Born\u00a0to\u00a0Farm&#8221;, para celebrar o seu anivers\u00e1rio de 175 anos em\u00a02022. \u201cMassey Ferguson tem oferecido aos agricultores de todo o mundo m\u00e1quinas\u00a0simples\u00a0e confi\u00e1veis \u200b\u200bdesde seu in\u00edcio, h\u00e1 quase 175 anos.\u00a0Poucas marcas ao redor [&hellip;]<\/p>\n","protected":false},"author":1,"featured_media":32973,"comment_status":"open","ping_status":"open","sticky":false,"template":"","format":"standard","meta":{"tdm_status":"","tdm_grid_status":"","footnotes":""},"categories":[8,6],"tags":[175,308,33,709,37,28,4745],"class_list":["post-32972","post","type-post","status-publish","format-standard","has-post-thumbnail","hentry","category-marcas","category-noticias","tag-branding","tag-comunicacao","tag-estrategia","tag-identidade-visual","tag-marca","tag-marketing","tag-massey-ferguson"],"yoast_head":"<!-- This site is optimized with the Yoast SEO plugin v27.5 - https:\/\/yoast.com\/product\/yoast-seo-wordpress\/ -->\n<title>Massey Ferguson lan\u00e7a nova marca e identidade visual para celebrar 175 anos de hist\u00f3ria - CidadeMarketing<\/title>\n<meta name=\"robots\" content=\"index, follow, max-snippet:-1, max-image-preview:large, max-video-preview:-1\" \/>\n<link rel=\"canonical\" href=\"https:\/\/www.cidademarketing.com.br\/marketing\/2021\/12\/09\/massey-ferguson-lanca-nova-marca-e-identidade-visual-para-celebrar-175-anos-de-historia\/\" \/>\n<meta property=\"og:locale\" content=\"pt_BR\" \/>\n<meta property=\"og:type\" content=\"article\" \/>\n<meta property=\"og:title\" content=\"Massey Ferguson lan\u00e7a nova marca e identidade visual para celebrar 175 anos de hist\u00f3ria - CidadeMarketing\" \/>\n<meta property=\"og:description\" content=\"A Massey Ferguson, marca mundial da AGCO (NYSE: AGCO), est\u00e1 com um novo visual para\u00a0seu ic\u00f4nico logotipo do Tri\u00e2ngulo Triplo\u00a0e\u00a0nova\u00a0identidade de marca, a &#8220;Born\u00a0to\u00a0Farm&#8221;, para celebrar o seu anivers\u00e1rio de 175 anos em\u00a02022. \u201cMassey Ferguson tem oferecido aos agricultores de todo o mundo m\u00e1quinas\u00a0simples\u00a0e confi\u00e1veis \u200b\u200bdesde seu in\u00edcio, h\u00e1 quase 175 anos.\u00a0Poucas marcas ao redor [&hellip;]\" \/>\n<meta property=\"og:url\" content=\"https:\/\/www.cidademarketing.com.br\/marketing\/2021\/12\/09\/massey-ferguson-lanca-nova-marca-e-identidade-visual-para-celebrar-175-anos-de-historia\/\" \/>\n<meta property=\"og:site_name\" content=\"CidadeMarketing\" \/>\n<meta property=\"article:publisher\" content=\"https:\/\/www.facebook.com\/portalcidademarketing\" \/>\n<meta property=\"article:author\" content=\"https:\/\/www.facebook.com\/thalesbrandao\" \/>\n<meta property=\"article:published_time\" content=\"2021-12-09T14:37:11+00:00\" \/>\n<meta property=\"og:image\" content=\"https:\/\/www.cidademarketing.com.br\/marketing\/wp-content\/uploads\/2021\/12\/massey_ferguson_marca_02.png\" \/>\n\t<meta property=\"og:image:width\" content=\"526\" \/>\n\t<meta property=\"og:image:height\" content=\"306\" \/>\n\t<meta property=\"og:image:type\" content=\"image\/png\" \/>\n<meta name=\"author\" content=\"Thales Brand\u00e3o\" \/>\n<meta name=\"twitter:card\" content=\"summary_large_image\" \/>\n<meta name=\"twitter:creator\" content=\"@http:\/\/www.twitter.com\/thalesbrandao\" \/>\n<meta name=\"twitter:site\" content=\"@CidadeMarketing\" \/>\n<meta name=\"twitter:label1\" content=\"Escrito por\" \/>\n\t<meta name=\"twitter:data1\" content=\"Thales Brand\u00e3o\" \/>\n\t<meta name=\"twitter:label2\" content=\"Est. tempo de leitura\" \/>\n\t<meta name=\"twitter:data2\" content=\"4 minutos\" \/>\n<script type=\"application\/ld+json\" class=\"yoast-schema-graph\">{\"@context\":\"https:\\\/\\\/schema.org\",\"@graph\":[{\"@type\":\"Article\",\"@id\":\"https:\\\/\\\/www.cidademarketing.com.br\\\/marketing\\\/2021\\\/12\\\/09\\\/massey-ferguson-lanca-nova-marca-e-identidade-visual-para-celebrar-175-anos-de-historia\\\/#article\",\"isPartOf\":{\"@id\":\"https:\\\/\\\/www.cidademarketing.com.br\\\/marketing\\\/2021\\\/12\\\/09\\\/massey-ferguson-lanca-nova-marca-e-identidade-visual-para-celebrar-175-anos-de-historia\\\/\"},\"author\":{\"name\":\"Thales Brand\u00e3o\",\"@id\":\"https:\\\/\\\/www.cidademarketing.com.br\\\/marketing\\\/#\\\/schema\\\/person\\\/02daff9f18bd9378c9e01eb6b2db155f\"},\"headline\":\"Massey Ferguson lan\u00e7a nova marca e identidade visual para celebrar 175 anos de hist\u00f3ria\",\"datePublished\":\"2021-12-09T14:37:11+00:00\",\"mainEntityOfPage\":{\"@id\":\"https:\\\/\\\/www.cidademarketing.com.br\\\/marketing\\\/2021\\\/12\\\/09\\\/massey-ferguson-lanca-nova-marca-e-identidade-visual-para-celebrar-175-anos-de-historia\\\/\"},\"wordCount\":834,\"commentCount\":0,\"publisher\":{\"@id\":\"https:\\\/\\\/www.cidademarketing.com.br\\\/marketing\\\/#organization\"},\"image\":{\"@id\":\"https:\\\/\\\/www.cidademarketing.com.br\\\/marketing\\\/2021\\\/12\\\/09\\\/massey-ferguson-lanca-nova-marca-e-identidade-visual-para-celebrar-175-anos-de-historia\\\/#primaryimage\"},\"thumbnailUrl\":\"https:\\\/\\\/www.cidademarketing.com.br\\\/marketing\\\/wp-content\\\/uploads\\\/2021\\\/12\\\/massey_ferguson_marca_02.png\",\"keywords\":[\"branding\",\"comunica\u00e7\u00e3o\",\"estrat\u00e9gia\",\"identidade visual\",\"marca\",\"marketing\",\"Massey Ferguson\"],\"articleSection\":[\"Marcas\",\"Not\u00edcias\"],\"inLanguage\":\"pt-BR\",\"potentialAction\":[{\"@type\":\"CommentAction\",\"name\":\"Comment\",\"target\":[\"https:\\\/\\\/www.cidademarketing.com.br\\\/marketing\\\/2021\\\/12\\\/09\\\/massey-ferguson-lanca-nova-marca-e-identidade-visual-para-celebrar-175-anos-de-historia\\\/#respond\"]}]},{\"@type\":\"WebPage\",\"@id\":\"https:\\\/\\\/www.cidademarketing.com.br\\\/marketing\\\/2021\\\/12\\\/09\\\/massey-ferguson-lanca-nova-marca-e-identidade-visual-para-celebrar-175-anos-de-historia\\\/\",\"url\":\"https:\\\/\\\/www.cidademarketing.com.br\\\/marketing\\\/2021\\\/12\\\/09\\\/massey-ferguson-lanca-nova-marca-e-identidade-visual-para-celebrar-175-anos-de-historia\\\/\",\"name\":\"Massey Ferguson lan\u00e7a nova marca e identidade visual para celebrar 175 anos de hist\u00f3ria - CidadeMarketing\",\"isPartOf\":{\"@id\":\"https:\\\/\\\/www.cidademarketing.com.br\\\/marketing\\\/#website\"},\"primaryImageOfPage\":{\"@id\":\"https:\\\/\\\/www.cidademarketing.com.br\\\/marketing\\\/2021\\\/12\\\/09\\\/massey-ferguson-lanca-nova-marca-e-identidade-visual-para-celebrar-175-anos-de-historia\\\/#primaryimage\"},\"image\":{\"@id\":\"https:\\\/\\\/www.cidademarketing.com.br\\\/marketing\\\/2021\\\/12\\\/09\\\/massey-ferguson-lanca-nova-marca-e-identidade-visual-para-celebrar-175-anos-de-historia\\\/#primaryimage\"},\"thumbnailUrl\":\"https:\\\/\\\/www.cidademarketing.com.br\\\/marketing\\\/wp-content\\\/uploads\\\/2021\\\/12\\\/massey_ferguson_marca_02.png\",\"datePublished\":\"2021-12-09T14:37:11+00:00\",\"breadcrumb\":{\"@id\":\"https:\\\/\\\/www.cidademarketing.com.br\\\/marketing\\\/2021\\\/12\\\/09\\\/massey-ferguson-lanca-nova-marca-e-identidade-visual-para-celebrar-175-anos-de-historia\\\/#breadcrumb\"},\"inLanguage\":\"pt-BR\",\"potentialAction\":[{\"@type\":\"ReadAction\",\"target\":[\"https:\\\/\\\/www.cidademarketing.com.br\\\/marketing\\\/2021\\\/12\\\/09\\\/massey-ferguson-lanca-nova-marca-e-identidade-visual-para-celebrar-175-anos-de-historia\\\/\"]}]},{\"@type\":\"ImageObject\",\"inLanguage\":\"pt-BR\",\"@id\":\"https:\\\/\\\/www.cidademarketing.com.br\\\/marketing\\\/2021\\\/12\\\/09\\\/massey-ferguson-lanca-nova-marca-e-identidade-visual-para-celebrar-175-anos-de-historia\\\/#primaryimage\",\"url\":\"https:\\\/\\\/www.cidademarketing.com.br\\\/marketing\\\/wp-content\\\/uploads\\\/2021\\\/12\\\/massey_ferguson_marca_02.png\",\"contentUrl\":\"https:\\\/\\\/www.cidademarketing.com.br\\\/marketing\\\/wp-content\\\/uploads\\\/2021\\\/12\\\/massey_ferguson_marca_02.png\",\"width\":526,\"height\":306},{\"@type\":\"BreadcrumbList\",\"@id\":\"https:\\\/\\\/www.cidademarketing.com.br\\\/marketing\\\/2021\\\/12\\\/09\\\/massey-ferguson-lanca-nova-marca-e-identidade-visual-para-celebrar-175-anos-de-historia\\\/#breadcrumb\",\"itemListElement\":[{\"@type\":\"ListItem\",\"position\":1,\"name\":\"In\u00edcio\",\"item\":\"https:\\\/\\\/www.cidademarketing.com.br\\\/marketing\\\/\"},{\"@type\":\"ListItem\",\"position\":2,\"name\":\"Massey Ferguson lan\u00e7a nova marca e identidade visual para celebrar 175 anos de hist\u00f3ria\"}]},{\"@type\":\"WebSite\",\"@id\":\"https:\\\/\\\/www.cidademarketing.com.br\\\/marketing\\\/#website\",\"url\":\"https:\\\/\\\/www.cidademarketing.com.br\\\/marketing\\\/\",\"name\":\"CidadeMarketing\",\"description\":\"Somos um ve\u00edculo de comunica\u00e7\u00e3o de destaque no Brasil, reconhecido por conte\u00fados nos segmentos de marketing, empreendedorismo e inova\u00e7\u00e3o.\",\"publisher\":{\"@id\":\"https:\\\/\\\/www.cidademarketing.com.br\\\/marketing\\\/#organization\"},\"alternateName\":\"CidadeMarketing\",\"potentialAction\":[{\"@type\":\"SearchAction\",\"target\":{\"@type\":\"EntryPoint\",\"urlTemplate\":\"https:\\\/\\\/www.cidademarketing.com.br\\\/marketing\\\/?s={search_term_string}\"},\"query-input\":{\"@type\":\"PropertyValueSpecification\",\"valueRequired\":true,\"valueName\":\"search_term_string\"}}],\"inLanguage\":\"pt-BR\"},{\"@type\":\"Organization\",\"@id\":\"https:\\\/\\\/www.cidademarketing.com.br\\\/marketing\\\/#organization\",\"name\":\"CidadeMarketing\",\"alternateName\":\"CidadeMarketing\",\"url\":\"https:\\\/\\\/www.cidademarketing.com.br\\\/marketing\\\/\",\"logo\":{\"@type\":\"ImageObject\",\"inLanguage\":\"pt-BR\",\"@id\":\"https:\\\/\\\/www.cidademarketing.com.br\\\/marketing\\\/#\\\/schema\\\/logo\\\/image\\\/\",\"url\":\"https:\\\/\\\/www.cidademarketing.com.br\\\/marketing\\\/wp-content\\\/uploads\\\/2020\\\/01\\\/cidademarketing_marca_mobile.png\",\"contentUrl\":\"https:\\\/\\\/www.cidademarketing.com.br\\\/marketing\\\/wp-content\\\/uploads\\\/2020\\\/01\\\/cidademarketing_marca_mobile.png\",\"width\":230,\"height\":92,\"caption\":\"CidadeMarketing\"},\"image\":{\"@id\":\"https:\\\/\\\/www.cidademarketing.com.br\\\/marketing\\\/#\\\/schema\\\/logo\\\/image\\\/\"},\"sameAs\":[\"https:\\\/\\\/www.facebook.com\\\/portalcidademarketing\",\"https:\\\/\\\/x.com\\\/CidadeMarketing\",\"https:\\\/\\\/www.instagram.com\\\/cidademarketing\\\/\"]},{\"@type\":\"Person\",\"@id\":\"https:\\\/\\\/www.cidademarketing.com.br\\\/marketing\\\/#\\\/schema\\\/person\\\/02daff9f18bd9378c9e01eb6b2db155f\",\"name\":\"Thales Brand\u00e3o\",\"image\":{\"@type\":\"ImageObject\",\"inLanguage\":\"pt-BR\",\"@id\":\"https:\\\/\\\/secure.gravatar.com\\\/avatar\\\/7ca3206950207cc3cb48feec56a8a7898741ab725c368d99d5d7a5a50aab80c6?s=96&d=mm&r=g\",\"url\":\"https:\\\/\\\/secure.gravatar.com\\\/avatar\\\/7ca3206950207cc3cb48feec56a8a7898741ab725c368d99d5d7a5a50aab80c6?s=96&d=mm&r=g\",\"contentUrl\":\"https:\\\/\\\/secure.gravatar.com\\\/avatar\\\/7ca3206950207cc3cb48feec56a8a7898741ab725c368d99d5d7a5a50aab80c6?s=96&d=mm&r=g\",\"caption\":\"Thales Brand\u00e3o\"},\"description\":\"Editor Executivo do Portal CidadeMarketing.com.br &gt; Mestre em Comunica\u00e7\u00e3o e Sociedade pela Universidade Federal de Sergipe. Possui MBA Executivo em Administra\u00e7\u00e3o com \u00eanfase em Marketing pela Funda\u00e7\u00e3o Get\u00falio Vargas - Rio de Janeiro. Consultor, Palestrante e Pesquisador sobre Empreendedorismo, Marketing, Redes Sociais e Neg\u00f3cios Digitais. Professor, Palestrante TedxTalks e Campus Party. Twitter: @ThalesBrandao\",\"sameAs\":[\"http:\\\/\\\/www.mandacaru.com.br\",\"https:\\\/\\\/www.facebook.com\\\/thalesbrandao\",\"http:\\\/\\\/www.instagram.com.br\\\/thalesbrandaoferreira\",\"https:\\\/\\\/www.linkedin.com\\\/in\\\/thales-brand\u00e3o-3948609\\\/\",\"https:\\\/\\\/x.com\\\/http:\\\/\\\/www.twitter.com\\\/thalesbrandao\"],\"url\":\"https:\\\/\\\/www.cidademarketing.com.br\\\/marketing\\\/author\\\/thalesbrandao\\\/\"}]}<\/script>\n<!-- \/ Yoast SEO plugin. -->","yoast_head_json":{"title":"Massey Ferguson lan\u00e7a nova marca e identidade visual para celebrar 175 anos de hist\u00f3ria - CidadeMarketing","robots":{"index":"index","follow":"follow","max-snippet":"max-snippet:-1","max-image-preview":"max-image-preview:large","max-video-preview":"max-video-preview:-1"},"canonical":"https:\/\/www.cidademarketing.com.br\/marketing\/2021\/12\/09\/massey-ferguson-lanca-nova-marca-e-identidade-visual-para-celebrar-175-anos-de-historia\/","og_locale":"pt_BR","og_type":"article","og_title":"Massey Ferguson lan\u00e7a nova marca e identidade visual para celebrar 175 anos de hist\u00f3ria - CidadeMarketing","og_description":"A Massey Ferguson, marca mundial da AGCO (NYSE: AGCO), est\u00e1 com um novo visual para\u00a0seu ic\u00f4nico logotipo do Tri\u00e2ngulo Triplo\u00a0e\u00a0nova\u00a0identidade de marca, a &#8220;Born\u00a0to\u00a0Farm&#8221;, para celebrar o seu anivers\u00e1rio de 175 anos em\u00a02022. \u201cMassey Ferguson tem oferecido aos agricultores de todo o mundo m\u00e1quinas\u00a0simples\u00a0e confi\u00e1veis \u200b\u200bdesde seu in\u00edcio, h\u00e1 quase 175 anos.\u00a0Poucas marcas ao redor [&hellip;]","og_url":"https:\/\/www.cidademarketing.com.br\/marketing\/2021\/12\/09\/massey-ferguson-lanca-nova-marca-e-identidade-visual-para-celebrar-175-anos-de-historia\/","og_site_name":"CidadeMarketing","article_publisher":"https:\/\/www.facebook.com\/portalcidademarketing","article_author":"https:\/\/www.facebook.com\/thalesbrandao","article_published_time":"2021-12-09T14:37:11+00:00","og_image":[{"width":526,"height":306,"url":"https:\/\/www.cidademarketing.com.br\/marketing\/wp-content\/uploads\/2021\/12\/massey_ferguson_marca_02.png","type":"image\/png"}],"author":"Thales Brand\u00e3o","twitter_card":"summary_large_image","twitter_creator":"@http:\/\/www.twitter.com\/thalesbrandao","twitter_site":"@CidadeMarketing","twitter_misc":{"Escrito por":"Thales Brand\u00e3o","Est. tempo de leitura":"4 minutos"},"schema":{"@context":"https:\/\/schema.org","@graph":[{"@type":"Article","@id":"https:\/\/www.cidademarketing.com.br\/marketing\/2021\/12\/09\/massey-ferguson-lanca-nova-marca-e-identidade-visual-para-celebrar-175-anos-de-historia\/#article","isPartOf":{"@id":"https:\/\/www.cidademarketing.com.br\/marketing\/2021\/12\/09\/massey-ferguson-lanca-nova-marca-e-identidade-visual-para-celebrar-175-anos-de-historia\/"},"author":{"name":"Thales Brand\u00e3o","@id":"https:\/\/www.cidademarketing.com.br\/marketing\/#\/schema\/person\/02daff9f18bd9378c9e01eb6b2db155f"},"headline":"Massey Ferguson lan\u00e7a nova marca e identidade visual para celebrar 175 anos de hist\u00f3ria","datePublished":"2021-12-09T14:37:11+00:00","mainEntityOfPage":{"@id":"https:\/\/www.cidademarketing.com.br\/marketing\/2021\/12\/09\/massey-ferguson-lanca-nova-marca-e-identidade-visual-para-celebrar-175-anos-de-historia\/"},"wordCount":834,"commentCount":0,"publisher":{"@id":"https:\/\/www.cidademarketing.com.br\/marketing\/#organization"},"image":{"@id":"https:\/\/www.cidademarketing.com.br\/marketing\/2021\/12\/09\/massey-ferguson-lanca-nova-marca-e-identidade-visual-para-celebrar-175-anos-de-historia\/#primaryimage"},"thumbnailUrl":"https:\/\/www.cidademarketing.com.br\/marketing\/wp-content\/uploads\/2021\/12\/massey_ferguson_marca_02.png","keywords":["branding","comunica\u00e7\u00e3o","estrat\u00e9gia","identidade visual","marca","marketing","Massey Ferguson"],"articleSection":["Marcas","Not\u00edcias"],"inLanguage":"pt-BR","potentialAction":[{"@type":"CommentAction","name":"Comment","target":["https:\/\/www.cidademarketing.com.br\/marketing\/2021\/12\/09\/massey-ferguson-lanca-nova-marca-e-identidade-visual-para-celebrar-175-anos-de-historia\/#respond"]}]},{"@type":"WebPage","@id":"https:\/\/www.cidademarketing.com.br\/marketing\/2021\/12\/09\/massey-ferguson-lanca-nova-marca-e-identidade-visual-para-celebrar-175-anos-de-historia\/","url":"https:\/\/www.cidademarketing.com.br\/marketing\/2021\/12\/09\/massey-ferguson-lanca-nova-marca-e-identidade-visual-para-celebrar-175-anos-de-historia\/","name":"Massey Ferguson lan\u00e7a nova marca e identidade visual para celebrar 175 anos de hist\u00f3ria - CidadeMarketing","isPartOf":{"@id":"https:\/\/www.cidademarketing.com.br\/marketing\/#website"},"primaryImageOfPage":{"@id":"https:\/\/www.cidademarketing.com.br\/marketing\/2021\/12\/09\/massey-ferguson-lanca-nova-marca-e-identidade-visual-para-celebrar-175-anos-de-historia\/#primaryimage"},"image":{"@id":"https:\/\/www.cidademarketing.com.br\/marketing\/2021\/12\/09\/massey-ferguson-lanca-nova-marca-e-identidade-visual-para-celebrar-175-anos-de-historia\/#primaryimage"},"thumbnailUrl":"https:\/\/www.cidademarketing.com.br\/marketing\/wp-content\/uploads\/2021\/12\/massey_ferguson_marca_02.png","datePublished":"2021-12-09T14:37:11+00:00","breadcrumb":{"@id":"https:\/\/www.cidademarketing.com.br\/marketing\/2021\/12\/09\/massey-ferguson-lanca-nova-marca-e-identidade-visual-para-celebrar-175-anos-de-historia\/#breadcrumb"},"inLanguage":"pt-BR","potentialAction":[{"@type":"ReadAction","target":["https:\/\/www.cidademarketing.com.br\/marketing\/2021\/12\/09\/massey-ferguson-lanca-nova-marca-e-identidade-visual-para-celebrar-175-anos-de-historia\/"]}]},{"@type":"ImageObject","inLanguage":"pt-BR","@id":"https:\/\/www.cidademarketing.com.br\/marketing\/2021\/12\/09\/massey-ferguson-lanca-nova-marca-e-identidade-visual-para-celebrar-175-anos-de-historia\/#primaryimage","url":"https:\/\/www.cidademarketing.com.br\/marketing\/wp-content\/uploads\/2021\/12\/massey_ferguson_marca_02.png","contentUrl":"https:\/\/www.cidademarketing.com.br\/marketing\/wp-content\/uploads\/2021\/12\/massey_ferguson_marca_02.png","width":526,"height":306},{"@type":"BreadcrumbList","@id":"https:\/\/www.cidademarketing.com.br\/marketing\/2021\/12\/09\/massey-ferguson-lanca-nova-marca-e-identidade-visual-para-celebrar-175-anos-de-historia\/#breadcrumb","itemListElement":[{"@type":"ListItem","position":1,"name":"In\u00edcio","item":"https:\/\/www.cidademarketing.com.br\/marketing\/"},{"@type":"ListItem","position":2,"name":"Massey Ferguson lan\u00e7a nova marca e identidade visual para celebrar 175 anos de hist\u00f3ria"}]},{"@type":"WebSite","@id":"https:\/\/www.cidademarketing.com.br\/marketing\/#website","url":"https:\/\/www.cidademarketing.com.br\/marketing\/","name":"CidadeMarketing","description":"Somos um ve\u00edculo de comunica\u00e7\u00e3o de destaque no Brasil, reconhecido por conte\u00fados nos segmentos de marketing, empreendedorismo e inova\u00e7\u00e3o.","publisher":{"@id":"https:\/\/www.cidademarketing.com.br\/marketing\/#organization"},"alternateName":"CidadeMarketing","potentialAction":[{"@type":"SearchAction","target":{"@type":"EntryPoint","urlTemplate":"https:\/\/www.cidademarketing.com.br\/marketing\/?s={search_term_string}"},"query-input":{"@type":"PropertyValueSpecification","valueRequired":true,"valueName":"search_term_string"}}],"inLanguage":"pt-BR"},{"@type":"Organization","@id":"https:\/\/www.cidademarketing.com.br\/marketing\/#organization","name":"CidadeMarketing","alternateName":"CidadeMarketing","url":"https:\/\/www.cidademarketing.com.br\/marketing\/","logo":{"@type":"ImageObject","inLanguage":"pt-BR","@id":"https:\/\/www.cidademarketing.com.br\/marketing\/#\/schema\/logo\/image\/","url":"https:\/\/www.cidademarketing.com.br\/marketing\/wp-content\/uploads\/2020\/01\/cidademarketing_marca_mobile.png","contentUrl":"https:\/\/www.cidademarketing.com.br\/marketing\/wp-content\/uploads\/2020\/01\/cidademarketing_marca_mobile.png","width":230,"height":92,"caption":"CidadeMarketing"},"image":{"@id":"https:\/\/www.cidademarketing.com.br\/marketing\/#\/schema\/logo\/image\/"},"sameAs":["https:\/\/www.facebook.com\/portalcidademarketing","https:\/\/x.com\/CidadeMarketing","https:\/\/www.instagram.com\/cidademarketing\/"]},{"@type":"Person","@id":"https:\/\/www.cidademarketing.com.br\/marketing\/#\/schema\/person\/02daff9f18bd9378c9e01eb6b2db155f","name":"Thales Brand\u00e3o","image":{"@type":"ImageObject","inLanguage":"pt-BR","@id":"https:\/\/secure.gravatar.com\/avatar\/7ca3206950207cc3cb48feec56a8a7898741ab725c368d99d5d7a5a50aab80c6?s=96&d=mm&r=g","url":"https:\/\/secure.gravatar.com\/avatar\/7ca3206950207cc3cb48feec56a8a7898741ab725c368d99d5d7a5a50aab80c6?s=96&d=mm&r=g","contentUrl":"https:\/\/secure.gravatar.com\/avatar\/7ca3206950207cc3cb48feec56a8a7898741ab725c368d99d5d7a5a50aab80c6?s=96&d=mm&r=g","caption":"Thales Brand\u00e3o"},"description":"Editor Executivo do Portal CidadeMarketing.com.br &gt; Mestre em Comunica\u00e7\u00e3o e Sociedade pela Universidade Federal de Sergipe. Possui MBA Executivo em Administra\u00e7\u00e3o com \u00eanfase em Marketing pela Funda\u00e7\u00e3o Get\u00falio Vargas - Rio de Janeiro. Consultor, Palestrante e Pesquisador sobre Empreendedorismo, Marketing, Redes Sociais e Neg\u00f3cios Digitais. Professor, Palestrante TedxTalks e Campus Party. Twitter: @ThalesBrandao","sameAs":["http:\/\/www.mandacaru.com.br","https:\/\/www.facebook.com\/thalesbrandao","http:\/\/www.instagram.com.br\/thalesbrandaoferreira","https:\/\/www.linkedin.com\/in\/thales-brand\u00e3o-3948609\/","https:\/\/x.com\/http:\/\/www.twitter.com\/thalesbrandao"],"url":"https:\/\/www.cidademarketing.com.br\/marketing\/author\/thalesbrandao\/"}]}},"amp_enabled":true,"_links":{"self":[{"href":"https:\/\/www.cidademarketing.com.br\/marketing\/wp-json\/wp\/v2\/posts\/32972","targetHints":{"allow":["GET"]}}],"collection":[{"href":"https:\/\/www.cidademarketing.com.br\/marketing\/wp-json\/wp\/v2\/posts"}],"about":[{"href":"https:\/\/www.cidademarketing.com.br\/marketing\/wp-json\/wp\/v2\/types\/post"}],"author":[{"embeddable":true,"href":"https:\/\/www.cidademarketing.com.br\/marketing\/wp-json\/wp\/v2\/users\/1"}],"replies":[{"embeddable":true,"href":"https:\/\/www.cidademarketing.com.br\/marketing\/wp-json\/wp\/v2\/comments?post=32972"}],"version-history":[{"count":1,"href":"https:\/\/www.cidademarketing.com.br\/marketing\/wp-json\/wp\/v2\/posts\/32972\/revisions"}],"predecessor-version":[{"id":32975,"href":"https:\/\/www.cidademarketing.com.br\/marketing\/wp-json\/wp\/v2\/posts\/32972\/revisions\/32975"}],"wp:featuredmedia":[{"embeddable":true,"href":"https:\/\/www.cidademarketing.com.br\/marketing\/wp-json\/wp\/v2\/media\/32973"}],"wp:attachment":[{"href":"https:\/\/www.cidademarketing.com.br\/marketing\/wp-json\/wp\/v2\/media?parent=32972"}],"wp:term":[{"taxonomy":"category","embeddable":true,"href":"https:\/\/www.cidademarketing.com.br\/marketing\/wp-json\/wp\/v2\/categories?post=32972"},{"taxonomy":"post_tag","embeddable":true,"href":"https:\/\/www.cidademarketing.com.br\/marketing\/wp-json\/wp\/v2\/tags?post=32972"}],"curies":[{"name":"wp","href":"https:\/\/api.w.org\/{rel}","templated":true}]}}