{"id":32962,"date":"2021-12-09T11:02:18","date_gmt":"2021-12-09T14:02:18","guid":{"rendered":"https:\/\/www.cidademarketing.com.br\/marketing\/?p=32962"},"modified":"2021-12-09T11:02:18","modified_gmt":"2021-12-09T14:02:18","slug":"votacao-para-o-nba-all-star-apresentado-por-tissot-tera-inicio-no-dia-de-natal","status":"publish","type":"post","link":"https:\/\/www.cidademarketing.com.br\/marketing\/2021\/12\/09\/votacao-para-o-nba-all-star-apresentado-por-tissot-tera-inicio-no-dia-de-natal\/","title":{"rendered":"Vota\u00e7\u00e3o para o NBA All-Star, apresentado por Tissot, ter\u00e1 in\u00edcio no Dia de Natal"},"content":{"rendered":"<p><iframe src=\"https:\/\/open.spotify.com\/embed\/show\/4khMKzP3FgFRWVwb73xicc\" width=\"100%\" height=\"232\" frameborder=\"0\"><\/iframe><br \/>\nA vota\u00e7\u00e3o para o NBA All-Star, apresentado por Tissot, rel\u00f3gio e cron\u00f4metro oficiais da NBA, vai come\u00e7ar no s\u00e1bado, dia 25 de dezembro, \u00e0s 13h (hor\u00e1rio de Bras\u00edlia), com t\u00e9rmino na madrugada de 23 de janeiro (2h no hor\u00e1rio de Bras\u00edlia \/ 0h no hor\u00e1rio de NY), dando aos f\u00e3s a oportunidade de votar para os titulares do NBA All-Star Game 2022 pelo app da NBA, pelo NBA.com e pelo Twitter.<\/p>\n<p>O 71\u00ba NBA All-Star Game ser\u00e1 disputado no domingo, dia 20 de fevereiro, \u00e0s 22h (hor\u00e1rio de Bras\u00edlia). Cleveland ser\u00e1 sede do evento celebrando a temporada de anivers\u00e1rio de 75 anos da liga. A \u00faltima vez em que Cleveland sediou uma edi\u00e7\u00e3o do NBA All-Star foi em 1997, quando a liga comemorou 50 anos.<\/p>\n<p>Durante o per\u00edodo de quatro semanas para vota\u00e7\u00e3o, os f\u00e3s poder\u00e3o enviar um formul\u00e1rio completo por dia pelo NBA app e pelo NBA.com, assim como escolher at\u00e9 dez jogadores \u00fanicos por dia pelo Twitter. Todos os jogadores ativos na liga est\u00e3o aptos para escolha. Cinco dias &#8216;2 por 1&#8217; v\u00e3o permitir aos f\u00e3s que tenham peso dobrado em suas indica\u00e7\u00f5es nos dias 25 de dezembro, 7, 13, 17 e 20 de janeiro pela plataformas NBA app, pelo NBA.com e Twitter. O primeiro &#8216;2 por 1&#8217; ser\u00e1 no Natal, no dia 25, das 13h \u00e0s 2h (do dia 26). Os &#8216;2 por 1&#8217; seguintes ser\u00e3o entre 2h01min e 2h (hor\u00e1rios de Bras\u00edlia).<\/p>\n<p>Atletas da NBA e membros da imprensa v\u00e3o se juntar aos f\u00e3s na sele\u00e7\u00e3o dos titulares do NBA All-Star Game. Os f\u00e3s ter\u00e3o seus votos com peso de 50%, enquanto os jogadores e o painel de jornalistas contribuem com 25% cada nos votos. Atletas e membros da m\u00eddia poder\u00e3o completar um formul\u00e1rio, apresentando tr\u00eas jogadores de linha ofensiva e dois de arma\u00e7\u00e3o, indicando tanto na Confer\u00eancia Leste quanto na Confer\u00eancia Oeste.<\/p>\n<p>As parciais de vota\u00e7\u00e3o ser\u00e3o divulgadas nos dias 6, 13 e 20 de janeiro.<\/p>\n<p>A TNT vai anunciar os titulares do NBA All-Star, incluindo os dois capit\u00e3es das equipe, no dia 27 de janeiro, durante o TNT NBA Tip-Off, apresentado por CarMax. Os reservas, escolhidos pelos t\u00e9cnicos da NBA, tamb\u00e9m ser\u00e3o anunciados pela TNT, no programa do dia 3 de fevereiro.<\/p>\n<p>Depois da contagem de todos os votos, os jogadores ser\u00e3o classificados por posi\u00e7\u00e3o em cada confer\u00eancia (armadores e jogadores de ataque) dentro de cada um dos tr\u00eas grupos de vota\u00e7\u00e3o (f\u00e3s, atletas e membros da imprensa). A pontua\u00e7\u00e3o de cada jogador ser\u00e1 calculada pela m\u00e9dia de sua classifica\u00e7\u00e3o ponderada dos votos dos f\u00e3s (50%), dos jogadores (25%) e da m\u00eddia (25%). Os dois armadores e os tr\u00eas jogadores da quadra de ataque com as melhores pontua\u00e7\u00f5es em cada confer\u00eancia ser\u00e3o indicados como titulares do NBA All-Star Game. Os votos dos f\u00e3s servir\u00e3o para desempate caso haja a mesma pontua\u00e7\u00e3o em um grupo de posi\u00e7\u00e3o.<\/p>\n<p>As listas das equipes do NBA All-Star Game ser\u00e3o escolhidas pelos dois capit\u00e3es. Eles far\u00e3o suas escolhas a partir do grupo de atletas votados como titulares e reservas em cada confer\u00eancia, recrutando independente da afilia\u00e7\u00e3o \u00e0s confer\u00eancias. Os capit\u00e3es ser\u00e3o aqueles com os maiores n\u00fameros de votos dos f\u00e3s em cada confer\u00eancia. Detalhes sobre o NBA All-Star Draft ser\u00e3o anunciados em uma data posterior.<\/p>\n<p>Como os f\u00e3s podem votar:<\/p>\n<p>NBA app &#8211; acesse a cartela por meio do app, que est\u00e1 dispon\u00edvel para Android e iOS. Os f\u00e3s podem escolher at\u00e9 dois jogadores de retaguarda e tr\u00eas de frente de cada confer\u00eancia quando fazem suas op\u00e7\u00f5es pelos titulares.<\/p>\n<p>NBA.com votando na p\u00e1gina vote.NBA.com &#8211; preencha uma cartela completa por dia (por dia \u00e9 definido como a cada 24h) na p\u00e1gina vote.NBA.com em um computador ou navegador de celular. Os f\u00e3s podem escolher at\u00e9 dois jogadores de retaguarda e tr\u00eas de frente de cada confer\u00eancia quando fazem suas op\u00e7\u00f5es pelos titulares.<\/p>\n<p>Twitter &#8211; postando no perfil, retweetando ou dando reply com a hashtag do atleta indicado usando nome e sobrenome (#PrimeiroNomeSobrenome) ou identificando na plataforma acompanhado da hashtag #NBAAllStar. Cada tweet pode incluir apenas um nome ou identifica\u00e7\u00e3o de atleta. Os f\u00e3s podem votar em at\u00e9 dez atletas \u00fanicos por dia entre 25 de dezembro e 22 de janeiro.<\/p>\n<p><iframe style=\"width: 100%; max-width: 660px; overflow: hidden; background: transparent;\" src=\"https:\/\/embed.podcasts.apple.com\/br\/podcast\/podcast-cidademarketing\/id1371923283\" height=\"450\" frameborder=\"0\" sandbox=\"allow-forms allow-popups allow-same-origin allow-scripts allow-storage-access-by-user-activation allow-top-navigation-by-user-activation\"><\/iframe><\/p>\n","protected":false},"excerpt":{"rendered":"<p>A vota\u00e7\u00e3o para o NBA All-Star, apresentado por Tissot, rel\u00f3gio e cron\u00f4metro oficiais da NBA, vai come\u00e7ar no s\u00e1bado, dia 25 de dezembro, \u00e0s 13h (hor\u00e1rio de Bras\u00edlia), com t\u00e9rmino na madrugada de 23 de janeiro (2h no hor\u00e1rio de Bras\u00edlia \/ 0h no hor\u00e1rio de NY), dando aos f\u00e3s a oportunidade de votar para [&hellip;]<\/p>\n","protected":false},"author":1,"featured_media":25101,"comment_status":"open","ping_status":"open","sticky":false,"template":"","format":"standard","meta":{"tdm_status":"","tdm_grid_status":"","footnotes":""},"categories":[6],"tags":[308,33,28,669,2866,5052,5051],"class_list":["post-32962","post","type-post","status-publish","format-standard","has-post-thumbnail","hentry","category-noticias","tag-comunicacao","tag-estrategia","tag-marketing","tag-natal","tag-nba","tag-nba-all-star","tag-tissot"],"yoast_head":"<!-- This site is optimized with the Yoast SEO plugin v27.5 - https:\/\/yoast.com\/product\/yoast-seo-wordpress\/ -->\n<title>Vota\u00e7\u00e3o para o NBA All-Star, apresentado por Tissot, ter\u00e1 in\u00edcio no Dia de Natal - CidadeMarketing<\/title>\n<meta name=\"robots\" content=\"index, follow, max-snippet:-1, max-image-preview:large, max-video-preview:-1\" \/>\n<link rel=\"canonical\" href=\"https:\/\/www.cidademarketing.com.br\/marketing\/2021\/12\/09\/votacao-para-o-nba-all-star-apresentado-por-tissot-tera-inicio-no-dia-de-natal\/\" \/>\n<meta property=\"og:locale\" content=\"pt_BR\" \/>\n<meta property=\"og:type\" content=\"article\" \/>\n<meta property=\"og:title\" content=\"Vota\u00e7\u00e3o para o NBA All-Star, apresentado por Tissot, ter\u00e1 in\u00edcio no Dia de Natal - CidadeMarketing\" \/>\n<meta property=\"og:description\" content=\"A vota\u00e7\u00e3o para o NBA All-Star, apresentado por Tissot, rel\u00f3gio e cron\u00f4metro oficiais da NBA, vai come\u00e7ar no s\u00e1bado, dia 25 de dezembro, \u00e0s 13h (hor\u00e1rio de Bras\u00edlia), com t\u00e9rmino na madrugada de 23 de janeiro (2h no hor\u00e1rio de Bras\u00edlia \/ 0h no hor\u00e1rio de NY), dando aos f\u00e3s a oportunidade de votar para [&hellip;]\" \/>\n<meta property=\"og:url\" content=\"https:\/\/www.cidademarketing.com.br\/marketing\/2021\/12\/09\/votacao-para-o-nba-all-star-apresentado-por-tissot-tera-inicio-no-dia-de-natal\/\" \/>\n<meta property=\"og:site_name\" content=\"CidadeMarketing\" \/>\n<meta property=\"article:publisher\" content=\"https:\/\/www.facebook.com\/portalcidademarketing\" \/>\n<meta property=\"article:author\" content=\"https:\/\/www.facebook.com\/thalesbrandao\" \/>\n<meta property=\"article:published_time\" content=\"2021-12-09T14:02:18+00:00\" \/>\n<meta property=\"og:image\" content=\"https:\/\/www.cidademarketing.com.br\/marketing\/wp-content\/uploads\/2021\/07\/394034_975406_nba75__1_.jpg\" \/>\n\t<meta property=\"og:image:width\" content=\"1008\" \/>\n\t<meta property=\"og:image:height\" content=\"859\" \/>\n\t<meta property=\"og:image:type\" content=\"image\/jpeg\" \/>\n<meta name=\"author\" content=\"Thales Brand\u00e3o\" \/>\n<meta name=\"twitter:card\" content=\"summary_large_image\" \/>\n<meta name=\"twitter:creator\" content=\"@http:\/\/www.twitter.com\/thalesbrandao\" \/>\n<meta name=\"twitter:site\" content=\"@CidadeMarketing\" \/>\n<meta name=\"twitter:label1\" content=\"Escrito por\" \/>\n\t<meta name=\"twitter:data1\" content=\"Thales Brand\u00e3o\" \/>\n\t<meta name=\"twitter:label2\" content=\"Est. tempo de leitura\" \/>\n\t<meta name=\"twitter:data2\" content=\"4 minutos\" \/>\n<script type=\"application\/ld+json\" class=\"yoast-schema-graph\">{\"@context\":\"https:\\\/\\\/schema.org\",\"@graph\":[{\"@type\":\"Article\",\"@id\":\"https:\\\/\\\/www.cidademarketing.com.br\\\/marketing\\\/2021\\\/12\\\/09\\\/votacao-para-o-nba-all-star-apresentado-por-tissot-tera-inicio-no-dia-de-natal\\\/#article\",\"isPartOf\":{\"@id\":\"https:\\\/\\\/www.cidademarketing.com.br\\\/marketing\\\/2021\\\/12\\\/09\\\/votacao-para-o-nba-all-star-apresentado-por-tissot-tera-inicio-no-dia-de-natal\\\/\"},\"author\":{\"name\":\"Thales Brand\u00e3o\",\"@id\":\"https:\\\/\\\/www.cidademarketing.com.br\\\/marketing\\\/#\\\/schema\\\/person\\\/02daff9f18bd9378c9e01eb6b2db155f\"},\"headline\":\"Vota\u00e7\u00e3o para o NBA All-Star, apresentado por Tissot, ter\u00e1 in\u00edcio no Dia de Natal\",\"datePublished\":\"2021-12-09T14:02:18+00:00\",\"mainEntityOfPage\":{\"@id\":\"https:\\\/\\\/www.cidademarketing.com.br\\\/marketing\\\/2021\\\/12\\\/09\\\/votacao-para-o-nba-all-star-apresentado-por-tissot-tera-inicio-no-dia-de-natal\\\/\"},\"wordCount\":771,\"commentCount\":0,\"publisher\":{\"@id\":\"https:\\\/\\\/www.cidademarketing.com.br\\\/marketing\\\/#organization\"},\"image\":{\"@id\":\"https:\\\/\\\/www.cidademarketing.com.br\\\/marketing\\\/2021\\\/12\\\/09\\\/votacao-para-o-nba-all-star-apresentado-por-tissot-tera-inicio-no-dia-de-natal\\\/#primaryimage\"},\"thumbnailUrl\":\"https:\\\/\\\/www.cidademarketing.com.br\\\/marketing\\\/wp-content\\\/uploads\\\/2021\\\/07\\\/394034_975406_nba75__1_.jpg\",\"keywords\":[\"comunica\u00e7\u00e3o\",\"estrat\u00e9gia\",\"marketing\",\"Natal\",\"NBA\",\"NBA All-Star\",\"Tissot\"],\"articleSection\":[\"Not\u00edcias\"],\"inLanguage\":\"pt-BR\",\"potentialAction\":[{\"@type\":\"CommentAction\",\"name\":\"Comment\",\"target\":[\"https:\\\/\\\/www.cidademarketing.com.br\\\/marketing\\\/2021\\\/12\\\/09\\\/votacao-para-o-nba-all-star-apresentado-por-tissot-tera-inicio-no-dia-de-natal\\\/#respond\"]}]},{\"@type\":\"WebPage\",\"@id\":\"https:\\\/\\\/www.cidademarketing.com.br\\\/marketing\\\/2021\\\/12\\\/09\\\/votacao-para-o-nba-all-star-apresentado-por-tissot-tera-inicio-no-dia-de-natal\\\/\",\"url\":\"https:\\\/\\\/www.cidademarketing.com.br\\\/marketing\\\/2021\\\/12\\\/09\\\/votacao-para-o-nba-all-star-apresentado-por-tissot-tera-inicio-no-dia-de-natal\\\/\",\"name\":\"Vota\u00e7\u00e3o para o NBA All-Star, apresentado por Tissot, ter\u00e1 in\u00edcio no Dia de Natal - CidadeMarketing\",\"isPartOf\":{\"@id\":\"https:\\\/\\\/www.cidademarketing.com.br\\\/marketing\\\/#website\"},\"primaryImageOfPage\":{\"@id\":\"https:\\\/\\\/www.cidademarketing.com.br\\\/marketing\\\/2021\\\/12\\\/09\\\/votacao-para-o-nba-all-star-apresentado-por-tissot-tera-inicio-no-dia-de-natal\\\/#primaryimage\"},\"image\":{\"@id\":\"https:\\\/\\\/www.cidademarketing.com.br\\\/marketing\\\/2021\\\/12\\\/09\\\/votacao-para-o-nba-all-star-apresentado-por-tissot-tera-inicio-no-dia-de-natal\\\/#primaryimage\"},\"thumbnailUrl\":\"https:\\\/\\\/www.cidademarketing.com.br\\\/marketing\\\/wp-content\\\/uploads\\\/2021\\\/07\\\/394034_975406_nba75__1_.jpg\",\"datePublished\":\"2021-12-09T14:02:18+00:00\",\"breadcrumb\":{\"@id\":\"https:\\\/\\\/www.cidademarketing.com.br\\\/marketing\\\/2021\\\/12\\\/09\\\/votacao-para-o-nba-all-star-apresentado-por-tissot-tera-inicio-no-dia-de-natal\\\/#breadcrumb\"},\"inLanguage\":\"pt-BR\",\"potentialAction\":[{\"@type\":\"ReadAction\",\"target\":[\"https:\\\/\\\/www.cidademarketing.com.br\\\/marketing\\\/2021\\\/12\\\/09\\\/votacao-para-o-nba-all-star-apresentado-por-tissot-tera-inicio-no-dia-de-natal\\\/\"]}]},{\"@type\":\"ImageObject\",\"inLanguage\":\"pt-BR\",\"@id\":\"https:\\\/\\\/www.cidademarketing.com.br\\\/marketing\\\/2021\\\/12\\\/09\\\/votacao-para-o-nba-all-star-apresentado-por-tissot-tera-inicio-no-dia-de-natal\\\/#primaryimage\",\"url\":\"https:\\\/\\\/www.cidademarketing.com.br\\\/marketing\\\/wp-content\\\/uploads\\\/2021\\\/07\\\/394034_975406_nba75__1_.jpg\",\"contentUrl\":\"https:\\\/\\\/www.cidademarketing.com.br\\\/marketing\\\/wp-content\\\/uploads\\\/2021\\\/07\\\/394034_975406_nba75__1_.jpg\",\"width\":1008,\"height\":859},{\"@type\":\"BreadcrumbList\",\"@id\":\"https:\\\/\\\/www.cidademarketing.com.br\\\/marketing\\\/2021\\\/12\\\/09\\\/votacao-para-o-nba-all-star-apresentado-por-tissot-tera-inicio-no-dia-de-natal\\\/#breadcrumb\",\"itemListElement\":[{\"@type\":\"ListItem\",\"position\":1,\"name\":\"In\u00edcio\",\"item\":\"https:\\\/\\\/www.cidademarketing.com.br\\\/marketing\\\/\"},{\"@type\":\"ListItem\",\"position\":2,\"name\":\"Vota\u00e7\u00e3o para o NBA All-Star, apresentado por Tissot, ter\u00e1 in\u00edcio no Dia de Natal\"}]},{\"@type\":\"WebSite\",\"@id\":\"https:\\\/\\\/www.cidademarketing.com.br\\\/marketing\\\/#website\",\"url\":\"https:\\\/\\\/www.cidademarketing.com.br\\\/marketing\\\/\",\"name\":\"CidadeMarketing\",\"description\":\"Somos um ve\u00edculo de comunica\u00e7\u00e3o de destaque no Brasil, reconhecido por conte\u00fados nos segmentos de marketing, empreendedorismo e inova\u00e7\u00e3o.\",\"publisher\":{\"@id\":\"https:\\\/\\\/www.cidademarketing.com.br\\\/marketing\\\/#organization\"},\"alternateName\":\"CidadeMarketing\",\"potentialAction\":[{\"@type\":\"SearchAction\",\"target\":{\"@type\":\"EntryPoint\",\"urlTemplate\":\"https:\\\/\\\/www.cidademarketing.com.br\\\/marketing\\\/?s={search_term_string}\"},\"query-input\":{\"@type\":\"PropertyValueSpecification\",\"valueRequired\":true,\"valueName\":\"search_term_string\"}}],\"inLanguage\":\"pt-BR\"},{\"@type\":\"Organization\",\"@id\":\"https:\\\/\\\/www.cidademarketing.com.br\\\/marketing\\\/#organization\",\"name\":\"CidadeMarketing\",\"alternateName\":\"CidadeMarketing\",\"url\":\"https:\\\/\\\/www.cidademarketing.com.br\\\/marketing\\\/\",\"logo\":{\"@type\":\"ImageObject\",\"inLanguage\":\"pt-BR\",\"@id\":\"https:\\\/\\\/www.cidademarketing.com.br\\\/marketing\\\/#\\\/schema\\\/logo\\\/image\\\/\",\"url\":\"https:\\\/\\\/www.cidademarketing.com.br\\\/marketing\\\/wp-content\\\/uploads\\\/2020\\\/01\\\/cidademarketing_marca_mobile.png\",\"contentUrl\":\"https:\\\/\\\/www.cidademarketing.com.br\\\/marketing\\\/wp-content\\\/uploads\\\/2020\\\/01\\\/cidademarketing_marca_mobile.png\",\"width\":230,\"height\":92,\"caption\":\"CidadeMarketing\"},\"image\":{\"@id\":\"https:\\\/\\\/www.cidademarketing.com.br\\\/marketing\\\/#\\\/schema\\\/logo\\\/image\\\/\"},\"sameAs\":[\"https:\\\/\\\/www.facebook.com\\\/portalcidademarketing\",\"https:\\\/\\\/x.com\\\/CidadeMarketing\",\"https:\\\/\\\/www.instagram.com\\\/cidademarketing\\\/\"]},{\"@type\":\"Person\",\"@id\":\"https:\\\/\\\/www.cidademarketing.com.br\\\/marketing\\\/#\\\/schema\\\/person\\\/02daff9f18bd9378c9e01eb6b2db155f\",\"name\":\"Thales Brand\u00e3o\",\"image\":{\"@type\":\"ImageObject\",\"inLanguage\":\"pt-BR\",\"@id\":\"https:\\\/\\\/secure.gravatar.com\\\/avatar\\\/7ca3206950207cc3cb48feec56a8a7898741ab725c368d99d5d7a5a50aab80c6?s=96&d=mm&r=g\",\"url\":\"https:\\\/\\\/secure.gravatar.com\\\/avatar\\\/7ca3206950207cc3cb48feec56a8a7898741ab725c368d99d5d7a5a50aab80c6?s=96&d=mm&r=g\",\"contentUrl\":\"https:\\\/\\\/secure.gravatar.com\\\/avatar\\\/7ca3206950207cc3cb48feec56a8a7898741ab725c368d99d5d7a5a50aab80c6?s=96&d=mm&r=g\",\"caption\":\"Thales Brand\u00e3o\"},\"description\":\"Editor Executivo do Portal CidadeMarketing.com.br &gt; Mestre em Comunica\u00e7\u00e3o e Sociedade pela Universidade Federal de Sergipe. Possui MBA Executivo em Administra\u00e7\u00e3o com \u00eanfase em Marketing pela Funda\u00e7\u00e3o Get\u00falio Vargas - Rio de Janeiro. Consultor, Palestrante e Pesquisador sobre Empreendedorismo, Marketing, Redes Sociais e Neg\u00f3cios Digitais. Professor, Palestrante TedxTalks e Campus Party. Twitter: @ThalesBrandao\",\"sameAs\":[\"http:\\\/\\\/www.mandacaru.com.br\",\"https:\\\/\\\/www.facebook.com\\\/thalesbrandao\",\"http:\\\/\\\/www.instagram.com.br\\\/thalesbrandaoferreira\",\"https:\\\/\\\/www.linkedin.com\\\/in\\\/thales-brand\u00e3o-3948609\\\/\",\"https:\\\/\\\/x.com\\\/http:\\\/\\\/www.twitter.com\\\/thalesbrandao\"],\"url\":\"https:\\\/\\\/www.cidademarketing.com.br\\\/marketing\\\/author\\\/thalesbrandao\\\/\"}]}<\/script>\n<!-- \/ Yoast SEO plugin. -->","yoast_head_json":{"title":"Vota\u00e7\u00e3o para o NBA All-Star, apresentado por Tissot, ter\u00e1 in\u00edcio no Dia de Natal - CidadeMarketing","robots":{"index":"index","follow":"follow","max-snippet":"max-snippet:-1","max-image-preview":"max-image-preview:large","max-video-preview":"max-video-preview:-1"},"canonical":"https:\/\/www.cidademarketing.com.br\/marketing\/2021\/12\/09\/votacao-para-o-nba-all-star-apresentado-por-tissot-tera-inicio-no-dia-de-natal\/","og_locale":"pt_BR","og_type":"article","og_title":"Vota\u00e7\u00e3o para o NBA All-Star, apresentado por Tissot, ter\u00e1 in\u00edcio no Dia de Natal - CidadeMarketing","og_description":"A vota\u00e7\u00e3o para o NBA All-Star, apresentado por Tissot, rel\u00f3gio e cron\u00f4metro oficiais da NBA, vai come\u00e7ar no s\u00e1bado, dia 25 de dezembro, \u00e0s 13h (hor\u00e1rio de Bras\u00edlia), com t\u00e9rmino na madrugada de 23 de janeiro (2h no hor\u00e1rio de Bras\u00edlia \/ 0h no hor\u00e1rio de NY), dando aos f\u00e3s a oportunidade de votar para [&hellip;]","og_url":"https:\/\/www.cidademarketing.com.br\/marketing\/2021\/12\/09\/votacao-para-o-nba-all-star-apresentado-por-tissot-tera-inicio-no-dia-de-natal\/","og_site_name":"CidadeMarketing","article_publisher":"https:\/\/www.facebook.com\/portalcidademarketing","article_author":"https:\/\/www.facebook.com\/thalesbrandao","article_published_time":"2021-12-09T14:02:18+00:00","og_image":[{"width":1008,"height":859,"url":"https:\/\/www.cidademarketing.com.br\/marketing\/wp-content\/uploads\/2021\/07\/394034_975406_nba75__1_.jpg","type":"image\/jpeg"}],"author":"Thales Brand\u00e3o","twitter_card":"summary_large_image","twitter_creator":"@http:\/\/www.twitter.com\/thalesbrandao","twitter_site":"@CidadeMarketing","twitter_misc":{"Escrito por":"Thales Brand\u00e3o","Est. tempo de leitura":"4 minutos"},"schema":{"@context":"https:\/\/schema.org","@graph":[{"@type":"Article","@id":"https:\/\/www.cidademarketing.com.br\/marketing\/2021\/12\/09\/votacao-para-o-nba-all-star-apresentado-por-tissot-tera-inicio-no-dia-de-natal\/#article","isPartOf":{"@id":"https:\/\/www.cidademarketing.com.br\/marketing\/2021\/12\/09\/votacao-para-o-nba-all-star-apresentado-por-tissot-tera-inicio-no-dia-de-natal\/"},"author":{"name":"Thales Brand\u00e3o","@id":"https:\/\/www.cidademarketing.com.br\/marketing\/#\/schema\/person\/02daff9f18bd9378c9e01eb6b2db155f"},"headline":"Vota\u00e7\u00e3o para o NBA All-Star, apresentado por Tissot, ter\u00e1 in\u00edcio no Dia de Natal","datePublished":"2021-12-09T14:02:18+00:00","mainEntityOfPage":{"@id":"https:\/\/www.cidademarketing.com.br\/marketing\/2021\/12\/09\/votacao-para-o-nba-all-star-apresentado-por-tissot-tera-inicio-no-dia-de-natal\/"},"wordCount":771,"commentCount":0,"publisher":{"@id":"https:\/\/www.cidademarketing.com.br\/marketing\/#organization"},"image":{"@id":"https:\/\/www.cidademarketing.com.br\/marketing\/2021\/12\/09\/votacao-para-o-nba-all-star-apresentado-por-tissot-tera-inicio-no-dia-de-natal\/#primaryimage"},"thumbnailUrl":"https:\/\/www.cidademarketing.com.br\/marketing\/wp-content\/uploads\/2021\/07\/394034_975406_nba75__1_.jpg","keywords":["comunica\u00e7\u00e3o","estrat\u00e9gia","marketing","Natal","NBA","NBA All-Star","Tissot"],"articleSection":["Not\u00edcias"],"inLanguage":"pt-BR","potentialAction":[{"@type":"CommentAction","name":"Comment","target":["https:\/\/www.cidademarketing.com.br\/marketing\/2021\/12\/09\/votacao-para-o-nba-all-star-apresentado-por-tissot-tera-inicio-no-dia-de-natal\/#respond"]}]},{"@type":"WebPage","@id":"https:\/\/www.cidademarketing.com.br\/marketing\/2021\/12\/09\/votacao-para-o-nba-all-star-apresentado-por-tissot-tera-inicio-no-dia-de-natal\/","url":"https:\/\/www.cidademarketing.com.br\/marketing\/2021\/12\/09\/votacao-para-o-nba-all-star-apresentado-por-tissot-tera-inicio-no-dia-de-natal\/","name":"Vota\u00e7\u00e3o para o NBA All-Star, apresentado por Tissot, ter\u00e1 in\u00edcio no Dia de Natal - CidadeMarketing","isPartOf":{"@id":"https:\/\/www.cidademarketing.com.br\/marketing\/#website"},"primaryImageOfPage":{"@id":"https:\/\/www.cidademarketing.com.br\/marketing\/2021\/12\/09\/votacao-para-o-nba-all-star-apresentado-por-tissot-tera-inicio-no-dia-de-natal\/#primaryimage"},"image":{"@id":"https:\/\/www.cidademarketing.com.br\/marketing\/2021\/12\/09\/votacao-para-o-nba-all-star-apresentado-por-tissot-tera-inicio-no-dia-de-natal\/#primaryimage"},"thumbnailUrl":"https:\/\/www.cidademarketing.com.br\/marketing\/wp-content\/uploads\/2021\/07\/394034_975406_nba75__1_.jpg","datePublished":"2021-12-09T14:02:18+00:00","breadcrumb":{"@id":"https:\/\/www.cidademarketing.com.br\/marketing\/2021\/12\/09\/votacao-para-o-nba-all-star-apresentado-por-tissot-tera-inicio-no-dia-de-natal\/#breadcrumb"},"inLanguage":"pt-BR","potentialAction":[{"@type":"ReadAction","target":["https:\/\/www.cidademarketing.com.br\/marketing\/2021\/12\/09\/votacao-para-o-nba-all-star-apresentado-por-tissot-tera-inicio-no-dia-de-natal\/"]}]},{"@type":"ImageObject","inLanguage":"pt-BR","@id":"https:\/\/www.cidademarketing.com.br\/marketing\/2021\/12\/09\/votacao-para-o-nba-all-star-apresentado-por-tissot-tera-inicio-no-dia-de-natal\/#primaryimage","url":"https:\/\/www.cidademarketing.com.br\/marketing\/wp-content\/uploads\/2021\/07\/394034_975406_nba75__1_.jpg","contentUrl":"https:\/\/www.cidademarketing.com.br\/marketing\/wp-content\/uploads\/2021\/07\/394034_975406_nba75__1_.jpg","width":1008,"height":859},{"@type":"BreadcrumbList","@id":"https:\/\/www.cidademarketing.com.br\/marketing\/2021\/12\/09\/votacao-para-o-nba-all-star-apresentado-por-tissot-tera-inicio-no-dia-de-natal\/#breadcrumb","itemListElement":[{"@type":"ListItem","position":1,"name":"In\u00edcio","item":"https:\/\/www.cidademarketing.com.br\/marketing\/"},{"@type":"ListItem","position":2,"name":"Vota\u00e7\u00e3o para o NBA All-Star, apresentado por Tissot, ter\u00e1 in\u00edcio no Dia de Natal"}]},{"@type":"WebSite","@id":"https:\/\/www.cidademarketing.com.br\/marketing\/#website","url":"https:\/\/www.cidademarketing.com.br\/marketing\/","name":"CidadeMarketing","description":"Somos um ve\u00edculo de comunica\u00e7\u00e3o de destaque no Brasil, reconhecido por conte\u00fados nos segmentos de marketing, empreendedorismo e inova\u00e7\u00e3o.","publisher":{"@id":"https:\/\/www.cidademarketing.com.br\/marketing\/#organization"},"alternateName":"CidadeMarketing","potentialAction":[{"@type":"SearchAction","target":{"@type":"EntryPoint","urlTemplate":"https:\/\/www.cidademarketing.com.br\/marketing\/?s={search_term_string}"},"query-input":{"@type":"PropertyValueSpecification","valueRequired":true,"valueName":"search_term_string"}}],"inLanguage":"pt-BR"},{"@type":"Organization","@id":"https:\/\/www.cidademarketing.com.br\/marketing\/#organization","name":"CidadeMarketing","alternateName":"CidadeMarketing","url":"https:\/\/www.cidademarketing.com.br\/marketing\/","logo":{"@type":"ImageObject","inLanguage":"pt-BR","@id":"https:\/\/www.cidademarketing.com.br\/marketing\/#\/schema\/logo\/image\/","url":"https:\/\/www.cidademarketing.com.br\/marketing\/wp-content\/uploads\/2020\/01\/cidademarketing_marca_mobile.png","contentUrl":"https:\/\/www.cidademarketing.com.br\/marketing\/wp-content\/uploads\/2020\/01\/cidademarketing_marca_mobile.png","width":230,"height":92,"caption":"CidadeMarketing"},"image":{"@id":"https:\/\/www.cidademarketing.com.br\/marketing\/#\/schema\/logo\/image\/"},"sameAs":["https:\/\/www.facebook.com\/portalcidademarketing","https:\/\/x.com\/CidadeMarketing","https:\/\/www.instagram.com\/cidademarketing\/"]},{"@type":"Person","@id":"https:\/\/www.cidademarketing.com.br\/marketing\/#\/schema\/person\/02daff9f18bd9378c9e01eb6b2db155f","name":"Thales Brand\u00e3o","image":{"@type":"ImageObject","inLanguage":"pt-BR","@id":"https:\/\/secure.gravatar.com\/avatar\/7ca3206950207cc3cb48feec56a8a7898741ab725c368d99d5d7a5a50aab80c6?s=96&d=mm&r=g","url":"https:\/\/secure.gravatar.com\/avatar\/7ca3206950207cc3cb48feec56a8a7898741ab725c368d99d5d7a5a50aab80c6?s=96&d=mm&r=g","contentUrl":"https:\/\/secure.gravatar.com\/avatar\/7ca3206950207cc3cb48feec56a8a7898741ab725c368d99d5d7a5a50aab80c6?s=96&d=mm&r=g","caption":"Thales Brand\u00e3o"},"description":"Editor Executivo do Portal CidadeMarketing.com.br &gt; Mestre em Comunica\u00e7\u00e3o e Sociedade pela Universidade Federal de Sergipe. Possui MBA Executivo em Administra\u00e7\u00e3o com \u00eanfase em Marketing pela Funda\u00e7\u00e3o Get\u00falio Vargas - Rio de Janeiro. Consultor, Palestrante e Pesquisador sobre Empreendedorismo, Marketing, Redes Sociais e Neg\u00f3cios Digitais. Professor, Palestrante TedxTalks e Campus Party. Twitter: @ThalesBrandao","sameAs":["http:\/\/www.mandacaru.com.br","https:\/\/www.facebook.com\/thalesbrandao","http:\/\/www.instagram.com.br\/thalesbrandaoferreira","https:\/\/www.linkedin.com\/in\/thales-brand\u00e3o-3948609\/","https:\/\/x.com\/http:\/\/www.twitter.com\/thalesbrandao"],"url":"https:\/\/www.cidademarketing.com.br\/marketing\/author\/thalesbrandao\/"}]}},"amp_enabled":true,"_links":{"self":[{"href":"https:\/\/www.cidademarketing.com.br\/marketing\/wp-json\/wp\/v2\/posts\/32962","targetHints":{"allow":["GET"]}}],"collection":[{"href":"https:\/\/www.cidademarketing.com.br\/marketing\/wp-json\/wp\/v2\/posts"}],"about":[{"href":"https:\/\/www.cidademarketing.com.br\/marketing\/wp-json\/wp\/v2\/types\/post"}],"author":[{"embeddable":true,"href":"https:\/\/www.cidademarketing.com.br\/marketing\/wp-json\/wp\/v2\/users\/1"}],"replies":[{"embeddable":true,"href":"https:\/\/www.cidademarketing.com.br\/marketing\/wp-json\/wp\/v2\/comments?post=32962"}],"version-history":[{"count":1,"href":"https:\/\/www.cidademarketing.com.br\/marketing\/wp-json\/wp\/v2\/posts\/32962\/revisions"}],"predecessor-version":[{"id":32963,"href":"https:\/\/www.cidademarketing.com.br\/marketing\/wp-json\/wp\/v2\/posts\/32962\/revisions\/32963"}],"wp:featuredmedia":[{"embeddable":true,"href":"https:\/\/www.cidademarketing.com.br\/marketing\/wp-json\/wp\/v2\/media\/25101"}],"wp:attachment":[{"href":"https:\/\/www.cidademarketing.com.br\/marketing\/wp-json\/wp\/v2\/media?parent=32962"}],"wp:term":[{"taxonomy":"category","embeddable":true,"href":"https:\/\/www.cidademarketing.com.br\/marketing\/wp-json\/wp\/v2\/categories?post=32962"},{"taxonomy":"post_tag","embeddable":true,"href":"https:\/\/www.cidademarketing.com.br\/marketing\/wp-json\/wp\/v2\/tags?post=32962"}],"curies":[{"name":"wp","href":"https:\/\/api.w.org\/{rel}","templated":true}]}}