{"id":32937,"date":"2021-12-09T10:09:54","date_gmt":"2021-12-09T13:09:54","guid":{"rendered":"https:\/\/www.cidademarketing.com.br\/marketing\/?p=32937"},"modified":"2021-12-09T10:09:54","modified_gmt":"2021-12-09T13:09:54","slug":"desafios-sociais-pos-pandemia-e-tema-da-3a-edicao-do-brf-esg-forum","status":"publish","type":"post","link":"https:\/\/www.cidademarketing.com.br\/marketing\/2021\/12\/09\/desafios-sociais-pos-pandemia-e-tema-da-3a-edicao-do-brf-esg-forum\/","title":{"rendered":"\u201cDesafios Sociais P\u00f3s-Pandemia&#8221; \u00e9 tema da 3\u00aa edi\u00e7\u00e3o do BRF ESG F\u00f3rum"},"content":{"rendered":"<p><iframe src=\"https:\/\/open.spotify.com\/embed\/show\/4khMKzP3FgFRWVwb73xicc\" width=\"100%\" height=\"232\" frameBorder=\"0\" allowtransparency=\"true\" allow=\"encrypted-media\"><\/iframe>\t<\/p>\n<p>&nbsp;<\/p>\n<p>A BRF, uma das maiores companhias de alimentos do mundo, realiza, no pr\u00f3ximo dia <strong>09 de dezembro, a partir das 10h30, a 3\u00aa edi\u00e7\u00e3o do BRF ESG F\u00f3rum<\/strong>. Com a tem\u00e1tica <strong>\u2018S: uma agenda que se conjuga no plural\u2019<\/strong>, o evento ser\u00e1 virtual e contar\u00e1 com a participa\u00e7\u00e3o de executivos da BRF e especialistas para debate sobre os desafios sociais, agravados com os efeitos da pandemia, al\u00e9m dos reflexos no dia a dia das pessoas e a import\u00e2ncia de diversos agentes para transforma\u00e7\u00e3o.<\/p>\n<p>Com o compromisso cont\u00ednuo de inserir a sustentabilidade em sua governan\u00e7a corporativa, a BRF realiza o BRF ESG F\u00f3rum desde 2020, expandindo a discuss\u00e3o da agenda ESG ao mercado e \u00e0 sociedade. Em sua primeira edi\u00e7\u00e3o, o evento destacou a relev\u00e2ncia das tr\u00eas siglas e seu impacto na sociedade. J\u00e1 na segunda, o foco foi o debate sobre as mudan\u00e7as clim\u00e1ticas, e nesta edi\u00e7\u00e3o, a BRF destacar\u00e1 a import\u00e2ncia de a\u00e7\u00f5es sociais em diversas perspectivas.<\/p>\n<p>O evento contar\u00e1 com media\u00e7\u00e3o da jornalista especializada em ESG, S\u00f4nia Araripe, e ter\u00e1 abertura do CEO Global da BRF, Lorival Luz. J\u00e1 S\u00f4nia Consiglio Favaretto, especialista em sustentabilidade e SDG Pioneer pelo Pacto Global da ONU, ser\u00e1 a <em>keynote speaker<\/em>. Entre os participantes est\u00e3o Carolina da Costa<strong>, <\/strong>s\u00f3cia da Mau\u00e1 Capital; Helen Pedroso, diretora de Rela\u00e7\u00f5es Institucionais na Rede Brasil do Pacto Global da ONU; Edson Leite, chef e fundador da Gastronomia Perif\u00e9rica, e Grazielle Parenti, vice-presidente global de Rela\u00e7\u00f5es Institucionais e Sustentabilidade da BRF.<\/p>\n<p>\u201cAs discuss\u00f5es envolvendo o \u2018S\u2019 s\u00e3o amplas e relevantes, estamos falando sobre pessoas &#8211; a base para construirmos um mundo melhor e mais sustent\u00e1vel. O Social est\u00e1 em todas as \u00e1reas de uma companhia, e na forma como nos relacionamos com nossos colaboradores, clientes, investidores, com o mercado e a sociedade. Para avan\u00e7armos nessa pauta, precisamos do engajamento de todos, e de suas experi\u00eancias, valores e culturas distintas. H\u00e1 muito trabalho a ser feito para reduzir desigualdades e criar mais oportunidades e a diversidade \u00e9 um fator primordial nessa jornada\u201d, afirma Grazielle Parenti, vice-presidente global de Rela\u00e7\u00f5es Institucionais e Sustentabilidade da BRF.<\/p>\n<p>Segundo Grazielle Parenti, a atua\u00e7\u00e3o da BRF na agenda social ocorre de forma integrada, de ponta a ponta, de forma conectada \u00e0 cultura corporativa. \u201cAqui, o social j\u00e1 era visto com aten\u00e7\u00e3o na nossa jornada h\u00e1 bastante tempo. Em 2020, ficou ainda mais evidente a necessidade da atua\u00e7\u00e3o em conjunto e plural, pois os desafios tornaram-se ainda mais complexos\u201d, afirma a executiva.<\/p>\n<p>Por meio de seu bra\u00e7o social, o Instituto BRF, a Companhia j\u00e1 impactou mais de 500 mil pessoas, tendo mobilizado 30 mil volunt\u00e1rios e realizado mais de 2 mil a\u00e7\u00f5es sociais em 60 cidades ao redor do Pa\u00eds. Como meta, a BRF planeja investir R$ 400 milh\u00f5es em projetos socioambientais e aumentar a gera\u00e7\u00e3o de valor compartilhado nas comunidades, especialmente em agendas de desenvolvimento social e inclus\u00e3o econ\u00f4mica. Al\u00e9m disso, tem como objetivo engajar 1,5 milh\u00e3o de pessoas globalmente at\u00e9 2030 a fim de reduzir o desperd\u00edcio de alimentos, e ocupar sua alta lideran\u00e7a executiva com 30% de mulheres at\u00e9 2025. Recentemente, o Instituto BRF firmou apoio ao UNICEF &#8211; Fundo das Na\u00e7\u00f5es Unidas para a Inf\u00e2ncia \u2013 visando impactar positivamente mais de 15 mil crian\u00e7as e adolescentes em situa\u00e7\u00e3o de vulnerabilidade no Brasil.<\/p>\n<p>\u201cA Agenda Social no mundo p\u00f3s-pandemia ter\u00e1 de ser constru\u00edda por meio da multiplicidade de vozes globais. Esses quase dois anos de conv\u00edvio com a Covid-19 direcionaram nossa aten\u00e7\u00e3o para uma \u00e1rea sens\u00edvel, como a sa\u00fade, pois se tornou mais necess\u00e1rio ainda cuidar das pessoas. E isso traz muitos aprendizados\u201d, analisa Grazielle.<\/p>\n<p>Na BRF, a incorpora\u00e7\u00e3o de crit\u00e9rios de sustentabilidade \u00e0 gest\u00e3o e \u00e0 estrat\u00e9gia \u00e9 uma jornada permanente, que tem passado por um processo de evolu\u00e7\u00e3o ao longo dos anos. A empresa conta com pol\u00edticas e diretrizes de sustentabilidade p\u00fablicas desde os anos 2000 e, desde 2009, passou a realizar consultas internas e externas estruturadas para colher percep\u00e7\u00f5es sobre gera\u00e7\u00e3o de impacto, seguindo diretrizes da Global Reporting Initiative (GRI) e do International Integrated Reporting Council (IIRC). Para intensificar ainda mais essa agenda, no final de 2020, a Companhia apresentou sua Pol\u00edtica de Sustentabilidade, 22 compromissos ligados \u00e0 agenda ESG, al\u00e9m da vice-presid\u00eancia global de Rela\u00e7\u00f5es Institucionais e Sustentabilidade &#8211; com estruturas de governan\u00e7a compat\u00edveis com o avan\u00e7o das iniciativas.<\/p>\n<p>Neste ano, a BRF anunciou a\u00e7\u00f5es em todas as frentes ESG, com destaque para o compromisso de ser Net Zero at\u00e9 2040, al\u00e9m de parcerias com AES Brasil e Pontoon, que viabilizar\u00e3o cerca de 90% de energia el\u00e9trica de fontes e\u00f3lica e solar no Brasil at\u00e9 2030. Foi eleita ainda uma das empresas mais transparentes em sustentabilidade pela Global Reporting Initiative (GRI) e alcan\u00e7ou destaque no ranking das Melhores Empresas para Trabalhar, da Forbes.<\/p>\n<p>Recentemente, a BRF se manteve &#8211; pelo terceiro ano consecutivo &#8211; no \u00cdndice de Sustentabilidade Empresarial (ISE), da B3. Participou ainda da COP26 e lan\u00e7ou, diretamente de Glasgow, o primeiro frango plant based 100% vegetal carbono neutro do mercado nacional, da Sadia Veg&amp;Tal, cumprindo mais um de seus compromissos p\u00fablicos.<\/p>\n<p><iframe allow=\"autoplay *; encrypted-media *; fullscreen *\" frameborder=\"0\" height=\"450\" style=\"width:100%;max-width:660px;overflow:hidden;background:transparent;\" sandbox=\"allow-forms allow-popups allow-same-origin allow-scripts allow-storage-access-by-user-activation allow-top-navigation-by-user-activation\" src=\"https:\/\/embed.podcasts.apple.com\/br\/podcast\/podcast-cidademarketing\/id1371923283\"><\/iframe><\/p>\n","protected":false},"excerpt":{"rendered":"<p>&nbsp; A BRF, uma das maiores companhias de alimentos do mundo, realiza, no pr\u00f3ximo dia 09 de dezembro, a partir das 10h30, a 3\u00aa edi\u00e7\u00e3o do BRF ESG F\u00f3rum. Com a tem\u00e1tica \u2018S: uma agenda que se conjuga no plural\u2019, o evento ser\u00e1 virtual e contar\u00e1 com a participa\u00e7\u00e3o de executivos da BRF e especialistas [&hellip;]<\/p>\n","protected":false},"author":1,"featured_media":31189,"comment_status":"open","ping_status":"open","sticky":false,"template":"","format":"standard","meta":{"tdm_status":"","tdm_grid_status":"","footnotes":""},"categories":[6],"tags":[112,4450,28,2935,3042,176],"class_list":["post-32937","post","type-post","status-publish","format-standard","has-post-thumbnail","hentry","category-noticias","tag-brf","tag-esg","tag-marketing","tag-pandemia","tag-pos-pandemia","tag-sustentabilidade"],"yoast_head":"<!-- This site is optimized with the Yoast SEO plugin v27.4 - https:\/\/yoast.com\/product\/yoast-seo-wordpress\/ -->\n<title>\u201cDesafios Sociais P\u00f3s-Pandemia&quot; \u00e9 tema da 3\u00aa edi\u00e7\u00e3o do BRF ESG F\u00f3rum - CidadeMarketing<\/title>\n<meta name=\"robots\" content=\"index, follow, max-snippet:-1, max-image-preview:large, max-video-preview:-1\" \/>\n<link rel=\"canonical\" href=\"https:\/\/www.cidademarketing.com.br\/marketing\/2021\/12\/09\/desafios-sociais-pos-pandemia-e-tema-da-3a-edicao-do-brf-esg-forum\/\" \/>\n<meta property=\"og:locale\" content=\"pt_BR\" \/>\n<meta property=\"og:type\" content=\"article\" \/>\n<meta property=\"og:title\" content=\"\u201cDesafios Sociais P\u00f3s-Pandemia&quot; \u00e9 tema da 3\u00aa edi\u00e7\u00e3o do BRF ESG F\u00f3rum - CidadeMarketing\" \/>\n<meta property=\"og:description\" content=\"&nbsp; A BRF, uma das maiores companhias de alimentos do mundo, realiza, no pr\u00f3ximo dia 09 de dezembro, a partir das 10h30, a 3\u00aa edi\u00e7\u00e3o do BRF ESG F\u00f3rum. Com a tem\u00e1tica \u2018S: uma agenda que se conjuga no plural\u2019, o evento ser\u00e1 virtual e contar\u00e1 com a participa\u00e7\u00e3o de executivos da BRF e especialistas [&hellip;]\" \/>\n<meta property=\"og:url\" content=\"https:\/\/www.cidademarketing.com.br\/marketing\/2021\/12\/09\/desafios-sociais-pos-pandemia-e-tema-da-3a-edicao-do-brf-esg-forum\/\" \/>\n<meta property=\"og:site_name\" content=\"CidadeMarketing\" \/>\n<meta property=\"article:publisher\" content=\"https:\/\/www.facebook.com\/portalcidademarketing\" \/>\n<meta property=\"article:author\" content=\"https:\/\/www.facebook.com\/thalesbrandao\" \/>\n<meta property=\"article:published_time\" content=\"2021-12-09T13:09:54+00:00\" \/>\n<meta property=\"og:image\" content=\"https:\/\/www.cidademarketing.com.br\/marketing\/wp-content\/uploads\/2021\/10\/brf_marca.jpg\" \/>\n\t<meta property=\"og:image:width\" content=\"866\" \/>\n\t<meta property=\"og:image:height\" content=\"650\" \/>\n\t<meta property=\"og:image:type\" content=\"image\/jpeg\" \/>\n<meta name=\"author\" content=\"Thales Brand\u00e3o\" \/>\n<meta name=\"twitter:card\" content=\"summary_large_image\" \/>\n<meta name=\"twitter:creator\" content=\"@http:\/\/www.twitter.com\/thalesbrandao\" \/>\n<meta name=\"twitter:site\" content=\"@CidadeMarketing\" \/>\n<meta name=\"twitter:label1\" content=\"Escrito por\" \/>\n\t<meta name=\"twitter:data1\" content=\"Thales Brand\u00e3o\" \/>\n\t<meta name=\"twitter:label2\" content=\"Est. tempo de leitura\" \/>\n\t<meta name=\"twitter:data2\" content=\"4 minutos\" \/>\n<script type=\"application\/ld+json\" class=\"yoast-schema-graph\">{\"@context\":\"https:\\\/\\\/schema.org\",\"@graph\":[{\"@type\":\"Article\",\"@id\":\"https:\\\/\\\/www.cidademarketing.com.br\\\/marketing\\\/2021\\\/12\\\/09\\\/desafios-sociais-pos-pandemia-e-tema-da-3a-edicao-do-brf-esg-forum\\\/#article\",\"isPartOf\":{\"@id\":\"https:\\\/\\\/www.cidademarketing.com.br\\\/marketing\\\/2021\\\/12\\\/09\\\/desafios-sociais-pos-pandemia-e-tema-da-3a-edicao-do-brf-esg-forum\\\/\"},\"author\":{\"name\":\"Thales Brand\u00e3o\",\"@id\":\"https:\\\/\\\/www.cidademarketing.com.br\\\/marketing\\\/#\\\/schema\\\/person\\\/02daff9f18bd9378c9e01eb6b2db155f\"},\"headline\":\"\u201cDesafios Sociais P\u00f3s-Pandemia&#8221; \u00e9 tema da 3\u00aa edi\u00e7\u00e3o do BRF ESG F\u00f3rum\",\"datePublished\":\"2021-12-09T13:09:54+00:00\",\"mainEntityOfPage\":{\"@id\":\"https:\\\/\\\/www.cidademarketing.com.br\\\/marketing\\\/2021\\\/12\\\/09\\\/desafios-sociais-pos-pandemia-e-tema-da-3a-edicao-do-brf-esg-forum\\\/\"},\"wordCount\":906,\"commentCount\":0,\"publisher\":{\"@id\":\"https:\\\/\\\/www.cidademarketing.com.br\\\/marketing\\\/#organization\"},\"image\":{\"@id\":\"https:\\\/\\\/www.cidademarketing.com.br\\\/marketing\\\/2021\\\/12\\\/09\\\/desafios-sociais-pos-pandemia-e-tema-da-3a-edicao-do-brf-esg-forum\\\/#primaryimage\"},\"thumbnailUrl\":\"https:\\\/\\\/www.cidademarketing.com.br\\\/marketing\\\/wp-content\\\/uploads\\\/2021\\\/10\\\/brf_marca.jpg\",\"keywords\":[\"BRF\",\"ESG\",\"marketing\",\"pandemia\",\"p\u00f3s-pandemia\",\"sustentabilidade\"],\"articleSection\":[\"Not\u00edcias\"],\"inLanguage\":\"pt-BR\",\"potentialAction\":[{\"@type\":\"CommentAction\",\"name\":\"Comment\",\"target\":[\"https:\\\/\\\/www.cidademarketing.com.br\\\/marketing\\\/2021\\\/12\\\/09\\\/desafios-sociais-pos-pandemia-e-tema-da-3a-edicao-do-brf-esg-forum\\\/#respond\"]}]},{\"@type\":\"WebPage\",\"@id\":\"https:\\\/\\\/www.cidademarketing.com.br\\\/marketing\\\/2021\\\/12\\\/09\\\/desafios-sociais-pos-pandemia-e-tema-da-3a-edicao-do-brf-esg-forum\\\/\",\"url\":\"https:\\\/\\\/www.cidademarketing.com.br\\\/marketing\\\/2021\\\/12\\\/09\\\/desafios-sociais-pos-pandemia-e-tema-da-3a-edicao-do-brf-esg-forum\\\/\",\"name\":\"\u201cDesafios Sociais P\u00f3s-Pandemia\\\" \u00e9 tema da 3\u00aa edi\u00e7\u00e3o do BRF ESG F\u00f3rum - CidadeMarketing\",\"isPartOf\":{\"@id\":\"https:\\\/\\\/www.cidademarketing.com.br\\\/marketing\\\/#website\"},\"primaryImageOfPage\":{\"@id\":\"https:\\\/\\\/www.cidademarketing.com.br\\\/marketing\\\/2021\\\/12\\\/09\\\/desafios-sociais-pos-pandemia-e-tema-da-3a-edicao-do-brf-esg-forum\\\/#primaryimage\"},\"image\":{\"@id\":\"https:\\\/\\\/www.cidademarketing.com.br\\\/marketing\\\/2021\\\/12\\\/09\\\/desafios-sociais-pos-pandemia-e-tema-da-3a-edicao-do-brf-esg-forum\\\/#primaryimage\"},\"thumbnailUrl\":\"https:\\\/\\\/www.cidademarketing.com.br\\\/marketing\\\/wp-content\\\/uploads\\\/2021\\\/10\\\/brf_marca.jpg\",\"datePublished\":\"2021-12-09T13:09:54+00:00\",\"breadcrumb\":{\"@id\":\"https:\\\/\\\/www.cidademarketing.com.br\\\/marketing\\\/2021\\\/12\\\/09\\\/desafios-sociais-pos-pandemia-e-tema-da-3a-edicao-do-brf-esg-forum\\\/#breadcrumb\"},\"inLanguage\":\"pt-BR\",\"potentialAction\":[{\"@type\":\"ReadAction\",\"target\":[\"https:\\\/\\\/www.cidademarketing.com.br\\\/marketing\\\/2021\\\/12\\\/09\\\/desafios-sociais-pos-pandemia-e-tema-da-3a-edicao-do-brf-esg-forum\\\/\"]}]},{\"@type\":\"ImageObject\",\"inLanguage\":\"pt-BR\",\"@id\":\"https:\\\/\\\/www.cidademarketing.com.br\\\/marketing\\\/2021\\\/12\\\/09\\\/desafios-sociais-pos-pandemia-e-tema-da-3a-edicao-do-brf-esg-forum\\\/#primaryimage\",\"url\":\"https:\\\/\\\/www.cidademarketing.com.br\\\/marketing\\\/wp-content\\\/uploads\\\/2021\\\/10\\\/brf_marca.jpg\",\"contentUrl\":\"https:\\\/\\\/www.cidademarketing.com.br\\\/marketing\\\/wp-content\\\/uploads\\\/2021\\\/10\\\/brf_marca.jpg\",\"width\":866,\"height\":650},{\"@type\":\"BreadcrumbList\",\"@id\":\"https:\\\/\\\/www.cidademarketing.com.br\\\/marketing\\\/2021\\\/12\\\/09\\\/desafios-sociais-pos-pandemia-e-tema-da-3a-edicao-do-brf-esg-forum\\\/#breadcrumb\",\"itemListElement\":[{\"@type\":\"ListItem\",\"position\":1,\"name\":\"In\u00edcio\",\"item\":\"https:\\\/\\\/www.cidademarketing.com.br\\\/marketing\\\/\"},{\"@type\":\"ListItem\",\"position\":2,\"name\":\"\u201cDesafios Sociais P\u00f3s-Pandemia&#8221; \u00e9 tema da 3\u00aa edi\u00e7\u00e3o do BRF ESG F\u00f3rum\"}]},{\"@type\":\"WebSite\",\"@id\":\"https:\\\/\\\/www.cidademarketing.com.br\\\/marketing\\\/#website\",\"url\":\"https:\\\/\\\/www.cidademarketing.com.br\\\/marketing\\\/\",\"name\":\"CidadeMarketing\",\"description\":\"Somos um ve\u00edculo de comunica\u00e7\u00e3o de destaque no Brasil, reconhecido por conte\u00fados nos segmentos de marketing, empreendedorismo e inova\u00e7\u00e3o.\",\"publisher\":{\"@id\":\"https:\\\/\\\/www.cidademarketing.com.br\\\/marketing\\\/#organization\"},\"alternateName\":\"CidadeMarketing\",\"potentialAction\":[{\"@type\":\"SearchAction\",\"target\":{\"@type\":\"EntryPoint\",\"urlTemplate\":\"https:\\\/\\\/www.cidademarketing.com.br\\\/marketing\\\/?s={search_term_string}\"},\"query-input\":{\"@type\":\"PropertyValueSpecification\",\"valueRequired\":true,\"valueName\":\"search_term_string\"}}],\"inLanguage\":\"pt-BR\"},{\"@type\":\"Organization\",\"@id\":\"https:\\\/\\\/www.cidademarketing.com.br\\\/marketing\\\/#organization\",\"name\":\"CidadeMarketing\",\"alternateName\":\"CidadeMarketing\",\"url\":\"https:\\\/\\\/www.cidademarketing.com.br\\\/marketing\\\/\",\"logo\":{\"@type\":\"ImageObject\",\"inLanguage\":\"pt-BR\",\"@id\":\"https:\\\/\\\/www.cidademarketing.com.br\\\/marketing\\\/#\\\/schema\\\/logo\\\/image\\\/\",\"url\":\"https:\\\/\\\/www.cidademarketing.com.br\\\/marketing\\\/wp-content\\\/uploads\\\/2020\\\/01\\\/cidademarketing_marca_mobile.png\",\"contentUrl\":\"https:\\\/\\\/www.cidademarketing.com.br\\\/marketing\\\/wp-content\\\/uploads\\\/2020\\\/01\\\/cidademarketing_marca_mobile.png\",\"width\":230,\"height\":92,\"caption\":\"CidadeMarketing\"},\"image\":{\"@id\":\"https:\\\/\\\/www.cidademarketing.com.br\\\/marketing\\\/#\\\/schema\\\/logo\\\/image\\\/\"},\"sameAs\":[\"https:\\\/\\\/www.facebook.com\\\/portalcidademarketing\",\"https:\\\/\\\/x.com\\\/CidadeMarketing\",\"https:\\\/\\\/www.instagram.com\\\/cidademarketing\\\/\"]},{\"@type\":\"Person\",\"@id\":\"https:\\\/\\\/www.cidademarketing.com.br\\\/marketing\\\/#\\\/schema\\\/person\\\/02daff9f18bd9378c9e01eb6b2db155f\",\"name\":\"Thales Brand\u00e3o\",\"image\":{\"@type\":\"ImageObject\",\"inLanguage\":\"pt-BR\",\"@id\":\"https:\\\/\\\/secure.gravatar.com\\\/avatar\\\/7ca3206950207cc3cb48feec56a8a7898741ab725c368d99d5d7a5a50aab80c6?s=96&d=mm&r=g\",\"url\":\"https:\\\/\\\/secure.gravatar.com\\\/avatar\\\/7ca3206950207cc3cb48feec56a8a7898741ab725c368d99d5d7a5a50aab80c6?s=96&d=mm&r=g\",\"contentUrl\":\"https:\\\/\\\/secure.gravatar.com\\\/avatar\\\/7ca3206950207cc3cb48feec56a8a7898741ab725c368d99d5d7a5a50aab80c6?s=96&d=mm&r=g\",\"caption\":\"Thales Brand\u00e3o\"},\"description\":\"Editor Executivo do Portal CidadeMarketing.com.br &gt; Mestre em Comunica\u00e7\u00e3o e Sociedade pela Universidade Federal de Sergipe. Possui MBA Executivo em Administra\u00e7\u00e3o com \u00eanfase em Marketing pela Funda\u00e7\u00e3o Get\u00falio Vargas - Rio de Janeiro. Consultor, Palestrante e Pesquisador sobre Empreendedorismo, Marketing, Redes Sociais e Neg\u00f3cios Digitais. Professor, Palestrante TedxTalks e Campus Party. Twitter: @ThalesBrandao\",\"sameAs\":[\"http:\\\/\\\/www.mandacaru.com.br\",\"https:\\\/\\\/www.facebook.com\\\/thalesbrandao\",\"http:\\\/\\\/www.instagram.com.br\\\/thalesbrandaoferreira\",\"https:\\\/\\\/www.linkedin.com\\\/in\\\/thales-brand\u00e3o-3948609\\\/\",\"https:\\\/\\\/x.com\\\/http:\\\/\\\/www.twitter.com\\\/thalesbrandao\"],\"url\":\"https:\\\/\\\/www.cidademarketing.com.br\\\/marketing\\\/author\\\/thalesbrandao\\\/\"}]}<\/script>\n<!-- \/ Yoast SEO plugin. -->","yoast_head_json":{"title":"\u201cDesafios Sociais P\u00f3s-Pandemia\" \u00e9 tema da 3\u00aa edi\u00e7\u00e3o do BRF ESG F\u00f3rum - CidadeMarketing","robots":{"index":"index","follow":"follow","max-snippet":"max-snippet:-1","max-image-preview":"max-image-preview:large","max-video-preview":"max-video-preview:-1"},"canonical":"https:\/\/www.cidademarketing.com.br\/marketing\/2021\/12\/09\/desafios-sociais-pos-pandemia-e-tema-da-3a-edicao-do-brf-esg-forum\/","og_locale":"pt_BR","og_type":"article","og_title":"\u201cDesafios Sociais P\u00f3s-Pandemia\" \u00e9 tema da 3\u00aa edi\u00e7\u00e3o do BRF ESG F\u00f3rum - CidadeMarketing","og_description":"&nbsp; A BRF, uma das maiores companhias de alimentos do mundo, realiza, no pr\u00f3ximo dia 09 de dezembro, a partir das 10h30, a 3\u00aa edi\u00e7\u00e3o do BRF ESG F\u00f3rum. Com a tem\u00e1tica \u2018S: uma agenda que se conjuga no plural\u2019, o evento ser\u00e1 virtual e contar\u00e1 com a participa\u00e7\u00e3o de executivos da BRF e especialistas [&hellip;]","og_url":"https:\/\/www.cidademarketing.com.br\/marketing\/2021\/12\/09\/desafios-sociais-pos-pandemia-e-tema-da-3a-edicao-do-brf-esg-forum\/","og_site_name":"CidadeMarketing","article_publisher":"https:\/\/www.facebook.com\/portalcidademarketing","article_author":"https:\/\/www.facebook.com\/thalesbrandao","article_published_time":"2021-12-09T13:09:54+00:00","og_image":[{"width":866,"height":650,"url":"https:\/\/www.cidademarketing.com.br\/marketing\/wp-content\/uploads\/2021\/10\/brf_marca.jpg","type":"image\/jpeg"}],"author":"Thales Brand\u00e3o","twitter_card":"summary_large_image","twitter_creator":"@http:\/\/www.twitter.com\/thalesbrandao","twitter_site":"@CidadeMarketing","twitter_misc":{"Escrito por":"Thales Brand\u00e3o","Est. tempo de leitura":"4 minutos"},"schema":{"@context":"https:\/\/schema.org","@graph":[{"@type":"Article","@id":"https:\/\/www.cidademarketing.com.br\/marketing\/2021\/12\/09\/desafios-sociais-pos-pandemia-e-tema-da-3a-edicao-do-brf-esg-forum\/#article","isPartOf":{"@id":"https:\/\/www.cidademarketing.com.br\/marketing\/2021\/12\/09\/desafios-sociais-pos-pandemia-e-tema-da-3a-edicao-do-brf-esg-forum\/"},"author":{"name":"Thales Brand\u00e3o","@id":"https:\/\/www.cidademarketing.com.br\/marketing\/#\/schema\/person\/02daff9f18bd9378c9e01eb6b2db155f"},"headline":"\u201cDesafios Sociais P\u00f3s-Pandemia&#8221; \u00e9 tema da 3\u00aa edi\u00e7\u00e3o do BRF ESG F\u00f3rum","datePublished":"2021-12-09T13:09:54+00:00","mainEntityOfPage":{"@id":"https:\/\/www.cidademarketing.com.br\/marketing\/2021\/12\/09\/desafios-sociais-pos-pandemia-e-tema-da-3a-edicao-do-brf-esg-forum\/"},"wordCount":906,"commentCount":0,"publisher":{"@id":"https:\/\/www.cidademarketing.com.br\/marketing\/#organization"},"image":{"@id":"https:\/\/www.cidademarketing.com.br\/marketing\/2021\/12\/09\/desafios-sociais-pos-pandemia-e-tema-da-3a-edicao-do-brf-esg-forum\/#primaryimage"},"thumbnailUrl":"https:\/\/www.cidademarketing.com.br\/marketing\/wp-content\/uploads\/2021\/10\/brf_marca.jpg","keywords":["BRF","ESG","marketing","pandemia","p\u00f3s-pandemia","sustentabilidade"],"articleSection":["Not\u00edcias"],"inLanguage":"pt-BR","potentialAction":[{"@type":"CommentAction","name":"Comment","target":["https:\/\/www.cidademarketing.com.br\/marketing\/2021\/12\/09\/desafios-sociais-pos-pandemia-e-tema-da-3a-edicao-do-brf-esg-forum\/#respond"]}]},{"@type":"WebPage","@id":"https:\/\/www.cidademarketing.com.br\/marketing\/2021\/12\/09\/desafios-sociais-pos-pandemia-e-tema-da-3a-edicao-do-brf-esg-forum\/","url":"https:\/\/www.cidademarketing.com.br\/marketing\/2021\/12\/09\/desafios-sociais-pos-pandemia-e-tema-da-3a-edicao-do-brf-esg-forum\/","name":"\u201cDesafios Sociais P\u00f3s-Pandemia\" \u00e9 tema da 3\u00aa edi\u00e7\u00e3o do BRF ESG F\u00f3rum - CidadeMarketing","isPartOf":{"@id":"https:\/\/www.cidademarketing.com.br\/marketing\/#website"},"primaryImageOfPage":{"@id":"https:\/\/www.cidademarketing.com.br\/marketing\/2021\/12\/09\/desafios-sociais-pos-pandemia-e-tema-da-3a-edicao-do-brf-esg-forum\/#primaryimage"},"image":{"@id":"https:\/\/www.cidademarketing.com.br\/marketing\/2021\/12\/09\/desafios-sociais-pos-pandemia-e-tema-da-3a-edicao-do-brf-esg-forum\/#primaryimage"},"thumbnailUrl":"https:\/\/www.cidademarketing.com.br\/marketing\/wp-content\/uploads\/2021\/10\/brf_marca.jpg","datePublished":"2021-12-09T13:09:54+00:00","breadcrumb":{"@id":"https:\/\/www.cidademarketing.com.br\/marketing\/2021\/12\/09\/desafios-sociais-pos-pandemia-e-tema-da-3a-edicao-do-brf-esg-forum\/#breadcrumb"},"inLanguage":"pt-BR","potentialAction":[{"@type":"ReadAction","target":["https:\/\/www.cidademarketing.com.br\/marketing\/2021\/12\/09\/desafios-sociais-pos-pandemia-e-tema-da-3a-edicao-do-brf-esg-forum\/"]}]},{"@type":"ImageObject","inLanguage":"pt-BR","@id":"https:\/\/www.cidademarketing.com.br\/marketing\/2021\/12\/09\/desafios-sociais-pos-pandemia-e-tema-da-3a-edicao-do-brf-esg-forum\/#primaryimage","url":"https:\/\/www.cidademarketing.com.br\/marketing\/wp-content\/uploads\/2021\/10\/brf_marca.jpg","contentUrl":"https:\/\/www.cidademarketing.com.br\/marketing\/wp-content\/uploads\/2021\/10\/brf_marca.jpg","width":866,"height":650},{"@type":"BreadcrumbList","@id":"https:\/\/www.cidademarketing.com.br\/marketing\/2021\/12\/09\/desafios-sociais-pos-pandemia-e-tema-da-3a-edicao-do-brf-esg-forum\/#breadcrumb","itemListElement":[{"@type":"ListItem","position":1,"name":"In\u00edcio","item":"https:\/\/www.cidademarketing.com.br\/marketing\/"},{"@type":"ListItem","position":2,"name":"\u201cDesafios Sociais P\u00f3s-Pandemia&#8221; \u00e9 tema da 3\u00aa edi\u00e7\u00e3o do BRF ESG F\u00f3rum"}]},{"@type":"WebSite","@id":"https:\/\/www.cidademarketing.com.br\/marketing\/#website","url":"https:\/\/www.cidademarketing.com.br\/marketing\/","name":"CidadeMarketing","description":"Somos um ve\u00edculo de comunica\u00e7\u00e3o de destaque no Brasil, reconhecido por conte\u00fados nos segmentos de marketing, empreendedorismo e inova\u00e7\u00e3o.","publisher":{"@id":"https:\/\/www.cidademarketing.com.br\/marketing\/#organization"},"alternateName":"CidadeMarketing","potentialAction":[{"@type":"SearchAction","target":{"@type":"EntryPoint","urlTemplate":"https:\/\/www.cidademarketing.com.br\/marketing\/?s={search_term_string}"},"query-input":{"@type":"PropertyValueSpecification","valueRequired":true,"valueName":"search_term_string"}}],"inLanguage":"pt-BR"},{"@type":"Organization","@id":"https:\/\/www.cidademarketing.com.br\/marketing\/#organization","name":"CidadeMarketing","alternateName":"CidadeMarketing","url":"https:\/\/www.cidademarketing.com.br\/marketing\/","logo":{"@type":"ImageObject","inLanguage":"pt-BR","@id":"https:\/\/www.cidademarketing.com.br\/marketing\/#\/schema\/logo\/image\/","url":"https:\/\/www.cidademarketing.com.br\/marketing\/wp-content\/uploads\/2020\/01\/cidademarketing_marca_mobile.png","contentUrl":"https:\/\/www.cidademarketing.com.br\/marketing\/wp-content\/uploads\/2020\/01\/cidademarketing_marca_mobile.png","width":230,"height":92,"caption":"CidadeMarketing"},"image":{"@id":"https:\/\/www.cidademarketing.com.br\/marketing\/#\/schema\/logo\/image\/"},"sameAs":["https:\/\/www.facebook.com\/portalcidademarketing","https:\/\/x.com\/CidadeMarketing","https:\/\/www.instagram.com\/cidademarketing\/"]},{"@type":"Person","@id":"https:\/\/www.cidademarketing.com.br\/marketing\/#\/schema\/person\/02daff9f18bd9378c9e01eb6b2db155f","name":"Thales Brand\u00e3o","image":{"@type":"ImageObject","inLanguage":"pt-BR","@id":"https:\/\/secure.gravatar.com\/avatar\/7ca3206950207cc3cb48feec56a8a7898741ab725c368d99d5d7a5a50aab80c6?s=96&d=mm&r=g","url":"https:\/\/secure.gravatar.com\/avatar\/7ca3206950207cc3cb48feec56a8a7898741ab725c368d99d5d7a5a50aab80c6?s=96&d=mm&r=g","contentUrl":"https:\/\/secure.gravatar.com\/avatar\/7ca3206950207cc3cb48feec56a8a7898741ab725c368d99d5d7a5a50aab80c6?s=96&d=mm&r=g","caption":"Thales Brand\u00e3o"},"description":"Editor Executivo do Portal CidadeMarketing.com.br &gt; Mestre em Comunica\u00e7\u00e3o e Sociedade pela Universidade Federal de Sergipe. Possui MBA Executivo em Administra\u00e7\u00e3o com \u00eanfase em Marketing pela Funda\u00e7\u00e3o Get\u00falio Vargas - Rio de Janeiro. Consultor, Palestrante e Pesquisador sobre Empreendedorismo, Marketing, Redes Sociais e Neg\u00f3cios Digitais. Professor, Palestrante TedxTalks e Campus Party. Twitter: @ThalesBrandao","sameAs":["http:\/\/www.mandacaru.com.br","https:\/\/www.facebook.com\/thalesbrandao","http:\/\/www.instagram.com.br\/thalesbrandaoferreira","https:\/\/www.linkedin.com\/in\/thales-brand\u00e3o-3948609\/","https:\/\/x.com\/http:\/\/www.twitter.com\/thalesbrandao"],"url":"https:\/\/www.cidademarketing.com.br\/marketing\/author\/thalesbrandao\/"}]}},"amp_enabled":true,"_links":{"self":[{"href":"https:\/\/www.cidademarketing.com.br\/marketing\/wp-json\/wp\/v2\/posts\/32937","targetHints":{"allow":["GET"]}}],"collection":[{"href":"https:\/\/www.cidademarketing.com.br\/marketing\/wp-json\/wp\/v2\/posts"}],"about":[{"href":"https:\/\/www.cidademarketing.com.br\/marketing\/wp-json\/wp\/v2\/types\/post"}],"author":[{"embeddable":true,"href":"https:\/\/www.cidademarketing.com.br\/marketing\/wp-json\/wp\/v2\/users\/1"}],"replies":[{"embeddable":true,"href":"https:\/\/www.cidademarketing.com.br\/marketing\/wp-json\/wp\/v2\/comments?post=32937"}],"version-history":[{"count":1,"href":"https:\/\/www.cidademarketing.com.br\/marketing\/wp-json\/wp\/v2\/posts\/32937\/revisions"}],"predecessor-version":[{"id":32938,"href":"https:\/\/www.cidademarketing.com.br\/marketing\/wp-json\/wp\/v2\/posts\/32937\/revisions\/32938"}],"wp:featuredmedia":[{"embeddable":true,"href":"https:\/\/www.cidademarketing.com.br\/marketing\/wp-json\/wp\/v2\/media\/31189"}],"wp:attachment":[{"href":"https:\/\/www.cidademarketing.com.br\/marketing\/wp-json\/wp\/v2\/media?parent=32937"}],"wp:term":[{"taxonomy":"category","embeddable":true,"href":"https:\/\/www.cidademarketing.com.br\/marketing\/wp-json\/wp\/v2\/categories?post=32937"},{"taxonomy":"post_tag","embeddable":true,"href":"https:\/\/www.cidademarketing.com.br\/marketing\/wp-json\/wp\/v2\/tags?post=32937"}],"curies":[{"name":"wp","href":"https:\/\/api.w.org\/{rel}","templated":true}]}}