{"id":32844,"date":"2021-12-07T19:24:12","date_gmt":"2021-12-07T22:24:12","guid":{"rendered":"https:\/\/www.cidademarketing.com.br\/marketing\/?p=32844"},"modified":"2021-12-07T19:24:12","modified_gmt":"2021-12-07T22:24:12","slug":"americanas-apresenta-sua-primeira-campanha-institucional-de-natal","status":"publish","type":"post","link":"https:\/\/www.cidademarketing.com.br\/marketing\/2021\/12\/07\/americanas-apresenta-sua-primeira-campanha-institucional-de-natal\/","title":{"rendered":"Americanas apresenta sua primeira campanha institucional de Natal"},"content":{"rendered":"<p><iframe src=\"https:\/\/open.spotify.com\/embed\/show\/4khMKzP3FgFRWVwb73xicc\" width=\"100%\" height=\"232\" frameborder=\"0\"><\/iframe><br \/>\nTodo mundo tem uma hist\u00f3ria com a Americanas. Desde comprar chocolates para uma sess\u00e3o de cinema at\u00e9 encontrar o brinquedo ideal para presentear no Natal, a marca est\u00e1 presente na vida do consumidor brasileiro desde cedo, em todos os cantos do pa\u00eds \u2013 inclusive nos becos e vielas das favelas. Agora, \u00a0na \u00e9poca mais especial do ano, o Natal, a Americanas quer relembrar as hist\u00f3rias marcantes do brasileiro com seus presentes, lan\u00e7ando a sua primeira campanha institucional com o tema.<\/p>\n<p>Com o conceito &#8220;Natal Americanas. Voc\u00ea acha mais que presentes. Acha hist\u00f3rias&#8221;, criado pela WMcCann, a campanha apresenta um filme que conta a hist\u00f3ria de um presente de Natal especial, um ursinho de pel\u00facia que mostra, a partir do seu ponto de vista, todas as hist\u00f3rias vividas desde o natal que chegou na fam\u00edlia. Cheia de emo\u00e7\u00e3o, a mensagem \u00e9 carregada de empatia, compaix\u00e3o, solidariedade e refor\u00e7a as hist\u00f3rias especiais que os consumidores\u00a0criam na sua rela\u00e7\u00e3o com a Americanas.<\/p>\n<p>&#8220;Para o Natal Americanas ser ainda mais especial, escolhemos uma mensagem que demonstra como nossos produtos permeiam a vida dos nossos clientes e como \u00e9 poss\u00edvel criar hist\u00f3rias especiais com presentes Americanas. Falamos sobre solidariedade, emo\u00e7\u00e3o e sobre a import\u00e2ncia de construirmos novas hist\u00f3rias\u201d, afirma Vitor Monte, head de Marketing de Americanas S.A..<\/p>\n\r\n                <style type=\"text\/css\">\r\n                    \r\n                    #tdi_1  .td-doubleSlider-2 .td-item1 {\r\n                        background: url(https:\/\/www.cidademarketing.com.br\/marketing\/wp-content\/uploads\/2021\/12\/Americanas_Natal_FRAME_01-1-80x60.jpg) 0 0 no-repeat;\r\n                    }\r\n                    #tdi_1  .td-doubleSlider-2 .td-item2 {\r\n                        background: url(https:\/\/www.cidademarketing.com.br\/marketing\/wp-content\/uploads\/2021\/12\/Americanas_Natal_FRAME_02-1-80x60.jpg) 0 0 no-repeat;\r\n                    }\r\n                    #tdi_1  .td-doubleSlider-2 .td-item3 {\r\n                        background: url(https:\/\/www.cidademarketing.com.br\/marketing\/wp-content\/uploads\/2021\/12\/Americanas_Natal_FRAME_03-1-80x60.jpg) 0 0 no-repeat;\r\n                    }\r\n                <\/style>\r\n\r\n                <div id=\"tdi_1\" class=\"td-gallery td-slide-on-2-columns\">\r\n                    <div class=\"post_td_gallery\">\r\n                        <div class=\"td-gallery-slide-top\">\r\n                           <div class=\"td-gallery-title\"><\/div>\r\n\r\n                            <div class=\"td-gallery-controls-wrapper\">\r\n                                <div class=\"td-gallery-slide-count\"><span class=\"td-gallery-slide-item-focus\">1<\/span> de 3<\/div>\r\n                                <div class=\"td-gallery-slide-prev-next-but\">\r\n                                    <i class = \"td-icon-left doubleSliderPrevButton\"><\/i>\r\n                                    <i class = \"td-icon-right doubleSliderNextButton\"><\/i>\r\n                                <\/div>\r\n                            <\/div>\r\n                        <\/div>\r\n\r\n                        <div class = \"td-doubleSlider-1 \">\r\n                            <div class = \"td-slider\">\r\n                                \r\n                    <div class = \"td-slide-item td-item1\">\r\n                        <figure class=\"td-slide-galery-figure td-slide-popup-gallery\">\r\n                            <a class=\"slide-gallery-image-link\" href=\"https:\/\/www.cidademarketing.com.br\/marketing\/wp-content\/uploads\/2021\/12\/Americanas_Natal_FRAME_01-1.jpg\" title=\"Americanas_Natal_FRAME_01 (1)\"  data-caption=\"Reprodu\u00e7\u00e3o\"  data-description=\"\">\r\n                                <img decoding=\"async\" src=\"https:\/\/www.cidademarketing.com.br\/marketing\/wp-content\/uploads\/2021\/12\/Americanas_Natal_FRAME_01-1-747x420.jpg\" srcset=\"https:\/\/www.cidademarketing.com.br\/marketing\/wp-content\/uploads\/2021\/12\/Americanas_Natal_FRAME_01-1-747x420.jpg 747w, https:\/\/www.cidademarketing.com.br\/marketing\/wp-content\/uploads\/2021\/12\/Americanas_Natal_FRAME_01-1-300x169.jpg 300w, https:\/\/www.cidademarketing.com.br\/marketing\/wp-content\/uploads\/2021\/12\/Americanas_Natal_FRAME_01-1-1024x576.jpg 1024w, https:\/\/www.cidademarketing.com.br\/marketing\/wp-content\/uploads\/2021\/12\/Americanas_Natal_FRAME_01-1-768x432.jpg 768w, https:\/\/www.cidademarketing.com.br\/marketing\/wp-content\/uploads\/2021\/12\/Americanas_Natal_FRAME_01-1-1536x864.jpg 1536w, https:\/\/www.cidademarketing.com.br\/marketing\/wp-content\/uploads\/2021\/12\/Americanas_Natal_FRAME_01-1-640x360.jpg 640w, https:\/\/www.cidademarketing.com.br\/marketing\/wp-content\/uploads\/2021\/12\/Americanas_Natal_FRAME_01-1-681x383.jpg 681w, https:\/\/www.cidademarketing.com.br\/marketing\/wp-content\/uploads\/2021\/12\/Americanas_Natal_FRAME_01-1.jpg 1920w\" sizes=\"(max-width: 747px) 100vw, 747px\" alt=\"\">\r\n                            <\/a>\r\n                            <figcaption class = \"td-slide-caption td-gallery-slide-content\"><div class = \"td-gallery-slide-copywrite\">Reprodu\u00e7\u00e3o<\/div><\/figcaption>\r\n                        <\/figure>\r\n                    <\/div>\r\n                    <div class = \"td-slide-item td-item2\">\r\n                        <figure class=\"td-slide-galery-figure td-slide-popup-gallery\">\r\n                            <a class=\"slide-gallery-image-link\" href=\"https:\/\/www.cidademarketing.com.br\/marketing\/wp-content\/uploads\/2021\/12\/Americanas_Natal_FRAME_02-1.jpg\" title=\"Americanas_Natal_FRAME_02 (1)\"  data-caption=\"Reprodu\u00e7\u00e3o\"  data-description=\"\">\r\n                                <img decoding=\"async\" src=\"https:\/\/www.cidademarketing.com.br\/marketing\/wp-content\/uploads\/2021\/12\/Americanas_Natal_FRAME_02-1-747x420.jpg\" srcset=\"https:\/\/www.cidademarketing.com.br\/marketing\/wp-content\/uploads\/2021\/12\/Americanas_Natal_FRAME_02-1-747x420.jpg 747w, https:\/\/www.cidademarketing.com.br\/marketing\/wp-content\/uploads\/2021\/12\/Americanas_Natal_FRAME_02-1-300x169.jpg 300w, https:\/\/www.cidademarketing.com.br\/marketing\/wp-content\/uploads\/2021\/12\/Americanas_Natal_FRAME_02-1-1024x576.jpg 1024w, https:\/\/www.cidademarketing.com.br\/marketing\/wp-content\/uploads\/2021\/12\/Americanas_Natal_FRAME_02-1-768x432.jpg 768w, https:\/\/www.cidademarketing.com.br\/marketing\/wp-content\/uploads\/2021\/12\/Americanas_Natal_FRAME_02-1-1536x864.jpg 1536w, https:\/\/www.cidademarketing.com.br\/marketing\/wp-content\/uploads\/2021\/12\/Americanas_Natal_FRAME_02-1-640x360.jpg 640w, https:\/\/www.cidademarketing.com.br\/marketing\/wp-content\/uploads\/2021\/12\/Americanas_Natal_FRAME_02-1-681x383.jpg 681w, https:\/\/www.cidademarketing.com.br\/marketing\/wp-content\/uploads\/2021\/12\/Americanas_Natal_FRAME_02-1.jpg 1920w\" sizes=\"(max-width: 747px) 100vw, 747px\" alt=\"\">\r\n                            <\/a>\r\n                            <figcaption class = \"td-slide-caption td-gallery-slide-content\"><div class = \"td-gallery-slide-copywrite\">Reprodu\u00e7\u00e3o<\/div><\/figcaption>\r\n                        <\/figure>\r\n                    <\/div>\r\n                    <div class = \"td-slide-item td-item3\">\r\n                        <figure class=\"td-slide-galery-figure td-slide-popup-gallery\">\r\n                            <a class=\"slide-gallery-image-link\" href=\"https:\/\/www.cidademarketing.com.br\/marketing\/wp-content\/uploads\/2021\/12\/Americanas_Natal_FRAME_03-1.jpg\" title=\"Americanas_Natal_FRAME_03 (1)\"  data-caption=\"Reprodu\u00e7\u00e3o\"  data-description=\"\">\r\n                                <img decoding=\"async\" src=\"https:\/\/www.cidademarketing.com.br\/marketing\/wp-content\/uploads\/2021\/12\/Americanas_Natal_FRAME_03-1-747x420.jpg\" srcset=\"https:\/\/www.cidademarketing.com.br\/marketing\/wp-content\/uploads\/2021\/12\/Americanas_Natal_FRAME_03-1-747x420.jpg 747w, https:\/\/www.cidademarketing.com.br\/marketing\/wp-content\/uploads\/2021\/12\/Americanas_Natal_FRAME_03-1-300x169.jpg 300w, https:\/\/www.cidademarketing.com.br\/marketing\/wp-content\/uploads\/2021\/12\/Americanas_Natal_FRAME_03-1-1024x576.jpg 1024w, https:\/\/www.cidademarketing.com.br\/marketing\/wp-content\/uploads\/2021\/12\/Americanas_Natal_FRAME_03-1-768x432.jpg 768w, https:\/\/www.cidademarketing.com.br\/marketing\/wp-content\/uploads\/2021\/12\/Americanas_Natal_FRAME_03-1-1536x864.jpg 1536w, https:\/\/www.cidademarketing.com.br\/marketing\/wp-content\/uploads\/2021\/12\/Americanas_Natal_FRAME_03-1-640x360.jpg 640w, https:\/\/www.cidademarketing.com.br\/marketing\/wp-content\/uploads\/2021\/12\/Americanas_Natal_FRAME_03-1-681x383.jpg 681w, https:\/\/www.cidademarketing.com.br\/marketing\/wp-content\/uploads\/2021\/12\/Americanas_Natal_FRAME_03-1.jpg 1920w\" sizes=\"(max-width: 747px) 100vw, 747px\" alt=\"\">\r\n                            <\/a>\r\n                            <figcaption class = \"td-slide-caption td-gallery-slide-content\"><div class = \"td-gallery-slide-copywrite\">Reprodu\u00e7\u00e3o<\/div><\/figcaption>\r\n                        <\/figure>\r\n                    <\/div>\r\n                            <\/div>\r\n                        <\/div>\r\n\r\n                        <div class = \"td-doubleSlider-2\">\r\n                            <div class = \"td-slider\">\r\n                                \r\n                    <div class = \"td-button td-item1\">\r\n                        <div class = \"td-border\"><\/div>\r\n                    <\/div>\r\n                    <div class = \"td-button td-item2\">\r\n                        <div class = \"td-border\"><\/div>\r\n                    <\/div>\r\n                    <div class = \"td-button td-item3\">\r\n                        <div class = \"td-border\"><\/div>\r\n                    <\/div>\r\n                            <\/div>\r\n                        <\/div>\r\n\r\n                    <\/div>\r\n\r\n                <\/div>\r\n                \n<p>&nbsp;<\/p>\n<p>J\u00e1 para os materiais com foco em vendas, a estrat\u00e9gia da campanha ser\u00e1 a de refor\u00e7ar o famoso slogan &#8220;Relaxa&#8221;, agora com o complemento &#8220;No Natal Americanas voc\u00ea acha&#8221;. De forma din\u00e2mica, o filme apresentar\u00e1 as ofertas dispon\u00edveis de presentes para essa \u00e9poca do ano, que contar\u00e3o com lembrancinhas e present\u00f5es. O consumidor tamb\u00e9m ser\u00e1 convidado a baixar o app Americanas e ter tudo na palma da m\u00e3o: desde a facilidade de comprar pelo app e pegar na loja at\u00e9 a entrega r\u00e1pida, al\u00e9m de poder conferir ofertas de Natal nas mais de 1700 lojas f\u00edsicas da marca espalhadas por todo o Brasil.<\/p>\n<p>&#8220;Mais uma vez, estamos ao lado da Americanas em uma \u00e9poca t\u00e3o especial para construir uma mensagem de Natal cheia de boas hist\u00f3rias e que relembrem os momentos especiais que cada um j\u00e1 viveu com um presente da Americanas. Essa \u00e9 a mensagem de Natal que constru\u00edmos\u00a0para a marca, que lan\u00e7a pela primeira vez uma campanha institucional com o tema&#8221;, comenta Marcio Borges, Vice-Presidente da WMcCann Rio.<\/p>\n<p>No ar a partir de ter\u00e7a-feira, 7, a veicula\u00e7\u00e3o contar\u00e1 com abrang\u00eancia nacional e espa\u00e7os em TV aberta e payTV. No digital, a campanha conta com uma estrat\u00e9gia 360\u00ba, com banners e m\u00eddia out-of-home (OOH). J\u00e1 nas redes sociais, influenciadores e embaixadores da marca ser\u00e3o os respons\u00e1veis por passar a mensagem de um Natal com mais que presentes, com hist\u00f3rias.<\/p>\n<p>A estrat\u00e9gia de comunica\u00e7\u00e3o ainda conta com a\u00e7\u00f5es de endomarketing, com um filme especial que ter\u00e1 o depoimento de colaboradores da Americanas e contar\u00e3o as hist\u00f3rias de quem faz acontecer ao lado da marca.<\/p>\n<p><strong>Americanas na Favela<\/strong>\u00a0\u2013 A Americanas tamb\u00e9m est\u00e1 presente na \u201cVila Natal Encantado &#8211; A Magia na Favela\u201d, em Parais\u00f3polis,\u00a0iniciativa que tem como objetivo promover um espa\u00e7o onde as crian\u00e7as da favela possam visitar e viver a experi\u00eancia de conhecer o Papai Noel e toda a magia e a transforma\u00e7\u00e3o do Natal.\u00a0Com a participa\u00e7\u00e3o no evento, organizado\u00a0pelo G10 Favelas, a Americanas refor\u00e7a seu compromisso com as favelas do pa\u00eds iniciado em abril, com projetos de inclus\u00e3o dos moradores no e-commerce, capacita\u00e7\u00e3o e empregabilidade com a iniciativa Americanas na Favela.<\/p>\n<p>Em um espa\u00e7o decorado com temas natalinos, a vila ir\u00e1 oferecer apresenta\u00e7\u00f5es musicais e ficar\u00e1 aberto para visita\u00e7\u00e3o, de segunda a sexta-feira, a partir das 9h. O evento tamb\u00e9m promove a doa\u00e7\u00e3o\u00a0de produtos para a Ceia de Natal como, peru, tender, lombo e costela su\u00edna \u00e0s fam\u00edlias que est\u00e3o em vulnerabilidade social.\u00a0A participa\u00e7\u00e3o da Americanas no Natal de Parais\u00f3polis est\u00e1 totalmente alinhada \u00e0 campanha deste ano, que fala de solidariedade, emo\u00e7\u00e3o e sobre a import\u00e2ncia de construir novas hist\u00f3rias junto com os clientes de todos os CEPs do Brasil.<\/p>\n<div class=\"youtube-embed\" data-video_id=\"X6QuING_V9U\"><iframe title=\"natal americanas, voc\u00ea acha mais que presentes. acha hist\u00f3rias\" width=\"640\" height=\"360\" src=\"https:\/\/www.youtube.com\/embed\/X6QuING_V9U?feature=oembed&#038;enablejsapi=1\" frameborder=\"0\" allow=\"accelerometer; autoplay; clipboard-write; encrypted-media; gyroscope; picture-in-picture; web-share\" referrerpolicy=\"strict-origin-when-cross-origin\" allowfullscreen><\/iframe><\/div>\n<p>&nbsp;<\/p>\n<p><strong>FICHA T\u00c9CNICA<\/strong><\/p>\n<p>Ag\u00eancia: WMcCann<br \/>\nCliente: Americanas<br \/>\nProduto: Institucional<br \/>\nNome da campanha: Caixa M\u00e1gica Natal Americanas<br \/>\nTime do Cliente:\u00a0Washington Theotonio,\u00a0Vitor Monte,\u00a0Aline Oliveira, Marcelli Valle, Thiago Pinh\u00e3o, Raissa Zylberglejd, Ana Ara\u00fajo, Wilson Almeida, Erika Mattos, Mariana Moragas<br \/>\nExecutive Chairman: Hugo Rodrigues<br \/>\nCCO: Mariana S\u00e1<br \/>\nVP executivo e diretor-geral do RJ: Marcio Borges<br \/>\nCEO: Andr\u00e9 Fran\u00e7a<br \/>\nDire\u00e7\u00e3o de cria\u00e7\u00e3o: Ricardo Weitsman<br \/>\nDiretor de Cria\u00e7\u00e3o Associado:\u00a0Felipe Gomes e Jo\u00e3o Resende<br \/>\nCria\u00e7\u00e3o:\u00a0Ricardo Weitsman, Felipe Gomes, Jo\u00e3o Resende, Philippe Lacerda, Bruno Mukai e Durval Filho<br \/>\nCSO: Renata Bokel<br \/>\nPlanejamento: Luiza Portella, Fabiana Lovate, Daniela Urzeda e Evelyn Cristina<br \/>\nAtendimento: Ana Paula Perdig\u00e3o, Anna Moraes, Ana Julia Damm, Paula Stockler e Rodrigo Ribeiro<br \/>\nVP de M\u00eddia: Fabio Urbanas<br \/>\nM\u00eddia: Patr\u00edcia Oliveira, Samantha Rodrigues,\u00a0Christiane Duncan,\u00a0Naiana Grangeiro, Marcelle Le\u00e3o e Luciana Ferreira<br \/>\nBI: Deny Watanabe, Danilo Borges e Ingrid Barros<br \/>\nConte\u00fado Digital: Patr\u00edcia Colombo, Stella Soares Peixinho e Lorena Manso<br \/>\nDire\u00e7\u00e3o de Produ\u00e7\u00e3o Integrada: Camila Naito<br \/>\nRTV: Bianca Repsold, Vitor Hugo Faria, Mariana Veronez, Daniela Nammur e Fernanda Pinheiro<br \/>\nProdu\u00e7\u00e3o Gr\u00e1fica: Nereu Marinho e Maur\u00edcio Martim<br \/>\nProjetos: Erika Casal e Felipe Ribeiro<br \/>\nRela\u00e7\u00f5es P\u00fablicas: Kerena Neves e Giulia Camargo<br \/>\nTratamento de imagens: Ciro Sollero<br \/>\nProdutora: Boiler Filmes<br \/>\nDire\u00e7\u00e3o institucional: Dulc\u00eddio Caldeira<br \/>\nDire\u00e7\u00e3o Digital E Varejo: Renan Moraes<br \/>\nProdutor Executivo: Marcella Feo<br \/>\nAtendimento: Carol Pivato | Mary Lacoleta | Babi Kosloff<br \/>\nCoordena\u00e7\u00e3o De Produ\u00e7\u00e3o: Marcella Feo | Rafaela Muniz | Juliana Salviano | Julia Fontes<br \/>\nAssistente De Dire\u00e7\u00e3o: Felipe Luizari<br \/>\nDiretor De Fotografia: Alex Vecchi<br \/>\nDiretor De Fotografia Digitais: Daniel Barjas<\/p>\n<p>Diretor De Produ\u00e7\u00e3o: Alberto Mariotto<\/p>\n<p>Montagem: Ricardo Quintela<\/p>\n<p>Coordenador\u00a0De P\u00f3s: Fez\u00e3o Barbieri<br \/>\nFinalizador: Rafael Bar\u00e3o<br \/>\nP\u00f3s Produ\u00e7\u00e3o: Flow Effects<br \/>\nColor Granding: Acauan Pastore<br \/>\nElenco: Iara Lacerda Matos | Isabella Paula Soares dos Santos | Amadu Baro Dabo | Aymara Priscila Ribeiro Morales | Elizabeth Fortes Olivares | Gustavo Pacheco Veiga | Mirian Sampaio De S\u00e1 | Priscilla Ribeiro | Caroline Cordeiro Duran | Isabella dos Santos Silva Tarsitano | Joaquim Nicolas da Silva | Juliana Alves dos Santos | Kiara Rangel Brand\u00e3o | Lara Gon\u00e7alves Brocchi | Nicolle Vaz Santana | Pedro Galv\u00e3o Lopes de Ara\u00fajo | Pietro Souza Martins | Valentina Victoria Quessada Amorim | Caroline Cordeiro Duran | Joaquim Nicolas da Silva | Lorena Mikaelle | Heloisa Cabral | Luiz Otavio Antunes | Ana Carolina Dias | Ana Sophia Figueiredo | Regina Maria<br \/>\nProdutora de \u00c1udio: Raw Audio<br \/>\nProdu\u00e7\u00e3o Musical: Fernando Forni, Ricardo Pinda e Rogerinho Pereira<br \/>\nDire\u00e7\u00e3o Musical: Hilton Raw<br \/>\nSound Design e Mixagem: Enrico Maccio e Philip Braunstein<br \/>\nAtendimento: Carol Peternelli<br \/>\nCoordena\u00e7\u00e3o: Rob\u00e9rio Barbosa<br \/>\nLocutor:\u00a0Marco Ribeiro<\/p>\n<p><iframe style=\"width: 100%; max-width: 660px; overflow: hidden; background: transparent;\" src=\"https:\/\/embed.podcasts.apple.com\/br\/podcast\/podcast-cidademarketing\/id1371923283\" height=\"450\" frameborder=\"0\" sandbox=\"allow-forms allow-popups allow-same-origin allow-scripts allow-storage-access-by-user-activation allow-top-navigation-by-user-activation\"><\/iframe><\/p>\n","protected":false},"excerpt":{"rendered":"<p>Todo mundo tem uma hist\u00f3ria com a Americanas. Desde comprar chocolates para uma sess\u00e3o de cinema at\u00e9 encontrar o brinquedo ideal para presentear no Natal, a marca est\u00e1 presente na vida do consumidor brasileiro desde cedo, em todos os cantos do pa\u00eds \u2013 inclusive nos becos e vielas das favelas. Agora, \u00a0na \u00e9poca mais especial [&hellip;]<\/p>\n","protected":false},"author":1,"featured_media":32847,"comment_status":"open","ping_status":"open","sticky":false,"template":"","format":"standard","meta":{"tdm_status":"","tdm_grid_status":"","footnotes":""},"categories":[6],"tags":[796,65,33,28,669],"class_list":["post-32844","post","type-post","status-publish","format-standard","has-post-thumbnail","hentry","category-noticias","tag-americanas","tag-campanha","tag-estrategia","tag-marketing","tag-natal"],"yoast_head":"<!-- This site is optimized with the Yoast SEO plugin v27.5 - https:\/\/yoast.com\/product\/yoast-seo-wordpress\/ -->\n<title>Americanas apresenta sua primeira campanha institucional de Natal - CidadeMarketing<\/title>\n<meta name=\"robots\" content=\"index, follow, max-snippet:-1, max-image-preview:large, max-video-preview:-1\" \/>\n<link rel=\"canonical\" href=\"https:\/\/www.cidademarketing.com.br\/marketing\/2021\/12\/07\/americanas-apresenta-sua-primeira-campanha-institucional-de-natal\/\" \/>\n<meta property=\"og:locale\" content=\"pt_BR\" \/>\n<meta property=\"og:type\" content=\"article\" \/>\n<meta property=\"og:title\" content=\"Americanas apresenta sua primeira campanha institucional de Natal - CidadeMarketing\" \/>\n<meta property=\"og:description\" content=\"Todo mundo tem uma hist\u00f3ria com a Americanas. Desde comprar chocolates para uma sess\u00e3o de cinema at\u00e9 encontrar o brinquedo ideal para presentear no Natal, a marca est\u00e1 presente na vida do consumidor brasileiro desde cedo, em todos os cantos do pa\u00eds \u2013 inclusive nos becos e vielas das favelas. Agora, \u00a0na \u00e9poca mais especial [&hellip;]\" \/>\n<meta property=\"og:url\" content=\"https:\/\/www.cidademarketing.com.br\/marketing\/2021\/12\/07\/americanas-apresenta-sua-primeira-campanha-institucional-de-natal\/\" \/>\n<meta property=\"og:site_name\" content=\"CidadeMarketing\" \/>\n<meta property=\"article:publisher\" content=\"https:\/\/www.facebook.com\/portalcidademarketing\" \/>\n<meta property=\"article:author\" content=\"https:\/\/www.facebook.com\/thalesbrandao\" \/>\n<meta property=\"article:published_time\" content=\"2021-12-07T22:24:12+00:00\" \/>\n<meta property=\"og:image\" content=\"https:\/\/www.cidademarketing.com.br\/marketing\/wp-content\/uploads\/2021\/12\/Americanas_Natal_FRAME_03-1.jpg\" \/>\n\t<meta property=\"og:image:width\" content=\"1920\" \/>\n\t<meta property=\"og:image:height\" content=\"1080\" \/>\n\t<meta property=\"og:image:type\" content=\"image\/jpeg\" \/>\n<meta name=\"author\" content=\"Thales Brand\u00e3o\" \/>\n<meta name=\"twitter:card\" content=\"summary_large_image\" \/>\n<meta name=\"twitter:creator\" content=\"@http:\/\/www.twitter.com\/thalesbrandao\" \/>\n<meta name=\"twitter:site\" content=\"@CidadeMarketing\" \/>\n<meta name=\"twitter:label1\" content=\"Escrito por\" \/>\n\t<meta name=\"twitter:data1\" content=\"Thales Brand\u00e3o\" \/>\n\t<meta name=\"twitter:label2\" content=\"Est. tempo de leitura\" \/>\n\t<meta name=\"twitter:data2\" content=\"6 minutos\" \/>\n<script type=\"application\/ld+json\" class=\"yoast-schema-graph\">{\"@context\":\"https:\\\/\\\/schema.org\",\"@graph\":[{\"@type\":\"Article\",\"@id\":\"https:\\\/\\\/www.cidademarketing.com.br\\\/marketing\\\/2021\\\/12\\\/07\\\/americanas-apresenta-sua-primeira-campanha-institucional-de-natal\\\/#article\",\"isPartOf\":{\"@id\":\"https:\\\/\\\/www.cidademarketing.com.br\\\/marketing\\\/2021\\\/12\\\/07\\\/americanas-apresenta-sua-primeira-campanha-institucional-de-natal\\\/\"},\"author\":{\"name\":\"Thales Brand\u00e3o\",\"@id\":\"https:\\\/\\\/www.cidademarketing.com.br\\\/marketing\\\/#\\\/schema\\\/person\\\/02daff9f18bd9378c9e01eb6b2db155f\"},\"headline\":\"Americanas apresenta sua primeira campanha institucional de Natal\",\"datePublished\":\"2021-12-07T22:24:12+00:00\",\"mainEntityOfPage\":{\"@id\":\"https:\\\/\\\/www.cidademarketing.com.br\\\/marketing\\\/2021\\\/12\\\/07\\\/americanas-apresenta-sua-primeira-campanha-institucional-de-natal\\\/\"},\"wordCount\":1191,\"commentCount\":0,\"publisher\":{\"@id\":\"https:\\\/\\\/www.cidademarketing.com.br\\\/marketing\\\/#organization\"},\"image\":{\"@id\":\"https:\\\/\\\/www.cidademarketing.com.br\\\/marketing\\\/2021\\\/12\\\/07\\\/americanas-apresenta-sua-primeira-campanha-institucional-de-natal\\\/#primaryimage\"},\"thumbnailUrl\":\"https:\\\/\\\/www.cidademarketing.com.br\\\/marketing\\\/wp-content\\\/uploads\\\/2021\\\/12\\\/Americanas_Natal_FRAME_03-1.jpg\",\"keywords\":[\"Americanas\",\"campanha\",\"estrat\u00e9gia\",\"marketing\",\"Natal\"],\"articleSection\":[\"Not\u00edcias\"],\"inLanguage\":\"pt-BR\",\"potentialAction\":[{\"@type\":\"CommentAction\",\"name\":\"Comment\",\"target\":[\"https:\\\/\\\/www.cidademarketing.com.br\\\/marketing\\\/2021\\\/12\\\/07\\\/americanas-apresenta-sua-primeira-campanha-institucional-de-natal\\\/#respond\"]}]},{\"@type\":\"WebPage\",\"@id\":\"https:\\\/\\\/www.cidademarketing.com.br\\\/marketing\\\/2021\\\/12\\\/07\\\/americanas-apresenta-sua-primeira-campanha-institucional-de-natal\\\/\",\"url\":\"https:\\\/\\\/www.cidademarketing.com.br\\\/marketing\\\/2021\\\/12\\\/07\\\/americanas-apresenta-sua-primeira-campanha-institucional-de-natal\\\/\",\"name\":\"Americanas apresenta sua primeira campanha institucional de Natal - CidadeMarketing\",\"isPartOf\":{\"@id\":\"https:\\\/\\\/www.cidademarketing.com.br\\\/marketing\\\/#website\"},\"primaryImageOfPage\":{\"@id\":\"https:\\\/\\\/www.cidademarketing.com.br\\\/marketing\\\/2021\\\/12\\\/07\\\/americanas-apresenta-sua-primeira-campanha-institucional-de-natal\\\/#primaryimage\"},\"image\":{\"@id\":\"https:\\\/\\\/www.cidademarketing.com.br\\\/marketing\\\/2021\\\/12\\\/07\\\/americanas-apresenta-sua-primeira-campanha-institucional-de-natal\\\/#primaryimage\"},\"thumbnailUrl\":\"https:\\\/\\\/www.cidademarketing.com.br\\\/marketing\\\/wp-content\\\/uploads\\\/2021\\\/12\\\/Americanas_Natal_FRAME_03-1.jpg\",\"datePublished\":\"2021-12-07T22:24:12+00:00\",\"breadcrumb\":{\"@id\":\"https:\\\/\\\/www.cidademarketing.com.br\\\/marketing\\\/2021\\\/12\\\/07\\\/americanas-apresenta-sua-primeira-campanha-institucional-de-natal\\\/#breadcrumb\"},\"inLanguage\":\"pt-BR\",\"potentialAction\":[{\"@type\":\"ReadAction\",\"target\":[\"https:\\\/\\\/www.cidademarketing.com.br\\\/marketing\\\/2021\\\/12\\\/07\\\/americanas-apresenta-sua-primeira-campanha-institucional-de-natal\\\/\"]}]},{\"@type\":\"ImageObject\",\"inLanguage\":\"pt-BR\",\"@id\":\"https:\\\/\\\/www.cidademarketing.com.br\\\/marketing\\\/2021\\\/12\\\/07\\\/americanas-apresenta-sua-primeira-campanha-institucional-de-natal\\\/#primaryimage\",\"url\":\"https:\\\/\\\/www.cidademarketing.com.br\\\/marketing\\\/wp-content\\\/uploads\\\/2021\\\/12\\\/Americanas_Natal_FRAME_03-1.jpg\",\"contentUrl\":\"https:\\\/\\\/www.cidademarketing.com.br\\\/marketing\\\/wp-content\\\/uploads\\\/2021\\\/12\\\/Americanas_Natal_FRAME_03-1.jpg\",\"width\":1920,\"height\":1080,\"caption\":\"Reprodu\u00e7\u00e3o\"},{\"@type\":\"BreadcrumbList\",\"@id\":\"https:\\\/\\\/www.cidademarketing.com.br\\\/marketing\\\/2021\\\/12\\\/07\\\/americanas-apresenta-sua-primeira-campanha-institucional-de-natal\\\/#breadcrumb\",\"itemListElement\":[{\"@type\":\"ListItem\",\"position\":1,\"name\":\"In\u00edcio\",\"item\":\"https:\\\/\\\/www.cidademarketing.com.br\\\/marketing\\\/\"},{\"@type\":\"ListItem\",\"position\":2,\"name\":\"Americanas apresenta sua primeira campanha institucional de Natal\"}]},{\"@type\":\"WebSite\",\"@id\":\"https:\\\/\\\/www.cidademarketing.com.br\\\/marketing\\\/#website\",\"url\":\"https:\\\/\\\/www.cidademarketing.com.br\\\/marketing\\\/\",\"name\":\"CidadeMarketing\",\"description\":\"Somos um ve\u00edculo de comunica\u00e7\u00e3o de destaque no Brasil, reconhecido por conte\u00fados nos segmentos de marketing, empreendedorismo e inova\u00e7\u00e3o.\",\"publisher\":{\"@id\":\"https:\\\/\\\/www.cidademarketing.com.br\\\/marketing\\\/#organization\"},\"alternateName\":\"CidadeMarketing\",\"potentialAction\":[{\"@type\":\"SearchAction\",\"target\":{\"@type\":\"EntryPoint\",\"urlTemplate\":\"https:\\\/\\\/www.cidademarketing.com.br\\\/marketing\\\/?s={search_term_string}\"},\"query-input\":{\"@type\":\"PropertyValueSpecification\",\"valueRequired\":true,\"valueName\":\"search_term_string\"}}],\"inLanguage\":\"pt-BR\"},{\"@type\":\"Organization\",\"@id\":\"https:\\\/\\\/www.cidademarketing.com.br\\\/marketing\\\/#organization\",\"name\":\"CidadeMarketing\",\"alternateName\":\"CidadeMarketing\",\"url\":\"https:\\\/\\\/www.cidademarketing.com.br\\\/marketing\\\/\",\"logo\":{\"@type\":\"ImageObject\",\"inLanguage\":\"pt-BR\",\"@id\":\"https:\\\/\\\/www.cidademarketing.com.br\\\/marketing\\\/#\\\/schema\\\/logo\\\/image\\\/\",\"url\":\"https:\\\/\\\/www.cidademarketing.com.br\\\/marketing\\\/wp-content\\\/uploads\\\/2020\\\/01\\\/cidademarketing_marca_mobile.png\",\"contentUrl\":\"https:\\\/\\\/www.cidademarketing.com.br\\\/marketing\\\/wp-content\\\/uploads\\\/2020\\\/01\\\/cidademarketing_marca_mobile.png\",\"width\":230,\"height\":92,\"caption\":\"CidadeMarketing\"},\"image\":{\"@id\":\"https:\\\/\\\/www.cidademarketing.com.br\\\/marketing\\\/#\\\/schema\\\/logo\\\/image\\\/\"},\"sameAs\":[\"https:\\\/\\\/www.facebook.com\\\/portalcidademarketing\",\"https:\\\/\\\/x.com\\\/CidadeMarketing\",\"https:\\\/\\\/www.instagram.com\\\/cidademarketing\\\/\"]},{\"@type\":\"Person\",\"@id\":\"https:\\\/\\\/www.cidademarketing.com.br\\\/marketing\\\/#\\\/schema\\\/person\\\/02daff9f18bd9378c9e01eb6b2db155f\",\"name\":\"Thales Brand\u00e3o\",\"image\":{\"@type\":\"ImageObject\",\"inLanguage\":\"pt-BR\",\"@id\":\"https:\\\/\\\/secure.gravatar.com\\\/avatar\\\/7ca3206950207cc3cb48feec56a8a7898741ab725c368d99d5d7a5a50aab80c6?s=96&d=mm&r=g\",\"url\":\"https:\\\/\\\/secure.gravatar.com\\\/avatar\\\/7ca3206950207cc3cb48feec56a8a7898741ab725c368d99d5d7a5a50aab80c6?s=96&d=mm&r=g\",\"contentUrl\":\"https:\\\/\\\/secure.gravatar.com\\\/avatar\\\/7ca3206950207cc3cb48feec56a8a7898741ab725c368d99d5d7a5a50aab80c6?s=96&d=mm&r=g\",\"caption\":\"Thales Brand\u00e3o\"},\"description\":\"Editor Executivo do Portal CidadeMarketing.com.br &gt; Mestre em Comunica\u00e7\u00e3o e Sociedade pela Universidade Federal de Sergipe. Possui MBA Executivo em Administra\u00e7\u00e3o com \u00eanfase em Marketing pela Funda\u00e7\u00e3o Get\u00falio Vargas - Rio de Janeiro. Consultor, Palestrante e Pesquisador sobre Empreendedorismo, Marketing, Redes Sociais e Neg\u00f3cios Digitais. Professor, Palestrante TedxTalks e Campus Party. Twitter: @ThalesBrandao\",\"sameAs\":[\"http:\\\/\\\/www.mandacaru.com.br\",\"https:\\\/\\\/www.facebook.com\\\/thalesbrandao\",\"http:\\\/\\\/www.instagram.com.br\\\/thalesbrandaoferreira\",\"https:\\\/\\\/www.linkedin.com\\\/in\\\/thales-brand\u00e3o-3948609\\\/\",\"https:\\\/\\\/x.com\\\/http:\\\/\\\/www.twitter.com\\\/thalesbrandao\"],\"url\":\"https:\\\/\\\/www.cidademarketing.com.br\\\/marketing\\\/author\\\/thalesbrandao\\\/\"}]}<\/script>\n<!-- \/ Yoast SEO plugin. -->","yoast_head_json":{"title":"Americanas apresenta sua primeira campanha institucional de Natal - CidadeMarketing","robots":{"index":"index","follow":"follow","max-snippet":"max-snippet:-1","max-image-preview":"max-image-preview:large","max-video-preview":"max-video-preview:-1"},"canonical":"https:\/\/www.cidademarketing.com.br\/marketing\/2021\/12\/07\/americanas-apresenta-sua-primeira-campanha-institucional-de-natal\/","og_locale":"pt_BR","og_type":"article","og_title":"Americanas apresenta sua primeira campanha institucional de Natal - CidadeMarketing","og_description":"Todo mundo tem uma hist\u00f3ria com a Americanas. Desde comprar chocolates para uma sess\u00e3o de cinema at\u00e9 encontrar o brinquedo ideal para presentear no Natal, a marca est\u00e1 presente na vida do consumidor brasileiro desde cedo, em todos os cantos do pa\u00eds \u2013 inclusive nos becos e vielas das favelas. Agora, \u00a0na \u00e9poca mais especial [&hellip;]","og_url":"https:\/\/www.cidademarketing.com.br\/marketing\/2021\/12\/07\/americanas-apresenta-sua-primeira-campanha-institucional-de-natal\/","og_site_name":"CidadeMarketing","article_publisher":"https:\/\/www.facebook.com\/portalcidademarketing","article_author":"https:\/\/www.facebook.com\/thalesbrandao","article_published_time":"2021-12-07T22:24:12+00:00","og_image":[{"width":1920,"height":1080,"url":"https:\/\/www.cidademarketing.com.br\/marketing\/wp-content\/uploads\/2021\/12\/Americanas_Natal_FRAME_03-1.jpg","type":"image\/jpeg"}],"author":"Thales Brand\u00e3o","twitter_card":"summary_large_image","twitter_creator":"@http:\/\/www.twitter.com\/thalesbrandao","twitter_site":"@CidadeMarketing","twitter_misc":{"Escrito por":"Thales Brand\u00e3o","Est. tempo de leitura":"6 minutos"},"schema":{"@context":"https:\/\/schema.org","@graph":[{"@type":"Article","@id":"https:\/\/www.cidademarketing.com.br\/marketing\/2021\/12\/07\/americanas-apresenta-sua-primeira-campanha-institucional-de-natal\/#article","isPartOf":{"@id":"https:\/\/www.cidademarketing.com.br\/marketing\/2021\/12\/07\/americanas-apresenta-sua-primeira-campanha-institucional-de-natal\/"},"author":{"name":"Thales Brand\u00e3o","@id":"https:\/\/www.cidademarketing.com.br\/marketing\/#\/schema\/person\/02daff9f18bd9378c9e01eb6b2db155f"},"headline":"Americanas apresenta sua primeira campanha institucional de Natal","datePublished":"2021-12-07T22:24:12+00:00","mainEntityOfPage":{"@id":"https:\/\/www.cidademarketing.com.br\/marketing\/2021\/12\/07\/americanas-apresenta-sua-primeira-campanha-institucional-de-natal\/"},"wordCount":1191,"commentCount":0,"publisher":{"@id":"https:\/\/www.cidademarketing.com.br\/marketing\/#organization"},"image":{"@id":"https:\/\/www.cidademarketing.com.br\/marketing\/2021\/12\/07\/americanas-apresenta-sua-primeira-campanha-institucional-de-natal\/#primaryimage"},"thumbnailUrl":"https:\/\/www.cidademarketing.com.br\/marketing\/wp-content\/uploads\/2021\/12\/Americanas_Natal_FRAME_03-1.jpg","keywords":["Americanas","campanha","estrat\u00e9gia","marketing","Natal"],"articleSection":["Not\u00edcias"],"inLanguage":"pt-BR","potentialAction":[{"@type":"CommentAction","name":"Comment","target":["https:\/\/www.cidademarketing.com.br\/marketing\/2021\/12\/07\/americanas-apresenta-sua-primeira-campanha-institucional-de-natal\/#respond"]}]},{"@type":"WebPage","@id":"https:\/\/www.cidademarketing.com.br\/marketing\/2021\/12\/07\/americanas-apresenta-sua-primeira-campanha-institucional-de-natal\/","url":"https:\/\/www.cidademarketing.com.br\/marketing\/2021\/12\/07\/americanas-apresenta-sua-primeira-campanha-institucional-de-natal\/","name":"Americanas apresenta sua primeira campanha institucional de Natal - CidadeMarketing","isPartOf":{"@id":"https:\/\/www.cidademarketing.com.br\/marketing\/#website"},"primaryImageOfPage":{"@id":"https:\/\/www.cidademarketing.com.br\/marketing\/2021\/12\/07\/americanas-apresenta-sua-primeira-campanha-institucional-de-natal\/#primaryimage"},"image":{"@id":"https:\/\/www.cidademarketing.com.br\/marketing\/2021\/12\/07\/americanas-apresenta-sua-primeira-campanha-institucional-de-natal\/#primaryimage"},"thumbnailUrl":"https:\/\/www.cidademarketing.com.br\/marketing\/wp-content\/uploads\/2021\/12\/Americanas_Natal_FRAME_03-1.jpg","datePublished":"2021-12-07T22:24:12+00:00","breadcrumb":{"@id":"https:\/\/www.cidademarketing.com.br\/marketing\/2021\/12\/07\/americanas-apresenta-sua-primeira-campanha-institucional-de-natal\/#breadcrumb"},"inLanguage":"pt-BR","potentialAction":[{"@type":"ReadAction","target":["https:\/\/www.cidademarketing.com.br\/marketing\/2021\/12\/07\/americanas-apresenta-sua-primeira-campanha-institucional-de-natal\/"]}]},{"@type":"ImageObject","inLanguage":"pt-BR","@id":"https:\/\/www.cidademarketing.com.br\/marketing\/2021\/12\/07\/americanas-apresenta-sua-primeira-campanha-institucional-de-natal\/#primaryimage","url":"https:\/\/www.cidademarketing.com.br\/marketing\/wp-content\/uploads\/2021\/12\/Americanas_Natal_FRAME_03-1.jpg","contentUrl":"https:\/\/www.cidademarketing.com.br\/marketing\/wp-content\/uploads\/2021\/12\/Americanas_Natal_FRAME_03-1.jpg","width":1920,"height":1080,"caption":"Reprodu\u00e7\u00e3o"},{"@type":"BreadcrumbList","@id":"https:\/\/www.cidademarketing.com.br\/marketing\/2021\/12\/07\/americanas-apresenta-sua-primeira-campanha-institucional-de-natal\/#breadcrumb","itemListElement":[{"@type":"ListItem","position":1,"name":"In\u00edcio","item":"https:\/\/www.cidademarketing.com.br\/marketing\/"},{"@type":"ListItem","position":2,"name":"Americanas apresenta sua primeira campanha institucional de Natal"}]},{"@type":"WebSite","@id":"https:\/\/www.cidademarketing.com.br\/marketing\/#website","url":"https:\/\/www.cidademarketing.com.br\/marketing\/","name":"CidadeMarketing","description":"Somos um ve\u00edculo de comunica\u00e7\u00e3o de destaque no Brasil, reconhecido por conte\u00fados nos segmentos de marketing, empreendedorismo e inova\u00e7\u00e3o.","publisher":{"@id":"https:\/\/www.cidademarketing.com.br\/marketing\/#organization"},"alternateName":"CidadeMarketing","potentialAction":[{"@type":"SearchAction","target":{"@type":"EntryPoint","urlTemplate":"https:\/\/www.cidademarketing.com.br\/marketing\/?s={search_term_string}"},"query-input":{"@type":"PropertyValueSpecification","valueRequired":true,"valueName":"search_term_string"}}],"inLanguage":"pt-BR"},{"@type":"Organization","@id":"https:\/\/www.cidademarketing.com.br\/marketing\/#organization","name":"CidadeMarketing","alternateName":"CidadeMarketing","url":"https:\/\/www.cidademarketing.com.br\/marketing\/","logo":{"@type":"ImageObject","inLanguage":"pt-BR","@id":"https:\/\/www.cidademarketing.com.br\/marketing\/#\/schema\/logo\/image\/","url":"https:\/\/www.cidademarketing.com.br\/marketing\/wp-content\/uploads\/2020\/01\/cidademarketing_marca_mobile.png","contentUrl":"https:\/\/www.cidademarketing.com.br\/marketing\/wp-content\/uploads\/2020\/01\/cidademarketing_marca_mobile.png","width":230,"height":92,"caption":"CidadeMarketing"},"image":{"@id":"https:\/\/www.cidademarketing.com.br\/marketing\/#\/schema\/logo\/image\/"},"sameAs":["https:\/\/www.facebook.com\/portalcidademarketing","https:\/\/x.com\/CidadeMarketing","https:\/\/www.instagram.com\/cidademarketing\/"]},{"@type":"Person","@id":"https:\/\/www.cidademarketing.com.br\/marketing\/#\/schema\/person\/02daff9f18bd9378c9e01eb6b2db155f","name":"Thales Brand\u00e3o","image":{"@type":"ImageObject","inLanguage":"pt-BR","@id":"https:\/\/secure.gravatar.com\/avatar\/7ca3206950207cc3cb48feec56a8a7898741ab725c368d99d5d7a5a50aab80c6?s=96&d=mm&r=g","url":"https:\/\/secure.gravatar.com\/avatar\/7ca3206950207cc3cb48feec56a8a7898741ab725c368d99d5d7a5a50aab80c6?s=96&d=mm&r=g","contentUrl":"https:\/\/secure.gravatar.com\/avatar\/7ca3206950207cc3cb48feec56a8a7898741ab725c368d99d5d7a5a50aab80c6?s=96&d=mm&r=g","caption":"Thales Brand\u00e3o"},"description":"Editor Executivo do Portal CidadeMarketing.com.br &gt; Mestre em Comunica\u00e7\u00e3o e Sociedade pela Universidade Federal de Sergipe. Possui MBA Executivo em Administra\u00e7\u00e3o com \u00eanfase em Marketing pela Funda\u00e7\u00e3o Get\u00falio Vargas - Rio de Janeiro. Consultor, Palestrante e Pesquisador sobre Empreendedorismo, Marketing, Redes Sociais e Neg\u00f3cios Digitais. Professor, Palestrante TedxTalks e Campus Party. Twitter: @ThalesBrandao","sameAs":["http:\/\/www.mandacaru.com.br","https:\/\/www.facebook.com\/thalesbrandao","http:\/\/www.instagram.com.br\/thalesbrandaoferreira","https:\/\/www.linkedin.com\/in\/thales-brand\u00e3o-3948609\/","https:\/\/x.com\/http:\/\/www.twitter.com\/thalesbrandao"],"url":"https:\/\/www.cidademarketing.com.br\/marketing\/author\/thalesbrandao\/"}]}},"amp_enabled":true,"_links":{"self":[{"href":"https:\/\/www.cidademarketing.com.br\/marketing\/wp-json\/wp\/v2\/posts\/32844","targetHints":{"allow":["GET"]}}],"collection":[{"href":"https:\/\/www.cidademarketing.com.br\/marketing\/wp-json\/wp\/v2\/posts"}],"about":[{"href":"https:\/\/www.cidademarketing.com.br\/marketing\/wp-json\/wp\/v2\/types\/post"}],"author":[{"embeddable":true,"href":"https:\/\/www.cidademarketing.com.br\/marketing\/wp-json\/wp\/v2\/users\/1"}],"replies":[{"embeddable":true,"href":"https:\/\/www.cidademarketing.com.br\/marketing\/wp-json\/wp\/v2\/comments?post=32844"}],"version-history":[{"count":1,"href":"https:\/\/www.cidademarketing.com.br\/marketing\/wp-json\/wp\/v2\/posts\/32844\/revisions"}],"predecessor-version":[{"id":32848,"href":"https:\/\/www.cidademarketing.com.br\/marketing\/wp-json\/wp\/v2\/posts\/32844\/revisions\/32848"}],"wp:featuredmedia":[{"embeddable":true,"href":"https:\/\/www.cidademarketing.com.br\/marketing\/wp-json\/wp\/v2\/media\/32847"}],"wp:attachment":[{"href":"https:\/\/www.cidademarketing.com.br\/marketing\/wp-json\/wp\/v2\/media?parent=32844"}],"wp:term":[{"taxonomy":"category","embeddable":true,"href":"https:\/\/www.cidademarketing.com.br\/marketing\/wp-json\/wp\/v2\/categories?post=32844"},{"taxonomy":"post_tag","embeddable":true,"href":"https:\/\/www.cidademarketing.com.br\/marketing\/wp-json\/wp\/v2\/tags?post=32844"}],"curies":[{"name":"wp","href":"https:\/\/api.w.org\/{rel}","templated":true}]}}