{"id":326,"date":"2018-06-29T16:47:09","date_gmt":"2018-06-29T19:47:09","guid":{"rendered":"http:\/\/www.cidademarketing.com.br\/marketing\/?p=326"},"modified":"2018-07-19T00:12:39","modified_gmt":"2018-07-19T03:12:39","slug":"como-o-excesso-de-informacao-esta-matando-sua-capacidade-criativa","status":"publish","type":"post","link":"https:\/\/www.cidademarketing.com.br\/marketing\/2018\/06\/29\/como-o-excesso-de-informacao-esta-matando-sua-capacidade-criativa\/","title":{"rendered":"Como o excesso de informa\u00e7\u00e3o est\u00e1 matando sua capacidade criativa"},"content":{"rendered":"<p>Quantas contas nas redes sociais voc\u00ea tem e opera regularmente? No m\u00ednimo o Facebook, o Linkedin para fins profissionais, o Instagram e Twitter, o Whatsapp com os amigos e provavelmente o Snapchat e o Instagram, certo? At\u00e9 que ponto voc\u00ea acredita em tudo o que as m\u00eddias trazem de not\u00edcias? Veja dois fatos que aconteceram recentemente que colocam a veicula\u00e7\u00e3o de not\u00edcias na rede social nos holofotes e tornam minhas palavras hoje mais relevantes: O comediante Jim Carrey apagou sua conta do Facebook porque ele acredita que eles deixaram os russos manipularem a rede para influenciar nas elei\u00e7\u00f5es americanas e o Jornal Folha de S\u00e3o Paulo decidiu n\u00e3o mais veicular not\u00edcias no Facebook, apenas no seu site.<\/p>\n<p>Aparentemente estes fatos chamam a aten\u00e7\u00e3o para o que os soci\u00f3logos v\u00eam descrevendo desde a d\u00e9cada passada como o fen\u00f4meno do excesso de informa\u00e7\u00e3o. Experimente \u2018googlar\u2019 o termo \u2018excesso de informa\u00e7\u00e3o\u2019 para ver o que a internet traz. Voc\u00ea ser\u00e1 atropelado pelo excesso de informa\u00e7\u00e3o sobre excessos de informa\u00e7\u00e3o. \u2018Polui\u00e7\u00e3o de dados\u2019, \u2018asfixia de informa\u00e7\u00e3o\u2019, \u2018s\u00edndrome da fadiga da informa\u00e7\u00e3o\u2019, \u2018sobrecarga de dados\u2019, \u2018ansiedade de informa\u00e7\u00e3o\u2019, entre outras express\u00f5es que s\u00f3 mostram que j\u00e1 se escreveu de tudo sobre o tema.<\/p>\n<p>N\u00e3o \u00e9 dif\u00edcil entender o fen\u00f4meno, afinal, fa\u00e7o parte de uma gera\u00e7\u00e3o que sofreu muito pela falta de informa\u00e7\u00f5es. No trabalho e na vida, t\u00ednhamos que tomar decis\u00f5es importantes e n\u00e3o t\u00ednhamos como \u2018googlar\u2019 para saber onde achar um servi\u00e7o, como saber a reputa\u00e7\u00e3o de uma empresa, onde encontrar o menor pre\u00e7o, nada. Nossa car\u00eancia de informa\u00e7\u00e3o nos levou ao consumo desenfreado da informa\u00e7\u00e3o na virada do mil\u00eanio. A ansiedade de informa\u00e7\u00e3o nos levava a assinar todos os boletins, newsletters e feeds de not\u00edcias. Liamos todos os emails com medo de perder alguma informa\u00e7\u00e3o importante.<\/p>\n<p>A maior parte do que encontrei sobre o assunto fala sobre a forma como nos tornamos escravos da informa\u00e7\u00e3o, chamado de \u2018mal do s\u00e9culo\u2019 por <a href=\"http:\/\/www1.folha.uol.com.br\/folha\/dimenstein\/imprescindivel\/semana\/gd020901a090901.htm\" target=\"_blank\" rel=\"noopener\">Gilberto Dimenstein<\/a>, mas poucos exploram o que quero tratar neste artigo: Como o excesso de informa\u00e7\u00e3o est\u00e1 matando nossa capacidade criativa.<\/p>\n<p>Para explicar este ponto, convido-o a imaginar a seguinte cena: Voc\u00ea acorda de manh\u00e3 e l\u00ea seu jornal matinal. Vai trabalhar e no caminho ouve as not\u00edcias da manh\u00e3 no r\u00e1dio do carro. Durante o dia entra nas p\u00e1ginas dos portais de not\u00edcia a cada meia hora. Chega em casa e assiste o telejornal e n\u00e3o vai dormir antes de checar os \u00faltimos posts que chegaram no seu celular. Esta rotina soa familiar? Bem, pois \u00e9 familiar para muitas pessoas.<\/p>\n<p>Mais e mais pessoas seguem esta rotina, com pequenas varia\u00e7\u00f5es, acessando os mesmos canais de not\u00edcia, lendo os mesmos posts, vendo os mesmos telejornais, resultando na comoditiza\u00e7\u00e3o da informa\u00e7\u00e3o, a padroniza\u00e7\u00e3o dos conte\u00fados. Quando todos t\u00eam acesso \u00e0s mesmas informa\u00e7\u00f5es, as pessoas come\u00e7am a pensar da mesma forma. \u00a0\u00a0\u00a0\u00a0\u00a0\u00a0\u00a0\u00a0\u00a0\u00a0\u00a0\u00a0\u00a0\u00a0\u00a0 Por um lado, isso \u00e9 bom, pois n\u00e3o s\u00f3 as pessoas est\u00e3o melhor informadas como h\u00e1 sempre assunto nas rodas de discuss\u00e3o entre pessoas informadas. \u00c9 muito bom se sentir a par do que as pessoas est\u00e3o discutindo e \u00e9 sempre agrad\u00e1vel poder contribuir em conversas sobre v\u00e1rios assuntos diferentes.<\/p>\n<p>O problema da comoditiza\u00e7\u00e3o da informa\u00e7\u00e3o \u00e9 que os ve\u00edculos de comunica\u00e7\u00e3o &#8211; a imprensa de uma forma geral &#8211; precisam se diferenciar de alguma forma em um ambiente de competi\u00e7\u00e3o cada vez mais acirrada, pois a facilidade de acesso instant\u00e2neo a qualquer informa\u00e7\u00e3o faz com que seja cada vez mais raro um ve\u00edculo deter um verdadeiro \u2018furo\u2019 de reportagem, algo grande e in\u00e9dito que as ag\u00eancias podem veicular em primeira m\u00e3o. Li um representante do New York Times comentar que uma das formas mais comuns destes ve\u00edculos se diferenciarem \u00e9 trazendo a opini\u00e3o de especialistas. Assim, passou um tuf\u00e3o na Florida? Um meteorologista d\u00e1 a opini\u00e3o t\u00e9cnica dele sobre o fen\u00f4meno. Ocorreu um ataque de intoler\u00e2ncia no Rio? Um soci\u00f3logo \u00e9 logo convocado para falar sobre o tema. Foi aprovada uma nova lei para combater lavagem de dinheiro? Um advogado j\u00e1 est\u00e1 de plant\u00e3o para comentar as implica\u00e7\u00f5es do fato.<\/p>\n<p>Veja como s\u00e3o as coisas, como se n\u00e3o bastasse recebemos a informa\u00e7\u00e3o j\u00e1 pronta e processada, ainda recebemos tamb\u00e9m a opini\u00e3o j\u00e1 mastigada. Muito c\u00f4modo, n\u00e3o \u00e9? Voc\u00ea n\u00e3o precisa mais manifestar a sua opini\u00e3o, pode se apropriar da opini\u00e3o de um especialista como se fosse a sua e voc\u00ea nem se d\u00e1 conta que a sua opini\u00e3o na verdade n\u00e3o \u00e9 sua.<\/p>\n<p>Experimente fazer um teste. Da pr\u00f3xima vez que for assistir o seu time jogar na TV, desligue o som e assista apenas o jogo, sem ouvir os narradores e comentaristas. Ap\u00f3s o jogo, v\u00e1 comentar o jogo com seus amigos que tamb\u00e9m assistiram pela telinha e posso garantir que voc\u00ea reparou em coisas que outros n\u00e3o viram e que sua vis\u00e3o foi no m\u00ednimo um pouco diferente dos seus amigos. Isso se d\u00e1 porque voc\u00ea n\u00e3o se deixou influenciar pelos comentaristas e trouxe a sua pr\u00f3pria vis\u00e3o do jogo.<\/p>\n<p>Isso pode parecer um detalhe insignificante que n\u00e3o vai fazer muita diferen\u00e7a no dia-a-dia, afinal, voc\u00ea talvez nem goste mesmo dos coment\u00e1rios durante o jogo, n\u00e3o \u00e9? Agora, experimente estender esta experi\u00eancia para outros aspectos da sua vida, comece a \u2018calar os especialistas\u2019 e desenvolva a sua pr\u00f3pria opini\u00e3o, baseado em sua experi\u00eancia, seu conhecimento, seus valores e seus pr\u00f3prios ideais. Na verdade, minha sugest\u00e3o \u00e9 que voc\u00ea v\u00e1 al\u00e9m e busque variar tamb\u00e9m as suas fontes de informa\u00e7\u00e3o, principalmente em assuntos controversos em que as opini\u00f5es se dividem naturalmente.<\/p>\n<p>Veja um exemplo de como a mesma informa\u00e7\u00e3o pode variar, dando diversas interpreta\u00e7\u00f5es sobre o mesmo fato. Se voc\u00ea pesquisar sobre a pris\u00e3o do Lula esta semana vai ver o seguinte: O fim da democracia no <a href=\"https:\/\/mobile.nytimes.com\/2018\/01\/23\/opinion\/brazil-lula-democracy-corruption.html\" target=\"_blank\" rel=\"noopener\">NYTimes<\/a>, sua elegibilidade nas pr\u00f3ximas elei\u00e7\u00f5es no <a href=\"https:\/\/www.washingtonpost.com\/world\/the_americas\/brazils-lula-presidential-bid-to-be-registered-on-deadline\/2018\/04\/09\/4c078dae-3c5e-11e8-955b-7d2e19b79966_story.html?utm_term=.3af822750108\" target=\"_blank\" rel=\"noopener\">Washington Post<\/a>, a trajet\u00f3ria da pris\u00e3o no <a href=\"https:\/\/brasil.elpais.com\/brasil\/2018\/04\/08\/album\/1523143632_613898.html#foto_gal_3\" target=\"_blank\" rel=\"noopener\">El Pa\u00eds<\/a>, ou como Lula assistiu a vit\u00f3ria do tim\u00e3o da cela no <a href=\"http:\/\/www.elmundo.es\/internacional\/2018\/04\/09\/5acb91d4e5fdeabd6b8b4599.html\" target=\"_blank\" rel=\"noopener\">El Mundo<\/a>. O mesmo fato, diversas perspectivas diferentes. A internet \u00e9 um para\u00edso de informa\u00e7\u00e3o e por isso mesmo deve ser usado em toda sua plenitude. Uma das melhores formas de navegar no mar de informa\u00e7\u00f5es da rede \u00e9 buscando fatos ou opini\u00f5es contr\u00e1rias ao senso comum. Neste mesmo exemplo da pris\u00e3o do Lula, vamos encontrar manifesta\u00e7\u00f5es em apoio ao ex-presidente, <a href=\"http:\/\/politica.estadao.com.br\/noticias\/geral,evo-morales-e-liderancas-politicas-do-brasil-enviam-mensagem-de-apoio-a-lula,70002259154\" target=\"_blank\" rel=\"noopener\">Evo Morales<\/a>, <a href=\"http:\/\/www1.folha.uol.com.br\/poder\/2017\/12\/1944630-chico-buarque-endossa-manifesto-em-apoio-a-lula.shtml\" target=\"_blank\" rel=\"noopener\">Chico Buarque<\/a> ou <a href=\"http:\/\/gente.ig.com.br\/fofocas-famosos\/2018-01-24\/artistas-apoiam-lula.html\" target=\"_blank\" rel=\"noopener\">Herson Capri<\/a>.<\/p>\n<p>Desta forma, voc\u00ea pode desenvolver um olhar isento sobre as coisas que acontecem, trazendo novas perspectivas, novos \u00e2ngulos e consequentemente ideias diferentes das demais pessoas. No m\u00e9dio e longo prazo, se voc\u00ea repetir este comportamento em outros contextos, como no trabalho, e de forma mais consistente, voc\u00ea ver\u00e1 que come\u00e7ar\u00e1 a perceber coisas que os outros n\u00e3o percebem, come\u00e7ar\u00e1 a ver coisas que os outros n\u00e3o veem, vai desenvolver um modelo mental de pensamento diferente dos demais e assim come\u00e7ar\u00e1 a ter ideias diferentes sobre qualquer assunto, um recurso fundamental para a encontrar solu\u00e7\u00f5es criativas, insights inspiradores, mais momentos \u2018Ah\u00e1!!!\u2019.<\/p>\n","protected":false},"excerpt":{"rendered":"<p>Quantas contas nas redes sociais voc\u00ea tem e opera regularmente? No m\u00ednimo o Facebook, o Linkedin para fins profissionais, o Instagram e Twitter, o Whatsapp com os amigos e provavelmente o Snapchat e o Instagram, certo? At\u00e9 que ponto voc\u00ea acredita em tudo o que as m\u00eddias trazem de not\u00edcias? Veja dois fatos que aconteceram [&hellip;]<\/p>\n","protected":false},"author":3,"featured_media":327,"comment_status":"open","ping_status":"open","sticky":false,"template":"","format":"standard","meta":{"tdm_status":"","tdm_grid_status":"","footnotes":""},"categories":[12,22],"tags":[27,101,102,25],"class_list":["post-326","post","type-post","status-publish","format-standard","has-post-thumbnail","hentry","category-artigos","category-marcoshashimoto","tag-empreendedorismo","tag-informacoes","tag-midias-sociais","tag-redes-sociais"],"yoast_head":"<!-- This site is optimized with the Yoast SEO plugin v27.5 - https:\/\/yoast.com\/product\/yoast-seo-wordpress\/ -->\n<title>Como o excesso de informa\u00e7\u00e3o est\u00e1 matando sua capacidade criativa - CidadeMarketing<\/title>\n<meta name=\"robots\" content=\"index, follow, max-snippet:-1, max-image-preview:large, max-video-preview:-1\" \/>\n<link rel=\"canonical\" href=\"https:\/\/www.cidademarketing.com.br\/marketing\/2018\/06\/29\/como-o-excesso-de-informacao-esta-matando-sua-capacidade-criativa\/\" \/>\n<meta property=\"og:locale\" content=\"pt_BR\" \/>\n<meta property=\"og:type\" content=\"article\" \/>\n<meta property=\"og:title\" content=\"Como o excesso de informa\u00e7\u00e3o est\u00e1 matando sua capacidade criativa - CidadeMarketing\" \/>\n<meta property=\"og:description\" content=\"Quantas contas nas redes sociais voc\u00ea tem e opera regularmente? No m\u00ednimo o Facebook, o Linkedin para fins profissionais, o Instagram e Twitter, o Whatsapp com os amigos e provavelmente o Snapchat e o Instagram, certo? At\u00e9 que ponto voc\u00ea acredita em tudo o que as m\u00eddias trazem de not\u00edcias? Veja dois fatos que aconteceram [&hellip;]\" \/>\n<meta property=\"og:url\" content=\"https:\/\/www.cidademarketing.com.br\/marketing\/2018\/06\/29\/como-o-excesso-de-informacao-esta-matando-sua-capacidade-criativa\/\" \/>\n<meta property=\"og:site_name\" content=\"CidadeMarketing\" \/>\n<meta property=\"article:publisher\" content=\"https:\/\/www.facebook.com\/portalcidademarketing\" \/>\n<meta property=\"article:published_time\" content=\"2018-06-29T19:47:09+00:00\" \/>\n<meta property=\"article:modified_time\" content=\"2018-07-19T03:12:39+00:00\" \/>\n<meta property=\"og:image\" content=\"https:\/\/www.cidademarketing.com.br\/marketing\/wp-content\/uploads\/2018\/06\/redessociais.jpg\" \/>\n\t<meta property=\"og:image:width\" content=\"627\" \/>\n\t<meta property=\"og:image:height\" content=\"458\" \/>\n\t<meta property=\"og:image:type\" content=\"image\/jpeg\" \/>\n<meta name=\"author\" content=\"Marcos Hashimoto\" \/>\n<meta name=\"twitter:card\" content=\"summary_large_image\" \/>\n<meta name=\"twitter:creator\" content=\"@https:\/\/twitter.com\/mhashimo\" \/>\n<meta name=\"twitter:site\" content=\"@CidadeMarketing\" \/>\n<meta name=\"twitter:label1\" content=\"Escrito por\" \/>\n\t<meta name=\"twitter:data1\" content=\"Marcos Hashimoto\" \/>\n\t<meta name=\"twitter:label2\" content=\"Est. tempo de leitura\" \/>\n\t<meta name=\"twitter:data2\" content=\"6 minutos\" \/>\n<script type=\"application\/ld+json\" class=\"yoast-schema-graph\">{\"@context\":\"https:\\\/\\\/schema.org\",\"@graph\":[{\"@type\":\"Article\",\"@id\":\"https:\\\/\\\/www.cidademarketing.com.br\\\/marketing\\\/2018\\\/06\\\/29\\\/como-o-excesso-de-informacao-esta-matando-sua-capacidade-criativa\\\/#article\",\"isPartOf\":{\"@id\":\"https:\\\/\\\/www.cidademarketing.com.br\\\/marketing\\\/2018\\\/06\\\/29\\\/como-o-excesso-de-informacao-esta-matando-sua-capacidade-criativa\\\/\"},\"author\":{\"name\":\"Marcos Hashimoto\",\"@id\":\"https:\\\/\\\/www.cidademarketing.com.br\\\/marketing\\\/#\\\/schema\\\/person\\\/3044ebdd904e94716154ebfa24f315af\"},\"headline\":\"Como o excesso de informa\u00e7\u00e3o est\u00e1 matando sua capacidade criativa\",\"datePublished\":\"2018-06-29T19:47:09+00:00\",\"dateModified\":\"2018-07-19T03:12:39+00:00\",\"mainEntityOfPage\":{\"@id\":\"https:\\\/\\\/www.cidademarketing.com.br\\\/marketing\\\/2018\\\/06\\\/29\\\/como-o-excesso-de-informacao-esta-matando-sua-capacidade-criativa\\\/\"},\"wordCount\":1285,\"commentCount\":1,\"publisher\":{\"@id\":\"https:\\\/\\\/www.cidademarketing.com.br\\\/marketing\\\/#organization\"},\"image\":{\"@id\":\"https:\\\/\\\/www.cidademarketing.com.br\\\/marketing\\\/2018\\\/06\\\/29\\\/como-o-excesso-de-informacao-esta-matando-sua-capacidade-criativa\\\/#primaryimage\"},\"thumbnailUrl\":\"https:\\\/\\\/www.cidademarketing.com.br\\\/marketing\\\/wp-content\\\/uploads\\\/2018\\\/06\\\/redessociais.jpg\",\"keywords\":[\"empreendedorismo\",\"informa\u00e7\u00f5es\",\"m\u00eddias sociais\",\"redes sociais\"],\"articleSection\":[\"Artigos\",\"Marcos Hashimoto\"],\"inLanguage\":\"pt-BR\",\"potentialAction\":[{\"@type\":\"CommentAction\",\"name\":\"Comment\",\"target\":[\"https:\\\/\\\/www.cidademarketing.com.br\\\/marketing\\\/2018\\\/06\\\/29\\\/como-o-excesso-de-informacao-esta-matando-sua-capacidade-criativa\\\/#respond\"]}]},{\"@type\":\"WebPage\",\"@id\":\"https:\\\/\\\/www.cidademarketing.com.br\\\/marketing\\\/2018\\\/06\\\/29\\\/como-o-excesso-de-informacao-esta-matando-sua-capacidade-criativa\\\/\",\"url\":\"https:\\\/\\\/www.cidademarketing.com.br\\\/marketing\\\/2018\\\/06\\\/29\\\/como-o-excesso-de-informacao-esta-matando-sua-capacidade-criativa\\\/\",\"name\":\"Como o excesso de informa\u00e7\u00e3o est\u00e1 matando sua capacidade criativa - CidadeMarketing\",\"isPartOf\":{\"@id\":\"https:\\\/\\\/www.cidademarketing.com.br\\\/marketing\\\/#website\"},\"primaryImageOfPage\":{\"@id\":\"https:\\\/\\\/www.cidademarketing.com.br\\\/marketing\\\/2018\\\/06\\\/29\\\/como-o-excesso-de-informacao-esta-matando-sua-capacidade-criativa\\\/#primaryimage\"},\"image\":{\"@id\":\"https:\\\/\\\/www.cidademarketing.com.br\\\/marketing\\\/2018\\\/06\\\/29\\\/como-o-excesso-de-informacao-esta-matando-sua-capacidade-criativa\\\/#primaryimage\"},\"thumbnailUrl\":\"https:\\\/\\\/www.cidademarketing.com.br\\\/marketing\\\/wp-content\\\/uploads\\\/2018\\\/06\\\/redessociais.jpg\",\"datePublished\":\"2018-06-29T19:47:09+00:00\",\"dateModified\":\"2018-07-19T03:12:39+00:00\",\"breadcrumb\":{\"@id\":\"https:\\\/\\\/www.cidademarketing.com.br\\\/marketing\\\/2018\\\/06\\\/29\\\/como-o-excesso-de-informacao-esta-matando-sua-capacidade-criativa\\\/#breadcrumb\"},\"inLanguage\":\"pt-BR\",\"potentialAction\":[{\"@type\":\"ReadAction\",\"target\":[\"https:\\\/\\\/www.cidademarketing.com.br\\\/marketing\\\/2018\\\/06\\\/29\\\/como-o-excesso-de-informacao-esta-matando-sua-capacidade-criativa\\\/\"]}]},{\"@type\":\"ImageObject\",\"inLanguage\":\"pt-BR\",\"@id\":\"https:\\\/\\\/www.cidademarketing.com.br\\\/marketing\\\/2018\\\/06\\\/29\\\/como-o-excesso-de-informacao-esta-matando-sua-capacidade-criativa\\\/#primaryimage\",\"url\":\"https:\\\/\\\/www.cidademarketing.com.br\\\/marketing\\\/wp-content\\\/uploads\\\/2018\\\/06\\\/redessociais.jpg\",\"contentUrl\":\"https:\\\/\\\/www.cidademarketing.com.br\\\/marketing\\\/wp-content\\\/uploads\\\/2018\\\/06\\\/redessociais.jpg\",\"width\":627,\"height\":458},{\"@type\":\"BreadcrumbList\",\"@id\":\"https:\\\/\\\/www.cidademarketing.com.br\\\/marketing\\\/2018\\\/06\\\/29\\\/como-o-excesso-de-informacao-esta-matando-sua-capacidade-criativa\\\/#breadcrumb\",\"itemListElement\":[{\"@type\":\"ListItem\",\"position\":1,\"name\":\"In\u00edcio\",\"item\":\"https:\\\/\\\/www.cidademarketing.com.br\\\/marketing\\\/\"},{\"@type\":\"ListItem\",\"position\":2,\"name\":\"Como o excesso de informa\u00e7\u00e3o est\u00e1 matando sua capacidade criativa\"}]},{\"@type\":\"WebSite\",\"@id\":\"https:\\\/\\\/www.cidademarketing.com.br\\\/marketing\\\/#website\",\"url\":\"https:\\\/\\\/www.cidademarketing.com.br\\\/marketing\\\/\",\"name\":\"CidadeMarketing\",\"description\":\"Somos um ve\u00edculo de comunica\u00e7\u00e3o de destaque no Brasil, reconhecido por conte\u00fados nos segmentos de marketing, empreendedorismo e inova\u00e7\u00e3o.\",\"publisher\":{\"@id\":\"https:\\\/\\\/www.cidademarketing.com.br\\\/marketing\\\/#organization\"},\"alternateName\":\"CidadeMarketing\",\"potentialAction\":[{\"@type\":\"SearchAction\",\"target\":{\"@type\":\"EntryPoint\",\"urlTemplate\":\"https:\\\/\\\/www.cidademarketing.com.br\\\/marketing\\\/?s={search_term_string}\"},\"query-input\":{\"@type\":\"PropertyValueSpecification\",\"valueRequired\":true,\"valueName\":\"search_term_string\"}}],\"inLanguage\":\"pt-BR\"},{\"@type\":\"Organization\",\"@id\":\"https:\\\/\\\/www.cidademarketing.com.br\\\/marketing\\\/#organization\",\"name\":\"CidadeMarketing\",\"alternateName\":\"CidadeMarketing\",\"url\":\"https:\\\/\\\/www.cidademarketing.com.br\\\/marketing\\\/\",\"logo\":{\"@type\":\"ImageObject\",\"inLanguage\":\"pt-BR\",\"@id\":\"https:\\\/\\\/www.cidademarketing.com.br\\\/marketing\\\/#\\\/schema\\\/logo\\\/image\\\/\",\"url\":\"https:\\\/\\\/www.cidademarketing.com.br\\\/marketing\\\/wp-content\\\/uploads\\\/2020\\\/01\\\/cidademarketing_marca_mobile.png\",\"contentUrl\":\"https:\\\/\\\/www.cidademarketing.com.br\\\/marketing\\\/wp-content\\\/uploads\\\/2020\\\/01\\\/cidademarketing_marca_mobile.png\",\"width\":230,\"height\":92,\"caption\":\"CidadeMarketing\"},\"image\":{\"@id\":\"https:\\\/\\\/www.cidademarketing.com.br\\\/marketing\\\/#\\\/schema\\\/logo\\\/image\\\/\"},\"sameAs\":[\"https:\\\/\\\/www.facebook.com\\\/portalcidademarketing\",\"https:\\\/\\\/x.com\\\/CidadeMarketing\",\"https:\\\/\\\/www.instagram.com\\\/cidademarketing\\\/\"]},{\"@type\":\"Person\",\"@id\":\"https:\\\/\\\/www.cidademarketing.com.br\\\/marketing\\\/#\\\/schema\\\/person\\\/3044ebdd904e94716154ebfa24f315af\",\"name\":\"Marcos Hashimoto\",\"image\":{\"@type\":\"ImageObject\",\"inLanguage\":\"pt-BR\",\"@id\":\"https:\\\/\\\/secure.gravatar.com\\\/avatar\\\/4a74c704d9d8685d70b01b21233611ffd5f911c99e13a8a81d153ec2a0ee6714?s=96&d=mm&r=g\",\"url\":\"https:\\\/\\\/secure.gravatar.com\\\/avatar\\\/4a74c704d9d8685d70b01b21233611ffd5f911c99e13a8a81d153ec2a0ee6714?s=96&d=mm&r=g\",\"contentUrl\":\"https:\\\/\\\/secure.gravatar.com\\\/avatar\\\/4a74c704d9d8685d70b01b21233611ffd5f911c99e13a8a81d153ec2a0ee6714?s=96&d=mm&r=g\",\"caption\":\"Marcos Hashimoto\"},\"description\":\"Professor de Empreendedorismo da Universidade de Indianapolis e co-fundador da Polifonia, escola de Protagonismo Criativo de S\u00e3o Paulo. Consultor e palestrante. Exerceu cargos executivos em multinacionais como Citibank e Cargill Agr\u00edcola. Autor dos livros - Esp\u00edrito Empreendedor nas Organiza\u00e7\u00f5es e Li\u00e7\u00f5es de Empreendedorismo. Autor do software de plano de Neg\u00f3cios SP Plan. Professor visitante da Universidade do Texas em San Antonio e professor mentor do programa REE Fellows da Universidade de Stanford\",\"sameAs\":[\"https:\\\/\\\/www.linkedin.com\\\/in\\\/marcoshashimoto\\\/?locale=pt_BR\",\"https:\\\/\\\/x.com\\\/https:\\\/\\\/twitter.com\\\/mhashimo\"],\"url\":\"https:\\\/\\\/www.cidademarketing.com.br\\\/marketing\\\/author\\\/marcos-hashimoto\\\/\"}]}<\/script>\n<!-- \/ Yoast SEO plugin. -->","yoast_head_json":{"title":"Como o excesso de informa\u00e7\u00e3o est\u00e1 matando sua capacidade criativa - CidadeMarketing","robots":{"index":"index","follow":"follow","max-snippet":"max-snippet:-1","max-image-preview":"max-image-preview:large","max-video-preview":"max-video-preview:-1"},"canonical":"https:\/\/www.cidademarketing.com.br\/marketing\/2018\/06\/29\/como-o-excesso-de-informacao-esta-matando-sua-capacidade-criativa\/","og_locale":"pt_BR","og_type":"article","og_title":"Como o excesso de informa\u00e7\u00e3o est\u00e1 matando sua capacidade criativa - CidadeMarketing","og_description":"Quantas contas nas redes sociais voc\u00ea tem e opera regularmente? No m\u00ednimo o Facebook, o Linkedin para fins profissionais, o Instagram e Twitter, o Whatsapp com os amigos e provavelmente o Snapchat e o Instagram, certo? At\u00e9 que ponto voc\u00ea acredita em tudo o que as m\u00eddias trazem de not\u00edcias? Veja dois fatos que aconteceram [&hellip;]","og_url":"https:\/\/www.cidademarketing.com.br\/marketing\/2018\/06\/29\/como-o-excesso-de-informacao-esta-matando-sua-capacidade-criativa\/","og_site_name":"CidadeMarketing","article_publisher":"https:\/\/www.facebook.com\/portalcidademarketing","article_published_time":"2018-06-29T19:47:09+00:00","article_modified_time":"2018-07-19T03:12:39+00:00","og_image":[{"width":627,"height":458,"url":"https:\/\/www.cidademarketing.com.br\/marketing\/wp-content\/uploads\/2018\/06\/redessociais.jpg","type":"image\/jpeg"}],"author":"Marcos Hashimoto","twitter_card":"summary_large_image","twitter_creator":"@https:\/\/twitter.com\/mhashimo","twitter_site":"@CidadeMarketing","twitter_misc":{"Escrito por":"Marcos Hashimoto","Est. tempo de leitura":"6 minutos"},"schema":{"@context":"https:\/\/schema.org","@graph":[{"@type":"Article","@id":"https:\/\/www.cidademarketing.com.br\/marketing\/2018\/06\/29\/como-o-excesso-de-informacao-esta-matando-sua-capacidade-criativa\/#article","isPartOf":{"@id":"https:\/\/www.cidademarketing.com.br\/marketing\/2018\/06\/29\/como-o-excesso-de-informacao-esta-matando-sua-capacidade-criativa\/"},"author":{"name":"Marcos Hashimoto","@id":"https:\/\/www.cidademarketing.com.br\/marketing\/#\/schema\/person\/3044ebdd904e94716154ebfa24f315af"},"headline":"Como o excesso de informa\u00e7\u00e3o est\u00e1 matando sua capacidade criativa","datePublished":"2018-06-29T19:47:09+00:00","dateModified":"2018-07-19T03:12:39+00:00","mainEntityOfPage":{"@id":"https:\/\/www.cidademarketing.com.br\/marketing\/2018\/06\/29\/como-o-excesso-de-informacao-esta-matando-sua-capacidade-criativa\/"},"wordCount":1285,"commentCount":1,"publisher":{"@id":"https:\/\/www.cidademarketing.com.br\/marketing\/#organization"},"image":{"@id":"https:\/\/www.cidademarketing.com.br\/marketing\/2018\/06\/29\/como-o-excesso-de-informacao-esta-matando-sua-capacidade-criativa\/#primaryimage"},"thumbnailUrl":"https:\/\/www.cidademarketing.com.br\/marketing\/wp-content\/uploads\/2018\/06\/redessociais.jpg","keywords":["empreendedorismo","informa\u00e7\u00f5es","m\u00eddias sociais","redes sociais"],"articleSection":["Artigos","Marcos Hashimoto"],"inLanguage":"pt-BR","potentialAction":[{"@type":"CommentAction","name":"Comment","target":["https:\/\/www.cidademarketing.com.br\/marketing\/2018\/06\/29\/como-o-excesso-de-informacao-esta-matando-sua-capacidade-criativa\/#respond"]}]},{"@type":"WebPage","@id":"https:\/\/www.cidademarketing.com.br\/marketing\/2018\/06\/29\/como-o-excesso-de-informacao-esta-matando-sua-capacidade-criativa\/","url":"https:\/\/www.cidademarketing.com.br\/marketing\/2018\/06\/29\/como-o-excesso-de-informacao-esta-matando-sua-capacidade-criativa\/","name":"Como o excesso de informa\u00e7\u00e3o est\u00e1 matando sua capacidade criativa - CidadeMarketing","isPartOf":{"@id":"https:\/\/www.cidademarketing.com.br\/marketing\/#website"},"primaryImageOfPage":{"@id":"https:\/\/www.cidademarketing.com.br\/marketing\/2018\/06\/29\/como-o-excesso-de-informacao-esta-matando-sua-capacidade-criativa\/#primaryimage"},"image":{"@id":"https:\/\/www.cidademarketing.com.br\/marketing\/2018\/06\/29\/como-o-excesso-de-informacao-esta-matando-sua-capacidade-criativa\/#primaryimage"},"thumbnailUrl":"https:\/\/www.cidademarketing.com.br\/marketing\/wp-content\/uploads\/2018\/06\/redessociais.jpg","datePublished":"2018-06-29T19:47:09+00:00","dateModified":"2018-07-19T03:12:39+00:00","breadcrumb":{"@id":"https:\/\/www.cidademarketing.com.br\/marketing\/2018\/06\/29\/como-o-excesso-de-informacao-esta-matando-sua-capacidade-criativa\/#breadcrumb"},"inLanguage":"pt-BR","potentialAction":[{"@type":"ReadAction","target":["https:\/\/www.cidademarketing.com.br\/marketing\/2018\/06\/29\/como-o-excesso-de-informacao-esta-matando-sua-capacidade-criativa\/"]}]},{"@type":"ImageObject","inLanguage":"pt-BR","@id":"https:\/\/www.cidademarketing.com.br\/marketing\/2018\/06\/29\/como-o-excesso-de-informacao-esta-matando-sua-capacidade-criativa\/#primaryimage","url":"https:\/\/www.cidademarketing.com.br\/marketing\/wp-content\/uploads\/2018\/06\/redessociais.jpg","contentUrl":"https:\/\/www.cidademarketing.com.br\/marketing\/wp-content\/uploads\/2018\/06\/redessociais.jpg","width":627,"height":458},{"@type":"BreadcrumbList","@id":"https:\/\/www.cidademarketing.com.br\/marketing\/2018\/06\/29\/como-o-excesso-de-informacao-esta-matando-sua-capacidade-criativa\/#breadcrumb","itemListElement":[{"@type":"ListItem","position":1,"name":"In\u00edcio","item":"https:\/\/www.cidademarketing.com.br\/marketing\/"},{"@type":"ListItem","position":2,"name":"Como o excesso de informa\u00e7\u00e3o est\u00e1 matando sua capacidade criativa"}]},{"@type":"WebSite","@id":"https:\/\/www.cidademarketing.com.br\/marketing\/#website","url":"https:\/\/www.cidademarketing.com.br\/marketing\/","name":"CidadeMarketing","description":"Somos um ve\u00edculo de comunica\u00e7\u00e3o de destaque no Brasil, reconhecido por conte\u00fados nos segmentos de marketing, empreendedorismo e inova\u00e7\u00e3o.","publisher":{"@id":"https:\/\/www.cidademarketing.com.br\/marketing\/#organization"},"alternateName":"CidadeMarketing","potentialAction":[{"@type":"SearchAction","target":{"@type":"EntryPoint","urlTemplate":"https:\/\/www.cidademarketing.com.br\/marketing\/?s={search_term_string}"},"query-input":{"@type":"PropertyValueSpecification","valueRequired":true,"valueName":"search_term_string"}}],"inLanguage":"pt-BR"},{"@type":"Organization","@id":"https:\/\/www.cidademarketing.com.br\/marketing\/#organization","name":"CidadeMarketing","alternateName":"CidadeMarketing","url":"https:\/\/www.cidademarketing.com.br\/marketing\/","logo":{"@type":"ImageObject","inLanguage":"pt-BR","@id":"https:\/\/www.cidademarketing.com.br\/marketing\/#\/schema\/logo\/image\/","url":"https:\/\/www.cidademarketing.com.br\/marketing\/wp-content\/uploads\/2020\/01\/cidademarketing_marca_mobile.png","contentUrl":"https:\/\/www.cidademarketing.com.br\/marketing\/wp-content\/uploads\/2020\/01\/cidademarketing_marca_mobile.png","width":230,"height":92,"caption":"CidadeMarketing"},"image":{"@id":"https:\/\/www.cidademarketing.com.br\/marketing\/#\/schema\/logo\/image\/"},"sameAs":["https:\/\/www.facebook.com\/portalcidademarketing","https:\/\/x.com\/CidadeMarketing","https:\/\/www.instagram.com\/cidademarketing\/"]},{"@type":"Person","@id":"https:\/\/www.cidademarketing.com.br\/marketing\/#\/schema\/person\/3044ebdd904e94716154ebfa24f315af","name":"Marcos Hashimoto","image":{"@type":"ImageObject","inLanguage":"pt-BR","@id":"https:\/\/secure.gravatar.com\/avatar\/4a74c704d9d8685d70b01b21233611ffd5f911c99e13a8a81d153ec2a0ee6714?s=96&d=mm&r=g","url":"https:\/\/secure.gravatar.com\/avatar\/4a74c704d9d8685d70b01b21233611ffd5f911c99e13a8a81d153ec2a0ee6714?s=96&d=mm&r=g","contentUrl":"https:\/\/secure.gravatar.com\/avatar\/4a74c704d9d8685d70b01b21233611ffd5f911c99e13a8a81d153ec2a0ee6714?s=96&d=mm&r=g","caption":"Marcos Hashimoto"},"description":"Professor de Empreendedorismo da Universidade de Indianapolis e co-fundador da Polifonia, escola de Protagonismo Criativo de S\u00e3o Paulo. Consultor e palestrante. Exerceu cargos executivos em multinacionais como Citibank e Cargill Agr\u00edcola. Autor dos livros - Esp\u00edrito Empreendedor nas Organiza\u00e7\u00f5es e Li\u00e7\u00f5es de Empreendedorismo. Autor do software de plano de Neg\u00f3cios SP Plan. Professor visitante da Universidade do Texas em San Antonio e professor mentor do programa REE Fellows da Universidade de Stanford","sameAs":["https:\/\/www.linkedin.com\/in\/marcoshashimoto\/?locale=pt_BR","https:\/\/x.com\/https:\/\/twitter.com\/mhashimo"],"url":"https:\/\/www.cidademarketing.com.br\/marketing\/author\/marcos-hashimoto\/"}]}},"amp_enabled":true,"_links":{"self":[{"href":"https:\/\/www.cidademarketing.com.br\/marketing\/wp-json\/wp\/v2\/posts\/326","targetHints":{"allow":["GET"]}}],"collection":[{"href":"https:\/\/www.cidademarketing.com.br\/marketing\/wp-json\/wp\/v2\/posts"}],"about":[{"href":"https:\/\/www.cidademarketing.com.br\/marketing\/wp-json\/wp\/v2\/types\/post"}],"author":[{"embeddable":true,"href":"https:\/\/www.cidademarketing.com.br\/marketing\/wp-json\/wp\/v2\/users\/3"}],"replies":[{"embeddable":true,"href":"https:\/\/www.cidademarketing.com.br\/marketing\/wp-json\/wp\/v2\/comments?post=326"}],"version-history":[{"count":1,"href":"https:\/\/www.cidademarketing.com.br\/marketing\/wp-json\/wp\/v2\/posts\/326\/revisions"}],"predecessor-version":[{"id":328,"href":"https:\/\/www.cidademarketing.com.br\/marketing\/wp-json\/wp\/v2\/posts\/326\/revisions\/328"}],"wp:featuredmedia":[{"embeddable":true,"href":"https:\/\/www.cidademarketing.com.br\/marketing\/wp-json\/wp\/v2\/media\/327"}],"wp:attachment":[{"href":"https:\/\/www.cidademarketing.com.br\/marketing\/wp-json\/wp\/v2\/media?parent=326"}],"wp:term":[{"taxonomy":"category","embeddable":true,"href":"https:\/\/www.cidademarketing.com.br\/marketing\/wp-json\/wp\/v2\/categories?post=326"},{"taxonomy":"post_tag","embeddable":true,"href":"https:\/\/www.cidademarketing.com.br\/marketing\/wp-json\/wp\/v2\/tags?post=326"}],"curies":[{"name":"wp","href":"https:\/\/api.w.org\/{rel}","templated":true}]}}