{"id":32591,"date":"2021-11-30T20:07:34","date_gmt":"2021-11-30T23:07:34","guid":{"rendered":"https:\/\/www.cidademarketing.com.br\/marketing\/?p=32591"},"modified":"2021-11-30T20:07:34","modified_gmt":"2021-11-30T23:07:34","slug":"anvisa-identificou-dois-casos-da-variante-omicron-no-brasil","status":"publish","type":"post","link":"https:\/\/www.cidademarketing.com.br\/marketing\/2021\/11\/30\/anvisa-identificou-dois-casos-da-variante-omicron-no-brasil\/","title":{"rendered":"Anvisa identificou dois casos da variante \u00d4micron no Brasil"},"content":{"rendered":"<p><iframe src=\"https:\/\/open.spotify.com\/embed\/show\/4khMKzP3FgFRWVwb73xicc\" width=\"100%\" height=\"232\" frameborder=\"0\"><\/iframe><br \/>\nA Ag\u00eancia Nacional de Vigil\u00e2ncia Sanit\u00e1ria (Anvisa) informou na tarde desta ter\u00e7a-feira (30) que ser\u00e3o enviadas para an\u00e1lise laboratorial as amostras de dois brasileiros que, em an\u00e1lise preliminar, apresentaram resultado positivo para a variante \u00d4micron do novo coronav\u00edrus. A testagem foi realizada pelo laborat\u00f3rio Albert Einstein.<img decoding=\"async\" src=\"https:\/\/agenciabrasil.ebc.com.br\/ebc.png?id=1429762&amp;o=node\" \/><img decoding=\"async\" src=\"https:\/\/agenciabrasil.ebc.com.br\/ebc.gif?id=1429762&amp;o=node\" \/><\/p>\n<p>O caso positivo investigado \u00e9 de um passageiro vindo da \u00c1frica do Sul e que desembarcou no aeroporto internacional em Guarulhos, S\u00e3o Paulo, no dia 23. O passageiro portava\u00a0 resultado de RT-PCR negativo e ia voltar para o pa\u00eds africano no dia 25 e ia fazer novo teste, acompanhado de sua mulher, para poder embarcar. Nesse novo teste os dois testaram positivo para a covid-19 e foi feita a comunica\u00e7\u00e3o ao Centro de Informa\u00e7\u00f5es Estrat\u00e9gicas em Vigil\u00e2ncia em Sa\u00fade (CIEVS) de S\u00e3o Paulo.<\/p>\n<p>O laborat\u00f3rio Albert Einstein fez o sequenciamento gen\u00e9tico das amostras e notificou a Anvisa sobre os resultados positivos e informou hoje que tratava-se da nova variante.<\/p>\n<p>\u201cDiante da identifica\u00e7\u00e3o e testagem com resultado positivo para Covid-19, a Rede CIEVS, ligada ao Minist\u00e9rio da Sa\u00fade, deve monitorar casos de acordo com o sistema de vigil\u00e2ncia vigente no Brasil, para avalia\u00e7\u00e3o das condi\u00e7\u00f5es de sa\u00fade e direcionamento dos indiv\u00edduos aos servi\u00e7os de aten\u00e7\u00e3o \u00e0 sa\u00fade, bem como para ado\u00e7\u00e3o das medidas de preven\u00e7\u00e3o e controle da covid-19\u201d, destacou a Anvisa em nota.<\/p>\n<p>A entrada do passageiro no pa\u00eds foi anterior \u00e0 edi\u00e7\u00e3o da\u00a0portaria Interministerial\u00a0que proibiu, em car\u00e1ter tempor\u00e1rio, voos com destino ao Brasil que tenham origem ou passagem pela \u00c1frica do Sul.<\/p>\n<h2>Vacina\u00e7\u00e3o<\/h2>\n<p>Ontem, o ministro da Sa\u00fade, Marcelo Queiroga, disse que a principal resposta contra a variante \u00d4micron \u00e9 a vacina\u00e7\u00e3o. \u201cEsse contrato assinado com a farmac\u00eautica Pfizer \u00e9 a prova cabal da programa\u00e7\u00e3o do Minist\u00e9rio da Sa\u00fade para enfrentar n\u00e3o s\u00f3 essa variante \u00d4micron como as outras que j\u00e1 criaram tanto problema para n\u00f3s\u201d, completou.<\/p>\n<p>Ele afirmou que o cuidado da vigil\u00e2ncia em sa\u00fade no pa\u00eds permanece o mesmo adotado desde o come\u00e7o da pandemia. \u201c\u00c9 uma variante de preocupa\u00e7\u00e3o, mas n\u00e3o \u00e9 uma variante de desespero porque temos um sistema de sa\u00fade capaz de nos dar as respostas no caso de uma variante dessa ter uma letalidade um pouco maior. Ningu\u00e9m sabe ainda\u201d.<\/p>\n<p>CidadeMarketing com informa\u00e7\u00f5es da <a href=\"https:\/\/agenciabrasil.ebc.com.br\/saude\/noticia\/2021-11\/covid-19-dois-casos-da-variante-omicron-sao-identificados-no-brasil\" target=\"_blank\" rel=\"noopener\">Ag\u00eancia Brasil<\/a>.<\/p>\n<p><iframe style=\"width: 100%; max-width: 660px; overflow: hidden; background: transparent;\" src=\"https:\/\/embed.podcasts.apple.com\/br\/podcast\/podcast-cidademarketing\/id1371923283\" height=\"450\" frameborder=\"0\" sandbox=\"allow-forms allow-popups allow-same-origin allow-scripts allow-storage-access-by-user-activation allow-top-navigation-by-user-activation\"><\/iframe><\/p>\n","protected":false},"excerpt":{"rendered":"<p>A Ag\u00eancia Nacional de Vigil\u00e2ncia Sanit\u00e1ria (Anvisa) informou na tarde desta ter\u00e7a-feira (30) que ser\u00e3o enviadas para an\u00e1lise laboratorial as amostras de dois brasileiros que, em an\u00e1lise preliminar, apresentaram resultado positivo para a variante \u00d4micron do novo coronav\u00edrus. A testagem foi realizada pelo laborat\u00f3rio Albert Einstein. O caso positivo investigado \u00e9 de um passageiro vindo [&hellip;]<\/p>\n","protected":false},"author":1,"featured_media":15242,"comment_status":"open","ping_status":"open","sticky":false,"template":"","format":"standard","meta":{"tdm_status":"","tdm_grid_status":"","footnotes":""},"categories":[6],"tags":[158,147,2864,33,28,5023],"class_list":["post-32591","post","type-post","status-publish","format-standard","has-post-thumbnail","hentry","category-noticias","tag-anvisa","tag-brasil","tag-covid-19","tag-estrategia","tag-marketing","tag-omicron"],"yoast_head":"<!-- This site is optimized with the Yoast SEO plugin v27.5 - https:\/\/yoast.com\/product\/yoast-seo-wordpress\/ -->\n<title>Anvisa identificou dois casos da variante \u00d4micron no Brasil - CidadeMarketing<\/title>\n<meta name=\"robots\" content=\"index, follow, max-snippet:-1, max-image-preview:large, max-video-preview:-1\" \/>\n<link rel=\"canonical\" href=\"https:\/\/www.cidademarketing.com.br\/marketing\/2021\/11\/30\/anvisa-identificou-dois-casos-da-variante-omicron-no-brasil\/\" \/>\n<meta property=\"og:locale\" content=\"pt_BR\" \/>\n<meta property=\"og:type\" content=\"article\" \/>\n<meta property=\"og:title\" content=\"Anvisa identificou dois casos da variante \u00d4micron no Brasil - CidadeMarketing\" \/>\n<meta property=\"og:description\" content=\"A Ag\u00eancia Nacional de Vigil\u00e2ncia Sanit\u00e1ria (Anvisa) informou na tarde desta ter\u00e7a-feira (30) que ser\u00e3o enviadas para an\u00e1lise laboratorial as amostras de dois brasileiros que, em an\u00e1lise preliminar, apresentaram resultado positivo para a variante \u00d4micron do novo coronav\u00edrus. A testagem foi realizada pelo laborat\u00f3rio Albert Einstein. O caso positivo investigado \u00e9 de um passageiro vindo [&hellip;]\" \/>\n<meta property=\"og:url\" content=\"https:\/\/www.cidademarketing.com.br\/marketing\/2021\/11\/30\/anvisa-identificou-dois-casos-da-variante-omicron-no-brasil\/\" \/>\n<meta property=\"og:site_name\" content=\"CidadeMarketing\" \/>\n<meta property=\"article:publisher\" content=\"https:\/\/www.facebook.com\/portalcidademarketing\" \/>\n<meta property=\"article:author\" content=\"https:\/\/www.facebook.com\/thalesbrandao\" \/>\n<meta property=\"article:published_time\" content=\"2021-11-30T23:07:34+00:00\" \/>\n<meta property=\"og:image\" content=\"https:\/\/www.cidademarketing.com.br\/marketing\/wp-content\/uploads\/2020\/04\/covid19.jpg\" \/>\n\t<meta property=\"og:image:width\" content=\"494\" \/>\n\t<meta property=\"og:image:height\" content=\"327\" \/>\n\t<meta property=\"og:image:type\" content=\"image\/jpeg\" \/>\n<meta name=\"author\" content=\"Thales Brand\u00e3o\" \/>\n<meta name=\"twitter:card\" content=\"summary_large_image\" \/>\n<meta name=\"twitter:creator\" content=\"@http:\/\/www.twitter.com\/thalesbrandao\" \/>\n<meta name=\"twitter:site\" content=\"@CidadeMarketing\" \/>\n<meta name=\"twitter:label1\" content=\"Escrito por\" \/>\n\t<meta name=\"twitter:data1\" content=\"Thales Brand\u00e3o\" \/>\n\t<meta name=\"twitter:label2\" content=\"Est. tempo de leitura\" \/>\n\t<meta name=\"twitter:data2\" content=\"2 minutos\" \/>\n<script type=\"application\/ld+json\" class=\"yoast-schema-graph\">{\"@context\":\"https:\\\/\\\/schema.org\",\"@graph\":[{\"@type\":\"Article\",\"@id\":\"https:\\\/\\\/www.cidademarketing.com.br\\\/marketing\\\/2021\\\/11\\\/30\\\/anvisa-identificou-dois-casos-da-variante-omicron-no-brasil\\\/#article\",\"isPartOf\":{\"@id\":\"https:\\\/\\\/www.cidademarketing.com.br\\\/marketing\\\/2021\\\/11\\\/30\\\/anvisa-identificou-dois-casos-da-variante-omicron-no-brasil\\\/\"},\"author\":{\"name\":\"Thales Brand\u00e3o\",\"@id\":\"https:\\\/\\\/www.cidademarketing.com.br\\\/marketing\\\/#\\\/schema\\\/person\\\/02daff9f18bd9378c9e01eb6b2db155f\"},\"headline\":\"Anvisa identificou dois casos da variante \u00d4micron no Brasil\",\"datePublished\":\"2021-11-30T23:07:34+00:00\",\"mainEntityOfPage\":{\"@id\":\"https:\\\/\\\/www.cidademarketing.com.br\\\/marketing\\\/2021\\\/11\\\/30\\\/anvisa-identificou-dois-casos-da-variante-omicron-no-brasil\\\/\"},\"wordCount\":425,\"commentCount\":0,\"publisher\":{\"@id\":\"https:\\\/\\\/www.cidademarketing.com.br\\\/marketing\\\/#organization\"},\"image\":{\"@id\":\"https:\\\/\\\/www.cidademarketing.com.br\\\/marketing\\\/2021\\\/11\\\/30\\\/anvisa-identificou-dois-casos-da-variante-omicron-no-brasil\\\/#primaryimage\"},\"thumbnailUrl\":\"https:\\\/\\\/www.cidademarketing.com.br\\\/marketing\\\/wp-content\\\/uploads\\\/2020\\\/04\\\/covid19.jpg\",\"keywords\":[\"Anvisa\",\"Brasil\",\"covid-19\",\"estrat\u00e9gia\",\"marketing\",\"\u00d4micron\"],\"articleSection\":[\"Not\u00edcias\"],\"inLanguage\":\"pt-BR\",\"potentialAction\":[{\"@type\":\"CommentAction\",\"name\":\"Comment\",\"target\":[\"https:\\\/\\\/www.cidademarketing.com.br\\\/marketing\\\/2021\\\/11\\\/30\\\/anvisa-identificou-dois-casos-da-variante-omicron-no-brasil\\\/#respond\"]}]},{\"@type\":\"WebPage\",\"@id\":\"https:\\\/\\\/www.cidademarketing.com.br\\\/marketing\\\/2021\\\/11\\\/30\\\/anvisa-identificou-dois-casos-da-variante-omicron-no-brasil\\\/\",\"url\":\"https:\\\/\\\/www.cidademarketing.com.br\\\/marketing\\\/2021\\\/11\\\/30\\\/anvisa-identificou-dois-casos-da-variante-omicron-no-brasil\\\/\",\"name\":\"Anvisa identificou dois casos da variante \u00d4micron no Brasil - CidadeMarketing\",\"isPartOf\":{\"@id\":\"https:\\\/\\\/www.cidademarketing.com.br\\\/marketing\\\/#website\"},\"primaryImageOfPage\":{\"@id\":\"https:\\\/\\\/www.cidademarketing.com.br\\\/marketing\\\/2021\\\/11\\\/30\\\/anvisa-identificou-dois-casos-da-variante-omicron-no-brasil\\\/#primaryimage\"},\"image\":{\"@id\":\"https:\\\/\\\/www.cidademarketing.com.br\\\/marketing\\\/2021\\\/11\\\/30\\\/anvisa-identificou-dois-casos-da-variante-omicron-no-brasil\\\/#primaryimage\"},\"thumbnailUrl\":\"https:\\\/\\\/www.cidademarketing.com.br\\\/marketing\\\/wp-content\\\/uploads\\\/2020\\\/04\\\/covid19.jpg\",\"datePublished\":\"2021-11-30T23:07:34+00:00\",\"breadcrumb\":{\"@id\":\"https:\\\/\\\/www.cidademarketing.com.br\\\/marketing\\\/2021\\\/11\\\/30\\\/anvisa-identificou-dois-casos-da-variante-omicron-no-brasil\\\/#breadcrumb\"},\"inLanguage\":\"pt-BR\",\"potentialAction\":[{\"@type\":\"ReadAction\",\"target\":[\"https:\\\/\\\/www.cidademarketing.com.br\\\/marketing\\\/2021\\\/11\\\/30\\\/anvisa-identificou-dois-casos-da-variante-omicron-no-brasil\\\/\"]}]},{\"@type\":\"ImageObject\",\"inLanguage\":\"pt-BR\",\"@id\":\"https:\\\/\\\/www.cidademarketing.com.br\\\/marketing\\\/2021\\\/11\\\/30\\\/anvisa-identificou-dois-casos-da-variante-omicron-no-brasil\\\/#primaryimage\",\"url\":\"https:\\\/\\\/www.cidademarketing.com.br\\\/marketing\\\/wp-content\\\/uploads\\\/2020\\\/04\\\/covid19.jpg\",\"contentUrl\":\"https:\\\/\\\/www.cidademarketing.com.br\\\/marketing\\\/wp-content\\\/uploads\\\/2020\\\/04\\\/covid19.jpg\",\"width\":494,\"height\":327},{\"@type\":\"BreadcrumbList\",\"@id\":\"https:\\\/\\\/www.cidademarketing.com.br\\\/marketing\\\/2021\\\/11\\\/30\\\/anvisa-identificou-dois-casos-da-variante-omicron-no-brasil\\\/#breadcrumb\",\"itemListElement\":[{\"@type\":\"ListItem\",\"position\":1,\"name\":\"In\u00edcio\",\"item\":\"https:\\\/\\\/www.cidademarketing.com.br\\\/marketing\\\/\"},{\"@type\":\"ListItem\",\"position\":2,\"name\":\"Anvisa identificou dois casos da variante \u00d4micron no Brasil\"}]},{\"@type\":\"WebSite\",\"@id\":\"https:\\\/\\\/www.cidademarketing.com.br\\\/marketing\\\/#website\",\"url\":\"https:\\\/\\\/www.cidademarketing.com.br\\\/marketing\\\/\",\"name\":\"CidadeMarketing\",\"description\":\"Somos um ve\u00edculo de comunica\u00e7\u00e3o de destaque no Brasil, reconhecido por conte\u00fados nos segmentos de marketing, empreendedorismo e inova\u00e7\u00e3o.\",\"publisher\":{\"@id\":\"https:\\\/\\\/www.cidademarketing.com.br\\\/marketing\\\/#organization\"},\"alternateName\":\"CidadeMarketing\",\"potentialAction\":[{\"@type\":\"SearchAction\",\"target\":{\"@type\":\"EntryPoint\",\"urlTemplate\":\"https:\\\/\\\/www.cidademarketing.com.br\\\/marketing\\\/?s={search_term_string}\"},\"query-input\":{\"@type\":\"PropertyValueSpecification\",\"valueRequired\":true,\"valueName\":\"search_term_string\"}}],\"inLanguage\":\"pt-BR\"},{\"@type\":\"Organization\",\"@id\":\"https:\\\/\\\/www.cidademarketing.com.br\\\/marketing\\\/#organization\",\"name\":\"CidadeMarketing\",\"alternateName\":\"CidadeMarketing\",\"url\":\"https:\\\/\\\/www.cidademarketing.com.br\\\/marketing\\\/\",\"logo\":{\"@type\":\"ImageObject\",\"inLanguage\":\"pt-BR\",\"@id\":\"https:\\\/\\\/www.cidademarketing.com.br\\\/marketing\\\/#\\\/schema\\\/logo\\\/image\\\/\",\"url\":\"https:\\\/\\\/www.cidademarketing.com.br\\\/marketing\\\/wp-content\\\/uploads\\\/2020\\\/01\\\/cidademarketing_marca_mobile.png\",\"contentUrl\":\"https:\\\/\\\/www.cidademarketing.com.br\\\/marketing\\\/wp-content\\\/uploads\\\/2020\\\/01\\\/cidademarketing_marca_mobile.png\",\"width\":230,\"height\":92,\"caption\":\"CidadeMarketing\"},\"image\":{\"@id\":\"https:\\\/\\\/www.cidademarketing.com.br\\\/marketing\\\/#\\\/schema\\\/logo\\\/image\\\/\"},\"sameAs\":[\"https:\\\/\\\/www.facebook.com\\\/portalcidademarketing\",\"https:\\\/\\\/x.com\\\/CidadeMarketing\",\"https:\\\/\\\/www.instagram.com\\\/cidademarketing\\\/\"]},{\"@type\":\"Person\",\"@id\":\"https:\\\/\\\/www.cidademarketing.com.br\\\/marketing\\\/#\\\/schema\\\/person\\\/02daff9f18bd9378c9e01eb6b2db155f\",\"name\":\"Thales Brand\u00e3o\",\"image\":{\"@type\":\"ImageObject\",\"inLanguage\":\"pt-BR\",\"@id\":\"https:\\\/\\\/secure.gravatar.com\\\/avatar\\\/7ca3206950207cc3cb48feec56a8a7898741ab725c368d99d5d7a5a50aab80c6?s=96&d=mm&r=g\",\"url\":\"https:\\\/\\\/secure.gravatar.com\\\/avatar\\\/7ca3206950207cc3cb48feec56a8a7898741ab725c368d99d5d7a5a50aab80c6?s=96&d=mm&r=g\",\"contentUrl\":\"https:\\\/\\\/secure.gravatar.com\\\/avatar\\\/7ca3206950207cc3cb48feec56a8a7898741ab725c368d99d5d7a5a50aab80c6?s=96&d=mm&r=g\",\"caption\":\"Thales Brand\u00e3o\"},\"description\":\"Editor Executivo do Portal CidadeMarketing.com.br &gt; Mestre em Comunica\u00e7\u00e3o e Sociedade pela Universidade Federal de Sergipe. Possui MBA Executivo em Administra\u00e7\u00e3o com \u00eanfase em Marketing pela Funda\u00e7\u00e3o Get\u00falio Vargas - Rio de Janeiro. Consultor, Palestrante e Pesquisador sobre Empreendedorismo, Marketing, Redes Sociais e Neg\u00f3cios Digitais. Professor, Palestrante TedxTalks e Campus Party. Twitter: @ThalesBrandao\",\"sameAs\":[\"http:\\\/\\\/www.mandacaru.com.br\",\"https:\\\/\\\/www.facebook.com\\\/thalesbrandao\",\"http:\\\/\\\/www.instagram.com.br\\\/thalesbrandaoferreira\",\"https:\\\/\\\/www.linkedin.com\\\/in\\\/thales-brand\u00e3o-3948609\\\/\",\"https:\\\/\\\/x.com\\\/http:\\\/\\\/www.twitter.com\\\/thalesbrandao\"],\"url\":\"https:\\\/\\\/www.cidademarketing.com.br\\\/marketing\\\/author\\\/thalesbrandao\\\/\"}]}<\/script>\n<!-- \/ Yoast SEO plugin. -->","yoast_head_json":{"title":"Anvisa identificou dois casos da variante \u00d4micron no Brasil - CidadeMarketing","robots":{"index":"index","follow":"follow","max-snippet":"max-snippet:-1","max-image-preview":"max-image-preview:large","max-video-preview":"max-video-preview:-1"},"canonical":"https:\/\/www.cidademarketing.com.br\/marketing\/2021\/11\/30\/anvisa-identificou-dois-casos-da-variante-omicron-no-brasil\/","og_locale":"pt_BR","og_type":"article","og_title":"Anvisa identificou dois casos da variante \u00d4micron no Brasil - CidadeMarketing","og_description":"A Ag\u00eancia Nacional de Vigil\u00e2ncia Sanit\u00e1ria (Anvisa) informou na tarde desta ter\u00e7a-feira (30) que ser\u00e3o enviadas para an\u00e1lise laboratorial as amostras de dois brasileiros que, em an\u00e1lise preliminar, apresentaram resultado positivo para a variante \u00d4micron do novo coronav\u00edrus. A testagem foi realizada pelo laborat\u00f3rio Albert Einstein. O caso positivo investigado \u00e9 de um passageiro vindo [&hellip;]","og_url":"https:\/\/www.cidademarketing.com.br\/marketing\/2021\/11\/30\/anvisa-identificou-dois-casos-da-variante-omicron-no-brasil\/","og_site_name":"CidadeMarketing","article_publisher":"https:\/\/www.facebook.com\/portalcidademarketing","article_author":"https:\/\/www.facebook.com\/thalesbrandao","article_published_time":"2021-11-30T23:07:34+00:00","og_image":[{"width":494,"height":327,"url":"https:\/\/www.cidademarketing.com.br\/marketing\/wp-content\/uploads\/2020\/04\/covid19.jpg","type":"image\/jpeg"}],"author":"Thales Brand\u00e3o","twitter_card":"summary_large_image","twitter_creator":"@http:\/\/www.twitter.com\/thalesbrandao","twitter_site":"@CidadeMarketing","twitter_misc":{"Escrito por":"Thales Brand\u00e3o","Est. tempo de leitura":"2 minutos"},"schema":{"@context":"https:\/\/schema.org","@graph":[{"@type":"Article","@id":"https:\/\/www.cidademarketing.com.br\/marketing\/2021\/11\/30\/anvisa-identificou-dois-casos-da-variante-omicron-no-brasil\/#article","isPartOf":{"@id":"https:\/\/www.cidademarketing.com.br\/marketing\/2021\/11\/30\/anvisa-identificou-dois-casos-da-variante-omicron-no-brasil\/"},"author":{"name":"Thales Brand\u00e3o","@id":"https:\/\/www.cidademarketing.com.br\/marketing\/#\/schema\/person\/02daff9f18bd9378c9e01eb6b2db155f"},"headline":"Anvisa identificou dois casos da variante \u00d4micron no Brasil","datePublished":"2021-11-30T23:07:34+00:00","mainEntityOfPage":{"@id":"https:\/\/www.cidademarketing.com.br\/marketing\/2021\/11\/30\/anvisa-identificou-dois-casos-da-variante-omicron-no-brasil\/"},"wordCount":425,"commentCount":0,"publisher":{"@id":"https:\/\/www.cidademarketing.com.br\/marketing\/#organization"},"image":{"@id":"https:\/\/www.cidademarketing.com.br\/marketing\/2021\/11\/30\/anvisa-identificou-dois-casos-da-variante-omicron-no-brasil\/#primaryimage"},"thumbnailUrl":"https:\/\/www.cidademarketing.com.br\/marketing\/wp-content\/uploads\/2020\/04\/covid19.jpg","keywords":["Anvisa","Brasil","covid-19","estrat\u00e9gia","marketing","\u00d4micron"],"articleSection":["Not\u00edcias"],"inLanguage":"pt-BR","potentialAction":[{"@type":"CommentAction","name":"Comment","target":["https:\/\/www.cidademarketing.com.br\/marketing\/2021\/11\/30\/anvisa-identificou-dois-casos-da-variante-omicron-no-brasil\/#respond"]}]},{"@type":"WebPage","@id":"https:\/\/www.cidademarketing.com.br\/marketing\/2021\/11\/30\/anvisa-identificou-dois-casos-da-variante-omicron-no-brasil\/","url":"https:\/\/www.cidademarketing.com.br\/marketing\/2021\/11\/30\/anvisa-identificou-dois-casos-da-variante-omicron-no-brasil\/","name":"Anvisa identificou dois casos da variante \u00d4micron no Brasil - CidadeMarketing","isPartOf":{"@id":"https:\/\/www.cidademarketing.com.br\/marketing\/#website"},"primaryImageOfPage":{"@id":"https:\/\/www.cidademarketing.com.br\/marketing\/2021\/11\/30\/anvisa-identificou-dois-casos-da-variante-omicron-no-brasil\/#primaryimage"},"image":{"@id":"https:\/\/www.cidademarketing.com.br\/marketing\/2021\/11\/30\/anvisa-identificou-dois-casos-da-variante-omicron-no-brasil\/#primaryimage"},"thumbnailUrl":"https:\/\/www.cidademarketing.com.br\/marketing\/wp-content\/uploads\/2020\/04\/covid19.jpg","datePublished":"2021-11-30T23:07:34+00:00","breadcrumb":{"@id":"https:\/\/www.cidademarketing.com.br\/marketing\/2021\/11\/30\/anvisa-identificou-dois-casos-da-variante-omicron-no-brasil\/#breadcrumb"},"inLanguage":"pt-BR","potentialAction":[{"@type":"ReadAction","target":["https:\/\/www.cidademarketing.com.br\/marketing\/2021\/11\/30\/anvisa-identificou-dois-casos-da-variante-omicron-no-brasil\/"]}]},{"@type":"ImageObject","inLanguage":"pt-BR","@id":"https:\/\/www.cidademarketing.com.br\/marketing\/2021\/11\/30\/anvisa-identificou-dois-casos-da-variante-omicron-no-brasil\/#primaryimage","url":"https:\/\/www.cidademarketing.com.br\/marketing\/wp-content\/uploads\/2020\/04\/covid19.jpg","contentUrl":"https:\/\/www.cidademarketing.com.br\/marketing\/wp-content\/uploads\/2020\/04\/covid19.jpg","width":494,"height":327},{"@type":"BreadcrumbList","@id":"https:\/\/www.cidademarketing.com.br\/marketing\/2021\/11\/30\/anvisa-identificou-dois-casos-da-variante-omicron-no-brasil\/#breadcrumb","itemListElement":[{"@type":"ListItem","position":1,"name":"In\u00edcio","item":"https:\/\/www.cidademarketing.com.br\/marketing\/"},{"@type":"ListItem","position":2,"name":"Anvisa identificou dois casos da variante \u00d4micron no Brasil"}]},{"@type":"WebSite","@id":"https:\/\/www.cidademarketing.com.br\/marketing\/#website","url":"https:\/\/www.cidademarketing.com.br\/marketing\/","name":"CidadeMarketing","description":"Somos um ve\u00edculo de comunica\u00e7\u00e3o de destaque no Brasil, reconhecido por conte\u00fados nos segmentos de marketing, empreendedorismo e inova\u00e7\u00e3o.","publisher":{"@id":"https:\/\/www.cidademarketing.com.br\/marketing\/#organization"},"alternateName":"CidadeMarketing","potentialAction":[{"@type":"SearchAction","target":{"@type":"EntryPoint","urlTemplate":"https:\/\/www.cidademarketing.com.br\/marketing\/?s={search_term_string}"},"query-input":{"@type":"PropertyValueSpecification","valueRequired":true,"valueName":"search_term_string"}}],"inLanguage":"pt-BR"},{"@type":"Organization","@id":"https:\/\/www.cidademarketing.com.br\/marketing\/#organization","name":"CidadeMarketing","alternateName":"CidadeMarketing","url":"https:\/\/www.cidademarketing.com.br\/marketing\/","logo":{"@type":"ImageObject","inLanguage":"pt-BR","@id":"https:\/\/www.cidademarketing.com.br\/marketing\/#\/schema\/logo\/image\/","url":"https:\/\/www.cidademarketing.com.br\/marketing\/wp-content\/uploads\/2020\/01\/cidademarketing_marca_mobile.png","contentUrl":"https:\/\/www.cidademarketing.com.br\/marketing\/wp-content\/uploads\/2020\/01\/cidademarketing_marca_mobile.png","width":230,"height":92,"caption":"CidadeMarketing"},"image":{"@id":"https:\/\/www.cidademarketing.com.br\/marketing\/#\/schema\/logo\/image\/"},"sameAs":["https:\/\/www.facebook.com\/portalcidademarketing","https:\/\/x.com\/CidadeMarketing","https:\/\/www.instagram.com\/cidademarketing\/"]},{"@type":"Person","@id":"https:\/\/www.cidademarketing.com.br\/marketing\/#\/schema\/person\/02daff9f18bd9378c9e01eb6b2db155f","name":"Thales Brand\u00e3o","image":{"@type":"ImageObject","inLanguage":"pt-BR","@id":"https:\/\/secure.gravatar.com\/avatar\/7ca3206950207cc3cb48feec56a8a7898741ab725c368d99d5d7a5a50aab80c6?s=96&d=mm&r=g","url":"https:\/\/secure.gravatar.com\/avatar\/7ca3206950207cc3cb48feec56a8a7898741ab725c368d99d5d7a5a50aab80c6?s=96&d=mm&r=g","contentUrl":"https:\/\/secure.gravatar.com\/avatar\/7ca3206950207cc3cb48feec56a8a7898741ab725c368d99d5d7a5a50aab80c6?s=96&d=mm&r=g","caption":"Thales Brand\u00e3o"},"description":"Editor Executivo do Portal CidadeMarketing.com.br &gt; Mestre em Comunica\u00e7\u00e3o e Sociedade pela Universidade Federal de Sergipe. Possui MBA Executivo em Administra\u00e7\u00e3o com \u00eanfase em Marketing pela Funda\u00e7\u00e3o Get\u00falio Vargas - Rio de Janeiro. Consultor, Palestrante e Pesquisador sobre Empreendedorismo, Marketing, Redes Sociais e Neg\u00f3cios Digitais. Professor, Palestrante TedxTalks e Campus Party. Twitter: @ThalesBrandao","sameAs":["http:\/\/www.mandacaru.com.br","https:\/\/www.facebook.com\/thalesbrandao","http:\/\/www.instagram.com.br\/thalesbrandaoferreira","https:\/\/www.linkedin.com\/in\/thales-brand\u00e3o-3948609\/","https:\/\/x.com\/http:\/\/www.twitter.com\/thalesbrandao"],"url":"https:\/\/www.cidademarketing.com.br\/marketing\/author\/thalesbrandao\/"}]}},"amp_enabled":true,"_links":{"self":[{"href":"https:\/\/www.cidademarketing.com.br\/marketing\/wp-json\/wp\/v2\/posts\/32591","targetHints":{"allow":["GET"]}}],"collection":[{"href":"https:\/\/www.cidademarketing.com.br\/marketing\/wp-json\/wp\/v2\/posts"}],"about":[{"href":"https:\/\/www.cidademarketing.com.br\/marketing\/wp-json\/wp\/v2\/types\/post"}],"author":[{"embeddable":true,"href":"https:\/\/www.cidademarketing.com.br\/marketing\/wp-json\/wp\/v2\/users\/1"}],"replies":[{"embeddable":true,"href":"https:\/\/www.cidademarketing.com.br\/marketing\/wp-json\/wp\/v2\/comments?post=32591"}],"version-history":[{"count":1,"href":"https:\/\/www.cidademarketing.com.br\/marketing\/wp-json\/wp\/v2\/posts\/32591\/revisions"}],"predecessor-version":[{"id":32592,"href":"https:\/\/www.cidademarketing.com.br\/marketing\/wp-json\/wp\/v2\/posts\/32591\/revisions\/32592"}],"wp:featuredmedia":[{"embeddable":true,"href":"https:\/\/www.cidademarketing.com.br\/marketing\/wp-json\/wp\/v2\/media\/15242"}],"wp:attachment":[{"href":"https:\/\/www.cidademarketing.com.br\/marketing\/wp-json\/wp\/v2\/media?parent=32591"}],"wp:term":[{"taxonomy":"category","embeddable":true,"href":"https:\/\/www.cidademarketing.com.br\/marketing\/wp-json\/wp\/v2\/categories?post=32591"},{"taxonomy":"post_tag","embeddable":true,"href":"https:\/\/www.cidademarketing.com.br\/marketing\/wp-json\/wp\/v2\/tags?post=32591"}],"curies":[{"name":"wp","href":"https:\/\/api.w.org\/{rel}","templated":true}]}}