{"id":32557,"date":"2021-11-29T23:56:32","date_gmt":"2021-11-30T02:56:32","guid":{"rendered":"https:\/\/www.cidademarketing.com.br\/marketing\/?p=32557"},"modified":"2021-11-29T23:56:32","modified_gmt":"2021-11-30T02:56:32","slug":"abmes-e-santander-universidades-lancam-movimento-para-oferta-de-vagas-em-cursos-de-graduacao","status":"publish","type":"post","link":"https:\/\/www.cidademarketing.com.br\/marketing\/2021\/11\/29\/abmes-e-santander-universidades-lancam-movimento-para-oferta-de-vagas-em-cursos-de-graduacao\/","title":{"rendered":"ABMES e Santander Universidades lan\u00e7am movimento para oferta de vagas em cursos de gradua\u00e7\u00e3o"},"content":{"rendered":"<p><iframe src=\"https:\/\/open.spotify.com\/embed\/show\/4khMKzP3FgFRWVwb73xicc\" width=\"100%\" height=\"232\" frameborder=\"0\"><\/iframe><\/p>\n<p style=\"margin: 0cm; text-align: justify;\"><span style=\"font-family: 'Arial',sans-serif;\">A Associa\u00e7\u00e3o Brasileira de Mantenedoras de Ensino Superior (ABMES) e a Futuria, iniciativa de Santander Universidades, bra\u00e7o educacional do Banco Santander, uniram-se em prol da valoriza\u00e7\u00e3o da educa\u00e7\u00e3o superior de milhares de estudantes neste momento de retomada das atividades presenciais e \u00e0 dist\u00e2ncia p\u00f3s-pandemia. O movimento #EuSouOFuturo tem como prop\u00f3sito incentivar o ingresso ao ensino superior e a manuten\u00e7\u00e3o da forma\u00e7\u00e3o dos alunos de gradua\u00e7\u00e3o e p\u00f3s-gradua\u00e7\u00e3o em todo o Pa\u00eds.\u00a0<\/span><\/p>\n<p style=\"margin: 0cm; text-align: justify;\"><span style=\"font-family: 'Arial',sans-serif;\">Diversas prestigiadas mantenedoras de ensino superior, como Ser Educacional, YDUQS, UniCesumar, \u00c2nima Educa\u00e7\u00e3o, UniCarioca, Trivento Educa\u00e7\u00e3o, Unip, Cruzeiro do Sul Educacional, entre outras associadas da ABMES, uniram-se e colocaram \u00e0 disposi\u00e7\u00e3o da campanha suas mais de 5,2 mil unidades educacionais de n\u00edvel superior. S\u00e3o milhares de vagas em cursos de gradua\u00e7\u00e3o e de p\u00f3s-gradua\u00e7\u00e3o, nas modalidades presencial, h\u00edbrida e \u00e0 dist\u00e2ncia das mais diversas \u00e1reas do conhecimento, sendo ofertadas com condi\u00e7\u00f5es especiais e personalizadas.<\/span><\/p>\n<p style=\"margin: 0cm; text-align: justify;\"><span style=\"font-family: 'Arial',sans-serif;\">O portal da campanha #EuSouOFuturo foi desenvolvido pela Futuria, iniciativa de educa\u00e7\u00e3o do grupo Santander criada especialmente para apoiar o movimento. O lan\u00e7amento oficial ocorreu no dia 16 de novembro com mais uma edi\u00e7\u00e3o da live \u201cPreparad\u00e3o Universia\u201d, maior festival on-line de educa\u00e7\u00e3o do Brasil promovido pelo Banco, reunindo pr\u00e9-vestibulandos de todo o Pa\u00eds para atividades preparat\u00f3rias para o Exame Nacional do Ensino M\u00e9dio (ENEM) e os principais processos seletivos de institui\u00e7\u00f5es de educa\u00e7\u00e3o superior. Sob a lideran\u00e7a da influenciadora Camila Loures, foram revisados os principais conte\u00fados de estudos, al\u00e9m de uma aula exclusiva sobre educa\u00e7\u00e3o financeira com o economista e ex-BBB, Gil do Vigor.\u00a0<\/span><\/p>\n<p style=\"margin: 0cm; text-align: justify;\"><span style=\"font-size: 12.0pt; font-family: 'Arial',sans-serif;\">\u00a0<\/span><\/p>\n<p style=\"margin: 0cm; text-align: justify;\"><b><span style=\"font-family: 'Arial',sans-serif;\">Seguran\u00e7a para o retorno<\/span><\/b><\/p>\n<p style=\"margin: 0cm; text-align: justify;\"><span style=\"font-family: 'Arial',sans-serif;\">De acordo com um levantamento realizado pela ABMES, 44% dos jovens t\u00eam d\u00favida sobre retornar aos estudos ap\u00f3s a pandemia. Um dos principais motivos \u00e9 a falta de recursos financeiros, conforme 66% dos participantes que afirmaram n\u00e3o ter condi\u00e7\u00f5es de arcar com o investimento em uma gradua\u00e7\u00e3o. A inseguran\u00e7a ao retorno \u00e0s salas de aula e incerteza em conseguir uma coloca\u00e7\u00e3o no mercado de trabalho aparecem entre as principais afli\u00e7\u00f5es destes jovens. Por essas e outras raz\u00f5es, o Santander se uniu \u00e0s institui\u00e7\u00f5es de ensino superior (IES) associadas \u00e0 ABMES para reverter o atual cen\u00e1rio.<\/span><\/p>\n<p style=\"margin: 0cm; text-align: justify;\"><span style=\"font-family: 'Arial',sans-serif;\">Nicol\u00e1s Vergara, superintendente executivo do Santander Universidades Brasil, avalia que a proposta se concentra em promover o sentimento de que os jovens podem \u2013 e devem \u2013 ser protagonistas de suas vidas. \u201cPor tr\u00e1s de cada potencial estudante que est\u00e1 fora da sala de aula, h\u00e1 uma hist\u00f3ria que pode ser impactada positivamente pelo in\u00edcio ou retomada dos estudos. Para isso \u00e9 preciso resili\u00eancia, persist\u00eancia e, claro, incentivo. \u00c9 o que vamos promover com a Futuria e o movimento #EuSouOFuturo\u201d, afirmou Vergara.<\/span><\/p>\n<p style=\"margin: 0cm; text-align: justify;\"><span style=\"font-family: 'Arial',sans-serif;\">Nicol\u00e1s tamb\u00e9m afirma que o movimento surge para resgatar o desejo e a import\u00e2ncia do retorno aos estudos. \u201c\u00c9 crucial para o desenvolvimento do Brasil que aumentemos a qualifica\u00e7\u00e3o da popula\u00e7\u00e3o e n\u00e3o h\u00e1 tempo a perder. Precisamos ter a maior quantidade de pessoas retomando os estudos se quisermos seguir nessa dire\u00e7\u00e3o\u201d, conclui.<\/span><\/p>\n<p style=\"margin: 0cm; text-align: justify;\"><span style=\"font-family: 'Arial',sans-serif;\">Celso Niskier, diretor presidente da ABMES, ressalta a import\u00e2ncia do retorno aos estudos neste momento crucial para sociedade. \u201cHouve uma ampla mobiliza\u00e7\u00e3o de institui\u00e7\u00f5es de educa\u00e7\u00e3o superior associadas \u00e0 ABMES, que entenderam o momento crucial de retomada do crescimento da educa\u00e7\u00e3o superior. O Brasil precisa de profissionais qualificados para a retomada do desenvolvimento econ\u00f4mico que se espera no futuro\u201d.<\/span><\/p>\n<p style=\"margin: 0cm; text-align: justify;\"><b><span style=\"font-family: 'Arial',sans-serif;\">A plataforma<\/span><\/b><\/p>\n<p style=\"margin: 0cm; text-align: justify;\"><span style=\"font-family: 'Arial',sans-serif;\">A plataforma de cadastro do movimento #EuSouOFuturo \u00e9 simples e intuitiva. Ao acessar, o usu\u00e1rio vai encontrar as IES participantes segmentadas por cidade, estado, tipo de curso e modalidade. Cada IES est\u00e1 comprometida na elabora\u00e7\u00e3o de condi\u00e7\u00f5es especiais aos estudantes.<\/span><\/p>\n<p style=\"margin: 0cm; text-align: justify;\"><span style=\"font-family: 'Arial',sans-serif;\">Ap\u00f3s o preenchimento do cadastro, o usu\u00e1rio recebe uma mensagem por e-mail com o voucher do benef\u00edcio da institui\u00e7\u00e3o selecionada. Com o ticket em m\u00e3os, basta procurar a IES, conhecer os detalhes e se matricular. A plataforma pode ser acessada em <\/span><span style=\"font-size: 12.0pt; font-family: 'Arial',sans-serif;\"><a style=\"text-decoration-line: none;\" href=\"http:\/\/www.futuria.com.vc\/eu-sou-o-movimento\" target=\"_blank\" rel=\"noopener\"><span style=\"font-size: 11.0pt;\">www.futuria.com.vc\/eu-sou-o-movimento<\/span><\/a><\/span><\/p>\n<p><iframe style=\"width: 100%; max-width: 660px; overflow: hidden; background: transparent;\" src=\"https:\/\/embed.podcasts.apple.com\/br\/podcast\/podcast-cidademarketing\/id1371923283\" height=\"450\" frameborder=\"0\" sandbox=\"allow-forms allow-popups allow-same-origin allow-scripts allow-storage-access-by-user-activation allow-top-navigation-by-user-activation\"><\/iframe><\/p>\n","protected":false},"excerpt":{"rendered":"<p>A Associa\u00e7\u00e3o Brasileira de Mantenedoras de Ensino Superior (ABMES) e a Futuria, iniciativa de Santander Universidades, bra\u00e7o educacional do Banco Santander, uniram-se em prol da valoriza\u00e7\u00e3o da educa\u00e7\u00e3o superior de milhares de estudantes neste momento de retomada das atividades presenciais e \u00e0 dist\u00e2ncia p\u00f3s-pandemia. O movimento #EuSouOFuturo tem como prop\u00f3sito incentivar o ingresso ao ensino [&hellip;]<\/p>\n","protected":false},"author":1,"featured_media":19029,"comment_status":"open","ping_status":"open","sticky":false,"template":"","format":"standard","meta":{"tdm_status":"","tdm_grid_status":"","footnotes":""},"categories":[6],"tags":[100,33,28,177,235,441],"class_list":["post-32557","post","type-post","status-publish","format-standard","has-post-thumbnail","hentry","category-noticias","tag-educacao","tag-estrategia","tag-marketing","tag-marketing-social","tag-parceria","tag-santander"],"yoast_head":"<!-- This site is optimized with the Yoast SEO plugin v27.4 - https:\/\/yoast.com\/product\/yoast-seo-wordpress\/ -->\n<title>ABMES e Santander Universidades lan\u00e7am movimento para oferta de vagas em cursos de gradua\u00e7\u00e3o - CidadeMarketing<\/title>\n<meta name=\"robots\" content=\"index, follow, max-snippet:-1, max-image-preview:large, max-video-preview:-1\" \/>\n<link rel=\"canonical\" href=\"https:\/\/www.cidademarketing.com.br\/marketing\/2021\/11\/29\/abmes-e-santander-universidades-lancam-movimento-para-oferta-de-vagas-em-cursos-de-graduacao\/\" \/>\n<meta property=\"og:locale\" content=\"pt_BR\" \/>\n<meta property=\"og:type\" content=\"article\" \/>\n<meta property=\"og:title\" content=\"ABMES e Santander Universidades lan\u00e7am movimento para oferta de vagas em cursos de gradua\u00e7\u00e3o - CidadeMarketing\" \/>\n<meta property=\"og:description\" content=\"A Associa\u00e7\u00e3o Brasileira de Mantenedoras de Ensino Superior (ABMES) e a Futuria, iniciativa de Santander Universidades, bra\u00e7o educacional do Banco Santander, uniram-se em prol da valoriza\u00e7\u00e3o da educa\u00e7\u00e3o superior de milhares de estudantes neste momento de retomada das atividades presenciais e \u00e0 dist\u00e2ncia p\u00f3s-pandemia. O movimento #EuSouOFuturo tem como prop\u00f3sito incentivar o ingresso ao ensino [&hellip;]\" \/>\n<meta property=\"og:url\" content=\"https:\/\/www.cidademarketing.com.br\/marketing\/2021\/11\/29\/abmes-e-santander-universidades-lancam-movimento-para-oferta-de-vagas-em-cursos-de-graduacao\/\" \/>\n<meta property=\"og:site_name\" content=\"CidadeMarketing\" \/>\n<meta property=\"article:publisher\" content=\"https:\/\/www.facebook.com\/portalcidademarketing\" \/>\n<meta property=\"article:author\" content=\"https:\/\/www.facebook.com\/thalesbrandao\" \/>\n<meta property=\"article:published_time\" content=\"2021-11-30T02:56:32+00:00\" \/>\n<meta property=\"og:image\" content=\"https:\/\/www.cidademarketing.com.br\/marketing\/wp-content\/uploads\/2020\/09\/santander_cufa.jpg\" \/>\n\t<meta property=\"og:image:width\" content=\"400\" \/>\n\t<meta property=\"og:image:height\" content=\"400\" \/>\n\t<meta property=\"og:image:type\" content=\"image\/jpeg\" \/>\n<meta name=\"author\" content=\"Thales Brand\u00e3o\" \/>\n<meta name=\"twitter:card\" content=\"summary_large_image\" \/>\n<meta name=\"twitter:creator\" content=\"@http:\/\/www.twitter.com\/thalesbrandao\" \/>\n<meta name=\"twitter:site\" content=\"@CidadeMarketing\" \/>\n<meta name=\"twitter:label1\" content=\"Escrito por\" \/>\n\t<meta name=\"twitter:data1\" content=\"Thales Brand\u00e3o\" \/>\n\t<meta name=\"twitter:label2\" content=\"Est. tempo de leitura\" \/>\n\t<meta name=\"twitter:data2\" content=\"3 minutos\" \/>\n<script type=\"application\/ld+json\" class=\"yoast-schema-graph\">{\"@context\":\"https:\\\/\\\/schema.org\",\"@graph\":[{\"@type\":\"Article\",\"@id\":\"https:\\\/\\\/www.cidademarketing.com.br\\\/marketing\\\/2021\\\/11\\\/29\\\/abmes-e-santander-universidades-lancam-movimento-para-oferta-de-vagas-em-cursos-de-graduacao\\\/#article\",\"isPartOf\":{\"@id\":\"https:\\\/\\\/www.cidademarketing.com.br\\\/marketing\\\/2021\\\/11\\\/29\\\/abmes-e-santander-universidades-lancam-movimento-para-oferta-de-vagas-em-cursos-de-graduacao\\\/\"},\"author\":{\"name\":\"Thales Brand\u00e3o\",\"@id\":\"https:\\\/\\\/www.cidademarketing.com.br\\\/marketing\\\/#\\\/schema\\\/person\\\/02daff9f18bd9378c9e01eb6b2db155f\"},\"headline\":\"ABMES e Santander Universidades lan\u00e7am movimento para oferta de vagas em cursos de gradua\u00e7\u00e3o\",\"datePublished\":\"2021-11-30T02:56:32+00:00\",\"mainEntityOfPage\":{\"@id\":\"https:\\\/\\\/www.cidademarketing.com.br\\\/marketing\\\/2021\\\/11\\\/29\\\/abmes-e-santander-universidades-lancam-movimento-para-oferta-de-vagas-em-cursos-de-graduacao\\\/\"},\"wordCount\":710,\"commentCount\":0,\"publisher\":{\"@id\":\"https:\\\/\\\/www.cidademarketing.com.br\\\/marketing\\\/#organization\"},\"image\":{\"@id\":\"https:\\\/\\\/www.cidademarketing.com.br\\\/marketing\\\/2021\\\/11\\\/29\\\/abmes-e-santander-universidades-lancam-movimento-para-oferta-de-vagas-em-cursos-de-graduacao\\\/#primaryimage\"},\"thumbnailUrl\":\"https:\\\/\\\/www.cidademarketing.com.br\\\/marketing\\\/wp-content\\\/uploads\\\/2020\\\/09\\\/santander_cufa.jpg\",\"keywords\":[\"educa\u00e7\u00e3o\",\"estrat\u00e9gia\",\"marketing\",\"marketing social\",\"parceria\",\"Santander\"],\"articleSection\":[\"Not\u00edcias\"],\"inLanguage\":\"pt-BR\",\"potentialAction\":[{\"@type\":\"CommentAction\",\"name\":\"Comment\",\"target\":[\"https:\\\/\\\/www.cidademarketing.com.br\\\/marketing\\\/2021\\\/11\\\/29\\\/abmes-e-santander-universidades-lancam-movimento-para-oferta-de-vagas-em-cursos-de-graduacao\\\/#respond\"]}]},{\"@type\":\"WebPage\",\"@id\":\"https:\\\/\\\/www.cidademarketing.com.br\\\/marketing\\\/2021\\\/11\\\/29\\\/abmes-e-santander-universidades-lancam-movimento-para-oferta-de-vagas-em-cursos-de-graduacao\\\/\",\"url\":\"https:\\\/\\\/www.cidademarketing.com.br\\\/marketing\\\/2021\\\/11\\\/29\\\/abmes-e-santander-universidades-lancam-movimento-para-oferta-de-vagas-em-cursos-de-graduacao\\\/\",\"name\":\"ABMES e Santander Universidades lan\u00e7am movimento para oferta de vagas em cursos de gradua\u00e7\u00e3o - CidadeMarketing\",\"isPartOf\":{\"@id\":\"https:\\\/\\\/www.cidademarketing.com.br\\\/marketing\\\/#website\"},\"primaryImageOfPage\":{\"@id\":\"https:\\\/\\\/www.cidademarketing.com.br\\\/marketing\\\/2021\\\/11\\\/29\\\/abmes-e-santander-universidades-lancam-movimento-para-oferta-de-vagas-em-cursos-de-graduacao\\\/#primaryimage\"},\"image\":{\"@id\":\"https:\\\/\\\/www.cidademarketing.com.br\\\/marketing\\\/2021\\\/11\\\/29\\\/abmes-e-santander-universidades-lancam-movimento-para-oferta-de-vagas-em-cursos-de-graduacao\\\/#primaryimage\"},\"thumbnailUrl\":\"https:\\\/\\\/www.cidademarketing.com.br\\\/marketing\\\/wp-content\\\/uploads\\\/2020\\\/09\\\/santander_cufa.jpg\",\"datePublished\":\"2021-11-30T02:56:32+00:00\",\"breadcrumb\":{\"@id\":\"https:\\\/\\\/www.cidademarketing.com.br\\\/marketing\\\/2021\\\/11\\\/29\\\/abmes-e-santander-universidades-lancam-movimento-para-oferta-de-vagas-em-cursos-de-graduacao\\\/#breadcrumb\"},\"inLanguage\":\"pt-BR\",\"potentialAction\":[{\"@type\":\"ReadAction\",\"target\":[\"https:\\\/\\\/www.cidademarketing.com.br\\\/marketing\\\/2021\\\/11\\\/29\\\/abmes-e-santander-universidades-lancam-movimento-para-oferta-de-vagas-em-cursos-de-graduacao\\\/\"]}]},{\"@type\":\"ImageObject\",\"inLanguage\":\"pt-BR\",\"@id\":\"https:\\\/\\\/www.cidademarketing.com.br\\\/marketing\\\/2021\\\/11\\\/29\\\/abmes-e-santander-universidades-lancam-movimento-para-oferta-de-vagas-em-cursos-de-graduacao\\\/#primaryimage\",\"url\":\"https:\\\/\\\/www.cidademarketing.com.br\\\/marketing\\\/wp-content\\\/uploads\\\/2020\\\/09\\\/santander_cufa.jpg\",\"contentUrl\":\"https:\\\/\\\/www.cidademarketing.com.br\\\/marketing\\\/wp-content\\\/uploads\\\/2020\\\/09\\\/santander_cufa.jpg\",\"width\":400,\"height\":400},{\"@type\":\"BreadcrumbList\",\"@id\":\"https:\\\/\\\/www.cidademarketing.com.br\\\/marketing\\\/2021\\\/11\\\/29\\\/abmes-e-santander-universidades-lancam-movimento-para-oferta-de-vagas-em-cursos-de-graduacao\\\/#breadcrumb\",\"itemListElement\":[{\"@type\":\"ListItem\",\"position\":1,\"name\":\"In\u00edcio\",\"item\":\"https:\\\/\\\/www.cidademarketing.com.br\\\/marketing\\\/\"},{\"@type\":\"ListItem\",\"position\":2,\"name\":\"ABMES e Santander Universidades lan\u00e7am movimento para oferta de vagas em cursos de gradua\u00e7\u00e3o\"}]},{\"@type\":\"WebSite\",\"@id\":\"https:\\\/\\\/www.cidademarketing.com.br\\\/marketing\\\/#website\",\"url\":\"https:\\\/\\\/www.cidademarketing.com.br\\\/marketing\\\/\",\"name\":\"CidadeMarketing\",\"description\":\"Somos um ve\u00edculo de comunica\u00e7\u00e3o de destaque no Brasil, reconhecido por conte\u00fados nos segmentos de marketing, empreendedorismo e inova\u00e7\u00e3o.\",\"publisher\":{\"@id\":\"https:\\\/\\\/www.cidademarketing.com.br\\\/marketing\\\/#organization\"},\"alternateName\":\"CidadeMarketing\",\"potentialAction\":[{\"@type\":\"SearchAction\",\"target\":{\"@type\":\"EntryPoint\",\"urlTemplate\":\"https:\\\/\\\/www.cidademarketing.com.br\\\/marketing\\\/?s={search_term_string}\"},\"query-input\":{\"@type\":\"PropertyValueSpecification\",\"valueRequired\":true,\"valueName\":\"search_term_string\"}}],\"inLanguage\":\"pt-BR\"},{\"@type\":\"Organization\",\"@id\":\"https:\\\/\\\/www.cidademarketing.com.br\\\/marketing\\\/#organization\",\"name\":\"CidadeMarketing\",\"alternateName\":\"CidadeMarketing\",\"url\":\"https:\\\/\\\/www.cidademarketing.com.br\\\/marketing\\\/\",\"logo\":{\"@type\":\"ImageObject\",\"inLanguage\":\"pt-BR\",\"@id\":\"https:\\\/\\\/www.cidademarketing.com.br\\\/marketing\\\/#\\\/schema\\\/logo\\\/image\\\/\",\"url\":\"https:\\\/\\\/www.cidademarketing.com.br\\\/marketing\\\/wp-content\\\/uploads\\\/2020\\\/01\\\/cidademarketing_marca_mobile.png\",\"contentUrl\":\"https:\\\/\\\/www.cidademarketing.com.br\\\/marketing\\\/wp-content\\\/uploads\\\/2020\\\/01\\\/cidademarketing_marca_mobile.png\",\"width\":230,\"height\":92,\"caption\":\"CidadeMarketing\"},\"image\":{\"@id\":\"https:\\\/\\\/www.cidademarketing.com.br\\\/marketing\\\/#\\\/schema\\\/logo\\\/image\\\/\"},\"sameAs\":[\"https:\\\/\\\/www.facebook.com\\\/portalcidademarketing\",\"https:\\\/\\\/x.com\\\/CidadeMarketing\",\"https:\\\/\\\/www.instagram.com\\\/cidademarketing\\\/\"]},{\"@type\":\"Person\",\"@id\":\"https:\\\/\\\/www.cidademarketing.com.br\\\/marketing\\\/#\\\/schema\\\/person\\\/02daff9f18bd9378c9e01eb6b2db155f\",\"name\":\"Thales Brand\u00e3o\",\"image\":{\"@type\":\"ImageObject\",\"inLanguage\":\"pt-BR\",\"@id\":\"https:\\\/\\\/secure.gravatar.com\\\/avatar\\\/7ca3206950207cc3cb48feec56a8a7898741ab725c368d99d5d7a5a50aab80c6?s=96&d=mm&r=g\",\"url\":\"https:\\\/\\\/secure.gravatar.com\\\/avatar\\\/7ca3206950207cc3cb48feec56a8a7898741ab725c368d99d5d7a5a50aab80c6?s=96&d=mm&r=g\",\"contentUrl\":\"https:\\\/\\\/secure.gravatar.com\\\/avatar\\\/7ca3206950207cc3cb48feec56a8a7898741ab725c368d99d5d7a5a50aab80c6?s=96&d=mm&r=g\",\"caption\":\"Thales Brand\u00e3o\"},\"description\":\"Editor Executivo do Portal CidadeMarketing.com.br &gt; Mestre em Comunica\u00e7\u00e3o e Sociedade pela Universidade Federal de Sergipe. Possui MBA Executivo em Administra\u00e7\u00e3o com \u00eanfase em Marketing pela Funda\u00e7\u00e3o Get\u00falio Vargas - Rio de Janeiro. Consultor, Palestrante e Pesquisador sobre Empreendedorismo, Marketing, Redes Sociais e Neg\u00f3cios Digitais. Professor, Palestrante TedxTalks e Campus Party. Twitter: @ThalesBrandao\",\"sameAs\":[\"http:\\\/\\\/www.mandacaru.com.br\",\"https:\\\/\\\/www.facebook.com\\\/thalesbrandao\",\"http:\\\/\\\/www.instagram.com.br\\\/thalesbrandaoferreira\",\"https:\\\/\\\/www.linkedin.com\\\/in\\\/thales-brand\u00e3o-3948609\\\/\",\"https:\\\/\\\/x.com\\\/http:\\\/\\\/www.twitter.com\\\/thalesbrandao\"],\"url\":\"https:\\\/\\\/www.cidademarketing.com.br\\\/marketing\\\/author\\\/thalesbrandao\\\/\"}]}<\/script>\n<!-- \/ Yoast SEO plugin. -->","yoast_head_json":{"title":"ABMES e Santander Universidades lan\u00e7am movimento para oferta de vagas em cursos de gradua\u00e7\u00e3o - CidadeMarketing","robots":{"index":"index","follow":"follow","max-snippet":"max-snippet:-1","max-image-preview":"max-image-preview:large","max-video-preview":"max-video-preview:-1"},"canonical":"https:\/\/www.cidademarketing.com.br\/marketing\/2021\/11\/29\/abmes-e-santander-universidades-lancam-movimento-para-oferta-de-vagas-em-cursos-de-graduacao\/","og_locale":"pt_BR","og_type":"article","og_title":"ABMES e Santander Universidades lan\u00e7am movimento para oferta de vagas em cursos de gradua\u00e7\u00e3o - CidadeMarketing","og_description":"A Associa\u00e7\u00e3o Brasileira de Mantenedoras de Ensino Superior (ABMES) e a Futuria, iniciativa de Santander Universidades, bra\u00e7o educacional do Banco Santander, uniram-se em prol da valoriza\u00e7\u00e3o da educa\u00e7\u00e3o superior de milhares de estudantes neste momento de retomada das atividades presenciais e \u00e0 dist\u00e2ncia p\u00f3s-pandemia. O movimento #EuSouOFuturo tem como prop\u00f3sito incentivar o ingresso ao ensino [&hellip;]","og_url":"https:\/\/www.cidademarketing.com.br\/marketing\/2021\/11\/29\/abmes-e-santander-universidades-lancam-movimento-para-oferta-de-vagas-em-cursos-de-graduacao\/","og_site_name":"CidadeMarketing","article_publisher":"https:\/\/www.facebook.com\/portalcidademarketing","article_author":"https:\/\/www.facebook.com\/thalesbrandao","article_published_time":"2021-11-30T02:56:32+00:00","og_image":[{"width":400,"height":400,"url":"https:\/\/www.cidademarketing.com.br\/marketing\/wp-content\/uploads\/2020\/09\/santander_cufa.jpg","type":"image\/jpeg"}],"author":"Thales Brand\u00e3o","twitter_card":"summary_large_image","twitter_creator":"@http:\/\/www.twitter.com\/thalesbrandao","twitter_site":"@CidadeMarketing","twitter_misc":{"Escrito por":"Thales Brand\u00e3o","Est. tempo de leitura":"3 minutos"},"schema":{"@context":"https:\/\/schema.org","@graph":[{"@type":"Article","@id":"https:\/\/www.cidademarketing.com.br\/marketing\/2021\/11\/29\/abmes-e-santander-universidades-lancam-movimento-para-oferta-de-vagas-em-cursos-de-graduacao\/#article","isPartOf":{"@id":"https:\/\/www.cidademarketing.com.br\/marketing\/2021\/11\/29\/abmes-e-santander-universidades-lancam-movimento-para-oferta-de-vagas-em-cursos-de-graduacao\/"},"author":{"name":"Thales Brand\u00e3o","@id":"https:\/\/www.cidademarketing.com.br\/marketing\/#\/schema\/person\/02daff9f18bd9378c9e01eb6b2db155f"},"headline":"ABMES e Santander Universidades lan\u00e7am movimento para oferta de vagas em cursos de gradua\u00e7\u00e3o","datePublished":"2021-11-30T02:56:32+00:00","mainEntityOfPage":{"@id":"https:\/\/www.cidademarketing.com.br\/marketing\/2021\/11\/29\/abmes-e-santander-universidades-lancam-movimento-para-oferta-de-vagas-em-cursos-de-graduacao\/"},"wordCount":710,"commentCount":0,"publisher":{"@id":"https:\/\/www.cidademarketing.com.br\/marketing\/#organization"},"image":{"@id":"https:\/\/www.cidademarketing.com.br\/marketing\/2021\/11\/29\/abmes-e-santander-universidades-lancam-movimento-para-oferta-de-vagas-em-cursos-de-graduacao\/#primaryimage"},"thumbnailUrl":"https:\/\/www.cidademarketing.com.br\/marketing\/wp-content\/uploads\/2020\/09\/santander_cufa.jpg","keywords":["educa\u00e7\u00e3o","estrat\u00e9gia","marketing","marketing social","parceria","Santander"],"articleSection":["Not\u00edcias"],"inLanguage":"pt-BR","potentialAction":[{"@type":"CommentAction","name":"Comment","target":["https:\/\/www.cidademarketing.com.br\/marketing\/2021\/11\/29\/abmes-e-santander-universidades-lancam-movimento-para-oferta-de-vagas-em-cursos-de-graduacao\/#respond"]}]},{"@type":"WebPage","@id":"https:\/\/www.cidademarketing.com.br\/marketing\/2021\/11\/29\/abmes-e-santander-universidades-lancam-movimento-para-oferta-de-vagas-em-cursos-de-graduacao\/","url":"https:\/\/www.cidademarketing.com.br\/marketing\/2021\/11\/29\/abmes-e-santander-universidades-lancam-movimento-para-oferta-de-vagas-em-cursos-de-graduacao\/","name":"ABMES e Santander Universidades lan\u00e7am movimento para oferta de vagas em cursos de gradua\u00e7\u00e3o - CidadeMarketing","isPartOf":{"@id":"https:\/\/www.cidademarketing.com.br\/marketing\/#website"},"primaryImageOfPage":{"@id":"https:\/\/www.cidademarketing.com.br\/marketing\/2021\/11\/29\/abmes-e-santander-universidades-lancam-movimento-para-oferta-de-vagas-em-cursos-de-graduacao\/#primaryimage"},"image":{"@id":"https:\/\/www.cidademarketing.com.br\/marketing\/2021\/11\/29\/abmes-e-santander-universidades-lancam-movimento-para-oferta-de-vagas-em-cursos-de-graduacao\/#primaryimage"},"thumbnailUrl":"https:\/\/www.cidademarketing.com.br\/marketing\/wp-content\/uploads\/2020\/09\/santander_cufa.jpg","datePublished":"2021-11-30T02:56:32+00:00","breadcrumb":{"@id":"https:\/\/www.cidademarketing.com.br\/marketing\/2021\/11\/29\/abmes-e-santander-universidades-lancam-movimento-para-oferta-de-vagas-em-cursos-de-graduacao\/#breadcrumb"},"inLanguage":"pt-BR","potentialAction":[{"@type":"ReadAction","target":["https:\/\/www.cidademarketing.com.br\/marketing\/2021\/11\/29\/abmes-e-santander-universidades-lancam-movimento-para-oferta-de-vagas-em-cursos-de-graduacao\/"]}]},{"@type":"ImageObject","inLanguage":"pt-BR","@id":"https:\/\/www.cidademarketing.com.br\/marketing\/2021\/11\/29\/abmes-e-santander-universidades-lancam-movimento-para-oferta-de-vagas-em-cursos-de-graduacao\/#primaryimage","url":"https:\/\/www.cidademarketing.com.br\/marketing\/wp-content\/uploads\/2020\/09\/santander_cufa.jpg","contentUrl":"https:\/\/www.cidademarketing.com.br\/marketing\/wp-content\/uploads\/2020\/09\/santander_cufa.jpg","width":400,"height":400},{"@type":"BreadcrumbList","@id":"https:\/\/www.cidademarketing.com.br\/marketing\/2021\/11\/29\/abmes-e-santander-universidades-lancam-movimento-para-oferta-de-vagas-em-cursos-de-graduacao\/#breadcrumb","itemListElement":[{"@type":"ListItem","position":1,"name":"In\u00edcio","item":"https:\/\/www.cidademarketing.com.br\/marketing\/"},{"@type":"ListItem","position":2,"name":"ABMES e Santander Universidades lan\u00e7am movimento para oferta de vagas em cursos de gradua\u00e7\u00e3o"}]},{"@type":"WebSite","@id":"https:\/\/www.cidademarketing.com.br\/marketing\/#website","url":"https:\/\/www.cidademarketing.com.br\/marketing\/","name":"CidadeMarketing","description":"Somos um ve\u00edculo de comunica\u00e7\u00e3o de destaque no Brasil, reconhecido por conte\u00fados nos segmentos de marketing, empreendedorismo e inova\u00e7\u00e3o.","publisher":{"@id":"https:\/\/www.cidademarketing.com.br\/marketing\/#organization"},"alternateName":"CidadeMarketing","potentialAction":[{"@type":"SearchAction","target":{"@type":"EntryPoint","urlTemplate":"https:\/\/www.cidademarketing.com.br\/marketing\/?s={search_term_string}"},"query-input":{"@type":"PropertyValueSpecification","valueRequired":true,"valueName":"search_term_string"}}],"inLanguage":"pt-BR"},{"@type":"Organization","@id":"https:\/\/www.cidademarketing.com.br\/marketing\/#organization","name":"CidadeMarketing","alternateName":"CidadeMarketing","url":"https:\/\/www.cidademarketing.com.br\/marketing\/","logo":{"@type":"ImageObject","inLanguage":"pt-BR","@id":"https:\/\/www.cidademarketing.com.br\/marketing\/#\/schema\/logo\/image\/","url":"https:\/\/www.cidademarketing.com.br\/marketing\/wp-content\/uploads\/2020\/01\/cidademarketing_marca_mobile.png","contentUrl":"https:\/\/www.cidademarketing.com.br\/marketing\/wp-content\/uploads\/2020\/01\/cidademarketing_marca_mobile.png","width":230,"height":92,"caption":"CidadeMarketing"},"image":{"@id":"https:\/\/www.cidademarketing.com.br\/marketing\/#\/schema\/logo\/image\/"},"sameAs":["https:\/\/www.facebook.com\/portalcidademarketing","https:\/\/x.com\/CidadeMarketing","https:\/\/www.instagram.com\/cidademarketing\/"]},{"@type":"Person","@id":"https:\/\/www.cidademarketing.com.br\/marketing\/#\/schema\/person\/02daff9f18bd9378c9e01eb6b2db155f","name":"Thales Brand\u00e3o","image":{"@type":"ImageObject","inLanguage":"pt-BR","@id":"https:\/\/secure.gravatar.com\/avatar\/7ca3206950207cc3cb48feec56a8a7898741ab725c368d99d5d7a5a50aab80c6?s=96&d=mm&r=g","url":"https:\/\/secure.gravatar.com\/avatar\/7ca3206950207cc3cb48feec56a8a7898741ab725c368d99d5d7a5a50aab80c6?s=96&d=mm&r=g","contentUrl":"https:\/\/secure.gravatar.com\/avatar\/7ca3206950207cc3cb48feec56a8a7898741ab725c368d99d5d7a5a50aab80c6?s=96&d=mm&r=g","caption":"Thales Brand\u00e3o"},"description":"Editor Executivo do Portal CidadeMarketing.com.br &gt; Mestre em Comunica\u00e7\u00e3o e Sociedade pela Universidade Federal de Sergipe. Possui MBA Executivo em Administra\u00e7\u00e3o com \u00eanfase em Marketing pela Funda\u00e7\u00e3o Get\u00falio Vargas - Rio de Janeiro. Consultor, Palestrante e Pesquisador sobre Empreendedorismo, Marketing, Redes Sociais e Neg\u00f3cios Digitais. Professor, Palestrante TedxTalks e Campus Party. Twitter: @ThalesBrandao","sameAs":["http:\/\/www.mandacaru.com.br","https:\/\/www.facebook.com\/thalesbrandao","http:\/\/www.instagram.com.br\/thalesbrandaoferreira","https:\/\/www.linkedin.com\/in\/thales-brand\u00e3o-3948609\/","https:\/\/x.com\/http:\/\/www.twitter.com\/thalesbrandao"],"url":"https:\/\/www.cidademarketing.com.br\/marketing\/author\/thalesbrandao\/"}]}},"amp_enabled":true,"_links":{"self":[{"href":"https:\/\/www.cidademarketing.com.br\/marketing\/wp-json\/wp\/v2\/posts\/32557","targetHints":{"allow":["GET"]}}],"collection":[{"href":"https:\/\/www.cidademarketing.com.br\/marketing\/wp-json\/wp\/v2\/posts"}],"about":[{"href":"https:\/\/www.cidademarketing.com.br\/marketing\/wp-json\/wp\/v2\/types\/post"}],"author":[{"embeddable":true,"href":"https:\/\/www.cidademarketing.com.br\/marketing\/wp-json\/wp\/v2\/users\/1"}],"replies":[{"embeddable":true,"href":"https:\/\/www.cidademarketing.com.br\/marketing\/wp-json\/wp\/v2\/comments?post=32557"}],"version-history":[{"count":1,"href":"https:\/\/www.cidademarketing.com.br\/marketing\/wp-json\/wp\/v2\/posts\/32557\/revisions"}],"predecessor-version":[{"id":32558,"href":"https:\/\/www.cidademarketing.com.br\/marketing\/wp-json\/wp\/v2\/posts\/32557\/revisions\/32558"}],"wp:featuredmedia":[{"embeddable":true,"href":"https:\/\/www.cidademarketing.com.br\/marketing\/wp-json\/wp\/v2\/media\/19029"}],"wp:attachment":[{"href":"https:\/\/www.cidademarketing.com.br\/marketing\/wp-json\/wp\/v2\/media?parent=32557"}],"wp:term":[{"taxonomy":"category","embeddable":true,"href":"https:\/\/www.cidademarketing.com.br\/marketing\/wp-json\/wp\/v2\/categories?post=32557"},{"taxonomy":"post_tag","embeddable":true,"href":"https:\/\/www.cidademarketing.com.br\/marketing\/wp-json\/wp\/v2\/tags?post=32557"}],"curies":[{"name":"wp","href":"https:\/\/api.w.org\/{rel}","templated":true}]}}