{"id":32378,"date":"2021-11-26T19:47:58","date_gmt":"2021-11-26T22:47:58","guid":{"rendered":"https:\/\/www.cidademarketing.com.br\/marketing\/?p=32378"},"modified":"2021-11-26T19:47:58","modified_gmt":"2021-11-26T22:47:58","slug":"veiculos-da-ebc-fazem-cobertura-da-final-da-copa-libertadores","status":"publish","type":"post","link":"https:\/\/www.cidademarketing.com.br\/marketing\/2021\/11\/26\/veiculos-da-ebc-fazem-cobertura-da-final-da-copa-libertadores\/","title":{"rendered":"Ve\u00edculos da EBC fazem cobertura da final da Copa Libertadores"},"content":{"rendered":"<p><iframe src=\"https:\/\/open.spotify.com\/embed\/show\/4khMKzP3FgFRWVwb73xicc\" width=\"100%\" height=\"232\" frameborder=\"0\"><\/iframe><br \/>\nOs ve\u00edculos da <strong>Empresa Brasil de Comunica\u00e7\u00e3o (EBC) <\/strong>acompanham as emo\u00e7\u00f5es que envolvem a partida decisiva pelo t\u00edtulo da <strong>Copa Libertadores da Am\u00e9rica<\/strong> que ser\u00e1 disputado entre<strong> Palmeiras<\/strong> e <strong>Flamengo<\/strong> neste s\u00e1bado, dia 27 de novembro, \u00e0s 17h, no est\u00e1dio Centen\u00e1rio, em Montevid\u00e9u, capital do Uruguai. A <strong>TV Brasil<\/strong>, a <strong>R\u00e1dio Nacional<\/strong> e a <strong>Ag\u00eancia Brasil<\/strong> preparam amplo material jornal\u00edstico sobre a final do mais importante torneio de clubes da Am\u00e9rica do Sul.<\/p>\n<p>Na programa\u00e7\u00e3o da emissora p\u00fablica, as not\u00edcias s\u00e3o apresentadas ao vivo em diversas atra\u00e7\u00f5es. A an\u00e1lise sobre o confronto vai ao ar nos programas esportivos Stadium e No Mundo da Bola. A cobertura jornal\u00edstica tamb\u00e9m ocorre nos telejornais Rep\u00f3rter Brasil Tarde e Rep\u00f3rter Brasil.<\/p>\n<p>J\u00e1 a R\u00e1dio Nacional transmite a decis\u00e3o do torneio neste s\u00e1bado (27) com um time de craques da cr\u00f4nica esportiva a partir das 16h. A Ag\u00eancia Brasil, por sua vez, tamb\u00e9m publica mat\u00e9rias sobre a competi\u00e7\u00e3o continental em sua editoria de Esportes.<\/p>\n<p><strong>Destaques na telinha<\/strong><\/p>\n<p>A TV Brasil exibe uma s\u00e9rie de conte\u00fados especiais sobre a final da Libertadores em que Palmeiras e Flamengo podem alcan\u00e7ar o tricampeonato. O programa Stadium tem a participa\u00e7\u00e3o de torcedores em mat\u00e9rias especiais e mostra uma orquestra infantil que interpreta o hino do clube vencedor. A produ\u00e7\u00e3o est\u00e1 no ar de segunda a sexta, ao vivo, \u00e0s 19h40.<\/p>\n<p>Com a participa\u00e7\u00e3o do time de reportagem e comentaristas do canal, o telejornalismo da TV Brasil ainda garante a cobertura durante as edi\u00e7\u00f5es dos telejornais Rep\u00f3rter Brasil Tarde e Rep\u00f3rter Brasil, de segunda a sexta, ao vivo, \u00e0s 12h15, e \u00e0s 19h, respectivamente.<\/p>\n<p>O tradicional programa esportivo semanal No Mundo da Bola, no domingo, ao vivo, \u00e0s 21h, repercute o t\u00edtulo de uma das equipes brasileiras no torneio sul-americano. Apresentada por Sergio du Bocage com os comentaristas titulares\u00a0Marcio Guedes, no Rio, e Luiz Ademar, direto de S\u00e3o Paulo, a mesa redonda recebe o t\u00e9cnico de futebol Ney Franco e o guitarrista Victor Biglione, f\u00e3 do esporte.<\/p>\n<p>A pesquisa do dia busca saber se o torcedor prefere que seu time seja campe\u00e3o brasileiro ap\u00f3s 50 anos de espera ou conquiste o tricampeonato da Libertadores. Para participar, os telespectadores podem enviar mensagem de texto pelo WhatsApp para o n\u00famero (21) 97148-9270. As respostas s\u00e3o lidas, ao vivo, durante o programa.<\/p>\n<p>O primeiro bloco do debate esportivo \u00e9 dedicado \u00e0 final da Copa Libertadores da Am\u00e9rica. Os analistas abordam o duelo entre paulistas e cariocas. Os resultados das s\u00e9ries A e B do Campeonato Brasileiro s\u00e3o o tema da segunda parte da atra\u00e7\u00e3o. O Atl\u00e9tico Mineiro est\u00e1 pr\u00f3ximo da aguardada ta\u00e7a nacional. No \u00faltimo bloco, o m\u00fasico Victor Biglione prepara uma performance surpresa para o No Mundo da Bola.<\/p>\n<p><strong>Transmiss\u00e3o do jogo pela R\u00e1dio Nacional<\/strong><\/p>\n<p>A R\u00e1dio Nacional transmite a decis\u00e3o da Copa Libertadores da Am\u00e9rica entre Palmeiras e Flamengo neste s\u00e1bado (27). Andr\u00e9 Marques abre a jornada esportiva \u00e0s 16h com o pr\u00e9-jogo da final. O bate-papo tem a participa\u00e7\u00e3o de grandes nomes da imprensa esportiva. Waldir Luiz, Mario Silva e Luiz Ademar comentam a expectativa para a final, enquanto Rodrigo Campos e Sergio du Bocage trazem as not\u00edcias.<\/p>\n<p>A partir das 16h45, Andr\u00e9 Luiz Mendes assume o comando da transmiss\u00e3o para narrar o confronto pela ta\u00e7a da competi\u00e7\u00e3o. Os comentaristas Waldir Luiz e Luiz Ademar analisam o duelo nacional pelo t\u00edtulo. Rodrigo Campos faz as reportagens e Sergio du Bocage cuida do plant\u00e3o do esporte.<\/p>\n<p><strong>Servi\u00e7o<\/strong><\/p>\n<p>Stadium \u2013 sexta e segunda-feira, dias 26 e 29\/11, \u00e0s 19h40, na TV Brasil<\/p>\n<p>Transmiss\u00e3o do jogo Flamengo x Palmeiras \u2013 s\u00e1bado, dia 27\/11, a partir 16h, na R\u00e1dio Nacional<\/p>\n<p>No Mundo da Bola \u2013 domingo, dia 28\/11, \u00e0s 21h, na TV Brasil<\/p>\n<p>Rep\u00f3rter Brasil Tarde e Rep\u00f3rter Brasil \u2013 segunda-feira, dia 29\/11, \u00e0s 12h15 e \u00e0s 19h, na TV Brasil<br \/>\n<iframe style=\"width: 100%; max-width: 660px; overflow: hidden; background: transparent;\" src=\"https:\/\/embed.podcasts.apple.com\/br\/podcast\/podcast-cidademarketing\/id1371923283\" height=\"450\" frameborder=\"0\" sandbox=\"allow-forms allow-popups allow-same-origin allow-scripts allow-storage-access-by-user-activation allow-top-navigation-by-user-activation\"><\/iframe><\/p>\n","protected":false},"excerpt":{"rendered":"<p>Os ve\u00edculos da Empresa Brasil de Comunica\u00e7\u00e3o (EBC) acompanham as emo\u00e7\u00f5es que envolvem a partida decisiva pelo t\u00edtulo da Copa Libertadores da Am\u00e9rica que ser\u00e1 disputado entre Palmeiras e Flamengo neste s\u00e1bado, dia 27 de novembro, \u00e0s 17h, no est\u00e1dio Centen\u00e1rio, em Montevid\u00e9u, capital do Uruguai. A TV Brasil, a R\u00e1dio Nacional e a Ag\u00eancia [&hellip;]<\/p>\n","protected":false},"author":1,"featured_media":18409,"comment_status":"open","ping_status":"open","sticky":false,"template":"","format":"standard","meta":{"tdm_status":"","tdm_grid_status":"","footnotes":""},"categories":[6],"tags":[308,394,33,941,386,28,3714,380],"class_list":["post-32378","post","type-post","status-publish","format-standard","has-post-thumbnail","hentry","category-noticias","tag-comunicacao","tag-ebc","tag-estrategia","tag-flamengo","tag-futebol","tag-marketing","tag-palmeira","tag-tv-brasil"],"yoast_head":"<!-- This site is optimized with the Yoast SEO plugin v27.5 - https:\/\/yoast.com\/product\/yoast-seo-wordpress\/ -->\n<title>Ve\u00edculos da EBC fazem cobertura da final da Copa Libertadores - CidadeMarketing<\/title>\n<meta name=\"robots\" content=\"index, follow, max-snippet:-1, max-image-preview:large, max-video-preview:-1\" \/>\n<link rel=\"canonical\" href=\"https:\/\/www.cidademarketing.com.br\/marketing\/2021\/11\/26\/veiculos-da-ebc-fazem-cobertura-da-final-da-copa-libertadores\/\" \/>\n<meta property=\"og:locale\" content=\"pt_BR\" \/>\n<meta property=\"og:type\" content=\"article\" \/>\n<meta property=\"og:title\" content=\"Ve\u00edculos da EBC fazem cobertura da final da Copa Libertadores - CidadeMarketing\" \/>\n<meta property=\"og:description\" content=\"Os ve\u00edculos da Empresa Brasil de Comunica\u00e7\u00e3o (EBC) acompanham as emo\u00e7\u00f5es que envolvem a partida decisiva pelo t\u00edtulo da Copa Libertadores da Am\u00e9rica que ser\u00e1 disputado entre Palmeiras e Flamengo neste s\u00e1bado, dia 27 de novembro, \u00e0s 17h, no est\u00e1dio Centen\u00e1rio, em Montevid\u00e9u, capital do Uruguai. A TV Brasil, a R\u00e1dio Nacional e a Ag\u00eancia [&hellip;]\" \/>\n<meta property=\"og:url\" content=\"https:\/\/www.cidademarketing.com.br\/marketing\/2021\/11\/26\/veiculos-da-ebc-fazem-cobertura-da-final-da-copa-libertadores\/\" \/>\n<meta property=\"og:site_name\" content=\"CidadeMarketing\" \/>\n<meta property=\"article:publisher\" content=\"https:\/\/www.facebook.com\/portalcidademarketing\" \/>\n<meta property=\"article:author\" content=\"https:\/\/www.facebook.com\/thalesbrandao\" \/>\n<meta property=\"article:published_time\" content=\"2021-11-26T22:47:58+00:00\" \/>\n<meta property=\"og:image\" content=\"https:\/\/www.cidademarketing.com.br\/marketing\/wp-content\/uploads\/2020\/08\/No_Mundo_da_Bola_Sergio_du_Bocage_02_Credito_Divulgacao_TV_Brasil.jpg\" \/>\n\t<meta property=\"og:image:width\" content=\"1798\" \/>\n\t<meta property=\"og:image:height\" content=\"1348\" \/>\n\t<meta property=\"og:image:type\" content=\"image\/jpeg\" \/>\n<meta name=\"author\" content=\"Thales Brand\u00e3o\" \/>\n<meta name=\"twitter:card\" content=\"summary_large_image\" \/>\n<meta name=\"twitter:creator\" content=\"@http:\/\/www.twitter.com\/thalesbrandao\" \/>\n<meta name=\"twitter:site\" content=\"@CidadeMarketing\" \/>\n<meta name=\"twitter:label1\" content=\"Escrito por\" \/>\n\t<meta name=\"twitter:data1\" content=\"Thales Brand\u00e3o\" \/>\n\t<meta name=\"twitter:label2\" content=\"Est. tempo de leitura\" \/>\n\t<meta name=\"twitter:data2\" content=\"3 minutos\" \/>\n<script type=\"application\/ld+json\" class=\"yoast-schema-graph\">{\"@context\":\"https:\\\/\\\/schema.org\",\"@graph\":[{\"@type\":\"Article\",\"@id\":\"https:\\\/\\\/www.cidademarketing.com.br\\\/marketing\\\/2021\\\/11\\\/26\\\/veiculos-da-ebc-fazem-cobertura-da-final-da-copa-libertadores\\\/#article\",\"isPartOf\":{\"@id\":\"https:\\\/\\\/www.cidademarketing.com.br\\\/marketing\\\/2021\\\/11\\\/26\\\/veiculos-da-ebc-fazem-cobertura-da-final-da-copa-libertadores\\\/\"},\"author\":{\"name\":\"Thales Brand\u00e3o\",\"@id\":\"https:\\\/\\\/www.cidademarketing.com.br\\\/marketing\\\/#\\\/schema\\\/person\\\/02daff9f18bd9378c9e01eb6b2db155f\"},\"headline\":\"Ve\u00edculos da EBC fazem cobertura da final da Copa Libertadores\",\"datePublished\":\"2021-11-26T22:47:58+00:00\",\"mainEntityOfPage\":{\"@id\":\"https:\\\/\\\/www.cidademarketing.com.br\\\/marketing\\\/2021\\\/11\\\/26\\\/veiculos-da-ebc-fazem-cobertura-da-final-da-copa-libertadores\\\/\"},\"wordCount\":699,\"commentCount\":0,\"publisher\":{\"@id\":\"https:\\\/\\\/www.cidademarketing.com.br\\\/marketing\\\/#organization\"},\"image\":{\"@id\":\"https:\\\/\\\/www.cidademarketing.com.br\\\/marketing\\\/2021\\\/11\\\/26\\\/veiculos-da-ebc-fazem-cobertura-da-final-da-copa-libertadores\\\/#primaryimage\"},\"thumbnailUrl\":\"https:\\\/\\\/www.cidademarketing.com.br\\\/marketing\\\/wp-content\\\/uploads\\\/2020\\\/08\\\/No_Mundo_da_Bola_Sergio_du_Bocage_02_Credito_Divulgacao_TV_Brasil.jpg\",\"keywords\":[\"comunica\u00e7\u00e3o\",\"EBC\",\"estrat\u00e9gia\",\"Flamengo\",\"futebol\",\"marketing\",\"Palmeira\",\"TV Brasil\"],\"articleSection\":[\"Not\u00edcias\"],\"inLanguage\":\"pt-BR\",\"potentialAction\":[{\"@type\":\"CommentAction\",\"name\":\"Comment\",\"target\":[\"https:\\\/\\\/www.cidademarketing.com.br\\\/marketing\\\/2021\\\/11\\\/26\\\/veiculos-da-ebc-fazem-cobertura-da-final-da-copa-libertadores\\\/#respond\"]}]},{\"@type\":\"WebPage\",\"@id\":\"https:\\\/\\\/www.cidademarketing.com.br\\\/marketing\\\/2021\\\/11\\\/26\\\/veiculos-da-ebc-fazem-cobertura-da-final-da-copa-libertadores\\\/\",\"url\":\"https:\\\/\\\/www.cidademarketing.com.br\\\/marketing\\\/2021\\\/11\\\/26\\\/veiculos-da-ebc-fazem-cobertura-da-final-da-copa-libertadores\\\/\",\"name\":\"Ve\u00edculos da EBC fazem cobertura da final da Copa Libertadores - CidadeMarketing\",\"isPartOf\":{\"@id\":\"https:\\\/\\\/www.cidademarketing.com.br\\\/marketing\\\/#website\"},\"primaryImageOfPage\":{\"@id\":\"https:\\\/\\\/www.cidademarketing.com.br\\\/marketing\\\/2021\\\/11\\\/26\\\/veiculos-da-ebc-fazem-cobertura-da-final-da-copa-libertadores\\\/#primaryimage\"},\"image\":{\"@id\":\"https:\\\/\\\/www.cidademarketing.com.br\\\/marketing\\\/2021\\\/11\\\/26\\\/veiculos-da-ebc-fazem-cobertura-da-final-da-copa-libertadores\\\/#primaryimage\"},\"thumbnailUrl\":\"https:\\\/\\\/www.cidademarketing.com.br\\\/marketing\\\/wp-content\\\/uploads\\\/2020\\\/08\\\/No_Mundo_da_Bola_Sergio_du_Bocage_02_Credito_Divulgacao_TV_Brasil.jpg\",\"datePublished\":\"2021-11-26T22:47:58+00:00\",\"breadcrumb\":{\"@id\":\"https:\\\/\\\/www.cidademarketing.com.br\\\/marketing\\\/2021\\\/11\\\/26\\\/veiculos-da-ebc-fazem-cobertura-da-final-da-copa-libertadores\\\/#breadcrumb\"},\"inLanguage\":\"pt-BR\",\"potentialAction\":[{\"@type\":\"ReadAction\",\"target\":[\"https:\\\/\\\/www.cidademarketing.com.br\\\/marketing\\\/2021\\\/11\\\/26\\\/veiculos-da-ebc-fazem-cobertura-da-final-da-copa-libertadores\\\/\"]}]},{\"@type\":\"ImageObject\",\"inLanguage\":\"pt-BR\",\"@id\":\"https:\\\/\\\/www.cidademarketing.com.br\\\/marketing\\\/2021\\\/11\\\/26\\\/veiculos-da-ebc-fazem-cobertura-da-final-da-copa-libertadores\\\/#primaryimage\",\"url\":\"https:\\\/\\\/www.cidademarketing.com.br\\\/marketing\\\/wp-content\\\/uploads\\\/2020\\\/08\\\/No_Mundo_da_Bola_Sergio_du_Bocage_02_Credito_Divulgacao_TV_Brasil.jpg\",\"contentUrl\":\"https:\\\/\\\/www.cidademarketing.com.br\\\/marketing\\\/wp-content\\\/uploads\\\/2020\\\/08\\\/No_Mundo_da_Bola_Sergio_du_Bocage_02_Credito_Divulgacao_TV_Brasil.jpg\",\"width\":1798,\"height\":1348,\"caption\":\"Divulga\u00e7\u00e3o\"},{\"@type\":\"BreadcrumbList\",\"@id\":\"https:\\\/\\\/www.cidademarketing.com.br\\\/marketing\\\/2021\\\/11\\\/26\\\/veiculos-da-ebc-fazem-cobertura-da-final-da-copa-libertadores\\\/#breadcrumb\",\"itemListElement\":[{\"@type\":\"ListItem\",\"position\":1,\"name\":\"In\u00edcio\",\"item\":\"https:\\\/\\\/www.cidademarketing.com.br\\\/marketing\\\/\"},{\"@type\":\"ListItem\",\"position\":2,\"name\":\"Ve\u00edculos da EBC fazem cobertura da final da Copa Libertadores\"}]},{\"@type\":\"WebSite\",\"@id\":\"https:\\\/\\\/www.cidademarketing.com.br\\\/marketing\\\/#website\",\"url\":\"https:\\\/\\\/www.cidademarketing.com.br\\\/marketing\\\/\",\"name\":\"CidadeMarketing\",\"description\":\"Somos um ve\u00edculo de comunica\u00e7\u00e3o de destaque no Brasil, reconhecido por conte\u00fados nos segmentos de marketing, empreendedorismo e inova\u00e7\u00e3o.\",\"publisher\":{\"@id\":\"https:\\\/\\\/www.cidademarketing.com.br\\\/marketing\\\/#organization\"},\"alternateName\":\"CidadeMarketing\",\"potentialAction\":[{\"@type\":\"SearchAction\",\"target\":{\"@type\":\"EntryPoint\",\"urlTemplate\":\"https:\\\/\\\/www.cidademarketing.com.br\\\/marketing\\\/?s={search_term_string}\"},\"query-input\":{\"@type\":\"PropertyValueSpecification\",\"valueRequired\":true,\"valueName\":\"search_term_string\"}}],\"inLanguage\":\"pt-BR\"},{\"@type\":\"Organization\",\"@id\":\"https:\\\/\\\/www.cidademarketing.com.br\\\/marketing\\\/#organization\",\"name\":\"CidadeMarketing\",\"alternateName\":\"CidadeMarketing\",\"url\":\"https:\\\/\\\/www.cidademarketing.com.br\\\/marketing\\\/\",\"logo\":{\"@type\":\"ImageObject\",\"inLanguage\":\"pt-BR\",\"@id\":\"https:\\\/\\\/www.cidademarketing.com.br\\\/marketing\\\/#\\\/schema\\\/logo\\\/image\\\/\",\"url\":\"https:\\\/\\\/www.cidademarketing.com.br\\\/marketing\\\/wp-content\\\/uploads\\\/2020\\\/01\\\/cidademarketing_marca_mobile.png\",\"contentUrl\":\"https:\\\/\\\/www.cidademarketing.com.br\\\/marketing\\\/wp-content\\\/uploads\\\/2020\\\/01\\\/cidademarketing_marca_mobile.png\",\"width\":230,\"height\":92,\"caption\":\"CidadeMarketing\"},\"image\":{\"@id\":\"https:\\\/\\\/www.cidademarketing.com.br\\\/marketing\\\/#\\\/schema\\\/logo\\\/image\\\/\"},\"sameAs\":[\"https:\\\/\\\/www.facebook.com\\\/portalcidademarketing\",\"https:\\\/\\\/x.com\\\/CidadeMarketing\",\"https:\\\/\\\/www.instagram.com\\\/cidademarketing\\\/\"]},{\"@type\":\"Person\",\"@id\":\"https:\\\/\\\/www.cidademarketing.com.br\\\/marketing\\\/#\\\/schema\\\/person\\\/02daff9f18bd9378c9e01eb6b2db155f\",\"name\":\"Thales Brand\u00e3o\",\"image\":{\"@type\":\"ImageObject\",\"inLanguage\":\"pt-BR\",\"@id\":\"https:\\\/\\\/secure.gravatar.com\\\/avatar\\\/7ca3206950207cc3cb48feec56a8a7898741ab725c368d99d5d7a5a50aab80c6?s=96&d=mm&r=g\",\"url\":\"https:\\\/\\\/secure.gravatar.com\\\/avatar\\\/7ca3206950207cc3cb48feec56a8a7898741ab725c368d99d5d7a5a50aab80c6?s=96&d=mm&r=g\",\"contentUrl\":\"https:\\\/\\\/secure.gravatar.com\\\/avatar\\\/7ca3206950207cc3cb48feec56a8a7898741ab725c368d99d5d7a5a50aab80c6?s=96&d=mm&r=g\",\"caption\":\"Thales Brand\u00e3o\"},\"description\":\"Editor Executivo do Portal CidadeMarketing.com.br &gt; Mestre em Comunica\u00e7\u00e3o e Sociedade pela Universidade Federal de Sergipe. Possui MBA Executivo em Administra\u00e7\u00e3o com \u00eanfase em Marketing pela Funda\u00e7\u00e3o Get\u00falio Vargas - Rio de Janeiro. Consultor, Palestrante e Pesquisador sobre Empreendedorismo, Marketing, Redes Sociais e Neg\u00f3cios Digitais. Professor, Palestrante TedxTalks e Campus Party. Twitter: @ThalesBrandao\",\"sameAs\":[\"http:\\\/\\\/www.mandacaru.com.br\",\"https:\\\/\\\/www.facebook.com\\\/thalesbrandao\",\"http:\\\/\\\/www.instagram.com.br\\\/thalesbrandaoferreira\",\"https:\\\/\\\/www.linkedin.com\\\/in\\\/thales-brand\u00e3o-3948609\\\/\",\"https:\\\/\\\/x.com\\\/http:\\\/\\\/www.twitter.com\\\/thalesbrandao\"],\"url\":\"https:\\\/\\\/www.cidademarketing.com.br\\\/marketing\\\/author\\\/thalesbrandao\\\/\"}]}<\/script>\n<!-- \/ Yoast SEO plugin. -->","yoast_head_json":{"title":"Ve\u00edculos da EBC fazem cobertura da final da Copa Libertadores - CidadeMarketing","robots":{"index":"index","follow":"follow","max-snippet":"max-snippet:-1","max-image-preview":"max-image-preview:large","max-video-preview":"max-video-preview:-1"},"canonical":"https:\/\/www.cidademarketing.com.br\/marketing\/2021\/11\/26\/veiculos-da-ebc-fazem-cobertura-da-final-da-copa-libertadores\/","og_locale":"pt_BR","og_type":"article","og_title":"Ve\u00edculos da EBC fazem cobertura da final da Copa Libertadores - CidadeMarketing","og_description":"Os ve\u00edculos da Empresa Brasil de Comunica\u00e7\u00e3o (EBC) acompanham as emo\u00e7\u00f5es que envolvem a partida decisiva pelo t\u00edtulo da Copa Libertadores da Am\u00e9rica que ser\u00e1 disputado entre Palmeiras e Flamengo neste s\u00e1bado, dia 27 de novembro, \u00e0s 17h, no est\u00e1dio Centen\u00e1rio, em Montevid\u00e9u, capital do Uruguai. A TV Brasil, a R\u00e1dio Nacional e a Ag\u00eancia [&hellip;]","og_url":"https:\/\/www.cidademarketing.com.br\/marketing\/2021\/11\/26\/veiculos-da-ebc-fazem-cobertura-da-final-da-copa-libertadores\/","og_site_name":"CidadeMarketing","article_publisher":"https:\/\/www.facebook.com\/portalcidademarketing","article_author":"https:\/\/www.facebook.com\/thalesbrandao","article_published_time":"2021-11-26T22:47:58+00:00","og_image":[{"width":1798,"height":1348,"url":"https:\/\/www.cidademarketing.com.br\/marketing\/wp-content\/uploads\/2020\/08\/No_Mundo_da_Bola_Sergio_du_Bocage_02_Credito_Divulgacao_TV_Brasil.jpg","type":"image\/jpeg"}],"author":"Thales Brand\u00e3o","twitter_card":"summary_large_image","twitter_creator":"@http:\/\/www.twitter.com\/thalesbrandao","twitter_site":"@CidadeMarketing","twitter_misc":{"Escrito por":"Thales Brand\u00e3o","Est. tempo de leitura":"3 minutos"},"schema":{"@context":"https:\/\/schema.org","@graph":[{"@type":"Article","@id":"https:\/\/www.cidademarketing.com.br\/marketing\/2021\/11\/26\/veiculos-da-ebc-fazem-cobertura-da-final-da-copa-libertadores\/#article","isPartOf":{"@id":"https:\/\/www.cidademarketing.com.br\/marketing\/2021\/11\/26\/veiculos-da-ebc-fazem-cobertura-da-final-da-copa-libertadores\/"},"author":{"name":"Thales Brand\u00e3o","@id":"https:\/\/www.cidademarketing.com.br\/marketing\/#\/schema\/person\/02daff9f18bd9378c9e01eb6b2db155f"},"headline":"Ve\u00edculos da EBC fazem cobertura da final da Copa Libertadores","datePublished":"2021-11-26T22:47:58+00:00","mainEntityOfPage":{"@id":"https:\/\/www.cidademarketing.com.br\/marketing\/2021\/11\/26\/veiculos-da-ebc-fazem-cobertura-da-final-da-copa-libertadores\/"},"wordCount":699,"commentCount":0,"publisher":{"@id":"https:\/\/www.cidademarketing.com.br\/marketing\/#organization"},"image":{"@id":"https:\/\/www.cidademarketing.com.br\/marketing\/2021\/11\/26\/veiculos-da-ebc-fazem-cobertura-da-final-da-copa-libertadores\/#primaryimage"},"thumbnailUrl":"https:\/\/www.cidademarketing.com.br\/marketing\/wp-content\/uploads\/2020\/08\/No_Mundo_da_Bola_Sergio_du_Bocage_02_Credito_Divulgacao_TV_Brasil.jpg","keywords":["comunica\u00e7\u00e3o","EBC","estrat\u00e9gia","Flamengo","futebol","marketing","Palmeira","TV Brasil"],"articleSection":["Not\u00edcias"],"inLanguage":"pt-BR","potentialAction":[{"@type":"CommentAction","name":"Comment","target":["https:\/\/www.cidademarketing.com.br\/marketing\/2021\/11\/26\/veiculos-da-ebc-fazem-cobertura-da-final-da-copa-libertadores\/#respond"]}]},{"@type":"WebPage","@id":"https:\/\/www.cidademarketing.com.br\/marketing\/2021\/11\/26\/veiculos-da-ebc-fazem-cobertura-da-final-da-copa-libertadores\/","url":"https:\/\/www.cidademarketing.com.br\/marketing\/2021\/11\/26\/veiculos-da-ebc-fazem-cobertura-da-final-da-copa-libertadores\/","name":"Ve\u00edculos da EBC fazem cobertura da final da Copa Libertadores - CidadeMarketing","isPartOf":{"@id":"https:\/\/www.cidademarketing.com.br\/marketing\/#website"},"primaryImageOfPage":{"@id":"https:\/\/www.cidademarketing.com.br\/marketing\/2021\/11\/26\/veiculos-da-ebc-fazem-cobertura-da-final-da-copa-libertadores\/#primaryimage"},"image":{"@id":"https:\/\/www.cidademarketing.com.br\/marketing\/2021\/11\/26\/veiculos-da-ebc-fazem-cobertura-da-final-da-copa-libertadores\/#primaryimage"},"thumbnailUrl":"https:\/\/www.cidademarketing.com.br\/marketing\/wp-content\/uploads\/2020\/08\/No_Mundo_da_Bola_Sergio_du_Bocage_02_Credito_Divulgacao_TV_Brasil.jpg","datePublished":"2021-11-26T22:47:58+00:00","breadcrumb":{"@id":"https:\/\/www.cidademarketing.com.br\/marketing\/2021\/11\/26\/veiculos-da-ebc-fazem-cobertura-da-final-da-copa-libertadores\/#breadcrumb"},"inLanguage":"pt-BR","potentialAction":[{"@type":"ReadAction","target":["https:\/\/www.cidademarketing.com.br\/marketing\/2021\/11\/26\/veiculos-da-ebc-fazem-cobertura-da-final-da-copa-libertadores\/"]}]},{"@type":"ImageObject","inLanguage":"pt-BR","@id":"https:\/\/www.cidademarketing.com.br\/marketing\/2021\/11\/26\/veiculos-da-ebc-fazem-cobertura-da-final-da-copa-libertadores\/#primaryimage","url":"https:\/\/www.cidademarketing.com.br\/marketing\/wp-content\/uploads\/2020\/08\/No_Mundo_da_Bola_Sergio_du_Bocage_02_Credito_Divulgacao_TV_Brasil.jpg","contentUrl":"https:\/\/www.cidademarketing.com.br\/marketing\/wp-content\/uploads\/2020\/08\/No_Mundo_da_Bola_Sergio_du_Bocage_02_Credito_Divulgacao_TV_Brasil.jpg","width":1798,"height":1348,"caption":"Divulga\u00e7\u00e3o"},{"@type":"BreadcrumbList","@id":"https:\/\/www.cidademarketing.com.br\/marketing\/2021\/11\/26\/veiculos-da-ebc-fazem-cobertura-da-final-da-copa-libertadores\/#breadcrumb","itemListElement":[{"@type":"ListItem","position":1,"name":"In\u00edcio","item":"https:\/\/www.cidademarketing.com.br\/marketing\/"},{"@type":"ListItem","position":2,"name":"Ve\u00edculos da EBC fazem cobertura da final da Copa Libertadores"}]},{"@type":"WebSite","@id":"https:\/\/www.cidademarketing.com.br\/marketing\/#website","url":"https:\/\/www.cidademarketing.com.br\/marketing\/","name":"CidadeMarketing","description":"Somos um ve\u00edculo de comunica\u00e7\u00e3o de destaque no Brasil, reconhecido por conte\u00fados nos segmentos de marketing, empreendedorismo e inova\u00e7\u00e3o.","publisher":{"@id":"https:\/\/www.cidademarketing.com.br\/marketing\/#organization"},"alternateName":"CidadeMarketing","potentialAction":[{"@type":"SearchAction","target":{"@type":"EntryPoint","urlTemplate":"https:\/\/www.cidademarketing.com.br\/marketing\/?s={search_term_string}"},"query-input":{"@type":"PropertyValueSpecification","valueRequired":true,"valueName":"search_term_string"}}],"inLanguage":"pt-BR"},{"@type":"Organization","@id":"https:\/\/www.cidademarketing.com.br\/marketing\/#organization","name":"CidadeMarketing","alternateName":"CidadeMarketing","url":"https:\/\/www.cidademarketing.com.br\/marketing\/","logo":{"@type":"ImageObject","inLanguage":"pt-BR","@id":"https:\/\/www.cidademarketing.com.br\/marketing\/#\/schema\/logo\/image\/","url":"https:\/\/www.cidademarketing.com.br\/marketing\/wp-content\/uploads\/2020\/01\/cidademarketing_marca_mobile.png","contentUrl":"https:\/\/www.cidademarketing.com.br\/marketing\/wp-content\/uploads\/2020\/01\/cidademarketing_marca_mobile.png","width":230,"height":92,"caption":"CidadeMarketing"},"image":{"@id":"https:\/\/www.cidademarketing.com.br\/marketing\/#\/schema\/logo\/image\/"},"sameAs":["https:\/\/www.facebook.com\/portalcidademarketing","https:\/\/x.com\/CidadeMarketing","https:\/\/www.instagram.com\/cidademarketing\/"]},{"@type":"Person","@id":"https:\/\/www.cidademarketing.com.br\/marketing\/#\/schema\/person\/02daff9f18bd9378c9e01eb6b2db155f","name":"Thales Brand\u00e3o","image":{"@type":"ImageObject","inLanguage":"pt-BR","@id":"https:\/\/secure.gravatar.com\/avatar\/7ca3206950207cc3cb48feec56a8a7898741ab725c368d99d5d7a5a50aab80c6?s=96&d=mm&r=g","url":"https:\/\/secure.gravatar.com\/avatar\/7ca3206950207cc3cb48feec56a8a7898741ab725c368d99d5d7a5a50aab80c6?s=96&d=mm&r=g","contentUrl":"https:\/\/secure.gravatar.com\/avatar\/7ca3206950207cc3cb48feec56a8a7898741ab725c368d99d5d7a5a50aab80c6?s=96&d=mm&r=g","caption":"Thales Brand\u00e3o"},"description":"Editor Executivo do Portal CidadeMarketing.com.br &gt; Mestre em Comunica\u00e7\u00e3o e Sociedade pela Universidade Federal de Sergipe. Possui MBA Executivo em Administra\u00e7\u00e3o com \u00eanfase em Marketing pela Funda\u00e7\u00e3o Get\u00falio Vargas - Rio de Janeiro. Consultor, Palestrante e Pesquisador sobre Empreendedorismo, Marketing, Redes Sociais e Neg\u00f3cios Digitais. Professor, Palestrante TedxTalks e Campus Party. Twitter: @ThalesBrandao","sameAs":["http:\/\/www.mandacaru.com.br","https:\/\/www.facebook.com\/thalesbrandao","http:\/\/www.instagram.com.br\/thalesbrandaoferreira","https:\/\/www.linkedin.com\/in\/thales-brand\u00e3o-3948609\/","https:\/\/x.com\/http:\/\/www.twitter.com\/thalesbrandao"],"url":"https:\/\/www.cidademarketing.com.br\/marketing\/author\/thalesbrandao\/"}]}},"amp_enabled":true,"_links":{"self":[{"href":"https:\/\/www.cidademarketing.com.br\/marketing\/wp-json\/wp\/v2\/posts\/32378","targetHints":{"allow":["GET"]}}],"collection":[{"href":"https:\/\/www.cidademarketing.com.br\/marketing\/wp-json\/wp\/v2\/posts"}],"about":[{"href":"https:\/\/www.cidademarketing.com.br\/marketing\/wp-json\/wp\/v2\/types\/post"}],"author":[{"embeddable":true,"href":"https:\/\/www.cidademarketing.com.br\/marketing\/wp-json\/wp\/v2\/users\/1"}],"replies":[{"embeddable":true,"href":"https:\/\/www.cidademarketing.com.br\/marketing\/wp-json\/wp\/v2\/comments?post=32378"}],"version-history":[{"count":1,"href":"https:\/\/www.cidademarketing.com.br\/marketing\/wp-json\/wp\/v2\/posts\/32378\/revisions"}],"predecessor-version":[{"id":32379,"href":"https:\/\/www.cidademarketing.com.br\/marketing\/wp-json\/wp\/v2\/posts\/32378\/revisions\/32379"}],"wp:featuredmedia":[{"embeddable":true,"href":"https:\/\/www.cidademarketing.com.br\/marketing\/wp-json\/wp\/v2\/media\/18409"}],"wp:attachment":[{"href":"https:\/\/www.cidademarketing.com.br\/marketing\/wp-json\/wp\/v2\/media?parent=32378"}],"wp:term":[{"taxonomy":"category","embeddable":true,"href":"https:\/\/www.cidademarketing.com.br\/marketing\/wp-json\/wp\/v2\/categories?post=32378"},{"taxonomy":"post_tag","embeddable":true,"href":"https:\/\/www.cidademarketing.com.br\/marketing\/wp-json\/wp\/v2\/tags?post=32378"}],"curies":[{"name":"wp","href":"https:\/\/api.w.org\/{rel}","templated":true}]}}