{"id":32209,"date":"2021-11-22T22:32:30","date_gmt":"2021-11-23T01:32:30","guid":{"rendered":"https:\/\/www.cidademarketing.com.br\/marketing\/?p=32209"},"modified":"2021-11-22T22:32:30","modified_gmt":"2021-11-23T01:32:30","slug":"cielo-abre-inscricoes-para-programa-de-estagio-em-estrategia-e-financas","status":"publish","type":"post","link":"https:\/\/www.cidademarketing.com.br\/marketing\/2021\/11\/22\/cielo-abre-inscricoes-para-programa-de-estagio-em-estrategia-e-financas\/","title":{"rendered":"Cielo abre inscri\u00e7\u00f5es para Programa de Est\u00e1gio em Estrat\u00e9gia e Finan\u00e7as"},"content":{"rendered":"<p><iframe src=\"https:\/\/open.spotify.com\/embed\/show\/4khMKzP3FgFRWVwb73xicc\" width=\"100%\" height=\"232\" frameborder=\"0\"><\/iframe><br \/>\nA Cielo, empresa l\u00edder em pagamentos eletr\u00f4nicos no Brasil e Am\u00e9rica Latina, est\u00e1 com inscri\u00e7\u00f5es abertas at\u00e9 o dia 05 de dezembro para seu Programa de Est\u00e1gio em Estrat\u00e9gia e Finan\u00e7as. As dez vagas s\u00e3o para estudantes de gradua\u00e7\u00e3o ou tecn\u00f3logo que cursam o \u00faltimo ou pen\u00faltimo ano de gradua\u00e7\u00e3o em cursos de ci\u00eancias exatas, engenharias, administra\u00e7\u00e3o ou economia.<\/p>\n<p>O programa de est\u00e1gio em Estrat\u00e9gia e Finan\u00e7as da Cielo \u00e9 para todas as pessoas, independentemente de idade, etnia, PcDs, g\u00eanero, orienta\u00e7\u00e3o sexual e religi\u00e3o. Alinhado a um ambiente diverso e de aprendizagem, os estagi\u00e1rios s\u00e3o incentivados diariamente a desenvolver seus potenciais em projetos desafiadores da empresa. Este programa tem como principal objetivo desenvolver jovens talentos universit\u00e1rios para as \u00e1reas de Planejamento Estrat\u00e9gico, Consultoria Interna, Planejamento e an\u00e1lise financeira, Melhorias de Performance e Efici\u00eancia de Gest\u00e3o.<\/p>\n<p>As pessoas selecionadas v\u00e3o elaborar estudos para ajudar na tomada de decis\u00e3o de executivos da companhia, no apoio \u00e0 modelagem financeira de projetos internos, na cria\u00e7\u00e3o de relatorias de an\u00e1lise e ser\u00e3o apresentados quest\u00f5es da rotina da Cielo para que possam fazer sugest\u00f5es e p\u00f4r abordagens em pr\u00e1tica. O candidato receber\u00e1, desde a primeira semana, treinamentos exclusivos , da Universidade Cielo em um uma trilha de desenvolvimento profissional e pessoal. Al\u00e9m de integrar com os demais estagi\u00e1rios e trocar experi\u00eancias.<\/p>\n<p>&#8220;Estamos em busca de pessoas engajadas e dispostas a fazer parte de uma das companhias mais inovadoras do pa\u00eds e refer\u00eancia no universo de pagamentos. As pessoas escolhidas ter\u00e3o a oportunidade de participar de projetos estrat\u00e9gicas para a companhia. E n\u00f3s estamos entusiasmados com a possibilidade de ensinar e de aprender. Aqui na Cielo todos t\u00eam direito a voz independente do n\u00edvel hier\u00e1rquico\u201d, afirma Fernando Pinto Lima.<\/p>\n<p>Ana Luiza Honorato, estudante de Engenharia de Produ\u00e7\u00e3o da Unicamp e estagi\u00e1ria da equipe de Desempenho Operacional em Planejamento Estrat\u00e9gico h\u00e1 tr\u00eas meses, conta que rapidamente foi acolhida pela companhia. \u201cEstou tendo contato com conte\u00fado e atividades de grande relev\u00e2ncia. \u00c9 uma grande oportunidade para mim\u201d, diz.<\/p>\n<p>A primeira etapa do processo seletivo \u00e9 composta pela realiza\u00e7\u00e3o do cadastro completo via Plataforma Online e realiza\u00e7\u00e3o da avalia\u00e7\u00e3o GMAT, teste de aptid\u00e3o l\u00f3gica e verbal em ingl\u00eas com objetivo de avaliar o racioc\u00ednio e capacidade anal\u00edtica dos candidatos. As pessoas selecionadas ir\u00e3o para uma segunda etapa de entrevistas com Gestores e Coordenadores da \u00e1rea.<\/p>\n<p>Os interessados dever\u00e3o se inscrever pelo site: programacielofinancas.gupy.io<\/p>\n<p><strong><u>Programa de Est\u00e1gio Cielo 2021<\/u><\/strong><\/p>\n<p><strong>Per\u00edodo de inscri\u00e7\u00e3o: <\/strong>Entre 22 de novembro e 05 de dezembro.<\/p>\n<p><strong>In\u00edcio do programa:<\/strong> Janeiro de 2022<\/p>\n<p><strong>Quem pode se inscrever: <\/strong>estudante do \u00faltimo ou pen\u00faltimo ano de gradua\u00e7\u00e3o ou tecn\u00f3logo em cursos de Ci\u00eancias Exatas, Engenharias, Administra\u00e7\u00e3o ou Economia<\/p>\n<p><strong>Requisitos avaliados:<\/strong> Al\u00e9m de alinhamento com compet\u00eancias e valores da companhia \u00e9 necess\u00e1rio ter Ingl\u00eas Avan\u00e7ado;Ter disponibilidade para atuar em Barueri (SP); ter no\u00e7\u00f5es b\u00e1sicas ou interesse em aprender ferramentas estat\u00edsticas e manipula\u00e7\u00e3o de Dados. Como: SaS, SQL, Python, Power BI.<\/p>\n<p>\u00c9 um diferencial se o candidato participar de iniciativas como Atl\u00e9tica, Movimento Empresa J\u00fanior e AIESEC ;<\/p>\n<p><strong>Benef\u00edcios:<\/strong> bolsa aux\u00edlio de R$ 1.800 se estiverem no pen\u00faltimo ano do curso e R$ 2.000 se cursarem o \u00faltimo ano. Assist\u00eancia m\u00e9dica e odontol\u00f3gica, previd\u00eancia privada, aux\u00edlio-refei\u00e7\u00e3o e alimenta\u00e7\u00e3o, fretado, vale transporte ou estacionamento, seguro de vida e Programa \u201cDe Bem com a Vida&#8221;, que inclui uma s\u00e9rie de atividades voltada para a qualidade de vida e sa\u00fade mental dos colaboradores.<\/p>\n<p><strong>Local de Trabalho<\/strong>: Alphaville \u2013 Barueri\/SP. A Cielo est\u00e1 atuando de forma h\u00edbrida.<\/p>\n<p><strong>Dura\u00e7\u00e3o do Programa: <\/strong>At\u00e9 24 meses<br \/>\n<iframe style=\"width: 100%; max-width: 660px; overflow: hidden; background: transparent;\" src=\"https:\/\/embed.podcasts.apple.com\/br\/podcast\/podcast-cidademarketing\/id1371923283\" height=\"450\" frameborder=\"0\" sandbox=\"allow-forms allow-popups allow-same-origin allow-scripts allow-storage-access-by-user-activation allow-top-navigation-by-user-activation\"><\/iframe><\/p>\n","protected":false},"excerpt":{"rendered":"<p>A Cielo, empresa l\u00edder em pagamentos eletr\u00f4nicos no Brasil e Am\u00e9rica Latina, est\u00e1 com inscri\u00e7\u00f5es abertas at\u00e9 o dia 05 de dezembro para seu Programa de Est\u00e1gio em Estrat\u00e9gia e Finan\u00e7as. As dez vagas s\u00e3o para estudantes de gradua\u00e7\u00e3o ou tecn\u00f3logo que cursam o \u00faltimo ou pen\u00faltimo ano de gradua\u00e7\u00e3o em cursos de ci\u00eancias exatas, [&hellip;]<\/p>\n","protected":false},"author":1,"featured_media":29108,"comment_status":"open","ping_status":"open","sticky":false,"template":"","format":"standard","meta":{"tdm_status":"","tdm_grid_status":"","footnotes":""},"categories":[6],"tags":[921,1562,33,430,28],"class_list":["post-32209","post","type-post","status-publish","format-standard","has-post-thumbnail","hentry","category-noticias","tag-cielo","tag-estagio","tag-estrategia","tag-financas","tag-marketing"],"yoast_head":"<!-- This site is optimized with the Yoast SEO plugin v27.4 - https:\/\/yoast.com\/product\/yoast-seo-wordpress\/ -->\n<title>Cielo abre inscri\u00e7\u00f5es para Programa de Est\u00e1gio em Estrat\u00e9gia e Finan\u00e7as - CidadeMarketing<\/title>\n<meta name=\"robots\" content=\"index, follow, max-snippet:-1, max-image-preview:large, max-video-preview:-1\" \/>\n<link rel=\"canonical\" href=\"https:\/\/www.cidademarketing.com.br\/marketing\/2021\/11\/22\/cielo-abre-inscricoes-para-programa-de-estagio-em-estrategia-e-financas\/\" \/>\n<meta property=\"og:locale\" content=\"pt_BR\" \/>\n<meta property=\"og:type\" content=\"article\" \/>\n<meta property=\"og:title\" content=\"Cielo abre inscri\u00e7\u00f5es para Programa de Est\u00e1gio em Estrat\u00e9gia e Finan\u00e7as - CidadeMarketing\" \/>\n<meta property=\"og:description\" content=\"A Cielo, empresa l\u00edder em pagamentos eletr\u00f4nicos no Brasil e Am\u00e9rica Latina, est\u00e1 com inscri\u00e7\u00f5es abertas at\u00e9 o dia 05 de dezembro para seu Programa de Est\u00e1gio em Estrat\u00e9gia e Finan\u00e7as. As dez vagas s\u00e3o para estudantes de gradua\u00e7\u00e3o ou tecn\u00f3logo que cursam o \u00faltimo ou pen\u00faltimo ano de gradua\u00e7\u00e3o em cursos de ci\u00eancias exatas, [&hellip;]\" \/>\n<meta property=\"og:url\" content=\"https:\/\/www.cidademarketing.com.br\/marketing\/2021\/11\/22\/cielo-abre-inscricoes-para-programa-de-estagio-em-estrategia-e-financas\/\" \/>\n<meta property=\"og:site_name\" content=\"CidadeMarketing\" \/>\n<meta property=\"article:publisher\" content=\"https:\/\/www.facebook.com\/portalcidademarketing\" \/>\n<meta property=\"article:author\" content=\"https:\/\/www.facebook.com\/thalesbrandao\" \/>\n<meta property=\"article:published_time\" content=\"2021-11-23T01:32:30+00:00\" \/>\n<meta property=\"og:image\" content=\"https:\/\/www.cidademarketing.com.br\/marketing\/wp-content\/uploads\/2021\/09\/cielo_marca.png\" \/>\n\t<meta property=\"og:image:width\" content=\"400\" \/>\n\t<meta property=\"og:image:height\" content=\"400\" \/>\n\t<meta property=\"og:image:type\" content=\"image\/png\" \/>\n<meta name=\"author\" content=\"Thales Brand\u00e3o\" \/>\n<meta name=\"twitter:card\" content=\"summary_large_image\" \/>\n<meta name=\"twitter:creator\" content=\"@http:\/\/www.twitter.com\/thalesbrandao\" \/>\n<meta name=\"twitter:site\" content=\"@CidadeMarketing\" \/>\n<meta name=\"twitter:label1\" content=\"Escrito por\" \/>\n\t<meta name=\"twitter:data1\" content=\"Thales Brand\u00e3o\" \/>\n\t<meta name=\"twitter:label2\" content=\"Est. tempo de leitura\" \/>\n\t<meta name=\"twitter:data2\" content=\"3 minutos\" \/>\n<script type=\"application\/ld+json\" class=\"yoast-schema-graph\">{\"@context\":\"https:\\\/\\\/schema.org\",\"@graph\":[{\"@type\":\"Article\",\"@id\":\"https:\\\/\\\/www.cidademarketing.com.br\\\/marketing\\\/2021\\\/11\\\/22\\\/cielo-abre-inscricoes-para-programa-de-estagio-em-estrategia-e-financas\\\/#article\",\"isPartOf\":{\"@id\":\"https:\\\/\\\/www.cidademarketing.com.br\\\/marketing\\\/2021\\\/11\\\/22\\\/cielo-abre-inscricoes-para-programa-de-estagio-em-estrategia-e-financas\\\/\"},\"author\":{\"name\":\"Thales Brand\u00e3o\",\"@id\":\"https:\\\/\\\/www.cidademarketing.com.br\\\/marketing\\\/#\\\/schema\\\/person\\\/02daff9f18bd9378c9e01eb6b2db155f\"},\"headline\":\"Cielo abre inscri\u00e7\u00f5es para Programa de Est\u00e1gio em Estrat\u00e9gia e Finan\u00e7as\",\"datePublished\":\"2021-11-23T01:32:30+00:00\",\"mainEntityOfPage\":{\"@id\":\"https:\\\/\\\/www.cidademarketing.com.br\\\/marketing\\\/2021\\\/11\\\/22\\\/cielo-abre-inscricoes-para-programa-de-estagio-em-estrategia-e-financas\\\/\"},\"wordCount\":676,\"commentCount\":0,\"publisher\":{\"@id\":\"https:\\\/\\\/www.cidademarketing.com.br\\\/marketing\\\/#organization\"},\"image\":{\"@id\":\"https:\\\/\\\/www.cidademarketing.com.br\\\/marketing\\\/2021\\\/11\\\/22\\\/cielo-abre-inscricoes-para-programa-de-estagio-em-estrategia-e-financas\\\/#primaryimage\"},\"thumbnailUrl\":\"https:\\\/\\\/www.cidademarketing.com.br\\\/marketing\\\/wp-content\\\/uploads\\\/2021\\\/09\\\/cielo_marca.png\",\"keywords\":[\"Cielo\",\"est\u00e1gio\",\"estrat\u00e9gia\",\"finan\u00e7as\",\"marketing\"],\"articleSection\":[\"Not\u00edcias\"],\"inLanguage\":\"pt-BR\",\"potentialAction\":[{\"@type\":\"CommentAction\",\"name\":\"Comment\",\"target\":[\"https:\\\/\\\/www.cidademarketing.com.br\\\/marketing\\\/2021\\\/11\\\/22\\\/cielo-abre-inscricoes-para-programa-de-estagio-em-estrategia-e-financas\\\/#respond\"]}]},{\"@type\":\"WebPage\",\"@id\":\"https:\\\/\\\/www.cidademarketing.com.br\\\/marketing\\\/2021\\\/11\\\/22\\\/cielo-abre-inscricoes-para-programa-de-estagio-em-estrategia-e-financas\\\/\",\"url\":\"https:\\\/\\\/www.cidademarketing.com.br\\\/marketing\\\/2021\\\/11\\\/22\\\/cielo-abre-inscricoes-para-programa-de-estagio-em-estrategia-e-financas\\\/\",\"name\":\"Cielo abre inscri\u00e7\u00f5es para Programa de Est\u00e1gio em Estrat\u00e9gia e Finan\u00e7as - CidadeMarketing\",\"isPartOf\":{\"@id\":\"https:\\\/\\\/www.cidademarketing.com.br\\\/marketing\\\/#website\"},\"primaryImageOfPage\":{\"@id\":\"https:\\\/\\\/www.cidademarketing.com.br\\\/marketing\\\/2021\\\/11\\\/22\\\/cielo-abre-inscricoes-para-programa-de-estagio-em-estrategia-e-financas\\\/#primaryimage\"},\"image\":{\"@id\":\"https:\\\/\\\/www.cidademarketing.com.br\\\/marketing\\\/2021\\\/11\\\/22\\\/cielo-abre-inscricoes-para-programa-de-estagio-em-estrategia-e-financas\\\/#primaryimage\"},\"thumbnailUrl\":\"https:\\\/\\\/www.cidademarketing.com.br\\\/marketing\\\/wp-content\\\/uploads\\\/2021\\\/09\\\/cielo_marca.png\",\"datePublished\":\"2021-11-23T01:32:30+00:00\",\"breadcrumb\":{\"@id\":\"https:\\\/\\\/www.cidademarketing.com.br\\\/marketing\\\/2021\\\/11\\\/22\\\/cielo-abre-inscricoes-para-programa-de-estagio-em-estrategia-e-financas\\\/#breadcrumb\"},\"inLanguage\":\"pt-BR\",\"potentialAction\":[{\"@type\":\"ReadAction\",\"target\":[\"https:\\\/\\\/www.cidademarketing.com.br\\\/marketing\\\/2021\\\/11\\\/22\\\/cielo-abre-inscricoes-para-programa-de-estagio-em-estrategia-e-financas\\\/\"]}]},{\"@type\":\"ImageObject\",\"inLanguage\":\"pt-BR\",\"@id\":\"https:\\\/\\\/www.cidademarketing.com.br\\\/marketing\\\/2021\\\/11\\\/22\\\/cielo-abre-inscricoes-para-programa-de-estagio-em-estrategia-e-financas\\\/#primaryimage\",\"url\":\"https:\\\/\\\/www.cidademarketing.com.br\\\/marketing\\\/wp-content\\\/uploads\\\/2021\\\/09\\\/cielo_marca.png\",\"contentUrl\":\"https:\\\/\\\/www.cidademarketing.com.br\\\/marketing\\\/wp-content\\\/uploads\\\/2021\\\/09\\\/cielo_marca.png\",\"width\":400,\"height\":400},{\"@type\":\"BreadcrumbList\",\"@id\":\"https:\\\/\\\/www.cidademarketing.com.br\\\/marketing\\\/2021\\\/11\\\/22\\\/cielo-abre-inscricoes-para-programa-de-estagio-em-estrategia-e-financas\\\/#breadcrumb\",\"itemListElement\":[{\"@type\":\"ListItem\",\"position\":1,\"name\":\"In\u00edcio\",\"item\":\"https:\\\/\\\/www.cidademarketing.com.br\\\/marketing\\\/\"},{\"@type\":\"ListItem\",\"position\":2,\"name\":\"Cielo abre inscri\u00e7\u00f5es para Programa de Est\u00e1gio em Estrat\u00e9gia e Finan\u00e7as\"}]},{\"@type\":\"WebSite\",\"@id\":\"https:\\\/\\\/www.cidademarketing.com.br\\\/marketing\\\/#website\",\"url\":\"https:\\\/\\\/www.cidademarketing.com.br\\\/marketing\\\/\",\"name\":\"CidadeMarketing\",\"description\":\"Somos um ve\u00edculo de comunica\u00e7\u00e3o de destaque no Brasil, reconhecido por conte\u00fados nos segmentos de marketing, empreendedorismo e inova\u00e7\u00e3o.\",\"publisher\":{\"@id\":\"https:\\\/\\\/www.cidademarketing.com.br\\\/marketing\\\/#organization\"},\"alternateName\":\"CidadeMarketing\",\"potentialAction\":[{\"@type\":\"SearchAction\",\"target\":{\"@type\":\"EntryPoint\",\"urlTemplate\":\"https:\\\/\\\/www.cidademarketing.com.br\\\/marketing\\\/?s={search_term_string}\"},\"query-input\":{\"@type\":\"PropertyValueSpecification\",\"valueRequired\":true,\"valueName\":\"search_term_string\"}}],\"inLanguage\":\"pt-BR\"},{\"@type\":\"Organization\",\"@id\":\"https:\\\/\\\/www.cidademarketing.com.br\\\/marketing\\\/#organization\",\"name\":\"CidadeMarketing\",\"alternateName\":\"CidadeMarketing\",\"url\":\"https:\\\/\\\/www.cidademarketing.com.br\\\/marketing\\\/\",\"logo\":{\"@type\":\"ImageObject\",\"inLanguage\":\"pt-BR\",\"@id\":\"https:\\\/\\\/www.cidademarketing.com.br\\\/marketing\\\/#\\\/schema\\\/logo\\\/image\\\/\",\"url\":\"https:\\\/\\\/www.cidademarketing.com.br\\\/marketing\\\/wp-content\\\/uploads\\\/2020\\\/01\\\/cidademarketing_marca_mobile.png\",\"contentUrl\":\"https:\\\/\\\/www.cidademarketing.com.br\\\/marketing\\\/wp-content\\\/uploads\\\/2020\\\/01\\\/cidademarketing_marca_mobile.png\",\"width\":230,\"height\":92,\"caption\":\"CidadeMarketing\"},\"image\":{\"@id\":\"https:\\\/\\\/www.cidademarketing.com.br\\\/marketing\\\/#\\\/schema\\\/logo\\\/image\\\/\"},\"sameAs\":[\"https:\\\/\\\/www.facebook.com\\\/portalcidademarketing\",\"https:\\\/\\\/x.com\\\/CidadeMarketing\",\"https:\\\/\\\/www.instagram.com\\\/cidademarketing\\\/\"]},{\"@type\":\"Person\",\"@id\":\"https:\\\/\\\/www.cidademarketing.com.br\\\/marketing\\\/#\\\/schema\\\/person\\\/02daff9f18bd9378c9e01eb6b2db155f\",\"name\":\"Thales Brand\u00e3o\",\"image\":{\"@type\":\"ImageObject\",\"inLanguage\":\"pt-BR\",\"@id\":\"https:\\\/\\\/secure.gravatar.com\\\/avatar\\\/7ca3206950207cc3cb48feec56a8a7898741ab725c368d99d5d7a5a50aab80c6?s=96&d=mm&r=g\",\"url\":\"https:\\\/\\\/secure.gravatar.com\\\/avatar\\\/7ca3206950207cc3cb48feec56a8a7898741ab725c368d99d5d7a5a50aab80c6?s=96&d=mm&r=g\",\"contentUrl\":\"https:\\\/\\\/secure.gravatar.com\\\/avatar\\\/7ca3206950207cc3cb48feec56a8a7898741ab725c368d99d5d7a5a50aab80c6?s=96&d=mm&r=g\",\"caption\":\"Thales Brand\u00e3o\"},\"description\":\"Editor Executivo do Portal CidadeMarketing.com.br &gt; Mestre em Comunica\u00e7\u00e3o e Sociedade pela Universidade Federal de Sergipe. Possui MBA Executivo em Administra\u00e7\u00e3o com \u00eanfase em Marketing pela Funda\u00e7\u00e3o Get\u00falio Vargas - Rio de Janeiro. Consultor, Palestrante e Pesquisador sobre Empreendedorismo, Marketing, Redes Sociais e Neg\u00f3cios Digitais. Professor, Palestrante TedxTalks e Campus Party. Twitter: @ThalesBrandao\",\"sameAs\":[\"http:\\\/\\\/www.mandacaru.com.br\",\"https:\\\/\\\/www.facebook.com\\\/thalesbrandao\",\"http:\\\/\\\/www.instagram.com.br\\\/thalesbrandaoferreira\",\"https:\\\/\\\/www.linkedin.com\\\/in\\\/thales-brand\u00e3o-3948609\\\/\",\"https:\\\/\\\/x.com\\\/http:\\\/\\\/www.twitter.com\\\/thalesbrandao\"],\"url\":\"https:\\\/\\\/www.cidademarketing.com.br\\\/marketing\\\/author\\\/thalesbrandao\\\/\"}]}<\/script>\n<!-- \/ Yoast SEO plugin. -->","yoast_head_json":{"title":"Cielo abre inscri\u00e7\u00f5es para Programa de Est\u00e1gio em Estrat\u00e9gia e Finan\u00e7as - CidadeMarketing","robots":{"index":"index","follow":"follow","max-snippet":"max-snippet:-1","max-image-preview":"max-image-preview:large","max-video-preview":"max-video-preview:-1"},"canonical":"https:\/\/www.cidademarketing.com.br\/marketing\/2021\/11\/22\/cielo-abre-inscricoes-para-programa-de-estagio-em-estrategia-e-financas\/","og_locale":"pt_BR","og_type":"article","og_title":"Cielo abre inscri\u00e7\u00f5es para Programa de Est\u00e1gio em Estrat\u00e9gia e Finan\u00e7as - CidadeMarketing","og_description":"A Cielo, empresa l\u00edder em pagamentos eletr\u00f4nicos no Brasil e Am\u00e9rica Latina, est\u00e1 com inscri\u00e7\u00f5es abertas at\u00e9 o dia 05 de dezembro para seu Programa de Est\u00e1gio em Estrat\u00e9gia e Finan\u00e7as. As dez vagas s\u00e3o para estudantes de gradua\u00e7\u00e3o ou tecn\u00f3logo que cursam o \u00faltimo ou pen\u00faltimo ano de gradua\u00e7\u00e3o em cursos de ci\u00eancias exatas, [&hellip;]","og_url":"https:\/\/www.cidademarketing.com.br\/marketing\/2021\/11\/22\/cielo-abre-inscricoes-para-programa-de-estagio-em-estrategia-e-financas\/","og_site_name":"CidadeMarketing","article_publisher":"https:\/\/www.facebook.com\/portalcidademarketing","article_author":"https:\/\/www.facebook.com\/thalesbrandao","article_published_time":"2021-11-23T01:32:30+00:00","og_image":[{"width":400,"height":400,"url":"https:\/\/www.cidademarketing.com.br\/marketing\/wp-content\/uploads\/2021\/09\/cielo_marca.png","type":"image\/png"}],"author":"Thales Brand\u00e3o","twitter_card":"summary_large_image","twitter_creator":"@http:\/\/www.twitter.com\/thalesbrandao","twitter_site":"@CidadeMarketing","twitter_misc":{"Escrito por":"Thales Brand\u00e3o","Est. tempo de leitura":"3 minutos"},"schema":{"@context":"https:\/\/schema.org","@graph":[{"@type":"Article","@id":"https:\/\/www.cidademarketing.com.br\/marketing\/2021\/11\/22\/cielo-abre-inscricoes-para-programa-de-estagio-em-estrategia-e-financas\/#article","isPartOf":{"@id":"https:\/\/www.cidademarketing.com.br\/marketing\/2021\/11\/22\/cielo-abre-inscricoes-para-programa-de-estagio-em-estrategia-e-financas\/"},"author":{"name":"Thales Brand\u00e3o","@id":"https:\/\/www.cidademarketing.com.br\/marketing\/#\/schema\/person\/02daff9f18bd9378c9e01eb6b2db155f"},"headline":"Cielo abre inscri\u00e7\u00f5es para Programa de Est\u00e1gio em Estrat\u00e9gia e Finan\u00e7as","datePublished":"2021-11-23T01:32:30+00:00","mainEntityOfPage":{"@id":"https:\/\/www.cidademarketing.com.br\/marketing\/2021\/11\/22\/cielo-abre-inscricoes-para-programa-de-estagio-em-estrategia-e-financas\/"},"wordCount":676,"commentCount":0,"publisher":{"@id":"https:\/\/www.cidademarketing.com.br\/marketing\/#organization"},"image":{"@id":"https:\/\/www.cidademarketing.com.br\/marketing\/2021\/11\/22\/cielo-abre-inscricoes-para-programa-de-estagio-em-estrategia-e-financas\/#primaryimage"},"thumbnailUrl":"https:\/\/www.cidademarketing.com.br\/marketing\/wp-content\/uploads\/2021\/09\/cielo_marca.png","keywords":["Cielo","est\u00e1gio","estrat\u00e9gia","finan\u00e7as","marketing"],"articleSection":["Not\u00edcias"],"inLanguage":"pt-BR","potentialAction":[{"@type":"CommentAction","name":"Comment","target":["https:\/\/www.cidademarketing.com.br\/marketing\/2021\/11\/22\/cielo-abre-inscricoes-para-programa-de-estagio-em-estrategia-e-financas\/#respond"]}]},{"@type":"WebPage","@id":"https:\/\/www.cidademarketing.com.br\/marketing\/2021\/11\/22\/cielo-abre-inscricoes-para-programa-de-estagio-em-estrategia-e-financas\/","url":"https:\/\/www.cidademarketing.com.br\/marketing\/2021\/11\/22\/cielo-abre-inscricoes-para-programa-de-estagio-em-estrategia-e-financas\/","name":"Cielo abre inscri\u00e7\u00f5es para Programa de Est\u00e1gio em Estrat\u00e9gia e Finan\u00e7as - CidadeMarketing","isPartOf":{"@id":"https:\/\/www.cidademarketing.com.br\/marketing\/#website"},"primaryImageOfPage":{"@id":"https:\/\/www.cidademarketing.com.br\/marketing\/2021\/11\/22\/cielo-abre-inscricoes-para-programa-de-estagio-em-estrategia-e-financas\/#primaryimage"},"image":{"@id":"https:\/\/www.cidademarketing.com.br\/marketing\/2021\/11\/22\/cielo-abre-inscricoes-para-programa-de-estagio-em-estrategia-e-financas\/#primaryimage"},"thumbnailUrl":"https:\/\/www.cidademarketing.com.br\/marketing\/wp-content\/uploads\/2021\/09\/cielo_marca.png","datePublished":"2021-11-23T01:32:30+00:00","breadcrumb":{"@id":"https:\/\/www.cidademarketing.com.br\/marketing\/2021\/11\/22\/cielo-abre-inscricoes-para-programa-de-estagio-em-estrategia-e-financas\/#breadcrumb"},"inLanguage":"pt-BR","potentialAction":[{"@type":"ReadAction","target":["https:\/\/www.cidademarketing.com.br\/marketing\/2021\/11\/22\/cielo-abre-inscricoes-para-programa-de-estagio-em-estrategia-e-financas\/"]}]},{"@type":"ImageObject","inLanguage":"pt-BR","@id":"https:\/\/www.cidademarketing.com.br\/marketing\/2021\/11\/22\/cielo-abre-inscricoes-para-programa-de-estagio-em-estrategia-e-financas\/#primaryimage","url":"https:\/\/www.cidademarketing.com.br\/marketing\/wp-content\/uploads\/2021\/09\/cielo_marca.png","contentUrl":"https:\/\/www.cidademarketing.com.br\/marketing\/wp-content\/uploads\/2021\/09\/cielo_marca.png","width":400,"height":400},{"@type":"BreadcrumbList","@id":"https:\/\/www.cidademarketing.com.br\/marketing\/2021\/11\/22\/cielo-abre-inscricoes-para-programa-de-estagio-em-estrategia-e-financas\/#breadcrumb","itemListElement":[{"@type":"ListItem","position":1,"name":"In\u00edcio","item":"https:\/\/www.cidademarketing.com.br\/marketing\/"},{"@type":"ListItem","position":2,"name":"Cielo abre inscri\u00e7\u00f5es para Programa de Est\u00e1gio em Estrat\u00e9gia e Finan\u00e7as"}]},{"@type":"WebSite","@id":"https:\/\/www.cidademarketing.com.br\/marketing\/#website","url":"https:\/\/www.cidademarketing.com.br\/marketing\/","name":"CidadeMarketing","description":"Somos um ve\u00edculo de comunica\u00e7\u00e3o de destaque no Brasil, reconhecido por conte\u00fados nos segmentos de marketing, empreendedorismo e inova\u00e7\u00e3o.","publisher":{"@id":"https:\/\/www.cidademarketing.com.br\/marketing\/#organization"},"alternateName":"CidadeMarketing","potentialAction":[{"@type":"SearchAction","target":{"@type":"EntryPoint","urlTemplate":"https:\/\/www.cidademarketing.com.br\/marketing\/?s={search_term_string}"},"query-input":{"@type":"PropertyValueSpecification","valueRequired":true,"valueName":"search_term_string"}}],"inLanguage":"pt-BR"},{"@type":"Organization","@id":"https:\/\/www.cidademarketing.com.br\/marketing\/#organization","name":"CidadeMarketing","alternateName":"CidadeMarketing","url":"https:\/\/www.cidademarketing.com.br\/marketing\/","logo":{"@type":"ImageObject","inLanguage":"pt-BR","@id":"https:\/\/www.cidademarketing.com.br\/marketing\/#\/schema\/logo\/image\/","url":"https:\/\/www.cidademarketing.com.br\/marketing\/wp-content\/uploads\/2020\/01\/cidademarketing_marca_mobile.png","contentUrl":"https:\/\/www.cidademarketing.com.br\/marketing\/wp-content\/uploads\/2020\/01\/cidademarketing_marca_mobile.png","width":230,"height":92,"caption":"CidadeMarketing"},"image":{"@id":"https:\/\/www.cidademarketing.com.br\/marketing\/#\/schema\/logo\/image\/"},"sameAs":["https:\/\/www.facebook.com\/portalcidademarketing","https:\/\/x.com\/CidadeMarketing","https:\/\/www.instagram.com\/cidademarketing\/"]},{"@type":"Person","@id":"https:\/\/www.cidademarketing.com.br\/marketing\/#\/schema\/person\/02daff9f18bd9378c9e01eb6b2db155f","name":"Thales Brand\u00e3o","image":{"@type":"ImageObject","inLanguage":"pt-BR","@id":"https:\/\/secure.gravatar.com\/avatar\/7ca3206950207cc3cb48feec56a8a7898741ab725c368d99d5d7a5a50aab80c6?s=96&d=mm&r=g","url":"https:\/\/secure.gravatar.com\/avatar\/7ca3206950207cc3cb48feec56a8a7898741ab725c368d99d5d7a5a50aab80c6?s=96&d=mm&r=g","contentUrl":"https:\/\/secure.gravatar.com\/avatar\/7ca3206950207cc3cb48feec56a8a7898741ab725c368d99d5d7a5a50aab80c6?s=96&d=mm&r=g","caption":"Thales Brand\u00e3o"},"description":"Editor Executivo do Portal CidadeMarketing.com.br &gt; Mestre em Comunica\u00e7\u00e3o e Sociedade pela Universidade Federal de Sergipe. Possui MBA Executivo em Administra\u00e7\u00e3o com \u00eanfase em Marketing pela Funda\u00e7\u00e3o Get\u00falio Vargas - Rio de Janeiro. Consultor, Palestrante e Pesquisador sobre Empreendedorismo, Marketing, Redes Sociais e Neg\u00f3cios Digitais. Professor, Palestrante TedxTalks e Campus Party. Twitter: @ThalesBrandao","sameAs":["http:\/\/www.mandacaru.com.br","https:\/\/www.facebook.com\/thalesbrandao","http:\/\/www.instagram.com.br\/thalesbrandaoferreira","https:\/\/www.linkedin.com\/in\/thales-brand\u00e3o-3948609\/","https:\/\/x.com\/http:\/\/www.twitter.com\/thalesbrandao"],"url":"https:\/\/www.cidademarketing.com.br\/marketing\/author\/thalesbrandao\/"}]}},"amp_enabled":true,"_links":{"self":[{"href":"https:\/\/www.cidademarketing.com.br\/marketing\/wp-json\/wp\/v2\/posts\/32209","targetHints":{"allow":["GET"]}}],"collection":[{"href":"https:\/\/www.cidademarketing.com.br\/marketing\/wp-json\/wp\/v2\/posts"}],"about":[{"href":"https:\/\/www.cidademarketing.com.br\/marketing\/wp-json\/wp\/v2\/types\/post"}],"author":[{"embeddable":true,"href":"https:\/\/www.cidademarketing.com.br\/marketing\/wp-json\/wp\/v2\/users\/1"}],"replies":[{"embeddable":true,"href":"https:\/\/www.cidademarketing.com.br\/marketing\/wp-json\/wp\/v2\/comments?post=32209"}],"version-history":[{"count":1,"href":"https:\/\/www.cidademarketing.com.br\/marketing\/wp-json\/wp\/v2\/posts\/32209\/revisions"}],"predecessor-version":[{"id":32210,"href":"https:\/\/www.cidademarketing.com.br\/marketing\/wp-json\/wp\/v2\/posts\/32209\/revisions\/32210"}],"wp:featuredmedia":[{"embeddable":true,"href":"https:\/\/www.cidademarketing.com.br\/marketing\/wp-json\/wp\/v2\/media\/29108"}],"wp:attachment":[{"href":"https:\/\/www.cidademarketing.com.br\/marketing\/wp-json\/wp\/v2\/media?parent=32209"}],"wp:term":[{"taxonomy":"category","embeddable":true,"href":"https:\/\/www.cidademarketing.com.br\/marketing\/wp-json\/wp\/v2\/categories?post=32209"},{"taxonomy":"post_tag","embeddable":true,"href":"https:\/\/www.cidademarketing.com.br\/marketing\/wp-json\/wp\/v2\/tags?post=32209"}],"curies":[{"name":"wp","href":"https:\/\/api.w.org\/{rel}","templated":true}]}}