{"id":32032,"date":"2021-11-19T19:50:08","date_gmt":"2021-11-19T22:50:08","guid":{"rendered":"https:\/\/www.cidademarketing.com.br\/marketing\/?p=32032"},"modified":"2021-11-19T19:50:10","modified_gmt":"2021-11-19T22:50:10","slug":"conheca-os-vencedores-do-43o-premio-profissionais-do-ano","status":"publish","type":"post","link":"https:\/\/www.cidademarketing.com.br\/marketing\/2021\/11\/19\/conheca-os-vencedores-do-43o-premio-profissionais-do-ano\/","title":{"rendered":"Conhe\u00e7a os vencedores do 43\u00ba Pr\u00eamio Profissionais do Ano"},"content":{"rendered":"\n<p><\/p><iframe src=\"https:\/\/open.spotify.com\/embed\/show\/4khMKzP3FgFRWVwb73xicc\" width=\"100%\" height=\"232\" frameBorder=\"0\" allowtransparency=\"true\" allow=\"encrypted-media\"><\/iframe>\t\n\n\n\n\n<p>A publicidade \u00e9 fundamental ao conectar marcas \u00e0s pessoas e refletir as mudan\u00e7as de comportamento da sociedade. Para acompanhar este mercado, em constante transforma\u00e7\u00e3o, talentos da comunica\u00e7\u00e3o assumem o desafio de se reinventar. O Pr\u00eamio Profissionais do Ano \u00e9 uma iniciativa da Globo para reconhecer estes criativos. A cerim\u00f4nia de premia\u00e7\u00e3o da sua 43\u00aa edi\u00e7\u00e3o aconteceu na noite desta sexta-feira (19), de forma in\u00e9dita e aberta no Globoplay, e teve apresenta\u00e7\u00e3o de Fernanda Gentil e Ta\u00eds Ara\u00fajo, al\u00e9m da participa\u00e7\u00e3o de outros talentos, respons\u00e1veis por revelar as campanhas e trabalhos vencedores em cada uma das categorias. O evento completo est\u00e1 dispon\u00edvel no link: <a href=\"https:\/\/globoplay.globo.com\/premio-profissionais-do-ano\/t\/jZKHhmw6Gw\/\" target=\"_blank\" rel=\"noreferrer noopener\">https:\/\/globoplay.globo.com\/premio-profissionais-do-ano\/t\/jZKHhmw6Gw\/<\/a>.<\/p>\n\n\n\n<p>Para Manzar Feres, diretora de Neg\u00f3cios Integrados de Publicidade Globo, o pr\u00eamio segue relevante porque acompanha as transforma\u00e7\u00f5es do mercado e, atrav\u00e9s das campanhas, joga luz em temas relevantes para a sociedade. \u201cAtrav\u00e9s do Profissionais do Ano valorizamos e celebramos os talentos criativos brasileiros que encaram as adversidades na comunica\u00e7\u00e3o com muita coragem e inova\u00e7\u00e3o, gerando conex\u00e3o com as pessoas. A iniciativa mant\u00e9m sua import\u00e2ncia pois a reinventamos a cada ano, ajustando, por exemplo, suas categorias \u2013 como nesta edi\u00e7\u00e3o, com a retomada da Valor Social. Al\u00e9m disso, valoriza uma tr\u00edade que acreditamos como sendo um princ\u00edpio para o sucesso do mercado brasileiro, que \u00e9 a parceria entre marcas, ag\u00eancias e plataformas de comunica\u00e7\u00e3o. \u00c9 por meio do trabalho conjunto que entregamos conte\u00fado de qualidade para toda a audi\u00eancia\u201d, afirma.<\/p>\n\n\n\n<p>Foram mais de 700 trabalhos inscritos, de todo o pa\u00eds, e ap\u00f3s uma avalia\u00e7\u00e3o acurada, os 65 profissionais que comp\u00f5em o j\u00fari, entre publicit\u00e1rios e criativos de ag\u00eancias e anunciantes, tomaram a sua decis\u00e3o. No \u00e2mbito nacional, as campanhas ganhadoras da categoria \u2018Filme\u2019, nas subcategorias \u2018Filme de at\u00e9 15 segundos\u2019, \u2018Filme de 30 segundos\u2019 e \u2018Filme superior a 30 segundos\u2019, foram anunciadas por Marcos Mion, Mariana Ximenes e Michel Gomes, e Patr\u00edcia Poeta e Manoel Soares, respectivamente. J\u00e1 a apresentadora Astrid Fontenelle revelou a escolhida da categoria \u2018Campanha\u2019; e Karine Alves da categoria \u2018A\u00e7\u00f5es em Conte\u00fado\u2019. Em \u2018Integrada\u2019, a campe\u00e3 foi indicada pelos atores Ronaldo Reis e Tamara Taxman, que representam os personagens Severino e Leoc\u00e1cia da s\u00e9rie Detetives do Pr\u00e9dio Azul, do Canal Gloob; e a vencedora de \u2018Valor Social\u2019, categoria que retorna este ano ao pr\u00eamio, foi apresentada por Pedro Bial.<\/p>\n\n\n\n<p>Talentos que representam cada regi\u00e3o do pa\u00eds apresentaram as vitoriosas da classe regional, nas categorias \u2018Filme\u2019 \u2013 sem subcategoria \u2013 e \u2018Campanha\u2019. A atriz pernambucana Arlete Salles apresentou as premiadas do Norte e Nordeste; a ga\u00facha Titi Muller anunciou as do Sul; o ator brasilense Welder Rodrigues revelou as do Leste-Oeste. J\u00e1 as do interior do Sudeste foram comunicadas pelo jornalista paulista Milton Leite, e as da capital pela atriz carioca Vanessa Giacomo.<\/p>\n\n\n\n<p>Amanh\u00e3 (20), as campanhas premiadas no recorte nacional ganhar\u00e3o um espa\u00e7o especial nos breaks comerciais da TV Globo. A rela\u00e7\u00e3o completa dos trabalhos vencedores, tanto nacionais como regionais, de todas as categorias, pode ser conferida no site: <a href=\"https:\/\/profissionaisdoano.globo\/vencedores\/nacional\" target=\"_blank\" rel=\"noreferrer noopener\">https:\/\/profissionaisdoano.globo\/vencedores\/nacional<\/a>.<\/p>\n\n\n\n<p>\u201cMais uma vez, tivemos a grande honra de levar ao mercado n\u00e3o s\u00f3 uma premia\u00e7\u00e3o, mas tamb\u00e9m um importante reconhecimento e valoriza\u00e7\u00e3o da publicidade brasileira. Esse \u00e9 um momento para celebrarmos os trabalhos vencedores e enaltecer a criatividade de todos os profissionais do mercado. S\u00e3o eles que buscam incessantemente as grandes ideias, aquelas que transformam os desafios das marcas em campanhas e a\u00e7\u00f5es memor\u00e1veis\u201d, ressalta Andr\u00e9 Vin\u00edcius, diretor de Neg\u00f3cios com Ag\u00eancias da Globo.<\/p>\n\n\n\n<p><br>O Pr\u00eamio Profissionais do Ano \u00e9 realizado anualmente pela Globo desde 1978.<\/p>\n\n\n\n<p><\/p><iframe allow=\"autoplay *; encrypted-media *; fullscreen *\" frameborder=\"0\" height=\"450\" style=\"width:100%;max-width:660px;overflow:hidden;background:transparent;\" sandbox=\"allow-forms allow-popups allow-same-origin allow-scripts allow-storage-access-by-user-activation allow-top-navigation-by-user-activation\" src=\"https:\/\/embed.podcasts.apple.com\/br\/podcast\/podcast-cidademarketing\/id1371923283\"><\/iframe>\n\n","protected":false},"excerpt":{"rendered":"<p>A publicidade \u00e9 fundamental ao conectar marcas \u00e0s pessoas e refletir as mudan\u00e7as de comportamento da sociedade. Para acompanhar este mercado, em constante transforma\u00e7\u00e3o, talentos da comunica\u00e7\u00e3o assumem o desafio de se reinventar. O Pr\u00eamio Profissionais do Ano \u00e9 uma iniciativa da Globo para reconhecer estes criativos. A cerim\u00f4nia de premia\u00e7\u00e3o da sua 43\u00aa edi\u00e7\u00e3o [&hellip;]<\/p>\n","protected":false},"author":1,"featured_media":32033,"comment_status":"open","ping_status":"open","sticky":false,"template":"","format":"standard","meta":{"tdm_status":"","tdm_grid_status":"","footnotes":""},"categories":[6],"tags":[135,33,4951,66,181],"class_list":["post-32032","post","type-post","status-publish","format-standard","has-post-thumbnail","hentry","category-noticias","tag-comportamento-do-consumidor","tag-estrategia","tag-profissionais-do-ano","tag-propaganda","tag-publicidade"],"yoast_head":"<!-- This site is optimized with the Yoast SEO plugin v27.5 - https:\/\/yoast.com\/product\/yoast-seo-wordpress\/ -->\n<title>Conhe\u00e7a os vencedores do 43\u00ba Pr\u00eamio Profissionais do Ano - CidadeMarketing<\/title>\n<meta name=\"robots\" content=\"index, follow, max-snippet:-1, max-image-preview:large, max-video-preview:-1\" \/>\n<link rel=\"canonical\" href=\"https:\/\/www.cidademarketing.com.br\/marketing\/2021\/11\/19\/conheca-os-vencedores-do-43o-premio-profissionais-do-ano\/\" \/>\n<meta property=\"og:locale\" content=\"pt_BR\" \/>\n<meta property=\"og:type\" content=\"article\" \/>\n<meta property=\"og:title\" content=\"Conhe\u00e7a os vencedores do 43\u00ba Pr\u00eamio Profissionais do Ano - CidadeMarketing\" \/>\n<meta property=\"og:description\" content=\"A publicidade \u00e9 fundamental ao conectar marcas \u00e0s pessoas e refletir as mudan\u00e7as de comportamento da sociedade. Para acompanhar este mercado, em constante transforma\u00e7\u00e3o, talentos da comunica\u00e7\u00e3o assumem o desafio de se reinventar. O Pr\u00eamio Profissionais do Ano \u00e9 uma iniciativa da Globo para reconhecer estes criativos. A cerim\u00f4nia de premia\u00e7\u00e3o da sua 43\u00aa edi\u00e7\u00e3o [&hellip;]\" \/>\n<meta property=\"og:url\" content=\"https:\/\/www.cidademarketing.com.br\/marketing\/2021\/11\/19\/conheca-os-vencedores-do-43o-premio-profissionais-do-ano\/\" \/>\n<meta property=\"og:site_name\" content=\"CidadeMarketing\" \/>\n<meta property=\"article:publisher\" content=\"https:\/\/www.facebook.com\/portalcidademarketing\" \/>\n<meta property=\"article:author\" content=\"https:\/\/www.facebook.com\/thalesbrandao\" \/>\n<meta property=\"article:published_time\" content=\"2021-11-19T22:50:08+00:00\" \/>\n<meta property=\"article:modified_time\" content=\"2021-11-19T22:50:10+00:00\" \/>\n<meta property=\"og:image\" content=\"https:\/\/www.cidademarketing.com.br\/marketing\/wp-content\/uploads\/2021\/11\/Tais-Araujo-e-Fernanda-Gentil-scaled.jpg\" \/>\n\t<meta property=\"og:image:width\" content=\"2560\" \/>\n\t<meta property=\"og:image:height\" content=\"1309\" \/>\n\t<meta property=\"og:image:type\" content=\"image\/jpeg\" \/>\n<meta name=\"author\" content=\"Thales Brand\u00e3o\" \/>\n<meta name=\"twitter:card\" content=\"summary_large_image\" \/>\n<meta name=\"twitter:creator\" content=\"@http:\/\/www.twitter.com\/thalesbrandao\" \/>\n<meta name=\"twitter:site\" content=\"@CidadeMarketing\" \/>\n<meta name=\"twitter:label1\" content=\"Escrito por\" \/>\n\t<meta name=\"twitter:data1\" content=\"Thales Brand\u00e3o\" \/>\n\t<meta name=\"twitter:label2\" content=\"Est. tempo de leitura\" \/>\n\t<meta name=\"twitter:data2\" content=\"3 minutos\" \/>\n<script type=\"application\/ld+json\" class=\"yoast-schema-graph\">{\"@context\":\"https:\\\/\\\/schema.org\",\"@graph\":[{\"@type\":\"Article\",\"@id\":\"https:\\\/\\\/www.cidademarketing.com.br\\\/marketing\\\/2021\\\/11\\\/19\\\/conheca-os-vencedores-do-43o-premio-profissionais-do-ano\\\/#article\",\"isPartOf\":{\"@id\":\"https:\\\/\\\/www.cidademarketing.com.br\\\/marketing\\\/2021\\\/11\\\/19\\\/conheca-os-vencedores-do-43o-premio-profissionais-do-ano\\\/\"},\"author\":{\"name\":\"Thales Brand\u00e3o\",\"@id\":\"https:\\\/\\\/www.cidademarketing.com.br\\\/marketing\\\/#\\\/schema\\\/person\\\/02daff9f18bd9378c9e01eb6b2db155f\"},\"headline\":\"Conhe\u00e7a os vencedores do 43\u00ba Pr\u00eamio Profissionais do Ano\",\"datePublished\":\"2021-11-19T22:50:08+00:00\",\"dateModified\":\"2021-11-19T22:50:10+00:00\",\"mainEntityOfPage\":{\"@id\":\"https:\\\/\\\/www.cidademarketing.com.br\\\/marketing\\\/2021\\\/11\\\/19\\\/conheca-os-vencedores-do-43o-premio-profissionais-do-ano\\\/\"},\"wordCount\":642,\"commentCount\":0,\"publisher\":{\"@id\":\"https:\\\/\\\/www.cidademarketing.com.br\\\/marketing\\\/#organization\"},\"image\":{\"@id\":\"https:\\\/\\\/www.cidademarketing.com.br\\\/marketing\\\/2021\\\/11\\\/19\\\/conheca-os-vencedores-do-43o-premio-profissionais-do-ano\\\/#primaryimage\"},\"thumbnailUrl\":\"https:\\\/\\\/www.cidademarketing.com.br\\\/marketing\\\/wp-content\\\/uploads\\\/2021\\\/11\\\/Tais-Araujo-e-Fernanda-Gentil-scaled.jpg\",\"keywords\":[\"comportamento do consumidor\",\"estrat\u00e9gia\",\"Profissionais do Ano\",\"propaganda\",\"publicidade\"],\"articleSection\":[\"Not\u00edcias\"],\"inLanguage\":\"pt-BR\",\"potentialAction\":[{\"@type\":\"CommentAction\",\"name\":\"Comment\",\"target\":[\"https:\\\/\\\/www.cidademarketing.com.br\\\/marketing\\\/2021\\\/11\\\/19\\\/conheca-os-vencedores-do-43o-premio-profissionais-do-ano\\\/#respond\"]}]},{\"@type\":\"WebPage\",\"@id\":\"https:\\\/\\\/www.cidademarketing.com.br\\\/marketing\\\/2021\\\/11\\\/19\\\/conheca-os-vencedores-do-43o-premio-profissionais-do-ano\\\/\",\"url\":\"https:\\\/\\\/www.cidademarketing.com.br\\\/marketing\\\/2021\\\/11\\\/19\\\/conheca-os-vencedores-do-43o-premio-profissionais-do-ano\\\/\",\"name\":\"Conhe\u00e7a os vencedores do 43\u00ba Pr\u00eamio Profissionais do Ano - CidadeMarketing\",\"isPartOf\":{\"@id\":\"https:\\\/\\\/www.cidademarketing.com.br\\\/marketing\\\/#website\"},\"primaryImageOfPage\":{\"@id\":\"https:\\\/\\\/www.cidademarketing.com.br\\\/marketing\\\/2021\\\/11\\\/19\\\/conheca-os-vencedores-do-43o-premio-profissionais-do-ano\\\/#primaryimage\"},\"image\":{\"@id\":\"https:\\\/\\\/www.cidademarketing.com.br\\\/marketing\\\/2021\\\/11\\\/19\\\/conheca-os-vencedores-do-43o-premio-profissionais-do-ano\\\/#primaryimage\"},\"thumbnailUrl\":\"https:\\\/\\\/www.cidademarketing.com.br\\\/marketing\\\/wp-content\\\/uploads\\\/2021\\\/11\\\/Tais-Araujo-e-Fernanda-Gentil-scaled.jpg\",\"datePublished\":\"2021-11-19T22:50:08+00:00\",\"dateModified\":\"2021-11-19T22:50:10+00:00\",\"breadcrumb\":{\"@id\":\"https:\\\/\\\/www.cidademarketing.com.br\\\/marketing\\\/2021\\\/11\\\/19\\\/conheca-os-vencedores-do-43o-premio-profissionais-do-ano\\\/#breadcrumb\"},\"inLanguage\":\"pt-BR\",\"potentialAction\":[{\"@type\":\"ReadAction\",\"target\":[\"https:\\\/\\\/www.cidademarketing.com.br\\\/marketing\\\/2021\\\/11\\\/19\\\/conheca-os-vencedores-do-43o-premio-profissionais-do-ano\\\/\"]}]},{\"@type\":\"ImageObject\",\"inLanguage\":\"pt-BR\",\"@id\":\"https:\\\/\\\/www.cidademarketing.com.br\\\/marketing\\\/2021\\\/11\\\/19\\\/conheca-os-vencedores-do-43o-premio-profissionais-do-ano\\\/#primaryimage\",\"url\":\"https:\\\/\\\/www.cidademarketing.com.br\\\/marketing\\\/wp-content\\\/uploads\\\/2021\\\/11\\\/Tais-Araujo-e-Fernanda-Gentil-scaled.jpg\",\"contentUrl\":\"https:\\\/\\\/www.cidademarketing.com.br\\\/marketing\\\/wp-content\\\/uploads\\\/2021\\\/11\\\/Tais-Araujo-e-Fernanda-Gentil-scaled.jpg\",\"width\":2560,\"height\":1309,\"caption\":\"Divulga\u00e7\u00e3o\"},{\"@type\":\"BreadcrumbList\",\"@id\":\"https:\\\/\\\/www.cidademarketing.com.br\\\/marketing\\\/2021\\\/11\\\/19\\\/conheca-os-vencedores-do-43o-premio-profissionais-do-ano\\\/#breadcrumb\",\"itemListElement\":[{\"@type\":\"ListItem\",\"position\":1,\"name\":\"In\u00edcio\",\"item\":\"https:\\\/\\\/www.cidademarketing.com.br\\\/marketing\\\/\"},{\"@type\":\"ListItem\",\"position\":2,\"name\":\"Conhe\u00e7a os vencedores do 43\u00ba Pr\u00eamio Profissionais do Ano\"}]},{\"@type\":\"WebSite\",\"@id\":\"https:\\\/\\\/www.cidademarketing.com.br\\\/marketing\\\/#website\",\"url\":\"https:\\\/\\\/www.cidademarketing.com.br\\\/marketing\\\/\",\"name\":\"CidadeMarketing\",\"description\":\"Somos um ve\u00edculo de comunica\u00e7\u00e3o de destaque no Brasil, reconhecido por conte\u00fados nos segmentos de marketing, empreendedorismo e inova\u00e7\u00e3o.\",\"publisher\":{\"@id\":\"https:\\\/\\\/www.cidademarketing.com.br\\\/marketing\\\/#organization\"},\"alternateName\":\"CidadeMarketing\",\"potentialAction\":[{\"@type\":\"SearchAction\",\"target\":{\"@type\":\"EntryPoint\",\"urlTemplate\":\"https:\\\/\\\/www.cidademarketing.com.br\\\/marketing\\\/?s={search_term_string}\"},\"query-input\":{\"@type\":\"PropertyValueSpecification\",\"valueRequired\":true,\"valueName\":\"search_term_string\"}}],\"inLanguage\":\"pt-BR\"},{\"@type\":\"Organization\",\"@id\":\"https:\\\/\\\/www.cidademarketing.com.br\\\/marketing\\\/#organization\",\"name\":\"CidadeMarketing\",\"alternateName\":\"CidadeMarketing\",\"url\":\"https:\\\/\\\/www.cidademarketing.com.br\\\/marketing\\\/\",\"logo\":{\"@type\":\"ImageObject\",\"inLanguage\":\"pt-BR\",\"@id\":\"https:\\\/\\\/www.cidademarketing.com.br\\\/marketing\\\/#\\\/schema\\\/logo\\\/image\\\/\",\"url\":\"https:\\\/\\\/www.cidademarketing.com.br\\\/marketing\\\/wp-content\\\/uploads\\\/2020\\\/01\\\/cidademarketing_marca_mobile.png\",\"contentUrl\":\"https:\\\/\\\/www.cidademarketing.com.br\\\/marketing\\\/wp-content\\\/uploads\\\/2020\\\/01\\\/cidademarketing_marca_mobile.png\",\"width\":230,\"height\":92,\"caption\":\"CidadeMarketing\"},\"image\":{\"@id\":\"https:\\\/\\\/www.cidademarketing.com.br\\\/marketing\\\/#\\\/schema\\\/logo\\\/image\\\/\"},\"sameAs\":[\"https:\\\/\\\/www.facebook.com\\\/portalcidademarketing\",\"https:\\\/\\\/x.com\\\/CidadeMarketing\",\"https:\\\/\\\/www.instagram.com\\\/cidademarketing\\\/\"]},{\"@type\":\"Person\",\"@id\":\"https:\\\/\\\/www.cidademarketing.com.br\\\/marketing\\\/#\\\/schema\\\/person\\\/02daff9f18bd9378c9e01eb6b2db155f\",\"name\":\"Thales Brand\u00e3o\",\"image\":{\"@type\":\"ImageObject\",\"inLanguage\":\"pt-BR\",\"@id\":\"https:\\\/\\\/secure.gravatar.com\\\/avatar\\\/7ca3206950207cc3cb48feec56a8a7898741ab725c368d99d5d7a5a50aab80c6?s=96&d=mm&r=g\",\"url\":\"https:\\\/\\\/secure.gravatar.com\\\/avatar\\\/7ca3206950207cc3cb48feec56a8a7898741ab725c368d99d5d7a5a50aab80c6?s=96&d=mm&r=g\",\"contentUrl\":\"https:\\\/\\\/secure.gravatar.com\\\/avatar\\\/7ca3206950207cc3cb48feec56a8a7898741ab725c368d99d5d7a5a50aab80c6?s=96&d=mm&r=g\",\"caption\":\"Thales Brand\u00e3o\"},\"description\":\"Editor Executivo do Portal CidadeMarketing.com.br &gt; Mestre em Comunica\u00e7\u00e3o e Sociedade pela Universidade Federal de Sergipe. Possui MBA Executivo em Administra\u00e7\u00e3o com \u00eanfase em Marketing pela Funda\u00e7\u00e3o Get\u00falio Vargas - Rio de Janeiro. Consultor, Palestrante e Pesquisador sobre Empreendedorismo, Marketing, Redes Sociais e Neg\u00f3cios Digitais. Professor, Palestrante TedxTalks e Campus Party. Twitter: @ThalesBrandao\",\"sameAs\":[\"http:\\\/\\\/www.mandacaru.com.br\",\"https:\\\/\\\/www.facebook.com\\\/thalesbrandao\",\"http:\\\/\\\/www.instagram.com.br\\\/thalesbrandaoferreira\",\"https:\\\/\\\/www.linkedin.com\\\/in\\\/thales-brand\u00e3o-3948609\\\/\",\"https:\\\/\\\/x.com\\\/http:\\\/\\\/www.twitter.com\\\/thalesbrandao\"],\"url\":\"https:\\\/\\\/www.cidademarketing.com.br\\\/marketing\\\/author\\\/thalesbrandao\\\/\"}]}<\/script>\n<!-- \/ Yoast SEO plugin. -->","yoast_head_json":{"title":"Conhe\u00e7a os vencedores do 43\u00ba Pr\u00eamio Profissionais do Ano - CidadeMarketing","robots":{"index":"index","follow":"follow","max-snippet":"max-snippet:-1","max-image-preview":"max-image-preview:large","max-video-preview":"max-video-preview:-1"},"canonical":"https:\/\/www.cidademarketing.com.br\/marketing\/2021\/11\/19\/conheca-os-vencedores-do-43o-premio-profissionais-do-ano\/","og_locale":"pt_BR","og_type":"article","og_title":"Conhe\u00e7a os vencedores do 43\u00ba Pr\u00eamio Profissionais do Ano - CidadeMarketing","og_description":"A publicidade \u00e9 fundamental ao conectar marcas \u00e0s pessoas e refletir as mudan\u00e7as de comportamento da sociedade. Para acompanhar este mercado, em constante transforma\u00e7\u00e3o, talentos da comunica\u00e7\u00e3o assumem o desafio de se reinventar. O Pr\u00eamio Profissionais do Ano \u00e9 uma iniciativa da Globo para reconhecer estes criativos. A cerim\u00f4nia de premia\u00e7\u00e3o da sua 43\u00aa edi\u00e7\u00e3o [&hellip;]","og_url":"https:\/\/www.cidademarketing.com.br\/marketing\/2021\/11\/19\/conheca-os-vencedores-do-43o-premio-profissionais-do-ano\/","og_site_name":"CidadeMarketing","article_publisher":"https:\/\/www.facebook.com\/portalcidademarketing","article_author":"https:\/\/www.facebook.com\/thalesbrandao","article_published_time":"2021-11-19T22:50:08+00:00","article_modified_time":"2021-11-19T22:50:10+00:00","og_image":[{"width":2560,"height":1309,"url":"https:\/\/www.cidademarketing.com.br\/marketing\/wp-content\/uploads\/2021\/11\/Tais-Araujo-e-Fernanda-Gentil-scaled.jpg","type":"image\/jpeg"}],"author":"Thales Brand\u00e3o","twitter_card":"summary_large_image","twitter_creator":"@http:\/\/www.twitter.com\/thalesbrandao","twitter_site":"@CidadeMarketing","twitter_misc":{"Escrito por":"Thales Brand\u00e3o","Est. tempo de leitura":"3 minutos"},"schema":{"@context":"https:\/\/schema.org","@graph":[{"@type":"Article","@id":"https:\/\/www.cidademarketing.com.br\/marketing\/2021\/11\/19\/conheca-os-vencedores-do-43o-premio-profissionais-do-ano\/#article","isPartOf":{"@id":"https:\/\/www.cidademarketing.com.br\/marketing\/2021\/11\/19\/conheca-os-vencedores-do-43o-premio-profissionais-do-ano\/"},"author":{"name":"Thales Brand\u00e3o","@id":"https:\/\/www.cidademarketing.com.br\/marketing\/#\/schema\/person\/02daff9f18bd9378c9e01eb6b2db155f"},"headline":"Conhe\u00e7a os vencedores do 43\u00ba Pr\u00eamio Profissionais do Ano","datePublished":"2021-11-19T22:50:08+00:00","dateModified":"2021-11-19T22:50:10+00:00","mainEntityOfPage":{"@id":"https:\/\/www.cidademarketing.com.br\/marketing\/2021\/11\/19\/conheca-os-vencedores-do-43o-premio-profissionais-do-ano\/"},"wordCount":642,"commentCount":0,"publisher":{"@id":"https:\/\/www.cidademarketing.com.br\/marketing\/#organization"},"image":{"@id":"https:\/\/www.cidademarketing.com.br\/marketing\/2021\/11\/19\/conheca-os-vencedores-do-43o-premio-profissionais-do-ano\/#primaryimage"},"thumbnailUrl":"https:\/\/www.cidademarketing.com.br\/marketing\/wp-content\/uploads\/2021\/11\/Tais-Araujo-e-Fernanda-Gentil-scaled.jpg","keywords":["comportamento do consumidor","estrat\u00e9gia","Profissionais do Ano","propaganda","publicidade"],"articleSection":["Not\u00edcias"],"inLanguage":"pt-BR","potentialAction":[{"@type":"CommentAction","name":"Comment","target":["https:\/\/www.cidademarketing.com.br\/marketing\/2021\/11\/19\/conheca-os-vencedores-do-43o-premio-profissionais-do-ano\/#respond"]}]},{"@type":"WebPage","@id":"https:\/\/www.cidademarketing.com.br\/marketing\/2021\/11\/19\/conheca-os-vencedores-do-43o-premio-profissionais-do-ano\/","url":"https:\/\/www.cidademarketing.com.br\/marketing\/2021\/11\/19\/conheca-os-vencedores-do-43o-premio-profissionais-do-ano\/","name":"Conhe\u00e7a os vencedores do 43\u00ba Pr\u00eamio Profissionais do Ano - CidadeMarketing","isPartOf":{"@id":"https:\/\/www.cidademarketing.com.br\/marketing\/#website"},"primaryImageOfPage":{"@id":"https:\/\/www.cidademarketing.com.br\/marketing\/2021\/11\/19\/conheca-os-vencedores-do-43o-premio-profissionais-do-ano\/#primaryimage"},"image":{"@id":"https:\/\/www.cidademarketing.com.br\/marketing\/2021\/11\/19\/conheca-os-vencedores-do-43o-premio-profissionais-do-ano\/#primaryimage"},"thumbnailUrl":"https:\/\/www.cidademarketing.com.br\/marketing\/wp-content\/uploads\/2021\/11\/Tais-Araujo-e-Fernanda-Gentil-scaled.jpg","datePublished":"2021-11-19T22:50:08+00:00","dateModified":"2021-11-19T22:50:10+00:00","breadcrumb":{"@id":"https:\/\/www.cidademarketing.com.br\/marketing\/2021\/11\/19\/conheca-os-vencedores-do-43o-premio-profissionais-do-ano\/#breadcrumb"},"inLanguage":"pt-BR","potentialAction":[{"@type":"ReadAction","target":["https:\/\/www.cidademarketing.com.br\/marketing\/2021\/11\/19\/conheca-os-vencedores-do-43o-premio-profissionais-do-ano\/"]}]},{"@type":"ImageObject","inLanguage":"pt-BR","@id":"https:\/\/www.cidademarketing.com.br\/marketing\/2021\/11\/19\/conheca-os-vencedores-do-43o-premio-profissionais-do-ano\/#primaryimage","url":"https:\/\/www.cidademarketing.com.br\/marketing\/wp-content\/uploads\/2021\/11\/Tais-Araujo-e-Fernanda-Gentil-scaled.jpg","contentUrl":"https:\/\/www.cidademarketing.com.br\/marketing\/wp-content\/uploads\/2021\/11\/Tais-Araujo-e-Fernanda-Gentil-scaled.jpg","width":2560,"height":1309,"caption":"Divulga\u00e7\u00e3o"},{"@type":"BreadcrumbList","@id":"https:\/\/www.cidademarketing.com.br\/marketing\/2021\/11\/19\/conheca-os-vencedores-do-43o-premio-profissionais-do-ano\/#breadcrumb","itemListElement":[{"@type":"ListItem","position":1,"name":"In\u00edcio","item":"https:\/\/www.cidademarketing.com.br\/marketing\/"},{"@type":"ListItem","position":2,"name":"Conhe\u00e7a os vencedores do 43\u00ba Pr\u00eamio Profissionais do Ano"}]},{"@type":"WebSite","@id":"https:\/\/www.cidademarketing.com.br\/marketing\/#website","url":"https:\/\/www.cidademarketing.com.br\/marketing\/","name":"CidadeMarketing","description":"Somos um ve\u00edculo de comunica\u00e7\u00e3o de destaque no Brasil, reconhecido por conte\u00fados nos segmentos de marketing, empreendedorismo e inova\u00e7\u00e3o.","publisher":{"@id":"https:\/\/www.cidademarketing.com.br\/marketing\/#organization"},"alternateName":"CidadeMarketing","potentialAction":[{"@type":"SearchAction","target":{"@type":"EntryPoint","urlTemplate":"https:\/\/www.cidademarketing.com.br\/marketing\/?s={search_term_string}"},"query-input":{"@type":"PropertyValueSpecification","valueRequired":true,"valueName":"search_term_string"}}],"inLanguage":"pt-BR"},{"@type":"Organization","@id":"https:\/\/www.cidademarketing.com.br\/marketing\/#organization","name":"CidadeMarketing","alternateName":"CidadeMarketing","url":"https:\/\/www.cidademarketing.com.br\/marketing\/","logo":{"@type":"ImageObject","inLanguage":"pt-BR","@id":"https:\/\/www.cidademarketing.com.br\/marketing\/#\/schema\/logo\/image\/","url":"https:\/\/www.cidademarketing.com.br\/marketing\/wp-content\/uploads\/2020\/01\/cidademarketing_marca_mobile.png","contentUrl":"https:\/\/www.cidademarketing.com.br\/marketing\/wp-content\/uploads\/2020\/01\/cidademarketing_marca_mobile.png","width":230,"height":92,"caption":"CidadeMarketing"},"image":{"@id":"https:\/\/www.cidademarketing.com.br\/marketing\/#\/schema\/logo\/image\/"},"sameAs":["https:\/\/www.facebook.com\/portalcidademarketing","https:\/\/x.com\/CidadeMarketing","https:\/\/www.instagram.com\/cidademarketing\/"]},{"@type":"Person","@id":"https:\/\/www.cidademarketing.com.br\/marketing\/#\/schema\/person\/02daff9f18bd9378c9e01eb6b2db155f","name":"Thales Brand\u00e3o","image":{"@type":"ImageObject","inLanguage":"pt-BR","@id":"https:\/\/secure.gravatar.com\/avatar\/7ca3206950207cc3cb48feec56a8a7898741ab725c368d99d5d7a5a50aab80c6?s=96&d=mm&r=g","url":"https:\/\/secure.gravatar.com\/avatar\/7ca3206950207cc3cb48feec56a8a7898741ab725c368d99d5d7a5a50aab80c6?s=96&d=mm&r=g","contentUrl":"https:\/\/secure.gravatar.com\/avatar\/7ca3206950207cc3cb48feec56a8a7898741ab725c368d99d5d7a5a50aab80c6?s=96&d=mm&r=g","caption":"Thales Brand\u00e3o"},"description":"Editor Executivo do Portal CidadeMarketing.com.br &gt; Mestre em Comunica\u00e7\u00e3o e Sociedade pela Universidade Federal de Sergipe. Possui MBA Executivo em Administra\u00e7\u00e3o com \u00eanfase em Marketing pela Funda\u00e7\u00e3o Get\u00falio Vargas - Rio de Janeiro. Consultor, Palestrante e Pesquisador sobre Empreendedorismo, Marketing, Redes Sociais e Neg\u00f3cios Digitais. Professor, Palestrante TedxTalks e Campus Party. Twitter: @ThalesBrandao","sameAs":["http:\/\/www.mandacaru.com.br","https:\/\/www.facebook.com\/thalesbrandao","http:\/\/www.instagram.com.br\/thalesbrandaoferreira","https:\/\/www.linkedin.com\/in\/thales-brand\u00e3o-3948609\/","https:\/\/x.com\/http:\/\/www.twitter.com\/thalesbrandao"],"url":"https:\/\/www.cidademarketing.com.br\/marketing\/author\/thalesbrandao\/"}]}},"amp_enabled":true,"_links":{"self":[{"href":"https:\/\/www.cidademarketing.com.br\/marketing\/wp-json\/wp\/v2\/posts\/32032","targetHints":{"allow":["GET"]}}],"collection":[{"href":"https:\/\/www.cidademarketing.com.br\/marketing\/wp-json\/wp\/v2\/posts"}],"about":[{"href":"https:\/\/www.cidademarketing.com.br\/marketing\/wp-json\/wp\/v2\/types\/post"}],"author":[{"embeddable":true,"href":"https:\/\/www.cidademarketing.com.br\/marketing\/wp-json\/wp\/v2\/users\/1"}],"replies":[{"embeddable":true,"href":"https:\/\/www.cidademarketing.com.br\/marketing\/wp-json\/wp\/v2\/comments?post=32032"}],"version-history":[{"count":1,"href":"https:\/\/www.cidademarketing.com.br\/marketing\/wp-json\/wp\/v2\/posts\/32032\/revisions"}],"predecessor-version":[{"id":32034,"href":"https:\/\/www.cidademarketing.com.br\/marketing\/wp-json\/wp\/v2\/posts\/32032\/revisions\/32034"}],"wp:featuredmedia":[{"embeddable":true,"href":"https:\/\/www.cidademarketing.com.br\/marketing\/wp-json\/wp\/v2\/media\/32033"}],"wp:attachment":[{"href":"https:\/\/www.cidademarketing.com.br\/marketing\/wp-json\/wp\/v2\/media?parent=32032"}],"wp:term":[{"taxonomy":"category","embeddable":true,"href":"https:\/\/www.cidademarketing.com.br\/marketing\/wp-json\/wp\/v2\/categories?post=32032"},{"taxonomy":"post_tag","embeddable":true,"href":"https:\/\/www.cidademarketing.com.br\/marketing\/wp-json\/wp\/v2\/tags?post=32032"}],"curies":[{"name":"wp","href":"https:\/\/api.w.org\/{rel}","templated":true}]}}