{"id":32021,"date":"2021-11-19T14:29:51","date_gmt":"2021-11-19T17:29:51","guid":{"rendered":"https:\/\/www.cidademarketing.com.br\/marketing\/?p=32021"},"modified":"2021-11-19T14:29:54","modified_gmt":"2021-11-19T17:29:54","slug":"ballantines-e-a-universal-music-lancam-o-single-celebrando-as-origens-projeto-com-martinho-da-vila-leo-santana-bk-e-mahmundi","status":"publish","type":"post","link":"https:\/\/www.cidademarketing.com.br\/marketing\/2021\/11\/19\/ballantines-e-a-universal-music-lancam-o-single-celebrando-as-origens-projeto-com-martinho-da-vila-leo-santana-bk-e-mahmundi\/","title":{"rendered":"Ballantine&#8217;s e a Universal Music lan\u00e7am o single \u201cCelebrando as Origens\u201d, projeto com Martinho da Vila, Leo Santana, BK e Mahmundi"},"content":{"rendered":"\n<p><\/p><iframe src=\"https:\/\/open.spotify.com\/embed\/show\/4khMKzP3FgFRWVwb73xicc\" width=\"100%\" height=\"232\" frameBorder=\"0\" allowtransparency=\"true\" allow=\"encrypted-media\"><\/iframe>\t\n\n\n\n\n<p>Os jovens talentos L\u00e9o Santana, Mahmundi e BK se unem ao \u00edcone do samba Martinho da Vila num encontro in\u00e9dito. Essa reuni\u00e3o de diferentes g\u00eaneros musicais ( pop, MPB, rap e samba) faz uma rever\u00eancia \u00e0 cultura negra no videoclipe<br>\u201cCelebrando as Origens\u201d, dirigido por Matheus Senra, que ser\u00e1 lan\u00e7ado no YouTube no dia 19 de novembro, \u00e0s 19h: h<\/p>\n\n\n\n<p><\/p>\n\n\n\n<figure class=\"wp-block-embed is-type-video is-provider-youtube wp-block-embed-youtube wp-embed-aspect-16-9 wp-has-aspect-ratio\"><div class=\"wp-block-embed__wrapper\">\n<iframe title=\"BK&#039;, Leo Santana, Mahmundi, Martinho da Vila -  Celebrando as Origens (Clipe Oficial)\" width=\"640\" height=\"360\" src=\"https:\/\/www.youtube.com\/embed\/fdb2weexWdQ?feature=oembed\" frameborder=\"0\" allow=\"accelerometer; autoplay; clipboard-write; encrypted-media; gyroscope; picture-in-picture; web-share\" referrerpolicy=\"strict-origin-when-cross-origin\" allowfullscreen><\/iframe>\n<\/div><\/figure>\n\n\n\n<p><br>A can\u00e7\u00e3o, produzida por Mahmundi e escrita por ela em parceria com BK, exalta a for\u00e7a, a beleza, a autenticidade e a resili\u00eancia do povo preto, como dizem os versos \u201cCelebrando as origens de tudo \/ Hoje \u00e9 dia de brindar \/ Nossa hist\u00f3ria, meu futuro \/ No presente pra vivenciar \/ Sei que nada pode apagar \/ Nosso sonho no mundo \/ \u00c9 batuque \/ \u00c9 barulho \/ Povo preto \/ \u00c9 orgulho \/ E f\u00e9\u201d. O encontro desse fant\u00e1stico quarteto musical celebrando o m\u00eas da consci\u00eancia negra faz parte da plataforma True Music by Ballantine\u00b4s, que tem como objetivo ressaltar, atrav\u00e9s da m\u00fasica, a import\u00e2ncia da autenticidade. Nesse projeto espec\u00edfico a ideia \u00e9 promover um encontro de quatro artistas aut\u00eanticos, de diferentes g\u00eaneros musicais, que se mant\u00eam fi\u00e9is \u00e0s suas origens e referenciam grandes \u00edcones da cultura negra, mantendo e reverberando a suas respectivas ess\u00eancias e verdades pr\u00f3prias, assim como dizem os versos de BK na letra: \u201capesar<br>de tudo que eles falam, continuo verdadeiro \/ apesar de todas armadilhas no caminho eu to\u0302inteiro\u201d.<\/p>\n\n\n\n<p><br>&#8220;Ballantine&#8217;s transita pelo universo da m\u00fasica fomentando a cena cultural atrav\u00e9s de iniciativas que incluem desde o apoio a projetos e eventos musicais at\u00e9 o suporte a novas gera\u00e7\u00f5es de talentos, independente do estilo musical. O que importa \u00e9 a autenticidade, afinal se voc\u00ea se mant\u00e9m fiel a voc\u00ea mesmo n\u00e3o tem jeito errado de fazer a sua m\u00fasica. O projeto \u2018Celebrando as Origens\u2019 traduz esse prop\u00f3sito da marca e refor\u00e7a a nossa miss\u00e3o de evidenciar cada vez mais, artistas aut\u00eanticos como Martinho da Vila, L\u00e9o Santana, BK e Mahmundi, que se mant\u00eam fi\u00e9is a si mesmos, cada um com o seu g\u00eanero musical&#8221;, afirma Patricia Cardoso, diretora de marketing da Pernod Ricard Brasil.<br>\u201cA Universal Music est\u00e1 muito feliz com a realiza\u00e7\u00e3o deste projeto que re\u00fane neste videoclipe quatro grandes e talentosos artistas, de diferentes gera\u00e7\u00f5es e g\u00eaneros musicais t\u00e3o distintos\u201d, disse Paulo Lima, presidente da Universal Music Brasil. O projeto contar\u00e1 ainda com um minidocument\u00e1rio, apresentado em quatro epis\u00f3dios, no qual Mahmundi, Martinho da Vila, BK e L\u00e9o Santana relatam sobre suas origens, refer\u00eancias e conquistas e como mant\u00e9m identidade e autenticidade da sua arte at\u00e9 hoje.<\/p>\n\n\n\n<p><br>\u201cEu sou uma mina que n\u00e3o era pra estar aqui, nesse tempo, fazendo essa campanha massa, com artistas que admiro muito. Dirigir o Martinho da Vila em est\u00fadio, dirigir o L\u00e9o Santana online, falar com o BK, que \u00e9 um parceiro da mesma gera\u00e7\u00e3o, \u00e9 colocar todo mundo junto numa m\u00fasica que fa\u00e7a sentido. Eu t\u00f4 muito feliz com esse projeto. Adorei trabalhar com esses talentos; sou muito apaixonada por eles. E ser aut\u00eantica para mim \u00e9 isso, \u00e9 se ouvir, n\u00e3o esquecer de quem voc\u00ea \u00e9 e lembrar todos os dias de quem voc\u00ea pode ser., celebra Mahmundi.<br>Martinho da Vila, artista gentilmente cedido pela Sony Music, falou sobre suas origens e o poder da m\u00fasica em transformar a hist\u00f3ria: \u201cMinha origem, obviamente, do lado negro, \u00e9 africana. Os meus antepassados vieram e eu fui l\u00e1. Eles foram trazidos e eu fui voluntariamente. Cheguei \u00e0 conclus\u00e3o que \u00e9 o lugar da ess\u00eancia do meu trabalho. A m\u00fasica tem um poder inovador e todas as transforma\u00e7\u00f5es que aconteceram no mundo a m\u00fasica caminhava junto. M\u00fasicas s\u00e3o usadas para alavancar as transforma\u00e7\u00f5es; elas t\u00eam o poder de transformar, agregar puxar, interagir, porque ela entra por nossos poros, pelos nossos ouvidos\u201d, diz o veterano sambista, que tamb\u00e9m comentou sobre o encontro com os tr\u00eas jovens talentos: \u201cGosto muito de interagir com o novo. <\/p>\n\n\n\n<p>Esses tr\u00eas tamb\u00e9m me enriqueceram. Eles cresceram me ouvindo e eu come\u00e7o a ouvir uma coisa que eles criaram diferente. Eles s\u00e3o a continuidade\u201d, afirmou o veterano sambista. \u201cN\u00e3o tenho como falar sobre as minhas origens e refer\u00eancias sem citar a minha m\u00e3e, Dona Ana Gomes. N\u00e3o s\u00f3 falando de escola, de car\u00e1ter \u2013 \u00e9 \u00f3bvio \u2013, mas todo esse \u2018rol\u00e9\u2019 de se entender como um homem preto na sociedade. Eu nasci dentro disso, a minha m\u00e3e ia para o encontro de mulheres pretas, quando ela estava gr\u00e1vida de mim j\u00e1 fazia parte. Satisfa\u00e7\u00e3o de estar \u2018trampando\u2019 com Mahmundi, Martinho da Vila e L\u00e9o Santana. \u00c9 tipo subir de cargo, t\u00e1 ligado? E para mim ser aut\u00eantico \u00e9 sobre isso, mostrar voc\u00ea, sua personalidade, sua ess\u00eancia mas sem esquecer sua ess\u00eancia, sua fam\u00edlia. Mostrar quem voc\u00ea \u00e9 no sentido da palavra\u201d, comemora BK, o mais jovem do quarteto.<br>L\u00e9o Santana falou sobre a import\u00e2ncia da m\u00fasica e de novas possibilidades que ainda devem ser desbravadas. \u201cA gente precisa ter mais esse espa\u00e7o para as pessoas perif\u00e9ricas, pretos mais especificamente. Mas estamos crescendo e temos muito a evoluir. Eu acho que a m\u00fasica contribui muito para isso. Resumindo: a m\u00fasica revigora, move montanhas, salva vidas\u201d<\/p>\n\n\n\n<p><\/p><iframe allow=\"autoplay *; encrypted-media *; fullscreen *\" frameborder=\"0\" height=\"450\" style=\"width:100%;max-width:660px;overflow:hidden;background:transparent;\" sandbox=\"allow-forms allow-popups allow-same-origin allow-scripts allow-storage-access-by-user-activation allow-top-navigation-by-user-activation\" src=\"https:\/\/embed.podcasts.apple.com\/br\/podcast\/podcast-cidademarketing\/id1371923283\"><\/iframe>\n\n","protected":false},"excerpt":{"rendered":"<p>Os jovens talentos L\u00e9o Santana, Mahmundi e BK se unem ao \u00edcone do samba Martinho da Vila num encontro in\u00e9dito. Essa reuni\u00e3o de diferentes g\u00eaneros musicais ( pop, MPB, rap e samba) faz uma rever\u00eancia \u00e0 cultura negra no videoclipe\u201cCelebrando as Origens\u201d, dirigido por Matheus Senra, que ser\u00e1 lan\u00e7ado no YouTube no dia 19 de [&hellip;]<\/p>\n","protected":false},"author":1,"featured_media":32022,"comment_status":"open","ping_status":"open","sticky":false,"template":"","format":"standard","meta":{"tdm_status":"","tdm_grid_status":"","footnotes":""},"categories":[6],"tags":[33,28,4948,2409,253],"class_list":["post-32021","post","type-post","status-publish","format-standard","has-post-thumbnail","hentry","category-noticias","tag-estrategia","tag-marketing","tag-martinho-da-vila","tag-universal-music","tag-youtube"],"yoast_head":"<!-- This site is optimized with the Yoast SEO plugin v27.5 - https:\/\/yoast.com\/product\/yoast-seo-wordpress\/ -->\n<title>Ballantine&#039;s e a Universal Music lan\u00e7am o single \u201cCelebrando as Origens\u201d, projeto com Martinho da Vila, Leo Santana, BK e Mahmundi - CidadeMarketing<\/title>\n<meta name=\"robots\" content=\"index, follow, max-snippet:-1, max-image-preview:large, max-video-preview:-1\" \/>\n<link rel=\"canonical\" href=\"https:\/\/www.cidademarketing.com.br\/marketing\/2021\/11\/19\/ballantines-e-a-universal-music-lancam-o-single-celebrando-as-origens-projeto-com-martinho-da-vila-leo-santana-bk-e-mahmundi\/\" \/>\n<meta property=\"og:locale\" content=\"pt_BR\" \/>\n<meta property=\"og:type\" content=\"article\" \/>\n<meta property=\"og:title\" content=\"Ballantine&#039;s e a Universal Music lan\u00e7am o single \u201cCelebrando as Origens\u201d, projeto com Martinho da Vila, Leo Santana, BK e Mahmundi - CidadeMarketing\" \/>\n<meta property=\"og:description\" content=\"Os jovens talentos L\u00e9o Santana, Mahmundi e BK se unem ao \u00edcone do samba Martinho da Vila num encontro in\u00e9dito. Essa reuni\u00e3o de diferentes g\u00eaneros musicais ( pop, MPB, rap e samba) faz uma rever\u00eancia \u00e0 cultura negra no videoclipe\u201cCelebrando as Origens\u201d, dirigido por Matheus Senra, que ser\u00e1 lan\u00e7ado no YouTube no dia 19 de [&hellip;]\" \/>\n<meta property=\"og:url\" content=\"https:\/\/www.cidademarketing.com.br\/marketing\/2021\/11\/19\/ballantines-e-a-universal-music-lancam-o-single-celebrando-as-origens-projeto-com-martinho-da-vila-leo-santana-bk-e-mahmundi\/\" \/>\n<meta property=\"og:site_name\" content=\"CidadeMarketing\" \/>\n<meta property=\"article:publisher\" content=\"https:\/\/www.facebook.com\/portalcidademarketing\" \/>\n<meta property=\"article:author\" content=\"https:\/\/www.facebook.com\/thalesbrandao\" \/>\n<meta property=\"article:published_time\" content=\"2021-11-19T17:29:51+00:00\" \/>\n<meta property=\"article:modified_time\" content=\"2021-11-19T17:29:54+00:00\" \/>\n<meta property=\"og:image\" content=\"https:\/\/www.cidademarketing.com.br\/marketing\/wp-content\/uploads\/2021\/11\/capa_celebrandoasorigens_com-artistas.jpg\" \/>\n\t<meta property=\"og:image:width\" content=\"1200\" \/>\n\t<meta property=\"og:image:height\" content=\"1200\" \/>\n\t<meta property=\"og:image:type\" content=\"image\/jpeg\" \/>\n<meta name=\"author\" content=\"Thales Brand\u00e3o\" \/>\n<meta name=\"twitter:card\" content=\"summary_large_image\" \/>\n<meta name=\"twitter:creator\" content=\"@http:\/\/www.twitter.com\/thalesbrandao\" \/>\n<meta name=\"twitter:site\" content=\"@CidadeMarketing\" \/>\n<meta name=\"twitter:label1\" content=\"Escrito por\" \/>\n\t<meta name=\"twitter:data1\" content=\"Thales Brand\u00e3o\" \/>\n\t<meta name=\"twitter:label2\" content=\"Est. tempo de leitura\" \/>\n\t<meta name=\"twitter:data2\" content=\"5 minutos\" \/>\n<script type=\"application\/ld+json\" class=\"yoast-schema-graph\">{\"@context\":\"https:\\\/\\\/schema.org\",\"@graph\":[{\"@type\":\"Article\",\"@id\":\"https:\\\/\\\/www.cidademarketing.com.br\\\/marketing\\\/2021\\\/11\\\/19\\\/ballantines-e-a-universal-music-lancam-o-single-celebrando-as-origens-projeto-com-martinho-da-vila-leo-santana-bk-e-mahmundi\\\/#article\",\"isPartOf\":{\"@id\":\"https:\\\/\\\/www.cidademarketing.com.br\\\/marketing\\\/2021\\\/11\\\/19\\\/ballantines-e-a-universal-music-lancam-o-single-celebrando-as-origens-projeto-com-martinho-da-vila-leo-santana-bk-e-mahmundi\\\/\"},\"author\":{\"name\":\"Thales Brand\u00e3o\",\"@id\":\"https:\\\/\\\/www.cidademarketing.com.br\\\/marketing\\\/#\\\/schema\\\/person\\\/02daff9f18bd9378c9e01eb6b2db155f\"},\"headline\":\"Ballantine&#8217;s e a Universal Music lan\u00e7am o single \u201cCelebrando as Origens\u201d, projeto com Martinho da Vila, Leo Santana, BK e Mahmundi\",\"datePublished\":\"2021-11-19T17:29:51+00:00\",\"dateModified\":\"2021-11-19T17:29:54+00:00\",\"mainEntityOfPage\":{\"@id\":\"https:\\\/\\\/www.cidademarketing.com.br\\\/marketing\\\/2021\\\/11\\\/19\\\/ballantines-e-a-universal-music-lancam-o-single-celebrando-as-origens-projeto-com-martinho-da-vila-leo-santana-bk-e-mahmundi\\\/\"},\"wordCount\":938,\"commentCount\":0,\"publisher\":{\"@id\":\"https:\\\/\\\/www.cidademarketing.com.br\\\/marketing\\\/#organization\"},\"image\":{\"@id\":\"https:\\\/\\\/www.cidademarketing.com.br\\\/marketing\\\/2021\\\/11\\\/19\\\/ballantines-e-a-universal-music-lancam-o-single-celebrando-as-origens-projeto-com-martinho-da-vila-leo-santana-bk-e-mahmundi\\\/#primaryimage\"},\"thumbnailUrl\":\"https:\\\/\\\/www.cidademarketing.com.br\\\/marketing\\\/wp-content\\\/uploads\\\/2021\\\/11\\\/capa_celebrandoasorigens_com-artistas.jpg\",\"keywords\":[\"estrat\u00e9gia\",\"marketing\",\"Martinho da Vila\",\"Universal Music\",\"YouTube\"],\"articleSection\":[\"Not\u00edcias\"],\"inLanguage\":\"pt-BR\",\"potentialAction\":[{\"@type\":\"CommentAction\",\"name\":\"Comment\",\"target\":[\"https:\\\/\\\/www.cidademarketing.com.br\\\/marketing\\\/2021\\\/11\\\/19\\\/ballantines-e-a-universal-music-lancam-o-single-celebrando-as-origens-projeto-com-martinho-da-vila-leo-santana-bk-e-mahmundi\\\/#respond\"]}]},{\"@type\":\"WebPage\",\"@id\":\"https:\\\/\\\/www.cidademarketing.com.br\\\/marketing\\\/2021\\\/11\\\/19\\\/ballantines-e-a-universal-music-lancam-o-single-celebrando-as-origens-projeto-com-martinho-da-vila-leo-santana-bk-e-mahmundi\\\/\",\"url\":\"https:\\\/\\\/www.cidademarketing.com.br\\\/marketing\\\/2021\\\/11\\\/19\\\/ballantines-e-a-universal-music-lancam-o-single-celebrando-as-origens-projeto-com-martinho-da-vila-leo-santana-bk-e-mahmundi\\\/\",\"name\":\"Ballantine's e a Universal Music lan\u00e7am o single \u201cCelebrando as Origens\u201d, projeto com Martinho da Vila, Leo Santana, BK e Mahmundi - CidadeMarketing\",\"isPartOf\":{\"@id\":\"https:\\\/\\\/www.cidademarketing.com.br\\\/marketing\\\/#website\"},\"primaryImageOfPage\":{\"@id\":\"https:\\\/\\\/www.cidademarketing.com.br\\\/marketing\\\/2021\\\/11\\\/19\\\/ballantines-e-a-universal-music-lancam-o-single-celebrando-as-origens-projeto-com-martinho-da-vila-leo-santana-bk-e-mahmundi\\\/#primaryimage\"},\"image\":{\"@id\":\"https:\\\/\\\/www.cidademarketing.com.br\\\/marketing\\\/2021\\\/11\\\/19\\\/ballantines-e-a-universal-music-lancam-o-single-celebrando-as-origens-projeto-com-martinho-da-vila-leo-santana-bk-e-mahmundi\\\/#primaryimage\"},\"thumbnailUrl\":\"https:\\\/\\\/www.cidademarketing.com.br\\\/marketing\\\/wp-content\\\/uploads\\\/2021\\\/11\\\/capa_celebrandoasorigens_com-artistas.jpg\",\"datePublished\":\"2021-11-19T17:29:51+00:00\",\"dateModified\":\"2021-11-19T17:29:54+00:00\",\"breadcrumb\":{\"@id\":\"https:\\\/\\\/www.cidademarketing.com.br\\\/marketing\\\/2021\\\/11\\\/19\\\/ballantines-e-a-universal-music-lancam-o-single-celebrando-as-origens-projeto-com-martinho-da-vila-leo-santana-bk-e-mahmundi\\\/#breadcrumb\"},\"inLanguage\":\"pt-BR\",\"potentialAction\":[{\"@type\":\"ReadAction\",\"target\":[\"https:\\\/\\\/www.cidademarketing.com.br\\\/marketing\\\/2021\\\/11\\\/19\\\/ballantines-e-a-universal-music-lancam-o-single-celebrando-as-origens-projeto-com-martinho-da-vila-leo-santana-bk-e-mahmundi\\\/\"]}]},{\"@type\":\"ImageObject\",\"inLanguage\":\"pt-BR\",\"@id\":\"https:\\\/\\\/www.cidademarketing.com.br\\\/marketing\\\/2021\\\/11\\\/19\\\/ballantines-e-a-universal-music-lancam-o-single-celebrando-as-origens-projeto-com-martinho-da-vila-leo-santana-bk-e-mahmundi\\\/#primaryimage\",\"url\":\"https:\\\/\\\/www.cidademarketing.com.br\\\/marketing\\\/wp-content\\\/uploads\\\/2021\\\/11\\\/capa_celebrandoasorigens_com-artistas.jpg\",\"contentUrl\":\"https:\\\/\\\/www.cidademarketing.com.br\\\/marketing\\\/wp-content\\\/uploads\\\/2021\\\/11\\\/capa_celebrandoasorigens_com-artistas.jpg\",\"width\":1200,\"height\":1200,\"caption\":\"Divulga\u00e7\u00e3o\"},{\"@type\":\"BreadcrumbList\",\"@id\":\"https:\\\/\\\/www.cidademarketing.com.br\\\/marketing\\\/2021\\\/11\\\/19\\\/ballantines-e-a-universal-music-lancam-o-single-celebrando-as-origens-projeto-com-martinho-da-vila-leo-santana-bk-e-mahmundi\\\/#breadcrumb\",\"itemListElement\":[{\"@type\":\"ListItem\",\"position\":1,\"name\":\"In\u00edcio\",\"item\":\"https:\\\/\\\/www.cidademarketing.com.br\\\/marketing\\\/\"},{\"@type\":\"ListItem\",\"position\":2,\"name\":\"Ballantine&#8217;s e a Universal Music lan\u00e7am o single \u201cCelebrando as Origens\u201d, projeto com Martinho da Vila, Leo Santana, BK e Mahmundi\"}]},{\"@type\":\"WebSite\",\"@id\":\"https:\\\/\\\/www.cidademarketing.com.br\\\/marketing\\\/#website\",\"url\":\"https:\\\/\\\/www.cidademarketing.com.br\\\/marketing\\\/\",\"name\":\"CidadeMarketing\",\"description\":\"Somos um ve\u00edculo de comunica\u00e7\u00e3o de destaque no Brasil, reconhecido por conte\u00fados nos segmentos de marketing, empreendedorismo e inova\u00e7\u00e3o.\",\"publisher\":{\"@id\":\"https:\\\/\\\/www.cidademarketing.com.br\\\/marketing\\\/#organization\"},\"alternateName\":\"CidadeMarketing\",\"potentialAction\":[{\"@type\":\"SearchAction\",\"target\":{\"@type\":\"EntryPoint\",\"urlTemplate\":\"https:\\\/\\\/www.cidademarketing.com.br\\\/marketing\\\/?s={search_term_string}\"},\"query-input\":{\"@type\":\"PropertyValueSpecification\",\"valueRequired\":true,\"valueName\":\"search_term_string\"}}],\"inLanguage\":\"pt-BR\"},{\"@type\":\"Organization\",\"@id\":\"https:\\\/\\\/www.cidademarketing.com.br\\\/marketing\\\/#organization\",\"name\":\"CidadeMarketing\",\"alternateName\":\"CidadeMarketing\",\"url\":\"https:\\\/\\\/www.cidademarketing.com.br\\\/marketing\\\/\",\"logo\":{\"@type\":\"ImageObject\",\"inLanguage\":\"pt-BR\",\"@id\":\"https:\\\/\\\/www.cidademarketing.com.br\\\/marketing\\\/#\\\/schema\\\/logo\\\/image\\\/\",\"url\":\"https:\\\/\\\/www.cidademarketing.com.br\\\/marketing\\\/wp-content\\\/uploads\\\/2020\\\/01\\\/cidademarketing_marca_mobile.png\",\"contentUrl\":\"https:\\\/\\\/www.cidademarketing.com.br\\\/marketing\\\/wp-content\\\/uploads\\\/2020\\\/01\\\/cidademarketing_marca_mobile.png\",\"width\":230,\"height\":92,\"caption\":\"CidadeMarketing\"},\"image\":{\"@id\":\"https:\\\/\\\/www.cidademarketing.com.br\\\/marketing\\\/#\\\/schema\\\/logo\\\/image\\\/\"},\"sameAs\":[\"https:\\\/\\\/www.facebook.com\\\/portalcidademarketing\",\"https:\\\/\\\/x.com\\\/CidadeMarketing\",\"https:\\\/\\\/www.instagram.com\\\/cidademarketing\\\/\"]},{\"@type\":\"Person\",\"@id\":\"https:\\\/\\\/www.cidademarketing.com.br\\\/marketing\\\/#\\\/schema\\\/person\\\/02daff9f18bd9378c9e01eb6b2db155f\",\"name\":\"Thales Brand\u00e3o\",\"image\":{\"@type\":\"ImageObject\",\"inLanguage\":\"pt-BR\",\"@id\":\"https:\\\/\\\/secure.gravatar.com\\\/avatar\\\/7ca3206950207cc3cb48feec56a8a7898741ab725c368d99d5d7a5a50aab80c6?s=96&d=mm&r=g\",\"url\":\"https:\\\/\\\/secure.gravatar.com\\\/avatar\\\/7ca3206950207cc3cb48feec56a8a7898741ab725c368d99d5d7a5a50aab80c6?s=96&d=mm&r=g\",\"contentUrl\":\"https:\\\/\\\/secure.gravatar.com\\\/avatar\\\/7ca3206950207cc3cb48feec56a8a7898741ab725c368d99d5d7a5a50aab80c6?s=96&d=mm&r=g\",\"caption\":\"Thales Brand\u00e3o\"},\"description\":\"Editor Executivo do Portal CidadeMarketing.com.br &gt; Mestre em Comunica\u00e7\u00e3o e Sociedade pela Universidade Federal de Sergipe. Possui MBA Executivo em Administra\u00e7\u00e3o com \u00eanfase em Marketing pela Funda\u00e7\u00e3o Get\u00falio Vargas - Rio de Janeiro. Consultor, Palestrante e Pesquisador sobre Empreendedorismo, Marketing, Redes Sociais e Neg\u00f3cios Digitais. Professor, Palestrante TedxTalks e Campus Party. Twitter: @ThalesBrandao\",\"sameAs\":[\"http:\\\/\\\/www.mandacaru.com.br\",\"https:\\\/\\\/www.facebook.com\\\/thalesbrandao\",\"http:\\\/\\\/www.instagram.com.br\\\/thalesbrandaoferreira\",\"https:\\\/\\\/www.linkedin.com\\\/in\\\/thales-brand\u00e3o-3948609\\\/\",\"https:\\\/\\\/x.com\\\/http:\\\/\\\/www.twitter.com\\\/thalesbrandao\"],\"url\":\"https:\\\/\\\/www.cidademarketing.com.br\\\/marketing\\\/author\\\/thalesbrandao\\\/\"}]}<\/script>\n<!-- \/ Yoast SEO plugin. -->","yoast_head_json":{"title":"Ballantine's e a Universal Music lan\u00e7am o single \u201cCelebrando as Origens\u201d, projeto com Martinho da Vila, Leo Santana, BK e Mahmundi - CidadeMarketing","robots":{"index":"index","follow":"follow","max-snippet":"max-snippet:-1","max-image-preview":"max-image-preview:large","max-video-preview":"max-video-preview:-1"},"canonical":"https:\/\/www.cidademarketing.com.br\/marketing\/2021\/11\/19\/ballantines-e-a-universal-music-lancam-o-single-celebrando-as-origens-projeto-com-martinho-da-vila-leo-santana-bk-e-mahmundi\/","og_locale":"pt_BR","og_type":"article","og_title":"Ballantine's e a Universal Music lan\u00e7am o single \u201cCelebrando as Origens\u201d, projeto com Martinho da Vila, Leo Santana, BK e Mahmundi - CidadeMarketing","og_description":"Os jovens talentos L\u00e9o Santana, Mahmundi e BK se unem ao \u00edcone do samba Martinho da Vila num encontro in\u00e9dito. Essa reuni\u00e3o de diferentes g\u00eaneros musicais ( pop, MPB, rap e samba) faz uma rever\u00eancia \u00e0 cultura negra no videoclipe\u201cCelebrando as Origens\u201d, dirigido por Matheus Senra, que ser\u00e1 lan\u00e7ado no YouTube no dia 19 de [&hellip;]","og_url":"https:\/\/www.cidademarketing.com.br\/marketing\/2021\/11\/19\/ballantines-e-a-universal-music-lancam-o-single-celebrando-as-origens-projeto-com-martinho-da-vila-leo-santana-bk-e-mahmundi\/","og_site_name":"CidadeMarketing","article_publisher":"https:\/\/www.facebook.com\/portalcidademarketing","article_author":"https:\/\/www.facebook.com\/thalesbrandao","article_published_time":"2021-11-19T17:29:51+00:00","article_modified_time":"2021-11-19T17:29:54+00:00","og_image":[{"width":1200,"height":1200,"url":"https:\/\/www.cidademarketing.com.br\/marketing\/wp-content\/uploads\/2021\/11\/capa_celebrandoasorigens_com-artistas.jpg","type":"image\/jpeg"}],"author":"Thales Brand\u00e3o","twitter_card":"summary_large_image","twitter_creator":"@http:\/\/www.twitter.com\/thalesbrandao","twitter_site":"@CidadeMarketing","twitter_misc":{"Escrito por":"Thales Brand\u00e3o","Est. tempo de leitura":"5 minutos"},"schema":{"@context":"https:\/\/schema.org","@graph":[{"@type":"Article","@id":"https:\/\/www.cidademarketing.com.br\/marketing\/2021\/11\/19\/ballantines-e-a-universal-music-lancam-o-single-celebrando-as-origens-projeto-com-martinho-da-vila-leo-santana-bk-e-mahmundi\/#article","isPartOf":{"@id":"https:\/\/www.cidademarketing.com.br\/marketing\/2021\/11\/19\/ballantines-e-a-universal-music-lancam-o-single-celebrando-as-origens-projeto-com-martinho-da-vila-leo-santana-bk-e-mahmundi\/"},"author":{"name":"Thales Brand\u00e3o","@id":"https:\/\/www.cidademarketing.com.br\/marketing\/#\/schema\/person\/02daff9f18bd9378c9e01eb6b2db155f"},"headline":"Ballantine&#8217;s e a Universal Music lan\u00e7am o single \u201cCelebrando as Origens\u201d, projeto com Martinho da Vila, Leo Santana, BK e Mahmundi","datePublished":"2021-11-19T17:29:51+00:00","dateModified":"2021-11-19T17:29:54+00:00","mainEntityOfPage":{"@id":"https:\/\/www.cidademarketing.com.br\/marketing\/2021\/11\/19\/ballantines-e-a-universal-music-lancam-o-single-celebrando-as-origens-projeto-com-martinho-da-vila-leo-santana-bk-e-mahmundi\/"},"wordCount":938,"commentCount":0,"publisher":{"@id":"https:\/\/www.cidademarketing.com.br\/marketing\/#organization"},"image":{"@id":"https:\/\/www.cidademarketing.com.br\/marketing\/2021\/11\/19\/ballantines-e-a-universal-music-lancam-o-single-celebrando-as-origens-projeto-com-martinho-da-vila-leo-santana-bk-e-mahmundi\/#primaryimage"},"thumbnailUrl":"https:\/\/www.cidademarketing.com.br\/marketing\/wp-content\/uploads\/2021\/11\/capa_celebrandoasorigens_com-artistas.jpg","keywords":["estrat\u00e9gia","marketing","Martinho da Vila","Universal Music","YouTube"],"articleSection":["Not\u00edcias"],"inLanguage":"pt-BR","potentialAction":[{"@type":"CommentAction","name":"Comment","target":["https:\/\/www.cidademarketing.com.br\/marketing\/2021\/11\/19\/ballantines-e-a-universal-music-lancam-o-single-celebrando-as-origens-projeto-com-martinho-da-vila-leo-santana-bk-e-mahmundi\/#respond"]}]},{"@type":"WebPage","@id":"https:\/\/www.cidademarketing.com.br\/marketing\/2021\/11\/19\/ballantines-e-a-universal-music-lancam-o-single-celebrando-as-origens-projeto-com-martinho-da-vila-leo-santana-bk-e-mahmundi\/","url":"https:\/\/www.cidademarketing.com.br\/marketing\/2021\/11\/19\/ballantines-e-a-universal-music-lancam-o-single-celebrando-as-origens-projeto-com-martinho-da-vila-leo-santana-bk-e-mahmundi\/","name":"Ballantine's e a Universal Music lan\u00e7am o single \u201cCelebrando as Origens\u201d, projeto com Martinho da Vila, Leo Santana, BK e Mahmundi - CidadeMarketing","isPartOf":{"@id":"https:\/\/www.cidademarketing.com.br\/marketing\/#website"},"primaryImageOfPage":{"@id":"https:\/\/www.cidademarketing.com.br\/marketing\/2021\/11\/19\/ballantines-e-a-universal-music-lancam-o-single-celebrando-as-origens-projeto-com-martinho-da-vila-leo-santana-bk-e-mahmundi\/#primaryimage"},"image":{"@id":"https:\/\/www.cidademarketing.com.br\/marketing\/2021\/11\/19\/ballantines-e-a-universal-music-lancam-o-single-celebrando-as-origens-projeto-com-martinho-da-vila-leo-santana-bk-e-mahmundi\/#primaryimage"},"thumbnailUrl":"https:\/\/www.cidademarketing.com.br\/marketing\/wp-content\/uploads\/2021\/11\/capa_celebrandoasorigens_com-artistas.jpg","datePublished":"2021-11-19T17:29:51+00:00","dateModified":"2021-11-19T17:29:54+00:00","breadcrumb":{"@id":"https:\/\/www.cidademarketing.com.br\/marketing\/2021\/11\/19\/ballantines-e-a-universal-music-lancam-o-single-celebrando-as-origens-projeto-com-martinho-da-vila-leo-santana-bk-e-mahmundi\/#breadcrumb"},"inLanguage":"pt-BR","potentialAction":[{"@type":"ReadAction","target":["https:\/\/www.cidademarketing.com.br\/marketing\/2021\/11\/19\/ballantines-e-a-universal-music-lancam-o-single-celebrando-as-origens-projeto-com-martinho-da-vila-leo-santana-bk-e-mahmundi\/"]}]},{"@type":"ImageObject","inLanguage":"pt-BR","@id":"https:\/\/www.cidademarketing.com.br\/marketing\/2021\/11\/19\/ballantines-e-a-universal-music-lancam-o-single-celebrando-as-origens-projeto-com-martinho-da-vila-leo-santana-bk-e-mahmundi\/#primaryimage","url":"https:\/\/www.cidademarketing.com.br\/marketing\/wp-content\/uploads\/2021\/11\/capa_celebrandoasorigens_com-artistas.jpg","contentUrl":"https:\/\/www.cidademarketing.com.br\/marketing\/wp-content\/uploads\/2021\/11\/capa_celebrandoasorigens_com-artistas.jpg","width":1200,"height":1200,"caption":"Divulga\u00e7\u00e3o"},{"@type":"BreadcrumbList","@id":"https:\/\/www.cidademarketing.com.br\/marketing\/2021\/11\/19\/ballantines-e-a-universal-music-lancam-o-single-celebrando-as-origens-projeto-com-martinho-da-vila-leo-santana-bk-e-mahmundi\/#breadcrumb","itemListElement":[{"@type":"ListItem","position":1,"name":"In\u00edcio","item":"https:\/\/www.cidademarketing.com.br\/marketing\/"},{"@type":"ListItem","position":2,"name":"Ballantine&#8217;s e a Universal Music lan\u00e7am o single \u201cCelebrando as Origens\u201d, projeto com Martinho da Vila, Leo Santana, BK e Mahmundi"}]},{"@type":"WebSite","@id":"https:\/\/www.cidademarketing.com.br\/marketing\/#website","url":"https:\/\/www.cidademarketing.com.br\/marketing\/","name":"CidadeMarketing","description":"Somos um ve\u00edculo de comunica\u00e7\u00e3o de destaque no Brasil, reconhecido por conte\u00fados nos segmentos de marketing, empreendedorismo e inova\u00e7\u00e3o.","publisher":{"@id":"https:\/\/www.cidademarketing.com.br\/marketing\/#organization"},"alternateName":"CidadeMarketing","potentialAction":[{"@type":"SearchAction","target":{"@type":"EntryPoint","urlTemplate":"https:\/\/www.cidademarketing.com.br\/marketing\/?s={search_term_string}"},"query-input":{"@type":"PropertyValueSpecification","valueRequired":true,"valueName":"search_term_string"}}],"inLanguage":"pt-BR"},{"@type":"Organization","@id":"https:\/\/www.cidademarketing.com.br\/marketing\/#organization","name":"CidadeMarketing","alternateName":"CidadeMarketing","url":"https:\/\/www.cidademarketing.com.br\/marketing\/","logo":{"@type":"ImageObject","inLanguage":"pt-BR","@id":"https:\/\/www.cidademarketing.com.br\/marketing\/#\/schema\/logo\/image\/","url":"https:\/\/www.cidademarketing.com.br\/marketing\/wp-content\/uploads\/2020\/01\/cidademarketing_marca_mobile.png","contentUrl":"https:\/\/www.cidademarketing.com.br\/marketing\/wp-content\/uploads\/2020\/01\/cidademarketing_marca_mobile.png","width":230,"height":92,"caption":"CidadeMarketing"},"image":{"@id":"https:\/\/www.cidademarketing.com.br\/marketing\/#\/schema\/logo\/image\/"},"sameAs":["https:\/\/www.facebook.com\/portalcidademarketing","https:\/\/x.com\/CidadeMarketing","https:\/\/www.instagram.com\/cidademarketing\/"]},{"@type":"Person","@id":"https:\/\/www.cidademarketing.com.br\/marketing\/#\/schema\/person\/02daff9f18bd9378c9e01eb6b2db155f","name":"Thales Brand\u00e3o","image":{"@type":"ImageObject","inLanguage":"pt-BR","@id":"https:\/\/secure.gravatar.com\/avatar\/7ca3206950207cc3cb48feec56a8a7898741ab725c368d99d5d7a5a50aab80c6?s=96&d=mm&r=g","url":"https:\/\/secure.gravatar.com\/avatar\/7ca3206950207cc3cb48feec56a8a7898741ab725c368d99d5d7a5a50aab80c6?s=96&d=mm&r=g","contentUrl":"https:\/\/secure.gravatar.com\/avatar\/7ca3206950207cc3cb48feec56a8a7898741ab725c368d99d5d7a5a50aab80c6?s=96&d=mm&r=g","caption":"Thales Brand\u00e3o"},"description":"Editor Executivo do Portal CidadeMarketing.com.br &gt; Mestre em Comunica\u00e7\u00e3o e Sociedade pela Universidade Federal de Sergipe. Possui MBA Executivo em Administra\u00e7\u00e3o com \u00eanfase em Marketing pela Funda\u00e7\u00e3o Get\u00falio Vargas - Rio de Janeiro. Consultor, Palestrante e Pesquisador sobre Empreendedorismo, Marketing, Redes Sociais e Neg\u00f3cios Digitais. Professor, Palestrante TedxTalks e Campus Party. Twitter: @ThalesBrandao","sameAs":["http:\/\/www.mandacaru.com.br","https:\/\/www.facebook.com\/thalesbrandao","http:\/\/www.instagram.com.br\/thalesbrandaoferreira","https:\/\/www.linkedin.com\/in\/thales-brand\u00e3o-3948609\/","https:\/\/x.com\/http:\/\/www.twitter.com\/thalesbrandao"],"url":"https:\/\/www.cidademarketing.com.br\/marketing\/author\/thalesbrandao\/"}]}},"amp_enabled":true,"_links":{"self":[{"href":"https:\/\/www.cidademarketing.com.br\/marketing\/wp-json\/wp\/v2\/posts\/32021","targetHints":{"allow":["GET"]}}],"collection":[{"href":"https:\/\/www.cidademarketing.com.br\/marketing\/wp-json\/wp\/v2\/posts"}],"about":[{"href":"https:\/\/www.cidademarketing.com.br\/marketing\/wp-json\/wp\/v2\/types\/post"}],"author":[{"embeddable":true,"href":"https:\/\/www.cidademarketing.com.br\/marketing\/wp-json\/wp\/v2\/users\/1"}],"replies":[{"embeddable":true,"href":"https:\/\/www.cidademarketing.com.br\/marketing\/wp-json\/wp\/v2\/comments?post=32021"}],"version-history":[{"count":1,"href":"https:\/\/www.cidademarketing.com.br\/marketing\/wp-json\/wp\/v2\/posts\/32021\/revisions"}],"predecessor-version":[{"id":32023,"href":"https:\/\/www.cidademarketing.com.br\/marketing\/wp-json\/wp\/v2\/posts\/32021\/revisions\/32023"}],"wp:featuredmedia":[{"embeddable":true,"href":"https:\/\/www.cidademarketing.com.br\/marketing\/wp-json\/wp\/v2\/media\/32022"}],"wp:attachment":[{"href":"https:\/\/www.cidademarketing.com.br\/marketing\/wp-json\/wp\/v2\/media?parent=32021"}],"wp:term":[{"taxonomy":"category","embeddable":true,"href":"https:\/\/www.cidademarketing.com.br\/marketing\/wp-json\/wp\/v2\/categories?post=32021"},{"taxonomy":"post_tag","embeddable":true,"href":"https:\/\/www.cidademarketing.com.br\/marketing\/wp-json\/wp\/v2\/tags?post=32021"}],"curies":[{"name":"wp","href":"https:\/\/api.w.org\/{rel}","templated":true}]}}