{"id":31993,"date":"2021-11-19T01:57:03","date_gmt":"2021-11-19T04:57:03","guid":{"rendered":"https:\/\/www.cidademarketing.com.br\/marketing\/?p=31993"},"modified":"2021-11-19T01:57:05","modified_gmt":"2021-11-19T04:57:05","slug":"com-rafael-portugal-campanha-destaca-uso-de-lysol-para-o-novo-normal","status":"publish","type":"post","link":"https:\/\/www.cidademarketing.com.br\/marketing\/2021\/11\/19\/com-rafael-portugal-campanha-destaca-uso-de-lysol-para-o-novo-normal\/","title":{"rendered":"Com Rafael Portugal, campanha destaca uso de Lysol\u00ae para o novo normal"},"content":{"rendered":"\n<p><\/p>\n\n\n\n<p><\/p><iframe src=\"https:\/\/open.spotify.com\/embed\/show\/4khMKzP3FgFRWVwb73xicc\" width=\"100%\" height=\"232\" frameBorder=\"0\" allowtransparency=\"true\" allow=\"encrypted-media\"><\/iframe>\t\n\n\n\n\n<p>Usar m\u00e1scaras, manter as m\u00e3os higienizadas, tirar os sapatos ao chegar em casa, essas s\u00e3o s\u00f3 algumas das medidas de preven\u00e7\u00e3o que a pandemia da Covid-19 incorporou na rotina dos brasileiros. Agora, com a t\u00e3o esperada melhora nos \u00edndices da pandemia, \u00e9 poss\u00edvel pensar de forma mais pr\u00e1tica na retomada das atividades e no t\u00e3o sonhado novo normal. Para tornar esse momento mais seguro, <strong>Lysol\u00ae, marca de desinfetantes da Reckitt Hygiene Comercial,<\/strong> lan\u00e7a a campanha <strong>\u201cO Novo Normal \u00e9 com Lysol!\u201d.<\/strong><\/p>\n\n\n\n<p>A campanha, que tem o objetivo de apresentar Lysol\u00ae como o parceiro para a rotina do consumidor, \u00e9 estrelada por <strong>Rafael Portugal<\/strong>. O filme apresenta de maneira divertida como a marca pode estar presente em diversas atividades do dia a dia, como frequentar uma academia, ou banheiros p\u00fablicos, por exemplo. Nele, Portugal se v\u00ea em algumas situa\u00e7\u00f5es embara\u00e7osas ao se deparar com a necessidade de <strong>desinfec\u00e7\u00e3o<\/strong> de um ambiente ou superf\u00edcie e \u00e9 sempre salvo pelos <strong>produtos Lysol\u00ae.<\/strong><\/p>\n\n\n\n<p>Com o mote <strong>&#8220;Para um novo normal mais simples, desinfete com Lysol\u00ae\u201d,<\/strong> o p\u00fablico ir\u00e1 conhecer os diferentes formatos de produtos desinfetantes da marca que podem facilitar a rotina, como o aerossol e os len\u00e7os. Essa \u00e9 a primeira campanha <strong>desenvolvida pela WMcCann<\/strong>, que j\u00e1 trabalha com outras divis\u00f5es do Grupo Reckitt, para Lysol\u00ae. \u201cNosso objetivo \u00e9 apresentar Lysol como um parceiro para todos os momentos do cotidiano do nosso consumidor. Na campanha, nossos produtos ganham um papel de protagonismo na vida das pessoas\u201d, afirma <strong>Daniella Rodrigues, head de marketing de Lysol\u00ae.<\/strong><\/p>\n\n\n\n<p>A estrat\u00e9gia de comunica\u00e7\u00e3o da campanha inclui veicula\u00e7\u00e3o em TV aberta no estado de S\u00e3o Paulo, m\u00eddia Out of Home (OOH), banners e formatos digitais. O desdobramento para as redes sociais contar\u00e1 ainda com a participa\u00e7\u00e3o de influenciadores como: <strong>Perrengue Chique, Sthefany Brito, Rebeca Andrade e Tata Cocielo<\/strong>, que ir\u00e3o abordar como os produtos Lysol\u00ae passaram a fazer parte de suas rotinas.<\/p>\n\n\n\n<p><\/p>\n\n\n\n<figure class=\"wp-block-embed is-type-video is-provider-youtube wp-block-embed-youtube wp-embed-aspect-16-9 wp-has-aspect-ratio\"><div class=\"wp-block-embed__wrapper\">\nhttps:\/\/www.youtube.com\/watch?v=ZGuDChiqH6Y&#038;feature=youtu.be\n<\/div><\/figure>\n\n\n\n<p><\/p><iframe allow=\"autoplay *; encrypted-media *; fullscreen *\" frameborder=\"0\" height=\"450\" style=\"width:100%;max-width:660px;overflow:hidden;background:transparent;\" sandbox=\"allow-forms allow-popups allow-same-origin allow-scripts allow-storage-access-by-user-activation allow-top-navigation-by-user-activation\" src=\"https:\/\/embed.podcasts.apple.com\/br\/podcast\/podcast-cidademarketing\/id1371923283\"><\/iframe>\n\n","protected":false},"excerpt":{"rendered":"<p>Usar m\u00e1scaras, manter as m\u00e3os higienizadas, tirar os sapatos ao chegar em casa, essas s\u00e3o s\u00f3 algumas das medidas de preven\u00e7\u00e3o que a pandemia da Covid-19 incorporou na rotina dos brasileiros. Agora, com a t\u00e3o esperada melhora nos \u00edndices da pandemia, \u00e9 poss\u00edvel pensar de forma mais pr\u00e1tica na retomada das atividades e no t\u00e3o [&hellip;]<\/p>\n","protected":false},"author":1,"featured_media":31994,"comment_status":"open","ping_status":"open","sticky":false,"template":"","format":"standard","meta":{"tdm_status":"","tdm_grid_status":"","footnotes":""},"categories":[6],"tags":[65,308,33,4942],"class_list":["post-31993","post","type-post","status-publish","format-standard","has-post-thumbnail","hentry","category-noticias","tag-campanha","tag-comunicacao","tag-estrategia","tag-lysol"],"yoast_head":"<!-- This site is optimized with the Yoast SEO plugin v27.5 - https:\/\/yoast.com\/product\/yoast-seo-wordpress\/ -->\n<title>Com Rafael Portugal, campanha destaca uso de Lysol\u00ae para o novo normal - CidadeMarketing<\/title>\n<meta name=\"robots\" content=\"index, follow, max-snippet:-1, max-image-preview:large, max-video-preview:-1\" \/>\n<link rel=\"canonical\" href=\"https:\/\/www.cidademarketing.com.br\/marketing\/2021\/11\/19\/com-rafael-portugal-campanha-destaca-uso-de-lysol-para-o-novo-normal\/\" \/>\n<meta property=\"og:locale\" content=\"pt_BR\" \/>\n<meta property=\"og:type\" content=\"article\" \/>\n<meta property=\"og:title\" content=\"Com Rafael Portugal, campanha destaca uso de Lysol\u00ae para o novo normal - CidadeMarketing\" \/>\n<meta property=\"og:description\" content=\"Usar m\u00e1scaras, manter as m\u00e3os higienizadas, tirar os sapatos ao chegar em casa, essas s\u00e3o s\u00f3 algumas das medidas de preven\u00e7\u00e3o que a pandemia da Covid-19 incorporou na rotina dos brasileiros. Agora, com a t\u00e3o esperada melhora nos \u00edndices da pandemia, \u00e9 poss\u00edvel pensar de forma mais pr\u00e1tica na retomada das atividades e no t\u00e3o [&hellip;]\" \/>\n<meta property=\"og:url\" content=\"https:\/\/www.cidademarketing.com.br\/marketing\/2021\/11\/19\/com-rafael-portugal-campanha-destaca-uso-de-lysol-para-o-novo-normal\/\" \/>\n<meta property=\"og:site_name\" content=\"CidadeMarketing\" \/>\n<meta property=\"article:publisher\" content=\"https:\/\/www.facebook.com\/portalcidademarketing\" \/>\n<meta property=\"article:author\" content=\"https:\/\/www.facebook.com\/thalesbrandao\" \/>\n<meta property=\"article:published_time\" content=\"2021-11-19T04:57:03+00:00\" \/>\n<meta property=\"article:modified_time\" content=\"2021-11-19T04:57:05+00:00\" \/>\n<meta property=\"og:image\" content=\"https:\/\/www.cidademarketing.com.br\/marketing\/wp-content\/uploads\/2021\/11\/LYSOL_NOVONORMAL_SAPATO_16x9.00_00_06_11.Still001.jpg\" \/>\n\t<meta property=\"og:image:width\" content=\"1920\" \/>\n\t<meta property=\"og:image:height\" content=\"1080\" \/>\n\t<meta property=\"og:image:type\" content=\"image\/jpeg\" \/>\n<meta name=\"author\" content=\"Thales Brand\u00e3o\" \/>\n<meta name=\"twitter:card\" content=\"summary_large_image\" \/>\n<meta name=\"twitter:creator\" content=\"@http:\/\/www.twitter.com\/thalesbrandao\" \/>\n<meta name=\"twitter:site\" content=\"@CidadeMarketing\" \/>\n<meta name=\"twitter:label1\" content=\"Escrito por\" \/>\n\t<meta name=\"twitter:data1\" content=\"Thales Brand\u00e3o\" \/>\n\t<meta name=\"twitter:label2\" content=\"Est. tempo de leitura\" \/>\n\t<meta name=\"twitter:data2\" content=\"2 minutos\" \/>\n<script type=\"application\/ld+json\" class=\"yoast-schema-graph\">{\"@context\":\"https:\\\/\\\/schema.org\",\"@graph\":[{\"@type\":\"Article\",\"@id\":\"https:\\\/\\\/www.cidademarketing.com.br\\\/marketing\\\/2021\\\/11\\\/19\\\/com-rafael-portugal-campanha-destaca-uso-de-lysol-para-o-novo-normal\\\/#article\",\"isPartOf\":{\"@id\":\"https:\\\/\\\/www.cidademarketing.com.br\\\/marketing\\\/2021\\\/11\\\/19\\\/com-rafael-portugal-campanha-destaca-uso-de-lysol-para-o-novo-normal\\\/\"},\"author\":{\"name\":\"Thales Brand\u00e3o\",\"@id\":\"https:\\\/\\\/www.cidademarketing.com.br\\\/marketing\\\/#\\\/schema\\\/person\\\/02daff9f18bd9378c9e01eb6b2db155f\"},\"headline\":\"Com Rafael Portugal, campanha destaca uso de Lysol\u00ae para o novo normal\",\"datePublished\":\"2021-11-19T04:57:03+00:00\",\"dateModified\":\"2021-11-19T04:57:05+00:00\",\"mainEntityOfPage\":{\"@id\":\"https:\\\/\\\/www.cidademarketing.com.br\\\/marketing\\\/2021\\\/11\\\/19\\\/com-rafael-portugal-campanha-destaca-uso-de-lysol-para-o-novo-normal\\\/\"},\"wordCount\":355,\"commentCount\":0,\"publisher\":{\"@id\":\"https:\\\/\\\/www.cidademarketing.com.br\\\/marketing\\\/#organization\"},\"image\":{\"@id\":\"https:\\\/\\\/www.cidademarketing.com.br\\\/marketing\\\/2021\\\/11\\\/19\\\/com-rafael-portugal-campanha-destaca-uso-de-lysol-para-o-novo-normal\\\/#primaryimage\"},\"thumbnailUrl\":\"https:\\\/\\\/www.cidademarketing.com.br\\\/marketing\\\/wp-content\\\/uploads\\\/2021\\\/11\\\/LYSOL_NOVONORMAL_SAPATO_16x9.00_00_06_11.Still001.jpg\",\"keywords\":[\"campanha\",\"comunica\u00e7\u00e3o\",\"estrat\u00e9gia\",\"Lysol\"],\"articleSection\":[\"Not\u00edcias\"],\"inLanguage\":\"pt-BR\",\"potentialAction\":[{\"@type\":\"CommentAction\",\"name\":\"Comment\",\"target\":[\"https:\\\/\\\/www.cidademarketing.com.br\\\/marketing\\\/2021\\\/11\\\/19\\\/com-rafael-portugal-campanha-destaca-uso-de-lysol-para-o-novo-normal\\\/#respond\"]}]},{\"@type\":\"WebPage\",\"@id\":\"https:\\\/\\\/www.cidademarketing.com.br\\\/marketing\\\/2021\\\/11\\\/19\\\/com-rafael-portugal-campanha-destaca-uso-de-lysol-para-o-novo-normal\\\/\",\"url\":\"https:\\\/\\\/www.cidademarketing.com.br\\\/marketing\\\/2021\\\/11\\\/19\\\/com-rafael-portugal-campanha-destaca-uso-de-lysol-para-o-novo-normal\\\/\",\"name\":\"Com Rafael Portugal, campanha destaca uso de Lysol\u00ae para o novo normal - CidadeMarketing\",\"isPartOf\":{\"@id\":\"https:\\\/\\\/www.cidademarketing.com.br\\\/marketing\\\/#website\"},\"primaryImageOfPage\":{\"@id\":\"https:\\\/\\\/www.cidademarketing.com.br\\\/marketing\\\/2021\\\/11\\\/19\\\/com-rafael-portugal-campanha-destaca-uso-de-lysol-para-o-novo-normal\\\/#primaryimage\"},\"image\":{\"@id\":\"https:\\\/\\\/www.cidademarketing.com.br\\\/marketing\\\/2021\\\/11\\\/19\\\/com-rafael-portugal-campanha-destaca-uso-de-lysol-para-o-novo-normal\\\/#primaryimage\"},\"thumbnailUrl\":\"https:\\\/\\\/www.cidademarketing.com.br\\\/marketing\\\/wp-content\\\/uploads\\\/2021\\\/11\\\/LYSOL_NOVONORMAL_SAPATO_16x9.00_00_06_11.Still001.jpg\",\"datePublished\":\"2021-11-19T04:57:03+00:00\",\"dateModified\":\"2021-11-19T04:57:05+00:00\",\"breadcrumb\":{\"@id\":\"https:\\\/\\\/www.cidademarketing.com.br\\\/marketing\\\/2021\\\/11\\\/19\\\/com-rafael-portugal-campanha-destaca-uso-de-lysol-para-o-novo-normal\\\/#breadcrumb\"},\"inLanguage\":\"pt-BR\",\"potentialAction\":[{\"@type\":\"ReadAction\",\"target\":[\"https:\\\/\\\/www.cidademarketing.com.br\\\/marketing\\\/2021\\\/11\\\/19\\\/com-rafael-portugal-campanha-destaca-uso-de-lysol-para-o-novo-normal\\\/\"]}]},{\"@type\":\"ImageObject\",\"inLanguage\":\"pt-BR\",\"@id\":\"https:\\\/\\\/www.cidademarketing.com.br\\\/marketing\\\/2021\\\/11\\\/19\\\/com-rafael-portugal-campanha-destaca-uso-de-lysol-para-o-novo-normal\\\/#primaryimage\",\"url\":\"https:\\\/\\\/www.cidademarketing.com.br\\\/marketing\\\/wp-content\\\/uploads\\\/2021\\\/11\\\/LYSOL_NOVONORMAL_SAPATO_16x9.00_00_06_11.Still001.jpg\",\"contentUrl\":\"https:\\\/\\\/www.cidademarketing.com.br\\\/marketing\\\/wp-content\\\/uploads\\\/2021\\\/11\\\/LYSOL_NOVONORMAL_SAPATO_16x9.00_00_06_11.Still001.jpg\",\"width\":1920,\"height\":1080,\"caption\":\"Reprodu\u00e7\u00e3o\"},{\"@type\":\"BreadcrumbList\",\"@id\":\"https:\\\/\\\/www.cidademarketing.com.br\\\/marketing\\\/2021\\\/11\\\/19\\\/com-rafael-portugal-campanha-destaca-uso-de-lysol-para-o-novo-normal\\\/#breadcrumb\",\"itemListElement\":[{\"@type\":\"ListItem\",\"position\":1,\"name\":\"In\u00edcio\",\"item\":\"https:\\\/\\\/www.cidademarketing.com.br\\\/marketing\\\/\"},{\"@type\":\"ListItem\",\"position\":2,\"name\":\"Com Rafael Portugal, campanha destaca uso de Lysol\u00ae para o novo normal\"}]},{\"@type\":\"WebSite\",\"@id\":\"https:\\\/\\\/www.cidademarketing.com.br\\\/marketing\\\/#website\",\"url\":\"https:\\\/\\\/www.cidademarketing.com.br\\\/marketing\\\/\",\"name\":\"CidadeMarketing\",\"description\":\"Somos um ve\u00edculo de comunica\u00e7\u00e3o de destaque no Brasil, reconhecido por conte\u00fados nos segmentos de marketing, empreendedorismo e inova\u00e7\u00e3o.\",\"publisher\":{\"@id\":\"https:\\\/\\\/www.cidademarketing.com.br\\\/marketing\\\/#organization\"},\"alternateName\":\"CidadeMarketing\",\"potentialAction\":[{\"@type\":\"SearchAction\",\"target\":{\"@type\":\"EntryPoint\",\"urlTemplate\":\"https:\\\/\\\/www.cidademarketing.com.br\\\/marketing\\\/?s={search_term_string}\"},\"query-input\":{\"@type\":\"PropertyValueSpecification\",\"valueRequired\":true,\"valueName\":\"search_term_string\"}}],\"inLanguage\":\"pt-BR\"},{\"@type\":\"Organization\",\"@id\":\"https:\\\/\\\/www.cidademarketing.com.br\\\/marketing\\\/#organization\",\"name\":\"CidadeMarketing\",\"alternateName\":\"CidadeMarketing\",\"url\":\"https:\\\/\\\/www.cidademarketing.com.br\\\/marketing\\\/\",\"logo\":{\"@type\":\"ImageObject\",\"inLanguage\":\"pt-BR\",\"@id\":\"https:\\\/\\\/www.cidademarketing.com.br\\\/marketing\\\/#\\\/schema\\\/logo\\\/image\\\/\",\"url\":\"https:\\\/\\\/www.cidademarketing.com.br\\\/marketing\\\/wp-content\\\/uploads\\\/2020\\\/01\\\/cidademarketing_marca_mobile.png\",\"contentUrl\":\"https:\\\/\\\/www.cidademarketing.com.br\\\/marketing\\\/wp-content\\\/uploads\\\/2020\\\/01\\\/cidademarketing_marca_mobile.png\",\"width\":230,\"height\":92,\"caption\":\"CidadeMarketing\"},\"image\":{\"@id\":\"https:\\\/\\\/www.cidademarketing.com.br\\\/marketing\\\/#\\\/schema\\\/logo\\\/image\\\/\"},\"sameAs\":[\"https:\\\/\\\/www.facebook.com\\\/portalcidademarketing\",\"https:\\\/\\\/x.com\\\/CidadeMarketing\",\"https:\\\/\\\/www.instagram.com\\\/cidademarketing\\\/\"]},{\"@type\":\"Person\",\"@id\":\"https:\\\/\\\/www.cidademarketing.com.br\\\/marketing\\\/#\\\/schema\\\/person\\\/02daff9f18bd9378c9e01eb6b2db155f\",\"name\":\"Thales Brand\u00e3o\",\"image\":{\"@type\":\"ImageObject\",\"inLanguage\":\"pt-BR\",\"@id\":\"https:\\\/\\\/secure.gravatar.com\\\/avatar\\\/7ca3206950207cc3cb48feec56a8a7898741ab725c368d99d5d7a5a50aab80c6?s=96&d=mm&r=g\",\"url\":\"https:\\\/\\\/secure.gravatar.com\\\/avatar\\\/7ca3206950207cc3cb48feec56a8a7898741ab725c368d99d5d7a5a50aab80c6?s=96&d=mm&r=g\",\"contentUrl\":\"https:\\\/\\\/secure.gravatar.com\\\/avatar\\\/7ca3206950207cc3cb48feec56a8a7898741ab725c368d99d5d7a5a50aab80c6?s=96&d=mm&r=g\",\"caption\":\"Thales Brand\u00e3o\"},\"description\":\"Editor Executivo do Portal CidadeMarketing.com.br &gt; Mestre em Comunica\u00e7\u00e3o e Sociedade pela Universidade Federal de Sergipe. Possui MBA Executivo em Administra\u00e7\u00e3o com \u00eanfase em Marketing pela Funda\u00e7\u00e3o Get\u00falio Vargas - Rio de Janeiro. Consultor, Palestrante e Pesquisador sobre Empreendedorismo, Marketing, Redes Sociais e Neg\u00f3cios Digitais. Professor, Palestrante TedxTalks e Campus Party. Twitter: @ThalesBrandao\",\"sameAs\":[\"http:\\\/\\\/www.mandacaru.com.br\",\"https:\\\/\\\/www.facebook.com\\\/thalesbrandao\",\"http:\\\/\\\/www.instagram.com.br\\\/thalesbrandaoferreira\",\"https:\\\/\\\/www.linkedin.com\\\/in\\\/thales-brand\u00e3o-3948609\\\/\",\"https:\\\/\\\/x.com\\\/http:\\\/\\\/www.twitter.com\\\/thalesbrandao\"],\"url\":\"https:\\\/\\\/www.cidademarketing.com.br\\\/marketing\\\/author\\\/thalesbrandao\\\/\"}]}<\/script>\n<!-- \/ Yoast SEO plugin. -->","yoast_head_json":{"title":"Com Rafael Portugal, campanha destaca uso de Lysol\u00ae para o novo normal - CidadeMarketing","robots":{"index":"index","follow":"follow","max-snippet":"max-snippet:-1","max-image-preview":"max-image-preview:large","max-video-preview":"max-video-preview:-1"},"canonical":"https:\/\/www.cidademarketing.com.br\/marketing\/2021\/11\/19\/com-rafael-portugal-campanha-destaca-uso-de-lysol-para-o-novo-normal\/","og_locale":"pt_BR","og_type":"article","og_title":"Com Rafael Portugal, campanha destaca uso de Lysol\u00ae para o novo normal - CidadeMarketing","og_description":"Usar m\u00e1scaras, manter as m\u00e3os higienizadas, tirar os sapatos ao chegar em casa, essas s\u00e3o s\u00f3 algumas das medidas de preven\u00e7\u00e3o que a pandemia da Covid-19 incorporou na rotina dos brasileiros. Agora, com a t\u00e3o esperada melhora nos \u00edndices da pandemia, \u00e9 poss\u00edvel pensar de forma mais pr\u00e1tica na retomada das atividades e no t\u00e3o [&hellip;]","og_url":"https:\/\/www.cidademarketing.com.br\/marketing\/2021\/11\/19\/com-rafael-portugal-campanha-destaca-uso-de-lysol-para-o-novo-normal\/","og_site_name":"CidadeMarketing","article_publisher":"https:\/\/www.facebook.com\/portalcidademarketing","article_author":"https:\/\/www.facebook.com\/thalesbrandao","article_published_time":"2021-11-19T04:57:03+00:00","article_modified_time":"2021-11-19T04:57:05+00:00","og_image":[{"width":1920,"height":1080,"url":"https:\/\/www.cidademarketing.com.br\/marketing\/wp-content\/uploads\/2021\/11\/LYSOL_NOVONORMAL_SAPATO_16x9.00_00_06_11.Still001.jpg","type":"image\/jpeg"}],"author":"Thales Brand\u00e3o","twitter_card":"summary_large_image","twitter_creator":"@http:\/\/www.twitter.com\/thalesbrandao","twitter_site":"@CidadeMarketing","twitter_misc":{"Escrito por":"Thales Brand\u00e3o","Est. tempo de leitura":"2 minutos"},"schema":{"@context":"https:\/\/schema.org","@graph":[{"@type":"Article","@id":"https:\/\/www.cidademarketing.com.br\/marketing\/2021\/11\/19\/com-rafael-portugal-campanha-destaca-uso-de-lysol-para-o-novo-normal\/#article","isPartOf":{"@id":"https:\/\/www.cidademarketing.com.br\/marketing\/2021\/11\/19\/com-rafael-portugal-campanha-destaca-uso-de-lysol-para-o-novo-normal\/"},"author":{"name":"Thales Brand\u00e3o","@id":"https:\/\/www.cidademarketing.com.br\/marketing\/#\/schema\/person\/02daff9f18bd9378c9e01eb6b2db155f"},"headline":"Com Rafael Portugal, campanha destaca uso de Lysol\u00ae para o novo normal","datePublished":"2021-11-19T04:57:03+00:00","dateModified":"2021-11-19T04:57:05+00:00","mainEntityOfPage":{"@id":"https:\/\/www.cidademarketing.com.br\/marketing\/2021\/11\/19\/com-rafael-portugal-campanha-destaca-uso-de-lysol-para-o-novo-normal\/"},"wordCount":355,"commentCount":0,"publisher":{"@id":"https:\/\/www.cidademarketing.com.br\/marketing\/#organization"},"image":{"@id":"https:\/\/www.cidademarketing.com.br\/marketing\/2021\/11\/19\/com-rafael-portugal-campanha-destaca-uso-de-lysol-para-o-novo-normal\/#primaryimage"},"thumbnailUrl":"https:\/\/www.cidademarketing.com.br\/marketing\/wp-content\/uploads\/2021\/11\/LYSOL_NOVONORMAL_SAPATO_16x9.00_00_06_11.Still001.jpg","keywords":["campanha","comunica\u00e7\u00e3o","estrat\u00e9gia","Lysol"],"articleSection":["Not\u00edcias"],"inLanguage":"pt-BR","potentialAction":[{"@type":"CommentAction","name":"Comment","target":["https:\/\/www.cidademarketing.com.br\/marketing\/2021\/11\/19\/com-rafael-portugal-campanha-destaca-uso-de-lysol-para-o-novo-normal\/#respond"]}]},{"@type":"WebPage","@id":"https:\/\/www.cidademarketing.com.br\/marketing\/2021\/11\/19\/com-rafael-portugal-campanha-destaca-uso-de-lysol-para-o-novo-normal\/","url":"https:\/\/www.cidademarketing.com.br\/marketing\/2021\/11\/19\/com-rafael-portugal-campanha-destaca-uso-de-lysol-para-o-novo-normal\/","name":"Com Rafael Portugal, campanha destaca uso de Lysol\u00ae para o novo normal - CidadeMarketing","isPartOf":{"@id":"https:\/\/www.cidademarketing.com.br\/marketing\/#website"},"primaryImageOfPage":{"@id":"https:\/\/www.cidademarketing.com.br\/marketing\/2021\/11\/19\/com-rafael-portugal-campanha-destaca-uso-de-lysol-para-o-novo-normal\/#primaryimage"},"image":{"@id":"https:\/\/www.cidademarketing.com.br\/marketing\/2021\/11\/19\/com-rafael-portugal-campanha-destaca-uso-de-lysol-para-o-novo-normal\/#primaryimage"},"thumbnailUrl":"https:\/\/www.cidademarketing.com.br\/marketing\/wp-content\/uploads\/2021\/11\/LYSOL_NOVONORMAL_SAPATO_16x9.00_00_06_11.Still001.jpg","datePublished":"2021-11-19T04:57:03+00:00","dateModified":"2021-11-19T04:57:05+00:00","breadcrumb":{"@id":"https:\/\/www.cidademarketing.com.br\/marketing\/2021\/11\/19\/com-rafael-portugal-campanha-destaca-uso-de-lysol-para-o-novo-normal\/#breadcrumb"},"inLanguage":"pt-BR","potentialAction":[{"@type":"ReadAction","target":["https:\/\/www.cidademarketing.com.br\/marketing\/2021\/11\/19\/com-rafael-portugal-campanha-destaca-uso-de-lysol-para-o-novo-normal\/"]}]},{"@type":"ImageObject","inLanguage":"pt-BR","@id":"https:\/\/www.cidademarketing.com.br\/marketing\/2021\/11\/19\/com-rafael-portugal-campanha-destaca-uso-de-lysol-para-o-novo-normal\/#primaryimage","url":"https:\/\/www.cidademarketing.com.br\/marketing\/wp-content\/uploads\/2021\/11\/LYSOL_NOVONORMAL_SAPATO_16x9.00_00_06_11.Still001.jpg","contentUrl":"https:\/\/www.cidademarketing.com.br\/marketing\/wp-content\/uploads\/2021\/11\/LYSOL_NOVONORMAL_SAPATO_16x9.00_00_06_11.Still001.jpg","width":1920,"height":1080,"caption":"Reprodu\u00e7\u00e3o"},{"@type":"BreadcrumbList","@id":"https:\/\/www.cidademarketing.com.br\/marketing\/2021\/11\/19\/com-rafael-portugal-campanha-destaca-uso-de-lysol-para-o-novo-normal\/#breadcrumb","itemListElement":[{"@type":"ListItem","position":1,"name":"In\u00edcio","item":"https:\/\/www.cidademarketing.com.br\/marketing\/"},{"@type":"ListItem","position":2,"name":"Com Rafael Portugal, campanha destaca uso de Lysol\u00ae para o novo normal"}]},{"@type":"WebSite","@id":"https:\/\/www.cidademarketing.com.br\/marketing\/#website","url":"https:\/\/www.cidademarketing.com.br\/marketing\/","name":"CidadeMarketing","description":"Somos um ve\u00edculo de comunica\u00e7\u00e3o de destaque no Brasil, reconhecido por conte\u00fados nos segmentos de marketing, empreendedorismo e inova\u00e7\u00e3o.","publisher":{"@id":"https:\/\/www.cidademarketing.com.br\/marketing\/#organization"},"alternateName":"CidadeMarketing","potentialAction":[{"@type":"SearchAction","target":{"@type":"EntryPoint","urlTemplate":"https:\/\/www.cidademarketing.com.br\/marketing\/?s={search_term_string}"},"query-input":{"@type":"PropertyValueSpecification","valueRequired":true,"valueName":"search_term_string"}}],"inLanguage":"pt-BR"},{"@type":"Organization","@id":"https:\/\/www.cidademarketing.com.br\/marketing\/#organization","name":"CidadeMarketing","alternateName":"CidadeMarketing","url":"https:\/\/www.cidademarketing.com.br\/marketing\/","logo":{"@type":"ImageObject","inLanguage":"pt-BR","@id":"https:\/\/www.cidademarketing.com.br\/marketing\/#\/schema\/logo\/image\/","url":"https:\/\/www.cidademarketing.com.br\/marketing\/wp-content\/uploads\/2020\/01\/cidademarketing_marca_mobile.png","contentUrl":"https:\/\/www.cidademarketing.com.br\/marketing\/wp-content\/uploads\/2020\/01\/cidademarketing_marca_mobile.png","width":230,"height":92,"caption":"CidadeMarketing"},"image":{"@id":"https:\/\/www.cidademarketing.com.br\/marketing\/#\/schema\/logo\/image\/"},"sameAs":["https:\/\/www.facebook.com\/portalcidademarketing","https:\/\/x.com\/CidadeMarketing","https:\/\/www.instagram.com\/cidademarketing\/"]},{"@type":"Person","@id":"https:\/\/www.cidademarketing.com.br\/marketing\/#\/schema\/person\/02daff9f18bd9378c9e01eb6b2db155f","name":"Thales Brand\u00e3o","image":{"@type":"ImageObject","inLanguage":"pt-BR","@id":"https:\/\/secure.gravatar.com\/avatar\/7ca3206950207cc3cb48feec56a8a7898741ab725c368d99d5d7a5a50aab80c6?s=96&d=mm&r=g","url":"https:\/\/secure.gravatar.com\/avatar\/7ca3206950207cc3cb48feec56a8a7898741ab725c368d99d5d7a5a50aab80c6?s=96&d=mm&r=g","contentUrl":"https:\/\/secure.gravatar.com\/avatar\/7ca3206950207cc3cb48feec56a8a7898741ab725c368d99d5d7a5a50aab80c6?s=96&d=mm&r=g","caption":"Thales Brand\u00e3o"},"description":"Editor Executivo do Portal CidadeMarketing.com.br &gt; Mestre em Comunica\u00e7\u00e3o e Sociedade pela Universidade Federal de Sergipe. Possui MBA Executivo em Administra\u00e7\u00e3o com \u00eanfase em Marketing pela Funda\u00e7\u00e3o Get\u00falio Vargas - Rio de Janeiro. Consultor, Palestrante e Pesquisador sobre Empreendedorismo, Marketing, Redes Sociais e Neg\u00f3cios Digitais. Professor, Palestrante TedxTalks e Campus Party. Twitter: @ThalesBrandao","sameAs":["http:\/\/www.mandacaru.com.br","https:\/\/www.facebook.com\/thalesbrandao","http:\/\/www.instagram.com.br\/thalesbrandaoferreira","https:\/\/www.linkedin.com\/in\/thales-brand\u00e3o-3948609\/","https:\/\/x.com\/http:\/\/www.twitter.com\/thalesbrandao"],"url":"https:\/\/www.cidademarketing.com.br\/marketing\/author\/thalesbrandao\/"}]}},"amp_enabled":true,"_links":{"self":[{"href":"https:\/\/www.cidademarketing.com.br\/marketing\/wp-json\/wp\/v2\/posts\/31993","targetHints":{"allow":["GET"]}}],"collection":[{"href":"https:\/\/www.cidademarketing.com.br\/marketing\/wp-json\/wp\/v2\/posts"}],"about":[{"href":"https:\/\/www.cidademarketing.com.br\/marketing\/wp-json\/wp\/v2\/types\/post"}],"author":[{"embeddable":true,"href":"https:\/\/www.cidademarketing.com.br\/marketing\/wp-json\/wp\/v2\/users\/1"}],"replies":[{"embeddable":true,"href":"https:\/\/www.cidademarketing.com.br\/marketing\/wp-json\/wp\/v2\/comments?post=31993"}],"version-history":[{"count":1,"href":"https:\/\/www.cidademarketing.com.br\/marketing\/wp-json\/wp\/v2\/posts\/31993\/revisions"}],"predecessor-version":[{"id":31995,"href":"https:\/\/www.cidademarketing.com.br\/marketing\/wp-json\/wp\/v2\/posts\/31993\/revisions\/31995"}],"wp:featuredmedia":[{"embeddable":true,"href":"https:\/\/www.cidademarketing.com.br\/marketing\/wp-json\/wp\/v2\/media\/31994"}],"wp:attachment":[{"href":"https:\/\/www.cidademarketing.com.br\/marketing\/wp-json\/wp\/v2\/media?parent=31993"}],"wp:term":[{"taxonomy":"category","embeddable":true,"href":"https:\/\/www.cidademarketing.com.br\/marketing\/wp-json\/wp\/v2\/categories?post=31993"},{"taxonomy":"post_tag","embeddable":true,"href":"https:\/\/www.cidademarketing.com.br\/marketing\/wp-json\/wp\/v2\/tags?post=31993"}],"curies":[{"name":"wp","href":"https:\/\/api.w.org\/{rel}","templated":true}]}}