{"id":31765,"date":"2021-11-12T21:54:38","date_gmt":"2021-11-13T00:54:38","guid":{"rendered":"https:\/\/www.cidademarketing.com.br\/marketing\/?p=31765"},"modified":"2021-11-12T21:55:02","modified_gmt":"2021-11-13T00:55:02","slug":"black-friday-destilados-pao-de-acucar-e-extra-trazem-descontos-em-destilados-no-segundo-final-de-semana-de-esquenta-novembro","status":"publish","type":"post","link":"https:\/\/www.cidademarketing.com.br\/marketing\/2021\/11\/12\/black-friday-destilados-pao-de-acucar-e-extra-trazem-descontos-em-destilados-no-segundo-final-de-semana-de-esquenta-novembro\/","title":{"rendered":"Black Friday Destilados: P\u00e3o de A\u00e7\u00facar e Extra trazem descontos em destilados no segundo final de semana de \u2018Esquenta Novembro\u2019"},"content":{"rendered":"\n<p><\/p><iframe src=\"https:\/\/open.spotify.com\/embed\/show\/4khMKzP3FgFRWVwb73xicc\" width=\"100%\" height=\"232\" frameBorder=\"0\" allowtransparency=\"true\" allow=\"encrypted-media\"><\/iframe>\t\n\n\n\n\n<p>As redes Extra e P\u00e3o de A\u00e7\u00facar est\u00e3o oferecendo descontos especiais em categorias relevantes para seus clientes em todas as semanas deste m\u00eas, no Esquenta Novembro. E, nesta sexta-feira (12) e neste s\u00e1bado (13), os clientes v\u00e3o poder aproveitar ofertas em whiskies, gins, vodcas e destilados em geral.<\/p>\n\n\n\n<p>A ofertas podem ser conferidas em todos os formatos de lojas f\u00edsicas das redes (hipermercados, supermercados e lojas de vizinhan\u00e7a), al\u00e9m dos e-commerce PaodeAcucar.com e ClubeExtra.com.br e apps P\u00e3o de A\u00e7\u00facar Mais e Clube Extra, que j\u00e1 apresentam as ofertas a partir do dia 11\/11 e durante o dia 12\/11. Desta forma, as marcas reafirmam o compromisso de atenderem os clientes, onde, como e quando preferirem.<\/p>\n\n\n\n<p>Confira algumas das ofertas em destilados v\u00e1lidas para o estado do Rio de Janeiro:<\/p>\n\n\n\n<p><strong>P\u00e3o de A\u00e7\u00facar<\/strong><\/p>\n\n\n\n<ul class=\"wp-block-list\"><li>Whisky Chivas Regal 12 anos 1 litro \u2013 De R$ 149,99 por R$ 109,90<\/li><li>Whisky Johnnie Walker Black Label 1 litro \u2013 De R$ 165,99 por R$ 119,90<\/li><li>Whisky Johnnie Walker Gold Label Reserve 750 ml \u2013 De R$ 275,99 por R$ 199,90<\/li><li>Whisky Buchanans 12 anos 1 litro \u2013 De R$189,99 por R$129,90<\/li><li>Vodka Absolut tradicional 1 litro \u2013 De R$ 75,19 por R$ 49,90<\/li><li>Gin Beefeater 750 ml \u2013 De R$ 149,99 por R$ 89,90<\/li><li>Gin Tanqueray 750 ml \u2013 De R$ 129,99 por R$ 105,90<\/li><li>Whisky Johnnie Walker Red Label 1 litro \u2013 De R$ 95,99 por R$ 72,90<\/li><li>Whisky Jack Daniels 1 Litro \u2013 DE 159,99 por R$ 125,90<\/li><li>&nbsp;<\/li><\/ul>\n\n\n\n<p><strong>Extra<\/strong><\/p>\n\n\n\n<ul class=\"wp-block-list\"><li>Whisky Ballantine&#8217;s Finest 750 ml por R$ 49,99<\/li><li>Whisky Johnnie Walker Red Label 1 litro por R$ 72,90<\/li><li>Whisky Johnnie Walker Black Label 12 anos 1 litro por R$ 119,90<\/li><li>Whisky Black White 1 litro por R$ 42,69<\/li><li>Vodka Absolut 750 ml por R$ 49,99<\/li><li>Gin Gordon&#8217;s 750 ml por R$ 57,90&nbsp;<\/li><li>Gin Beefeater 750 ml por R$ 84,90<\/li><li>Gin Tanqueray 750 ml por R$ 106,90<\/li><li>Aperitivo Aperol 750 ml por R$ 49,90&nbsp;<\/li><li>&nbsp;<\/li><\/ul>\n\n\n\n<p>No P\u00e3o de A\u00e7\u00facar, clientes ainda aproveitam descontos em carnes para churrasco para complementar as ofertas deste feriado. A categoria \u00e9 uma das principais da rede, que \u00e9 refer\u00eancia quando falamos de carnes, com cortes nobres e iniciativas de rastreabilidade e bem-estar animal, tanto que recentemente o P\u00e3o de A\u00e7\u00facar lan\u00e7ou uma plataforma de churrasco, que re\u00fane em um \u00fanico lugar cortes de carnes, bebidas e acess\u00f3rios, al\u00e9m de oferecer dicas de harmoniza\u00e7\u00e3o e de preparo para o churrasco perfeito.<\/p>\n\n\n\n<p><\/p>\n\n\n\n<p><\/p><iframe allow=\"autoplay *; encrypted-media *; fullscreen *\" frameborder=\"0\" height=\"450\" style=\"width:100%;max-width:660px;overflow:hidden;background:transparent;\" sandbox=\"allow-forms allow-popups allow-same-origin allow-scripts allow-storage-access-by-user-activation allow-top-navigation-by-user-activation\" src=\"https:\/\/embed.podcasts.apple.com\/br\/podcast\/podcast-cidademarketing\/id1371923283\"><\/iframe>\n\n","protected":false},"excerpt":{"rendered":"<p>As redes Extra e P\u00e3o de A\u00e7\u00facar est\u00e3o oferecendo descontos especiais em categorias relevantes para seus clientes em todas as semanas deste m\u00eas, no Esquenta Novembro. E, nesta sexta-feira (12) e neste s\u00e1bado (13), os clientes v\u00e3o poder aproveitar ofertas em whiskies, gins, vodcas e destilados em geral. A ofertas podem ser conferidas em todos [&hellip;]<\/p>\n","protected":false},"author":1,"featured_media":17756,"comment_status":"open","ping_status":"open","sticky":false,"template":"","format":"standard","meta":{"tdm_status":"","tdm_grid_status":"","footnotes":""},"categories":[6],"tags":[591,3779,33,428,28,172],"class_list":["post-31765","post","type-post","status-publish","format-standard","has-post-thumbnail","hentry","category-noticias","tag-black-friday","tag-descontos","tag-estrategia","tag-extra","tag-marketing","tag-pao-de-acucar"],"yoast_head":"<!-- This site is optimized with the Yoast SEO plugin v27.5 - https:\/\/yoast.com\/product\/yoast-seo-wordpress\/ -->\n<title>Black Friday Destilados: P\u00e3o de A\u00e7\u00facar e Extra trazem descontos em destilados no segundo final de semana de \u2018Esquenta Novembro\u2019 - CidadeMarketing<\/title>\n<meta name=\"robots\" content=\"index, follow, max-snippet:-1, max-image-preview:large, max-video-preview:-1\" \/>\n<link rel=\"canonical\" href=\"https:\/\/www.cidademarketing.com.br\/marketing\/2021\/11\/12\/black-friday-destilados-pao-de-acucar-e-extra-trazem-descontos-em-destilados-no-segundo-final-de-semana-de-esquenta-novembro\/\" \/>\n<meta property=\"og:locale\" content=\"pt_BR\" \/>\n<meta property=\"og:type\" content=\"article\" \/>\n<meta property=\"og:title\" content=\"Black Friday Destilados: P\u00e3o de A\u00e7\u00facar e Extra trazem descontos em destilados no segundo final de semana de \u2018Esquenta Novembro\u2019 - CidadeMarketing\" \/>\n<meta property=\"og:description\" content=\"As redes Extra e P\u00e3o de A\u00e7\u00facar est\u00e3o oferecendo descontos especiais em categorias relevantes para seus clientes em todas as semanas deste m\u00eas, no Esquenta Novembro. E, nesta sexta-feira (12) e neste s\u00e1bado (13), os clientes v\u00e3o poder aproveitar ofertas em whiskies, gins, vodcas e destilados em geral. A ofertas podem ser conferidas em todos [&hellip;]\" \/>\n<meta property=\"og:url\" content=\"https:\/\/www.cidademarketing.com.br\/marketing\/2021\/11\/12\/black-friday-destilados-pao-de-acucar-e-extra-trazem-descontos-em-destilados-no-segundo-final-de-semana-de-esquenta-novembro\/\" \/>\n<meta property=\"og:site_name\" content=\"CidadeMarketing\" \/>\n<meta property=\"article:publisher\" content=\"https:\/\/www.facebook.com\/portalcidademarketing\" \/>\n<meta property=\"article:author\" content=\"https:\/\/www.facebook.com\/thalesbrandao\" \/>\n<meta property=\"article:published_time\" content=\"2021-11-13T00:54:38+00:00\" \/>\n<meta property=\"article:modified_time\" content=\"2021-11-13T00:55:02+00:00\" \/>\n<meta property=\"og:image\" content=\"https:\/\/www.cidademarketing.com.br\/marketing\/wp-content\/uploads\/2020\/08\/paodeacucar_extra.jpg\" \/>\n\t<meta property=\"og:image:width\" content=\"876\" \/>\n\t<meta property=\"og:image:height\" content=\"456\" \/>\n\t<meta property=\"og:image:type\" content=\"image\/jpeg\" \/>\n<meta name=\"author\" content=\"Thales Brand\u00e3o\" \/>\n<meta name=\"twitter:card\" content=\"summary_large_image\" \/>\n<meta name=\"twitter:creator\" content=\"@http:\/\/www.twitter.com\/thalesbrandao\" \/>\n<meta name=\"twitter:site\" content=\"@CidadeMarketing\" \/>\n<meta name=\"twitter:label1\" content=\"Escrito por\" \/>\n\t<meta name=\"twitter:data1\" content=\"Thales Brand\u00e3o\" \/>\n\t<meta name=\"twitter:label2\" content=\"Est. tempo de leitura\" \/>\n\t<meta name=\"twitter:data2\" content=\"2 minutos\" \/>\n<script type=\"application\/ld+json\" class=\"yoast-schema-graph\">{\"@context\":\"https:\\\/\\\/schema.org\",\"@graph\":[{\"@type\":\"Article\",\"@id\":\"https:\\\/\\\/www.cidademarketing.com.br\\\/marketing\\\/2021\\\/11\\\/12\\\/black-friday-destilados-pao-de-acucar-e-extra-trazem-descontos-em-destilados-no-segundo-final-de-semana-de-esquenta-novembro\\\/#article\",\"isPartOf\":{\"@id\":\"https:\\\/\\\/www.cidademarketing.com.br\\\/marketing\\\/2021\\\/11\\\/12\\\/black-friday-destilados-pao-de-acucar-e-extra-trazem-descontos-em-destilados-no-segundo-final-de-semana-de-esquenta-novembro\\\/\"},\"author\":{\"name\":\"Thales Brand\u00e3o\",\"@id\":\"https:\\\/\\\/www.cidademarketing.com.br\\\/marketing\\\/#\\\/schema\\\/person\\\/02daff9f18bd9378c9e01eb6b2db155f\"},\"headline\":\"Black Friday Destilados: P\u00e3o de A\u00e7\u00facar e Extra trazem descontos em destilados no segundo final de semana de \u2018Esquenta Novembro\u2019\",\"datePublished\":\"2021-11-13T00:54:38+00:00\",\"dateModified\":\"2021-11-13T00:55:02+00:00\",\"mainEntityOfPage\":{\"@id\":\"https:\\\/\\\/www.cidademarketing.com.br\\\/marketing\\\/2021\\\/11\\\/12\\\/black-friday-destilados-pao-de-acucar-e-extra-trazem-descontos-em-destilados-no-segundo-final-de-semana-de-esquenta-novembro\\\/\"},\"wordCount\":392,\"commentCount\":0,\"publisher\":{\"@id\":\"https:\\\/\\\/www.cidademarketing.com.br\\\/marketing\\\/#organization\"},\"image\":{\"@id\":\"https:\\\/\\\/www.cidademarketing.com.br\\\/marketing\\\/2021\\\/11\\\/12\\\/black-friday-destilados-pao-de-acucar-e-extra-trazem-descontos-em-destilados-no-segundo-final-de-semana-de-esquenta-novembro\\\/#primaryimage\"},\"thumbnailUrl\":\"https:\\\/\\\/www.cidademarketing.com.br\\\/marketing\\\/wp-content\\\/uploads\\\/2020\\\/08\\\/paodeacucar_extra.jpg\",\"keywords\":[\"Black Friday\",\"descontos\",\"estrat\u00e9gia\",\"Extra\",\"marketing\",\"p\u00e3o de a\u00e7\u00facar\"],\"articleSection\":[\"Not\u00edcias\"],\"inLanguage\":\"pt-BR\",\"potentialAction\":[{\"@type\":\"CommentAction\",\"name\":\"Comment\",\"target\":[\"https:\\\/\\\/www.cidademarketing.com.br\\\/marketing\\\/2021\\\/11\\\/12\\\/black-friday-destilados-pao-de-acucar-e-extra-trazem-descontos-em-destilados-no-segundo-final-de-semana-de-esquenta-novembro\\\/#respond\"]}]},{\"@type\":\"WebPage\",\"@id\":\"https:\\\/\\\/www.cidademarketing.com.br\\\/marketing\\\/2021\\\/11\\\/12\\\/black-friday-destilados-pao-de-acucar-e-extra-trazem-descontos-em-destilados-no-segundo-final-de-semana-de-esquenta-novembro\\\/\",\"url\":\"https:\\\/\\\/www.cidademarketing.com.br\\\/marketing\\\/2021\\\/11\\\/12\\\/black-friday-destilados-pao-de-acucar-e-extra-trazem-descontos-em-destilados-no-segundo-final-de-semana-de-esquenta-novembro\\\/\",\"name\":\"Black Friday Destilados: P\u00e3o de A\u00e7\u00facar e Extra trazem descontos em destilados no segundo final de semana de \u2018Esquenta Novembro\u2019 - CidadeMarketing\",\"isPartOf\":{\"@id\":\"https:\\\/\\\/www.cidademarketing.com.br\\\/marketing\\\/#website\"},\"primaryImageOfPage\":{\"@id\":\"https:\\\/\\\/www.cidademarketing.com.br\\\/marketing\\\/2021\\\/11\\\/12\\\/black-friday-destilados-pao-de-acucar-e-extra-trazem-descontos-em-destilados-no-segundo-final-de-semana-de-esquenta-novembro\\\/#primaryimage\"},\"image\":{\"@id\":\"https:\\\/\\\/www.cidademarketing.com.br\\\/marketing\\\/2021\\\/11\\\/12\\\/black-friday-destilados-pao-de-acucar-e-extra-trazem-descontos-em-destilados-no-segundo-final-de-semana-de-esquenta-novembro\\\/#primaryimage\"},\"thumbnailUrl\":\"https:\\\/\\\/www.cidademarketing.com.br\\\/marketing\\\/wp-content\\\/uploads\\\/2020\\\/08\\\/paodeacucar_extra.jpg\",\"datePublished\":\"2021-11-13T00:54:38+00:00\",\"dateModified\":\"2021-11-13T00:55:02+00:00\",\"breadcrumb\":{\"@id\":\"https:\\\/\\\/www.cidademarketing.com.br\\\/marketing\\\/2021\\\/11\\\/12\\\/black-friday-destilados-pao-de-acucar-e-extra-trazem-descontos-em-destilados-no-segundo-final-de-semana-de-esquenta-novembro\\\/#breadcrumb\"},\"inLanguage\":\"pt-BR\",\"potentialAction\":[{\"@type\":\"ReadAction\",\"target\":[\"https:\\\/\\\/www.cidademarketing.com.br\\\/marketing\\\/2021\\\/11\\\/12\\\/black-friday-destilados-pao-de-acucar-e-extra-trazem-descontos-em-destilados-no-segundo-final-de-semana-de-esquenta-novembro\\\/\"]}]},{\"@type\":\"ImageObject\",\"inLanguage\":\"pt-BR\",\"@id\":\"https:\\\/\\\/www.cidademarketing.com.br\\\/marketing\\\/2021\\\/11\\\/12\\\/black-friday-destilados-pao-de-acucar-e-extra-trazem-descontos-em-destilados-no-segundo-final-de-semana-de-esquenta-novembro\\\/#primaryimage\",\"url\":\"https:\\\/\\\/www.cidademarketing.com.br\\\/marketing\\\/wp-content\\\/uploads\\\/2020\\\/08\\\/paodeacucar_extra.jpg\",\"contentUrl\":\"https:\\\/\\\/www.cidademarketing.com.br\\\/marketing\\\/wp-content\\\/uploads\\\/2020\\\/08\\\/paodeacucar_extra.jpg\",\"width\":876,\"height\":456},{\"@type\":\"BreadcrumbList\",\"@id\":\"https:\\\/\\\/www.cidademarketing.com.br\\\/marketing\\\/2021\\\/11\\\/12\\\/black-friday-destilados-pao-de-acucar-e-extra-trazem-descontos-em-destilados-no-segundo-final-de-semana-de-esquenta-novembro\\\/#breadcrumb\",\"itemListElement\":[{\"@type\":\"ListItem\",\"position\":1,\"name\":\"In\u00edcio\",\"item\":\"https:\\\/\\\/www.cidademarketing.com.br\\\/marketing\\\/\"},{\"@type\":\"ListItem\",\"position\":2,\"name\":\"Black Friday Destilados: P\u00e3o de A\u00e7\u00facar e Extra trazem descontos em destilados no segundo final de semana de \u2018Esquenta Novembro\u2019\"}]},{\"@type\":\"WebSite\",\"@id\":\"https:\\\/\\\/www.cidademarketing.com.br\\\/marketing\\\/#website\",\"url\":\"https:\\\/\\\/www.cidademarketing.com.br\\\/marketing\\\/\",\"name\":\"CidadeMarketing\",\"description\":\"Somos um ve\u00edculo de comunica\u00e7\u00e3o de destaque no Brasil, reconhecido por conte\u00fados nos segmentos de marketing, empreendedorismo e inova\u00e7\u00e3o.\",\"publisher\":{\"@id\":\"https:\\\/\\\/www.cidademarketing.com.br\\\/marketing\\\/#organization\"},\"alternateName\":\"CidadeMarketing\",\"potentialAction\":[{\"@type\":\"SearchAction\",\"target\":{\"@type\":\"EntryPoint\",\"urlTemplate\":\"https:\\\/\\\/www.cidademarketing.com.br\\\/marketing\\\/?s={search_term_string}\"},\"query-input\":{\"@type\":\"PropertyValueSpecification\",\"valueRequired\":true,\"valueName\":\"search_term_string\"}}],\"inLanguage\":\"pt-BR\"},{\"@type\":\"Organization\",\"@id\":\"https:\\\/\\\/www.cidademarketing.com.br\\\/marketing\\\/#organization\",\"name\":\"CidadeMarketing\",\"alternateName\":\"CidadeMarketing\",\"url\":\"https:\\\/\\\/www.cidademarketing.com.br\\\/marketing\\\/\",\"logo\":{\"@type\":\"ImageObject\",\"inLanguage\":\"pt-BR\",\"@id\":\"https:\\\/\\\/www.cidademarketing.com.br\\\/marketing\\\/#\\\/schema\\\/logo\\\/image\\\/\",\"url\":\"https:\\\/\\\/www.cidademarketing.com.br\\\/marketing\\\/wp-content\\\/uploads\\\/2020\\\/01\\\/cidademarketing_marca_mobile.png\",\"contentUrl\":\"https:\\\/\\\/www.cidademarketing.com.br\\\/marketing\\\/wp-content\\\/uploads\\\/2020\\\/01\\\/cidademarketing_marca_mobile.png\",\"width\":230,\"height\":92,\"caption\":\"CidadeMarketing\"},\"image\":{\"@id\":\"https:\\\/\\\/www.cidademarketing.com.br\\\/marketing\\\/#\\\/schema\\\/logo\\\/image\\\/\"},\"sameAs\":[\"https:\\\/\\\/www.facebook.com\\\/portalcidademarketing\",\"https:\\\/\\\/x.com\\\/CidadeMarketing\",\"https:\\\/\\\/www.instagram.com\\\/cidademarketing\\\/\"]},{\"@type\":\"Person\",\"@id\":\"https:\\\/\\\/www.cidademarketing.com.br\\\/marketing\\\/#\\\/schema\\\/person\\\/02daff9f18bd9378c9e01eb6b2db155f\",\"name\":\"Thales Brand\u00e3o\",\"image\":{\"@type\":\"ImageObject\",\"inLanguage\":\"pt-BR\",\"@id\":\"https:\\\/\\\/secure.gravatar.com\\\/avatar\\\/7ca3206950207cc3cb48feec56a8a7898741ab725c368d99d5d7a5a50aab80c6?s=96&d=mm&r=g\",\"url\":\"https:\\\/\\\/secure.gravatar.com\\\/avatar\\\/7ca3206950207cc3cb48feec56a8a7898741ab725c368d99d5d7a5a50aab80c6?s=96&d=mm&r=g\",\"contentUrl\":\"https:\\\/\\\/secure.gravatar.com\\\/avatar\\\/7ca3206950207cc3cb48feec56a8a7898741ab725c368d99d5d7a5a50aab80c6?s=96&d=mm&r=g\",\"caption\":\"Thales Brand\u00e3o\"},\"description\":\"Editor Executivo do Portal CidadeMarketing.com.br &gt; Mestre em Comunica\u00e7\u00e3o e Sociedade pela Universidade Federal de Sergipe. Possui MBA Executivo em Administra\u00e7\u00e3o com \u00eanfase em Marketing pela Funda\u00e7\u00e3o Get\u00falio Vargas - Rio de Janeiro. Consultor, Palestrante e Pesquisador sobre Empreendedorismo, Marketing, Redes Sociais e Neg\u00f3cios Digitais. Professor, Palestrante TedxTalks e Campus Party. Twitter: @ThalesBrandao\",\"sameAs\":[\"http:\\\/\\\/www.mandacaru.com.br\",\"https:\\\/\\\/www.facebook.com\\\/thalesbrandao\",\"http:\\\/\\\/www.instagram.com.br\\\/thalesbrandaoferreira\",\"https:\\\/\\\/www.linkedin.com\\\/in\\\/thales-brand\u00e3o-3948609\\\/\",\"https:\\\/\\\/x.com\\\/http:\\\/\\\/www.twitter.com\\\/thalesbrandao\"],\"url\":\"https:\\\/\\\/www.cidademarketing.com.br\\\/marketing\\\/author\\\/thalesbrandao\\\/\"}]}<\/script>\n<!-- \/ Yoast SEO plugin. -->","yoast_head_json":{"title":"Black Friday Destilados: P\u00e3o de A\u00e7\u00facar e Extra trazem descontos em destilados no segundo final de semana de \u2018Esquenta Novembro\u2019 - CidadeMarketing","robots":{"index":"index","follow":"follow","max-snippet":"max-snippet:-1","max-image-preview":"max-image-preview:large","max-video-preview":"max-video-preview:-1"},"canonical":"https:\/\/www.cidademarketing.com.br\/marketing\/2021\/11\/12\/black-friday-destilados-pao-de-acucar-e-extra-trazem-descontos-em-destilados-no-segundo-final-de-semana-de-esquenta-novembro\/","og_locale":"pt_BR","og_type":"article","og_title":"Black Friday Destilados: P\u00e3o de A\u00e7\u00facar e Extra trazem descontos em destilados no segundo final de semana de \u2018Esquenta Novembro\u2019 - CidadeMarketing","og_description":"As redes Extra e P\u00e3o de A\u00e7\u00facar est\u00e3o oferecendo descontos especiais em categorias relevantes para seus clientes em todas as semanas deste m\u00eas, no Esquenta Novembro. E, nesta sexta-feira (12) e neste s\u00e1bado (13), os clientes v\u00e3o poder aproveitar ofertas em whiskies, gins, vodcas e destilados em geral. A ofertas podem ser conferidas em todos [&hellip;]","og_url":"https:\/\/www.cidademarketing.com.br\/marketing\/2021\/11\/12\/black-friday-destilados-pao-de-acucar-e-extra-trazem-descontos-em-destilados-no-segundo-final-de-semana-de-esquenta-novembro\/","og_site_name":"CidadeMarketing","article_publisher":"https:\/\/www.facebook.com\/portalcidademarketing","article_author":"https:\/\/www.facebook.com\/thalesbrandao","article_published_time":"2021-11-13T00:54:38+00:00","article_modified_time":"2021-11-13T00:55:02+00:00","og_image":[{"width":876,"height":456,"url":"https:\/\/www.cidademarketing.com.br\/marketing\/wp-content\/uploads\/2020\/08\/paodeacucar_extra.jpg","type":"image\/jpeg"}],"author":"Thales Brand\u00e3o","twitter_card":"summary_large_image","twitter_creator":"@http:\/\/www.twitter.com\/thalesbrandao","twitter_site":"@CidadeMarketing","twitter_misc":{"Escrito por":"Thales Brand\u00e3o","Est. tempo de leitura":"2 minutos"},"schema":{"@context":"https:\/\/schema.org","@graph":[{"@type":"Article","@id":"https:\/\/www.cidademarketing.com.br\/marketing\/2021\/11\/12\/black-friday-destilados-pao-de-acucar-e-extra-trazem-descontos-em-destilados-no-segundo-final-de-semana-de-esquenta-novembro\/#article","isPartOf":{"@id":"https:\/\/www.cidademarketing.com.br\/marketing\/2021\/11\/12\/black-friday-destilados-pao-de-acucar-e-extra-trazem-descontos-em-destilados-no-segundo-final-de-semana-de-esquenta-novembro\/"},"author":{"name":"Thales Brand\u00e3o","@id":"https:\/\/www.cidademarketing.com.br\/marketing\/#\/schema\/person\/02daff9f18bd9378c9e01eb6b2db155f"},"headline":"Black Friday Destilados: P\u00e3o de A\u00e7\u00facar e Extra trazem descontos em destilados no segundo final de semana de \u2018Esquenta Novembro\u2019","datePublished":"2021-11-13T00:54:38+00:00","dateModified":"2021-11-13T00:55:02+00:00","mainEntityOfPage":{"@id":"https:\/\/www.cidademarketing.com.br\/marketing\/2021\/11\/12\/black-friday-destilados-pao-de-acucar-e-extra-trazem-descontos-em-destilados-no-segundo-final-de-semana-de-esquenta-novembro\/"},"wordCount":392,"commentCount":0,"publisher":{"@id":"https:\/\/www.cidademarketing.com.br\/marketing\/#organization"},"image":{"@id":"https:\/\/www.cidademarketing.com.br\/marketing\/2021\/11\/12\/black-friday-destilados-pao-de-acucar-e-extra-trazem-descontos-em-destilados-no-segundo-final-de-semana-de-esquenta-novembro\/#primaryimage"},"thumbnailUrl":"https:\/\/www.cidademarketing.com.br\/marketing\/wp-content\/uploads\/2020\/08\/paodeacucar_extra.jpg","keywords":["Black Friday","descontos","estrat\u00e9gia","Extra","marketing","p\u00e3o de a\u00e7\u00facar"],"articleSection":["Not\u00edcias"],"inLanguage":"pt-BR","potentialAction":[{"@type":"CommentAction","name":"Comment","target":["https:\/\/www.cidademarketing.com.br\/marketing\/2021\/11\/12\/black-friday-destilados-pao-de-acucar-e-extra-trazem-descontos-em-destilados-no-segundo-final-de-semana-de-esquenta-novembro\/#respond"]}]},{"@type":"WebPage","@id":"https:\/\/www.cidademarketing.com.br\/marketing\/2021\/11\/12\/black-friday-destilados-pao-de-acucar-e-extra-trazem-descontos-em-destilados-no-segundo-final-de-semana-de-esquenta-novembro\/","url":"https:\/\/www.cidademarketing.com.br\/marketing\/2021\/11\/12\/black-friday-destilados-pao-de-acucar-e-extra-trazem-descontos-em-destilados-no-segundo-final-de-semana-de-esquenta-novembro\/","name":"Black Friday Destilados: P\u00e3o de A\u00e7\u00facar e Extra trazem descontos em destilados no segundo final de semana de \u2018Esquenta Novembro\u2019 - CidadeMarketing","isPartOf":{"@id":"https:\/\/www.cidademarketing.com.br\/marketing\/#website"},"primaryImageOfPage":{"@id":"https:\/\/www.cidademarketing.com.br\/marketing\/2021\/11\/12\/black-friday-destilados-pao-de-acucar-e-extra-trazem-descontos-em-destilados-no-segundo-final-de-semana-de-esquenta-novembro\/#primaryimage"},"image":{"@id":"https:\/\/www.cidademarketing.com.br\/marketing\/2021\/11\/12\/black-friday-destilados-pao-de-acucar-e-extra-trazem-descontos-em-destilados-no-segundo-final-de-semana-de-esquenta-novembro\/#primaryimage"},"thumbnailUrl":"https:\/\/www.cidademarketing.com.br\/marketing\/wp-content\/uploads\/2020\/08\/paodeacucar_extra.jpg","datePublished":"2021-11-13T00:54:38+00:00","dateModified":"2021-11-13T00:55:02+00:00","breadcrumb":{"@id":"https:\/\/www.cidademarketing.com.br\/marketing\/2021\/11\/12\/black-friday-destilados-pao-de-acucar-e-extra-trazem-descontos-em-destilados-no-segundo-final-de-semana-de-esquenta-novembro\/#breadcrumb"},"inLanguage":"pt-BR","potentialAction":[{"@type":"ReadAction","target":["https:\/\/www.cidademarketing.com.br\/marketing\/2021\/11\/12\/black-friday-destilados-pao-de-acucar-e-extra-trazem-descontos-em-destilados-no-segundo-final-de-semana-de-esquenta-novembro\/"]}]},{"@type":"ImageObject","inLanguage":"pt-BR","@id":"https:\/\/www.cidademarketing.com.br\/marketing\/2021\/11\/12\/black-friday-destilados-pao-de-acucar-e-extra-trazem-descontos-em-destilados-no-segundo-final-de-semana-de-esquenta-novembro\/#primaryimage","url":"https:\/\/www.cidademarketing.com.br\/marketing\/wp-content\/uploads\/2020\/08\/paodeacucar_extra.jpg","contentUrl":"https:\/\/www.cidademarketing.com.br\/marketing\/wp-content\/uploads\/2020\/08\/paodeacucar_extra.jpg","width":876,"height":456},{"@type":"BreadcrumbList","@id":"https:\/\/www.cidademarketing.com.br\/marketing\/2021\/11\/12\/black-friday-destilados-pao-de-acucar-e-extra-trazem-descontos-em-destilados-no-segundo-final-de-semana-de-esquenta-novembro\/#breadcrumb","itemListElement":[{"@type":"ListItem","position":1,"name":"In\u00edcio","item":"https:\/\/www.cidademarketing.com.br\/marketing\/"},{"@type":"ListItem","position":2,"name":"Black Friday Destilados: P\u00e3o de A\u00e7\u00facar e Extra trazem descontos em destilados no segundo final de semana de \u2018Esquenta Novembro\u2019"}]},{"@type":"WebSite","@id":"https:\/\/www.cidademarketing.com.br\/marketing\/#website","url":"https:\/\/www.cidademarketing.com.br\/marketing\/","name":"CidadeMarketing","description":"Somos um ve\u00edculo de comunica\u00e7\u00e3o de destaque no Brasil, reconhecido por conte\u00fados nos segmentos de marketing, empreendedorismo e inova\u00e7\u00e3o.","publisher":{"@id":"https:\/\/www.cidademarketing.com.br\/marketing\/#organization"},"alternateName":"CidadeMarketing","potentialAction":[{"@type":"SearchAction","target":{"@type":"EntryPoint","urlTemplate":"https:\/\/www.cidademarketing.com.br\/marketing\/?s={search_term_string}"},"query-input":{"@type":"PropertyValueSpecification","valueRequired":true,"valueName":"search_term_string"}}],"inLanguage":"pt-BR"},{"@type":"Organization","@id":"https:\/\/www.cidademarketing.com.br\/marketing\/#organization","name":"CidadeMarketing","alternateName":"CidadeMarketing","url":"https:\/\/www.cidademarketing.com.br\/marketing\/","logo":{"@type":"ImageObject","inLanguage":"pt-BR","@id":"https:\/\/www.cidademarketing.com.br\/marketing\/#\/schema\/logo\/image\/","url":"https:\/\/www.cidademarketing.com.br\/marketing\/wp-content\/uploads\/2020\/01\/cidademarketing_marca_mobile.png","contentUrl":"https:\/\/www.cidademarketing.com.br\/marketing\/wp-content\/uploads\/2020\/01\/cidademarketing_marca_mobile.png","width":230,"height":92,"caption":"CidadeMarketing"},"image":{"@id":"https:\/\/www.cidademarketing.com.br\/marketing\/#\/schema\/logo\/image\/"},"sameAs":["https:\/\/www.facebook.com\/portalcidademarketing","https:\/\/x.com\/CidadeMarketing","https:\/\/www.instagram.com\/cidademarketing\/"]},{"@type":"Person","@id":"https:\/\/www.cidademarketing.com.br\/marketing\/#\/schema\/person\/02daff9f18bd9378c9e01eb6b2db155f","name":"Thales Brand\u00e3o","image":{"@type":"ImageObject","inLanguage":"pt-BR","@id":"https:\/\/secure.gravatar.com\/avatar\/7ca3206950207cc3cb48feec56a8a7898741ab725c368d99d5d7a5a50aab80c6?s=96&d=mm&r=g","url":"https:\/\/secure.gravatar.com\/avatar\/7ca3206950207cc3cb48feec56a8a7898741ab725c368d99d5d7a5a50aab80c6?s=96&d=mm&r=g","contentUrl":"https:\/\/secure.gravatar.com\/avatar\/7ca3206950207cc3cb48feec56a8a7898741ab725c368d99d5d7a5a50aab80c6?s=96&d=mm&r=g","caption":"Thales Brand\u00e3o"},"description":"Editor Executivo do Portal CidadeMarketing.com.br &gt; Mestre em Comunica\u00e7\u00e3o e Sociedade pela Universidade Federal de Sergipe. Possui MBA Executivo em Administra\u00e7\u00e3o com \u00eanfase em Marketing pela Funda\u00e7\u00e3o Get\u00falio Vargas - Rio de Janeiro. Consultor, Palestrante e Pesquisador sobre Empreendedorismo, Marketing, Redes Sociais e Neg\u00f3cios Digitais. Professor, Palestrante TedxTalks e Campus Party. Twitter: @ThalesBrandao","sameAs":["http:\/\/www.mandacaru.com.br","https:\/\/www.facebook.com\/thalesbrandao","http:\/\/www.instagram.com.br\/thalesbrandaoferreira","https:\/\/www.linkedin.com\/in\/thales-brand\u00e3o-3948609\/","https:\/\/x.com\/http:\/\/www.twitter.com\/thalesbrandao"],"url":"https:\/\/www.cidademarketing.com.br\/marketing\/author\/thalesbrandao\/"}]}},"amp_enabled":true,"_links":{"self":[{"href":"https:\/\/www.cidademarketing.com.br\/marketing\/wp-json\/wp\/v2\/posts\/31765","targetHints":{"allow":["GET"]}}],"collection":[{"href":"https:\/\/www.cidademarketing.com.br\/marketing\/wp-json\/wp\/v2\/posts"}],"about":[{"href":"https:\/\/www.cidademarketing.com.br\/marketing\/wp-json\/wp\/v2\/types\/post"}],"author":[{"embeddable":true,"href":"https:\/\/www.cidademarketing.com.br\/marketing\/wp-json\/wp\/v2\/users\/1"}],"replies":[{"embeddable":true,"href":"https:\/\/www.cidademarketing.com.br\/marketing\/wp-json\/wp\/v2\/comments?post=31765"}],"version-history":[{"count":1,"href":"https:\/\/www.cidademarketing.com.br\/marketing\/wp-json\/wp\/v2\/posts\/31765\/revisions"}],"predecessor-version":[{"id":31766,"href":"https:\/\/www.cidademarketing.com.br\/marketing\/wp-json\/wp\/v2\/posts\/31765\/revisions\/31766"}],"wp:featuredmedia":[{"embeddable":true,"href":"https:\/\/www.cidademarketing.com.br\/marketing\/wp-json\/wp\/v2\/media\/17756"}],"wp:attachment":[{"href":"https:\/\/www.cidademarketing.com.br\/marketing\/wp-json\/wp\/v2\/media?parent=31765"}],"wp:term":[{"taxonomy":"category","embeddable":true,"href":"https:\/\/www.cidademarketing.com.br\/marketing\/wp-json\/wp\/v2\/categories?post=31765"},{"taxonomy":"post_tag","embeddable":true,"href":"https:\/\/www.cidademarketing.com.br\/marketing\/wp-json\/wp\/v2\/tags?post=31765"}],"curies":[{"name":"wp","href":"https:\/\/api.w.org\/{rel}","templated":true}]}}