{"id":31651,"date":"2021-11-10T23:22:38","date_gmt":"2021-11-11T02:22:38","guid":{"rendered":"https:\/\/www.cidademarketing.com.br\/marketing\/?p=31651"},"modified":"2021-11-10T23:22:40","modified_gmt":"2021-11-11T02:22:40","slug":"cop26-movida-apresenta-projeto-de-carbon-free","status":"publish","type":"post","link":"https:\/\/www.cidademarketing.com.br\/marketing\/2021\/11\/10\/cop26-movida-apresenta-projeto-de-carbon-free\/","title":{"rendered":"COP26: Movida apresenta projeto de carbon free"},"content":{"rendered":"\n<p><\/p><iframe src=\"https:\/\/open.spotify.com\/embed\/show\/4khMKzP3FgFRWVwb73xicc\" width=\"100%\" height=\"232\" frameBorder=\"0\" allowtransparency=\"true\" allow=\"encrypted-media\"><\/iframe>\t\n\n\n\n\n<p>No pr\u00f3ximo dia 11 de novembro, a <strong>Movida <\/strong>participa da <strong>COP\u00a026<\/strong> (Confer\u00eancia das Na\u00e7\u00f5es Unidas para as Mudan\u00e7as Clim\u00e1ticas). Nesta data, escolhida pela organiza\u00e7\u00e3o para os temas sobre <strong>Cidades, Regi\u00f5es e Constru\u00e7\u00f5es<\/strong>, o CEO da Movida, <strong>Renato Franklin<\/strong>, apresentar\u00e1 o projeto <strong>Carbon Free da<\/strong> <strong>Movida<\/strong> e o compromisso da empresa com a\u00e7\u00f5es de redu\u00e7\u00e3o de gases de efeito estufa, incluindo amplia\u00e7\u00e3o da eletrifica\u00e7\u00e3o da frota e reflorestamento do Corredor de Biodiversidade do Rio Araguaia, no Par\u00e1 e no Tocantins, com plantio de 1 milh\u00e3o de \u00e1rvores nativas at\u00e9 2022.\u00a0<\/p>\n\n\n\n<p>Para <strong>Renato Franklin<\/strong>, CEO da <strong>Movida,<\/strong> a participa\u00e7\u00e3o da empresa no maior evento para discuss\u00e3o do clima globalmente, reflete os avan\u00e7os e compromissos da <strong>Movida &#8211; primeira locadora de capital aberto do mundo a receber a Certifica\u00e7\u00e3o de Empresa B<\/strong>. \u201cEstamos muito felizes em participar deste encontro t\u00e3o importante para o futuro do nosso planeta. Trabalhar para reduzir os gases de efeito de estufa \u00e9 uma prioridade. Como empresa conectada com as demandas dos clientes, entendemos que investir na transforma\u00e7\u00e3o de baixo carbono \u00e9 algo muito maior do que um diferencial competitivo. \u00c9 uma decis\u00e3o estrat\u00e9gica que reflete nosso compromisso e responsabilidade com toda a sociedade\u201d, ressalta o executivo.&nbsp;<\/p>\n\n\n\n<p>Como parte da agenda clim\u00e1tica da empresa para ser carbono neutro at\u00e9 2030 e carbono positivo em 2040 est\u00e1 o projeto Carbon Free, que entrega uma diretriz da empresa de maior protagonismo do setor privado na transi\u00e7\u00e3o para uma economia de baixo carbono. Neste projeto, est\u00e3o inclu\u00eddas as seguintes a\u00e7\u00f5es:&nbsp;<\/p>\n\n\n\n<ul class=\"wp-block-list\"><li>Plantio de <strong>um milh\u00e3o de mudas <\/strong>de \u00e1rvores nativas at\u00e9 2022 nos estados do Par\u00e1 e no Tocantins, que resultar\u00e1 no sequestro de 146 mil toneladas de CO\u00b2 da atmosfera no decorrer dos pr\u00f3ximos 26 anos e permitir\u00e1 a recupera\u00e7\u00e3o da fauna e da flora, al\u00e9m de proporcionar gera\u00e7\u00e3o de emprego e renda para as comunidades locais.&nbsp;<\/li><\/ul>\n\n\n\n<ul class=\"wp-block-list\"><li>Utiliza\u00e7\u00e3o de <strong>combust\u00edvel renov\u00e1vel<\/strong> e carros el\u00e9tricos para sua frota como parte da estrat\u00e9gia de mitiga\u00e7\u00e3o da locadora para ajudar a frear as mudan\u00e7as clim\u00e1ticas, alinhada com o Acordo de Paris e tamb\u00e9m com a agenda de desenvolvimento sustent\u00e1vel da ONU para 2030. Hoje, cerca de 87% da frota da Movida \u00e9 abastecida com etanol, sendo a mesma composta em 93% por ve\u00edculos flex.&nbsp;<\/li><\/ul>\n\n\n\n<ul class=\"wp-block-list\"><li>Amplia\u00e7\u00e3o da frota de <strong>ve\u00edculos 100% el\u00e9tricos<\/strong> dispon\u00edveis para loca\u00e7\u00e3o do pa\u00eds, com 240 ve\u00edculos. Al\u00e9m da mitiga\u00e7\u00e3o, a empresa tamb\u00e9m possui outros dois pilares &#8211; de compensa\u00e7\u00e3o, com o Carbon Free, e de adapta\u00e7\u00e3o, com an\u00e1lise de riscos clim\u00e1ticos utilizando metodologia TCFD.&nbsp;<\/li><\/ul>\n\n\n\n<p>\u201cTrabalhamos em tr\u00eas frentes pois entendemos que \u00e9 necess\u00e1rio ser, cada vez mais, uma empresa melhor para o mundo. Estamos cientes da urg\u00eancia e como todos os setores precisam estar trabalhando, unidos, para se tornarem carbono neutro. S\u00f3 precisamos dar o primeiro passo, ter ousadia, ter consci\u00eancia de que temos que pensar grande e fazer diferente do que faz\u00edamos\u201d, afirma Renato.<\/p>\n\n\n\n<p><strong>Sobre o Programa Carbon Free:<\/strong> Com mais de 86.136 mil mudas plantadas e 12.956,58 toneladas de CO\u00b2 neutralizadas desde o in\u00edcio das a\u00e7\u00f5es do programa, h\u00e1 mais de dez anos, a Movida mant\u00e9m-se ativa junto da ONG Black Jaguar Foundation para o reflorestamento do Corredor de Biodiversidade do Rio Araguaia, um projeto que acaba de entrar em sua segunda fase, prevendo o plantio de mais de 900 mil mudas de \u00e1rvores nativas. O corredor \u00e9 um dos principais do Brasil, conectando dois dos mais importantes ecossistemas do planeta, a floresta Amaz\u00f4nica e o Cerrado, uma \u00e1rea de 10,4 milh\u00f5es de hectares, com 2.600 km de comprimento e 40 km de largura e que passa por 112 munic\u00edpios de seis estados.\u00a0<\/p>\n\n\n\n<p><\/p>\n\n\n\n<p><\/p><iframe allow=\"autoplay *; encrypted-media *; fullscreen *\" frameborder=\"0\" height=\"450\" style=\"width:100%;max-width:660px;overflow:hidden;background:transparent;\" sandbox=\"allow-forms allow-popups allow-same-origin allow-scripts allow-storage-access-by-user-activation allow-top-navigation-by-user-activation\" src=\"https:\/\/embed.podcasts.apple.com\/br\/podcast\/podcast-cidademarketing\/id1371923283\"><\/iframe>\n\n","protected":false},"excerpt":{"rendered":"<p>No pr\u00f3ximo dia 11 de novembro, a Movida participa da COP\u00a026 (Confer\u00eancia das Na\u00e7\u00f5es Unidas para as Mudan\u00e7as Clim\u00e1ticas). Nesta data, escolhida pela organiza\u00e7\u00e3o para os temas sobre Cidades, Regi\u00f5es e Constru\u00e7\u00f5es, o CEO da Movida, Renato Franklin, apresentar\u00e1 o projeto Carbon Free da Movida e o compromisso da empresa com a\u00e7\u00f5es de redu\u00e7\u00e3o de [&hellip;]<\/p>\n","protected":false},"author":1,"featured_media":31652,"comment_status":"open","ping_status":"open","sticky":false,"template":"","format":"standard","meta":{"tdm_status":"","tdm_grid_status":"","footnotes":""},"categories":[6],"tags":[4886,33,28,2006,176],"class_list":["post-31651","post","type-post","status-publish","format-standard","has-post-thumbnail","hentry","category-noticias","tag-cop26","tag-estrategia","tag-marketing","tag-movida","tag-sustentabilidade"],"yoast_head":"<!-- This site is optimized with the Yoast SEO plugin v27.5 - https:\/\/yoast.com\/product\/yoast-seo-wordpress\/ -->\n<title>COP26: Movida apresenta projeto de carbon free - CidadeMarketing<\/title>\n<meta name=\"robots\" content=\"index, follow, max-snippet:-1, max-image-preview:large, max-video-preview:-1\" \/>\n<link rel=\"canonical\" href=\"https:\/\/www.cidademarketing.com.br\/marketing\/2021\/11\/10\/cop26-movida-apresenta-projeto-de-carbon-free\/\" \/>\n<meta property=\"og:locale\" content=\"pt_BR\" \/>\n<meta property=\"og:type\" content=\"article\" \/>\n<meta property=\"og:title\" content=\"COP26: Movida apresenta projeto de carbon free - CidadeMarketing\" \/>\n<meta property=\"og:description\" content=\"No pr\u00f3ximo dia 11 de novembro, a Movida participa da COP\u00a026 (Confer\u00eancia das Na\u00e7\u00f5es Unidas para as Mudan\u00e7as Clim\u00e1ticas). Nesta data, escolhida pela organiza\u00e7\u00e3o para os temas sobre Cidades, Regi\u00f5es e Constru\u00e7\u00f5es, o CEO da Movida, Renato Franklin, apresentar\u00e1 o projeto Carbon Free da Movida e o compromisso da empresa com a\u00e7\u00f5es de redu\u00e7\u00e3o de [&hellip;]\" \/>\n<meta property=\"og:url\" content=\"https:\/\/www.cidademarketing.com.br\/marketing\/2021\/11\/10\/cop26-movida-apresenta-projeto-de-carbon-free\/\" \/>\n<meta property=\"og:site_name\" content=\"CidadeMarketing\" \/>\n<meta property=\"article:publisher\" content=\"https:\/\/www.facebook.com\/portalcidademarketing\" \/>\n<meta property=\"article:author\" content=\"https:\/\/www.facebook.com\/thalesbrandao\" \/>\n<meta property=\"article:published_time\" content=\"2021-11-11T02:22:38+00:00\" \/>\n<meta property=\"article:modified_time\" content=\"2021-11-11T02:22:40+00:00\" \/>\n<meta property=\"og:image\" content=\"https:\/\/www.cidademarketing.com.br\/marketing\/wp-content\/uploads\/2021\/11\/movida_cop26.jpg\" \/>\n\t<meta property=\"og:image:width\" content=\"1800\" \/>\n\t<meta property=\"og:image:height\" content=\"1200\" \/>\n\t<meta property=\"og:image:type\" content=\"image\/jpeg\" \/>\n<meta name=\"author\" content=\"Thales Brand\u00e3o\" \/>\n<meta name=\"twitter:card\" content=\"summary_large_image\" \/>\n<meta name=\"twitter:creator\" content=\"@http:\/\/www.twitter.com\/thalesbrandao\" \/>\n<meta name=\"twitter:site\" content=\"@CidadeMarketing\" \/>\n<meta name=\"twitter:label1\" content=\"Escrito por\" \/>\n\t<meta name=\"twitter:data1\" content=\"Thales Brand\u00e3o\" \/>\n\t<meta name=\"twitter:label2\" content=\"Est. tempo de leitura\" \/>\n\t<meta name=\"twitter:data2\" content=\"3 minutos\" \/>\n<script type=\"application\/ld+json\" class=\"yoast-schema-graph\">{\"@context\":\"https:\\\/\\\/schema.org\",\"@graph\":[{\"@type\":\"Article\",\"@id\":\"https:\\\/\\\/www.cidademarketing.com.br\\\/marketing\\\/2021\\\/11\\\/10\\\/cop26-movida-apresenta-projeto-de-carbon-free\\\/#article\",\"isPartOf\":{\"@id\":\"https:\\\/\\\/www.cidademarketing.com.br\\\/marketing\\\/2021\\\/11\\\/10\\\/cop26-movida-apresenta-projeto-de-carbon-free\\\/\"},\"author\":{\"name\":\"Thales Brand\u00e3o\",\"@id\":\"https:\\\/\\\/www.cidademarketing.com.br\\\/marketing\\\/#\\\/schema\\\/person\\\/02daff9f18bd9378c9e01eb6b2db155f\"},\"headline\":\"COP26: Movida apresenta projeto de carbon free\",\"datePublished\":\"2021-11-11T02:22:38+00:00\",\"dateModified\":\"2021-11-11T02:22:40+00:00\",\"mainEntityOfPage\":{\"@id\":\"https:\\\/\\\/www.cidademarketing.com.br\\\/marketing\\\/2021\\\/11\\\/10\\\/cop26-movida-apresenta-projeto-de-carbon-free\\\/\"},\"wordCount\":646,\"commentCount\":0,\"publisher\":{\"@id\":\"https:\\\/\\\/www.cidademarketing.com.br\\\/marketing\\\/#organization\"},\"image\":{\"@id\":\"https:\\\/\\\/www.cidademarketing.com.br\\\/marketing\\\/2021\\\/11\\\/10\\\/cop26-movida-apresenta-projeto-de-carbon-free\\\/#primaryimage\"},\"thumbnailUrl\":\"https:\\\/\\\/www.cidademarketing.com.br\\\/marketing\\\/wp-content\\\/uploads\\\/2021\\\/11\\\/movida_cop26.jpg\",\"keywords\":[\"COP26\",\"estrat\u00e9gia\",\"marketing\",\"Movida\",\"sustentabilidade\"],\"articleSection\":[\"Not\u00edcias\"],\"inLanguage\":\"pt-BR\",\"potentialAction\":[{\"@type\":\"CommentAction\",\"name\":\"Comment\",\"target\":[\"https:\\\/\\\/www.cidademarketing.com.br\\\/marketing\\\/2021\\\/11\\\/10\\\/cop26-movida-apresenta-projeto-de-carbon-free\\\/#respond\"]}]},{\"@type\":\"WebPage\",\"@id\":\"https:\\\/\\\/www.cidademarketing.com.br\\\/marketing\\\/2021\\\/11\\\/10\\\/cop26-movida-apresenta-projeto-de-carbon-free\\\/\",\"url\":\"https:\\\/\\\/www.cidademarketing.com.br\\\/marketing\\\/2021\\\/11\\\/10\\\/cop26-movida-apresenta-projeto-de-carbon-free\\\/\",\"name\":\"COP26: Movida apresenta projeto de carbon free - CidadeMarketing\",\"isPartOf\":{\"@id\":\"https:\\\/\\\/www.cidademarketing.com.br\\\/marketing\\\/#website\"},\"primaryImageOfPage\":{\"@id\":\"https:\\\/\\\/www.cidademarketing.com.br\\\/marketing\\\/2021\\\/11\\\/10\\\/cop26-movida-apresenta-projeto-de-carbon-free\\\/#primaryimage\"},\"image\":{\"@id\":\"https:\\\/\\\/www.cidademarketing.com.br\\\/marketing\\\/2021\\\/11\\\/10\\\/cop26-movida-apresenta-projeto-de-carbon-free\\\/#primaryimage\"},\"thumbnailUrl\":\"https:\\\/\\\/www.cidademarketing.com.br\\\/marketing\\\/wp-content\\\/uploads\\\/2021\\\/11\\\/movida_cop26.jpg\",\"datePublished\":\"2021-11-11T02:22:38+00:00\",\"dateModified\":\"2021-11-11T02:22:40+00:00\",\"breadcrumb\":{\"@id\":\"https:\\\/\\\/www.cidademarketing.com.br\\\/marketing\\\/2021\\\/11\\\/10\\\/cop26-movida-apresenta-projeto-de-carbon-free\\\/#breadcrumb\"},\"inLanguage\":\"pt-BR\",\"potentialAction\":[{\"@type\":\"ReadAction\",\"target\":[\"https:\\\/\\\/www.cidademarketing.com.br\\\/marketing\\\/2021\\\/11\\\/10\\\/cop26-movida-apresenta-projeto-de-carbon-free\\\/\"]}]},{\"@type\":\"ImageObject\",\"inLanguage\":\"pt-BR\",\"@id\":\"https:\\\/\\\/www.cidademarketing.com.br\\\/marketing\\\/2021\\\/11\\\/10\\\/cop26-movida-apresenta-projeto-de-carbon-free\\\/#primaryimage\",\"url\":\"https:\\\/\\\/www.cidademarketing.com.br\\\/marketing\\\/wp-content\\\/uploads\\\/2021\\\/11\\\/movida_cop26.jpg\",\"contentUrl\":\"https:\\\/\\\/www.cidademarketing.com.br\\\/marketing\\\/wp-content\\\/uploads\\\/2021\\\/11\\\/movida_cop26.jpg\",\"width\":1800,\"height\":1200,\"caption\":\"Divulga\u00e7\u00e3o\"},{\"@type\":\"BreadcrumbList\",\"@id\":\"https:\\\/\\\/www.cidademarketing.com.br\\\/marketing\\\/2021\\\/11\\\/10\\\/cop26-movida-apresenta-projeto-de-carbon-free\\\/#breadcrumb\",\"itemListElement\":[{\"@type\":\"ListItem\",\"position\":1,\"name\":\"In\u00edcio\",\"item\":\"https:\\\/\\\/www.cidademarketing.com.br\\\/marketing\\\/\"},{\"@type\":\"ListItem\",\"position\":2,\"name\":\"COP26: Movida apresenta projeto de carbon free\"}]},{\"@type\":\"WebSite\",\"@id\":\"https:\\\/\\\/www.cidademarketing.com.br\\\/marketing\\\/#website\",\"url\":\"https:\\\/\\\/www.cidademarketing.com.br\\\/marketing\\\/\",\"name\":\"CidadeMarketing\",\"description\":\"Somos um ve\u00edculo de comunica\u00e7\u00e3o de destaque no Brasil, reconhecido por conte\u00fados nos segmentos de marketing, empreendedorismo e inova\u00e7\u00e3o.\",\"publisher\":{\"@id\":\"https:\\\/\\\/www.cidademarketing.com.br\\\/marketing\\\/#organization\"},\"alternateName\":\"CidadeMarketing\",\"potentialAction\":[{\"@type\":\"SearchAction\",\"target\":{\"@type\":\"EntryPoint\",\"urlTemplate\":\"https:\\\/\\\/www.cidademarketing.com.br\\\/marketing\\\/?s={search_term_string}\"},\"query-input\":{\"@type\":\"PropertyValueSpecification\",\"valueRequired\":true,\"valueName\":\"search_term_string\"}}],\"inLanguage\":\"pt-BR\"},{\"@type\":\"Organization\",\"@id\":\"https:\\\/\\\/www.cidademarketing.com.br\\\/marketing\\\/#organization\",\"name\":\"CidadeMarketing\",\"alternateName\":\"CidadeMarketing\",\"url\":\"https:\\\/\\\/www.cidademarketing.com.br\\\/marketing\\\/\",\"logo\":{\"@type\":\"ImageObject\",\"inLanguage\":\"pt-BR\",\"@id\":\"https:\\\/\\\/www.cidademarketing.com.br\\\/marketing\\\/#\\\/schema\\\/logo\\\/image\\\/\",\"url\":\"https:\\\/\\\/www.cidademarketing.com.br\\\/marketing\\\/wp-content\\\/uploads\\\/2020\\\/01\\\/cidademarketing_marca_mobile.png\",\"contentUrl\":\"https:\\\/\\\/www.cidademarketing.com.br\\\/marketing\\\/wp-content\\\/uploads\\\/2020\\\/01\\\/cidademarketing_marca_mobile.png\",\"width\":230,\"height\":92,\"caption\":\"CidadeMarketing\"},\"image\":{\"@id\":\"https:\\\/\\\/www.cidademarketing.com.br\\\/marketing\\\/#\\\/schema\\\/logo\\\/image\\\/\"},\"sameAs\":[\"https:\\\/\\\/www.facebook.com\\\/portalcidademarketing\",\"https:\\\/\\\/x.com\\\/CidadeMarketing\",\"https:\\\/\\\/www.instagram.com\\\/cidademarketing\\\/\"]},{\"@type\":\"Person\",\"@id\":\"https:\\\/\\\/www.cidademarketing.com.br\\\/marketing\\\/#\\\/schema\\\/person\\\/02daff9f18bd9378c9e01eb6b2db155f\",\"name\":\"Thales Brand\u00e3o\",\"image\":{\"@type\":\"ImageObject\",\"inLanguage\":\"pt-BR\",\"@id\":\"https:\\\/\\\/secure.gravatar.com\\\/avatar\\\/7ca3206950207cc3cb48feec56a8a7898741ab725c368d99d5d7a5a50aab80c6?s=96&d=mm&r=g\",\"url\":\"https:\\\/\\\/secure.gravatar.com\\\/avatar\\\/7ca3206950207cc3cb48feec56a8a7898741ab725c368d99d5d7a5a50aab80c6?s=96&d=mm&r=g\",\"contentUrl\":\"https:\\\/\\\/secure.gravatar.com\\\/avatar\\\/7ca3206950207cc3cb48feec56a8a7898741ab725c368d99d5d7a5a50aab80c6?s=96&d=mm&r=g\",\"caption\":\"Thales Brand\u00e3o\"},\"description\":\"Editor Executivo do Portal CidadeMarketing.com.br &gt; Mestre em Comunica\u00e7\u00e3o e Sociedade pela Universidade Federal de Sergipe. Possui MBA Executivo em Administra\u00e7\u00e3o com \u00eanfase em Marketing pela Funda\u00e7\u00e3o Get\u00falio Vargas - Rio de Janeiro. Consultor, Palestrante e Pesquisador sobre Empreendedorismo, Marketing, Redes Sociais e Neg\u00f3cios Digitais. Professor, Palestrante TedxTalks e Campus Party. Twitter: @ThalesBrandao\",\"sameAs\":[\"http:\\\/\\\/www.mandacaru.com.br\",\"https:\\\/\\\/www.facebook.com\\\/thalesbrandao\",\"http:\\\/\\\/www.instagram.com.br\\\/thalesbrandaoferreira\",\"https:\\\/\\\/www.linkedin.com\\\/in\\\/thales-brand\u00e3o-3948609\\\/\",\"https:\\\/\\\/x.com\\\/http:\\\/\\\/www.twitter.com\\\/thalesbrandao\"],\"url\":\"https:\\\/\\\/www.cidademarketing.com.br\\\/marketing\\\/author\\\/thalesbrandao\\\/\"}]}<\/script>\n<!-- \/ Yoast SEO plugin. -->","yoast_head_json":{"title":"COP26: Movida apresenta projeto de carbon free - CidadeMarketing","robots":{"index":"index","follow":"follow","max-snippet":"max-snippet:-1","max-image-preview":"max-image-preview:large","max-video-preview":"max-video-preview:-1"},"canonical":"https:\/\/www.cidademarketing.com.br\/marketing\/2021\/11\/10\/cop26-movida-apresenta-projeto-de-carbon-free\/","og_locale":"pt_BR","og_type":"article","og_title":"COP26: Movida apresenta projeto de carbon free - CidadeMarketing","og_description":"No pr\u00f3ximo dia 11 de novembro, a Movida participa da COP\u00a026 (Confer\u00eancia das Na\u00e7\u00f5es Unidas para as Mudan\u00e7as Clim\u00e1ticas). Nesta data, escolhida pela organiza\u00e7\u00e3o para os temas sobre Cidades, Regi\u00f5es e Constru\u00e7\u00f5es, o CEO da Movida, Renato Franklin, apresentar\u00e1 o projeto Carbon Free da Movida e o compromisso da empresa com a\u00e7\u00f5es de redu\u00e7\u00e3o de [&hellip;]","og_url":"https:\/\/www.cidademarketing.com.br\/marketing\/2021\/11\/10\/cop26-movida-apresenta-projeto-de-carbon-free\/","og_site_name":"CidadeMarketing","article_publisher":"https:\/\/www.facebook.com\/portalcidademarketing","article_author":"https:\/\/www.facebook.com\/thalesbrandao","article_published_time":"2021-11-11T02:22:38+00:00","article_modified_time":"2021-11-11T02:22:40+00:00","og_image":[{"width":1800,"height":1200,"url":"https:\/\/www.cidademarketing.com.br\/marketing\/wp-content\/uploads\/2021\/11\/movida_cop26.jpg","type":"image\/jpeg"}],"author":"Thales Brand\u00e3o","twitter_card":"summary_large_image","twitter_creator":"@http:\/\/www.twitter.com\/thalesbrandao","twitter_site":"@CidadeMarketing","twitter_misc":{"Escrito por":"Thales Brand\u00e3o","Est. tempo de leitura":"3 minutos"},"schema":{"@context":"https:\/\/schema.org","@graph":[{"@type":"Article","@id":"https:\/\/www.cidademarketing.com.br\/marketing\/2021\/11\/10\/cop26-movida-apresenta-projeto-de-carbon-free\/#article","isPartOf":{"@id":"https:\/\/www.cidademarketing.com.br\/marketing\/2021\/11\/10\/cop26-movida-apresenta-projeto-de-carbon-free\/"},"author":{"name":"Thales Brand\u00e3o","@id":"https:\/\/www.cidademarketing.com.br\/marketing\/#\/schema\/person\/02daff9f18bd9378c9e01eb6b2db155f"},"headline":"COP26: Movida apresenta projeto de carbon free","datePublished":"2021-11-11T02:22:38+00:00","dateModified":"2021-11-11T02:22:40+00:00","mainEntityOfPage":{"@id":"https:\/\/www.cidademarketing.com.br\/marketing\/2021\/11\/10\/cop26-movida-apresenta-projeto-de-carbon-free\/"},"wordCount":646,"commentCount":0,"publisher":{"@id":"https:\/\/www.cidademarketing.com.br\/marketing\/#organization"},"image":{"@id":"https:\/\/www.cidademarketing.com.br\/marketing\/2021\/11\/10\/cop26-movida-apresenta-projeto-de-carbon-free\/#primaryimage"},"thumbnailUrl":"https:\/\/www.cidademarketing.com.br\/marketing\/wp-content\/uploads\/2021\/11\/movida_cop26.jpg","keywords":["COP26","estrat\u00e9gia","marketing","Movida","sustentabilidade"],"articleSection":["Not\u00edcias"],"inLanguage":"pt-BR","potentialAction":[{"@type":"CommentAction","name":"Comment","target":["https:\/\/www.cidademarketing.com.br\/marketing\/2021\/11\/10\/cop26-movida-apresenta-projeto-de-carbon-free\/#respond"]}]},{"@type":"WebPage","@id":"https:\/\/www.cidademarketing.com.br\/marketing\/2021\/11\/10\/cop26-movida-apresenta-projeto-de-carbon-free\/","url":"https:\/\/www.cidademarketing.com.br\/marketing\/2021\/11\/10\/cop26-movida-apresenta-projeto-de-carbon-free\/","name":"COP26: Movida apresenta projeto de carbon free - CidadeMarketing","isPartOf":{"@id":"https:\/\/www.cidademarketing.com.br\/marketing\/#website"},"primaryImageOfPage":{"@id":"https:\/\/www.cidademarketing.com.br\/marketing\/2021\/11\/10\/cop26-movida-apresenta-projeto-de-carbon-free\/#primaryimage"},"image":{"@id":"https:\/\/www.cidademarketing.com.br\/marketing\/2021\/11\/10\/cop26-movida-apresenta-projeto-de-carbon-free\/#primaryimage"},"thumbnailUrl":"https:\/\/www.cidademarketing.com.br\/marketing\/wp-content\/uploads\/2021\/11\/movida_cop26.jpg","datePublished":"2021-11-11T02:22:38+00:00","dateModified":"2021-11-11T02:22:40+00:00","breadcrumb":{"@id":"https:\/\/www.cidademarketing.com.br\/marketing\/2021\/11\/10\/cop26-movida-apresenta-projeto-de-carbon-free\/#breadcrumb"},"inLanguage":"pt-BR","potentialAction":[{"@type":"ReadAction","target":["https:\/\/www.cidademarketing.com.br\/marketing\/2021\/11\/10\/cop26-movida-apresenta-projeto-de-carbon-free\/"]}]},{"@type":"ImageObject","inLanguage":"pt-BR","@id":"https:\/\/www.cidademarketing.com.br\/marketing\/2021\/11\/10\/cop26-movida-apresenta-projeto-de-carbon-free\/#primaryimage","url":"https:\/\/www.cidademarketing.com.br\/marketing\/wp-content\/uploads\/2021\/11\/movida_cop26.jpg","contentUrl":"https:\/\/www.cidademarketing.com.br\/marketing\/wp-content\/uploads\/2021\/11\/movida_cop26.jpg","width":1800,"height":1200,"caption":"Divulga\u00e7\u00e3o"},{"@type":"BreadcrumbList","@id":"https:\/\/www.cidademarketing.com.br\/marketing\/2021\/11\/10\/cop26-movida-apresenta-projeto-de-carbon-free\/#breadcrumb","itemListElement":[{"@type":"ListItem","position":1,"name":"In\u00edcio","item":"https:\/\/www.cidademarketing.com.br\/marketing\/"},{"@type":"ListItem","position":2,"name":"COP26: Movida apresenta projeto de carbon free"}]},{"@type":"WebSite","@id":"https:\/\/www.cidademarketing.com.br\/marketing\/#website","url":"https:\/\/www.cidademarketing.com.br\/marketing\/","name":"CidadeMarketing","description":"Somos um ve\u00edculo de comunica\u00e7\u00e3o de destaque no Brasil, reconhecido por conte\u00fados nos segmentos de marketing, empreendedorismo e inova\u00e7\u00e3o.","publisher":{"@id":"https:\/\/www.cidademarketing.com.br\/marketing\/#organization"},"alternateName":"CidadeMarketing","potentialAction":[{"@type":"SearchAction","target":{"@type":"EntryPoint","urlTemplate":"https:\/\/www.cidademarketing.com.br\/marketing\/?s={search_term_string}"},"query-input":{"@type":"PropertyValueSpecification","valueRequired":true,"valueName":"search_term_string"}}],"inLanguage":"pt-BR"},{"@type":"Organization","@id":"https:\/\/www.cidademarketing.com.br\/marketing\/#organization","name":"CidadeMarketing","alternateName":"CidadeMarketing","url":"https:\/\/www.cidademarketing.com.br\/marketing\/","logo":{"@type":"ImageObject","inLanguage":"pt-BR","@id":"https:\/\/www.cidademarketing.com.br\/marketing\/#\/schema\/logo\/image\/","url":"https:\/\/www.cidademarketing.com.br\/marketing\/wp-content\/uploads\/2020\/01\/cidademarketing_marca_mobile.png","contentUrl":"https:\/\/www.cidademarketing.com.br\/marketing\/wp-content\/uploads\/2020\/01\/cidademarketing_marca_mobile.png","width":230,"height":92,"caption":"CidadeMarketing"},"image":{"@id":"https:\/\/www.cidademarketing.com.br\/marketing\/#\/schema\/logo\/image\/"},"sameAs":["https:\/\/www.facebook.com\/portalcidademarketing","https:\/\/x.com\/CidadeMarketing","https:\/\/www.instagram.com\/cidademarketing\/"]},{"@type":"Person","@id":"https:\/\/www.cidademarketing.com.br\/marketing\/#\/schema\/person\/02daff9f18bd9378c9e01eb6b2db155f","name":"Thales Brand\u00e3o","image":{"@type":"ImageObject","inLanguage":"pt-BR","@id":"https:\/\/secure.gravatar.com\/avatar\/7ca3206950207cc3cb48feec56a8a7898741ab725c368d99d5d7a5a50aab80c6?s=96&d=mm&r=g","url":"https:\/\/secure.gravatar.com\/avatar\/7ca3206950207cc3cb48feec56a8a7898741ab725c368d99d5d7a5a50aab80c6?s=96&d=mm&r=g","contentUrl":"https:\/\/secure.gravatar.com\/avatar\/7ca3206950207cc3cb48feec56a8a7898741ab725c368d99d5d7a5a50aab80c6?s=96&d=mm&r=g","caption":"Thales Brand\u00e3o"},"description":"Editor Executivo do Portal CidadeMarketing.com.br &gt; Mestre em Comunica\u00e7\u00e3o e Sociedade pela Universidade Federal de Sergipe. Possui MBA Executivo em Administra\u00e7\u00e3o com \u00eanfase em Marketing pela Funda\u00e7\u00e3o Get\u00falio Vargas - Rio de Janeiro. Consultor, Palestrante e Pesquisador sobre Empreendedorismo, Marketing, Redes Sociais e Neg\u00f3cios Digitais. Professor, Palestrante TedxTalks e Campus Party. Twitter: @ThalesBrandao","sameAs":["http:\/\/www.mandacaru.com.br","https:\/\/www.facebook.com\/thalesbrandao","http:\/\/www.instagram.com.br\/thalesbrandaoferreira","https:\/\/www.linkedin.com\/in\/thales-brand\u00e3o-3948609\/","https:\/\/x.com\/http:\/\/www.twitter.com\/thalesbrandao"],"url":"https:\/\/www.cidademarketing.com.br\/marketing\/author\/thalesbrandao\/"}]}},"amp_enabled":true,"_links":{"self":[{"href":"https:\/\/www.cidademarketing.com.br\/marketing\/wp-json\/wp\/v2\/posts\/31651","targetHints":{"allow":["GET"]}}],"collection":[{"href":"https:\/\/www.cidademarketing.com.br\/marketing\/wp-json\/wp\/v2\/posts"}],"about":[{"href":"https:\/\/www.cidademarketing.com.br\/marketing\/wp-json\/wp\/v2\/types\/post"}],"author":[{"embeddable":true,"href":"https:\/\/www.cidademarketing.com.br\/marketing\/wp-json\/wp\/v2\/users\/1"}],"replies":[{"embeddable":true,"href":"https:\/\/www.cidademarketing.com.br\/marketing\/wp-json\/wp\/v2\/comments?post=31651"}],"version-history":[{"count":1,"href":"https:\/\/www.cidademarketing.com.br\/marketing\/wp-json\/wp\/v2\/posts\/31651\/revisions"}],"predecessor-version":[{"id":31653,"href":"https:\/\/www.cidademarketing.com.br\/marketing\/wp-json\/wp\/v2\/posts\/31651\/revisions\/31653"}],"wp:featuredmedia":[{"embeddable":true,"href":"https:\/\/www.cidademarketing.com.br\/marketing\/wp-json\/wp\/v2\/media\/31652"}],"wp:attachment":[{"href":"https:\/\/www.cidademarketing.com.br\/marketing\/wp-json\/wp\/v2\/media?parent=31651"}],"wp:term":[{"taxonomy":"category","embeddable":true,"href":"https:\/\/www.cidademarketing.com.br\/marketing\/wp-json\/wp\/v2\/categories?post=31651"},{"taxonomy":"post_tag","embeddable":true,"href":"https:\/\/www.cidademarketing.com.br\/marketing\/wp-json\/wp\/v2\/tags?post=31651"}],"curies":[{"name":"wp","href":"https:\/\/api.w.org\/{rel}","templated":true}]}}