{"id":3160,"date":"2018-11-20T11:51:37","date_gmt":"2018-11-20T13:51:37","guid":{"rendered":"http:\/\/www.cidademarketing.com.br\/marketing\/?p=3160"},"modified":"2018-11-20T11:53:16","modified_gmt":"2018-11-20T13:53:16","slug":"moteis-entram-no-clima-de-black-friday-e-anunciam-50-de-desconto","status":"publish","type":"post","link":"https:\/\/www.cidademarketing.com.br\/marketing\/2018\/11\/20\/moteis-entram-no-clima-de-black-friday-e-anunciam-50-de-desconto\/","title":{"rendered":"Mot\u00e9is entram no clima de Black Friday e anunciam 50% de desconto"},"content":{"rendered":"<p>O <strong>Guia de<\/strong> <strong>Mot\u00e9is Black Monday, <\/strong>a\u00e7\u00e3o organizada pela <strong>Associa\u00e7\u00e3o Brasileira de Mot\u00e9is<\/strong> <strong>(ABMOT\u00c9IS)<\/strong>, em parceria com o <strong>Guia de Mot\u00e9is<\/strong>, e inspirada mundialmente no Black Friday, anuncia a sua 5\u00ba edi\u00e7\u00e3o. Neste ano, cerca de 70 mot\u00e9is das regi\u00f5es Sudeste, Centro-Oeste, Sul, Nordeste e Norte dar\u00e3o <strong>desconto de 50%<\/strong> em su\u00edtes e per\u00edodos, incluindo pernoite, no dia <strong>26 de Novembro (segunda-feira)<\/strong>. Para mais informa\u00e7\u00f5es, acesse: <a href=\"http:\/\/www.motelblackmonday.com.br\">www.motelblackmonday.com.br<\/a>.<\/p>\n<p>&nbsp;<\/p>\n<p><img fetchpriority=\"high\" decoding=\"async\" class=\"aligncenter size-full wp-image-3163\" src=\"http:\/\/www.cidademarketing.com.br\/marketing\/wp-content\/uploads\/2018\/11\/moteis_blackfriday.jpg\" alt=\"\" width=\"401\" height=\"481\" srcset=\"https:\/\/www.cidademarketing.com.br\/marketing\/wp-content\/uploads\/2018\/11\/moteis_blackfriday.jpg 401w, https:\/\/www.cidademarketing.com.br\/marketing\/wp-content\/uploads\/2018\/11\/moteis_blackfriday-250x300.jpg 250w, https:\/\/www.cidademarketing.com.br\/marketing\/wp-content\/uploads\/2018\/11\/moteis_blackfriday-350x420.jpg 350w\" sizes=\"(max-width: 401px) 100vw, 401px\" \/><\/p>\n<p>&nbsp;<\/p>\n<blockquote class=\"td_pull_quote td_pull_center\"><p><span style=\"color: #003366;\"><em>\u201cEm 2017 a a\u00e7\u00e3o foi um grande sucesso. Neste ano esperamos repetir a dose. A expectativa \u00e9 de ter um acr\u00e9scimo de 100% no movimento dos mot\u00e9is de luxo e 70% nos estabelecimentos econ\u00f4micos. No entanto, o mais importante com esta a\u00e7\u00e3o \u00e9 incentivar as pessoas a irem aos mot\u00e9is e conhecerem o novo momento da motelaria para depois voltarem\u201d, <\/em>declara <strong>Felipe Martinez, Presidente da Associa\u00e7\u00e3o Brasileira de Mot\u00e9is<\/strong>.<\/span><\/p><\/blockquote>\n<p><em>\u201cA cada ano que passa o evento se consolida ainda mais na agenda dos casais brasileiros. Em v\u00e1rios mot\u00e9is o movimento chega a dobrar nesse dia&#8221;<\/em>, comenta <strong>Rofolfo Elsas, diretor do Guia de Mot\u00e9is<\/strong>.<\/p>\n<p>Para ter acesso \u00e0s promo\u00e7\u00f5es do <strong>Guia de<\/strong> <strong>Mot\u00e9is Black Monday<\/strong>, os interessados dever\u00e3o estar cadastrados no <strong>Guia de Mot\u00e9is<\/strong>. Este cadastro vai gerar um cupom, que o h\u00f3spede dever\u00e1 apresentar digitalizado ou impresso na recep\u00e7\u00e3o do estabelecimento participante no dia 26 de Novembro. Os clientes que ainda n\u00e3o s\u00e3o cadastrados no Guia de Mot\u00e9is ter\u00e3o que fazer o cadastro.<\/p>\n<figure id=\"attachment_3162\" aria-describedby=\"caption-attachment-3162\" style=\"width: 620px\" class=\"wp-caption aligncenter\"><img decoding=\"async\" class=\"wp-image-3162 size-full\" src=\"http:\/\/www.cidademarketing.com.br\/marketing\/wp-content\/uploads\/2018\/11\/vips_motel_01.jpg\" alt=\"\" width=\"620\" height=\"400\" srcset=\"https:\/\/www.cidademarketing.com.br\/marketing\/wp-content\/uploads\/2018\/11\/vips_motel_01.jpg 620w, https:\/\/www.cidademarketing.com.br\/marketing\/wp-content\/uploads\/2018\/11\/vips_motel_01-300x194.jpg 300w, https:\/\/www.cidademarketing.com.br\/marketing\/wp-content\/uploads\/2018\/11\/vips_motel_01-341x220.jpg 341w\" sizes=\"(max-width: 620px) 100vw, 620px\" \/><figcaption id=\"caption-attachment-3162\" class=\"wp-caption-text\">Divulga\u00e7\u00e3o\/Vip\u00b4s Motel Rio de Janeiro<\/figcaption><\/figure>\n<p>&nbsp;<\/p>\n<p>O desconto de 50% ser\u00e1 concedido somente no valor da su\u00edte e per\u00edodo vigente, n\u00e3o sendo acumulativo com demais ou quaisquer promo\u00e7\u00f5es do motel ou site Guia de Mot\u00e9is. O desconto \u00e9 v\u00e1lido somente para a hospedagem. Gastos com alimenta\u00e7\u00e3o, acess\u00f3rios e bebidas dever\u00e3o ser pagos em seu valor integral.<\/p>\n<p>A promo\u00e7\u00e3o <strong>Guia de Mot\u00e9is Black Monday<\/strong> ser\u00e1 valida com a entrada no motel na Segunda-Feira, dia 26 de novembro, \u00e0s 00h00 e ser\u00e1 encerrada \u00e0s 23h59, do mesmo dia. Participam neste ano estabelecimentos de S\u00e3o Paulo, Rio de Janeiro, Minas Gerais, Distrito Federal, Goi\u00e1s, Rio Grande do Sul, Paran\u00e1 e Santa Catarina.<\/p>\n<p>&nbsp;<\/p>\n<p>Confira a lista de alguns mot\u00e9is participantes:<\/p>\n<p><strong>S\u00e3o Paulo<\/strong><\/p>\n<p>-LUSH<\/p>\n<p>-CENSIV<\/p>\n<p>-VYSS<\/p>\n<p>-SECRETS<\/p>\n<p>-TROPICAL<\/p>\n<p>-APPLE<\/p>\n<p>-ZAPT<\/p>\n<p>-HARMONY<\/p>\n<p>-POINT<\/p>\n<p>-DIAMANTES<\/p>\n<p>-HOTEL LIFE<\/p>\n<p>-HAPPY NIGHT<\/p>\n<p>-INTENSE<\/p>\n<p>-DESLIZE &#8211; ST. ANDR\u00c9<\/p>\n<p>-KISS ME<\/p>\n<p>-RIVIERA<\/p>\n<p>-PRESTIGE<\/p>\n<p>-S\u00d3 LOVE &#8211; Diadema<\/p>\n<p>-SEDUTTI<\/p>\n<p>-TALISMAN<\/p>\n<p>-LE NID<\/p>\n<p>-MOTEL ATUALITT\u00c1<\/p>\n<p>-SWING<\/p>\n<p>-FASHION ABC<\/p>\n<p>-MOTEL PIRATA<\/p>\n<p>-HOTEL CANTAREIRA<\/p>\n<p>-LUMINI<\/p>\n<p>-BELLE<\/p>\n<p>-CLASSE A<\/p>\n<p>-GOLF<\/p>\n<p>-ABSOLUT<\/p>\n<p>-ATOS<\/p>\n<p><strong>S\u00e3o Paulo Litoral\/Interior<\/strong><\/p>\n<p>-LEBLON &#8211; Barretos<\/p>\n<p>-MASTER PLAZA &#8211; Votorantim<\/p>\n<p>-PRIME &#8211; Campinas<\/p>\n<p>-Prime &#8211; Piracicaba<\/p>\n<p>-PRIME &#8211; Americana<\/p>\n<p>-RIVIERAS PRAIA HOTEL &#8211; Santos<\/p>\n<p>-DESLIZE \u2013 Ribeir\u00e3o Preto<\/p>\n<p>-LA FOLIA<\/p>\n<p>-PRESTIGE &#8211; Sorocaba<\/p>\n<p>-MOTEL LOOK &#8211; Araraquara<\/p>\n<p>-DESLIZE LIMEIRA &#8211; Limeira<\/p>\n<p>-CARICIAS MOTEL<\/p>\n<p>-ANONIMATO &#8211; Campinas<\/p>\n<p>-MOTEL FLAMBOYANT \u2013 Limeira<\/p>\n<p><strong>Rio de Janeiro<\/strong><\/p>\n<p>-HOTEL GRANVILLE<\/p>\n<p>-OURO MOTEL<\/p>\n<p>-VIPS SU\u00cdTES<\/p>\n<p>-HOTEL PREMIER<\/p>\n<p>-MON CHERI<\/p>\n<p>-MOTEL GIRASSOL<\/p>\n<p><strong>MINAS GERAIS\u00a0\u00a0\u00a0\u00a0\u00a0\u00a0\u00a0\u00a0\u00a0 <\/strong><\/p>\n<p>-SNOB<\/p>\n<p>-ALFA VILLE<\/p>\n<p>-STATUS<\/p>\n<p>-DUE MOTEL<\/p>\n<p>-MARROCOS<\/p>\n<p>-MEDITARRANEO<\/p>\n<p>-FANTASY 2 &#8211; CONTAGEM<\/p>\n<p><strong>SUL\u00a0\u00a0\u00a0\u00a0\u00a0\u00a0\u00a0\u00a0\u00a0\u00a0\u00a0\u00a0\u00a0\u00a0\u00a0\u00a0 <\/strong><\/p>\n<p>-LUV \u2013 JOINVILLE (SC)<\/p>\n<p>-MOTEL VIS A VIS \u2013 ITAJAI (SC)<\/p>\n<p>-MOTEL VIS A VIS \u2013 JOINVILLE (SC)<\/p>\n<p>-MOTEL ACQUA (PR)<\/p>\n<p>-LUV \u2013 BLUMENAU (SC)<\/p>\n<p>-LUV &#8211; CAXIAS DO SUL (RS)<\/p>\n<p>-BANGALO MOTEL &#8211; SANTA MARIA (RS)<\/p>\n<p>-ZAYA MOTEL PREMIUM (SC)<\/p>\n<p>-VILLAGES MOTEL (SC)<\/p>\n<p>-VOC\u00ca QUE SABE (PR)<\/p>\n<p>-DESLIZE &#8211; Porto Alegre (RS)<\/p>\n<p>-CHAVELLE (PR)<\/p>\n<p>-MOTEL VIS A VIS &#8211; Porto Alegre (RS)<\/p>\n<p><strong>CENTRO OESTE<\/strong><\/p>\n<p>-MONT BLANC (GO)<\/p>\n<p>-CANADA (GO)<\/p>\n<p>-MOTEL A2 (DF)<\/p>\n<p>-MOTEL PALOMA (GO)<\/p>\n<p>-SU\u00cdTE MOTEL (GO)<\/p>\n<p>-AFRODITE (DF)<\/p>\n<p>-EROS\u00a0 (MT)<\/p>\n<p><strong>NORDESTE\u00a0\u00a0\u00a0\u00a0 <\/strong><\/p>\n<p>-MATURY (BA)<\/p>\n<p>-KAMASUTRA (BA)<\/p>\n<p>-MOTEL SOBRADO (PE)<\/p>\n<p>-PALACE MOTEL (CE)<\/p>\n<p>-EROS AFOGADOS (PE)<\/p>\n<p>-EROS CDU (PE)<\/p>\n<p>-NEXOS TAMARINEIRA (PE)<\/p>\n<p>-NEXOS PIEDADE (PE)<\/p>\n<p><strong>NORTE<\/strong><\/p>\n<p>-CHATEAU MOTEL (AM)<\/p>\n<p>-APHRODITE PARK MOTEL (AM)<\/p>\n<p>-EROS MOTEL (AM)<\/p>\n<p>-MOTEL SECRETO (PA)<\/p>\n<p><strong>Servi\u00e7o:<\/strong><\/p>\n<p><strong>Guia de Mot\u00e9is Black Monday <\/strong><\/p>\n<p>Das 0h00 \u00e0s 23h59 do dia 26 de Novembro de 2018<\/p>\n<p>50% de desconto em todas as su\u00edtes e per\u00edodos (incluindo pernoite)<\/p>\n<p><a href=\"http:\/\/www.motelblackmonday.com.br\" target=\"_blank\" rel=\"noopener\">www.motelblackmonday.com.br<\/a><\/p>\n<p><strong>Sobre a ABMOT\u00c9IS <\/strong><\/p>\n<p>A <strong>ABMOT\u00c9IS<\/strong> <strong>(Associa\u00e7\u00e3o Brasileira de Mot\u00e9is)<\/strong> foi fundada em setembro de 2012 \u00e9 a \u00fanica representante dos mot\u00e9is do Brasil. Atualmente, a sua diretoria \u00e9 composta por representantes de 17 estados, mais Distrito Federal, cujo intuito \u00e9 coordenar, orientar e defender os interesses dos seus associados, representados pelas empresas do ramo moteleiro em todas as regi\u00f5es do Brasil. Tem no seu quadro de associados cadastrados mais de 1.000 estabelecimentos em todo Brasil. A ABMOT\u00c9IS tem a miss\u00e3o de profissionalizar e desenvolver o segmento moteleiro, estimulando o empres\u00e1rio do ramo a investir e expandir suas empresas e gerar mais empregos. Para mais informa\u00e7\u00f5es, acesse: <a href=\"http:\/\/www.abmoteis.com.br\/\" target=\"_blank\" rel=\"noopener\">http:\/\/www.abmoteis.com.br\/<\/a><\/p>\n","protected":false},"excerpt":{"rendered":"<p>O Guia de Mot\u00e9is Black Monday, a\u00e7\u00e3o organizada pela Associa\u00e7\u00e3o Brasileira de Mot\u00e9is (ABMOT\u00c9IS), em parceria com o Guia de Mot\u00e9is, e inspirada mundialmente no Black Friday, anuncia a sua 5\u00ba edi\u00e7\u00e3o. Neste ano, cerca de 70 mot\u00e9is das regi\u00f5es Sudeste, Centro-Oeste, Sul, Nordeste e Norte dar\u00e3o desconto de 50% em su\u00edtes e per\u00edodos, incluindo [&hellip;]<\/p>\n","protected":false},"author":1,"featured_media":3161,"comment_status":"open","ping_status":"open","sticky":false,"template":"","format":"standard","meta":{"tdm_status":"","tdm_grid_status":"","footnotes":""},"categories":[6],"tags":[591,135,28,690],"class_list":["post-3160","post","type-post","status-publish","format-standard","has-post-thumbnail","hentry","category-noticias","tag-black-friday","tag-comportamento-do-consumidor","tag-marketing","tag-moteis"],"yoast_head":"<!-- This site is optimized with the Yoast SEO plugin v27.5 - https:\/\/yoast.com\/product\/yoast-seo-wordpress\/ -->\n<title>Mot\u00e9is entram no clima de Black Friday e anunciam 50% de desconto - CidadeMarketing<\/title>\n<meta name=\"robots\" content=\"index, follow, max-snippet:-1, max-image-preview:large, max-video-preview:-1\" \/>\n<link rel=\"canonical\" href=\"https:\/\/www.cidademarketing.com.br\/marketing\/2018\/11\/20\/moteis-entram-no-clima-de-black-friday-e-anunciam-50-de-desconto\/\" \/>\n<meta property=\"og:locale\" content=\"pt_BR\" \/>\n<meta property=\"og:type\" content=\"article\" \/>\n<meta property=\"og:title\" content=\"Mot\u00e9is entram no clima de Black Friday e anunciam 50% de desconto - CidadeMarketing\" \/>\n<meta property=\"og:description\" content=\"O Guia de Mot\u00e9is Black Monday, a\u00e7\u00e3o organizada pela Associa\u00e7\u00e3o Brasileira de Mot\u00e9is (ABMOT\u00c9IS), em parceria com o Guia de Mot\u00e9is, e inspirada mundialmente no Black Friday, anuncia a sua 5\u00ba edi\u00e7\u00e3o. Neste ano, cerca de 70 mot\u00e9is das regi\u00f5es Sudeste, Centro-Oeste, Sul, Nordeste e Norte dar\u00e3o desconto de 50% em su\u00edtes e per\u00edodos, incluindo [&hellip;]\" \/>\n<meta property=\"og:url\" content=\"https:\/\/www.cidademarketing.com.br\/marketing\/2018\/11\/20\/moteis-entram-no-clima-de-black-friday-e-anunciam-50-de-desconto\/\" \/>\n<meta property=\"og:site_name\" content=\"CidadeMarketing\" \/>\n<meta property=\"article:publisher\" content=\"https:\/\/www.facebook.com\/portalcidademarketing\" \/>\n<meta property=\"article:author\" content=\"https:\/\/www.facebook.com\/thalesbrandao\" \/>\n<meta property=\"article:published_time\" content=\"2018-11-20T13:51:37+00:00\" \/>\n<meta property=\"article:modified_time\" content=\"2018-11-20T13:53:16+00:00\" \/>\n<meta property=\"og:image\" content=\"https:\/\/www.cidademarketing.com.br\/marketing\/wp-content\/uploads\/2018\/11\/vips_motel_02.jpg\" \/>\n\t<meta property=\"og:image:width\" content=\"900\" \/>\n\t<meta property=\"og:image:height\" content=\"603\" \/>\n\t<meta property=\"og:image:type\" content=\"image\/jpeg\" \/>\n<meta name=\"author\" content=\"Thales Brand\u00e3o\" \/>\n<meta name=\"twitter:card\" content=\"summary_large_image\" \/>\n<meta name=\"twitter:creator\" content=\"@http:\/\/www.twitter.com\/thalesbrandao\" \/>\n<meta name=\"twitter:site\" content=\"@CidadeMarketing\" \/>\n<meta name=\"twitter:label1\" content=\"Escrito por\" \/>\n\t<meta name=\"twitter:data1\" content=\"Thales Brand\u00e3o\" \/>\n\t<meta name=\"twitter:label2\" content=\"Est. tempo de leitura\" \/>\n\t<meta name=\"twitter:data2\" content=\"4 minutos\" \/>\n<script type=\"application\/ld+json\" class=\"yoast-schema-graph\">{\"@context\":\"https:\\\/\\\/schema.org\",\"@graph\":[{\"@type\":\"Article\",\"@id\":\"https:\\\/\\\/www.cidademarketing.com.br\\\/marketing\\\/2018\\\/11\\\/20\\\/moteis-entram-no-clima-de-black-friday-e-anunciam-50-de-desconto\\\/#article\",\"isPartOf\":{\"@id\":\"https:\\\/\\\/www.cidademarketing.com.br\\\/marketing\\\/2018\\\/11\\\/20\\\/moteis-entram-no-clima-de-black-friday-e-anunciam-50-de-desconto\\\/\"},\"author\":{\"name\":\"Thales Brand\u00e3o\",\"@id\":\"https:\\\/\\\/www.cidademarketing.com.br\\\/marketing\\\/#\\\/schema\\\/person\\\/02daff9f18bd9378c9e01eb6b2db155f\"},\"headline\":\"Mot\u00e9is entram no clima de Black Friday e anunciam 50% de desconto\",\"datePublished\":\"2018-11-20T13:51:37+00:00\",\"dateModified\":\"2018-11-20T13:53:16+00:00\",\"mainEntityOfPage\":{\"@id\":\"https:\\\/\\\/www.cidademarketing.com.br\\\/marketing\\\/2018\\\/11\\\/20\\\/moteis-entram-no-clima-de-black-friday-e-anunciam-50-de-desconto\\\/\"},\"wordCount\":805,\"commentCount\":0,\"publisher\":{\"@id\":\"https:\\\/\\\/www.cidademarketing.com.br\\\/marketing\\\/#organization\"},\"image\":{\"@id\":\"https:\\\/\\\/www.cidademarketing.com.br\\\/marketing\\\/2018\\\/11\\\/20\\\/moteis-entram-no-clima-de-black-friday-e-anunciam-50-de-desconto\\\/#primaryimage\"},\"thumbnailUrl\":\"https:\\\/\\\/www.cidademarketing.com.br\\\/marketing\\\/wp-content\\\/uploads\\\/2018\\\/11\\\/vips_motel_02.jpg\",\"keywords\":[\"Black Friday\",\"comportamento do consumidor\",\"marketing\",\"mot\u00e9is\"],\"articleSection\":[\"Not\u00edcias\"],\"inLanguage\":\"pt-BR\",\"potentialAction\":[{\"@type\":\"CommentAction\",\"name\":\"Comment\",\"target\":[\"https:\\\/\\\/www.cidademarketing.com.br\\\/marketing\\\/2018\\\/11\\\/20\\\/moteis-entram-no-clima-de-black-friday-e-anunciam-50-de-desconto\\\/#respond\"]}]},{\"@type\":\"WebPage\",\"@id\":\"https:\\\/\\\/www.cidademarketing.com.br\\\/marketing\\\/2018\\\/11\\\/20\\\/moteis-entram-no-clima-de-black-friday-e-anunciam-50-de-desconto\\\/\",\"url\":\"https:\\\/\\\/www.cidademarketing.com.br\\\/marketing\\\/2018\\\/11\\\/20\\\/moteis-entram-no-clima-de-black-friday-e-anunciam-50-de-desconto\\\/\",\"name\":\"Mot\u00e9is entram no clima de Black Friday e anunciam 50% de desconto - CidadeMarketing\",\"isPartOf\":{\"@id\":\"https:\\\/\\\/www.cidademarketing.com.br\\\/marketing\\\/#website\"},\"primaryImageOfPage\":{\"@id\":\"https:\\\/\\\/www.cidademarketing.com.br\\\/marketing\\\/2018\\\/11\\\/20\\\/moteis-entram-no-clima-de-black-friday-e-anunciam-50-de-desconto\\\/#primaryimage\"},\"image\":{\"@id\":\"https:\\\/\\\/www.cidademarketing.com.br\\\/marketing\\\/2018\\\/11\\\/20\\\/moteis-entram-no-clima-de-black-friday-e-anunciam-50-de-desconto\\\/#primaryimage\"},\"thumbnailUrl\":\"https:\\\/\\\/www.cidademarketing.com.br\\\/marketing\\\/wp-content\\\/uploads\\\/2018\\\/11\\\/vips_motel_02.jpg\",\"datePublished\":\"2018-11-20T13:51:37+00:00\",\"dateModified\":\"2018-11-20T13:53:16+00:00\",\"breadcrumb\":{\"@id\":\"https:\\\/\\\/www.cidademarketing.com.br\\\/marketing\\\/2018\\\/11\\\/20\\\/moteis-entram-no-clima-de-black-friday-e-anunciam-50-de-desconto\\\/#breadcrumb\"},\"inLanguage\":\"pt-BR\",\"potentialAction\":[{\"@type\":\"ReadAction\",\"target\":[\"https:\\\/\\\/www.cidademarketing.com.br\\\/marketing\\\/2018\\\/11\\\/20\\\/moteis-entram-no-clima-de-black-friday-e-anunciam-50-de-desconto\\\/\"]}]},{\"@type\":\"ImageObject\",\"inLanguage\":\"pt-BR\",\"@id\":\"https:\\\/\\\/www.cidademarketing.com.br\\\/marketing\\\/2018\\\/11\\\/20\\\/moteis-entram-no-clima-de-black-friday-e-anunciam-50-de-desconto\\\/#primaryimage\",\"url\":\"https:\\\/\\\/www.cidademarketing.com.br\\\/marketing\\\/wp-content\\\/uploads\\\/2018\\\/11\\\/vips_motel_02.jpg\",\"contentUrl\":\"https:\\\/\\\/www.cidademarketing.com.br\\\/marketing\\\/wp-content\\\/uploads\\\/2018\\\/11\\\/vips_motel_02.jpg\",\"width\":900,\"height\":603,\"caption\":\"Divulga\u00e7\u00e3o\\\/Vip\u00b4s Motel Rio de Janeiro\"},{\"@type\":\"BreadcrumbList\",\"@id\":\"https:\\\/\\\/www.cidademarketing.com.br\\\/marketing\\\/2018\\\/11\\\/20\\\/moteis-entram-no-clima-de-black-friday-e-anunciam-50-de-desconto\\\/#breadcrumb\",\"itemListElement\":[{\"@type\":\"ListItem\",\"position\":1,\"name\":\"In\u00edcio\",\"item\":\"https:\\\/\\\/www.cidademarketing.com.br\\\/marketing\\\/\"},{\"@type\":\"ListItem\",\"position\":2,\"name\":\"Mot\u00e9is entram no clima de Black Friday e anunciam 50% de desconto\"}]},{\"@type\":\"WebSite\",\"@id\":\"https:\\\/\\\/www.cidademarketing.com.br\\\/marketing\\\/#website\",\"url\":\"https:\\\/\\\/www.cidademarketing.com.br\\\/marketing\\\/\",\"name\":\"CidadeMarketing\",\"description\":\"Somos um ve\u00edculo de comunica\u00e7\u00e3o de destaque no Brasil, reconhecido por conte\u00fados nos segmentos de marketing, empreendedorismo e inova\u00e7\u00e3o.\",\"publisher\":{\"@id\":\"https:\\\/\\\/www.cidademarketing.com.br\\\/marketing\\\/#organization\"},\"alternateName\":\"CidadeMarketing\",\"potentialAction\":[{\"@type\":\"SearchAction\",\"target\":{\"@type\":\"EntryPoint\",\"urlTemplate\":\"https:\\\/\\\/www.cidademarketing.com.br\\\/marketing\\\/?s={search_term_string}\"},\"query-input\":{\"@type\":\"PropertyValueSpecification\",\"valueRequired\":true,\"valueName\":\"search_term_string\"}}],\"inLanguage\":\"pt-BR\"},{\"@type\":\"Organization\",\"@id\":\"https:\\\/\\\/www.cidademarketing.com.br\\\/marketing\\\/#organization\",\"name\":\"CidadeMarketing\",\"alternateName\":\"CidadeMarketing\",\"url\":\"https:\\\/\\\/www.cidademarketing.com.br\\\/marketing\\\/\",\"logo\":{\"@type\":\"ImageObject\",\"inLanguage\":\"pt-BR\",\"@id\":\"https:\\\/\\\/www.cidademarketing.com.br\\\/marketing\\\/#\\\/schema\\\/logo\\\/image\\\/\",\"url\":\"https:\\\/\\\/www.cidademarketing.com.br\\\/marketing\\\/wp-content\\\/uploads\\\/2020\\\/01\\\/cidademarketing_marca_mobile.png\",\"contentUrl\":\"https:\\\/\\\/www.cidademarketing.com.br\\\/marketing\\\/wp-content\\\/uploads\\\/2020\\\/01\\\/cidademarketing_marca_mobile.png\",\"width\":230,\"height\":92,\"caption\":\"CidadeMarketing\"},\"image\":{\"@id\":\"https:\\\/\\\/www.cidademarketing.com.br\\\/marketing\\\/#\\\/schema\\\/logo\\\/image\\\/\"},\"sameAs\":[\"https:\\\/\\\/www.facebook.com\\\/portalcidademarketing\",\"https:\\\/\\\/x.com\\\/CidadeMarketing\",\"https:\\\/\\\/www.instagram.com\\\/cidademarketing\\\/\"]},{\"@type\":\"Person\",\"@id\":\"https:\\\/\\\/www.cidademarketing.com.br\\\/marketing\\\/#\\\/schema\\\/person\\\/02daff9f18bd9378c9e01eb6b2db155f\",\"name\":\"Thales Brand\u00e3o\",\"image\":{\"@type\":\"ImageObject\",\"inLanguage\":\"pt-BR\",\"@id\":\"https:\\\/\\\/secure.gravatar.com\\\/avatar\\\/7ca3206950207cc3cb48feec56a8a7898741ab725c368d99d5d7a5a50aab80c6?s=96&d=mm&r=g\",\"url\":\"https:\\\/\\\/secure.gravatar.com\\\/avatar\\\/7ca3206950207cc3cb48feec56a8a7898741ab725c368d99d5d7a5a50aab80c6?s=96&d=mm&r=g\",\"contentUrl\":\"https:\\\/\\\/secure.gravatar.com\\\/avatar\\\/7ca3206950207cc3cb48feec56a8a7898741ab725c368d99d5d7a5a50aab80c6?s=96&d=mm&r=g\",\"caption\":\"Thales Brand\u00e3o\"},\"description\":\"Editor Executivo do Portal CidadeMarketing.com.br &gt; Mestre em Comunica\u00e7\u00e3o e Sociedade pela Universidade Federal de Sergipe. Possui MBA Executivo em Administra\u00e7\u00e3o com \u00eanfase em Marketing pela Funda\u00e7\u00e3o Get\u00falio Vargas - Rio de Janeiro. Consultor, Palestrante e Pesquisador sobre Empreendedorismo, Marketing, Redes Sociais e Neg\u00f3cios Digitais. Professor, Palestrante TedxTalks e Campus Party. Twitter: @ThalesBrandao\",\"sameAs\":[\"http:\\\/\\\/www.mandacaru.com.br\",\"https:\\\/\\\/www.facebook.com\\\/thalesbrandao\",\"http:\\\/\\\/www.instagram.com.br\\\/thalesbrandaoferreira\",\"https:\\\/\\\/www.linkedin.com\\\/in\\\/thales-brand\u00e3o-3948609\\\/\",\"https:\\\/\\\/x.com\\\/http:\\\/\\\/www.twitter.com\\\/thalesbrandao\"],\"url\":\"https:\\\/\\\/www.cidademarketing.com.br\\\/marketing\\\/author\\\/thalesbrandao\\\/\"}]}<\/script>\n<!-- \/ Yoast SEO plugin. -->","yoast_head_json":{"title":"Mot\u00e9is entram no clima de Black Friday e anunciam 50% de desconto - CidadeMarketing","robots":{"index":"index","follow":"follow","max-snippet":"max-snippet:-1","max-image-preview":"max-image-preview:large","max-video-preview":"max-video-preview:-1"},"canonical":"https:\/\/www.cidademarketing.com.br\/marketing\/2018\/11\/20\/moteis-entram-no-clima-de-black-friday-e-anunciam-50-de-desconto\/","og_locale":"pt_BR","og_type":"article","og_title":"Mot\u00e9is entram no clima de Black Friday e anunciam 50% de desconto - CidadeMarketing","og_description":"O Guia de Mot\u00e9is Black Monday, a\u00e7\u00e3o organizada pela Associa\u00e7\u00e3o Brasileira de Mot\u00e9is (ABMOT\u00c9IS), em parceria com o Guia de Mot\u00e9is, e inspirada mundialmente no Black Friday, anuncia a sua 5\u00ba edi\u00e7\u00e3o. Neste ano, cerca de 70 mot\u00e9is das regi\u00f5es Sudeste, Centro-Oeste, Sul, Nordeste e Norte dar\u00e3o desconto de 50% em su\u00edtes e per\u00edodos, incluindo [&hellip;]","og_url":"https:\/\/www.cidademarketing.com.br\/marketing\/2018\/11\/20\/moteis-entram-no-clima-de-black-friday-e-anunciam-50-de-desconto\/","og_site_name":"CidadeMarketing","article_publisher":"https:\/\/www.facebook.com\/portalcidademarketing","article_author":"https:\/\/www.facebook.com\/thalesbrandao","article_published_time":"2018-11-20T13:51:37+00:00","article_modified_time":"2018-11-20T13:53:16+00:00","og_image":[{"width":900,"height":603,"url":"https:\/\/www.cidademarketing.com.br\/marketing\/wp-content\/uploads\/2018\/11\/vips_motel_02.jpg","type":"image\/jpeg"}],"author":"Thales Brand\u00e3o","twitter_card":"summary_large_image","twitter_creator":"@http:\/\/www.twitter.com\/thalesbrandao","twitter_site":"@CidadeMarketing","twitter_misc":{"Escrito por":"Thales Brand\u00e3o","Est. tempo de leitura":"4 minutos"},"schema":{"@context":"https:\/\/schema.org","@graph":[{"@type":"Article","@id":"https:\/\/www.cidademarketing.com.br\/marketing\/2018\/11\/20\/moteis-entram-no-clima-de-black-friday-e-anunciam-50-de-desconto\/#article","isPartOf":{"@id":"https:\/\/www.cidademarketing.com.br\/marketing\/2018\/11\/20\/moteis-entram-no-clima-de-black-friday-e-anunciam-50-de-desconto\/"},"author":{"name":"Thales Brand\u00e3o","@id":"https:\/\/www.cidademarketing.com.br\/marketing\/#\/schema\/person\/02daff9f18bd9378c9e01eb6b2db155f"},"headline":"Mot\u00e9is entram no clima de Black Friday e anunciam 50% de desconto","datePublished":"2018-11-20T13:51:37+00:00","dateModified":"2018-11-20T13:53:16+00:00","mainEntityOfPage":{"@id":"https:\/\/www.cidademarketing.com.br\/marketing\/2018\/11\/20\/moteis-entram-no-clima-de-black-friday-e-anunciam-50-de-desconto\/"},"wordCount":805,"commentCount":0,"publisher":{"@id":"https:\/\/www.cidademarketing.com.br\/marketing\/#organization"},"image":{"@id":"https:\/\/www.cidademarketing.com.br\/marketing\/2018\/11\/20\/moteis-entram-no-clima-de-black-friday-e-anunciam-50-de-desconto\/#primaryimage"},"thumbnailUrl":"https:\/\/www.cidademarketing.com.br\/marketing\/wp-content\/uploads\/2018\/11\/vips_motel_02.jpg","keywords":["Black Friday","comportamento do consumidor","marketing","mot\u00e9is"],"articleSection":["Not\u00edcias"],"inLanguage":"pt-BR","potentialAction":[{"@type":"CommentAction","name":"Comment","target":["https:\/\/www.cidademarketing.com.br\/marketing\/2018\/11\/20\/moteis-entram-no-clima-de-black-friday-e-anunciam-50-de-desconto\/#respond"]}]},{"@type":"WebPage","@id":"https:\/\/www.cidademarketing.com.br\/marketing\/2018\/11\/20\/moteis-entram-no-clima-de-black-friday-e-anunciam-50-de-desconto\/","url":"https:\/\/www.cidademarketing.com.br\/marketing\/2018\/11\/20\/moteis-entram-no-clima-de-black-friday-e-anunciam-50-de-desconto\/","name":"Mot\u00e9is entram no clima de Black Friday e anunciam 50% de desconto - CidadeMarketing","isPartOf":{"@id":"https:\/\/www.cidademarketing.com.br\/marketing\/#website"},"primaryImageOfPage":{"@id":"https:\/\/www.cidademarketing.com.br\/marketing\/2018\/11\/20\/moteis-entram-no-clima-de-black-friday-e-anunciam-50-de-desconto\/#primaryimage"},"image":{"@id":"https:\/\/www.cidademarketing.com.br\/marketing\/2018\/11\/20\/moteis-entram-no-clima-de-black-friday-e-anunciam-50-de-desconto\/#primaryimage"},"thumbnailUrl":"https:\/\/www.cidademarketing.com.br\/marketing\/wp-content\/uploads\/2018\/11\/vips_motel_02.jpg","datePublished":"2018-11-20T13:51:37+00:00","dateModified":"2018-11-20T13:53:16+00:00","breadcrumb":{"@id":"https:\/\/www.cidademarketing.com.br\/marketing\/2018\/11\/20\/moteis-entram-no-clima-de-black-friday-e-anunciam-50-de-desconto\/#breadcrumb"},"inLanguage":"pt-BR","potentialAction":[{"@type":"ReadAction","target":["https:\/\/www.cidademarketing.com.br\/marketing\/2018\/11\/20\/moteis-entram-no-clima-de-black-friday-e-anunciam-50-de-desconto\/"]}]},{"@type":"ImageObject","inLanguage":"pt-BR","@id":"https:\/\/www.cidademarketing.com.br\/marketing\/2018\/11\/20\/moteis-entram-no-clima-de-black-friday-e-anunciam-50-de-desconto\/#primaryimage","url":"https:\/\/www.cidademarketing.com.br\/marketing\/wp-content\/uploads\/2018\/11\/vips_motel_02.jpg","contentUrl":"https:\/\/www.cidademarketing.com.br\/marketing\/wp-content\/uploads\/2018\/11\/vips_motel_02.jpg","width":900,"height":603,"caption":"Divulga\u00e7\u00e3o\/Vip\u00b4s Motel Rio de Janeiro"},{"@type":"BreadcrumbList","@id":"https:\/\/www.cidademarketing.com.br\/marketing\/2018\/11\/20\/moteis-entram-no-clima-de-black-friday-e-anunciam-50-de-desconto\/#breadcrumb","itemListElement":[{"@type":"ListItem","position":1,"name":"In\u00edcio","item":"https:\/\/www.cidademarketing.com.br\/marketing\/"},{"@type":"ListItem","position":2,"name":"Mot\u00e9is entram no clima de Black Friday e anunciam 50% de desconto"}]},{"@type":"WebSite","@id":"https:\/\/www.cidademarketing.com.br\/marketing\/#website","url":"https:\/\/www.cidademarketing.com.br\/marketing\/","name":"CidadeMarketing","description":"Somos um ve\u00edculo de comunica\u00e7\u00e3o de destaque no Brasil, reconhecido por conte\u00fados nos segmentos de marketing, empreendedorismo e inova\u00e7\u00e3o.","publisher":{"@id":"https:\/\/www.cidademarketing.com.br\/marketing\/#organization"},"alternateName":"CidadeMarketing","potentialAction":[{"@type":"SearchAction","target":{"@type":"EntryPoint","urlTemplate":"https:\/\/www.cidademarketing.com.br\/marketing\/?s={search_term_string}"},"query-input":{"@type":"PropertyValueSpecification","valueRequired":true,"valueName":"search_term_string"}}],"inLanguage":"pt-BR"},{"@type":"Organization","@id":"https:\/\/www.cidademarketing.com.br\/marketing\/#organization","name":"CidadeMarketing","alternateName":"CidadeMarketing","url":"https:\/\/www.cidademarketing.com.br\/marketing\/","logo":{"@type":"ImageObject","inLanguage":"pt-BR","@id":"https:\/\/www.cidademarketing.com.br\/marketing\/#\/schema\/logo\/image\/","url":"https:\/\/www.cidademarketing.com.br\/marketing\/wp-content\/uploads\/2020\/01\/cidademarketing_marca_mobile.png","contentUrl":"https:\/\/www.cidademarketing.com.br\/marketing\/wp-content\/uploads\/2020\/01\/cidademarketing_marca_mobile.png","width":230,"height":92,"caption":"CidadeMarketing"},"image":{"@id":"https:\/\/www.cidademarketing.com.br\/marketing\/#\/schema\/logo\/image\/"},"sameAs":["https:\/\/www.facebook.com\/portalcidademarketing","https:\/\/x.com\/CidadeMarketing","https:\/\/www.instagram.com\/cidademarketing\/"]},{"@type":"Person","@id":"https:\/\/www.cidademarketing.com.br\/marketing\/#\/schema\/person\/02daff9f18bd9378c9e01eb6b2db155f","name":"Thales Brand\u00e3o","image":{"@type":"ImageObject","inLanguage":"pt-BR","@id":"https:\/\/secure.gravatar.com\/avatar\/7ca3206950207cc3cb48feec56a8a7898741ab725c368d99d5d7a5a50aab80c6?s=96&d=mm&r=g","url":"https:\/\/secure.gravatar.com\/avatar\/7ca3206950207cc3cb48feec56a8a7898741ab725c368d99d5d7a5a50aab80c6?s=96&d=mm&r=g","contentUrl":"https:\/\/secure.gravatar.com\/avatar\/7ca3206950207cc3cb48feec56a8a7898741ab725c368d99d5d7a5a50aab80c6?s=96&d=mm&r=g","caption":"Thales Brand\u00e3o"},"description":"Editor Executivo do Portal CidadeMarketing.com.br &gt; Mestre em Comunica\u00e7\u00e3o e Sociedade pela Universidade Federal de Sergipe. Possui MBA Executivo em Administra\u00e7\u00e3o com \u00eanfase em Marketing pela Funda\u00e7\u00e3o Get\u00falio Vargas - Rio de Janeiro. Consultor, Palestrante e Pesquisador sobre Empreendedorismo, Marketing, Redes Sociais e Neg\u00f3cios Digitais. Professor, Palestrante TedxTalks e Campus Party. Twitter: @ThalesBrandao","sameAs":["http:\/\/www.mandacaru.com.br","https:\/\/www.facebook.com\/thalesbrandao","http:\/\/www.instagram.com.br\/thalesbrandaoferreira","https:\/\/www.linkedin.com\/in\/thales-brand\u00e3o-3948609\/","https:\/\/x.com\/http:\/\/www.twitter.com\/thalesbrandao"],"url":"https:\/\/www.cidademarketing.com.br\/marketing\/author\/thalesbrandao\/"}]}},"amp_enabled":true,"_links":{"self":[{"href":"https:\/\/www.cidademarketing.com.br\/marketing\/wp-json\/wp\/v2\/posts\/3160","targetHints":{"allow":["GET"]}}],"collection":[{"href":"https:\/\/www.cidademarketing.com.br\/marketing\/wp-json\/wp\/v2\/posts"}],"about":[{"href":"https:\/\/www.cidademarketing.com.br\/marketing\/wp-json\/wp\/v2\/types\/post"}],"author":[{"embeddable":true,"href":"https:\/\/www.cidademarketing.com.br\/marketing\/wp-json\/wp\/v2\/users\/1"}],"replies":[{"embeddable":true,"href":"https:\/\/www.cidademarketing.com.br\/marketing\/wp-json\/wp\/v2\/comments?post=3160"}],"version-history":[{"count":3,"href":"https:\/\/www.cidademarketing.com.br\/marketing\/wp-json\/wp\/v2\/posts\/3160\/revisions"}],"predecessor-version":[{"id":3166,"href":"https:\/\/www.cidademarketing.com.br\/marketing\/wp-json\/wp\/v2\/posts\/3160\/revisions\/3166"}],"wp:featuredmedia":[{"embeddable":true,"href":"https:\/\/www.cidademarketing.com.br\/marketing\/wp-json\/wp\/v2\/media\/3161"}],"wp:attachment":[{"href":"https:\/\/www.cidademarketing.com.br\/marketing\/wp-json\/wp\/v2\/media?parent=3160"}],"wp:term":[{"taxonomy":"category","embeddable":true,"href":"https:\/\/www.cidademarketing.com.br\/marketing\/wp-json\/wp\/v2\/categories?post=3160"},{"taxonomy":"post_tag","embeddable":true,"href":"https:\/\/www.cidademarketing.com.br\/marketing\/wp-json\/wp\/v2\/tags?post=3160"}],"curies":[{"name":"wp","href":"https:\/\/api.w.org\/{rel}","templated":true}]}}