{"id":31549,"date":"2021-11-09T00:33:14","date_gmt":"2021-11-09T03:33:14","guid":{"rendered":"https:\/\/www.cidademarketing.com.br\/marketing\/?p=31549"},"modified":"2021-11-09T00:33:16","modified_gmt":"2021-11-09T03:33:16","slug":"luciana-barreto-retorna-em-2a-temporada-de-podcast-da-cnn-brasil","status":"publish","type":"post","link":"https:\/\/www.cidademarketing.com.br\/marketing\/2021\/11\/09\/luciana-barreto-retorna-em-2a-temporada-de-podcast-da-cnn-brasil\/","title":{"rendered":"Luciana Barreto retorna em 2\u00aa temporada de podcast da CNN Brasil"},"content":{"rendered":"\n<p><\/p><iframe src=\"https:\/\/open.spotify.com\/embed\/show\/4khMKzP3FgFRWVwb73xicc\" width=\"100%\" height=\"232\" frameBorder=\"0\" allowtransparency=\"true\" allow=\"encrypted-media\"><\/iframe>\t\n\n\n\n\n<p>A segunda temporada do \u201c<strong>Entre Vozes<\/strong>\u201d, podcast da jornalista e apresentadora <strong>Luciana Barreto<\/strong>, estreia nesta <strong>ter\u00e7a-feira, 09 de novembro, \u00e0s 6hs<\/strong>. A atra\u00e7\u00e3o da <strong>CNN Brasil<\/strong> \u00e9 semanal, conta com 12 epis\u00f3dios, e \u00e9 um dos produtos da marca que trata de pautas exclusivamente identit\u00e1rias, assim como o \u201cCNN Plural\u201d, lan\u00e7ado recentemente pelo canal. \u201cN\u00f3s preparamos uma temporada instigante, que vai convidar nosso ouvinte a um mergulho em pautas que talvez ele nunca tivesse pensado e que clamam por reflex\u00e3o\u201d, conta Luciana. Ela \u00e9 reconhecida como uma das 100 pessoas negras mais influentes do mundo em 2021 pela Organiza\u00e7\u00e3o das Na\u00e7\u00f5es Unidas (ONU).<\/p>\n\n\n\n<p>Em sua primeira temporada, tamb\u00e9m com 12 epis\u00f3dios, o \u201cEntre Vozes\u201d alcan\u00e7ou mais de 15 mil downloads. No programa, a jornalista Luciana, junto de convidados especialistas em diferentes \u00e1reas, discute sobre hist\u00f3ria, sociedade, sa\u00fade, finan\u00e7as e&nbsp;mercado de trabalho sob a perspectiva de ra\u00e7a, classe e g\u00eanero.&nbsp;<\/p>\n\n\n\n<p>O primeiro epis\u00f3dio tem como t\u00edtulo \u2018Tipo Suspeito\u2019e trata do fato de as pessoas negras serem tratadas como suspeitas. Para contextualizar o tema,\u00a0a apresentadora entrevista Jota Jr,\u00a0influenciador digital e v\u00edtima de racismo em uma corrida por\u00a0aplicativo, e Luiz Justino, violoncelista preso injustamente em 2020\u00a0depois de ter sido confundido com um assaltante.\u00a0<\/p>\n\n\n\n<p><\/p>\n\n\n\n<div class=\"wp-block-image\"><figure class=\"aligncenter size-large is-resized\"><img fetchpriority=\"high\" decoding=\"async\" src=\"https:\/\/www.cidademarketing.com.br\/marketing\/wp-content\/uploads\/2021\/11\/cnn_entrevozes_podcast_02.jpg\" alt=\"\" class=\"wp-image-31550\" width=\"596\" height=\"388\"\/><figcaption>Divulga\u00e7\u00e3o<\/figcaption><\/figure><\/div>\n\n\n\n<p><\/p>\n\n\n\n<p>No segundo epis\u00f3dio, o assunto ser\u00e1 a \u2018Transfobia no Brasil\u2019, com a participa\u00e7\u00e3o das fundadoras da ANTRA (Associa\u00e7\u00e3o Nacional de Travestis e&nbsp;Transexuais) para entender porque o Brasil \u00e9 o pa\u00eds que mais&nbsp;mata pessoas transexuais. \u2018Lixo eletr\u00f4nico\u2019 \u00e9 o t\u00f3pico principal do terceiro epis\u00f3dio. O descarte deste tipo de res\u00edduo \u00e9 feito em pa\u00edses pobres como Gana, que abriga o maior aterro de e-waste do mundo. Kau\u00ea Lopes dos Santos, doutor em geografia pela USP e autor do livro \u201cOuro por Lixo\u201d, estar\u00e1 presente para aprofundar o assunto.<\/p>\n\n\n\n<p>Em \u2018Que hist\u00f3rias os monumentos nos contam?\u2019, tema do epis\u00f3dio 4, a historiadora Ang\u00e9lica Ferrarez de Almeida fala sobre o&nbsp;apagamento da hist\u00f3ria, produzido pela exist\u00eancia de alguns&nbsp;monumentos e&nbsp;aus\u00eancia de outros. No quinto epis\u00f3dio, \u2018Diversidade no mercado financeiro\u2019, os convidados debatem o lugar da diversidade no mundo das finan\u00e7as e quais institui\u00e7\u00f5es deveriam estar mobilizadas pelo&nbsp;fortalecimento das pr\u00e1ticas de ESG. Far\u00e3o parte do debate frei Davi, da Educafro; Ana Buchaim, diretora de Pessoas, Marketing, Comunica\u00e7\u00e3o e Sustentabilidade da B3; e F\u00e1bio Alperowitch, fundador&nbsp;da FAMA Investimentos.&nbsp;&nbsp;<\/p>\n\n\n\n<p>J\u00e1 no sexto epis\u00f3dio, \u2018Quando a pornografia oferece perigo\u2019, Marco Tubino, psiquiatra e coordenador do AISEP (Ambulat\u00f3rio de Impulso Sexual&nbsp;Excessivo e de Preven\u00e7\u00e3o aos Desfechos Negativos associados ao&nbsp;Comportamento Sexual), explica os riscos de um potencial v\u00edcio em pornografia. O epis\u00f3dio conta ainda com relatos de dois homens que deixaram de consumir pornografia e criaram&nbsp;iniciativas para incentivar outros homens a fazerem o mesmo. H\u00e1 ainda outros seis epis\u00f3dios que tratam de temas t\u00e3o pertinentes como: mudan\u00e7as clim\u00e1ticas, precariza\u00e7\u00e3o do mercado de trabalho, SUS e o direito \u00e0 sa\u00fade e o desafio da \u201cfuga de c\u00e9rebros\u201d do Brasil.<\/p>\n\n\n\n<p>Link para acessar o podcast:<a href=\"https:\/\/www.cnnbrasil.com.br\/tudo-sobre\/entre-vozes\/\" target=\"_blank\" rel=\"noreferrer noopener\">https:\/\/www.cnnbrasil.com.br\/tudo-sobre\/entre-vozes\/<\/a><\/p>\n\n\n\n<p><\/p><iframe allow=\"autoplay *; encrypted-media *; fullscreen *\" frameborder=\"0\" height=\"450\" style=\"width:100%;max-width:660px;overflow:hidden;background:transparent;\" sandbox=\"allow-forms allow-popups allow-same-origin allow-scripts allow-storage-access-by-user-activation allow-top-navigation-by-user-activation\" src=\"https:\/\/embed.podcasts.apple.com\/br\/podcast\/podcast-cidademarketing\/id1371923283\"><\/iframe>\n\n","protected":false},"excerpt":{"rendered":"<p>A segunda temporada do \u201cEntre Vozes\u201d, podcast da jornalista e apresentadora Luciana Barreto, estreia nesta ter\u00e7a-feira, 09 de novembro, \u00e0s 6hs. A atra\u00e7\u00e3o da CNN Brasil \u00e9 semanal, conta com 12 epis\u00f3dios, e \u00e9 um dos produtos da marca que trata de pautas exclusivamente identit\u00e1rias, assim como o \u201cCNN Plural\u201d, lan\u00e7ado recentemente pelo canal. \u201cN\u00f3s [&hellip;]<\/p>\n","protected":false},"author":1,"featured_media":31551,"comment_status":"open","ping_status":"open","sticky":false,"template":"","format":"standard","meta":{"tdm_status":"","tdm_grid_status":"","footnotes":""},"categories":[6],"tags":[1144,4870,1796,33,28,42],"class_list":["post-31549","post","type-post","status-publish","format-standard","has-post-thumbnail","hentry","category-noticias","tag-cnn-brasil","tag-cnn-plural","tag-comunciacao","tag-estrategia","tag-marketing","tag-podcast"],"yoast_head":"<!-- This site is optimized with the Yoast SEO plugin v27.5 - https:\/\/yoast.com\/product\/yoast-seo-wordpress\/ -->\n<title>Luciana Barreto retorna em 2\u00aa temporada de podcast da CNN Brasil - CidadeMarketing<\/title>\n<meta name=\"robots\" content=\"index, follow, max-snippet:-1, max-image-preview:large, max-video-preview:-1\" \/>\n<link rel=\"canonical\" href=\"https:\/\/www.cidademarketing.com.br\/marketing\/2021\/11\/09\/luciana-barreto-retorna-em-2a-temporada-de-podcast-da-cnn-brasil\/\" \/>\n<meta property=\"og:locale\" content=\"pt_BR\" \/>\n<meta property=\"og:type\" content=\"article\" \/>\n<meta property=\"og:title\" content=\"Luciana Barreto retorna em 2\u00aa temporada de podcast da CNN Brasil - CidadeMarketing\" \/>\n<meta property=\"og:description\" content=\"A segunda temporada do \u201cEntre Vozes\u201d, podcast da jornalista e apresentadora Luciana Barreto, estreia nesta ter\u00e7a-feira, 09 de novembro, \u00e0s 6hs. A atra\u00e7\u00e3o da CNN Brasil \u00e9 semanal, conta com 12 epis\u00f3dios, e \u00e9 um dos produtos da marca que trata de pautas exclusivamente identit\u00e1rias, assim como o \u201cCNN Plural\u201d, lan\u00e7ado recentemente pelo canal. \u201cN\u00f3s [&hellip;]\" \/>\n<meta property=\"og:url\" content=\"https:\/\/www.cidademarketing.com.br\/marketing\/2021\/11\/09\/luciana-barreto-retorna-em-2a-temporada-de-podcast-da-cnn-brasil\/\" \/>\n<meta property=\"og:site_name\" content=\"CidadeMarketing\" \/>\n<meta property=\"article:publisher\" content=\"https:\/\/www.facebook.com\/portalcidademarketing\" \/>\n<meta property=\"article:author\" content=\"https:\/\/www.facebook.com\/thalesbrandao\" \/>\n<meta property=\"article:published_time\" content=\"2021-11-09T03:33:14+00:00\" \/>\n<meta property=\"article:modified_time\" content=\"2021-11-09T03:33:16+00:00\" \/>\n<meta property=\"og:image\" content=\"https:\/\/www.cidademarketing.com.br\/marketing\/wp-content\/uploads\/2021\/11\/cnn_entrevozes_podcast.png\" \/>\n\t<meta property=\"og:image:width\" content=\"771\" \/>\n\t<meta property=\"og:image:height\" content=\"742\" \/>\n\t<meta property=\"og:image:type\" content=\"image\/png\" \/>\n<meta name=\"author\" content=\"Thales Brand\u00e3o\" \/>\n<meta name=\"twitter:card\" content=\"summary_large_image\" \/>\n<meta name=\"twitter:creator\" content=\"@http:\/\/www.twitter.com\/thalesbrandao\" \/>\n<meta name=\"twitter:site\" content=\"@CidadeMarketing\" \/>\n<meta name=\"twitter:label1\" content=\"Escrito por\" \/>\n\t<meta name=\"twitter:data1\" content=\"Thales Brand\u00e3o\" \/>\n\t<meta name=\"twitter:label2\" content=\"Est. tempo de leitura\" \/>\n\t<meta name=\"twitter:data2\" content=\"3 minutos\" \/>\n<script type=\"application\/ld+json\" class=\"yoast-schema-graph\">{\"@context\":\"https:\\\/\\\/schema.org\",\"@graph\":[{\"@type\":\"Article\",\"@id\":\"https:\\\/\\\/www.cidademarketing.com.br\\\/marketing\\\/2021\\\/11\\\/09\\\/luciana-barreto-retorna-em-2a-temporada-de-podcast-da-cnn-brasil\\\/#article\",\"isPartOf\":{\"@id\":\"https:\\\/\\\/www.cidademarketing.com.br\\\/marketing\\\/2021\\\/11\\\/09\\\/luciana-barreto-retorna-em-2a-temporada-de-podcast-da-cnn-brasil\\\/\"},\"author\":{\"name\":\"Thales Brand\u00e3o\",\"@id\":\"https:\\\/\\\/www.cidademarketing.com.br\\\/marketing\\\/#\\\/schema\\\/person\\\/02daff9f18bd9378c9e01eb6b2db155f\"},\"headline\":\"Luciana Barreto retorna em 2\u00aa temporada de podcast da CNN Brasil\",\"datePublished\":\"2021-11-09T03:33:14+00:00\",\"dateModified\":\"2021-11-09T03:33:16+00:00\",\"mainEntityOfPage\":{\"@id\":\"https:\\\/\\\/www.cidademarketing.com.br\\\/marketing\\\/2021\\\/11\\\/09\\\/luciana-barreto-retorna-em-2a-temporada-de-podcast-da-cnn-brasil\\\/\"},\"wordCount\":560,\"commentCount\":0,\"publisher\":{\"@id\":\"https:\\\/\\\/www.cidademarketing.com.br\\\/marketing\\\/#organization\"},\"image\":{\"@id\":\"https:\\\/\\\/www.cidademarketing.com.br\\\/marketing\\\/2021\\\/11\\\/09\\\/luciana-barreto-retorna-em-2a-temporada-de-podcast-da-cnn-brasil\\\/#primaryimage\"},\"thumbnailUrl\":\"https:\\\/\\\/www.cidademarketing.com.br\\\/marketing\\\/wp-content\\\/uploads\\\/2021\\\/11\\\/cnn_entrevozes_podcast.png\",\"keywords\":[\"CNN Brasil\",\"CNN Plural\",\"comuncia\u00e7\u00e3o\",\"estrat\u00e9gia\",\"marketing\",\"podcast\"],\"articleSection\":[\"Not\u00edcias\"],\"inLanguage\":\"pt-BR\",\"potentialAction\":[{\"@type\":\"CommentAction\",\"name\":\"Comment\",\"target\":[\"https:\\\/\\\/www.cidademarketing.com.br\\\/marketing\\\/2021\\\/11\\\/09\\\/luciana-barreto-retorna-em-2a-temporada-de-podcast-da-cnn-brasil\\\/#respond\"]}]},{\"@type\":\"WebPage\",\"@id\":\"https:\\\/\\\/www.cidademarketing.com.br\\\/marketing\\\/2021\\\/11\\\/09\\\/luciana-barreto-retorna-em-2a-temporada-de-podcast-da-cnn-brasil\\\/\",\"url\":\"https:\\\/\\\/www.cidademarketing.com.br\\\/marketing\\\/2021\\\/11\\\/09\\\/luciana-barreto-retorna-em-2a-temporada-de-podcast-da-cnn-brasil\\\/\",\"name\":\"Luciana Barreto retorna em 2\u00aa temporada de podcast da CNN Brasil - CidadeMarketing\",\"isPartOf\":{\"@id\":\"https:\\\/\\\/www.cidademarketing.com.br\\\/marketing\\\/#website\"},\"primaryImageOfPage\":{\"@id\":\"https:\\\/\\\/www.cidademarketing.com.br\\\/marketing\\\/2021\\\/11\\\/09\\\/luciana-barreto-retorna-em-2a-temporada-de-podcast-da-cnn-brasil\\\/#primaryimage\"},\"image\":{\"@id\":\"https:\\\/\\\/www.cidademarketing.com.br\\\/marketing\\\/2021\\\/11\\\/09\\\/luciana-barreto-retorna-em-2a-temporada-de-podcast-da-cnn-brasil\\\/#primaryimage\"},\"thumbnailUrl\":\"https:\\\/\\\/www.cidademarketing.com.br\\\/marketing\\\/wp-content\\\/uploads\\\/2021\\\/11\\\/cnn_entrevozes_podcast.png\",\"datePublished\":\"2021-11-09T03:33:14+00:00\",\"dateModified\":\"2021-11-09T03:33:16+00:00\",\"breadcrumb\":{\"@id\":\"https:\\\/\\\/www.cidademarketing.com.br\\\/marketing\\\/2021\\\/11\\\/09\\\/luciana-barreto-retorna-em-2a-temporada-de-podcast-da-cnn-brasil\\\/#breadcrumb\"},\"inLanguage\":\"pt-BR\",\"potentialAction\":[{\"@type\":\"ReadAction\",\"target\":[\"https:\\\/\\\/www.cidademarketing.com.br\\\/marketing\\\/2021\\\/11\\\/09\\\/luciana-barreto-retorna-em-2a-temporada-de-podcast-da-cnn-brasil\\\/\"]}]},{\"@type\":\"ImageObject\",\"inLanguage\":\"pt-BR\",\"@id\":\"https:\\\/\\\/www.cidademarketing.com.br\\\/marketing\\\/2021\\\/11\\\/09\\\/luciana-barreto-retorna-em-2a-temporada-de-podcast-da-cnn-brasil\\\/#primaryimage\",\"url\":\"https:\\\/\\\/www.cidademarketing.com.br\\\/marketing\\\/wp-content\\\/uploads\\\/2021\\\/11\\\/cnn_entrevozes_podcast.png\",\"contentUrl\":\"https:\\\/\\\/www.cidademarketing.com.br\\\/marketing\\\/wp-content\\\/uploads\\\/2021\\\/11\\\/cnn_entrevozes_podcast.png\",\"width\":771,\"height\":742,\"caption\":\"Divulga\u00e7\u00e3o\"},{\"@type\":\"BreadcrumbList\",\"@id\":\"https:\\\/\\\/www.cidademarketing.com.br\\\/marketing\\\/2021\\\/11\\\/09\\\/luciana-barreto-retorna-em-2a-temporada-de-podcast-da-cnn-brasil\\\/#breadcrumb\",\"itemListElement\":[{\"@type\":\"ListItem\",\"position\":1,\"name\":\"In\u00edcio\",\"item\":\"https:\\\/\\\/www.cidademarketing.com.br\\\/marketing\\\/\"},{\"@type\":\"ListItem\",\"position\":2,\"name\":\"Luciana Barreto retorna em 2\u00aa temporada de podcast da CNN Brasil\"}]},{\"@type\":\"WebSite\",\"@id\":\"https:\\\/\\\/www.cidademarketing.com.br\\\/marketing\\\/#website\",\"url\":\"https:\\\/\\\/www.cidademarketing.com.br\\\/marketing\\\/\",\"name\":\"CidadeMarketing\",\"description\":\"Somos um ve\u00edculo de comunica\u00e7\u00e3o de destaque no Brasil, reconhecido por conte\u00fados nos segmentos de marketing, empreendedorismo e inova\u00e7\u00e3o.\",\"publisher\":{\"@id\":\"https:\\\/\\\/www.cidademarketing.com.br\\\/marketing\\\/#organization\"},\"alternateName\":\"CidadeMarketing\",\"potentialAction\":[{\"@type\":\"SearchAction\",\"target\":{\"@type\":\"EntryPoint\",\"urlTemplate\":\"https:\\\/\\\/www.cidademarketing.com.br\\\/marketing\\\/?s={search_term_string}\"},\"query-input\":{\"@type\":\"PropertyValueSpecification\",\"valueRequired\":true,\"valueName\":\"search_term_string\"}}],\"inLanguage\":\"pt-BR\"},{\"@type\":\"Organization\",\"@id\":\"https:\\\/\\\/www.cidademarketing.com.br\\\/marketing\\\/#organization\",\"name\":\"CidadeMarketing\",\"alternateName\":\"CidadeMarketing\",\"url\":\"https:\\\/\\\/www.cidademarketing.com.br\\\/marketing\\\/\",\"logo\":{\"@type\":\"ImageObject\",\"inLanguage\":\"pt-BR\",\"@id\":\"https:\\\/\\\/www.cidademarketing.com.br\\\/marketing\\\/#\\\/schema\\\/logo\\\/image\\\/\",\"url\":\"https:\\\/\\\/www.cidademarketing.com.br\\\/marketing\\\/wp-content\\\/uploads\\\/2020\\\/01\\\/cidademarketing_marca_mobile.png\",\"contentUrl\":\"https:\\\/\\\/www.cidademarketing.com.br\\\/marketing\\\/wp-content\\\/uploads\\\/2020\\\/01\\\/cidademarketing_marca_mobile.png\",\"width\":230,\"height\":92,\"caption\":\"CidadeMarketing\"},\"image\":{\"@id\":\"https:\\\/\\\/www.cidademarketing.com.br\\\/marketing\\\/#\\\/schema\\\/logo\\\/image\\\/\"},\"sameAs\":[\"https:\\\/\\\/www.facebook.com\\\/portalcidademarketing\",\"https:\\\/\\\/x.com\\\/CidadeMarketing\",\"https:\\\/\\\/www.instagram.com\\\/cidademarketing\\\/\"]},{\"@type\":\"Person\",\"@id\":\"https:\\\/\\\/www.cidademarketing.com.br\\\/marketing\\\/#\\\/schema\\\/person\\\/02daff9f18bd9378c9e01eb6b2db155f\",\"name\":\"Thales Brand\u00e3o\",\"image\":{\"@type\":\"ImageObject\",\"inLanguage\":\"pt-BR\",\"@id\":\"https:\\\/\\\/secure.gravatar.com\\\/avatar\\\/7ca3206950207cc3cb48feec56a8a7898741ab725c368d99d5d7a5a50aab80c6?s=96&d=mm&r=g\",\"url\":\"https:\\\/\\\/secure.gravatar.com\\\/avatar\\\/7ca3206950207cc3cb48feec56a8a7898741ab725c368d99d5d7a5a50aab80c6?s=96&d=mm&r=g\",\"contentUrl\":\"https:\\\/\\\/secure.gravatar.com\\\/avatar\\\/7ca3206950207cc3cb48feec56a8a7898741ab725c368d99d5d7a5a50aab80c6?s=96&d=mm&r=g\",\"caption\":\"Thales Brand\u00e3o\"},\"description\":\"Editor Executivo do Portal CidadeMarketing.com.br &gt; Mestre em Comunica\u00e7\u00e3o e Sociedade pela Universidade Federal de Sergipe. Possui MBA Executivo em Administra\u00e7\u00e3o com \u00eanfase em Marketing pela Funda\u00e7\u00e3o Get\u00falio Vargas - Rio de Janeiro. Consultor, Palestrante e Pesquisador sobre Empreendedorismo, Marketing, Redes Sociais e Neg\u00f3cios Digitais. Professor, Palestrante TedxTalks e Campus Party. Twitter: @ThalesBrandao\",\"sameAs\":[\"http:\\\/\\\/www.mandacaru.com.br\",\"https:\\\/\\\/www.facebook.com\\\/thalesbrandao\",\"http:\\\/\\\/www.instagram.com.br\\\/thalesbrandaoferreira\",\"https:\\\/\\\/www.linkedin.com\\\/in\\\/thales-brand\u00e3o-3948609\\\/\",\"https:\\\/\\\/x.com\\\/http:\\\/\\\/www.twitter.com\\\/thalesbrandao\"],\"url\":\"https:\\\/\\\/www.cidademarketing.com.br\\\/marketing\\\/author\\\/thalesbrandao\\\/\"}]}<\/script>\n<!-- \/ Yoast SEO plugin. -->","yoast_head_json":{"title":"Luciana Barreto retorna em 2\u00aa temporada de podcast da CNN Brasil - CidadeMarketing","robots":{"index":"index","follow":"follow","max-snippet":"max-snippet:-1","max-image-preview":"max-image-preview:large","max-video-preview":"max-video-preview:-1"},"canonical":"https:\/\/www.cidademarketing.com.br\/marketing\/2021\/11\/09\/luciana-barreto-retorna-em-2a-temporada-de-podcast-da-cnn-brasil\/","og_locale":"pt_BR","og_type":"article","og_title":"Luciana Barreto retorna em 2\u00aa temporada de podcast da CNN Brasil - CidadeMarketing","og_description":"A segunda temporada do \u201cEntre Vozes\u201d, podcast da jornalista e apresentadora Luciana Barreto, estreia nesta ter\u00e7a-feira, 09 de novembro, \u00e0s 6hs. A atra\u00e7\u00e3o da CNN Brasil \u00e9 semanal, conta com 12 epis\u00f3dios, e \u00e9 um dos produtos da marca que trata de pautas exclusivamente identit\u00e1rias, assim como o \u201cCNN Plural\u201d, lan\u00e7ado recentemente pelo canal. \u201cN\u00f3s [&hellip;]","og_url":"https:\/\/www.cidademarketing.com.br\/marketing\/2021\/11\/09\/luciana-barreto-retorna-em-2a-temporada-de-podcast-da-cnn-brasil\/","og_site_name":"CidadeMarketing","article_publisher":"https:\/\/www.facebook.com\/portalcidademarketing","article_author":"https:\/\/www.facebook.com\/thalesbrandao","article_published_time":"2021-11-09T03:33:14+00:00","article_modified_time":"2021-11-09T03:33:16+00:00","og_image":[{"width":771,"height":742,"url":"https:\/\/www.cidademarketing.com.br\/marketing\/wp-content\/uploads\/2021\/11\/cnn_entrevozes_podcast.png","type":"image\/png"}],"author":"Thales Brand\u00e3o","twitter_card":"summary_large_image","twitter_creator":"@http:\/\/www.twitter.com\/thalesbrandao","twitter_site":"@CidadeMarketing","twitter_misc":{"Escrito por":"Thales Brand\u00e3o","Est. tempo de leitura":"3 minutos"},"schema":{"@context":"https:\/\/schema.org","@graph":[{"@type":"Article","@id":"https:\/\/www.cidademarketing.com.br\/marketing\/2021\/11\/09\/luciana-barreto-retorna-em-2a-temporada-de-podcast-da-cnn-brasil\/#article","isPartOf":{"@id":"https:\/\/www.cidademarketing.com.br\/marketing\/2021\/11\/09\/luciana-barreto-retorna-em-2a-temporada-de-podcast-da-cnn-brasil\/"},"author":{"name":"Thales Brand\u00e3o","@id":"https:\/\/www.cidademarketing.com.br\/marketing\/#\/schema\/person\/02daff9f18bd9378c9e01eb6b2db155f"},"headline":"Luciana Barreto retorna em 2\u00aa temporada de podcast da CNN Brasil","datePublished":"2021-11-09T03:33:14+00:00","dateModified":"2021-11-09T03:33:16+00:00","mainEntityOfPage":{"@id":"https:\/\/www.cidademarketing.com.br\/marketing\/2021\/11\/09\/luciana-barreto-retorna-em-2a-temporada-de-podcast-da-cnn-brasil\/"},"wordCount":560,"commentCount":0,"publisher":{"@id":"https:\/\/www.cidademarketing.com.br\/marketing\/#organization"},"image":{"@id":"https:\/\/www.cidademarketing.com.br\/marketing\/2021\/11\/09\/luciana-barreto-retorna-em-2a-temporada-de-podcast-da-cnn-brasil\/#primaryimage"},"thumbnailUrl":"https:\/\/www.cidademarketing.com.br\/marketing\/wp-content\/uploads\/2021\/11\/cnn_entrevozes_podcast.png","keywords":["CNN Brasil","CNN Plural","comuncia\u00e7\u00e3o","estrat\u00e9gia","marketing","podcast"],"articleSection":["Not\u00edcias"],"inLanguage":"pt-BR","potentialAction":[{"@type":"CommentAction","name":"Comment","target":["https:\/\/www.cidademarketing.com.br\/marketing\/2021\/11\/09\/luciana-barreto-retorna-em-2a-temporada-de-podcast-da-cnn-brasil\/#respond"]}]},{"@type":"WebPage","@id":"https:\/\/www.cidademarketing.com.br\/marketing\/2021\/11\/09\/luciana-barreto-retorna-em-2a-temporada-de-podcast-da-cnn-brasil\/","url":"https:\/\/www.cidademarketing.com.br\/marketing\/2021\/11\/09\/luciana-barreto-retorna-em-2a-temporada-de-podcast-da-cnn-brasil\/","name":"Luciana Barreto retorna em 2\u00aa temporada de podcast da CNN Brasil - CidadeMarketing","isPartOf":{"@id":"https:\/\/www.cidademarketing.com.br\/marketing\/#website"},"primaryImageOfPage":{"@id":"https:\/\/www.cidademarketing.com.br\/marketing\/2021\/11\/09\/luciana-barreto-retorna-em-2a-temporada-de-podcast-da-cnn-brasil\/#primaryimage"},"image":{"@id":"https:\/\/www.cidademarketing.com.br\/marketing\/2021\/11\/09\/luciana-barreto-retorna-em-2a-temporada-de-podcast-da-cnn-brasil\/#primaryimage"},"thumbnailUrl":"https:\/\/www.cidademarketing.com.br\/marketing\/wp-content\/uploads\/2021\/11\/cnn_entrevozes_podcast.png","datePublished":"2021-11-09T03:33:14+00:00","dateModified":"2021-11-09T03:33:16+00:00","breadcrumb":{"@id":"https:\/\/www.cidademarketing.com.br\/marketing\/2021\/11\/09\/luciana-barreto-retorna-em-2a-temporada-de-podcast-da-cnn-brasil\/#breadcrumb"},"inLanguage":"pt-BR","potentialAction":[{"@type":"ReadAction","target":["https:\/\/www.cidademarketing.com.br\/marketing\/2021\/11\/09\/luciana-barreto-retorna-em-2a-temporada-de-podcast-da-cnn-brasil\/"]}]},{"@type":"ImageObject","inLanguage":"pt-BR","@id":"https:\/\/www.cidademarketing.com.br\/marketing\/2021\/11\/09\/luciana-barreto-retorna-em-2a-temporada-de-podcast-da-cnn-brasil\/#primaryimage","url":"https:\/\/www.cidademarketing.com.br\/marketing\/wp-content\/uploads\/2021\/11\/cnn_entrevozes_podcast.png","contentUrl":"https:\/\/www.cidademarketing.com.br\/marketing\/wp-content\/uploads\/2021\/11\/cnn_entrevozes_podcast.png","width":771,"height":742,"caption":"Divulga\u00e7\u00e3o"},{"@type":"BreadcrumbList","@id":"https:\/\/www.cidademarketing.com.br\/marketing\/2021\/11\/09\/luciana-barreto-retorna-em-2a-temporada-de-podcast-da-cnn-brasil\/#breadcrumb","itemListElement":[{"@type":"ListItem","position":1,"name":"In\u00edcio","item":"https:\/\/www.cidademarketing.com.br\/marketing\/"},{"@type":"ListItem","position":2,"name":"Luciana Barreto retorna em 2\u00aa temporada de podcast da CNN Brasil"}]},{"@type":"WebSite","@id":"https:\/\/www.cidademarketing.com.br\/marketing\/#website","url":"https:\/\/www.cidademarketing.com.br\/marketing\/","name":"CidadeMarketing","description":"Somos um ve\u00edculo de comunica\u00e7\u00e3o de destaque no Brasil, reconhecido por conte\u00fados nos segmentos de marketing, empreendedorismo e inova\u00e7\u00e3o.","publisher":{"@id":"https:\/\/www.cidademarketing.com.br\/marketing\/#organization"},"alternateName":"CidadeMarketing","potentialAction":[{"@type":"SearchAction","target":{"@type":"EntryPoint","urlTemplate":"https:\/\/www.cidademarketing.com.br\/marketing\/?s={search_term_string}"},"query-input":{"@type":"PropertyValueSpecification","valueRequired":true,"valueName":"search_term_string"}}],"inLanguage":"pt-BR"},{"@type":"Organization","@id":"https:\/\/www.cidademarketing.com.br\/marketing\/#organization","name":"CidadeMarketing","alternateName":"CidadeMarketing","url":"https:\/\/www.cidademarketing.com.br\/marketing\/","logo":{"@type":"ImageObject","inLanguage":"pt-BR","@id":"https:\/\/www.cidademarketing.com.br\/marketing\/#\/schema\/logo\/image\/","url":"https:\/\/www.cidademarketing.com.br\/marketing\/wp-content\/uploads\/2020\/01\/cidademarketing_marca_mobile.png","contentUrl":"https:\/\/www.cidademarketing.com.br\/marketing\/wp-content\/uploads\/2020\/01\/cidademarketing_marca_mobile.png","width":230,"height":92,"caption":"CidadeMarketing"},"image":{"@id":"https:\/\/www.cidademarketing.com.br\/marketing\/#\/schema\/logo\/image\/"},"sameAs":["https:\/\/www.facebook.com\/portalcidademarketing","https:\/\/x.com\/CidadeMarketing","https:\/\/www.instagram.com\/cidademarketing\/"]},{"@type":"Person","@id":"https:\/\/www.cidademarketing.com.br\/marketing\/#\/schema\/person\/02daff9f18bd9378c9e01eb6b2db155f","name":"Thales Brand\u00e3o","image":{"@type":"ImageObject","inLanguage":"pt-BR","@id":"https:\/\/secure.gravatar.com\/avatar\/7ca3206950207cc3cb48feec56a8a7898741ab725c368d99d5d7a5a50aab80c6?s=96&d=mm&r=g","url":"https:\/\/secure.gravatar.com\/avatar\/7ca3206950207cc3cb48feec56a8a7898741ab725c368d99d5d7a5a50aab80c6?s=96&d=mm&r=g","contentUrl":"https:\/\/secure.gravatar.com\/avatar\/7ca3206950207cc3cb48feec56a8a7898741ab725c368d99d5d7a5a50aab80c6?s=96&d=mm&r=g","caption":"Thales Brand\u00e3o"},"description":"Editor Executivo do Portal CidadeMarketing.com.br &gt; Mestre em Comunica\u00e7\u00e3o e Sociedade pela Universidade Federal de Sergipe. Possui MBA Executivo em Administra\u00e7\u00e3o com \u00eanfase em Marketing pela Funda\u00e7\u00e3o Get\u00falio Vargas - Rio de Janeiro. Consultor, Palestrante e Pesquisador sobre Empreendedorismo, Marketing, Redes Sociais e Neg\u00f3cios Digitais. Professor, Palestrante TedxTalks e Campus Party. Twitter: @ThalesBrandao","sameAs":["http:\/\/www.mandacaru.com.br","https:\/\/www.facebook.com\/thalesbrandao","http:\/\/www.instagram.com.br\/thalesbrandaoferreira","https:\/\/www.linkedin.com\/in\/thales-brand\u00e3o-3948609\/","https:\/\/x.com\/http:\/\/www.twitter.com\/thalesbrandao"],"url":"https:\/\/www.cidademarketing.com.br\/marketing\/author\/thalesbrandao\/"}]}},"amp_enabled":true,"_links":{"self":[{"href":"https:\/\/www.cidademarketing.com.br\/marketing\/wp-json\/wp\/v2\/posts\/31549","targetHints":{"allow":["GET"]}}],"collection":[{"href":"https:\/\/www.cidademarketing.com.br\/marketing\/wp-json\/wp\/v2\/posts"}],"about":[{"href":"https:\/\/www.cidademarketing.com.br\/marketing\/wp-json\/wp\/v2\/types\/post"}],"author":[{"embeddable":true,"href":"https:\/\/www.cidademarketing.com.br\/marketing\/wp-json\/wp\/v2\/users\/1"}],"replies":[{"embeddable":true,"href":"https:\/\/www.cidademarketing.com.br\/marketing\/wp-json\/wp\/v2\/comments?post=31549"}],"version-history":[{"count":1,"href":"https:\/\/www.cidademarketing.com.br\/marketing\/wp-json\/wp\/v2\/posts\/31549\/revisions"}],"predecessor-version":[{"id":31552,"href":"https:\/\/www.cidademarketing.com.br\/marketing\/wp-json\/wp\/v2\/posts\/31549\/revisions\/31552"}],"wp:featuredmedia":[{"embeddable":true,"href":"https:\/\/www.cidademarketing.com.br\/marketing\/wp-json\/wp\/v2\/media\/31551"}],"wp:attachment":[{"href":"https:\/\/www.cidademarketing.com.br\/marketing\/wp-json\/wp\/v2\/media?parent=31549"}],"wp:term":[{"taxonomy":"category","embeddable":true,"href":"https:\/\/www.cidademarketing.com.br\/marketing\/wp-json\/wp\/v2\/categories?post=31549"},{"taxonomy":"post_tag","embeddable":true,"href":"https:\/\/www.cidademarketing.com.br\/marketing\/wp-json\/wp\/v2\/tags?post=31549"}],"curies":[{"name":"wp","href":"https:\/\/api.w.org\/{rel}","templated":true}]}}