{"id":31528,"date":"2021-11-07T21:19:18","date_gmt":"2021-11-08T00:19:18","guid":{"rendered":"https:\/\/www.cidademarketing.com.br\/marketing\/?p=31528"},"modified":"2021-11-07T21:19:20","modified_gmt":"2021-11-08T00:19:20","slug":"renault-lanca-sandero-s-edition","status":"publish","type":"post","link":"https:\/\/www.cidademarketing.com.br\/marketing\/2021\/11\/07\/renault-lanca-sandero-s-edition\/","title":{"rendered":"Renault lan\u00e7a Sandero S Edition"},"content":{"rendered":"\n<p><\/p><iframe src=\"https:\/\/open.spotify.com\/embed\/show\/4khMKzP3FgFRWVwb73xicc\" width=\"100%\" height=\"232\" frameBorder=\"0\" allowtransparency=\"true\" allow=\"encrypted-media\"><\/iframe>\t\n\n\n\n\n<p>A Renault inicia as vendas do Sandero S Edition, s\u00e9rie especial que traz uma combina\u00e7\u00e3o atraente de conforto e design esportivo para o hatch, mantendo todas as caracter\u00edsticas que consagraram o modelo no mercado brasileiro, como o \u00f3timo espa\u00e7o interno, robustez e baixo custo de manuten\u00e7\u00e3o.\u00a0<\/p>\n\n\n\n<p>Desde seu lan\u00e7amento no Brasil, o Renault Sandero busca se manter conectado com seu p\u00fablico atrav\u00e9s de s\u00e9ries especiais que oferecem apelo jovem e esportivo. Exemplos disso foram as edi\u00e7\u00f5es limitadas Vibe e Tech Run, lan\u00e7adas em 2009 e 2013, respectivamente.&nbsp;<\/p>\n\n\n\n<p>Agora, em 2021, \u00e9 a vez da s\u00e9rie especial S Edition, que oferta ao consumidor uma combina\u00e7\u00e3o visual atraente ressaltando as linhas do modelo. Na nova dianteira, o para-choque traz inspira\u00e7\u00e3o na pe\u00e7a adotada no Sandero R.S. 2.0 com luzes de rodagem diurnas em LED posicionadas na parte inferior e moldura integrada, com acabamento em cinza. A parte inferior traz ainda a grade em colmeia \u2013 outra alus\u00e3o ao esportivo R.S. 2.0 \u2013 enquanto a grade superior, horizontal, tem acabamento preto, com destaque ao logo Renault ao centro.&nbsp;<\/p>\n\n\n\n<p>Os far\u00f3is s\u00e3o escurecidos, com foco duplo, sendo os mesmos adotados no Sandero R.S. 2.0. Percorrendo a lateral, o S Edition traz rodas de 15 polegadas de a\u00e7o, com calotas no tom prata e retrovisores que trazem capa com acabamento em black piano. Atr\u00e1s, a novidade fica por conta das lanternas escurecidas em LED que combinam com o estilo mais jovial desta s\u00e9rie especial.<\/p>\n\n\n\n<p>Internamente, o modelo traz todas as qualidades presentes na linha Sandero, como o amplo espa\u00e7o interno, tanto para ocupantes como para bagagens, e cuidados no acabamento como nos detalhes em black piano e teto escuro, que contribui para a sensa\u00e7\u00e3o de um ambiente mais sofisticado. Os bancos revestidos em um tecido com estilo moderno e minimalista trazem espumas espessas e \u00f3timo conforto e ergonomia, bem como a regulagem de altura para o motorista.&nbsp;<\/p>\n\n\n\n<p>De s\u00e9rie, o S Edition traz diversos itens de conforto e conveni\u00eancia, com ar-condicionado, dire\u00e7\u00e3o com assist\u00eancia eletro-hidr\u00e1ulica, vidros el\u00e9tricos dianteiros com fun\u00e7\u00e3o \u201cone touch\u201d, travas de portas e abertura do porta-malas com acionamento el\u00e9trico, bem como sensores de estacionamento traseiros. O modelo traz ainda quatro airbags (frontais e laterais) e freios ABS. Na conectividade, o modelo vem com o sistema Media Evolution, com quatro alto falantes. Esse sistema multimidia traz tecnologia Android Auto e Apple Carplay, permitindo usar Spotify, Waze, Google Maps (Android Auto) e \u00e1udios de Whatsapp na tela de sete polegadas \u201ctouchscreen\u201d capacitiva, com melhor precis\u00e3o do toque.&nbsp;<\/p>\n\n\n\n<p><strong>MOTOR 1.0 SCe<\/strong><\/p>\n\n\n\n<p>Desenvolvido pela Renault Tecnologia Am\u00e9ricas (RTA) e produzido no Complexo Ayrton Senna, no Paran\u00e1, o motor 1.0 SCe se destaca pelo maior desempenho e efici\u00eancia energ\u00e9tica. Com tr\u00eas cilindros e quatro v\u00e1lvulas por cilindro, o motor traz duplo comando de v\u00e1lvulas vari\u00e1vel na admiss\u00e3o e no escape, oferecendo 90% do torque m\u00e1ximo (10,5 kgfm) j\u00e1 a 2.000 rpm. A pot\u00eancia \u00e9 de 82 cv com etanol.<br><br>A Renault aproveita o \u201cknow-how\u201d adquirido nas pistas da F\u00f3rmula 1, categoria na qual a marca j\u00e1 conquistou 12 t\u00edtulos mundiais, para garantir a m\u00e1xima efici\u00eancia de seus motores. Das pistas, veio a tecnologia ESM (Energy Smart Management) e a bomba de \u00f3leo com vaz\u00e3o vari\u00e1vel, que reduzem o consumo de combust\u00edvel. &nbsp;&nbsp;&nbsp;&nbsp;&nbsp;&nbsp;&nbsp;&nbsp;&nbsp;<\/p>\n\n\n\n<p>Confira abaixo os principais itens da s\u00e9rie especial S Edition:<br><strong>S Edition 1.0 (R$ 76.790):\u00a0<\/strong>Quatro airbags (dois frontais e dois laterais), Isofix, dire\u00e7\u00e3o eletro-hidr\u00e1ulica, ar-condicionado, ajustes de altura do banco e volante, computador de bordo, alarme, vidros el\u00e9tricos dianteiros com \u201cone touch\u201d, travas el\u00e9tricas, chave canivete e rodas de 15 polegadas, Media Evolution, quatro alto falantes e sensor de estacionamento. O Sandero S Edition est\u00e1 dispon\u00edvel nas seguintes cores: branco Glacier, prata \u00c9toile, preto Nacr\u00e9, vermelho Vivo e cinza Cassiop\u00e9e.\u00a0<\/p>\n\n\n\n<p><\/p><iframe allow=\"autoplay *; encrypted-media *; fullscreen *\" frameborder=\"0\" height=\"450\" style=\"width:100%;max-width:660px;overflow:hidden;background:transparent;\" sandbox=\"allow-forms allow-popups allow-same-origin allow-scripts allow-storage-access-by-user-activation allow-top-navigation-by-user-activation\" src=\"https:\/\/embed.podcasts.apple.com\/br\/podcast\/podcast-cidademarketing\/id1371923283\"><\/iframe>\n\n","protected":false},"excerpt":{"rendered":"<p>A Renault inicia as vendas do Sandero S Edition, s\u00e9rie especial que traz uma combina\u00e7\u00e3o atraente de conforto e design esportivo para o hatch, mantendo todas as caracter\u00edsticas que consagraram o modelo no mercado brasileiro, como o \u00f3timo espa\u00e7o interno, robustez e baixo custo de manuten\u00e7\u00e3o.\u00a0 Desde seu lan\u00e7amento no Brasil, o Renault Sandero busca [&hellip;]<\/p>\n","protected":false},"author":1,"featured_media":31529,"comment_status":"open","ping_status":"open","sticky":false,"template":"","format":"standard","meta":{"tdm_status":"","tdm_grid_status":"","footnotes":""},"categories":[6],"tags":[65,33,28,134,4866],"class_list":["post-31528","post","type-post","status-publish","format-standard","has-post-thumbnail","hentry","category-noticias","tag-campanha","tag-estrategia","tag-marketing","tag-renault","tag-sandero-s-edition"],"yoast_head":"<!-- This site is optimized with the Yoast SEO plugin v27.5 - https:\/\/yoast.com\/product\/yoast-seo-wordpress\/ -->\n<title>Renault lan\u00e7a Sandero S Edition - CidadeMarketing<\/title>\n<meta name=\"robots\" content=\"index, follow, max-snippet:-1, max-image-preview:large, max-video-preview:-1\" \/>\n<link rel=\"canonical\" href=\"https:\/\/www.cidademarketing.com.br\/marketing\/2021\/11\/07\/renault-lanca-sandero-s-edition\/\" \/>\n<meta property=\"og:locale\" content=\"pt_BR\" \/>\n<meta property=\"og:type\" content=\"article\" \/>\n<meta property=\"og:title\" content=\"Renault lan\u00e7a Sandero S Edition - CidadeMarketing\" \/>\n<meta property=\"og:description\" content=\"A Renault inicia as vendas do Sandero S Edition, s\u00e9rie especial que traz uma combina\u00e7\u00e3o atraente de conforto e design esportivo para o hatch, mantendo todas as caracter\u00edsticas que consagraram o modelo no mercado brasileiro, como o \u00f3timo espa\u00e7o interno, robustez e baixo custo de manuten\u00e7\u00e3o.\u00a0 Desde seu lan\u00e7amento no Brasil, o Renault Sandero busca [&hellip;]\" \/>\n<meta property=\"og:url\" content=\"https:\/\/www.cidademarketing.com.br\/marketing\/2021\/11\/07\/renault-lanca-sandero-s-edition\/\" \/>\n<meta property=\"og:site_name\" content=\"CidadeMarketing\" \/>\n<meta property=\"article:publisher\" content=\"https:\/\/www.facebook.com\/portalcidademarketing\" \/>\n<meta property=\"article:author\" content=\"https:\/\/www.facebook.com\/thalesbrandao\" \/>\n<meta property=\"article:published_time\" content=\"2021-11-08T00:19:18+00:00\" \/>\n<meta property=\"article:modified_time\" content=\"2021-11-08T00:19:20+00:00\" \/>\n<meta property=\"og:image\" content=\"https:\/\/www.cidademarketing.com.br\/marketing\/wp-content\/uploads\/2021\/11\/sandero_s_edition.jpg\" \/>\n\t<meta property=\"og:image:width\" content=\"698\" \/>\n\t<meta property=\"og:image:height\" content=\"392\" \/>\n\t<meta property=\"og:image:type\" content=\"image\/jpeg\" \/>\n<meta name=\"author\" content=\"Thales Brand\u00e3o\" \/>\n<meta name=\"twitter:card\" content=\"summary_large_image\" \/>\n<meta name=\"twitter:creator\" content=\"@http:\/\/www.twitter.com\/thalesbrandao\" \/>\n<meta name=\"twitter:site\" content=\"@CidadeMarketing\" \/>\n<meta name=\"twitter:label1\" content=\"Escrito por\" \/>\n\t<meta name=\"twitter:data1\" content=\"Thales Brand\u00e3o\" \/>\n\t<meta name=\"twitter:label2\" content=\"Est. tempo de leitura\" \/>\n\t<meta name=\"twitter:data2\" content=\"3 minutos\" \/>\n<script type=\"application\/ld+json\" class=\"yoast-schema-graph\">{\"@context\":\"https:\\\/\\\/schema.org\",\"@graph\":[{\"@type\":\"Article\",\"@id\":\"https:\\\/\\\/www.cidademarketing.com.br\\\/marketing\\\/2021\\\/11\\\/07\\\/renault-lanca-sandero-s-edition\\\/#article\",\"isPartOf\":{\"@id\":\"https:\\\/\\\/www.cidademarketing.com.br\\\/marketing\\\/2021\\\/11\\\/07\\\/renault-lanca-sandero-s-edition\\\/\"},\"author\":{\"name\":\"Thales Brand\u00e3o\",\"@id\":\"https:\\\/\\\/www.cidademarketing.com.br\\\/marketing\\\/#\\\/schema\\\/person\\\/02daff9f18bd9378c9e01eb6b2db155f\"},\"headline\":\"Renault lan\u00e7a Sandero S Edition\",\"datePublished\":\"2021-11-08T00:19:18+00:00\",\"dateModified\":\"2021-11-08T00:19:20+00:00\",\"mainEntityOfPage\":{\"@id\":\"https:\\\/\\\/www.cidademarketing.com.br\\\/marketing\\\/2021\\\/11\\\/07\\\/renault-lanca-sandero-s-edition\\\/\"},\"wordCount\":671,\"commentCount\":0,\"publisher\":{\"@id\":\"https:\\\/\\\/www.cidademarketing.com.br\\\/marketing\\\/#organization\"},\"image\":{\"@id\":\"https:\\\/\\\/www.cidademarketing.com.br\\\/marketing\\\/2021\\\/11\\\/07\\\/renault-lanca-sandero-s-edition\\\/#primaryimage\"},\"thumbnailUrl\":\"https:\\\/\\\/www.cidademarketing.com.br\\\/marketing\\\/wp-content\\\/uploads\\\/2021\\\/11\\\/sandero_s_edition.jpg\",\"keywords\":[\"campanha\",\"estrat\u00e9gia\",\"marketing\",\"Renault\",\"Sandero S Edition\"],\"articleSection\":[\"Not\u00edcias\"],\"inLanguage\":\"pt-BR\",\"potentialAction\":[{\"@type\":\"CommentAction\",\"name\":\"Comment\",\"target\":[\"https:\\\/\\\/www.cidademarketing.com.br\\\/marketing\\\/2021\\\/11\\\/07\\\/renault-lanca-sandero-s-edition\\\/#respond\"]}]},{\"@type\":\"WebPage\",\"@id\":\"https:\\\/\\\/www.cidademarketing.com.br\\\/marketing\\\/2021\\\/11\\\/07\\\/renault-lanca-sandero-s-edition\\\/\",\"url\":\"https:\\\/\\\/www.cidademarketing.com.br\\\/marketing\\\/2021\\\/11\\\/07\\\/renault-lanca-sandero-s-edition\\\/\",\"name\":\"Renault lan\u00e7a Sandero S Edition - CidadeMarketing\",\"isPartOf\":{\"@id\":\"https:\\\/\\\/www.cidademarketing.com.br\\\/marketing\\\/#website\"},\"primaryImageOfPage\":{\"@id\":\"https:\\\/\\\/www.cidademarketing.com.br\\\/marketing\\\/2021\\\/11\\\/07\\\/renault-lanca-sandero-s-edition\\\/#primaryimage\"},\"image\":{\"@id\":\"https:\\\/\\\/www.cidademarketing.com.br\\\/marketing\\\/2021\\\/11\\\/07\\\/renault-lanca-sandero-s-edition\\\/#primaryimage\"},\"thumbnailUrl\":\"https:\\\/\\\/www.cidademarketing.com.br\\\/marketing\\\/wp-content\\\/uploads\\\/2021\\\/11\\\/sandero_s_edition.jpg\",\"datePublished\":\"2021-11-08T00:19:18+00:00\",\"dateModified\":\"2021-11-08T00:19:20+00:00\",\"breadcrumb\":{\"@id\":\"https:\\\/\\\/www.cidademarketing.com.br\\\/marketing\\\/2021\\\/11\\\/07\\\/renault-lanca-sandero-s-edition\\\/#breadcrumb\"},\"inLanguage\":\"pt-BR\",\"potentialAction\":[{\"@type\":\"ReadAction\",\"target\":[\"https:\\\/\\\/www.cidademarketing.com.br\\\/marketing\\\/2021\\\/11\\\/07\\\/renault-lanca-sandero-s-edition\\\/\"]}]},{\"@type\":\"ImageObject\",\"inLanguage\":\"pt-BR\",\"@id\":\"https:\\\/\\\/www.cidademarketing.com.br\\\/marketing\\\/2021\\\/11\\\/07\\\/renault-lanca-sandero-s-edition\\\/#primaryimage\",\"url\":\"https:\\\/\\\/www.cidademarketing.com.br\\\/marketing\\\/wp-content\\\/uploads\\\/2021\\\/11\\\/sandero_s_edition.jpg\",\"contentUrl\":\"https:\\\/\\\/www.cidademarketing.com.br\\\/marketing\\\/wp-content\\\/uploads\\\/2021\\\/11\\\/sandero_s_edition.jpg\",\"width\":698,\"height\":392,\"caption\":\"Divulga\u00e7\u00e3o\"},{\"@type\":\"BreadcrumbList\",\"@id\":\"https:\\\/\\\/www.cidademarketing.com.br\\\/marketing\\\/2021\\\/11\\\/07\\\/renault-lanca-sandero-s-edition\\\/#breadcrumb\",\"itemListElement\":[{\"@type\":\"ListItem\",\"position\":1,\"name\":\"In\u00edcio\",\"item\":\"https:\\\/\\\/www.cidademarketing.com.br\\\/marketing\\\/\"},{\"@type\":\"ListItem\",\"position\":2,\"name\":\"Renault lan\u00e7a Sandero S Edition\"}]},{\"@type\":\"WebSite\",\"@id\":\"https:\\\/\\\/www.cidademarketing.com.br\\\/marketing\\\/#website\",\"url\":\"https:\\\/\\\/www.cidademarketing.com.br\\\/marketing\\\/\",\"name\":\"CidadeMarketing\",\"description\":\"Somos um ve\u00edculo de comunica\u00e7\u00e3o de destaque no Brasil, reconhecido por conte\u00fados nos segmentos de marketing, empreendedorismo e inova\u00e7\u00e3o.\",\"publisher\":{\"@id\":\"https:\\\/\\\/www.cidademarketing.com.br\\\/marketing\\\/#organization\"},\"alternateName\":\"CidadeMarketing\",\"potentialAction\":[{\"@type\":\"SearchAction\",\"target\":{\"@type\":\"EntryPoint\",\"urlTemplate\":\"https:\\\/\\\/www.cidademarketing.com.br\\\/marketing\\\/?s={search_term_string}\"},\"query-input\":{\"@type\":\"PropertyValueSpecification\",\"valueRequired\":true,\"valueName\":\"search_term_string\"}}],\"inLanguage\":\"pt-BR\"},{\"@type\":\"Organization\",\"@id\":\"https:\\\/\\\/www.cidademarketing.com.br\\\/marketing\\\/#organization\",\"name\":\"CidadeMarketing\",\"alternateName\":\"CidadeMarketing\",\"url\":\"https:\\\/\\\/www.cidademarketing.com.br\\\/marketing\\\/\",\"logo\":{\"@type\":\"ImageObject\",\"inLanguage\":\"pt-BR\",\"@id\":\"https:\\\/\\\/www.cidademarketing.com.br\\\/marketing\\\/#\\\/schema\\\/logo\\\/image\\\/\",\"url\":\"https:\\\/\\\/www.cidademarketing.com.br\\\/marketing\\\/wp-content\\\/uploads\\\/2020\\\/01\\\/cidademarketing_marca_mobile.png\",\"contentUrl\":\"https:\\\/\\\/www.cidademarketing.com.br\\\/marketing\\\/wp-content\\\/uploads\\\/2020\\\/01\\\/cidademarketing_marca_mobile.png\",\"width\":230,\"height\":92,\"caption\":\"CidadeMarketing\"},\"image\":{\"@id\":\"https:\\\/\\\/www.cidademarketing.com.br\\\/marketing\\\/#\\\/schema\\\/logo\\\/image\\\/\"},\"sameAs\":[\"https:\\\/\\\/www.facebook.com\\\/portalcidademarketing\",\"https:\\\/\\\/x.com\\\/CidadeMarketing\",\"https:\\\/\\\/www.instagram.com\\\/cidademarketing\\\/\"]},{\"@type\":\"Person\",\"@id\":\"https:\\\/\\\/www.cidademarketing.com.br\\\/marketing\\\/#\\\/schema\\\/person\\\/02daff9f18bd9378c9e01eb6b2db155f\",\"name\":\"Thales Brand\u00e3o\",\"image\":{\"@type\":\"ImageObject\",\"inLanguage\":\"pt-BR\",\"@id\":\"https:\\\/\\\/secure.gravatar.com\\\/avatar\\\/7ca3206950207cc3cb48feec56a8a7898741ab725c368d99d5d7a5a50aab80c6?s=96&d=mm&r=g\",\"url\":\"https:\\\/\\\/secure.gravatar.com\\\/avatar\\\/7ca3206950207cc3cb48feec56a8a7898741ab725c368d99d5d7a5a50aab80c6?s=96&d=mm&r=g\",\"contentUrl\":\"https:\\\/\\\/secure.gravatar.com\\\/avatar\\\/7ca3206950207cc3cb48feec56a8a7898741ab725c368d99d5d7a5a50aab80c6?s=96&d=mm&r=g\",\"caption\":\"Thales Brand\u00e3o\"},\"description\":\"Editor Executivo do Portal CidadeMarketing.com.br &gt; Mestre em Comunica\u00e7\u00e3o e Sociedade pela Universidade Federal de Sergipe. Possui MBA Executivo em Administra\u00e7\u00e3o com \u00eanfase em Marketing pela Funda\u00e7\u00e3o Get\u00falio Vargas - Rio de Janeiro. Consultor, Palestrante e Pesquisador sobre Empreendedorismo, Marketing, Redes Sociais e Neg\u00f3cios Digitais. Professor, Palestrante TedxTalks e Campus Party. Twitter: @ThalesBrandao\",\"sameAs\":[\"http:\\\/\\\/www.mandacaru.com.br\",\"https:\\\/\\\/www.facebook.com\\\/thalesbrandao\",\"http:\\\/\\\/www.instagram.com.br\\\/thalesbrandaoferreira\",\"https:\\\/\\\/www.linkedin.com\\\/in\\\/thales-brand\u00e3o-3948609\\\/\",\"https:\\\/\\\/x.com\\\/http:\\\/\\\/www.twitter.com\\\/thalesbrandao\"],\"url\":\"https:\\\/\\\/www.cidademarketing.com.br\\\/marketing\\\/author\\\/thalesbrandao\\\/\"}]}<\/script>\n<!-- \/ Yoast SEO plugin. -->","yoast_head_json":{"title":"Renault lan\u00e7a Sandero S Edition - CidadeMarketing","robots":{"index":"index","follow":"follow","max-snippet":"max-snippet:-1","max-image-preview":"max-image-preview:large","max-video-preview":"max-video-preview:-1"},"canonical":"https:\/\/www.cidademarketing.com.br\/marketing\/2021\/11\/07\/renault-lanca-sandero-s-edition\/","og_locale":"pt_BR","og_type":"article","og_title":"Renault lan\u00e7a Sandero S Edition - CidadeMarketing","og_description":"A Renault inicia as vendas do Sandero S Edition, s\u00e9rie especial que traz uma combina\u00e7\u00e3o atraente de conforto e design esportivo para o hatch, mantendo todas as caracter\u00edsticas que consagraram o modelo no mercado brasileiro, como o \u00f3timo espa\u00e7o interno, robustez e baixo custo de manuten\u00e7\u00e3o.\u00a0 Desde seu lan\u00e7amento no Brasil, o Renault Sandero busca [&hellip;]","og_url":"https:\/\/www.cidademarketing.com.br\/marketing\/2021\/11\/07\/renault-lanca-sandero-s-edition\/","og_site_name":"CidadeMarketing","article_publisher":"https:\/\/www.facebook.com\/portalcidademarketing","article_author":"https:\/\/www.facebook.com\/thalesbrandao","article_published_time":"2021-11-08T00:19:18+00:00","article_modified_time":"2021-11-08T00:19:20+00:00","og_image":[{"width":698,"height":392,"url":"https:\/\/www.cidademarketing.com.br\/marketing\/wp-content\/uploads\/2021\/11\/sandero_s_edition.jpg","type":"image\/jpeg"}],"author":"Thales Brand\u00e3o","twitter_card":"summary_large_image","twitter_creator":"@http:\/\/www.twitter.com\/thalesbrandao","twitter_site":"@CidadeMarketing","twitter_misc":{"Escrito por":"Thales Brand\u00e3o","Est. tempo de leitura":"3 minutos"},"schema":{"@context":"https:\/\/schema.org","@graph":[{"@type":"Article","@id":"https:\/\/www.cidademarketing.com.br\/marketing\/2021\/11\/07\/renault-lanca-sandero-s-edition\/#article","isPartOf":{"@id":"https:\/\/www.cidademarketing.com.br\/marketing\/2021\/11\/07\/renault-lanca-sandero-s-edition\/"},"author":{"name":"Thales Brand\u00e3o","@id":"https:\/\/www.cidademarketing.com.br\/marketing\/#\/schema\/person\/02daff9f18bd9378c9e01eb6b2db155f"},"headline":"Renault lan\u00e7a Sandero S Edition","datePublished":"2021-11-08T00:19:18+00:00","dateModified":"2021-11-08T00:19:20+00:00","mainEntityOfPage":{"@id":"https:\/\/www.cidademarketing.com.br\/marketing\/2021\/11\/07\/renault-lanca-sandero-s-edition\/"},"wordCount":671,"commentCount":0,"publisher":{"@id":"https:\/\/www.cidademarketing.com.br\/marketing\/#organization"},"image":{"@id":"https:\/\/www.cidademarketing.com.br\/marketing\/2021\/11\/07\/renault-lanca-sandero-s-edition\/#primaryimage"},"thumbnailUrl":"https:\/\/www.cidademarketing.com.br\/marketing\/wp-content\/uploads\/2021\/11\/sandero_s_edition.jpg","keywords":["campanha","estrat\u00e9gia","marketing","Renault","Sandero S Edition"],"articleSection":["Not\u00edcias"],"inLanguage":"pt-BR","potentialAction":[{"@type":"CommentAction","name":"Comment","target":["https:\/\/www.cidademarketing.com.br\/marketing\/2021\/11\/07\/renault-lanca-sandero-s-edition\/#respond"]}]},{"@type":"WebPage","@id":"https:\/\/www.cidademarketing.com.br\/marketing\/2021\/11\/07\/renault-lanca-sandero-s-edition\/","url":"https:\/\/www.cidademarketing.com.br\/marketing\/2021\/11\/07\/renault-lanca-sandero-s-edition\/","name":"Renault lan\u00e7a Sandero S Edition - CidadeMarketing","isPartOf":{"@id":"https:\/\/www.cidademarketing.com.br\/marketing\/#website"},"primaryImageOfPage":{"@id":"https:\/\/www.cidademarketing.com.br\/marketing\/2021\/11\/07\/renault-lanca-sandero-s-edition\/#primaryimage"},"image":{"@id":"https:\/\/www.cidademarketing.com.br\/marketing\/2021\/11\/07\/renault-lanca-sandero-s-edition\/#primaryimage"},"thumbnailUrl":"https:\/\/www.cidademarketing.com.br\/marketing\/wp-content\/uploads\/2021\/11\/sandero_s_edition.jpg","datePublished":"2021-11-08T00:19:18+00:00","dateModified":"2021-11-08T00:19:20+00:00","breadcrumb":{"@id":"https:\/\/www.cidademarketing.com.br\/marketing\/2021\/11\/07\/renault-lanca-sandero-s-edition\/#breadcrumb"},"inLanguage":"pt-BR","potentialAction":[{"@type":"ReadAction","target":["https:\/\/www.cidademarketing.com.br\/marketing\/2021\/11\/07\/renault-lanca-sandero-s-edition\/"]}]},{"@type":"ImageObject","inLanguage":"pt-BR","@id":"https:\/\/www.cidademarketing.com.br\/marketing\/2021\/11\/07\/renault-lanca-sandero-s-edition\/#primaryimage","url":"https:\/\/www.cidademarketing.com.br\/marketing\/wp-content\/uploads\/2021\/11\/sandero_s_edition.jpg","contentUrl":"https:\/\/www.cidademarketing.com.br\/marketing\/wp-content\/uploads\/2021\/11\/sandero_s_edition.jpg","width":698,"height":392,"caption":"Divulga\u00e7\u00e3o"},{"@type":"BreadcrumbList","@id":"https:\/\/www.cidademarketing.com.br\/marketing\/2021\/11\/07\/renault-lanca-sandero-s-edition\/#breadcrumb","itemListElement":[{"@type":"ListItem","position":1,"name":"In\u00edcio","item":"https:\/\/www.cidademarketing.com.br\/marketing\/"},{"@type":"ListItem","position":2,"name":"Renault lan\u00e7a Sandero S Edition"}]},{"@type":"WebSite","@id":"https:\/\/www.cidademarketing.com.br\/marketing\/#website","url":"https:\/\/www.cidademarketing.com.br\/marketing\/","name":"CidadeMarketing","description":"Somos um ve\u00edculo de comunica\u00e7\u00e3o de destaque no Brasil, reconhecido por conte\u00fados nos segmentos de marketing, empreendedorismo e inova\u00e7\u00e3o.","publisher":{"@id":"https:\/\/www.cidademarketing.com.br\/marketing\/#organization"},"alternateName":"CidadeMarketing","potentialAction":[{"@type":"SearchAction","target":{"@type":"EntryPoint","urlTemplate":"https:\/\/www.cidademarketing.com.br\/marketing\/?s={search_term_string}"},"query-input":{"@type":"PropertyValueSpecification","valueRequired":true,"valueName":"search_term_string"}}],"inLanguage":"pt-BR"},{"@type":"Organization","@id":"https:\/\/www.cidademarketing.com.br\/marketing\/#organization","name":"CidadeMarketing","alternateName":"CidadeMarketing","url":"https:\/\/www.cidademarketing.com.br\/marketing\/","logo":{"@type":"ImageObject","inLanguage":"pt-BR","@id":"https:\/\/www.cidademarketing.com.br\/marketing\/#\/schema\/logo\/image\/","url":"https:\/\/www.cidademarketing.com.br\/marketing\/wp-content\/uploads\/2020\/01\/cidademarketing_marca_mobile.png","contentUrl":"https:\/\/www.cidademarketing.com.br\/marketing\/wp-content\/uploads\/2020\/01\/cidademarketing_marca_mobile.png","width":230,"height":92,"caption":"CidadeMarketing"},"image":{"@id":"https:\/\/www.cidademarketing.com.br\/marketing\/#\/schema\/logo\/image\/"},"sameAs":["https:\/\/www.facebook.com\/portalcidademarketing","https:\/\/x.com\/CidadeMarketing","https:\/\/www.instagram.com\/cidademarketing\/"]},{"@type":"Person","@id":"https:\/\/www.cidademarketing.com.br\/marketing\/#\/schema\/person\/02daff9f18bd9378c9e01eb6b2db155f","name":"Thales Brand\u00e3o","image":{"@type":"ImageObject","inLanguage":"pt-BR","@id":"https:\/\/secure.gravatar.com\/avatar\/7ca3206950207cc3cb48feec56a8a7898741ab725c368d99d5d7a5a50aab80c6?s=96&d=mm&r=g","url":"https:\/\/secure.gravatar.com\/avatar\/7ca3206950207cc3cb48feec56a8a7898741ab725c368d99d5d7a5a50aab80c6?s=96&d=mm&r=g","contentUrl":"https:\/\/secure.gravatar.com\/avatar\/7ca3206950207cc3cb48feec56a8a7898741ab725c368d99d5d7a5a50aab80c6?s=96&d=mm&r=g","caption":"Thales Brand\u00e3o"},"description":"Editor Executivo do Portal CidadeMarketing.com.br &gt; Mestre em Comunica\u00e7\u00e3o e Sociedade pela Universidade Federal de Sergipe. Possui MBA Executivo em Administra\u00e7\u00e3o com \u00eanfase em Marketing pela Funda\u00e7\u00e3o Get\u00falio Vargas - Rio de Janeiro. Consultor, Palestrante e Pesquisador sobre Empreendedorismo, Marketing, Redes Sociais e Neg\u00f3cios Digitais. Professor, Palestrante TedxTalks e Campus Party. Twitter: @ThalesBrandao","sameAs":["http:\/\/www.mandacaru.com.br","https:\/\/www.facebook.com\/thalesbrandao","http:\/\/www.instagram.com.br\/thalesbrandaoferreira","https:\/\/www.linkedin.com\/in\/thales-brand\u00e3o-3948609\/","https:\/\/x.com\/http:\/\/www.twitter.com\/thalesbrandao"],"url":"https:\/\/www.cidademarketing.com.br\/marketing\/author\/thalesbrandao\/"}]}},"amp_enabled":true,"_links":{"self":[{"href":"https:\/\/www.cidademarketing.com.br\/marketing\/wp-json\/wp\/v2\/posts\/31528","targetHints":{"allow":["GET"]}}],"collection":[{"href":"https:\/\/www.cidademarketing.com.br\/marketing\/wp-json\/wp\/v2\/posts"}],"about":[{"href":"https:\/\/www.cidademarketing.com.br\/marketing\/wp-json\/wp\/v2\/types\/post"}],"author":[{"embeddable":true,"href":"https:\/\/www.cidademarketing.com.br\/marketing\/wp-json\/wp\/v2\/users\/1"}],"replies":[{"embeddable":true,"href":"https:\/\/www.cidademarketing.com.br\/marketing\/wp-json\/wp\/v2\/comments?post=31528"}],"version-history":[{"count":1,"href":"https:\/\/www.cidademarketing.com.br\/marketing\/wp-json\/wp\/v2\/posts\/31528\/revisions"}],"predecessor-version":[{"id":31530,"href":"https:\/\/www.cidademarketing.com.br\/marketing\/wp-json\/wp\/v2\/posts\/31528\/revisions\/31530"}],"wp:featuredmedia":[{"embeddable":true,"href":"https:\/\/www.cidademarketing.com.br\/marketing\/wp-json\/wp\/v2\/media\/31529"}],"wp:attachment":[{"href":"https:\/\/www.cidademarketing.com.br\/marketing\/wp-json\/wp\/v2\/media?parent=31528"}],"wp:term":[{"taxonomy":"category","embeddable":true,"href":"https:\/\/www.cidademarketing.com.br\/marketing\/wp-json\/wp\/v2\/categories?post=31528"},{"taxonomy":"post_tag","embeddable":true,"href":"https:\/\/www.cidademarketing.com.br\/marketing\/wp-json\/wp\/v2\/tags?post=31528"}],"curies":[{"name":"wp","href":"https:\/\/api.w.org\/{rel}","templated":true}]}}