{"id":3149,"date":"2018-11-20T01:58:43","date_gmt":"2018-11-20T03:58:43","guid":{"rendered":"http:\/\/www.cidademarketing.com.br\/marketing\/?p=3149"},"modified":"2018-11-20T01:58:43","modified_gmt":"2018-11-20T03:58:43","slug":"6o-premio-saint-gobain-de-arquitetura-habitat-sustentavel-tem-inscricoes-prorrogadas","status":"publish","type":"post","link":"https:\/\/www.cidademarketing.com.br\/marketing\/2018\/11\/20\/6o-premio-saint-gobain-de-arquitetura-habitat-sustentavel-tem-inscricoes-prorrogadas\/","title":{"rendered":"6\u00ba Pr\u00eamio Saint-Gobain de Arquitetura \u2013 Habitat Sustent\u00e1vel tem inscri\u00e7\u00f5es prorrogadas"},"content":{"rendered":"<p>Que tal terminar o ano com chance de receber uma das mais importantes premia\u00e7\u00f5es voltadas para a \u00e1rea de Arquitetura? O\u00a0<strong>6\u00ba Pr\u00eamio Saint-Gobain de Arquitetura \u2013 Habitat Sustent\u00e1vel<\/strong>\u00a0resolveu dar mais uma oportunidade para aqueles que ainda n\u00e3o inscreveram seus projetos e o<strong>prazo foi prorrogado at\u00e9 o dia 28 de novembro<\/strong>. Para participar, basta acessar o site\u00a0<a href=\"http:\/\/www.premiosaintgobain.com.br\/\" target=\"_blank\" rel=\"noopener\" data-auth=\"NotApplicable\">www.premiosaintgobain.com.br<\/a>. As cinco primeiras edi\u00e7\u00f5es contaram com mais de 2 mil inscri\u00e7\u00f5es, sendo 57% de profissionais e 43% de estudantes de Arquitetura.<\/p>\n<p>&nbsp;<\/p>\n<div class=\"youtube-embed\" data-video_id=\"cB5tPtSAMzE\"><iframe title=\"Pr\u00eamio Saint-Gobain de Arquitetura 2018 - Melhores momentos da premia\u00e7\u00e3o\" width=\"640\" height=\"360\" src=\"https:\/\/www.youtube.com\/embed\/cB5tPtSAMzE?feature=oembed&#038;enablejsapi=1\" frameborder=\"0\" allow=\"accelerometer; autoplay; clipboard-write; encrypted-media; gyroscope; picture-in-picture; web-share\" referrerpolicy=\"strict-origin-when-cross-origin\" allowfullscreen><\/iframe><\/div>\n<p>Os diversos confortos de uma edifica\u00e7\u00e3o \u2012 t\u00e9rmico, ac\u00fastico, visual, modular e de sa\u00fade \u2012 s\u00e3o temas centrais do pr\u00eamio, aliados ao uso da inova\u00e7\u00e3o e sustentabilidade das solu\u00e7\u00f5es construtivas.\u00a0<em>\u201cQueremos ver como os profissionais e os estudantes est\u00e3o pensando essas frentes que j\u00e1 fazem parte do nosso tempo. S\u00e3o atributos que j\u00e1 n\u00e3o podem mais ser desconsiderados na hora de se pensar um projeto. Por isso, \u00e9 muito importante que os concorrentes nos tragam diferenciais na escolha de materiais e nos processos construtivos\u201d,\u00a0<\/em>explica<strong>Thierry Fournier, CEO da Saint-Gobain para o Brasil, Argentina e Chile<\/strong>.<\/p>\n<p><strong>Categorias<\/strong><\/p>\n<p>Na\u00a0<strong>categoria Profissional<\/strong>, modalidades Projeto e Edifica\u00e7\u00e3o, podem ser inscritos projetos voltados para constru\u00e7\u00f5es Residenciais, Comerciais ou Institucionais. O\u00a0<strong>6\u00ba Pr\u00eamio Saint-Gobain de Arquitetura \u2013 Habitat Sustent\u00e1vel<\/strong>\u00a0tamb\u00e9m \u00e9 uma oportunidade para os\u00a0<strong>estudantes<\/strong>\u00a0apresentarem seus trabalhos de conclus\u00e3o de curso para um j\u00fari seleto e especializado, tendo a chance de se destacarem logo no in\u00edcio da carreira. Eles podem concorrer individualmente ou em equipe. Tamb\u00e9m \u00e9 poss\u00edvel participar com outro projeto desenvolvido durante a gradua\u00e7\u00e3o ou especialmente para o Pr\u00eamio, que esteja de acordo com o regulamento.<\/p>\n<p>Com reconhecimentos que somam mais de\u00a0R$\u00a0300 mil, a premia\u00e7\u00e3o selecionar\u00e1 25 projetos vencedores nas duas categorias. Entre todos os 70 finalistas, ser\u00e3o ainda escolhidos os\u00a0<strong>Destaques em Conforto, Inova\u00e7\u00e3o e Sustentabilidade<\/strong>. E, entre os vencedores, o\u00a0<strong>Melhor Projeto da Edi\u00e7\u00e3o<\/strong>\u00a0ser\u00e1 contemplado com uma viagem internacional com acompanhante. O resultado ser\u00e1 anunciado em mar\u00e7o de 2019, durante a Expo Revestir, em S\u00e3o Paulo.<\/p>\n<p><strong>SERVI\u00c7O<\/strong><\/p>\n<p><strong>6\u00ba Pr\u00eamio Saint-Gobain de Arquitetura \u2013 Habitat Sustent\u00e1vel<\/strong><\/p>\n<p><strong>Inscri\u00e7\u00f5es:<\/strong>\u00a0at\u00e9 28 de novembro de 2018<\/p>\n<p><strong>Site:<\/strong>\u00a0\u00a0<a href=\"http:\/\/www.premiosaintgobain.com.br\/\" target=\"_blank\" rel=\"noopener\" data-auth=\"NotApplicable\">www.premiosaintgobain.com.br<\/a><\/p>\n<p><strong>Premia\u00e7\u00e3o:<\/strong>\u00a0mar\u00e7o de 2019<\/p>\n","protected":false},"excerpt":{"rendered":"<p>Que tal terminar o ano com chance de receber uma das mais importantes premia\u00e7\u00f5es voltadas para a \u00e1rea de Arquitetura? O\u00a06\u00ba Pr\u00eamio Saint-Gobain de Arquitetura \u2013 Habitat Sustent\u00e1vel\u00a0resolveu dar mais uma oportunidade para aqueles que ainda n\u00e3o inscreveram seus projetos e oprazo foi prorrogado at\u00e9 o dia 28 de novembro. Para participar, basta acessar o [&hellip;]<\/p>\n","protected":false},"author":1,"featured_media":3150,"comment_status":"open","ping_status":"open","sticky":false,"template":"","format":"video","meta":{"tdm_status":"","tdm_grid_status":"","footnotes":""},"categories":[14],"tags":[689,28,688,687,176],"class_list":["post-3149","post","type-post","status-publish","format-video","has-post-thumbnail","hentry","category-videos","tag-coca","tag-marketing","tag-premiacao","tag-saint-gobain","tag-sustentabilidade","post_format-post-format-video"],"yoast_head":"<!-- This site is optimized with the Yoast SEO plugin v27.5 - https:\/\/yoast.com\/product\/yoast-seo-wordpress\/ -->\n<title>6\u00ba Pr\u00eamio Saint-Gobain de Arquitetura \u2013 Habitat Sustent\u00e1vel tem inscri\u00e7\u00f5es prorrogadas - CidadeMarketing<\/title>\n<meta name=\"robots\" content=\"index, follow, max-snippet:-1, max-image-preview:large, max-video-preview:-1\" \/>\n<link rel=\"canonical\" href=\"https:\/\/www.cidademarketing.com.br\/marketing\/2018\/11\/20\/6o-premio-saint-gobain-de-arquitetura-habitat-sustentavel-tem-inscricoes-prorrogadas\/\" \/>\n<meta property=\"og:locale\" content=\"pt_BR\" \/>\n<meta property=\"og:type\" content=\"article\" \/>\n<meta property=\"og:title\" content=\"6\u00ba Pr\u00eamio Saint-Gobain de Arquitetura \u2013 Habitat Sustent\u00e1vel tem inscri\u00e7\u00f5es prorrogadas - CidadeMarketing\" \/>\n<meta property=\"og:description\" content=\"Que tal terminar o ano com chance de receber uma das mais importantes premia\u00e7\u00f5es voltadas para a \u00e1rea de Arquitetura? O\u00a06\u00ba Pr\u00eamio Saint-Gobain de Arquitetura \u2013 Habitat Sustent\u00e1vel\u00a0resolveu dar mais uma oportunidade para aqueles que ainda n\u00e3o inscreveram seus projetos e oprazo foi prorrogado at\u00e9 o dia 28 de novembro. Para participar, basta acessar o [&hellip;]\" \/>\n<meta property=\"og:url\" content=\"https:\/\/www.cidademarketing.com.br\/marketing\/2018\/11\/20\/6o-premio-saint-gobain-de-arquitetura-habitat-sustentavel-tem-inscricoes-prorrogadas\/\" \/>\n<meta property=\"og:site_name\" content=\"CidadeMarketing\" \/>\n<meta property=\"article:publisher\" content=\"https:\/\/www.facebook.com\/portalcidademarketing\" \/>\n<meta property=\"article:author\" content=\"https:\/\/www.facebook.com\/thalesbrandao\" \/>\n<meta property=\"article:published_time\" content=\"2018-11-20T03:58:43+00:00\" \/>\n<meta property=\"og:image\" content=\"https:\/\/www.cidademarketing.com.br\/marketing\/wp-content\/uploads\/2018\/11\/premio_arquiteturasustentavel.jpg\" \/>\n\t<meta property=\"og:image:width\" content=\"659\" \/>\n\t<meta property=\"og:image:height\" content=\"842\" \/>\n\t<meta property=\"og:image:type\" content=\"image\/jpeg\" \/>\n<meta name=\"author\" content=\"Thales Brand\u00e3o\" \/>\n<meta name=\"twitter:card\" content=\"summary_large_image\" \/>\n<meta name=\"twitter:creator\" content=\"@http:\/\/www.twitter.com\/thalesbrandao\" \/>\n<meta name=\"twitter:site\" content=\"@CidadeMarketing\" \/>\n<meta name=\"twitter:label1\" content=\"Escrito por\" \/>\n\t<meta name=\"twitter:data1\" content=\"Thales Brand\u00e3o\" \/>\n\t<meta name=\"twitter:label2\" content=\"Est. tempo de leitura\" \/>\n\t<meta name=\"twitter:data2\" content=\"2 minutos\" \/>\n<script type=\"application\/ld+json\" class=\"yoast-schema-graph\">{\"@context\":\"https:\\\/\\\/schema.org\",\"@graph\":[{\"@type\":\"Article\",\"@id\":\"https:\\\/\\\/www.cidademarketing.com.br\\\/marketing\\\/2018\\\/11\\\/20\\\/6o-premio-saint-gobain-de-arquitetura-habitat-sustentavel-tem-inscricoes-prorrogadas\\\/#article\",\"isPartOf\":{\"@id\":\"https:\\\/\\\/www.cidademarketing.com.br\\\/marketing\\\/2018\\\/11\\\/20\\\/6o-premio-saint-gobain-de-arquitetura-habitat-sustentavel-tem-inscricoes-prorrogadas\\\/\"},\"author\":{\"name\":\"Thales Brand\u00e3o\",\"@id\":\"https:\\\/\\\/www.cidademarketing.com.br\\\/marketing\\\/#\\\/schema\\\/person\\\/02daff9f18bd9378c9e01eb6b2db155f\"},\"headline\":\"6\u00ba Pr\u00eamio Saint-Gobain de Arquitetura \u2013 Habitat Sustent\u00e1vel tem inscri\u00e7\u00f5es prorrogadas\",\"datePublished\":\"2018-11-20T03:58:43+00:00\",\"mainEntityOfPage\":{\"@id\":\"https:\\\/\\\/www.cidademarketing.com.br\\\/marketing\\\/2018\\\/11\\\/20\\\/6o-premio-saint-gobain-de-arquitetura-habitat-sustentavel-tem-inscricoes-prorrogadas\\\/\"},\"wordCount\":399,\"commentCount\":0,\"publisher\":{\"@id\":\"https:\\\/\\\/www.cidademarketing.com.br\\\/marketing\\\/#organization\"},\"image\":{\"@id\":\"https:\\\/\\\/www.cidademarketing.com.br\\\/marketing\\\/2018\\\/11\\\/20\\\/6o-premio-saint-gobain-de-arquitetura-habitat-sustentavel-tem-inscricoes-prorrogadas\\\/#primaryimage\"},\"thumbnailUrl\":\"https:\\\/\\\/www.cidademarketing.com.br\\\/marketing\\\/wp-content\\\/uploads\\\/2018\\\/11\\\/premio_arquiteturasustentavel.jpg\",\"keywords\":[\"coca\",\"marketing\",\"premia\u00e7\u00e3o\",\"Saint-Gobain\",\"sustentabilidade\"],\"articleSection\":[\"Videos\"],\"inLanguage\":\"pt-BR\",\"potentialAction\":[{\"@type\":\"CommentAction\",\"name\":\"Comment\",\"target\":[\"https:\\\/\\\/www.cidademarketing.com.br\\\/marketing\\\/2018\\\/11\\\/20\\\/6o-premio-saint-gobain-de-arquitetura-habitat-sustentavel-tem-inscricoes-prorrogadas\\\/#respond\"]}]},{\"@type\":\"WebPage\",\"@id\":\"https:\\\/\\\/www.cidademarketing.com.br\\\/marketing\\\/2018\\\/11\\\/20\\\/6o-premio-saint-gobain-de-arquitetura-habitat-sustentavel-tem-inscricoes-prorrogadas\\\/\",\"url\":\"https:\\\/\\\/www.cidademarketing.com.br\\\/marketing\\\/2018\\\/11\\\/20\\\/6o-premio-saint-gobain-de-arquitetura-habitat-sustentavel-tem-inscricoes-prorrogadas\\\/\",\"name\":\"6\u00ba Pr\u00eamio Saint-Gobain de Arquitetura \u2013 Habitat Sustent\u00e1vel tem inscri\u00e7\u00f5es prorrogadas - CidadeMarketing\",\"isPartOf\":{\"@id\":\"https:\\\/\\\/www.cidademarketing.com.br\\\/marketing\\\/#website\"},\"primaryImageOfPage\":{\"@id\":\"https:\\\/\\\/www.cidademarketing.com.br\\\/marketing\\\/2018\\\/11\\\/20\\\/6o-premio-saint-gobain-de-arquitetura-habitat-sustentavel-tem-inscricoes-prorrogadas\\\/#primaryimage\"},\"image\":{\"@id\":\"https:\\\/\\\/www.cidademarketing.com.br\\\/marketing\\\/2018\\\/11\\\/20\\\/6o-premio-saint-gobain-de-arquitetura-habitat-sustentavel-tem-inscricoes-prorrogadas\\\/#primaryimage\"},\"thumbnailUrl\":\"https:\\\/\\\/www.cidademarketing.com.br\\\/marketing\\\/wp-content\\\/uploads\\\/2018\\\/11\\\/premio_arquiteturasustentavel.jpg\",\"datePublished\":\"2018-11-20T03:58:43+00:00\",\"breadcrumb\":{\"@id\":\"https:\\\/\\\/www.cidademarketing.com.br\\\/marketing\\\/2018\\\/11\\\/20\\\/6o-premio-saint-gobain-de-arquitetura-habitat-sustentavel-tem-inscricoes-prorrogadas\\\/#breadcrumb\"},\"inLanguage\":\"pt-BR\",\"potentialAction\":[{\"@type\":\"ReadAction\",\"target\":[\"https:\\\/\\\/www.cidademarketing.com.br\\\/marketing\\\/2018\\\/11\\\/20\\\/6o-premio-saint-gobain-de-arquitetura-habitat-sustentavel-tem-inscricoes-prorrogadas\\\/\"]}]},{\"@type\":\"ImageObject\",\"inLanguage\":\"pt-BR\",\"@id\":\"https:\\\/\\\/www.cidademarketing.com.br\\\/marketing\\\/2018\\\/11\\\/20\\\/6o-premio-saint-gobain-de-arquitetura-habitat-sustentavel-tem-inscricoes-prorrogadas\\\/#primaryimage\",\"url\":\"https:\\\/\\\/www.cidademarketing.com.br\\\/marketing\\\/wp-content\\\/uploads\\\/2018\\\/11\\\/premio_arquiteturasustentavel.jpg\",\"contentUrl\":\"https:\\\/\\\/www.cidademarketing.com.br\\\/marketing\\\/wp-content\\\/uploads\\\/2018\\\/11\\\/premio_arquiteturasustentavel.jpg\",\"width\":659,\"height\":842},{\"@type\":\"BreadcrumbList\",\"@id\":\"https:\\\/\\\/www.cidademarketing.com.br\\\/marketing\\\/2018\\\/11\\\/20\\\/6o-premio-saint-gobain-de-arquitetura-habitat-sustentavel-tem-inscricoes-prorrogadas\\\/#breadcrumb\",\"itemListElement\":[{\"@type\":\"ListItem\",\"position\":1,\"name\":\"In\u00edcio\",\"item\":\"https:\\\/\\\/www.cidademarketing.com.br\\\/marketing\\\/\"},{\"@type\":\"ListItem\",\"position\":2,\"name\":\"6\u00ba Pr\u00eamio Saint-Gobain de Arquitetura \u2013 Habitat Sustent\u00e1vel tem inscri\u00e7\u00f5es prorrogadas\"}]},{\"@type\":\"WebSite\",\"@id\":\"https:\\\/\\\/www.cidademarketing.com.br\\\/marketing\\\/#website\",\"url\":\"https:\\\/\\\/www.cidademarketing.com.br\\\/marketing\\\/\",\"name\":\"CidadeMarketing\",\"description\":\"Somos um ve\u00edculo de comunica\u00e7\u00e3o de destaque no Brasil, reconhecido por conte\u00fados nos segmentos de marketing, empreendedorismo e inova\u00e7\u00e3o.\",\"publisher\":{\"@id\":\"https:\\\/\\\/www.cidademarketing.com.br\\\/marketing\\\/#organization\"},\"alternateName\":\"CidadeMarketing\",\"potentialAction\":[{\"@type\":\"SearchAction\",\"target\":{\"@type\":\"EntryPoint\",\"urlTemplate\":\"https:\\\/\\\/www.cidademarketing.com.br\\\/marketing\\\/?s={search_term_string}\"},\"query-input\":{\"@type\":\"PropertyValueSpecification\",\"valueRequired\":true,\"valueName\":\"search_term_string\"}}],\"inLanguage\":\"pt-BR\"},{\"@type\":\"Organization\",\"@id\":\"https:\\\/\\\/www.cidademarketing.com.br\\\/marketing\\\/#organization\",\"name\":\"CidadeMarketing\",\"alternateName\":\"CidadeMarketing\",\"url\":\"https:\\\/\\\/www.cidademarketing.com.br\\\/marketing\\\/\",\"logo\":{\"@type\":\"ImageObject\",\"inLanguage\":\"pt-BR\",\"@id\":\"https:\\\/\\\/www.cidademarketing.com.br\\\/marketing\\\/#\\\/schema\\\/logo\\\/image\\\/\",\"url\":\"https:\\\/\\\/www.cidademarketing.com.br\\\/marketing\\\/wp-content\\\/uploads\\\/2020\\\/01\\\/cidademarketing_marca_mobile.png\",\"contentUrl\":\"https:\\\/\\\/www.cidademarketing.com.br\\\/marketing\\\/wp-content\\\/uploads\\\/2020\\\/01\\\/cidademarketing_marca_mobile.png\",\"width\":230,\"height\":92,\"caption\":\"CidadeMarketing\"},\"image\":{\"@id\":\"https:\\\/\\\/www.cidademarketing.com.br\\\/marketing\\\/#\\\/schema\\\/logo\\\/image\\\/\"},\"sameAs\":[\"https:\\\/\\\/www.facebook.com\\\/portalcidademarketing\",\"https:\\\/\\\/x.com\\\/CidadeMarketing\",\"https:\\\/\\\/www.instagram.com\\\/cidademarketing\\\/\"]},{\"@type\":\"Person\",\"@id\":\"https:\\\/\\\/www.cidademarketing.com.br\\\/marketing\\\/#\\\/schema\\\/person\\\/02daff9f18bd9378c9e01eb6b2db155f\",\"name\":\"Thales Brand\u00e3o\",\"image\":{\"@type\":\"ImageObject\",\"inLanguage\":\"pt-BR\",\"@id\":\"https:\\\/\\\/secure.gravatar.com\\\/avatar\\\/7ca3206950207cc3cb48feec56a8a7898741ab725c368d99d5d7a5a50aab80c6?s=96&d=mm&r=g\",\"url\":\"https:\\\/\\\/secure.gravatar.com\\\/avatar\\\/7ca3206950207cc3cb48feec56a8a7898741ab725c368d99d5d7a5a50aab80c6?s=96&d=mm&r=g\",\"contentUrl\":\"https:\\\/\\\/secure.gravatar.com\\\/avatar\\\/7ca3206950207cc3cb48feec56a8a7898741ab725c368d99d5d7a5a50aab80c6?s=96&d=mm&r=g\",\"caption\":\"Thales Brand\u00e3o\"},\"description\":\"Editor Executivo do Portal CidadeMarketing.com.br &gt; Mestre em Comunica\u00e7\u00e3o e Sociedade pela Universidade Federal de Sergipe. Possui MBA Executivo em Administra\u00e7\u00e3o com \u00eanfase em Marketing pela Funda\u00e7\u00e3o Get\u00falio Vargas - Rio de Janeiro. Consultor, Palestrante e Pesquisador sobre Empreendedorismo, Marketing, Redes Sociais e Neg\u00f3cios Digitais. Professor, Palestrante TedxTalks e Campus Party. Twitter: @ThalesBrandao\",\"sameAs\":[\"http:\\\/\\\/www.mandacaru.com.br\",\"https:\\\/\\\/www.facebook.com\\\/thalesbrandao\",\"http:\\\/\\\/www.instagram.com.br\\\/thalesbrandaoferreira\",\"https:\\\/\\\/www.linkedin.com\\\/in\\\/thales-brand\u00e3o-3948609\\\/\",\"https:\\\/\\\/x.com\\\/http:\\\/\\\/www.twitter.com\\\/thalesbrandao\"],\"url\":\"https:\\\/\\\/www.cidademarketing.com.br\\\/marketing\\\/author\\\/thalesbrandao\\\/\"}]}<\/script>\n<!-- \/ Yoast SEO plugin. -->","yoast_head_json":{"title":"6\u00ba Pr\u00eamio Saint-Gobain de Arquitetura \u2013 Habitat Sustent\u00e1vel tem inscri\u00e7\u00f5es prorrogadas - CidadeMarketing","robots":{"index":"index","follow":"follow","max-snippet":"max-snippet:-1","max-image-preview":"max-image-preview:large","max-video-preview":"max-video-preview:-1"},"canonical":"https:\/\/www.cidademarketing.com.br\/marketing\/2018\/11\/20\/6o-premio-saint-gobain-de-arquitetura-habitat-sustentavel-tem-inscricoes-prorrogadas\/","og_locale":"pt_BR","og_type":"article","og_title":"6\u00ba Pr\u00eamio Saint-Gobain de Arquitetura \u2013 Habitat Sustent\u00e1vel tem inscri\u00e7\u00f5es prorrogadas - CidadeMarketing","og_description":"Que tal terminar o ano com chance de receber uma das mais importantes premia\u00e7\u00f5es voltadas para a \u00e1rea de Arquitetura? O\u00a06\u00ba Pr\u00eamio Saint-Gobain de Arquitetura \u2013 Habitat Sustent\u00e1vel\u00a0resolveu dar mais uma oportunidade para aqueles que ainda n\u00e3o inscreveram seus projetos e oprazo foi prorrogado at\u00e9 o dia 28 de novembro. Para participar, basta acessar o [&hellip;]","og_url":"https:\/\/www.cidademarketing.com.br\/marketing\/2018\/11\/20\/6o-premio-saint-gobain-de-arquitetura-habitat-sustentavel-tem-inscricoes-prorrogadas\/","og_site_name":"CidadeMarketing","article_publisher":"https:\/\/www.facebook.com\/portalcidademarketing","article_author":"https:\/\/www.facebook.com\/thalesbrandao","article_published_time":"2018-11-20T03:58:43+00:00","og_image":[{"width":659,"height":842,"url":"https:\/\/www.cidademarketing.com.br\/marketing\/wp-content\/uploads\/2018\/11\/premio_arquiteturasustentavel.jpg","type":"image\/jpeg"}],"author":"Thales Brand\u00e3o","twitter_card":"summary_large_image","twitter_creator":"@http:\/\/www.twitter.com\/thalesbrandao","twitter_site":"@CidadeMarketing","twitter_misc":{"Escrito por":"Thales Brand\u00e3o","Est. tempo de leitura":"2 minutos"},"schema":{"@context":"https:\/\/schema.org","@graph":[{"@type":"Article","@id":"https:\/\/www.cidademarketing.com.br\/marketing\/2018\/11\/20\/6o-premio-saint-gobain-de-arquitetura-habitat-sustentavel-tem-inscricoes-prorrogadas\/#article","isPartOf":{"@id":"https:\/\/www.cidademarketing.com.br\/marketing\/2018\/11\/20\/6o-premio-saint-gobain-de-arquitetura-habitat-sustentavel-tem-inscricoes-prorrogadas\/"},"author":{"name":"Thales Brand\u00e3o","@id":"https:\/\/www.cidademarketing.com.br\/marketing\/#\/schema\/person\/02daff9f18bd9378c9e01eb6b2db155f"},"headline":"6\u00ba Pr\u00eamio Saint-Gobain de Arquitetura \u2013 Habitat Sustent\u00e1vel tem inscri\u00e7\u00f5es prorrogadas","datePublished":"2018-11-20T03:58:43+00:00","mainEntityOfPage":{"@id":"https:\/\/www.cidademarketing.com.br\/marketing\/2018\/11\/20\/6o-premio-saint-gobain-de-arquitetura-habitat-sustentavel-tem-inscricoes-prorrogadas\/"},"wordCount":399,"commentCount":0,"publisher":{"@id":"https:\/\/www.cidademarketing.com.br\/marketing\/#organization"},"image":{"@id":"https:\/\/www.cidademarketing.com.br\/marketing\/2018\/11\/20\/6o-premio-saint-gobain-de-arquitetura-habitat-sustentavel-tem-inscricoes-prorrogadas\/#primaryimage"},"thumbnailUrl":"https:\/\/www.cidademarketing.com.br\/marketing\/wp-content\/uploads\/2018\/11\/premio_arquiteturasustentavel.jpg","keywords":["coca","marketing","premia\u00e7\u00e3o","Saint-Gobain","sustentabilidade"],"articleSection":["Videos"],"inLanguage":"pt-BR","potentialAction":[{"@type":"CommentAction","name":"Comment","target":["https:\/\/www.cidademarketing.com.br\/marketing\/2018\/11\/20\/6o-premio-saint-gobain-de-arquitetura-habitat-sustentavel-tem-inscricoes-prorrogadas\/#respond"]}]},{"@type":"WebPage","@id":"https:\/\/www.cidademarketing.com.br\/marketing\/2018\/11\/20\/6o-premio-saint-gobain-de-arquitetura-habitat-sustentavel-tem-inscricoes-prorrogadas\/","url":"https:\/\/www.cidademarketing.com.br\/marketing\/2018\/11\/20\/6o-premio-saint-gobain-de-arquitetura-habitat-sustentavel-tem-inscricoes-prorrogadas\/","name":"6\u00ba Pr\u00eamio Saint-Gobain de Arquitetura \u2013 Habitat Sustent\u00e1vel tem inscri\u00e7\u00f5es prorrogadas - CidadeMarketing","isPartOf":{"@id":"https:\/\/www.cidademarketing.com.br\/marketing\/#website"},"primaryImageOfPage":{"@id":"https:\/\/www.cidademarketing.com.br\/marketing\/2018\/11\/20\/6o-premio-saint-gobain-de-arquitetura-habitat-sustentavel-tem-inscricoes-prorrogadas\/#primaryimage"},"image":{"@id":"https:\/\/www.cidademarketing.com.br\/marketing\/2018\/11\/20\/6o-premio-saint-gobain-de-arquitetura-habitat-sustentavel-tem-inscricoes-prorrogadas\/#primaryimage"},"thumbnailUrl":"https:\/\/www.cidademarketing.com.br\/marketing\/wp-content\/uploads\/2018\/11\/premio_arquiteturasustentavel.jpg","datePublished":"2018-11-20T03:58:43+00:00","breadcrumb":{"@id":"https:\/\/www.cidademarketing.com.br\/marketing\/2018\/11\/20\/6o-premio-saint-gobain-de-arquitetura-habitat-sustentavel-tem-inscricoes-prorrogadas\/#breadcrumb"},"inLanguage":"pt-BR","potentialAction":[{"@type":"ReadAction","target":["https:\/\/www.cidademarketing.com.br\/marketing\/2018\/11\/20\/6o-premio-saint-gobain-de-arquitetura-habitat-sustentavel-tem-inscricoes-prorrogadas\/"]}]},{"@type":"ImageObject","inLanguage":"pt-BR","@id":"https:\/\/www.cidademarketing.com.br\/marketing\/2018\/11\/20\/6o-premio-saint-gobain-de-arquitetura-habitat-sustentavel-tem-inscricoes-prorrogadas\/#primaryimage","url":"https:\/\/www.cidademarketing.com.br\/marketing\/wp-content\/uploads\/2018\/11\/premio_arquiteturasustentavel.jpg","contentUrl":"https:\/\/www.cidademarketing.com.br\/marketing\/wp-content\/uploads\/2018\/11\/premio_arquiteturasustentavel.jpg","width":659,"height":842},{"@type":"BreadcrumbList","@id":"https:\/\/www.cidademarketing.com.br\/marketing\/2018\/11\/20\/6o-premio-saint-gobain-de-arquitetura-habitat-sustentavel-tem-inscricoes-prorrogadas\/#breadcrumb","itemListElement":[{"@type":"ListItem","position":1,"name":"In\u00edcio","item":"https:\/\/www.cidademarketing.com.br\/marketing\/"},{"@type":"ListItem","position":2,"name":"6\u00ba Pr\u00eamio Saint-Gobain de Arquitetura \u2013 Habitat Sustent\u00e1vel tem inscri\u00e7\u00f5es prorrogadas"}]},{"@type":"WebSite","@id":"https:\/\/www.cidademarketing.com.br\/marketing\/#website","url":"https:\/\/www.cidademarketing.com.br\/marketing\/","name":"CidadeMarketing","description":"Somos um ve\u00edculo de comunica\u00e7\u00e3o de destaque no Brasil, reconhecido por conte\u00fados nos segmentos de marketing, empreendedorismo e inova\u00e7\u00e3o.","publisher":{"@id":"https:\/\/www.cidademarketing.com.br\/marketing\/#organization"},"alternateName":"CidadeMarketing","potentialAction":[{"@type":"SearchAction","target":{"@type":"EntryPoint","urlTemplate":"https:\/\/www.cidademarketing.com.br\/marketing\/?s={search_term_string}"},"query-input":{"@type":"PropertyValueSpecification","valueRequired":true,"valueName":"search_term_string"}}],"inLanguage":"pt-BR"},{"@type":"Organization","@id":"https:\/\/www.cidademarketing.com.br\/marketing\/#organization","name":"CidadeMarketing","alternateName":"CidadeMarketing","url":"https:\/\/www.cidademarketing.com.br\/marketing\/","logo":{"@type":"ImageObject","inLanguage":"pt-BR","@id":"https:\/\/www.cidademarketing.com.br\/marketing\/#\/schema\/logo\/image\/","url":"https:\/\/www.cidademarketing.com.br\/marketing\/wp-content\/uploads\/2020\/01\/cidademarketing_marca_mobile.png","contentUrl":"https:\/\/www.cidademarketing.com.br\/marketing\/wp-content\/uploads\/2020\/01\/cidademarketing_marca_mobile.png","width":230,"height":92,"caption":"CidadeMarketing"},"image":{"@id":"https:\/\/www.cidademarketing.com.br\/marketing\/#\/schema\/logo\/image\/"},"sameAs":["https:\/\/www.facebook.com\/portalcidademarketing","https:\/\/x.com\/CidadeMarketing","https:\/\/www.instagram.com\/cidademarketing\/"]},{"@type":"Person","@id":"https:\/\/www.cidademarketing.com.br\/marketing\/#\/schema\/person\/02daff9f18bd9378c9e01eb6b2db155f","name":"Thales Brand\u00e3o","image":{"@type":"ImageObject","inLanguage":"pt-BR","@id":"https:\/\/secure.gravatar.com\/avatar\/7ca3206950207cc3cb48feec56a8a7898741ab725c368d99d5d7a5a50aab80c6?s=96&d=mm&r=g","url":"https:\/\/secure.gravatar.com\/avatar\/7ca3206950207cc3cb48feec56a8a7898741ab725c368d99d5d7a5a50aab80c6?s=96&d=mm&r=g","contentUrl":"https:\/\/secure.gravatar.com\/avatar\/7ca3206950207cc3cb48feec56a8a7898741ab725c368d99d5d7a5a50aab80c6?s=96&d=mm&r=g","caption":"Thales Brand\u00e3o"},"description":"Editor Executivo do Portal CidadeMarketing.com.br &gt; Mestre em Comunica\u00e7\u00e3o e Sociedade pela Universidade Federal de Sergipe. Possui MBA Executivo em Administra\u00e7\u00e3o com \u00eanfase em Marketing pela Funda\u00e7\u00e3o Get\u00falio Vargas - Rio de Janeiro. Consultor, Palestrante e Pesquisador sobre Empreendedorismo, Marketing, Redes Sociais e Neg\u00f3cios Digitais. Professor, Palestrante TedxTalks e Campus Party. Twitter: @ThalesBrandao","sameAs":["http:\/\/www.mandacaru.com.br","https:\/\/www.facebook.com\/thalesbrandao","http:\/\/www.instagram.com.br\/thalesbrandaoferreira","https:\/\/www.linkedin.com\/in\/thales-brand\u00e3o-3948609\/","https:\/\/x.com\/http:\/\/www.twitter.com\/thalesbrandao"],"url":"https:\/\/www.cidademarketing.com.br\/marketing\/author\/thalesbrandao\/"}]}},"amp_enabled":true,"_links":{"self":[{"href":"https:\/\/www.cidademarketing.com.br\/marketing\/wp-json\/wp\/v2\/posts\/3149","targetHints":{"allow":["GET"]}}],"collection":[{"href":"https:\/\/www.cidademarketing.com.br\/marketing\/wp-json\/wp\/v2\/posts"}],"about":[{"href":"https:\/\/www.cidademarketing.com.br\/marketing\/wp-json\/wp\/v2\/types\/post"}],"author":[{"embeddable":true,"href":"https:\/\/www.cidademarketing.com.br\/marketing\/wp-json\/wp\/v2\/users\/1"}],"replies":[{"embeddable":true,"href":"https:\/\/www.cidademarketing.com.br\/marketing\/wp-json\/wp\/v2\/comments?post=3149"}],"version-history":[{"count":1,"href":"https:\/\/www.cidademarketing.com.br\/marketing\/wp-json\/wp\/v2\/posts\/3149\/revisions"}],"predecessor-version":[{"id":3151,"href":"https:\/\/www.cidademarketing.com.br\/marketing\/wp-json\/wp\/v2\/posts\/3149\/revisions\/3151"}],"wp:featuredmedia":[{"embeddable":true,"href":"https:\/\/www.cidademarketing.com.br\/marketing\/wp-json\/wp\/v2\/media\/3150"}],"wp:attachment":[{"href":"https:\/\/www.cidademarketing.com.br\/marketing\/wp-json\/wp\/v2\/media?parent=3149"}],"wp:term":[{"taxonomy":"category","embeddable":true,"href":"https:\/\/www.cidademarketing.com.br\/marketing\/wp-json\/wp\/v2\/categories?post=3149"},{"taxonomy":"post_tag","embeddable":true,"href":"https:\/\/www.cidademarketing.com.br\/marketing\/wp-json\/wp\/v2\/tags?post=3149"}],"curies":[{"name":"wp","href":"https:\/\/api.w.org\/{rel}","templated":true}]}}