{"id":31331,"date":"2021-11-03T19:30:37","date_gmt":"2021-11-03T22:30:37","guid":{"rendered":"https:\/\/www.cidademarketing.com.br\/marketing\/?p=31331"},"modified":"2021-11-03T19:30:40","modified_gmt":"2021-11-03T22:30:40","slug":"redetv-e-juliana-alganaraz-firmam-parceria-inovadora-de-novos-negocios-e-conteudos","status":"publish","type":"post","link":"https:\/\/www.cidademarketing.com.br\/marketing\/2021\/11\/03\/redetv-e-juliana-alganaraz-firmam-parceria-inovadora-de-novos-negocios-e-conteudos\/","title":{"rendered":"RedeTV! e Juliana Alga\u00f1araz firmam parceria inovadora de novos neg\u00f3cios e conte\u00fados"},"content":{"rendered":"\n<p><\/p><iframe src=\"https:\/\/open.spotify.com\/embed\/show\/4khMKzP3FgFRWVwb73xicc\" width=\"100%\" height=\"232\" frameBorder=\"0\" allowtransparency=\"true\" allow=\"encrypted-media\"><\/iframe>\t\n\n\n\n\n<p>A RedeTV! e Juliana Alga\u00f1araz, CEO da La Reina Entertainment, oficializam uma ampla e inovadora parceria para a cria\u00e7\u00e3o e desenvolvimento de novas oportunidades de neg\u00f3cios no mercado de comunica\u00e7\u00e3o.<\/p>\n\n\n\n<p>Somando as expertises de ambas as partes, o acordo inaugura um modelo integrado de neg\u00f3cios para ampliar a oferta de conte\u00fado, produtos e servi\u00e7os dirigida ao p\u00fablico e ao mercado de produ\u00e7\u00e3o e publicit\u00e1rio em todas as plataformas.<\/p>\n\n\n\n<p>A parceria contempla a expans\u00e3o de solu\u00e7\u00f5es de branded content, a cria\u00e7\u00e3o e lan\u00e7amento de formatos em m\u00faltiplos canais de distribui\u00e7\u00e3o, a coordena\u00e7\u00e3o de facilities para o mercado brasileiro e internacional entre outros projetos de inova\u00e7\u00e3o. As opera\u00e7\u00f5es estar\u00e3o concentradas na sede da RedeTV!, considerada um dos maiores e mais tecnol\u00f3gicos centros de produ\u00e7\u00e3o e infraestrutura televisiva da Am\u00e9rica Latina.<\/p>\n\n\n\n<div class=\"wp-block-image\"><figure class=\"aligncenter size-large is-resized\"><img fetchpriority=\"high\" decoding=\"async\" src=\"https:\/\/www.cidademarketing.com.br\/marketing\/wp-content\/uploads\/2021\/11\/CRD-PASCOAL-RODRIGUES.jpg\" alt=\"\" class=\"wp-image-31333\" width=\"415\" height=\"511\"\/><figcaption>Cr\u00e9dito\/Foto Juliana Alga\u00f1araz: Pascoal Rodrigues <\/figcaption><\/figure><\/div>\n\n\n\n<p><\/p>\n\n\n\n<p>Reconhecida por um longo hist\u00f3rico profissional em cria\u00e7\u00e3o e implementa\u00e7\u00e3o de formatos de entretenimento, produ\u00e7\u00e3o e estrat\u00e9gias no mercado audiovisual, Juliana Alga\u00f1araz tamb\u00e9m atuar\u00e1 na gest\u00e3o de conte\u00fado e consultoria da grade de programa\u00e7\u00e3o Art\u00edstica da RedeTV!.<\/p>\n\n\n\n<p>Para Amilcare Dallevo Neto, head of Sales and Value Creation da RedeTV!, a parceria refor\u00e7a o compromisso em promover a\u00e7\u00f5es transformadoras e eficazes. \u201cA RedeTV! sempre liderou iniciativas precursoras no mercado. Implementamos formatos in\u00e9ditos e personalizados para conte\u00fado de marcas e, recentemente, trouxemos creators do digital para provar da boa uni\u00e3o de conte\u00fado com a experi\u00eancia completa na jornada de consumo de m\u00eddia. Agora, com a chegada de Juliana Alga\u00f1araz vamos unir nossas experi\u00eancias e ouvir os anseios das marcas e seus insights, para que estejam inseridas, cada vez mais, em conte\u00fados relevantes\u201d, afirma o executivo.<\/p>\n\n\n\n<p>\u201cEsta parceria vem disruptar o mercado tradicional tanto da televis\u00e3o como das produtoras independentes. \u00c9 fant\u00e1stico que a RedeTV! neste novo momento tenha o olhar no futuro e n\u00e3o enxergue a TV como uma tela \u00fanica, mas integrada como um ecossistema de conte\u00fado, n\u00e3o importando onde esteja. Ela pode estar em qualquer lugar\u201d, destaca Juliana. \u201cCom esse acordo inovador queremos ter o que h\u00e1 de melhor no mundo do conte\u00fado, da produ\u00e7\u00e3o e do digital. Em breve mostraremos que viemos para somar no mercado de conte\u00fado e das comunica\u00e7\u00f5es no Brasil\u201d, finaliza.<\/p>\n\n\n\n<p>Juliana Alga\u00f1araz come\u00e7ou a carreira na televis\u00e3o em 1996 no Channel 13, na Argentina, e ocupou cargos na Discovery Communications, Rede TV! (Gerente de Aquisi\u00e7\u00f5es e Novos Conte\u00fados), Fox Latin American Channels (Diretor de Opera\u00e7\u00f5es e Servi\u00e7os de Produ\u00e7\u00e3o) e Porta dos Fundos, um dos maiores canais do Youtube no Brasil, onde atuou como CEO. Liderou desde 2016 a principal empresa de produ\u00e7\u00e3o independente do pa\u00eds, a Endemol Shine Brasil, parte do grupo franc\u00eas Banijay, o maior conglomerado de produ\u00e7\u00e3o do mundo. Em 2020 foi a \u00fanica executiva do Brasil a entrar na lista Personalidades da Prensario Internacional, em 2021 Alga\u00f1araz foi homenageada no International Womens Impact Report, t\u00edtulo da Variety que reconhece as principais lideran\u00e7as de mulheres no mercado global.\u00a0<\/p>\n\n\n\n<p><\/p><iframe allow=\"autoplay *; encrypted-media *; fullscreen *\" frameborder=\"0\" height=\"450\" style=\"width:100%;max-width:660px;overflow:hidden;background:transparent;\" sandbox=\"allow-forms allow-popups allow-same-origin allow-scripts allow-storage-access-by-user-activation allow-top-navigation-by-user-activation\" src=\"https:\/\/embed.podcasts.apple.com\/br\/podcast\/podcast-cidademarketing\/id1371923283\"><\/iframe>\n\n","protected":false},"excerpt":{"rendered":"<p>A RedeTV! e Juliana Alga\u00f1araz, CEO da La Reina Entertainment, oficializam uma ampla e inovadora parceria para a cria\u00e7\u00e3o e desenvolvimento de novas oportunidades de neg\u00f3cios no mercado de comunica\u00e7\u00e3o. Somando as expertises de ambas as partes, o acordo inaugura um modelo integrado de neg\u00f3cios para ampliar a oferta de conte\u00fado, produtos e servi\u00e7os dirigida [&hellip;]<\/p>\n","protected":false},"author":1,"featured_media":31332,"comment_status":"open","ping_status":"open","sticky":false,"template":"","format":"standard","meta":{"tdm_status":"","tdm_grid_status":"","footnotes":""},"categories":[6],"tags":[33,293,817,235,25],"class_list":["post-31331","post","type-post","status-publish","format-standard","has-post-thumbnail","hentry","category-noticias","tag-estrategia","tag-inovacao","tag-marketing-de-conteudo","tag-parceria","tag-redes-sociais"],"yoast_head":"<!-- This site is optimized with the Yoast SEO plugin v27.5 - https:\/\/yoast.com\/product\/yoast-seo-wordpress\/ -->\n<title>RedeTV! e Juliana Alga\u00f1araz firmam parceria inovadora de novos neg\u00f3cios e conte\u00fados - CidadeMarketing<\/title>\n<meta name=\"robots\" content=\"index, follow, max-snippet:-1, max-image-preview:large, max-video-preview:-1\" \/>\n<link rel=\"canonical\" href=\"https:\/\/www.cidademarketing.com.br\/marketing\/2021\/11\/03\/redetv-e-juliana-alganaraz-firmam-parceria-inovadora-de-novos-negocios-e-conteudos\/\" \/>\n<meta property=\"og:locale\" content=\"pt_BR\" \/>\n<meta property=\"og:type\" content=\"article\" \/>\n<meta property=\"og:title\" content=\"RedeTV! e Juliana Alga\u00f1araz firmam parceria inovadora de novos neg\u00f3cios e conte\u00fados - CidadeMarketing\" \/>\n<meta property=\"og:description\" content=\"A RedeTV! e Juliana Alga\u00f1araz, CEO da La Reina Entertainment, oficializam uma ampla e inovadora parceria para a cria\u00e7\u00e3o e desenvolvimento de novas oportunidades de neg\u00f3cios no mercado de comunica\u00e7\u00e3o. Somando as expertises de ambas as partes, o acordo inaugura um modelo integrado de neg\u00f3cios para ampliar a oferta de conte\u00fado, produtos e servi\u00e7os dirigida [&hellip;]\" \/>\n<meta property=\"og:url\" content=\"https:\/\/www.cidademarketing.com.br\/marketing\/2021\/11\/03\/redetv-e-juliana-alganaraz-firmam-parceria-inovadora-de-novos-negocios-e-conteudos\/\" \/>\n<meta property=\"og:site_name\" content=\"CidadeMarketing\" \/>\n<meta property=\"article:publisher\" content=\"https:\/\/www.facebook.com\/portalcidademarketing\" \/>\n<meta property=\"article:author\" content=\"https:\/\/www.facebook.com\/thalesbrandao\" \/>\n<meta property=\"article:published_time\" content=\"2021-11-03T22:30:37+00:00\" \/>\n<meta property=\"article:modified_time\" content=\"2021-11-03T22:30:40+00:00\" \/>\n<meta property=\"og:image\" content=\"https:\/\/www.cidademarketing.com.br\/marketing\/wp-content\/uploads\/2021\/11\/Amilcare-Dallevo-Neto-scaled.jpg\" \/>\n\t<meta property=\"og:image:width\" content=\"2560\" \/>\n\t<meta property=\"og:image:height\" content=\"2423\" \/>\n\t<meta property=\"og:image:type\" content=\"image\/jpeg\" \/>\n<meta name=\"author\" content=\"Thales Brand\u00e3o\" \/>\n<meta name=\"twitter:card\" content=\"summary_large_image\" \/>\n<meta name=\"twitter:creator\" content=\"@http:\/\/www.twitter.com\/thalesbrandao\" \/>\n<meta name=\"twitter:site\" content=\"@CidadeMarketing\" \/>\n<meta name=\"twitter:label1\" content=\"Escrito por\" \/>\n\t<meta name=\"twitter:data1\" content=\"Thales Brand\u00e3o\" \/>\n\t<meta name=\"twitter:label2\" content=\"Est. tempo de leitura\" \/>\n\t<meta name=\"twitter:data2\" content=\"3 minutos\" \/>\n<script type=\"application\/ld+json\" class=\"yoast-schema-graph\">{\"@context\":\"https:\\\/\\\/schema.org\",\"@graph\":[{\"@type\":\"Article\",\"@id\":\"https:\\\/\\\/www.cidademarketing.com.br\\\/marketing\\\/2021\\\/11\\\/03\\\/redetv-e-juliana-alganaraz-firmam-parceria-inovadora-de-novos-negocios-e-conteudos\\\/#article\",\"isPartOf\":{\"@id\":\"https:\\\/\\\/www.cidademarketing.com.br\\\/marketing\\\/2021\\\/11\\\/03\\\/redetv-e-juliana-alganaraz-firmam-parceria-inovadora-de-novos-negocios-e-conteudos\\\/\"},\"author\":{\"name\":\"Thales Brand\u00e3o\",\"@id\":\"https:\\\/\\\/www.cidademarketing.com.br\\\/marketing\\\/#\\\/schema\\\/person\\\/02daff9f18bd9378c9e01eb6b2db155f\"},\"headline\":\"RedeTV! e Juliana Alga\u00f1araz firmam parceria inovadora de novos neg\u00f3cios e conte\u00fados\",\"datePublished\":\"2021-11-03T22:30:37+00:00\",\"dateModified\":\"2021-11-03T22:30:40+00:00\",\"mainEntityOfPage\":{\"@id\":\"https:\\\/\\\/www.cidademarketing.com.br\\\/marketing\\\/2021\\\/11\\\/03\\\/redetv-e-juliana-alganaraz-firmam-parceria-inovadora-de-novos-negocios-e-conteudos\\\/\"},\"wordCount\":560,\"commentCount\":0,\"publisher\":{\"@id\":\"https:\\\/\\\/www.cidademarketing.com.br\\\/marketing\\\/#organization\"},\"image\":{\"@id\":\"https:\\\/\\\/www.cidademarketing.com.br\\\/marketing\\\/2021\\\/11\\\/03\\\/redetv-e-juliana-alganaraz-firmam-parceria-inovadora-de-novos-negocios-e-conteudos\\\/#primaryimage\"},\"thumbnailUrl\":\"https:\\\/\\\/www.cidademarketing.com.br\\\/marketing\\\/wp-content\\\/uploads\\\/2021\\\/11\\\/Amilcare-Dallevo-Neto-scaled.jpg\",\"keywords\":[\"estrat\u00e9gia\",\"inova\u00e7\u00e3o\",\"marketing de conte\u00fado\",\"parceria\",\"redes sociais\"],\"articleSection\":[\"Not\u00edcias\"],\"inLanguage\":\"pt-BR\",\"potentialAction\":[{\"@type\":\"CommentAction\",\"name\":\"Comment\",\"target\":[\"https:\\\/\\\/www.cidademarketing.com.br\\\/marketing\\\/2021\\\/11\\\/03\\\/redetv-e-juliana-alganaraz-firmam-parceria-inovadora-de-novos-negocios-e-conteudos\\\/#respond\"]}]},{\"@type\":\"WebPage\",\"@id\":\"https:\\\/\\\/www.cidademarketing.com.br\\\/marketing\\\/2021\\\/11\\\/03\\\/redetv-e-juliana-alganaraz-firmam-parceria-inovadora-de-novos-negocios-e-conteudos\\\/\",\"url\":\"https:\\\/\\\/www.cidademarketing.com.br\\\/marketing\\\/2021\\\/11\\\/03\\\/redetv-e-juliana-alganaraz-firmam-parceria-inovadora-de-novos-negocios-e-conteudos\\\/\",\"name\":\"RedeTV! e Juliana Alga\u00f1araz firmam parceria inovadora de novos neg\u00f3cios e conte\u00fados - CidadeMarketing\",\"isPartOf\":{\"@id\":\"https:\\\/\\\/www.cidademarketing.com.br\\\/marketing\\\/#website\"},\"primaryImageOfPage\":{\"@id\":\"https:\\\/\\\/www.cidademarketing.com.br\\\/marketing\\\/2021\\\/11\\\/03\\\/redetv-e-juliana-alganaraz-firmam-parceria-inovadora-de-novos-negocios-e-conteudos\\\/#primaryimage\"},\"image\":{\"@id\":\"https:\\\/\\\/www.cidademarketing.com.br\\\/marketing\\\/2021\\\/11\\\/03\\\/redetv-e-juliana-alganaraz-firmam-parceria-inovadora-de-novos-negocios-e-conteudos\\\/#primaryimage\"},\"thumbnailUrl\":\"https:\\\/\\\/www.cidademarketing.com.br\\\/marketing\\\/wp-content\\\/uploads\\\/2021\\\/11\\\/Amilcare-Dallevo-Neto-scaled.jpg\",\"datePublished\":\"2021-11-03T22:30:37+00:00\",\"dateModified\":\"2021-11-03T22:30:40+00:00\",\"breadcrumb\":{\"@id\":\"https:\\\/\\\/www.cidademarketing.com.br\\\/marketing\\\/2021\\\/11\\\/03\\\/redetv-e-juliana-alganaraz-firmam-parceria-inovadora-de-novos-negocios-e-conteudos\\\/#breadcrumb\"},\"inLanguage\":\"pt-BR\",\"potentialAction\":[{\"@type\":\"ReadAction\",\"target\":[\"https:\\\/\\\/www.cidademarketing.com.br\\\/marketing\\\/2021\\\/11\\\/03\\\/redetv-e-juliana-alganaraz-firmam-parceria-inovadora-de-novos-negocios-e-conteudos\\\/\"]}]},{\"@type\":\"ImageObject\",\"inLanguage\":\"pt-BR\",\"@id\":\"https:\\\/\\\/www.cidademarketing.com.br\\\/marketing\\\/2021\\\/11\\\/03\\\/redetv-e-juliana-alganaraz-firmam-parceria-inovadora-de-novos-negocios-e-conteudos\\\/#primaryimage\",\"url\":\"https:\\\/\\\/www.cidademarketing.com.br\\\/marketing\\\/wp-content\\\/uploads\\\/2021\\\/11\\\/Amilcare-Dallevo-Neto-scaled.jpg\",\"contentUrl\":\"https:\\\/\\\/www.cidademarketing.com.br\\\/marketing\\\/wp-content\\\/uploads\\\/2021\\\/11\\\/Amilcare-Dallevo-Neto-scaled.jpg\",\"width\":2560,\"height\":2423,\"caption\":\"Cr\u00e9dito\\\/Foto Amilcare Dallevo Neto: RedeTV!\"},{\"@type\":\"BreadcrumbList\",\"@id\":\"https:\\\/\\\/www.cidademarketing.com.br\\\/marketing\\\/2021\\\/11\\\/03\\\/redetv-e-juliana-alganaraz-firmam-parceria-inovadora-de-novos-negocios-e-conteudos\\\/#breadcrumb\",\"itemListElement\":[{\"@type\":\"ListItem\",\"position\":1,\"name\":\"In\u00edcio\",\"item\":\"https:\\\/\\\/www.cidademarketing.com.br\\\/marketing\\\/\"},{\"@type\":\"ListItem\",\"position\":2,\"name\":\"RedeTV! e Juliana Alga\u00f1araz firmam parceria inovadora de novos neg\u00f3cios e conte\u00fados\"}]},{\"@type\":\"WebSite\",\"@id\":\"https:\\\/\\\/www.cidademarketing.com.br\\\/marketing\\\/#website\",\"url\":\"https:\\\/\\\/www.cidademarketing.com.br\\\/marketing\\\/\",\"name\":\"CidadeMarketing\",\"description\":\"Somos um ve\u00edculo de comunica\u00e7\u00e3o de destaque no Brasil, reconhecido por conte\u00fados nos segmentos de marketing, empreendedorismo e inova\u00e7\u00e3o.\",\"publisher\":{\"@id\":\"https:\\\/\\\/www.cidademarketing.com.br\\\/marketing\\\/#organization\"},\"alternateName\":\"CidadeMarketing\",\"potentialAction\":[{\"@type\":\"SearchAction\",\"target\":{\"@type\":\"EntryPoint\",\"urlTemplate\":\"https:\\\/\\\/www.cidademarketing.com.br\\\/marketing\\\/?s={search_term_string}\"},\"query-input\":{\"@type\":\"PropertyValueSpecification\",\"valueRequired\":true,\"valueName\":\"search_term_string\"}}],\"inLanguage\":\"pt-BR\"},{\"@type\":\"Organization\",\"@id\":\"https:\\\/\\\/www.cidademarketing.com.br\\\/marketing\\\/#organization\",\"name\":\"CidadeMarketing\",\"alternateName\":\"CidadeMarketing\",\"url\":\"https:\\\/\\\/www.cidademarketing.com.br\\\/marketing\\\/\",\"logo\":{\"@type\":\"ImageObject\",\"inLanguage\":\"pt-BR\",\"@id\":\"https:\\\/\\\/www.cidademarketing.com.br\\\/marketing\\\/#\\\/schema\\\/logo\\\/image\\\/\",\"url\":\"https:\\\/\\\/www.cidademarketing.com.br\\\/marketing\\\/wp-content\\\/uploads\\\/2020\\\/01\\\/cidademarketing_marca_mobile.png\",\"contentUrl\":\"https:\\\/\\\/www.cidademarketing.com.br\\\/marketing\\\/wp-content\\\/uploads\\\/2020\\\/01\\\/cidademarketing_marca_mobile.png\",\"width\":230,\"height\":92,\"caption\":\"CidadeMarketing\"},\"image\":{\"@id\":\"https:\\\/\\\/www.cidademarketing.com.br\\\/marketing\\\/#\\\/schema\\\/logo\\\/image\\\/\"},\"sameAs\":[\"https:\\\/\\\/www.facebook.com\\\/portalcidademarketing\",\"https:\\\/\\\/x.com\\\/CidadeMarketing\",\"https:\\\/\\\/www.instagram.com\\\/cidademarketing\\\/\"]},{\"@type\":\"Person\",\"@id\":\"https:\\\/\\\/www.cidademarketing.com.br\\\/marketing\\\/#\\\/schema\\\/person\\\/02daff9f18bd9378c9e01eb6b2db155f\",\"name\":\"Thales Brand\u00e3o\",\"image\":{\"@type\":\"ImageObject\",\"inLanguage\":\"pt-BR\",\"@id\":\"https:\\\/\\\/secure.gravatar.com\\\/avatar\\\/7ca3206950207cc3cb48feec56a8a7898741ab725c368d99d5d7a5a50aab80c6?s=96&d=mm&r=g\",\"url\":\"https:\\\/\\\/secure.gravatar.com\\\/avatar\\\/7ca3206950207cc3cb48feec56a8a7898741ab725c368d99d5d7a5a50aab80c6?s=96&d=mm&r=g\",\"contentUrl\":\"https:\\\/\\\/secure.gravatar.com\\\/avatar\\\/7ca3206950207cc3cb48feec56a8a7898741ab725c368d99d5d7a5a50aab80c6?s=96&d=mm&r=g\",\"caption\":\"Thales Brand\u00e3o\"},\"description\":\"Editor Executivo do Portal CidadeMarketing.com.br &gt; Mestre em Comunica\u00e7\u00e3o e Sociedade pela Universidade Federal de Sergipe. Possui MBA Executivo em Administra\u00e7\u00e3o com \u00eanfase em Marketing pela Funda\u00e7\u00e3o Get\u00falio Vargas - Rio de Janeiro. Consultor, Palestrante e Pesquisador sobre Empreendedorismo, Marketing, Redes Sociais e Neg\u00f3cios Digitais. Professor, Palestrante TedxTalks e Campus Party. Twitter: @ThalesBrandao\",\"sameAs\":[\"http:\\\/\\\/www.mandacaru.com.br\",\"https:\\\/\\\/www.facebook.com\\\/thalesbrandao\",\"http:\\\/\\\/www.instagram.com.br\\\/thalesbrandaoferreira\",\"https:\\\/\\\/www.linkedin.com\\\/in\\\/thales-brand\u00e3o-3948609\\\/\",\"https:\\\/\\\/x.com\\\/http:\\\/\\\/www.twitter.com\\\/thalesbrandao\"],\"url\":\"https:\\\/\\\/www.cidademarketing.com.br\\\/marketing\\\/author\\\/thalesbrandao\\\/\"}]}<\/script>\n<!-- \/ Yoast SEO plugin. -->","yoast_head_json":{"title":"RedeTV! e Juliana Alga\u00f1araz firmam parceria inovadora de novos neg\u00f3cios e conte\u00fados - CidadeMarketing","robots":{"index":"index","follow":"follow","max-snippet":"max-snippet:-1","max-image-preview":"max-image-preview:large","max-video-preview":"max-video-preview:-1"},"canonical":"https:\/\/www.cidademarketing.com.br\/marketing\/2021\/11\/03\/redetv-e-juliana-alganaraz-firmam-parceria-inovadora-de-novos-negocios-e-conteudos\/","og_locale":"pt_BR","og_type":"article","og_title":"RedeTV! e Juliana Alga\u00f1araz firmam parceria inovadora de novos neg\u00f3cios e conte\u00fados - CidadeMarketing","og_description":"A RedeTV! e Juliana Alga\u00f1araz, CEO da La Reina Entertainment, oficializam uma ampla e inovadora parceria para a cria\u00e7\u00e3o e desenvolvimento de novas oportunidades de neg\u00f3cios no mercado de comunica\u00e7\u00e3o. Somando as expertises de ambas as partes, o acordo inaugura um modelo integrado de neg\u00f3cios para ampliar a oferta de conte\u00fado, produtos e servi\u00e7os dirigida [&hellip;]","og_url":"https:\/\/www.cidademarketing.com.br\/marketing\/2021\/11\/03\/redetv-e-juliana-alganaraz-firmam-parceria-inovadora-de-novos-negocios-e-conteudos\/","og_site_name":"CidadeMarketing","article_publisher":"https:\/\/www.facebook.com\/portalcidademarketing","article_author":"https:\/\/www.facebook.com\/thalesbrandao","article_published_time":"2021-11-03T22:30:37+00:00","article_modified_time":"2021-11-03T22:30:40+00:00","og_image":[{"width":2560,"height":2423,"url":"https:\/\/www.cidademarketing.com.br\/marketing\/wp-content\/uploads\/2021\/11\/Amilcare-Dallevo-Neto-scaled.jpg","type":"image\/jpeg"}],"author":"Thales Brand\u00e3o","twitter_card":"summary_large_image","twitter_creator":"@http:\/\/www.twitter.com\/thalesbrandao","twitter_site":"@CidadeMarketing","twitter_misc":{"Escrito por":"Thales Brand\u00e3o","Est. tempo de leitura":"3 minutos"},"schema":{"@context":"https:\/\/schema.org","@graph":[{"@type":"Article","@id":"https:\/\/www.cidademarketing.com.br\/marketing\/2021\/11\/03\/redetv-e-juliana-alganaraz-firmam-parceria-inovadora-de-novos-negocios-e-conteudos\/#article","isPartOf":{"@id":"https:\/\/www.cidademarketing.com.br\/marketing\/2021\/11\/03\/redetv-e-juliana-alganaraz-firmam-parceria-inovadora-de-novos-negocios-e-conteudos\/"},"author":{"name":"Thales Brand\u00e3o","@id":"https:\/\/www.cidademarketing.com.br\/marketing\/#\/schema\/person\/02daff9f18bd9378c9e01eb6b2db155f"},"headline":"RedeTV! e Juliana Alga\u00f1araz firmam parceria inovadora de novos neg\u00f3cios e conte\u00fados","datePublished":"2021-11-03T22:30:37+00:00","dateModified":"2021-11-03T22:30:40+00:00","mainEntityOfPage":{"@id":"https:\/\/www.cidademarketing.com.br\/marketing\/2021\/11\/03\/redetv-e-juliana-alganaraz-firmam-parceria-inovadora-de-novos-negocios-e-conteudos\/"},"wordCount":560,"commentCount":0,"publisher":{"@id":"https:\/\/www.cidademarketing.com.br\/marketing\/#organization"},"image":{"@id":"https:\/\/www.cidademarketing.com.br\/marketing\/2021\/11\/03\/redetv-e-juliana-alganaraz-firmam-parceria-inovadora-de-novos-negocios-e-conteudos\/#primaryimage"},"thumbnailUrl":"https:\/\/www.cidademarketing.com.br\/marketing\/wp-content\/uploads\/2021\/11\/Amilcare-Dallevo-Neto-scaled.jpg","keywords":["estrat\u00e9gia","inova\u00e7\u00e3o","marketing de conte\u00fado","parceria","redes sociais"],"articleSection":["Not\u00edcias"],"inLanguage":"pt-BR","potentialAction":[{"@type":"CommentAction","name":"Comment","target":["https:\/\/www.cidademarketing.com.br\/marketing\/2021\/11\/03\/redetv-e-juliana-alganaraz-firmam-parceria-inovadora-de-novos-negocios-e-conteudos\/#respond"]}]},{"@type":"WebPage","@id":"https:\/\/www.cidademarketing.com.br\/marketing\/2021\/11\/03\/redetv-e-juliana-alganaraz-firmam-parceria-inovadora-de-novos-negocios-e-conteudos\/","url":"https:\/\/www.cidademarketing.com.br\/marketing\/2021\/11\/03\/redetv-e-juliana-alganaraz-firmam-parceria-inovadora-de-novos-negocios-e-conteudos\/","name":"RedeTV! e Juliana Alga\u00f1araz firmam parceria inovadora de novos neg\u00f3cios e conte\u00fados - CidadeMarketing","isPartOf":{"@id":"https:\/\/www.cidademarketing.com.br\/marketing\/#website"},"primaryImageOfPage":{"@id":"https:\/\/www.cidademarketing.com.br\/marketing\/2021\/11\/03\/redetv-e-juliana-alganaraz-firmam-parceria-inovadora-de-novos-negocios-e-conteudos\/#primaryimage"},"image":{"@id":"https:\/\/www.cidademarketing.com.br\/marketing\/2021\/11\/03\/redetv-e-juliana-alganaraz-firmam-parceria-inovadora-de-novos-negocios-e-conteudos\/#primaryimage"},"thumbnailUrl":"https:\/\/www.cidademarketing.com.br\/marketing\/wp-content\/uploads\/2021\/11\/Amilcare-Dallevo-Neto-scaled.jpg","datePublished":"2021-11-03T22:30:37+00:00","dateModified":"2021-11-03T22:30:40+00:00","breadcrumb":{"@id":"https:\/\/www.cidademarketing.com.br\/marketing\/2021\/11\/03\/redetv-e-juliana-alganaraz-firmam-parceria-inovadora-de-novos-negocios-e-conteudos\/#breadcrumb"},"inLanguage":"pt-BR","potentialAction":[{"@type":"ReadAction","target":["https:\/\/www.cidademarketing.com.br\/marketing\/2021\/11\/03\/redetv-e-juliana-alganaraz-firmam-parceria-inovadora-de-novos-negocios-e-conteudos\/"]}]},{"@type":"ImageObject","inLanguage":"pt-BR","@id":"https:\/\/www.cidademarketing.com.br\/marketing\/2021\/11\/03\/redetv-e-juliana-alganaraz-firmam-parceria-inovadora-de-novos-negocios-e-conteudos\/#primaryimage","url":"https:\/\/www.cidademarketing.com.br\/marketing\/wp-content\/uploads\/2021\/11\/Amilcare-Dallevo-Neto-scaled.jpg","contentUrl":"https:\/\/www.cidademarketing.com.br\/marketing\/wp-content\/uploads\/2021\/11\/Amilcare-Dallevo-Neto-scaled.jpg","width":2560,"height":2423,"caption":"Cr\u00e9dito\/Foto Amilcare Dallevo Neto: RedeTV!"},{"@type":"BreadcrumbList","@id":"https:\/\/www.cidademarketing.com.br\/marketing\/2021\/11\/03\/redetv-e-juliana-alganaraz-firmam-parceria-inovadora-de-novos-negocios-e-conteudos\/#breadcrumb","itemListElement":[{"@type":"ListItem","position":1,"name":"In\u00edcio","item":"https:\/\/www.cidademarketing.com.br\/marketing\/"},{"@type":"ListItem","position":2,"name":"RedeTV! e Juliana Alga\u00f1araz firmam parceria inovadora de novos neg\u00f3cios e conte\u00fados"}]},{"@type":"WebSite","@id":"https:\/\/www.cidademarketing.com.br\/marketing\/#website","url":"https:\/\/www.cidademarketing.com.br\/marketing\/","name":"CidadeMarketing","description":"Somos um ve\u00edculo de comunica\u00e7\u00e3o de destaque no Brasil, reconhecido por conte\u00fados nos segmentos de marketing, empreendedorismo e inova\u00e7\u00e3o.","publisher":{"@id":"https:\/\/www.cidademarketing.com.br\/marketing\/#organization"},"alternateName":"CidadeMarketing","potentialAction":[{"@type":"SearchAction","target":{"@type":"EntryPoint","urlTemplate":"https:\/\/www.cidademarketing.com.br\/marketing\/?s={search_term_string}"},"query-input":{"@type":"PropertyValueSpecification","valueRequired":true,"valueName":"search_term_string"}}],"inLanguage":"pt-BR"},{"@type":"Organization","@id":"https:\/\/www.cidademarketing.com.br\/marketing\/#organization","name":"CidadeMarketing","alternateName":"CidadeMarketing","url":"https:\/\/www.cidademarketing.com.br\/marketing\/","logo":{"@type":"ImageObject","inLanguage":"pt-BR","@id":"https:\/\/www.cidademarketing.com.br\/marketing\/#\/schema\/logo\/image\/","url":"https:\/\/www.cidademarketing.com.br\/marketing\/wp-content\/uploads\/2020\/01\/cidademarketing_marca_mobile.png","contentUrl":"https:\/\/www.cidademarketing.com.br\/marketing\/wp-content\/uploads\/2020\/01\/cidademarketing_marca_mobile.png","width":230,"height":92,"caption":"CidadeMarketing"},"image":{"@id":"https:\/\/www.cidademarketing.com.br\/marketing\/#\/schema\/logo\/image\/"},"sameAs":["https:\/\/www.facebook.com\/portalcidademarketing","https:\/\/x.com\/CidadeMarketing","https:\/\/www.instagram.com\/cidademarketing\/"]},{"@type":"Person","@id":"https:\/\/www.cidademarketing.com.br\/marketing\/#\/schema\/person\/02daff9f18bd9378c9e01eb6b2db155f","name":"Thales Brand\u00e3o","image":{"@type":"ImageObject","inLanguage":"pt-BR","@id":"https:\/\/secure.gravatar.com\/avatar\/7ca3206950207cc3cb48feec56a8a7898741ab725c368d99d5d7a5a50aab80c6?s=96&d=mm&r=g","url":"https:\/\/secure.gravatar.com\/avatar\/7ca3206950207cc3cb48feec56a8a7898741ab725c368d99d5d7a5a50aab80c6?s=96&d=mm&r=g","contentUrl":"https:\/\/secure.gravatar.com\/avatar\/7ca3206950207cc3cb48feec56a8a7898741ab725c368d99d5d7a5a50aab80c6?s=96&d=mm&r=g","caption":"Thales Brand\u00e3o"},"description":"Editor Executivo do Portal CidadeMarketing.com.br &gt; Mestre em Comunica\u00e7\u00e3o e Sociedade pela Universidade Federal de Sergipe. Possui MBA Executivo em Administra\u00e7\u00e3o com \u00eanfase em Marketing pela Funda\u00e7\u00e3o Get\u00falio Vargas - Rio de Janeiro. Consultor, Palestrante e Pesquisador sobre Empreendedorismo, Marketing, Redes Sociais e Neg\u00f3cios Digitais. Professor, Palestrante TedxTalks e Campus Party. Twitter: @ThalesBrandao","sameAs":["http:\/\/www.mandacaru.com.br","https:\/\/www.facebook.com\/thalesbrandao","http:\/\/www.instagram.com.br\/thalesbrandaoferreira","https:\/\/www.linkedin.com\/in\/thales-brand\u00e3o-3948609\/","https:\/\/x.com\/http:\/\/www.twitter.com\/thalesbrandao"],"url":"https:\/\/www.cidademarketing.com.br\/marketing\/author\/thalesbrandao\/"}]}},"amp_enabled":true,"_links":{"self":[{"href":"https:\/\/www.cidademarketing.com.br\/marketing\/wp-json\/wp\/v2\/posts\/31331","targetHints":{"allow":["GET"]}}],"collection":[{"href":"https:\/\/www.cidademarketing.com.br\/marketing\/wp-json\/wp\/v2\/posts"}],"about":[{"href":"https:\/\/www.cidademarketing.com.br\/marketing\/wp-json\/wp\/v2\/types\/post"}],"author":[{"embeddable":true,"href":"https:\/\/www.cidademarketing.com.br\/marketing\/wp-json\/wp\/v2\/users\/1"}],"replies":[{"embeddable":true,"href":"https:\/\/www.cidademarketing.com.br\/marketing\/wp-json\/wp\/v2\/comments?post=31331"}],"version-history":[{"count":1,"href":"https:\/\/www.cidademarketing.com.br\/marketing\/wp-json\/wp\/v2\/posts\/31331\/revisions"}],"predecessor-version":[{"id":31334,"href":"https:\/\/www.cidademarketing.com.br\/marketing\/wp-json\/wp\/v2\/posts\/31331\/revisions\/31334"}],"wp:featuredmedia":[{"embeddable":true,"href":"https:\/\/www.cidademarketing.com.br\/marketing\/wp-json\/wp\/v2\/media\/31332"}],"wp:attachment":[{"href":"https:\/\/www.cidademarketing.com.br\/marketing\/wp-json\/wp\/v2\/media?parent=31331"}],"wp:term":[{"taxonomy":"category","embeddable":true,"href":"https:\/\/www.cidademarketing.com.br\/marketing\/wp-json\/wp\/v2\/categories?post=31331"},{"taxonomy":"post_tag","embeddable":true,"href":"https:\/\/www.cidademarketing.com.br\/marketing\/wp-json\/wp\/v2\/tags?post=31331"}],"curies":[{"name":"wp","href":"https:\/\/api.w.org\/{rel}","templated":true}]}}