{"id":31328,"date":"2021-11-03T19:15:39","date_gmt":"2021-11-03T22:15:39","guid":{"rendered":"https:\/\/www.cidademarketing.com.br\/marketing\/?p=31328"},"modified":"2021-11-03T19:15:42","modified_gmt":"2021-11-03T22:15:42","slug":"apos-18-anos-rionegro-e-solimoes-confirmam-gravacao-de-novo-dvd","status":"publish","type":"post","link":"https:\/\/www.cidademarketing.com.br\/marketing\/2021\/11\/03\/apos-18-anos-rionegro-e-solimoes-confirmam-gravacao-de-novo-dvd\/","title":{"rendered":"Ap\u00f3s 18 anos, Rionegro e Solim\u00f5es confirmam grava\u00e7\u00e3o de novo DVD"},"content":{"rendered":"\n<p><\/p><iframe src=\"https:\/\/open.spotify.com\/embed\/show\/4khMKzP3FgFRWVwb73xicc\" width=\"100%\" height=\"232\" frameBorder=\"0\" allowtransparency=\"true\" allow=\"encrypted-media\"><\/iframe>\t\n\n\n\n\n<p>Seguindo a m\u00e1xima de que \u201co artista vai onde o povo est\u00e1\u201d,<strong> Rionegro e Solim\u00f5es<\/strong> n\u00e3o pouparam esfor\u00e7os e durante 18 (dezoito) anos focaram suas carreiras na elabora\u00e7\u00e3o de turn\u00eas e concretiza\u00e7\u00e3o de shows nas mais diversas cidades desse Brasilz\u00e3o! Do Oiapoque ao Chu\u00ed.\u00a0<\/p>\n\n\n\n<p>Ap\u00f3s confirmarem que est\u00e3o trabalhando em um novo DVD, <strong>Rionegro e Solim\u00f5es<\/strong> avan\u00e7am ainda mais neste novo projeto e algumas boas novidades come\u00e7am a ser materializadas para deleite dos f\u00e3s.&nbsp;<\/p>\n\n\n\n<p>A primeira not\u00edcia confirmada \u00e9 a data: o projeto ser\u00e1 gravado no dia <strong>8 de dezembro <\/strong>(quarta-feira) e contar\u00e1<strong> m\u00fasicas in\u00e9ditas e regrava\u00e7\u00f5es<\/strong>. \u201c<em>Ser\u00e3o novos caminhos musicais que apresentaremos ao p\u00fablico. \u00c9 gratificante poder elaborar e futuramente concretizar um projeto com m\u00fasicas novas. Ap\u00f3s 18 anos, voltar a gravar um DVD \u00e9 uma experi\u00eancia fant\u00e1stica<\/em>\u201d, comenta <strong>Rionegro<\/strong>.<\/p>\n\n\n\n<p>Como n\u00e3o poderia deixar de ser, a dupla escalou um time de peso para trabalhar nos bastidores. A dire\u00e7\u00e3o de v\u00eddeo ser\u00e1 assinada por <strong>Andr\u00e9 Caverna<\/strong>, da Caverna Filmes,<em>a produ\u00e7\u00e3o musical &nbsp;fica a cargo de uma refer\u00eancia no meio musical: Junior Melo<\/em> e a produ\u00e7\u00e3o executiva ficar\u00e1 com a <strong>Mega Produ\u00e7\u00f5es Art\u00edsticas<\/strong> &#8211; Cl\u00e1udio Roberto e Manolo Boaventura.&nbsp;<\/p>\n\n\n\n<p><strong>Rionegro <\/strong>tamb\u00e9m revelou o nome que batiza o DVD: \u201c<strong>A Hist\u00f3ria Continua\u201d. <\/strong>\u201c<em>O nome n\u00e3o poderia ser diferente. Todo artista precisa dar continuidade a sua hist\u00f3ria atrav\u00e9s de sua obra e \u00e9 exatamente isso que estamos fazendo, continuando a nossa hist\u00f3ria na m\u00fasica sertaneja brasileira\u201d<\/em>, explica o cantor. \u201c<em>Estamos na fase final de escolha de repert\u00f3rio e posso confirmar que vem muita moda boa. Em primeira m\u00e3o, adiantando que o show de \u201cA Hist\u00f3ria Continua\u201d ser\u00e1 gravado em Goi\u00e2nia, mais precisamente no espa\u00e7o Dois Ip\u00eas. Escolhemos a cidade por conta dela ser a capital do nosso g\u00eanero e por grandes artistas morarem l\u00e1. Goi\u00e2nia \u00e9 a vanguarda sertaneja<\/em>\u201d, completa <strong>Solim\u00f5es <\/strong>sobre a escolha da cidade.&nbsp;<\/p>\n\n\n\n<p>Os sertanejos preparam modas animadas e dan\u00e7antes, captando as refer\u00eancias do mercado, mas sem perderem a sua ess\u00eancia musical \u2013 calcada no sertanejo raiz e rom\u00e2ntico com letras irreverentes e apaixonadas \u2013 e tamb\u00e9m com pitadas de <em>country music<\/em>.&nbsp;<\/p>\n\n\n\n<p>&#8220;Bote um sorriso na cara e mande embora a solid\u00e3o&#8221; que <strong>Rionegro e Solim\u00f5es <\/strong>confirmam a grava\u00e7\u00e3o do novo DVD que se chamar\u00e1&nbsp; \u201c<strong>A Hist\u00f3ria Continua&#8221; e ser\u00e1<\/strong> gravado na <strong>quarta-feira, dia 8 de dezembro em Goi\u00e2nia<\/strong> <strong>no espa\u00e7o Dois Ip\u00eas.<\/strong> Voc\u00ea pode participar dessa hist\u00f3ria. A grava\u00e7\u00e3o ser\u00e1 aberta ao p\u00fablico e <strong>fique ligadinhos no site <\/strong><a href=\"https:\/\/www.doisipes.com.br\/\"><strong>https:\/\/www.doisipes.com.br\/ <\/strong><\/a>&nbsp;&nbsp;que em breve ter\u00e1 todas as informa\u00e7\u00f5es.<\/p>\n\n\n\n<p><br><br><strong>Sobre Rionegro e Solim\u00f5es<\/strong><\/p>\n\n\n\n<p>Em 2020\/2021, a dupla se reinventou novamente e de forma remota, lan\u00e7ou uma s\u00e9rie de excelentes produtos no mercado fonogr\u00e1fico. Al\u00e9m das diversas lives executadas com maestria no YouTube oficial, <strong>Rionegro e Solim\u00f5es<\/strong> apresentaram os EPs<strong> \u201cS\u00f3 Lembran\u00e7as\u201d 1, 2 e 3<\/strong> \u2013 sendo a quarta parte do projeto lan\u00e7ada j\u00e1 em 2021. \u201c<em>Tivemos a sacada de eternizar as lives de 2020 em um projeto concreto, \u2018S\u00f3 Lembran\u00e7as \u2013 Ac\u00fastico\u2019. Tudo foi feito de forma bem intimista\u201d, <\/em>comenta <strong>Solim\u00f5es<\/strong>. \u201c<em>Entre todas, foi uma das que mais gostamos de fazer. Como o nome diz, reunimos os principais mod\u00f5es que ambientam o nosso universo. Nada mais justo do que carimbar para as futuras gera\u00e7\u00f5es esse momento t\u00e3o at\u00edpico da nossa estrada<\/em>\u201d, analisa <strong>Rionegro<\/strong>.<\/p>\n\n\n\n<p>Comemorando 32 (trinta e duas) primaveras, \u00e9 o tipo de dupla que agrada desde a criancinha que come\u00e7a a descobrir as notas musicais at\u00e9 as pessoas que alcan\u00e7am a melhor idade. N\u00e3o tem uma faixa et\u00e1ria espec\u00edfica para gostar de cl\u00e1ssicos populares como &#8220;<strong>Pe\u00e3o Apaixonado&#8221;<\/strong>, <strong>&#8220;Frio Da Madrugada&#8221;<\/strong>, <strong>&#8220;A Gente Se Entrega&#8221;<\/strong>, <strong>&#8220;De S\u00e3o Paulo A Bel\u00e9m&#8221;, \u201cNa Sola da Bota\u201d<\/strong>, entre tantas outras can\u00e7\u00f5es que marcaram e ainda marcam a vida das pessoas. Rionegro e Solim\u00f5es chegam a essa marca sendo uma das duplas mais respeitadas do Brasil, colecionando n\u00fameros extremamente satisfat\u00f3rios. Entre colet\u00e2neas e registros de sucesso, eles somam mais de 300 m\u00fasicas gravadas, 19 CDs e 4 DVDs. Nestes anos, j\u00e1 subiram no palco mais de 7.000 vezes, venderam mais de 13 milh\u00f5es de c\u00f3pias e bateram recorde de p\u00fablico em festas de pe\u00e3o. Como reconhecimento, receberam dezenas de discos de ouro, prata, platina e platina dupla. Em tempo: eles foram os segundos artistas nacionais a gravarem um DVD no Brasil. O primeiro foi Caetano Veloso. Alguns de seus sucessos fizeram parte da trilha sonora das novelas La\u00e7os de Fam\u00edlia (&#8220;Pe\u00e3o Apaixonado&#8221;, 2000), Cabocla (&#8220;Floresce&#8221;, 2004), Am\u00e9rica (&#8220;Na Sola da Bota&#8221;, 2005) e A Favorita (&#8220;Vida Louca, 2008).<\/p>\n\n\n\n<p><strong>Contatos:<\/strong><\/p>\n\n\n\n<p><strong>Shows:<\/strong> Mega Produ\u00e7\u00f5es Art\u00edsticas: 062-3639-6132 \/ Renato Tanger 016 -99223-2106.<\/p>\n\n\n\n<p><strong>Site<\/strong> &#8211; <a href=\"http:\/\/rionegroesolimoes.com.br\/\" target=\"_blank\" rel=\"noreferrer noopener\">http:\/\/rionegroesolimoes.com.br\/<\/a><\/p>\n\n\n\n<p><strong>Canal Oficial do YouTube<\/strong> &#8211; <a href=\"https:\/\/www.youtube.com\/user\/rnegroesolimoes\" target=\"_blank\" rel=\"noreferrer noopener\">https:\/\/www.youtube.com\/user\/rnegroesolimoes<\/a><\/p>\n\n\n\n<p><strong>Facebook &#8211; <\/strong><a href=\"https:\/\/www.facebook.com\/rionegroesolimoesoficial\" target=\"_blank\" rel=\"noreferrer noopener\">https:\/\/www.facebook.com\/rionegroesolimoesoficial<\/a>\u00a0 <strong>Twitter<\/strong> &#8211; <a href=\"https:\/\/twitter.com\/rnegroesolimoes\" target=\"_blank\" rel=\"noreferrer noopener\">@rionegroesolimoes<\/a>\u00a0\u00a0<\/p>\n\n\n\n<p><strong>Instagram Dupla<\/strong> &#8211; <a href=\"https:\/\/www.instagram.com\/rionegroesolimoes\/\" target=\"_blank\" rel=\"noreferrer noopener\">@rionegroesolimoes \u00a0 \u00a0 <\/a><strong>Instagram Rionegro<\/strong> &#8211; <a href=\"https:\/\/www.instagram.com\/rionegrocantor\/\" target=\"_blank\" rel=\"noreferrer noopener\">@rionegrocantor<\/a> \u00a0\u00a0<strong>Instagram Solim\u00f5es<\/strong> &#8211; <a href=\"https:\/\/www.instagram.com\/solimoescantor\/\" target=\"_blank\" rel=\"noreferrer noopener\">@solimoescantor<\/a>\u00a0<\/p>\n\n\n\n<p><\/p><iframe allow=\"autoplay *; encrypted-media *; fullscreen *\" frameborder=\"0\" height=\"450\" style=\"width:100%;max-width:660px;overflow:hidden;background:transparent;\" sandbox=\"allow-forms allow-popups allow-same-origin allow-scripts allow-storage-access-by-user-activation allow-top-navigation-by-user-activation\" src=\"https:\/\/embed.podcasts.apple.com\/br\/podcast\/podcast-cidademarketing\/id1371923283\"><\/iframe>\n\n\n\n\n<p><\/p>\n","protected":false},"excerpt":{"rendered":"<p>Seguindo a m\u00e1xima de que \u201co artista vai onde o povo est\u00e1\u201d, Rionegro e Solim\u00f5es n\u00e3o pouparam esfor\u00e7os e durante 18 (dezoito) anos focaram suas carreiras na elabora\u00e7\u00e3o de turn\u00eas e concretiza\u00e7\u00e3o de shows nas mais diversas cidades desse Brasilz\u00e3o! Do Oiapoque ao Chu\u00ed.\u00a0 Ap\u00f3s confirmarem que est\u00e3o trabalhando em um novo DVD, Rionegro e [&hellip;]<\/p>\n","protected":false},"author":1,"featured_media":31329,"comment_status":"open","ping_status":"open","sticky":false,"template":"","format":"standard","meta":{"tdm_status":"","tdm_grid_status":"","footnotes":""},"categories":[6],"tags":[33,28,1742,4834,2798],"class_list":["post-31328","post","type-post","status-publish","format-standard","has-post-thumbnail","hentry","category-noticias","tag-estrategia","tag-marketing","tag-musica","tag-rionegro-e-solimoes","tag-sertanejo"],"yoast_head":"<!-- This site is optimized with the Yoast SEO plugin v27.5 - https:\/\/yoast.com\/product\/yoast-seo-wordpress\/ -->\n<title>Ap\u00f3s 18 anos, Rionegro e Solim\u00f5es confirmam grava\u00e7\u00e3o de novo DVD - CidadeMarketing<\/title>\n<meta name=\"robots\" content=\"index, follow, max-snippet:-1, max-image-preview:large, max-video-preview:-1\" \/>\n<link rel=\"canonical\" href=\"https:\/\/www.cidademarketing.com.br\/marketing\/2021\/11\/03\/apos-18-anos-rionegro-e-solimoes-confirmam-gravacao-de-novo-dvd\/\" \/>\n<meta property=\"og:locale\" content=\"pt_BR\" \/>\n<meta property=\"og:type\" content=\"article\" \/>\n<meta property=\"og:title\" content=\"Ap\u00f3s 18 anos, Rionegro e Solim\u00f5es confirmam grava\u00e7\u00e3o de novo DVD - CidadeMarketing\" \/>\n<meta property=\"og:description\" content=\"Seguindo a m\u00e1xima de que \u201co artista vai onde o povo est\u00e1\u201d, Rionegro e Solim\u00f5es n\u00e3o pouparam esfor\u00e7os e durante 18 (dezoito) anos focaram suas carreiras na elabora\u00e7\u00e3o de turn\u00eas e concretiza\u00e7\u00e3o de shows nas mais diversas cidades desse Brasilz\u00e3o! Do Oiapoque ao Chu\u00ed.\u00a0 Ap\u00f3s confirmarem que est\u00e3o trabalhando em um novo DVD, Rionegro e [&hellip;]\" \/>\n<meta property=\"og:url\" content=\"https:\/\/www.cidademarketing.com.br\/marketing\/2021\/11\/03\/apos-18-anos-rionegro-e-solimoes-confirmam-gravacao-de-novo-dvd\/\" \/>\n<meta property=\"og:site_name\" content=\"CidadeMarketing\" \/>\n<meta property=\"article:publisher\" content=\"https:\/\/www.facebook.com\/portalcidademarketing\" \/>\n<meta property=\"article:author\" content=\"https:\/\/www.facebook.com\/thalesbrandao\" \/>\n<meta property=\"article:published_time\" content=\"2021-11-03T22:15:39+00:00\" \/>\n<meta property=\"article:modified_time\" content=\"2021-11-03T22:15:42+00:00\" \/>\n<meta property=\"og:image\" content=\"https:\/\/www.cidademarketing.com.br\/marketing\/wp-content\/uploads\/2021\/11\/Rionegro-e-Solimoes-Fotos-em-alta-_Creditos-fotos_-Lello-Teofilo2.png\" \/>\n\t<meta property=\"og:image:width\" content=\"1080\" \/>\n\t<meta property=\"og:image:height\" content=\"1080\" \/>\n\t<meta property=\"og:image:type\" content=\"image\/png\" \/>\n<meta name=\"author\" content=\"Thales Brand\u00e3o\" \/>\n<meta name=\"twitter:card\" content=\"summary_large_image\" \/>\n<meta name=\"twitter:creator\" content=\"@http:\/\/www.twitter.com\/thalesbrandao\" \/>\n<meta name=\"twitter:site\" content=\"@CidadeMarketing\" \/>\n<meta name=\"twitter:label1\" content=\"Escrito por\" \/>\n\t<meta name=\"twitter:data1\" content=\"Thales Brand\u00e3o\" \/>\n\t<meta name=\"twitter:label2\" content=\"Est. tempo de leitura\" \/>\n\t<meta name=\"twitter:data2\" content=\"4 minutos\" \/>\n<script type=\"application\/ld+json\" class=\"yoast-schema-graph\">{\"@context\":\"https:\\\/\\\/schema.org\",\"@graph\":[{\"@type\":\"Article\",\"@id\":\"https:\\\/\\\/www.cidademarketing.com.br\\\/marketing\\\/2021\\\/11\\\/03\\\/apos-18-anos-rionegro-e-solimoes-confirmam-gravacao-de-novo-dvd\\\/#article\",\"isPartOf\":{\"@id\":\"https:\\\/\\\/www.cidademarketing.com.br\\\/marketing\\\/2021\\\/11\\\/03\\\/apos-18-anos-rionegro-e-solimoes-confirmam-gravacao-de-novo-dvd\\\/\"},\"author\":{\"name\":\"Thales Brand\u00e3o\",\"@id\":\"https:\\\/\\\/www.cidademarketing.com.br\\\/marketing\\\/#\\\/schema\\\/person\\\/02daff9f18bd9378c9e01eb6b2db155f\"},\"headline\":\"Ap\u00f3s 18 anos, Rionegro e Solim\u00f5es confirmam grava\u00e7\u00e3o de novo DVD\",\"datePublished\":\"2021-11-03T22:15:39+00:00\",\"dateModified\":\"2021-11-03T22:15:42+00:00\",\"mainEntityOfPage\":{\"@id\":\"https:\\\/\\\/www.cidademarketing.com.br\\\/marketing\\\/2021\\\/11\\\/03\\\/apos-18-anos-rionegro-e-solimoes-confirmam-gravacao-de-novo-dvd\\\/\"},\"wordCount\":886,\"commentCount\":0,\"publisher\":{\"@id\":\"https:\\\/\\\/www.cidademarketing.com.br\\\/marketing\\\/#organization\"},\"image\":{\"@id\":\"https:\\\/\\\/www.cidademarketing.com.br\\\/marketing\\\/2021\\\/11\\\/03\\\/apos-18-anos-rionegro-e-solimoes-confirmam-gravacao-de-novo-dvd\\\/#primaryimage\"},\"thumbnailUrl\":\"https:\\\/\\\/www.cidademarketing.com.br\\\/marketing\\\/wp-content\\\/uploads\\\/2021\\\/11\\\/Rionegro-e-Solimoes-Fotos-em-alta-_Creditos-fotos_-Lello-Teofilo2.png\",\"keywords\":[\"estrat\u00e9gia\",\"marketing\",\"m\u00fasica\",\"Rionegro e Solim\u00f5es\",\"sertanejo\"],\"articleSection\":[\"Not\u00edcias\"],\"inLanguage\":\"pt-BR\",\"potentialAction\":[{\"@type\":\"CommentAction\",\"name\":\"Comment\",\"target\":[\"https:\\\/\\\/www.cidademarketing.com.br\\\/marketing\\\/2021\\\/11\\\/03\\\/apos-18-anos-rionegro-e-solimoes-confirmam-gravacao-de-novo-dvd\\\/#respond\"]}]},{\"@type\":\"WebPage\",\"@id\":\"https:\\\/\\\/www.cidademarketing.com.br\\\/marketing\\\/2021\\\/11\\\/03\\\/apos-18-anos-rionegro-e-solimoes-confirmam-gravacao-de-novo-dvd\\\/\",\"url\":\"https:\\\/\\\/www.cidademarketing.com.br\\\/marketing\\\/2021\\\/11\\\/03\\\/apos-18-anos-rionegro-e-solimoes-confirmam-gravacao-de-novo-dvd\\\/\",\"name\":\"Ap\u00f3s 18 anos, Rionegro e Solim\u00f5es confirmam grava\u00e7\u00e3o de novo DVD - CidadeMarketing\",\"isPartOf\":{\"@id\":\"https:\\\/\\\/www.cidademarketing.com.br\\\/marketing\\\/#website\"},\"primaryImageOfPage\":{\"@id\":\"https:\\\/\\\/www.cidademarketing.com.br\\\/marketing\\\/2021\\\/11\\\/03\\\/apos-18-anos-rionegro-e-solimoes-confirmam-gravacao-de-novo-dvd\\\/#primaryimage\"},\"image\":{\"@id\":\"https:\\\/\\\/www.cidademarketing.com.br\\\/marketing\\\/2021\\\/11\\\/03\\\/apos-18-anos-rionegro-e-solimoes-confirmam-gravacao-de-novo-dvd\\\/#primaryimage\"},\"thumbnailUrl\":\"https:\\\/\\\/www.cidademarketing.com.br\\\/marketing\\\/wp-content\\\/uploads\\\/2021\\\/11\\\/Rionegro-e-Solimoes-Fotos-em-alta-_Creditos-fotos_-Lello-Teofilo2.png\",\"datePublished\":\"2021-11-03T22:15:39+00:00\",\"dateModified\":\"2021-11-03T22:15:42+00:00\",\"breadcrumb\":{\"@id\":\"https:\\\/\\\/www.cidademarketing.com.br\\\/marketing\\\/2021\\\/11\\\/03\\\/apos-18-anos-rionegro-e-solimoes-confirmam-gravacao-de-novo-dvd\\\/#breadcrumb\"},\"inLanguage\":\"pt-BR\",\"potentialAction\":[{\"@type\":\"ReadAction\",\"target\":[\"https:\\\/\\\/www.cidademarketing.com.br\\\/marketing\\\/2021\\\/11\\\/03\\\/apos-18-anos-rionegro-e-solimoes-confirmam-gravacao-de-novo-dvd\\\/\"]}]},{\"@type\":\"ImageObject\",\"inLanguage\":\"pt-BR\",\"@id\":\"https:\\\/\\\/www.cidademarketing.com.br\\\/marketing\\\/2021\\\/11\\\/03\\\/apos-18-anos-rionegro-e-solimoes-confirmam-gravacao-de-novo-dvd\\\/#primaryimage\",\"url\":\"https:\\\/\\\/www.cidademarketing.com.br\\\/marketing\\\/wp-content\\\/uploads\\\/2021\\\/11\\\/Rionegro-e-Solimoes-Fotos-em-alta-_Creditos-fotos_-Lello-Teofilo2.png\",\"contentUrl\":\"https:\\\/\\\/www.cidademarketing.com.br\\\/marketing\\\/wp-content\\\/uploads\\\/2021\\\/11\\\/Rionegro-e-Solimoes-Fotos-em-alta-_Creditos-fotos_-Lello-Teofilo2.png\",\"width\":1080,\"height\":1080,\"caption\":\"foto: Lello Te\u00f3filo\"},{\"@type\":\"BreadcrumbList\",\"@id\":\"https:\\\/\\\/www.cidademarketing.com.br\\\/marketing\\\/2021\\\/11\\\/03\\\/apos-18-anos-rionegro-e-solimoes-confirmam-gravacao-de-novo-dvd\\\/#breadcrumb\",\"itemListElement\":[{\"@type\":\"ListItem\",\"position\":1,\"name\":\"In\u00edcio\",\"item\":\"https:\\\/\\\/www.cidademarketing.com.br\\\/marketing\\\/\"},{\"@type\":\"ListItem\",\"position\":2,\"name\":\"Ap\u00f3s 18 anos, Rionegro e Solim\u00f5es confirmam grava\u00e7\u00e3o de novo DVD\"}]},{\"@type\":\"WebSite\",\"@id\":\"https:\\\/\\\/www.cidademarketing.com.br\\\/marketing\\\/#website\",\"url\":\"https:\\\/\\\/www.cidademarketing.com.br\\\/marketing\\\/\",\"name\":\"CidadeMarketing\",\"description\":\"Somos um ve\u00edculo de comunica\u00e7\u00e3o de destaque no Brasil, reconhecido por conte\u00fados nos segmentos de marketing, empreendedorismo e inova\u00e7\u00e3o.\",\"publisher\":{\"@id\":\"https:\\\/\\\/www.cidademarketing.com.br\\\/marketing\\\/#organization\"},\"alternateName\":\"CidadeMarketing\",\"potentialAction\":[{\"@type\":\"SearchAction\",\"target\":{\"@type\":\"EntryPoint\",\"urlTemplate\":\"https:\\\/\\\/www.cidademarketing.com.br\\\/marketing\\\/?s={search_term_string}\"},\"query-input\":{\"@type\":\"PropertyValueSpecification\",\"valueRequired\":true,\"valueName\":\"search_term_string\"}}],\"inLanguage\":\"pt-BR\"},{\"@type\":\"Organization\",\"@id\":\"https:\\\/\\\/www.cidademarketing.com.br\\\/marketing\\\/#organization\",\"name\":\"CidadeMarketing\",\"alternateName\":\"CidadeMarketing\",\"url\":\"https:\\\/\\\/www.cidademarketing.com.br\\\/marketing\\\/\",\"logo\":{\"@type\":\"ImageObject\",\"inLanguage\":\"pt-BR\",\"@id\":\"https:\\\/\\\/www.cidademarketing.com.br\\\/marketing\\\/#\\\/schema\\\/logo\\\/image\\\/\",\"url\":\"https:\\\/\\\/www.cidademarketing.com.br\\\/marketing\\\/wp-content\\\/uploads\\\/2020\\\/01\\\/cidademarketing_marca_mobile.png\",\"contentUrl\":\"https:\\\/\\\/www.cidademarketing.com.br\\\/marketing\\\/wp-content\\\/uploads\\\/2020\\\/01\\\/cidademarketing_marca_mobile.png\",\"width\":230,\"height\":92,\"caption\":\"CidadeMarketing\"},\"image\":{\"@id\":\"https:\\\/\\\/www.cidademarketing.com.br\\\/marketing\\\/#\\\/schema\\\/logo\\\/image\\\/\"},\"sameAs\":[\"https:\\\/\\\/www.facebook.com\\\/portalcidademarketing\",\"https:\\\/\\\/x.com\\\/CidadeMarketing\",\"https:\\\/\\\/www.instagram.com\\\/cidademarketing\\\/\"]},{\"@type\":\"Person\",\"@id\":\"https:\\\/\\\/www.cidademarketing.com.br\\\/marketing\\\/#\\\/schema\\\/person\\\/02daff9f18bd9378c9e01eb6b2db155f\",\"name\":\"Thales Brand\u00e3o\",\"image\":{\"@type\":\"ImageObject\",\"inLanguage\":\"pt-BR\",\"@id\":\"https:\\\/\\\/secure.gravatar.com\\\/avatar\\\/7ca3206950207cc3cb48feec56a8a7898741ab725c368d99d5d7a5a50aab80c6?s=96&d=mm&r=g\",\"url\":\"https:\\\/\\\/secure.gravatar.com\\\/avatar\\\/7ca3206950207cc3cb48feec56a8a7898741ab725c368d99d5d7a5a50aab80c6?s=96&d=mm&r=g\",\"contentUrl\":\"https:\\\/\\\/secure.gravatar.com\\\/avatar\\\/7ca3206950207cc3cb48feec56a8a7898741ab725c368d99d5d7a5a50aab80c6?s=96&d=mm&r=g\",\"caption\":\"Thales Brand\u00e3o\"},\"description\":\"Editor Executivo do Portal CidadeMarketing.com.br &gt; Mestre em Comunica\u00e7\u00e3o e Sociedade pela Universidade Federal de Sergipe. Possui MBA Executivo em Administra\u00e7\u00e3o com \u00eanfase em Marketing pela Funda\u00e7\u00e3o Get\u00falio Vargas - Rio de Janeiro. Consultor, Palestrante e Pesquisador sobre Empreendedorismo, Marketing, Redes Sociais e Neg\u00f3cios Digitais. Professor, Palestrante TedxTalks e Campus Party. Twitter: @ThalesBrandao\",\"sameAs\":[\"http:\\\/\\\/www.mandacaru.com.br\",\"https:\\\/\\\/www.facebook.com\\\/thalesbrandao\",\"http:\\\/\\\/www.instagram.com.br\\\/thalesbrandaoferreira\",\"https:\\\/\\\/www.linkedin.com\\\/in\\\/thales-brand\u00e3o-3948609\\\/\",\"https:\\\/\\\/x.com\\\/http:\\\/\\\/www.twitter.com\\\/thalesbrandao\"],\"url\":\"https:\\\/\\\/www.cidademarketing.com.br\\\/marketing\\\/author\\\/thalesbrandao\\\/\"}]}<\/script>\n<!-- \/ Yoast SEO plugin. -->","yoast_head_json":{"title":"Ap\u00f3s 18 anos, Rionegro e Solim\u00f5es confirmam grava\u00e7\u00e3o de novo DVD - CidadeMarketing","robots":{"index":"index","follow":"follow","max-snippet":"max-snippet:-1","max-image-preview":"max-image-preview:large","max-video-preview":"max-video-preview:-1"},"canonical":"https:\/\/www.cidademarketing.com.br\/marketing\/2021\/11\/03\/apos-18-anos-rionegro-e-solimoes-confirmam-gravacao-de-novo-dvd\/","og_locale":"pt_BR","og_type":"article","og_title":"Ap\u00f3s 18 anos, Rionegro e Solim\u00f5es confirmam grava\u00e7\u00e3o de novo DVD - CidadeMarketing","og_description":"Seguindo a m\u00e1xima de que \u201co artista vai onde o povo est\u00e1\u201d, Rionegro e Solim\u00f5es n\u00e3o pouparam esfor\u00e7os e durante 18 (dezoito) anos focaram suas carreiras na elabora\u00e7\u00e3o de turn\u00eas e concretiza\u00e7\u00e3o de shows nas mais diversas cidades desse Brasilz\u00e3o! Do Oiapoque ao Chu\u00ed.\u00a0 Ap\u00f3s confirmarem que est\u00e3o trabalhando em um novo DVD, Rionegro e [&hellip;]","og_url":"https:\/\/www.cidademarketing.com.br\/marketing\/2021\/11\/03\/apos-18-anos-rionegro-e-solimoes-confirmam-gravacao-de-novo-dvd\/","og_site_name":"CidadeMarketing","article_publisher":"https:\/\/www.facebook.com\/portalcidademarketing","article_author":"https:\/\/www.facebook.com\/thalesbrandao","article_published_time":"2021-11-03T22:15:39+00:00","article_modified_time":"2021-11-03T22:15:42+00:00","og_image":[{"width":1080,"height":1080,"url":"https:\/\/www.cidademarketing.com.br\/marketing\/wp-content\/uploads\/2021\/11\/Rionegro-e-Solimoes-Fotos-em-alta-_Creditos-fotos_-Lello-Teofilo2.png","type":"image\/png"}],"author":"Thales Brand\u00e3o","twitter_card":"summary_large_image","twitter_creator":"@http:\/\/www.twitter.com\/thalesbrandao","twitter_site":"@CidadeMarketing","twitter_misc":{"Escrito por":"Thales Brand\u00e3o","Est. tempo de leitura":"4 minutos"},"schema":{"@context":"https:\/\/schema.org","@graph":[{"@type":"Article","@id":"https:\/\/www.cidademarketing.com.br\/marketing\/2021\/11\/03\/apos-18-anos-rionegro-e-solimoes-confirmam-gravacao-de-novo-dvd\/#article","isPartOf":{"@id":"https:\/\/www.cidademarketing.com.br\/marketing\/2021\/11\/03\/apos-18-anos-rionegro-e-solimoes-confirmam-gravacao-de-novo-dvd\/"},"author":{"name":"Thales Brand\u00e3o","@id":"https:\/\/www.cidademarketing.com.br\/marketing\/#\/schema\/person\/02daff9f18bd9378c9e01eb6b2db155f"},"headline":"Ap\u00f3s 18 anos, Rionegro e Solim\u00f5es confirmam grava\u00e7\u00e3o de novo DVD","datePublished":"2021-11-03T22:15:39+00:00","dateModified":"2021-11-03T22:15:42+00:00","mainEntityOfPage":{"@id":"https:\/\/www.cidademarketing.com.br\/marketing\/2021\/11\/03\/apos-18-anos-rionegro-e-solimoes-confirmam-gravacao-de-novo-dvd\/"},"wordCount":886,"commentCount":0,"publisher":{"@id":"https:\/\/www.cidademarketing.com.br\/marketing\/#organization"},"image":{"@id":"https:\/\/www.cidademarketing.com.br\/marketing\/2021\/11\/03\/apos-18-anos-rionegro-e-solimoes-confirmam-gravacao-de-novo-dvd\/#primaryimage"},"thumbnailUrl":"https:\/\/www.cidademarketing.com.br\/marketing\/wp-content\/uploads\/2021\/11\/Rionegro-e-Solimoes-Fotos-em-alta-_Creditos-fotos_-Lello-Teofilo2.png","keywords":["estrat\u00e9gia","marketing","m\u00fasica","Rionegro e Solim\u00f5es","sertanejo"],"articleSection":["Not\u00edcias"],"inLanguage":"pt-BR","potentialAction":[{"@type":"CommentAction","name":"Comment","target":["https:\/\/www.cidademarketing.com.br\/marketing\/2021\/11\/03\/apos-18-anos-rionegro-e-solimoes-confirmam-gravacao-de-novo-dvd\/#respond"]}]},{"@type":"WebPage","@id":"https:\/\/www.cidademarketing.com.br\/marketing\/2021\/11\/03\/apos-18-anos-rionegro-e-solimoes-confirmam-gravacao-de-novo-dvd\/","url":"https:\/\/www.cidademarketing.com.br\/marketing\/2021\/11\/03\/apos-18-anos-rionegro-e-solimoes-confirmam-gravacao-de-novo-dvd\/","name":"Ap\u00f3s 18 anos, Rionegro e Solim\u00f5es confirmam grava\u00e7\u00e3o de novo DVD - CidadeMarketing","isPartOf":{"@id":"https:\/\/www.cidademarketing.com.br\/marketing\/#website"},"primaryImageOfPage":{"@id":"https:\/\/www.cidademarketing.com.br\/marketing\/2021\/11\/03\/apos-18-anos-rionegro-e-solimoes-confirmam-gravacao-de-novo-dvd\/#primaryimage"},"image":{"@id":"https:\/\/www.cidademarketing.com.br\/marketing\/2021\/11\/03\/apos-18-anos-rionegro-e-solimoes-confirmam-gravacao-de-novo-dvd\/#primaryimage"},"thumbnailUrl":"https:\/\/www.cidademarketing.com.br\/marketing\/wp-content\/uploads\/2021\/11\/Rionegro-e-Solimoes-Fotos-em-alta-_Creditos-fotos_-Lello-Teofilo2.png","datePublished":"2021-11-03T22:15:39+00:00","dateModified":"2021-11-03T22:15:42+00:00","breadcrumb":{"@id":"https:\/\/www.cidademarketing.com.br\/marketing\/2021\/11\/03\/apos-18-anos-rionegro-e-solimoes-confirmam-gravacao-de-novo-dvd\/#breadcrumb"},"inLanguage":"pt-BR","potentialAction":[{"@type":"ReadAction","target":["https:\/\/www.cidademarketing.com.br\/marketing\/2021\/11\/03\/apos-18-anos-rionegro-e-solimoes-confirmam-gravacao-de-novo-dvd\/"]}]},{"@type":"ImageObject","inLanguage":"pt-BR","@id":"https:\/\/www.cidademarketing.com.br\/marketing\/2021\/11\/03\/apos-18-anos-rionegro-e-solimoes-confirmam-gravacao-de-novo-dvd\/#primaryimage","url":"https:\/\/www.cidademarketing.com.br\/marketing\/wp-content\/uploads\/2021\/11\/Rionegro-e-Solimoes-Fotos-em-alta-_Creditos-fotos_-Lello-Teofilo2.png","contentUrl":"https:\/\/www.cidademarketing.com.br\/marketing\/wp-content\/uploads\/2021\/11\/Rionegro-e-Solimoes-Fotos-em-alta-_Creditos-fotos_-Lello-Teofilo2.png","width":1080,"height":1080,"caption":"foto: Lello Te\u00f3filo"},{"@type":"BreadcrumbList","@id":"https:\/\/www.cidademarketing.com.br\/marketing\/2021\/11\/03\/apos-18-anos-rionegro-e-solimoes-confirmam-gravacao-de-novo-dvd\/#breadcrumb","itemListElement":[{"@type":"ListItem","position":1,"name":"In\u00edcio","item":"https:\/\/www.cidademarketing.com.br\/marketing\/"},{"@type":"ListItem","position":2,"name":"Ap\u00f3s 18 anos, Rionegro e Solim\u00f5es confirmam grava\u00e7\u00e3o de novo DVD"}]},{"@type":"WebSite","@id":"https:\/\/www.cidademarketing.com.br\/marketing\/#website","url":"https:\/\/www.cidademarketing.com.br\/marketing\/","name":"CidadeMarketing","description":"Somos um ve\u00edculo de comunica\u00e7\u00e3o de destaque no Brasil, reconhecido por conte\u00fados nos segmentos de marketing, empreendedorismo e inova\u00e7\u00e3o.","publisher":{"@id":"https:\/\/www.cidademarketing.com.br\/marketing\/#organization"},"alternateName":"CidadeMarketing","potentialAction":[{"@type":"SearchAction","target":{"@type":"EntryPoint","urlTemplate":"https:\/\/www.cidademarketing.com.br\/marketing\/?s={search_term_string}"},"query-input":{"@type":"PropertyValueSpecification","valueRequired":true,"valueName":"search_term_string"}}],"inLanguage":"pt-BR"},{"@type":"Organization","@id":"https:\/\/www.cidademarketing.com.br\/marketing\/#organization","name":"CidadeMarketing","alternateName":"CidadeMarketing","url":"https:\/\/www.cidademarketing.com.br\/marketing\/","logo":{"@type":"ImageObject","inLanguage":"pt-BR","@id":"https:\/\/www.cidademarketing.com.br\/marketing\/#\/schema\/logo\/image\/","url":"https:\/\/www.cidademarketing.com.br\/marketing\/wp-content\/uploads\/2020\/01\/cidademarketing_marca_mobile.png","contentUrl":"https:\/\/www.cidademarketing.com.br\/marketing\/wp-content\/uploads\/2020\/01\/cidademarketing_marca_mobile.png","width":230,"height":92,"caption":"CidadeMarketing"},"image":{"@id":"https:\/\/www.cidademarketing.com.br\/marketing\/#\/schema\/logo\/image\/"},"sameAs":["https:\/\/www.facebook.com\/portalcidademarketing","https:\/\/x.com\/CidadeMarketing","https:\/\/www.instagram.com\/cidademarketing\/"]},{"@type":"Person","@id":"https:\/\/www.cidademarketing.com.br\/marketing\/#\/schema\/person\/02daff9f18bd9378c9e01eb6b2db155f","name":"Thales Brand\u00e3o","image":{"@type":"ImageObject","inLanguage":"pt-BR","@id":"https:\/\/secure.gravatar.com\/avatar\/7ca3206950207cc3cb48feec56a8a7898741ab725c368d99d5d7a5a50aab80c6?s=96&d=mm&r=g","url":"https:\/\/secure.gravatar.com\/avatar\/7ca3206950207cc3cb48feec56a8a7898741ab725c368d99d5d7a5a50aab80c6?s=96&d=mm&r=g","contentUrl":"https:\/\/secure.gravatar.com\/avatar\/7ca3206950207cc3cb48feec56a8a7898741ab725c368d99d5d7a5a50aab80c6?s=96&d=mm&r=g","caption":"Thales Brand\u00e3o"},"description":"Editor Executivo do Portal CidadeMarketing.com.br &gt; Mestre em Comunica\u00e7\u00e3o e Sociedade pela Universidade Federal de Sergipe. Possui MBA Executivo em Administra\u00e7\u00e3o com \u00eanfase em Marketing pela Funda\u00e7\u00e3o Get\u00falio Vargas - Rio de Janeiro. Consultor, Palestrante e Pesquisador sobre Empreendedorismo, Marketing, Redes Sociais e Neg\u00f3cios Digitais. Professor, Palestrante TedxTalks e Campus Party. Twitter: @ThalesBrandao","sameAs":["http:\/\/www.mandacaru.com.br","https:\/\/www.facebook.com\/thalesbrandao","http:\/\/www.instagram.com.br\/thalesbrandaoferreira","https:\/\/www.linkedin.com\/in\/thales-brand\u00e3o-3948609\/","https:\/\/x.com\/http:\/\/www.twitter.com\/thalesbrandao"],"url":"https:\/\/www.cidademarketing.com.br\/marketing\/author\/thalesbrandao\/"}]}},"amp_enabled":true,"_links":{"self":[{"href":"https:\/\/www.cidademarketing.com.br\/marketing\/wp-json\/wp\/v2\/posts\/31328","targetHints":{"allow":["GET"]}}],"collection":[{"href":"https:\/\/www.cidademarketing.com.br\/marketing\/wp-json\/wp\/v2\/posts"}],"about":[{"href":"https:\/\/www.cidademarketing.com.br\/marketing\/wp-json\/wp\/v2\/types\/post"}],"author":[{"embeddable":true,"href":"https:\/\/www.cidademarketing.com.br\/marketing\/wp-json\/wp\/v2\/users\/1"}],"replies":[{"embeddable":true,"href":"https:\/\/www.cidademarketing.com.br\/marketing\/wp-json\/wp\/v2\/comments?post=31328"}],"version-history":[{"count":1,"href":"https:\/\/www.cidademarketing.com.br\/marketing\/wp-json\/wp\/v2\/posts\/31328\/revisions"}],"predecessor-version":[{"id":31330,"href":"https:\/\/www.cidademarketing.com.br\/marketing\/wp-json\/wp\/v2\/posts\/31328\/revisions\/31330"}],"wp:featuredmedia":[{"embeddable":true,"href":"https:\/\/www.cidademarketing.com.br\/marketing\/wp-json\/wp\/v2\/media\/31329"}],"wp:attachment":[{"href":"https:\/\/www.cidademarketing.com.br\/marketing\/wp-json\/wp\/v2\/media?parent=31328"}],"wp:term":[{"taxonomy":"category","embeddable":true,"href":"https:\/\/www.cidademarketing.com.br\/marketing\/wp-json\/wp\/v2\/categories?post=31328"},{"taxonomy":"post_tag","embeddable":true,"href":"https:\/\/www.cidademarketing.com.br\/marketing\/wp-json\/wp\/v2\/tags?post=31328"}],"curies":[{"name":"wp","href":"https:\/\/api.w.org\/{rel}","templated":true}]}}