{"id":3132,"date":"2018-11-19T15:48:54","date_gmt":"2018-11-19T17:48:54","guid":{"rendered":"http:\/\/www.cidademarketing.com.br\/marketing\/?p=3132"},"modified":"2018-11-19T15:48:54","modified_gmt":"2018-11-19T17:48:54","slug":"podcast-30-estudos-economicos-projeta-um-crescimento-em-torno-de-45-das-vendas-nesta-black-friday","status":"publish","type":"post","link":"https:\/\/www.cidademarketing.com.br\/marketing\/2018\/11\/19\/podcast-30-estudos-economicos-projeta-um-crescimento-em-torno-de-45-das-vendas-nesta-black-friday\/","title":{"rendered":"Podcast #30 Estudos Econ\u00f4micos projeta um crescimento em torno de 4,5% das vendas nesta Black Friday"},"content":{"rendered":"<p><iframe src=\"https:\/\/w.soundcloud.com\/player\/?url=https%3A\/\/api.soundcloud.com\/tracks\/532070889&amp;color=%23ff5500&amp;auto_play=false&amp;hide_related=false&amp;show_comments=true&amp;show_user=true&amp;show_reposts=false&amp;show_teaser=true&amp;visual=true\" width=\"100%\" height=\"300\" frameborder=\"no\" scrolling=\"no\"><\/iframe><\/p>\n<p><strong>Podcast #30 Estudos Econ\u00f4micos projeta um crescimento em torno de 4,5% das vendas nesta Black Friday<\/strong><\/p>\n<hr \/>\n<p>Com aprova\u00e7\u00e3o do Cade, Tim e Oi poder\u00e3o operar com compartilhamento de rede;<br \/>\nSamsung apresenta nova tela LED de cinema no Brasil;<br \/>\nBoa Vista SCPC projeta vendas na Black Friday com crescimento de 4,5%;<br \/>\n85% dos navios de cruzeiro t\u00eam padr\u00e3o de excel\u00eancia, afirma Anvisa;<br \/>\nDesemprego \u00e9 maior entre nordestinos, mulheres e negros, divulga IBGE;<br \/>\nEm uma a\u00e7\u00e3o de co-branding, Arcor lan\u00e7a sorvete de 7 Belo no mercado brasileiro;<br \/>\nLego ativa crowdfunding para lan\u00e7ar produto exclusivo focado no p\u00fablico adulto;<br \/>\nBob\u00b4s entra no clima de Black Friday com Black Sundae e Casquinha Black;<\/p>\n<p>Assine:<\/p>\n<p><a href=\"https:\/\/soundcloud.com\/cidademarketing\" target=\"_blank\" rel=\"noopener\"><img decoding=\"async\" class=\"wp-image-186 alignleft\" src=\"http:\/\/www.cidademarketing.com.br\/marketing\/wp-content\/uploads\/2018\/06\/soundcloud_podcastcidademarketing.png\" alt=\"\" width=\"66\" height=\"73\" \/><\/a><a href=\"https:\/\/itunes.apple.com\/br\/podcast\/podcast-cidademarketing\/id1371923283?l=en&amp;mt=2\" target=\"_blank\" rel=\"noopener\"><img decoding=\"async\" class=\"wp-image-182 alignleft\" src=\"http:\/\/www.cidademarketing.com.br\/marketing\/wp-content\/uploads\/2018\/06\/marca_apple.jpg\" alt=\"\" width=\"55\" height=\"58\" \/><\/a><\/p>\n<p><a href=\"https:\/\/castbox.fm\/channel\/CidadeMarketing-id1204043?country=br\" target=\"_blank\" rel=\"noopener\"><img decoding=\"async\" class=\"wp-image-189 alignleft\" src=\"http:\/\/www.cidademarketing.com.br\/marketing\/wp-content\/uploads\/2018\/06\/castbox_podcastcidademarekting.jpg\" alt=\"\" width=\"59\" height=\"54\" \/><\/a><\/p>\n<p><a href=\"http:\/\/feeds.feedburner.com\/PodcastCidademarketing\" target=\"_blank\" rel=\"noopener\"><img loading=\"lazy\" decoding=\"async\" class=\"wp-image-191 alignleft\" src=\"http:\/\/www.cidademarketing.com.br\/marketing\/wp-content\/uploads\/2018\/06\/rss_cidademarketing.png\" alt=\"\" width=\"50\" height=\"51\" srcset=\"https:\/\/www.cidademarketing.com.br\/marketing\/wp-content\/uploads\/2018\/06\/rss_cidademarketing-150x150.png 150w, https:\/\/www.cidademarketing.com.br\/marketing\/wp-content\/uploads\/2018\/06\/rss_cidademarketing-210x220.png 210w\" sizes=\"(max-width: 50px) 100vw, 50px\" \/><\/a><\/p>\n<p>&nbsp;<\/p>\n<p>&nbsp;<\/p>\n<p><strong>Sobre o Podcast CidadeMarketing<\/strong><\/p>\n<hr \/>\n<p>Basicamente, o podcast \u00e9 um arquivo de \u00e1udio que fala sobre um determinado tema. S\u00e3o semelhantes aos programas de r\u00e1dio criados para o mercado digital, onde voc\u00ea pode fazer downloads e escutar direto no seu smartphone, tablet ou notebook. Ouvindo os Podcasts do CidadeMarketing voc\u00ea ganha um precioso tempo assimilando conhecimento.<\/p>\n<p>Aqui voc\u00ea encontra os podcasts produzidos pela equipe do Portal CidadeMarketing. Conhe\u00e7a mais sobre marketing, empreendedorismo, inova\u00e7\u00e3o, estrat\u00e9gias, lideran\u00e7a, marcas e muitos outros assunto do mundo dos neg\u00f3cios. Toda semana temos um resumo das principais not\u00edcias.<\/p>\n<p>Nosso conte\u00fado \u00e9 desenvolvido com exclusividade para as plataformas digitais e fica dispon\u00edvel toda semana com mais de 52 epis\u00f3dios durante o ano. A cada segunda-feira, um novo programa \u00e9 gravado sob o comando no nosso editor executivo Thales Brand\u00e3o e convidados.\u00a0 Todos os entrevistados do programa s\u00e3o profissionais e professores renomados no mercado e contam sobre suas experi\u00eancias ou comentam as mat\u00e9rias que foram destaques no portal.<\/p>\n<p>O nosso canal de \u00e1udio segue o modelo dos principais Podcasts de sucesso no Brasil e no mundo e focado no comportamento do novo consumidor que preferem baixar programas e ouvir quando e onde quiser, ficando assim bem informado sobre o mundo dos neg\u00f3cios, mesmo sem sinal de r\u00e1dio ou de internet.<\/p>\n<p><strong>Como Assinar:<\/strong><\/p>\n<hr \/>\n<p>Fique por dentro de tudo que acontece no mundo dos neg\u00f3cios. Siga as dicas deste r\u00e1pido tutorial para assinar os podcasts do CidadeMarketing diretamente pelo seu smartphone, tablet ou notebook! \u00c9 simples e r\u00e1pido.<\/p>\n<p><a href=\"https:\/\/itunes.apple.com\/br\/podcast\/podcast-cidademarketing\/id1371923283?l=en&amp;mt=2\" target=\"_blank\" rel=\"noopener\"><img decoding=\"async\" class=\"wp-image-182 alignleft\" src=\"http:\/\/www.cidademarketing.com.br\/marketing\/wp-content\/uploads\/2018\/06\/marca_apple.jpg\" alt=\"\" width=\"55\" height=\"58\" \/><\/a><\/p>\n<p>&nbsp;<\/p>\n<p>&nbsp;<\/p>\n<p>Se voc\u00ea utiliza aparelho da Apple &#8211; IPhone ou IPad:\u00a0 O iTunes \u00e9 uma excelente ferramenta para quem quer acompanhar nossos podcasts de forma f\u00e1cil e din\u00e2mica. Acesse o <a href=\"https:\/\/itunes.apple.com\/br\/podcast\/podcast-cidademarketing\/id1371923283?l=en&amp;mt=2\" target=\"_blank\" rel=\"noopener\">iTunes Podcast CidadeMarketing<\/a> e assine o nosso canal.\u00a0 Se preferir pode fazer o download do aplicativo <a href=\"https:\/\/itunes.apple.com\/br\/app\/soundcloud\/id336353151?mt=8\" target=\"_blank\" rel=\"noopener\">Soundcloud para iOS<\/a> e buscar o nosso canal CidadeMarketing.<\/p>\n<p><a href=\"https:\/\/play.google.com\/store\/apps\/details?id=fm.castbox.audiobook.radio.podcast&amp;hl=pt_BR\" target=\"_blank\" rel=\"noopener\"><img loading=\"lazy\" decoding=\"async\" class=\"wp-image-193 alignleft\" src=\"http:\/\/www.cidademarketing.com.br\/marketing\/wp-content\/uploads\/2018\/06\/android_podcastcidademarketing.jpg\" alt=\"\" width=\"67\" height=\"69\" \/><\/a><\/p>\n<p>&nbsp;<\/p>\n<p>&nbsp;<\/p>\n<p>Se voc\u00ea utiliza aparelho com sistema operacional Android &#8211; fa\u00e7a o download do app <a href=\"https:\/\/play.google.com\/store\/apps\/details?id=fm.castbox.audiobook.radio.podcast&amp;hl=pt_BR\" target=\"_blank\" rel=\"noopener\">Castbox<\/a> ou <a href=\"https:\/\/play.google.com\/store\/apps\/details?id=com.soundcloud.android&amp;hl=pt-br&amp;referrer=utm_source%3Dsoundcloud%26utm_medium%3Dweb%26utm_campaign%3Dweb_xsell_user_page\" target=\"_blank\" rel=\"noopener\">Soundcloud no Google Play.<\/a><\/p>\n","protected":false},"excerpt":{"rendered":"<p>Podcast #30 Estudos Econ\u00f4micos projeta um crescimento em torno de 4,5% das vendas nesta Black Friday Com aprova\u00e7\u00e3o do Cade, Tim e Oi poder\u00e3o operar com compartilhamento de rede; Samsung apresenta nova tela LED de cinema no Brasil; Boa Vista SCPC projeta vendas na Black Friday com crescimento de 4,5%; 85% dos navios de cruzeiro [&hellip;]<\/p>\n","protected":false},"author":1,"featured_media":3133,"comment_status":"open","ping_status":"open","sticky":false,"template":"","format":"standard","meta":{"tdm_status":"","tdm_grid_status":"","footnotes":""},"categories":[41],"tags":[591,417,359,445,42,683],"class_list":["post-3132","post","type-post","status-publish","format-standard","has-post-thumbnail","hentry","category-podcast","tag-black-friday","tag-ibge","tag-lego","tag-oi","tag-podcast","tag-tim"],"yoast_head":"<!-- This site is optimized with the Yoast SEO plugin v27.5 - https:\/\/yoast.com\/product\/yoast-seo-wordpress\/ -->\n<title>Podcast #30 Estudos Econ\u00f4micos projeta um crescimento em torno de 4,5% das vendas nesta Black Friday - CidadeMarketing<\/title>\n<meta name=\"robots\" content=\"index, follow, max-snippet:-1, max-image-preview:large, max-video-preview:-1\" \/>\n<link rel=\"canonical\" href=\"https:\/\/www.cidademarketing.com.br\/marketing\/2018\/11\/19\/podcast-30-estudos-economicos-projeta-um-crescimento-em-torno-de-45-das-vendas-nesta-black-friday\/\" \/>\n<meta property=\"og:locale\" content=\"pt_BR\" \/>\n<meta property=\"og:type\" content=\"article\" \/>\n<meta property=\"og:title\" content=\"Podcast #30 Estudos Econ\u00f4micos projeta um crescimento em torno de 4,5% das vendas nesta Black Friday - CidadeMarketing\" \/>\n<meta property=\"og:description\" content=\"Podcast #30 Estudos Econ\u00f4micos projeta um crescimento em torno de 4,5% das vendas nesta Black Friday Com aprova\u00e7\u00e3o do Cade, Tim e Oi poder\u00e3o operar com compartilhamento de rede; Samsung apresenta nova tela LED de cinema no Brasil; Boa Vista SCPC projeta vendas na Black Friday com crescimento de 4,5%; 85% dos navios de cruzeiro [&hellip;]\" \/>\n<meta property=\"og:url\" content=\"https:\/\/www.cidademarketing.com.br\/marketing\/2018\/11\/19\/podcast-30-estudos-economicos-projeta-um-crescimento-em-torno-de-45-das-vendas-nesta-black-friday\/\" \/>\n<meta property=\"og:site_name\" content=\"CidadeMarketing\" \/>\n<meta property=\"article:publisher\" content=\"https:\/\/www.facebook.com\/portalcidademarketing\" \/>\n<meta property=\"article:author\" content=\"https:\/\/www.facebook.com\/thalesbrandao\" \/>\n<meta property=\"article:published_time\" content=\"2018-11-19T17:48:54+00:00\" \/>\n<meta property=\"og:image\" content=\"https:\/\/www.cidademarketing.com.br\/marketing\/wp-content\/uploads\/2018\/11\/podcast30.jpg\" \/>\n\t<meta property=\"og:image:width\" content=\"668\" \/>\n\t<meta property=\"og:image:height\" content=\"682\" \/>\n\t<meta property=\"og:image:type\" content=\"image\/jpeg\" \/>\n<meta name=\"author\" content=\"Thales Brand\u00e3o\" \/>\n<meta name=\"twitter:card\" content=\"summary_large_image\" \/>\n<meta name=\"twitter:creator\" content=\"@http:\/\/www.twitter.com\/thalesbrandao\" \/>\n<meta name=\"twitter:site\" content=\"@CidadeMarketing\" \/>\n<meta name=\"twitter:label1\" content=\"Escrito por\" \/>\n\t<meta name=\"twitter:data1\" content=\"Thales Brand\u00e3o\" \/>\n\t<meta name=\"twitter:label2\" content=\"Est. tempo de leitura\" \/>\n\t<meta name=\"twitter:data2\" content=\"2 minutos\" \/>\n<script type=\"application\/ld+json\" class=\"yoast-schema-graph\">{\"@context\":\"https:\\\/\\\/schema.org\",\"@graph\":[{\"@type\":\"Article\",\"@id\":\"https:\\\/\\\/www.cidademarketing.com.br\\\/marketing\\\/2018\\\/11\\\/19\\\/podcast-30-estudos-economicos-projeta-um-crescimento-em-torno-de-45-das-vendas-nesta-black-friday\\\/#article\",\"isPartOf\":{\"@id\":\"https:\\\/\\\/www.cidademarketing.com.br\\\/marketing\\\/2018\\\/11\\\/19\\\/podcast-30-estudos-economicos-projeta-um-crescimento-em-torno-de-45-das-vendas-nesta-black-friday\\\/\"},\"author\":{\"name\":\"Thales Brand\u00e3o\",\"@id\":\"https:\\\/\\\/www.cidademarketing.com.br\\\/marketing\\\/#\\\/schema\\\/person\\\/02daff9f18bd9378c9e01eb6b2db155f\"},\"headline\":\"Podcast #30 Estudos Econ\u00f4micos projeta um crescimento em torno de 4,5% das vendas nesta Black Friday\",\"datePublished\":\"2018-11-19T17:48:54+00:00\",\"mainEntityOfPage\":{\"@id\":\"https:\\\/\\\/www.cidademarketing.com.br\\\/marketing\\\/2018\\\/11\\\/19\\\/podcast-30-estudos-economicos-projeta-um-crescimento-em-torno-de-45-das-vendas-nesta-black-friday\\\/\"},\"wordCount\":474,\"commentCount\":0,\"publisher\":{\"@id\":\"https:\\\/\\\/www.cidademarketing.com.br\\\/marketing\\\/#organization\"},\"image\":{\"@id\":\"https:\\\/\\\/www.cidademarketing.com.br\\\/marketing\\\/2018\\\/11\\\/19\\\/podcast-30-estudos-economicos-projeta-um-crescimento-em-torno-de-45-das-vendas-nesta-black-friday\\\/#primaryimage\"},\"thumbnailUrl\":\"https:\\\/\\\/www.cidademarketing.com.br\\\/marketing\\\/wp-content\\\/uploads\\\/2018\\\/11\\\/podcast30.jpg\",\"keywords\":[\"Black Friday\",\"IBGE\",\"LEGO\",\"Oi\",\"podcast\",\"Tim\"],\"articleSection\":[\"Podcast\"],\"inLanguage\":\"pt-BR\",\"potentialAction\":[{\"@type\":\"CommentAction\",\"name\":\"Comment\",\"target\":[\"https:\\\/\\\/www.cidademarketing.com.br\\\/marketing\\\/2018\\\/11\\\/19\\\/podcast-30-estudos-economicos-projeta-um-crescimento-em-torno-de-45-das-vendas-nesta-black-friday\\\/#respond\"]}]},{\"@type\":\"WebPage\",\"@id\":\"https:\\\/\\\/www.cidademarketing.com.br\\\/marketing\\\/2018\\\/11\\\/19\\\/podcast-30-estudos-economicos-projeta-um-crescimento-em-torno-de-45-das-vendas-nesta-black-friday\\\/\",\"url\":\"https:\\\/\\\/www.cidademarketing.com.br\\\/marketing\\\/2018\\\/11\\\/19\\\/podcast-30-estudos-economicos-projeta-um-crescimento-em-torno-de-45-das-vendas-nesta-black-friday\\\/\",\"name\":\"Podcast #30 Estudos Econ\u00f4micos projeta um crescimento em torno de 4,5% das vendas nesta Black Friday - CidadeMarketing\",\"isPartOf\":{\"@id\":\"https:\\\/\\\/www.cidademarketing.com.br\\\/marketing\\\/#website\"},\"primaryImageOfPage\":{\"@id\":\"https:\\\/\\\/www.cidademarketing.com.br\\\/marketing\\\/2018\\\/11\\\/19\\\/podcast-30-estudos-economicos-projeta-um-crescimento-em-torno-de-45-das-vendas-nesta-black-friday\\\/#primaryimage\"},\"image\":{\"@id\":\"https:\\\/\\\/www.cidademarketing.com.br\\\/marketing\\\/2018\\\/11\\\/19\\\/podcast-30-estudos-economicos-projeta-um-crescimento-em-torno-de-45-das-vendas-nesta-black-friday\\\/#primaryimage\"},\"thumbnailUrl\":\"https:\\\/\\\/www.cidademarketing.com.br\\\/marketing\\\/wp-content\\\/uploads\\\/2018\\\/11\\\/podcast30.jpg\",\"datePublished\":\"2018-11-19T17:48:54+00:00\",\"breadcrumb\":{\"@id\":\"https:\\\/\\\/www.cidademarketing.com.br\\\/marketing\\\/2018\\\/11\\\/19\\\/podcast-30-estudos-economicos-projeta-um-crescimento-em-torno-de-45-das-vendas-nesta-black-friday\\\/#breadcrumb\"},\"inLanguage\":\"pt-BR\",\"potentialAction\":[{\"@type\":\"ReadAction\",\"target\":[\"https:\\\/\\\/www.cidademarketing.com.br\\\/marketing\\\/2018\\\/11\\\/19\\\/podcast-30-estudos-economicos-projeta-um-crescimento-em-torno-de-45-das-vendas-nesta-black-friday\\\/\"]}]},{\"@type\":\"ImageObject\",\"inLanguage\":\"pt-BR\",\"@id\":\"https:\\\/\\\/www.cidademarketing.com.br\\\/marketing\\\/2018\\\/11\\\/19\\\/podcast-30-estudos-economicos-projeta-um-crescimento-em-torno-de-45-das-vendas-nesta-black-friday\\\/#primaryimage\",\"url\":\"https:\\\/\\\/www.cidademarketing.com.br\\\/marketing\\\/wp-content\\\/uploads\\\/2018\\\/11\\\/podcast30.jpg\",\"contentUrl\":\"https:\\\/\\\/www.cidademarketing.com.br\\\/marketing\\\/wp-content\\\/uploads\\\/2018\\\/11\\\/podcast30.jpg\",\"width\":668,\"height\":682},{\"@type\":\"BreadcrumbList\",\"@id\":\"https:\\\/\\\/www.cidademarketing.com.br\\\/marketing\\\/2018\\\/11\\\/19\\\/podcast-30-estudos-economicos-projeta-um-crescimento-em-torno-de-45-das-vendas-nesta-black-friday\\\/#breadcrumb\",\"itemListElement\":[{\"@type\":\"ListItem\",\"position\":1,\"name\":\"In\u00edcio\",\"item\":\"https:\\\/\\\/www.cidademarketing.com.br\\\/marketing\\\/\"},{\"@type\":\"ListItem\",\"position\":2,\"name\":\"Podcast #30 Estudos Econ\u00f4micos projeta um crescimento em torno de 4,5% das vendas nesta Black Friday\"}]},{\"@type\":\"WebSite\",\"@id\":\"https:\\\/\\\/www.cidademarketing.com.br\\\/marketing\\\/#website\",\"url\":\"https:\\\/\\\/www.cidademarketing.com.br\\\/marketing\\\/\",\"name\":\"CidadeMarketing\",\"description\":\"Somos um ve\u00edculo de comunica\u00e7\u00e3o de destaque no Brasil, reconhecido por conte\u00fados nos segmentos de marketing, empreendedorismo e inova\u00e7\u00e3o.\",\"publisher\":{\"@id\":\"https:\\\/\\\/www.cidademarketing.com.br\\\/marketing\\\/#organization\"},\"alternateName\":\"CidadeMarketing\",\"potentialAction\":[{\"@type\":\"SearchAction\",\"target\":{\"@type\":\"EntryPoint\",\"urlTemplate\":\"https:\\\/\\\/www.cidademarketing.com.br\\\/marketing\\\/?s={search_term_string}\"},\"query-input\":{\"@type\":\"PropertyValueSpecification\",\"valueRequired\":true,\"valueName\":\"search_term_string\"}}],\"inLanguage\":\"pt-BR\"},{\"@type\":\"Organization\",\"@id\":\"https:\\\/\\\/www.cidademarketing.com.br\\\/marketing\\\/#organization\",\"name\":\"CidadeMarketing\",\"alternateName\":\"CidadeMarketing\",\"url\":\"https:\\\/\\\/www.cidademarketing.com.br\\\/marketing\\\/\",\"logo\":{\"@type\":\"ImageObject\",\"inLanguage\":\"pt-BR\",\"@id\":\"https:\\\/\\\/www.cidademarketing.com.br\\\/marketing\\\/#\\\/schema\\\/logo\\\/image\\\/\",\"url\":\"https:\\\/\\\/www.cidademarketing.com.br\\\/marketing\\\/wp-content\\\/uploads\\\/2020\\\/01\\\/cidademarketing_marca_mobile.png\",\"contentUrl\":\"https:\\\/\\\/www.cidademarketing.com.br\\\/marketing\\\/wp-content\\\/uploads\\\/2020\\\/01\\\/cidademarketing_marca_mobile.png\",\"width\":230,\"height\":92,\"caption\":\"CidadeMarketing\"},\"image\":{\"@id\":\"https:\\\/\\\/www.cidademarketing.com.br\\\/marketing\\\/#\\\/schema\\\/logo\\\/image\\\/\"},\"sameAs\":[\"https:\\\/\\\/www.facebook.com\\\/portalcidademarketing\",\"https:\\\/\\\/x.com\\\/CidadeMarketing\",\"https:\\\/\\\/www.instagram.com\\\/cidademarketing\\\/\"]},{\"@type\":\"Person\",\"@id\":\"https:\\\/\\\/www.cidademarketing.com.br\\\/marketing\\\/#\\\/schema\\\/person\\\/02daff9f18bd9378c9e01eb6b2db155f\",\"name\":\"Thales Brand\u00e3o\",\"image\":{\"@type\":\"ImageObject\",\"inLanguage\":\"pt-BR\",\"@id\":\"https:\\\/\\\/secure.gravatar.com\\\/avatar\\\/7ca3206950207cc3cb48feec56a8a7898741ab725c368d99d5d7a5a50aab80c6?s=96&d=mm&r=g\",\"url\":\"https:\\\/\\\/secure.gravatar.com\\\/avatar\\\/7ca3206950207cc3cb48feec56a8a7898741ab725c368d99d5d7a5a50aab80c6?s=96&d=mm&r=g\",\"contentUrl\":\"https:\\\/\\\/secure.gravatar.com\\\/avatar\\\/7ca3206950207cc3cb48feec56a8a7898741ab725c368d99d5d7a5a50aab80c6?s=96&d=mm&r=g\",\"caption\":\"Thales Brand\u00e3o\"},\"description\":\"Editor Executivo do Portal CidadeMarketing.com.br &gt; Mestre em Comunica\u00e7\u00e3o e Sociedade pela Universidade Federal de Sergipe. Possui MBA Executivo em Administra\u00e7\u00e3o com \u00eanfase em Marketing pela Funda\u00e7\u00e3o Get\u00falio Vargas - Rio de Janeiro. Consultor, Palestrante e Pesquisador sobre Empreendedorismo, Marketing, Redes Sociais e Neg\u00f3cios Digitais. Professor, Palestrante TedxTalks e Campus Party. Twitter: @ThalesBrandao\",\"sameAs\":[\"http:\\\/\\\/www.mandacaru.com.br\",\"https:\\\/\\\/www.facebook.com\\\/thalesbrandao\",\"http:\\\/\\\/www.instagram.com.br\\\/thalesbrandaoferreira\",\"https:\\\/\\\/www.linkedin.com\\\/in\\\/thales-brand\u00e3o-3948609\\\/\",\"https:\\\/\\\/x.com\\\/http:\\\/\\\/www.twitter.com\\\/thalesbrandao\"],\"url\":\"https:\\\/\\\/www.cidademarketing.com.br\\\/marketing\\\/author\\\/thalesbrandao\\\/\"}]}<\/script>\n<!-- \/ Yoast SEO plugin. -->","yoast_head_json":{"title":"Podcast #30 Estudos Econ\u00f4micos projeta um crescimento em torno de 4,5% das vendas nesta Black Friday - CidadeMarketing","robots":{"index":"index","follow":"follow","max-snippet":"max-snippet:-1","max-image-preview":"max-image-preview:large","max-video-preview":"max-video-preview:-1"},"canonical":"https:\/\/www.cidademarketing.com.br\/marketing\/2018\/11\/19\/podcast-30-estudos-economicos-projeta-um-crescimento-em-torno-de-45-das-vendas-nesta-black-friday\/","og_locale":"pt_BR","og_type":"article","og_title":"Podcast #30 Estudos Econ\u00f4micos projeta um crescimento em torno de 4,5% das vendas nesta Black Friday - CidadeMarketing","og_description":"Podcast #30 Estudos Econ\u00f4micos projeta um crescimento em torno de 4,5% das vendas nesta Black Friday Com aprova\u00e7\u00e3o do Cade, Tim e Oi poder\u00e3o operar com compartilhamento de rede; Samsung apresenta nova tela LED de cinema no Brasil; Boa Vista SCPC projeta vendas na Black Friday com crescimento de 4,5%; 85% dos navios de cruzeiro [&hellip;]","og_url":"https:\/\/www.cidademarketing.com.br\/marketing\/2018\/11\/19\/podcast-30-estudos-economicos-projeta-um-crescimento-em-torno-de-45-das-vendas-nesta-black-friday\/","og_site_name":"CidadeMarketing","article_publisher":"https:\/\/www.facebook.com\/portalcidademarketing","article_author":"https:\/\/www.facebook.com\/thalesbrandao","article_published_time":"2018-11-19T17:48:54+00:00","og_image":[{"width":668,"height":682,"url":"https:\/\/www.cidademarketing.com.br\/marketing\/wp-content\/uploads\/2018\/11\/podcast30.jpg","type":"image\/jpeg"}],"author":"Thales Brand\u00e3o","twitter_card":"summary_large_image","twitter_creator":"@http:\/\/www.twitter.com\/thalesbrandao","twitter_site":"@CidadeMarketing","twitter_misc":{"Escrito por":"Thales Brand\u00e3o","Est. tempo de leitura":"2 minutos"},"schema":{"@context":"https:\/\/schema.org","@graph":[{"@type":"Article","@id":"https:\/\/www.cidademarketing.com.br\/marketing\/2018\/11\/19\/podcast-30-estudos-economicos-projeta-um-crescimento-em-torno-de-45-das-vendas-nesta-black-friday\/#article","isPartOf":{"@id":"https:\/\/www.cidademarketing.com.br\/marketing\/2018\/11\/19\/podcast-30-estudos-economicos-projeta-um-crescimento-em-torno-de-45-das-vendas-nesta-black-friday\/"},"author":{"name":"Thales Brand\u00e3o","@id":"https:\/\/www.cidademarketing.com.br\/marketing\/#\/schema\/person\/02daff9f18bd9378c9e01eb6b2db155f"},"headline":"Podcast #30 Estudos Econ\u00f4micos projeta um crescimento em torno de 4,5% das vendas nesta Black Friday","datePublished":"2018-11-19T17:48:54+00:00","mainEntityOfPage":{"@id":"https:\/\/www.cidademarketing.com.br\/marketing\/2018\/11\/19\/podcast-30-estudos-economicos-projeta-um-crescimento-em-torno-de-45-das-vendas-nesta-black-friday\/"},"wordCount":474,"commentCount":0,"publisher":{"@id":"https:\/\/www.cidademarketing.com.br\/marketing\/#organization"},"image":{"@id":"https:\/\/www.cidademarketing.com.br\/marketing\/2018\/11\/19\/podcast-30-estudos-economicos-projeta-um-crescimento-em-torno-de-45-das-vendas-nesta-black-friday\/#primaryimage"},"thumbnailUrl":"https:\/\/www.cidademarketing.com.br\/marketing\/wp-content\/uploads\/2018\/11\/podcast30.jpg","keywords":["Black Friday","IBGE","LEGO","Oi","podcast","Tim"],"articleSection":["Podcast"],"inLanguage":"pt-BR","potentialAction":[{"@type":"CommentAction","name":"Comment","target":["https:\/\/www.cidademarketing.com.br\/marketing\/2018\/11\/19\/podcast-30-estudos-economicos-projeta-um-crescimento-em-torno-de-45-das-vendas-nesta-black-friday\/#respond"]}]},{"@type":"WebPage","@id":"https:\/\/www.cidademarketing.com.br\/marketing\/2018\/11\/19\/podcast-30-estudos-economicos-projeta-um-crescimento-em-torno-de-45-das-vendas-nesta-black-friday\/","url":"https:\/\/www.cidademarketing.com.br\/marketing\/2018\/11\/19\/podcast-30-estudos-economicos-projeta-um-crescimento-em-torno-de-45-das-vendas-nesta-black-friday\/","name":"Podcast #30 Estudos Econ\u00f4micos projeta um crescimento em torno de 4,5% das vendas nesta Black Friday - CidadeMarketing","isPartOf":{"@id":"https:\/\/www.cidademarketing.com.br\/marketing\/#website"},"primaryImageOfPage":{"@id":"https:\/\/www.cidademarketing.com.br\/marketing\/2018\/11\/19\/podcast-30-estudos-economicos-projeta-um-crescimento-em-torno-de-45-das-vendas-nesta-black-friday\/#primaryimage"},"image":{"@id":"https:\/\/www.cidademarketing.com.br\/marketing\/2018\/11\/19\/podcast-30-estudos-economicos-projeta-um-crescimento-em-torno-de-45-das-vendas-nesta-black-friday\/#primaryimage"},"thumbnailUrl":"https:\/\/www.cidademarketing.com.br\/marketing\/wp-content\/uploads\/2018\/11\/podcast30.jpg","datePublished":"2018-11-19T17:48:54+00:00","breadcrumb":{"@id":"https:\/\/www.cidademarketing.com.br\/marketing\/2018\/11\/19\/podcast-30-estudos-economicos-projeta-um-crescimento-em-torno-de-45-das-vendas-nesta-black-friday\/#breadcrumb"},"inLanguage":"pt-BR","potentialAction":[{"@type":"ReadAction","target":["https:\/\/www.cidademarketing.com.br\/marketing\/2018\/11\/19\/podcast-30-estudos-economicos-projeta-um-crescimento-em-torno-de-45-das-vendas-nesta-black-friday\/"]}]},{"@type":"ImageObject","inLanguage":"pt-BR","@id":"https:\/\/www.cidademarketing.com.br\/marketing\/2018\/11\/19\/podcast-30-estudos-economicos-projeta-um-crescimento-em-torno-de-45-das-vendas-nesta-black-friday\/#primaryimage","url":"https:\/\/www.cidademarketing.com.br\/marketing\/wp-content\/uploads\/2018\/11\/podcast30.jpg","contentUrl":"https:\/\/www.cidademarketing.com.br\/marketing\/wp-content\/uploads\/2018\/11\/podcast30.jpg","width":668,"height":682},{"@type":"BreadcrumbList","@id":"https:\/\/www.cidademarketing.com.br\/marketing\/2018\/11\/19\/podcast-30-estudos-economicos-projeta-um-crescimento-em-torno-de-45-das-vendas-nesta-black-friday\/#breadcrumb","itemListElement":[{"@type":"ListItem","position":1,"name":"In\u00edcio","item":"https:\/\/www.cidademarketing.com.br\/marketing\/"},{"@type":"ListItem","position":2,"name":"Podcast #30 Estudos Econ\u00f4micos projeta um crescimento em torno de 4,5% das vendas nesta Black Friday"}]},{"@type":"WebSite","@id":"https:\/\/www.cidademarketing.com.br\/marketing\/#website","url":"https:\/\/www.cidademarketing.com.br\/marketing\/","name":"CidadeMarketing","description":"Somos um ve\u00edculo de comunica\u00e7\u00e3o de destaque no Brasil, reconhecido por conte\u00fados nos segmentos de marketing, empreendedorismo e inova\u00e7\u00e3o.","publisher":{"@id":"https:\/\/www.cidademarketing.com.br\/marketing\/#organization"},"alternateName":"CidadeMarketing","potentialAction":[{"@type":"SearchAction","target":{"@type":"EntryPoint","urlTemplate":"https:\/\/www.cidademarketing.com.br\/marketing\/?s={search_term_string}"},"query-input":{"@type":"PropertyValueSpecification","valueRequired":true,"valueName":"search_term_string"}}],"inLanguage":"pt-BR"},{"@type":"Organization","@id":"https:\/\/www.cidademarketing.com.br\/marketing\/#organization","name":"CidadeMarketing","alternateName":"CidadeMarketing","url":"https:\/\/www.cidademarketing.com.br\/marketing\/","logo":{"@type":"ImageObject","inLanguage":"pt-BR","@id":"https:\/\/www.cidademarketing.com.br\/marketing\/#\/schema\/logo\/image\/","url":"https:\/\/www.cidademarketing.com.br\/marketing\/wp-content\/uploads\/2020\/01\/cidademarketing_marca_mobile.png","contentUrl":"https:\/\/www.cidademarketing.com.br\/marketing\/wp-content\/uploads\/2020\/01\/cidademarketing_marca_mobile.png","width":230,"height":92,"caption":"CidadeMarketing"},"image":{"@id":"https:\/\/www.cidademarketing.com.br\/marketing\/#\/schema\/logo\/image\/"},"sameAs":["https:\/\/www.facebook.com\/portalcidademarketing","https:\/\/x.com\/CidadeMarketing","https:\/\/www.instagram.com\/cidademarketing\/"]},{"@type":"Person","@id":"https:\/\/www.cidademarketing.com.br\/marketing\/#\/schema\/person\/02daff9f18bd9378c9e01eb6b2db155f","name":"Thales Brand\u00e3o","image":{"@type":"ImageObject","inLanguage":"pt-BR","@id":"https:\/\/secure.gravatar.com\/avatar\/7ca3206950207cc3cb48feec56a8a7898741ab725c368d99d5d7a5a50aab80c6?s=96&d=mm&r=g","url":"https:\/\/secure.gravatar.com\/avatar\/7ca3206950207cc3cb48feec56a8a7898741ab725c368d99d5d7a5a50aab80c6?s=96&d=mm&r=g","contentUrl":"https:\/\/secure.gravatar.com\/avatar\/7ca3206950207cc3cb48feec56a8a7898741ab725c368d99d5d7a5a50aab80c6?s=96&d=mm&r=g","caption":"Thales Brand\u00e3o"},"description":"Editor Executivo do Portal CidadeMarketing.com.br &gt; Mestre em Comunica\u00e7\u00e3o e Sociedade pela Universidade Federal de Sergipe. Possui MBA Executivo em Administra\u00e7\u00e3o com \u00eanfase em Marketing pela Funda\u00e7\u00e3o Get\u00falio Vargas - Rio de Janeiro. Consultor, Palestrante e Pesquisador sobre Empreendedorismo, Marketing, Redes Sociais e Neg\u00f3cios Digitais. Professor, Palestrante TedxTalks e Campus Party. Twitter: @ThalesBrandao","sameAs":["http:\/\/www.mandacaru.com.br","https:\/\/www.facebook.com\/thalesbrandao","http:\/\/www.instagram.com.br\/thalesbrandaoferreira","https:\/\/www.linkedin.com\/in\/thales-brand\u00e3o-3948609\/","https:\/\/x.com\/http:\/\/www.twitter.com\/thalesbrandao"],"url":"https:\/\/www.cidademarketing.com.br\/marketing\/author\/thalesbrandao\/"}]}},"amp_enabled":true,"_links":{"self":[{"href":"https:\/\/www.cidademarketing.com.br\/marketing\/wp-json\/wp\/v2\/posts\/3132","targetHints":{"allow":["GET"]}}],"collection":[{"href":"https:\/\/www.cidademarketing.com.br\/marketing\/wp-json\/wp\/v2\/posts"}],"about":[{"href":"https:\/\/www.cidademarketing.com.br\/marketing\/wp-json\/wp\/v2\/types\/post"}],"author":[{"embeddable":true,"href":"https:\/\/www.cidademarketing.com.br\/marketing\/wp-json\/wp\/v2\/users\/1"}],"replies":[{"embeddable":true,"href":"https:\/\/www.cidademarketing.com.br\/marketing\/wp-json\/wp\/v2\/comments?post=3132"}],"version-history":[{"count":1,"href":"https:\/\/www.cidademarketing.com.br\/marketing\/wp-json\/wp\/v2\/posts\/3132\/revisions"}],"predecessor-version":[{"id":3134,"href":"https:\/\/www.cidademarketing.com.br\/marketing\/wp-json\/wp\/v2\/posts\/3132\/revisions\/3134"}],"wp:featuredmedia":[{"embeddable":true,"href":"https:\/\/www.cidademarketing.com.br\/marketing\/wp-json\/wp\/v2\/media\/3133"}],"wp:attachment":[{"href":"https:\/\/www.cidademarketing.com.br\/marketing\/wp-json\/wp\/v2\/media?parent=3132"}],"wp:term":[{"taxonomy":"category","embeddable":true,"href":"https:\/\/www.cidademarketing.com.br\/marketing\/wp-json\/wp\/v2\/categories?post=3132"},{"taxonomy":"post_tag","embeddable":true,"href":"https:\/\/www.cidademarketing.com.br\/marketing\/wp-json\/wp\/v2\/tags?post=3132"}],"curies":[{"name":"wp","href":"https:\/\/api.w.org\/{rel}","templated":true}]}}