{"id":31268,"date":"2021-11-02T00:09:01","date_gmt":"2021-11-02T03:09:01","guid":{"rendered":"https:\/\/www.cidademarketing.com.br\/marketing\/?p=31268"},"modified":"2021-11-02T00:09:03","modified_gmt":"2021-11-02T03:09:03","slug":"latam-amplia-lideranca-de-mercado-no-brasil-com-375-segundo-anac-e-cresce-na-taxa-de-ocupacao-com-839","status":"publish","type":"post","link":"https:\/\/www.cidademarketing.com.br\/marketing\/2021\/11\/02\/latam-amplia-lideranca-de-mercado-no-brasil-com-375-segundo-anac-e-cresce-na-taxa-de-ocupacao-com-839\/","title":{"rendered":"LATAM amplia lideran\u00e7a de mercado  no Brasil com 37,5% segundo ANAC e cresce na taxa de ocupa\u00e7\u00e3o com 83,9%"},"content":{"rendered":"\n<p><\/p><iframe src=\"https:\/\/open.spotify.com\/embed\/show\/4khMKzP3FgFRWVwb73xicc\" width=\"100%\" height=\"232\" frameBorder=\"0\" allowtransparency=\"true\" allow=\"encrypted-media\"><\/iframe>\t\n\n\n\n\n<p>A LATAM \u00e9 novamente a l\u00edder de mercado do setor a\u00e9reo dom\u00e9stico brasileiro de acordo com os dados de setembro da ANAC (Ag\u00eancia Nacional de Avia\u00e7\u00e3o Civil) divulgados nesta ter\u00e7a-feira (26\/10). Os n\u00fameros apontam que a companhia ampliou a sua lideran\u00e7a no mercado nacional, chegando a 37,5% de participa\u00e7\u00e3o (em agosto registrou 35,3%). Al\u00e9m disso, a ocupa\u00e7\u00e3o das aeronaves da LATAM nos voos nacionais pulou de 81,3%, em agosto deste ano, para 83,9% em setembro.<\/p>\n\n\n\n<p>No \u00faltimo m\u00eas, a empresa operou 82% da sua oferta dom\u00e9stica de assentos (medida em ASK*) em compara\u00e7\u00e3o com setembro de 2019 (per\u00edodo anterior \u00e0 pandemia). Se comparado com setembro de 2020, a oferta de assentos dobrou (220%). Ao todo, foram 466 voos nacionais di\u00e1rios, que transportaram 2 milh\u00f5es de passageiros no m\u00eas passado. Em agosto, essa quantidade foi de 1,8 milh\u00e3o.<\/p>\n\n\n\n<p><em>\u201cTemos trabalhado diariamente&nbsp; para entender a necessidade e o desejo dos passageiros, buscando ofertar rotas atrativas de forma \u00e1gil para o consumidor e sustent\u00e1vel financeiramente para a companhia\u201d, <\/em>afirma<em> <\/em><strong>Diogo Elias, diretor de Vendas e Marketing da LATAM Brasil<\/strong><em><strong>. <\/strong><\/em><em>\u201cA nossa lideran\u00e7a pelo segundo m\u00eas consecutivo mostra que estamos no caminho certo e quem sai ganhando s\u00e3o os passageiros brasileiros que t\u00eam mais op\u00e7\u00f5es para voar\u201d, <\/em>completa<em>.<\/em><\/p>\n\n\n\n<p>Neste segundo semestre de 2021, a LATAM come\u00e7ou a voar para Comandatuba e, at\u00e9 dezembro, chegar\u00e1 a Jericoacoara, Juazeiro do Norte, Petrolina e Vit\u00f3ria da Conquista. Para o primeiro trimestre de 2022, trabalha para come\u00e7ar a voar para Juiz de Fora, Sinop, Cascavel, Caxias do Sul, Bauru e Presidente Prudente. A expectativa \u00e9 incluir outros 10 destinos nacionais na malha a\u00e9rea da companhia at\u00e9 o final do pr\u00f3ximo ano.<\/p>\n\n\n\n<p><strong>Outras conquistas<\/strong><\/p>\n\n\n\n<p>Al\u00e9m da lideran\u00e7a de mercado no Brasil, a LATAM conquistou importantes reconhecimentos, tendo sido eleita \u201cCompanhia A\u00e9rea L\u00edder na Am\u00e9rica do Sul\u201d e \u201cMarca A\u00e9rea L\u00edder na Am\u00e9rica do Sul\u201d, segundo a World Travel Awards 2021. Ambos os pr\u00eamios &#8211; pelo segundo e sexto ano consecutivos, respectivamente, &#8211; destacam os atributos operacionais e de servi\u00e7o sob a perspectiva dos executivos que atuam na ind\u00fastria de viagens e turismo, bem como o p\u00fablico em geral.<\/p>\n\n\n\n<p>O Grupo LATAM Airlines tamb\u00e9m foi reconhecido como \u201cMelhor Companhia A\u00e9rea da Am\u00e9rica do Sul\u201d na edi\u00e7\u00e3o deste ano do Skytrax World Airline Awards, considerado o \u201cOscar\u201d da avia\u00e7\u00e3o mundial. Esse reconhecimento tem como base a opini\u00e3o de mais de 13,4 milh\u00f5es de passageiros de todo o mundo. Al\u00e9m disso, foi premiada com o \u201cPr\u00eamio COVID-19 de Excel\u00eancia Aeron\u00e1utica\u201d, em fun\u00e7\u00e3o das suas medidas de seguran\u00e7a e higiene adotadas durante a pandemia.<\/p>\n\n\n\n<p>No Brasil, a empresa tamb\u00e9m lidera o ranking de pontualidade, operando quase 96% dos voos no hor\u00e1rio programado, segundo dados da consultoria Cirium. J\u00e1 no mundo, \u00e9 a mais pontual de acordo com o ranking OTP (On-Time Performance), da consultoria OAG, l\u00edder mundial em dados e informa\u00e7\u00f5es sobre viagens. A LATAM ocupa posi\u00e7\u00f5es de destaque nestes rankings desde 2018.<\/p>\n\n\n\n<p>O Grupo LATAM Airlines tamb\u00e9m foi classificado na categoria \u201cDiamante\u201d da certifica\u00e7\u00e3o Health Safety da APEX (Airline Passenger Experience Association), promovido pela consultoria de marketing especializada em avia\u00e7\u00e3o SimpliFlying, sendo o primeiro grupo de companhias a\u00e9reas da Am\u00e9rica do Sul a ser classificado nessa categoria, a mais alta do ranking.<\/p>\n\n\n\n<p>A revista Panrotas publicou a lista \u201cOs 100 Mais Poderosos do Turismo\u201d e dentre eles est\u00e3o o CEO da LATAM Brasil, Jerome Cadier, e o diretor de Vendas e Marketing da LATAM Brasil, Diogo Elias. A publica\u00e7\u00e3o levou em considera\u00e7\u00e3o os profissionais que fizeram a diferen\u00e7a durante a pandemia da Covid-19.<\/p>\n\n\n\n<p>Por fim, a LATAM Cargo teve seu reconhecimento como case de neg\u00f3cio pharma\/vacinas, na categoria Especialista em Supply, no pr\u00eamio Value Chain 2021, promovido pela consultoria especializada Value Chain Consultoria, em parceria com a Nidec Global Appliance e TOTVS. O transporte de f\u00e1rmacos tem crescido mensalmente e, por meio do Programa Avi\u00e3o Solid\u00e1rio, desde o come\u00e7o da pandemia da Covid-19, foram transportadas mais de 138 milh\u00f5es de doses da vacina, de forma gratuita, para todas as regi\u00f5es do Pa\u00eds.<em>*ASK: sigla em ingl\u00eas para Assentos\u2010Quil\u00f4metros Oferecidos<\/em>.<\/p>\n\n\n\n<p><\/p><iframe allow=\"autoplay *; encrypted-media *; fullscreen *\" frameborder=\"0\" height=\"450\" style=\"width:100%;max-width:660px;overflow:hidden;background:transparent;\" sandbox=\"allow-forms allow-popups allow-same-origin allow-scripts allow-storage-access-by-user-activation allow-top-navigation-by-user-activation\" src=\"https:\/\/embed.podcasts.apple.com\/br\/podcast\/podcast-cidademarketing\/id1371923283\"><\/iframe>\n\n","protected":false},"excerpt":{"rendered":"<p>A LATAM \u00e9 novamente a l\u00edder de mercado do setor a\u00e9reo dom\u00e9stico brasileiro de acordo com os dados de setembro da ANAC (Ag\u00eancia Nacional de Avia\u00e7\u00e3o Civil) divulgados nesta ter\u00e7a-feira (26\/10). Os n\u00fameros apontam que a companhia ampliou a sua lideran\u00e7a no mercado nacional, chegando a 37,5% de participa\u00e7\u00e3o (em agosto registrou 35,3%). Al\u00e9m disso, [&hellip;]<\/p>\n","protected":false},"author":1,"featured_media":30992,"comment_status":"open","ping_status":"open","sticky":false,"template":"","format":"standard","meta":{"tdm_status":"","tdm_grid_status":"","footnotes":""},"categories":[6],"tags":[1171,147,33,155],"class_list":["post-31268","post","type-post","status-publish","format-standard","has-post-thumbnail","hentry","category-noticias","tag-atendimento","tag-brasil","tag-estrategia","tag-latam"],"yoast_head":"<!-- This site is optimized with the Yoast SEO plugin v27.5 - https:\/\/yoast.com\/product\/yoast-seo-wordpress\/ -->\n<title>LATAM amplia lideran\u00e7a de mercado no Brasil com 37,5% segundo ANAC e cresce na taxa de ocupa\u00e7\u00e3o com 83,9% - CidadeMarketing<\/title>\n<meta name=\"robots\" content=\"index, follow, max-snippet:-1, max-image-preview:large, max-video-preview:-1\" \/>\n<link rel=\"canonical\" href=\"https:\/\/www.cidademarketing.com.br\/marketing\/2021\/11\/02\/latam-amplia-lideranca-de-mercado-no-brasil-com-375-segundo-anac-e-cresce-na-taxa-de-ocupacao-com-839\/\" \/>\n<meta property=\"og:locale\" content=\"pt_BR\" \/>\n<meta property=\"og:type\" content=\"article\" \/>\n<meta property=\"og:title\" content=\"LATAM amplia lideran\u00e7a de mercado no Brasil com 37,5% segundo ANAC e cresce na taxa de ocupa\u00e7\u00e3o com 83,9% - CidadeMarketing\" \/>\n<meta property=\"og:description\" content=\"A LATAM \u00e9 novamente a l\u00edder de mercado do setor a\u00e9reo dom\u00e9stico brasileiro de acordo com os dados de setembro da ANAC (Ag\u00eancia Nacional de Avia\u00e7\u00e3o Civil) divulgados nesta ter\u00e7a-feira (26\/10). Os n\u00fameros apontam que a companhia ampliou a sua lideran\u00e7a no mercado nacional, chegando a 37,5% de participa\u00e7\u00e3o (em agosto registrou 35,3%). Al\u00e9m disso, [&hellip;]\" \/>\n<meta property=\"og:url\" content=\"https:\/\/www.cidademarketing.com.br\/marketing\/2021\/11\/02\/latam-amplia-lideranca-de-mercado-no-brasil-com-375-segundo-anac-e-cresce-na-taxa-de-ocupacao-com-839\/\" \/>\n<meta property=\"og:site_name\" content=\"CidadeMarketing\" \/>\n<meta property=\"article:publisher\" content=\"https:\/\/www.facebook.com\/portalcidademarketing\" \/>\n<meta property=\"article:author\" content=\"https:\/\/www.facebook.com\/thalesbrandao\" \/>\n<meta property=\"article:published_time\" content=\"2021-11-02T03:09:01+00:00\" \/>\n<meta property=\"article:modified_time\" content=\"2021-11-02T03:09:03+00:00\" \/>\n<meta property=\"og:image\" content=\"https:\/\/www.cidademarketing.com.br\/marketing\/wp-content\/uploads\/2021\/10\/latam_aeronave_01.png\" \/>\n\t<meta property=\"og:image:width\" content=\"1773\" \/>\n\t<meta property=\"og:image:height\" content=\"1009\" \/>\n\t<meta property=\"og:image:type\" content=\"image\/png\" \/>\n<meta name=\"author\" content=\"Thales Brand\u00e3o\" \/>\n<meta name=\"twitter:card\" content=\"summary_large_image\" \/>\n<meta name=\"twitter:creator\" content=\"@http:\/\/www.twitter.com\/thalesbrandao\" \/>\n<meta name=\"twitter:site\" content=\"@CidadeMarketing\" \/>\n<meta name=\"twitter:label1\" content=\"Escrito por\" \/>\n\t<meta name=\"twitter:data1\" content=\"Thales Brand\u00e3o\" \/>\n\t<meta name=\"twitter:label2\" content=\"Est. tempo de leitura\" \/>\n\t<meta name=\"twitter:data2\" content=\"4 minutos\" \/>\n<script type=\"application\/ld+json\" class=\"yoast-schema-graph\">{\"@context\":\"https:\\\/\\\/schema.org\",\"@graph\":[{\"@type\":\"Article\",\"@id\":\"https:\\\/\\\/www.cidademarketing.com.br\\\/marketing\\\/2021\\\/11\\\/02\\\/latam-amplia-lideranca-de-mercado-no-brasil-com-375-segundo-anac-e-cresce-na-taxa-de-ocupacao-com-839\\\/#article\",\"isPartOf\":{\"@id\":\"https:\\\/\\\/www.cidademarketing.com.br\\\/marketing\\\/2021\\\/11\\\/02\\\/latam-amplia-lideranca-de-mercado-no-brasil-com-375-segundo-anac-e-cresce-na-taxa-de-ocupacao-com-839\\\/\"},\"author\":{\"name\":\"Thales Brand\u00e3o\",\"@id\":\"https:\\\/\\\/www.cidademarketing.com.br\\\/marketing\\\/#\\\/schema\\\/person\\\/02daff9f18bd9378c9e01eb6b2db155f\"},\"headline\":\"LATAM amplia lideran\u00e7a de mercado no Brasil com 37,5% segundo ANAC e cresce na taxa de ocupa\u00e7\u00e3o com 83,9%\",\"datePublished\":\"2021-11-02T03:09:01+00:00\",\"dateModified\":\"2021-11-02T03:09:03+00:00\",\"mainEntityOfPage\":{\"@id\":\"https:\\\/\\\/www.cidademarketing.com.br\\\/marketing\\\/2021\\\/11\\\/02\\\/latam-amplia-lideranca-de-mercado-no-brasil-com-375-segundo-anac-e-cresce-na-taxa-de-ocupacao-com-839\\\/\"},\"wordCount\":743,\"commentCount\":0,\"publisher\":{\"@id\":\"https:\\\/\\\/www.cidademarketing.com.br\\\/marketing\\\/#organization\"},\"image\":{\"@id\":\"https:\\\/\\\/www.cidademarketing.com.br\\\/marketing\\\/2021\\\/11\\\/02\\\/latam-amplia-lideranca-de-mercado-no-brasil-com-375-segundo-anac-e-cresce-na-taxa-de-ocupacao-com-839\\\/#primaryimage\"},\"thumbnailUrl\":\"https:\\\/\\\/www.cidademarketing.com.br\\\/marketing\\\/wp-content\\\/uploads\\\/2021\\\/10\\\/latam_aeronave_01.png\",\"keywords\":[\"atendimento\",\"Brasil\",\"estrat\u00e9gia\",\"Latam\"],\"articleSection\":[\"Not\u00edcias\"],\"inLanguage\":\"pt-BR\",\"potentialAction\":[{\"@type\":\"CommentAction\",\"name\":\"Comment\",\"target\":[\"https:\\\/\\\/www.cidademarketing.com.br\\\/marketing\\\/2021\\\/11\\\/02\\\/latam-amplia-lideranca-de-mercado-no-brasil-com-375-segundo-anac-e-cresce-na-taxa-de-ocupacao-com-839\\\/#respond\"]}]},{\"@type\":\"WebPage\",\"@id\":\"https:\\\/\\\/www.cidademarketing.com.br\\\/marketing\\\/2021\\\/11\\\/02\\\/latam-amplia-lideranca-de-mercado-no-brasil-com-375-segundo-anac-e-cresce-na-taxa-de-ocupacao-com-839\\\/\",\"url\":\"https:\\\/\\\/www.cidademarketing.com.br\\\/marketing\\\/2021\\\/11\\\/02\\\/latam-amplia-lideranca-de-mercado-no-brasil-com-375-segundo-anac-e-cresce-na-taxa-de-ocupacao-com-839\\\/\",\"name\":\"LATAM amplia lideran\u00e7a de mercado no Brasil com 37,5% segundo ANAC e cresce na taxa de ocupa\u00e7\u00e3o com 83,9% - CidadeMarketing\",\"isPartOf\":{\"@id\":\"https:\\\/\\\/www.cidademarketing.com.br\\\/marketing\\\/#website\"},\"primaryImageOfPage\":{\"@id\":\"https:\\\/\\\/www.cidademarketing.com.br\\\/marketing\\\/2021\\\/11\\\/02\\\/latam-amplia-lideranca-de-mercado-no-brasil-com-375-segundo-anac-e-cresce-na-taxa-de-ocupacao-com-839\\\/#primaryimage\"},\"image\":{\"@id\":\"https:\\\/\\\/www.cidademarketing.com.br\\\/marketing\\\/2021\\\/11\\\/02\\\/latam-amplia-lideranca-de-mercado-no-brasil-com-375-segundo-anac-e-cresce-na-taxa-de-ocupacao-com-839\\\/#primaryimage\"},\"thumbnailUrl\":\"https:\\\/\\\/www.cidademarketing.com.br\\\/marketing\\\/wp-content\\\/uploads\\\/2021\\\/10\\\/latam_aeronave_01.png\",\"datePublished\":\"2021-11-02T03:09:01+00:00\",\"dateModified\":\"2021-11-02T03:09:03+00:00\",\"breadcrumb\":{\"@id\":\"https:\\\/\\\/www.cidademarketing.com.br\\\/marketing\\\/2021\\\/11\\\/02\\\/latam-amplia-lideranca-de-mercado-no-brasil-com-375-segundo-anac-e-cresce-na-taxa-de-ocupacao-com-839\\\/#breadcrumb\"},\"inLanguage\":\"pt-BR\",\"potentialAction\":[{\"@type\":\"ReadAction\",\"target\":[\"https:\\\/\\\/www.cidademarketing.com.br\\\/marketing\\\/2021\\\/11\\\/02\\\/latam-amplia-lideranca-de-mercado-no-brasil-com-375-segundo-anac-e-cresce-na-taxa-de-ocupacao-com-839\\\/\"]}]},{\"@type\":\"ImageObject\",\"inLanguage\":\"pt-BR\",\"@id\":\"https:\\\/\\\/www.cidademarketing.com.br\\\/marketing\\\/2021\\\/11\\\/02\\\/latam-amplia-lideranca-de-mercado-no-brasil-com-375-segundo-anac-e-cresce-na-taxa-de-ocupacao-com-839\\\/#primaryimage\",\"url\":\"https:\\\/\\\/www.cidademarketing.com.br\\\/marketing\\\/wp-content\\\/uploads\\\/2021\\\/10\\\/latam_aeronave_01.png\",\"contentUrl\":\"https:\\\/\\\/www.cidademarketing.com.br\\\/marketing\\\/wp-content\\\/uploads\\\/2021\\\/10\\\/latam_aeronave_01.png\",\"width\":1773,\"height\":1009,\"caption\":\"Divulga\u00e7\u00e3o\"},{\"@type\":\"BreadcrumbList\",\"@id\":\"https:\\\/\\\/www.cidademarketing.com.br\\\/marketing\\\/2021\\\/11\\\/02\\\/latam-amplia-lideranca-de-mercado-no-brasil-com-375-segundo-anac-e-cresce-na-taxa-de-ocupacao-com-839\\\/#breadcrumb\",\"itemListElement\":[{\"@type\":\"ListItem\",\"position\":1,\"name\":\"In\u00edcio\",\"item\":\"https:\\\/\\\/www.cidademarketing.com.br\\\/marketing\\\/\"},{\"@type\":\"ListItem\",\"position\":2,\"name\":\"LATAM amplia lideran\u00e7a de mercado no Brasil com 37,5% segundo ANAC e cresce na taxa de ocupa\u00e7\u00e3o com 83,9%\"}]},{\"@type\":\"WebSite\",\"@id\":\"https:\\\/\\\/www.cidademarketing.com.br\\\/marketing\\\/#website\",\"url\":\"https:\\\/\\\/www.cidademarketing.com.br\\\/marketing\\\/\",\"name\":\"CidadeMarketing\",\"description\":\"Somos um ve\u00edculo de comunica\u00e7\u00e3o de destaque no Brasil, reconhecido por conte\u00fados nos segmentos de marketing, empreendedorismo e inova\u00e7\u00e3o.\",\"publisher\":{\"@id\":\"https:\\\/\\\/www.cidademarketing.com.br\\\/marketing\\\/#organization\"},\"alternateName\":\"CidadeMarketing\",\"potentialAction\":[{\"@type\":\"SearchAction\",\"target\":{\"@type\":\"EntryPoint\",\"urlTemplate\":\"https:\\\/\\\/www.cidademarketing.com.br\\\/marketing\\\/?s={search_term_string}\"},\"query-input\":{\"@type\":\"PropertyValueSpecification\",\"valueRequired\":true,\"valueName\":\"search_term_string\"}}],\"inLanguage\":\"pt-BR\"},{\"@type\":\"Organization\",\"@id\":\"https:\\\/\\\/www.cidademarketing.com.br\\\/marketing\\\/#organization\",\"name\":\"CidadeMarketing\",\"alternateName\":\"CidadeMarketing\",\"url\":\"https:\\\/\\\/www.cidademarketing.com.br\\\/marketing\\\/\",\"logo\":{\"@type\":\"ImageObject\",\"inLanguage\":\"pt-BR\",\"@id\":\"https:\\\/\\\/www.cidademarketing.com.br\\\/marketing\\\/#\\\/schema\\\/logo\\\/image\\\/\",\"url\":\"https:\\\/\\\/www.cidademarketing.com.br\\\/marketing\\\/wp-content\\\/uploads\\\/2020\\\/01\\\/cidademarketing_marca_mobile.png\",\"contentUrl\":\"https:\\\/\\\/www.cidademarketing.com.br\\\/marketing\\\/wp-content\\\/uploads\\\/2020\\\/01\\\/cidademarketing_marca_mobile.png\",\"width\":230,\"height\":92,\"caption\":\"CidadeMarketing\"},\"image\":{\"@id\":\"https:\\\/\\\/www.cidademarketing.com.br\\\/marketing\\\/#\\\/schema\\\/logo\\\/image\\\/\"},\"sameAs\":[\"https:\\\/\\\/www.facebook.com\\\/portalcidademarketing\",\"https:\\\/\\\/x.com\\\/CidadeMarketing\",\"https:\\\/\\\/www.instagram.com\\\/cidademarketing\\\/\"]},{\"@type\":\"Person\",\"@id\":\"https:\\\/\\\/www.cidademarketing.com.br\\\/marketing\\\/#\\\/schema\\\/person\\\/02daff9f18bd9378c9e01eb6b2db155f\",\"name\":\"Thales Brand\u00e3o\",\"image\":{\"@type\":\"ImageObject\",\"inLanguage\":\"pt-BR\",\"@id\":\"https:\\\/\\\/secure.gravatar.com\\\/avatar\\\/7ca3206950207cc3cb48feec56a8a7898741ab725c368d99d5d7a5a50aab80c6?s=96&d=mm&r=g\",\"url\":\"https:\\\/\\\/secure.gravatar.com\\\/avatar\\\/7ca3206950207cc3cb48feec56a8a7898741ab725c368d99d5d7a5a50aab80c6?s=96&d=mm&r=g\",\"contentUrl\":\"https:\\\/\\\/secure.gravatar.com\\\/avatar\\\/7ca3206950207cc3cb48feec56a8a7898741ab725c368d99d5d7a5a50aab80c6?s=96&d=mm&r=g\",\"caption\":\"Thales Brand\u00e3o\"},\"description\":\"Editor Executivo do Portal CidadeMarketing.com.br &gt; Mestre em Comunica\u00e7\u00e3o e Sociedade pela Universidade Federal de Sergipe. Possui MBA Executivo em Administra\u00e7\u00e3o com \u00eanfase em Marketing pela Funda\u00e7\u00e3o Get\u00falio Vargas - Rio de Janeiro. Consultor, Palestrante e Pesquisador sobre Empreendedorismo, Marketing, Redes Sociais e Neg\u00f3cios Digitais. Professor, Palestrante TedxTalks e Campus Party. Twitter: @ThalesBrandao\",\"sameAs\":[\"http:\\\/\\\/www.mandacaru.com.br\",\"https:\\\/\\\/www.facebook.com\\\/thalesbrandao\",\"http:\\\/\\\/www.instagram.com.br\\\/thalesbrandaoferreira\",\"https:\\\/\\\/www.linkedin.com\\\/in\\\/thales-brand\u00e3o-3948609\\\/\",\"https:\\\/\\\/x.com\\\/http:\\\/\\\/www.twitter.com\\\/thalesbrandao\"],\"url\":\"https:\\\/\\\/www.cidademarketing.com.br\\\/marketing\\\/author\\\/thalesbrandao\\\/\"}]}<\/script>\n<!-- \/ Yoast SEO plugin. -->","yoast_head_json":{"title":"LATAM amplia lideran\u00e7a de mercado no Brasil com 37,5% segundo ANAC e cresce na taxa de ocupa\u00e7\u00e3o com 83,9% - CidadeMarketing","robots":{"index":"index","follow":"follow","max-snippet":"max-snippet:-1","max-image-preview":"max-image-preview:large","max-video-preview":"max-video-preview:-1"},"canonical":"https:\/\/www.cidademarketing.com.br\/marketing\/2021\/11\/02\/latam-amplia-lideranca-de-mercado-no-brasil-com-375-segundo-anac-e-cresce-na-taxa-de-ocupacao-com-839\/","og_locale":"pt_BR","og_type":"article","og_title":"LATAM amplia lideran\u00e7a de mercado no Brasil com 37,5% segundo ANAC e cresce na taxa de ocupa\u00e7\u00e3o com 83,9% - CidadeMarketing","og_description":"A LATAM \u00e9 novamente a l\u00edder de mercado do setor a\u00e9reo dom\u00e9stico brasileiro de acordo com os dados de setembro da ANAC (Ag\u00eancia Nacional de Avia\u00e7\u00e3o Civil) divulgados nesta ter\u00e7a-feira (26\/10). Os n\u00fameros apontam que a companhia ampliou a sua lideran\u00e7a no mercado nacional, chegando a 37,5% de participa\u00e7\u00e3o (em agosto registrou 35,3%). Al\u00e9m disso, [&hellip;]","og_url":"https:\/\/www.cidademarketing.com.br\/marketing\/2021\/11\/02\/latam-amplia-lideranca-de-mercado-no-brasil-com-375-segundo-anac-e-cresce-na-taxa-de-ocupacao-com-839\/","og_site_name":"CidadeMarketing","article_publisher":"https:\/\/www.facebook.com\/portalcidademarketing","article_author":"https:\/\/www.facebook.com\/thalesbrandao","article_published_time":"2021-11-02T03:09:01+00:00","article_modified_time":"2021-11-02T03:09:03+00:00","og_image":[{"width":1773,"height":1009,"url":"https:\/\/www.cidademarketing.com.br\/marketing\/wp-content\/uploads\/2021\/10\/latam_aeronave_01.png","type":"image\/png"}],"author":"Thales Brand\u00e3o","twitter_card":"summary_large_image","twitter_creator":"@http:\/\/www.twitter.com\/thalesbrandao","twitter_site":"@CidadeMarketing","twitter_misc":{"Escrito por":"Thales Brand\u00e3o","Est. tempo de leitura":"4 minutos"},"schema":{"@context":"https:\/\/schema.org","@graph":[{"@type":"Article","@id":"https:\/\/www.cidademarketing.com.br\/marketing\/2021\/11\/02\/latam-amplia-lideranca-de-mercado-no-brasil-com-375-segundo-anac-e-cresce-na-taxa-de-ocupacao-com-839\/#article","isPartOf":{"@id":"https:\/\/www.cidademarketing.com.br\/marketing\/2021\/11\/02\/latam-amplia-lideranca-de-mercado-no-brasil-com-375-segundo-anac-e-cresce-na-taxa-de-ocupacao-com-839\/"},"author":{"name":"Thales Brand\u00e3o","@id":"https:\/\/www.cidademarketing.com.br\/marketing\/#\/schema\/person\/02daff9f18bd9378c9e01eb6b2db155f"},"headline":"LATAM amplia lideran\u00e7a de mercado no Brasil com 37,5% segundo ANAC e cresce na taxa de ocupa\u00e7\u00e3o com 83,9%","datePublished":"2021-11-02T03:09:01+00:00","dateModified":"2021-11-02T03:09:03+00:00","mainEntityOfPage":{"@id":"https:\/\/www.cidademarketing.com.br\/marketing\/2021\/11\/02\/latam-amplia-lideranca-de-mercado-no-brasil-com-375-segundo-anac-e-cresce-na-taxa-de-ocupacao-com-839\/"},"wordCount":743,"commentCount":0,"publisher":{"@id":"https:\/\/www.cidademarketing.com.br\/marketing\/#organization"},"image":{"@id":"https:\/\/www.cidademarketing.com.br\/marketing\/2021\/11\/02\/latam-amplia-lideranca-de-mercado-no-brasil-com-375-segundo-anac-e-cresce-na-taxa-de-ocupacao-com-839\/#primaryimage"},"thumbnailUrl":"https:\/\/www.cidademarketing.com.br\/marketing\/wp-content\/uploads\/2021\/10\/latam_aeronave_01.png","keywords":["atendimento","Brasil","estrat\u00e9gia","Latam"],"articleSection":["Not\u00edcias"],"inLanguage":"pt-BR","potentialAction":[{"@type":"CommentAction","name":"Comment","target":["https:\/\/www.cidademarketing.com.br\/marketing\/2021\/11\/02\/latam-amplia-lideranca-de-mercado-no-brasil-com-375-segundo-anac-e-cresce-na-taxa-de-ocupacao-com-839\/#respond"]}]},{"@type":"WebPage","@id":"https:\/\/www.cidademarketing.com.br\/marketing\/2021\/11\/02\/latam-amplia-lideranca-de-mercado-no-brasil-com-375-segundo-anac-e-cresce-na-taxa-de-ocupacao-com-839\/","url":"https:\/\/www.cidademarketing.com.br\/marketing\/2021\/11\/02\/latam-amplia-lideranca-de-mercado-no-brasil-com-375-segundo-anac-e-cresce-na-taxa-de-ocupacao-com-839\/","name":"LATAM amplia lideran\u00e7a de mercado no Brasil com 37,5% segundo ANAC e cresce na taxa de ocupa\u00e7\u00e3o com 83,9% - CidadeMarketing","isPartOf":{"@id":"https:\/\/www.cidademarketing.com.br\/marketing\/#website"},"primaryImageOfPage":{"@id":"https:\/\/www.cidademarketing.com.br\/marketing\/2021\/11\/02\/latam-amplia-lideranca-de-mercado-no-brasil-com-375-segundo-anac-e-cresce-na-taxa-de-ocupacao-com-839\/#primaryimage"},"image":{"@id":"https:\/\/www.cidademarketing.com.br\/marketing\/2021\/11\/02\/latam-amplia-lideranca-de-mercado-no-brasil-com-375-segundo-anac-e-cresce-na-taxa-de-ocupacao-com-839\/#primaryimage"},"thumbnailUrl":"https:\/\/www.cidademarketing.com.br\/marketing\/wp-content\/uploads\/2021\/10\/latam_aeronave_01.png","datePublished":"2021-11-02T03:09:01+00:00","dateModified":"2021-11-02T03:09:03+00:00","breadcrumb":{"@id":"https:\/\/www.cidademarketing.com.br\/marketing\/2021\/11\/02\/latam-amplia-lideranca-de-mercado-no-brasil-com-375-segundo-anac-e-cresce-na-taxa-de-ocupacao-com-839\/#breadcrumb"},"inLanguage":"pt-BR","potentialAction":[{"@type":"ReadAction","target":["https:\/\/www.cidademarketing.com.br\/marketing\/2021\/11\/02\/latam-amplia-lideranca-de-mercado-no-brasil-com-375-segundo-anac-e-cresce-na-taxa-de-ocupacao-com-839\/"]}]},{"@type":"ImageObject","inLanguage":"pt-BR","@id":"https:\/\/www.cidademarketing.com.br\/marketing\/2021\/11\/02\/latam-amplia-lideranca-de-mercado-no-brasil-com-375-segundo-anac-e-cresce-na-taxa-de-ocupacao-com-839\/#primaryimage","url":"https:\/\/www.cidademarketing.com.br\/marketing\/wp-content\/uploads\/2021\/10\/latam_aeronave_01.png","contentUrl":"https:\/\/www.cidademarketing.com.br\/marketing\/wp-content\/uploads\/2021\/10\/latam_aeronave_01.png","width":1773,"height":1009,"caption":"Divulga\u00e7\u00e3o"},{"@type":"BreadcrumbList","@id":"https:\/\/www.cidademarketing.com.br\/marketing\/2021\/11\/02\/latam-amplia-lideranca-de-mercado-no-brasil-com-375-segundo-anac-e-cresce-na-taxa-de-ocupacao-com-839\/#breadcrumb","itemListElement":[{"@type":"ListItem","position":1,"name":"In\u00edcio","item":"https:\/\/www.cidademarketing.com.br\/marketing\/"},{"@type":"ListItem","position":2,"name":"LATAM amplia lideran\u00e7a de mercado no Brasil com 37,5% segundo ANAC e cresce na taxa de ocupa\u00e7\u00e3o com 83,9%"}]},{"@type":"WebSite","@id":"https:\/\/www.cidademarketing.com.br\/marketing\/#website","url":"https:\/\/www.cidademarketing.com.br\/marketing\/","name":"CidadeMarketing","description":"Somos um ve\u00edculo de comunica\u00e7\u00e3o de destaque no Brasil, reconhecido por conte\u00fados nos segmentos de marketing, empreendedorismo e inova\u00e7\u00e3o.","publisher":{"@id":"https:\/\/www.cidademarketing.com.br\/marketing\/#organization"},"alternateName":"CidadeMarketing","potentialAction":[{"@type":"SearchAction","target":{"@type":"EntryPoint","urlTemplate":"https:\/\/www.cidademarketing.com.br\/marketing\/?s={search_term_string}"},"query-input":{"@type":"PropertyValueSpecification","valueRequired":true,"valueName":"search_term_string"}}],"inLanguage":"pt-BR"},{"@type":"Organization","@id":"https:\/\/www.cidademarketing.com.br\/marketing\/#organization","name":"CidadeMarketing","alternateName":"CidadeMarketing","url":"https:\/\/www.cidademarketing.com.br\/marketing\/","logo":{"@type":"ImageObject","inLanguage":"pt-BR","@id":"https:\/\/www.cidademarketing.com.br\/marketing\/#\/schema\/logo\/image\/","url":"https:\/\/www.cidademarketing.com.br\/marketing\/wp-content\/uploads\/2020\/01\/cidademarketing_marca_mobile.png","contentUrl":"https:\/\/www.cidademarketing.com.br\/marketing\/wp-content\/uploads\/2020\/01\/cidademarketing_marca_mobile.png","width":230,"height":92,"caption":"CidadeMarketing"},"image":{"@id":"https:\/\/www.cidademarketing.com.br\/marketing\/#\/schema\/logo\/image\/"},"sameAs":["https:\/\/www.facebook.com\/portalcidademarketing","https:\/\/x.com\/CidadeMarketing","https:\/\/www.instagram.com\/cidademarketing\/"]},{"@type":"Person","@id":"https:\/\/www.cidademarketing.com.br\/marketing\/#\/schema\/person\/02daff9f18bd9378c9e01eb6b2db155f","name":"Thales Brand\u00e3o","image":{"@type":"ImageObject","inLanguage":"pt-BR","@id":"https:\/\/secure.gravatar.com\/avatar\/7ca3206950207cc3cb48feec56a8a7898741ab725c368d99d5d7a5a50aab80c6?s=96&d=mm&r=g","url":"https:\/\/secure.gravatar.com\/avatar\/7ca3206950207cc3cb48feec56a8a7898741ab725c368d99d5d7a5a50aab80c6?s=96&d=mm&r=g","contentUrl":"https:\/\/secure.gravatar.com\/avatar\/7ca3206950207cc3cb48feec56a8a7898741ab725c368d99d5d7a5a50aab80c6?s=96&d=mm&r=g","caption":"Thales Brand\u00e3o"},"description":"Editor Executivo do Portal CidadeMarketing.com.br &gt; Mestre em Comunica\u00e7\u00e3o e Sociedade pela Universidade Federal de Sergipe. Possui MBA Executivo em Administra\u00e7\u00e3o com \u00eanfase em Marketing pela Funda\u00e7\u00e3o Get\u00falio Vargas - Rio de Janeiro. Consultor, Palestrante e Pesquisador sobre Empreendedorismo, Marketing, Redes Sociais e Neg\u00f3cios Digitais. Professor, Palestrante TedxTalks e Campus Party. Twitter: @ThalesBrandao","sameAs":["http:\/\/www.mandacaru.com.br","https:\/\/www.facebook.com\/thalesbrandao","http:\/\/www.instagram.com.br\/thalesbrandaoferreira","https:\/\/www.linkedin.com\/in\/thales-brand\u00e3o-3948609\/","https:\/\/x.com\/http:\/\/www.twitter.com\/thalesbrandao"],"url":"https:\/\/www.cidademarketing.com.br\/marketing\/author\/thalesbrandao\/"}]}},"amp_enabled":true,"_links":{"self":[{"href":"https:\/\/www.cidademarketing.com.br\/marketing\/wp-json\/wp\/v2\/posts\/31268","targetHints":{"allow":["GET"]}}],"collection":[{"href":"https:\/\/www.cidademarketing.com.br\/marketing\/wp-json\/wp\/v2\/posts"}],"about":[{"href":"https:\/\/www.cidademarketing.com.br\/marketing\/wp-json\/wp\/v2\/types\/post"}],"author":[{"embeddable":true,"href":"https:\/\/www.cidademarketing.com.br\/marketing\/wp-json\/wp\/v2\/users\/1"}],"replies":[{"embeddable":true,"href":"https:\/\/www.cidademarketing.com.br\/marketing\/wp-json\/wp\/v2\/comments?post=31268"}],"version-history":[{"count":1,"href":"https:\/\/www.cidademarketing.com.br\/marketing\/wp-json\/wp\/v2\/posts\/31268\/revisions"}],"predecessor-version":[{"id":31269,"href":"https:\/\/www.cidademarketing.com.br\/marketing\/wp-json\/wp\/v2\/posts\/31268\/revisions\/31269"}],"wp:featuredmedia":[{"embeddable":true,"href":"https:\/\/www.cidademarketing.com.br\/marketing\/wp-json\/wp\/v2\/media\/30992"}],"wp:attachment":[{"href":"https:\/\/www.cidademarketing.com.br\/marketing\/wp-json\/wp\/v2\/media?parent=31268"}],"wp:term":[{"taxonomy":"category","embeddable":true,"href":"https:\/\/www.cidademarketing.com.br\/marketing\/wp-json\/wp\/v2\/categories?post=31268"},{"taxonomy":"post_tag","embeddable":true,"href":"https:\/\/www.cidademarketing.com.br\/marketing\/wp-json\/wp\/v2\/tags?post=31268"}],"curies":[{"name":"wp","href":"https:\/\/api.w.org\/{rel}","templated":true}]}}