{"id":31248,"date":"2021-11-01T22:24:53","date_gmt":"2021-11-02T01:24:53","guid":{"rendered":"https:\/\/www.cidademarketing.com.br\/marketing\/?p=31248"},"modified":"2021-11-01T22:24:56","modified_gmt":"2021-11-02T01:24:56","slug":"mercado-pago-estreia-reality-show-sobre-educacao-financeira-na-record-tv-com-sabrina-sato-e-nath-financas","status":"publish","type":"post","link":"https:\/\/www.cidademarketing.com.br\/marketing\/2021\/11\/01\/mercado-pago-estreia-reality-show-sobre-educacao-financeira-na-record-tv-com-sabrina-sato-e-nath-financas\/","title":{"rendered":"Mercado Pago estreia reality show sobre educa\u00e7\u00e3o financeira na Record TV com Sabrina Sato e Nath Finan\u00e7as"},"content":{"rendered":"\n<p><\/p><iframe src=\"https:\/\/open.spotify.com\/embed\/show\/4khMKzP3FgFRWVwb73xicc\" width=\"100%\" height=\"232\" frameBorder=\"0\" allowtransparency=\"true\" allow=\"encrypted-media\"><\/iframe>\t\n\n\n\n\n<p>Para levar educa\u00e7\u00e3o financeira ao grande p\u00fablico, o Mercado Pago, a maior fintech da Am\u00e9rica Latina, lan\u00e7a o reality show <strong>Gincana da Grana,<\/strong> que ser\u00e1 transmitido pela Record TV. Estrelado pela apresentadora <strong>Sabrina Sato<\/strong> e por <strong>Nath Finan\u00e7as<\/strong>, influenciadora especialista em finan\u00e7as, o programa ir\u00e1 levar divers\u00e3o e educa\u00e7\u00e3o financeira para as noites de s\u00e1bado, ensinando os brasileiros a lidar melhor com o dinheiro e a conquistar a sa\u00fade financeira.\u00a0<\/p>\n\n\n\n<p>Uma pesquisa recente, realizada pelo Mercado Pago e pela consultoria Trendsity, aponta que 80% dos brasileiros desejam ter mais informa\u00e7\u00f5es sobre servi\u00e7os financeiros digitais e 60% t\u00eam interesse em poupar e investir. Por outro lado, 15% deles n\u00e3o consultam e nem se informam antes de utilizar ou consumir produtos e servi\u00e7os financeiros.&nbsp;<\/p>\n\n\n\n<p>Nesse contexto, o Mercado Pago criou junto com a GUT S\u00e3o Paulo, ag\u00eancia global independente, o<strong> Gincana da Grana,<\/strong> que ter\u00e1 a participa\u00e7\u00e3o de <strong>Richarlyson, Adriana Bombom, Laura Keller e Matheus Neg\u00e3o da BL.<\/strong> O quarteto participar\u00e1 de provas, comandadas por Sabrina e Nath, que v\u00e3o testar os seus conhecimentos sobre gest\u00e3o das finan\u00e7as pessoais. A produ\u00e7\u00e3o \u00e9 assinada pela Endemol Shine Brasil.&nbsp;<\/p>\n\n\n\n<p>\u201cNos apoiamos no formato de game show e em uma linguagem popular para engajar o grande p\u00fablico, criando desafios que remetem aos obst\u00e1culos que os brasileiros enfrentam para manter o controle do seu dinheiro. E para ensinar finan\u00e7as de forma f\u00e1cil, nada melhor do que Sabrina Sato e Nath Finan\u00e7as para garantir aprendizado e divers\u00e3o para um tema que muitas vezes n\u00e3o faz parte do cotidiano e das conversas dos brasileiros\u201d, explica Iuri Maia head de Branding do Mercado Pago.&nbsp;<\/p>\n\n\n\n<p>\u201cProduzir esse Branded Content com o Mercado Pago e com a GUT, foi uma oportunidade incr\u00edvel de transmitir, de forma divertida, uma mensagem importante e nem sempre atrativa para o grande p\u00fablico, de como lidar com o seu dinheiro. Convidamos talentos que o p\u00fablico se identifica e que transmitiram de forma muito real as suas d\u00favidas e hist\u00f3rias de vida\u201d, afirma Ana Lobo, VP de Branded Content e Atendimento da Endemol Shine Brasil.<\/p>\n\n\n\n<p>\u201cNosso desafio era trazer ideias capazes de gerar conte\u00fado e buzz sobre um assunto que costuma ser tratado de forma bastante tradicional pelo mercado \u2013 dinheiro e gest\u00e3o financeira. Encontramos caminhos que v\u00e3o na dire\u00e7\u00e3o contr\u00e1ria para trilhar uma mudan\u00e7a de comportamento de todo um mercado. Aqui na GUT isso \u00e9 o que mais gostamos de fazer: apostar em ideias corajosas. Mercado Pago \u00e9 inova\u00e7\u00e3o, por isso precis\u00e1vamos ir muito al\u00e9m das campanhas tradicionais\u201d, finaliza Bruno Brux, ECD da GUT S\u00e3o Paulo.<\/p>\n\n\n\n<p>\u201cA Record est\u00e1 muito confiante em ser a plataforma escolhida para veicular este conte\u00fado inovador: a Gincana da Grana Mercado Pago. Essa \u00e9 a mais uma evid\u00eancia do quanto estamos dispon\u00edveis para cocriar com nosso cliente, equipes e elenco novas ideias e experi\u00eancias junto com nossos parceiros e clientes para ajudar as marcas a conversarem com quase 200 milh\u00f5es de pessoas atrav\u00e9s de nossas telas\u201d, completa o vice-presidente comercial, marketing e multiplataforma do Grupo Record, Walter Zagari.<\/p>\n\n\n\n<p>O programa \u00e9 parte de uma s\u00e9rie de iniciativas de educa\u00e7\u00e3o financeira da fintech, que aproximam o tema gest\u00e3o financeira do dia a dia do brasileiro.<\/p>\n\n\n\n<p><strong>Din\u00e2mica do Gincana da Grana&nbsp;<\/strong><\/p>\n\n\n\n<p>Ser\u00e3o cinco epis\u00f3dios, cada um com um assunto relacionado ao tema: foco, disciplina e determina\u00e7\u00e3o para conquistar uma boa sa\u00fade financeira; como analisar propostas de cr\u00e9dito para n\u00e3o cair em ciladas, ferramentas e recursos que podem auxiliar a gerir as finan\u00e7as, al\u00e9m de seguran\u00e7a e como as fintechs podem auxiliar com produtos e servi\u00e7os financeiros e uso de novos meios de pagamento, como o Pix.&nbsp;<\/p>\n\n\n\n<p>A cada programa, os participantes ter\u00e3o desafios diversos a enfrentar. A cada novo desafio, quem vence sobe em um ranking de pontua\u00e7\u00e3o. Os participantes ser\u00e3o premiados, com valores entre 8 mil a 2 mil, de acordo com a coloca\u00e7\u00e3o. E para a grande final, este ranking ser\u00e1 zerado e a complexidade do desafio, elevada. Quem vencer leva sozinho R$ 50 mil para dar mais f\u00f4lego para suas finan\u00e7as.<\/p>\n\n\n\n<p><strong>Bio dos participantes<\/strong><\/p>\n\n\n\n<p><strong>Matheus Neg\u00e3o da BL:<\/strong> Sucesso nas redes sociais pelos v\u00eddeos divertidos e que passam uma vis\u00e3o diretamente do Rio de Janeiro, MC Neg\u00e3o da BL produz conte\u00fados engra\u00e7ados com sua m\u00e3e e tem grande sucesso na internet. Mostra, em seus v\u00eddeos, a simplicidade e a falta de recursos em sua vida na favela. Participou da Ilha Record mostrou seu lado mais competitivo para para o p\u00fablico.&nbsp;<\/p>\n\n\n\n<p><strong>Adriana Bombom:<\/strong> Estreou em 1996 como assistente de palco do Planeta Xuxa. Na televis\u00e3o, fez participa\u00e7\u00f5es em novelas, s\u00e9ries e dezenas de programas de TV. Se entrega de corpo e alma em tudo que faz e mostra isso em suas participa\u00e7\u00f5es televisivas. Participou de A Fazenda por duas vezes, na segunda e na nona edi\u00e7\u00e3o.<\/p>\n\n\n\n<p><strong>Richarlyson: <\/strong>Profissional desde os 16 anos. Jogou cinco anos pelo S\u00e3o Paulo Futebol Clube, quatro anos no Clube Atl\u00e9tico Mineiro e pela Sele\u00e7\u00e3o Brasileira em 2008. Possui t\u00edtulos de campe\u00e3o mundial em 2005 pelo S\u00e3o Paulo, tricampe\u00e3o brasileiro pelo S\u00e3o Paulo (2006, 2007 e 2008), e campe\u00e3o da Libertadores pelo Atl\u00e9tico Mineiro em 2013. Participou de diversos programas e realities na TV brasileira. Venceu o Made in Jap\u00e3o, da Record TV.<\/p>\n\n\n\n<p><strong>Laura Keller<\/strong>: Laura Keller \u00e9 atriz, sendo conhecida por seu papel em P\u00e9 na Cova, da Rede Globo. Foi campe\u00e3 do Power Couple ao lado do marido, Jorge, mostrando ser uma pessoa extremamente competitiva e dedicada. Voltou ao mundo dos realities na estreia do formato Ilha Record, no qual ficou em terceiro lugar.<\/p>\n\n\n\n<p><strong>Servi\u00e7o:<\/strong><\/p>\n\n\n\n<p>Gincana da Grana&nbsp;<\/p>\n\n\n\n<p><strong>Estreia: <\/strong>A partir de 6\/11, aos s\u00e1bados, \u00e0s 23h30<\/p>\n\n\n\n<p><strong>Onde <\/strong>Exibido na Record TV&nbsp;<\/p>\n\n\n\n<p><strong>Ficha T\u00e9cnica<\/strong><\/p>\n\n\n\n<p><strong>&nbsp;&nbsp;&nbsp;&nbsp;&nbsp;Ag\u00eancia: <\/strong>GUT S\u00e3o Paulo&nbsp;<\/p>\n\n\n\n<p><strong>Anunciante:<\/strong> Mercado Pago<\/p>\n\n\n\n<p><strong>Produto: <\/strong>Mercado Pago&nbsp;<\/p>\n\n\n\n<p><strong>T\u00edtulo: <\/strong>Gincana da grana&nbsp;<\/p>\n\n\n\n<p><strong>Dura\u00e7\u00e3o:<\/strong> 5&#215;10&#8242;<\/p>\n\n\n\n<p><strong>Territ\u00f3rio: <\/strong>Brasil&nbsp;<\/p>\n\n\n\n<p><strong>ECD: <\/strong>Bruno Brux&nbsp;<\/p>\n\n\n\n<p><strong>Creative directors<\/strong>: Juliana Utsch, Sofia Calvit<\/p>\n\n\n\n<p><strong>Creatives<\/strong>: Daniel Achucarro, Cauique Johnson<\/p>\n\n\n\n<p><strong>Managing Directo<\/strong>r : Val\u00e9ria Barone<\/p>\n\n\n\n<p><strong>Regional Account Director: <\/strong>Natalia Noya<\/p>\n\n\n\n<p><strong>Account Director: <\/strong>Marcela Jundurian<\/p>\n\n\n\n<p><strong>Account Manager:<\/strong> C\u00edcero Liberato<\/p>\n\n\n\n<p><strong>Account Executive:<\/strong> Milena Cruz<\/p>\n\n\n\n<p><strong>Social Strategy Director: <\/strong>Douglas Coelho<\/p>\n\n\n\n<p><strong>Social Strategist:<\/strong> Bruce Vital, Paula Bai\u00e3o<\/p>\n\n\n\n<p><strong>Planning Director: <\/strong>Mercedes Barusso<\/p>\n\n\n\n<p><strong>Senior Strategist:<\/strong> Amora Marzulo<\/p>\n\n\n\n<p><strong>Head of Media &amp; Data:<\/strong> Guilherme Cavalcante&nbsp;<\/p>\n\n\n\n<p><strong>Media Manager:<\/strong> Douglas Silveira<\/p>\n\n\n\n<p><strong>Media Supervisor:<\/strong> Gabriela Bassaco<\/p>\n\n\n\n<p><strong>Head of Production: <\/strong>Mariane Goebel<\/p>\n\n\n\n<p><strong>Executive Producer<\/strong>: Rafael Messias&nbsp;<\/p>\n\n\n\n<p><strong>Producer : <\/strong>Lincoln Braga&nbsp;<\/p>\n\n\n\n<p><strong>Produtora:<\/strong> Endemol Shine Brasil<\/p>\n\n\n\n<p><strong>COO:<\/strong> Nani Freitas&nbsp;<\/p>\n\n\n\n<p><strong>VP Comercial de Branded e Atendimento:<\/strong> Ana Lobo&nbsp;<\/p>\n\n\n\n<p><strong>VP de Cria\u00e7\u00e3o:<\/strong> Eduardo Gaspar&nbsp;<\/p>\n\n\n\n<p><strong>VP de Produ\u00e7\u00e3o:<\/strong> Fernando Contreras<\/p>\n\n\n\n<p><strong>Diretora de Branded e Atendimento:<\/strong> Mare Leal<\/p>\n\n\n\n<p><strong>Diretor Criativo de Branded Content:<\/strong> Guilherme Schutze&nbsp;<\/p>\n\n\n\n<p><strong>Gerente de Cria\u00e7\u00e3o de Branded:<\/strong> Diego Alencar<\/p>\n\n\n\n<p><strong>Atendimento:<\/strong> Amanda Medeiros e Kelly Kurahayashi&nbsp;<\/p>\n\n\n\n<p><strong>Diretor:<\/strong> Leandro Santello&nbsp;<\/p>\n\n\n\n<p><strong>Diretor de Fotografia:<\/strong> Cesar Girino<\/p>\n\n\n\n<p><strong>Diretor De Produ\u00e7\u00e3o: <\/strong>Cristina Provenzano<\/p>\n\n\n\n<p><strong>Produtora Executiva:<\/strong> Katherine Del Buono&nbsp;<\/p>\n\n\n\n<p><strong>Diretora de P\u00f3s-produ\u00e7\u00e3o:<\/strong> Carol do Val<\/p>\n\n\n\n<p><strong>P\u00f3s-produ\u00e7\u00e3o:<\/strong> Camila Tomo&nbsp;<\/p>\n\n\n\n<p><strong>Finalizador: <\/strong>Bruno Tucci, Guga Moraes, Jo\u00e3o Basso, Felipe Gorczeski, Felipe Souza e Fernanda Pacheco<\/p>\n\n\n\n<p><strong>Color Grading: <\/strong>Fabio Ferh&nbsp;<\/p>\n\n\n\n<p><strong>Produtora de Audio: <\/strong>Atelier Vitch\u00e9<\/p>\n\n\n\n<p><strong>Aprova\u00e7\u00e3o do cliente:&nbsp;<\/strong><\/p>\n\n\n\n<p><strong>CMO: <\/strong>Sean Summers<\/p>\n\n\n\n<p><strong>VP Marketing Operations: <\/strong>Andres Patetta<\/p>\n\n\n\n<p><strong>VP Marketing: <\/strong>Pablo Garcia<\/p>\n\n\n\n<p><strong>Branding Director:<\/strong> Louise Mckerrow<\/p>\n\n\n\n<p><strong>Head of Branding:<\/strong> Iuri Maia<\/p>\n\n\n\n<p><strong>Branding Manager Brasil :<\/strong> Mariel Graziano<\/p>\n\n\n\n<p><strong>Branding Analyst: <\/strong>Gabriel Matos<\/p>\n\n\n\n<p><\/p><iframe allow=\"autoplay *; encrypted-media *; fullscreen *\" frameborder=\"0\" height=\"450\" style=\"width:100%;max-width:660px;overflow:hidden;background:transparent;\" sandbox=\"allow-forms allow-popups allow-same-origin allow-scripts allow-storage-access-by-user-activation allow-top-navigation-by-user-activation\" src=\"https:\/\/embed.podcasts.apple.com\/br\/podcast\/podcast-cidademarketing\/id1371923283\"><\/iframe>\n\n","protected":false},"excerpt":{"rendered":"<p>Para levar educa\u00e7\u00e3o financeira ao grande p\u00fablico, o Mercado Pago, a maior fintech da Am\u00e9rica Latina, lan\u00e7a o reality show Gincana da Grana, que ser\u00e1 transmitido pela Record TV. Estrelado pela apresentadora Sabrina Sato e por Nath Finan\u00e7as, influenciadora especialista em finan\u00e7as, o programa ir\u00e1 levar divers\u00e3o e educa\u00e7\u00e3o financeira para as noites de s\u00e1bado, [&hellip;]<\/p>\n","protected":false},"author":1,"featured_media":31249,"comment_status":"open","ping_status":"open","sticky":false,"template":"","format":"standard","meta":{"tdm_status":"","tdm_grid_status":"","footnotes":""},"categories":[6],"tags":[308,33,28,2029,487],"class_list":["post-31248","post","type-post","status-publish","format-standard","has-post-thumbnail","hentry","category-noticias","tag-comunicacao","tag-estrategia","tag-marketing","tag-mercado-pago","tag-record-tv"],"yoast_head":"<!-- This site is optimized with the Yoast SEO plugin v27.5 - https:\/\/yoast.com\/product\/yoast-seo-wordpress\/ -->\n<title>Mercado Pago estreia reality show sobre educa\u00e7\u00e3o financeira na Record TV com Sabrina Sato e Nath Finan\u00e7as - CidadeMarketing<\/title>\n<meta name=\"robots\" content=\"index, follow, max-snippet:-1, max-image-preview:large, max-video-preview:-1\" \/>\n<link rel=\"canonical\" href=\"https:\/\/www.cidademarketing.com.br\/marketing\/2021\/11\/01\/mercado-pago-estreia-reality-show-sobre-educacao-financeira-na-record-tv-com-sabrina-sato-e-nath-financas\/\" \/>\n<meta property=\"og:locale\" content=\"pt_BR\" \/>\n<meta property=\"og:type\" content=\"article\" \/>\n<meta property=\"og:title\" content=\"Mercado Pago estreia reality show sobre educa\u00e7\u00e3o financeira na Record TV com Sabrina Sato e Nath Finan\u00e7as - CidadeMarketing\" \/>\n<meta property=\"og:description\" content=\"Para levar educa\u00e7\u00e3o financeira ao grande p\u00fablico, o Mercado Pago, a maior fintech da Am\u00e9rica Latina, lan\u00e7a o reality show Gincana da Grana, que ser\u00e1 transmitido pela Record TV. Estrelado pela apresentadora Sabrina Sato e por Nath Finan\u00e7as, influenciadora especialista em finan\u00e7as, o programa ir\u00e1 levar divers\u00e3o e educa\u00e7\u00e3o financeira para as noites de s\u00e1bado, [&hellip;]\" \/>\n<meta property=\"og:url\" content=\"https:\/\/www.cidademarketing.com.br\/marketing\/2021\/11\/01\/mercado-pago-estreia-reality-show-sobre-educacao-financeira-na-record-tv-com-sabrina-sato-e-nath-financas\/\" \/>\n<meta property=\"og:site_name\" content=\"CidadeMarketing\" \/>\n<meta property=\"article:publisher\" content=\"https:\/\/www.facebook.com\/portalcidademarketing\" \/>\n<meta property=\"article:author\" content=\"https:\/\/www.facebook.com\/thalesbrandao\" \/>\n<meta property=\"article:published_time\" content=\"2021-11-02T01:24:53+00:00\" \/>\n<meta property=\"article:modified_time\" content=\"2021-11-02T01:24:56+00:00\" \/>\n<meta property=\"og:image\" content=\"https:\/\/www.cidademarketing.com.br\/marketing\/wp-content\/uploads\/2021\/11\/mercadolivre__Rafael_Cusato-scaled.jpg\" \/>\n\t<meta property=\"og:image:width\" content=\"2560\" \/>\n\t<meta property=\"og:image:height\" content=\"1707\" \/>\n\t<meta property=\"og:image:type\" content=\"image\/jpeg\" \/>\n<meta name=\"author\" content=\"Thales Brand\u00e3o\" \/>\n<meta name=\"twitter:card\" content=\"summary_large_image\" \/>\n<meta name=\"twitter:creator\" content=\"@http:\/\/www.twitter.com\/thalesbrandao\" \/>\n<meta name=\"twitter:site\" content=\"@CidadeMarketing\" \/>\n<meta name=\"twitter:label1\" content=\"Escrito por\" \/>\n\t<meta name=\"twitter:data1\" content=\"Thales Brand\u00e3o\" \/>\n\t<meta name=\"twitter:label2\" content=\"Est. tempo de leitura\" \/>\n\t<meta name=\"twitter:data2\" content=\"6 minutos\" \/>\n<script type=\"application\/ld+json\" class=\"yoast-schema-graph\">{\"@context\":\"https:\\\/\\\/schema.org\",\"@graph\":[{\"@type\":\"Article\",\"@id\":\"https:\\\/\\\/www.cidademarketing.com.br\\\/marketing\\\/2021\\\/11\\\/01\\\/mercado-pago-estreia-reality-show-sobre-educacao-financeira-na-record-tv-com-sabrina-sato-e-nath-financas\\\/#article\",\"isPartOf\":{\"@id\":\"https:\\\/\\\/www.cidademarketing.com.br\\\/marketing\\\/2021\\\/11\\\/01\\\/mercado-pago-estreia-reality-show-sobre-educacao-financeira-na-record-tv-com-sabrina-sato-e-nath-financas\\\/\"},\"author\":{\"name\":\"Thales Brand\u00e3o\",\"@id\":\"https:\\\/\\\/www.cidademarketing.com.br\\\/marketing\\\/#\\\/schema\\\/person\\\/02daff9f18bd9378c9e01eb6b2db155f\"},\"headline\":\"Mercado Pago estreia reality show sobre educa\u00e7\u00e3o financeira na Record TV com Sabrina Sato e Nath Finan\u00e7as\",\"datePublished\":\"2021-11-02T01:24:53+00:00\",\"dateModified\":\"2021-11-02T01:24:56+00:00\",\"mainEntityOfPage\":{\"@id\":\"https:\\\/\\\/www.cidademarketing.com.br\\\/marketing\\\/2021\\\/11\\\/01\\\/mercado-pago-estreia-reality-show-sobre-educacao-financeira-na-record-tv-com-sabrina-sato-e-nath-financas\\\/\"},\"wordCount\":1307,\"commentCount\":1,\"publisher\":{\"@id\":\"https:\\\/\\\/www.cidademarketing.com.br\\\/marketing\\\/#organization\"},\"image\":{\"@id\":\"https:\\\/\\\/www.cidademarketing.com.br\\\/marketing\\\/2021\\\/11\\\/01\\\/mercado-pago-estreia-reality-show-sobre-educacao-financeira-na-record-tv-com-sabrina-sato-e-nath-financas\\\/#primaryimage\"},\"thumbnailUrl\":\"https:\\\/\\\/www.cidademarketing.com.br\\\/marketing\\\/wp-content\\\/uploads\\\/2021\\\/11\\\/mercadolivre__Rafael_Cusato-scaled.jpg\",\"keywords\":[\"comunica\u00e7\u00e3o\",\"estrat\u00e9gia\",\"marketing\",\"Mercado Pago\",\"Record TV\"],\"articleSection\":[\"Not\u00edcias\"],\"inLanguage\":\"pt-BR\",\"potentialAction\":[{\"@type\":\"CommentAction\",\"name\":\"Comment\",\"target\":[\"https:\\\/\\\/www.cidademarketing.com.br\\\/marketing\\\/2021\\\/11\\\/01\\\/mercado-pago-estreia-reality-show-sobre-educacao-financeira-na-record-tv-com-sabrina-sato-e-nath-financas\\\/#respond\"]}]},{\"@type\":\"WebPage\",\"@id\":\"https:\\\/\\\/www.cidademarketing.com.br\\\/marketing\\\/2021\\\/11\\\/01\\\/mercado-pago-estreia-reality-show-sobre-educacao-financeira-na-record-tv-com-sabrina-sato-e-nath-financas\\\/\",\"url\":\"https:\\\/\\\/www.cidademarketing.com.br\\\/marketing\\\/2021\\\/11\\\/01\\\/mercado-pago-estreia-reality-show-sobre-educacao-financeira-na-record-tv-com-sabrina-sato-e-nath-financas\\\/\",\"name\":\"Mercado Pago estreia reality show sobre educa\u00e7\u00e3o financeira na Record TV com Sabrina Sato e Nath Finan\u00e7as - CidadeMarketing\",\"isPartOf\":{\"@id\":\"https:\\\/\\\/www.cidademarketing.com.br\\\/marketing\\\/#website\"},\"primaryImageOfPage\":{\"@id\":\"https:\\\/\\\/www.cidademarketing.com.br\\\/marketing\\\/2021\\\/11\\\/01\\\/mercado-pago-estreia-reality-show-sobre-educacao-financeira-na-record-tv-com-sabrina-sato-e-nath-financas\\\/#primaryimage\"},\"image\":{\"@id\":\"https:\\\/\\\/www.cidademarketing.com.br\\\/marketing\\\/2021\\\/11\\\/01\\\/mercado-pago-estreia-reality-show-sobre-educacao-financeira-na-record-tv-com-sabrina-sato-e-nath-financas\\\/#primaryimage\"},\"thumbnailUrl\":\"https:\\\/\\\/www.cidademarketing.com.br\\\/marketing\\\/wp-content\\\/uploads\\\/2021\\\/11\\\/mercadolivre__Rafael_Cusato-scaled.jpg\",\"datePublished\":\"2021-11-02T01:24:53+00:00\",\"dateModified\":\"2021-11-02T01:24:56+00:00\",\"breadcrumb\":{\"@id\":\"https:\\\/\\\/www.cidademarketing.com.br\\\/marketing\\\/2021\\\/11\\\/01\\\/mercado-pago-estreia-reality-show-sobre-educacao-financeira-na-record-tv-com-sabrina-sato-e-nath-financas\\\/#breadcrumb\"},\"inLanguage\":\"pt-BR\",\"potentialAction\":[{\"@type\":\"ReadAction\",\"target\":[\"https:\\\/\\\/www.cidademarketing.com.br\\\/marketing\\\/2021\\\/11\\\/01\\\/mercado-pago-estreia-reality-show-sobre-educacao-financeira-na-record-tv-com-sabrina-sato-e-nath-financas\\\/\"]}]},{\"@type\":\"ImageObject\",\"inLanguage\":\"pt-BR\",\"@id\":\"https:\\\/\\\/www.cidademarketing.com.br\\\/marketing\\\/2021\\\/11\\\/01\\\/mercado-pago-estreia-reality-show-sobre-educacao-financeira-na-record-tv-com-sabrina-sato-e-nath-financas\\\/#primaryimage\",\"url\":\"https:\\\/\\\/www.cidademarketing.com.br\\\/marketing\\\/wp-content\\\/uploads\\\/2021\\\/11\\\/mercadolivre__Rafael_Cusato-scaled.jpg\",\"contentUrl\":\"https:\\\/\\\/www.cidademarketing.com.br\\\/marketing\\\/wp-content\\\/uploads\\\/2021\\\/11\\\/mercadolivre__Rafael_Cusato-scaled.jpg\",\"width\":2560,\"height\":1707,\"caption\":\"Foto: Rafael Cusato\"},{\"@type\":\"BreadcrumbList\",\"@id\":\"https:\\\/\\\/www.cidademarketing.com.br\\\/marketing\\\/2021\\\/11\\\/01\\\/mercado-pago-estreia-reality-show-sobre-educacao-financeira-na-record-tv-com-sabrina-sato-e-nath-financas\\\/#breadcrumb\",\"itemListElement\":[{\"@type\":\"ListItem\",\"position\":1,\"name\":\"In\u00edcio\",\"item\":\"https:\\\/\\\/www.cidademarketing.com.br\\\/marketing\\\/\"},{\"@type\":\"ListItem\",\"position\":2,\"name\":\"Mercado Pago estreia reality show sobre educa\u00e7\u00e3o financeira na Record TV com Sabrina Sato e Nath Finan\u00e7as\"}]},{\"@type\":\"WebSite\",\"@id\":\"https:\\\/\\\/www.cidademarketing.com.br\\\/marketing\\\/#website\",\"url\":\"https:\\\/\\\/www.cidademarketing.com.br\\\/marketing\\\/\",\"name\":\"CidadeMarketing\",\"description\":\"Somos um ve\u00edculo de comunica\u00e7\u00e3o de destaque no Brasil, reconhecido por conte\u00fados nos segmentos de marketing, empreendedorismo e inova\u00e7\u00e3o.\",\"publisher\":{\"@id\":\"https:\\\/\\\/www.cidademarketing.com.br\\\/marketing\\\/#organization\"},\"alternateName\":\"CidadeMarketing\",\"potentialAction\":[{\"@type\":\"SearchAction\",\"target\":{\"@type\":\"EntryPoint\",\"urlTemplate\":\"https:\\\/\\\/www.cidademarketing.com.br\\\/marketing\\\/?s={search_term_string}\"},\"query-input\":{\"@type\":\"PropertyValueSpecification\",\"valueRequired\":true,\"valueName\":\"search_term_string\"}}],\"inLanguage\":\"pt-BR\"},{\"@type\":\"Organization\",\"@id\":\"https:\\\/\\\/www.cidademarketing.com.br\\\/marketing\\\/#organization\",\"name\":\"CidadeMarketing\",\"alternateName\":\"CidadeMarketing\",\"url\":\"https:\\\/\\\/www.cidademarketing.com.br\\\/marketing\\\/\",\"logo\":{\"@type\":\"ImageObject\",\"inLanguage\":\"pt-BR\",\"@id\":\"https:\\\/\\\/www.cidademarketing.com.br\\\/marketing\\\/#\\\/schema\\\/logo\\\/image\\\/\",\"url\":\"https:\\\/\\\/www.cidademarketing.com.br\\\/marketing\\\/wp-content\\\/uploads\\\/2020\\\/01\\\/cidademarketing_marca_mobile.png\",\"contentUrl\":\"https:\\\/\\\/www.cidademarketing.com.br\\\/marketing\\\/wp-content\\\/uploads\\\/2020\\\/01\\\/cidademarketing_marca_mobile.png\",\"width\":230,\"height\":92,\"caption\":\"CidadeMarketing\"},\"image\":{\"@id\":\"https:\\\/\\\/www.cidademarketing.com.br\\\/marketing\\\/#\\\/schema\\\/logo\\\/image\\\/\"},\"sameAs\":[\"https:\\\/\\\/www.facebook.com\\\/portalcidademarketing\",\"https:\\\/\\\/x.com\\\/CidadeMarketing\",\"https:\\\/\\\/www.instagram.com\\\/cidademarketing\\\/\"]},{\"@type\":\"Person\",\"@id\":\"https:\\\/\\\/www.cidademarketing.com.br\\\/marketing\\\/#\\\/schema\\\/person\\\/02daff9f18bd9378c9e01eb6b2db155f\",\"name\":\"Thales Brand\u00e3o\",\"image\":{\"@type\":\"ImageObject\",\"inLanguage\":\"pt-BR\",\"@id\":\"https:\\\/\\\/secure.gravatar.com\\\/avatar\\\/7ca3206950207cc3cb48feec56a8a7898741ab725c368d99d5d7a5a50aab80c6?s=96&d=mm&r=g\",\"url\":\"https:\\\/\\\/secure.gravatar.com\\\/avatar\\\/7ca3206950207cc3cb48feec56a8a7898741ab725c368d99d5d7a5a50aab80c6?s=96&d=mm&r=g\",\"contentUrl\":\"https:\\\/\\\/secure.gravatar.com\\\/avatar\\\/7ca3206950207cc3cb48feec56a8a7898741ab725c368d99d5d7a5a50aab80c6?s=96&d=mm&r=g\",\"caption\":\"Thales Brand\u00e3o\"},\"description\":\"Editor Executivo do Portal CidadeMarketing.com.br &gt; Mestre em Comunica\u00e7\u00e3o e Sociedade pela Universidade Federal de Sergipe. Possui MBA Executivo em Administra\u00e7\u00e3o com \u00eanfase em Marketing pela Funda\u00e7\u00e3o Get\u00falio Vargas - Rio de Janeiro. Consultor, Palestrante e Pesquisador sobre Empreendedorismo, Marketing, Redes Sociais e Neg\u00f3cios Digitais. Professor, Palestrante TedxTalks e Campus Party. Twitter: @ThalesBrandao\",\"sameAs\":[\"http:\\\/\\\/www.mandacaru.com.br\",\"https:\\\/\\\/www.facebook.com\\\/thalesbrandao\",\"http:\\\/\\\/www.instagram.com.br\\\/thalesbrandaoferreira\",\"https:\\\/\\\/www.linkedin.com\\\/in\\\/thales-brand\u00e3o-3948609\\\/\",\"https:\\\/\\\/x.com\\\/http:\\\/\\\/www.twitter.com\\\/thalesbrandao\"],\"url\":\"https:\\\/\\\/www.cidademarketing.com.br\\\/marketing\\\/author\\\/thalesbrandao\\\/\"}]}<\/script>\n<!-- \/ Yoast SEO plugin. -->","yoast_head_json":{"title":"Mercado Pago estreia reality show sobre educa\u00e7\u00e3o financeira na Record TV com Sabrina Sato e Nath Finan\u00e7as - CidadeMarketing","robots":{"index":"index","follow":"follow","max-snippet":"max-snippet:-1","max-image-preview":"max-image-preview:large","max-video-preview":"max-video-preview:-1"},"canonical":"https:\/\/www.cidademarketing.com.br\/marketing\/2021\/11\/01\/mercado-pago-estreia-reality-show-sobre-educacao-financeira-na-record-tv-com-sabrina-sato-e-nath-financas\/","og_locale":"pt_BR","og_type":"article","og_title":"Mercado Pago estreia reality show sobre educa\u00e7\u00e3o financeira na Record TV com Sabrina Sato e Nath Finan\u00e7as - CidadeMarketing","og_description":"Para levar educa\u00e7\u00e3o financeira ao grande p\u00fablico, o Mercado Pago, a maior fintech da Am\u00e9rica Latina, lan\u00e7a o reality show Gincana da Grana, que ser\u00e1 transmitido pela Record TV. Estrelado pela apresentadora Sabrina Sato e por Nath Finan\u00e7as, influenciadora especialista em finan\u00e7as, o programa ir\u00e1 levar divers\u00e3o e educa\u00e7\u00e3o financeira para as noites de s\u00e1bado, [&hellip;]","og_url":"https:\/\/www.cidademarketing.com.br\/marketing\/2021\/11\/01\/mercado-pago-estreia-reality-show-sobre-educacao-financeira-na-record-tv-com-sabrina-sato-e-nath-financas\/","og_site_name":"CidadeMarketing","article_publisher":"https:\/\/www.facebook.com\/portalcidademarketing","article_author":"https:\/\/www.facebook.com\/thalesbrandao","article_published_time":"2021-11-02T01:24:53+00:00","article_modified_time":"2021-11-02T01:24:56+00:00","og_image":[{"width":2560,"height":1707,"url":"https:\/\/www.cidademarketing.com.br\/marketing\/wp-content\/uploads\/2021\/11\/mercadolivre__Rafael_Cusato-scaled.jpg","type":"image\/jpeg"}],"author":"Thales Brand\u00e3o","twitter_card":"summary_large_image","twitter_creator":"@http:\/\/www.twitter.com\/thalesbrandao","twitter_site":"@CidadeMarketing","twitter_misc":{"Escrito por":"Thales Brand\u00e3o","Est. tempo de leitura":"6 minutos"},"schema":{"@context":"https:\/\/schema.org","@graph":[{"@type":"Article","@id":"https:\/\/www.cidademarketing.com.br\/marketing\/2021\/11\/01\/mercado-pago-estreia-reality-show-sobre-educacao-financeira-na-record-tv-com-sabrina-sato-e-nath-financas\/#article","isPartOf":{"@id":"https:\/\/www.cidademarketing.com.br\/marketing\/2021\/11\/01\/mercado-pago-estreia-reality-show-sobre-educacao-financeira-na-record-tv-com-sabrina-sato-e-nath-financas\/"},"author":{"name":"Thales Brand\u00e3o","@id":"https:\/\/www.cidademarketing.com.br\/marketing\/#\/schema\/person\/02daff9f18bd9378c9e01eb6b2db155f"},"headline":"Mercado Pago estreia reality show sobre educa\u00e7\u00e3o financeira na Record TV com Sabrina Sato e Nath Finan\u00e7as","datePublished":"2021-11-02T01:24:53+00:00","dateModified":"2021-11-02T01:24:56+00:00","mainEntityOfPage":{"@id":"https:\/\/www.cidademarketing.com.br\/marketing\/2021\/11\/01\/mercado-pago-estreia-reality-show-sobre-educacao-financeira-na-record-tv-com-sabrina-sato-e-nath-financas\/"},"wordCount":1307,"commentCount":1,"publisher":{"@id":"https:\/\/www.cidademarketing.com.br\/marketing\/#organization"},"image":{"@id":"https:\/\/www.cidademarketing.com.br\/marketing\/2021\/11\/01\/mercado-pago-estreia-reality-show-sobre-educacao-financeira-na-record-tv-com-sabrina-sato-e-nath-financas\/#primaryimage"},"thumbnailUrl":"https:\/\/www.cidademarketing.com.br\/marketing\/wp-content\/uploads\/2021\/11\/mercadolivre__Rafael_Cusato-scaled.jpg","keywords":["comunica\u00e7\u00e3o","estrat\u00e9gia","marketing","Mercado Pago","Record TV"],"articleSection":["Not\u00edcias"],"inLanguage":"pt-BR","potentialAction":[{"@type":"CommentAction","name":"Comment","target":["https:\/\/www.cidademarketing.com.br\/marketing\/2021\/11\/01\/mercado-pago-estreia-reality-show-sobre-educacao-financeira-na-record-tv-com-sabrina-sato-e-nath-financas\/#respond"]}]},{"@type":"WebPage","@id":"https:\/\/www.cidademarketing.com.br\/marketing\/2021\/11\/01\/mercado-pago-estreia-reality-show-sobre-educacao-financeira-na-record-tv-com-sabrina-sato-e-nath-financas\/","url":"https:\/\/www.cidademarketing.com.br\/marketing\/2021\/11\/01\/mercado-pago-estreia-reality-show-sobre-educacao-financeira-na-record-tv-com-sabrina-sato-e-nath-financas\/","name":"Mercado Pago estreia reality show sobre educa\u00e7\u00e3o financeira na Record TV com Sabrina Sato e Nath Finan\u00e7as - CidadeMarketing","isPartOf":{"@id":"https:\/\/www.cidademarketing.com.br\/marketing\/#website"},"primaryImageOfPage":{"@id":"https:\/\/www.cidademarketing.com.br\/marketing\/2021\/11\/01\/mercado-pago-estreia-reality-show-sobre-educacao-financeira-na-record-tv-com-sabrina-sato-e-nath-financas\/#primaryimage"},"image":{"@id":"https:\/\/www.cidademarketing.com.br\/marketing\/2021\/11\/01\/mercado-pago-estreia-reality-show-sobre-educacao-financeira-na-record-tv-com-sabrina-sato-e-nath-financas\/#primaryimage"},"thumbnailUrl":"https:\/\/www.cidademarketing.com.br\/marketing\/wp-content\/uploads\/2021\/11\/mercadolivre__Rafael_Cusato-scaled.jpg","datePublished":"2021-11-02T01:24:53+00:00","dateModified":"2021-11-02T01:24:56+00:00","breadcrumb":{"@id":"https:\/\/www.cidademarketing.com.br\/marketing\/2021\/11\/01\/mercado-pago-estreia-reality-show-sobre-educacao-financeira-na-record-tv-com-sabrina-sato-e-nath-financas\/#breadcrumb"},"inLanguage":"pt-BR","potentialAction":[{"@type":"ReadAction","target":["https:\/\/www.cidademarketing.com.br\/marketing\/2021\/11\/01\/mercado-pago-estreia-reality-show-sobre-educacao-financeira-na-record-tv-com-sabrina-sato-e-nath-financas\/"]}]},{"@type":"ImageObject","inLanguage":"pt-BR","@id":"https:\/\/www.cidademarketing.com.br\/marketing\/2021\/11\/01\/mercado-pago-estreia-reality-show-sobre-educacao-financeira-na-record-tv-com-sabrina-sato-e-nath-financas\/#primaryimage","url":"https:\/\/www.cidademarketing.com.br\/marketing\/wp-content\/uploads\/2021\/11\/mercadolivre__Rafael_Cusato-scaled.jpg","contentUrl":"https:\/\/www.cidademarketing.com.br\/marketing\/wp-content\/uploads\/2021\/11\/mercadolivre__Rafael_Cusato-scaled.jpg","width":2560,"height":1707,"caption":"Foto: Rafael Cusato"},{"@type":"BreadcrumbList","@id":"https:\/\/www.cidademarketing.com.br\/marketing\/2021\/11\/01\/mercado-pago-estreia-reality-show-sobre-educacao-financeira-na-record-tv-com-sabrina-sato-e-nath-financas\/#breadcrumb","itemListElement":[{"@type":"ListItem","position":1,"name":"In\u00edcio","item":"https:\/\/www.cidademarketing.com.br\/marketing\/"},{"@type":"ListItem","position":2,"name":"Mercado Pago estreia reality show sobre educa\u00e7\u00e3o financeira na Record TV com Sabrina Sato e Nath Finan\u00e7as"}]},{"@type":"WebSite","@id":"https:\/\/www.cidademarketing.com.br\/marketing\/#website","url":"https:\/\/www.cidademarketing.com.br\/marketing\/","name":"CidadeMarketing","description":"Somos um ve\u00edculo de comunica\u00e7\u00e3o de destaque no Brasil, reconhecido por conte\u00fados nos segmentos de marketing, empreendedorismo e inova\u00e7\u00e3o.","publisher":{"@id":"https:\/\/www.cidademarketing.com.br\/marketing\/#organization"},"alternateName":"CidadeMarketing","potentialAction":[{"@type":"SearchAction","target":{"@type":"EntryPoint","urlTemplate":"https:\/\/www.cidademarketing.com.br\/marketing\/?s={search_term_string}"},"query-input":{"@type":"PropertyValueSpecification","valueRequired":true,"valueName":"search_term_string"}}],"inLanguage":"pt-BR"},{"@type":"Organization","@id":"https:\/\/www.cidademarketing.com.br\/marketing\/#organization","name":"CidadeMarketing","alternateName":"CidadeMarketing","url":"https:\/\/www.cidademarketing.com.br\/marketing\/","logo":{"@type":"ImageObject","inLanguage":"pt-BR","@id":"https:\/\/www.cidademarketing.com.br\/marketing\/#\/schema\/logo\/image\/","url":"https:\/\/www.cidademarketing.com.br\/marketing\/wp-content\/uploads\/2020\/01\/cidademarketing_marca_mobile.png","contentUrl":"https:\/\/www.cidademarketing.com.br\/marketing\/wp-content\/uploads\/2020\/01\/cidademarketing_marca_mobile.png","width":230,"height":92,"caption":"CidadeMarketing"},"image":{"@id":"https:\/\/www.cidademarketing.com.br\/marketing\/#\/schema\/logo\/image\/"},"sameAs":["https:\/\/www.facebook.com\/portalcidademarketing","https:\/\/x.com\/CidadeMarketing","https:\/\/www.instagram.com\/cidademarketing\/"]},{"@type":"Person","@id":"https:\/\/www.cidademarketing.com.br\/marketing\/#\/schema\/person\/02daff9f18bd9378c9e01eb6b2db155f","name":"Thales Brand\u00e3o","image":{"@type":"ImageObject","inLanguage":"pt-BR","@id":"https:\/\/secure.gravatar.com\/avatar\/7ca3206950207cc3cb48feec56a8a7898741ab725c368d99d5d7a5a50aab80c6?s=96&d=mm&r=g","url":"https:\/\/secure.gravatar.com\/avatar\/7ca3206950207cc3cb48feec56a8a7898741ab725c368d99d5d7a5a50aab80c6?s=96&d=mm&r=g","contentUrl":"https:\/\/secure.gravatar.com\/avatar\/7ca3206950207cc3cb48feec56a8a7898741ab725c368d99d5d7a5a50aab80c6?s=96&d=mm&r=g","caption":"Thales Brand\u00e3o"},"description":"Editor Executivo do Portal CidadeMarketing.com.br &gt; Mestre em Comunica\u00e7\u00e3o e Sociedade pela Universidade Federal de Sergipe. Possui MBA Executivo em Administra\u00e7\u00e3o com \u00eanfase em Marketing pela Funda\u00e7\u00e3o Get\u00falio Vargas - Rio de Janeiro. Consultor, Palestrante e Pesquisador sobre Empreendedorismo, Marketing, Redes Sociais e Neg\u00f3cios Digitais. Professor, Palestrante TedxTalks e Campus Party. Twitter: @ThalesBrandao","sameAs":["http:\/\/www.mandacaru.com.br","https:\/\/www.facebook.com\/thalesbrandao","http:\/\/www.instagram.com.br\/thalesbrandaoferreira","https:\/\/www.linkedin.com\/in\/thales-brand\u00e3o-3948609\/","https:\/\/x.com\/http:\/\/www.twitter.com\/thalesbrandao"],"url":"https:\/\/www.cidademarketing.com.br\/marketing\/author\/thalesbrandao\/"}]}},"amp_enabled":true,"_links":{"self":[{"href":"https:\/\/www.cidademarketing.com.br\/marketing\/wp-json\/wp\/v2\/posts\/31248","targetHints":{"allow":["GET"]}}],"collection":[{"href":"https:\/\/www.cidademarketing.com.br\/marketing\/wp-json\/wp\/v2\/posts"}],"about":[{"href":"https:\/\/www.cidademarketing.com.br\/marketing\/wp-json\/wp\/v2\/types\/post"}],"author":[{"embeddable":true,"href":"https:\/\/www.cidademarketing.com.br\/marketing\/wp-json\/wp\/v2\/users\/1"}],"replies":[{"embeddable":true,"href":"https:\/\/www.cidademarketing.com.br\/marketing\/wp-json\/wp\/v2\/comments?post=31248"}],"version-history":[{"count":1,"href":"https:\/\/www.cidademarketing.com.br\/marketing\/wp-json\/wp\/v2\/posts\/31248\/revisions"}],"predecessor-version":[{"id":31250,"href":"https:\/\/www.cidademarketing.com.br\/marketing\/wp-json\/wp\/v2\/posts\/31248\/revisions\/31250"}],"wp:featuredmedia":[{"embeddable":true,"href":"https:\/\/www.cidademarketing.com.br\/marketing\/wp-json\/wp\/v2\/media\/31249"}],"wp:attachment":[{"href":"https:\/\/www.cidademarketing.com.br\/marketing\/wp-json\/wp\/v2\/media?parent=31248"}],"wp:term":[{"taxonomy":"category","embeddable":true,"href":"https:\/\/www.cidademarketing.com.br\/marketing\/wp-json\/wp\/v2\/categories?post=31248"},{"taxonomy":"post_tag","embeddable":true,"href":"https:\/\/www.cidademarketing.com.br\/marketing\/wp-json\/wp\/v2\/tags?post=31248"}],"curies":[{"name":"wp","href":"https:\/\/api.w.org\/{rel}","templated":true}]}}