{"id":31239,"date":"2021-11-01T19:09:37","date_gmt":"2021-11-01T22:09:37","guid":{"rendered":"https:\/\/www.cidademarketing.com.br\/marketing\/?p=31239"},"modified":"2021-11-01T20:49:19","modified_gmt":"2021-11-01T23:49:19","slug":"ministerio-do-trabalho-portaria-proibe-demissao-de-trabalhador-nao-vacinado-contra-covid-19","status":"publish","type":"post","link":"https:\/\/www.cidademarketing.com.br\/marketing\/2021\/11\/01\/ministerio-do-trabalho-portaria-proibe-demissao-de-trabalhador-nao-vacinado-contra-covid-19\/","title":{"rendered":"Minist\u00e9rio do Trabalho: Portaria pro\u00edbe demiss\u00e3o de trabalhador n\u00e3o vacinado contra covid-19"},"content":{"rendered":"\n<p><\/p><iframe src=\"https:\/\/open.spotify.com\/embed\/show\/4khMKzP3FgFRWVwb73xicc\" width=\"100%\" height=\"232\" frameBorder=\"0\" allowtransparency=\"true\" allow=\"encrypted-media\"><\/iframe>\t\n\n\n\n\n<p>O empregado que n\u00e3o tiver tomado vacina contra a covid-19 n\u00e3o poder\u00e1 ser demitido ou ser barrado em processo seletivo. A proibi\u00e7\u00e3o consta da\u00a0<a rel=\"noreferrer noopener\" href=\"https:\/\/www.in.gov.br\/web\/dou\/-\/portaria-mtp-n-620-de-1-de-novembro-de-2021-356175059\" target=\"_blank\">Portaria 620<\/a>, publicada nesta segunda-feira\u00a0(1\u00b0) pelo Minist\u00e9rio do Trabalho e Emprego.<br><br>A medida vale tanto para empresas como para \u00f3rg\u00e3os p\u00fablicos. Em v\u00eddeo, o ministro Onyx Lorenzoni disse que a portaria protege o trabalhador e afirma que a escolha de vacinar-se pertence apenas ao cidad\u00e3o.<br><br>Segundo o texto, constitui &#8220;pr\u00e1tica discriminat\u00f3ria a obrigatoriedade de certificado de vacina\u00e7\u00e3o em processos seletivos de admiss\u00e3o de trabalhadores, assim como a demiss\u00e3o por justa causa de empregado em raz\u00e3o da n\u00e3o apresenta\u00e7\u00e3o de certificado de vacina\u00e7\u00e3o&#8221;.<\/p>\n\n\n\n<p><\/p><blockquote class=\"twitter-tweet\"><p lang=\"pt\" dir=\"ltr\">\ud83d\udea8\ud83d\udea8\ud83d\udea8\ud83d\udea8\ud83d\udea8 Governo do Brasil edita portaria CONTRA DEMISS\u00d5ES DE TRABALHADORES QUE OPTEM POR N\u00c3O SE VACINAR CONTRA A COVID.<br><br>A exig\u00eancia de comprovante de vacina de trabalhadores \u00e9 INCONSTITUCIONAL \u2014 e, tamb\u00e9m, n\u00e3o faz sentido, pois os brasileiros aderiram \u00e0 vacina\u00e7\u00e3o em massa. <a href=\"https:\/\/t.co\/LyXd7HMlW6\">pic.twitter.com\/LyXd7HMlW6<\/a><\/p>&mdash; SecomVc (@secomvc) <a href=\"https:\/\/twitter.com\/secomvc\/status\/1455249229631340548?ref_src=twsrc%5Etfw\">November 1, 2021<\/a><\/blockquote> <script async src=\"https:\/\/platform.twitter.com\/widgets.js\" charset=\"utf-8\"><\/script>\n\n\n\n<p><br><br>Caso o empregado seja demitido ou n\u00e3o contratado por n\u00e3o comprovar a vacina\u00e7\u00e3o, a portaria estabelece que o funcion\u00e1rio pode escolher ser reintegrado ao cargo ou receber o dobro da remunera\u00e7\u00e3o referente ao per\u00edodo de afastamento.<br><br>As empresas tamb\u00e9m poder\u00e3o realizar testagens peri\u00f3dicas para preservar as condi\u00e7\u00f5es sanit\u00e1rias no ambiente de trabalho. Nessas situa\u00e7\u00f5es, o empregado dever\u00e1 apresentar o cart\u00e3o de vacina\u00e7\u00e3o ou ser obrigado a realizar o teste. Tamb\u00e9m est\u00e1 autorizado que os empregadores incentivem a vacina\u00e7\u00e3o, desde que n\u00e3o obriguem o funcion\u00e1rio a vacinar-se.<img decoding=\"async\" src=\"https:\/\/agenciabrasil.ebc.com.br\/ebc.png?id=1426281&amp;o=node\"><img decoding=\"async\" src=\"https:\/\/agenciabrasil.ebc.com.br\/ebc.gif?id=1426281&amp;o=node\"><\/p>\n\n\n\n<p>A posi\u00e7\u00e3o do governo \u00e9 distinta de algumas senten\u00e7as recentes da Justi\u00e7a do Trabalho. Em julho, a 13\u00aa Turma do Tribunal Regional do Trabalho (TRT) da 2\u00aa Regi\u00e3o, em S\u00e3o Paulo, confirmou a\u00a0dispensa por justa causa\u00a0de uma auxiliar de limpeza que trabalhava em um hospital infantil e se recusou a ser imunizada duas vezes. O caso aconteceu em S\u00e3o Caetano do Sul, na regi\u00e3o metropolitana da capital paulista.<\/p>\n\n\n\n<p>CidadeMarketing com informa\u00e7\u00f5es da <a href=\"https:\/\/agenciabrasil.ebc.com.br\/geral\/noticia\/2021-11\/portaria-proibe-demissao-de-trabalhador-nao-vacinado-contra-covid-19\" target=\"_blank\" rel=\"noreferrer noopener\">Ag\u00eancia Brasil<\/a>.<\/p>\n\n\n\n<p><\/p><iframe allow=\"autoplay *; encrypted-media *; fullscreen *\" frameborder=\"0\" height=\"450\" style=\"width:100%;max-width:660px;overflow:hidden;background:transparent;\" sandbox=\"allow-forms allow-popups allow-same-origin allow-scripts allow-storage-access-by-user-activation allow-top-navigation-by-user-activation\" src=\"https:\/\/embed.podcasts.apple.com\/br\/podcast\/podcast-cidademarketing\/id1371923283\"><\/iframe>\n\n","protected":false},"excerpt":{"rendered":"<p>O empregado que n\u00e3o tiver tomado vacina contra a covid-19 n\u00e3o poder\u00e1 ser demitido ou ser barrado em processo seletivo. A proibi\u00e7\u00e3o consta da\u00a0Portaria 620, publicada nesta segunda-feira\u00a0(1\u00b0) pelo Minist\u00e9rio do Trabalho e Emprego. A medida vale tanto para empresas como para \u00f3rg\u00e3os p\u00fablicos. Em v\u00eddeo, o ministro Onyx Lorenzoni disse que a portaria protege [&hellip;]<\/p>\n","protected":false},"author":1,"featured_media":31240,"comment_status":"open","ping_status":"open","sticky":false,"template":"","format":"standard","meta":{"tdm_status":"","tdm_grid_status":"","footnotes":""},"categories":[6],"tags":[33,28,550,3405],"class_list":["post-31239","post","type-post","status-publish","format-standard","has-post-thumbnail","hentry","category-noticias","tag-estrategia","tag-marketing","tag-ministerio-do-trabalho","tag-vacina"],"yoast_head":"<!-- This site is optimized with the Yoast SEO plugin v27.5 - https:\/\/yoast.com\/product\/yoast-seo-wordpress\/ -->\n<title>Minist\u00e9rio do Trabalho: Portaria pro\u00edbe demiss\u00e3o de trabalhador n\u00e3o vacinado contra covid-19 - CidadeMarketing<\/title>\n<meta name=\"robots\" content=\"index, follow, max-snippet:-1, max-image-preview:large, max-video-preview:-1\" \/>\n<link rel=\"canonical\" href=\"https:\/\/www.cidademarketing.com.br\/marketing\/2021\/11\/01\/ministerio-do-trabalho-portaria-proibe-demissao-de-trabalhador-nao-vacinado-contra-covid-19\/\" \/>\n<meta property=\"og:locale\" content=\"pt_BR\" \/>\n<meta property=\"og:type\" content=\"article\" \/>\n<meta property=\"og:title\" content=\"Minist\u00e9rio do Trabalho: Portaria pro\u00edbe demiss\u00e3o de trabalhador n\u00e3o vacinado contra covid-19 - CidadeMarketing\" \/>\n<meta property=\"og:description\" content=\"O empregado que n\u00e3o tiver tomado vacina contra a covid-19 n\u00e3o poder\u00e1 ser demitido ou ser barrado em processo seletivo. A proibi\u00e7\u00e3o consta da\u00a0Portaria 620, publicada nesta segunda-feira\u00a0(1\u00b0) pelo Minist\u00e9rio do Trabalho e Emprego. A medida vale tanto para empresas como para \u00f3rg\u00e3os p\u00fablicos. Em v\u00eddeo, o ministro Onyx Lorenzoni disse que a portaria protege [&hellip;]\" \/>\n<meta property=\"og:url\" content=\"https:\/\/www.cidademarketing.com.br\/marketing\/2021\/11\/01\/ministerio-do-trabalho-portaria-proibe-demissao-de-trabalhador-nao-vacinado-contra-covid-19\/\" \/>\n<meta property=\"og:site_name\" content=\"CidadeMarketing\" \/>\n<meta property=\"article:publisher\" content=\"https:\/\/www.facebook.com\/portalcidademarketing\" \/>\n<meta property=\"article:author\" content=\"https:\/\/www.facebook.com\/thalesbrandao\" \/>\n<meta property=\"article:published_time\" content=\"2021-11-01T22:09:37+00:00\" \/>\n<meta property=\"article:modified_time\" content=\"2021-11-01T23:49:19+00:00\" \/>\n<meta property=\"og:image\" content=\"https:\/\/www.cidademarketing.com.br\/marketing\/wp-content\/uploads\/2021\/11\/ministeriodasaude_vacina.jpg\" \/>\n\t<meta property=\"og:image:width\" content=\"1462\" \/>\n\t<meta property=\"og:image:height\" content=\"830\" \/>\n\t<meta property=\"og:image:type\" content=\"image\/jpeg\" \/>\n<meta name=\"author\" content=\"Thales Brand\u00e3o\" \/>\n<meta name=\"twitter:card\" content=\"summary_large_image\" \/>\n<meta name=\"twitter:creator\" content=\"@http:\/\/www.twitter.com\/thalesbrandao\" \/>\n<meta name=\"twitter:site\" content=\"@CidadeMarketing\" \/>\n<meta name=\"twitter:label1\" content=\"Escrito por\" \/>\n\t<meta name=\"twitter:data1\" content=\"Thales Brand\u00e3o\" \/>\n\t<meta name=\"twitter:label2\" content=\"Est. tempo de leitura\" \/>\n\t<meta name=\"twitter:data2\" content=\"2 minutos\" \/>\n<script type=\"application\/ld+json\" class=\"yoast-schema-graph\">{\"@context\":\"https:\\\/\\\/schema.org\",\"@graph\":[{\"@type\":\"Article\",\"@id\":\"https:\\\/\\\/www.cidademarketing.com.br\\\/marketing\\\/2021\\\/11\\\/01\\\/ministerio-do-trabalho-portaria-proibe-demissao-de-trabalhador-nao-vacinado-contra-covid-19\\\/#article\",\"isPartOf\":{\"@id\":\"https:\\\/\\\/www.cidademarketing.com.br\\\/marketing\\\/2021\\\/11\\\/01\\\/ministerio-do-trabalho-portaria-proibe-demissao-de-trabalhador-nao-vacinado-contra-covid-19\\\/\"},\"author\":{\"name\":\"Thales Brand\u00e3o\",\"@id\":\"https:\\\/\\\/www.cidademarketing.com.br\\\/marketing\\\/#\\\/schema\\\/person\\\/02daff9f18bd9378c9e01eb6b2db155f\"},\"headline\":\"Minist\u00e9rio do Trabalho: Portaria pro\u00edbe demiss\u00e3o de trabalhador n\u00e3o vacinado contra covid-19\",\"datePublished\":\"2021-11-01T22:09:37+00:00\",\"dateModified\":\"2021-11-01T23:49:19+00:00\",\"mainEntityOfPage\":{\"@id\":\"https:\\\/\\\/www.cidademarketing.com.br\\\/marketing\\\/2021\\\/11\\\/01\\\/ministerio-do-trabalho-portaria-proibe-demissao-de-trabalhador-nao-vacinado-contra-covid-19\\\/\"},\"wordCount\":378,\"commentCount\":0,\"publisher\":{\"@id\":\"https:\\\/\\\/www.cidademarketing.com.br\\\/marketing\\\/#organization\"},\"image\":{\"@id\":\"https:\\\/\\\/www.cidademarketing.com.br\\\/marketing\\\/2021\\\/11\\\/01\\\/ministerio-do-trabalho-portaria-proibe-demissao-de-trabalhador-nao-vacinado-contra-covid-19\\\/#primaryimage\"},\"thumbnailUrl\":\"https:\\\/\\\/www.cidademarketing.com.br\\\/marketing\\\/wp-content\\\/uploads\\\/2021\\\/11\\\/ministeriodasaude_vacina.jpg\",\"keywords\":[\"estrat\u00e9gia\",\"marketing\",\"Minist\u00e9rio do Trabalho\",\"vacina\"],\"articleSection\":[\"Not\u00edcias\"],\"inLanguage\":\"pt-BR\",\"potentialAction\":[{\"@type\":\"CommentAction\",\"name\":\"Comment\",\"target\":[\"https:\\\/\\\/www.cidademarketing.com.br\\\/marketing\\\/2021\\\/11\\\/01\\\/ministerio-do-trabalho-portaria-proibe-demissao-de-trabalhador-nao-vacinado-contra-covid-19\\\/#respond\"]}]},{\"@type\":\"WebPage\",\"@id\":\"https:\\\/\\\/www.cidademarketing.com.br\\\/marketing\\\/2021\\\/11\\\/01\\\/ministerio-do-trabalho-portaria-proibe-demissao-de-trabalhador-nao-vacinado-contra-covid-19\\\/\",\"url\":\"https:\\\/\\\/www.cidademarketing.com.br\\\/marketing\\\/2021\\\/11\\\/01\\\/ministerio-do-trabalho-portaria-proibe-demissao-de-trabalhador-nao-vacinado-contra-covid-19\\\/\",\"name\":\"Minist\u00e9rio do Trabalho: Portaria pro\u00edbe demiss\u00e3o de trabalhador n\u00e3o vacinado contra covid-19 - CidadeMarketing\",\"isPartOf\":{\"@id\":\"https:\\\/\\\/www.cidademarketing.com.br\\\/marketing\\\/#website\"},\"primaryImageOfPage\":{\"@id\":\"https:\\\/\\\/www.cidademarketing.com.br\\\/marketing\\\/2021\\\/11\\\/01\\\/ministerio-do-trabalho-portaria-proibe-demissao-de-trabalhador-nao-vacinado-contra-covid-19\\\/#primaryimage\"},\"image\":{\"@id\":\"https:\\\/\\\/www.cidademarketing.com.br\\\/marketing\\\/2021\\\/11\\\/01\\\/ministerio-do-trabalho-portaria-proibe-demissao-de-trabalhador-nao-vacinado-contra-covid-19\\\/#primaryimage\"},\"thumbnailUrl\":\"https:\\\/\\\/www.cidademarketing.com.br\\\/marketing\\\/wp-content\\\/uploads\\\/2021\\\/11\\\/ministeriodasaude_vacina.jpg\",\"datePublished\":\"2021-11-01T22:09:37+00:00\",\"dateModified\":\"2021-11-01T23:49:19+00:00\",\"breadcrumb\":{\"@id\":\"https:\\\/\\\/www.cidademarketing.com.br\\\/marketing\\\/2021\\\/11\\\/01\\\/ministerio-do-trabalho-portaria-proibe-demissao-de-trabalhador-nao-vacinado-contra-covid-19\\\/#breadcrumb\"},\"inLanguage\":\"pt-BR\",\"potentialAction\":[{\"@type\":\"ReadAction\",\"target\":[\"https:\\\/\\\/www.cidademarketing.com.br\\\/marketing\\\/2021\\\/11\\\/01\\\/ministerio-do-trabalho-portaria-proibe-demissao-de-trabalhador-nao-vacinado-contra-covid-19\\\/\"]}]},{\"@type\":\"ImageObject\",\"inLanguage\":\"pt-BR\",\"@id\":\"https:\\\/\\\/www.cidademarketing.com.br\\\/marketing\\\/2021\\\/11\\\/01\\\/ministerio-do-trabalho-portaria-proibe-demissao-de-trabalhador-nao-vacinado-contra-covid-19\\\/#primaryimage\",\"url\":\"https:\\\/\\\/www.cidademarketing.com.br\\\/marketing\\\/wp-content\\\/uploads\\\/2021\\\/11\\\/ministeriodasaude_vacina.jpg\",\"contentUrl\":\"https:\\\/\\\/www.cidademarketing.com.br\\\/marketing\\\/wp-content\\\/uploads\\\/2021\\\/11\\\/ministeriodasaude_vacina.jpg\",\"width\":1462,\"height\":830,\"caption\":\"Divulga\u00e7\u00e3o\"},{\"@type\":\"BreadcrumbList\",\"@id\":\"https:\\\/\\\/www.cidademarketing.com.br\\\/marketing\\\/2021\\\/11\\\/01\\\/ministerio-do-trabalho-portaria-proibe-demissao-de-trabalhador-nao-vacinado-contra-covid-19\\\/#breadcrumb\",\"itemListElement\":[{\"@type\":\"ListItem\",\"position\":1,\"name\":\"In\u00edcio\",\"item\":\"https:\\\/\\\/www.cidademarketing.com.br\\\/marketing\\\/\"},{\"@type\":\"ListItem\",\"position\":2,\"name\":\"Minist\u00e9rio do Trabalho: Portaria pro\u00edbe demiss\u00e3o de trabalhador n\u00e3o vacinado contra covid-19\"}]},{\"@type\":\"WebSite\",\"@id\":\"https:\\\/\\\/www.cidademarketing.com.br\\\/marketing\\\/#website\",\"url\":\"https:\\\/\\\/www.cidademarketing.com.br\\\/marketing\\\/\",\"name\":\"CidadeMarketing\",\"description\":\"Somos um ve\u00edculo de comunica\u00e7\u00e3o de destaque no Brasil, reconhecido por conte\u00fados nos segmentos de marketing, empreendedorismo e inova\u00e7\u00e3o.\",\"publisher\":{\"@id\":\"https:\\\/\\\/www.cidademarketing.com.br\\\/marketing\\\/#organization\"},\"alternateName\":\"CidadeMarketing\",\"potentialAction\":[{\"@type\":\"SearchAction\",\"target\":{\"@type\":\"EntryPoint\",\"urlTemplate\":\"https:\\\/\\\/www.cidademarketing.com.br\\\/marketing\\\/?s={search_term_string}\"},\"query-input\":{\"@type\":\"PropertyValueSpecification\",\"valueRequired\":true,\"valueName\":\"search_term_string\"}}],\"inLanguage\":\"pt-BR\"},{\"@type\":\"Organization\",\"@id\":\"https:\\\/\\\/www.cidademarketing.com.br\\\/marketing\\\/#organization\",\"name\":\"CidadeMarketing\",\"alternateName\":\"CidadeMarketing\",\"url\":\"https:\\\/\\\/www.cidademarketing.com.br\\\/marketing\\\/\",\"logo\":{\"@type\":\"ImageObject\",\"inLanguage\":\"pt-BR\",\"@id\":\"https:\\\/\\\/www.cidademarketing.com.br\\\/marketing\\\/#\\\/schema\\\/logo\\\/image\\\/\",\"url\":\"https:\\\/\\\/www.cidademarketing.com.br\\\/marketing\\\/wp-content\\\/uploads\\\/2020\\\/01\\\/cidademarketing_marca_mobile.png\",\"contentUrl\":\"https:\\\/\\\/www.cidademarketing.com.br\\\/marketing\\\/wp-content\\\/uploads\\\/2020\\\/01\\\/cidademarketing_marca_mobile.png\",\"width\":230,\"height\":92,\"caption\":\"CidadeMarketing\"},\"image\":{\"@id\":\"https:\\\/\\\/www.cidademarketing.com.br\\\/marketing\\\/#\\\/schema\\\/logo\\\/image\\\/\"},\"sameAs\":[\"https:\\\/\\\/www.facebook.com\\\/portalcidademarketing\",\"https:\\\/\\\/x.com\\\/CidadeMarketing\",\"https:\\\/\\\/www.instagram.com\\\/cidademarketing\\\/\"]},{\"@type\":\"Person\",\"@id\":\"https:\\\/\\\/www.cidademarketing.com.br\\\/marketing\\\/#\\\/schema\\\/person\\\/02daff9f18bd9378c9e01eb6b2db155f\",\"name\":\"Thales Brand\u00e3o\",\"image\":{\"@type\":\"ImageObject\",\"inLanguage\":\"pt-BR\",\"@id\":\"https:\\\/\\\/secure.gravatar.com\\\/avatar\\\/7ca3206950207cc3cb48feec56a8a7898741ab725c368d99d5d7a5a50aab80c6?s=96&d=mm&r=g\",\"url\":\"https:\\\/\\\/secure.gravatar.com\\\/avatar\\\/7ca3206950207cc3cb48feec56a8a7898741ab725c368d99d5d7a5a50aab80c6?s=96&d=mm&r=g\",\"contentUrl\":\"https:\\\/\\\/secure.gravatar.com\\\/avatar\\\/7ca3206950207cc3cb48feec56a8a7898741ab725c368d99d5d7a5a50aab80c6?s=96&d=mm&r=g\",\"caption\":\"Thales Brand\u00e3o\"},\"description\":\"Editor Executivo do Portal CidadeMarketing.com.br &gt; Mestre em Comunica\u00e7\u00e3o e Sociedade pela Universidade Federal de Sergipe. Possui MBA Executivo em Administra\u00e7\u00e3o com \u00eanfase em Marketing pela Funda\u00e7\u00e3o Get\u00falio Vargas - Rio de Janeiro. Consultor, Palestrante e Pesquisador sobre Empreendedorismo, Marketing, Redes Sociais e Neg\u00f3cios Digitais. Professor, Palestrante TedxTalks e Campus Party. Twitter: @ThalesBrandao\",\"sameAs\":[\"http:\\\/\\\/www.mandacaru.com.br\",\"https:\\\/\\\/www.facebook.com\\\/thalesbrandao\",\"http:\\\/\\\/www.instagram.com.br\\\/thalesbrandaoferreira\",\"https:\\\/\\\/www.linkedin.com\\\/in\\\/thales-brand\u00e3o-3948609\\\/\",\"https:\\\/\\\/x.com\\\/http:\\\/\\\/www.twitter.com\\\/thalesbrandao\"],\"url\":\"https:\\\/\\\/www.cidademarketing.com.br\\\/marketing\\\/author\\\/thalesbrandao\\\/\"}]}<\/script>\n<!-- \/ Yoast SEO plugin. -->","yoast_head_json":{"title":"Minist\u00e9rio do Trabalho: Portaria pro\u00edbe demiss\u00e3o de trabalhador n\u00e3o vacinado contra covid-19 - CidadeMarketing","robots":{"index":"index","follow":"follow","max-snippet":"max-snippet:-1","max-image-preview":"max-image-preview:large","max-video-preview":"max-video-preview:-1"},"canonical":"https:\/\/www.cidademarketing.com.br\/marketing\/2021\/11\/01\/ministerio-do-trabalho-portaria-proibe-demissao-de-trabalhador-nao-vacinado-contra-covid-19\/","og_locale":"pt_BR","og_type":"article","og_title":"Minist\u00e9rio do Trabalho: Portaria pro\u00edbe demiss\u00e3o de trabalhador n\u00e3o vacinado contra covid-19 - CidadeMarketing","og_description":"O empregado que n\u00e3o tiver tomado vacina contra a covid-19 n\u00e3o poder\u00e1 ser demitido ou ser barrado em processo seletivo. A proibi\u00e7\u00e3o consta da\u00a0Portaria 620, publicada nesta segunda-feira\u00a0(1\u00b0) pelo Minist\u00e9rio do Trabalho e Emprego. A medida vale tanto para empresas como para \u00f3rg\u00e3os p\u00fablicos. Em v\u00eddeo, o ministro Onyx Lorenzoni disse que a portaria protege [&hellip;]","og_url":"https:\/\/www.cidademarketing.com.br\/marketing\/2021\/11\/01\/ministerio-do-trabalho-portaria-proibe-demissao-de-trabalhador-nao-vacinado-contra-covid-19\/","og_site_name":"CidadeMarketing","article_publisher":"https:\/\/www.facebook.com\/portalcidademarketing","article_author":"https:\/\/www.facebook.com\/thalesbrandao","article_published_time":"2021-11-01T22:09:37+00:00","article_modified_time":"2021-11-01T23:49:19+00:00","og_image":[{"width":1462,"height":830,"url":"https:\/\/www.cidademarketing.com.br\/marketing\/wp-content\/uploads\/2021\/11\/ministeriodasaude_vacina.jpg","type":"image\/jpeg"}],"author":"Thales Brand\u00e3o","twitter_card":"summary_large_image","twitter_creator":"@http:\/\/www.twitter.com\/thalesbrandao","twitter_site":"@CidadeMarketing","twitter_misc":{"Escrito por":"Thales Brand\u00e3o","Est. tempo de leitura":"2 minutos"},"schema":{"@context":"https:\/\/schema.org","@graph":[{"@type":"Article","@id":"https:\/\/www.cidademarketing.com.br\/marketing\/2021\/11\/01\/ministerio-do-trabalho-portaria-proibe-demissao-de-trabalhador-nao-vacinado-contra-covid-19\/#article","isPartOf":{"@id":"https:\/\/www.cidademarketing.com.br\/marketing\/2021\/11\/01\/ministerio-do-trabalho-portaria-proibe-demissao-de-trabalhador-nao-vacinado-contra-covid-19\/"},"author":{"name":"Thales Brand\u00e3o","@id":"https:\/\/www.cidademarketing.com.br\/marketing\/#\/schema\/person\/02daff9f18bd9378c9e01eb6b2db155f"},"headline":"Minist\u00e9rio do Trabalho: Portaria pro\u00edbe demiss\u00e3o de trabalhador n\u00e3o vacinado contra covid-19","datePublished":"2021-11-01T22:09:37+00:00","dateModified":"2021-11-01T23:49:19+00:00","mainEntityOfPage":{"@id":"https:\/\/www.cidademarketing.com.br\/marketing\/2021\/11\/01\/ministerio-do-trabalho-portaria-proibe-demissao-de-trabalhador-nao-vacinado-contra-covid-19\/"},"wordCount":378,"commentCount":0,"publisher":{"@id":"https:\/\/www.cidademarketing.com.br\/marketing\/#organization"},"image":{"@id":"https:\/\/www.cidademarketing.com.br\/marketing\/2021\/11\/01\/ministerio-do-trabalho-portaria-proibe-demissao-de-trabalhador-nao-vacinado-contra-covid-19\/#primaryimage"},"thumbnailUrl":"https:\/\/www.cidademarketing.com.br\/marketing\/wp-content\/uploads\/2021\/11\/ministeriodasaude_vacina.jpg","keywords":["estrat\u00e9gia","marketing","Minist\u00e9rio do Trabalho","vacina"],"articleSection":["Not\u00edcias"],"inLanguage":"pt-BR","potentialAction":[{"@type":"CommentAction","name":"Comment","target":["https:\/\/www.cidademarketing.com.br\/marketing\/2021\/11\/01\/ministerio-do-trabalho-portaria-proibe-demissao-de-trabalhador-nao-vacinado-contra-covid-19\/#respond"]}]},{"@type":"WebPage","@id":"https:\/\/www.cidademarketing.com.br\/marketing\/2021\/11\/01\/ministerio-do-trabalho-portaria-proibe-demissao-de-trabalhador-nao-vacinado-contra-covid-19\/","url":"https:\/\/www.cidademarketing.com.br\/marketing\/2021\/11\/01\/ministerio-do-trabalho-portaria-proibe-demissao-de-trabalhador-nao-vacinado-contra-covid-19\/","name":"Minist\u00e9rio do Trabalho: Portaria pro\u00edbe demiss\u00e3o de trabalhador n\u00e3o vacinado contra covid-19 - CidadeMarketing","isPartOf":{"@id":"https:\/\/www.cidademarketing.com.br\/marketing\/#website"},"primaryImageOfPage":{"@id":"https:\/\/www.cidademarketing.com.br\/marketing\/2021\/11\/01\/ministerio-do-trabalho-portaria-proibe-demissao-de-trabalhador-nao-vacinado-contra-covid-19\/#primaryimage"},"image":{"@id":"https:\/\/www.cidademarketing.com.br\/marketing\/2021\/11\/01\/ministerio-do-trabalho-portaria-proibe-demissao-de-trabalhador-nao-vacinado-contra-covid-19\/#primaryimage"},"thumbnailUrl":"https:\/\/www.cidademarketing.com.br\/marketing\/wp-content\/uploads\/2021\/11\/ministeriodasaude_vacina.jpg","datePublished":"2021-11-01T22:09:37+00:00","dateModified":"2021-11-01T23:49:19+00:00","breadcrumb":{"@id":"https:\/\/www.cidademarketing.com.br\/marketing\/2021\/11\/01\/ministerio-do-trabalho-portaria-proibe-demissao-de-trabalhador-nao-vacinado-contra-covid-19\/#breadcrumb"},"inLanguage":"pt-BR","potentialAction":[{"@type":"ReadAction","target":["https:\/\/www.cidademarketing.com.br\/marketing\/2021\/11\/01\/ministerio-do-trabalho-portaria-proibe-demissao-de-trabalhador-nao-vacinado-contra-covid-19\/"]}]},{"@type":"ImageObject","inLanguage":"pt-BR","@id":"https:\/\/www.cidademarketing.com.br\/marketing\/2021\/11\/01\/ministerio-do-trabalho-portaria-proibe-demissao-de-trabalhador-nao-vacinado-contra-covid-19\/#primaryimage","url":"https:\/\/www.cidademarketing.com.br\/marketing\/wp-content\/uploads\/2021\/11\/ministeriodasaude_vacina.jpg","contentUrl":"https:\/\/www.cidademarketing.com.br\/marketing\/wp-content\/uploads\/2021\/11\/ministeriodasaude_vacina.jpg","width":1462,"height":830,"caption":"Divulga\u00e7\u00e3o"},{"@type":"BreadcrumbList","@id":"https:\/\/www.cidademarketing.com.br\/marketing\/2021\/11\/01\/ministerio-do-trabalho-portaria-proibe-demissao-de-trabalhador-nao-vacinado-contra-covid-19\/#breadcrumb","itemListElement":[{"@type":"ListItem","position":1,"name":"In\u00edcio","item":"https:\/\/www.cidademarketing.com.br\/marketing\/"},{"@type":"ListItem","position":2,"name":"Minist\u00e9rio do Trabalho: Portaria pro\u00edbe demiss\u00e3o de trabalhador n\u00e3o vacinado contra covid-19"}]},{"@type":"WebSite","@id":"https:\/\/www.cidademarketing.com.br\/marketing\/#website","url":"https:\/\/www.cidademarketing.com.br\/marketing\/","name":"CidadeMarketing","description":"Somos um ve\u00edculo de comunica\u00e7\u00e3o de destaque no Brasil, reconhecido por conte\u00fados nos segmentos de marketing, empreendedorismo e inova\u00e7\u00e3o.","publisher":{"@id":"https:\/\/www.cidademarketing.com.br\/marketing\/#organization"},"alternateName":"CidadeMarketing","potentialAction":[{"@type":"SearchAction","target":{"@type":"EntryPoint","urlTemplate":"https:\/\/www.cidademarketing.com.br\/marketing\/?s={search_term_string}"},"query-input":{"@type":"PropertyValueSpecification","valueRequired":true,"valueName":"search_term_string"}}],"inLanguage":"pt-BR"},{"@type":"Organization","@id":"https:\/\/www.cidademarketing.com.br\/marketing\/#organization","name":"CidadeMarketing","alternateName":"CidadeMarketing","url":"https:\/\/www.cidademarketing.com.br\/marketing\/","logo":{"@type":"ImageObject","inLanguage":"pt-BR","@id":"https:\/\/www.cidademarketing.com.br\/marketing\/#\/schema\/logo\/image\/","url":"https:\/\/www.cidademarketing.com.br\/marketing\/wp-content\/uploads\/2020\/01\/cidademarketing_marca_mobile.png","contentUrl":"https:\/\/www.cidademarketing.com.br\/marketing\/wp-content\/uploads\/2020\/01\/cidademarketing_marca_mobile.png","width":230,"height":92,"caption":"CidadeMarketing"},"image":{"@id":"https:\/\/www.cidademarketing.com.br\/marketing\/#\/schema\/logo\/image\/"},"sameAs":["https:\/\/www.facebook.com\/portalcidademarketing","https:\/\/x.com\/CidadeMarketing","https:\/\/www.instagram.com\/cidademarketing\/"]},{"@type":"Person","@id":"https:\/\/www.cidademarketing.com.br\/marketing\/#\/schema\/person\/02daff9f18bd9378c9e01eb6b2db155f","name":"Thales Brand\u00e3o","image":{"@type":"ImageObject","inLanguage":"pt-BR","@id":"https:\/\/secure.gravatar.com\/avatar\/7ca3206950207cc3cb48feec56a8a7898741ab725c368d99d5d7a5a50aab80c6?s=96&d=mm&r=g","url":"https:\/\/secure.gravatar.com\/avatar\/7ca3206950207cc3cb48feec56a8a7898741ab725c368d99d5d7a5a50aab80c6?s=96&d=mm&r=g","contentUrl":"https:\/\/secure.gravatar.com\/avatar\/7ca3206950207cc3cb48feec56a8a7898741ab725c368d99d5d7a5a50aab80c6?s=96&d=mm&r=g","caption":"Thales Brand\u00e3o"},"description":"Editor Executivo do Portal CidadeMarketing.com.br &gt; Mestre em Comunica\u00e7\u00e3o e Sociedade pela Universidade Federal de Sergipe. Possui MBA Executivo em Administra\u00e7\u00e3o com \u00eanfase em Marketing pela Funda\u00e7\u00e3o Get\u00falio Vargas - Rio de Janeiro. Consultor, Palestrante e Pesquisador sobre Empreendedorismo, Marketing, Redes Sociais e Neg\u00f3cios Digitais. Professor, Palestrante TedxTalks e Campus Party. Twitter: @ThalesBrandao","sameAs":["http:\/\/www.mandacaru.com.br","https:\/\/www.facebook.com\/thalesbrandao","http:\/\/www.instagram.com.br\/thalesbrandaoferreira","https:\/\/www.linkedin.com\/in\/thales-brand\u00e3o-3948609\/","https:\/\/x.com\/http:\/\/www.twitter.com\/thalesbrandao"],"url":"https:\/\/www.cidademarketing.com.br\/marketing\/author\/thalesbrandao\/"}]}},"amp_enabled":true,"_links":{"self":[{"href":"https:\/\/www.cidademarketing.com.br\/marketing\/wp-json\/wp\/v2\/posts\/31239","targetHints":{"allow":["GET"]}}],"collection":[{"href":"https:\/\/www.cidademarketing.com.br\/marketing\/wp-json\/wp\/v2\/posts"}],"about":[{"href":"https:\/\/www.cidademarketing.com.br\/marketing\/wp-json\/wp\/v2\/types\/post"}],"author":[{"embeddable":true,"href":"https:\/\/www.cidademarketing.com.br\/marketing\/wp-json\/wp\/v2\/users\/1"}],"replies":[{"embeddable":true,"href":"https:\/\/www.cidademarketing.com.br\/marketing\/wp-json\/wp\/v2\/comments?post=31239"}],"version-history":[{"count":3,"href":"https:\/\/www.cidademarketing.com.br\/marketing\/wp-json\/wp\/v2\/posts\/31239\/revisions"}],"predecessor-version":[{"id":31244,"href":"https:\/\/www.cidademarketing.com.br\/marketing\/wp-json\/wp\/v2\/posts\/31239\/revisions\/31244"}],"wp:featuredmedia":[{"embeddable":true,"href":"https:\/\/www.cidademarketing.com.br\/marketing\/wp-json\/wp\/v2\/media\/31240"}],"wp:attachment":[{"href":"https:\/\/www.cidademarketing.com.br\/marketing\/wp-json\/wp\/v2\/media?parent=31239"}],"wp:term":[{"taxonomy":"category","embeddable":true,"href":"https:\/\/www.cidademarketing.com.br\/marketing\/wp-json\/wp\/v2\/categories?post=31239"},{"taxonomy":"post_tag","embeddable":true,"href":"https:\/\/www.cidademarketing.com.br\/marketing\/wp-json\/wp\/v2\/tags?post=31239"}],"curies":[{"name":"wp","href":"https:\/\/api.w.org\/{rel}","templated":true}]}}