{"id":3116,"date":"2018-11-16T22:37:32","date_gmt":"2018-11-17T00:37:32","guid":{"rendered":"http:\/\/www.cidademarketing.com.br\/marketing\/?p=3116"},"modified":"2018-11-16T22:37:32","modified_gmt":"2018-11-17T00:37:32","slug":"iphan-promove-jornada-do-patrimonio-que-discute-turismo-patrimonio-e-gestao-participativa","status":"publish","type":"post","link":"https:\/\/www.cidademarketing.com.br\/marketing\/2018\/11\/16\/iphan-promove-jornada-do-patrimonio-que-discute-turismo-patrimonio-e-gestao-participativa\/","title":{"rendered":"Iphan promove Jornada do Patrim\u00f4nio que discute turismo, patrim\u00f4nio e gest\u00e3o participativa"},"content":{"rendered":"<p>Na pr\u00f3xima quarta-feira, dia 21 de novembro, o Instituto do Patrim\u00f4nio Hist\u00f3rico e Art\u00edstico Nacional (Iphan), por meio do Centro Lucio Costa: Escola do Patrim\u00f4nio (CLC), realiza a sexta edi\u00e7\u00e3o da\u00a0<strong>Jornada do Patrim\u00f4nio<\/strong>, promovendo discuss\u00f5es sobre turismo, patrim\u00f4nio e gest\u00e3o participativa. O encontro, realizado na sede do CLC, no Rio de Janeiro, ter\u00e1 transmiss\u00e3o via\u00a0<em>streaming<\/em>, pelo\u00a0<a href=\"https:\/\/www.youtube.com\/user\/Iphangovbr\" target=\"_blank\" rel=\"noopener\">canal do Iphan no\u00a0<em>Youtube<\/em>.<\/a><\/p>\n<p class=\"AlignJustify\">Nessa edi\u00e7\u00e3o, a Jornada re\u00fane pesquisadores, gestores, detentores e representantes da sociedade civil para partilhas de experi\u00eancias sobre as formas de apropria\u00e7\u00e3o do patrim\u00f4nio por meio do turismo, que promovam o desenvolvimento local e a participa\u00e7\u00e3o social. O encontro traz ao Rio de Janeiro, o pesquisador argentino Marcelo Mart\u00edn, da Universidade Pablo de Olavide, na Espanha, que far\u00e1 a confer\u00eancia de abertura, seguido de apresenta\u00e7\u00f5es de Marcelo Brito (Diretor\/DECOF\/Iphan) e Italo Oliveira Mendes (Minist\u00e9rio do Turismo). Com uma programa\u00e7\u00e3o diversificada, Nitynaw\u00e3 Patax\u00f3 (Reserva Patax\u00f3 da Jaqueira\/BA), Marta de Azevedo Irving (UFRJ) e Simone Monteiro Silvestre Fernandes (ET Ouro Preto\/Iphan-MG) encerram o evento.<\/p>\n<p class=\"AlignJustify\">Esse ser\u00e1 o segundo encontro em 2018 dessa s\u00e9rie de debates, iniciada no ano passado com foco na implanta\u00e7\u00e3o do Observat\u00f3rio de Pol\u00edticas e Gest\u00e3o do Patrim\u00f4nio do CLC, que busca dar visibilidade \u00e0 import\u00e2ncia da gest\u00e3o compartilhada e do fortalecimento da constru\u00e7\u00e3o de redes em prol da preserva\u00e7\u00e3o dos bens culturais. A \u00faltima Jornada de 2018 j\u00e1 est\u00e1 marcada para o dia 11 de dezembro e discutir\u00e1 \u201cPaisagem e natureza como patrim\u00f4nio cultural\u201d. O evento \u00e9 aberto ao p\u00fablico, sem inscri\u00e7\u00f5es pr\u00e9vias. As vagas s\u00e3o limitadas \u00e0 capacidade do audit\u00f3rio (60 lugares).<\/p>\n<p class=\"AlignJustify\"><strong>Programa\u00e7\u00e3o<\/strong><\/p>\n<p class=\"AlignJustify\"><strong>9:30<\/strong>\u00a0\u2013 Abertura<br \/>\nJurema Arnaut (CLC: Escola do Patrim\u00f4nio\/DECOF\/IPHAN)<\/p>\n<p class=\"AlignJustify\"><strong>9:45<\/strong>\u00a0\u2013 Confer\u00eancia<br \/>\n<strong>\u201c<em>Una voz discordante, por otra forma de experiencia tur\u00edstica<\/em>\u201d<br \/>\n<\/strong>Marcelo Miguel Mart\u00edn Guglielmino (Universidad Pablo de Olavide \u2013 UPO \u2013 Espanha)<\/p>\n<p class=\"AlignJustify\"><strong>10:45<\/strong>\u00a0\u2013 Intervalo<\/p>\n<p class=\"AlignJustify\"><strong>11:00<\/strong>\u00a0\u2013 Mesa Redonda 1:<br \/>\n<strong>\u201cA certifica\u00e7\u00e3o de destinos patrimoniais e as estrat\u00e9gias previstas\u201d<br \/>\n<\/strong>Marcelo Brito (DECOF\/IPHAN)<\/p>\n<p class=\"AlignJustify\"><strong>\u201cGest\u00e3o Tur\u00edstica dos S\u00edtios Patrim\u00f4nio Mundial no Brasil\u201d<br \/>\n<\/strong>Italo Oliveira Mendes (Minist\u00e9rio do Turismo)<br \/>\nMediador: Marcelo Sotratti (UERJ e MP\/PEP\/Iphan)<\/p>\n<p class=\"AlignJustify\"><strong>12:20<\/strong>\u00a0\u2013 Debates<\/p>\n<p class=\"AlignJustify\"><strong>13:00<\/strong>\u00a0\u2013 Almo\u00e7o<\/p>\n<p class=\"AlignJustify\"><strong>14:30<\/strong>\u00a0\u2013 Mesa Redonda 2:<br \/>\n<strong>\u201cTurismo \u00e9tnico como instrumento para valoriza\u00e7\u00e3o e reprodu\u00e7\u00e3o dos saberes e pr\u00e1ticas culturais da comunidade\u201d<br \/>\n<\/strong>Cacique Nitynaw\u00e3 Patax\u00f3 (Reserva Patax\u00f3 da Jaqueira \u2013 Porto Seguro\/BA)<\/p>\n<p><strong>\u201cConserva\u00e7\u00e3o do patrim\u00f4nio natural e pol\u00edticas p\u00fablicas: uma quest\u00e3o estrat\u00e9gica para o desenvolvimento do pa\u00eds\u201d<br \/>\n<\/strong>Marta de Azevedo Irving (UFRJ)<\/p>\n<p><strong>\u201cPrograma Sentidos Urbanos: Patrim\u00f4nio e Cidadania como percep\u00e7\u00e3o, interpreta\u00e7\u00e3o e inclus\u00e3o social no patrim\u00f4nio cultural\u201d<br \/>\n<\/strong>Simone Monteiro Silvestre Fernandes. (Escrit\u00f3rio T\u00e9cnico de Ouro Preto\/Iphan \u2013 MG)<br \/>\nMediadora: Joseane Brand\u00e3o (MP\/PEP\/Iphan)<\/p>\n<p class=\"AlignJustify\"><strong>16:30<\/strong>\u00a0\u2013 Intervalo<\/p>\n<p class=\"AlignJustify\"><strong>17:00<\/strong>\u00a0\u2013 Debates<\/p>\n","protected":false},"excerpt":{"rendered":"<p>Na pr\u00f3xima quarta-feira, dia 21 de novembro, o Instituto do Patrim\u00f4nio Hist\u00f3rico e Art\u00edstico Nacional (Iphan), por meio do Centro Lucio Costa: Escola do Patrim\u00f4nio (CLC), realiza a sexta edi\u00e7\u00e3o da\u00a0Jornada do Patrim\u00f4nio, promovendo discuss\u00f5es sobre turismo, patrim\u00f4nio e gest\u00e3o participativa. O encontro, realizado na sede do CLC, no Rio de Janeiro, ter\u00e1 transmiss\u00e3o via\u00a0streaming, [&hellip;]<\/p>\n","protected":false},"author":1,"featured_media":3117,"comment_status":"open","ping_status":"open","sticky":false,"template":"","format":"standard","meta":{"tdm_status":"","tdm_grid_status":"","footnotes":""},"categories":[6],"tags":[33,680,340],"class_list":["post-3116","post","type-post","status-publish","format-standard","has-post-thumbnail","hentry","category-noticias","tag-estrategia","tag-iphan","tag-marketing-cultural"],"yoast_head":"<!-- This site is optimized with the Yoast SEO plugin v27.5 - https:\/\/yoast.com\/product\/yoast-seo-wordpress\/ -->\n<title>Iphan promove Jornada do Patrim\u00f4nio que discute turismo, patrim\u00f4nio e gest\u00e3o participativa - CidadeMarketing<\/title>\n<meta name=\"robots\" content=\"index, follow, max-snippet:-1, max-image-preview:large, max-video-preview:-1\" \/>\n<link rel=\"canonical\" href=\"https:\/\/www.cidademarketing.com.br\/marketing\/2018\/11\/16\/iphan-promove-jornada-do-patrimonio-que-discute-turismo-patrimonio-e-gestao-participativa\/\" \/>\n<meta property=\"og:locale\" content=\"pt_BR\" \/>\n<meta property=\"og:type\" content=\"article\" \/>\n<meta property=\"og:title\" content=\"Iphan promove Jornada do Patrim\u00f4nio que discute turismo, patrim\u00f4nio e gest\u00e3o participativa - CidadeMarketing\" \/>\n<meta property=\"og:description\" content=\"Na pr\u00f3xima quarta-feira, dia 21 de novembro, o Instituto do Patrim\u00f4nio Hist\u00f3rico e Art\u00edstico Nacional (Iphan), por meio do Centro Lucio Costa: Escola do Patrim\u00f4nio (CLC), realiza a sexta edi\u00e7\u00e3o da\u00a0Jornada do Patrim\u00f4nio, promovendo discuss\u00f5es sobre turismo, patrim\u00f4nio e gest\u00e3o participativa. O encontro, realizado na sede do CLC, no Rio de Janeiro, ter\u00e1 transmiss\u00e3o via\u00a0streaming, [&hellip;]\" \/>\n<meta property=\"og:url\" content=\"https:\/\/www.cidademarketing.com.br\/marketing\/2018\/11\/16\/iphan-promove-jornada-do-patrimonio-que-discute-turismo-patrimonio-e-gestao-participativa\/\" \/>\n<meta property=\"og:site_name\" content=\"CidadeMarketing\" \/>\n<meta property=\"article:publisher\" content=\"https:\/\/www.facebook.com\/portalcidademarketing\" \/>\n<meta property=\"article:author\" content=\"https:\/\/www.facebook.com\/thalesbrandao\" \/>\n<meta property=\"article:published_time\" content=\"2018-11-17T00:37:32+00:00\" \/>\n<meta property=\"og:image\" content=\"https:\/\/www.cidademarketing.com.br\/marketing\/wp-content\/uploads\/2018\/11\/iphan.jpg\" \/>\n\t<meta property=\"og:image:width\" content=\"990\" \/>\n\t<meta property=\"og:image:height\" content=\"556\" \/>\n\t<meta property=\"og:image:type\" content=\"image\/jpeg\" \/>\n<meta name=\"author\" content=\"Thales Brand\u00e3o\" \/>\n<meta name=\"twitter:card\" content=\"summary_large_image\" \/>\n<meta name=\"twitter:creator\" content=\"@http:\/\/www.twitter.com\/thalesbrandao\" \/>\n<meta name=\"twitter:site\" content=\"@CidadeMarketing\" \/>\n<meta name=\"twitter:label1\" content=\"Escrito por\" \/>\n\t<meta name=\"twitter:data1\" content=\"Thales Brand\u00e3o\" \/>\n\t<meta name=\"twitter:label2\" content=\"Est. tempo de leitura\" \/>\n\t<meta name=\"twitter:data2\" content=\"2 minutos\" \/>\n<script type=\"application\/ld+json\" class=\"yoast-schema-graph\">{\"@context\":\"https:\\\/\\\/schema.org\",\"@graph\":[{\"@type\":\"Article\",\"@id\":\"https:\\\/\\\/www.cidademarketing.com.br\\\/marketing\\\/2018\\\/11\\\/16\\\/iphan-promove-jornada-do-patrimonio-que-discute-turismo-patrimonio-e-gestao-participativa\\\/#article\",\"isPartOf\":{\"@id\":\"https:\\\/\\\/www.cidademarketing.com.br\\\/marketing\\\/2018\\\/11\\\/16\\\/iphan-promove-jornada-do-patrimonio-que-discute-turismo-patrimonio-e-gestao-participativa\\\/\"},\"author\":{\"name\":\"Thales Brand\u00e3o\",\"@id\":\"https:\\\/\\\/www.cidademarketing.com.br\\\/marketing\\\/#\\\/schema\\\/person\\\/02daff9f18bd9378c9e01eb6b2db155f\"},\"headline\":\"Iphan promove Jornada do Patrim\u00f4nio que discute turismo, patrim\u00f4nio e gest\u00e3o participativa\",\"datePublished\":\"2018-11-17T00:37:32+00:00\",\"mainEntityOfPage\":{\"@id\":\"https:\\\/\\\/www.cidademarketing.com.br\\\/marketing\\\/2018\\\/11\\\/16\\\/iphan-promove-jornada-do-patrimonio-que-discute-turismo-patrimonio-e-gestao-participativa\\\/\"},\"wordCount\":489,\"commentCount\":0,\"publisher\":{\"@id\":\"https:\\\/\\\/www.cidademarketing.com.br\\\/marketing\\\/#organization\"},\"image\":{\"@id\":\"https:\\\/\\\/www.cidademarketing.com.br\\\/marketing\\\/2018\\\/11\\\/16\\\/iphan-promove-jornada-do-patrimonio-que-discute-turismo-patrimonio-e-gestao-participativa\\\/#primaryimage\"},\"thumbnailUrl\":\"https:\\\/\\\/www.cidademarketing.com.br\\\/marketing\\\/wp-content\\\/uploads\\\/2018\\\/11\\\/iphan.jpg\",\"keywords\":[\"estrat\u00e9gia\",\"Iphan\",\"marketing cultural\"],\"articleSection\":[\"Not\u00edcias\"],\"inLanguage\":\"pt-BR\",\"potentialAction\":[{\"@type\":\"CommentAction\",\"name\":\"Comment\",\"target\":[\"https:\\\/\\\/www.cidademarketing.com.br\\\/marketing\\\/2018\\\/11\\\/16\\\/iphan-promove-jornada-do-patrimonio-que-discute-turismo-patrimonio-e-gestao-participativa\\\/#respond\"]}]},{\"@type\":\"WebPage\",\"@id\":\"https:\\\/\\\/www.cidademarketing.com.br\\\/marketing\\\/2018\\\/11\\\/16\\\/iphan-promove-jornada-do-patrimonio-que-discute-turismo-patrimonio-e-gestao-participativa\\\/\",\"url\":\"https:\\\/\\\/www.cidademarketing.com.br\\\/marketing\\\/2018\\\/11\\\/16\\\/iphan-promove-jornada-do-patrimonio-que-discute-turismo-patrimonio-e-gestao-participativa\\\/\",\"name\":\"Iphan promove Jornada do Patrim\u00f4nio que discute turismo, patrim\u00f4nio e gest\u00e3o participativa - CidadeMarketing\",\"isPartOf\":{\"@id\":\"https:\\\/\\\/www.cidademarketing.com.br\\\/marketing\\\/#website\"},\"primaryImageOfPage\":{\"@id\":\"https:\\\/\\\/www.cidademarketing.com.br\\\/marketing\\\/2018\\\/11\\\/16\\\/iphan-promove-jornada-do-patrimonio-que-discute-turismo-patrimonio-e-gestao-participativa\\\/#primaryimage\"},\"image\":{\"@id\":\"https:\\\/\\\/www.cidademarketing.com.br\\\/marketing\\\/2018\\\/11\\\/16\\\/iphan-promove-jornada-do-patrimonio-que-discute-turismo-patrimonio-e-gestao-participativa\\\/#primaryimage\"},\"thumbnailUrl\":\"https:\\\/\\\/www.cidademarketing.com.br\\\/marketing\\\/wp-content\\\/uploads\\\/2018\\\/11\\\/iphan.jpg\",\"datePublished\":\"2018-11-17T00:37:32+00:00\",\"breadcrumb\":{\"@id\":\"https:\\\/\\\/www.cidademarketing.com.br\\\/marketing\\\/2018\\\/11\\\/16\\\/iphan-promove-jornada-do-patrimonio-que-discute-turismo-patrimonio-e-gestao-participativa\\\/#breadcrumb\"},\"inLanguage\":\"pt-BR\",\"potentialAction\":[{\"@type\":\"ReadAction\",\"target\":[\"https:\\\/\\\/www.cidademarketing.com.br\\\/marketing\\\/2018\\\/11\\\/16\\\/iphan-promove-jornada-do-patrimonio-que-discute-turismo-patrimonio-e-gestao-participativa\\\/\"]}]},{\"@type\":\"ImageObject\",\"inLanguage\":\"pt-BR\",\"@id\":\"https:\\\/\\\/www.cidademarketing.com.br\\\/marketing\\\/2018\\\/11\\\/16\\\/iphan-promove-jornada-do-patrimonio-que-discute-turismo-patrimonio-e-gestao-participativa\\\/#primaryimage\",\"url\":\"https:\\\/\\\/www.cidademarketing.com.br\\\/marketing\\\/wp-content\\\/uploads\\\/2018\\\/11\\\/iphan.jpg\",\"contentUrl\":\"https:\\\/\\\/www.cidademarketing.com.br\\\/marketing\\\/wp-content\\\/uploads\\\/2018\\\/11\\\/iphan.jpg\",\"width\":990,\"height\":556},{\"@type\":\"BreadcrumbList\",\"@id\":\"https:\\\/\\\/www.cidademarketing.com.br\\\/marketing\\\/2018\\\/11\\\/16\\\/iphan-promove-jornada-do-patrimonio-que-discute-turismo-patrimonio-e-gestao-participativa\\\/#breadcrumb\",\"itemListElement\":[{\"@type\":\"ListItem\",\"position\":1,\"name\":\"In\u00edcio\",\"item\":\"https:\\\/\\\/www.cidademarketing.com.br\\\/marketing\\\/\"},{\"@type\":\"ListItem\",\"position\":2,\"name\":\"Iphan promove Jornada do Patrim\u00f4nio que discute turismo, patrim\u00f4nio e gest\u00e3o participativa\"}]},{\"@type\":\"WebSite\",\"@id\":\"https:\\\/\\\/www.cidademarketing.com.br\\\/marketing\\\/#website\",\"url\":\"https:\\\/\\\/www.cidademarketing.com.br\\\/marketing\\\/\",\"name\":\"CidadeMarketing\",\"description\":\"Somos um ve\u00edculo de comunica\u00e7\u00e3o de destaque no Brasil, reconhecido por conte\u00fados nos segmentos de marketing, empreendedorismo e inova\u00e7\u00e3o.\",\"publisher\":{\"@id\":\"https:\\\/\\\/www.cidademarketing.com.br\\\/marketing\\\/#organization\"},\"alternateName\":\"CidadeMarketing\",\"potentialAction\":[{\"@type\":\"SearchAction\",\"target\":{\"@type\":\"EntryPoint\",\"urlTemplate\":\"https:\\\/\\\/www.cidademarketing.com.br\\\/marketing\\\/?s={search_term_string}\"},\"query-input\":{\"@type\":\"PropertyValueSpecification\",\"valueRequired\":true,\"valueName\":\"search_term_string\"}}],\"inLanguage\":\"pt-BR\"},{\"@type\":\"Organization\",\"@id\":\"https:\\\/\\\/www.cidademarketing.com.br\\\/marketing\\\/#organization\",\"name\":\"CidadeMarketing\",\"alternateName\":\"CidadeMarketing\",\"url\":\"https:\\\/\\\/www.cidademarketing.com.br\\\/marketing\\\/\",\"logo\":{\"@type\":\"ImageObject\",\"inLanguage\":\"pt-BR\",\"@id\":\"https:\\\/\\\/www.cidademarketing.com.br\\\/marketing\\\/#\\\/schema\\\/logo\\\/image\\\/\",\"url\":\"https:\\\/\\\/www.cidademarketing.com.br\\\/marketing\\\/wp-content\\\/uploads\\\/2020\\\/01\\\/cidademarketing_marca_mobile.png\",\"contentUrl\":\"https:\\\/\\\/www.cidademarketing.com.br\\\/marketing\\\/wp-content\\\/uploads\\\/2020\\\/01\\\/cidademarketing_marca_mobile.png\",\"width\":230,\"height\":92,\"caption\":\"CidadeMarketing\"},\"image\":{\"@id\":\"https:\\\/\\\/www.cidademarketing.com.br\\\/marketing\\\/#\\\/schema\\\/logo\\\/image\\\/\"},\"sameAs\":[\"https:\\\/\\\/www.facebook.com\\\/portalcidademarketing\",\"https:\\\/\\\/x.com\\\/CidadeMarketing\",\"https:\\\/\\\/www.instagram.com\\\/cidademarketing\\\/\"]},{\"@type\":\"Person\",\"@id\":\"https:\\\/\\\/www.cidademarketing.com.br\\\/marketing\\\/#\\\/schema\\\/person\\\/02daff9f18bd9378c9e01eb6b2db155f\",\"name\":\"Thales Brand\u00e3o\",\"image\":{\"@type\":\"ImageObject\",\"inLanguage\":\"pt-BR\",\"@id\":\"https:\\\/\\\/secure.gravatar.com\\\/avatar\\\/7ca3206950207cc3cb48feec56a8a7898741ab725c368d99d5d7a5a50aab80c6?s=96&d=mm&r=g\",\"url\":\"https:\\\/\\\/secure.gravatar.com\\\/avatar\\\/7ca3206950207cc3cb48feec56a8a7898741ab725c368d99d5d7a5a50aab80c6?s=96&d=mm&r=g\",\"contentUrl\":\"https:\\\/\\\/secure.gravatar.com\\\/avatar\\\/7ca3206950207cc3cb48feec56a8a7898741ab725c368d99d5d7a5a50aab80c6?s=96&d=mm&r=g\",\"caption\":\"Thales Brand\u00e3o\"},\"description\":\"Editor Executivo do Portal CidadeMarketing.com.br &gt; Mestre em Comunica\u00e7\u00e3o e Sociedade pela Universidade Federal de Sergipe. Possui MBA Executivo em Administra\u00e7\u00e3o com \u00eanfase em Marketing pela Funda\u00e7\u00e3o Get\u00falio Vargas - Rio de Janeiro. Consultor, Palestrante e Pesquisador sobre Empreendedorismo, Marketing, Redes Sociais e Neg\u00f3cios Digitais. Professor, Palestrante TedxTalks e Campus Party. Twitter: @ThalesBrandao\",\"sameAs\":[\"http:\\\/\\\/www.mandacaru.com.br\",\"https:\\\/\\\/www.facebook.com\\\/thalesbrandao\",\"http:\\\/\\\/www.instagram.com.br\\\/thalesbrandaoferreira\",\"https:\\\/\\\/www.linkedin.com\\\/in\\\/thales-brand\u00e3o-3948609\\\/\",\"https:\\\/\\\/x.com\\\/http:\\\/\\\/www.twitter.com\\\/thalesbrandao\"],\"url\":\"https:\\\/\\\/www.cidademarketing.com.br\\\/marketing\\\/author\\\/thalesbrandao\\\/\"}]}<\/script>\n<!-- \/ Yoast SEO plugin. -->","yoast_head_json":{"title":"Iphan promove Jornada do Patrim\u00f4nio que discute turismo, patrim\u00f4nio e gest\u00e3o participativa - CidadeMarketing","robots":{"index":"index","follow":"follow","max-snippet":"max-snippet:-1","max-image-preview":"max-image-preview:large","max-video-preview":"max-video-preview:-1"},"canonical":"https:\/\/www.cidademarketing.com.br\/marketing\/2018\/11\/16\/iphan-promove-jornada-do-patrimonio-que-discute-turismo-patrimonio-e-gestao-participativa\/","og_locale":"pt_BR","og_type":"article","og_title":"Iphan promove Jornada do Patrim\u00f4nio que discute turismo, patrim\u00f4nio e gest\u00e3o participativa - CidadeMarketing","og_description":"Na pr\u00f3xima quarta-feira, dia 21 de novembro, o Instituto do Patrim\u00f4nio Hist\u00f3rico e Art\u00edstico Nacional (Iphan), por meio do Centro Lucio Costa: Escola do Patrim\u00f4nio (CLC), realiza a sexta edi\u00e7\u00e3o da\u00a0Jornada do Patrim\u00f4nio, promovendo discuss\u00f5es sobre turismo, patrim\u00f4nio e gest\u00e3o participativa. O encontro, realizado na sede do CLC, no Rio de Janeiro, ter\u00e1 transmiss\u00e3o via\u00a0streaming, [&hellip;]","og_url":"https:\/\/www.cidademarketing.com.br\/marketing\/2018\/11\/16\/iphan-promove-jornada-do-patrimonio-que-discute-turismo-patrimonio-e-gestao-participativa\/","og_site_name":"CidadeMarketing","article_publisher":"https:\/\/www.facebook.com\/portalcidademarketing","article_author":"https:\/\/www.facebook.com\/thalesbrandao","article_published_time":"2018-11-17T00:37:32+00:00","og_image":[{"width":990,"height":556,"url":"https:\/\/www.cidademarketing.com.br\/marketing\/wp-content\/uploads\/2018\/11\/iphan.jpg","type":"image\/jpeg"}],"author":"Thales Brand\u00e3o","twitter_card":"summary_large_image","twitter_creator":"@http:\/\/www.twitter.com\/thalesbrandao","twitter_site":"@CidadeMarketing","twitter_misc":{"Escrito por":"Thales Brand\u00e3o","Est. tempo de leitura":"2 minutos"},"schema":{"@context":"https:\/\/schema.org","@graph":[{"@type":"Article","@id":"https:\/\/www.cidademarketing.com.br\/marketing\/2018\/11\/16\/iphan-promove-jornada-do-patrimonio-que-discute-turismo-patrimonio-e-gestao-participativa\/#article","isPartOf":{"@id":"https:\/\/www.cidademarketing.com.br\/marketing\/2018\/11\/16\/iphan-promove-jornada-do-patrimonio-que-discute-turismo-patrimonio-e-gestao-participativa\/"},"author":{"name":"Thales Brand\u00e3o","@id":"https:\/\/www.cidademarketing.com.br\/marketing\/#\/schema\/person\/02daff9f18bd9378c9e01eb6b2db155f"},"headline":"Iphan promove Jornada do Patrim\u00f4nio que discute turismo, patrim\u00f4nio e gest\u00e3o participativa","datePublished":"2018-11-17T00:37:32+00:00","mainEntityOfPage":{"@id":"https:\/\/www.cidademarketing.com.br\/marketing\/2018\/11\/16\/iphan-promove-jornada-do-patrimonio-que-discute-turismo-patrimonio-e-gestao-participativa\/"},"wordCount":489,"commentCount":0,"publisher":{"@id":"https:\/\/www.cidademarketing.com.br\/marketing\/#organization"},"image":{"@id":"https:\/\/www.cidademarketing.com.br\/marketing\/2018\/11\/16\/iphan-promove-jornada-do-patrimonio-que-discute-turismo-patrimonio-e-gestao-participativa\/#primaryimage"},"thumbnailUrl":"https:\/\/www.cidademarketing.com.br\/marketing\/wp-content\/uploads\/2018\/11\/iphan.jpg","keywords":["estrat\u00e9gia","Iphan","marketing cultural"],"articleSection":["Not\u00edcias"],"inLanguage":"pt-BR","potentialAction":[{"@type":"CommentAction","name":"Comment","target":["https:\/\/www.cidademarketing.com.br\/marketing\/2018\/11\/16\/iphan-promove-jornada-do-patrimonio-que-discute-turismo-patrimonio-e-gestao-participativa\/#respond"]}]},{"@type":"WebPage","@id":"https:\/\/www.cidademarketing.com.br\/marketing\/2018\/11\/16\/iphan-promove-jornada-do-patrimonio-que-discute-turismo-patrimonio-e-gestao-participativa\/","url":"https:\/\/www.cidademarketing.com.br\/marketing\/2018\/11\/16\/iphan-promove-jornada-do-patrimonio-que-discute-turismo-patrimonio-e-gestao-participativa\/","name":"Iphan promove Jornada do Patrim\u00f4nio que discute turismo, patrim\u00f4nio e gest\u00e3o participativa - CidadeMarketing","isPartOf":{"@id":"https:\/\/www.cidademarketing.com.br\/marketing\/#website"},"primaryImageOfPage":{"@id":"https:\/\/www.cidademarketing.com.br\/marketing\/2018\/11\/16\/iphan-promove-jornada-do-patrimonio-que-discute-turismo-patrimonio-e-gestao-participativa\/#primaryimage"},"image":{"@id":"https:\/\/www.cidademarketing.com.br\/marketing\/2018\/11\/16\/iphan-promove-jornada-do-patrimonio-que-discute-turismo-patrimonio-e-gestao-participativa\/#primaryimage"},"thumbnailUrl":"https:\/\/www.cidademarketing.com.br\/marketing\/wp-content\/uploads\/2018\/11\/iphan.jpg","datePublished":"2018-11-17T00:37:32+00:00","breadcrumb":{"@id":"https:\/\/www.cidademarketing.com.br\/marketing\/2018\/11\/16\/iphan-promove-jornada-do-patrimonio-que-discute-turismo-patrimonio-e-gestao-participativa\/#breadcrumb"},"inLanguage":"pt-BR","potentialAction":[{"@type":"ReadAction","target":["https:\/\/www.cidademarketing.com.br\/marketing\/2018\/11\/16\/iphan-promove-jornada-do-patrimonio-que-discute-turismo-patrimonio-e-gestao-participativa\/"]}]},{"@type":"ImageObject","inLanguage":"pt-BR","@id":"https:\/\/www.cidademarketing.com.br\/marketing\/2018\/11\/16\/iphan-promove-jornada-do-patrimonio-que-discute-turismo-patrimonio-e-gestao-participativa\/#primaryimage","url":"https:\/\/www.cidademarketing.com.br\/marketing\/wp-content\/uploads\/2018\/11\/iphan.jpg","contentUrl":"https:\/\/www.cidademarketing.com.br\/marketing\/wp-content\/uploads\/2018\/11\/iphan.jpg","width":990,"height":556},{"@type":"BreadcrumbList","@id":"https:\/\/www.cidademarketing.com.br\/marketing\/2018\/11\/16\/iphan-promove-jornada-do-patrimonio-que-discute-turismo-patrimonio-e-gestao-participativa\/#breadcrumb","itemListElement":[{"@type":"ListItem","position":1,"name":"In\u00edcio","item":"https:\/\/www.cidademarketing.com.br\/marketing\/"},{"@type":"ListItem","position":2,"name":"Iphan promove Jornada do Patrim\u00f4nio que discute turismo, patrim\u00f4nio e gest\u00e3o participativa"}]},{"@type":"WebSite","@id":"https:\/\/www.cidademarketing.com.br\/marketing\/#website","url":"https:\/\/www.cidademarketing.com.br\/marketing\/","name":"CidadeMarketing","description":"Somos um ve\u00edculo de comunica\u00e7\u00e3o de destaque no Brasil, reconhecido por conte\u00fados nos segmentos de marketing, empreendedorismo e inova\u00e7\u00e3o.","publisher":{"@id":"https:\/\/www.cidademarketing.com.br\/marketing\/#organization"},"alternateName":"CidadeMarketing","potentialAction":[{"@type":"SearchAction","target":{"@type":"EntryPoint","urlTemplate":"https:\/\/www.cidademarketing.com.br\/marketing\/?s={search_term_string}"},"query-input":{"@type":"PropertyValueSpecification","valueRequired":true,"valueName":"search_term_string"}}],"inLanguage":"pt-BR"},{"@type":"Organization","@id":"https:\/\/www.cidademarketing.com.br\/marketing\/#organization","name":"CidadeMarketing","alternateName":"CidadeMarketing","url":"https:\/\/www.cidademarketing.com.br\/marketing\/","logo":{"@type":"ImageObject","inLanguage":"pt-BR","@id":"https:\/\/www.cidademarketing.com.br\/marketing\/#\/schema\/logo\/image\/","url":"https:\/\/www.cidademarketing.com.br\/marketing\/wp-content\/uploads\/2020\/01\/cidademarketing_marca_mobile.png","contentUrl":"https:\/\/www.cidademarketing.com.br\/marketing\/wp-content\/uploads\/2020\/01\/cidademarketing_marca_mobile.png","width":230,"height":92,"caption":"CidadeMarketing"},"image":{"@id":"https:\/\/www.cidademarketing.com.br\/marketing\/#\/schema\/logo\/image\/"},"sameAs":["https:\/\/www.facebook.com\/portalcidademarketing","https:\/\/x.com\/CidadeMarketing","https:\/\/www.instagram.com\/cidademarketing\/"]},{"@type":"Person","@id":"https:\/\/www.cidademarketing.com.br\/marketing\/#\/schema\/person\/02daff9f18bd9378c9e01eb6b2db155f","name":"Thales Brand\u00e3o","image":{"@type":"ImageObject","inLanguage":"pt-BR","@id":"https:\/\/secure.gravatar.com\/avatar\/7ca3206950207cc3cb48feec56a8a7898741ab725c368d99d5d7a5a50aab80c6?s=96&d=mm&r=g","url":"https:\/\/secure.gravatar.com\/avatar\/7ca3206950207cc3cb48feec56a8a7898741ab725c368d99d5d7a5a50aab80c6?s=96&d=mm&r=g","contentUrl":"https:\/\/secure.gravatar.com\/avatar\/7ca3206950207cc3cb48feec56a8a7898741ab725c368d99d5d7a5a50aab80c6?s=96&d=mm&r=g","caption":"Thales Brand\u00e3o"},"description":"Editor Executivo do Portal CidadeMarketing.com.br &gt; Mestre em Comunica\u00e7\u00e3o e Sociedade pela Universidade Federal de Sergipe. Possui MBA Executivo em Administra\u00e7\u00e3o com \u00eanfase em Marketing pela Funda\u00e7\u00e3o Get\u00falio Vargas - Rio de Janeiro. Consultor, Palestrante e Pesquisador sobre Empreendedorismo, Marketing, Redes Sociais e Neg\u00f3cios Digitais. Professor, Palestrante TedxTalks e Campus Party. Twitter: @ThalesBrandao","sameAs":["http:\/\/www.mandacaru.com.br","https:\/\/www.facebook.com\/thalesbrandao","http:\/\/www.instagram.com.br\/thalesbrandaoferreira","https:\/\/www.linkedin.com\/in\/thales-brand\u00e3o-3948609\/","https:\/\/x.com\/http:\/\/www.twitter.com\/thalesbrandao"],"url":"https:\/\/www.cidademarketing.com.br\/marketing\/author\/thalesbrandao\/"}]}},"amp_enabled":true,"_links":{"self":[{"href":"https:\/\/www.cidademarketing.com.br\/marketing\/wp-json\/wp\/v2\/posts\/3116","targetHints":{"allow":["GET"]}}],"collection":[{"href":"https:\/\/www.cidademarketing.com.br\/marketing\/wp-json\/wp\/v2\/posts"}],"about":[{"href":"https:\/\/www.cidademarketing.com.br\/marketing\/wp-json\/wp\/v2\/types\/post"}],"author":[{"embeddable":true,"href":"https:\/\/www.cidademarketing.com.br\/marketing\/wp-json\/wp\/v2\/users\/1"}],"replies":[{"embeddable":true,"href":"https:\/\/www.cidademarketing.com.br\/marketing\/wp-json\/wp\/v2\/comments?post=3116"}],"version-history":[{"count":1,"href":"https:\/\/www.cidademarketing.com.br\/marketing\/wp-json\/wp\/v2\/posts\/3116\/revisions"}],"predecessor-version":[{"id":3118,"href":"https:\/\/www.cidademarketing.com.br\/marketing\/wp-json\/wp\/v2\/posts\/3116\/revisions\/3118"}],"wp:featuredmedia":[{"embeddable":true,"href":"https:\/\/www.cidademarketing.com.br\/marketing\/wp-json\/wp\/v2\/media\/3117"}],"wp:attachment":[{"href":"https:\/\/www.cidademarketing.com.br\/marketing\/wp-json\/wp\/v2\/media?parent=3116"}],"wp:term":[{"taxonomy":"category","embeddable":true,"href":"https:\/\/www.cidademarketing.com.br\/marketing\/wp-json\/wp\/v2\/categories?post=3116"},{"taxonomy":"post_tag","embeddable":true,"href":"https:\/\/www.cidademarketing.com.br\/marketing\/wp-json\/wp\/v2\/tags?post=3116"}],"curies":[{"name":"wp","href":"https:\/\/api.w.org\/{rel}","templated":true}]}}