{"id":31144,"date":"2021-10-29T23:23:25","date_gmt":"2021-10-30T02:23:25","guid":{"rendered":"https:\/\/www.cidademarketing.com.br\/marketing\/?p=31144"},"modified":"2021-10-29T23:23:27","modified_gmt":"2021-10-30T02:23:27","slug":"voce-onde-voce-quiser-inovacao-oportunidades-e-relevancia-deram-o-tom-do-upfront-globo-2022","status":"publish","type":"post","link":"https:\/\/www.cidademarketing.com.br\/marketing\/2021\/10\/29\/voce-onde-voce-quiser-inovacao-oportunidades-e-relevancia-deram-o-tom-do-upfront-globo-2022\/","title":{"rendered":"Voc\u00ea onde voc\u00ea quiser: inova\u00e7\u00e3o, oportunidades e relev\u00e2ncia deram o tom do Upfront Globo 2022"},"content":{"rendered":"\n<p><\/p><iframe src=\"https:\/\/open.spotify.com\/embed\/show\/4khMKzP3FgFRWVwb73xicc\" width=\"100%\" height=\"232\" frameBorder=\"0\" allowtransparency=\"true\" allow=\"encrypted-media\"><\/iframe>\t\n\n\n\n\n<p>O ano de 2022 j\u00e1 come\u00e7ou na Globo. Com o Upfront 2022, realizado nos dias 28 e 29 de outubro, a empresa reuniu o mercado publicit\u00e1rio para apresentar as principais novidades da sua programa\u00e7\u00e3o e os projetos comerciais para o pr\u00f3ximo ano. As tend\u00eancias apontadas indicam uma evolu\u00e7\u00e3o da publicidade, transpondo fronteiras entre os ambientes digital e linear. Al\u00e9m das muitas possibilidades para as marcas se conectarem com o seu p\u00fablico de forma assertiva, em uma comunica\u00e7\u00e3o 360\u00b0. Em linha com a campanha institucional lan\u00e7ada recentemente, a Globo levou o conceito de relev\u00e2ncia, atrav\u00e9s do seu robusto ecossistema que integra a TV aberta, 26 canais por assinatura, o streaming e os seus produtos digitais. E solu\u00e7\u00f5es baseadas em tecnologia e intelig\u00eancia de dados para ampliar o retorno de seus parceiros.<\/p>\n\n\n\n<p>\u201cVemos esse ecossistema como uma base de futuro. \u00c0 medida que a tecnologia avan\u00e7a, nascem novos pontos de contato entre as pessoas e, tamb\u00e9m, novas din\u00e2micas entre esses pontos. Em paralelo, acumulamos mais dados e mais conhecimento para oferecer as melhores experi\u00eancias no nosso conte\u00fado. Na Globo, observamos dados, tecnologia e comportamento o tempo todo, e queremos compartilhar com o mercado tudo o que aprendemos. Ent\u00e3o, tanto consumidor quanto anunciante vivem jornadas na Globo, e nosso papel \u00e9 criar mais e melhores encontros entre eles\u201d, disse Manzar Feres, diretora de Neg\u00f3cios em Publicidade da Globo.<\/p>\n\n\n\n<p><\/p>\n\n\n\n<figure class=\"wp-block-gallery columns-3 is-cropped wp-block-gallery-1 is-layout-flex wp-block-gallery-is-layout-flex\"><ul class=\"blocks-gallery-grid\"><li class=\"blocks-gallery-item\"><figure><img fetchpriority=\"high\" decoding=\"async\" width=\"1024\" height=\"683\" src=\"https:\/\/www.cidademarketing.com.br\/marketing\/wp-content\/uploads\/2021\/10\/Eduardo-Petribu-diretor-de-negocios-para-os-setores-Financeiro-e-Autom...-1024x683.jpg\" alt=\"\" data-id=\"31145\" data-full-url=\"https:\/\/www.cidademarketing.com.br\/marketing\/wp-content\/uploads\/2021\/10\/Eduardo-Petribu-diretor-de-negocios-para-os-setores-Financeiro-e-Autom...-scaled.jpg\" data-link=\"https:\/\/www.cidademarketing.com.br\/marketing\/?attachment_id=31145\" class=\"wp-image-31145\" srcset=\"https:\/\/www.cidademarketing.com.br\/marketing\/wp-content\/uploads\/2021\/10\/Eduardo-Petribu-diretor-de-negocios-para-os-setores-Financeiro-e-Autom...-1024x683.jpg 1024w, https:\/\/www.cidademarketing.com.br\/marketing\/wp-content\/uploads\/2021\/10\/Eduardo-Petribu-diretor-de-negocios-para-os-setores-Financeiro-e-Autom...-300x200.jpg 300w, https:\/\/www.cidademarketing.com.br\/marketing\/wp-content\/uploads\/2021\/10\/Eduardo-Petribu-diretor-de-negocios-para-os-setores-Financeiro-e-Autom...-768x512.jpg 768w, https:\/\/www.cidademarketing.com.br\/marketing\/wp-content\/uploads\/2021\/10\/Eduardo-Petribu-diretor-de-negocios-para-os-setores-Financeiro-e-Autom...-1536x1024.jpg 1536w, https:\/\/www.cidademarketing.com.br\/marketing\/wp-content\/uploads\/2021\/10\/Eduardo-Petribu-diretor-de-negocios-para-os-setores-Financeiro-e-Autom...-2048x1365.jpg 2048w, https:\/\/www.cidademarketing.com.br\/marketing\/wp-content\/uploads\/2021\/10\/Eduardo-Petribu-diretor-de-negocios-para-os-setores-Financeiro-e-Autom...-630x420.jpg 630w, https:\/\/www.cidademarketing.com.br\/marketing\/wp-content\/uploads\/2021\/10\/Eduardo-Petribu-diretor-de-negocios-para-os-setores-Financeiro-e-Autom...-640x427.jpg 640w, https:\/\/www.cidademarketing.com.br\/marketing\/wp-content\/uploads\/2021\/10\/Eduardo-Petribu-diretor-de-negocios-para-os-setores-Financeiro-e-Autom...-681x454.jpg 681w\" sizes=\"(max-width: 1024px) 100vw, 1024px\" \/><\/figure><\/li><li class=\"blocks-gallery-item\"><figure><img decoding=\"async\" width=\"1024\" height=\"683\" src=\"https:\/\/www.cidademarketing.com.br\/marketing\/wp-content\/uploads\/2021\/10\/Herbert-Zeizer-diretor-de-Negocios-para-Bens-de-Consumo-da-Globo-e-Rita...-1024x683.jpg\" alt=\"\" data-id=\"31146\" data-full-url=\"https:\/\/www.cidademarketing.com.br\/marketing\/wp-content\/uploads\/2021\/10\/Herbert-Zeizer-diretor-de-Negocios-para-Bens-de-Consumo-da-Globo-e-Rita...-scaled.jpg\" data-link=\"https:\/\/www.cidademarketing.com.br\/marketing\/?attachment_id=31146\" class=\"wp-image-31146\" srcset=\"https:\/\/www.cidademarketing.com.br\/marketing\/wp-content\/uploads\/2021\/10\/Herbert-Zeizer-diretor-de-Negocios-para-Bens-de-Consumo-da-Globo-e-Rita...-1024x683.jpg 1024w, https:\/\/www.cidademarketing.com.br\/marketing\/wp-content\/uploads\/2021\/10\/Herbert-Zeizer-diretor-de-Negocios-para-Bens-de-Consumo-da-Globo-e-Rita...-300x200.jpg 300w, https:\/\/www.cidademarketing.com.br\/marketing\/wp-content\/uploads\/2021\/10\/Herbert-Zeizer-diretor-de-Negocios-para-Bens-de-Consumo-da-Globo-e-Rita...-768x512.jpg 768w, https:\/\/www.cidademarketing.com.br\/marketing\/wp-content\/uploads\/2021\/10\/Herbert-Zeizer-diretor-de-Negocios-para-Bens-de-Consumo-da-Globo-e-Rita...-1536x1024.jpg 1536w, https:\/\/www.cidademarketing.com.br\/marketing\/wp-content\/uploads\/2021\/10\/Herbert-Zeizer-diretor-de-Negocios-para-Bens-de-Consumo-da-Globo-e-Rita...-2048x1365.jpg 2048w, https:\/\/www.cidademarketing.com.br\/marketing\/wp-content\/uploads\/2021\/10\/Herbert-Zeizer-diretor-de-Negocios-para-Bens-de-Consumo-da-Globo-e-Rita...-630x420.jpg 630w, https:\/\/www.cidademarketing.com.br\/marketing\/wp-content\/uploads\/2021\/10\/Herbert-Zeizer-diretor-de-Negocios-para-Bens-de-Consumo-da-Globo-e-Rita...-640x427.jpg 640w, https:\/\/www.cidademarketing.com.br\/marketing\/wp-content\/uploads\/2021\/10\/Herbert-Zeizer-diretor-de-Negocios-para-Bens-de-Consumo-da-Globo-e-Rita...-681x454.jpg 681w\" sizes=\"(max-width: 1024px) 100vw, 1024px\" \/><\/figure><\/li><li class=\"blocks-gallery-item\"><figure><img decoding=\"async\" width=\"1024\" height=\"576\" src=\"https:\/\/www.cidademarketing.com.br\/marketing\/wp-content\/uploads\/2021\/10\/Leilane-Neubarth-Maria-Beltrao-Maju-Coutinho-Guga-Chacra-e-William-Bo...-1024x576.png\" alt=\"\" data-id=\"31147\" data-full-url=\"https:\/\/www.cidademarketing.com.br\/marketing\/wp-content\/uploads\/2021\/10\/Leilane-Neubarth-Maria-Beltrao-Maju-Coutinho-Guga-Chacra-e-William-Bo....png\" data-link=\"https:\/\/www.cidademarketing.com.br\/marketing\/?attachment_id=31147\" class=\"wp-image-31147\" srcset=\"https:\/\/www.cidademarketing.com.br\/marketing\/wp-content\/uploads\/2021\/10\/Leilane-Neubarth-Maria-Beltrao-Maju-Coutinho-Guga-Chacra-e-William-Bo...-1024x576.png 1024w, https:\/\/www.cidademarketing.com.br\/marketing\/wp-content\/uploads\/2021\/10\/Leilane-Neubarth-Maria-Beltrao-Maju-Coutinho-Guga-Chacra-e-William-Bo...-300x169.png 300w, https:\/\/www.cidademarketing.com.br\/marketing\/wp-content\/uploads\/2021\/10\/Leilane-Neubarth-Maria-Beltrao-Maju-Coutinho-Guga-Chacra-e-William-Bo...-768x432.png 768w, https:\/\/www.cidademarketing.com.br\/marketing\/wp-content\/uploads\/2021\/10\/Leilane-Neubarth-Maria-Beltrao-Maju-Coutinho-Guga-Chacra-e-William-Bo...-747x420.png 747w, https:\/\/www.cidademarketing.com.br\/marketing\/wp-content\/uploads\/2021\/10\/Leilane-Neubarth-Maria-Beltrao-Maju-Coutinho-Guga-Chacra-e-William-Bo...-640x360.png 640w, https:\/\/www.cidademarketing.com.br\/marketing\/wp-content\/uploads\/2021\/10\/Leilane-Neubarth-Maria-Beltrao-Maju-Coutinho-Guga-Chacra-e-William-Bo...-681x383.png 681w, https:\/\/www.cidademarketing.com.br\/marketing\/wp-content\/uploads\/2021\/10\/Leilane-Neubarth-Maria-Beltrao-Maju-Coutinho-Guga-Chacra-e-William-Bo....png 1211w\" sizes=\"(max-width: 1024px) 100vw, 1024px\" \/><\/figure><\/li><li class=\"blocks-gallery-item\"><figure><img loading=\"lazy\" decoding=\"async\" width=\"1024\" height=\"683\" src=\"https:\/\/www.cidademarketing.com.br\/marketing\/wp-content\/uploads\/2021\/10\/Luciano-Huck-e-Manzar-Feres-1024x683.jpg\" alt=\"\" data-id=\"31148\" data-full-url=\"https:\/\/www.cidademarketing.com.br\/marketing\/wp-content\/uploads\/2021\/10\/Luciano-Huck-e-Manzar-Feres-scaled.jpg\" data-link=\"https:\/\/www.cidademarketing.com.br\/marketing\/?attachment_id=31148\" class=\"wp-image-31148\" srcset=\"https:\/\/www.cidademarketing.com.br\/marketing\/wp-content\/uploads\/2021\/10\/Luciano-Huck-e-Manzar-Feres-1024x683.jpg 1024w, https:\/\/www.cidademarketing.com.br\/marketing\/wp-content\/uploads\/2021\/10\/Luciano-Huck-e-Manzar-Feres-300x200.jpg 300w, https:\/\/www.cidademarketing.com.br\/marketing\/wp-content\/uploads\/2021\/10\/Luciano-Huck-e-Manzar-Feres-768x512.jpg 768w, https:\/\/www.cidademarketing.com.br\/marketing\/wp-content\/uploads\/2021\/10\/Luciano-Huck-e-Manzar-Feres-1536x1024.jpg 1536w, https:\/\/www.cidademarketing.com.br\/marketing\/wp-content\/uploads\/2021\/10\/Luciano-Huck-e-Manzar-Feres-2048x1365.jpg 2048w, https:\/\/www.cidademarketing.com.br\/marketing\/wp-content\/uploads\/2021\/10\/Luciano-Huck-e-Manzar-Feres-630x420.jpg 630w, https:\/\/www.cidademarketing.com.br\/marketing\/wp-content\/uploads\/2021\/10\/Luciano-Huck-e-Manzar-Feres-640x427.jpg 640w, https:\/\/www.cidademarketing.com.br\/marketing\/wp-content\/uploads\/2021\/10\/Luciano-Huck-e-Manzar-Feres-681x454.jpg 681w\" sizes=\"(max-width: 1024px) 100vw, 1024px\" \/><figcaption class=\"blocks-gallery-item__caption\">Luciano Hulk e Manzar *** Local Caption *** joaom &#8211; D:\\PreEdicao\\Joao Miguel\\20211018<\/figcaption><\/figure><\/li><li class=\"blocks-gallery-item\"><figure><img loading=\"lazy\" decoding=\"async\" width=\"1024\" height=\"683\" src=\"https:\/\/www.cidademarketing.com.br\/marketing\/wp-content\/uploads\/2021\/10\/Luciano-Huck-1024x683.jpg\" alt=\"\" data-id=\"31149\" data-full-url=\"https:\/\/www.cidademarketing.com.br\/marketing\/wp-content\/uploads\/2021\/10\/Luciano-Huck.jpg\" data-link=\"https:\/\/www.cidademarketing.com.br\/marketing\/?attachment_id=31149\" class=\"wp-image-31149\" srcset=\"https:\/\/www.cidademarketing.com.br\/marketing\/wp-content\/uploads\/2021\/10\/Luciano-Huck-1024x683.jpg 1024w, https:\/\/www.cidademarketing.com.br\/marketing\/wp-content\/uploads\/2021\/10\/Luciano-Huck-300x200.jpg 300w, https:\/\/www.cidademarketing.com.br\/marketing\/wp-content\/uploads\/2021\/10\/Luciano-Huck-768x512.jpg 768w, https:\/\/www.cidademarketing.com.br\/marketing\/wp-content\/uploads\/2021\/10\/Luciano-Huck-1536x1024.jpg 1536w, https:\/\/www.cidademarketing.com.br\/marketing\/wp-content\/uploads\/2021\/10\/Luciano-Huck-2048x1366.jpg 2048w, https:\/\/www.cidademarketing.com.br\/marketing\/wp-content\/uploads\/2021\/10\/Luciano-Huck-630x420.jpg 630w, https:\/\/www.cidademarketing.com.br\/marketing\/wp-content\/uploads\/2021\/10\/Luciano-Huck-640x427.jpg 640w, https:\/\/www.cidademarketing.com.br\/marketing\/wp-content\/uploads\/2021\/10\/Luciano-Huck-681x454.jpg 681w\" sizes=\"(max-width: 1024px) 100vw, 1024px\" \/><figcaption class=\"blocks-gallery-item__caption\">Luciano Hulk<\/figcaption><\/figure><\/li><li class=\"blocks-gallery-item\"><figure><img loading=\"lazy\" decoding=\"async\" width=\"1024\" height=\"683\" src=\"https:\/\/www.cidademarketing.com.br\/marketing\/wp-content\/uploads\/2021\/10\/Luis-Roberto-e-Eduardo-Salvador-diretor-de-negocios-para-os-setores-Ser...-1024x683.jpg\" alt=\"\" data-id=\"31150\" data-full-url=\"https:\/\/www.cidademarketing.com.br\/marketing\/wp-content\/uploads\/2021\/10\/Luis-Roberto-e-Eduardo-Salvador-diretor-de-negocios-para-os-setores-Ser...-scaled.jpg\" data-link=\"https:\/\/www.cidademarketing.com.br\/marketing\/?attachment_id=31150\" class=\"wp-image-31150\" srcset=\"https:\/\/www.cidademarketing.com.br\/marketing\/wp-content\/uploads\/2021\/10\/Luis-Roberto-e-Eduardo-Salvador-diretor-de-negocios-para-os-setores-Ser...-1024x683.jpg 1024w, https:\/\/www.cidademarketing.com.br\/marketing\/wp-content\/uploads\/2021\/10\/Luis-Roberto-e-Eduardo-Salvador-diretor-de-negocios-para-os-setores-Ser...-300x200.jpg 300w, https:\/\/www.cidademarketing.com.br\/marketing\/wp-content\/uploads\/2021\/10\/Luis-Roberto-e-Eduardo-Salvador-diretor-de-negocios-para-os-setores-Ser...-768x512.jpg 768w, https:\/\/www.cidademarketing.com.br\/marketing\/wp-content\/uploads\/2021\/10\/Luis-Roberto-e-Eduardo-Salvador-diretor-de-negocios-para-os-setores-Ser...-1536x1024.jpg 1536w, https:\/\/www.cidademarketing.com.br\/marketing\/wp-content\/uploads\/2021\/10\/Luis-Roberto-e-Eduardo-Salvador-diretor-de-negocios-para-os-setores-Ser...-2048x1365.jpg 2048w, https:\/\/www.cidademarketing.com.br\/marketing\/wp-content\/uploads\/2021\/10\/Luis-Roberto-e-Eduardo-Salvador-diretor-de-negocios-para-os-setores-Ser...-630x420.jpg 630w, https:\/\/www.cidademarketing.com.br\/marketing\/wp-content\/uploads\/2021\/10\/Luis-Roberto-e-Eduardo-Salvador-diretor-de-negocios-para-os-setores-Ser...-640x427.jpg 640w, https:\/\/www.cidademarketing.com.br\/marketing\/wp-content\/uploads\/2021\/10\/Luis-Roberto-e-Eduardo-Salvador-diretor-de-negocios-para-os-setores-Ser...-681x454.jpg 681w\" sizes=\"(max-width: 1024px) 100vw, 1024px\" \/><\/figure><\/li><li class=\"blocks-gallery-item\"><figure><img loading=\"lazy\" decoding=\"async\" width=\"1024\" height=\"713\" src=\"https:\/\/www.cidademarketing.com.br\/marketing\/wp-content\/uploads\/2021\/10\/Manoel-Soares-1024x713.jpg\" alt=\"\" data-id=\"31151\" data-full-url=\"https:\/\/www.cidademarketing.com.br\/marketing\/wp-content\/uploads\/2021\/10\/Manoel-Soares-scaled.jpg\" data-link=\"https:\/\/www.cidademarketing.com.br\/marketing\/?attachment_id=31151\" class=\"wp-image-31151\" srcset=\"https:\/\/www.cidademarketing.com.br\/marketing\/wp-content\/uploads\/2021\/10\/Manoel-Soares-1024x713.jpg 1024w, https:\/\/www.cidademarketing.com.br\/marketing\/wp-content\/uploads\/2021\/10\/Manoel-Soares-300x209.jpg 300w, https:\/\/www.cidademarketing.com.br\/marketing\/wp-content\/uploads\/2021\/10\/Manoel-Soares-768x535.jpg 768w, https:\/\/www.cidademarketing.com.br\/marketing\/wp-content\/uploads\/2021\/10\/Manoel-Soares-1536x1069.jpg 1536w, https:\/\/www.cidademarketing.com.br\/marketing\/wp-content\/uploads\/2021\/10\/Manoel-Soares-2048x1426.jpg 2048w, https:\/\/www.cidademarketing.com.br\/marketing\/wp-content\/uploads\/2021\/10\/Manoel-Soares-603x420.jpg 603w, https:\/\/www.cidademarketing.com.br\/marketing\/wp-content\/uploads\/2021\/10\/Manoel-Soares-640x446.jpg 640w, https:\/\/www.cidademarketing.com.br\/marketing\/wp-content\/uploads\/2021\/10\/Manoel-Soares-681x474.jpg 681w\" sizes=\"(max-width: 1024px) 100vw, 1024px\" \/><figcaption class=\"blocks-gallery-item__caption\">Manoel Soares<\/figcaption><\/figure><\/li><li class=\"blocks-gallery-item\"><figure><img loading=\"lazy\" decoding=\"async\" width=\"1024\" height=\"575\" src=\"https:\/\/www.cidademarketing.com.br\/marketing\/wp-content\/uploads\/2021\/10\/Pedro-Motta-Leticia-Braga-e-Anderson-Lima-1024x575.png\" alt=\"\" data-id=\"31153\" data-full-url=\"https:\/\/www.cidademarketing.com.br\/marketing\/wp-content\/uploads\/2021\/10\/Pedro-Motta-Leticia-Braga-e-Anderson-Lima.png\" data-link=\"https:\/\/www.cidademarketing.com.br\/marketing\/?attachment_id=31153\" class=\"wp-image-31153\" srcset=\"https:\/\/www.cidademarketing.com.br\/marketing\/wp-content\/uploads\/2021\/10\/Pedro-Motta-Leticia-Braga-e-Anderson-Lima-1024x575.png 1024w, https:\/\/www.cidademarketing.com.br\/marketing\/wp-content\/uploads\/2021\/10\/Pedro-Motta-Leticia-Braga-e-Anderson-Lima-300x169.png 300w, https:\/\/www.cidademarketing.com.br\/marketing\/wp-content\/uploads\/2021\/10\/Pedro-Motta-Leticia-Braga-e-Anderson-Lima-768x431.png 768w, https:\/\/www.cidademarketing.com.br\/marketing\/wp-content\/uploads\/2021\/10\/Pedro-Motta-Leticia-Braga-e-Anderson-Lima-748x420.png 748w, https:\/\/www.cidademarketing.com.br\/marketing\/wp-content\/uploads\/2021\/10\/Pedro-Motta-Leticia-Braga-e-Anderson-Lima-640x360.png 640w, https:\/\/www.cidademarketing.com.br\/marketing\/wp-content\/uploads\/2021\/10\/Pedro-Motta-Leticia-Braga-e-Anderson-Lima-681x383.png 681w, https:\/\/www.cidademarketing.com.br\/marketing\/wp-content\/uploads\/2021\/10\/Pedro-Motta-Leticia-Braga-e-Anderson-Lima.png 1239w\" sizes=\"(max-width: 1024px) 100vw, 1024px\" \/><\/figure><\/li><li class=\"blocks-gallery-item\"><figure><img loading=\"lazy\" decoding=\"async\" width=\"1024\" height=\"577\" src=\"https:\/\/www.cidademarketing.com.br\/marketing\/wp-content\/uploads\/2021\/10\/Rodrigo-Hilbert-1024x577.png\" alt=\"\" data-id=\"31154\" data-full-url=\"https:\/\/www.cidademarketing.com.br\/marketing\/wp-content\/uploads\/2021\/10\/Rodrigo-Hilbert.png\" data-link=\"https:\/\/www.cidademarketing.com.br\/marketing\/?attachment_id=31154\" class=\"wp-image-31154\" srcset=\"https:\/\/www.cidademarketing.com.br\/marketing\/wp-content\/uploads\/2021\/10\/Rodrigo-Hilbert-1024x577.png 1024w, https:\/\/www.cidademarketing.com.br\/marketing\/wp-content\/uploads\/2021\/10\/Rodrigo-Hilbert-300x169.png 300w, https:\/\/www.cidademarketing.com.br\/marketing\/wp-content\/uploads\/2021\/10\/Rodrigo-Hilbert-768x433.png 768w, https:\/\/www.cidademarketing.com.br\/marketing\/wp-content\/uploads\/2021\/10\/Rodrigo-Hilbert-746x420.png 746w, https:\/\/www.cidademarketing.com.br\/marketing\/wp-content\/uploads\/2021\/10\/Rodrigo-Hilbert-640x360.png 640w, https:\/\/www.cidademarketing.com.br\/marketing\/wp-content\/uploads\/2021\/10\/Rodrigo-Hilbert-681x384.png 681w, https:\/\/www.cidademarketing.com.br\/marketing\/wp-content\/uploads\/2021\/10\/Rodrigo-Hilbert.png 1243w\" sizes=\"(max-width: 1024px) 100vw, 1024px\" \/><\/figure><\/li><li class=\"blocks-gallery-item\"><figure><img loading=\"lazy\" decoding=\"async\" width=\"1024\" height=\"683\" src=\"https:\/\/www.cidademarketing.com.br\/marketing\/wp-content\/uploads\/2021\/10\/Tatiana-Souza-diretora-de-Negocios-para-Comercio-da-Globo-e-Manoel-Soar...-1024x683.jpg\" alt=\"\" data-id=\"31155\" data-full-url=\"https:\/\/www.cidademarketing.com.br\/marketing\/wp-content\/uploads\/2021\/10\/Tatiana-Souza-diretora-de-Negocios-para-Comercio-da-Globo-e-Manoel-Soar...-scaled.jpg\" data-link=\"https:\/\/www.cidademarketing.com.br\/marketing\/?attachment_id=31155\" class=\"wp-image-31155\" srcset=\"https:\/\/www.cidademarketing.com.br\/marketing\/wp-content\/uploads\/2021\/10\/Tatiana-Souza-diretora-de-Negocios-para-Comercio-da-Globo-e-Manoel-Soar...-1024x683.jpg 1024w, https:\/\/www.cidademarketing.com.br\/marketing\/wp-content\/uploads\/2021\/10\/Tatiana-Souza-diretora-de-Negocios-para-Comercio-da-Globo-e-Manoel-Soar...-300x200.jpg 300w, https:\/\/www.cidademarketing.com.br\/marketing\/wp-content\/uploads\/2021\/10\/Tatiana-Souza-diretora-de-Negocios-para-Comercio-da-Globo-e-Manoel-Soar...-768x512.jpg 768w, https:\/\/www.cidademarketing.com.br\/marketing\/wp-content\/uploads\/2021\/10\/Tatiana-Souza-diretora-de-Negocios-para-Comercio-da-Globo-e-Manoel-Soar...-1536x1024.jpg 1536w, https:\/\/www.cidademarketing.com.br\/marketing\/wp-content\/uploads\/2021\/10\/Tatiana-Souza-diretora-de-Negocios-para-Comercio-da-Globo-e-Manoel-Soar...-2048x1365.jpg 2048w, https:\/\/www.cidademarketing.com.br\/marketing\/wp-content\/uploads\/2021\/10\/Tatiana-Souza-diretora-de-Negocios-para-Comercio-da-Globo-e-Manoel-Soar...-630x420.jpg 630w, https:\/\/www.cidademarketing.com.br\/marketing\/wp-content\/uploads\/2021\/10\/Tatiana-Souza-diretora-de-Negocios-para-Comercio-da-Globo-e-Manoel-Soar...-640x427.jpg 640w, https:\/\/www.cidademarketing.com.br\/marketing\/wp-content\/uploads\/2021\/10\/Tatiana-Souza-diretora-de-Negocios-para-Comercio-da-Globo-e-Manoel-Soar...-681x454.jpg 681w\" sizes=\"(max-width: 1024px) 100vw, 1024px\" \/><\/figure><\/li><li class=\"blocks-gallery-item\"><figure><img loading=\"lazy\" decoding=\"async\" width=\"1024\" height=\"720\" src=\"https:\/\/www.cidademarketing.com.br\/marketing\/wp-content\/uploads\/2021\/10\/Vanessa-Giacomo-Luciano-Huck-Manoela-Aliperti-Ana-Hikari-e-Daphne-Boz...-1024x720.jpg\" alt=\"\" data-id=\"31156\" data-full-url=\"https:\/\/www.cidademarketing.com.br\/marketing\/wp-content\/uploads\/2021\/10\/Vanessa-Giacomo-Luciano-Huck-Manoela-Aliperti-Ana-Hikari-e-Daphne-Boz...-scaled.jpg\" data-link=\"https:\/\/www.cidademarketing.com.br\/marketing\/?attachment_id=31156\" class=\"wp-image-31156\" srcset=\"https:\/\/www.cidademarketing.com.br\/marketing\/wp-content\/uploads\/2021\/10\/Vanessa-Giacomo-Luciano-Huck-Manoela-Aliperti-Ana-Hikari-e-Daphne-Boz...-1024x720.jpg 1024w, https:\/\/www.cidademarketing.com.br\/marketing\/wp-content\/uploads\/2021\/10\/Vanessa-Giacomo-Luciano-Huck-Manoela-Aliperti-Ana-Hikari-e-Daphne-Boz...-300x211.jpg 300w, https:\/\/www.cidademarketing.com.br\/marketing\/wp-content\/uploads\/2021\/10\/Vanessa-Giacomo-Luciano-Huck-Manoela-Aliperti-Ana-Hikari-e-Daphne-Boz...-768x540.jpg 768w, https:\/\/www.cidademarketing.com.br\/marketing\/wp-content\/uploads\/2021\/10\/Vanessa-Giacomo-Luciano-Huck-Manoela-Aliperti-Ana-Hikari-e-Daphne-Boz...-1536x1080.jpg 1536w, https:\/\/www.cidademarketing.com.br\/marketing\/wp-content\/uploads\/2021\/10\/Vanessa-Giacomo-Luciano-Huck-Manoela-Aliperti-Ana-Hikari-e-Daphne-Boz...-2048x1439.jpg 2048w, https:\/\/www.cidademarketing.com.br\/marketing\/wp-content\/uploads\/2021\/10\/Vanessa-Giacomo-Luciano-Huck-Manoela-Aliperti-Ana-Hikari-e-Daphne-Boz...-598x420.jpg 598w, https:\/\/www.cidademarketing.com.br\/marketing\/wp-content\/uploads\/2021\/10\/Vanessa-Giacomo-Luciano-Huck-Manoela-Aliperti-Ana-Hikari-e-Daphne-Boz...-640x450.jpg 640w, https:\/\/www.cidademarketing.com.br\/marketing\/wp-content\/uploads\/2021\/10\/Vanessa-Giacomo-Luciano-Huck-Manoela-Aliperti-Ana-Hikari-e-Daphne-Boz...-681x479.jpg 681w\" sizes=\"(max-width: 1024px) 100vw, 1024px\" \/><figcaption class=\"blocks-gallery-item__caption\">Luciano Hulk, Vanessa Gi\u00e1como e As Five  *** Local Caption *** joaom &#8211; D:\\PreEdicao\\Joao Miguel\\20211018<\/figcaption><\/figure><\/li><\/ul><\/figure>\n\n\n\n<p><\/p>\n\n\n\n<p>Cerca de 50 talentos da Globo passaram pela tela, contando no que est\u00e3o trabalhando para o pr\u00f3ximo ano em dramaturgia, jornalismo, realities e variedades. \u201cA Globo vem passando por uma das maiores transforma\u00e7\u00f5es da sua hist\u00f3ria. Uma empresa que sempre foi refer\u00eancia em qualidade, tamb\u00e9m coloca a tecnologia lado a lado com o conte\u00fado. Isso transforma a Globo numa mediatech. Hist\u00f3rias e tecnologia juntas para oferecer experi\u00eancias marcantes e emocionantes para as pessoas\u201d, disse o apresentador Luciano Huck, ao abrir o evento na noite da \u00faltima quinta-feira, do est\u00fadio do \u2018Doming\u00e3o\u2019.<\/p>\n\n\n\n<p>Manoel Soares apareceu trazendo um pouco da diversidade das hist\u00f3rias da Globo para falar de m\u00fasica. Ele interagiu com Thiaguinho, que ter\u00e1 seu TVZ Ver\u00e3o no Multishow. E com Titi M\u00fcller, que falou com alegria da volta dos mega festivais \u2013 Rock in Rio e Lollapalooza. Para abordar reality shows, Fabio Porchat bateu um papo com Tadeu Schmidt, novo apresentador do BBB. E Marcos Mion recebeu Ana Clara e Camilla no cen\u00e1rio de \u2018T\u00fanel do Amor\u2019, seu novo reality, no&nbsp; Multishow.<\/p>\n\n\n\n<p>Quando o assunto virou gastronomia, Ana Maria Braga e Claude Troigros trocaram figurinhas sobre formatos de culin\u00e1ria. Claude ainda anunciou uma novidade: \u2018Que Marravilha! Delivery\u2019 para 2022, no GNT. J\u00e1 &nbsp;Rodrigo Hilbert deu uma palhinha da nova temporada do \u2018Tempero de Fam\u00edlia\u2019, no mesmo canal, que ir\u00e1 viajar para um pequeno grande vilarejo no sul da Bahia chamado Santo Andr\u00e9.<\/p>\n\n\n\n<p>Galv\u00e3o Bueno levou para a tela um pouco do clima que espera o p\u00fablico no maior evento esportivo de 2022 \u2013 a Copa do Mundo do Catar. Al\u00e9m disso, os apresentadores Lucas Gutierrez, Barbara Coelho, Karine Alves, o narrador Everaldo Marques e os comentaristas Ana Thais Matos e Grafite abordaram as diversas possibilidades e pacotes esportivos para o pr\u00f3ximo ano, como o Ver\u00e3o Espetacular.<\/p>\n\n\n\n<p>No Jornalismo, Wiliam Bonner se juntou a Maria Beltr\u00e3o e Leilane Neubarth, no est\u00fadio da GloboNews, para falar sobre as grandes coberturas de 2022 e o ecossistema do jornalismo na Globo, que conta com podcasts, TV aberta, por assinatura, ambiente digital. Os jornalistas destacaram a isen\u00e7\u00e3o e a corre\u00e7\u00e3o do notici\u00e1rio, que ser\u00e3o fundamentais em um ano eleitoral, e que ainda caminhar\u00e1 no combate \u00e0 pandemia. Maju Coutinho e Guga Chacra tamb\u00e9m participaram remotamente e lembraram a import\u00e2ncia da capilaridade da Globo atrav\u00e9s de suas afiliadas \u2013 para isso, trouxeram para a conversa o apresentador do NETV, Pedro Lins.<\/p>\n\n\n\n<p>Cau\u00e3 Reymond, Lilia Cabral, Dira Paes bateram um papo com Fernanda Gentil sobre a volta de novelas in\u00e9ditas, g\u00eanero que segue relevante, aos 70 anos, e que faz parte da vida dos brasileiros. Larissa Manoela, que est\u00e1 gravando \u2018Al\u00e9m da Ilus\u00e3o\u2019 tamb\u00e9m mandou seu recado.<\/p>\n\n\n\n<p>Em s\u00e9ries, Luciano Huck interagiu com as atrizes de \u2018As Five\u2019, que ter\u00e1 uma segunda temporada em 2022 no Globoplay. Para destacar o conte\u00fado internacional, o p\u00fablico ainda viu um recado do elenco de \u2018The Good Doctor\u2019, e de \u2018FBI: Most Wanted\u2019, do Universal Channel. Os DPAs apresentaram os destaques do universo infantil do Gloob e do Gloobinho. Jo\u00e3o Vicente de Castro e Welder Rodrigues divertiram a audi\u00eancia com p\u00edlulas sobre bastidores do entretenimento. &nbsp;O primeiro dia ainda foi encerrado com um pocket show de Pretinho da Serrinha.<\/p>\n\n\n\n<p><strong>DO PLIM AO PLAY<\/strong><\/p>\n\n\n\n<p>J\u00e1 nesta sexta-feira, talentos art\u00edsticos, do jornalismo e do esporte se uniram a executivos de neg\u00f3cios para detalhar as oportunidades e solu\u00e7\u00f5es dispon\u00edveis para os anunciantes. Digital first, variedades, dramaturgia, jornalismo, gastronomia, esporte, m\u00fasica e regional foram os pilares das possibilidades apresentadas. A proximidade e o conhecimento que a Globo acumula regionalmente, atrav\u00e9s da sua presen\u00e7a em 99% do territ\u00f3rio brasileiro e de suas 115 afiliadas, por exemplo, deu origem a 40 oportunidades comerciais para as marcas. J\u00e1 em m\u00fasica, 2022 ter\u00e1 os dois megaeventos \u2013 Rock in Rio e Lollapalooza \u2013 com cobertura completa no Multishow e oportunidades no conte\u00fado. Al\u00e9m do Carnaval.<\/p>\n\n\n\n<p><strong>Por dentro do universo digital<\/strong><\/p>\n\n\n\n<p>Segundo Andr\u00e9 Vinicius, diretor de Neg\u00f3cios com Ag\u00eancias da Globo, as novidade digital first \u201cnascem a partir do pensamento digital, mas dialogam tamb\u00e9m com outras plataformas. Estar conectado hoje \u00e9 estar em um mundo em movimento. Seja ele qual for\u201d.<\/p>\n\n\n\n<p>E este \u00e9 o caso, por exemplo, do&nbsp;Receitas.com, a plataforma do territ\u00f3rio de gastronomia da Globo. Uma nova atua\u00e7\u00e3o que une os talentos da Globo e GNT e um portf\u00f3lio com mais de 100 mil receitas, tudo em um produto que se relaciona com o consumidor no dia a dia e nos momentos mais especiais. Um dos projetos \u00e9 o ABC da Cozinha, o qual a ideia \u00e9 ofertar truques para quem quer come\u00e7ar a se aventurar na cozinha, como dicas para o in\u00edcio do preparo, seja atrav\u00e9s da escolha do tipo de panela ou como cortar e picar como um profissional. J\u00e1 o Receitas de Fim de Ano, aproveitar\u00e1 um momento especial para encontros e celebra\u00e7\u00f5es para oferecer conte\u00fado relevante para uma boa comida em uma parceria com entrega integrada com Canal GNT e Nhac.<\/p>\n\n\n\n<p>Na&nbsp;globo.com,&nbsp;agregador de conte\u00fado que em agosto ganhou uma nova vers\u00e3o, com linguagem visual reformulada e mais tecnologia para melhorar a experi\u00eancia do usu\u00e1rio, tamb\u00e9m oferece uma pluralidade de formatos para os anunciantes. H\u00e1 op\u00e7\u00f5es para alcan\u00e7ar diferentes perfis e p\u00fablicos no espa\u00e7o que \u00e9 considerado a vitrine digital da Globo.&nbsp; Para se ter uma ideia da sua relev\u00e2ncia e abrang\u00eancia, s\u00e3o 295 milh\u00f5es de visitas mensais.<\/p>\n\n\n\n<p>A&nbsp;globo.com&nbsp;re\u00fane o conte\u00fado premium de todas as marcas do ecossistema Globo, com a credibilidade que o usu\u00e1rio merece e a agilidade que ele precisa. N\u00e3o \u00e0 toa, tem um p\u00fablico extremamente engajado e frequente. Para os anunciantes, h\u00e1 op\u00e7\u00f5es em posi\u00e7\u00f5es de destaque e com volume de impress\u00f5es garantido, para quem quer alto impacto de visibilidade. Mas h\u00e1 ainda espa\u00e7o para os que buscam contexto e convers\u00e3o. Tudo sempre tendo a intelig\u00eancia de dados \u00e0 disposi\u00e7\u00e3o para respaldar as escolhas e ampliar os resultados dos parceiros.<\/p>\n\n\n\n<p>Desde j\u00e1, as marcas podem garantir reservas para as principais datas comemorativas e comerciais de 2022 \u2013 desde as mais relevantes para o mercado, como Dia das M\u00e3es, Dia dos Namorados e Dia das Crian\u00e7as, como tamb\u00e9m pacotes espec\u00edficos para os momentos de grande audi\u00eancia da programa\u00e7\u00e3o da Globo ao longo do ano. Entre eles, o &#8216;combo\u2019 atrelado ao per\u00edodo do \u2018Big Brother Brasil\u2019, que pode ser adquirido sem que o anunciante tenha v\u00ednculo direto com o programa como patrocinador, ou \u00e0 Copa do Mundo 2022. Eventos que, historicamente, trazem grande alcance e engajamento na p\u00e1gina.<\/p>\n\n\n\n<p><br>J\u00e1 o Gshow apresenta o Artigo Feminino, com oportunidades para anunciantes em diferentes formatos. O projeto ser\u00e1 um espa\u00e7o para informar mulheres \u2013 com conte\u00fado produzido tamb\u00e9m por mulheres \u2013 sobre sa\u00fade f\u00edsica e mental. Ser\u00e3o v\u00e1rios formatos diferentes para gerar interesse, engajamento e intera\u00e7\u00e3o. Outra novidade \u00e9 o projeto Pai de Pets, com oportunidades voltadas aos apaixonados por pets. Ser\u00e3o v\u00e1rios temas cobertos pelo especial, entre eles: Talentos Globo e seus pets, Dicas e Cuidados para seu pet e, ainda, Pets ex\u00f3ticos.&nbsp;E, em breve, teremos tamb\u00e9m outras novidades Gshow! Focado na relev\u00e2ncia para o consumidor, vamos aprimorar a cobertura para Noveleiros e f\u00e3s dos Realities e ir al\u00e9m, com conte\u00fado do universo mais amplo de entretenimento, numa experi\u00eancia mais&nbsp;leve e descontra\u00edda.&nbsp;<\/p>\n\n\n\n<p>No pilar de jornalismo, o g1 traz a informa\u00e7\u00e3o que importa e se consolida como o maior site de not\u00edcia do Brasil, com 65,7 milh\u00f5es de usu\u00e1rios \u00fanicos por m\u00eas e 684 milh\u00f5es de pagewiews tamb\u00e9m por m\u00eas. Um lugar onde os mais diversos p\u00fablicos t\u00eam acesso livre \u00e0 informa\u00e7\u00e3o de qualidade em v\u00e1rios formatos: v\u00eddeos, textos, fotos e podcasts. Uma oportunidade para as marcas que queiram fazer parte de um espa\u00e7o de relev\u00e2ncia e credibilidade, especialmente em momentos marcantes para o Brasil como o Carnaval e as Elei\u00e7\u00f5es 2022, al\u00e9m das novas editorias, que expandem o universo de temas do site e trazem ainda mais oportunidades de parcerias em assuntos como meio ambiente, inova\u00e7\u00e3o, empreendedorismo, trabalho e carreira.<\/p>\n\n\n\n<p>E no ge \u00e9 esporte sempre. Do Futebol aos eSports, o ge \u00e9 refer\u00eancia em jornalismo esportivo no Brasil com reportagens, coberturas esportivas, not\u00edcias do dia a dia, tabelas, melhores momentos dos campeonatos e, em breve, uma nova experi\u00eancia de tempo real. L\u00edder absoluto na categoria de sites esportivos, s\u00e3o&nbsp;mais 35 milh\u00f5es de usu\u00e1rios por m\u00eas e mais de 11 milh\u00f5es de visitas todos os dias. O ge tamb\u00e9m entra em campo no YouTube com mais de 50 milh\u00f5es de views por m\u00eas e 1,6 milh\u00e3o de inscritos.&nbsp;<\/p>\n\n\n\n<p>No Globoplay, um dos destaques comerciais \u00e9 \u2018As Five 2\u2019. Spin off de \u2018Malha\u00e7\u00e3o Viva a Diferen\u00e7a\u2019, o produto original Globoplay tem grande engajamento e movimentou as redes sociais ao ter sua primeira temporada anunciada para exibi\u00e7\u00e3o na TV aberta. As oportunidades, j\u00e1 para a segunda temporada, incluem entregas 360\u00b0, inclusive no conte\u00fado da trama.<\/p>\n\n\n\n<p>J\u00e1 o Cartola \u00e9 o maior fantasy game da Am\u00e9rica Latina &#8211; e um dos maiores do mundo -, em que o apaixonado por futebol monta uma equipe a cada rodada da S\u00e9rie A do Campeonato Brasileiro e soma pontos de acordo com os desempenhos dos jogadores escolhidos. S\u00e3o mais de 3 milh\u00f5es de escala\u00e7\u00f5es por rodada e uma marca superior a 2 milh\u00f5es de usu\u00e1rios por dia no app e na web. Para a temporada 2022, foi desenvolvido um projeto integrado envolvendo todas as plataformas \u2013 digital, app, site, programas e transmiss\u00f5es de futebol na TV Globo, SporTV e Premiere. O patroc\u00ednio no Cartola FC \u00e9 feito por itens exclusivos dentro do game, envolvendo naming rights e a\u00e7\u00f5es de conte\u00fado. E h\u00e1, tamb\u00e9m, cotas regionais.<\/p>\n\n\n\n<p>E, como em 2020 mais de 28 milh\u00f5es de pessoas ouviram podcasts no Brasil e o consumo disparou durante a pandemia, para o pr\u00f3ximo ano ser\u00e3o oferecidos pacotes agrupados por territ\u00f3rio: Jornalismo, Hist\u00f3rias, Sociedade e Comportamento, Pets, M\u00fasica, Cultura Pop e Entretenimento, na mais completa oferta para o formato de todo o mercado brasileiro. O anunciante pode marcar presen\u00e7a em diferentes programas atrelados ao mesmo tema e se conectar com talentos da podosfera e do universo Globo. Dentro de \u2018Sociedade e Comportamento\u2019, por exemplo, haver\u00e1 os principais podcasts que abordam pautas sobre o cotidiano, entre eles: Jout Jout de Saia; Prazer, Renata, apresentado por Renata Ceribelli; Mamilos, um dos mais relevantes do Brasil na discuss\u00e3o de temas quentes para a sociedade; Saia Justa, Papo de Segunda, Que Hist\u00f3ria \u00e9 Essa Porchat e Astrol\u00f3gicas.<\/p>\n\n\n\n<p><strong>Ano quente no esporte<\/strong><\/p>\n\n\n\n<p>No Esporte, 2022 ser\u00e1 especial para o futebol e a Globo vai entrar em campo para trazer cada detalhe desse esporte que \u00e9 a paix\u00e3o dos brasileiros. Al\u00e9m de acompanhar todos os lances das novas temporadas dos principais campeonatos nacionais, como o Brasileir\u00e3o e Copa do Brasil, a Globo vai viajar para o outro lado do mundo para fazer uma cobertura especial da Copa do Mundo do Qatar. Em meio a uma temporada quente no futebol, a previs\u00e3o \u00e9 de um fevereiro congelante. Os Jogos Ol\u00edmpicos de Inverno, em Pequim, na China, prometem encantar com toda a sua beleza e adrenalina e a Globo prepara mais uma cobertura multiplataforma inesquec\u00edvel.<\/p>\n\n\n\n<p><strong>Novelas: 70 anos e se renovando<\/strong><\/p>\n\n\n\n<p>A Globo come\u00e7ar\u00e1 2022 com todas as faixas de novelas com obras in\u00e9ditas, e o p\u00fablico que acompanha as hist\u00f3rias poder\u00e1 se conectar \u00e0s novas tramas, cheias de emo\u00e7\u00e3o, romance, humor e drama. Na faixa das seis, em \u2018Al\u00e9m da Ilus\u00e3o\u2019, Larissa Manoela protagonizar\u00e1, ao lado de Rafael Vitti, a hist\u00f3ria de amor de Isadora e Davi, em uma viagem ao Brasil das d\u00e9cadas de 1930 e 1940, marcado por tempos de profundas mudan\u00e7as. Logo ap\u00f3s, no segundo semestre, chegar\u00e1 \u2018Mar do Sert\u00e3o\u2019, uma produ\u00e7\u00e3o com tem\u00e1tica contempor\u00e2nea ambientada numa cidade fict\u00edcia do Nordeste brasileiro.&nbsp;Na faixa das sete, estrear\u00e1,&nbsp;j\u00e1 agora em novembro, \u2018Quanto Mais Vida, Melhor!\u2019, uma com\u00e9dia rom\u00e2ntica que unir\u00e1 quatro tipos bem diferentes, Nen\u00e9m (Vladimir Brichta), Paula (Giovanna Antonelli), Guilherme (Mateus Solano) e Fl\u00e1via (Valentina Herszage), que ver\u00e3o suas vidas entrela\u00e7adas por um acaso do destino. Para 2022, est\u00e1 prevista a estreia de&nbsp;\u2018Cara e Coragem\u2019, na mesma faixa hor\u00e1ria. E logo ap\u00f3s&nbsp;\u2018Um Lugar ao Sol\u2019,&nbsp;chegar\u00e1 para o p\u00fablico das nove horas, a nova vers\u00e3o de&nbsp;Pantanal.<\/p>\n\n\n\n<p><strong>Show de realidade<\/strong><\/p>\n\n\n\n<p>Uma das paix\u00f5es nacionais, os realities shows t\u00eam espa\u00e7o garantido nos canais e plataformas da Globo. O consumo do g\u00eanero que coloca fogo no parquinho e movimenta o Brasil cresceu 117% nas redes sociais de 2020 para 2021. O potencial de engajamento dos realities \u00e9 enorme. Pesquisas realizadas pela Globo mostram que 42% dos brasileiros j\u00e1 conheceram um produto ou uma marca por meio de um reality show. E 70% acreditam que as marcas que se associam a um reality t\u00eam credibilidade.<\/p>\n\n\n\n<p>Em 2022, os t\u00edtulos que j\u00e1 conquistaram o p\u00fablico estar\u00e3o de volta, com novas din\u00e2micas e entregas pensadas para experi\u00eancias multiplataformas. O BBB, que ter\u00e1 a apresenta\u00e7\u00e3o de Tadeu Schimidt, tem o combo perfeito para as marcas: alcance, visibilidade da mensagem, inser\u00e7\u00e3o no principal assunto do per\u00edodo e engajamento. E o novo encontro com o reality \u2013 um dos mais aguardados pelo p\u00fablico \u2013 j\u00e1 tem data marcada: dia 17 de janeiro. O reality chega a sua vig\u00e9sima segunda edi\u00e7\u00e3o e a casa trar\u00e1 mudan\u00e7as e novos ambientes, com participantes de dois grupos j\u00e1 conhecidos, que estar\u00e3o de volta: pipoca e camarote. Em 2022, a festa do l\u00edder vai ganhar um tempero: antes da celebra\u00e7\u00e3o, os participantes poder\u00e3o comprar itens adicionais com suas estalecas. E o humor continuar\u00e1 com espa\u00e7o garantido no BBB com um quadro que far\u00e1 um resumo divertido do que rolou durante a semana.<\/p>\n\n\n\n<p>Desta vez, o p\u00fablico poder\u00e1 assistir ao mesmo conte\u00fado do Cinema do L\u00edder que os participantes no BBB, mas em sua pr\u00f3pria casa. O filme exibido para os&nbsp;brothers&nbsp;ser\u00e1 transmitido no \u2018Cinema de Cinema do L\u00edder\u2019 nas noites de ter\u00e7as-feiras na TV Globo. No Multishow, antes mesmo da nova edi\u00e7\u00e3o come\u00e7ar, o \u2018Aquecimento BBB\u2019 vai trazer os melhores momentos do BBB21 em 16 epis\u00f3dios, com entrevistas com ex-participantes, e melhores momentos. E, para a temporada 22, a tradi\u00e7\u00e3o de receber o eliminado da semana para uma entrevista continuar\u00e1 com o \u2018BBB \u2013 A Elimina\u00e7\u00e3o\u2019.<\/p>\n\n\n\n<p>J\u00e1 no Globoplay, ser\u00e1 poss\u00edvel acompanhar as c\u00e2meras ao vivo, trechos, programas na \u00edntegra e o \u201cClick BBB\u201d na plataforma. No digital,&nbsp; o p\u00fablico contar\u00e1 com conte\u00fados especiais do BBB na pr\u00f3xima temporada. A&nbsp; editoria do BBB no Receitas.com ensinar\u00e1 a fazer pratos inspirados nos que os participantes consomem na casa. Al\u00e9m disso, na #RedeBBB, a programa\u00e7\u00e3o chegar\u00e1 com atra\u00e7\u00f5es de segunda a sexta-feira. \u2018Bate-papo com o eliminado\u2019, \u2018Parada BBB\u2019 e \u2018Mesa BBB\u2019, entre outros formatos, est\u00e3o confirmados para a pr\u00f3xima temporada.&nbsp;Tamb\u00e9m haver\u00e1 mais uma edi\u00e7\u00e3o extra \u2013 e especial \u2013 que marcar\u00e1 o reencontro dos participantes da temporada na TV Globo.<\/p>\n\n\n\n<p>A segunda temporada de \u2018No Limite\u2019 tem estreia prevista para abril de 2022 e trar\u00e1 novidades: novo apresentador, novos participantes e um dia extra de exibi\u00e7\u00e3o. Um dos maiores desejos do p\u00fablico na primeira temporada ser\u00e1 atendido em 2022: o jogo ter\u00e1 duas exibi\u00e7\u00f5es semanais, \u00e0s ter\u00e7as e quintas, e o \u2018Elimina\u00e7\u00e3o\u2019 voltar\u00e1 aos domingos. Desta vez em dose dupla: com um programa in\u00e9dito, exclusivo para a TV Globo, e uma outra edi\u00e7\u00e3o, no Multishow. Na nova temporada, an\u00f4nimos entram na disputa de sobreviv\u00eancia e conviv\u00eancia, com novas provas e din\u00e2micas, em um cen\u00e1rio in\u00f3spito e paradis\u00edaco.<\/p>\n\n\n\n<p>O formato \u2018The Voice\u2019 \u2013 e suas diferentes vers\u00f5es &#8211; est\u00e1 garantido na grade de 2022. Ap\u00f3s o sucesso da primeira temporada, em fevereiro estar\u00e1 de volta o The Voice+.&nbsp;Andr\u00e9 Marques volta ao comando da&nbsp;segunda temporada do reality musical para talentos a partir de 60 anos. Com estreia prevista para abril, a&nbsp;7\u00aa temporada do \u2018The Voice Kids\u2019 seguir\u00e1 com Marcio Garcia no comando. E, no segundo semestre, o p\u00fablico poder\u00e1 acompanhar a 11 \u00aa &nbsp;temporada do \u2018The Voice Brasil\u2019.<\/p>\n\n\n\n<p>Os realities, por sinal, tangibilizam muito bem o que a relev\u00e2ncia da Globo \u00e9 capaz de fazer, ao transbordarem em memes, posts e reposts tudo o que acontece na tela. \u2018O que acontece na Globo, n\u00e3o fica s\u00f3 na Globo. Nossas hist\u00f3rias v\u00e3o al\u00e9m: elas viram conversa nas redes sociais, viralizam e s\u00e3o multiplicadas por muita gente, em v\u00e1rios lugares\u201d, complementa Manzar Feres.<\/p>\n\n\n\n<p><\/p><iframe allow=\"autoplay *; encrypted-media *; fullscreen *\" frameborder=\"0\" height=\"450\" style=\"width:100%;max-width:660px;overflow:hidden;background:transparent;\" sandbox=\"allow-forms allow-popups allow-same-origin allow-scripts allow-storage-access-by-user-activation allow-top-navigation-by-user-activation\" src=\"https:\/\/embed.podcasts.apple.com\/br\/podcast\/podcast-cidademarketing\/id1371923283\"><\/iframe>\n\n","protected":false},"excerpt":{"rendered":"<p>O ano de 2022 j\u00e1 come\u00e7ou na Globo. Com o Upfront 2022, realizado nos dias 28 e 29 de outubro, a empresa reuniu o mercado publicit\u00e1rio para apresentar as principais novidades da sua programa\u00e7\u00e3o e os projetos comerciais para o pr\u00f3ximo ano. As tend\u00eancias apontadas indicam uma evolu\u00e7\u00e3o da publicidade, transpondo fronteiras entre os ambientes [&hellip;]<\/p>\n","protected":false},"author":1,"featured_media":31152,"comment_status":"open","ping_status":"open","sticky":false,"template":"","format":"standard","meta":{"tdm_status":"","tdm_grid_status":"","footnotes":""},"categories":[6],"tags":[308,33,215,28,381,1017],"class_list":["post-31144","post","type-post","status-publish","format-standard","has-post-thumbnail","hentry","category-noticias","tag-comunicacao","tag-estrategia","tag-globo","tag-marketing","tag-televisao","tag-tv-globo"],"yoast_head":"<!-- This site is optimized with the Yoast SEO plugin v27.5 - https:\/\/yoast.com\/product\/yoast-seo-wordpress\/ -->\n<title>Voc\u00ea onde voc\u00ea quiser: inova\u00e7\u00e3o, oportunidades e relev\u00e2ncia deram o tom do Upfront Globo 2022 - CidadeMarketing<\/title>\n<meta name=\"robots\" content=\"index, follow, max-snippet:-1, max-image-preview:large, max-video-preview:-1\" \/>\n<link rel=\"canonical\" href=\"https:\/\/www.cidademarketing.com.br\/marketing\/2021\/10\/29\/voce-onde-voce-quiser-inovacao-oportunidades-e-relevancia-deram-o-tom-do-upfront-globo-2022\/\" \/>\n<meta property=\"og:locale\" content=\"pt_BR\" \/>\n<meta property=\"og:type\" content=\"article\" \/>\n<meta property=\"og:title\" content=\"Voc\u00ea onde voc\u00ea quiser: inova\u00e7\u00e3o, oportunidades e relev\u00e2ncia deram o tom do Upfront Globo 2022 - CidadeMarketing\" \/>\n<meta property=\"og:description\" content=\"O ano de 2022 j\u00e1 come\u00e7ou na Globo. Com o Upfront 2022, realizado nos dias 28 e 29 de outubro, a empresa reuniu o mercado publicit\u00e1rio para apresentar as principais novidades da sua programa\u00e7\u00e3o e os projetos comerciais para o pr\u00f3ximo ano. As tend\u00eancias apontadas indicam uma evolu\u00e7\u00e3o da publicidade, transpondo fronteiras entre os ambientes [&hellip;]\" \/>\n<meta property=\"og:url\" content=\"https:\/\/www.cidademarketing.com.br\/marketing\/2021\/10\/29\/voce-onde-voce-quiser-inovacao-oportunidades-e-relevancia-deram-o-tom-do-upfront-globo-2022\/\" \/>\n<meta property=\"og:site_name\" content=\"CidadeMarketing\" \/>\n<meta property=\"article:publisher\" content=\"https:\/\/www.facebook.com\/portalcidademarketing\" \/>\n<meta property=\"article:author\" content=\"https:\/\/www.facebook.com\/thalesbrandao\" \/>\n<meta property=\"article:published_time\" content=\"2021-10-30T02:23:25+00:00\" \/>\n<meta property=\"article:modified_time\" content=\"2021-10-30T02:23:27+00:00\" \/>\n<meta property=\"og:image\" content=\"https:\/\/www.cidademarketing.com.br\/marketing\/wp-content\/uploads\/2021\/10\/Marcelo-Ligere-diretor-de-Negocios-Multisetorial-da-Globo-Erico-Bras-e...-scaled.jpg\" \/>\n\t<meta property=\"og:image:width\" content=\"2560\" \/>\n\t<meta property=\"og:image:height\" content=\"1707\" \/>\n\t<meta property=\"og:image:type\" content=\"image\/jpeg\" \/>\n<meta name=\"author\" content=\"Thales Brand\u00e3o\" \/>\n<meta name=\"twitter:card\" content=\"summary_large_image\" \/>\n<meta name=\"twitter:creator\" content=\"@http:\/\/www.twitter.com\/thalesbrandao\" \/>\n<meta name=\"twitter:site\" content=\"@CidadeMarketing\" \/>\n<meta name=\"twitter:label1\" content=\"Escrito por\" \/>\n\t<meta name=\"twitter:data1\" content=\"Thales Brand\u00e3o\" \/>\n\t<meta name=\"twitter:label2\" content=\"Est. tempo de leitura\" \/>\n\t<meta name=\"twitter:data2\" content=\"16 minutos\" \/>\n<script type=\"application\/ld+json\" class=\"yoast-schema-graph\">{\"@context\":\"https:\\\/\\\/schema.org\",\"@graph\":[{\"@type\":\"Article\",\"@id\":\"https:\\\/\\\/www.cidademarketing.com.br\\\/marketing\\\/2021\\\/10\\\/29\\\/voce-onde-voce-quiser-inovacao-oportunidades-e-relevancia-deram-o-tom-do-upfront-globo-2022\\\/#article\",\"isPartOf\":{\"@id\":\"https:\\\/\\\/www.cidademarketing.com.br\\\/marketing\\\/2021\\\/10\\\/29\\\/voce-onde-voce-quiser-inovacao-oportunidades-e-relevancia-deram-o-tom-do-upfront-globo-2022\\\/\"},\"author\":{\"name\":\"Thales Brand\u00e3o\",\"@id\":\"https:\\\/\\\/www.cidademarketing.com.br\\\/marketing\\\/#\\\/schema\\\/person\\\/02daff9f18bd9378c9e01eb6b2db155f\"},\"headline\":\"Voc\u00ea onde voc\u00ea quiser: inova\u00e7\u00e3o, oportunidades e relev\u00e2ncia deram o tom do Upfront Globo 2022\",\"datePublished\":\"2021-10-30T02:23:25+00:00\",\"dateModified\":\"2021-10-30T02:23:27+00:00\",\"mainEntityOfPage\":{\"@id\":\"https:\\\/\\\/www.cidademarketing.com.br\\\/marketing\\\/2021\\\/10\\\/29\\\/voce-onde-voce-quiser-inovacao-oportunidades-e-relevancia-deram-o-tom-do-upfront-globo-2022\\\/\"},\"wordCount\":3189,\"commentCount\":0,\"publisher\":{\"@id\":\"https:\\\/\\\/www.cidademarketing.com.br\\\/marketing\\\/#organization\"},\"image\":{\"@id\":\"https:\\\/\\\/www.cidademarketing.com.br\\\/marketing\\\/2021\\\/10\\\/29\\\/voce-onde-voce-quiser-inovacao-oportunidades-e-relevancia-deram-o-tom-do-upfront-globo-2022\\\/#primaryimage\"},\"thumbnailUrl\":\"https:\\\/\\\/www.cidademarketing.com.br\\\/marketing\\\/wp-content\\\/uploads\\\/2021\\\/10\\\/Marcelo-Ligere-diretor-de-Negocios-Multisetorial-da-Globo-Erico-Bras-e...-scaled.jpg\",\"keywords\":[\"comunica\u00e7\u00e3o\",\"estrat\u00e9gia\",\"Globo\",\"marketing\",\"televis\u00e3o\",\"TV Globo\"],\"articleSection\":[\"Not\u00edcias\"],\"inLanguage\":\"pt-BR\",\"potentialAction\":[{\"@type\":\"CommentAction\",\"name\":\"Comment\",\"target\":[\"https:\\\/\\\/www.cidademarketing.com.br\\\/marketing\\\/2021\\\/10\\\/29\\\/voce-onde-voce-quiser-inovacao-oportunidades-e-relevancia-deram-o-tom-do-upfront-globo-2022\\\/#respond\"]}]},{\"@type\":\"WebPage\",\"@id\":\"https:\\\/\\\/www.cidademarketing.com.br\\\/marketing\\\/2021\\\/10\\\/29\\\/voce-onde-voce-quiser-inovacao-oportunidades-e-relevancia-deram-o-tom-do-upfront-globo-2022\\\/\",\"url\":\"https:\\\/\\\/www.cidademarketing.com.br\\\/marketing\\\/2021\\\/10\\\/29\\\/voce-onde-voce-quiser-inovacao-oportunidades-e-relevancia-deram-o-tom-do-upfront-globo-2022\\\/\",\"name\":\"Voc\u00ea onde voc\u00ea quiser: inova\u00e7\u00e3o, oportunidades e relev\u00e2ncia deram o tom do Upfront Globo 2022 - CidadeMarketing\",\"isPartOf\":{\"@id\":\"https:\\\/\\\/www.cidademarketing.com.br\\\/marketing\\\/#website\"},\"primaryImageOfPage\":{\"@id\":\"https:\\\/\\\/www.cidademarketing.com.br\\\/marketing\\\/2021\\\/10\\\/29\\\/voce-onde-voce-quiser-inovacao-oportunidades-e-relevancia-deram-o-tom-do-upfront-globo-2022\\\/#primaryimage\"},\"image\":{\"@id\":\"https:\\\/\\\/www.cidademarketing.com.br\\\/marketing\\\/2021\\\/10\\\/29\\\/voce-onde-voce-quiser-inovacao-oportunidades-e-relevancia-deram-o-tom-do-upfront-globo-2022\\\/#primaryimage\"},\"thumbnailUrl\":\"https:\\\/\\\/www.cidademarketing.com.br\\\/marketing\\\/wp-content\\\/uploads\\\/2021\\\/10\\\/Marcelo-Ligere-diretor-de-Negocios-Multisetorial-da-Globo-Erico-Bras-e...-scaled.jpg\",\"datePublished\":\"2021-10-30T02:23:25+00:00\",\"dateModified\":\"2021-10-30T02:23:27+00:00\",\"breadcrumb\":{\"@id\":\"https:\\\/\\\/www.cidademarketing.com.br\\\/marketing\\\/2021\\\/10\\\/29\\\/voce-onde-voce-quiser-inovacao-oportunidades-e-relevancia-deram-o-tom-do-upfront-globo-2022\\\/#breadcrumb\"},\"inLanguage\":\"pt-BR\",\"potentialAction\":[{\"@type\":\"ReadAction\",\"target\":[\"https:\\\/\\\/www.cidademarketing.com.br\\\/marketing\\\/2021\\\/10\\\/29\\\/voce-onde-voce-quiser-inovacao-oportunidades-e-relevancia-deram-o-tom-do-upfront-globo-2022\\\/\"]}]},{\"@type\":\"ImageObject\",\"inLanguage\":\"pt-BR\",\"@id\":\"https:\\\/\\\/www.cidademarketing.com.br\\\/marketing\\\/2021\\\/10\\\/29\\\/voce-onde-voce-quiser-inovacao-oportunidades-e-relevancia-deram-o-tom-do-upfront-globo-2022\\\/#primaryimage\",\"url\":\"https:\\\/\\\/www.cidademarketing.com.br\\\/marketing\\\/wp-content\\\/uploads\\\/2021\\\/10\\\/Marcelo-Ligere-diretor-de-Negocios-Multisetorial-da-Globo-Erico-Bras-e...-scaled.jpg\",\"contentUrl\":\"https:\\\/\\\/www.cidademarketing.com.br\\\/marketing\\\/wp-content\\\/uploads\\\/2021\\\/10\\\/Marcelo-Ligere-diretor-de-Negocios-Multisetorial-da-Globo-Erico-Bras-e...-scaled.jpg\",\"width\":2560,\"height\":1707,\"caption\":\"Globo\\\/Maur\u00edcio Fidalgo\"},{\"@type\":\"BreadcrumbList\",\"@id\":\"https:\\\/\\\/www.cidademarketing.com.br\\\/marketing\\\/2021\\\/10\\\/29\\\/voce-onde-voce-quiser-inovacao-oportunidades-e-relevancia-deram-o-tom-do-upfront-globo-2022\\\/#breadcrumb\",\"itemListElement\":[{\"@type\":\"ListItem\",\"position\":1,\"name\":\"In\u00edcio\",\"item\":\"https:\\\/\\\/www.cidademarketing.com.br\\\/marketing\\\/\"},{\"@type\":\"ListItem\",\"position\":2,\"name\":\"Voc\u00ea onde voc\u00ea quiser: inova\u00e7\u00e3o, oportunidades e relev\u00e2ncia deram o tom do Upfront Globo 2022\"}]},{\"@type\":\"WebSite\",\"@id\":\"https:\\\/\\\/www.cidademarketing.com.br\\\/marketing\\\/#website\",\"url\":\"https:\\\/\\\/www.cidademarketing.com.br\\\/marketing\\\/\",\"name\":\"CidadeMarketing\",\"description\":\"Somos um ve\u00edculo de comunica\u00e7\u00e3o de destaque no Brasil, reconhecido por conte\u00fados nos segmentos de marketing, empreendedorismo e inova\u00e7\u00e3o.\",\"publisher\":{\"@id\":\"https:\\\/\\\/www.cidademarketing.com.br\\\/marketing\\\/#organization\"},\"alternateName\":\"CidadeMarketing\",\"potentialAction\":[{\"@type\":\"SearchAction\",\"target\":{\"@type\":\"EntryPoint\",\"urlTemplate\":\"https:\\\/\\\/www.cidademarketing.com.br\\\/marketing\\\/?s={search_term_string}\"},\"query-input\":{\"@type\":\"PropertyValueSpecification\",\"valueRequired\":true,\"valueName\":\"search_term_string\"}}],\"inLanguage\":\"pt-BR\"},{\"@type\":\"Organization\",\"@id\":\"https:\\\/\\\/www.cidademarketing.com.br\\\/marketing\\\/#organization\",\"name\":\"CidadeMarketing\",\"alternateName\":\"CidadeMarketing\",\"url\":\"https:\\\/\\\/www.cidademarketing.com.br\\\/marketing\\\/\",\"logo\":{\"@type\":\"ImageObject\",\"inLanguage\":\"pt-BR\",\"@id\":\"https:\\\/\\\/www.cidademarketing.com.br\\\/marketing\\\/#\\\/schema\\\/logo\\\/image\\\/\",\"url\":\"https:\\\/\\\/www.cidademarketing.com.br\\\/marketing\\\/wp-content\\\/uploads\\\/2020\\\/01\\\/cidademarketing_marca_mobile.png\",\"contentUrl\":\"https:\\\/\\\/www.cidademarketing.com.br\\\/marketing\\\/wp-content\\\/uploads\\\/2020\\\/01\\\/cidademarketing_marca_mobile.png\",\"width\":230,\"height\":92,\"caption\":\"CidadeMarketing\"},\"image\":{\"@id\":\"https:\\\/\\\/www.cidademarketing.com.br\\\/marketing\\\/#\\\/schema\\\/logo\\\/image\\\/\"},\"sameAs\":[\"https:\\\/\\\/www.facebook.com\\\/portalcidademarketing\",\"https:\\\/\\\/x.com\\\/CidadeMarketing\",\"https:\\\/\\\/www.instagram.com\\\/cidademarketing\\\/\"]},{\"@type\":\"Person\",\"@id\":\"https:\\\/\\\/www.cidademarketing.com.br\\\/marketing\\\/#\\\/schema\\\/person\\\/02daff9f18bd9378c9e01eb6b2db155f\",\"name\":\"Thales Brand\u00e3o\",\"image\":{\"@type\":\"ImageObject\",\"inLanguage\":\"pt-BR\",\"@id\":\"https:\\\/\\\/secure.gravatar.com\\\/avatar\\\/7ca3206950207cc3cb48feec56a8a7898741ab725c368d99d5d7a5a50aab80c6?s=96&d=mm&r=g\",\"url\":\"https:\\\/\\\/secure.gravatar.com\\\/avatar\\\/7ca3206950207cc3cb48feec56a8a7898741ab725c368d99d5d7a5a50aab80c6?s=96&d=mm&r=g\",\"contentUrl\":\"https:\\\/\\\/secure.gravatar.com\\\/avatar\\\/7ca3206950207cc3cb48feec56a8a7898741ab725c368d99d5d7a5a50aab80c6?s=96&d=mm&r=g\",\"caption\":\"Thales Brand\u00e3o\"},\"description\":\"Editor Executivo do Portal CidadeMarketing.com.br &gt; Mestre em Comunica\u00e7\u00e3o e Sociedade pela Universidade Federal de Sergipe. Possui MBA Executivo em Administra\u00e7\u00e3o com \u00eanfase em Marketing pela Funda\u00e7\u00e3o Get\u00falio Vargas - Rio de Janeiro. Consultor, Palestrante e Pesquisador sobre Empreendedorismo, Marketing, Redes Sociais e Neg\u00f3cios Digitais. Professor, Palestrante TedxTalks e Campus Party. Twitter: @ThalesBrandao\",\"sameAs\":[\"http:\\\/\\\/www.mandacaru.com.br\",\"https:\\\/\\\/www.facebook.com\\\/thalesbrandao\",\"http:\\\/\\\/www.instagram.com.br\\\/thalesbrandaoferreira\",\"https:\\\/\\\/www.linkedin.com\\\/in\\\/thales-brand\u00e3o-3948609\\\/\",\"https:\\\/\\\/x.com\\\/http:\\\/\\\/www.twitter.com\\\/thalesbrandao\"],\"url\":\"https:\\\/\\\/www.cidademarketing.com.br\\\/marketing\\\/author\\\/thalesbrandao\\\/\"}]}<\/script>\n<!-- \/ Yoast SEO plugin. -->","yoast_head_json":{"title":"Voc\u00ea onde voc\u00ea quiser: inova\u00e7\u00e3o, oportunidades e relev\u00e2ncia deram o tom do Upfront Globo 2022 - CidadeMarketing","robots":{"index":"index","follow":"follow","max-snippet":"max-snippet:-1","max-image-preview":"max-image-preview:large","max-video-preview":"max-video-preview:-1"},"canonical":"https:\/\/www.cidademarketing.com.br\/marketing\/2021\/10\/29\/voce-onde-voce-quiser-inovacao-oportunidades-e-relevancia-deram-o-tom-do-upfront-globo-2022\/","og_locale":"pt_BR","og_type":"article","og_title":"Voc\u00ea onde voc\u00ea quiser: inova\u00e7\u00e3o, oportunidades e relev\u00e2ncia deram o tom do Upfront Globo 2022 - CidadeMarketing","og_description":"O ano de 2022 j\u00e1 come\u00e7ou na Globo. Com o Upfront 2022, realizado nos dias 28 e 29 de outubro, a empresa reuniu o mercado publicit\u00e1rio para apresentar as principais novidades da sua programa\u00e7\u00e3o e os projetos comerciais para o pr\u00f3ximo ano. As tend\u00eancias apontadas indicam uma evolu\u00e7\u00e3o da publicidade, transpondo fronteiras entre os ambientes [&hellip;]","og_url":"https:\/\/www.cidademarketing.com.br\/marketing\/2021\/10\/29\/voce-onde-voce-quiser-inovacao-oportunidades-e-relevancia-deram-o-tom-do-upfront-globo-2022\/","og_site_name":"CidadeMarketing","article_publisher":"https:\/\/www.facebook.com\/portalcidademarketing","article_author":"https:\/\/www.facebook.com\/thalesbrandao","article_published_time":"2021-10-30T02:23:25+00:00","article_modified_time":"2021-10-30T02:23:27+00:00","og_image":[{"width":2560,"height":1707,"url":"https:\/\/www.cidademarketing.com.br\/marketing\/wp-content\/uploads\/2021\/10\/Marcelo-Ligere-diretor-de-Negocios-Multisetorial-da-Globo-Erico-Bras-e...-scaled.jpg","type":"image\/jpeg"}],"author":"Thales Brand\u00e3o","twitter_card":"summary_large_image","twitter_creator":"@http:\/\/www.twitter.com\/thalesbrandao","twitter_site":"@CidadeMarketing","twitter_misc":{"Escrito por":"Thales Brand\u00e3o","Est. tempo de leitura":"16 minutos"},"schema":{"@context":"https:\/\/schema.org","@graph":[{"@type":"Article","@id":"https:\/\/www.cidademarketing.com.br\/marketing\/2021\/10\/29\/voce-onde-voce-quiser-inovacao-oportunidades-e-relevancia-deram-o-tom-do-upfront-globo-2022\/#article","isPartOf":{"@id":"https:\/\/www.cidademarketing.com.br\/marketing\/2021\/10\/29\/voce-onde-voce-quiser-inovacao-oportunidades-e-relevancia-deram-o-tom-do-upfront-globo-2022\/"},"author":{"name":"Thales Brand\u00e3o","@id":"https:\/\/www.cidademarketing.com.br\/marketing\/#\/schema\/person\/02daff9f18bd9378c9e01eb6b2db155f"},"headline":"Voc\u00ea onde voc\u00ea quiser: inova\u00e7\u00e3o, oportunidades e relev\u00e2ncia deram o tom do Upfront Globo 2022","datePublished":"2021-10-30T02:23:25+00:00","dateModified":"2021-10-30T02:23:27+00:00","mainEntityOfPage":{"@id":"https:\/\/www.cidademarketing.com.br\/marketing\/2021\/10\/29\/voce-onde-voce-quiser-inovacao-oportunidades-e-relevancia-deram-o-tom-do-upfront-globo-2022\/"},"wordCount":3189,"commentCount":0,"publisher":{"@id":"https:\/\/www.cidademarketing.com.br\/marketing\/#organization"},"image":{"@id":"https:\/\/www.cidademarketing.com.br\/marketing\/2021\/10\/29\/voce-onde-voce-quiser-inovacao-oportunidades-e-relevancia-deram-o-tom-do-upfront-globo-2022\/#primaryimage"},"thumbnailUrl":"https:\/\/www.cidademarketing.com.br\/marketing\/wp-content\/uploads\/2021\/10\/Marcelo-Ligere-diretor-de-Negocios-Multisetorial-da-Globo-Erico-Bras-e...-scaled.jpg","keywords":["comunica\u00e7\u00e3o","estrat\u00e9gia","Globo","marketing","televis\u00e3o","TV Globo"],"articleSection":["Not\u00edcias"],"inLanguage":"pt-BR","potentialAction":[{"@type":"CommentAction","name":"Comment","target":["https:\/\/www.cidademarketing.com.br\/marketing\/2021\/10\/29\/voce-onde-voce-quiser-inovacao-oportunidades-e-relevancia-deram-o-tom-do-upfront-globo-2022\/#respond"]}]},{"@type":"WebPage","@id":"https:\/\/www.cidademarketing.com.br\/marketing\/2021\/10\/29\/voce-onde-voce-quiser-inovacao-oportunidades-e-relevancia-deram-o-tom-do-upfront-globo-2022\/","url":"https:\/\/www.cidademarketing.com.br\/marketing\/2021\/10\/29\/voce-onde-voce-quiser-inovacao-oportunidades-e-relevancia-deram-o-tom-do-upfront-globo-2022\/","name":"Voc\u00ea onde voc\u00ea quiser: inova\u00e7\u00e3o, oportunidades e relev\u00e2ncia deram o tom do Upfront Globo 2022 - CidadeMarketing","isPartOf":{"@id":"https:\/\/www.cidademarketing.com.br\/marketing\/#website"},"primaryImageOfPage":{"@id":"https:\/\/www.cidademarketing.com.br\/marketing\/2021\/10\/29\/voce-onde-voce-quiser-inovacao-oportunidades-e-relevancia-deram-o-tom-do-upfront-globo-2022\/#primaryimage"},"image":{"@id":"https:\/\/www.cidademarketing.com.br\/marketing\/2021\/10\/29\/voce-onde-voce-quiser-inovacao-oportunidades-e-relevancia-deram-o-tom-do-upfront-globo-2022\/#primaryimage"},"thumbnailUrl":"https:\/\/www.cidademarketing.com.br\/marketing\/wp-content\/uploads\/2021\/10\/Marcelo-Ligere-diretor-de-Negocios-Multisetorial-da-Globo-Erico-Bras-e...-scaled.jpg","datePublished":"2021-10-30T02:23:25+00:00","dateModified":"2021-10-30T02:23:27+00:00","breadcrumb":{"@id":"https:\/\/www.cidademarketing.com.br\/marketing\/2021\/10\/29\/voce-onde-voce-quiser-inovacao-oportunidades-e-relevancia-deram-o-tom-do-upfront-globo-2022\/#breadcrumb"},"inLanguage":"pt-BR","potentialAction":[{"@type":"ReadAction","target":["https:\/\/www.cidademarketing.com.br\/marketing\/2021\/10\/29\/voce-onde-voce-quiser-inovacao-oportunidades-e-relevancia-deram-o-tom-do-upfront-globo-2022\/"]}]},{"@type":"ImageObject","inLanguage":"pt-BR","@id":"https:\/\/www.cidademarketing.com.br\/marketing\/2021\/10\/29\/voce-onde-voce-quiser-inovacao-oportunidades-e-relevancia-deram-o-tom-do-upfront-globo-2022\/#primaryimage","url":"https:\/\/www.cidademarketing.com.br\/marketing\/wp-content\/uploads\/2021\/10\/Marcelo-Ligere-diretor-de-Negocios-Multisetorial-da-Globo-Erico-Bras-e...-scaled.jpg","contentUrl":"https:\/\/www.cidademarketing.com.br\/marketing\/wp-content\/uploads\/2021\/10\/Marcelo-Ligere-diretor-de-Negocios-Multisetorial-da-Globo-Erico-Bras-e...-scaled.jpg","width":2560,"height":1707,"caption":"Globo\/Maur\u00edcio Fidalgo"},{"@type":"BreadcrumbList","@id":"https:\/\/www.cidademarketing.com.br\/marketing\/2021\/10\/29\/voce-onde-voce-quiser-inovacao-oportunidades-e-relevancia-deram-o-tom-do-upfront-globo-2022\/#breadcrumb","itemListElement":[{"@type":"ListItem","position":1,"name":"In\u00edcio","item":"https:\/\/www.cidademarketing.com.br\/marketing\/"},{"@type":"ListItem","position":2,"name":"Voc\u00ea onde voc\u00ea quiser: inova\u00e7\u00e3o, oportunidades e relev\u00e2ncia deram o tom do Upfront Globo 2022"}]},{"@type":"WebSite","@id":"https:\/\/www.cidademarketing.com.br\/marketing\/#website","url":"https:\/\/www.cidademarketing.com.br\/marketing\/","name":"CidadeMarketing","description":"Somos um ve\u00edculo de comunica\u00e7\u00e3o de destaque no Brasil, reconhecido por conte\u00fados nos segmentos de marketing, empreendedorismo e inova\u00e7\u00e3o.","publisher":{"@id":"https:\/\/www.cidademarketing.com.br\/marketing\/#organization"},"alternateName":"CidadeMarketing","potentialAction":[{"@type":"SearchAction","target":{"@type":"EntryPoint","urlTemplate":"https:\/\/www.cidademarketing.com.br\/marketing\/?s={search_term_string}"},"query-input":{"@type":"PropertyValueSpecification","valueRequired":true,"valueName":"search_term_string"}}],"inLanguage":"pt-BR"},{"@type":"Organization","@id":"https:\/\/www.cidademarketing.com.br\/marketing\/#organization","name":"CidadeMarketing","alternateName":"CidadeMarketing","url":"https:\/\/www.cidademarketing.com.br\/marketing\/","logo":{"@type":"ImageObject","inLanguage":"pt-BR","@id":"https:\/\/www.cidademarketing.com.br\/marketing\/#\/schema\/logo\/image\/","url":"https:\/\/www.cidademarketing.com.br\/marketing\/wp-content\/uploads\/2020\/01\/cidademarketing_marca_mobile.png","contentUrl":"https:\/\/www.cidademarketing.com.br\/marketing\/wp-content\/uploads\/2020\/01\/cidademarketing_marca_mobile.png","width":230,"height":92,"caption":"CidadeMarketing"},"image":{"@id":"https:\/\/www.cidademarketing.com.br\/marketing\/#\/schema\/logo\/image\/"},"sameAs":["https:\/\/www.facebook.com\/portalcidademarketing","https:\/\/x.com\/CidadeMarketing","https:\/\/www.instagram.com\/cidademarketing\/"]},{"@type":"Person","@id":"https:\/\/www.cidademarketing.com.br\/marketing\/#\/schema\/person\/02daff9f18bd9378c9e01eb6b2db155f","name":"Thales Brand\u00e3o","image":{"@type":"ImageObject","inLanguage":"pt-BR","@id":"https:\/\/secure.gravatar.com\/avatar\/7ca3206950207cc3cb48feec56a8a7898741ab725c368d99d5d7a5a50aab80c6?s=96&d=mm&r=g","url":"https:\/\/secure.gravatar.com\/avatar\/7ca3206950207cc3cb48feec56a8a7898741ab725c368d99d5d7a5a50aab80c6?s=96&d=mm&r=g","contentUrl":"https:\/\/secure.gravatar.com\/avatar\/7ca3206950207cc3cb48feec56a8a7898741ab725c368d99d5d7a5a50aab80c6?s=96&d=mm&r=g","caption":"Thales Brand\u00e3o"},"description":"Editor Executivo do Portal CidadeMarketing.com.br &gt; Mestre em Comunica\u00e7\u00e3o e Sociedade pela Universidade Federal de Sergipe. Possui MBA Executivo em Administra\u00e7\u00e3o com \u00eanfase em Marketing pela Funda\u00e7\u00e3o Get\u00falio Vargas - Rio de Janeiro. Consultor, Palestrante e Pesquisador sobre Empreendedorismo, Marketing, Redes Sociais e Neg\u00f3cios Digitais. Professor, Palestrante TedxTalks e Campus Party. Twitter: @ThalesBrandao","sameAs":["http:\/\/www.mandacaru.com.br","https:\/\/www.facebook.com\/thalesbrandao","http:\/\/www.instagram.com.br\/thalesbrandaoferreira","https:\/\/www.linkedin.com\/in\/thales-brand\u00e3o-3948609\/","https:\/\/x.com\/http:\/\/www.twitter.com\/thalesbrandao"],"url":"https:\/\/www.cidademarketing.com.br\/marketing\/author\/thalesbrandao\/"}]}},"amp_enabled":true,"_links":{"self":[{"href":"https:\/\/www.cidademarketing.com.br\/marketing\/wp-json\/wp\/v2\/posts\/31144","targetHints":{"allow":["GET"]}}],"collection":[{"href":"https:\/\/www.cidademarketing.com.br\/marketing\/wp-json\/wp\/v2\/posts"}],"about":[{"href":"https:\/\/www.cidademarketing.com.br\/marketing\/wp-json\/wp\/v2\/types\/post"}],"author":[{"embeddable":true,"href":"https:\/\/www.cidademarketing.com.br\/marketing\/wp-json\/wp\/v2\/users\/1"}],"replies":[{"embeddable":true,"href":"https:\/\/www.cidademarketing.com.br\/marketing\/wp-json\/wp\/v2\/comments?post=31144"}],"version-history":[{"count":1,"href":"https:\/\/www.cidademarketing.com.br\/marketing\/wp-json\/wp\/v2\/posts\/31144\/revisions"}],"predecessor-version":[{"id":31157,"href":"https:\/\/www.cidademarketing.com.br\/marketing\/wp-json\/wp\/v2\/posts\/31144\/revisions\/31157"}],"wp:featuredmedia":[{"embeddable":true,"href":"https:\/\/www.cidademarketing.com.br\/marketing\/wp-json\/wp\/v2\/media\/31152"}],"wp:attachment":[{"href":"https:\/\/www.cidademarketing.com.br\/marketing\/wp-json\/wp\/v2\/media?parent=31144"}],"wp:term":[{"taxonomy":"category","embeddable":true,"href":"https:\/\/www.cidademarketing.com.br\/marketing\/wp-json\/wp\/v2\/categories?post=31144"},{"taxonomy":"post_tag","embeddable":true,"href":"https:\/\/www.cidademarketing.com.br\/marketing\/wp-json\/wp\/v2\/tags?post=31144"}],"curies":[{"name":"wp","href":"https:\/\/api.w.org\/{rel}","templated":true}]}}