{"id":31090,"date":"2021-10-28T22:57:16","date_gmt":"2021-10-29T01:57:16","guid":{"rendered":"https:\/\/www.cidademarketing.com.br\/marketing\/?p=31090"},"modified":"2021-10-28T22:57:19","modified_gmt":"2021-10-29T01:57:19","slug":"natal-do-bradesco-desvendera-o-segredo-das-janelas-do-palacio-avenida","status":"publish","type":"post","link":"https:\/\/www.cidademarketing.com.br\/marketing\/2021\/10\/28\/natal-do-bradesco-desvendera-o-segredo-das-janelas-do-palacio-avenida\/","title":{"rendered":"Natal do Bradesco desvender\u00e1 o segredo das janelas do Pal\u00e1cio Avenida"},"content":{"rendered":"\n<p><\/p><iframe src=\"https:\/\/open.spotify.com\/embed\/show\/4khMKzP3FgFRWVwb73xicc\" width=\"100%\" height=\"232\" frameBorder=\"0\" allowtransparency=\"true\" allow=\"encrypted-media\"><\/iframe>\t\n\n\n\n\n<p>O fim do ano vem chegando e com ele os preparativos para o encantador espet\u00e1culo de Natal do Pal\u00e1cio Avenida em Curitiba. Com o tema \u201cO Segredo das Janelas, O Natal da Esperan\u00e7a\u201d, a 31\u00aa edi\u00e7\u00e3o da apresenta\u00e7\u00e3o prev\u00ea uma aventura musical com participa\u00e7\u00e3o de Carlinhos Brown, a ser transmitida no dia 18 de dezembro nos canais do YouTube do banco e do Teatro Bradesco.\u00a0<\/p>\n\n\n\n<p>Para atender as normas de distanciamento social ainda vigentes, o espet\u00e1culo segue em formato virtual pelo segundo ano consecutivo. O Natal do Pal\u00e1cio Avenida \u00e9 um show de grande porte e, como recebe milhares de pessoas a cada noite, n\u00e3o se enquadraria nos formatos de eventos culturais j\u00e1 liberados. Al\u00e9m disso, por sua caracter\u00edstica de espet\u00e1culo de rua, n\u00e3o seria poss\u00edvel seguir protocolos sanit\u00e1rios.\u00a0<\/p>\n\n\n\n<figure class=\"wp-block-gallery columns-3 is-cropped wp-block-gallery-1 is-layout-flex wp-block-gallery-is-layout-flex\"><ul class=\"blocks-gallery-grid\"><li class=\"blocks-gallery-item\"><figure><img fetchpriority=\"high\" decoding=\"async\" width=\"1024\" height=\"627\" src=\"https:\/\/www.cidademarketing.com.br\/marketing\/wp-content\/uploads\/2021\/10\/Ator-Agyei-Augusto_Divulgacao-1024x627.jpg\" alt=\"\" data-id=\"31092\" data-full-url=\"https:\/\/www.cidademarketing.com.br\/marketing\/wp-content\/uploads\/2021\/10\/Ator-Agyei-Augusto_Divulgacao-scaled.jpg\" data-link=\"https:\/\/www.cidademarketing.com.br\/marketing\/?attachment_id=31092\" class=\"wp-image-31092\" srcset=\"https:\/\/www.cidademarketing.com.br\/marketing\/wp-content\/uploads\/2021\/10\/Ator-Agyei-Augusto_Divulgacao-1024x627.jpg 1024w, https:\/\/www.cidademarketing.com.br\/marketing\/wp-content\/uploads\/2021\/10\/Ator-Agyei-Augusto_Divulgacao-300x184.jpg 300w, https:\/\/www.cidademarketing.com.br\/marketing\/wp-content\/uploads\/2021\/10\/Ator-Agyei-Augusto_Divulgacao-768x471.jpg 768w, https:\/\/www.cidademarketing.com.br\/marketing\/wp-content\/uploads\/2021\/10\/Ator-Agyei-Augusto_Divulgacao-1536x941.jpg 1536w, https:\/\/www.cidademarketing.com.br\/marketing\/wp-content\/uploads\/2021\/10\/Ator-Agyei-Augusto_Divulgacao-2048x1255.jpg 2048w, https:\/\/www.cidademarketing.com.br\/marketing\/wp-content\/uploads\/2021\/10\/Ator-Agyei-Augusto_Divulgacao-686x420.jpg 686w, https:\/\/www.cidademarketing.com.br\/marketing\/wp-content\/uploads\/2021\/10\/Ator-Agyei-Augusto_Divulgacao-640x392.jpg 640w, https:\/\/www.cidademarketing.com.br\/marketing\/wp-content\/uploads\/2021\/10\/Ator-Agyei-Augusto_Divulgacao-681x417.jpg 681w\" sizes=\"(max-width: 1024px) 100vw, 1024px\" \/><\/figure><\/li><li class=\"blocks-gallery-item\"><figure><img decoding=\"async\" width=\"1000\" height=\"563\" src=\"https:\/\/www.cidademarketing.com.br\/marketing\/wp-content\/uploads\/2021\/10\/Carlinhos-Brown-e-criancas-coralistas_Divulgacao.jpg\" alt=\"\" data-id=\"31093\" data-full-url=\"https:\/\/www.cidademarketing.com.br\/marketing\/wp-content\/uploads\/2021\/10\/Carlinhos-Brown-e-criancas-coralistas_Divulgacao.jpg\" data-link=\"https:\/\/www.cidademarketing.com.br\/marketing\/?attachment_id=31093\" class=\"wp-image-31093\" srcset=\"https:\/\/www.cidademarketing.com.br\/marketing\/wp-content\/uploads\/2021\/10\/Carlinhos-Brown-e-criancas-coralistas_Divulgacao.jpg 1000w, https:\/\/www.cidademarketing.com.br\/marketing\/wp-content\/uploads\/2021\/10\/Carlinhos-Brown-e-criancas-coralistas_Divulgacao-300x169.jpg 300w, https:\/\/www.cidademarketing.com.br\/marketing\/wp-content\/uploads\/2021\/10\/Carlinhos-Brown-e-criancas-coralistas_Divulgacao-768x432.jpg 768w, https:\/\/www.cidademarketing.com.br\/marketing\/wp-content\/uploads\/2021\/10\/Carlinhos-Brown-e-criancas-coralistas_Divulgacao-746x420.jpg 746w, https:\/\/www.cidademarketing.com.br\/marketing\/wp-content\/uploads\/2021\/10\/Carlinhos-Brown-e-criancas-coralistas_Divulgacao-640x360.jpg 640w, https:\/\/www.cidademarketing.com.br\/marketing\/wp-content\/uploads\/2021\/10\/Carlinhos-Brown-e-criancas-coralistas_Divulgacao-681x383.jpg 681w\" sizes=\"(max-width: 1000px) 100vw, 1000px\" \/><\/figure><\/li><li class=\"blocks-gallery-item\"><figure><img decoding=\"async\" width=\"1000\" height=\"563\" src=\"https:\/\/www.cidademarketing.com.br\/marketing\/wp-content\/uploads\/2021\/10\/Carlinhos-Brown_Divulgacao.jpg\" alt=\"\" data-id=\"31094\" data-full-url=\"https:\/\/www.cidademarketing.com.br\/marketing\/wp-content\/uploads\/2021\/10\/Carlinhos-Brown_Divulgacao.jpg\" data-link=\"https:\/\/www.cidademarketing.com.br\/marketing\/?attachment_id=31094\" class=\"wp-image-31094\" srcset=\"https:\/\/www.cidademarketing.com.br\/marketing\/wp-content\/uploads\/2021\/10\/Carlinhos-Brown_Divulgacao.jpg 1000w, https:\/\/www.cidademarketing.com.br\/marketing\/wp-content\/uploads\/2021\/10\/Carlinhos-Brown_Divulgacao-300x169.jpg 300w, https:\/\/www.cidademarketing.com.br\/marketing\/wp-content\/uploads\/2021\/10\/Carlinhos-Brown_Divulgacao-768x432.jpg 768w, https:\/\/www.cidademarketing.com.br\/marketing\/wp-content\/uploads\/2021\/10\/Carlinhos-Brown_Divulgacao-746x420.jpg 746w, https:\/\/www.cidademarketing.com.br\/marketing\/wp-content\/uploads\/2021\/10\/Carlinhos-Brown_Divulgacao-640x360.jpg 640w, https:\/\/www.cidademarketing.com.br\/marketing\/wp-content\/uploads\/2021\/10\/Carlinhos-Brown_Divulgacao-681x383.jpg 681w\" sizes=\"(max-width: 1000px) 100vw, 1000px\" \/><\/figure><\/li><li class=\"blocks-gallery-item\"><figure><img loading=\"lazy\" decoding=\"async\" width=\"667\" height=\"1000\" src=\"https:\/\/www.cidademarketing.com.br\/marketing\/wp-content\/uploads\/2021\/10\/Diretor-de-Criacao-Ricardo-Rizzo_Divulgacao.jpg\" alt=\"\" data-id=\"31095\" data-full-url=\"https:\/\/www.cidademarketing.com.br\/marketing\/wp-content\/uploads\/2021\/10\/Diretor-de-Criacao-Ricardo-Rizzo_Divulgacao.jpg\" data-link=\"https:\/\/www.cidademarketing.com.br\/marketing\/?attachment_id=31095\" class=\"wp-image-31095\" srcset=\"https:\/\/www.cidademarketing.com.br\/marketing\/wp-content\/uploads\/2021\/10\/Diretor-de-Criacao-Ricardo-Rizzo_Divulgacao.jpg 667w, https:\/\/www.cidademarketing.com.br\/marketing\/wp-content\/uploads\/2021\/10\/Diretor-de-Criacao-Ricardo-Rizzo_Divulgacao-200x300.jpg 200w, https:\/\/www.cidademarketing.com.br\/marketing\/wp-content\/uploads\/2021\/10\/Diretor-de-Criacao-Ricardo-Rizzo_Divulgacao-280x420.jpg 280w, https:\/\/www.cidademarketing.com.br\/marketing\/wp-content\/uploads\/2021\/10\/Diretor-de-Criacao-Ricardo-Rizzo_Divulgacao-640x960.jpg 640w\" sizes=\"(max-width: 667px) 100vw, 667px\" \/><\/figure><\/li><li class=\"blocks-gallery-item\"><figure><img loading=\"lazy\" decoding=\"async\" width=\"1000\" height=\"563\" src=\"https:\/\/www.cidademarketing.com.br\/marketing\/wp-content\/uploads\/2021\/10\/Maestrina-Dulce-Primo-e-criancas-coralistas.jpg\" alt=\"\" data-id=\"31096\" data-full-url=\"https:\/\/www.cidademarketing.com.br\/marketing\/wp-content\/uploads\/2021\/10\/Maestrina-Dulce-Primo-e-criancas-coralistas.jpg\" data-link=\"https:\/\/www.cidademarketing.com.br\/marketing\/?attachment_id=31096\" class=\"wp-image-31096\" srcset=\"https:\/\/www.cidademarketing.com.br\/marketing\/wp-content\/uploads\/2021\/10\/Maestrina-Dulce-Primo-e-criancas-coralistas.jpg 1000w, https:\/\/www.cidademarketing.com.br\/marketing\/wp-content\/uploads\/2021\/10\/Maestrina-Dulce-Primo-e-criancas-coralistas-300x169.jpg 300w, https:\/\/www.cidademarketing.com.br\/marketing\/wp-content\/uploads\/2021\/10\/Maestrina-Dulce-Primo-e-criancas-coralistas-768x432.jpg 768w, https:\/\/www.cidademarketing.com.br\/marketing\/wp-content\/uploads\/2021\/10\/Maestrina-Dulce-Primo-e-criancas-coralistas-746x420.jpg 746w, https:\/\/www.cidademarketing.com.br\/marketing\/wp-content\/uploads\/2021\/10\/Maestrina-Dulce-Primo-e-criancas-coralistas-640x360.jpg 640w, https:\/\/www.cidademarketing.com.br\/marketing\/wp-content\/uploads\/2021\/10\/Maestrina-Dulce-Primo-e-criancas-coralistas-681x383.jpg 681w\" sizes=\"(max-width: 1000px) 100vw, 1000px\" \/><\/figure><\/li><li class=\"blocks-gallery-item\"><figure><img loading=\"lazy\" decoding=\"async\" width=\"1000\" height=\"563\" src=\"https:\/\/www.cidademarketing.com.br\/marketing\/wp-content\/uploads\/2021\/10\/Maestrina-Dulce-Primo_Divulgacao.jpg\" alt=\"\" data-id=\"31097\" data-full-url=\"https:\/\/www.cidademarketing.com.br\/marketing\/wp-content\/uploads\/2021\/10\/Maestrina-Dulce-Primo_Divulgacao.jpg\" data-link=\"https:\/\/www.cidademarketing.com.br\/marketing\/?attachment_id=31097\" class=\"wp-image-31097\" srcset=\"https:\/\/www.cidademarketing.com.br\/marketing\/wp-content\/uploads\/2021\/10\/Maestrina-Dulce-Primo_Divulgacao.jpg 1000w, https:\/\/www.cidademarketing.com.br\/marketing\/wp-content\/uploads\/2021\/10\/Maestrina-Dulce-Primo_Divulgacao-300x169.jpg 300w, https:\/\/www.cidademarketing.com.br\/marketing\/wp-content\/uploads\/2021\/10\/Maestrina-Dulce-Primo_Divulgacao-768x432.jpg 768w, https:\/\/www.cidademarketing.com.br\/marketing\/wp-content\/uploads\/2021\/10\/Maestrina-Dulce-Primo_Divulgacao-746x420.jpg 746w, https:\/\/www.cidademarketing.com.br\/marketing\/wp-content\/uploads\/2021\/10\/Maestrina-Dulce-Primo_Divulgacao-640x360.jpg 640w, https:\/\/www.cidademarketing.com.br\/marketing\/wp-content\/uploads\/2021\/10\/Maestrina-Dulce-Primo_Divulgacao-681x383.jpg 681w\" sizes=\"(max-width: 1000px) 100vw, 1000px\" \/><\/figure><\/li><li class=\"blocks-gallery-item\"><figure><img loading=\"lazy\" decoding=\"async\" width=\"1024\" height=\"576\" src=\"https:\/\/www.cidademarketing.com.br\/marketing\/wp-content\/uploads\/2021\/10\/Natal-do-Palacio-Avenida-2021_Divulgacao-1024x576.jpg\" alt=\"\" data-id=\"31098\" data-full-url=\"https:\/\/www.cidademarketing.com.br\/marketing\/wp-content\/uploads\/2021\/10\/Natal-do-Palacio-Avenida-2021_Divulgacao.jpg\" data-link=\"https:\/\/www.cidademarketing.com.br\/marketing\/?attachment_id=31098\" class=\"wp-image-31098\" srcset=\"https:\/\/www.cidademarketing.com.br\/marketing\/wp-content\/uploads\/2021\/10\/Natal-do-Palacio-Avenida-2021_Divulgacao-1024x576.jpg 1024w, https:\/\/www.cidademarketing.com.br\/marketing\/wp-content\/uploads\/2021\/10\/Natal-do-Palacio-Avenida-2021_Divulgacao-300x169.jpg 300w, https:\/\/www.cidademarketing.com.br\/marketing\/wp-content\/uploads\/2021\/10\/Natal-do-Palacio-Avenida-2021_Divulgacao-768x432.jpg 768w, https:\/\/www.cidademarketing.com.br\/marketing\/wp-content\/uploads\/2021\/10\/Natal-do-Palacio-Avenida-2021_Divulgacao-1536x864.jpg 1536w, https:\/\/www.cidademarketing.com.br\/marketing\/wp-content\/uploads\/2021\/10\/Natal-do-Palacio-Avenida-2021_Divulgacao-2048x1152.jpg 2048w, https:\/\/www.cidademarketing.com.br\/marketing\/wp-content\/uploads\/2021\/10\/Natal-do-Palacio-Avenida-2021_Divulgacao-747x420.jpg 747w, https:\/\/www.cidademarketing.com.br\/marketing\/wp-content\/uploads\/2021\/10\/Natal-do-Palacio-Avenida-2021_Divulgacao-640x360.jpg 640w, https:\/\/www.cidademarketing.com.br\/marketing\/wp-content\/uploads\/2021\/10\/Natal-do-Palacio-Avenida-2021_Divulgacao-681x383.jpg 681w\" sizes=\"(max-width: 1024px) 100vw, 1024px\" \/><\/figure><\/li><li class=\"blocks-gallery-item\"><figure><img loading=\"lazy\" decoding=\"async\" width=\"1000\" height=\"667\" src=\"https:\/\/www.cidademarketing.com.br\/marketing\/wp-content\/uploads\/2021\/10\/Porta-vozes-na-Coletiva-de-Imprensa.jpg\" alt=\"\" data-id=\"31099\" data-full-url=\"https:\/\/www.cidademarketing.com.br\/marketing\/wp-content\/uploads\/2021\/10\/Porta-vozes-na-Coletiva-de-Imprensa.jpg\" data-link=\"https:\/\/www.cidademarketing.com.br\/marketing\/?attachment_id=31099\" class=\"wp-image-31099\" srcset=\"https:\/\/www.cidademarketing.com.br\/marketing\/wp-content\/uploads\/2021\/10\/Porta-vozes-na-Coletiva-de-Imprensa.jpg 1000w, https:\/\/www.cidademarketing.com.br\/marketing\/wp-content\/uploads\/2021\/10\/Porta-vozes-na-Coletiva-de-Imprensa-300x200.jpg 300w, https:\/\/www.cidademarketing.com.br\/marketing\/wp-content\/uploads\/2021\/10\/Porta-vozes-na-Coletiva-de-Imprensa-768x512.jpg 768w, https:\/\/www.cidademarketing.com.br\/marketing\/wp-content\/uploads\/2021\/10\/Porta-vozes-na-Coletiva-de-Imprensa-630x420.jpg 630w, https:\/\/www.cidademarketing.com.br\/marketing\/wp-content\/uploads\/2021\/10\/Porta-vozes-na-Coletiva-de-Imprensa-640x427.jpg 640w, https:\/\/www.cidademarketing.com.br\/marketing\/wp-content\/uploads\/2021\/10\/Porta-vozes-na-Coletiva-de-Imprensa-681x454.jpg 681w\" sizes=\"(max-width: 1000px) 100vw, 1000px\" \/><\/figure><\/li><\/ul><\/figure>\n\n\n\n<p><\/p>\n\n\n\n<p>O enredo deste ano ser\u00e1 repleto de m\u00fasica, divers\u00e3o e esperan\u00e7a de dias melhores para todos. A fant\u00e1stica aventura \u00e9 protagonizada pelo personagem Pedro, um garoto sonhador e curioso, interpretado pelo ator mirim Agyei Augusto. Andando nas proximidades do Pal\u00e1cio Avenida, Pedro se depara com as ruas vazias e as janelas do edif\u00edcio fechadas, e logo se questiona se o encanto do Natal estaria perdido para sempre.&nbsp;<\/p>\n\n\n\n<p>Quando ent\u00e3o, como num sopro inesperado, surge Brown, o guardi\u00e3o do Pal\u00e1cio Avenida, para revelar ao menino os grandes segredos por tr\u00e1s das janelas e convid\u00e1-lo para uma jornada inesquec\u00edvel. Nela, as crian\u00e7as coralistas do Programa Educa\u00e7\u00e3o representar\u00e3o a esperan\u00e7a, a chama que mant\u00e9m o esp\u00edrito de Natal presente durante o ano inteiro, cantando diversas m\u00fasicas em cenas gravadas em suas institui\u00e7\u00f5es de acolhimento.&nbsp;<\/p>\n\n\n\n<p>\u201cMais do que nunca, neste momento \u00e9 preciso priorizar a seguran\u00e7a e a sa\u00fade das pessoas. Importante ressaltar que a op\u00e7\u00e3o pelo espet\u00e1culo virtual n\u00e3o muda o compromisso do Bradesco em oferecer inova\u00e7\u00e3o e magia para o p\u00fablico. Teremos um especial natalino virtual de alt\u00edssimo n\u00edvel, com recursos audiovisuais impactantes e narrativa emocionante\u201d, explica o diretor de Marketing do banco, M\u00e1rcio Parizotto.&nbsp;<\/p>\n\n\n\n<p>\u201cAinda que tenhamos seguido protocolos r\u00edgidos na produ\u00e7\u00e3o, este ano tivemos um pouco mais de flexibilidade para gravar com as crian\u00e7as, o que vai permitir darmos novamente a elas o protagonismo que sempre tiveram nos espet\u00e1culos. Usando o que h\u00e1 de mais moderno em tecnologia 3D, os coralistas ser\u00e3o inseridos digitalmente em nosso cen\u00e1rio\u201d, explica o diretor de cria\u00e7\u00e3o, Ricardo Rizzo. &nbsp;<\/p>\n\n\n\n<p>Para Carlinhos Brown, artista convidado deste ano, poder falar de esperan\u00e7a e amor, por meio do espet\u00e1culo, \u00e9 um prazer e uma honra. \u201cA esperan\u00e7a, sendo essa chama que mant\u00e9m o esp\u00edrito de Natal aceso o ano inteiro, nos impulsiona a ser melhores, sempre. \u00c9 ela que nos faz acreditar que as mudan\u00e7as s\u00e3o poss\u00edveis, que podemos ser mais generosos e acolhedores como seres humanos, que podemos mudar o mundo verdadeiramente atrav\u00e9s de nossas atitudes e do nosso amor. Quanto mais dividimos, mais nos expandimos. Acredito muito nisso e \u00e9 um prazer fazer parte de um projeto de uma marca que compartilha dessa cren\u00e7a&#8221;, pontua.&nbsp;<\/p>\n\n\n\n<p>Al\u00e9m de um repert\u00f3rio recheado com can\u00e7\u00f5es que estiveram presentes ao longo dos 30 anos de apresenta\u00e7\u00f5es, como \u2018Noite Feliz\u2019 e \u2018Vem Chegando o Natal\u2019, outras letras in\u00e9ditas como \u2018A casa \u00e9 sua\u2019 de Arnaldo Antunes e \u2018Anjo da Guarda\u2019 dos Tribalistas, com arranjos preparados por Brown e pelo m\u00fasico Camilo Carrara, prometem surpreender numa diversidade r\u00edtmica cheia de brasilidade, com mensagens de otimismo, felicidade, amizade e amor.&nbsp;<\/p>\n\n\n\n<p>Com o formato online, o Bradesco democratiza amplamente o evento, levando-o de norte a sul do pa\u00eds gratuitamente. E, para quem mora ou estiver em Curitiba entre dezembro e in\u00edcio de janeiro, um passeio imperd\u00edvel \u00e9 visitar o Pal\u00e1cio Avenida. De 1\u00ba de dezembro a 6 de janeiro, a fachada do edif\u00edcio hist\u00f3rico estar\u00e1 inteira decorada e iluminada, acompanhada de uma trilha musical natalina, permitindo que as pessoas fa\u00e7am fotos e v\u00eddeos. Outra novidade \u00e9 que, tamb\u00e9m a partir de 1\u00ba de dezembro, o repert\u00f3rio do show estar\u00e1 dispon\u00edvel em uma playlist exclusiva no Spotify.&nbsp;<\/p>\n\n\n\n<p><strong>Programa Educa\u00e7\u00e3o: transforma\u00e7\u00e3o social atrav\u00e9s da m\u00fasica<\/strong>&nbsp;&nbsp;<\/p>\n\n\n\n<p>Tradicionalmente, o coral natalino \u00e9 composto por crian\u00e7as e adolescentes de 7 a 12 anos de institui\u00e7\u00f5es de acolhimento apoiadas pelo Programa Educa\u00e7\u00e3o, do Bradesco, que promove desenvolvimento psicossocial atrav\u00e9s da oferta de plano de sa\u00fade e de aulas de educa\u00e7\u00e3o musical.&nbsp;A musicaliza\u00e7\u00e3o normalmente tem in\u00edcio no come\u00e7o do segundo semestre e vai at\u00e9 o fim de outubro. Em novembro, come\u00e7am os ensaios para o espet\u00e1culo de Natal.&nbsp;&nbsp;<\/p>\n\n\n\n<p>Diante da import\u00e2ncia das aulas &#8211; que contribuem para estimular o autoconhecimento, a criatividade, a socializa\u00e7\u00e3o e a intera\u00e7\u00e3o entre os participantes -, o programa segue com seu compromisso junto \u00e0s crian\u00e7as com as atividades de educa\u00e7\u00e3o musical tamb\u00e9m acontecendo de maneira online com a maestrina Dulce Primo, \u00e0 frente do coral h\u00e1 28 anos, e sua equipe.&nbsp;<\/p>\n\n\n\n<p>\u201cO espet\u00e1culo de Natal \u00e9 a coroa\u00e7\u00e3o de um trabalho realizado ao longo do ano. Em 2020, iniciamos esta modalidade de aulas de educa\u00e7\u00e3o musical online que, para nossa alegria, funcionou muito bem e teve continuidade este ano. As crian\u00e7as j\u00e1 est\u00e3o se familiarizando com o repert\u00f3rio do espet\u00e1culo e, em breve, faremos as grava\u00e7\u00f5es. Elas est\u00e3o muito animadas\u201d, conta a maestrina Dulce Primo.&nbsp;<\/p>\n\n\n\n<p><strong>Acessibilidade e inclus\u00e3o social&nbsp;<\/strong><\/p>\n\n\n\n<p>Em linha com o prop\u00f3sito do banco de promover a inclus\u00e3o, a transmiss\u00e3o do Natal do Bradesco no dia 18 de dezembro nos canais do YouTube do banco e do Teatro Bradesco contar\u00e1 com recursos de acessibilidade de tradu\u00e7\u00e3o em Libras e audiodescri\u00e7\u00e3o. O espet\u00e1culo presencial, quando realizado, j\u00e1 oferecia esses recursos.&nbsp;&nbsp;<\/p>\n\n\n\n<p>O Natal do Bradesco 2021 em Curitiba \u00e9 uma produ\u00e7\u00e3o da VOE, com dire\u00e7\u00e3o de cria\u00e7\u00e3o de Ricardo Rizzo, Clara Melo e Delisi\u00e9e Daheb e arranjos de Carlinhos Brown e Camilo Carrara.&nbsp;<\/p>\n\n\n\n<p><strong><u>Servi\u00e7o<\/u>:<\/strong><br><strong><em>O que<\/em><\/strong>: Natal do Bradesco 2021<br><strong><em>Quando<\/em><\/strong>: 18 de dezembro\u00a0<br><strong><em>Hor\u00e1rio<\/em><\/strong>: 20h<br><strong><em>Onde:<\/em><\/strong>\u00a0Canais do YouTube do Bradesco e do Teatro Bradesco\u00a0<br><strong><em>Acessibilidade:<\/em><\/strong>\u00a0tradu\u00e7\u00e3o em Libras e audiodescri\u00e7\u00e3o\u00a0<\/p>\n\n\n\n<p><\/p>\n\n\n\n<p><\/p><iframe allow=\"autoplay *; encrypted-media *; fullscreen *\" frameborder=\"0\" height=\"450\" style=\"width:100%;max-width:660px;overflow:hidden;background:transparent;\" sandbox=\"allow-forms allow-popups allow-same-origin allow-scripts allow-storage-access-by-user-activation allow-top-navigation-by-user-activation\" src=\"https:\/\/embed.podcasts.apple.com\/br\/podcast\/podcast-cidademarketing\/id1371923283\"><\/iframe>\n\n","protected":false},"excerpt":{"rendered":"<p>O fim do ano vem chegando e com ele os preparativos para o encantador espet\u00e1culo de Natal do Pal\u00e1cio Avenida em Curitiba. Com o tema \u201cO Segredo das Janelas, O Natal da Esperan\u00e7a\u201d, a 31\u00aa edi\u00e7\u00e3o da apresenta\u00e7\u00e3o prev\u00ea uma aventura musical com participa\u00e7\u00e3o de Carlinhos Brown, a ser transmitida no dia 18 de dezembro [&hellip;]<\/p>\n","protected":false},"author":1,"featured_media":31091,"comment_status":"open","ping_status":"open","sticky":false,"template":"","format":"standard","meta":{"tdm_status":"","tdm_grid_status":"","footnotes":""},"categories":[6],"tags":[641,65,308,28,669],"class_list":["post-31090","post","type-post","status-publish","format-standard","has-post-thumbnail","hentry","category-noticias","tag-bradesco","tag-campanha","tag-comunicacao","tag-marketing","tag-natal"],"yoast_head":"<!-- This site is optimized with the Yoast SEO plugin v27.5 - https:\/\/yoast.com\/product\/yoast-seo-wordpress\/ -->\n<title>Natal do Bradesco desvender\u00e1 o segredo das janelas do Pal\u00e1cio Avenida - CidadeMarketing<\/title>\n<meta name=\"robots\" content=\"index, follow, max-snippet:-1, max-image-preview:large, max-video-preview:-1\" \/>\n<link rel=\"canonical\" href=\"https:\/\/www.cidademarketing.com.br\/marketing\/2021\/10\/28\/natal-do-bradesco-desvendera-o-segredo-das-janelas-do-palacio-avenida\/\" \/>\n<meta property=\"og:locale\" content=\"pt_BR\" \/>\n<meta property=\"og:type\" content=\"article\" \/>\n<meta property=\"og:title\" content=\"Natal do Bradesco desvender\u00e1 o segredo das janelas do Pal\u00e1cio Avenida - CidadeMarketing\" \/>\n<meta property=\"og:description\" content=\"O fim do ano vem chegando e com ele os preparativos para o encantador espet\u00e1culo de Natal do Pal\u00e1cio Avenida em Curitiba. Com o tema \u201cO Segredo das Janelas, O Natal da Esperan\u00e7a\u201d, a 31\u00aa edi\u00e7\u00e3o da apresenta\u00e7\u00e3o prev\u00ea uma aventura musical com participa\u00e7\u00e3o de Carlinhos Brown, a ser transmitida no dia 18 de dezembro [&hellip;]\" \/>\n<meta property=\"og:url\" content=\"https:\/\/www.cidademarketing.com.br\/marketing\/2021\/10\/28\/natal-do-bradesco-desvendera-o-segredo-das-janelas-do-palacio-avenida\/\" \/>\n<meta property=\"og:site_name\" content=\"CidadeMarketing\" \/>\n<meta property=\"article:publisher\" content=\"https:\/\/www.facebook.com\/portalcidademarketing\" \/>\n<meta property=\"article:author\" content=\"https:\/\/www.facebook.com\/thalesbrandao\" \/>\n<meta property=\"article:published_time\" content=\"2021-10-29T01:57:16+00:00\" \/>\n<meta property=\"article:modified_time\" content=\"2021-10-29T01:57:19+00:00\" \/>\n<meta property=\"og:image\" content=\"https:\/\/www.cidademarketing.com.br\/marketing\/wp-content\/uploads\/2021\/10\/Agyei-Augusto-e-Carlinhos-Brown_Divulgacao.jpg\" \/>\n\t<meta property=\"og:image:width\" content=\"1000\" \/>\n\t<meta property=\"og:image:height\" content=\"563\" \/>\n\t<meta property=\"og:image:type\" content=\"image\/jpeg\" \/>\n<meta name=\"author\" content=\"Thales Brand\u00e3o\" \/>\n<meta name=\"twitter:card\" content=\"summary_large_image\" \/>\n<meta name=\"twitter:creator\" content=\"@http:\/\/www.twitter.com\/thalesbrandao\" \/>\n<meta name=\"twitter:site\" content=\"@CidadeMarketing\" \/>\n<meta name=\"twitter:label1\" content=\"Escrito por\" \/>\n\t<meta name=\"twitter:data1\" content=\"Thales Brand\u00e3o\" \/>\n\t<meta name=\"twitter:label2\" content=\"Est. tempo de leitura\" \/>\n\t<meta name=\"twitter:data2\" content=\"5 minutos\" \/>\n<script type=\"application\/ld+json\" class=\"yoast-schema-graph\">{\"@context\":\"https:\\\/\\\/schema.org\",\"@graph\":[{\"@type\":\"Article\",\"@id\":\"https:\\\/\\\/www.cidademarketing.com.br\\\/marketing\\\/2021\\\/10\\\/28\\\/natal-do-bradesco-desvendera-o-segredo-das-janelas-do-palacio-avenida\\\/#article\",\"isPartOf\":{\"@id\":\"https:\\\/\\\/www.cidademarketing.com.br\\\/marketing\\\/2021\\\/10\\\/28\\\/natal-do-bradesco-desvendera-o-segredo-das-janelas-do-palacio-avenida\\\/\"},\"author\":{\"name\":\"Thales Brand\u00e3o\",\"@id\":\"https:\\\/\\\/www.cidademarketing.com.br\\\/marketing\\\/#\\\/schema\\\/person\\\/02daff9f18bd9378c9e01eb6b2db155f\"},\"headline\":\"Natal do Bradesco desvender\u00e1 o segredo das janelas do Pal\u00e1cio Avenida\",\"datePublished\":\"2021-10-29T01:57:16+00:00\",\"dateModified\":\"2021-10-29T01:57:19+00:00\",\"mainEntityOfPage\":{\"@id\":\"https:\\\/\\\/www.cidademarketing.com.br\\\/marketing\\\/2021\\\/10\\\/28\\\/natal-do-bradesco-desvendera-o-segredo-das-janelas-do-palacio-avenida\\\/\"},\"wordCount\":1094,\"commentCount\":0,\"publisher\":{\"@id\":\"https:\\\/\\\/www.cidademarketing.com.br\\\/marketing\\\/#organization\"},\"image\":{\"@id\":\"https:\\\/\\\/www.cidademarketing.com.br\\\/marketing\\\/2021\\\/10\\\/28\\\/natal-do-bradesco-desvendera-o-segredo-das-janelas-do-palacio-avenida\\\/#primaryimage\"},\"thumbnailUrl\":\"https:\\\/\\\/www.cidademarketing.com.br\\\/marketing\\\/wp-content\\\/uploads\\\/2021\\\/10\\\/Agyei-Augusto-e-Carlinhos-Brown_Divulgacao.jpg\",\"keywords\":[\"Bradesco\",\"campanha\",\"comunica\u00e7\u00e3o\",\"marketing\",\"Natal\"],\"articleSection\":[\"Not\u00edcias\"],\"inLanguage\":\"pt-BR\",\"potentialAction\":[{\"@type\":\"CommentAction\",\"name\":\"Comment\",\"target\":[\"https:\\\/\\\/www.cidademarketing.com.br\\\/marketing\\\/2021\\\/10\\\/28\\\/natal-do-bradesco-desvendera-o-segredo-das-janelas-do-palacio-avenida\\\/#respond\"]}]},{\"@type\":\"WebPage\",\"@id\":\"https:\\\/\\\/www.cidademarketing.com.br\\\/marketing\\\/2021\\\/10\\\/28\\\/natal-do-bradesco-desvendera-o-segredo-das-janelas-do-palacio-avenida\\\/\",\"url\":\"https:\\\/\\\/www.cidademarketing.com.br\\\/marketing\\\/2021\\\/10\\\/28\\\/natal-do-bradesco-desvendera-o-segredo-das-janelas-do-palacio-avenida\\\/\",\"name\":\"Natal do Bradesco desvender\u00e1 o segredo das janelas do Pal\u00e1cio Avenida - CidadeMarketing\",\"isPartOf\":{\"@id\":\"https:\\\/\\\/www.cidademarketing.com.br\\\/marketing\\\/#website\"},\"primaryImageOfPage\":{\"@id\":\"https:\\\/\\\/www.cidademarketing.com.br\\\/marketing\\\/2021\\\/10\\\/28\\\/natal-do-bradesco-desvendera-o-segredo-das-janelas-do-palacio-avenida\\\/#primaryimage\"},\"image\":{\"@id\":\"https:\\\/\\\/www.cidademarketing.com.br\\\/marketing\\\/2021\\\/10\\\/28\\\/natal-do-bradesco-desvendera-o-segredo-das-janelas-do-palacio-avenida\\\/#primaryimage\"},\"thumbnailUrl\":\"https:\\\/\\\/www.cidademarketing.com.br\\\/marketing\\\/wp-content\\\/uploads\\\/2021\\\/10\\\/Agyei-Augusto-e-Carlinhos-Brown_Divulgacao.jpg\",\"datePublished\":\"2021-10-29T01:57:16+00:00\",\"dateModified\":\"2021-10-29T01:57:19+00:00\",\"breadcrumb\":{\"@id\":\"https:\\\/\\\/www.cidademarketing.com.br\\\/marketing\\\/2021\\\/10\\\/28\\\/natal-do-bradesco-desvendera-o-segredo-das-janelas-do-palacio-avenida\\\/#breadcrumb\"},\"inLanguage\":\"pt-BR\",\"potentialAction\":[{\"@type\":\"ReadAction\",\"target\":[\"https:\\\/\\\/www.cidademarketing.com.br\\\/marketing\\\/2021\\\/10\\\/28\\\/natal-do-bradesco-desvendera-o-segredo-das-janelas-do-palacio-avenida\\\/\"]}]},{\"@type\":\"ImageObject\",\"inLanguage\":\"pt-BR\",\"@id\":\"https:\\\/\\\/www.cidademarketing.com.br\\\/marketing\\\/2021\\\/10\\\/28\\\/natal-do-bradesco-desvendera-o-segredo-das-janelas-do-palacio-avenida\\\/#primaryimage\",\"url\":\"https:\\\/\\\/www.cidademarketing.com.br\\\/marketing\\\/wp-content\\\/uploads\\\/2021\\\/10\\\/Agyei-Augusto-e-Carlinhos-Brown_Divulgacao.jpg\",\"contentUrl\":\"https:\\\/\\\/www.cidademarketing.com.br\\\/marketing\\\/wp-content\\\/uploads\\\/2021\\\/10\\\/Agyei-Augusto-e-Carlinhos-Brown_Divulgacao.jpg\",\"width\":1000,\"height\":563},{\"@type\":\"BreadcrumbList\",\"@id\":\"https:\\\/\\\/www.cidademarketing.com.br\\\/marketing\\\/2021\\\/10\\\/28\\\/natal-do-bradesco-desvendera-o-segredo-das-janelas-do-palacio-avenida\\\/#breadcrumb\",\"itemListElement\":[{\"@type\":\"ListItem\",\"position\":1,\"name\":\"In\u00edcio\",\"item\":\"https:\\\/\\\/www.cidademarketing.com.br\\\/marketing\\\/\"},{\"@type\":\"ListItem\",\"position\":2,\"name\":\"Natal do Bradesco desvender\u00e1 o segredo das janelas do Pal\u00e1cio Avenida\"}]},{\"@type\":\"WebSite\",\"@id\":\"https:\\\/\\\/www.cidademarketing.com.br\\\/marketing\\\/#website\",\"url\":\"https:\\\/\\\/www.cidademarketing.com.br\\\/marketing\\\/\",\"name\":\"CidadeMarketing\",\"description\":\"Somos um ve\u00edculo de comunica\u00e7\u00e3o de destaque no Brasil, reconhecido por conte\u00fados nos segmentos de marketing, empreendedorismo e inova\u00e7\u00e3o.\",\"publisher\":{\"@id\":\"https:\\\/\\\/www.cidademarketing.com.br\\\/marketing\\\/#organization\"},\"alternateName\":\"CidadeMarketing\",\"potentialAction\":[{\"@type\":\"SearchAction\",\"target\":{\"@type\":\"EntryPoint\",\"urlTemplate\":\"https:\\\/\\\/www.cidademarketing.com.br\\\/marketing\\\/?s={search_term_string}\"},\"query-input\":{\"@type\":\"PropertyValueSpecification\",\"valueRequired\":true,\"valueName\":\"search_term_string\"}}],\"inLanguage\":\"pt-BR\"},{\"@type\":\"Organization\",\"@id\":\"https:\\\/\\\/www.cidademarketing.com.br\\\/marketing\\\/#organization\",\"name\":\"CidadeMarketing\",\"alternateName\":\"CidadeMarketing\",\"url\":\"https:\\\/\\\/www.cidademarketing.com.br\\\/marketing\\\/\",\"logo\":{\"@type\":\"ImageObject\",\"inLanguage\":\"pt-BR\",\"@id\":\"https:\\\/\\\/www.cidademarketing.com.br\\\/marketing\\\/#\\\/schema\\\/logo\\\/image\\\/\",\"url\":\"https:\\\/\\\/www.cidademarketing.com.br\\\/marketing\\\/wp-content\\\/uploads\\\/2020\\\/01\\\/cidademarketing_marca_mobile.png\",\"contentUrl\":\"https:\\\/\\\/www.cidademarketing.com.br\\\/marketing\\\/wp-content\\\/uploads\\\/2020\\\/01\\\/cidademarketing_marca_mobile.png\",\"width\":230,\"height\":92,\"caption\":\"CidadeMarketing\"},\"image\":{\"@id\":\"https:\\\/\\\/www.cidademarketing.com.br\\\/marketing\\\/#\\\/schema\\\/logo\\\/image\\\/\"},\"sameAs\":[\"https:\\\/\\\/www.facebook.com\\\/portalcidademarketing\",\"https:\\\/\\\/x.com\\\/CidadeMarketing\",\"https:\\\/\\\/www.instagram.com\\\/cidademarketing\\\/\"]},{\"@type\":\"Person\",\"@id\":\"https:\\\/\\\/www.cidademarketing.com.br\\\/marketing\\\/#\\\/schema\\\/person\\\/02daff9f18bd9378c9e01eb6b2db155f\",\"name\":\"Thales Brand\u00e3o\",\"image\":{\"@type\":\"ImageObject\",\"inLanguage\":\"pt-BR\",\"@id\":\"https:\\\/\\\/secure.gravatar.com\\\/avatar\\\/7ca3206950207cc3cb48feec56a8a7898741ab725c368d99d5d7a5a50aab80c6?s=96&d=mm&r=g\",\"url\":\"https:\\\/\\\/secure.gravatar.com\\\/avatar\\\/7ca3206950207cc3cb48feec56a8a7898741ab725c368d99d5d7a5a50aab80c6?s=96&d=mm&r=g\",\"contentUrl\":\"https:\\\/\\\/secure.gravatar.com\\\/avatar\\\/7ca3206950207cc3cb48feec56a8a7898741ab725c368d99d5d7a5a50aab80c6?s=96&d=mm&r=g\",\"caption\":\"Thales Brand\u00e3o\"},\"description\":\"Editor Executivo do Portal CidadeMarketing.com.br &gt; Mestre em Comunica\u00e7\u00e3o e Sociedade pela Universidade Federal de Sergipe. Possui MBA Executivo em Administra\u00e7\u00e3o com \u00eanfase em Marketing pela Funda\u00e7\u00e3o Get\u00falio Vargas - Rio de Janeiro. Consultor, Palestrante e Pesquisador sobre Empreendedorismo, Marketing, Redes Sociais e Neg\u00f3cios Digitais. Professor, Palestrante TedxTalks e Campus Party. Twitter: @ThalesBrandao\",\"sameAs\":[\"http:\\\/\\\/www.mandacaru.com.br\",\"https:\\\/\\\/www.facebook.com\\\/thalesbrandao\",\"http:\\\/\\\/www.instagram.com.br\\\/thalesbrandaoferreira\",\"https:\\\/\\\/www.linkedin.com\\\/in\\\/thales-brand\u00e3o-3948609\\\/\",\"https:\\\/\\\/x.com\\\/http:\\\/\\\/www.twitter.com\\\/thalesbrandao\"],\"url\":\"https:\\\/\\\/www.cidademarketing.com.br\\\/marketing\\\/author\\\/thalesbrandao\\\/\"}]}<\/script>\n<!-- \/ Yoast SEO plugin. -->","yoast_head_json":{"title":"Natal do Bradesco desvender\u00e1 o segredo das janelas do Pal\u00e1cio Avenida - CidadeMarketing","robots":{"index":"index","follow":"follow","max-snippet":"max-snippet:-1","max-image-preview":"max-image-preview:large","max-video-preview":"max-video-preview:-1"},"canonical":"https:\/\/www.cidademarketing.com.br\/marketing\/2021\/10\/28\/natal-do-bradesco-desvendera-o-segredo-das-janelas-do-palacio-avenida\/","og_locale":"pt_BR","og_type":"article","og_title":"Natal do Bradesco desvender\u00e1 o segredo das janelas do Pal\u00e1cio Avenida - CidadeMarketing","og_description":"O fim do ano vem chegando e com ele os preparativos para o encantador espet\u00e1culo de Natal do Pal\u00e1cio Avenida em Curitiba. Com o tema \u201cO Segredo das Janelas, O Natal da Esperan\u00e7a\u201d, a 31\u00aa edi\u00e7\u00e3o da apresenta\u00e7\u00e3o prev\u00ea uma aventura musical com participa\u00e7\u00e3o de Carlinhos Brown, a ser transmitida no dia 18 de dezembro [&hellip;]","og_url":"https:\/\/www.cidademarketing.com.br\/marketing\/2021\/10\/28\/natal-do-bradesco-desvendera-o-segredo-das-janelas-do-palacio-avenida\/","og_site_name":"CidadeMarketing","article_publisher":"https:\/\/www.facebook.com\/portalcidademarketing","article_author":"https:\/\/www.facebook.com\/thalesbrandao","article_published_time":"2021-10-29T01:57:16+00:00","article_modified_time":"2021-10-29T01:57:19+00:00","og_image":[{"width":1000,"height":563,"url":"https:\/\/www.cidademarketing.com.br\/marketing\/wp-content\/uploads\/2021\/10\/Agyei-Augusto-e-Carlinhos-Brown_Divulgacao.jpg","type":"image\/jpeg"}],"author":"Thales Brand\u00e3o","twitter_card":"summary_large_image","twitter_creator":"@http:\/\/www.twitter.com\/thalesbrandao","twitter_site":"@CidadeMarketing","twitter_misc":{"Escrito por":"Thales Brand\u00e3o","Est. tempo de leitura":"5 minutos"},"schema":{"@context":"https:\/\/schema.org","@graph":[{"@type":"Article","@id":"https:\/\/www.cidademarketing.com.br\/marketing\/2021\/10\/28\/natal-do-bradesco-desvendera-o-segredo-das-janelas-do-palacio-avenida\/#article","isPartOf":{"@id":"https:\/\/www.cidademarketing.com.br\/marketing\/2021\/10\/28\/natal-do-bradesco-desvendera-o-segredo-das-janelas-do-palacio-avenida\/"},"author":{"name":"Thales Brand\u00e3o","@id":"https:\/\/www.cidademarketing.com.br\/marketing\/#\/schema\/person\/02daff9f18bd9378c9e01eb6b2db155f"},"headline":"Natal do Bradesco desvender\u00e1 o segredo das janelas do Pal\u00e1cio Avenida","datePublished":"2021-10-29T01:57:16+00:00","dateModified":"2021-10-29T01:57:19+00:00","mainEntityOfPage":{"@id":"https:\/\/www.cidademarketing.com.br\/marketing\/2021\/10\/28\/natal-do-bradesco-desvendera-o-segredo-das-janelas-do-palacio-avenida\/"},"wordCount":1094,"commentCount":0,"publisher":{"@id":"https:\/\/www.cidademarketing.com.br\/marketing\/#organization"},"image":{"@id":"https:\/\/www.cidademarketing.com.br\/marketing\/2021\/10\/28\/natal-do-bradesco-desvendera-o-segredo-das-janelas-do-palacio-avenida\/#primaryimage"},"thumbnailUrl":"https:\/\/www.cidademarketing.com.br\/marketing\/wp-content\/uploads\/2021\/10\/Agyei-Augusto-e-Carlinhos-Brown_Divulgacao.jpg","keywords":["Bradesco","campanha","comunica\u00e7\u00e3o","marketing","Natal"],"articleSection":["Not\u00edcias"],"inLanguage":"pt-BR","potentialAction":[{"@type":"CommentAction","name":"Comment","target":["https:\/\/www.cidademarketing.com.br\/marketing\/2021\/10\/28\/natal-do-bradesco-desvendera-o-segredo-das-janelas-do-palacio-avenida\/#respond"]}]},{"@type":"WebPage","@id":"https:\/\/www.cidademarketing.com.br\/marketing\/2021\/10\/28\/natal-do-bradesco-desvendera-o-segredo-das-janelas-do-palacio-avenida\/","url":"https:\/\/www.cidademarketing.com.br\/marketing\/2021\/10\/28\/natal-do-bradesco-desvendera-o-segredo-das-janelas-do-palacio-avenida\/","name":"Natal do Bradesco desvender\u00e1 o segredo das janelas do Pal\u00e1cio Avenida - CidadeMarketing","isPartOf":{"@id":"https:\/\/www.cidademarketing.com.br\/marketing\/#website"},"primaryImageOfPage":{"@id":"https:\/\/www.cidademarketing.com.br\/marketing\/2021\/10\/28\/natal-do-bradesco-desvendera-o-segredo-das-janelas-do-palacio-avenida\/#primaryimage"},"image":{"@id":"https:\/\/www.cidademarketing.com.br\/marketing\/2021\/10\/28\/natal-do-bradesco-desvendera-o-segredo-das-janelas-do-palacio-avenida\/#primaryimage"},"thumbnailUrl":"https:\/\/www.cidademarketing.com.br\/marketing\/wp-content\/uploads\/2021\/10\/Agyei-Augusto-e-Carlinhos-Brown_Divulgacao.jpg","datePublished":"2021-10-29T01:57:16+00:00","dateModified":"2021-10-29T01:57:19+00:00","breadcrumb":{"@id":"https:\/\/www.cidademarketing.com.br\/marketing\/2021\/10\/28\/natal-do-bradesco-desvendera-o-segredo-das-janelas-do-palacio-avenida\/#breadcrumb"},"inLanguage":"pt-BR","potentialAction":[{"@type":"ReadAction","target":["https:\/\/www.cidademarketing.com.br\/marketing\/2021\/10\/28\/natal-do-bradesco-desvendera-o-segredo-das-janelas-do-palacio-avenida\/"]}]},{"@type":"ImageObject","inLanguage":"pt-BR","@id":"https:\/\/www.cidademarketing.com.br\/marketing\/2021\/10\/28\/natal-do-bradesco-desvendera-o-segredo-das-janelas-do-palacio-avenida\/#primaryimage","url":"https:\/\/www.cidademarketing.com.br\/marketing\/wp-content\/uploads\/2021\/10\/Agyei-Augusto-e-Carlinhos-Brown_Divulgacao.jpg","contentUrl":"https:\/\/www.cidademarketing.com.br\/marketing\/wp-content\/uploads\/2021\/10\/Agyei-Augusto-e-Carlinhos-Brown_Divulgacao.jpg","width":1000,"height":563},{"@type":"BreadcrumbList","@id":"https:\/\/www.cidademarketing.com.br\/marketing\/2021\/10\/28\/natal-do-bradesco-desvendera-o-segredo-das-janelas-do-palacio-avenida\/#breadcrumb","itemListElement":[{"@type":"ListItem","position":1,"name":"In\u00edcio","item":"https:\/\/www.cidademarketing.com.br\/marketing\/"},{"@type":"ListItem","position":2,"name":"Natal do Bradesco desvender\u00e1 o segredo das janelas do Pal\u00e1cio Avenida"}]},{"@type":"WebSite","@id":"https:\/\/www.cidademarketing.com.br\/marketing\/#website","url":"https:\/\/www.cidademarketing.com.br\/marketing\/","name":"CidadeMarketing","description":"Somos um ve\u00edculo de comunica\u00e7\u00e3o de destaque no Brasil, reconhecido por conte\u00fados nos segmentos de marketing, empreendedorismo e inova\u00e7\u00e3o.","publisher":{"@id":"https:\/\/www.cidademarketing.com.br\/marketing\/#organization"},"alternateName":"CidadeMarketing","potentialAction":[{"@type":"SearchAction","target":{"@type":"EntryPoint","urlTemplate":"https:\/\/www.cidademarketing.com.br\/marketing\/?s={search_term_string}"},"query-input":{"@type":"PropertyValueSpecification","valueRequired":true,"valueName":"search_term_string"}}],"inLanguage":"pt-BR"},{"@type":"Organization","@id":"https:\/\/www.cidademarketing.com.br\/marketing\/#organization","name":"CidadeMarketing","alternateName":"CidadeMarketing","url":"https:\/\/www.cidademarketing.com.br\/marketing\/","logo":{"@type":"ImageObject","inLanguage":"pt-BR","@id":"https:\/\/www.cidademarketing.com.br\/marketing\/#\/schema\/logo\/image\/","url":"https:\/\/www.cidademarketing.com.br\/marketing\/wp-content\/uploads\/2020\/01\/cidademarketing_marca_mobile.png","contentUrl":"https:\/\/www.cidademarketing.com.br\/marketing\/wp-content\/uploads\/2020\/01\/cidademarketing_marca_mobile.png","width":230,"height":92,"caption":"CidadeMarketing"},"image":{"@id":"https:\/\/www.cidademarketing.com.br\/marketing\/#\/schema\/logo\/image\/"},"sameAs":["https:\/\/www.facebook.com\/portalcidademarketing","https:\/\/x.com\/CidadeMarketing","https:\/\/www.instagram.com\/cidademarketing\/"]},{"@type":"Person","@id":"https:\/\/www.cidademarketing.com.br\/marketing\/#\/schema\/person\/02daff9f18bd9378c9e01eb6b2db155f","name":"Thales Brand\u00e3o","image":{"@type":"ImageObject","inLanguage":"pt-BR","@id":"https:\/\/secure.gravatar.com\/avatar\/7ca3206950207cc3cb48feec56a8a7898741ab725c368d99d5d7a5a50aab80c6?s=96&d=mm&r=g","url":"https:\/\/secure.gravatar.com\/avatar\/7ca3206950207cc3cb48feec56a8a7898741ab725c368d99d5d7a5a50aab80c6?s=96&d=mm&r=g","contentUrl":"https:\/\/secure.gravatar.com\/avatar\/7ca3206950207cc3cb48feec56a8a7898741ab725c368d99d5d7a5a50aab80c6?s=96&d=mm&r=g","caption":"Thales Brand\u00e3o"},"description":"Editor Executivo do Portal CidadeMarketing.com.br &gt; Mestre em Comunica\u00e7\u00e3o e Sociedade pela Universidade Federal de Sergipe. Possui MBA Executivo em Administra\u00e7\u00e3o com \u00eanfase em Marketing pela Funda\u00e7\u00e3o Get\u00falio Vargas - Rio de Janeiro. Consultor, Palestrante e Pesquisador sobre Empreendedorismo, Marketing, Redes Sociais e Neg\u00f3cios Digitais. Professor, Palestrante TedxTalks e Campus Party. Twitter: @ThalesBrandao","sameAs":["http:\/\/www.mandacaru.com.br","https:\/\/www.facebook.com\/thalesbrandao","http:\/\/www.instagram.com.br\/thalesbrandaoferreira","https:\/\/www.linkedin.com\/in\/thales-brand\u00e3o-3948609\/","https:\/\/x.com\/http:\/\/www.twitter.com\/thalesbrandao"],"url":"https:\/\/www.cidademarketing.com.br\/marketing\/author\/thalesbrandao\/"}]}},"amp_enabled":true,"_links":{"self":[{"href":"https:\/\/www.cidademarketing.com.br\/marketing\/wp-json\/wp\/v2\/posts\/31090","targetHints":{"allow":["GET"]}}],"collection":[{"href":"https:\/\/www.cidademarketing.com.br\/marketing\/wp-json\/wp\/v2\/posts"}],"about":[{"href":"https:\/\/www.cidademarketing.com.br\/marketing\/wp-json\/wp\/v2\/types\/post"}],"author":[{"embeddable":true,"href":"https:\/\/www.cidademarketing.com.br\/marketing\/wp-json\/wp\/v2\/users\/1"}],"replies":[{"embeddable":true,"href":"https:\/\/www.cidademarketing.com.br\/marketing\/wp-json\/wp\/v2\/comments?post=31090"}],"version-history":[{"count":1,"href":"https:\/\/www.cidademarketing.com.br\/marketing\/wp-json\/wp\/v2\/posts\/31090\/revisions"}],"predecessor-version":[{"id":31100,"href":"https:\/\/www.cidademarketing.com.br\/marketing\/wp-json\/wp\/v2\/posts\/31090\/revisions\/31100"}],"wp:featuredmedia":[{"embeddable":true,"href":"https:\/\/www.cidademarketing.com.br\/marketing\/wp-json\/wp\/v2\/media\/31091"}],"wp:attachment":[{"href":"https:\/\/www.cidademarketing.com.br\/marketing\/wp-json\/wp\/v2\/media?parent=31090"}],"wp:term":[{"taxonomy":"category","embeddable":true,"href":"https:\/\/www.cidademarketing.com.br\/marketing\/wp-json\/wp\/v2\/categories?post=31090"},{"taxonomy":"post_tag","embeddable":true,"href":"https:\/\/www.cidademarketing.com.br\/marketing\/wp-json\/wp\/v2\/tags?post=31090"}],"curies":[{"name":"wp","href":"https:\/\/api.w.org\/{rel}","templated":true}]}}