{"id":31034,"date":"2021-10-28T10:48:23","date_gmt":"2021-10-28T13:48:23","guid":{"rendered":"https:\/\/www.cidademarketing.com.br\/marketing\/?p=31034"},"modified":"2021-10-28T10:57:07","modified_gmt":"2021-10-28T13:57:07","slug":"bradesco-lanca-campanha-quem-se-vira-vira-mei-que-reforca-apoio-aos-pequenos-empreendedores-brasileiros","status":"publish","type":"post","link":"https:\/\/www.cidademarketing.com.br\/marketing\/2021\/10\/28\/bradesco-lanca-campanha-quem-se-vira-vira-mei-que-reforca-apoio-aos-pequenos-empreendedores-brasileiros\/","title":{"rendered":"Bradesco lan\u00e7a campanha   \u201cQuem se vira, vira MEI\u201d que refor\u00e7a apoio aos pequenos empreendedores brasileiros"},"content":{"rendered":"\n<p><\/p>\n\n\n\n<p><\/p><iframe src=\"https:\/\/open.spotify.com\/embed\/show\/4khMKzP3FgFRWVwb73xicc\" width=\"100%\" height=\"232\" frameBorder=\"0\" allowtransparency=\"true\" allow=\"encrypted-media\"><\/iframe>\t\n\n\n\n\n<p>Com assinatura \u201cQuem se vira, vira MEI\u201d, as pe\u00e7as t\u00eam cria\u00e7\u00e3o da Publicis e evidenciam o movimento que o banco vem realizando de apoio a uma parcela cada vez mais crescente de brasileiros que est\u00e3o \u00e0 frente de pequenos com\u00e9rcios e neg\u00f3cios, pessoas que, principalmente durante a pandemia, per\u00edodo em que o \u00edndice de desemprego subiu, precisaram se reinventar e seguir novos caminhos.\u00a0<\/p>\n\n\n\n<p>De acordo com GEM (Global Entrepreneurship Monitor) 2019, 35 milh\u00f5es de pessoas est\u00e3o \u00e0 frente de alguma atividade empreendedora. Desses, 12,9 MM s\u00e3o Microempreendedores Individuais (MEIs), ou seja, t\u00eam potencial de se tornarem cancerizados e se beneficiarem das solu\u00e7\u00f5es financeiras de uma conta PJ.&nbsp;<\/p>\n\n\n\n<p>A campanha mostra os benef\u00edcios da formaliza\u00e7\u00e3o e como o Bradesco pode impulsionar seus neg\u00f3cios, desde aux\u00edlio na abertura de CNPJ para aqueles que n\u00e3o s\u00e3o formalizados at\u00e9 a abertura de conta MEI PJ, com oferta de cr\u00e9dito consciente para alavancar o neg\u00f3cio, abertura de conta MEI pelo aplicativo, emiss\u00e3o de nota fiscal e emiss\u00e3o de boletos.&nbsp;<\/p>\n\n\n\n<p>\u201cPara todas as comunica\u00e7\u00f5es com este p\u00fablico PJ, o filme complementa a nossa estrat\u00e9gia atual de dar o suporte para quem quer come\u00e7ar a empreender e crescer por meio da consultoria existente no Portal MEI, mostrando que para o sucesso nos neg\u00f3cios \u00e9 importante ter um parceiro como o Bradesco, apoiando em todas as etapas, ainda mais num momento de importantes mudan\u00e7as como agora\u201d, afirma o diretor de Marketing do Bradesco, M\u00e1rcio Parizotto.&nbsp;<\/p>\n\n\n\n<p>\u201cA campanha mostra que o mundo virou de cabe\u00e7a para baixo e isso mudou a vida das pessoas. Esse giro representou um recome\u00e7o para muitos que se tornaram pequenos empreendedores no per\u00edodo. A comunica\u00e7\u00e3o evidencia o Bradesco como parceiro ideal nesta caminhada\u201d, explica Domenico Massareto, CCO da Publicis.&nbsp;<\/p>\n\n\n\n<p>A campanha ser\u00e1 veiculada em TV, Digital, Display, OOH, social, jornal e revista.&nbsp;<\/p>\n\n\n\n<p><strong>Filmes\u00a0<\/strong><\/p>\n\n\n\n<p><\/p>\n\n\n\n<figure class=\"wp-block-embed is-type-video is-provider-youtube wp-block-embed-youtube wp-embed-aspect-16-9 wp-has-aspect-ratio\"><div class=\"wp-block-embed__wrapper\">\n<div class=\"youtube-embed\" data-video_id=\"69cm69O3mYs\"><iframe title=\"Quem se vira, vira MEI\" width=\"640\" height=\"360\" src=\"https:\/\/www.youtube.com\/embed\/69cm69O3mYs?feature=oembed&#038;enablejsapi=1\" frameborder=\"0\" allow=\"accelerometer; autoplay; clipboard-write; encrypted-media; gyroscope; picture-in-picture; web-share\" referrerpolicy=\"strict-origin-when-cross-origin\" allowfullscreen><\/iframe><\/div>\n<\/div><\/figure>\n\n\n\n<figure class=\"wp-block-embed is-type-video is-provider-youtube wp-block-embed-youtube wp-embed-aspect-16-9 wp-has-aspect-ratio\"><div class=\"wp-block-embed__wrapper\">\n<div class=\"youtube-embed\" data-video_id=\"M2o7iUej0kY\"><iframe title=\"Quem se vira, vira MEI | Vers\u00e3o Acess\u00edvel\" width=\"640\" height=\"360\" src=\"https:\/\/www.youtube.com\/embed\/M2o7iUej0kY?feature=oembed&#038;enablejsapi=1\" frameborder=\"0\" allow=\"accelerometer; autoplay; clipboard-write; encrypted-media; gyroscope; picture-in-picture; web-share\" referrerpolicy=\"strict-origin-when-cross-origin\" allowfullscreen><\/iframe><\/div>\n<\/div><\/figure>\n\n\n\n<p><\/p>\n\n\n\n<p><strong>Ficha t\u00e9cnica<\/strong>&nbsp;<\/p>\n\n\n\n<p>Cliente: Bradesco<\/p>\n\n\n\n<p>Ag\u00eancia: Publicis Brasil<\/p>\n\n\n\n<p>Produto: PJ<\/p>\n\n\n\n<p>T\u00edtulo: Quem se vira, vira MEI<\/p>\n\n\n\n<p>Aprova\u00e7\u00e3o: M\u00e1rcio Parizotto, Jos\u00e9 Mauricio Lilla&nbsp;e Paulo Batista&nbsp;<\/p>\n\n\n\n<p>CCO:&nbsp;Domenico Massareto<br>Diretores Executivos de Cria\u00e7\u00e3o:&nbsp;Gustavo Victorino, Dani Ribeiro e Fabio Astolpho<br>Diretor de Cria\u00e7\u00e3o:&nbsp;Juliana Utsch, Rico Lins e Jairo Anderson<\/p>\n\n\n\n<p>Diretores de Cria\u00e7\u00e3o Associados:&nbsp;Pedro Maneschy, Luciana Lima e Dago Lenhart<\/p>\n\n\n\n<p>Redator: Rodolfo Monteiro<\/p>\n\n\n\n<p>Diretor de Arte: Elias Carmo<br>Conte\u00fado:&nbsp;Claudia Cec\u00edlia, Aline Botelho, Julia Miranda, Henrique Dantas e Icaro Linconl<\/p>\n\n\n\n<p>Projetos e Tecnologia: M\u00e1rcio Bueno, Renata Carvalho, Fernanda Kochi e Karine Luchtemberg<br>Atendimento: Tatiana Chiari, Marcelo Trivilato, Marcella Spada, Rodrigo Gercke e Ot\u00e1vio Santos<br>Planejamento: Gustavo Leite, Rodrigo Magalh\u00e3es e Rafael Basso<\/p>\n\n\n\n<figure class=\"wp-block-table\"><table><tbody><tr><td>M\u00eddia:&nbsp; Mauricio Almeida, Fabiana Rodrigues, Ester Ribeiro, Marianna Garcia, Camila Bitencourt, Lais Dalcin, Juliana Jardim, Carla Barros, Carla Masetto, Priscila Santos, Francine Silva, Tatiana Silva, Raquel Tavernari, Maria Luiza Veneziano e Julia Vivano<\/td><\/tr><\/tbody><\/table><\/figure>\n\n\n\n<p>RTVC: Renata Say\u00e3o, Rita Te\u00f3filo e Renan Sales<\/p>\n\n\n\n<p>Produtora: DLKTSN<\/p>\n\n\n\n<p>Dire\u00e7\u00e3o: Del<\/p>\n\n\n\n<p>Dire\u00e7\u00e3o de Fotografia: Fernando Young<\/p>\n\n\n\n<p>Dire\u00e7\u00e3o de Arte: Leticia Bueno<\/p>\n\n\n\n<p>1\u00b0 Assistente de Dire\u00e7\u00e3o: Vinicius Mendes<\/p>\n\n\n\n<p>2\u00b0 Assistente de Dire\u00e7\u00e3o: Bruno Palaoro<\/p>\n\n\n\n<p>Diretora de Produ\u00e7\u00e3o: Luciane Barcellos<\/p>\n\n\n\n<p>Produtor(a) de Loca\u00e7\u00e3o: Alexandre Freitas<\/p>\n\n\n\n<p>Produtor(a) de Elenco: Amanda Schmitz<\/p>\n\n\n\n<p>Figurinista: Caroline Scortegagna<\/p>\n\n\n\n<p>Maquiadora: Caroline Horn<\/p>\n\n\n\n<p>Gerente de Projetos (Fill): Daniel Lombardi<\/p>\n\n\n\n<p>Diretora Executiva: Luciana Mattar<\/p>\n\n\n\n<p>Produtora Executiva: Tathiana Pires<\/p>\n\n\n\n<p>Head Of New Business: Mariana Pinheiro<\/p>\n\n\n\n<p>Line Producer: Juliana Lutterbach<\/p>\n\n\n\n<p>Assistente Line Producer: Rafael de Paula<\/p>\n\n\n\n<p>Coordena\u00e7\u00e3o de Produ\u00e7\u00e3o: Grayce Felix<\/p>\n\n\n\n<p>Assistente de Coordena\u00e7\u00e3o de Produ\u00e7\u00e3o: C\u00eddy Campos<\/p>\n\n\n\n<p>Assistente Criativa: Carol Alberti<\/p>\n\n\n\n<p>Secret\u00e1ria de Produ\u00e7\u00e3o: Ana Paula Bento<\/p>\n\n\n\n<p>Finaliza\u00e7\u00e3o: Space Gorilla<\/p>\n\n\n\n<p>Produtor Executivo de P\u00f3s-produ\u00e7\u00e3o: Andr\u00e9 Serra<\/p>\n\n\n\n<p>Assistente coord. P\u00f3s-produ\u00e7\u00e3o: Bruna Veber e Diego Nascimento<\/p>\n\n\n\n<p>Assistente P\u00f3s-produ\u00e7\u00e3o: Danilo Ferreira<\/p>\n\n\n\n<p>Assistente de Ilha: William Maxwelli<\/p>\n\n\n\n<p>Finalizador: Israel Requene<\/p>\n\n\n\n<p>DA &amp; Motion: Diego Britto<\/p>\n\n\n\n<p>Composi\u00e7\u00e3o: Cadu Cipolla Luca e Francinaldo Lemos<\/p>\n\n\n\n<p>Montador: Leandro Ferrari<\/p>\n\n\n\n<p>Color: Cadu Cipolla Luca<\/p>\n\n\n\n<p>Produtora de \u00e1udio: Tdlmusic<\/p>\n\n\n\n<p>Atendimento: Pryscilla Coelho<\/p>\n\n\n\n<p>Produtor: Jer\u00f3nimo Villarroya<\/p>\n\n\n\n<p>Compositor: Nicolas Castro<\/p>\n\n\n\n<p>Locu\u00e7\u00e3o: Magiu<br><br>Produ\u00e7\u00e3o Gr\u00e1fica: Eduardo Bueno e Emerson Russo<\/p>\n\n\n\n<p>Revis\u00e3o: C\u00e9res Vecchione e Ricardo Milesi<\/p>\n\n\n\n<p><\/p><iframe allow=\"autoplay *; encrypted-media *; fullscreen *\" frameborder=\"0\" height=\"450\" style=\"width:100%;max-width:660px;overflow:hidden;background:transparent;\" sandbox=\"allow-forms allow-popups allow-same-origin allow-scripts allow-storage-access-by-user-activation allow-top-navigation-by-user-activation\" src=\"https:\/\/embed.podcasts.apple.com\/br\/podcast\/podcast-cidademarketing\/id1371923283\"><\/iframe>\n\n","protected":false},"excerpt":{"rendered":"<p>Com assinatura \u201cQuem se vira, vira MEI\u201d, as pe\u00e7as t\u00eam cria\u00e7\u00e3o da Publicis e evidenciam o movimento que o banco vem realizando de apoio a uma parcela cada vez mais crescente de brasileiros que est\u00e3o \u00e0 frente de pequenos com\u00e9rcios e neg\u00f3cios, pessoas que, principalmente durante a pandemia, per\u00edodo em que o \u00edndice de desemprego [&hellip;]<\/p>\n","protected":false},"author":1,"featured_media":31035,"comment_status":"open","ping_status":"open","sticky":false,"template":"","format":"standard","meta":{"tdm_status":"","tdm_grid_status":"","footnotes":""},"categories":[6,14],"tags":[641,65,27,33,28],"class_list":["post-31034","post","type-post","status-publish","format-standard","has-post-thumbnail","hentry","category-noticias","category-videos","tag-bradesco","tag-campanha","tag-empreendedorismo","tag-estrategia","tag-marketing"],"yoast_head":"<!-- This site is optimized with the Yoast SEO plugin v27.5 - https:\/\/yoast.com\/product\/yoast-seo-wordpress\/ -->\n<title>Bradesco lan\u00e7a campanha  \u201cQuem se vira, vira MEI\u201d que refor\u00e7a apoio aos pequenos empreendedores brasileiros - CidadeMarketing<\/title>\n<meta name=\"robots\" content=\"index, follow, max-snippet:-1, max-image-preview:large, max-video-preview:-1\" \/>\n<link rel=\"canonical\" href=\"https:\/\/www.cidademarketing.com.br\/marketing\/2021\/10\/28\/bradesco-lanca-campanha-quem-se-vira-vira-mei-que-reforca-apoio-aos-pequenos-empreendedores-brasileiros\/\" \/>\n<meta property=\"og:locale\" content=\"pt_BR\" \/>\n<meta property=\"og:type\" content=\"article\" \/>\n<meta property=\"og:title\" content=\"Bradesco lan\u00e7a campanha  \u201cQuem se vira, vira MEI\u201d que refor\u00e7a apoio aos pequenos empreendedores brasileiros - CidadeMarketing\" \/>\n<meta property=\"og:description\" content=\"Com assinatura \u201cQuem se vira, vira MEI\u201d, as pe\u00e7as t\u00eam cria\u00e7\u00e3o da Publicis e evidenciam o movimento que o banco vem realizando de apoio a uma parcela cada vez mais crescente de brasileiros que est\u00e3o \u00e0 frente de pequenos com\u00e9rcios e neg\u00f3cios, pessoas que, principalmente durante a pandemia, per\u00edodo em que o \u00edndice de desemprego [&hellip;]\" \/>\n<meta property=\"og:url\" content=\"https:\/\/www.cidademarketing.com.br\/marketing\/2021\/10\/28\/bradesco-lanca-campanha-quem-se-vira-vira-mei-que-reforca-apoio-aos-pequenos-empreendedores-brasileiros\/\" \/>\n<meta property=\"og:site_name\" content=\"CidadeMarketing\" \/>\n<meta property=\"article:publisher\" content=\"https:\/\/www.facebook.com\/portalcidademarketing\" \/>\n<meta property=\"article:author\" content=\"https:\/\/www.facebook.com\/thalesbrandao\" \/>\n<meta property=\"article:published_time\" content=\"2021-10-28T13:48:23+00:00\" \/>\n<meta property=\"article:modified_time\" content=\"2021-10-28T13:57:07+00:00\" \/>\n<meta property=\"og:image\" content=\"https:\/\/www.cidademarketing.com.br\/marketing\/wp-content\/uploads\/2021\/10\/bradesco_empreendedorismo_mei.jpg\" \/>\n\t<meta property=\"og:image:width\" content=\"1179\" \/>\n\t<meta property=\"og:image:height\" content=\"599\" \/>\n\t<meta property=\"og:image:type\" content=\"image\/jpeg\" \/>\n<meta name=\"author\" content=\"Thales Brand\u00e3o\" \/>\n<meta name=\"twitter:card\" content=\"summary_large_image\" \/>\n<meta name=\"twitter:creator\" content=\"@http:\/\/www.twitter.com\/thalesbrandao\" \/>\n<meta name=\"twitter:site\" content=\"@CidadeMarketing\" \/>\n<meta name=\"twitter:label1\" content=\"Escrito por\" \/>\n\t<meta name=\"twitter:data1\" content=\"Thales Brand\u00e3o\" \/>\n\t<meta name=\"twitter:label2\" content=\"Est. tempo de leitura\" \/>\n\t<meta name=\"twitter:data2\" content=\"4 minutos\" \/>\n<script type=\"application\/ld+json\" class=\"yoast-schema-graph\">{\"@context\":\"https:\\\/\\\/schema.org\",\"@graph\":[{\"@type\":\"Article\",\"@id\":\"https:\\\/\\\/www.cidademarketing.com.br\\\/marketing\\\/2021\\\/10\\\/28\\\/bradesco-lanca-campanha-quem-se-vira-vira-mei-que-reforca-apoio-aos-pequenos-empreendedores-brasileiros\\\/#article\",\"isPartOf\":{\"@id\":\"https:\\\/\\\/www.cidademarketing.com.br\\\/marketing\\\/2021\\\/10\\\/28\\\/bradesco-lanca-campanha-quem-se-vira-vira-mei-que-reforca-apoio-aos-pequenos-empreendedores-brasileiros\\\/\"},\"author\":{\"name\":\"Thales Brand\u00e3o\",\"@id\":\"https:\\\/\\\/www.cidademarketing.com.br\\\/marketing\\\/#\\\/schema\\\/person\\\/02daff9f18bd9378c9e01eb6b2db155f\"},\"headline\":\"Bradesco lan\u00e7a campanha \u201cQuem se vira, vira MEI\u201d que refor\u00e7a apoio aos pequenos empreendedores brasileiros\",\"datePublished\":\"2021-10-28T13:48:23+00:00\",\"dateModified\":\"2021-10-28T13:57:07+00:00\",\"mainEntityOfPage\":{\"@id\":\"https:\\\/\\\/www.cidademarketing.com.br\\\/marketing\\\/2021\\\/10\\\/28\\\/bradesco-lanca-campanha-quem-se-vira-vira-mei-que-reforca-apoio-aos-pequenos-empreendedores-brasileiros\\\/\"},\"wordCount\":742,\"commentCount\":0,\"publisher\":{\"@id\":\"https:\\\/\\\/www.cidademarketing.com.br\\\/marketing\\\/#organization\"},\"image\":{\"@id\":\"https:\\\/\\\/www.cidademarketing.com.br\\\/marketing\\\/2021\\\/10\\\/28\\\/bradesco-lanca-campanha-quem-se-vira-vira-mei-que-reforca-apoio-aos-pequenos-empreendedores-brasileiros\\\/#primaryimage\"},\"thumbnailUrl\":\"https:\\\/\\\/www.cidademarketing.com.br\\\/marketing\\\/wp-content\\\/uploads\\\/2021\\\/10\\\/bradesco_empreendedorismo_mei.jpg\",\"keywords\":[\"Bradesco\",\"campanha\",\"empreendedorismo\",\"estrat\u00e9gia\",\"marketing\"],\"articleSection\":[\"Not\u00edcias\",\"Videos\"],\"inLanguage\":\"pt-BR\",\"potentialAction\":[{\"@type\":\"CommentAction\",\"name\":\"Comment\",\"target\":[\"https:\\\/\\\/www.cidademarketing.com.br\\\/marketing\\\/2021\\\/10\\\/28\\\/bradesco-lanca-campanha-quem-se-vira-vira-mei-que-reforca-apoio-aos-pequenos-empreendedores-brasileiros\\\/#respond\"]}]},{\"@type\":\"WebPage\",\"@id\":\"https:\\\/\\\/www.cidademarketing.com.br\\\/marketing\\\/2021\\\/10\\\/28\\\/bradesco-lanca-campanha-quem-se-vira-vira-mei-que-reforca-apoio-aos-pequenos-empreendedores-brasileiros\\\/\",\"url\":\"https:\\\/\\\/www.cidademarketing.com.br\\\/marketing\\\/2021\\\/10\\\/28\\\/bradesco-lanca-campanha-quem-se-vira-vira-mei-que-reforca-apoio-aos-pequenos-empreendedores-brasileiros\\\/\",\"name\":\"Bradesco lan\u00e7a campanha \u201cQuem se vira, vira MEI\u201d que refor\u00e7a apoio aos pequenos empreendedores brasileiros - CidadeMarketing\",\"isPartOf\":{\"@id\":\"https:\\\/\\\/www.cidademarketing.com.br\\\/marketing\\\/#website\"},\"primaryImageOfPage\":{\"@id\":\"https:\\\/\\\/www.cidademarketing.com.br\\\/marketing\\\/2021\\\/10\\\/28\\\/bradesco-lanca-campanha-quem-se-vira-vira-mei-que-reforca-apoio-aos-pequenos-empreendedores-brasileiros\\\/#primaryimage\"},\"image\":{\"@id\":\"https:\\\/\\\/www.cidademarketing.com.br\\\/marketing\\\/2021\\\/10\\\/28\\\/bradesco-lanca-campanha-quem-se-vira-vira-mei-que-reforca-apoio-aos-pequenos-empreendedores-brasileiros\\\/#primaryimage\"},\"thumbnailUrl\":\"https:\\\/\\\/www.cidademarketing.com.br\\\/marketing\\\/wp-content\\\/uploads\\\/2021\\\/10\\\/bradesco_empreendedorismo_mei.jpg\",\"datePublished\":\"2021-10-28T13:48:23+00:00\",\"dateModified\":\"2021-10-28T13:57:07+00:00\",\"breadcrumb\":{\"@id\":\"https:\\\/\\\/www.cidademarketing.com.br\\\/marketing\\\/2021\\\/10\\\/28\\\/bradesco-lanca-campanha-quem-se-vira-vira-mei-que-reforca-apoio-aos-pequenos-empreendedores-brasileiros\\\/#breadcrumb\"},\"inLanguage\":\"pt-BR\",\"potentialAction\":[{\"@type\":\"ReadAction\",\"target\":[\"https:\\\/\\\/www.cidademarketing.com.br\\\/marketing\\\/2021\\\/10\\\/28\\\/bradesco-lanca-campanha-quem-se-vira-vira-mei-que-reforca-apoio-aos-pequenos-empreendedores-brasileiros\\\/\"]}]},{\"@type\":\"ImageObject\",\"inLanguage\":\"pt-BR\",\"@id\":\"https:\\\/\\\/www.cidademarketing.com.br\\\/marketing\\\/2021\\\/10\\\/28\\\/bradesco-lanca-campanha-quem-se-vira-vira-mei-que-reforca-apoio-aos-pequenos-empreendedores-brasileiros\\\/#primaryimage\",\"url\":\"https:\\\/\\\/www.cidademarketing.com.br\\\/marketing\\\/wp-content\\\/uploads\\\/2021\\\/10\\\/bradesco_empreendedorismo_mei.jpg\",\"contentUrl\":\"https:\\\/\\\/www.cidademarketing.com.br\\\/marketing\\\/wp-content\\\/uploads\\\/2021\\\/10\\\/bradesco_empreendedorismo_mei.jpg\",\"width\":1179,\"height\":599,\"caption\":\"Reprodu\u00e7\u00e3o\"},{\"@type\":\"BreadcrumbList\",\"@id\":\"https:\\\/\\\/www.cidademarketing.com.br\\\/marketing\\\/2021\\\/10\\\/28\\\/bradesco-lanca-campanha-quem-se-vira-vira-mei-que-reforca-apoio-aos-pequenos-empreendedores-brasileiros\\\/#breadcrumb\",\"itemListElement\":[{\"@type\":\"ListItem\",\"position\":1,\"name\":\"In\u00edcio\",\"item\":\"https:\\\/\\\/www.cidademarketing.com.br\\\/marketing\\\/\"},{\"@type\":\"ListItem\",\"position\":2,\"name\":\"Bradesco lan\u00e7a campanha \u201cQuem se vira, vira MEI\u201d que refor\u00e7a apoio aos pequenos empreendedores brasileiros\"}]},{\"@type\":\"WebSite\",\"@id\":\"https:\\\/\\\/www.cidademarketing.com.br\\\/marketing\\\/#website\",\"url\":\"https:\\\/\\\/www.cidademarketing.com.br\\\/marketing\\\/\",\"name\":\"CidadeMarketing\",\"description\":\"Somos um ve\u00edculo de comunica\u00e7\u00e3o de destaque no Brasil, reconhecido por conte\u00fados nos segmentos de marketing, empreendedorismo e inova\u00e7\u00e3o.\",\"publisher\":{\"@id\":\"https:\\\/\\\/www.cidademarketing.com.br\\\/marketing\\\/#organization\"},\"alternateName\":\"CidadeMarketing\",\"potentialAction\":[{\"@type\":\"SearchAction\",\"target\":{\"@type\":\"EntryPoint\",\"urlTemplate\":\"https:\\\/\\\/www.cidademarketing.com.br\\\/marketing\\\/?s={search_term_string}\"},\"query-input\":{\"@type\":\"PropertyValueSpecification\",\"valueRequired\":true,\"valueName\":\"search_term_string\"}}],\"inLanguage\":\"pt-BR\"},{\"@type\":\"Organization\",\"@id\":\"https:\\\/\\\/www.cidademarketing.com.br\\\/marketing\\\/#organization\",\"name\":\"CidadeMarketing\",\"alternateName\":\"CidadeMarketing\",\"url\":\"https:\\\/\\\/www.cidademarketing.com.br\\\/marketing\\\/\",\"logo\":{\"@type\":\"ImageObject\",\"inLanguage\":\"pt-BR\",\"@id\":\"https:\\\/\\\/www.cidademarketing.com.br\\\/marketing\\\/#\\\/schema\\\/logo\\\/image\\\/\",\"url\":\"https:\\\/\\\/www.cidademarketing.com.br\\\/marketing\\\/wp-content\\\/uploads\\\/2020\\\/01\\\/cidademarketing_marca_mobile.png\",\"contentUrl\":\"https:\\\/\\\/www.cidademarketing.com.br\\\/marketing\\\/wp-content\\\/uploads\\\/2020\\\/01\\\/cidademarketing_marca_mobile.png\",\"width\":230,\"height\":92,\"caption\":\"CidadeMarketing\"},\"image\":{\"@id\":\"https:\\\/\\\/www.cidademarketing.com.br\\\/marketing\\\/#\\\/schema\\\/logo\\\/image\\\/\"},\"sameAs\":[\"https:\\\/\\\/www.facebook.com\\\/portalcidademarketing\",\"https:\\\/\\\/x.com\\\/CidadeMarketing\",\"https:\\\/\\\/www.instagram.com\\\/cidademarketing\\\/\"]},{\"@type\":\"Person\",\"@id\":\"https:\\\/\\\/www.cidademarketing.com.br\\\/marketing\\\/#\\\/schema\\\/person\\\/02daff9f18bd9378c9e01eb6b2db155f\",\"name\":\"Thales Brand\u00e3o\",\"image\":{\"@type\":\"ImageObject\",\"inLanguage\":\"pt-BR\",\"@id\":\"https:\\\/\\\/secure.gravatar.com\\\/avatar\\\/7ca3206950207cc3cb48feec56a8a7898741ab725c368d99d5d7a5a50aab80c6?s=96&d=mm&r=g\",\"url\":\"https:\\\/\\\/secure.gravatar.com\\\/avatar\\\/7ca3206950207cc3cb48feec56a8a7898741ab725c368d99d5d7a5a50aab80c6?s=96&d=mm&r=g\",\"contentUrl\":\"https:\\\/\\\/secure.gravatar.com\\\/avatar\\\/7ca3206950207cc3cb48feec56a8a7898741ab725c368d99d5d7a5a50aab80c6?s=96&d=mm&r=g\",\"caption\":\"Thales Brand\u00e3o\"},\"description\":\"Editor Executivo do Portal CidadeMarketing.com.br &gt; Mestre em Comunica\u00e7\u00e3o e Sociedade pela Universidade Federal de Sergipe. Possui MBA Executivo em Administra\u00e7\u00e3o com \u00eanfase em Marketing pela Funda\u00e7\u00e3o Get\u00falio Vargas - Rio de Janeiro. Consultor, Palestrante e Pesquisador sobre Empreendedorismo, Marketing, Redes Sociais e Neg\u00f3cios Digitais. Professor, Palestrante TedxTalks e Campus Party. Twitter: @ThalesBrandao\",\"sameAs\":[\"http:\\\/\\\/www.mandacaru.com.br\",\"https:\\\/\\\/www.facebook.com\\\/thalesbrandao\",\"http:\\\/\\\/www.instagram.com.br\\\/thalesbrandaoferreira\",\"https:\\\/\\\/www.linkedin.com\\\/in\\\/thales-brand\u00e3o-3948609\\\/\",\"https:\\\/\\\/x.com\\\/http:\\\/\\\/www.twitter.com\\\/thalesbrandao\"],\"url\":\"https:\\\/\\\/www.cidademarketing.com.br\\\/marketing\\\/author\\\/thalesbrandao\\\/\"}]}<\/script>\n<!-- \/ Yoast SEO plugin. -->","yoast_head_json":{"title":"Bradesco lan\u00e7a campanha  \u201cQuem se vira, vira MEI\u201d que refor\u00e7a apoio aos pequenos empreendedores brasileiros - CidadeMarketing","robots":{"index":"index","follow":"follow","max-snippet":"max-snippet:-1","max-image-preview":"max-image-preview:large","max-video-preview":"max-video-preview:-1"},"canonical":"https:\/\/www.cidademarketing.com.br\/marketing\/2021\/10\/28\/bradesco-lanca-campanha-quem-se-vira-vira-mei-que-reforca-apoio-aos-pequenos-empreendedores-brasileiros\/","og_locale":"pt_BR","og_type":"article","og_title":"Bradesco lan\u00e7a campanha  \u201cQuem se vira, vira MEI\u201d que refor\u00e7a apoio aos pequenos empreendedores brasileiros - CidadeMarketing","og_description":"Com assinatura \u201cQuem se vira, vira MEI\u201d, as pe\u00e7as t\u00eam cria\u00e7\u00e3o da Publicis e evidenciam o movimento que o banco vem realizando de apoio a uma parcela cada vez mais crescente de brasileiros que est\u00e3o \u00e0 frente de pequenos com\u00e9rcios e neg\u00f3cios, pessoas que, principalmente durante a pandemia, per\u00edodo em que o \u00edndice de desemprego [&hellip;]","og_url":"https:\/\/www.cidademarketing.com.br\/marketing\/2021\/10\/28\/bradesco-lanca-campanha-quem-se-vira-vira-mei-que-reforca-apoio-aos-pequenos-empreendedores-brasileiros\/","og_site_name":"CidadeMarketing","article_publisher":"https:\/\/www.facebook.com\/portalcidademarketing","article_author":"https:\/\/www.facebook.com\/thalesbrandao","article_published_time":"2021-10-28T13:48:23+00:00","article_modified_time":"2021-10-28T13:57:07+00:00","og_image":[{"width":1179,"height":599,"url":"https:\/\/www.cidademarketing.com.br\/marketing\/wp-content\/uploads\/2021\/10\/bradesco_empreendedorismo_mei.jpg","type":"image\/jpeg"}],"author":"Thales Brand\u00e3o","twitter_card":"summary_large_image","twitter_creator":"@http:\/\/www.twitter.com\/thalesbrandao","twitter_site":"@CidadeMarketing","twitter_misc":{"Escrito por":"Thales Brand\u00e3o","Est. tempo de leitura":"4 minutos"},"schema":{"@context":"https:\/\/schema.org","@graph":[{"@type":"Article","@id":"https:\/\/www.cidademarketing.com.br\/marketing\/2021\/10\/28\/bradesco-lanca-campanha-quem-se-vira-vira-mei-que-reforca-apoio-aos-pequenos-empreendedores-brasileiros\/#article","isPartOf":{"@id":"https:\/\/www.cidademarketing.com.br\/marketing\/2021\/10\/28\/bradesco-lanca-campanha-quem-se-vira-vira-mei-que-reforca-apoio-aos-pequenos-empreendedores-brasileiros\/"},"author":{"name":"Thales Brand\u00e3o","@id":"https:\/\/www.cidademarketing.com.br\/marketing\/#\/schema\/person\/02daff9f18bd9378c9e01eb6b2db155f"},"headline":"Bradesco lan\u00e7a campanha \u201cQuem se vira, vira MEI\u201d que refor\u00e7a apoio aos pequenos empreendedores brasileiros","datePublished":"2021-10-28T13:48:23+00:00","dateModified":"2021-10-28T13:57:07+00:00","mainEntityOfPage":{"@id":"https:\/\/www.cidademarketing.com.br\/marketing\/2021\/10\/28\/bradesco-lanca-campanha-quem-se-vira-vira-mei-que-reforca-apoio-aos-pequenos-empreendedores-brasileiros\/"},"wordCount":742,"commentCount":0,"publisher":{"@id":"https:\/\/www.cidademarketing.com.br\/marketing\/#organization"},"image":{"@id":"https:\/\/www.cidademarketing.com.br\/marketing\/2021\/10\/28\/bradesco-lanca-campanha-quem-se-vira-vira-mei-que-reforca-apoio-aos-pequenos-empreendedores-brasileiros\/#primaryimage"},"thumbnailUrl":"https:\/\/www.cidademarketing.com.br\/marketing\/wp-content\/uploads\/2021\/10\/bradesco_empreendedorismo_mei.jpg","keywords":["Bradesco","campanha","empreendedorismo","estrat\u00e9gia","marketing"],"articleSection":["Not\u00edcias","Videos"],"inLanguage":"pt-BR","potentialAction":[{"@type":"CommentAction","name":"Comment","target":["https:\/\/www.cidademarketing.com.br\/marketing\/2021\/10\/28\/bradesco-lanca-campanha-quem-se-vira-vira-mei-que-reforca-apoio-aos-pequenos-empreendedores-brasileiros\/#respond"]}]},{"@type":"WebPage","@id":"https:\/\/www.cidademarketing.com.br\/marketing\/2021\/10\/28\/bradesco-lanca-campanha-quem-se-vira-vira-mei-que-reforca-apoio-aos-pequenos-empreendedores-brasileiros\/","url":"https:\/\/www.cidademarketing.com.br\/marketing\/2021\/10\/28\/bradesco-lanca-campanha-quem-se-vira-vira-mei-que-reforca-apoio-aos-pequenos-empreendedores-brasileiros\/","name":"Bradesco lan\u00e7a campanha \u201cQuem se vira, vira MEI\u201d que refor\u00e7a apoio aos pequenos empreendedores brasileiros - CidadeMarketing","isPartOf":{"@id":"https:\/\/www.cidademarketing.com.br\/marketing\/#website"},"primaryImageOfPage":{"@id":"https:\/\/www.cidademarketing.com.br\/marketing\/2021\/10\/28\/bradesco-lanca-campanha-quem-se-vira-vira-mei-que-reforca-apoio-aos-pequenos-empreendedores-brasileiros\/#primaryimage"},"image":{"@id":"https:\/\/www.cidademarketing.com.br\/marketing\/2021\/10\/28\/bradesco-lanca-campanha-quem-se-vira-vira-mei-que-reforca-apoio-aos-pequenos-empreendedores-brasileiros\/#primaryimage"},"thumbnailUrl":"https:\/\/www.cidademarketing.com.br\/marketing\/wp-content\/uploads\/2021\/10\/bradesco_empreendedorismo_mei.jpg","datePublished":"2021-10-28T13:48:23+00:00","dateModified":"2021-10-28T13:57:07+00:00","breadcrumb":{"@id":"https:\/\/www.cidademarketing.com.br\/marketing\/2021\/10\/28\/bradesco-lanca-campanha-quem-se-vira-vira-mei-que-reforca-apoio-aos-pequenos-empreendedores-brasileiros\/#breadcrumb"},"inLanguage":"pt-BR","potentialAction":[{"@type":"ReadAction","target":["https:\/\/www.cidademarketing.com.br\/marketing\/2021\/10\/28\/bradesco-lanca-campanha-quem-se-vira-vira-mei-que-reforca-apoio-aos-pequenos-empreendedores-brasileiros\/"]}]},{"@type":"ImageObject","inLanguage":"pt-BR","@id":"https:\/\/www.cidademarketing.com.br\/marketing\/2021\/10\/28\/bradesco-lanca-campanha-quem-se-vira-vira-mei-que-reforca-apoio-aos-pequenos-empreendedores-brasileiros\/#primaryimage","url":"https:\/\/www.cidademarketing.com.br\/marketing\/wp-content\/uploads\/2021\/10\/bradesco_empreendedorismo_mei.jpg","contentUrl":"https:\/\/www.cidademarketing.com.br\/marketing\/wp-content\/uploads\/2021\/10\/bradesco_empreendedorismo_mei.jpg","width":1179,"height":599,"caption":"Reprodu\u00e7\u00e3o"},{"@type":"BreadcrumbList","@id":"https:\/\/www.cidademarketing.com.br\/marketing\/2021\/10\/28\/bradesco-lanca-campanha-quem-se-vira-vira-mei-que-reforca-apoio-aos-pequenos-empreendedores-brasileiros\/#breadcrumb","itemListElement":[{"@type":"ListItem","position":1,"name":"In\u00edcio","item":"https:\/\/www.cidademarketing.com.br\/marketing\/"},{"@type":"ListItem","position":2,"name":"Bradesco lan\u00e7a campanha \u201cQuem se vira, vira MEI\u201d que refor\u00e7a apoio aos pequenos empreendedores brasileiros"}]},{"@type":"WebSite","@id":"https:\/\/www.cidademarketing.com.br\/marketing\/#website","url":"https:\/\/www.cidademarketing.com.br\/marketing\/","name":"CidadeMarketing","description":"Somos um ve\u00edculo de comunica\u00e7\u00e3o de destaque no Brasil, reconhecido por conte\u00fados nos segmentos de marketing, empreendedorismo e inova\u00e7\u00e3o.","publisher":{"@id":"https:\/\/www.cidademarketing.com.br\/marketing\/#organization"},"alternateName":"CidadeMarketing","potentialAction":[{"@type":"SearchAction","target":{"@type":"EntryPoint","urlTemplate":"https:\/\/www.cidademarketing.com.br\/marketing\/?s={search_term_string}"},"query-input":{"@type":"PropertyValueSpecification","valueRequired":true,"valueName":"search_term_string"}}],"inLanguage":"pt-BR"},{"@type":"Organization","@id":"https:\/\/www.cidademarketing.com.br\/marketing\/#organization","name":"CidadeMarketing","alternateName":"CidadeMarketing","url":"https:\/\/www.cidademarketing.com.br\/marketing\/","logo":{"@type":"ImageObject","inLanguage":"pt-BR","@id":"https:\/\/www.cidademarketing.com.br\/marketing\/#\/schema\/logo\/image\/","url":"https:\/\/www.cidademarketing.com.br\/marketing\/wp-content\/uploads\/2020\/01\/cidademarketing_marca_mobile.png","contentUrl":"https:\/\/www.cidademarketing.com.br\/marketing\/wp-content\/uploads\/2020\/01\/cidademarketing_marca_mobile.png","width":230,"height":92,"caption":"CidadeMarketing"},"image":{"@id":"https:\/\/www.cidademarketing.com.br\/marketing\/#\/schema\/logo\/image\/"},"sameAs":["https:\/\/www.facebook.com\/portalcidademarketing","https:\/\/x.com\/CidadeMarketing","https:\/\/www.instagram.com\/cidademarketing\/"]},{"@type":"Person","@id":"https:\/\/www.cidademarketing.com.br\/marketing\/#\/schema\/person\/02daff9f18bd9378c9e01eb6b2db155f","name":"Thales Brand\u00e3o","image":{"@type":"ImageObject","inLanguage":"pt-BR","@id":"https:\/\/secure.gravatar.com\/avatar\/7ca3206950207cc3cb48feec56a8a7898741ab725c368d99d5d7a5a50aab80c6?s=96&d=mm&r=g","url":"https:\/\/secure.gravatar.com\/avatar\/7ca3206950207cc3cb48feec56a8a7898741ab725c368d99d5d7a5a50aab80c6?s=96&d=mm&r=g","contentUrl":"https:\/\/secure.gravatar.com\/avatar\/7ca3206950207cc3cb48feec56a8a7898741ab725c368d99d5d7a5a50aab80c6?s=96&d=mm&r=g","caption":"Thales Brand\u00e3o"},"description":"Editor Executivo do Portal CidadeMarketing.com.br &gt; Mestre em Comunica\u00e7\u00e3o e Sociedade pela Universidade Federal de Sergipe. Possui MBA Executivo em Administra\u00e7\u00e3o com \u00eanfase em Marketing pela Funda\u00e7\u00e3o Get\u00falio Vargas - Rio de Janeiro. Consultor, Palestrante e Pesquisador sobre Empreendedorismo, Marketing, Redes Sociais e Neg\u00f3cios Digitais. Professor, Palestrante TedxTalks e Campus Party. Twitter: @ThalesBrandao","sameAs":["http:\/\/www.mandacaru.com.br","https:\/\/www.facebook.com\/thalesbrandao","http:\/\/www.instagram.com.br\/thalesbrandaoferreira","https:\/\/www.linkedin.com\/in\/thales-brand\u00e3o-3948609\/","https:\/\/x.com\/http:\/\/www.twitter.com\/thalesbrandao"],"url":"https:\/\/www.cidademarketing.com.br\/marketing\/author\/thalesbrandao\/"}]}},"amp_enabled":true,"_links":{"self":[{"href":"https:\/\/www.cidademarketing.com.br\/marketing\/wp-json\/wp\/v2\/posts\/31034","targetHints":{"allow":["GET"]}}],"collection":[{"href":"https:\/\/www.cidademarketing.com.br\/marketing\/wp-json\/wp\/v2\/posts"}],"about":[{"href":"https:\/\/www.cidademarketing.com.br\/marketing\/wp-json\/wp\/v2\/types\/post"}],"author":[{"embeddable":true,"href":"https:\/\/www.cidademarketing.com.br\/marketing\/wp-json\/wp\/v2\/users\/1"}],"replies":[{"embeddable":true,"href":"https:\/\/www.cidademarketing.com.br\/marketing\/wp-json\/wp\/v2\/comments?post=31034"}],"version-history":[{"count":1,"href":"https:\/\/www.cidademarketing.com.br\/marketing\/wp-json\/wp\/v2\/posts\/31034\/revisions"}],"predecessor-version":[{"id":31036,"href":"https:\/\/www.cidademarketing.com.br\/marketing\/wp-json\/wp\/v2\/posts\/31034\/revisions\/31036"}],"wp:featuredmedia":[{"embeddable":true,"href":"https:\/\/www.cidademarketing.com.br\/marketing\/wp-json\/wp\/v2\/media\/31035"}],"wp:attachment":[{"href":"https:\/\/www.cidademarketing.com.br\/marketing\/wp-json\/wp\/v2\/media?parent=31034"}],"wp:term":[{"taxonomy":"category","embeddable":true,"href":"https:\/\/www.cidademarketing.com.br\/marketing\/wp-json\/wp\/v2\/categories?post=31034"},{"taxonomy":"post_tag","embeddable":true,"href":"https:\/\/www.cidademarketing.com.br\/marketing\/wp-json\/wp\/v2\/tags?post=31034"}],"curies":[{"name":"wp","href":"https:\/\/api.w.org\/{rel}","templated":true}]}}