{"id":30968,"date":"2021-10-26T15:31:19","date_gmt":"2021-10-26T18:31:19","guid":{"rendered":"https:\/\/www.cidademarketing.com.br\/marketing\/?p=30968"},"modified":"2021-10-26T15:31:40","modified_gmt":"2021-10-26T18:31:40","slug":"instituto-avon-lanca-webserie-especial-para-conscientizacao-sobre-cancer-de-mama","status":"publish","type":"post","link":"https:\/\/www.cidademarketing.com.br\/marketing\/2021\/10\/26\/instituto-avon-lanca-webserie-especial-para-conscientizacao-sobre-cancer-de-mama\/","title":{"rendered":"Instituto Avon lan\u00e7a webs\u00e9rie especial para conscientiza\u00e7\u00e3o sobre c\u00e2ncer de mama"},"content":{"rendered":"\n<p><\/p><iframe src=\"https:\/\/open.spotify.com\/embed\/show\/4khMKzP3FgFRWVwb73xicc\" width=\"100%\" height=\"232\" frameBorder=\"0\" allowtransparency=\"true\" allow=\"encrypted-media\"><\/iframe>\t\n\n\n\n\n<p>Informa\u00e7\u00e3o \u00e9 poder contra o c\u00e2ncer de mama, por isso, o Instituto Avon \u2013 organiza\u00e7\u00e3o n\u00e3o-governamental que atua na defesa de direitos fundamentais da mulher, por meio de a\u00e7\u00f5es e iniciativas na resposta ao c\u00e2ncer de mama e no enfrentamento \u00e0 viol\u00eancia contra mulheres e meninas \u2013 lan\u00e7ou a webs\u00e9rie \u201cManas do Peito\u201d em seu IGTV. Dividido em quatro epis\u00f3dios, o especial, que \u00e9 parte da campanha de Outubro Rosa \u201cTodo Mundo Tem Peito. Cuide do Seu\u201d, abordar\u00e1 quest\u00f5es fundamentais para as mulheres para a aten\u00e7\u00e3o ao c\u00e2ncer de mama, como seus direitos, a import\u00e2ncia do diagn\u00f3stico precoce, sa\u00fade emocional, al\u00e9m de hist\u00f3rias para inspirar outras mulheres.<\/p>\n\n\n\n<p>\u201cPara transformar as vidas de mulheres com c\u00e2ncer \u00e9 preciso falar sobre a doen\u00e7a, conscientizar, refor\u00e7ar a import\u00e2ncia do autocuidado com o acompanhamento m\u00e9dico de rotina e mostrar a elas que n\u00e3o est\u00e3o sozinhas. A webs\u00e9rie que lan\u00e7amos em nosso perfil no Instagram vai conversar com todas as pessoas, sejam homens ou mulheres, pacientes ou n\u00e3o. Informar \u00e9 o primeiro passo para reduzir os casos e a letalidade da doen\u00e7a no Brasil\u201d, explica Regina C\u00e9lia Barbosa, gerente de causas do Instituto Avon. \u201cPor meio de hist\u00f3rias reais e com o suporte de profissionais empenhados nos cuidados com as mamas e com a sa\u00fade mental das pacientes, queremos mostrar que as mulheres com c\u00e2ncer de mama n\u00e3o est\u00e3o sozinhas\u201d, conclui.<\/p>\n\n\n\n<p><strong>As hist\u00f3rias<\/strong><\/p>\n\n\n\n<p><br>A s\u00e9rie refor\u00e7a a import\u00e2ncia da conscientiza\u00e7\u00e3o sobre a sa\u00fade das mamas e do acesso \u00e0 informa\u00e7\u00e3o como forma de cuidado e de garantia de qualidade de vida para as mulheres com c\u00e2ncer de mama. O primeiro epis\u00f3dio, que j\u00e1 pode ser acessado na p\u00e1gina de Instagram do Instituto Avon (<a href=\"https:\/\/www.instagram.com\/institutoavon\/?hl=pt-br\" target=\"_blank\" rel=\"noreferrer noopener\">@institutoavon<\/a>), traz a hist\u00f3ria da advogada Maria Paula Bandeira (<a href=\"https:\/\/www.instagram.com\/lencododia\/?hl=pt-br\" target=\"_blank\" rel=\"noreferrer noopener\">@lencododia<\/a>), que trata um c\u00e2ncer de mama metast\u00e1tico. Profissionalmente, ela passou a usar seu conhecimento para viabilizar seu tratamento e o de outras pessoas, explicando a legisla\u00e7\u00e3o vigente para pacientes e os direitos a exames e tratamentos. No v\u00eddeo, a advogada explica quais s\u00e3o os direitos das mulheres que garantem acesso \u00e0 resson\u00e2ncia, mamografia e ultrassonografia.<\/p>\n\n\n\n<p>O segundo epis\u00f3dio da s\u00e9rie conta com a participa\u00e7\u00e3o de Juliana Francisco, m\u00e9dica ginecologista e mastologista para abordar temas como diagn\u00f3stico, est\u00e1gios da doen\u00e7a e cuidados com a sa\u00fade. J\u00e1 o terceiro v\u00eddeo apresentar\u00e1 hist\u00f3rias de duas mulheres: Ana Michelle, paciente com c\u00e2ncer de mama metast\u00e1tico e respons\u00e1vel pelo perfil <a href=\"https:\/\/www.instagram.com\/paliativas\/?hl=pt-br\" target=\"_blank\" rel=\"noreferrer noopener\">@paliativas<\/a> no Instagram, e Karen Stephanie &#8211; @karenstephanie, que est\u00e1 curada. Por fim, o \u00faltimo epis\u00f3dio da s\u00e9rie contar\u00e1 com Luciana Holtz, psico-oncologista, especialista em Bio\u00e9tica e Health Literacy e fundadora e presidente do Instituto Oncoguia, que explicar\u00e1 a import\u00e2ncia dos cuidados com a sa\u00fade emocional no per\u00edodo de diagn\u00f3stico e tratamento.<\/p>\n\n\n\n<p>Assista ao primeiro e segundo epis\u00f3dios e acompanhe a webs\u00e9rie nos destaques do perfil do <a href=\"https:\/\/www.instagram.com\/institutoavon\/?hl=pt-br\" target=\"_blank\" rel=\"noreferrer noopener\">@institutoavon<\/a>.<\/p>\n\n\n\n<p>Saiba mais sobre o c\u00e2ncer de mama em <a href=\"https:\/\/institutoavon.org.br\/outubrorosa\/\" target=\"_blank\" rel=\"noreferrer noopener\">Todo Mundo Tem Peito. Cuide do Seu.<\/a><\/p>\n\n\n\n<p><\/p><iframe allow=\"autoplay *; encrypted-media *; fullscreen *\" frameborder=\"0\" height=\"450\" style=\"width:100%;max-width:660px;overflow:hidden;background:transparent;\" sandbox=\"allow-forms allow-popups allow-same-origin allow-scripts allow-storage-access-by-user-activation allow-top-navigation-by-user-activation\" src=\"https:\/\/embed.podcasts.apple.com\/br\/podcast\/podcast-cidademarketing\/id1371923283\"><\/iframe>\n\n","protected":false},"excerpt":{"rendered":"<p>Informa\u00e7\u00e3o \u00e9 poder contra o c\u00e2ncer de mama, por isso, o Instituto Avon \u2013 organiza\u00e7\u00e3o n\u00e3o-governamental que atua na defesa de direitos fundamentais da mulher, por meio de a\u00e7\u00f5es e iniciativas na resposta ao c\u00e2ncer de mama e no enfrentamento \u00e0 viol\u00eancia contra mulheres e meninas \u2013 lan\u00e7ou a webs\u00e9rie \u201cManas do Peito\u201d em seu [&hellip;]<\/p>\n","protected":false},"author":1,"featured_media":30969,"comment_status":"open","ping_status":"open","sticky":false,"template":"","format":"standard","meta":{"tdm_status":"","tdm_grid_status":"","footnotes":""},"categories":[6],"tags":[4793,33,1487,28,540],"class_list":["post-30968","post","type-post","status-publish","format-standard","has-post-thumbnail","hentry","category-noticias","tag-cancer-de-mama","tag-estrategia","tag-instituto-avon","tag-marketing","tag-webserie"],"yoast_head":"<!-- This site is optimized with the Yoast SEO plugin v27.5 - https:\/\/yoast.com\/product\/yoast-seo-wordpress\/ -->\n<title>Instituto Avon lan\u00e7a webs\u00e9rie especial para conscientiza\u00e7\u00e3o sobre c\u00e2ncer de mama - CidadeMarketing<\/title>\n<meta name=\"robots\" content=\"index, follow, max-snippet:-1, max-image-preview:large, max-video-preview:-1\" \/>\n<link rel=\"canonical\" href=\"https:\/\/www.cidademarketing.com.br\/marketing\/2021\/10\/26\/instituto-avon-lanca-webserie-especial-para-conscientizacao-sobre-cancer-de-mama\/\" \/>\n<meta property=\"og:locale\" content=\"pt_BR\" \/>\n<meta property=\"og:type\" content=\"article\" \/>\n<meta property=\"og:title\" content=\"Instituto Avon lan\u00e7a webs\u00e9rie especial para conscientiza\u00e7\u00e3o sobre c\u00e2ncer de mama - CidadeMarketing\" \/>\n<meta property=\"og:description\" content=\"Informa\u00e7\u00e3o \u00e9 poder contra o c\u00e2ncer de mama, por isso, o Instituto Avon \u2013 organiza\u00e7\u00e3o n\u00e3o-governamental que atua na defesa de direitos fundamentais da mulher, por meio de a\u00e7\u00f5es e iniciativas na resposta ao c\u00e2ncer de mama e no enfrentamento \u00e0 viol\u00eancia contra mulheres e meninas \u2013 lan\u00e7ou a webs\u00e9rie \u201cManas do Peito\u201d em seu [&hellip;]\" \/>\n<meta property=\"og:url\" content=\"https:\/\/www.cidademarketing.com.br\/marketing\/2021\/10\/26\/instituto-avon-lanca-webserie-especial-para-conscientizacao-sobre-cancer-de-mama\/\" \/>\n<meta property=\"og:site_name\" content=\"CidadeMarketing\" \/>\n<meta property=\"article:publisher\" content=\"https:\/\/www.facebook.com\/portalcidademarketing\" \/>\n<meta property=\"article:author\" content=\"https:\/\/www.facebook.com\/thalesbrandao\" \/>\n<meta property=\"article:published_time\" content=\"2021-10-26T18:31:19+00:00\" \/>\n<meta property=\"article:modified_time\" content=\"2021-10-26T18:31:40+00:00\" \/>\n<meta property=\"og:image\" content=\"https:\/\/www.cidademarketing.com.br\/marketing\/wp-content\/uploads\/2021\/10\/Manas-do-Peito.jpg\" \/>\n\t<meta property=\"og:image:width\" content=\"1080\" \/>\n\t<meta property=\"og:image:height\" content=\"1920\" \/>\n\t<meta property=\"og:image:type\" content=\"image\/jpeg\" \/>\n<meta name=\"author\" content=\"Thales Brand\u00e3o\" \/>\n<meta name=\"twitter:card\" content=\"summary_large_image\" \/>\n<meta name=\"twitter:creator\" content=\"@http:\/\/www.twitter.com\/thalesbrandao\" \/>\n<meta name=\"twitter:site\" content=\"@CidadeMarketing\" \/>\n<meta name=\"twitter:label1\" content=\"Escrito por\" \/>\n\t<meta name=\"twitter:data1\" content=\"Thales Brand\u00e3o\" \/>\n\t<meta name=\"twitter:label2\" content=\"Est. tempo de leitura\" \/>\n\t<meta name=\"twitter:data2\" content=\"3 minutos\" \/>\n<script type=\"application\/ld+json\" class=\"yoast-schema-graph\">{\"@context\":\"https:\\\/\\\/schema.org\",\"@graph\":[{\"@type\":\"Article\",\"@id\":\"https:\\\/\\\/www.cidademarketing.com.br\\\/marketing\\\/2021\\\/10\\\/26\\\/instituto-avon-lanca-webserie-especial-para-conscientizacao-sobre-cancer-de-mama\\\/#article\",\"isPartOf\":{\"@id\":\"https:\\\/\\\/www.cidademarketing.com.br\\\/marketing\\\/2021\\\/10\\\/26\\\/instituto-avon-lanca-webserie-especial-para-conscientizacao-sobre-cancer-de-mama\\\/\"},\"author\":{\"name\":\"Thales Brand\u00e3o\",\"@id\":\"https:\\\/\\\/www.cidademarketing.com.br\\\/marketing\\\/#\\\/schema\\\/person\\\/02daff9f18bd9378c9e01eb6b2db155f\"},\"headline\":\"Instituto Avon lan\u00e7a webs\u00e9rie especial para conscientiza\u00e7\u00e3o sobre c\u00e2ncer de mama\",\"datePublished\":\"2021-10-26T18:31:19+00:00\",\"dateModified\":\"2021-10-26T18:31:40+00:00\",\"mainEntityOfPage\":{\"@id\":\"https:\\\/\\\/www.cidademarketing.com.br\\\/marketing\\\/2021\\\/10\\\/26\\\/instituto-avon-lanca-webserie-especial-para-conscientizacao-sobre-cancer-de-mama\\\/\"},\"wordCount\":557,\"commentCount\":0,\"publisher\":{\"@id\":\"https:\\\/\\\/www.cidademarketing.com.br\\\/marketing\\\/#organization\"},\"image\":{\"@id\":\"https:\\\/\\\/www.cidademarketing.com.br\\\/marketing\\\/2021\\\/10\\\/26\\\/instituto-avon-lanca-webserie-especial-para-conscientizacao-sobre-cancer-de-mama\\\/#primaryimage\"},\"thumbnailUrl\":\"https:\\\/\\\/www.cidademarketing.com.br\\\/marketing\\\/wp-content\\\/uploads\\\/2021\\\/10\\\/Manas-do-Peito.jpg\",\"keywords\":[\"c\u00e2ncer de mama\",\"estrat\u00e9gia\",\"Instituto Avon\",\"marketing\",\"webs\u00e9rie\"],\"articleSection\":[\"Not\u00edcias\"],\"inLanguage\":\"pt-BR\",\"potentialAction\":[{\"@type\":\"CommentAction\",\"name\":\"Comment\",\"target\":[\"https:\\\/\\\/www.cidademarketing.com.br\\\/marketing\\\/2021\\\/10\\\/26\\\/instituto-avon-lanca-webserie-especial-para-conscientizacao-sobre-cancer-de-mama\\\/#respond\"]}]},{\"@type\":\"WebPage\",\"@id\":\"https:\\\/\\\/www.cidademarketing.com.br\\\/marketing\\\/2021\\\/10\\\/26\\\/instituto-avon-lanca-webserie-especial-para-conscientizacao-sobre-cancer-de-mama\\\/\",\"url\":\"https:\\\/\\\/www.cidademarketing.com.br\\\/marketing\\\/2021\\\/10\\\/26\\\/instituto-avon-lanca-webserie-especial-para-conscientizacao-sobre-cancer-de-mama\\\/\",\"name\":\"Instituto Avon lan\u00e7a webs\u00e9rie especial para conscientiza\u00e7\u00e3o sobre c\u00e2ncer de mama - CidadeMarketing\",\"isPartOf\":{\"@id\":\"https:\\\/\\\/www.cidademarketing.com.br\\\/marketing\\\/#website\"},\"primaryImageOfPage\":{\"@id\":\"https:\\\/\\\/www.cidademarketing.com.br\\\/marketing\\\/2021\\\/10\\\/26\\\/instituto-avon-lanca-webserie-especial-para-conscientizacao-sobre-cancer-de-mama\\\/#primaryimage\"},\"image\":{\"@id\":\"https:\\\/\\\/www.cidademarketing.com.br\\\/marketing\\\/2021\\\/10\\\/26\\\/instituto-avon-lanca-webserie-especial-para-conscientizacao-sobre-cancer-de-mama\\\/#primaryimage\"},\"thumbnailUrl\":\"https:\\\/\\\/www.cidademarketing.com.br\\\/marketing\\\/wp-content\\\/uploads\\\/2021\\\/10\\\/Manas-do-Peito.jpg\",\"datePublished\":\"2021-10-26T18:31:19+00:00\",\"dateModified\":\"2021-10-26T18:31:40+00:00\",\"breadcrumb\":{\"@id\":\"https:\\\/\\\/www.cidademarketing.com.br\\\/marketing\\\/2021\\\/10\\\/26\\\/instituto-avon-lanca-webserie-especial-para-conscientizacao-sobre-cancer-de-mama\\\/#breadcrumb\"},\"inLanguage\":\"pt-BR\",\"potentialAction\":[{\"@type\":\"ReadAction\",\"target\":[\"https:\\\/\\\/www.cidademarketing.com.br\\\/marketing\\\/2021\\\/10\\\/26\\\/instituto-avon-lanca-webserie-especial-para-conscientizacao-sobre-cancer-de-mama\\\/\"]}]},{\"@type\":\"ImageObject\",\"inLanguage\":\"pt-BR\",\"@id\":\"https:\\\/\\\/www.cidademarketing.com.br\\\/marketing\\\/2021\\\/10\\\/26\\\/instituto-avon-lanca-webserie-especial-para-conscientizacao-sobre-cancer-de-mama\\\/#primaryimage\",\"url\":\"https:\\\/\\\/www.cidademarketing.com.br\\\/marketing\\\/wp-content\\\/uploads\\\/2021\\\/10\\\/Manas-do-Peito.jpg\",\"contentUrl\":\"https:\\\/\\\/www.cidademarketing.com.br\\\/marketing\\\/wp-content\\\/uploads\\\/2021\\\/10\\\/Manas-do-Peito.jpg\",\"width\":1080,\"height\":1920},{\"@type\":\"BreadcrumbList\",\"@id\":\"https:\\\/\\\/www.cidademarketing.com.br\\\/marketing\\\/2021\\\/10\\\/26\\\/instituto-avon-lanca-webserie-especial-para-conscientizacao-sobre-cancer-de-mama\\\/#breadcrumb\",\"itemListElement\":[{\"@type\":\"ListItem\",\"position\":1,\"name\":\"In\u00edcio\",\"item\":\"https:\\\/\\\/www.cidademarketing.com.br\\\/marketing\\\/\"},{\"@type\":\"ListItem\",\"position\":2,\"name\":\"Instituto Avon lan\u00e7a webs\u00e9rie especial para conscientiza\u00e7\u00e3o sobre c\u00e2ncer de mama\"}]},{\"@type\":\"WebSite\",\"@id\":\"https:\\\/\\\/www.cidademarketing.com.br\\\/marketing\\\/#website\",\"url\":\"https:\\\/\\\/www.cidademarketing.com.br\\\/marketing\\\/\",\"name\":\"CidadeMarketing\",\"description\":\"Somos um ve\u00edculo de comunica\u00e7\u00e3o de destaque no Brasil, reconhecido por conte\u00fados nos segmentos de marketing, empreendedorismo e inova\u00e7\u00e3o.\",\"publisher\":{\"@id\":\"https:\\\/\\\/www.cidademarketing.com.br\\\/marketing\\\/#organization\"},\"alternateName\":\"CidadeMarketing\",\"potentialAction\":[{\"@type\":\"SearchAction\",\"target\":{\"@type\":\"EntryPoint\",\"urlTemplate\":\"https:\\\/\\\/www.cidademarketing.com.br\\\/marketing\\\/?s={search_term_string}\"},\"query-input\":{\"@type\":\"PropertyValueSpecification\",\"valueRequired\":true,\"valueName\":\"search_term_string\"}}],\"inLanguage\":\"pt-BR\"},{\"@type\":\"Organization\",\"@id\":\"https:\\\/\\\/www.cidademarketing.com.br\\\/marketing\\\/#organization\",\"name\":\"CidadeMarketing\",\"alternateName\":\"CidadeMarketing\",\"url\":\"https:\\\/\\\/www.cidademarketing.com.br\\\/marketing\\\/\",\"logo\":{\"@type\":\"ImageObject\",\"inLanguage\":\"pt-BR\",\"@id\":\"https:\\\/\\\/www.cidademarketing.com.br\\\/marketing\\\/#\\\/schema\\\/logo\\\/image\\\/\",\"url\":\"https:\\\/\\\/www.cidademarketing.com.br\\\/marketing\\\/wp-content\\\/uploads\\\/2020\\\/01\\\/cidademarketing_marca_mobile.png\",\"contentUrl\":\"https:\\\/\\\/www.cidademarketing.com.br\\\/marketing\\\/wp-content\\\/uploads\\\/2020\\\/01\\\/cidademarketing_marca_mobile.png\",\"width\":230,\"height\":92,\"caption\":\"CidadeMarketing\"},\"image\":{\"@id\":\"https:\\\/\\\/www.cidademarketing.com.br\\\/marketing\\\/#\\\/schema\\\/logo\\\/image\\\/\"},\"sameAs\":[\"https:\\\/\\\/www.facebook.com\\\/portalcidademarketing\",\"https:\\\/\\\/x.com\\\/CidadeMarketing\",\"https:\\\/\\\/www.instagram.com\\\/cidademarketing\\\/\"]},{\"@type\":\"Person\",\"@id\":\"https:\\\/\\\/www.cidademarketing.com.br\\\/marketing\\\/#\\\/schema\\\/person\\\/02daff9f18bd9378c9e01eb6b2db155f\",\"name\":\"Thales Brand\u00e3o\",\"image\":{\"@type\":\"ImageObject\",\"inLanguage\":\"pt-BR\",\"@id\":\"https:\\\/\\\/secure.gravatar.com\\\/avatar\\\/7ca3206950207cc3cb48feec56a8a7898741ab725c368d99d5d7a5a50aab80c6?s=96&d=mm&r=g\",\"url\":\"https:\\\/\\\/secure.gravatar.com\\\/avatar\\\/7ca3206950207cc3cb48feec56a8a7898741ab725c368d99d5d7a5a50aab80c6?s=96&d=mm&r=g\",\"contentUrl\":\"https:\\\/\\\/secure.gravatar.com\\\/avatar\\\/7ca3206950207cc3cb48feec56a8a7898741ab725c368d99d5d7a5a50aab80c6?s=96&d=mm&r=g\",\"caption\":\"Thales Brand\u00e3o\"},\"description\":\"Editor Executivo do Portal CidadeMarketing.com.br &gt; Mestre em Comunica\u00e7\u00e3o e Sociedade pela Universidade Federal de Sergipe. Possui MBA Executivo em Administra\u00e7\u00e3o com \u00eanfase em Marketing pela Funda\u00e7\u00e3o Get\u00falio Vargas - Rio de Janeiro. Consultor, Palestrante e Pesquisador sobre Empreendedorismo, Marketing, Redes Sociais e Neg\u00f3cios Digitais. Professor, Palestrante TedxTalks e Campus Party. Twitter: @ThalesBrandao\",\"sameAs\":[\"http:\\\/\\\/www.mandacaru.com.br\",\"https:\\\/\\\/www.facebook.com\\\/thalesbrandao\",\"http:\\\/\\\/www.instagram.com.br\\\/thalesbrandaoferreira\",\"https:\\\/\\\/www.linkedin.com\\\/in\\\/thales-brand\u00e3o-3948609\\\/\",\"https:\\\/\\\/x.com\\\/http:\\\/\\\/www.twitter.com\\\/thalesbrandao\"],\"url\":\"https:\\\/\\\/www.cidademarketing.com.br\\\/marketing\\\/author\\\/thalesbrandao\\\/\"}]}<\/script>\n<!-- \/ Yoast SEO plugin. -->","yoast_head_json":{"title":"Instituto Avon lan\u00e7a webs\u00e9rie especial para conscientiza\u00e7\u00e3o sobre c\u00e2ncer de mama - CidadeMarketing","robots":{"index":"index","follow":"follow","max-snippet":"max-snippet:-1","max-image-preview":"max-image-preview:large","max-video-preview":"max-video-preview:-1"},"canonical":"https:\/\/www.cidademarketing.com.br\/marketing\/2021\/10\/26\/instituto-avon-lanca-webserie-especial-para-conscientizacao-sobre-cancer-de-mama\/","og_locale":"pt_BR","og_type":"article","og_title":"Instituto Avon lan\u00e7a webs\u00e9rie especial para conscientiza\u00e7\u00e3o sobre c\u00e2ncer de mama - CidadeMarketing","og_description":"Informa\u00e7\u00e3o \u00e9 poder contra o c\u00e2ncer de mama, por isso, o Instituto Avon \u2013 organiza\u00e7\u00e3o n\u00e3o-governamental que atua na defesa de direitos fundamentais da mulher, por meio de a\u00e7\u00f5es e iniciativas na resposta ao c\u00e2ncer de mama e no enfrentamento \u00e0 viol\u00eancia contra mulheres e meninas \u2013 lan\u00e7ou a webs\u00e9rie \u201cManas do Peito\u201d em seu [&hellip;]","og_url":"https:\/\/www.cidademarketing.com.br\/marketing\/2021\/10\/26\/instituto-avon-lanca-webserie-especial-para-conscientizacao-sobre-cancer-de-mama\/","og_site_name":"CidadeMarketing","article_publisher":"https:\/\/www.facebook.com\/portalcidademarketing","article_author":"https:\/\/www.facebook.com\/thalesbrandao","article_published_time":"2021-10-26T18:31:19+00:00","article_modified_time":"2021-10-26T18:31:40+00:00","og_image":[{"width":1080,"height":1920,"url":"https:\/\/www.cidademarketing.com.br\/marketing\/wp-content\/uploads\/2021\/10\/Manas-do-Peito.jpg","type":"image\/jpeg"}],"author":"Thales Brand\u00e3o","twitter_card":"summary_large_image","twitter_creator":"@http:\/\/www.twitter.com\/thalesbrandao","twitter_site":"@CidadeMarketing","twitter_misc":{"Escrito por":"Thales Brand\u00e3o","Est. tempo de leitura":"3 minutos"},"schema":{"@context":"https:\/\/schema.org","@graph":[{"@type":"Article","@id":"https:\/\/www.cidademarketing.com.br\/marketing\/2021\/10\/26\/instituto-avon-lanca-webserie-especial-para-conscientizacao-sobre-cancer-de-mama\/#article","isPartOf":{"@id":"https:\/\/www.cidademarketing.com.br\/marketing\/2021\/10\/26\/instituto-avon-lanca-webserie-especial-para-conscientizacao-sobre-cancer-de-mama\/"},"author":{"name":"Thales Brand\u00e3o","@id":"https:\/\/www.cidademarketing.com.br\/marketing\/#\/schema\/person\/02daff9f18bd9378c9e01eb6b2db155f"},"headline":"Instituto Avon lan\u00e7a webs\u00e9rie especial para conscientiza\u00e7\u00e3o sobre c\u00e2ncer de mama","datePublished":"2021-10-26T18:31:19+00:00","dateModified":"2021-10-26T18:31:40+00:00","mainEntityOfPage":{"@id":"https:\/\/www.cidademarketing.com.br\/marketing\/2021\/10\/26\/instituto-avon-lanca-webserie-especial-para-conscientizacao-sobre-cancer-de-mama\/"},"wordCount":557,"commentCount":0,"publisher":{"@id":"https:\/\/www.cidademarketing.com.br\/marketing\/#organization"},"image":{"@id":"https:\/\/www.cidademarketing.com.br\/marketing\/2021\/10\/26\/instituto-avon-lanca-webserie-especial-para-conscientizacao-sobre-cancer-de-mama\/#primaryimage"},"thumbnailUrl":"https:\/\/www.cidademarketing.com.br\/marketing\/wp-content\/uploads\/2021\/10\/Manas-do-Peito.jpg","keywords":["c\u00e2ncer de mama","estrat\u00e9gia","Instituto Avon","marketing","webs\u00e9rie"],"articleSection":["Not\u00edcias"],"inLanguage":"pt-BR","potentialAction":[{"@type":"CommentAction","name":"Comment","target":["https:\/\/www.cidademarketing.com.br\/marketing\/2021\/10\/26\/instituto-avon-lanca-webserie-especial-para-conscientizacao-sobre-cancer-de-mama\/#respond"]}]},{"@type":"WebPage","@id":"https:\/\/www.cidademarketing.com.br\/marketing\/2021\/10\/26\/instituto-avon-lanca-webserie-especial-para-conscientizacao-sobre-cancer-de-mama\/","url":"https:\/\/www.cidademarketing.com.br\/marketing\/2021\/10\/26\/instituto-avon-lanca-webserie-especial-para-conscientizacao-sobre-cancer-de-mama\/","name":"Instituto Avon lan\u00e7a webs\u00e9rie especial para conscientiza\u00e7\u00e3o sobre c\u00e2ncer de mama - CidadeMarketing","isPartOf":{"@id":"https:\/\/www.cidademarketing.com.br\/marketing\/#website"},"primaryImageOfPage":{"@id":"https:\/\/www.cidademarketing.com.br\/marketing\/2021\/10\/26\/instituto-avon-lanca-webserie-especial-para-conscientizacao-sobre-cancer-de-mama\/#primaryimage"},"image":{"@id":"https:\/\/www.cidademarketing.com.br\/marketing\/2021\/10\/26\/instituto-avon-lanca-webserie-especial-para-conscientizacao-sobre-cancer-de-mama\/#primaryimage"},"thumbnailUrl":"https:\/\/www.cidademarketing.com.br\/marketing\/wp-content\/uploads\/2021\/10\/Manas-do-Peito.jpg","datePublished":"2021-10-26T18:31:19+00:00","dateModified":"2021-10-26T18:31:40+00:00","breadcrumb":{"@id":"https:\/\/www.cidademarketing.com.br\/marketing\/2021\/10\/26\/instituto-avon-lanca-webserie-especial-para-conscientizacao-sobre-cancer-de-mama\/#breadcrumb"},"inLanguage":"pt-BR","potentialAction":[{"@type":"ReadAction","target":["https:\/\/www.cidademarketing.com.br\/marketing\/2021\/10\/26\/instituto-avon-lanca-webserie-especial-para-conscientizacao-sobre-cancer-de-mama\/"]}]},{"@type":"ImageObject","inLanguage":"pt-BR","@id":"https:\/\/www.cidademarketing.com.br\/marketing\/2021\/10\/26\/instituto-avon-lanca-webserie-especial-para-conscientizacao-sobre-cancer-de-mama\/#primaryimage","url":"https:\/\/www.cidademarketing.com.br\/marketing\/wp-content\/uploads\/2021\/10\/Manas-do-Peito.jpg","contentUrl":"https:\/\/www.cidademarketing.com.br\/marketing\/wp-content\/uploads\/2021\/10\/Manas-do-Peito.jpg","width":1080,"height":1920},{"@type":"BreadcrumbList","@id":"https:\/\/www.cidademarketing.com.br\/marketing\/2021\/10\/26\/instituto-avon-lanca-webserie-especial-para-conscientizacao-sobre-cancer-de-mama\/#breadcrumb","itemListElement":[{"@type":"ListItem","position":1,"name":"In\u00edcio","item":"https:\/\/www.cidademarketing.com.br\/marketing\/"},{"@type":"ListItem","position":2,"name":"Instituto Avon lan\u00e7a webs\u00e9rie especial para conscientiza\u00e7\u00e3o sobre c\u00e2ncer de mama"}]},{"@type":"WebSite","@id":"https:\/\/www.cidademarketing.com.br\/marketing\/#website","url":"https:\/\/www.cidademarketing.com.br\/marketing\/","name":"CidadeMarketing","description":"Somos um ve\u00edculo de comunica\u00e7\u00e3o de destaque no Brasil, reconhecido por conte\u00fados nos segmentos de marketing, empreendedorismo e inova\u00e7\u00e3o.","publisher":{"@id":"https:\/\/www.cidademarketing.com.br\/marketing\/#organization"},"alternateName":"CidadeMarketing","potentialAction":[{"@type":"SearchAction","target":{"@type":"EntryPoint","urlTemplate":"https:\/\/www.cidademarketing.com.br\/marketing\/?s={search_term_string}"},"query-input":{"@type":"PropertyValueSpecification","valueRequired":true,"valueName":"search_term_string"}}],"inLanguage":"pt-BR"},{"@type":"Organization","@id":"https:\/\/www.cidademarketing.com.br\/marketing\/#organization","name":"CidadeMarketing","alternateName":"CidadeMarketing","url":"https:\/\/www.cidademarketing.com.br\/marketing\/","logo":{"@type":"ImageObject","inLanguage":"pt-BR","@id":"https:\/\/www.cidademarketing.com.br\/marketing\/#\/schema\/logo\/image\/","url":"https:\/\/www.cidademarketing.com.br\/marketing\/wp-content\/uploads\/2020\/01\/cidademarketing_marca_mobile.png","contentUrl":"https:\/\/www.cidademarketing.com.br\/marketing\/wp-content\/uploads\/2020\/01\/cidademarketing_marca_mobile.png","width":230,"height":92,"caption":"CidadeMarketing"},"image":{"@id":"https:\/\/www.cidademarketing.com.br\/marketing\/#\/schema\/logo\/image\/"},"sameAs":["https:\/\/www.facebook.com\/portalcidademarketing","https:\/\/x.com\/CidadeMarketing","https:\/\/www.instagram.com\/cidademarketing\/"]},{"@type":"Person","@id":"https:\/\/www.cidademarketing.com.br\/marketing\/#\/schema\/person\/02daff9f18bd9378c9e01eb6b2db155f","name":"Thales Brand\u00e3o","image":{"@type":"ImageObject","inLanguage":"pt-BR","@id":"https:\/\/secure.gravatar.com\/avatar\/7ca3206950207cc3cb48feec56a8a7898741ab725c368d99d5d7a5a50aab80c6?s=96&d=mm&r=g","url":"https:\/\/secure.gravatar.com\/avatar\/7ca3206950207cc3cb48feec56a8a7898741ab725c368d99d5d7a5a50aab80c6?s=96&d=mm&r=g","contentUrl":"https:\/\/secure.gravatar.com\/avatar\/7ca3206950207cc3cb48feec56a8a7898741ab725c368d99d5d7a5a50aab80c6?s=96&d=mm&r=g","caption":"Thales Brand\u00e3o"},"description":"Editor Executivo do Portal CidadeMarketing.com.br &gt; Mestre em Comunica\u00e7\u00e3o e Sociedade pela Universidade Federal de Sergipe. Possui MBA Executivo em Administra\u00e7\u00e3o com \u00eanfase em Marketing pela Funda\u00e7\u00e3o Get\u00falio Vargas - Rio de Janeiro. Consultor, Palestrante e Pesquisador sobre Empreendedorismo, Marketing, Redes Sociais e Neg\u00f3cios Digitais. Professor, Palestrante TedxTalks e Campus Party. Twitter: @ThalesBrandao","sameAs":["http:\/\/www.mandacaru.com.br","https:\/\/www.facebook.com\/thalesbrandao","http:\/\/www.instagram.com.br\/thalesbrandaoferreira","https:\/\/www.linkedin.com\/in\/thales-brand\u00e3o-3948609\/","https:\/\/x.com\/http:\/\/www.twitter.com\/thalesbrandao"],"url":"https:\/\/www.cidademarketing.com.br\/marketing\/author\/thalesbrandao\/"}]}},"amp_enabled":true,"_links":{"self":[{"href":"https:\/\/www.cidademarketing.com.br\/marketing\/wp-json\/wp\/v2\/posts\/30968","targetHints":{"allow":["GET"]}}],"collection":[{"href":"https:\/\/www.cidademarketing.com.br\/marketing\/wp-json\/wp\/v2\/posts"}],"about":[{"href":"https:\/\/www.cidademarketing.com.br\/marketing\/wp-json\/wp\/v2\/types\/post"}],"author":[{"embeddable":true,"href":"https:\/\/www.cidademarketing.com.br\/marketing\/wp-json\/wp\/v2\/users\/1"}],"replies":[{"embeddable":true,"href":"https:\/\/www.cidademarketing.com.br\/marketing\/wp-json\/wp\/v2\/comments?post=30968"}],"version-history":[{"count":1,"href":"https:\/\/www.cidademarketing.com.br\/marketing\/wp-json\/wp\/v2\/posts\/30968\/revisions"}],"predecessor-version":[{"id":30970,"href":"https:\/\/www.cidademarketing.com.br\/marketing\/wp-json\/wp\/v2\/posts\/30968\/revisions\/30970"}],"wp:featuredmedia":[{"embeddable":true,"href":"https:\/\/www.cidademarketing.com.br\/marketing\/wp-json\/wp\/v2\/media\/30969"}],"wp:attachment":[{"href":"https:\/\/www.cidademarketing.com.br\/marketing\/wp-json\/wp\/v2\/media?parent=30968"}],"wp:term":[{"taxonomy":"category","embeddable":true,"href":"https:\/\/www.cidademarketing.com.br\/marketing\/wp-json\/wp\/v2\/categories?post=30968"},{"taxonomy":"post_tag","embeddable":true,"href":"https:\/\/www.cidademarketing.com.br\/marketing\/wp-json\/wp\/v2\/tags?post=30968"}],"curies":[{"name":"wp","href":"https:\/\/api.w.org\/{rel}","templated":true}]}}