{"id":30956,"date":"2021-10-26T13:25:55","date_gmt":"2021-10-26T16:25:55","guid":{"rendered":"https:\/\/www.cidademarketing.com.br\/marketing\/?p=30956"},"modified":"2021-10-26T13:25:58","modified_gmt":"2021-10-26T16:25:58","slug":"bienal-do-livro-rio-anuncia-patrocinadores-para-a-edicao-deste-ano","status":"publish","type":"post","link":"https:\/\/www.cidademarketing.com.br\/marketing\/2021\/10\/26\/bienal-do-livro-rio-anuncia-patrocinadores-para-a-edicao-deste-ano\/","title":{"rendered":"Bienal do Livro Rio anuncia patrocinadores para a edi\u00e7\u00e3o deste ano"},"content":{"rendered":"\n<p><\/p><iframe src=\"https:\/\/open.spotify.com\/embed\/show\/4khMKzP3FgFRWVwb73xicc\" width=\"100%\" height=\"232\" frameBorder=\"0\" allowtransparency=\"true\" allow=\"encrypted-media\"><\/iframe>\t\n\n\n\n\n<p>A <a href=\"https:\/\/bienaldolivro.com.br\/\" data-type=\"URL\" data-id=\"https:\/\/bienaldolivro.com.br\/\" target=\"_blank\" rel=\"noreferrer noopener\">Bienal do Livro Rio<\/a>, o maior festival de cultura e literatura do Brasil,\u00a0confirma a edi\u00e7\u00e3o deste ano, e conta com o apoio de grandes\u00a0empresas\u00a0para promover experi\u00eancias incr\u00edveis e conte\u00fado\u00a0plural e diverso aos visitantes. H\u00edbrida, a Bienal ser\u00e1 realizada entre os dias 3 e 12 de dezembro, no Riocentro, na Barra da Tijuca.<\/p>\n\n\n\n<p>A programa\u00e7\u00e3o&nbsp;cultural, que envolve autores renomados, artistas e formadores de opini\u00e3o em&nbsp;bate papos&nbsp;sobre os mais variados temas da atualidade, est\u00e1 sendo patrocinada pela Colgate. Desta vez, a Bienal traz a Esta\u00e7\u00e3o Plural, que promete analisar por diferentes perspectivas \u201cquem \u00e9ramos, quem somos e o que vamos ser daqui para frente\u201d.<\/p>\n\n\n\n<p>J\u00e1 a Petrobras, \u00e9 a patrocinadora do Espa\u00e7o Infantil,&nbsp;uma \u00e1rea de&nbsp;600m2,&nbsp;que ter\u00e1 uma programa\u00e7\u00e3o l\u00fadica, interativa e&nbsp;pedag\u00f3gica, visando despertar a&nbsp;criatividade, a imagina\u00e7\u00e3o e o interesse dos pequenos viistantes&nbsp;pelas&nbsp;narrativas.&nbsp;&nbsp;<\/p>\n\n\n\n<p>A BIC, por sua vez, lan\u00e7a com a organiza\u00e7\u00e3o do festival o concurso&nbsp;<em>Bienal do Livro Rio e BIC: entre cores e contos,&nbsp;<\/em>voltado para crian\u00e7as de 5 a 10 anos, que far\u00e3o seus desenhos baseados em um conto escrito por Ot\u00e1vio Junior, autor do livro \u201cDa Minha Janela\u201d e vencedor do Pr\u00eamio Jabuti (2020). O desenho vencedor ir\u00e1 ilustrar a hist\u00f3ria escrita por Ot\u00e1vio, al\u00e9m de ganhar um&nbsp;painel&nbsp;exclusivo na Bienal.&nbsp;<\/p>\n\n\n\n<p>A OLX Brasil tamb\u00e9m participa com uma a\u00e7\u00e3o de conscientiza\u00e7\u00e3o para uma vida mais sustent\u00e1vel, ao promover&nbsp;conte\u00fado sobre o tema na plataforma da Bienal, e uma&nbsp;uma a\u00e7\u00e3o de&nbsp;doa\u00e7\u00f5es de livros&nbsp;no evento.&nbsp;Isso porque cada pessoa que levar um livro para doa\u00e7\u00e3o durante o festival, vai ganhar&nbsp;um QRcode&nbsp;destinado ao download gratuito de um&nbsp;<em>e-book<\/em>.<\/p>\n\n\n\n<p>J\u00e1 no digital, o Submarino marca presen\u00e7a patrocinando a plataforma Bienal 360\u00b0, um hub de conte\u00fado di\u00e1rio hospedado no site do evento, que traz informa\u00e7\u00f5es multim\u00eddia sobre cultura, sociedade, atualidades e mercado liter\u00e1rio.&nbsp;Lan\u00e7ada em janeiro deste ano, a plataforma permite ampliar o alcance do conhecimento gerado na Bienal, que passa a estar presente, de forma constante na vida do p\u00fablico interessado em obras e narrativas, entrevistas, encontros e debates com autores, indica\u00e7\u00f5es e an\u00e1lises de livros, filmes e s\u00e9ries que se conectam com o universo da literatura. Al\u00e9m disso,&nbsp;tamb\u00e9m&nbsp;em parceria com o Submarino, e-commerce oficial da plataforma,&nbsp;\u00e9&nbsp;poss\u00edvel comprar livros e encontrar os grandes lan\u00e7amentos do mercado.&nbsp;<\/p>\n\n\n\n<p>A empresa Supergasbras e o grupo Transegur tamb\u00e9m patrocinam o evento, e a Tecnoset \u00e9 apoiadora Cultural do festival.&nbsp;<\/p>\n\n\n\n<p>Para Tatiana Zaccaro, diretora da GL events e respons\u00e1vel pela Bienal do Livro Rio, que \u00e9 realizada em parceria com o Sindicato Nacional dos Editores de Livros (SNEL),&nbsp;\u00e9&nbsp;muito importante contar com patrocinadores que tamb\u00e9m acreditam no universo liter\u00e1rio como um elemento de transforma\u00e7\u00e3o.<\/p>\n\n\n\n<p>\u201cSabemos que n\u00e3o h\u00e1 futuro sem cultura, e que a literatura\u00a0\u00e9\u00a0elemento transformador da Educa\u00e7\u00e3o no Brasil. Em um momento em que os n\u00fameros apontam o aumento de vendas de livros, alta de 48,5% em rela\u00e7\u00e3o a 2020, o reencontro ser\u00e1 ainda mais especial. O olho no olho, as m\u00faltiplas trocas possibilitadas por\u00a0bate papos e\u00a0os\u00a0encontros presenciais entre autor e p\u00fablico fazem jus ao esfor\u00e7o dos patrocinadores para nos apoiar a reunir a comunidade apaixonada pelo maior festival liter\u00e1rio brasileiro\u201d, afirma Tatiana.\u00a0<\/p>\n\n\n\n<p><\/p><iframe allow=\"autoplay *; encrypted-media *; fullscreen *\" frameborder=\"0\" height=\"450\" style=\"width:100%;max-width:660px;overflow:hidden;background:transparent;\" sandbox=\"allow-forms allow-popups allow-same-origin allow-scripts allow-storage-access-by-user-activation allow-top-navigation-by-user-activation\" src=\"https:\/\/embed.podcasts.apple.com\/br\/podcast\/podcast-cidademarketing\/id1371923283\"><\/iframe>\n\n","protected":false},"excerpt":{"rendered":"<p>A Bienal do Livro Rio, o maior festival de cultura e literatura do Brasil,\u00a0confirma a edi\u00e7\u00e3o deste ano, e conta com o apoio de grandes\u00a0empresas\u00a0para promover experi\u00eancias incr\u00edveis e conte\u00fado\u00a0plural e diverso aos visitantes. H\u00edbrida, a Bienal ser\u00e1 realizada entre os dias 3 e 12 de dezembro, no Riocentro, na Barra da Tijuca. A programa\u00e7\u00e3o&nbsp;cultural, [&hellip;]<\/p>\n","protected":false},"author":1,"featured_media":11600,"comment_status":"open","ping_status":"open","sticky":false,"template":"","format":"standard","meta":{"tdm_status":"","tdm_grid_status":"","footnotes":""},"categories":[6],"tags":[2424,1142,33,28,447],"class_list":["post-30956","post","type-post","status-publish","format-standard","has-post-thumbnail","hentry","category-noticias","tag-bienal-do-livro-rio","tag-editorial","tag-estrategia","tag-marketing","tag-patrocinio"],"yoast_head":"<!-- This site is optimized with the Yoast SEO plugin v27.5 - https:\/\/yoast.com\/product\/yoast-seo-wordpress\/ -->\n<title>Bienal do Livro Rio anuncia patrocinadores para a edi\u00e7\u00e3o deste ano - CidadeMarketing<\/title>\n<meta name=\"robots\" content=\"index, follow, max-snippet:-1, max-image-preview:large, max-video-preview:-1\" \/>\n<link rel=\"canonical\" href=\"https:\/\/www.cidademarketing.com.br\/marketing\/2021\/10\/26\/bienal-do-livro-rio-anuncia-patrocinadores-para-a-edicao-deste-ano\/\" \/>\n<meta property=\"og:locale\" content=\"pt_BR\" \/>\n<meta property=\"og:type\" content=\"article\" \/>\n<meta property=\"og:title\" content=\"Bienal do Livro Rio anuncia patrocinadores para a edi\u00e7\u00e3o deste ano - CidadeMarketing\" \/>\n<meta property=\"og:description\" content=\"A Bienal do Livro Rio, o maior festival de cultura e literatura do Brasil,\u00a0confirma a edi\u00e7\u00e3o deste ano, e conta com o apoio de grandes\u00a0empresas\u00a0para promover experi\u00eancias incr\u00edveis e conte\u00fado\u00a0plural e diverso aos visitantes. H\u00edbrida, a Bienal ser\u00e1 realizada entre os dias 3 e 12 de dezembro, no Riocentro, na Barra da Tijuca. A programa\u00e7\u00e3o&nbsp;cultural, [&hellip;]\" \/>\n<meta property=\"og:url\" content=\"https:\/\/www.cidademarketing.com.br\/marketing\/2021\/10\/26\/bienal-do-livro-rio-anuncia-patrocinadores-para-a-edicao-deste-ano\/\" \/>\n<meta property=\"og:site_name\" content=\"CidadeMarketing\" \/>\n<meta property=\"article:publisher\" content=\"https:\/\/www.facebook.com\/portalcidademarketing\" \/>\n<meta property=\"article:author\" content=\"https:\/\/www.facebook.com\/thalesbrandao\" \/>\n<meta property=\"article:published_time\" content=\"2021-10-26T16:25:55+00:00\" \/>\n<meta property=\"article:modified_time\" content=\"2021-10-26T16:25:58+00:00\" \/>\n<meta property=\"og:image\" content=\"https:\/\/www.cidademarketing.com.br\/marketing\/wp-content\/uploads\/2019\/09\/cropped-bienaldolivro_rio.jpg\" \/>\n\t<meta property=\"og:image:width\" content=\"1024\" \/>\n\t<meta property=\"og:image:height\" content=\"576\" \/>\n\t<meta property=\"og:image:type\" content=\"image\/jpeg\" \/>\n<meta name=\"author\" content=\"Thales Brand\u00e3o\" \/>\n<meta name=\"twitter:card\" content=\"summary_large_image\" \/>\n<meta name=\"twitter:creator\" content=\"@http:\/\/www.twitter.com\/thalesbrandao\" \/>\n<meta name=\"twitter:site\" content=\"@CidadeMarketing\" \/>\n<meta name=\"twitter:label1\" content=\"Escrito por\" \/>\n\t<meta name=\"twitter:data1\" content=\"Thales Brand\u00e3o\" \/>\n\t<meta name=\"twitter:label2\" content=\"Est. tempo de leitura\" \/>\n\t<meta name=\"twitter:data2\" content=\"3 minutos\" \/>\n<script type=\"application\/ld+json\" class=\"yoast-schema-graph\">{\"@context\":\"https:\\\/\\\/schema.org\",\"@graph\":[{\"@type\":\"Article\",\"@id\":\"https:\\\/\\\/www.cidademarketing.com.br\\\/marketing\\\/2021\\\/10\\\/26\\\/bienal-do-livro-rio-anuncia-patrocinadores-para-a-edicao-deste-ano\\\/#article\",\"isPartOf\":{\"@id\":\"https:\\\/\\\/www.cidademarketing.com.br\\\/marketing\\\/2021\\\/10\\\/26\\\/bienal-do-livro-rio-anuncia-patrocinadores-para-a-edicao-deste-ano\\\/\"},\"author\":{\"name\":\"Thales Brand\u00e3o\",\"@id\":\"https:\\\/\\\/www.cidademarketing.com.br\\\/marketing\\\/#\\\/schema\\\/person\\\/02daff9f18bd9378c9e01eb6b2db155f\"},\"headline\":\"Bienal do Livro Rio anuncia patrocinadores para a edi\u00e7\u00e3o deste ano\",\"datePublished\":\"2021-10-26T16:25:55+00:00\",\"dateModified\":\"2021-10-26T16:25:58+00:00\",\"mainEntityOfPage\":{\"@id\":\"https:\\\/\\\/www.cidademarketing.com.br\\\/marketing\\\/2021\\\/10\\\/26\\\/bienal-do-livro-rio-anuncia-patrocinadores-para-a-edicao-deste-ano\\\/\"},\"wordCount\":627,\"commentCount\":0,\"publisher\":{\"@id\":\"https:\\\/\\\/www.cidademarketing.com.br\\\/marketing\\\/#organization\"},\"image\":{\"@id\":\"https:\\\/\\\/www.cidademarketing.com.br\\\/marketing\\\/2021\\\/10\\\/26\\\/bienal-do-livro-rio-anuncia-patrocinadores-para-a-edicao-deste-ano\\\/#primaryimage\"},\"thumbnailUrl\":\"https:\\\/\\\/www.cidademarketing.com.br\\\/marketing\\\/wp-content\\\/uploads\\\/2019\\\/09\\\/cropped-bienaldolivro_rio.jpg\",\"keywords\":[\"Bienal do Livro Rio\",\"editorial\",\"estrat\u00e9gia\",\"marketing\",\"patroc\u00ednio\"],\"articleSection\":[\"Not\u00edcias\"],\"inLanguage\":\"pt-BR\",\"potentialAction\":[{\"@type\":\"CommentAction\",\"name\":\"Comment\",\"target\":[\"https:\\\/\\\/www.cidademarketing.com.br\\\/marketing\\\/2021\\\/10\\\/26\\\/bienal-do-livro-rio-anuncia-patrocinadores-para-a-edicao-deste-ano\\\/#respond\"]}]},{\"@type\":\"WebPage\",\"@id\":\"https:\\\/\\\/www.cidademarketing.com.br\\\/marketing\\\/2021\\\/10\\\/26\\\/bienal-do-livro-rio-anuncia-patrocinadores-para-a-edicao-deste-ano\\\/\",\"url\":\"https:\\\/\\\/www.cidademarketing.com.br\\\/marketing\\\/2021\\\/10\\\/26\\\/bienal-do-livro-rio-anuncia-patrocinadores-para-a-edicao-deste-ano\\\/\",\"name\":\"Bienal do Livro Rio anuncia patrocinadores para a edi\u00e7\u00e3o deste ano - CidadeMarketing\",\"isPartOf\":{\"@id\":\"https:\\\/\\\/www.cidademarketing.com.br\\\/marketing\\\/#website\"},\"primaryImageOfPage\":{\"@id\":\"https:\\\/\\\/www.cidademarketing.com.br\\\/marketing\\\/2021\\\/10\\\/26\\\/bienal-do-livro-rio-anuncia-patrocinadores-para-a-edicao-deste-ano\\\/#primaryimage\"},\"image\":{\"@id\":\"https:\\\/\\\/www.cidademarketing.com.br\\\/marketing\\\/2021\\\/10\\\/26\\\/bienal-do-livro-rio-anuncia-patrocinadores-para-a-edicao-deste-ano\\\/#primaryimage\"},\"thumbnailUrl\":\"https:\\\/\\\/www.cidademarketing.com.br\\\/marketing\\\/wp-content\\\/uploads\\\/2019\\\/09\\\/cropped-bienaldolivro_rio.jpg\",\"datePublished\":\"2021-10-26T16:25:55+00:00\",\"dateModified\":\"2021-10-26T16:25:58+00:00\",\"breadcrumb\":{\"@id\":\"https:\\\/\\\/www.cidademarketing.com.br\\\/marketing\\\/2021\\\/10\\\/26\\\/bienal-do-livro-rio-anuncia-patrocinadores-para-a-edicao-deste-ano\\\/#breadcrumb\"},\"inLanguage\":\"pt-BR\",\"potentialAction\":[{\"@type\":\"ReadAction\",\"target\":[\"https:\\\/\\\/www.cidademarketing.com.br\\\/marketing\\\/2021\\\/10\\\/26\\\/bienal-do-livro-rio-anuncia-patrocinadores-para-a-edicao-deste-ano\\\/\"]}]},{\"@type\":\"ImageObject\",\"inLanguage\":\"pt-BR\",\"@id\":\"https:\\\/\\\/www.cidademarketing.com.br\\\/marketing\\\/2021\\\/10\\\/26\\\/bienal-do-livro-rio-anuncia-patrocinadores-para-a-edicao-deste-ano\\\/#primaryimage\",\"url\":\"https:\\\/\\\/www.cidademarketing.com.br\\\/marketing\\\/wp-content\\\/uploads\\\/2019\\\/09\\\/cropped-bienaldolivro_rio.jpg\",\"contentUrl\":\"https:\\\/\\\/www.cidademarketing.com.br\\\/marketing\\\/wp-content\\\/uploads\\\/2019\\\/09\\\/cropped-bienaldolivro_rio.jpg\",\"width\":1024,\"height\":576},{\"@type\":\"BreadcrumbList\",\"@id\":\"https:\\\/\\\/www.cidademarketing.com.br\\\/marketing\\\/2021\\\/10\\\/26\\\/bienal-do-livro-rio-anuncia-patrocinadores-para-a-edicao-deste-ano\\\/#breadcrumb\",\"itemListElement\":[{\"@type\":\"ListItem\",\"position\":1,\"name\":\"In\u00edcio\",\"item\":\"https:\\\/\\\/www.cidademarketing.com.br\\\/marketing\\\/\"},{\"@type\":\"ListItem\",\"position\":2,\"name\":\"Bienal do Livro Rio anuncia patrocinadores para a edi\u00e7\u00e3o deste ano\"}]},{\"@type\":\"WebSite\",\"@id\":\"https:\\\/\\\/www.cidademarketing.com.br\\\/marketing\\\/#website\",\"url\":\"https:\\\/\\\/www.cidademarketing.com.br\\\/marketing\\\/\",\"name\":\"CidadeMarketing\",\"description\":\"Somos um ve\u00edculo de comunica\u00e7\u00e3o de destaque no Brasil, reconhecido por conte\u00fados nos segmentos de marketing, empreendedorismo e inova\u00e7\u00e3o.\",\"publisher\":{\"@id\":\"https:\\\/\\\/www.cidademarketing.com.br\\\/marketing\\\/#organization\"},\"alternateName\":\"CidadeMarketing\",\"potentialAction\":[{\"@type\":\"SearchAction\",\"target\":{\"@type\":\"EntryPoint\",\"urlTemplate\":\"https:\\\/\\\/www.cidademarketing.com.br\\\/marketing\\\/?s={search_term_string}\"},\"query-input\":{\"@type\":\"PropertyValueSpecification\",\"valueRequired\":true,\"valueName\":\"search_term_string\"}}],\"inLanguage\":\"pt-BR\"},{\"@type\":\"Organization\",\"@id\":\"https:\\\/\\\/www.cidademarketing.com.br\\\/marketing\\\/#organization\",\"name\":\"CidadeMarketing\",\"alternateName\":\"CidadeMarketing\",\"url\":\"https:\\\/\\\/www.cidademarketing.com.br\\\/marketing\\\/\",\"logo\":{\"@type\":\"ImageObject\",\"inLanguage\":\"pt-BR\",\"@id\":\"https:\\\/\\\/www.cidademarketing.com.br\\\/marketing\\\/#\\\/schema\\\/logo\\\/image\\\/\",\"url\":\"https:\\\/\\\/www.cidademarketing.com.br\\\/marketing\\\/wp-content\\\/uploads\\\/2020\\\/01\\\/cidademarketing_marca_mobile.png\",\"contentUrl\":\"https:\\\/\\\/www.cidademarketing.com.br\\\/marketing\\\/wp-content\\\/uploads\\\/2020\\\/01\\\/cidademarketing_marca_mobile.png\",\"width\":230,\"height\":92,\"caption\":\"CidadeMarketing\"},\"image\":{\"@id\":\"https:\\\/\\\/www.cidademarketing.com.br\\\/marketing\\\/#\\\/schema\\\/logo\\\/image\\\/\"},\"sameAs\":[\"https:\\\/\\\/www.facebook.com\\\/portalcidademarketing\",\"https:\\\/\\\/x.com\\\/CidadeMarketing\",\"https:\\\/\\\/www.instagram.com\\\/cidademarketing\\\/\"]},{\"@type\":\"Person\",\"@id\":\"https:\\\/\\\/www.cidademarketing.com.br\\\/marketing\\\/#\\\/schema\\\/person\\\/02daff9f18bd9378c9e01eb6b2db155f\",\"name\":\"Thales Brand\u00e3o\",\"image\":{\"@type\":\"ImageObject\",\"inLanguage\":\"pt-BR\",\"@id\":\"https:\\\/\\\/secure.gravatar.com\\\/avatar\\\/7ca3206950207cc3cb48feec56a8a7898741ab725c368d99d5d7a5a50aab80c6?s=96&d=mm&r=g\",\"url\":\"https:\\\/\\\/secure.gravatar.com\\\/avatar\\\/7ca3206950207cc3cb48feec56a8a7898741ab725c368d99d5d7a5a50aab80c6?s=96&d=mm&r=g\",\"contentUrl\":\"https:\\\/\\\/secure.gravatar.com\\\/avatar\\\/7ca3206950207cc3cb48feec56a8a7898741ab725c368d99d5d7a5a50aab80c6?s=96&d=mm&r=g\",\"caption\":\"Thales Brand\u00e3o\"},\"description\":\"Editor Executivo do Portal CidadeMarketing.com.br &gt; Mestre em Comunica\u00e7\u00e3o e Sociedade pela Universidade Federal de Sergipe. Possui MBA Executivo em Administra\u00e7\u00e3o com \u00eanfase em Marketing pela Funda\u00e7\u00e3o Get\u00falio Vargas - Rio de Janeiro. Consultor, Palestrante e Pesquisador sobre Empreendedorismo, Marketing, Redes Sociais e Neg\u00f3cios Digitais. Professor, Palestrante TedxTalks e Campus Party. Twitter: @ThalesBrandao\",\"sameAs\":[\"http:\\\/\\\/www.mandacaru.com.br\",\"https:\\\/\\\/www.facebook.com\\\/thalesbrandao\",\"http:\\\/\\\/www.instagram.com.br\\\/thalesbrandaoferreira\",\"https:\\\/\\\/www.linkedin.com\\\/in\\\/thales-brand\u00e3o-3948609\\\/\",\"https:\\\/\\\/x.com\\\/http:\\\/\\\/www.twitter.com\\\/thalesbrandao\"],\"url\":\"https:\\\/\\\/www.cidademarketing.com.br\\\/marketing\\\/author\\\/thalesbrandao\\\/\"}]}<\/script>\n<!-- \/ Yoast SEO plugin. -->","yoast_head_json":{"title":"Bienal do Livro Rio anuncia patrocinadores para a edi\u00e7\u00e3o deste ano - CidadeMarketing","robots":{"index":"index","follow":"follow","max-snippet":"max-snippet:-1","max-image-preview":"max-image-preview:large","max-video-preview":"max-video-preview:-1"},"canonical":"https:\/\/www.cidademarketing.com.br\/marketing\/2021\/10\/26\/bienal-do-livro-rio-anuncia-patrocinadores-para-a-edicao-deste-ano\/","og_locale":"pt_BR","og_type":"article","og_title":"Bienal do Livro Rio anuncia patrocinadores para a edi\u00e7\u00e3o deste ano - CidadeMarketing","og_description":"A Bienal do Livro Rio, o maior festival de cultura e literatura do Brasil,\u00a0confirma a edi\u00e7\u00e3o deste ano, e conta com o apoio de grandes\u00a0empresas\u00a0para promover experi\u00eancias incr\u00edveis e conte\u00fado\u00a0plural e diverso aos visitantes. H\u00edbrida, a Bienal ser\u00e1 realizada entre os dias 3 e 12 de dezembro, no Riocentro, na Barra da Tijuca. A programa\u00e7\u00e3o&nbsp;cultural, [&hellip;]","og_url":"https:\/\/www.cidademarketing.com.br\/marketing\/2021\/10\/26\/bienal-do-livro-rio-anuncia-patrocinadores-para-a-edicao-deste-ano\/","og_site_name":"CidadeMarketing","article_publisher":"https:\/\/www.facebook.com\/portalcidademarketing","article_author":"https:\/\/www.facebook.com\/thalesbrandao","article_published_time":"2021-10-26T16:25:55+00:00","article_modified_time":"2021-10-26T16:25:58+00:00","og_image":[{"width":1024,"height":576,"url":"https:\/\/www.cidademarketing.com.br\/marketing\/wp-content\/uploads\/2019\/09\/cropped-bienaldolivro_rio.jpg","type":"image\/jpeg"}],"author":"Thales Brand\u00e3o","twitter_card":"summary_large_image","twitter_creator":"@http:\/\/www.twitter.com\/thalesbrandao","twitter_site":"@CidadeMarketing","twitter_misc":{"Escrito por":"Thales Brand\u00e3o","Est. tempo de leitura":"3 minutos"},"schema":{"@context":"https:\/\/schema.org","@graph":[{"@type":"Article","@id":"https:\/\/www.cidademarketing.com.br\/marketing\/2021\/10\/26\/bienal-do-livro-rio-anuncia-patrocinadores-para-a-edicao-deste-ano\/#article","isPartOf":{"@id":"https:\/\/www.cidademarketing.com.br\/marketing\/2021\/10\/26\/bienal-do-livro-rio-anuncia-patrocinadores-para-a-edicao-deste-ano\/"},"author":{"name":"Thales Brand\u00e3o","@id":"https:\/\/www.cidademarketing.com.br\/marketing\/#\/schema\/person\/02daff9f18bd9378c9e01eb6b2db155f"},"headline":"Bienal do Livro Rio anuncia patrocinadores para a edi\u00e7\u00e3o deste ano","datePublished":"2021-10-26T16:25:55+00:00","dateModified":"2021-10-26T16:25:58+00:00","mainEntityOfPage":{"@id":"https:\/\/www.cidademarketing.com.br\/marketing\/2021\/10\/26\/bienal-do-livro-rio-anuncia-patrocinadores-para-a-edicao-deste-ano\/"},"wordCount":627,"commentCount":0,"publisher":{"@id":"https:\/\/www.cidademarketing.com.br\/marketing\/#organization"},"image":{"@id":"https:\/\/www.cidademarketing.com.br\/marketing\/2021\/10\/26\/bienal-do-livro-rio-anuncia-patrocinadores-para-a-edicao-deste-ano\/#primaryimage"},"thumbnailUrl":"https:\/\/www.cidademarketing.com.br\/marketing\/wp-content\/uploads\/2019\/09\/cropped-bienaldolivro_rio.jpg","keywords":["Bienal do Livro Rio","editorial","estrat\u00e9gia","marketing","patroc\u00ednio"],"articleSection":["Not\u00edcias"],"inLanguage":"pt-BR","potentialAction":[{"@type":"CommentAction","name":"Comment","target":["https:\/\/www.cidademarketing.com.br\/marketing\/2021\/10\/26\/bienal-do-livro-rio-anuncia-patrocinadores-para-a-edicao-deste-ano\/#respond"]}]},{"@type":"WebPage","@id":"https:\/\/www.cidademarketing.com.br\/marketing\/2021\/10\/26\/bienal-do-livro-rio-anuncia-patrocinadores-para-a-edicao-deste-ano\/","url":"https:\/\/www.cidademarketing.com.br\/marketing\/2021\/10\/26\/bienal-do-livro-rio-anuncia-patrocinadores-para-a-edicao-deste-ano\/","name":"Bienal do Livro Rio anuncia patrocinadores para a edi\u00e7\u00e3o deste ano - CidadeMarketing","isPartOf":{"@id":"https:\/\/www.cidademarketing.com.br\/marketing\/#website"},"primaryImageOfPage":{"@id":"https:\/\/www.cidademarketing.com.br\/marketing\/2021\/10\/26\/bienal-do-livro-rio-anuncia-patrocinadores-para-a-edicao-deste-ano\/#primaryimage"},"image":{"@id":"https:\/\/www.cidademarketing.com.br\/marketing\/2021\/10\/26\/bienal-do-livro-rio-anuncia-patrocinadores-para-a-edicao-deste-ano\/#primaryimage"},"thumbnailUrl":"https:\/\/www.cidademarketing.com.br\/marketing\/wp-content\/uploads\/2019\/09\/cropped-bienaldolivro_rio.jpg","datePublished":"2021-10-26T16:25:55+00:00","dateModified":"2021-10-26T16:25:58+00:00","breadcrumb":{"@id":"https:\/\/www.cidademarketing.com.br\/marketing\/2021\/10\/26\/bienal-do-livro-rio-anuncia-patrocinadores-para-a-edicao-deste-ano\/#breadcrumb"},"inLanguage":"pt-BR","potentialAction":[{"@type":"ReadAction","target":["https:\/\/www.cidademarketing.com.br\/marketing\/2021\/10\/26\/bienal-do-livro-rio-anuncia-patrocinadores-para-a-edicao-deste-ano\/"]}]},{"@type":"ImageObject","inLanguage":"pt-BR","@id":"https:\/\/www.cidademarketing.com.br\/marketing\/2021\/10\/26\/bienal-do-livro-rio-anuncia-patrocinadores-para-a-edicao-deste-ano\/#primaryimage","url":"https:\/\/www.cidademarketing.com.br\/marketing\/wp-content\/uploads\/2019\/09\/cropped-bienaldolivro_rio.jpg","contentUrl":"https:\/\/www.cidademarketing.com.br\/marketing\/wp-content\/uploads\/2019\/09\/cropped-bienaldolivro_rio.jpg","width":1024,"height":576},{"@type":"BreadcrumbList","@id":"https:\/\/www.cidademarketing.com.br\/marketing\/2021\/10\/26\/bienal-do-livro-rio-anuncia-patrocinadores-para-a-edicao-deste-ano\/#breadcrumb","itemListElement":[{"@type":"ListItem","position":1,"name":"In\u00edcio","item":"https:\/\/www.cidademarketing.com.br\/marketing\/"},{"@type":"ListItem","position":2,"name":"Bienal do Livro Rio anuncia patrocinadores para a edi\u00e7\u00e3o deste ano"}]},{"@type":"WebSite","@id":"https:\/\/www.cidademarketing.com.br\/marketing\/#website","url":"https:\/\/www.cidademarketing.com.br\/marketing\/","name":"CidadeMarketing","description":"Somos um ve\u00edculo de comunica\u00e7\u00e3o de destaque no Brasil, reconhecido por conte\u00fados nos segmentos de marketing, empreendedorismo e inova\u00e7\u00e3o.","publisher":{"@id":"https:\/\/www.cidademarketing.com.br\/marketing\/#organization"},"alternateName":"CidadeMarketing","potentialAction":[{"@type":"SearchAction","target":{"@type":"EntryPoint","urlTemplate":"https:\/\/www.cidademarketing.com.br\/marketing\/?s={search_term_string}"},"query-input":{"@type":"PropertyValueSpecification","valueRequired":true,"valueName":"search_term_string"}}],"inLanguage":"pt-BR"},{"@type":"Organization","@id":"https:\/\/www.cidademarketing.com.br\/marketing\/#organization","name":"CidadeMarketing","alternateName":"CidadeMarketing","url":"https:\/\/www.cidademarketing.com.br\/marketing\/","logo":{"@type":"ImageObject","inLanguage":"pt-BR","@id":"https:\/\/www.cidademarketing.com.br\/marketing\/#\/schema\/logo\/image\/","url":"https:\/\/www.cidademarketing.com.br\/marketing\/wp-content\/uploads\/2020\/01\/cidademarketing_marca_mobile.png","contentUrl":"https:\/\/www.cidademarketing.com.br\/marketing\/wp-content\/uploads\/2020\/01\/cidademarketing_marca_mobile.png","width":230,"height":92,"caption":"CidadeMarketing"},"image":{"@id":"https:\/\/www.cidademarketing.com.br\/marketing\/#\/schema\/logo\/image\/"},"sameAs":["https:\/\/www.facebook.com\/portalcidademarketing","https:\/\/x.com\/CidadeMarketing","https:\/\/www.instagram.com\/cidademarketing\/"]},{"@type":"Person","@id":"https:\/\/www.cidademarketing.com.br\/marketing\/#\/schema\/person\/02daff9f18bd9378c9e01eb6b2db155f","name":"Thales Brand\u00e3o","image":{"@type":"ImageObject","inLanguage":"pt-BR","@id":"https:\/\/secure.gravatar.com\/avatar\/7ca3206950207cc3cb48feec56a8a7898741ab725c368d99d5d7a5a50aab80c6?s=96&d=mm&r=g","url":"https:\/\/secure.gravatar.com\/avatar\/7ca3206950207cc3cb48feec56a8a7898741ab725c368d99d5d7a5a50aab80c6?s=96&d=mm&r=g","contentUrl":"https:\/\/secure.gravatar.com\/avatar\/7ca3206950207cc3cb48feec56a8a7898741ab725c368d99d5d7a5a50aab80c6?s=96&d=mm&r=g","caption":"Thales Brand\u00e3o"},"description":"Editor Executivo do Portal CidadeMarketing.com.br &gt; Mestre em Comunica\u00e7\u00e3o e Sociedade pela Universidade Federal de Sergipe. Possui MBA Executivo em Administra\u00e7\u00e3o com \u00eanfase em Marketing pela Funda\u00e7\u00e3o Get\u00falio Vargas - Rio de Janeiro. Consultor, Palestrante e Pesquisador sobre Empreendedorismo, Marketing, Redes Sociais e Neg\u00f3cios Digitais. Professor, Palestrante TedxTalks e Campus Party. Twitter: @ThalesBrandao","sameAs":["http:\/\/www.mandacaru.com.br","https:\/\/www.facebook.com\/thalesbrandao","http:\/\/www.instagram.com.br\/thalesbrandaoferreira","https:\/\/www.linkedin.com\/in\/thales-brand\u00e3o-3948609\/","https:\/\/x.com\/http:\/\/www.twitter.com\/thalesbrandao"],"url":"https:\/\/www.cidademarketing.com.br\/marketing\/author\/thalesbrandao\/"}]}},"amp_enabled":true,"_links":{"self":[{"href":"https:\/\/www.cidademarketing.com.br\/marketing\/wp-json\/wp\/v2\/posts\/30956","targetHints":{"allow":["GET"]}}],"collection":[{"href":"https:\/\/www.cidademarketing.com.br\/marketing\/wp-json\/wp\/v2\/posts"}],"about":[{"href":"https:\/\/www.cidademarketing.com.br\/marketing\/wp-json\/wp\/v2\/types\/post"}],"author":[{"embeddable":true,"href":"https:\/\/www.cidademarketing.com.br\/marketing\/wp-json\/wp\/v2\/users\/1"}],"replies":[{"embeddable":true,"href":"https:\/\/www.cidademarketing.com.br\/marketing\/wp-json\/wp\/v2\/comments?post=30956"}],"version-history":[{"count":1,"href":"https:\/\/www.cidademarketing.com.br\/marketing\/wp-json\/wp\/v2\/posts\/30956\/revisions"}],"predecessor-version":[{"id":30957,"href":"https:\/\/www.cidademarketing.com.br\/marketing\/wp-json\/wp\/v2\/posts\/30956\/revisions\/30957"}],"wp:featuredmedia":[{"embeddable":true,"href":"https:\/\/www.cidademarketing.com.br\/marketing\/wp-json\/wp\/v2\/media\/11600"}],"wp:attachment":[{"href":"https:\/\/www.cidademarketing.com.br\/marketing\/wp-json\/wp\/v2\/media?parent=30956"}],"wp:term":[{"taxonomy":"category","embeddable":true,"href":"https:\/\/www.cidademarketing.com.br\/marketing\/wp-json\/wp\/v2\/categories?post=30956"},{"taxonomy":"post_tag","embeddable":true,"href":"https:\/\/www.cidademarketing.com.br\/marketing\/wp-json\/wp\/v2\/tags?post=30956"}],"curies":[{"name":"wp","href":"https:\/\/api.w.org\/{rel}","templated":true}]}}