{"id":30926,"date":"2021-10-26T10:09:25","date_gmt":"2021-10-26T13:09:25","guid":{"rendered":"https:\/\/www.cidademarketing.com.br\/marketing\/?p=30926"},"modified":"2021-10-26T10:09:27","modified_gmt":"2021-10-26T13:09:27","slug":"ultima-semana-para-conferir-a-casacor-minas-gerais","status":"publish","type":"post","link":"https:\/\/www.cidademarketing.com.br\/marketing\/2021\/10\/26\/ultima-semana-para-conferir-a-casacor-minas-gerais\/","title":{"rendered":"\u00daltima semana para conferir a CASACOR Minas Gerais"},"content":{"rendered":"\n<p><\/p><iframe src=\"https:\/\/open.spotify.com\/embed\/show\/4khMKzP3FgFRWVwb73xicc\" width=\"100%\" height=\"232\" frameBorder=\"0\" allowtransparency=\"true\" allow=\"encrypted-media\"><\/iframe>\t\n\n\n\n\n<p>Aberta ao p\u00fablico desde 14 setembro, a CASACOR Minas se consolida mais uma vez como a maior mostra do estado, atraindo milhares de visitantes a cada edi\u00e7\u00e3o. A sele\u00e7\u00e3o de profissionais deste ano inclui um vasto time formado por veteranos, al\u00e9m de jovens talentos da arquitetura, do design e do paisagismo. S\u00e3o ao todo 71 profissionais, que assinam a produ\u00e7\u00e3o de 47 ambientes inspirados no tema \u201cA Casa Original\u201d. Um dos destaques deste ano \u00e9 a grande ades\u00e3o de profissionais do interior do estado, representando cidades como Bom Despacho, Carangola, Divin\u00f3polis, Ita\u00fana, Governador Valadares, Mariana, Morada Nova, Muria\u00e9 e Par\u00e1 de Minas<\/p>\n\n\n\n<p>Como a maior parte dos ambientes fica nas \u00e1reas externas do pal\u00e1cio, houve um investimento significativo tanto na arquitetura como no paisagismo, permitindo a apresenta\u00e7\u00e3o de t\u00e9cnicas construtivas inovadoras como o sistema apresentado pelo grupo Lafaete e pela Smart Home, que permite constru\u00e7\u00f5es modulares sustent\u00e1veis ou a<em> Cabana<\/em> da <strong>Liga Arquitetura<\/strong>, criada em parceria com a Solu\u00e7\u00f5es Usiminas, que fica pronta em apenas 20 dias. Outras constru\u00e7\u00f5es que surpreendem pelas solu\u00e7\u00f5es arquitet\u00f4nicas apresentadas s\u00e3o a <em>Casa Acqua<\/em>, de <strong>Cristina Menezes<\/strong>, inspirada nas casas romanas da antiguidade e o <em>Bangal\u00f4 Bateia<\/em>, do <strong>Studio 126 Arquitetura<\/strong>, que ousou no uso de materiais como a pedra sab\u00e3o, criando uma banheira que emerge do ch\u00e3o.<\/p>\n\n\n\n<p>Outra novidade desta edi\u00e7\u00e3o \u00e9 que a CASACOR Minas lan\u00e7ou, com patroc\u00ednio da Codemge e parceria da equipe da Novus 3D, um passeio virtual pelo Pal\u00e1cio das Mangabeiras mostrando como ele era na \u00e9poca de sua inaugura\u00e7\u00e3o, em 1955. A visita foi desenvolvida a partir de um extenso levantamento hist\u00f3rico, resgatando imagens e dados do projeto original e pode ser conferida no site: <a href=\"https:\/\/novus3d.com.br\/CASACOR\/\" target=\"_blank\" rel=\"noreferrer noopener\">https:\/\/novus3d.com.br\/CASACOR\/<\/a><\/p>\n\n\n\n<p><\/p>\n\n\n\n<figure class=\"wp-block-gallery columns-3 is-cropped wp-block-gallery-1 is-layout-flex wp-block-gallery-is-layout-flex\"><ul class=\"blocks-gallery-grid\"><li class=\"blocks-gallery-item\"><figure><img fetchpriority=\"high\" decoding=\"async\" width=\"1024\" height=\"683\" src=\"https:\/\/www.cidademarketing.com.br\/marketing\/wp-content\/uploads\/2021\/10\/Suite-das-Pedras-5-Joa-771o-Daniel-Foto-Jomar-Braganc-807a-1024x683.jpg\" alt=\"\" data-id=\"30927\" data-full-url=\"https:\/\/www.cidademarketing.com.br\/marketing\/wp-content\/uploads\/2021\/10\/Suite-das-Pedras-5-Joa-771o-Daniel-Foto-Jomar-Braganc-807a-scaled.jpg\" data-link=\"https:\/\/www.cidademarketing.com.br\/marketing\/?attachment_id=30927\" class=\"wp-image-30927\" srcset=\"https:\/\/www.cidademarketing.com.br\/marketing\/wp-content\/uploads\/2021\/10\/Suite-das-Pedras-5-Joa-771o-Daniel-Foto-Jomar-Braganc-807a-1024x683.jpg 1024w, https:\/\/www.cidademarketing.com.br\/marketing\/wp-content\/uploads\/2021\/10\/Suite-das-Pedras-5-Joa-771o-Daniel-Foto-Jomar-Braganc-807a-300x200.jpg 300w, https:\/\/www.cidademarketing.com.br\/marketing\/wp-content\/uploads\/2021\/10\/Suite-das-Pedras-5-Joa-771o-Daniel-Foto-Jomar-Braganc-807a-768x512.jpg 768w, https:\/\/www.cidademarketing.com.br\/marketing\/wp-content\/uploads\/2021\/10\/Suite-das-Pedras-5-Joa-771o-Daniel-Foto-Jomar-Braganc-807a-1536x1025.jpg 1536w, https:\/\/www.cidademarketing.com.br\/marketing\/wp-content\/uploads\/2021\/10\/Suite-das-Pedras-5-Joa-771o-Daniel-Foto-Jomar-Braganc-807a-2048x1366.jpg 2048w, https:\/\/www.cidademarketing.com.br\/marketing\/wp-content\/uploads\/2021\/10\/Suite-das-Pedras-5-Joa-771o-Daniel-Foto-Jomar-Braganc-807a-630x420.jpg 630w, https:\/\/www.cidademarketing.com.br\/marketing\/wp-content\/uploads\/2021\/10\/Suite-das-Pedras-5-Joa-771o-Daniel-Foto-Jomar-Braganc-807a-640x427.jpg 640w, https:\/\/www.cidademarketing.com.br\/marketing\/wp-content\/uploads\/2021\/10\/Suite-das-Pedras-5-Joa-771o-Daniel-Foto-Jomar-Braganc-807a-681x454.jpg 681w\" sizes=\"(max-width: 1024px) 100vw, 1024px\" \/><\/figure><\/li><li class=\"blocks-gallery-item\"><figure><img decoding=\"async\" width=\"1024\" height=\"683\" src=\"https:\/\/www.cidademarketing.com.br\/marketing\/wp-content\/uploads\/2021\/10\/Sire-769-Xire-770-2-Gustavo-Greco-Fotos-Rafael-Motta-1024x683.jpg\" alt=\"\" data-id=\"30928\" data-full-url=\"https:\/\/www.cidademarketing.com.br\/marketing\/wp-content\/uploads\/2021\/10\/Sire-769-Xire-770-2-Gustavo-Greco-Fotos-Rafael-Motta-scaled.jpg\" data-link=\"https:\/\/www.cidademarketing.com.br\/marketing\/?attachment_id=30928\" class=\"wp-image-30928\" srcset=\"https:\/\/www.cidademarketing.com.br\/marketing\/wp-content\/uploads\/2021\/10\/Sire-769-Xire-770-2-Gustavo-Greco-Fotos-Rafael-Motta-1024x683.jpg 1024w, https:\/\/www.cidademarketing.com.br\/marketing\/wp-content\/uploads\/2021\/10\/Sire-769-Xire-770-2-Gustavo-Greco-Fotos-Rafael-Motta-300x200.jpg 300w, https:\/\/www.cidademarketing.com.br\/marketing\/wp-content\/uploads\/2021\/10\/Sire-769-Xire-770-2-Gustavo-Greco-Fotos-Rafael-Motta-768x512.jpg 768w, https:\/\/www.cidademarketing.com.br\/marketing\/wp-content\/uploads\/2021\/10\/Sire-769-Xire-770-2-Gustavo-Greco-Fotos-Rafael-Motta-1536x1024.jpg 1536w, https:\/\/www.cidademarketing.com.br\/marketing\/wp-content\/uploads\/2021\/10\/Sire-769-Xire-770-2-Gustavo-Greco-Fotos-Rafael-Motta-2048x1365.jpg 2048w, https:\/\/www.cidademarketing.com.br\/marketing\/wp-content\/uploads\/2021\/10\/Sire-769-Xire-770-2-Gustavo-Greco-Fotos-Rafael-Motta-630x420.jpg 630w, https:\/\/www.cidademarketing.com.br\/marketing\/wp-content\/uploads\/2021\/10\/Sire-769-Xire-770-2-Gustavo-Greco-Fotos-Rafael-Motta-640x427.jpg 640w, https:\/\/www.cidademarketing.com.br\/marketing\/wp-content\/uploads\/2021\/10\/Sire-769-Xire-770-2-Gustavo-Greco-Fotos-Rafael-Motta-681x454.jpg 681w\" sizes=\"(max-width: 1024px) 100vw, 1024px\" \/><\/figure><\/li><li class=\"blocks-gallery-item\"><figure><img decoding=\"async\" width=\"1024\" height=\"701\" src=\"https:\/\/www.cidademarketing.com.br\/marketing\/wp-content\/uploads\/2021\/10\/Espac-807o-COM-VIVER-Assis-Humberto-e-Marcus-Vinicius-Studio-Arquiteto-770nico-Foto-Henrique-Queiroga--1024x701.jpg\" alt=\"\" data-id=\"30930\" data-full-url=\"https:\/\/www.cidademarketing.com.br\/marketing\/wp-content\/uploads\/2021\/10\/Espac-807o-COM-VIVER-Assis-Humberto-e-Marcus-Vinicius-Studio-Arquiteto-770nico-Foto-Henrique-Queiroga--scaled.jpg\" data-link=\"https:\/\/www.cidademarketing.com.br\/marketing\/?attachment_id=30930\" class=\"wp-image-30930\" srcset=\"https:\/\/www.cidademarketing.com.br\/marketing\/wp-content\/uploads\/2021\/10\/Espac-807o-COM-VIVER-Assis-Humberto-e-Marcus-Vinicius-Studio-Arquiteto-770nico-Foto-Henrique-Queiroga--1024x701.jpg 1024w, https:\/\/www.cidademarketing.com.br\/marketing\/wp-content\/uploads\/2021\/10\/Espac-807o-COM-VIVER-Assis-Humberto-e-Marcus-Vinicius-Studio-Arquiteto-770nico-Foto-Henrique-Queiroga--300x205.jpg 300w, https:\/\/www.cidademarketing.com.br\/marketing\/wp-content\/uploads\/2021\/10\/Espac-807o-COM-VIVER-Assis-Humberto-e-Marcus-Vinicius-Studio-Arquiteto-770nico-Foto-Henrique-Queiroga--768x526.jpg 768w, https:\/\/www.cidademarketing.com.br\/marketing\/wp-content\/uploads\/2021\/10\/Espac-807o-COM-VIVER-Assis-Humberto-e-Marcus-Vinicius-Studio-Arquiteto-770nico-Foto-Henrique-Queiroga--1536x1052.jpg 1536w, https:\/\/www.cidademarketing.com.br\/marketing\/wp-content\/uploads\/2021\/10\/Espac-807o-COM-VIVER-Assis-Humberto-e-Marcus-Vinicius-Studio-Arquiteto-770nico-Foto-Henrique-Queiroga--2048x1403.jpg 2048w, https:\/\/www.cidademarketing.com.br\/marketing\/wp-content\/uploads\/2021\/10\/Espac-807o-COM-VIVER-Assis-Humberto-e-Marcus-Vinicius-Studio-Arquiteto-770nico-Foto-Henrique-Queiroga--613x420.jpg 613w, https:\/\/www.cidademarketing.com.br\/marketing\/wp-content\/uploads\/2021\/10\/Espac-807o-COM-VIVER-Assis-Humberto-e-Marcus-Vinicius-Studio-Arquiteto-770nico-Foto-Henrique-Queiroga--640x438.jpg 640w, https:\/\/www.cidademarketing.com.br\/marketing\/wp-content\/uploads\/2021\/10\/Espac-807o-COM-VIVER-Assis-Humberto-e-Marcus-Vinicius-Studio-Arquiteto-770nico-Foto-Henrique-Queiroga--681x466.jpg 681w\" sizes=\"(max-width: 1024px) 100vw, 1024px\" \/><\/figure><\/li><li class=\"blocks-gallery-item\"><figure><img loading=\"lazy\" decoding=\"async\" width=\"1024\" height=\"683\" src=\"https:\/\/www.cidademarketing.com.br\/marketing\/wp-content\/uploads\/2021\/10\/Office-Lafaete-o-arquitetos-Foto-Jomar-Braganc-807a-1024x683.jpg\" alt=\"\" data-id=\"30931\" data-full-url=\"https:\/\/www.cidademarketing.com.br\/marketing\/wp-content\/uploads\/2021\/10\/Office-Lafaete-o-arquitetos-Foto-Jomar-Braganc-807a-scaled.jpg\" data-link=\"https:\/\/www.cidademarketing.com.br\/marketing\/?attachment_id=30931\" class=\"wp-image-30931\" srcset=\"https:\/\/www.cidademarketing.com.br\/marketing\/wp-content\/uploads\/2021\/10\/Office-Lafaete-o-arquitetos-Foto-Jomar-Braganc-807a-1024x683.jpg 1024w, https:\/\/www.cidademarketing.com.br\/marketing\/wp-content\/uploads\/2021\/10\/Office-Lafaete-o-arquitetos-Foto-Jomar-Braganc-807a-300x200.jpg 300w, https:\/\/www.cidademarketing.com.br\/marketing\/wp-content\/uploads\/2021\/10\/Office-Lafaete-o-arquitetos-Foto-Jomar-Braganc-807a-768x512.jpg 768w, https:\/\/www.cidademarketing.com.br\/marketing\/wp-content\/uploads\/2021\/10\/Office-Lafaete-o-arquitetos-Foto-Jomar-Braganc-807a-1536x1024.jpg 1536w, https:\/\/www.cidademarketing.com.br\/marketing\/wp-content\/uploads\/2021\/10\/Office-Lafaete-o-arquitetos-Foto-Jomar-Braganc-807a-2048x1365.jpg 2048w, https:\/\/www.cidademarketing.com.br\/marketing\/wp-content\/uploads\/2021\/10\/Office-Lafaete-o-arquitetos-Foto-Jomar-Braganc-807a-630x420.jpg 630w, https:\/\/www.cidademarketing.com.br\/marketing\/wp-content\/uploads\/2021\/10\/Office-Lafaete-o-arquitetos-Foto-Jomar-Braganc-807a-640x427.jpg 640w, https:\/\/www.cidademarketing.com.br\/marketing\/wp-content\/uploads\/2021\/10\/Office-Lafaete-o-arquitetos-Foto-Jomar-Braganc-807a-681x454.jpg 681w\" sizes=\"(max-width: 1024px) 100vw, 1024px\" \/><\/figure><\/li><li class=\"blocks-gallery-item\"><figure><img loading=\"lazy\" decoding=\"async\" width=\"683\" height=\"1024\" src=\"https:\/\/www.cidademarketing.com.br\/marketing\/wp-content\/uploads\/2021\/10\/Cabana-Soluc-807o-771es-Usiminas-Lucas-Pereira-Belizario-e-Barbara-Fonseca-de-Souza-Liga-Arquitetura-Foto-Lu-Ananias-683x1024.jpg\" alt=\"\" data-id=\"30932\" data-full-url=\"https:\/\/www.cidademarketing.com.br\/marketing\/wp-content\/uploads\/2021\/10\/Cabana-Soluc-807o-771es-Usiminas-Lucas-Pereira-Belizario-e-Barbara-Fonseca-de-Souza-Liga-Arquitetura-Foto-Lu-Ananias-scaled.jpg\" data-link=\"https:\/\/www.cidademarketing.com.br\/marketing\/?attachment_id=30932\" class=\"wp-image-30932\" srcset=\"https:\/\/www.cidademarketing.com.br\/marketing\/wp-content\/uploads\/2021\/10\/Cabana-Soluc-807o-771es-Usiminas-Lucas-Pereira-Belizario-e-Barbara-Fonseca-de-Souza-Liga-Arquitetura-Foto-Lu-Ananias-683x1024.jpg 683w, https:\/\/www.cidademarketing.com.br\/marketing\/wp-content\/uploads\/2021\/10\/Cabana-Soluc-807o-771es-Usiminas-Lucas-Pereira-Belizario-e-Barbara-Fonseca-de-Souza-Liga-Arquitetura-Foto-Lu-Ananias-200x300.jpg 200w, https:\/\/www.cidademarketing.com.br\/marketing\/wp-content\/uploads\/2021\/10\/Cabana-Soluc-807o-771es-Usiminas-Lucas-Pereira-Belizario-e-Barbara-Fonseca-de-Souza-Liga-Arquitetura-Foto-Lu-Ananias-768x1152.jpg 768w, https:\/\/www.cidademarketing.com.br\/marketing\/wp-content\/uploads\/2021\/10\/Cabana-Soluc-807o-771es-Usiminas-Lucas-Pereira-Belizario-e-Barbara-Fonseca-de-Souza-Liga-Arquitetura-Foto-Lu-Ananias-1024x1536.jpg 1024w, https:\/\/www.cidademarketing.com.br\/marketing\/wp-content\/uploads\/2021\/10\/Cabana-Soluc-807o-771es-Usiminas-Lucas-Pereira-Belizario-e-Barbara-Fonseca-de-Souza-Liga-Arquitetura-Foto-Lu-Ananias-1366x2048.jpg 1366w, https:\/\/www.cidademarketing.com.br\/marketing\/wp-content\/uploads\/2021\/10\/Cabana-Soluc-807o-771es-Usiminas-Lucas-Pereira-Belizario-e-Barbara-Fonseca-de-Souza-Liga-Arquitetura-Foto-Lu-Ananias-280x420.jpg 280w, https:\/\/www.cidademarketing.com.br\/marketing\/wp-content\/uploads\/2021\/10\/Cabana-Soluc-807o-771es-Usiminas-Lucas-Pereira-Belizario-e-Barbara-Fonseca-de-Souza-Liga-Arquitetura-Foto-Lu-Ananias-640x960.jpg 640w, https:\/\/www.cidademarketing.com.br\/marketing\/wp-content\/uploads\/2021\/10\/Cabana-Soluc-807o-771es-Usiminas-Lucas-Pereira-Belizario-e-Barbara-Fonseca-de-Souza-Liga-Arquitetura-Foto-Lu-Ananias-681x1021.jpg 681w, https:\/\/www.cidademarketing.com.br\/marketing\/wp-content\/uploads\/2021\/10\/Cabana-Soluc-807o-771es-Usiminas-Lucas-Pereira-Belizario-e-Barbara-Fonseca-de-Souza-Liga-Arquitetura-Foto-Lu-Ananias-scaled.jpg 1707w\" sizes=\"(max-width: 683px) 100vw, 683px\" \/><\/figure><\/li><li class=\"blocks-gallery-item\"><figure><img loading=\"lazy\" decoding=\"async\" width=\"1024\" height=\"683\" src=\"https:\/\/www.cidademarketing.com.br\/marketing\/wp-content\/uploads\/2021\/10\/Casa-Voktum-4-Ba-769rbara-Nobre-Foto-Henrique-Queiroga-1024x683.jpg\" alt=\"\" data-id=\"30933\" data-full-url=\"https:\/\/www.cidademarketing.com.br\/marketing\/wp-content\/uploads\/2021\/10\/Casa-Voktum-4-Ba-769rbara-Nobre-Foto-Henrique-Queiroga-scaled.jpg\" data-link=\"https:\/\/www.cidademarketing.com.br\/marketing\/?attachment_id=30933\" class=\"wp-image-30933\" srcset=\"https:\/\/www.cidademarketing.com.br\/marketing\/wp-content\/uploads\/2021\/10\/Casa-Voktum-4-Ba-769rbara-Nobre-Foto-Henrique-Queiroga-1024x683.jpg 1024w, https:\/\/www.cidademarketing.com.br\/marketing\/wp-content\/uploads\/2021\/10\/Casa-Voktum-4-Ba-769rbara-Nobre-Foto-Henrique-Queiroga-300x200.jpg 300w, https:\/\/www.cidademarketing.com.br\/marketing\/wp-content\/uploads\/2021\/10\/Casa-Voktum-4-Ba-769rbara-Nobre-Foto-Henrique-Queiroga-768x512.jpg 768w, https:\/\/www.cidademarketing.com.br\/marketing\/wp-content\/uploads\/2021\/10\/Casa-Voktum-4-Ba-769rbara-Nobre-Foto-Henrique-Queiroga-1536x1024.jpg 1536w, https:\/\/www.cidademarketing.com.br\/marketing\/wp-content\/uploads\/2021\/10\/Casa-Voktum-4-Ba-769rbara-Nobre-Foto-Henrique-Queiroga-2048x1365.jpg 2048w, https:\/\/www.cidademarketing.com.br\/marketing\/wp-content\/uploads\/2021\/10\/Casa-Voktum-4-Ba-769rbara-Nobre-Foto-Henrique-Queiroga-630x420.jpg 630w, https:\/\/www.cidademarketing.com.br\/marketing\/wp-content\/uploads\/2021\/10\/Casa-Voktum-4-Ba-769rbara-Nobre-Foto-Henrique-Queiroga-640x427.jpg 640w, https:\/\/www.cidademarketing.com.br\/marketing\/wp-content\/uploads\/2021\/10\/Casa-Voktum-4-Ba-769rbara-Nobre-Foto-Henrique-Queiroga-681x454.jpg 681w\" sizes=\"(max-width: 1024px) 100vw, 1024px\" \/><\/figure><\/li><li class=\"blocks-gallery-item\"><figure><img loading=\"lazy\" decoding=\"async\" width=\"1024\" height=\"683\" src=\"https:\/\/www.cidademarketing.com.br\/marketing\/wp-content\/uploads\/2021\/10\/Horto-Laguna-3-Horto-dos-Buritis-Foto-Gustavo-Amorim-1024x683.jpg\" alt=\"\" data-id=\"30934\" data-full-url=\"https:\/\/www.cidademarketing.com.br\/marketing\/wp-content\/uploads\/2021\/10\/Horto-Laguna-3-Horto-dos-Buritis-Foto-Gustavo-Amorim-scaled.jpg\" data-link=\"https:\/\/www.cidademarketing.com.br\/marketing\/?attachment_id=30934\" class=\"wp-image-30934\" srcset=\"https:\/\/www.cidademarketing.com.br\/marketing\/wp-content\/uploads\/2021\/10\/Horto-Laguna-3-Horto-dos-Buritis-Foto-Gustavo-Amorim-1024x683.jpg 1024w, https:\/\/www.cidademarketing.com.br\/marketing\/wp-content\/uploads\/2021\/10\/Horto-Laguna-3-Horto-dos-Buritis-Foto-Gustavo-Amorim-300x200.jpg 300w, https:\/\/www.cidademarketing.com.br\/marketing\/wp-content\/uploads\/2021\/10\/Horto-Laguna-3-Horto-dos-Buritis-Foto-Gustavo-Amorim-768x512.jpg 768w, https:\/\/www.cidademarketing.com.br\/marketing\/wp-content\/uploads\/2021\/10\/Horto-Laguna-3-Horto-dos-Buritis-Foto-Gustavo-Amorim-1536x1024.jpg 1536w, https:\/\/www.cidademarketing.com.br\/marketing\/wp-content\/uploads\/2021\/10\/Horto-Laguna-3-Horto-dos-Buritis-Foto-Gustavo-Amorim-2048x1365.jpg 2048w, https:\/\/www.cidademarketing.com.br\/marketing\/wp-content\/uploads\/2021\/10\/Horto-Laguna-3-Horto-dos-Buritis-Foto-Gustavo-Amorim-630x420.jpg 630w, https:\/\/www.cidademarketing.com.br\/marketing\/wp-content\/uploads\/2021\/10\/Horto-Laguna-3-Horto-dos-Buritis-Foto-Gustavo-Amorim-640x427.jpg 640w, https:\/\/www.cidademarketing.com.br\/marketing\/wp-content\/uploads\/2021\/10\/Horto-Laguna-3-Horto-dos-Buritis-Foto-Gustavo-Amorim-681x454.jpg 681w\" sizes=\"(max-width: 1024px) 100vw, 1024px\" \/><\/figure><\/li><li class=\"blocks-gallery-item\"><figure><img loading=\"lazy\" decoding=\"async\" width=\"1024\" height=\"683\" src=\"https:\/\/www.cidademarketing.com.br\/marketing\/wp-content\/uploads\/2021\/10\/Espac-807o-Elisa-Atheniense-Alexandre-Rousset-Foto-Jomar-Braganc-807a--1024x683.jpg\" alt=\"\" data-id=\"30935\" data-full-url=\"https:\/\/www.cidademarketing.com.br\/marketing\/wp-content\/uploads\/2021\/10\/Espac-807o-Elisa-Atheniense-Alexandre-Rousset-Foto-Jomar-Braganc-807a--scaled.jpg\" data-link=\"https:\/\/www.cidademarketing.com.br\/marketing\/?attachment_id=30935\" class=\"wp-image-30935\" srcset=\"https:\/\/www.cidademarketing.com.br\/marketing\/wp-content\/uploads\/2021\/10\/Espac-807o-Elisa-Atheniense-Alexandre-Rousset-Foto-Jomar-Braganc-807a--1024x683.jpg 1024w, https:\/\/www.cidademarketing.com.br\/marketing\/wp-content\/uploads\/2021\/10\/Espac-807o-Elisa-Atheniense-Alexandre-Rousset-Foto-Jomar-Braganc-807a--300x200.jpg 300w, https:\/\/www.cidademarketing.com.br\/marketing\/wp-content\/uploads\/2021\/10\/Espac-807o-Elisa-Atheniense-Alexandre-Rousset-Foto-Jomar-Braganc-807a--768x512.jpg 768w, https:\/\/www.cidademarketing.com.br\/marketing\/wp-content\/uploads\/2021\/10\/Espac-807o-Elisa-Atheniense-Alexandre-Rousset-Foto-Jomar-Braganc-807a--1536x1025.jpg 1536w, https:\/\/www.cidademarketing.com.br\/marketing\/wp-content\/uploads\/2021\/10\/Espac-807o-Elisa-Atheniense-Alexandre-Rousset-Foto-Jomar-Braganc-807a--2048x1366.jpg 2048w, https:\/\/www.cidademarketing.com.br\/marketing\/wp-content\/uploads\/2021\/10\/Espac-807o-Elisa-Atheniense-Alexandre-Rousset-Foto-Jomar-Braganc-807a--630x420.jpg 630w, https:\/\/www.cidademarketing.com.br\/marketing\/wp-content\/uploads\/2021\/10\/Espac-807o-Elisa-Atheniense-Alexandre-Rousset-Foto-Jomar-Braganc-807a--640x427.jpg 640w, https:\/\/www.cidademarketing.com.br\/marketing\/wp-content\/uploads\/2021\/10\/Espac-807o-Elisa-Atheniense-Alexandre-Rousset-Foto-Jomar-Braganc-807a--681x454.jpg 681w\" sizes=\"(max-width: 1024px) 100vw, 1024px\" \/><\/figure><\/li><li class=\"blocks-gallery-item\"><figure><img loading=\"lazy\" decoding=\"async\" width=\"1024\" height=\"681\" src=\"https:\/\/www.cidademarketing.com.br\/marketing\/wp-content\/uploads\/2021\/10\/Galeria-Abreu-Patricia-Abreu-Foto-Jomar-Braganc-807a--1024x681.jpg\" alt=\"\" data-id=\"30936\" data-full-url=\"https:\/\/www.cidademarketing.com.br\/marketing\/wp-content\/uploads\/2021\/10\/Galeria-Abreu-Patricia-Abreu-Foto-Jomar-Braganc-807a--scaled.jpg\" data-link=\"https:\/\/www.cidademarketing.com.br\/marketing\/?attachment_id=30936\" class=\"wp-image-30936\" srcset=\"https:\/\/www.cidademarketing.com.br\/marketing\/wp-content\/uploads\/2021\/10\/Galeria-Abreu-Patricia-Abreu-Foto-Jomar-Braganc-807a--1024x681.jpg 1024w, https:\/\/www.cidademarketing.com.br\/marketing\/wp-content\/uploads\/2021\/10\/Galeria-Abreu-Patricia-Abreu-Foto-Jomar-Braganc-807a--300x200.jpg 300w, https:\/\/www.cidademarketing.com.br\/marketing\/wp-content\/uploads\/2021\/10\/Galeria-Abreu-Patricia-Abreu-Foto-Jomar-Braganc-807a--768x511.jpg 768w, https:\/\/www.cidademarketing.com.br\/marketing\/wp-content\/uploads\/2021\/10\/Galeria-Abreu-Patricia-Abreu-Foto-Jomar-Braganc-807a--1536x1022.jpg 1536w, https:\/\/www.cidademarketing.com.br\/marketing\/wp-content\/uploads\/2021\/10\/Galeria-Abreu-Patricia-Abreu-Foto-Jomar-Braganc-807a--2048x1363.jpg 2048w, https:\/\/www.cidademarketing.com.br\/marketing\/wp-content\/uploads\/2021\/10\/Galeria-Abreu-Patricia-Abreu-Foto-Jomar-Braganc-807a--631x420.jpg 631w, https:\/\/www.cidademarketing.com.br\/marketing\/wp-content\/uploads\/2021\/10\/Galeria-Abreu-Patricia-Abreu-Foto-Jomar-Braganc-807a--640x426.jpg 640w, https:\/\/www.cidademarketing.com.br\/marketing\/wp-content\/uploads\/2021\/10\/Galeria-Abreu-Patricia-Abreu-Foto-Jomar-Braganc-807a--681x453.jpg 681w\" sizes=\"(max-width: 1024px) 100vw, 1024px\" \/><\/figure><\/li><li class=\"blocks-gallery-item\"><figure><img loading=\"lazy\" decoding=\"async\" width=\"1024\" height=\"726\" src=\"https:\/\/www.cidademarketing.com.br\/marketing\/wp-content\/uploads\/2021\/10\/Casa-Acqua-4-Cristina-Menezes-Foto-Jomar-Braganc-807a-1024x726.jpg\" alt=\"\" data-id=\"30937\" data-full-url=\"https:\/\/www.cidademarketing.com.br\/marketing\/wp-content\/uploads\/2021\/10\/Casa-Acqua-4-Cristina-Menezes-Foto-Jomar-Braganc-807a-scaled.jpg\" data-link=\"https:\/\/www.cidademarketing.com.br\/marketing\/?attachment_id=30937\" class=\"wp-image-30937\" srcset=\"https:\/\/www.cidademarketing.com.br\/marketing\/wp-content\/uploads\/2021\/10\/Casa-Acqua-4-Cristina-Menezes-Foto-Jomar-Braganc-807a-1024x726.jpg 1024w, https:\/\/www.cidademarketing.com.br\/marketing\/wp-content\/uploads\/2021\/10\/Casa-Acqua-4-Cristina-Menezes-Foto-Jomar-Braganc-807a-300x213.jpg 300w, https:\/\/www.cidademarketing.com.br\/marketing\/wp-content\/uploads\/2021\/10\/Casa-Acqua-4-Cristina-Menezes-Foto-Jomar-Braganc-807a-768x545.jpg 768w, https:\/\/www.cidademarketing.com.br\/marketing\/wp-content\/uploads\/2021\/10\/Casa-Acqua-4-Cristina-Menezes-Foto-Jomar-Braganc-807a-1536x1090.jpg 1536w, https:\/\/www.cidademarketing.com.br\/marketing\/wp-content\/uploads\/2021\/10\/Casa-Acqua-4-Cristina-Menezes-Foto-Jomar-Braganc-807a-2048x1453.jpg 2048w, https:\/\/www.cidademarketing.com.br\/marketing\/wp-content\/uploads\/2021\/10\/Casa-Acqua-4-Cristina-Menezes-Foto-Jomar-Braganc-807a-592x420.jpg 592w, https:\/\/www.cidademarketing.com.br\/marketing\/wp-content\/uploads\/2021\/10\/Casa-Acqua-4-Cristina-Menezes-Foto-Jomar-Braganc-807a-640x454.jpg 640w, https:\/\/www.cidademarketing.com.br\/marketing\/wp-content\/uploads\/2021\/10\/Casa-Acqua-4-Cristina-Menezes-Foto-Jomar-Braganc-807a-681x483.jpg 681w\" sizes=\"(max-width: 1024px) 100vw, 1024px\" \/><\/figure><\/li><\/ul><\/figure>\n\n\n\n<p><\/p>\n\n\n\n<p>Essa edi\u00e7\u00e3o tamb\u00e9m d\u00e1 muita \u00eanfase ao paisagismo, uma vez que a maior parte dos ambientes est\u00e1 nas \u00e1reas abertas do Pal\u00e1cio das Mangabeiras. <strong>N\u00e3na Guimar\u00e3es<\/strong> retornou \u00e0 mostra para continuar o processo de restauro dos jardins assinados por Burle Marx, e <strong>Droysen Tomich<\/strong> assumiu junto com a equipe da <strong>Duo Arquitetos<\/strong>, o desafio de restaurar a fonte original do Pal\u00e1cio, tamb\u00e9m de Burle Marx enquanto a equipe do <strong>Horto dos Buritis<\/strong> ousou ao construir o <em>Horto Laguna,<\/em> uma piscina natural que virou objeto de desejo dos visitantes. &nbsp;<\/p>\n\n\n\n<p>A arte, que j\u00e1 \u00e9 uma presen\u00e7a constante nos ambientes da mostra, ganhou ainda mais destaque este ano. Al\u00e9m do espa\u00e7o <em>Casa com Arte<\/em>, de <strong>Patr\u00edcia Hermanny<\/strong>, em homenagem ao artista Israel Kislansky, considerado um dos maiores escultores brasileiros, esta edi\u00e7\u00e3o conta com a participa\u00e7\u00e3o de importantes galerias como Murilo Castro e Orlando Lemos, al\u00e9m de ocupa\u00e7\u00f5es tempor\u00e1rias na Mini-Galeria CASACOR, que vem recebendo uma s\u00e9rie de exposi\u00e7\u00f5es itinerantes. J\u00e1 passaram por l\u00e1 a exposi\u00e7\u00e3o \u201cDiana Noite &#8211; A Deusa da Independ\u00eancia Feminina\u201d, apresentada pela Brizola Arte; \u201cMundos\u201d, organizada pela Murilo Castro Galeria, reunindo trabalhos da artista Juliana Gontijo; Coletivo Libertas com uma exposi\u00e7\u00e3o reunindo diversos artistas independentes e INHOTIM com a exposi\u00e7\u00e3o \u201cM\u00faltiplos\u201d. Durante esta \u00faltima semana, o p\u00fablico poder\u00e1 conferir a exposi\u00e7\u00e3o &#8220;Giramundo 50 anos&#8221;, organizada pela Galeria da Cemig. A mostra re\u00fane bonecos de 9 espet\u00e1culos do grupo e, \u00e9 uma pr\u00e9via de uma grande exposi\u00e7\u00e3o do grupo que est\u00e1 sendo organizada para 2022. Soma-se a tudo isso as interven\u00e7\u00f5es criativas como &nbsp;<em>Sir\u00e9 (Xir\u00ea),<\/em> de <strong>Gustavo Greco<\/strong>, &nbsp;<em>Simbionte<\/em>, de <strong>Leca Novo<\/strong> e <em>Design para Todos os Sentidos<\/em>, de <strong>Jos\u00e9 Louren\u00e7o<\/strong>, al\u00e9m da Galeria Abreu, assinada por Patr\u00edcia Abreu, um espa\u00e7o inteiramente dedicado \u00e0 aprecia\u00e7\u00e3o da arte.<\/p>\n\n\n\n<p>No segmento de tecnologia, a CASACOR Minas apresenta in\u00fameras novidades, por meio da participa\u00e7\u00e3o de empresas como Tecai, Braza Fibra, JLX Telecom, Live Automa\u00e7\u00e3o, ZK Teco e Templuz, que lan\u00e7am facilidades que j\u00e1 est\u00e3o dispon\u00edveis no mercado. O ambiente <em>Gourmet dos Sentidos Deca<\/em>, de <strong>S\u00e9rgio Viana<\/strong>, \u00e9 um dos espa\u00e7os que se destacam pelo uso inteligente da tecnologia e pelas solu\u00e7\u00f5es arquitet\u00f4nicas arrojadas.<\/p>\n\n\n\n<p>A cada ano, a sustentabilidade ganha ainda mais destaque na mostra. Nesta edi\u00e7\u00e3o, al\u00e9m da gera\u00e7\u00e3o de toda a energia consumida no evento, por meio de placas fotovoltaicas fornecidas pela Optpower, diversos projetos exploram o tema. Um deles \u00e9 o <em>Espa\u00e7o COM(VIVER),<\/em> do <strong>Studio Arquitet\u00f4nico<\/strong>, que teve suas paredes constru\u00eddas a partir de descartes de obras(inclusive da pr\u00f3pria CASACOR). As tonalidades foram obtidas a partir da mistura de terras, criando um efeito visual \u00fanico e surpreendente. A integra\u00e7\u00e3o com o meio ambiente permitiu a cria\u00e7\u00e3o de espa\u00e7os que tiram muito proveito da luz natural, economizando energia el\u00e9trica.<\/p>\n\n\n\n<p>J\u00e1 no segmento de mobili\u00e1rio, destaque para os lan\u00e7amentos do setor promovidos por praticamente todas as empresas que participam desta edi\u00e7\u00e3o, com destaque para Casa Lyz, Deck Home, Hogar, L\u00edder Interiores, Marelli, Micheliny Martins, Prima Linea, Softplace Mobili\u00e1rio Corporativo, Studio 31 Mobili\u00e1rio, Studio Linda Martins e Voktum. Projetos como o <em>Living Prima Linea<\/em>, de <strong>\u00c2ngelo Coelho, \u00c2ngelo Coelho Filho e Cristina Morethson<\/strong><em>,<\/em> <em>Sala JK<\/em>, de <strong>Juliana Vasconcellos<\/strong>, <em>Su\u00edte das Pedras<\/em>, de <strong>Jo\u00e3o Daniel<\/strong>, <em>Quarto dos Filhos<\/em>, da <strong>Situar Projetos <\/strong>e Casa Voktum, de <strong>Barbara Nobre<\/strong> ilustram bem estes espa\u00e7os voltados para a promo\u00e7\u00e3o de pe\u00e7as de mobili\u00e1rio assinado. Desta forma, al\u00e9m de levar inspira\u00e7\u00e3o para as pessoas, a mostra possibilita a gera\u00e7\u00e3o de neg\u00f3cios e o desenvolvimento do setor moveleiro no estado. Por este motivo, a Somattos, que comemora 45 anos de funda\u00e7\u00e3o, escolheu comemorar o feito tornando-se a construtora oficial da mostra. &nbsp;Outro ponto de destaque desta edi\u00e7\u00e3o \u00e9 a parceria com o Sebrae, que possibilita a participa\u00e7\u00e3o de empresas integrantes do Polo Moveleiro, al\u00e9m de pequenos produtores do programa Origem Minas, destinado a alavancar os setores de gastronomia, artesanato e arte popular.<\/p>\n\n\n\n<p>Os espa\u00e7os corporativos est\u00e3o bem representados com os projetos como o <em>Gabinete<\/em>, de <strong>Lena Pinheiro<\/strong>, <em>Escrit\u00f3rio da Diretora Criativa<\/em>, da <strong>Luoda Arquitetura<\/strong>, <em>Home Office<\/em>, da <strong>\u00d8 Arquitetos<\/strong>, &nbsp;<em>Sala de Imprensa<\/em>, de <strong>Patr\u00edcia Abreu<\/strong>, al\u00e9m de diversos outros que fizeram quest\u00e3o de ressaltar cantinhos de trabalho ou estudo t\u00e3o necess\u00e1rios para os tempos atuais.<\/p>\n\n\n\n<p>E para as pessoas que est\u00e3o em busca de itens para a casa, a mostra conta com a E<em>spa\u00e7o Elisa Atheniense<\/em>, assinado por Alexandre Rousset, que oferece uma extensa linha de produtos assinados pela designer, produzidos em materiais como couro e fibras naturais. Outra op\u00e7\u00e3o \u00e9 pop-up store CASA ORIGINAL, que tem projeto de <strong>Roger Lages<\/strong>. Desenvolvida pela Conceito Digital, a loja apresenta uma s\u00e9rie de pe\u00e7as exclusivas assinadas por designers convidados, a maioria delas utilizando o mogno africano, uma madeira muito resistente, de manejo sustent\u00e1vel, e que permite v\u00e1rias op\u00e7\u00f5es de acabamentos. Esta edi\u00e7\u00e3o tamb\u00e9m conta com a participa\u00e7\u00e3o da <em>Loja Mels Brushes<\/em>, que tem projeto assinado por <strong>Andrea Pinto Coelho<\/strong>. A marca catarinense de aromas e ess\u00eancias participa pela 4\u00aa vez e j\u00e1 conquistou clientes ass\u00edduos em Minas.<\/p>\n\n\n\n<p><strong>Gastronomia<\/strong><\/p>\n\n\n\n<p>A gastronomia que sempre foi um dos pontos de destaque da CASACOR Minas, continua refletindo de forma muito fiel a rela\u00e7\u00e3o que os mineiros possuem com a cozinha. Quem assumiu a curadoria e concep\u00e7\u00e3o gastron\u00f4mica desta edi\u00e7\u00e3o \u00e9 o premiado chef italiano Massimo Bataglini, que juntamente com Henrique Benerick, da Benericks, apresentam o<em> restaurante \u201cOutland Al Mare\u201d, com projeto arquitet\u00f4nico assinado pela equipe do escrit\u00f3rio <\/em><strong><em>Casa Tereze<\/em><\/strong><em>. Com menu exclusivo para a CASACOR Minas, o conceito foi inspirado no mar Adri\u00e1tico. Entre as apostas do chef est\u00e3o o Rosbife de atum com mel de figo<\/em> <em>e am\u00eandoas, mel\u00e3o, melancia e pepino<\/em> e a <em>Bruschetta com carpaccio de bacalhau crudo.<\/em><\/p>\n\n\n\n<p><em>A inspira\u00e7\u00e3o para o Bar<\/em> <em>Benericks, no entorno da piscina, com projeto de <\/em><strong><em>Daniel Tavares<\/em><\/strong><em> e <\/em><strong><em>Cynthia Vianna<\/em><\/strong><em>, veio dos bares venezianos, e por este motivo, o Negroni \u00e9 a bebida principal e o vermelho predomina em todo o mobili\u00e1rio. O card\u00e1pio conta <\/em>com <em>uma carta de drinks surpreendentes e antepastos que fazem parte dos aperitivos italianos.<\/em><\/p>\n\n\n\n<p><em>O caf\u00e9 Panini e Jardim do Restauro, da <\/em><strong><em>Duo Arquitetos<\/em><\/strong><em> em parceria com o paisagista <\/em><strong><em>Droysen Tomich<\/em><\/strong><em>, oferece um card\u00e1pio dedicado \u00e0 cria\u00e7\u00f5es que utilizam o p\u00e3o como base principal.<\/em><\/p>\n\n\n\n<p>O <em>Armaz\u00e9m<\/em> O<em>rigem Minas<\/em>, com projeto de <strong>Cynthia Silvia<\/strong> e <strong>Ibi\u00e1 Design<\/strong>, \u00e9 o ponto para abastecer a despensa com produtos mineiros. S\u00e3o geleias, queijos, biscoitos, caf\u00e9s, doces, compotas e uma infinidade de cria\u00e7\u00f5es assinadas por produtores mineiros, selecionados a partir do programa Origem Minas, do Sebrae\/MG.<\/p>\n\n\n\n<p>A CASACOR Minas segue at\u00e9 31 de outubro, no Pal\u00e1cio das Mangabeiras. Os ingressos podem ser adquiridos no site da mostra ou na bilheteria do local, que tem projeto assinado por <strong>Andrea Pinto Coelho<\/strong>.<\/p>\n\n\n\n<p><strong>Servi\u00e7o<\/strong><\/p>\n\n\n\n<p><strong>\u00daltima semana para conferir a CASACOR Minas Gerais<\/strong><\/p>\n\n\n\n<p><strong>Onde: <\/strong>Pal\u00e1cio das Mangabeiras -Pra\u00e7a Ephig\u00eanio de Salles, 01, Mangabeiras, Belo Horizonte &#8211; MG<\/p>\n\n\n\n<p><strong>Hor\u00e1rio de funcionamento:<\/strong><\/p>\n\n\n\n<p>Ter\u00e7a a Sexta &#8211; 14h \u00e0s 22h<\/p>\n\n\n\n<p>S\u00e1bado &#8211; 12h \u00e0s 22h<\/p>\n\n\n\n<p>Domingo &#8211; 11h \u00e0s 20h<\/p>\n\n\n\n<p>Ingressos pelo site: <a href=\"https:\/\/casacormg.byinti.com\/#\/\" target=\"_blank\" rel=\"noreferrer noopener\">https:\/\/casacormg.byinti.com\/#\/<\/a><\/p>\n\n\n\n<p>Informa\u00e7\u00f5es: <a href=\"https:\/\/casacor.abril.com.br\/\" target=\"_blank\" rel=\"noreferrer noopener\">https:\/\/casacor.abril.com.br\/<\/a><\/p>\n\n\n\n<p><\/p>\n\n\n\n<p><\/p><iframe allow=\"autoplay *; encrypted-media *; fullscreen *\" frameborder=\"0\" height=\"450\" style=\"width:100%;max-width:660px;overflow:hidden;background:transparent;\" sandbox=\"allow-forms allow-popups allow-same-origin allow-scripts allow-storage-access-by-user-activation allow-top-navigation-by-user-activation\" src=\"https:\/\/embed.podcasts.apple.com\/br\/podcast\/podcast-cidademarketing\/id1371923283\"><\/iframe>\n\n","protected":false},"excerpt":{"rendered":"<p>Aberta ao p\u00fablico desde 14 setembro, a CASACOR Minas se consolida mais uma vez como a maior mostra do estado, atraindo milhares de visitantes a cada edi\u00e7\u00e3o. A sele\u00e7\u00e3o de profissionais deste ano inclui um vasto time formado por veteranos, al\u00e9m de jovens talentos da arquitetura, do design e do paisagismo. S\u00e3o ao todo 71 [&hellip;]<\/p>\n","protected":false},"author":1,"featured_media":30929,"comment_status":"open","ping_status":"open","sticky":false,"template":"","format":"standard","meta":{"tdm_status":"","tdm_grid_status":"","footnotes":""},"categories":[6],"tags":[3475,4321,2509,223,28,1238],"class_list":["post-30926","post","type-post","status-publish","format-standard","has-post-thumbnail","hentry","category-noticias","tag-arquitetura","tag-casacor-minas-gerais","tag-decoracao","tag-design","tag-marketing","tag-minas-gerais"],"yoast_head":"<!-- This site is optimized with the Yoast SEO plugin v27.5 - https:\/\/yoast.com\/product\/yoast-seo-wordpress\/ -->\n<title>\u00daltima semana para conferir a CASACOR Minas Gerais - CidadeMarketing<\/title>\n<meta name=\"robots\" content=\"index, follow, max-snippet:-1, max-image-preview:large, max-video-preview:-1\" \/>\n<link rel=\"canonical\" href=\"https:\/\/www.cidademarketing.com.br\/marketing\/2021\/10\/26\/ultima-semana-para-conferir-a-casacor-minas-gerais\/\" \/>\n<meta property=\"og:locale\" content=\"pt_BR\" \/>\n<meta property=\"og:type\" content=\"article\" \/>\n<meta property=\"og:title\" content=\"\u00daltima semana para conferir a CASACOR Minas Gerais - CidadeMarketing\" \/>\n<meta property=\"og:description\" content=\"Aberta ao p\u00fablico desde 14 setembro, a CASACOR Minas se consolida mais uma vez como a maior mostra do estado, atraindo milhares de visitantes a cada edi\u00e7\u00e3o. A sele\u00e7\u00e3o de profissionais deste ano inclui um vasto time formado por veteranos, al\u00e9m de jovens talentos da arquitetura, do design e do paisagismo. S\u00e3o ao todo 71 [&hellip;]\" \/>\n<meta property=\"og:url\" content=\"https:\/\/www.cidademarketing.com.br\/marketing\/2021\/10\/26\/ultima-semana-para-conferir-a-casacor-minas-gerais\/\" \/>\n<meta property=\"og:site_name\" content=\"CidadeMarketing\" \/>\n<meta property=\"article:publisher\" content=\"https:\/\/www.facebook.com\/portalcidademarketing\" \/>\n<meta property=\"article:author\" content=\"https:\/\/www.facebook.com\/thalesbrandao\" \/>\n<meta property=\"article:published_time\" content=\"2021-10-26T13:09:25+00:00\" \/>\n<meta property=\"article:modified_time\" content=\"2021-10-26T13:09:27+00:00\" \/>\n<meta property=\"og:image\" content=\"https:\/\/www.cidademarketing.com.br\/marketing\/wp-content\/uploads\/2021\/10\/Bangalo-770-Bateia-Studio-126-Arquitetura-Foto-ny18-scaled.jpg\" \/>\n\t<meta property=\"og:image:width\" content=\"2560\" \/>\n\t<meta property=\"og:image:height\" content=\"1657\" \/>\n\t<meta property=\"og:image:type\" content=\"image\/jpeg\" \/>\n<meta name=\"author\" content=\"Thales Brand\u00e3o\" \/>\n<meta name=\"twitter:card\" content=\"summary_large_image\" \/>\n<meta name=\"twitter:creator\" content=\"@http:\/\/www.twitter.com\/thalesbrandao\" \/>\n<meta name=\"twitter:site\" content=\"@CidadeMarketing\" \/>\n<meta name=\"twitter:label1\" content=\"Escrito por\" \/>\n\t<meta name=\"twitter:data1\" content=\"Thales Brand\u00e3o\" \/>\n\t<meta name=\"twitter:label2\" content=\"Est. tempo de leitura\" \/>\n\t<meta name=\"twitter:data2\" content=\"8 minutos\" \/>\n<script type=\"application\/ld+json\" class=\"yoast-schema-graph\">{\"@context\":\"https:\\\/\\\/schema.org\",\"@graph\":[{\"@type\":\"Article\",\"@id\":\"https:\\\/\\\/www.cidademarketing.com.br\\\/marketing\\\/2021\\\/10\\\/26\\\/ultima-semana-para-conferir-a-casacor-minas-gerais\\\/#article\",\"isPartOf\":{\"@id\":\"https:\\\/\\\/www.cidademarketing.com.br\\\/marketing\\\/2021\\\/10\\\/26\\\/ultima-semana-para-conferir-a-casacor-minas-gerais\\\/\"},\"author\":{\"name\":\"Thales Brand\u00e3o\",\"@id\":\"https:\\\/\\\/www.cidademarketing.com.br\\\/marketing\\\/#\\\/schema\\\/person\\\/02daff9f18bd9378c9e01eb6b2db155f\"},\"headline\":\"\u00daltima semana para conferir a CASACOR Minas Gerais\",\"datePublished\":\"2021-10-26T13:09:25+00:00\",\"dateModified\":\"2021-10-26T13:09:27+00:00\",\"mainEntityOfPage\":{\"@id\":\"https:\\\/\\\/www.cidademarketing.com.br\\\/marketing\\\/2021\\\/10\\\/26\\\/ultima-semana-para-conferir-a-casacor-minas-gerais\\\/\"},\"wordCount\":1570,\"commentCount\":0,\"publisher\":{\"@id\":\"https:\\\/\\\/www.cidademarketing.com.br\\\/marketing\\\/#organization\"},\"image\":{\"@id\":\"https:\\\/\\\/www.cidademarketing.com.br\\\/marketing\\\/2021\\\/10\\\/26\\\/ultima-semana-para-conferir-a-casacor-minas-gerais\\\/#primaryimage\"},\"thumbnailUrl\":\"https:\\\/\\\/www.cidademarketing.com.br\\\/marketing\\\/wp-content\\\/uploads\\\/2021\\\/10\\\/Bangalo-770-Bateia-Studio-126-Arquitetura-Foto-ny18-scaled.jpg\",\"keywords\":[\"arquitetura\",\"CASACOR Minas Gerais\",\"decora\u00e7\u00e3o\",\"design\",\"marketing\",\"Minas Gerais\"],\"articleSection\":[\"Not\u00edcias\"],\"inLanguage\":\"pt-BR\",\"potentialAction\":[{\"@type\":\"CommentAction\",\"name\":\"Comment\",\"target\":[\"https:\\\/\\\/www.cidademarketing.com.br\\\/marketing\\\/2021\\\/10\\\/26\\\/ultima-semana-para-conferir-a-casacor-minas-gerais\\\/#respond\"]}]},{\"@type\":\"WebPage\",\"@id\":\"https:\\\/\\\/www.cidademarketing.com.br\\\/marketing\\\/2021\\\/10\\\/26\\\/ultima-semana-para-conferir-a-casacor-minas-gerais\\\/\",\"url\":\"https:\\\/\\\/www.cidademarketing.com.br\\\/marketing\\\/2021\\\/10\\\/26\\\/ultima-semana-para-conferir-a-casacor-minas-gerais\\\/\",\"name\":\"\u00daltima semana para conferir a CASACOR Minas Gerais - CidadeMarketing\",\"isPartOf\":{\"@id\":\"https:\\\/\\\/www.cidademarketing.com.br\\\/marketing\\\/#website\"},\"primaryImageOfPage\":{\"@id\":\"https:\\\/\\\/www.cidademarketing.com.br\\\/marketing\\\/2021\\\/10\\\/26\\\/ultima-semana-para-conferir-a-casacor-minas-gerais\\\/#primaryimage\"},\"image\":{\"@id\":\"https:\\\/\\\/www.cidademarketing.com.br\\\/marketing\\\/2021\\\/10\\\/26\\\/ultima-semana-para-conferir-a-casacor-minas-gerais\\\/#primaryimage\"},\"thumbnailUrl\":\"https:\\\/\\\/www.cidademarketing.com.br\\\/marketing\\\/wp-content\\\/uploads\\\/2021\\\/10\\\/Bangalo-770-Bateia-Studio-126-Arquitetura-Foto-ny18-scaled.jpg\",\"datePublished\":\"2021-10-26T13:09:25+00:00\",\"dateModified\":\"2021-10-26T13:09:27+00:00\",\"breadcrumb\":{\"@id\":\"https:\\\/\\\/www.cidademarketing.com.br\\\/marketing\\\/2021\\\/10\\\/26\\\/ultima-semana-para-conferir-a-casacor-minas-gerais\\\/#breadcrumb\"},\"inLanguage\":\"pt-BR\",\"potentialAction\":[{\"@type\":\"ReadAction\",\"target\":[\"https:\\\/\\\/www.cidademarketing.com.br\\\/marketing\\\/2021\\\/10\\\/26\\\/ultima-semana-para-conferir-a-casacor-minas-gerais\\\/\"]}]},{\"@type\":\"ImageObject\",\"inLanguage\":\"pt-BR\",\"@id\":\"https:\\\/\\\/www.cidademarketing.com.br\\\/marketing\\\/2021\\\/10\\\/26\\\/ultima-semana-para-conferir-a-casacor-minas-gerais\\\/#primaryimage\",\"url\":\"https:\\\/\\\/www.cidademarketing.com.br\\\/marketing\\\/wp-content\\\/uploads\\\/2021\\\/10\\\/Bangalo-770-Bateia-Studio-126-Arquitetura-Foto-ny18-scaled.jpg\",\"contentUrl\":\"https:\\\/\\\/www.cidademarketing.com.br\\\/marketing\\\/wp-content\\\/uploads\\\/2021\\\/10\\\/Bangalo-770-Bateia-Studio-126-Arquitetura-Foto-ny18-scaled.jpg\",\"width\":2560,\"height\":1657,\"caption\":\"Bangal\u00f4 Bateia - Studio 126 Arquitetura\"},{\"@type\":\"BreadcrumbList\",\"@id\":\"https:\\\/\\\/www.cidademarketing.com.br\\\/marketing\\\/2021\\\/10\\\/26\\\/ultima-semana-para-conferir-a-casacor-minas-gerais\\\/#breadcrumb\",\"itemListElement\":[{\"@type\":\"ListItem\",\"position\":1,\"name\":\"In\u00edcio\",\"item\":\"https:\\\/\\\/www.cidademarketing.com.br\\\/marketing\\\/\"},{\"@type\":\"ListItem\",\"position\":2,\"name\":\"\u00daltima semana para conferir a CASACOR Minas Gerais\"}]},{\"@type\":\"WebSite\",\"@id\":\"https:\\\/\\\/www.cidademarketing.com.br\\\/marketing\\\/#website\",\"url\":\"https:\\\/\\\/www.cidademarketing.com.br\\\/marketing\\\/\",\"name\":\"CidadeMarketing\",\"description\":\"Somos um ve\u00edculo de comunica\u00e7\u00e3o de destaque no Brasil, reconhecido por conte\u00fados nos segmentos de marketing, empreendedorismo e inova\u00e7\u00e3o.\",\"publisher\":{\"@id\":\"https:\\\/\\\/www.cidademarketing.com.br\\\/marketing\\\/#organization\"},\"alternateName\":\"CidadeMarketing\",\"potentialAction\":[{\"@type\":\"SearchAction\",\"target\":{\"@type\":\"EntryPoint\",\"urlTemplate\":\"https:\\\/\\\/www.cidademarketing.com.br\\\/marketing\\\/?s={search_term_string}\"},\"query-input\":{\"@type\":\"PropertyValueSpecification\",\"valueRequired\":true,\"valueName\":\"search_term_string\"}}],\"inLanguage\":\"pt-BR\"},{\"@type\":\"Organization\",\"@id\":\"https:\\\/\\\/www.cidademarketing.com.br\\\/marketing\\\/#organization\",\"name\":\"CidadeMarketing\",\"alternateName\":\"CidadeMarketing\",\"url\":\"https:\\\/\\\/www.cidademarketing.com.br\\\/marketing\\\/\",\"logo\":{\"@type\":\"ImageObject\",\"inLanguage\":\"pt-BR\",\"@id\":\"https:\\\/\\\/www.cidademarketing.com.br\\\/marketing\\\/#\\\/schema\\\/logo\\\/image\\\/\",\"url\":\"https:\\\/\\\/www.cidademarketing.com.br\\\/marketing\\\/wp-content\\\/uploads\\\/2020\\\/01\\\/cidademarketing_marca_mobile.png\",\"contentUrl\":\"https:\\\/\\\/www.cidademarketing.com.br\\\/marketing\\\/wp-content\\\/uploads\\\/2020\\\/01\\\/cidademarketing_marca_mobile.png\",\"width\":230,\"height\":92,\"caption\":\"CidadeMarketing\"},\"image\":{\"@id\":\"https:\\\/\\\/www.cidademarketing.com.br\\\/marketing\\\/#\\\/schema\\\/logo\\\/image\\\/\"},\"sameAs\":[\"https:\\\/\\\/www.facebook.com\\\/portalcidademarketing\",\"https:\\\/\\\/x.com\\\/CidadeMarketing\",\"https:\\\/\\\/www.instagram.com\\\/cidademarketing\\\/\"]},{\"@type\":\"Person\",\"@id\":\"https:\\\/\\\/www.cidademarketing.com.br\\\/marketing\\\/#\\\/schema\\\/person\\\/02daff9f18bd9378c9e01eb6b2db155f\",\"name\":\"Thales Brand\u00e3o\",\"image\":{\"@type\":\"ImageObject\",\"inLanguage\":\"pt-BR\",\"@id\":\"https:\\\/\\\/secure.gravatar.com\\\/avatar\\\/7ca3206950207cc3cb48feec56a8a7898741ab725c368d99d5d7a5a50aab80c6?s=96&d=mm&r=g\",\"url\":\"https:\\\/\\\/secure.gravatar.com\\\/avatar\\\/7ca3206950207cc3cb48feec56a8a7898741ab725c368d99d5d7a5a50aab80c6?s=96&d=mm&r=g\",\"contentUrl\":\"https:\\\/\\\/secure.gravatar.com\\\/avatar\\\/7ca3206950207cc3cb48feec56a8a7898741ab725c368d99d5d7a5a50aab80c6?s=96&d=mm&r=g\",\"caption\":\"Thales Brand\u00e3o\"},\"description\":\"Editor Executivo do Portal CidadeMarketing.com.br &gt; Mestre em Comunica\u00e7\u00e3o e Sociedade pela Universidade Federal de Sergipe. Possui MBA Executivo em Administra\u00e7\u00e3o com \u00eanfase em Marketing pela Funda\u00e7\u00e3o Get\u00falio Vargas - Rio de Janeiro. Consultor, Palestrante e Pesquisador sobre Empreendedorismo, Marketing, Redes Sociais e Neg\u00f3cios Digitais. Professor, Palestrante TedxTalks e Campus Party. Twitter: @ThalesBrandao\",\"sameAs\":[\"http:\\\/\\\/www.mandacaru.com.br\",\"https:\\\/\\\/www.facebook.com\\\/thalesbrandao\",\"http:\\\/\\\/www.instagram.com.br\\\/thalesbrandaoferreira\",\"https:\\\/\\\/www.linkedin.com\\\/in\\\/thales-brand\u00e3o-3948609\\\/\",\"https:\\\/\\\/x.com\\\/http:\\\/\\\/www.twitter.com\\\/thalesbrandao\"],\"url\":\"https:\\\/\\\/www.cidademarketing.com.br\\\/marketing\\\/author\\\/thalesbrandao\\\/\"}]}<\/script>\n<!-- \/ Yoast SEO plugin. -->","yoast_head_json":{"title":"\u00daltima semana para conferir a CASACOR Minas Gerais - CidadeMarketing","robots":{"index":"index","follow":"follow","max-snippet":"max-snippet:-1","max-image-preview":"max-image-preview:large","max-video-preview":"max-video-preview:-1"},"canonical":"https:\/\/www.cidademarketing.com.br\/marketing\/2021\/10\/26\/ultima-semana-para-conferir-a-casacor-minas-gerais\/","og_locale":"pt_BR","og_type":"article","og_title":"\u00daltima semana para conferir a CASACOR Minas Gerais - CidadeMarketing","og_description":"Aberta ao p\u00fablico desde 14 setembro, a CASACOR Minas se consolida mais uma vez como a maior mostra do estado, atraindo milhares de visitantes a cada edi\u00e7\u00e3o. A sele\u00e7\u00e3o de profissionais deste ano inclui um vasto time formado por veteranos, al\u00e9m de jovens talentos da arquitetura, do design e do paisagismo. S\u00e3o ao todo 71 [&hellip;]","og_url":"https:\/\/www.cidademarketing.com.br\/marketing\/2021\/10\/26\/ultima-semana-para-conferir-a-casacor-minas-gerais\/","og_site_name":"CidadeMarketing","article_publisher":"https:\/\/www.facebook.com\/portalcidademarketing","article_author":"https:\/\/www.facebook.com\/thalesbrandao","article_published_time":"2021-10-26T13:09:25+00:00","article_modified_time":"2021-10-26T13:09:27+00:00","og_image":[{"width":2560,"height":1657,"url":"https:\/\/www.cidademarketing.com.br\/marketing\/wp-content\/uploads\/2021\/10\/Bangalo-770-Bateia-Studio-126-Arquitetura-Foto-ny18-scaled.jpg","type":"image\/jpeg"}],"author":"Thales Brand\u00e3o","twitter_card":"summary_large_image","twitter_creator":"@http:\/\/www.twitter.com\/thalesbrandao","twitter_site":"@CidadeMarketing","twitter_misc":{"Escrito por":"Thales Brand\u00e3o","Est. tempo de leitura":"8 minutos"},"schema":{"@context":"https:\/\/schema.org","@graph":[{"@type":"Article","@id":"https:\/\/www.cidademarketing.com.br\/marketing\/2021\/10\/26\/ultima-semana-para-conferir-a-casacor-minas-gerais\/#article","isPartOf":{"@id":"https:\/\/www.cidademarketing.com.br\/marketing\/2021\/10\/26\/ultima-semana-para-conferir-a-casacor-minas-gerais\/"},"author":{"name":"Thales Brand\u00e3o","@id":"https:\/\/www.cidademarketing.com.br\/marketing\/#\/schema\/person\/02daff9f18bd9378c9e01eb6b2db155f"},"headline":"\u00daltima semana para conferir a CASACOR Minas Gerais","datePublished":"2021-10-26T13:09:25+00:00","dateModified":"2021-10-26T13:09:27+00:00","mainEntityOfPage":{"@id":"https:\/\/www.cidademarketing.com.br\/marketing\/2021\/10\/26\/ultima-semana-para-conferir-a-casacor-minas-gerais\/"},"wordCount":1570,"commentCount":0,"publisher":{"@id":"https:\/\/www.cidademarketing.com.br\/marketing\/#organization"},"image":{"@id":"https:\/\/www.cidademarketing.com.br\/marketing\/2021\/10\/26\/ultima-semana-para-conferir-a-casacor-minas-gerais\/#primaryimage"},"thumbnailUrl":"https:\/\/www.cidademarketing.com.br\/marketing\/wp-content\/uploads\/2021\/10\/Bangalo-770-Bateia-Studio-126-Arquitetura-Foto-ny18-scaled.jpg","keywords":["arquitetura","CASACOR Minas Gerais","decora\u00e7\u00e3o","design","marketing","Minas Gerais"],"articleSection":["Not\u00edcias"],"inLanguage":"pt-BR","potentialAction":[{"@type":"CommentAction","name":"Comment","target":["https:\/\/www.cidademarketing.com.br\/marketing\/2021\/10\/26\/ultima-semana-para-conferir-a-casacor-minas-gerais\/#respond"]}]},{"@type":"WebPage","@id":"https:\/\/www.cidademarketing.com.br\/marketing\/2021\/10\/26\/ultima-semana-para-conferir-a-casacor-minas-gerais\/","url":"https:\/\/www.cidademarketing.com.br\/marketing\/2021\/10\/26\/ultima-semana-para-conferir-a-casacor-minas-gerais\/","name":"\u00daltima semana para conferir a CASACOR Minas Gerais - CidadeMarketing","isPartOf":{"@id":"https:\/\/www.cidademarketing.com.br\/marketing\/#website"},"primaryImageOfPage":{"@id":"https:\/\/www.cidademarketing.com.br\/marketing\/2021\/10\/26\/ultima-semana-para-conferir-a-casacor-minas-gerais\/#primaryimage"},"image":{"@id":"https:\/\/www.cidademarketing.com.br\/marketing\/2021\/10\/26\/ultima-semana-para-conferir-a-casacor-minas-gerais\/#primaryimage"},"thumbnailUrl":"https:\/\/www.cidademarketing.com.br\/marketing\/wp-content\/uploads\/2021\/10\/Bangalo-770-Bateia-Studio-126-Arquitetura-Foto-ny18-scaled.jpg","datePublished":"2021-10-26T13:09:25+00:00","dateModified":"2021-10-26T13:09:27+00:00","breadcrumb":{"@id":"https:\/\/www.cidademarketing.com.br\/marketing\/2021\/10\/26\/ultima-semana-para-conferir-a-casacor-minas-gerais\/#breadcrumb"},"inLanguage":"pt-BR","potentialAction":[{"@type":"ReadAction","target":["https:\/\/www.cidademarketing.com.br\/marketing\/2021\/10\/26\/ultima-semana-para-conferir-a-casacor-minas-gerais\/"]}]},{"@type":"ImageObject","inLanguage":"pt-BR","@id":"https:\/\/www.cidademarketing.com.br\/marketing\/2021\/10\/26\/ultima-semana-para-conferir-a-casacor-minas-gerais\/#primaryimage","url":"https:\/\/www.cidademarketing.com.br\/marketing\/wp-content\/uploads\/2021\/10\/Bangalo-770-Bateia-Studio-126-Arquitetura-Foto-ny18-scaled.jpg","contentUrl":"https:\/\/www.cidademarketing.com.br\/marketing\/wp-content\/uploads\/2021\/10\/Bangalo-770-Bateia-Studio-126-Arquitetura-Foto-ny18-scaled.jpg","width":2560,"height":1657,"caption":"Bangal\u00f4 Bateia - Studio 126 Arquitetura"},{"@type":"BreadcrumbList","@id":"https:\/\/www.cidademarketing.com.br\/marketing\/2021\/10\/26\/ultima-semana-para-conferir-a-casacor-minas-gerais\/#breadcrumb","itemListElement":[{"@type":"ListItem","position":1,"name":"In\u00edcio","item":"https:\/\/www.cidademarketing.com.br\/marketing\/"},{"@type":"ListItem","position":2,"name":"\u00daltima semana para conferir a CASACOR Minas Gerais"}]},{"@type":"WebSite","@id":"https:\/\/www.cidademarketing.com.br\/marketing\/#website","url":"https:\/\/www.cidademarketing.com.br\/marketing\/","name":"CidadeMarketing","description":"Somos um ve\u00edculo de comunica\u00e7\u00e3o de destaque no Brasil, reconhecido por conte\u00fados nos segmentos de marketing, empreendedorismo e inova\u00e7\u00e3o.","publisher":{"@id":"https:\/\/www.cidademarketing.com.br\/marketing\/#organization"},"alternateName":"CidadeMarketing","potentialAction":[{"@type":"SearchAction","target":{"@type":"EntryPoint","urlTemplate":"https:\/\/www.cidademarketing.com.br\/marketing\/?s={search_term_string}"},"query-input":{"@type":"PropertyValueSpecification","valueRequired":true,"valueName":"search_term_string"}}],"inLanguage":"pt-BR"},{"@type":"Organization","@id":"https:\/\/www.cidademarketing.com.br\/marketing\/#organization","name":"CidadeMarketing","alternateName":"CidadeMarketing","url":"https:\/\/www.cidademarketing.com.br\/marketing\/","logo":{"@type":"ImageObject","inLanguage":"pt-BR","@id":"https:\/\/www.cidademarketing.com.br\/marketing\/#\/schema\/logo\/image\/","url":"https:\/\/www.cidademarketing.com.br\/marketing\/wp-content\/uploads\/2020\/01\/cidademarketing_marca_mobile.png","contentUrl":"https:\/\/www.cidademarketing.com.br\/marketing\/wp-content\/uploads\/2020\/01\/cidademarketing_marca_mobile.png","width":230,"height":92,"caption":"CidadeMarketing"},"image":{"@id":"https:\/\/www.cidademarketing.com.br\/marketing\/#\/schema\/logo\/image\/"},"sameAs":["https:\/\/www.facebook.com\/portalcidademarketing","https:\/\/x.com\/CidadeMarketing","https:\/\/www.instagram.com\/cidademarketing\/"]},{"@type":"Person","@id":"https:\/\/www.cidademarketing.com.br\/marketing\/#\/schema\/person\/02daff9f18bd9378c9e01eb6b2db155f","name":"Thales Brand\u00e3o","image":{"@type":"ImageObject","inLanguage":"pt-BR","@id":"https:\/\/secure.gravatar.com\/avatar\/7ca3206950207cc3cb48feec56a8a7898741ab725c368d99d5d7a5a50aab80c6?s=96&d=mm&r=g","url":"https:\/\/secure.gravatar.com\/avatar\/7ca3206950207cc3cb48feec56a8a7898741ab725c368d99d5d7a5a50aab80c6?s=96&d=mm&r=g","contentUrl":"https:\/\/secure.gravatar.com\/avatar\/7ca3206950207cc3cb48feec56a8a7898741ab725c368d99d5d7a5a50aab80c6?s=96&d=mm&r=g","caption":"Thales Brand\u00e3o"},"description":"Editor Executivo do Portal CidadeMarketing.com.br &gt; Mestre em Comunica\u00e7\u00e3o e Sociedade pela Universidade Federal de Sergipe. Possui MBA Executivo em Administra\u00e7\u00e3o com \u00eanfase em Marketing pela Funda\u00e7\u00e3o Get\u00falio Vargas - Rio de Janeiro. Consultor, Palestrante e Pesquisador sobre Empreendedorismo, Marketing, Redes Sociais e Neg\u00f3cios Digitais. Professor, Palestrante TedxTalks e Campus Party. Twitter: @ThalesBrandao","sameAs":["http:\/\/www.mandacaru.com.br","https:\/\/www.facebook.com\/thalesbrandao","http:\/\/www.instagram.com.br\/thalesbrandaoferreira","https:\/\/www.linkedin.com\/in\/thales-brand\u00e3o-3948609\/","https:\/\/x.com\/http:\/\/www.twitter.com\/thalesbrandao"],"url":"https:\/\/www.cidademarketing.com.br\/marketing\/author\/thalesbrandao\/"}]}},"amp_enabled":true,"_links":{"self":[{"href":"https:\/\/www.cidademarketing.com.br\/marketing\/wp-json\/wp\/v2\/posts\/30926","targetHints":{"allow":["GET"]}}],"collection":[{"href":"https:\/\/www.cidademarketing.com.br\/marketing\/wp-json\/wp\/v2\/posts"}],"about":[{"href":"https:\/\/www.cidademarketing.com.br\/marketing\/wp-json\/wp\/v2\/types\/post"}],"author":[{"embeddable":true,"href":"https:\/\/www.cidademarketing.com.br\/marketing\/wp-json\/wp\/v2\/users\/1"}],"replies":[{"embeddable":true,"href":"https:\/\/www.cidademarketing.com.br\/marketing\/wp-json\/wp\/v2\/comments?post=30926"}],"version-history":[{"count":1,"href":"https:\/\/www.cidademarketing.com.br\/marketing\/wp-json\/wp\/v2\/posts\/30926\/revisions"}],"predecessor-version":[{"id":30938,"href":"https:\/\/www.cidademarketing.com.br\/marketing\/wp-json\/wp\/v2\/posts\/30926\/revisions\/30938"}],"wp:featuredmedia":[{"embeddable":true,"href":"https:\/\/www.cidademarketing.com.br\/marketing\/wp-json\/wp\/v2\/media\/30929"}],"wp:attachment":[{"href":"https:\/\/www.cidademarketing.com.br\/marketing\/wp-json\/wp\/v2\/media?parent=30926"}],"wp:term":[{"taxonomy":"category","embeddable":true,"href":"https:\/\/www.cidademarketing.com.br\/marketing\/wp-json\/wp\/v2\/categories?post=30926"},{"taxonomy":"post_tag","embeddable":true,"href":"https:\/\/www.cidademarketing.com.br\/marketing\/wp-json\/wp\/v2\/tags?post=30926"}],"curies":[{"name":"wp","href":"https:\/\/api.w.org\/{rel}","templated":true}]}}