{"id":30809,"date":"2021-10-24T00:36:30","date_gmt":"2021-10-24T03:36:30","guid":{"rendered":"https:\/\/www.cidademarketing.com.br\/marketing\/?p=30809"},"modified":"2021-10-24T00:36:32","modified_gmt":"2021-10-24T03:36:32","slug":"bradesco-cria-pacote-de-descontos-e-beneficios-para-a-black-friday","status":"publish","type":"post","link":"https:\/\/www.cidademarketing.com.br\/marketing\/2021\/10\/24\/bradesco-cria-pacote-de-descontos-e-beneficios-para-a-black-friday\/","title":{"rendered":"Bradesco cria pacote de descontos e benef\u00edcios para a Black Friday"},"content":{"rendered":"\n<p><\/p><iframe src=\"https:\/\/open.spotify.com\/embed\/show\/4khMKzP3FgFRWVwb73xicc\" width=\"100%\" height=\"232\" frameBorder=\"0\" allowtransparency=\"true\" allow=\"encrypted-media\"><\/iframe>\t\n\n\n\n\n<p>O Bradesco lan\u00e7a a Bank Friday a partir de 1\u00b0 de novembro com vantagens diferenciadas em diversos produtos e servi\u00e7os voltados para clientes pessoa f\u00edsica. Para os clientes pessoa jur\u00eddica, a oferta de benef\u00edcios j\u00e1 est\u00e1 em vigor.<\/p>\n\n\n\n<p>Para os clientes pessoa f\u00edsica, entre os destaques, est\u00e3o o aumento do prazo de pagamento da primeira parcela, sendo no financiamento de ve\u00edculos de 60 para 90 dias e no cr\u00e9dito parcelado, de 90 para 120 dias; j\u00e1 para o cr\u00e9dito consignado, ter\u00e1 desconto de at\u00e9 10% na taxa para os clientes que trouxerem o contrato para o Bradesco (portabilidade). No cr\u00e9dito imobili\u00e1rio, haver\u00e1 a amplia\u00e7\u00e3o de 80% para 90% no financiamento do valor do im\u00f3vel, com prazos de at\u00e9 30 anos, para as propostas realizadas entre 1\u00ba e 30 de novembro. Al\u00e9m disso, na abertura de conta corrente pelo app, o novo cliente ganhar\u00e1 a isen\u00e7\u00e3o de tarifa na cesta de servi\u00e7os por 18 meses, independente da cesta contratada.<\/p>\n\n\n\n<p>Entre os benef\u00edcios voltados para o cliente pessoa jur\u00eddica est\u00e3o: capital de giro com at\u00e9&nbsp; 90 dias para come\u00e7ar a pagar e at\u00e9 72 meses de prazo;&nbsp; microcr\u00e9dito com car\u00eancia ampliada de 60 para 90 dias e prazo de at\u00e9 40 meses; financiamento de ve\u00edculos PJ com prazo para pagamento da primeira parcela ampliado de 60 para 90 dias.<\/p>\n\n\n\n<p>Tamb\u00e9m para cliente PJ, a tarifa de emiss\u00e3o de boletos de cobran\u00e7a cai para R$ 1,24 e o cliente ainda conta com isen\u00e7\u00e3o das tarifas de transa\u00e7\u00e3o do Pix Bradesco na Maquininha Cielo, at\u00e9 o final do ano. Para o p\u00fablico MEI, a oferta \u00e9 de 18 meses na isen\u00e7\u00e3o da cesta de servi\u00e7os MEI para as contas abertas pelo app no per\u00edodo de 24 de outubro a 30 de novembro.<\/p>\n\n\n\n<p>Tamb\u00e9m ser\u00e1 poss\u00edvel a ambos os segmentos, pessoa f\u00edsica e jur\u00eddica, renegociarem d\u00edvidas em atraso com desconto adicional para pagamento \u00e0 vista.<\/p>\n\n\n\n<p>Clientes contam tamb\u00e9m com condi\u00e7\u00f5es diferenciadas na contrata\u00e7\u00e3o de cons\u00f3rcio.<\/p>\n\n\n\n<p>Clientes dos cart\u00f5es de cr\u00e9dito Bradesco disp\u00f5em de ofertas exclusivas em diversos parceiros em datas especificas durante o m\u00eas de novembro. Entre os destaques est\u00e1 a compra de qualquer produto Apple na iPlace em at\u00e9 24 vezes, al\u00e9m de poder usar o celular como parte do pagamento nas lojas f\u00edsicas iPlace. Na linha de Eletrodom\u00e9sticos, os clientes ter\u00e3o parcelamento em at\u00e9 21 vezes sem juros nos produtos Electrolux e, para planejar suas pr\u00f3ximas f\u00e9rias, condi\u00e7\u00f5es especiais de parcelamento e cupom de R$ 150 para compras a partir de R$ 1.500 na submarinoviagens.com.br. Refor\u00e7ando a proposta de valor em entretenimento, o cliente ter\u00e1 em toda a rede Cinemark oferta duplicada, ou seja, 50% de desconto em 2 ingressos e 2 combos (pipoca + refri) por cart\u00e3o. E, para os apreciadores de vinho, assinando Confraria Grand Cru, al\u00e9m da garrafa extra, ter\u00e3o 3 meses off no plano anual.<\/p>\n\n\n\n<p>A campanha deste ano ganha um nome propriet\u00e1rio, o Bank Friday Bradesco. Para obter mais informa\u00e7\u00f5es ou solicitar os benef\u00edcios, basta acessar <a href=\"http:\/\/banco.bradesco\/bankfriday\" target=\"_blank\" rel=\"noreferrer noopener\">banco.bradesco\/bankfriday<\/a>.<\/p>\n\n\n\n<p><\/p><iframe allow=\"autoplay *; encrypted-media *; fullscreen *\" frameborder=\"0\" height=\"450\" style=\"width:100%;max-width:660px;overflow:hidden;background:transparent;\" sandbox=\"allow-forms allow-popups allow-same-origin allow-scripts allow-storage-access-by-user-activation allow-top-navigation-by-user-activation\" src=\"https:\/\/embed.podcasts.apple.com\/br\/podcast\/podcast-cidademarketing\/id1371923283\"><\/iframe>\n\n","protected":false},"excerpt":{"rendered":"<p>O Bradesco lan\u00e7a a Bank Friday a partir de 1\u00b0 de novembro com vantagens diferenciadas em diversos produtos e servi\u00e7os voltados para clientes pessoa f\u00edsica. Para os clientes pessoa jur\u00eddica, a oferta de benef\u00edcios j\u00e1 est\u00e1 em vigor. Para os clientes pessoa f\u00edsica, entre os destaques, est\u00e3o o aumento do prazo de pagamento da primeira [&hellip;]<\/p>\n","protected":false},"author":1,"featured_media":30810,"comment_status":"open","ping_status":"open","sticky":false,"template":"","format":"standard","meta":{"tdm_status":"","tdm_grid_status":"","footnotes":""},"categories":[6],"tags":[591,1380,33,28,26],"class_list":["post-30809","post","type-post","status-publish","format-standard","has-post-thumbnail","hentry","category-noticias","tag-black-friday","tag-desconto","tag-estrategia","tag-marketing","tag-marketing-digital"],"yoast_head":"<!-- This site is optimized with the Yoast SEO plugin v27.5 - https:\/\/yoast.com\/product\/yoast-seo-wordpress\/ -->\n<title>Bradesco cria pacote de descontos e benef\u00edcios para a Black Friday - CidadeMarketing<\/title>\n<meta name=\"robots\" content=\"index, follow, max-snippet:-1, max-image-preview:large, max-video-preview:-1\" \/>\n<link rel=\"canonical\" href=\"https:\/\/www.cidademarketing.com.br\/marketing\/2021\/10\/24\/bradesco-cria-pacote-de-descontos-e-beneficios-para-a-black-friday\/\" \/>\n<meta property=\"og:locale\" content=\"pt_BR\" \/>\n<meta property=\"og:type\" content=\"article\" \/>\n<meta property=\"og:title\" content=\"Bradesco cria pacote de descontos e benef\u00edcios para a Black Friday - CidadeMarketing\" \/>\n<meta property=\"og:description\" content=\"O Bradesco lan\u00e7a a Bank Friday a partir de 1\u00b0 de novembro com vantagens diferenciadas em diversos produtos e servi\u00e7os voltados para clientes pessoa f\u00edsica. Para os clientes pessoa jur\u00eddica, a oferta de benef\u00edcios j\u00e1 est\u00e1 em vigor. Para os clientes pessoa f\u00edsica, entre os destaques, est\u00e3o o aumento do prazo de pagamento da primeira [&hellip;]\" \/>\n<meta property=\"og:url\" content=\"https:\/\/www.cidademarketing.com.br\/marketing\/2021\/10\/24\/bradesco-cria-pacote-de-descontos-e-beneficios-para-a-black-friday\/\" \/>\n<meta property=\"og:site_name\" content=\"CidadeMarketing\" \/>\n<meta property=\"article:publisher\" content=\"https:\/\/www.facebook.com\/portalcidademarketing\" \/>\n<meta property=\"article:author\" content=\"https:\/\/www.facebook.com\/thalesbrandao\" \/>\n<meta property=\"article:published_time\" content=\"2021-10-24T03:36:30+00:00\" \/>\n<meta property=\"article:modified_time\" content=\"2021-10-24T03:36:32+00:00\" \/>\n<meta property=\"og:image\" content=\"https:\/\/www.cidademarketing.com.br\/marketing\/wp-content\/uploads\/2021\/10\/Bradesco-Black-Friday.jpg\" \/>\n\t<meta property=\"og:image:width\" content=\"1985\" \/>\n\t<meta property=\"og:image:height\" content=\"1118\" \/>\n\t<meta property=\"og:image:type\" content=\"image\/jpeg\" \/>\n<meta name=\"author\" content=\"Thales Brand\u00e3o\" \/>\n<meta name=\"twitter:card\" content=\"summary_large_image\" \/>\n<meta name=\"twitter:creator\" content=\"@http:\/\/www.twitter.com\/thalesbrandao\" \/>\n<meta name=\"twitter:site\" content=\"@CidadeMarketing\" \/>\n<meta name=\"twitter:label1\" content=\"Escrito por\" \/>\n\t<meta name=\"twitter:data1\" content=\"Thales Brand\u00e3o\" \/>\n\t<meta name=\"twitter:label2\" content=\"Est. tempo de leitura\" \/>\n\t<meta name=\"twitter:data2\" content=\"3 minutos\" \/>\n<script type=\"application\/ld+json\" class=\"yoast-schema-graph\">{\"@context\":\"https:\\\/\\\/schema.org\",\"@graph\":[{\"@type\":\"Article\",\"@id\":\"https:\\\/\\\/www.cidademarketing.com.br\\\/marketing\\\/2021\\\/10\\\/24\\\/bradesco-cria-pacote-de-descontos-e-beneficios-para-a-black-friday\\\/#article\",\"isPartOf\":{\"@id\":\"https:\\\/\\\/www.cidademarketing.com.br\\\/marketing\\\/2021\\\/10\\\/24\\\/bradesco-cria-pacote-de-descontos-e-beneficios-para-a-black-friday\\\/\"},\"author\":{\"name\":\"Thales Brand\u00e3o\",\"@id\":\"https:\\\/\\\/www.cidademarketing.com.br\\\/marketing\\\/#\\\/schema\\\/person\\\/02daff9f18bd9378c9e01eb6b2db155f\"},\"headline\":\"Bradesco cria pacote de descontos e benef\u00edcios para a Black Friday\",\"datePublished\":\"2021-10-24T03:36:30+00:00\",\"dateModified\":\"2021-10-24T03:36:32+00:00\",\"mainEntityOfPage\":{\"@id\":\"https:\\\/\\\/www.cidademarketing.com.br\\\/marketing\\\/2021\\\/10\\\/24\\\/bradesco-cria-pacote-de-descontos-e-beneficios-para-a-black-friday\\\/\"},\"wordCount\":533,\"commentCount\":0,\"publisher\":{\"@id\":\"https:\\\/\\\/www.cidademarketing.com.br\\\/marketing\\\/#organization\"},\"image\":{\"@id\":\"https:\\\/\\\/www.cidademarketing.com.br\\\/marketing\\\/2021\\\/10\\\/24\\\/bradesco-cria-pacote-de-descontos-e-beneficios-para-a-black-friday\\\/#primaryimage\"},\"thumbnailUrl\":\"https:\\\/\\\/www.cidademarketing.com.br\\\/marketing\\\/wp-content\\\/uploads\\\/2021\\\/10\\\/Bradesco-Black-Friday.jpg\",\"keywords\":[\"Black Friday\",\"desconto\",\"estrat\u00e9gia\",\"marketing\",\"marketing digital\"],\"articleSection\":[\"Not\u00edcias\"],\"inLanguage\":\"pt-BR\",\"potentialAction\":[{\"@type\":\"CommentAction\",\"name\":\"Comment\",\"target\":[\"https:\\\/\\\/www.cidademarketing.com.br\\\/marketing\\\/2021\\\/10\\\/24\\\/bradesco-cria-pacote-de-descontos-e-beneficios-para-a-black-friday\\\/#respond\"]}]},{\"@type\":\"WebPage\",\"@id\":\"https:\\\/\\\/www.cidademarketing.com.br\\\/marketing\\\/2021\\\/10\\\/24\\\/bradesco-cria-pacote-de-descontos-e-beneficios-para-a-black-friday\\\/\",\"url\":\"https:\\\/\\\/www.cidademarketing.com.br\\\/marketing\\\/2021\\\/10\\\/24\\\/bradesco-cria-pacote-de-descontos-e-beneficios-para-a-black-friday\\\/\",\"name\":\"Bradesco cria pacote de descontos e benef\u00edcios para a Black Friday - CidadeMarketing\",\"isPartOf\":{\"@id\":\"https:\\\/\\\/www.cidademarketing.com.br\\\/marketing\\\/#website\"},\"primaryImageOfPage\":{\"@id\":\"https:\\\/\\\/www.cidademarketing.com.br\\\/marketing\\\/2021\\\/10\\\/24\\\/bradesco-cria-pacote-de-descontos-e-beneficios-para-a-black-friday\\\/#primaryimage\"},\"image\":{\"@id\":\"https:\\\/\\\/www.cidademarketing.com.br\\\/marketing\\\/2021\\\/10\\\/24\\\/bradesco-cria-pacote-de-descontos-e-beneficios-para-a-black-friday\\\/#primaryimage\"},\"thumbnailUrl\":\"https:\\\/\\\/www.cidademarketing.com.br\\\/marketing\\\/wp-content\\\/uploads\\\/2021\\\/10\\\/Bradesco-Black-Friday.jpg\",\"datePublished\":\"2021-10-24T03:36:30+00:00\",\"dateModified\":\"2021-10-24T03:36:32+00:00\",\"breadcrumb\":{\"@id\":\"https:\\\/\\\/www.cidademarketing.com.br\\\/marketing\\\/2021\\\/10\\\/24\\\/bradesco-cria-pacote-de-descontos-e-beneficios-para-a-black-friday\\\/#breadcrumb\"},\"inLanguage\":\"pt-BR\",\"potentialAction\":[{\"@type\":\"ReadAction\",\"target\":[\"https:\\\/\\\/www.cidademarketing.com.br\\\/marketing\\\/2021\\\/10\\\/24\\\/bradesco-cria-pacote-de-descontos-e-beneficios-para-a-black-friday\\\/\"]}]},{\"@type\":\"ImageObject\",\"inLanguage\":\"pt-BR\",\"@id\":\"https:\\\/\\\/www.cidademarketing.com.br\\\/marketing\\\/2021\\\/10\\\/24\\\/bradesco-cria-pacote-de-descontos-e-beneficios-para-a-black-friday\\\/#primaryimage\",\"url\":\"https:\\\/\\\/www.cidademarketing.com.br\\\/marketing\\\/wp-content\\\/uploads\\\/2021\\\/10\\\/Bradesco-Black-Friday.jpg\",\"contentUrl\":\"https:\\\/\\\/www.cidademarketing.com.br\\\/marketing\\\/wp-content\\\/uploads\\\/2021\\\/10\\\/Bradesco-Black-Friday.jpg\",\"width\":1985,\"height\":1118,\"caption\":\"Divulga\u00e7\u00e3o\"},{\"@type\":\"BreadcrumbList\",\"@id\":\"https:\\\/\\\/www.cidademarketing.com.br\\\/marketing\\\/2021\\\/10\\\/24\\\/bradesco-cria-pacote-de-descontos-e-beneficios-para-a-black-friday\\\/#breadcrumb\",\"itemListElement\":[{\"@type\":\"ListItem\",\"position\":1,\"name\":\"In\u00edcio\",\"item\":\"https:\\\/\\\/www.cidademarketing.com.br\\\/marketing\\\/\"},{\"@type\":\"ListItem\",\"position\":2,\"name\":\"Bradesco cria pacote de descontos e benef\u00edcios para a Black Friday\"}]},{\"@type\":\"WebSite\",\"@id\":\"https:\\\/\\\/www.cidademarketing.com.br\\\/marketing\\\/#website\",\"url\":\"https:\\\/\\\/www.cidademarketing.com.br\\\/marketing\\\/\",\"name\":\"CidadeMarketing\",\"description\":\"Somos um ve\u00edculo de comunica\u00e7\u00e3o de destaque no Brasil, reconhecido por conte\u00fados nos segmentos de marketing, empreendedorismo e inova\u00e7\u00e3o.\",\"publisher\":{\"@id\":\"https:\\\/\\\/www.cidademarketing.com.br\\\/marketing\\\/#organization\"},\"alternateName\":\"CidadeMarketing\",\"potentialAction\":[{\"@type\":\"SearchAction\",\"target\":{\"@type\":\"EntryPoint\",\"urlTemplate\":\"https:\\\/\\\/www.cidademarketing.com.br\\\/marketing\\\/?s={search_term_string}\"},\"query-input\":{\"@type\":\"PropertyValueSpecification\",\"valueRequired\":true,\"valueName\":\"search_term_string\"}}],\"inLanguage\":\"pt-BR\"},{\"@type\":\"Organization\",\"@id\":\"https:\\\/\\\/www.cidademarketing.com.br\\\/marketing\\\/#organization\",\"name\":\"CidadeMarketing\",\"alternateName\":\"CidadeMarketing\",\"url\":\"https:\\\/\\\/www.cidademarketing.com.br\\\/marketing\\\/\",\"logo\":{\"@type\":\"ImageObject\",\"inLanguage\":\"pt-BR\",\"@id\":\"https:\\\/\\\/www.cidademarketing.com.br\\\/marketing\\\/#\\\/schema\\\/logo\\\/image\\\/\",\"url\":\"https:\\\/\\\/www.cidademarketing.com.br\\\/marketing\\\/wp-content\\\/uploads\\\/2020\\\/01\\\/cidademarketing_marca_mobile.png\",\"contentUrl\":\"https:\\\/\\\/www.cidademarketing.com.br\\\/marketing\\\/wp-content\\\/uploads\\\/2020\\\/01\\\/cidademarketing_marca_mobile.png\",\"width\":230,\"height\":92,\"caption\":\"CidadeMarketing\"},\"image\":{\"@id\":\"https:\\\/\\\/www.cidademarketing.com.br\\\/marketing\\\/#\\\/schema\\\/logo\\\/image\\\/\"},\"sameAs\":[\"https:\\\/\\\/www.facebook.com\\\/portalcidademarketing\",\"https:\\\/\\\/x.com\\\/CidadeMarketing\",\"https:\\\/\\\/www.instagram.com\\\/cidademarketing\\\/\"]},{\"@type\":\"Person\",\"@id\":\"https:\\\/\\\/www.cidademarketing.com.br\\\/marketing\\\/#\\\/schema\\\/person\\\/02daff9f18bd9378c9e01eb6b2db155f\",\"name\":\"Thales Brand\u00e3o\",\"image\":{\"@type\":\"ImageObject\",\"inLanguage\":\"pt-BR\",\"@id\":\"https:\\\/\\\/secure.gravatar.com\\\/avatar\\\/7ca3206950207cc3cb48feec56a8a7898741ab725c368d99d5d7a5a50aab80c6?s=96&d=mm&r=g\",\"url\":\"https:\\\/\\\/secure.gravatar.com\\\/avatar\\\/7ca3206950207cc3cb48feec56a8a7898741ab725c368d99d5d7a5a50aab80c6?s=96&d=mm&r=g\",\"contentUrl\":\"https:\\\/\\\/secure.gravatar.com\\\/avatar\\\/7ca3206950207cc3cb48feec56a8a7898741ab725c368d99d5d7a5a50aab80c6?s=96&d=mm&r=g\",\"caption\":\"Thales Brand\u00e3o\"},\"description\":\"Editor Executivo do Portal CidadeMarketing.com.br &gt; Mestre em Comunica\u00e7\u00e3o e Sociedade pela Universidade Federal de Sergipe. Possui MBA Executivo em Administra\u00e7\u00e3o com \u00eanfase em Marketing pela Funda\u00e7\u00e3o Get\u00falio Vargas - Rio de Janeiro. Consultor, Palestrante e Pesquisador sobre Empreendedorismo, Marketing, Redes Sociais e Neg\u00f3cios Digitais. Professor, Palestrante TedxTalks e Campus Party. Twitter: @ThalesBrandao\",\"sameAs\":[\"http:\\\/\\\/www.mandacaru.com.br\",\"https:\\\/\\\/www.facebook.com\\\/thalesbrandao\",\"http:\\\/\\\/www.instagram.com.br\\\/thalesbrandaoferreira\",\"https:\\\/\\\/www.linkedin.com\\\/in\\\/thales-brand\u00e3o-3948609\\\/\",\"https:\\\/\\\/x.com\\\/http:\\\/\\\/www.twitter.com\\\/thalesbrandao\"],\"url\":\"https:\\\/\\\/www.cidademarketing.com.br\\\/marketing\\\/author\\\/thalesbrandao\\\/\"}]}<\/script>\n<!-- \/ Yoast SEO plugin. -->","yoast_head_json":{"title":"Bradesco cria pacote de descontos e benef\u00edcios para a Black Friday - CidadeMarketing","robots":{"index":"index","follow":"follow","max-snippet":"max-snippet:-1","max-image-preview":"max-image-preview:large","max-video-preview":"max-video-preview:-1"},"canonical":"https:\/\/www.cidademarketing.com.br\/marketing\/2021\/10\/24\/bradesco-cria-pacote-de-descontos-e-beneficios-para-a-black-friday\/","og_locale":"pt_BR","og_type":"article","og_title":"Bradesco cria pacote de descontos e benef\u00edcios para a Black Friday - CidadeMarketing","og_description":"O Bradesco lan\u00e7a a Bank Friday a partir de 1\u00b0 de novembro com vantagens diferenciadas em diversos produtos e servi\u00e7os voltados para clientes pessoa f\u00edsica. Para os clientes pessoa jur\u00eddica, a oferta de benef\u00edcios j\u00e1 est\u00e1 em vigor. Para os clientes pessoa f\u00edsica, entre os destaques, est\u00e3o o aumento do prazo de pagamento da primeira [&hellip;]","og_url":"https:\/\/www.cidademarketing.com.br\/marketing\/2021\/10\/24\/bradesco-cria-pacote-de-descontos-e-beneficios-para-a-black-friday\/","og_site_name":"CidadeMarketing","article_publisher":"https:\/\/www.facebook.com\/portalcidademarketing","article_author":"https:\/\/www.facebook.com\/thalesbrandao","article_published_time":"2021-10-24T03:36:30+00:00","article_modified_time":"2021-10-24T03:36:32+00:00","og_image":[{"width":1985,"height":1118,"url":"https:\/\/www.cidademarketing.com.br\/marketing\/wp-content\/uploads\/2021\/10\/Bradesco-Black-Friday.jpg","type":"image\/jpeg"}],"author":"Thales Brand\u00e3o","twitter_card":"summary_large_image","twitter_creator":"@http:\/\/www.twitter.com\/thalesbrandao","twitter_site":"@CidadeMarketing","twitter_misc":{"Escrito por":"Thales Brand\u00e3o","Est. tempo de leitura":"3 minutos"},"schema":{"@context":"https:\/\/schema.org","@graph":[{"@type":"Article","@id":"https:\/\/www.cidademarketing.com.br\/marketing\/2021\/10\/24\/bradesco-cria-pacote-de-descontos-e-beneficios-para-a-black-friday\/#article","isPartOf":{"@id":"https:\/\/www.cidademarketing.com.br\/marketing\/2021\/10\/24\/bradesco-cria-pacote-de-descontos-e-beneficios-para-a-black-friday\/"},"author":{"name":"Thales Brand\u00e3o","@id":"https:\/\/www.cidademarketing.com.br\/marketing\/#\/schema\/person\/02daff9f18bd9378c9e01eb6b2db155f"},"headline":"Bradesco cria pacote de descontos e benef\u00edcios para a Black Friday","datePublished":"2021-10-24T03:36:30+00:00","dateModified":"2021-10-24T03:36:32+00:00","mainEntityOfPage":{"@id":"https:\/\/www.cidademarketing.com.br\/marketing\/2021\/10\/24\/bradesco-cria-pacote-de-descontos-e-beneficios-para-a-black-friday\/"},"wordCount":533,"commentCount":0,"publisher":{"@id":"https:\/\/www.cidademarketing.com.br\/marketing\/#organization"},"image":{"@id":"https:\/\/www.cidademarketing.com.br\/marketing\/2021\/10\/24\/bradesco-cria-pacote-de-descontos-e-beneficios-para-a-black-friday\/#primaryimage"},"thumbnailUrl":"https:\/\/www.cidademarketing.com.br\/marketing\/wp-content\/uploads\/2021\/10\/Bradesco-Black-Friday.jpg","keywords":["Black Friday","desconto","estrat\u00e9gia","marketing","marketing digital"],"articleSection":["Not\u00edcias"],"inLanguage":"pt-BR","potentialAction":[{"@type":"CommentAction","name":"Comment","target":["https:\/\/www.cidademarketing.com.br\/marketing\/2021\/10\/24\/bradesco-cria-pacote-de-descontos-e-beneficios-para-a-black-friday\/#respond"]}]},{"@type":"WebPage","@id":"https:\/\/www.cidademarketing.com.br\/marketing\/2021\/10\/24\/bradesco-cria-pacote-de-descontos-e-beneficios-para-a-black-friday\/","url":"https:\/\/www.cidademarketing.com.br\/marketing\/2021\/10\/24\/bradesco-cria-pacote-de-descontos-e-beneficios-para-a-black-friday\/","name":"Bradesco cria pacote de descontos e benef\u00edcios para a Black Friday - CidadeMarketing","isPartOf":{"@id":"https:\/\/www.cidademarketing.com.br\/marketing\/#website"},"primaryImageOfPage":{"@id":"https:\/\/www.cidademarketing.com.br\/marketing\/2021\/10\/24\/bradesco-cria-pacote-de-descontos-e-beneficios-para-a-black-friday\/#primaryimage"},"image":{"@id":"https:\/\/www.cidademarketing.com.br\/marketing\/2021\/10\/24\/bradesco-cria-pacote-de-descontos-e-beneficios-para-a-black-friday\/#primaryimage"},"thumbnailUrl":"https:\/\/www.cidademarketing.com.br\/marketing\/wp-content\/uploads\/2021\/10\/Bradesco-Black-Friday.jpg","datePublished":"2021-10-24T03:36:30+00:00","dateModified":"2021-10-24T03:36:32+00:00","breadcrumb":{"@id":"https:\/\/www.cidademarketing.com.br\/marketing\/2021\/10\/24\/bradesco-cria-pacote-de-descontos-e-beneficios-para-a-black-friday\/#breadcrumb"},"inLanguage":"pt-BR","potentialAction":[{"@type":"ReadAction","target":["https:\/\/www.cidademarketing.com.br\/marketing\/2021\/10\/24\/bradesco-cria-pacote-de-descontos-e-beneficios-para-a-black-friday\/"]}]},{"@type":"ImageObject","inLanguage":"pt-BR","@id":"https:\/\/www.cidademarketing.com.br\/marketing\/2021\/10\/24\/bradesco-cria-pacote-de-descontos-e-beneficios-para-a-black-friday\/#primaryimage","url":"https:\/\/www.cidademarketing.com.br\/marketing\/wp-content\/uploads\/2021\/10\/Bradesco-Black-Friday.jpg","contentUrl":"https:\/\/www.cidademarketing.com.br\/marketing\/wp-content\/uploads\/2021\/10\/Bradesco-Black-Friday.jpg","width":1985,"height":1118,"caption":"Divulga\u00e7\u00e3o"},{"@type":"BreadcrumbList","@id":"https:\/\/www.cidademarketing.com.br\/marketing\/2021\/10\/24\/bradesco-cria-pacote-de-descontos-e-beneficios-para-a-black-friday\/#breadcrumb","itemListElement":[{"@type":"ListItem","position":1,"name":"In\u00edcio","item":"https:\/\/www.cidademarketing.com.br\/marketing\/"},{"@type":"ListItem","position":2,"name":"Bradesco cria pacote de descontos e benef\u00edcios para a Black Friday"}]},{"@type":"WebSite","@id":"https:\/\/www.cidademarketing.com.br\/marketing\/#website","url":"https:\/\/www.cidademarketing.com.br\/marketing\/","name":"CidadeMarketing","description":"Somos um ve\u00edculo de comunica\u00e7\u00e3o de destaque no Brasil, reconhecido por conte\u00fados nos segmentos de marketing, empreendedorismo e inova\u00e7\u00e3o.","publisher":{"@id":"https:\/\/www.cidademarketing.com.br\/marketing\/#organization"},"alternateName":"CidadeMarketing","potentialAction":[{"@type":"SearchAction","target":{"@type":"EntryPoint","urlTemplate":"https:\/\/www.cidademarketing.com.br\/marketing\/?s={search_term_string}"},"query-input":{"@type":"PropertyValueSpecification","valueRequired":true,"valueName":"search_term_string"}}],"inLanguage":"pt-BR"},{"@type":"Organization","@id":"https:\/\/www.cidademarketing.com.br\/marketing\/#organization","name":"CidadeMarketing","alternateName":"CidadeMarketing","url":"https:\/\/www.cidademarketing.com.br\/marketing\/","logo":{"@type":"ImageObject","inLanguage":"pt-BR","@id":"https:\/\/www.cidademarketing.com.br\/marketing\/#\/schema\/logo\/image\/","url":"https:\/\/www.cidademarketing.com.br\/marketing\/wp-content\/uploads\/2020\/01\/cidademarketing_marca_mobile.png","contentUrl":"https:\/\/www.cidademarketing.com.br\/marketing\/wp-content\/uploads\/2020\/01\/cidademarketing_marca_mobile.png","width":230,"height":92,"caption":"CidadeMarketing"},"image":{"@id":"https:\/\/www.cidademarketing.com.br\/marketing\/#\/schema\/logo\/image\/"},"sameAs":["https:\/\/www.facebook.com\/portalcidademarketing","https:\/\/x.com\/CidadeMarketing","https:\/\/www.instagram.com\/cidademarketing\/"]},{"@type":"Person","@id":"https:\/\/www.cidademarketing.com.br\/marketing\/#\/schema\/person\/02daff9f18bd9378c9e01eb6b2db155f","name":"Thales Brand\u00e3o","image":{"@type":"ImageObject","inLanguage":"pt-BR","@id":"https:\/\/secure.gravatar.com\/avatar\/7ca3206950207cc3cb48feec56a8a7898741ab725c368d99d5d7a5a50aab80c6?s=96&d=mm&r=g","url":"https:\/\/secure.gravatar.com\/avatar\/7ca3206950207cc3cb48feec56a8a7898741ab725c368d99d5d7a5a50aab80c6?s=96&d=mm&r=g","contentUrl":"https:\/\/secure.gravatar.com\/avatar\/7ca3206950207cc3cb48feec56a8a7898741ab725c368d99d5d7a5a50aab80c6?s=96&d=mm&r=g","caption":"Thales Brand\u00e3o"},"description":"Editor Executivo do Portal CidadeMarketing.com.br &gt; Mestre em Comunica\u00e7\u00e3o e Sociedade pela Universidade Federal de Sergipe. Possui MBA Executivo em Administra\u00e7\u00e3o com \u00eanfase em Marketing pela Funda\u00e7\u00e3o Get\u00falio Vargas - Rio de Janeiro. Consultor, Palestrante e Pesquisador sobre Empreendedorismo, Marketing, Redes Sociais e Neg\u00f3cios Digitais. Professor, Palestrante TedxTalks e Campus Party. Twitter: @ThalesBrandao","sameAs":["http:\/\/www.mandacaru.com.br","https:\/\/www.facebook.com\/thalesbrandao","http:\/\/www.instagram.com.br\/thalesbrandaoferreira","https:\/\/www.linkedin.com\/in\/thales-brand\u00e3o-3948609\/","https:\/\/x.com\/http:\/\/www.twitter.com\/thalesbrandao"],"url":"https:\/\/www.cidademarketing.com.br\/marketing\/author\/thalesbrandao\/"}]}},"amp_enabled":true,"_links":{"self":[{"href":"https:\/\/www.cidademarketing.com.br\/marketing\/wp-json\/wp\/v2\/posts\/30809","targetHints":{"allow":["GET"]}}],"collection":[{"href":"https:\/\/www.cidademarketing.com.br\/marketing\/wp-json\/wp\/v2\/posts"}],"about":[{"href":"https:\/\/www.cidademarketing.com.br\/marketing\/wp-json\/wp\/v2\/types\/post"}],"author":[{"embeddable":true,"href":"https:\/\/www.cidademarketing.com.br\/marketing\/wp-json\/wp\/v2\/users\/1"}],"replies":[{"embeddable":true,"href":"https:\/\/www.cidademarketing.com.br\/marketing\/wp-json\/wp\/v2\/comments?post=30809"}],"version-history":[{"count":1,"href":"https:\/\/www.cidademarketing.com.br\/marketing\/wp-json\/wp\/v2\/posts\/30809\/revisions"}],"predecessor-version":[{"id":30811,"href":"https:\/\/www.cidademarketing.com.br\/marketing\/wp-json\/wp\/v2\/posts\/30809\/revisions\/30811"}],"wp:featuredmedia":[{"embeddable":true,"href":"https:\/\/www.cidademarketing.com.br\/marketing\/wp-json\/wp\/v2\/media\/30810"}],"wp:attachment":[{"href":"https:\/\/www.cidademarketing.com.br\/marketing\/wp-json\/wp\/v2\/media?parent=30809"}],"wp:term":[{"taxonomy":"category","embeddable":true,"href":"https:\/\/www.cidademarketing.com.br\/marketing\/wp-json\/wp\/v2\/categories?post=30809"},{"taxonomy":"post_tag","embeddable":true,"href":"https:\/\/www.cidademarketing.com.br\/marketing\/wp-json\/wp\/v2\/tags?post=30809"}],"curies":[{"name":"wp","href":"https:\/\/api.w.org\/{rel}","templated":true}]}}