{"id":30775,"date":"2021-10-23T18:45:34","date_gmt":"2021-10-23T21:45:34","guid":{"rendered":"https:\/\/www.cidademarketing.com.br\/marketing\/?p=30775"},"modified":"2021-10-23T18:45:36","modified_gmt":"2021-10-23T21:45:36","slug":"qualy-realiza-acao-especial-no-metro-de-salvador","status":"publish","type":"post","link":"https:\/\/www.cidademarketing.com.br\/marketing\/2021\/10\/23\/qualy-realiza-acao-especial-no-metro-de-salvador\/","title":{"rendered":"Qualy realiza a\u00e7\u00e3o especial no metr\u00f4 de Salvador"},"content":{"rendered":"\n<p><\/p><iframe src=\"https:\/\/open.spotify.com\/embed\/show\/4khMKzP3FgFRWVwb73xicc\" width=\"100%\" height=\"232\" frameBorder=\"0\" allowtransparency=\"true\" allow=\"encrypted-media\"><\/iframe>\t\n\n\n\n\n<p>Qualy, a marca mais lembrada no segmento de margarinas e l\u00edder isolada da categoria, traz para as linhas 1 e 2 do metr\u00f4 de Salvador (BA), at\u00e9 dia 13 de novembro, uma campanha para ressaltar ao p\u00fablico que a vida com Qualy \u00e9 mais leve e gostosa. Intitulada de \u201cH\u00e1 30 anos trazendo um Q a mais na sua mesa\u201d, a marca adesivou tr\u00eas trens que circulam pela capital baiana diariamente. A previs\u00e3o \u00e9 impactar mais de 35 milh\u00f5es de pessoas e engaj\u00e1-las a conhecer o portf\u00f3lio de Qualy, que hoje j\u00e1 conta com 13 produtos \u2013 entre margarinas, manteiga, requeij\u00e3o e p\u00e3o de queijo; e, tamb\u00e9m, incentiv\u00e1-las a conferir as mais de 150 receitas exclusivas, dispon\u00edveis no site da marca.\u00a0<\/p>\n\n\n\n<p><\/p>\n\n\n\n<figure class=\"wp-block-gallery columns-3 is-cropped wp-block-gallery-1 is-layout-flex wp-block-gallery-is-layout-flex\"><ul class=\"blocks-gallery-grid\"><li class=\"blocks-gallery-item\"><figure><img fetchpriority=\"high\" decoding=\"async\" width=\"1024\" height=\"473\" src=\"https:\/\/www.cidademarketing.com.br\/marketing\/wp-content\/uploads\/2021\/10\/Qualy-metro-salvador-out21-1-1024x473.jpeg\" alt=\"\" data-id=\"30776\" data-full-url=\"https:\/\/www.cidademarketing.com.br\/marketing\/wp-content\/uploads\/2021\/10\/Qualy-metro-salvador-out21-1.jpeg\" data-link=\"https:\/\/www.cidademarketing.com.br\/marketing\/?attachment_id=30776\" class=\"wp-image-30776\" srcset=\"https:\/\/www.cidademarketing.com.br\/marketing\/wp-content\/uploads\/2021\/10\/Qualy-metro-salvador-out21-1-1024x473.jpeg 1024w, https:\/\/www.cidademarketing.com.br\/marketing\/wp-content\/uploads\/2021\/10\/Qualy-metro-salvador-out21-1-300x139.jpeg 300w, https:\/\/www.cidademarketing.com.br\/marketing\/wp-content\/uploads\/2021\/10\/Qualy-metro-salvador-out21-1-768x355.jpeg 768w, https:\/\/www.cidademarketing.com.br\/marketing\/wp-content\/uploads\/2021\/10\/Qualy-metro-salvador-out21-1-909x420.jpeg 909w, https:\/\/www.cidademarketing.com.br\/marketing\/wp-content\/uploads\/2021\/10\/Qualy-metro-salvador-out21-1-640x296.jpeg 640w, https:\/\/www.cidademarketing.com.br\/marketing\/wp-content\/uploads\/2021\/10\/Qualy-metro-salvador-out21-1-681x314.jpeg 681w, https:\/\/www.cidademarketing.com.br\/marketing\/wp-content\/uploads\/2021\/10\/Qualy-metro-salvador-out21-1.jpeg 1152w\" sizes=\"(max-width: 1024px) 100vw, 1024px\" \/><\/figure><\/li><li class=\"blocks-gallery-item\"><figure><img decoding=\"async\" width=\"1024\" height=\"768\" src=\"https:\/\/www.cidademarketing.com.br\/marketing\/wp-content\/uploads\/2021\/10\/Qualy-metro-salvador-out21-3.jpeg\" alt=\"\" data-id=\"30778\" data-full-url=\"https:\/\/www.cidademarketing.com.br\/marketing\/wp-content\/uploads\/2021\/10\/Qualy-metro-salvador-out21-3.jpeg\" data-link=\"https:\/\/www.cidademarketing.com.br\/marketing\/?attachment_id=30778\" class=\"wp-image-30778\" srcset=\"https:\/\/www.cidademarketing.com.br\/marketing\/wp-content\/uploads\/2021\/10\/Qualy-metro-salvador-out21-3.jpeg 1024w, https:\/\/www.cidademarketing.com.br\/marketing\/wp-content\/uploads\/2021\/10\/Qualy-metro-salvador-out21-3-300x225.jpeg 300w, https:\/\/www.cidademarketing.com.br\/marketing\/wp-content\/uploads\/2021\/10\/Qualy-metro-salvador-out21-3-768x576.jpeg 768w, https:\/\/www.cidademarketing.com.br\/marketing\/wp-content\/uploads\/2021\/10\/Qualy-metro-salvador-out21-3-560x420.jpeg 560w, https:\/\/www.cidademarketing.com.br\/marketing\/wp-content\/uploads\/2021\/10\/Qualy-metro-salvador-out21-3-80x60.jpeg 80w, https:\/\/www.cidademarketing.com.br\/marketing\/wp-content\/uploads\/2021\/10\/Qualy-metro-salvador-out21-3-100x75.jpeg 100w, https:\/\/www.cidademarketing.com.br\/marketing\/wp-content\/uploads\/2021\/10\/Qualy-metro-salvador-out21-3-180x135.jpeg 180w, https:\/\/www.cidademarketing.com.br\/marketing\/wp-content\/uploads\/2021\/10\/Qualy-metro-salvador-out21-3-238x178.jpeg 238w, https:\/\/www.cidademarketing.com.br\/marketing\/wp-content\/uploads\/2021\/10\/Qualy-metro-salvador-out21-3-265x198.jpeg 265w, https:\/\/www.cidademarketing.com.br\/marketing\/wp-content\/uploads\/2021\/10\/Qualy-metro-salvador-out21-3-640x480.jpeg 640w, https:\/\/www.cidademarketing.com.br\/marketing\/wp-content\/uploads\/2021\/10\/Qualy-metro-salvador-out21-3-681x511.jpeg 681w\" sizes=\"(max-width: 1024px) 100vw, 1024px\" \/><\/figure><\/li><li class=\"blocks-gallery-item\"><figure><img decoding=\"async\" width=\"1024\" height=\"768\" src=\"https:\/\/www.cidademarketing.com.br\/marketing\/wp-content\/uploads\/2021\/10\/Qualy-metro-salvador-out21-4.jpeg\" alt=\"\" data-id=\"30779\" data-full-url=\"https:\/\/www.cidademarketing.com.br\/marketing\/wp-content\/uploads\/2021\/10\/Qualy-metro-salvador-out21-4.jpeg\" data-link=\"https:\/\/www.cidademarketing.com.br\/marketing\/?attachment_id=30779\" class=\"wp-image-30779\" srcset=\"https:\/\/www.cidademarketing.com.br\/marketing\/wp-content\/uploads\/2021\/10\/Qualy-metro-salvador-out21-4.jpeg 1024w, https:\/\/www.cidademarketing.com.br\/marketing\/wp-content\/uploads\/2021\/10\/Qualy-metro-salvador-out21-4-300x225.jpeg 300w, https:\/\/www.cidademarketing.com.br\/marketing\/wp-content\/uploads\/2021\/10\/Qualy-metro-salvador-out21-4-768x576.jpeg 768w, https:\/\/www.cidademarketing.com.br\/marketing\/wp-content\/uploads\/2021\/10\/Qualy-metro-salvador-out21-4-560x420.jpeg 560w, https:\/\/www.cidademarketing.com.br\/marketing\/wp-content\/uploads\/2021\/10\/Qualy-metro-salvador-out21-4-80x60.jpeg 80w, https:\/\/www.cidademarketing.com.br\/marketing\/wp-content\/uploads\/2021\/10\/Qualy-metro-salvador-out21-4-100x75.jpeg 100w, https:\/\/www.cidademarketing.com.br\/marketing\/wp-content\/uploads\/2021\/10\/Qualy-metro-salvador-out21-4-180x135.jpeg 180w, https:\/\/www.cidademarketing.com.br\/marketing\/wp-content\/uploads\/2021\/10\/Qualy-metro-salvador-out21-4-238x178.jpeg 238w, https:\/\/www.cidademarketing.com.br\/marketing\/wp-content\/uploads\/2021\/10\/Qualy-metro-salvador-out21-4-265x198.jpeg 265w, https:\/\/www.cidademarketing.com.br\/marketing\/wp-content\/uploads\/2021\/10\/Qualy-metro-salvador-out21-4-640x480.jpeg 640w, https:\/\/www.cidademarketing.com.br\/marketing\/wp-content\/uploads\/2021\/10\/Qualy-metro-salvador-out21-4-681x511.jpeg 681w\" sizes=\"(max-width: 1024px) 100vw, 1024px\" \/><\/figure><\/li><\/ul><\/figure>\n\n\n\n<p><\/p>\n\n\n\n<p>Com um marco pioneiro, em celebra\u00e7\u00e3o \u00e0s suas tr\u00eas d\u00e9cadas, Qualy anunciou, recentemente, uma novidade de sustentabilidade em parceria com a eu<strong>reciclo<\/strong>: a compensa\u00e7\u00e3o de 100% das embalagens de polipropileno que produz, ou seja, a cada pote que vai para a mesa do consumidor, outro \u00e9 reciclado. Al\u00e9m disso, Qualy presenteou as tr\u00eas cidades onde fabrica suas margarinas. Com o mote \u201cVenha fazer parte dessa hist\u00f3ria\u201d, Paranagu\u00e1 (PR), Uberl\u00e2ndia (MG) e Vit\u00f3ria de Santo Ant\u00e3o ganharam interven\u00e7\u00f5es art\u00edsticas que agora s\u00e3o novos pontos tur\u00edsticos. E, ainda, a marca lan\u00e7ou a campanha \u201cCasa Nova Qualy\u201d, que sorteou diariamente diversos vales-compra e, ao final da promo\u00e7\u00e3o, premiou um consumidor com uma casa pr\u00f3pria.<\/p>\n\n\n\n<p><\/p><iframe allow=\"autoplay *; encrypted-media *; fullscreen *\" frameborder=\"0\" height=\"450\" style=\"width:100%;max-width:660px;overflow:hidden;background:transparent;\" sandbox=\"allow-forms allow-popups allow-same-origin allow-scripts allow-storage-access-by-user-activation allow-top-navigation-by-user-activation\" src=\"https:\/\/embed.podcasts.apple.com\/br\/podcast\/podcast-cidademarketing\/id1371923283\"><\/iframe>\n\n","protected":false},"excerpt":{"rendered":"<p>Qualy, a marca mais lembrada no segmento de margarinas e l\u00edder isolada da categoria, traz para as linhas 1 e 2 do metr\u00f4 de Salvador (BA), at\u00e9 dia 13 de novembro, uma campanha para ressaltar ao p\u00fablico que a vida com Qualy \u00e9 mais leve e gostosa. Intitulada de \u201cH\u00e1 30 anos trazendo um Q [&hellip;]<\/p>\n","protected":false},"author":1,"featured_media":30777,"comment_status":"open","ping_status":"open","sticky":false,"template":"","format":"standard","meta":{"tdm_status":"","tdm_grid_status":"","footnotes":""},"categories":[6],"tags":[65,33,28,2759,572],"class_list":["post-30775","post","type-post","status-publish","format-standard","has-post-thumbnail","hentry","category-noticias","tag-campanha","tag-estrategia","tag-marketing","tag-qualy","tag-salvador"],"yoast_head":"<!-- This site is optimized with the Yoast SEO plugin v27.5 - https:\/\/yoast.com\/product\/yoast-seo-wordpress\/ -->\n<title>Qualy realiza a\u00e7\u00e3o especial no metr\u00f4 de Salvador - CidadeMarketing<\/title>\n<meta name=\"robots\" content=\"index, follow, max-snippet:-1, max-image-preview:large, max-video-preview:-1\" \/>\n<link rel=\"canonical\" href=\"https:\/\/www.cidademarketing.com.br\/marketing\/2021\/10\/23\/qualy-realiza-acao-especial-no-metro-de-salvador\/\" \/>\n<meta property=\"og:locale\" content=\"pt_BR\" \/>\n<meta property=\"og:type\" content=\"article\" \/>\n<meta property=\"og:title\" content=\"Qualy realiza a\u00e7\u00e3o especial no metr\u00f4 de Salvador - CidadeMarketing\" \/>\n<meta property=\"og:description\" content=\"Qualy, a marca mais lembrada no segmento de margarinas e l\u00edder isolada da categoria, traz para as linhas 1 e 2 do metr\u00f4 de Salvador (BA), at\u00e9 dia 13 de novembro, uma campanha para ressaltar ao p\u00fablico que a vida com Qualy \u00e9 mais leve e gostosa. Intitulada de \u201cH\u00e1 30 anos trazendo um Q [&hellip;]\" \/>\n<meta property=\"og:url\" content=\"https:\/\/www.cidademarketing.com.br\/marketing\/2021\/10\/23\/qualy-realiza-acao-especial-no-metro-de-salvador\/\" \/>\n<meta property=\"og:site_name\" content=\"CidadeMarketing\" \/>\n<meta property=\"article:publisher\" content=\"https:\/\/www.facebook.com\/portalcidademarketing\" \/>\n<meta property=\"article:author\" content=\"https:\/\/www.facebook.com\/thalesbrandao\" \/>\n<meta property=\"article:published_time\" content=\"2021-10-23T21:45:34+00:00\" \/>\n<meta property=\"article:modified_time\" content=\"2021-10-23T21:45:36+00:00\" \/>\n<meta property=\"og:image\" content=\"https:\/\/www.cidademarketing.com.br\/marketing\/wp-content\/uploads\/2021\/10\/Qualy-metro-salvador-out21-2.jpeg\" \/>\n\t<meta property=\"og:image:width\" content=\"1152\" \/>\n\t<meta property=\"og:image:height\" content=\"532\" \/>\n\t<meta property=\"og:image:type\" content=\"image\/jpeg\" \/>\n<meta name=\"author\" content=\"Thales Brand\u00e3o\" \/>\n<meta name=\"twitter:card\" content=\"summary_large_image\" \/>\n<meta name=\"twitter:creator\" content=\"@http:\/\/www.twitter.com\/thalesbrandao\" \/>\n<meta name=\"twitter:site\" content=\"@CidadeMarketing\" \/>\n<meta name=\"twitter:label1\" content=\"Escrito por\" \/>\n\t<meta name=\"twitter:data1\" content=\"Thales Brand\u00e3o\" \/>\n\t<meta name=\"twitter:label2\" content=\"Est. tempo de leitura\" \/>\n\t<meta name=\"twitter:data2\" content=\"1 minuto\" \/>\n<script type=\"application\/ld+json\" class=\"yoast-schema-graph\">{\"@context\":\"https:\\\/\\\/schema.org\",\"@graph\":[{\"@type\":\"Article\",\"@id\":\"https:\\\/\\\/www.cidademarketing.com.br\\\/marketing\\\/2021\\\/10\\\/23\\\/qualy-realiza-acao-especial-no-metro-de-salvador\\\/#article\",\"isPartOf\":{\"@id\":\"https:\\\/\\\/www.cidademarketing.com.br\\\/marketing\\\/2021\\\/10\\\/23\\\/qualy-realiza-acao-especial-no-metro-de-salvador\\\/\"},\"author\":{\"name\":\"Thales Brand\u00e3o\",\"@id\":\"https:\\\/\\\/www.cidademarketing.com.br\\\/marketing\\\/#\\\/schema\\\/person\\\/02daff9f18bd9378c9e01eb6b2db155f\"},\"headline\":\"Qualy realiza a\u00e7\u00e3o especial no metr\u00f4 de Salvador\",\"datePublished\":\"2021-10-23T21:45:34+00:00\",\"dateModified\":\"2021-10-23T21:45:36+00:00\",\"mainEntityOfPage\":{\"@id\":\"https:\\\/\\\/www.cidademarketing.com.br\\\/marketing\\\/2021\\\/10\\\/23\\\/qualy-realiza-acao-especial-no-metro-de-salvador\\\/\"},\"wordCount\":258,\"commentCount\":0,\"publisher\":{\"@id\":\"https:\\\/\\\/www.cidademarketing.com.br\\\/marketing\\\/#organization\"},\"image\":{\"@id\":\"https:\\\/\\\/www.cidademarketing.com.br\\\/marketing\\\/2021\\\/10\\\/23\\\/qualy-realiza-acao-especial-no-metro-de-salvador\\\/#primaryimage\"},\"thumbnailUrl\":\"https:\\\/\\\/www.cidademarketing.com.br\\\/marketing\\\/wp-content\\\/uploads\\\/2021\\\/10\\\/Qualy-metro-salvador-out21-2.jpeg\",\"keywords\":[\"campanha\",\"estrat\u00e9gia\",\"marketing\",\"Qualy\",\"Salvador\"],\"articleSection\":[\"Not\u00edcias\"],\"inLanguage\":\"pt-BR\",\"potentialAction\":[{\"@type\":\"CommentAction\",\"name\":\"Comment\",\"target\":[\"https:\\\/\\\/www.cidademarketing.com.br\\\/marketing\\\/2021\\\/10\\\/23\\\/qualy-realiza-acao-especial-no-metro-de-salvador\\\/#respond\"]}]},{\"@type\":\"WebPage\",\"@id\":\"https:\\\/\\\/www.cidademarketing.com.br\\\/marketing\\\/2021\\\/10\\\/23\\\/qualy-realiza-acao-especial-no-metro-de-salvador\\\/\",\"url\":\"https:\\\/\\\/www.cidademarketing.com.br\\\/marketing\\\/2021\\\/10\\\/23\\\/qualy-realiza-acao-especial-no-metro-de-salvador\\\/\",\"name\":\"Qualy realiza a\u00e7\u00e3o especial no metr\u00f4 de Salvador - CidadeMarketing\",\"isPartOf\":{\"@id\":\"https:\\\/\\\/www.cidademarketing.com.br\\\/marketing\\\/#website\"},\"primaryImageOfPage\":{\"@id\":\"https:\\\/\\\/www.cidademarketing.com.br\\\/marketing\\\/2021\\\/10\\\/23\\\/qualy-realiza-acao-especial-no-metro-de-salvador\\\/#primaryimage\"},\"image\":{\"@id\":\"https:\\\/\\\/www.cidademarketing.com.br\\\/marketing\\\/2021\\\/10\\\/23\\\/qualy-realiza-acao-especial-no-metro-de-salvador\\\/#primaryimage\"},\"thumbnailUrl\":\"https:\\\/\\\/www.cidademarketing.com.br\\\/marketing\\\/wp-content\\\/uploads\\\/2021\\\/10\\\/Qualy-metro-salvador-out21-2.jpeg\",\"datePublished\":\"2021-10-23T21:45:34+00:00\",\"dateModified\":\"2021-10-23T21:45:36+00:00\",\"breadcrumb\":{\"@id\":\"https:\\\/\\\/www.cidademarketing.com.br\\\/marketing\\\/2021\\\/10\\\/23\\\/qualy-realiza-acao-especial-no-metro-de-salvador\\\/#breadcrumb\"},\"inLanguage\":\"pt-BR\",\"potentialAction\":[{\"@type\":\"ReadAction\",\"target\":[\"https:\\\/\\\/www.cidademarketing.com.br\\\/marketing\\\/2021\\\/10\\\/23\\\/qualy-realiza-acao-especial-no-metro-de-salvador\\\/\"]}]},{\"@type\":\"ImageObject\",\"inLanguage\":\"pt-BR\",\"@id\":\"https:\\\/\\\/www.cidademarketing.com.br\\\/marketing\\\/2021\\\/10\\\/23\\\/qualy-realiza-acao-especial-no-metro-de-salvador\\\/#primaryimage\",\"url\":\"https:\\\/\\\/www.cidademarketing.com.br\\\/marketing\\\/wp-content\\\/uploads\\\/2021\\\/10\\\/Qualy-metro-salvador-out21-2.jpeg\",\"contentUrl\":\"https:\\\/\\\/www.cidademarketing.com.br\\\/marketing\\\/wp-content\\\/uploads\\\/2021\\\/10\\\/Qualy-metro-salvador-out21-2.jpeg\",\"width\":1152,\"height\":532},{\"@type\":\"BreadcrumbList\",\"@id\":\"https:\\\/\\\/www.cidademarketing.com.br\\\/marketing\\\/2021\\\/10\\\/23\\\/qualy-realiza-acao-especial-no-metro-de-salvador\\\/#breadcrumb\",\"itemListElement\":[{\"@type\":\"ListItem\",\"position\":1,\"name\":\"In\u00edcio\",\"item\":\"https:\\\/\\\/www.cidademarketing.com.br\\\/marketing\\\/\"},{\"@type\":\"ListItem\",\"position\":2,\"name\":\"Qualy realiza a\u00e7\u00e3o especial no metr\u00f4 de Salvador\"}]},{\"@type\":\"WebSite\",\"@id\":\"https:\\\/\\\/www.cidademarketing.com.br\\\/marketing\\\/#website\",\"url\":\"https:\\\/\\\/www.cidademarketing.com.br\\\/marketing\\\/\",\"name\":\"CidadeMarketing\",\"description\":\"Somos um ve\u00edculo de comunica\u00e7\u00e3o de destaque no Brasil, reconhecido por conte\u00fados nos segmentos de marketing, empreendedorismo e inova\u00e7\u00e3o.\",\"publisher\":{\"@id\":\"https:\\\/\\\/www.cidademarketing.com.br\\\/marketing\\\/#organization\"},\"alternateName\":\"CidadeMarketing\",\"potentialAction\":[{\"@type\":\"SearchAction\",\"target\":{\"@type\":\"EntryPoint\",\"urlTemplate\":\"https:\\\/\\\/www.cidademarketing.com.br\\\/marketing\\\/?s={search_term_string}\"},\"query-input\":{\"@type\":\"PropertyValueSpecification\",\"valueRequired\":true,\"valueName\":\"search_term_string\"}}],\"inLanguage\":\"pt-BR\"},{\"@type\":\"Organization\",\"@id\":\"https:\\\/\\\/www.cidademarketing.com.br\\\/marketing\\\/#organization\",\"name\":\"CidadeMarketing\",\"alternateName\":\"CidadeMarketing\",\"url\":\"https:\\\/\\\/www.cidademarketing.com.br\\\/marketing\\\/\",\"logo\":{\"@type\":\"ImageObject\",\"inLanguage\":\"pt-BR\",\"@id\":\"https:\\\/\\\/www.cidademarketing.com.br\\\/marketing\\\/#\\\/schema\\\/logo\\\/image\\\/\",\"url\":\"https:\\\/\\\/www.cidademarketing.com.br\\\/marketing\\\/wp-content\\\/uploads\\\/2020\\\/01\\\/cidademarketing_marca_mobile.png\",\"contentUrl\":\"https:\\\/\\\/www.cidademarketing.com.br\\\/marketing\\\/wp-content\\\/uploads\\\/2020\\\/01\\\/cidademarketing_marca_mobile.png\",\"width\":230,\"height\":92,\"caption\":\"CidadeMarketing\"},\"image\":{\"@id\":\"https:\\\/\\\/www.cidademarketing.com.br\\\/marketing\\\/#\\\/schema\\\/logo\\\/image\\\/\"},\"sameAs\":[\"https:\\\/\\\/www.facebook.com\\\/portalcidademarketing\",\"https:\\\/\\\/x.com\\\/CidadeMarketing\",\"https:\\\/\\\/www.instagram.com\\\/cidademarketing\\\/\"]},{\"@type\":\"Person\",\"@id\":\"https:\\\/\\\/www.cidademarketing.com.br\\\/marketing\\\/#\\\/schema\\\/person\\\/02daff9f18bd9378c9e01eb6b2db155f\",\"name\":\"Thales Brand\u00e3o\",\"image\":{\"@type\":\"ImageObject\",\"inLanguage\":\"pt-BR\",\"@id\":\"https:\\\/\\\/secure.gravatar.com\\\/avatar\\\/7ca3206950207cc3cb48feec56a8a7898741ab725c368d99d5d7a5a50aab80c6?s=96&d=mm&r=g\",\"url\":\"https:\\\/\\\/secure.gravatar.com\\\/avatar\\\/7ca3206950207cc3cb48feec56a8a7898741ab725c368d99d5d7a5a50aab80c6?s=96&d=mm&r=g\",\"contentUrl\":\"https:\\\/\\\/secure.gravatar.com\\\/avatar\\\/7ca3206950207cc3cb48feec56a8a7898741ab725c368d99d5d7a5a50aab80c6?s=96&d=mm&r=g\",\"caption\":\"Thales Brand\u00e3o\"},\"description\":\"Editor Executivo do Portal CidadeMarketing.com.br &gt; Mestre em Comunica\u00e7\u00e3o e Sociedade pela Universidade Federal de Sergipe. Possui MBA Executivo em Administra\u00e7\u00e3o com \u00eanfase em Marketing pela Funda\u00e7\u00e3o Get\u00falio Vargas - Rio de Janeiro. Consultor, Palestrante e Pesquisador sobre Empreendedorismo, Marketing, Redes Sociais e Neg\u00f3cios Digitais. Professor, Palestrante TedxTalks e Campus Party. Twitter: @ThalesBrandao\",\"sameAs\":[\"http:\\\/\\\/www.mandacaru.com.br\",\"https:\\\/\\\/www.facebook.com\\\/thalesbrandao\",\"http:\\\/\\\/www.instagram.com.br\\\/thalesbrandaoferreira\",\"https:\\\/\\\/www.linkedin.com\\\/in\\\/thales-brand\u00e3o-3948609\\\/\",\"https:\\\/\\\/x.com\\\/http:\\\/\\\/www.twitter.com\\\/thalesbrandao\"],\"url\":\"https:\\\/\\\/www.cidademarketing.com.br\\\/marketing\\\/author\\\/thalesbrandao\\\/\"}]}<\/script>\n<!-- \/ Yoast SEO plugin. -->","yoast_head_json":{"title":"Qualy realiza a\u00e7\u00e3o especial no metr\u00f4 de Salvador - CidadeMarketing","robots":{"index":"index","follow":"follow","max-snippet":"max-snippet:-1","max-image-preview":"max-image-preview:large","max-video-preview":"max-video-preview:-1"},"canonical":"https:\/\/www.cidademarketing.com.br\/marketing\/2021\/10\/23\/qualy-realiza-acao-especial-no-metro-de-salvador\/","og_locale":"pt_BR","og_type":"article","og_title":"Qualy realiza a\u00e7\u00e3o especial no metr\u00f4 de Salvador - CidadeMarketing","og_description":"Qualy, a marca mais lembrada no segmento de margarinas e l\u00edder isolada da categoria, traz para as linhas 1 e 2 do metr\u00f4 de Salvador (BA), at\u00e9 dia 13 de novembro, uma campanha para ressaltar ao p\u00fablico que a vida com Qualy \u00e9 mais leve e gostosa. Intitulada de \u201cH\u00e1 30 anos trazendo um Q [&hellip;]","og_url":"https:\/\/www.cidademarketing.com.br\/marketing\/2021\/10\/23\/qualy-realiza-acao-especial-no-metro-de-salvador\/","og_site_name":"CidadeMarketing","article_publisher":"https:\/\/www.facebook.com\/portalcidademarketing","article_author":"https:\/\/www.facebook.com\/thalesbrandao","article_published_time":"2021-10-23T21:45:34+00:00","article_modified_time":"2021-10-23T21:45:36+00:00","og_image":[{"width":1152,"height":532,"url":"https:\/\/www.cidademarketing.com.br\/marketing\/wp-content\/uploads\/2021\/10\/Qualy-metro-salvador-out21-2.jpeg","type":"image\/jpeg"}],"author":"Thales Brand\u00e3o","twitter_card":"summary_large_image","twitter_creator":"@http:\/\/www.twitter.com\/thalesbrandao","twitter_site":"@CidadeMarketing","twitter_misc":{"Escrito por":"Thales Brand\u00e3o","Est. tempo de leitura":"1 minuto"},"schema":{"@context":"https:\/\/schema.org","@graph":[{"@type":"Article","@id":"https:\/\/www.cidademarketing.com.br\/marketing\/2021\/10\/23\/qualy-realiza-acao-especial-no-metro-de-salvador\/#article","isPartOf":{"@id":"https:\/\/www.cidademarketing.com.br\/marketing\/2021\/10\/23\/qualy-realiza-acao-especial-no-metro-de-salvador\/"},"author":{"name":"Thales Brand\u00e3o","@id":"https:\/\/www.cidademarketing.com.br\/marketing\/#\/schema\/person\/02daff9f18bd9378c9e01eb6b2db155f"},"headline":"Qualy realiza a\u00e7\u00e3o especial no metr\u00f4 de Salvador","datePublished":"2021-10-23T21:45:34+00:00","dateModified":"2021-10-23T21:45:36+00:00","mainEntityOfPage":{"@id":"https:\/\/www.cidademarketing.com.br\/marketing\/2021\/10\/23\/qualy-realiza-acao-especial-no-metro-de-salvador\/"},"wordCount":258,"commentCount":0,"publisher":{"@id":"https:\/\/www.cidademarketing.com.br\/marketing\/#organization"},"image":{"@id":"https:\/\/www.cidademarketing.com.br\/marketing\/2021\/10\/23\/qualy-realiza-acao-especial-no-metro-de-salvador\/#primaryimage"},"thumbnailUrl":"https:\/\/www.cidademarketing.com.br\/marketing\/wp-content\/uploads\/2021\/10\/Qualy-metro-salvador-out21-2.jpeg","keywords":["campanha","estrat\u00e9gia","marketing","Qualy","Salvador"],"articleSection":["Not\u00edcias"],"inLanguage":"pt-BR","potentialAction":[{"@type":"CommentAction","name":"Comment","target":["https:\/\/www.cidademarketing.com.br\/marketing\/2021\/10\/23\/qualy-realiza-acao-especial-no-metro-de-salvador\/#respond"]}]},{"@type":"WebPage","@id":"https:\/\/www.cidademarketing.com.br\/marketing\/2021\/10\/23\/qualy-realiza-acao-especial-no-metro-de-salvador\/","url":"https:\/\/www.cidademarketing.com.br\/marketing\/2021\/10\/23\/qualy-realiza-acao-especial-no-metro-de-salvador\/","name":"Qualy realiza a\u00e7\u00e3o especial no metr\u00f4 de Salvador - CidadeMarketing","isPartOf":{"@id":"https:\/\/www.cidademarketing.com.br\/marketing\/#website"},"primaryImageOfPage":{"@id":"https:\/\/www.cidademarketing.com.br\/marketing\/2021\/10\/23\/qualy-realiza-acao-especial-no-metro-de-salvador\/#primaryimage"},"image":{"@id":"https:\/\/www.cidademarketing.com.br\/marketing\/2021\/10\/23\/qualy-realiza-acao-especial-no-metro-de-salvador\/#primaryimage"},"thumbnailUrl":"https:\/\/www.cidademarketing.com.br\/marketing\/wp-content\/uploads\/2021\/10\/Qualy-metro-salvador-out21-2.jpeg","datePublished":"2021-10-23T21:45:34+00:00","dateModified":"2021-10-23T21:45:36+00:00","breadcrumb":{"@id":"https:\/\/www.cidademarketing.com.br\/marketing\/2021\/10\/23\/qualy-realiza-acao-especial-no-metro-de-salvador\/#breadcrumb"},"inLanguage":"pt-BR","potentialAction":[{"@type":"ReadAction","target":["https:\/\/www.cidademarketing.com.br\/marketing\/2021\/10\/23\/qualy-realiza-acao-especial-no-metro-de-salvador\/"]}]},{"@type":"ImageObject","inLanguage":"pt-BR","@id":"https:\/\/www.cidademarketing.com.br\/marketing\/2021\/10\/23\/qualy-realiza-acao-especial-no-metro-de-salvador\/#primaryimage","url":"https:\/\/www.cidademarketing.com.br\/marketing\/wp-content\/uploads\/2021\/10\/Qualy-metro-salvador-out21-2.jpeg","contentUrl":"https:\/\/www.cidademarketing.com.br\/marketing\/wp-content\/uploads\/2021\/10\/Qualy-metro-salvador-out21-2.jpeg","width":1152,"height":532},{"@type":"BreadcrumbList","@id":"https:\/\/www.cidademarketing.com.br\/marketing\/2021\/10\/23\/qualy-realiza-acao-especial-no-metro-de-salvador\/#breadcrumb","itemListElement":[{"@type":"ListItem","position":1,"name":"In\u00edcio","item":"https:\/\/www.cidademarketing.com.br\/marketing\/"},{"@type":"ListItem","position":2,"name":"Qualy realiza a\u00e7\u00e3o especial no metr\u00f4 de Salvador"}]},{"@type":"WebSite","@id":"https:\/\/www.cidademarketing.com.br\/marketing\/#website","url":"https:\/\/www.cidademarketing.com.br\/marketing\/","name":"CidadeMarketing","description":"Somos um ve\u00edculo de comunica\u00e7\u00e3o de destaque no Brasil, reconhecido por conte\u00fados nos segmentos de marketing, empreendedorismo e inova\u00e7\u00e3o.","publisher":{"@id":"https:\/\/www.cidademarketing.com.br\/marketing\/#organization"},"alternateName":"CidadeMarketing","potentialAction":[{"@type":"SearchAction","target":{"@type":"EntryPoint","urlTemplate":"https:\/\/www.cidademarketing.com.br\/marketing\/?s={search_term_string}"},"query-input":{"@type":"PropertyValueSpecification","valueRequired":true,"valueName":"search_term_string"}}],"inLanguage":"pt-BR"},{"@type":"Organization","@id":"https:\/\/www.cidademarketing.com.br\/marketing\/#organization","name":"CidadeMarketing","alternateName":"CidadeMarketing","url":"https:\/\/www.cidademarketing.com.br\/marketing\/","logo":{"@type":"ImageObject","inLanguage":"pt-BR","@id":"https:\/\/www.cidademarketing.com.br\/marketing\/#\/schema\/logo\/image\/","url":"https:\/\/www.cidademarketing.com.br\/marketing\/wp-content\/uploads\/2020\/01\/cidademarketing_marca_mobile.png","contentUrl":"https:\/\/www.cidademarketing.com.br\/marketing\/wp-content\/uploads\/2020\/01\/cidademarketing_marca_mobile.png","width":230,"height":92,"caption":"CidadeMarketing"},"image":{"@id":"https:\/\/www.cidademarketing.com.br\/marketing\/#\/schema\/logo\/image\/"},"sameAs":["https:\/\/www.facebook.com\/portalcidademarketing","https:\/\/x.com\/CidadeMarketing","https:\/\/www.instagram.com\/cidademarketing\/"]},{"@type":"Person","@id":"https:\/\/www.cidademarketing.com.br\/marketing\/#\/schema\/person\/02daff9f18bd9378c9e01eb6b2db155f","name":"Thales Brand\u00e3o","image":{"@type":"ImageObject","inLanguage":"pt-BR","@id":"https:\/\/secure.gravatar.com\/avatar\/7ca3206950207cc3cb48feec56a8a7898741ab725c368d99d5d7a5a50aab80c6?s=96&d=mm&r=g","url":"https:\/\/secure.gravatar.com\/avatar\/7ca3206950207cc3cb48feec56a8a7898741ab725c368d99d5d7a5a50aab80c6?s=96&d=mm&r=g","contentUrl":"https:\/\/secure.gravatar.com\/avatar\/7ca3206950207cc3cb48feec56a8a7898741ab725c368d99d5d7a5a50aab80c6?s=96&d=mm&r=g","caption":"Thales Brand\u00e3o"},"description":"Editor Executivo do Portal CidadeMarketing.com.br &gt; Mestre em Comunica\u00e7\u00e3o e Sociedade pela Universidade Federal de Sergipe. Possui MBA Executivo em Administra\u00e7\u00e3o com \u00eanfase em Marketing pela Funda\u00e7\u00e3o Get\u00falio Vargas - Rio de Janeiro. Consultor, Palestrante e Pesquisador sobre Empreendedorismo, Marketing, Redes Sociais e Neg\u00f3cios Digitais. Professor, Palestrante TedxTalks e Campus Party. Twitter: @ThalesBrandao","sameAs":["http:\/\/www.mandacaru.com.br","https:\/\/www.facebook.com\/thalesbrandao","http:\/\/www.instagram.com.br\/thalesbrandaoferreira","https:\/\/www.linkedin.com\/in\/thales-brand\u00e3o-3948609\/","https:\/\/x.com\/http:\/\/www.twitter.com\/thalesbrandao"],"url":"https:\/\/www.cidademarketing.com.br\/marketing\/author\/thalesbrandao\/"}]}},"amp_enabled":true,"_links":{"self":[{"href":"https:\/\/www.cidademarketing.com.br\/marketing\/wp-json\/wp\/v2\/posts\/30775","targetHints":{"allow":["GET"]}}],"collection":[{"href":"https:\/\/www.cidademarketing.com.br\/marketing\/wp-json\/wp\/v2\/posts"}],"about":[{"href":"https:\/\/www.cidademarketing.com.br\/marketing\/wp-json\/wp\/v2\/types\/post"}],"author":[{"embeddable":true,"href":"https:\/\/www.cidademarketing.com.br\/marketing\/wp-json\/wp\/v2\/users\/1"}],"replies":[{"embeddable":true,"href":"https:\/\/www.cidademarketing.com.br\/marketing\/wp-json\/wp\/v2\/comments?post=30775"}],"version-history":[{"count":1,"href":"https:\/\/www.cidademarketing.com.br\/marketing\/wp-json\/wp\/v2\/posts\/30775\/revisions"}],"predecessor-version":[{"id":30780,"href":"https:\/\/www.cidademarketing.com.br\/marketing\/wp-json\/wp\/v2\/posts\/30775\/revisions\/30780"}],"wp:featuredmedia":[{"embeddable":true,"href":"https:\/\/www.cidademarketing.com.br\/marketing\/wp-json\/wp\/v2\/media\/30777"}],"wp:attachment":[{"href":"https:\/\/www.cidademarketing.com.br\/marketing\/wp-json\/wp\/v2\/media?parent=30775"}],"wp:term":[{"taxonomy":"category","embeddable":true,"href":"https:\/\/www.cidademarketing.com.br\/marketing\/wp-json\/wp\/v2\/categories?post=30775"},{"taxonomy":"post_tag","embeddable":true,"href":"https:\/\/www.cidademarketing.com.br\/marketing\/wp-json\/wp\/v2\/tags?post=30775"}],"curies":[{"name":"wp","href":"https:\/\/api.w.org\/{rel}","templated":true}]}}